    {"id":1378,"date":"2017-09-03T17:30:08","date_gmt":"2017-09-03T20:30:08","guid":{"rendered":"https:\/\/gersonguelmann.com.br\/blog\/?p=1378"},"modified":"2017-09-03T14:07:09","modified_gmt":"2017-09-03T17:07:09","slug":"quando-falta-de-educacao-aumenta-tragedia","status":"publish","type":"post","link":"https:\/\/gersonguelmann.com.br\/blog\/quando-falta-de-educacao-aumenta-tragedia\/","title":{"rendered":"Quando a (falta de) educa\u00e7\u00e3o aumenta a trag\u00e9dia"},"content":{"rendered":"<p><span style=\"font-family: tahoma, arial, helvetica, sans-serif; font-size: 14pt; color: #000000;\">O mundo assistiu nos \u00faltimos dias a ocorr\u00eancia e viu os resultados do fen\u00f4meno clim\u00e1tico que atingiu os Estados Unidos. <\/span><\/p>\n<p><span style=\"font-family: tahoma, arial, helvetica, sans-serif; font-size: 14pt; color: #000000;\">A tempestade <em>Harvey<\/em> deixou 46 mortes e certamente teria causado muitas mais se o pa\u00eds atingido n\u00e3o tivesse estrutura de atendimento e especialmente de preven\u00e7\u00e3o.\u00a0<\/span><\/p>\n<p><span style=\"font-family: tahoma, arial, helvetica, sans-serif; font-size: 14pt; color: #000000;\">Nesse aspecto recebi h\u00e1 pouco uma imagem que compartilho e que mostra como a quest\u00e3o da educa\u00e7\u00e3o impacta diretamente nesse tipo de acontecimento.\u00a0<\/span><\/p>\n<p><span style=\"font-family: tahoma, arial, helvetica, sans-serif; font-size: 14pt; color: #000000;\">Na montagem, a foto de cima foi tirada no <em>Texas<\/em>, durante a opera\u00e7\u00e3o de socorro e resgate \u00e0s v\u00edtimas. <strong>Observe a limpeza das \u00e1guas<\/strong>.<\/span><\/p>\n<p><span style=\"font-family: tahoma, arial, helvetica, sans-serif; font-size: 14pt; color: #000000;\">A foto de baixo \u00e9 de enchente em <em>Manaus<\/em> em 2012, na regi\u00e3o dos Igarap\u00e9s que cercam a cidade. <strong>Repare no volume de lixo! <\/strong><\/span><\/p>\n<p><span style=\"font-family: tahoma, arial, helvetica, sans-serif; font-size: 14pt; color: #000000;\">H\u00e1 consenso de que a degrada\u00e7\u00e3o do ecossistema ocasiona os danos e preju\u00edzos que a popula\u00e7\u00e3o sofre, sem esquecer, \u00e9 \u00f3bvio que ela mesma \u00e9 respons\u00e1vel pela situa\u00e7\u00e3o. Mat\u00e9ria do <em>G1<\/em> diz que nos primeiros quatro meses de 2017 quase 120 mil toneladas de lixo\u00a0foram retiradas de rios, c\u00f3rregos, lagos e igarap\u00e9s de <em>Manaus<\/em>. <\/span><\/p>\n<p><span style=\"font-family: tahoma, arial, helvetica, sans-serif; font-size: 14pt; color: #000000;\">A\u00ed volto a insistir numa tese: a cidade que recebeu a <em>Arena da Amaz\u00f4nia<\/em>, aquela excresc\u00eancia que custou R$ 669,5 milh\u00f5es e derrete R$ 700 mil mensais para manuten\u00e7\u00e3o, n\u00e3o teria outras prioridades?<\/span><\/p>\n<p style=\"text-align: center;\"><img data-recalc-dims=\"1\" fetchpriority=\"high\" decoding=\"async\" data-attachment-id=\"1380\" data-permalink=\"https:\/\/gersonguelmann.com.br\/blog\/quando-falta-de-educacao-aumenta-tragedia\/enchente\/\" data-orig-file=\"https:\/\/i0.wp.com\/gersonguelmann.com.br\/blog\/wp-content\/uploads\/2017\/09\/Enchente.jpg?fit=1080%2C1080&amp;ssl=1\" data-orig-size=\"1080,1080\" data-comments-opened=\"1\" data-image-meta=\"{&quot;aperture&quot;:&quot;0&quot;,&quot;credit&quot;:&quot;&quot;,&quot;camera&quot;:&quot;&quot;,&quot;caption&quot;:&quot;&quot;,&quot;created_timestamp&quot;:&quot;0&quot;,&quot;copyright&quot;:&quot;&quot;,&quot;focal_length&quot;:&quot;0&quot;,&quot;iso&quot;:&quot;0&quot;,&quot;shutter_speed&quot;:&quot;0&quot;,&quot;title&quot;:&quot;&quot;,&quot;orientation&quot;:&quot;0&quot;}\" data-image-title=\"Enchente\" data-image-description=\"\" data-image-caption=\"\" data-medium-file=\"https:\/\/i0.wp.com\/gersonguelmann.com.br\/blog\/wp-content\/uploads\/2017\/09\/Enchente.jpg?fit=300%2C300&amp;ssl=1\" data-large-file=\"https:\/\/i0.wp.com\/gersonguelmann.com.br\/blog\/wp-content\/uploads\/2017\/09\/Enchente.jpg?fit=640%2C640&amp;ssl=1\" class=\"alignnone size-medium wp-image-1380\" src=\"https:\/\/i0.wp.com\/gersonguelmann.com.br\/blog\/wp-content\/uploads\/2017\/09\/Enchente.jpg?resize=300%2C300&#038;ssl=1\" alt=\"\" width=\"300\" height=\"300\" srcset=\"https:\/\/i0.wp.com\/gersonguelmann.com.br\/blog\/wp-content\/uploads\/2017\/09\/Enchente.jpg?resize=300%2C300&amp;ssl=1 300w, https:\/\/i0.wp.com\/gersonguelmann.com.br\/blog\/wp-content\/uploads\/2017\/09\/Enchente.jpg?resize=150%2C150&amp;ssl=1 150w, https:\/\/i0.wp.com\/gersonguelmann.com.br\/blog\/wp-content\/uploads\/2017\/09\/Enchente.jpg?resize=768%2C768&amp;ssl=1 768w, https:\/\/i0.wp.com\/gersonguelmann.com.br\/blog\/wp-content\/uploads\/2017\/09\/Enchente.jpg?resize=1024%2C1024&amp;ssl=1 1024w, https:\/\/i0.wp.com\/gersonguelmann.com.br\/blog\/wp-content\/uploads\/2017\/09\/Enchente.jpg?resize=70%2C70&amp;ssl=1 70w, https:\/\/i0.wp.com\/gersonguelmann.com.br\/blog\/wp-content\/uploads\/2017\/09\/Enchente.jpg?resize=127%2C127&amp;ssl=1 127w, https:\/\/i0.wp.com\/gersonguelmann.com.br\/blog\/wp-content\/uploads\/2017\/09\/Enchente.jpg?resize=476%2C476&amp;ssl=1 476w, https:\/\/i0.wp.com\/gersonguelmann.com.br\/blog\/wp-content\/uploads\/2017\/09\/Enchente.jpg?resize=125%2C125&amp;ssl=1 125w, https:\/\/i0.wp.com\/gersonguelmann.com.br\/blog\/wp-content\/uploads\/2017\/09\/Enchente.jpg?w=1080&amp;ssl=1 1080w\" sizes=\"(max-width: 300px) 100vw, 300px\" \/><\/p>\n","protected":false},"excerpt":{"rendered":"<p>O mundo assistiu nos \u00faltimos dias a ocorr\u00eancia e viu os resultados do fen\u00f4meno clim\u00e1tico que atingiu os Estados Unidos. A tempestade Harvey deixou 46 mortes e certamente teria causado muitas mais se o pa\u00eds atingido n\u00e3o tivesse estrutura de atendimento e especialmente de preven\u00e7\u00e3o.\u00a0 Nesse aspecto recebi h\u00e1 pouco uma imagem que compartilho e [&hellip;]<\/p>\n","protected":false},"author":5,"featured_media":1380,"comment_status":"open","ping_status":"open","sticky":false,"template":"","format":"standard","meta":{"_acf_changed":false,"jetpack_post_was_ever_published":false,"_jetpack_newsletter_access":"","_jetpack_dont_email_post_to_subs":false,"_jetpack_newsletter_tier_id":0,"_jetpack_memberships_contains_paywalled_content":false,"_jetpack_memberships_contains_paid_content":false,"footnotes":"","jetpack_publicize_message":"","jetpack_publicize_feature_enabled":true,"jetpack_social_post_already_shared":true,"jetpack_social_options":{"image_generator_settings":{"template":"highway","default_image_id":0,"font":"","enabled":false},"version":2}},"categories":[1],"tags":[],"class_list":["post-1378","post","type-post","status-publish","format-standard","has-post-thumbnail","hentry","category-sem-categoria"],"acf":[],"yoast_head":"<!-- This site is optimized with the Yoast SEO plugin v27.3 - https:\/\/yoast.com\/product\/yoast-seo-wordpress\/ -->\n<title>Quando a (falta de) educa\u00e7\u00e3o aumenta a trag\u00e9dia | Blog do Guelmann<\/title>\n<meta name=\"robots\" content=\"index, follow, max-snippet:-1, max-image-preview:large, max-video-preview:-1\" \/>\n<link rel=\"canonical\" href=\"https:\/\/gersonguelmann.com.br\/blog\/quando-falta-de-educacao-aumenta-tragedia\/\" \/>\n<meta property=\"og:locale\" content=\"pt_BR\" \/>\n<meta property=\"og:type\" content=\"article\" \/>\n<meta property=\"og:title\" content=\"Quando a (falta de) educa\u00e7\u00e3o aumenta a trag\u00e9dia | Blog do Guelmann\" \/>\n<meta property=\"og:description\" content=\"O mundo assistiu nos \u00faltimos dias a ocorr\u00eancia e viu os resultados do fen\u00f4meno clim\u00e1tico que atingiu os Estados Unidos. A tempestade Harvey deixou 46 mortes e certamente teria causado muitas mais se o pa\u00eds atingido n\u00e3o tivesse estrutura de atendimento e especialmente de preven\u00e7\u00e3o.\u00a0 Nesse aspecto recebi h\u00e1 pouco uma imagem que compartilho e [&hellip;]\" \/>\n<meta property=\"og:url\" content=\"https:\/\/gersonguelmann.com.br\/blog\/quando-falta-de-educacao-aumenta-tragedia\/\" \/>\n<meta property=\"og:site_name\" content=\"Blog do Guelmann\" \/>\n<meta property=\"article:published_time\" content=\"2017-09-03T20:30:08+00:00\" \/>\n<meta property=\"og:image\" content=\"https:\/\/i0.wp.com\/gersonguelmann.com.br\/blog\/wp-content\/uploads\/2017\/09\/Enchente.jpg?fit=1080%2C1080&ssl=1\" \/>\n\t<meta property=\"og:image:width\" content=\"1080\" \/>\n\t<meta property=\"og:image:height\" content=\"1080\" \/>\n\t<meta property=\"og:image:type\" content=\"image\/jpeg\" \/>\n<meta name=\"author\" content=\"Gerson Guelmann\" \/>\n<meta name=\"twitter:card\" content=\"summary_large_image\" \/>\n<meta name=\"twitter:label1\" content=\"Escrito por\" \/>\n\t<meta name=\"twitter:data1\" content=\"Gerson Guelmann\" \/>\n\t<meta name=\"twitter:label2\" content=\"Est. tempo de leitura\" \/>\n\t<meta name=\"twitter:data2\" content=\"1 minuto\" \/>\n<script type=\"application\/ld+json\" class=\"yoast-schema-graph\">{\"@context\":\"https:\\\/\\\/schema.org\",\"@graph\":[{\"@type\":\"Article\",\"@id\":\"https:\\\/\\\/gersonguelmann.com.br\\\/blog\\\/quando-falta-de-educacao-aumenta-tragedia\\\/#article\",\"isPartOf\":{\"@id\":\"https:\\\/\\\/gersonguelmann.com.br\\\/blog\\\/quando-falta-de-educacao-aumenta-tragedia\\\/\"},\"author\":{\"name\":\"Gerson Guelmann\",\"@id\":\"https:\\\/\\\/gersonguelmann.com.br\\\/blog\\\/#\\\/schema\\\/person\\\/87e70e2a786888082f941a482c90569e\"},\"headline\":\"Quando a (falta de) educa\u00e7\u00e3o aumenta a trag\u00e9dia\",\"datePublished\":\"2017-09-03T20:30:08+00:00\",\"mainEntityOfPage\":{\"@id\":\"https:\\\/\\\/gersonguelmann.com.br\\\/blog\\\/quando-falta-de-educacao-aumenta-tragedia\\\/\"},\"wordCount\":230,\"commentCount\":1,\"image\":{\"@id\":\"https:\\\/\\\/gersonguelmann.com.br\\\/blog\\\/quando-falta-de-educacao-aumenta-tragedia\\\/#primaryimage\"},\"thumbnailUrl\":\"https:\\\/\\\/i0.wp.com\\\/gersonguelmann.com.br\\\/blog\\\/wp-content\\\/uploads\\\/2017\\\/09\\\/Enchente.jpg?fit=1080%2C1080&ssl=1\",\"inLanguage\":\"pt-BR\",\"potentialAction\":[{\"@type\":\"CommentAction\",\"name\":\"Comment\",\"target\":[\"https:\\\/\\\/gersonguelmann.com.br\\\/blog\\\/quando-falta-de-educacao-aumenta-tragedia\\\/#respond\"]}]},{\"@type\":\"WebPage\",\"@id\":\"https:\\\/\\\/gersonguelmann.com.br\\\/blog\\\/quando-falta-de-educacao-aumenta-tragedia\\\/\",\"url\":\"https:\\\/\\\/gersonguelmann.com.br\\\/blog\\\/quando-falta-de-educacao-aumenta-tragedia\\\/\",\"name\":\"Quando a (falta de) educa\u00e7\u00e3o aumenta a trag\u00e9dia | Blog do Guelmann\",\"isPartOf\":{\"@id\":\"https:\\\/\\\/gersonguelmann.com.br\\\/blog\\\/#website\"},\"primaryImageOfPage\":{\"@id\":\"https:\\\/\\\/gersonguelmann.com.br\\\/blog\\\/quando-falta-de-educacao-aumenta-tragedia\\\/#primaryimage\"},\"image\":{\"@id\":\"https:\\\/\\\/gersonguelmann.com.br\\\/blog\\\/quando-falta-de-educacao-aumenta-tragedia\\\/#primaryimage\"},\"thumbnailUrl\":\"https:\\\/\\\/i0.wp.com\\\/gersonguelmann.com.br\\\/blog\\\/wp-content\\\/uploads\\\/2017\\\/09\\\/Enchente.jpg?fit=1080%2C1080&ssl=1\",\"datePublished\":\"2017-09-03T20:30:08+00:00\",\"author\":{\"@id\":\"https:\\\/\\\/gersonguelmann.com.br\\\/blog\\\/#\\\/schema\\\/person\\\/87e70e2a786888082f941a482c90569e\"},\"inLanguage\":\"pt-BR\",\"potentialAction\":[{\"@type\":\"ReadAction\",\"target\":[\"https:\\\/\\\/gersonguelmann.com.br\\\/blog\\\/quando-falta-de-educacao-aumenta-tragedia\\\/\"]}]},{\"@type\":\"ImageObject\",\"inLanguage\":\"pt-BR\",\"@id\":\"https:\\\/\\\/gersonguelmann.com.br\\\/blog\\\/quando-falta-de-educacao-aumenta-tragedia\\\/#primaryimage\",\"url\":\"https:\\\/\\\/i0.wp.com\\\/gersonguelmann.com.br\\\/blog\\\/wp-content\\\/uploads\\\/2017\\\/09\\\/Enchente.jpg?fit=1080%2C1080&ssl=1\",\"contentUrl\":\"https:\\\/\\\/i0.wp.com\\\/gersonguelmann.com.br\\\/blog\\\/wp-content\\\/uploads\\\/2017\\\/09\\\/Enchente.jpg?fit=1080%2C1080&ssl=1\",\"width\":1080,\"height\":1080},{\"@type\":\"WebSite\",\"@id\":\"https:\\\/\\\/gersonguelmann.com.br\\\/blog\\\/#website\",\"url\":\"https:\\\/\\\/gersonguelmann.com.br\\\/blog\\\/\",\"name\":\"Blog do Guelmann\",\"description\":\"Pitadas da sabedoria e do humor judaicos, assuntos do momento e um pouco das hist\u00f3rias que vivi e testemunhei.\",\"potentialAction\":[{\"@type\":\"SearchAction\",\"target\":{\"@type\":\"EntryPoint\",\"urlTemplate\":\"https:\\\/\\\/gersonguelmann.com.br\\\/blog\\\/?s={search_term_string}\"},\"query-input\":{\"@type\":\"PropertyValueSpecification\",\"valueRequired\":true,\"valueName\":\"search_term_string\"}}],\"inLanguage\":\"pt-BR\"},{\"@type\":\"Person\",\"@id\":\"https:\\\/\\\/gersonguelmann.com.br\\\/blog\\\/#\\\/schema\\\/person\\\/87e70e2a786888082f941a482c90569e\",\"name\":\"Gerson Guelmann\",\"image\":{\"@type\":\"ImageObject\",\"inLanguage\":\"pt-BR\",\"@id\":\"https:\\\/\\\/i0.wp.com\\\/gersonguelmann.com.br\\\/blog\\\/wp-content\\\/uploads\\\/2021\\\/08\\\/BLOG.jpeg?fit=96%2C96&ssl=1\",\"url\":\"https:\\\/\\\/i0.wp.com\\\/gersonguelmann.com.br\\\/blog\\\/wp-content\\\/uploads\\\/2021\\\/08\\\/BLOG.jpeg?fit=96%2C96&ssl=1\",\"contentUrl\":\"https:\\\/\\\/i0.wp.com\\\/gersonguelmann.com.br\\\/blog\\\/wp-content\\\/uploads\\\/2021\\\/08\\\/BLOG.jpeg?fit=96%2C96&ssl=1\",\"caption\":\"Gerson Guelmann\"},\"description\":\"Pitadas da sabedoria e do humor judaicos, assuntos do momento e um pouco das hist\u00f3rias que vivi e testemunhei.\"}]}<\/script>\n<!-- \/ Yoast SEO plugin. -->","yoast_head_json":{"title":"Quando a (falta de) educa\u00e7\u00e3o aumenta a trag\u00e9dia | Blog do Guelmann","robots":{"index":"index","follow":"follow","max-snippet":"max-snippet:-1","max-image-preview":"max-image-preview:large","max-video-preview":"max-video-preview:-1"},"canonical":"https:\/\/gersonguelmann.com.br\/blog\/quando-falta-de-educacao-aumenta-tragedia\/","og_locale":"pt_BR","og_type":"article","og_title":"Quando a (falta de) educa\u00e7\u00e3o aumenta a trag\u00e9dia | Blog do Guelmann","og_description":"O mundo assistiu nos \u00faltimos dias a ocorr\u00eancia e viu os resultados do fen\u00f4meno clim\u00e1tico que atingiu os Estados Unidos. A tempestade Harvey deixou 46 mortes e certamente teria causado muitas mais se o pa\u00eds atingido n\u00e3o tivesse estrutura de atendimento e especialmente de preven\u00e7\u00e3o.\u00a0 Nesse aspecto recebi h\u00e1 pouco uma imagem que compartilho e [&hellip;]","og_url":"https:\/\/gersonguelmann.com.br\/blog\/quando-falta-de-educacao-aumenta-tragedia\/","og_site_name":"Blog do Guelmann","article_published_time":"2017-09-03T20:30:08+00:00","og_image":[{"width":1080,"height":1080,"url":"https:\/\/i0.wp.com\/gersonguelmann.com.br\/blog\/wp-content\/uploads\/2017\/09\/Enchente.jpg?fit=1080%2C1080&ssl=1","type":"image\/jpeg"}],"author":"Gerson Guelmann","twitter_card":"summary_large_image","twitter_misc":{"Escrito por":"Gerson Guelmann","Est. tempo de leitura":"1 minuto"},"schema":{"@context":"https:\/\/schema.org","@graph":[{"@type":"Article","@id":"https:\/\/gersonguelmann.com.br\/blog\/quando-falta-de-educacao-aumenta-tragedia\/#article","isPartOf":{"@id":"https:\/\/gersonguelmann.com.br\/blog\/quando-falta-de-educacao-aumenta-tragedia\/"},"author":{"name":"Gerson Guelmann","@id":"https:\/\/gersonguelmann.com.br\/blog\/#\/schema\/person\/87e70e2a786888082f941a482c90569e"},"headline":"Quando a (falta de) educa\u00e7\u00e3o aumenta a trag\u00e9dia","datePublished":"2017-09-03T20:30:08+00:00","mainEntityOfPage":{"@id":"https:\/\/gersonguelmann.com.br\/blog\/quando-falta-de-educacao-aumenta-tragedia\/"},"wordCount":230,"commentCount":1,"image":{"@id":"https:\/\/gersonguelmann.com.br\/blog\/quando-falta-de-educacao-aumenta-tragedia\/#primaryimage"},"thumbnailUrl":"https:\/\/i0.wp.com\/gersonguelmann.com.br\/blog\/wp-content\/uploads\/2017\/09\/Enchente.jpg?fit=1080%2C1080&ssl=1","inLanguage":"pt-BR","potentialAction":[{"@type":"CommentAction","name":"Comment","target":["https:\/\/gersonguelmann.com.br\/blog\/quando-falta-de-educacao-aumenta-tragedia\/#respond"]}]},{"@type":"WebPage","@id":"https:\/\/gersonguelmann.com.br\/blog\/quando-falta-de-educacao-aumenta-tragedia\/","url":"https:\/\/gersonguelmann.com.br\/blog\/quando-falta-de-educacao-aumenta-tragedia\/","name":"Quando a (falta de) educa\u00e7\u00e3o aumenta a trag\u00e9dia | Blog do Guelmann","isPartOf":{"@id":"https:\/\/gersonguelmann.com.br\/blog\/#website"},"primaryImageOfPage":{"@id":"https:\/\/gersonguelmann.com.br\/blog\/quando-falta-de-educacao-aumenta-tragedia\/#primaryimage"},"image":{"@id":"https:\/\/gersonguelmann.com.br\/blog\/quando-falta-de-educacao-aumenta-tragedia\/#primaryimage"},"thumbnailUrl":"https:\/\/i0.wp.com\/gersonguelmann.com.br\/blog\/wp-content\/uploads\/2017\/09\/Enchente.jpg?fit=1080%2C1080&ssl=1","datePublished":"2017-09-03T20:30:08+00:00","author":{"@id":"https:\/\/gersonguelmann.com.br\/blog\/#\/schema\/person\/87e70e2a786888082f941a482c90569e"},"inLanguage":"pt-BR","potentialAction":[{"@type":"ReadAction","target":["https:\/\/gersonguelmann.com.br\/blog\/quando-falta-de-educacao-aumenta-tragedia\/"]}]},{"@type":"ImageObject","inLanguage":"pt-BR","@id":"https:\/\/gersonguelmann.com.br\/blog\/quando-falta-de-educacao-aumenta-tragedia\/#primaryimage","url":"https:\/\/i0.wp.com\/gersonguelmann.com.br\/blog\/wp-content\/uploads\/2017\/09\/Enchente.jpg?fit=1080%2C1080&ssl=1","contentUrl":"https:\/\/i0.wp.com\/gersonguelmann.com.br\/blog\/wp-content\/uploads\/2017\/09\/Enchente.jpg?fit=1080%2C1080&ssl=1","width":1080,"height":1080},{"@type":"WebSite","@id":"https:\/\/gersonguelmann.com.br\/blog\/#website","url":"https:\/\/gersonguelmann.com.br\/blog\/","name":"Blog do Guelmann","description":"Pitadas da sabedoria e do humor judaicos, assuntos do momento e um pouco das hist\u00f3rias que vivi e testemunhei.","potentialAction":[{"@type":"SearchAction","target":{"@type":"EntryPoint","urlTemplate":"https:\/\/gersonguelmann.com.br\/blog\/?s={search_term_string}"},"query-input":{"@type":"PropertyValueSpecification","valueRequired":true,"valueName":"search_term_string"}}],"inLanguage":"pt-BR"},{"@type":"Person","@id":"https:\/\/gersonguelmann.com.br\/blog\/#\/schema\/person\/87e70e2a786888082f941a482c90569e","name":"Gerson Guelmann","image":{"@type":"ImageObject","inLanguage":"pt-BR","@id":"https:\/\/i0.wp.com\/gersonguelmann.com.br\/blog\/wp-content\/uploads\/2021\/08\/BLOG.jpeg?fit=96%2C96&ssl=1","url":"https:\/\/i0.wp.com\/gersonguelmann.com.br\/blog\/wp-content\/uploads\/2021\/08\/BLOG.jpeg?fit=96%2C96&ssl=1","contentUrl":"https:\/\/i0.wp.com\/gersonguelmann.com.br\/blog\/wp-content\/uploads\/2021\/08\/BLOG.jpeg?fit=96%2C96&ssl=1","caption":"Gerson Guelmann"},"description":"Pitadas da sabedoria e do humor judaicos, assuntos do momento e um pouco das hist\u00f3rias que vivi e testemunhei."}]}},"views":54,"jetpack_publicize_connections":[],"jetpack_featured_media_url":"https:\/\/i0.wp.com\/gersonguelmann.com.br\/blog\/wp-content\/uploads\/2017\/09\/Enchente.jpg?fit=1080%2C1080&ssl=1","jetpack_shortlink":"https:\/\/wp.me\/p96e7O-me","jetpack-related-posts":[{"id":5095,"url":"https:\/\/gersonguelmann.com.br\/blog\/o-exemplo-do-rs-nao-e-so-no-futebol\/","url_meta":{"origin":1378,"position":0},"title":"O Exemplo do RS N\u00e3o \u00e9 S\u00f3 No Futebol","author":"Gerson Guelmann","date":"1 de dezembro de 2017","format":false,"excerpt":"Os leitores do Blog j\u00e1 se acostumaram \u00e0s minhas publica\u00e7\u00f5es sobre as boas campanhas de combate ao consumo de \u00e1lcool por parte dos motoristas. Ainda h\u00e1 poucos dias postei o v\u00eddeo do Detran\/PR mostrando o que aconteceria se os motoristas percebessem que o Comandante do ferry-boat onde acabaram de entrar\u2026","rel":"","context":"Em &quot;Sem categoria&quot;","block_context":{"text":"Sem categoria","link":"https:\/\/gersonguelmann.com.br\/blog\/category\/sem-categoria\/"},"img":{"alt_text":"","src":"https:\/\/i0.wp.com\/gersonguelmann.com.br\/blog\/wp-content\/uploads\/2017\/12\/Detran-RS.jpg?resize=350%2C200&ssl=1","width":350,"height":200},"classes":[]},{"id":17220,"url":"https:\/\/gersonguelmann.com.br\/blog\/o-que-dizer-de-sua-excelencia-o-ministro-da-educacao\/","url_meta":{"origin":1378,"position":1},"title":"O Que Dizer de Sua Excel\u00eancia o Ministro da Educa\u00e7\u00e3o?","author":"Gerson Guelmann","date":"27 de junho de 2019","format":false,"excerpt":"N\u00e3o h\u00e1 pessoa com um m\u00ednimo de discernimento que discorde da afirma\u00e7\u00e3o de que o Brasil somente sair\u00e1 da estagna\u00e7\u00e3o e ingressar\u00e1 no rol das na\u00e7\u00f5es desenvolvidas quando proporcionar um ensino adequado \u00e0 toda popula\u00e7\u00e3o. E a partir desse entendimento a gente sabe que somente depois de uma ou duas\u2026","rel":"","context":"Em &quot;Sem categoria&quot;","block_context":{"text":"Sem categoria","link":"https:\/\/gersonguelmann.com.br\/blog\/category\/sem-categoria\/"},"img":{"alt_text":"","src":"https:\/\/i0.wp.com\/gersonguelmann.com.br\/blog\/wp-content\/uploads\/2019\/06\/Educac%C3%A3o.jpg?fit=750%2C500&ssl=1&resize=350%2C200","width":350,"height":200,"srcset":"https:\/\/i0.wp.com\/gersonguelmann.com.br\/blog\/wp-content\/uploads\/2019\/06\/Educac%C3%A3o.jpg?fit=750%2C500&ssl=1&resize=350%2C200 1x, https:\/\/i0.wp.com\/gersonguelmann.com.br\/blog\/wp-content\/uploads\/2019\/06\/Educac%C3%A3o.jpg?fit=750%2C500&ssl=1&resize=525%2C300 1.5x, https:\/\/i0.wp.com\/gersonguelmann.com.br\/blog\/wp-content\/uploads\/2019\/06\/Educac%C3%A3o.jpg?fit=750%2C500&ssl=1&resize=700%2C400 2x"},"classes":[]},{"id":23412,"url":"https:\/\/gersonguelmann.com.br\/blog\/benjamin-abramovitz-e-o-novo-genro\/","url_meta":{"origin":1378,"position":2},"title":"Benjamin Abramovitz e o Novo Genro","author":"Gerson Guelmann","date":"8 de maio de 2024","format":false,"excerpt":"J\u00e1 ouviu falar em um homem feliz? Esse era Benjamin Abramovitz ap\u00f3s o casamento da filha \u00fanica! Para falar a verdade, ele tinha uma certa preocupa\u00e7\u00e3o, porque apesar de o genro ser um homem bem-apessoado, de \u00f3tima educa\u00e7\u00e3o e demonstrar muito amor pela filha, n\u00e3o parecia ser, digamos, muito afeito\u2026","rel":"","context":"Em &quot;Sem categoria&quot;","block_context":{"text":"Sem categoria","link":"https:\/\/gersonguelmann.com.br\/blog\/category\/sem-categoria\/"},"img":{"alt_text":"","src":"https:\/\/i0.wp.com\/gersonguelmann.com.br\/blog\/wp-content\/uploads\/2024\/05\/HojePR-3-scaled.jpg?fit=800%2C1200&ssl=1&resize=350%2C200","width":350,"height":200,"srcset":"https:\/\/i0.wp.com\/gersonguelmann.com.br\/blog\/wp-content\/uploads\/2024\/05\/HojePR-3-scaled.jpg?fit=800%2C1200&ssl=1&resize=350%2C200 1x, https:\/\/i0.wp.com\/gersonguelmann.com.br\/blog\/wp-content\/uploads\/2024\/05\/HojePR-3-scaled.jpg?fit=800%2C1200&ssl=1&resize=525%2C300 1.5x, https:\/\/i0.wp.com\/gersonguelmann.com.br\/blog\/wp-content\/uploads\/2024\/05\/HojePR-3-scaled.jpg?fit=800%2C1200&ssl=1&resize=700%2C400 2x"},"classes":[]},{"id":3586,"url":"https:\/\/gersonguelmann.com.br\/blog\/darcy-ribeiro-pergunta-educacao-presidios\/","url_meta":{"origin":1378,"position":3},"title":"Darcy Ribeiro e a Pergunta: Educa\u00e7\u00e3o ou Pres\u00eddios?","author":"Gerson Guelmann","date":"27 de outubro de 2017","format":false,"excerpt":"O dia de ontem marcou o 95\u00b0 anivers\u00e1rio do nascimento do grande brasileiro Darcy Ribeiro, falecido em 1997, aos 74.\u00a0 Darcy Ribeiro, not\u00e1vel\u00a0Antrop\u00f3logo, Educador, Intelectual, Romancista e Pol\u00edtico, batalhou por duas causas: os \u00edndios e a Educa\u00e7\u00e3o, especialmente a Escola P\u00fablica em Tempo Integral. Os\u00a0Centros Integrados de Educa\u00e7\u00e3o P\u00fablica\u00a0(CIEPs) foram\u2026","rel":"","context":"Em &quot;Sem categoria&quot;","block_context":{"text":"Sem categoria","link":"https:\/\/gersonguelmann.com.br\/blog\/category\/sem-categoria\/"},"img":{"alt_text":"","src":"https:\/\/i0.wp.com\/gersonguelmann.com.br\/blog\/wp-content\/uploads\/2017\/10\/DR-1.jpg?fit=627%2C309&ssl=1&resize=350%2C200","width":350,"height":200,"srcset":"https:\/\/i0.wp.com\/gersonguelmann.com.br\/blog\/wp-content\/uploads\/2017\/10\/DR-1.jpg?fit=627%2C309&ssl=1&resize=350%2C200 1x, https:\/\/i0.wp.com\/gersonguelmann.com.br\/blog\/wp-content\/uploads\/2017\/10\/DR-1.jpg?fit=627%2C309&ssl=1&resize=525%2C300 1.5x"},"classes":[]},{"id":2542,"url":"https:\/\/gersonguelmann.com.br\/blog\/e-o-pior-e-que-essa-gente-vota-11\/","url_meta":{"origin":1378,"position":4},"title":"E o Pior \u00e9 Que Essa Gente Vota (11)","author":"Gerson Guelmann","date":"6 de outubro de 2017","format":false,"excerpt":"Todos sabemos que a educa\u00e7\u00e3o b\u00e1sica \u00e9 extremamente deficiente no Brasil, e que essa realidade se faz presente nas redes sociais o tempo todo. N\u00e3o h\u00e1 quem n\u00e3o tenha recebido as famosas placas com an\u00fancios ou avisos, algumas carregadas do humor t\u00edpico da nossa gente. Claro que o pano de\u2026","rel":"","context":"Em &quot;Sem categoria&quot;","block_context":{"text":"Sem categoria","link":"https:\/\/gersonguelmann.com.br\/blog\/category\/sem-categoria\/"},"img":{"alt_text":"","src":"https:\/\/i0.wp.com\/gersonguelmann.com.br\/blog\/wp-content\/uploads\/2017\/10\/Bolo.jpg?fit=652%2C408&ssl=1&resize=350%2C200","width":350,"height":200,"srcset":"https:\/\/i0.wp.com\/gersonguelmann.com.br\/blog\/wp-content\/uploads\/2017\/10\/Bolo.jpg?fit=652%2C408&ssl=1&resize=350%2C200 1x, https:\/\/i0.wp.com\/gersonguelmann.com.br\/blog\/wp-content\/uploads\/2017\/10\/Bolo.jpg?fit=652%2C408&ssl=1&resize=525%2C300 1.5x"},"classes":[]},{"id":2116,"url":"https:\/\/gersonguelmann.com.br\/blog\/brasil-tem-os-piores-politicos-do-mundo-diz-pesquisa-do-forum-de-davos\/","url_meta":{"origin":1378,"position":5},"title":"Brasil tem os piores pol\u00edticos do mundo, diz pesquisa do F\u00f3rum de Davos","author":"Gerson Guelmann","date":"27 de setembro de 2017","format":false,"excerpt":"Os pol\u00edticos brasileiros s\u00e3o os menos confi\u00e1veis do mundo. N\u00e3o, n\u00e3o \u00e9 uma opini\u00e3o pessoal nem alguma mensagem postada nessa usina de maldades que s\u00e3o as redes sociais. Trata-se de uma constata\u00e7\u00e3o do F\u00f3rum Econ\u00f4mico Mundial, aquele que re\u00fane, todos os janeiros, a elite global em seu encontro anual em\u2026","rel":"","context":"Em &quot;Sem categoria&quot;","block_context":{"text":"Sem categoria","link":"https:\/\/gersonguelmann.com.br\/blog\/category\/sem-categoria\/"},"img":{"alt_text":"","src":"https:\/\/i0.wp.com\/gersonguelmann.com.br\/blog\/wp-content\/uploads\/2017\/09\/Congresso.jpg?resize=350%2C200&ssl=1","width":350,"height":200},"classes":[]}],"jetpack_sharing_enabled":true,"post_mailing_queue_ids":[],"_links":{"self":[{"href":"https:\/\/gersonguelmann.com.br\/blog\/wp-json\/wp\/v2\/posts\/1378","targetHints":{"allow":["GET"]}}],"collection":[{"href":"https:\/\/gersonguelmann.com.br\/blog\/wp-json\/wp\/v2\/posts"}],"about":[{"href":"https:\/\/gersonguelmann.com.br\/blog\/wp-json\/wp\/v2\/types\/post"}],"author":[{"embeddable":true,"href":"https:\/\/gersonguelmann.com.br\/blog\/wp-json\/wp\/v2\/users\/5"}],"replies":[{"embeddable":true,"href":"https:\/\/gersonguelmann.com.br\/blog\/wp-json\/wp\/v2\/comments?post=1378"}],"version-history":[{"count":0,"href":"https:\/\/gersonguelmann.com.br\/blog\/wp-json\/wp\/v2\/posts\/1378\/revisions"}],"wp:featuredmedia":[{"embeddable":true,"href":"https:\/\/gersonguelmann.com.br\/blog\/wp-json\/wp\/v2\/media\/1380"}],"wp:attachment":[{"href":"https:\/\/gersonguelmann.com.br\/blog\/wp-json\/wp\/v2\/media?parent=1378"}],"wp:term":[{"taxonomy":"category","embeddable":true,"href":"https:\/\/gersonguelmann.com.br\/blog\/wp-json\/wp\/v2\/categories?post=1378"},{"taxonomy":"post_tag","embeddable":true,"href":"https:\/\/gersonguelmann.com.br\/blog\/wp-json\/wp\/v2\/tags?post=1378"}],"curies":[{"name":"wp","href":"https:\/\/api.w.org\/{rel}","templated":true}]}}