    {"id":1388,"date":"2017-09-04T11:30:44","date_gmt":"2017-09-04T14:30:44","guid":{"rendered":"https:\/\/gersonguelmann.com.br\/blog\/?p=1388"},"modified":"2017-09-04T11:34:14","modified_gmt":"2017-09-04T14:34:14","slug":"que-tal-um-rodizio-dos-malucos","status":"publish","type":"post","link":"https:\/\/gersonguelmann.com.br\/blog\/que-tal-um-rodizio-dos-malucos\/","title":{"rendered":"Que tal um rod\u00edzio dos malucos?"},"content":{"rendered":"<p><span style=\"font-family: tahoma, arial, helvetica, sans-serif; color: #000000; font-size: 14pt;\">Pensando no que acontece na Venezuela, na Coreia do Norte e no Ir\u00e3, me veio a cabe\u00e7a a brincadeira infantil &#8220;<em>Escravos de J\u00f3<\/em>&#8221; (quem nunca brincou disso?):<\/span><\/p>\n<p style=\"text-align: center;\"><span style=\"font-family: tahoma, arial, helvetica, sans-serif; color: #000000; font-size: 14pt;\">&#8220;<em>Escravos de J\u00f3, jogavam caxang\u00e1,<\/em><\/span><br \/>\n<span style=\"font-size: 14pt;\"><em><span style=\"font-family: tahoma, arial, helvetica, sans-serif; color: #000000;\">Escravos de J\u00f3, jogavam caxang\u00e1.<\/span><\/em><\/span><br \/>\n<span style=\"font-size: 14pt;\"><em><span style=\"font-family: tahoma, arial, helvetica, sans-serif; color: #000000;\">Tira, bota, deixa ficar&#8230;<\/span><\/em><\/span><br \/>\n<span style=\"font-size: 14pt;\"><em><span style=\"font-family: tahoma, arial, helvetica, sans-serif; color: #000000;\">Guerreiros com guerreiros, fazem zigue-zigue-z\u00e1,<\/span><\/em><\/span><br \/>\n<span style=\"font-family: tahoma, arial, helvetica, sans-serif; color: #000000; font-size: 14pt;\"><em>Guerreiros com guerreiros, fazem zigue-zigue-z\u00e1.<\/em>&#8220;<\/span><\/p>\n<p><span style=\"font-family: tahoma, arial, helvetica, sans-serif; color: #000000; font-size: 14pt;\">E a\u00ed me ocorreu de sugerir que a ONU promova um rod\u00edzio dos tr\u00eas alucinados: <\/span><br \/>\n<span style=\"font-family: tahoma, arial, helvetica, sans-serif; color: #000000; font-size: 14pt;\">&#8211; no primeiro m\u00eas o xarope da Venezuela vai para o Ir\u00e1 e o abibolado de l\u00e1 vai para a Coreia do Norte. A\u00ed o pi\u00e1 mimado que gosta de brincar de guerra vem para a Venezuela. <\/span><\/p>\n<p><span style=\"font-family: tahoma, arial, helvetica, sans-serif; color: #000000; font-size: 14pt;\">No outro m\u00eas, mais uma troca. Como os idiotas n\u00e3o falam a mesma l\u00edngua, vai levar um bocado de tempo at\u00e9 que os auxiliares entendam o que eles querem. <\/span><\/p>\n<p><span style=\"font-family: tahoma, arial, helvetica, sans-serif; color: #000000; font-size: 14pt;\">Quem sabe se nesse per\u00edodo a gente n\u00e3o tem um pouco de sossego?<\/span><\/p>\n<p style=\"text-align: center;\"><img data-recalc-dims=\"1\" fetchpriority=\"high\" decoding=\"async\" data-attachment-id=\"1390\" data-permalink=\"https:\/\/gersonguelmann.com.br\/blog\/que-tal-um-rodizio-dos-malucos\/xaropes\/\" data-orig-file=\"https:\/\/i0.wp.com\/gersonguelmann.com.br\/blog\/wp-content\/uploads\/2017\/09\/Xaropes.jpg?fit=600%2C400&amp;ssl=1\" data-orig-size=\"600,400\" data-comments-opened=\"1\" data-image-meta=\"{&quot;aperture&quot;:&quot;0&quot;,&quot;credit&quot;:&quot;&quot;,&quot;camera&quot;:&quot;&quot;,&quot;caption&quot;:&quot;&quot;,&quot;created_timestamp&quot;:&quot;0&quot;,&quot;copyright&quot;:&quot;&quot;,&quot;focal_length&quot;:&quot;0&quot;,&quot;iso&quot;:&quot;0&quot;,&quot;shutter_speed&quot;:&quot;0&quot;,&quot;title&quot;:&quot;&quot;,&quot;orientation&quot;:&quot;1&quot;}\" data-image-title=\"Xaropes\" data-image-description=\"\" data-image-caption=\"\" data-medium-file=\"https:\/\/i0.wp.com\/gersonguelmann.com.br\/blog\/wp-content\/uploads\/2017\/09\/Xaropes.jpg?fit=300%2C200&amp;ssl=1\" data-large-file=\"https:\/\/i0.wp.com\/gersonguelmann.com.br\/blog\/wp-content\/uploads\/2017\/09\/Xaropes.jpg?fit=600%2C400&amp;ssl=1\" class=\"alignnone size-medium wp-image-1390\" src=\"https:\/\/i0.wp.com\/gersonguelmann.com.br\/blog\/wp-content\/uploads\/2017\/09\/Xaropes.jpg?resize=300%2C200&#038;ssl=1\" alt=\"\" width=\"300\" height=\"200\" srcset=\"https:\/\/i0.wp.com\/gersonguelmann.com.br\/blog\/wp-content\/uploads\/2017\/09\/Xaropes.jpg?resize=300%2C200&amp;ssl=1 300w, https:\/\/i0.wp.com\/gersonguelmann.com.br\/blog\/wp-content\/uploads\/2017\/09\/Xaropes.jpg?w=600&amp;ssl=1 600w\" sizes=\"(max-width: 300px) 100vw, 300px\" \/><\/p>\n","protected":false},"excerpt":{"rendered":"<p>Pensando no que acontece na Venezuela, na Coreia do Norte e no Ir\u00e3, me veio a cabe\u00e7a a brincadeira infantil &#8220;Escravos de J\u00f3&#8221; (quem nunca brincou disso?): &#8220;Escravos de J\u00f3, jogavam caxang\u00e1, Escravos de J\u00f3, jogavam caxang\u00e1. Tira, bota, deixa ficar&#8230; Guerreiros com guerreiros, fazem zigue-zigue-z\u00e1, Guerreiros com guerreiros, fazem zigue-zigue-z\u00e1.&#8220; E a\u00ed me ocorreu [&hellip;]<\/p>\n","protected":false},"author":5,"featured_media":1390,"comment_status":"open","ping_status":"open","sticky":false,"template":"","format":"standard","meta":{"_acf_changed":false,"jetpack_post_was_ever_published":false,"_jetpack_newsletter_access":"","_jetpack_dont_email_post_to_subs":false,"_jetpack_newsletter_tier_id":0,"_jetpack_memberships_contains_paywalled_content":false,"_jetpack_memberships_contains_paid_content":false,"footnotes":"","jetpack_publicize_message":"","jetpack_publicize_feature_enabled":true,"jetpack_social_post_already_shared":true,"jetpack_social_options":{"image_generator_settings":{"template":"highway","default_image_id":0,"font":"","enabled":false},"version":2}},"categories":[1],"tags":[],"class_list":["post-1388","post","type-post","status-publish","format-standard","has-post-thumbnail","hentry","category-sem-categoria"],"acf":[],"yoast_head":"<!-- This site is optimized with the Yoast SEO plugin v27.3 - https:\/\/yoast.com\/product\/yoast-seo-wordpress\/ -->\n<title>Que tal um rod\u00edzio dos malucos? | Blog do Guelmann<\/title>\n<meta name=\"robots\" content=\"index, follow, max-snippet:-1, max-image-preview:large, max-video-preview:-1\" \/>\n<link rel=\"canonical\" href=\"https:\/\/gersonguelmann.com.br\/blog\/que-tal-um-rodizio-dos-malucos\/\" \/>\n<meta property=\"og:locale\" content=\"pt_BR\" \/>\n<meta property=\"og:type\" content=\"article\" \/>\n<meta property=\"og:title\" content=\"Que tal um rod\u00edzio dos malucos? | Blog do Guelmann\" \/>\n<meta property=\"og:description\" content=\"Pensando no que acontece na Venezuela, na Coreia do Norte e no Ir\u00e3, me veio a cabe\u00e7a a brincadeira infantil &#8220;Escravos de J\u00f3&#8221; (quem nunca brincou disso?): &#8220;Escravos de J\u00f3, jogavam caxang\u00e1, Escravos de J\u00f3, jogavam caxang\u00e1. Tira, bota, deixa ficar&#8230; Guerreiros com guerreiros, fazem zigue-zigue-z\u00e1, Guerreiros com guerreiros, fazem zigue-zigue-z\u00e1.&#8220; E a\u00ed me ocorreu [&hellip;]\" \/>\n<meta property=\"og:url\" content=\"https:\/\/gersonguelmann.com.br\/blog\/que-tal-um-rodizio-dos-malucos\/\" \/>\n<meta property=\"og:site_name\" content=\"Blog do Guelmann\" \/>\n<meta property=\"article:published_time\" content=\"2017-09-04T14:30:44+00:00\" \/>\n<meta property=\"article:modified_time\" content=\"2017-09-04T14:34:14+00:00\" \/>\n<meta property=\"og:image\" content=\"https:\/\/i0.wp.com\/gersonguelmann.com.br\/blog\/wp-content\/uploads\/2017\/09\/Xaropes.jpg?fit=600%2C400&ssl=1\" \/>\n\t<meta property=\"og:image:width\" content=\"600\" \/>\n\t<meta property=\"og:image:height\" content=\"400\" \/>\n\t<meta property=\"og:image:type\" content=\"image\/jpeg\" \/>\n<meta name=\"author\" content=\"Gerson Guelmann\" \/>\n<meta name=\"twitter:card\" content=\"summary_large_image\" \/>\n<meta name=\"twitter:label1\" content=\"Escrito por\" \/>\n\t<meta name=\"twitter:data1\" content=\"Gerson Guelmann\" \/>\n\t<meta name=\"twitter:label2\" content=\"Est. tempo de leitura\" \/>\n\t<meta name=\"twitter:data2\" content=\"1 minuto\" \/>\n<script type=\"application\/ld+json\" class=\"yoast-schema-graph\">{\"@context\":\"https:\\\/\\\/schema.org\",\"@graph\":[{\"@type\":\"Article\",\"@id\":\"https:\\\/\\\/gersonguelmann.com.br\\\/blog\\\/que-tal-um-rodizio-dos-malucos\\\/#article\",\"isPartOf\":{\"@id\":\"https:\\\/\\\/gersonguelmann.com.br\\\/blog\\\/que-tal-um-rodizio-dos-malucos\\\/\"},\"author\":{\"name\":\"Gerson Guelmann\",\"@id\":\"https:\\\/\\\/gersonguelmann.com.br\\\/blog\\\/#\\\/schema\\\/person\\\/87e70e2a786888082f941a482c90569e\"},\"headline\":\"Que tal um rod\u00edzio dos malucos?\",\"datePublished\":\"2017-09-04T14:30:44+00:00\",\"dateModified\":\"2017-09-04T14:34:14+00:00\",\"mainEntityOfPage\":{\"@id\":\"https:\\\/\\\/gersonguelmann.com.br\\\/blog\\\/que-tal-um-rodizio-dos-malucos\\\/\"},\"wordCount\":161,\"commentCount\":1,\"image\":{\"@id\":\"https:\\\/\\\/gersonguelmann.com.br\\\/blog\\\/que-tal-um-rodizio-dos-malucos\\\/#primaryimage\"},\"thumbnailUrl\":\"https:\\\/\\\/i0.wp.com\\\/gersonguelmann.com.br\\\/blog\\\/wp-content\\\/uploads\\\/2017\\\/09\\\/Xaropes.jpg?fit=600%2C400&ssl=1\",\"inLanguage\":\"pt-BR\",\"potentialAction\":[{\"@type\":\"CommentAction\",\"name\":\"Comment\",\"target\":[\"https:\\\/\\\/gersonguelmann.com.br\\\/blog\\\/que-tal-um-rodizio-dos-malucos\\\/#respond\"]}]},{\"@type\":\"WebPage\",\"@id\":\"https:\\\/\\\/gersonguelmann.com.br\\\/blog\\\/que-tal-um-rodizio-dos-malucos\\\/\",\"url\":\"https:\\\/\\\/gersonguelmann.com.br\\\/blog\\\/que-tal-um-rodizio-dos-malucos\\\/\",\"name\":\"Que tal um rod\u00edzio dos malucos? | Blog do Guelmann\",\"isPartOf\":{\"@id\":\"https:\\\/\\\/gersonguelmann.com.br\\\/blog\\\/#website\"},\"primaryImageOfPage\":{\"@id\":\"https:\\\/\\\/gersonguelmann.com.br\\\/blog\\\/que-tal-um-rodizio-dos-malucos\\\/#primaryimage\"},\"image\":{\"@id\":\"https:\\\/\\\/gersonguelmann.com.br\\\/blog\\\/que-tal-um-rodizio-dos-malucos\\\/#primaryimage\"},\"thumbnailUrl\":\"https:\\\/\\\/i0.wp.com\\\/gersonguelmann.com.br\\\/blog\\\/wp-content\\\/uploads\\\/2017\\\/09\\\/Xaropes.jpg?fit=600%2C400&ssl=1\",\"datePublished\":\"2017-09-04T14:30:44+00:00\",\"dateModified\":\"2017-09-04T14:34:14+00:00\",\"author\":{\"@id\":\"https:\\\/\\\/gersonguelmann.com.br\\\/blog\\\/#\\\/schema\\\/person\\\/87e70e2a786888082f941a482c90569e\"},\"inLanguage\":\"pt-BR\",\"potentialAction\":[{\"@type\":\"ReadAction\",\"target\":[\"https:\\\/\\\/gersonguelmann.com.br\\\/blog\\\/que-tal-um-rodizio-dos-malucos\\\/\"]}]},{\"@type\":\"ImageObject\",\"inLanguage\":\"pt-BR\",\"@id\":\"https:\\\/\\\/gersonguelmann.com.br\\\/blog\\\/que-tal-um-rodizio-dos-malucos\\\/#primaryimage\",\"url\":\"https:\\\/\\\/i0.wp.com\\\/gersonguelmann.com.br\\\/blog\\\/wp-content\\\/uploads\\\/2017\\\/09\\\/Xaropes.jpg?fit=600%2C400&ssl=1\",\"contentUrl\":\"https:\\\/\\\/i0.wp.com\\\/gersonguelmann.com.br\\\/blog\\\/wp-content\\\/uploads\\\/2017\\\/09\\\/Xaropes.jpg?fit=600%2C400&ssl=1\",\"width\":600,\"height\":400},{\"@type\":\"WebSite\",\"@id\":\"https:\\\/\\\/gersonguelmann.com.br\\\/blog\\\/#website\",\"url\":\"https:\\\/\\\/gersonguelmann.com.br\\\/blog\\\/\",\"name\":\"Blog do Guelmann\",\"description\":\"Pitadas da sabedoria e do humor judaicos, assuntos do momento e um pouco das hist\u00f3rias que vivi e testemunhei.\",\"potentialAction\":[{\"@type\":\"SearchAction\",\"target\":{\"@type\":\"EntryPoint\",\"urlTemplate\":\"https:\\\/\\\/gersonguelmann.com.br\\\/blog\\\/?s={search_term_string}\"},\"query-input\":{\"@type\":\"PropertyValueSpecification\",\"valueRequired\":true,\"valueName\":\"search_term_string\"}}],\"inLanguage\":\"pt-BR\"},{\"@type\":\"Person\",\"@id\":\"https:\\\/\\\/gersonguelmann.com.br\\\/blog\\\/#\\\/schema\\\/person\\\/87e70e2a786888082f941a482c90569e\",\"name\":\"Gerson Guelmann\",\"image\":{\"@type\":\"ImageObject\",\"inLanguage\":\"pt-BR\",\"@id\":\"https:\\\/\\\/i0.wp.com\\\/gersonguelmann.com.br\\\/blog\\\/wp-content\\\/uploads\\\/2021\\\/08\\\/BLOG.jpeg?fit=96%2C96&ssl=1\",\"url\":\"https:\\\/\\\/i0.wp.com\\\/gersonguelmann.com.br\\\/blog\\\/wp-content\\\/uploads\\\/2021\\\/08\\\/BLOG.jpeg?fit=96%2C96&ssl=1\",\"contentUrl\":\"https:\\\/\\\/i0.wp.com\\\/gersonguelmann.com.br\\\/blog\\\/wp-content\\\/uploads\\\/2021\\\/08\\\/BLOG.jpeg?fit=96%2C96&ssl=1\",\"caption\":\"Gerson Guelmann\"},\"description\":\"Pitadas da sabedoria e do humor judaicos, assuntos do momento e um pouco das hist\u00f3rias que vivi e testemunhei.\"}]}<\/script>\n<!-- \/ Yoast SEO plugin. -->","yoast_head_json":{"title":"Que tal um rod\u00edzio dos malucos? | Blog do Guelmann","robots":{"index":"index","follow":"follow","max-snippet":"max-snippet:-1","max-image-preview":"max-image-preview:large","max-video-preview":"max-video-preview:-1"},"canonical":"https:\/\/gersonguelmann.com.br\/blog\/que-tal-um-rodizio-dos-malucos\/","og_locale":"pt_BR","og_type":"article","og_title":"Que tal um rod\u00edzio dos malucos? | Blog do Guelmann","og_description":"Pensando no que acontece na Venezuela, na Coreia do Norte e no Ir\u00e3, me veio a cabe\u00e7a a brincadeira infantil &#8220;Escravos de J\u00f3&#8221; (quem nunca brincou disso?): &#8220;Escravos de J\u00f3, jogavam caxang\u00e1, Escravos de J\u00f3, jogavam caxang\u00e1. Tira, bota, deixa ficar&#8230; Guerreiros com guerreiros, fazem zigue-zigue-z\u00e1, Guerreiros com guerreiros, fazem zigue-zigue-z\u00e1.&#8220; E a\u00ed me ocorreu [&hellip;]","og_url":"https:\/\/gersonguelmann.com.br\/blog\/que-tal-um-rodizio-dos-malucos\/","og_site_name":"Blog do Guelmann","article_published_time":"2017-09-04T14:30:44+00:00","article_modified_time":"2017-09-04T14:34:14+00:00","og_image":[{"width":600,"height":400,"url":"https:\/\/i0.wp.com\/gersonguelmann.com.br\/blog\/wp-content\/uploads\/2017\/09\/Xaropes.jpg?fit=600%2C400&ssl=1","type":"image\/jpeg"}],"author":"Gerson Guelmann","twitter_card":"summary_large_image","twitter_misc":{"Escrito por":"Gerson Guelmann","Est. tempo de leitura":"1 minuto"},"schema":{"@context":"https:\/\/schema.org","@graph":[{"@type":"Article","@id":"https:\/\/gersonguelmann.com.br\/blog\/que-tal-um-rodizio-dos-malucos\/#article","isPartOf":{"@id":"https:\/\/gersonguelmann.com.br\/blog\/que-tal-um-rodizio-dos-malucos\/"},"author":{"name":"Gerson Guelmann","@id":"https:\/\/gersonguelmann.com.br\/blog\/#\/schema\/person\/87e70e2a786888082f941a482c90569e"},"headline":"Que tal um rod\u00edzio dos malucos?","datePublished":"2017-09-04T14:30:44+00:00","dateModified":"2017-09-04T14:34:14+00:00","mainEntityOfPage":{"@id":"https:\/\/gersonguelmann.com.br\/blog\/que-tal-um-rodizio-dos-malucos\/"},"wordCount":161,"commentCount":1,"image":{"@id":"https:\/\/gersonguelmann.com.br\/blog\/que-tal-um-rodizio-dos-malucos\/#primaryimage"},"thumbnailUrl":"https:\/\/i0.wp.com\/gersonguelmann.com.br\/blog\/wp-content\/uploads\/2017\/09\/Xaropes.jpg?fit=600%2C400&ssl=1","inLanguage":"pt-BR","potentialAction":[{"@type":"CommentAction","name":"Comment","target":["https:\/\/gersonguelmann.com.br\/blog\/que-tal-um-rodizio-dos-malucos\/#respond"]}]},{"@type":"WebPage","@id":"https:\/\/gersonguelmann.com.br\/blog\/que-tal-um-rodizio-dos-malucos\/","url":"https:\/\/gersonguelmann.com.br\/blog\/que-tal-um-rodizio-dos-malucos\/","name":"Que tal um rod\u00edzio dos malucos? | Blog do Guelmann","isPartOf":{"@id":"https:\/\/gersonguelmann.com.br\/blog\/#website"},"primaryImageOfPage":{"@id":"https:\/\/gersonguelmann.com.br\/blog\/que-tal-um-rodizio-dos-malucos\/#primaryimage"},"image":{"@id":"https:\/\/gersonguelmann.com.br\/blog\/que-tal-um-rodizio-dos-malucos\/#primaryimage"},"thumbnailUrl":"https:\/\/i0.wp.com\/gersonguelmann.com.br\/blog\/wp-content\/uploads\/2017\/09\/Xaropes.jpg?fit=600%2C400&ssl=1","datePublished":"2017-09-04T14:30:44+00:00","dateModified":"2017-09-04T14:34:14+00:00","author":{"@id":"https:\/\/gersonguelmann.com.br\/blog\/#\/schema\/person\/87e70e2a786888082f941a482c90569e"},"inLanguage":"pt-BR","potentialAction":[{"@type":"ReadAction","target":["https:\/\/gersonguelmann.com.br\/blog\/que-tal-um-rodizio-dos-malucos\/"]}]},{"@type":"ImageObject","inLanguage":"pt-BR","@id":"https:\/\/gersonguelmann.com.br\/blog\/que-tal-um-rodizio-dos-malucos\/#primaryimage","url":"https:\/\/i0.wp.com\/gersonguelmann.com.br\/blog\/wp-content\/uploads\/2017\/09\/Xaropes.jpg?fit=600%2C400&ssl=1","contentUrl":"https:\/\/i0.wp.com\/gersonguelmann.com.br\/blog\/wp-content\/uploads\/2017\/09\/Xaropes.jpg?fit=600%2C400&ssl=1","width":600,"height":400},{"@type":"WebSite","@id":"https:\/\/gersonguelmann.com.br\/blog\/#website","url":"https:\/\/gersonguelmann.com.br\/blog\/","name":"Blog do Guelmann","description":"Pitadas da sabedoria e do humor judaicos, assuntos do momento e um pouco das hist\u00f3rias que vivi e testemunhei.","potentialAction":[{"@type":"SearchAction","target":{"@type":"EntryPoint","urlTemplate":"https:\/\/gersonguelmann.com.br\/blog\/?s={search_term_string}"},"query-input":{"@type":"PropertyValueSpecification","valueRequired":true,"valueName":"search_term_string"}}],"inLanguage":"pt-BR"},{"@type":"Person","@id":"https:\/\/gersonguelmann.com.br\/blog\/#\/schema\/person\/87e70e2a786888082f941a482c90569e","name":"Gerson Guelmann","image":{"@type":"ImageObject","inLanguage":"pt-BR","@id":"https:\/\/i0.wp.com\/gersonguelmann.com.br\/blog\/wp-content\/uploads\/2021\/08\/BLOG.jpeg?fit=96%2C96&ssl=1","url":"https:\/\/i0.wp.com\/gersonguelmann.com.br\/blog\/wp-content\/uploads\/2021\/08\/BLOG.jpeg?fit=96%2C96&ssl=1","contentUrl":"https:\/\/i0.wp.com\/gersonguelmann.com.br\/blog\/wp-content\/uploads\/2021\/08\/BLOG.jpeg?fit=96%2C96&ssl=1","caption":"Gerson Guelmann"},"description":"Pitadas da sabedoria e do humor judaicos, assuntos do momento e um pouco das hist\u00f3rias que vivi e testemunhei."}]}},"views":49,"jetpack_publicize_connections":[],"jetpack_featured_media_url":"https:\/\/i0.wp.com\/gersonguelmann.com.br\/blog\/wp-content\/uploads\/2017\/09\/Xaropes.jpg?fit=600%2C400&ssl=1","jetpack_shortlink":"https:\/\/wp.me\/p96e7O-mo","jetpack-related-posts":[{"id":1880,"url":"https:\/\/gersonguelmann.com.br\/blog\/o-coro-dos-escravos-hebreus\/","url_meta":{"origin":1388,"position":0},"title":"O Coro dos Escravos Hebreus","author":"Gerson Guelmann","date":"2 de dezembro de 2020","format":false,"excerpt":"Antes de ouvir, ou, melhor, enquanto escuta o Va Pensiero da \u00f3pera Nabucco de Verdi, leia um pouco do seu significado: - o Coro dos Escravos Hebreus remete \u00e0 saga b\u00edblica da liberta\u00e7\u00e3o do povo hebreu da Babil\u00f4nia. H\u00e1 tamb\u00e9m nessa obra de Verdi, o sentimento nacionalista italiano,\u00a0 sem d\u00favida,\u2026","rel":"","context":"Em &quot;Sem categoria&quot;","block_context":{"text":"Sem categoria","link":"https:\/\/gersonguelmann.com.br\/blog\/category\/sem-categoria\/"},"img":{"alt_text":"","src":"https:\/\/i0.wp.com\/gersonguelmann.com.br\/blog\/wp-content\/uploads\/2017\/09\/Verdi.jpg?resize=350%2C200&ssl=1","width":350,"height":200},"classes":[]},{"id":2071,"url":"https:\/\/gersonguelmann.com.br\/blog\/voce-se-achava-o-bom-no-ioio\/","url_meta":{"origin":1388,"position":1},"title":"Voc\u00ea Se Achava &#8220;O Bom&#8221; no Ioi\u00f4?","author":"Gerson Guelmann","date":"26 de setembro de 2017","format":false,"excerpt":"O bom e velho ioi\u00f4, um brinquedo que seria considerado \"demasiadamente anal\u00f3gico\" nos tempos digitais de hoje, tinha os seus expoentes, as crian\u00e7as que jogavam acima da m\u00e9dia dos amigos.\u00a0 Antigamente os brinquedos e jogos tinham \"temporadas\" no decorrer do ano. N\u00e3o sei quem estabelecia o calend\u00e1rio (rsrs) mas de\u2026","rel":"","context":"Em &quot;Sem categoria&quot;","block_context":{"text":"Sem categoria","link":"https:\/\/gersonguelmann.com.br\/blog\/category\/sem-categoria\/"},"img":{"alt_text":"","src":"https:\/\/i0.wp.com\/gersonguelmann.com.br\/blog\/wp-content\/uploads\/2017\/09\/yo-yo-178x300.png?resize=350%2C200&ssl=1","width":350,"height":200},"classes":[]},{"id":671,"url":"https:\/\/gersonguelmann.com.br\/blog\/curitiba-que-nos-engana\/","url_meta":{"origin":1388,"position":2},"title":"A Curitiba que nos engana","author":"Gerson Guelmann","date":"1 de agosto de 2017","format":false,"excerpt":"H\u00e1 poucos dias o Brasil comoveu-se com a fala da Professora aposentada Diva Guimar\u00e3es. Com 77 anos e neta de escravos, dona Diva nasceu no norte do Paran\u00e1 e mora em Curitiba. Na Flip, em Paraty, ela foi aplaudida em p\u00e9 e levou os presentes \u00e0s l\u00e1grimas. Ainda que esse\u2026","rel":"","context":"Em &quot;Sem categoria&quot;","block_context":{"text":"Sem categoria","link":"https:\/\/gersonguelmann.com.br\/blog\/category\/sem-categoria\/"},"img":{"alt_text":"","src":"https:\/\/i0.wp.com\/gersonguelmann.com.br\/blog\/wp-content\/uploads\/2017\/08\/Curitiba-rica-e-pobre-300x200.jpg?resize=350%2C200&ssl=1","width":350,"height":200},"classes":[]},{"id":6841,"url":"https:\/\/gersonguelmann.com.br\/blog\/simao-e-o-ditado-em-briga-de-marido-e-mulher-nao-se-deve-meter-a-colher\/","url_meta":{"origin":1388,"position":3},"title":"Sim\u00e3o e o Ditado &#8220;Em Briga de Marido e Mulher N\u00e3o Se Deve Meter a Colher&#8221;&#8230;","author":"Gerson Guelmann","date":"1 de novembro de 2019","format":false,"excerpt":"Sim\u00e3o estava conversando com o amigo Jacob no bar do clube, no final da tarde de sexta-feira. Ambos n\u00e3o tinham compromissos de trabalho no dia seguinte e j\u00e1 estavam come\u00e7ando a terceira garrafa de vinho quando Jacob come\u00e7ou a desabafar: - \"Sim\u00e3o, vou te contar uma coisa... Nenhuma separa\u00e7\u00e3o \u00e9\u2026","rel":"","context":"Em &quot;Sem categoria&quot;","block_context":{"text":"Sem categoria","link":"https:\/\/gersonguelmann.com.br\/blog\/category\/sem-categoria\/"},"img":{"alt_text":"","src":"https:\/\/i0.wp.com\/gersonguelmann.com.br\/blog\/wp-content\/uploads\/2018\/01\/Colher.jpg?fit=1200%2C874&ssl=1&resize=350%2C200","width":350,"height":200,"srcset":"https:\/\/i0.wp.com\/gersonguelmann.com.br\/blog\/wp-content\/uploads\/2018\/01\/Colher.jpg?fit=1200%2C874&ssl=1&resize=350%2C200 1x, https:\/\/i0.wp.com\/gersonguelmann.com.br\/blog\/wp-content\/uploads\/2018\/01\/Colher.jpg?fit=1200%2C874&ssl=1&resize=525%2C300 1.5x, https:\/\/i0.wp.com\/gersonguelmann.com.br\/blog\/wp-content\/uploads\/2018\/01\/Colher.jpg?fit=1200%2C874&ssl=1&resize=700%2C400 2x, https:\/\/i0.wp.com\/gersonguelmann.com.br\/blog\/wp-content\/uploads\/2018\/01\/Colher.jpg?fit=1200%2C874&ssl=1&resize=1050%2C600 3x"},"classes":[]},{"id":19592,"url":"https:\/\/gersonguelmann.com.br\/blog\/tres-na-quarta-de-humor-judaico\/","url_meta":{"origin":1388,"position":4},"title":"Tr\u00eas na Quarta de Humor Judaico","author":"Gerson Guelmann","date":"21 de agosto de 2024","format":false,"excerpt":"O C\u00e9u de Cada Um Um Pastor protestante disse a seu amigo Rabino Goldman: - \"Ontem \u00e0 noite, sonhei com o c\u00e9u judaico. Era uma coisa pavorosa, uma desorganiza\u00e7\u00e3o total. Estava cheia de crian\u00e7as correndo, brincando, as pessoas espalhadas por l\u00e1, algumas sentadas, conversando em voz alta, fazendo todo tipo\u2026","rel":"","context":"Em &quot;Sem categoria&quot;","block_context":{"text":"Sem categoria","link":"https:\/\/gersonguelmann.com.br\/blog\/category\/sem-categoria\/"},"img":{"alt_text":"","src":"https:\/\/i0.wp.com\/gersonguelmann.com.br\/blog\/wp-content\/uploads\/2021\/08\/HojePR-scaled.jpg?fit=1200%2C841&ssl=1&resize=350%2C200","width":350,"height":200,"srcset":"https:\/\/i0.wp.com\/gersonguelmann.com.br\/blog\/wp-content\/uploads\/2021\/08\/HojePR-scaled.jpg?fit=1200%2C841&ssl=1&resize=350%2C200 1x, https:\/\/i0.wp.com\/gersonguelmann.com.br\/blog\/wp-content\/uploads\/2021\/08\/HojePR-scaled.jpg?fit=1200%2C841&ssl=1&resize=525%2C300 1.5x, https:\/\/i0.wp.com\/gersonguelmann.com.br\/blog\/wp-content\/uploads\/2021\/08\/HojePR-scaled.jpg?fit=1200%2C841&ssl=1&resize=700%2C400 2x, https:\/\/i0.wp.com\/gersonguelmann.com.br\/blog\/wp-content\/uploads\/2021\/08\/HojePR-scaled.jpg?fit=1200%2C841&ssl=1&resize=1050%2C600 3x"},"classes":[]},{"id":10733,"url":"https:\/\/gersonguelmann.com.br\/blog\/apos-2-700-anos-membros-de-tribo-perdida-retornam-a-israel\/","url_meta":{"origin":1388,"position":5},"title":"Ap\u00f3s 2.700 Anos Membros de Tribo Perdida Retornam a Israel","author":"Gerson Guelmann","date":"24 de mar\u00e7o de 2018","format":false,"excerpt":"\"Ele erguer\u00e1 uma bandeira para as na\u00e7\u00f5es a fim de reunir os exilados de Israel; ajuntar\u00e1 o povo disperso de Jud\u00e1 desde os quatro cantos da terra.\"\u00a0 (Isa\u00edas 11:12) Esta semana mais 200 judeus da tribo de Manass\u00e9s chegaram a Israel. Os chamados \u201cBnei Menashe\u201d vieram juntar-se aos 3.500 que\u2026","rel":"","context":"Em &quot;Sem categoria&quot;","block_context":{"text":"Sem categoria","link":"https:\/\/gersonguelmann.com.br\/blog\/category\/sem-categoria\/"},"img":{"alt_text":"","src":"https:\/\/i0.wp.com\/gersonguelmann.com.br\/blog\/wp-content\/uploads\/2018\/03\/Bnei-Menashe.jpg?fit=660%2C330&ssl=1&resize=350%2C200","width":350,"height":200,"srcset":"https:\/\/i0.wp.com\/gersonguelmann.com.br\/blog\/wp-content\/uploads\/2018\/03\/Bnei-Menashe.jpg?fit=660%2C330&ssl=1&resize=350%2C200 1x, https:\/\/i0.wp.com\/gersonguelmann.com.br\/blog\/wp-content\/uploads\/2018\/03\/Bnei-Menashe.jpg?fit=660%2C330&ssl=1&resize=525%2C300 1.5x"},"classes":[]}],"jetpack_sharing_enabled":true,"post_mailing_queue_ids":[],"_links":{"self":[{"href":"https:\/\/gersonguelmann.com.br\/blog\/wp-json\/wp\/v2\/posts\/1388","targetHints":{"allow":["GET"]}}],"collection":[{"href":"https:\/\/gersonguelmann.com.br\/blog\/wp-json\/wp\/v2\/posts"}],"about":[{"href":"https:\/\/gersonguelmann.com.br\/blog\/wp-json\/wp\/v2\/types\/post"}],"author":[{"embeddable":true,"href":"https:\/\/gersonguelmann.com.br\/blog\/wp-json\/wp\/v2\/users\/5"}],"replies":[{"embeddable":true,"href":"https:\/\/gersonguelmann.com.br\/blog\/wp-json\/wp\/v2\/comments?post=1388"}],"version-history":[{"count":0,"href":"https:\/\/gersonguelmann.com.br\/blog\/wp-json\/wp\/v2\/posts\/1388\/revisions"}],"wp:featuredmedia":[{"embeddable":true,"href":"https:\/\/gersonguelmann.com.br\/blog\/wp-json\/wp\/v2\/media\/1390"}],"wp:attachment":[{"href":"https:\/\/gersonguelmann.com.br\/blog\/wp-json\/wp\/v2\/media?parent=1388"}],"wp:term":[{"taxonomy":"category","embeddable":true,"href":"https:\/\/gersonguelmann.com.br\/blog\/wp-json\/wp\/v2\/categories?post=1388"},{"taxonomy":"post_tag","embeddable":true,"href":"https:\/\/gersonguelmann.com.br\/blog\/wp-json\/wp\/v2\/tags?post=1388"}],"curies":[{"name":"wp","href":"https:\/\/api.w.org\/{rel}","templated":true}]}}