    {"id":1393,"date":"2017-09-04T15:57:20","date_gmt":"2017-09-04T18:57:20","guid":{"rendered":"https:\/\/gersonguelmann.com.br\/blog\/?p=1393"},"modified":"2017-09-04T15:57:20","modified_gmt":"2017-09-04T18:57:20","slug":"gloria-maria-no-ira-do-ativismo-ao-desbunde","status":"publish","type":"post","link":"https:\/\/gersonguelmann.com.br\/blog\/gloria-maria-no-ira-do-ativismo-ao-desbunde\/","title":{"rendered":"Gl\u00f3ria Maria no Ir\u00e3: do ativismo ao desbunde?"},"content":{"rendered":"<p class=\"western\"><span style=\"font-family: tahoma, arial, helvetica, sans-serif; font-size: 14pt; color: #000000;\"><span lang=\"pt-BR\">Na \u00faltima sexta-feira <\/span><span lang=\"pt-BR\">a <em>Globo<\/em> de<\/span><span lang=\"pt-BR\">dicou<\/span><span lang=\"pt-BR\"> o <em>Glob<\/em><\/span><span lang=\"pt-BR\"><em>o Rep\u00f3rter<\/em> ao <em>Ir\u00e3<\/em>. E a jornalista destacada para a cobertura foi a <em>Gl\u00f3ria Maria<\/em>.<\/span> <\/span><\/p>\n<p class=\"western\"><span style=\"font-family: tahoma, arial, helvetica, sans-serif; font-size: 14pt; color: #000000;\"><span lang=\"pt-BR\">A\u00ed eu f<\/span><span lang=\"pt-BR\">ico me<\/span><span lang=\"pt-BR\"> perguntando: porque o <em>Ir\u00e3<\/em> e porque a <em>Gl\u00f3ria Maria<\/em>? \u00c9 de caso pensado? <\/span><\/span><\/p>\n<p class=\"western\"><span style=\"font-family: tahoma, arial, helvetica, sans-serif; font-size: 14pt; color: #000000;\"> <span lang=\"pt-BR\">Que tipo de racioc\u00ednio caolho dita as normas <\/span><span lang=\"pt-BR\">d<\/span><span lang=\"pt-BR\">o jornalismo da Globo?<\/span> <\/span><\/p>\n<p class=\"western\"><span style=\"font-family: tahoma, arial, helvetica, sans-serif; font-size: 14pt; color: #000000;\"><span lang=\"pt-BR\">Mandar para um dos pa\u00edses mais repressores do planeta a jornalista conhecida <\/span><span lang=\"pt-BR\">e respeitada<\/span> <span lang=\"pt-BR\">pelo engajamen<\/span><span lang=\"pt-BR\">t<\/span><span lang=\"pt-BR\">o na luta pelos <\/span><span lang=\"pt-BR\">direi<\/span><span lang=\"pt-BR\">tos das mulheres, <\/span><span lang=\"pt-BR\">especialmente as negras<\/span><span lang=\"pt-BR\">? <\/span><span lang=\"pt-BR\">Deletar o <\/span><span lang=\"pt-BR\">passado <\/span><span lang=\"pt-BR\">dela na <\/span><span lang=\"pt-BR\">defesa dos <\/span><span lang=\"pt-BR\">brasileiros <\/span><span lang=\"pt-BR\">historicamente<\/span> <span lang=\"pt-BR\">oprimidos? <\/span><\/span><\/p>\n<p class=\"western\"><span style=\"font-family: tahoma, arial, helvetica, sans-serif; font-size: 14pt; color: #000000;\"><span lang=\"pt-BR\">Se o objetivo era m<\/span><span lang=\"pt-BR\">os<\/span><span lang=\"pt-BR\">trar<\/span><span lang=\"pt-BR\"> o <em>Ir\u00e3<\/em> como uma esp\u00e9cie de \u201c<\/span><em><span lang=\"pt-BR\">Aiato<\/span><\/em><span lang=\"pt-BR\"><em>l\u00e2ndia<\/em>\u201d, com imagens <\/span><span lang=\"pt-BR\">de cart\u00e3o-postal <\/span><span lang=\"pt-BR\">de um roteiro chapa-branca, parab\u00e9ns, conseguiram.<\/span><\/span><\/p>\n<p class=\"western\"><span style=\"font-family: tahoma, arial, helvetica, sans-serif; font-size: 14pt; color: #000000;\"><span lang=\"pt-BR\">E sabe o que \u00e9 pior? Na pr\u00f3xima sexta-feira tem mais.<\/span><\/span><\/p>\n<p><img data-recalc-dims=\"1\" fetchpriority=\"high\" decoding=\"async\" data-attachment-id=\"1394\" data-permalink=\"https:\/\/gersonguelmann.com.br\/blog\/gloria-maria-no-ira-do-ativismo-ao-desbunde\/ira\/\" data-orig-file=\"https:\/\/i0.wp.com\/gersonguelmann.com.br\/blog\/wp-content\/uploads\/2017\/09\/Ir%C3%A3.jpg?fit=700%2C470&amp;ssl=1\" data-orig-size=\"700,470\" data-comments-opened=\"1\" data-image-meta=\"{&quot;aperture&quot;:&quot;0&quot;,&quot;credit&quot;:&quot;&quot;,&quot;camera&quot;:&quot;&quot;,&quot;caption&quot;:&quot;&quot;,&quot;created_timestamp&quot;:&quot;0&quot;,&quot;copyright&quot;:&quot;&quot;,&quot;focal_length&quot;:&quot;0&quot;,&quot;iso&quot;:&quot;0&quot;,&quot;shutter_speed&quot;:&quot;0&quot;,&quot;title&quot;:&quot;&quot;,&quot;orientation&quot;:&quot;1&quot;}\" data-image-title=\"Ir\u00e3\" data-image-description=\"\" data-image-caption=\"\" data-medium-file=\"https:\/\/i0.wp.com\/gersonguelmann.com.br\/blog\/wp-content\/uploads\/2017\/09\/Ir%C3%A3.jpg?fit=300%2C201&amp;ssl=1\" data-large-file=\"https:\/\/i0.wp.com\/gersonguelmann.com.br\/blog\/wp-content\/uploads\/2017\/09\/Ir%C3%A3.jpg?fit=640%2C430&amp;ssl=1\" class=\"size-medium wp-image-1394 aligncenter\" src=\"https:\/\/i0.wp.com\/gersonguelmann.com.br\/blog\/wp-content\/uploads\/2017\/09\/Ir%C3%A3.jpg?resize=300%2C201&#038;ssl=1\" alt=\"\" width=\"300\" height=\"201\" srcset=\"https:\/\/i0.wp.com\/gersonguelmann.com.br\/blog\/wp-content\/uploads\/2017\/09\/Ir%C3%A3.jpg?resize=300%2C201&amp;ssl=1 300w, https:\/\/i0.wp.com\/gersonguelmann.com.br\/blog\/wp-content\/uploads\/2017\/09\/Ir%C3%A3.jpg?w=700&amp;ssl=1 700w\" sizes=\"(max-width: 300px) 100vw, 300px\" \/><\/p>\n<p style=\"text-align: center;\"><span style=\"font-size: 14pt;\"><em><span style=\"color: #000000; font-family: tahoma, arial, helvetica, sans-serif;\">Gl\u00f3ria Maria com a equipe do Globo Rep\u00f3rter<\/span><\/em><\/span><br \/>\n<span style=\"font-size: 12pt;\"><em><span style=\"color: #000000; font-family: tahoma, arial, helvetica, sans-serif;\"><small>Reprodu\u00e7\u00e3o Instragram &#8211; Jornal O Dia<\/small><\/span><\/em><\/span><\/p>\n","protected":false},"excerpt":{"rendered":"<p>Na \u00faltima sexta-feira a Globo dedicou o Globo Rep\u00f3rter ao Ir\u00e3. E a jornalista destacada para a cobertura foi a Gl\u00f3ria Maria. A\u00ed eu fico me perguntando: porque o Ir\u00e3 e porque a Gl\u00f3ria Maria? \u00c9 de caso pensado? Que tipo de racioc\u00ednio caolho dita as normas do jornalismo da Globo? Mandar para um dos [&hellip;]<\/p>\n","protected":false},"author":5,"featured_media":1394,"comment_status":"open","ping_status":"open","sticky":false,"template":"","format":"standard","meta":{"_acf_changed":false,"jetpack_post_was_ever_published":false,"_jetpack_newsletter_access":"","_jetpack_dont_email_post_to_subs":false,"_jetpack_newsletter_tier_id":0,"_jetpack_memberships_contains_paywalled_content":false,"_jetpack_memberships_contains_paid_content":false,"footnotes":"","jetpack_publicize_message":"","jetpack_publicize_feature_enabled":true,"jetpack_social_post_already_shared":true,"jetpack_social_options":{"image_generator_settings":{"template":"highway","default_image_id":0,"font":"","enabled":false},"version":2}},"categories":[1],"tags":[],"class_list":["post-1393","post","type-post","status-publish","format-standard","has-post-thumbnail","hentry","category-sem-categoria"],"acf":[],"yoast_head":"<!-- This site is optimized with the Yoast SEO plugin v27.3 - https:\/\/yoast.com\/product\/yoast-seo-wordpress\/ -->\n<title>Gl\u00f3ria Maria no Ir\u00e3: do ativismo ao desbunde? | Blog do Guelmann<\/title>\n<meta name=\"robots\" content=\"index, follow, max-snippet:-1, max-image-preview:large, max-video-preview:-1\" \/>\n<link rel=\"canonical\" href=\"https:\/\/gersonguelmann.com.br\/blog\/gloria-maria-no-ira-do-ativismo-ao-desbunde\/\" \/>\n<meta property=\"og:locale\" content=\"pt_BR\" \/>\n<meta property=\"og:type\" content=\"article\" \/>\n<meta property=\"og:title\" content=\"Gl\u00f3ria Maria no Ir\u00e3: do ativismo ao desbunde? | Blog do Guelmann\" \/>\n<meta property=\"og:description\" content=\"Na \u00faltima sexta-feira a Globo dedicou o Globo Rep\u00f3rter ao Ir\u00e3. E a jornalista destacada para a cobertura foi a Gl\u00f3ria Maria. A\u00ed eu fico me perguntando: porque o Ir\u00e3 e porque a Gl\u00f3ria Maria? \u00c9 de caso pensado? Que tipo de racioc\u00ednio caolho dita as normas do jornalismo da Globo? Mandar para um dos [&hellip;]\" \/>\n<meta property=\"og:url\" content=\"https:\/\/gersonguelmann.com.br\/blog\/gloria-maria-no-ira-do-ativismo-ao-desbunde\/\" \/>\n<meta property=\"og:site_name\" content=\"Blog do Guelmann\" \/>\n<meta property=\"article:published_time\" content=\"2017-09-04T18:57:20+00:00\" \/>\n<meta property=\"og:image\" content=\"https:\/\/i0.wp.com\/gersonguelmann.com.br\/blog\/wp-content\/uploads\/2017\/09\/Ir\u00e3.jpg?fit=700%2C470&ssl=1\" \/>\n\t<meta property=\"og:image:width\" content=\"700\" \/>\n\t<meta property=\"og:image:height\" content=\"470\" \/>\n\t<meta property=\"og:image:type\" content=\"image\/jpeg\" \/>\n<meta name=\"author\" content=\"Gerson Guelmann\" \/>\n<meta name=\"twitter:card\" content=\"summary_large_image\" \/>\n<meta name=\"twitter:label1\" content=\"Escrito por\" \/>\n\t<meta name=\"twitter:data1\" content=\"Gerson Guelmann\" \/>\n\t<meta name=\"twitter:label2\" content=\"Est. tempo de leitura\" \/>\n\t<meta name=\"twitter:data2\" content=\"1 minuto\" \/>\n<script type=\"application\/ld+json\" class=\"yoast-schema-graph\">{\"@context\":\"https:\\\/\\\/schema.org\",\"@graph\":[{\"@type\":\"Article\",\"@id\":\"https:\\\/\\\/gersonguelmann.com.br\\\/blog\\\/gloria-maria-no-ira-do-ativismo-ao-desbunde\\\/#article\",\"isPartOf\":{\"@id\":\"https:\\\/\\\/gersonguelmann.com.br\\\/blog\\\/gloria-maria-no-ira-do-ativismo-ao-desbunde\\\/\"},\"author\":{\"name\":\"Gerson Guelmann\",\"@id\":\"https:\\\/\\\/gersonguelmann.com.br\\\/blog\\\/#\\\/schema\\\/person\\\/87e70e2a786888082f941a482c90569e\"},\"headline\":\"Gl\u00f3ria Maria no Ir\u00e3: do ativismo ao desbunde?\",\"datePublished\":\"2017-09-04T18:57:20+00:00\",\"mainEntityOfPage\":{\"@id\":\"https:\\\/\\\/gersonguelmann.com.br\\\/blog\\\/gloria-maria-no-ira-do-ativismo-ao-desbunde\\\/\"},\"wordCount\":163,\"commentCount\":1,\"image\":{\"@id\":\"https:\\\/\\\/gersonguelmann.com.br\\\/blog\\\/gloria-maria-no-ira-do-ativismo-ao-desbunde\\\/#primaryimage\"},\"thumbnailUrl\":\"https:\\\/\\\/i0.wp.com\\\/gersonguelmann.com.br\\\/blog\\\/wp-content\\\/uploads\\\/2017\\\/09\\\/Ir%C3%A3.jpg?fit=700%2C470&ssl=1\",\"inLanguage\":\"pt-BR\",\"potentialAction\":[{\"@type\":\"CommentAction\",\"name\":\"Comment\",\"target\":[\"https:\\\/\\\/gersonguelmann.com.br\\\/blog\\\/gloria-maria-no-ira-do-ativismo-ao-desbunde\\\/#respond\"]}]},{\"@type\":\"WebPage\",\"@id\":\"https:\\\/\\\/gersonguelmann.com.br\\\/blog\\\/gloria-maria-no-ira-do-ativismo-ao-desbunde\\\/\",\"url\":\"https:\\\/\\\/gersonguelmann.com.br\\\/blog\\\/gloria-maria-no-ira-do-ativismo-ao-desbunde\\\/\",\"name\":\"Gl\u00f3ria Maria no Ir\u00e3: do ativismo ao desbunde? | Blog do Guelmann\",\"isPartOf\":{\"@id\":\"https:\\\/\\\/gersonguelmann.com.br\\\/blog\\\/#website\"},\"primaryImageOfPage\":{\"@id\":\"https:\\\/\\\/gersonguelmann.com.br\\\/blog\\\/gloria-maria-no-ira-do-ativismo-ao-desbunde\\\/#primaryimage\"},\"image\":{\"@id\":\"https:\\\/\\\/gersonguelmann.com.br\\\/blog\\\/gloria-maria-no-ira-do-ativismo-ao-desbunde\\\/#primaryimage\"},\"thumbnailUrl\":\"https:\\\/\\\/i0.wp.com\\\/gersonguelmann.com.br\\\/blog\\\/wp-content\\\/uploads\\\/2017\\\/09\\\/Ir%C3%A3.jpg?fit=700%2C470&ssl=1\",\"datePublished\":\"2017-09-04T18:57:20+00:00\",\"author\":{\"@id\":\"https:\\\/\\\/gersonguelmann.com.br\\\/blog\\\/#\\\/schema\\\/person\\\/87e70e2a786888082f941a482c90569e\"},\"inLanguage\":\"pt-BR\",\"potentialAction\":[{\"@type\":\"ReadAction\",\"target\":[\"https:\\\/\\\/gersonguelmann.com.br\\\/blog\\\/gloria-maria-no-ira-do-ativismo-ao-desbunde\\\/\"]}]},{\"@type\":\"ImageObject\",\"inLanguage\":\"pt-BR\",\"@id\":\"https:\\\/\\\/gersonguelmann.com.br\\\/blog\\\/gloria-maria-no-ira-do-ativismo-ao-desbunde\\\/#primaryimage\",\"url\":\"https:\\\/\\\/i0.wp.com\\\/gersonguelmann.com.br\\\/blog\\\/wp-content\\\/uploads\\\/2017\\\/09\\\/Ir%C3%A3.jpg?fit=700%2C470&ssl=1\",\"contentUrl\":\"https:\\\/\\\/i0.wp.com\\\/gersonguelmann.com.br\\\/blog\\\/wp-content\\\/uploads\\\/2017\\\/09\\\/Ir%C3%A3.jpg?fit=700%2C470&ssl=1\",\"width\":700,\"height\":470},{\"@type\":\"WebSite\",\"@id\":\"https:\\\/\\\/gersonguelmann.com.br\\\/blog\\\/#website\",\"url\":\"https:\\\/\\\/gersonguelmann.com.br\\\/blog\\\/\",\"name\":\"Blog do Guelmann\",\"description\":\"Pitadas da sabedoria e do humor judaicos, assuntos do momento e um pouco das hist\u00f3rias que vivi e testemunhei.\",\"potentialAction\":[{\"@type\":\"SearchAction\",\"target\":{\"@type\":\"EntryPoint\",\"urlTemplate\":\"https:\\\/\\\/gersonguelmann.com.br\\\/blog\\\/?s={search_term_string}\"},\"query-input\":{\"@type\":\"PropertyValueSpecification\",\"valueRequired\":true,\"valueName\":\"search_term_string\"}}],\"inLanguage\":\"pt-BR\"},{\"@type\":\"Person\",\"@id\":\"https:\\\/\\\/gersonguelmann.com.br\\\/blog\\\/#\\\/schema\\\/person\\\/87e70e2a786888082f941a482c90569e\",\"name\":\"Gerson Guelmann\",\"image\":{\"@type\":\"ImageObject\",\"inLanguage\":\"pt-BR\",\"@id\":\"https:\\\/\\\/i0.wp.com\\\/gersonguelmann.com.br\\\/blog\\\/wp-content\\\/uploads\\\/2021\\\/08\\\/BLOG.jpeg?fit=96%2C96&ssl=1\",\"url\":\"https:\\\/\\\/i0.wp.com\\\/gersonguelmann.com.br\\\/blog\\\/wp-content\\\/uploads\\\/2021\\\/08\\\/BLOG.jpeg?fit=96%2C96&ssl=1\",\"contentUrl\":\"https:\\\/\\\/i0.wp.com\\\/gersonguelmann.com.br\\\/blog\\\/wp-content\\\/uploads\\\/2021\\\/08\\\/BLOG.jpeg?fit=96%2C96&ssl=1\",\"caption\":\"Gerson Guelmann\"},\"description\":\"Pitadas da sabedoria e do humor judaicos, assuntos do momento e um pouco das hist\u00f3rias que vivi e testemunhei.\"}]}<\/script>\n<!-- \/ Yoast SEO plugin. -->","yoast_head_json":{"title":"Gl\u00f3ria Maria no Ir\u00e3: do ativismo ao desbunde? | Blog do Guelmann","robots":{"index":"index","follow":"follow","max-snippet":"max-snippet:-1","max-image-preview":"max-image-preview:large","max-video-preview":"max-video-preview:-1"},"canonical":"https:\/\/gersonguelmann.com.br\/blog\/gloria-maria-no-ira-do-ativismo-ao-desbunde\/","og_locale":"pt_BR","og_type":"article","og_title":"Gl\u00f3ria Maria no Ir\u00e3: do ativismo ao desbunde? | Blog do Guelmann","og_description":"Na \u00faltima sexta-feira a Globo dedicou o Globo Rep\u00f3rter ao Ir\u00e3. E a jornalista destacada para a cobertura foi a Gl\u00f3ria Maria. A\u00ed eu fico me perguntando: porque o Ir\u00e3 e porque a Gl\u00f3ria Maria? \u00c9 de caso pensado? Que tipo de racioc\u00ednio caolho dita as normas do jornalismo da Globo? Mandar para um dos [&hellip;]","og_url":"https:\/\/gersonguelmann.com.br\/blog\/gloria-maria-no-ira-do-ativismo-ao-desbunde\/","og_site_name":"Blog do Guelmann","article_published_time":"2017-09-04T18:57:20+00:00","og_image":[{"width":700,"height":470,"url":"https:\/\/i0.wp.com\/gersonguelmann.com.br\/blog\/wp-content\/uploads\/2017\/09\/Ir\u00e3.jpg?fit=700%2C470&ssl=1","type":"image\/jpeg"}],"author":"Gerson Guelmann","twitter_card":"summary_large_image","twitter_misc":{"Escrito por":"Gerson Guelmann","Est. tempo de leitura":"1 minuto"},"schema":{"@context":"https:\/\/schema.org","@graph":[{"@type":"Article","@id":"https:\/\/gersonguelmann.com.br\/blog\/gloria-maria-no-ira-do-ativismo-ao-desbunde\/#article","isPartOf":{"@id":"https:\/\/gersonguelmann.com.br\/blog\/gloria-maria-no-ira-do-ativismo-ao-desbunde\/"},"author":{"name":"Gerson Guelmann","@id":"https:\/\/gersonguelmann.com.br\/blog\/#\/schema\/person\/87e70e2a786888082f941a482c90569e"},"headline":"Gl\u00f3ria Maria no Ir\u00e3: do ativismo ao desbunde?","datePublished":"2017-09-04T18:57:20+00:00","mainEntityOfPage":{"@id":"https:\/\/gersonguelmann.com.br\/blog\/gloria-maria-no-ira-do-ativismo-ao-desbunde\/"},"wordCount":163,"commentCount":1,"image":{"@id":"https:\/\/gersonguelmann.com.br\/blog\/gloria-maria-no-ira-do-ativismo-ao-desbunde\/#primaryimage"},"thumbnailUrl":"https:\/\/i0.wp.com\/gersonguelmann.com.br\/blog\/wp-content\/uploads\/2017\/09\/Ir%C3%A3.jpg?fit=700%2C470&ssl=1","inLanguage":"pt-BR","potentialAction":[{"@type":"CommentAction","name":"Comment","target":["https:\/\/gersonguelmann.com.br\/blog\/gloria-maria-no-ira-do-ativismo-ao-desbunde\/#respond"]}]},{"@type":"WebPage","@id":"https:\/\/gersonguelmann.com.br\/blog\/gloria-maria-no-ira-do-ativismo-ao-desbunde\/","url":"https:\/\/gersonguelmann.com.br\/blog\/gloria-maria-no-ira-do-ativismo-ao-desbunde\/","name":"Gl\u00f3ria Maria no Ir\u00e3: do ativismo ao desbunde? | Blog do Guelmann","isPartOf":{"@id":"https:\/\/gersonguelmann.com.br\/blog\/#website"},"primaryImageOfPage":{"@id":"https:\/\/gersonguelmann.com.br\/blog\/gloria-maria-no-ira-do-ativismo-ao-desbunde\/#primaryimage"},"image":{"@id":"https:\/\/gersonguelmann.com.br\/blog\/gloria-maria-no-ira-do-ativismo-ao-desbunde\/#primaryimage"},"thumbnailUrl":"https:\/\/i0.wp.com\/gersonguelmann.com.br\/blog\/wp-content\/uploads\/2017\/09\/Ir%C3%A3.jpg?fit=700%2C470&ssl=1","datePublished":"2017-09-04T18:57:20+00:00","author":{"@id":"https:\/\/gersonguelmann.com.br\/blog\/#\/schema\/person\/87e70e2a786888082f941a482c90569e"},"inLanguage":"pt-BR","potentialAction":[{"@type":"ReadAction","target":["https:\/\/gersonguelmann.com.br\/blog\/gloria-maria-no-ira-do-ativismo-ao-desbunde\/"]}]},{"@type":"ImageObject","inLanguage":"pt-BR","@id":"https:\/\/gersonguelmann.com.br\/blog\/gloria-maria-no-ira-do-ativismo-ao-desbunde\/#primaryimage","url":"https:\/\/i0.wp.com\/gersonguelmann.com.br\/blog\/wp-content\/uploads\/2017\/09\/Ir%C3%A3.jpg?fit=700%2C470&ssl=1","contentUrl":"https:\/\/i0.wp.com\/gersonguelmann.com.br\/blog\/wp-content\/uploads\/2017\/09\/Ir%C3%A3.jpg?fit=700%2C470&ssl=1","width":700,"height":470},{"@type":"WebSite","@id":"https:\/\/gersonguelmann.com.br\/blog\/#website","url":"https:\/\/gersonguelmann.com.br\/blog\/","name":"Blog do Guelmann","description":"Pitadas da sabedoria e do humor judaicos, assuntos do momento e um pouco das hist\u00f3rias que vivi e testemunhei.","potentialAction":[{"@type":"SearchAction","target":{"@type":"EntryPoint","urlTemplate":"https:\/\/gersonguelmann.com.br\/blog\/?s={search_term_string}"},"query-input":{"@type":"PropertyValueSpecification","valueRequired":true,"valueName":"search_term_string"}}],"inLanguage":"pt-BR"},{"@type":"Person","@id":"https:\/\/gersonguelmann.com.br\/blog\/#\/schema\/person\/87e70e2a786888082f941a482c90569e","name":"Gerson Guelmann","image":{"@type":"ImageObject","inLanguage":"pt-BR","@id":"https:\/\/i0.wp.com\/gersonguelmann.com.br\/blog\/wp-content\/uploads\/2021\/08\/BLOG.jpeg?fit=96%2C96&ssl=1","url":"https:\/\/i0.wp.com\/gersonguelmann.com.br\/blog\/wp-content\/uploads\/2021\/08\/BLOG.jpeg?fit=96%2C96&ssl=1","contentUrl":"https:\/\/i0.wp.com\/gersonguelmann.com.br\/blog\/wp-content\/uploads\/2021\/08\/BLOG.jpeg?fit=96%2C96&ssl=1","caption":"Gerson Guelmann"},"description":"Pitadas da sabedoria e do humor judaicos, assuntos do momento e um pouco das hist\u00f3rias que vivi e testemunhei."}]}},"views":39,"jetpack_publicize_connections":[],"jetpack_featured_media_url":"https:\/\/i0.wp.com\/gersonguelmann.com.br\/blog\/wp-content\/uploads\/2017\/09\/Ir%C3%A3.jpg?fit=700%2C470&ssl=1","jetpack_shortlink":"https:\/\/wp.me\/p96e7O-mt","jetpack-related-posts":[{"id":17878,"url":"https:\/\/gersonguelmann.com.br\/blog\/quer-saber-porque-o-piquet-nunca-trabalhou-na-globo\/","url_meta":{"origin":1393,"position":0},"title":"Quer Saber Porque o Piquet Nunca Trabalhou na Globo?","author":"Gerson Guelmann","date":"3 de agosto de 2019","format":false,"excerpt":"Foto: Wikip\u00e9dia Nelson Piquet \u00e9 conhecido pela franqueza com que aborda todos os assuntos e responde aos questionamentos. Por essa raz\u00e3o as hist\u00f3rias que contam sobre ele normalmente s\u00e3o muito engra\u00e7adas. De algumas existem apenas relatos e de outras h\u00e1 v\u00eddeos onde, fazendo jus \u00e0 fama, ele n\u00e3o poupa os\u2026","rel":"","context":"Em &quot;Sem categoria&quot;","block_context":{"text":"Sem categoria","link":"https:\/\/gersonguelmann.com.br\/blog\/category\/sem-categoria\/"},"img":{"alt_text":"","src":"https:\/\/i0.wp.com\/gersonguelmann.com.br\/blog\/wp-content\/uploads\/2019\/08\/NP.jpg?resize=350%2C200&ssl=1","width":350,"height":200},"classes":[]},{"id":21807,"url":"https:\/\/gersonguelmann.com.br\/blog\/moishe-sol-e-ira-na-sala-de-espera-do-medico\/","url_meta":{"origin":1393,"position":1},"title":"Moishe, Sol e Ira na Sala de Espera do M\u00e9dico","author":"Gerson Guelmann","date":"20 de mar\u00e7o de 2021","format":false,"excerpt":"Moishe, Sol e Ira est\u00e3o na sala de espera do consult\u00f3rio m\u00e9dico. Eles come\u00e7am a falar sobre porque est\u00e3o indo ver o Dr. Stein. Moishe diz: - \"Desde que fiz 65 anos no m\u00eas passado, acordo todas as manh\u00e3s as 5h para fazer xixi. Levanto, vou ao banheiro, e... Nem\u2026","rel":"","context":"Em &quot;Sem categoria&quot;","block_context":{"text":"Sem categoria","link":"https:\/\/gersonguelmann.com.br\/blog\/category\/sem-categoria\/"},"img":{"alt_text":"","src":"https:\/\/i0.wp.com\/gersonguelmann.com.br\/blog\/wp-content\/uploads\/2021\/03\/nurse-pushing-wheelchair-scaled.jpg?fit=1200%2C800&ssl=1&resize=350%2C200","width":350,"height":200,"srcset":"https:\/\/i0.wp.com\/gersonguelmann.com.br\/blog\/wp-content\/uploads\/2021\/03\/nurse-pushing-wheelchair-scaled.jpg?fit=1200%2C800&ssl=1&resize=350%2C200 1x, https:\/\/i0.wp.com\/gersonguelmann.com.br\/blog\/wp-content\/uploads\/2021\/03\/nurse-pushing-wheelchair-scaled.jpg?fit=1200%2C800&ssl=1&resize=525%2C300 1.5x, https:\/\/i0.wp.com\/gersonguelmann.com.br\/blog\/wp-content\/uploads\/2021\/03\/nurse-pushing-wheelchair-scaled.jpg?fit=1200%2C800&ssl=1&resize=700%2C400 2x, https:\/\/i0.wp.com\/gersonguelmann.com.br\/blog\/wp-content\/uploads\/2021\/03\/nurse-pushing-wheelchair-scaled.jpg?fit=1200%2C800&ssl=1&resize=1050%2C600 3x"},"classes":[]},{"id":13833,"url":"https:\/\/gersonguelmann.com.br\/blog\/israel-oferece-ajuda-ao-povo-do-ira\/","url_meta":{"origin":1393,"position":2},"title":"Israel Oferece Ajuda ao Povo do Ir\u00e3","author":"Gerson Guelmann","date":"10 de junho de 2018","format":false,"excerpt":"O Primeiro-Ministro de Israel,\u00a0Benjamin Netanyahu, publicou hoje um v\u00eddeo oferecendo apoio \u00e0 popula\u00e7\u00e3o iraniana em raz\u00e3o da seca que assola o pa\u00eds. Em raz\u00e3o da impossibilidade de os t\u00e9cnicos entrarem no Ir\u00e3, Israel est\u00e1 disponibilizando um site em farsi, a l\u00edngua persa, para que os agricultores tenham acesso \u00e0 tecnologia\u2026","rel":"","context":"Em &quot;Sem categoria&quot;","block_context":{"text":"Sem categoria","link":"https:\/\/gersonguelmann.com.br\/blog\/category\/sem-categoria\/"},"img":{"alt_text":"","src":"https:\/\/i0.wp.com\/gersonguelmann.com.br\/blog\/wp-content\/uploads\/2018\/06\/Aquanos-Israel.jpg?fit=1200%2C543&ssl=1&resize=350%2C200","width":350,"height":200,"srcset":"https:\/\/i0.wp.com\/gersonguelmann.com.br\/blog\/wp-content\/uploads\/2018\/06\/Aquanos-Israel.jpg?fit=1200%2C543&ssl=1&resize=350%2C200 1x, https:\/\/i0.wp.com\/gersonguelmann.com.br\/blog\/wp-content\/uploads\/2018\/06\/Aquanos-Israel.jpg?fit=1200%2C543&ssl=1&resize=525%2C300 1.5x, https:\/\/i0.wp.com\/gersonguelmann.com.br\/blog\/wp-content\/uploads\/2018\/06\/Aquanos-Israel.jpg?fit=1200%2C543&ssl=1&resize=700%2C400 2x, https:\/\/i0.wp.com\/gersonguelmann.com.br\/blog\/wp-content\/uploads\/2018\/06\/Aquanos-Israel.jpg?fit=1200%2C543&ssl=1&resize=1050%2C600 3x"},"classes":[]},{"id":21444,"url":"https:\/\/gersonguelmann.com.br\/blog\/brasil-globo-bolsonaro-israel-pfizer-vacina\/","url_meta":{"origin":1393,"position":3},"title":"Brasil, Globo, Bolsonaro, Israel, Pfizer, Vacina","author":"Gerson Guelmann","date":"15 de fevereiro de 2021","format":false,"excerpt":"Parece uma salada de palavras, mas vou ordenar. H\u00e1 poucos dias comentei sobre a s\u00fabita e surpreendente isen\u00e7\u00e3o da Globo quando o assunto \u00e9 o \u00eaxito obtido por Israel na vacina\u00e7\u00e3o contra o Covid-19. No artigo em que tratei de manifesta\u00e7\u00e3o antissemita acerca do sucesso israelense, escrevi que muitos judeus\u2026","rel":"","context":"Em &quot;Sem categoria&quot;","block_context":{"text":"Sem categoria","link":"https:\/\/gersonguelmann.com.br\/blog\/category\/sem-categoria\/"},"img":{"alt_text":"","src":"https:\/\/i0.wp.com\/gersonguelmann.com.br\/blog\/wp-content\/uploads\/2021\/02\/VACINA.jpeg?fit=678%2C381&ssl=1&resize=350%2C200","width":350,"height":200,"srcset":"https:\/\/i0.wp.com\/gersonguelmann.com.br\/blog\/wp-content\/uploads\/2021\/02\/VACINA.jpeg?fit=678%2C381&ssl=1&resize=350%2C200 1x, https:\/\/i0.wp.com\/gersonguelmann.com.br\/blog\/wp-content\/uploads\/2021\/02\/VACINA.jpeg?fit=678%2C381&ssl=1&resize=525%2C300 1.5x"},"classes":[]},{"id":19600,"url":"https:\/\/gersonguelmann.com.br\/blog\/um-curitibano-que-sabe-das-coisas-analisa-a-morte-do-general-iraniano\/","url_meta":{"origin":1393,"position":4},"title":"Um Curitibano Que Sabe das Coisas Analisa a Morte do General Iraniano","author":"Gerson Guelmann","date":"3 de janeiro de 2020","format":false,"excerpt":"O Gabriel Paciornik, Curitibano radicado em Israel h\u00e1 muitos anos e conhecido pelas oportunas e muito bem fundamentadas abordagens dos assuntos relacionados ao Oriente M\u00e9dio, publicou hoje no site Conex\u00e3o Israel uma \u00f3tima an\u00e1lise sobre a morte do general iraniano Qasem Suleimani. Vamos \u00e0 ela: Qasem Suleimani era, para Israel,\u2026","rel":"","context":"Em &quot;Sem categoria&quot;","block_context":{"text":"Sem categoria","link":"https:\/\/gersonguelmann.com.br\/blog\/category\/sem-categoria\/"},"img":{"alt_text":"","src":"https:\/\/i0.wp.com\/gersonguelmann.com.br\/blog\/wp-content\/uploads\/2020\/01\/Qasem-Suleimani.jpg?fit=800%2C1200&ssl=1&resize=350%2C200","width":350,"height":200,"srcset":"https:\/\/i0.wp.com\/gersonguelmann.com.br\/blog\/wp-content\/uploads\/2020\/01\/Qasem-Suleimani.jpg?fit=800%2C1200&ssl=1&resize=350%2C200 1x, https:\/\/i0.wp.com\/gersonguelmann.com.br\/blog\/wp-content\/uploads\/2020\/01\/Qasem-Suleimani.jpg?fit=800%2C1200&ssl=1&resize=525%2C300 1.5x, https:\/\/i0.wp.com\/gersonguelmann.com.br\/blog\/wp-content\/uploads\/2020\/01\/Qasem-Suleimani.jpg?fit=800%2C1200&ssl=1&resize=700%2C400 2x"},"classes":[]},{"id":19652,"url":"https:\/\/gersonguelmann.com.br\/blog\/mais-uma-analise-sobre-a-morte-do-general-iraniano\/","url_meta":{"origin":1393,"position":5},"title":"Mais uma an\u00e1lise sobre a morte do general iraniano","author":"Gerson Guelmann","date":"9 de janeiro de 2020","format":false,"excerpt":"O Gabriel Paciornik trouxe no Conex\u00e3o Israel mais uma \u00f3tima abordagem sobre a geopol\u00edtica no Oriente M\u00e9dio ap\u00f3s a morte de Qasem Suleimani. O Gabriel publicou o artigo h\u00e1 alguns dias, mas a an\u00e1lise mantem-se plenamente atual. Lembro que o olhar dele \u00e9 de algu\u00e9m que vive em Israel h\u00e1\u2026","rel":"","context":"Em &quot;Sem categoria&quot;","block_context":{"text":"Sem categoria","link":"https:\/\/gersonguelmann.com.br\/blog\/category\/sem-categoria\/"},"img":{"alt_text":"","src":"https:\/\/i0.wp.com\/gersonguelmann.com.br\/blog\/wp-content\/uploads\/2020\/01\/Ir%C3%A3.jpeg?fit=1200%2C722&ssl=1&resize=350%2C200","width":350,"height":200,"srcset":"https:\/\/i0.wp.com\/gersonguelmann.com.br\/blog\/wp-content\/uploads\/2020\/01\/Ir%C3%A3.jpeg?fit=1200%2C722&ssl=1&resize=350%2C200 1x, https:\/\/i0.wp.com\/gersonguelmann.com.br\/blog\/wp-content\/uploads\/2020\/01\/Ir%C3%A3.jpeg?fit=1200%2C722&ssl=1&resize=525%2C300 1.5x, https:\/\/i0.wp.com\/gersonguelmann.com.br\/blog\/wp-content\/uploads\/2020\/01\/Ir%C3%A3.jpeg?fit=1200%2C722&ssl=1&resize=700%2C400 2x, https:\/\/i0.wp.com\/gersonguelmann.com.br\/blog\/wp-content\/uploads\/2020\/01\/Ir%C3%A3.jpeg?fit=1200%2C722&ssl=1&resize=1050%2C600 3x"},"classes":[]}],"jetpack_sharing_enabled":true,"post_mailing_queue_ids":[],"_links":{"self":[{"href":"https:\/\/gersonguelmann.com.br\/blog\/wp-json\/wp\/v2\/posts\/1393","targetHints":{"allow":["GET"]}}],"collection":[{"href":"https:\/\/gersonguelmann.com.br\/blog\/wp-json\/wp\/v2\/posts"}],"about":[{"href":"https:\/\/gersonguelmann.com.br\/blog\/wp-json\/wp\/v2\/types\/post"}],"author":[{"embeddable":true,"href":"https:\/\/gersonguelmann.com.br\/blog\/wp-json\/wp\/v2\/users\/5"}],"replies":[{"embeddable":true,"href":"https:\/\/gersonguelmann.com.br\/blog\/wp-json\/wp\/v2\/comments?post=1393"}],"version-history":[{"count":0,"href":"https:\/\/gersonguelmann.com.br\/blog\/wp-json\/wp\/v2\/posts\/1393\/revisions"}],"wp:featuredmedia":[{"embeddable":true,"href":"https:\/\/gersonguelmann.com.br\/blog\/wp-json\/wp\/v2\/media\/1394"}],"wp:attachment":[{"href":"https:\/\/gersonguelmann.com.br\/blog\/wp-json\/wp\/v2\/media?parent=1393"}],"wp:term":[{"taxonomy":"category","embeddable":true,"href":"https:\/\/gersonguelmann.com.br\/blog\/wp-json\/wp\/v2\/categories?post=1393"},{"taxonomy":"post_tag","embeddable":true,"href":"https:\/\/gersonguelmann.com.br\/blog\/wp-json\/wp\/v2\/tags?post=1393"}],"curies":[{"name":"wp","href":"https:\/\/api.w.org\/{rel}","templated":true}]}}