    {"id":13954,"date":"2025-11-03T19:49:35","date_gmt":"2025-11-03T22:49:35","guid":{"rendered":"https:\/\/gersonguelmann.com.br\/blog\/?p=13954"},"modified":"2025-11-04T11:43:45","modified_gmt":"2025-11-04T14:43:45","slug":"o-que-a-vida-nao-decide-por-nos","status":"publish","type":"post","link":"https:\/\/gersonguelmann.com.br\/blog\/o-que-a-vida-nao-decide-por-nos\/","title":{"rendered":"O Que a Vida N\u00e3o Decide Por N\u00f3s"},"content":{"rendered":"<p data-start=\"354\" data-end=\"482\"><span style=\"color: #000000; font-family: tahoma, arial, helvetica, sans-serif; font-size: 18pt;\"><em data-start=\"354\" data-end=\"482\">\u00c0s v\u00e9speras dos 78 anos, um olhar sereno sobre o tempo, as perdas, os filhos e as decis\u00f5es que n\u00e3o podemos delegar ao destino.<\/em><\/span><\/p>\n<hr data-start=\"484\" data-end=\"487\" \/>\n<p data-start=\"230\" data-end=\"395\"><span style=\"color: #000000; font-family: tahoma, arial, helvetica, sans-serif; font-size: 18pt;\">Prestes a completar 78 anos &#8211; n\u00e3o \u00e9 segredo, ser\u00e1, <em data-start=\"281\" data-end=\"286\">BzH<\/em> (*), neste dia 8 &#8211; tenho pensado cada vez mais sobre o tempo, esse juiz implac\u00e1vel que n\u00e3o aceita acordos, n\u00e3o negocia com ningu\u00e9m.<br \/>\n<\/span><span style=\"color: #000000; font-family: tahoma, arial, helvetica, sans-serif; font-size: 18pt;\">Os amigos mais pr\u00f3ximos sabem que, aos 17, perdi pai, m\u00e3e e duas irm\u00e3s num acidente. Talvez por isso, vivi muito tempo com o receio de morrer jovem e deixar meus quatro filhos (do primeiro casamento) \u00f3rf\u00e3os de pai.<br \/>\n<\/span><span style=\"color: #000000; font-family: tahoma, arial, helvetica, sans-serif; font-size: 18pt;\">O tempo, no entanto, mostrou-me o contr\u00e1rio. A vida me deu tamb\u00e9m mais dois filhos &#8211; os do primeiro casamento de minha segunda esposa &#8211; que acolhi e amo como meus.<br \/>\n<\/span><span style=\"color: #000000; font-family: tahoma, arial, helvetica, sans-serif; font-size: 18pt;\">Foi acompanhando o crescimento de todos eles que compreendi a verdadeira dimens\u00e3o da passagem do tempo e a import\u00e2ncia das decis\u00f5es que a vida n\u00e3o toma por n\u00f3s.<br \/>\n<\/span><span style=\"color: #000000; font-family: tahoma, arial, helvetica, sans-serif; font-size: 18pt;\">Com a humildade de quem reconhece suas limita\u00e7\u00f5es e com a franqueza permitida pela idade provecta, admito que todos eles se tornaram seres humanos \u00edntegros, generosos, igualit\u00e1rios e dotados de car\u00e1ter &#8211; principalmente por m\u00e9ritos das m\u00e3es, que, sem d\u00favida alguma e dispensada a mod\u00e9stia, concordar\u00e3o comigo.<br \/>\n<\/span><span style=\"color: #000000; font-family: tahoma, arial, helvetica, sans-serif; font-size: 18pt;\">Mas, voltando ao tema da coluna de hoje, recomendo enfaticamente a leitura do artigo publicado no G1, na se\u00e7\u00e3o <em data-start=\"1394\" data-end=\"1405\">Bem Estar<\/em>, em 14\/06\/2018, assinado por Mariza Tavares. Ele trata das decis\u00f5es que todos dever\u00edamos tomar &#8211; ou, ao menos, refletir &#8211; antes que seja tarde demais.<br \/>\n<\/span><span style=\"color: #000000; font-family: tahoma, arial, helvetica, sans-serif; font-size: 18pt;\">Lembro de ter ouvido que \u201ca vida, afinal, \u00e9 a \u00fanica viagem em que sabemos o destino, mas fingimos que n\u00e3o. Falar sobre o fim n\u00e3o \u00e9 pessimismo &#8211; \u00e9 apenas colocar o mapa sobre a mesa antes de chegar l\u00e1\u201d.<br \/>\n<\/span><\/p>\n<div class=\"gui-color-primary-bg header-principal header-navegacao-color\">\n<div class=\"grid-12 header-navegacao-container row\">\n<div class=\"area-principal column\">\n<div class=\"header-title-content\"><span style=\"font-size: 18pt;\"><strong>BEM ESTAR<\/strong><\/span><\/div>\n<\/div>\n<\/div>\n<\/div>\n<div class=\"grid-12 row\">\n<div class=\"area-subeditoria column\"><span style=\"font-size: 18pt;\"><strong>LONGEVIDADE: MODO DE USAR<\/strong><\/span><\/div>\n<div>\n<div class=\"row content-head\">\n<div class=\"column medium-centered medium-19 large-18\">\n<p class=\"content-head__title\"><span style=\"font-size: 18pt;\"><strong>A conversa para ter consigo mesmo antes que seja tarde demais<br \/>\n<\/strong><\/span><\/p>\n<\/div>\n<div class=\"column medium-centered medium-17 large-14 xlarge-16\">\n<p class=\"content-head__subtitle\"><span style=\"font-size: 18pt;\"><strong>Por que \u00e9 importante planejar antecipadamente as decis\u00f5es do fim da vida<\/strong><\/span><\/p>\n<\/div>\n<\/div>\n<div class=\"row content-share-bar\">\n<div class=\"column medium-centered medium-22 large-20 content-share-bar__container\">\n<div id=\"share-bar\" class=\"share-bar share-bar-container share-theme-minimal share-bar-container share-theme-minimal\" data-url=\"https:\/\/g1.globo.com\/bemestar\/blog\/longevidade-modo-de-usar\/post\/2018\/06\/14\/a-conversa-para-ter-consigo-mesmo-antes-que-seja-tarde-demais.ghtml\" data-title=\"A conversa para ter consigo mesmo antes que seja tarde demais\" data-image-url=\"https:\/\/s2.glbimg.com\/nqSF93G4j-cSDQbnariPBXDSi2I=\/1200x\/smart\/filters:cover():strip_icc()\/i.s3.glbimg.com\/v1\/AUTH_59edd422c0c84a879bd37670ae4f538a\/internal_photos\/bs\/2018\/S\/u\/CXXBBzQMW0BcCc7KS7MA\/ferris-sept-08-400x400.jpg\">\n<div class=\"share-button share-twitter share-small\">\n<div class=\"svg-size\"><\/div>\n<\/div>\n<\/div>\n<hr class=\"header-divider\" \/>\n<\/div>\n<\/div>\n<div class=\"mc-column\">\n<div class=\"content-publication-data\">\n<p class=\"content-publication-data__from\"><span style=\"font-size: 18pt;\"><strong>Por Mariza Tavares, Rio de Janeiro<\/strong><\/span><\/p>\n<p class=\"content-publication-data__updated\"><span style=\"font-size: 18pt;\"><strong><time datetime=\"2018-06-14T09:01:02.649Z\">14\/06\/2018 06h01\u00a0<\/time><span class=\"content-publication-data__updated-relative\">\u00a0<time datetime=\"2018-06-14T09:01:02.858Z\">Atualizado h\u00e1 8 horas<\/time><\/span><\/strong><\/span><\/p>\n<p><span style=\"font-size: 18pt;\">O m\u00e9dico Frank D. Ferris, diretor-executivo de medicina paliativa da Ohio State University, \u00e9 uma refer\u00eancia mundial no que se relaciona a cuidados no fim da vida. No XXI Congresso Brasileiro de Geriatria e Gerontologia, ele comandou uma sess\u00e3o de reflex\u00e3o sobre o tema, enfatizando a import\u00e2ncia do que chamou de uma conversa consigo mesmo sobre os \u00faltimos dias da pr\u00f3pria vida: \u201cn\u00e3o \u00e9 opcional, todos passaremos por isso. Apenas 10% das pessoas t\u00eam morte s\u00fabita, portanto s\u00e3o grandes as chances de enfrentarmos um per\u00edodo de decl\u00ednio e depend\u00eancia, quando n\u00e3o teremos mais chance de expressar nossa vontade. Vamos deixar que outros decidam por n\u00f3s?\u201d.<\/span><\/p>\n<div class=\"mc-column content-text active-extra-styles \" data-block-type=\"unstyled\" data-block-weight=\"146\" data-block-id=\"3\">\n<p class=\"content-text__container \" data-track-category=\"Link no Texto\" data-track-links=\"\"><span style=\"font-size: 18pt;\">A tomada de decis\u00f5es depende de o paciente ser capaz de descrever sua situa\u00e7\u00e3o atual e entender as consequ\u00eancias de aceitar ou recursar determinados tratamentos, ou seja, demonstrar capacidade de julgamento. Essa capacidade pode ser afetada ou perdida em casos de doen\u00e7a grave: por exemplo, no est\u00e1gio final de um c\u00e2ncer; ou quando h\u00e1 fal\u00eancia dos \u00f3rg\u00e3os. Na Doen\u00e7a de Alzheimer, a escala Fast mede a progress\u00e3o da enfermidade, que vai de incipiente a severa. A partir da etapa 6, estima-se que a depend\u00eancia pode se estender de dez a 20 anos. O doutor Ferris pergunta \u00e0 plateia o que preferimos no dia a dia: n\u00e3o ter informa\u00e7\u00f5es sobre o que se passa? N\u00e3o receber informa\u00e7\u00f5es que quem as t\u00eam? \u201cO mesmo acontece no fim da vida: ser\u00e1 que quero ser entubado? Ou ressuscitado? Sempre parece muito cedo para falar disso, at\u00e9 ser tarde demais\u201d, questiona.<\/span><\/p>\n<\/div>\n<div class=\"mc-column content-text active-extra-styles \" data-block-type=\"unstyled\" data-block-weight=\"74\" data-block-id=\"4\">\n<p class=\"content-text__container \" data-track-category=\"Link no Texto\" data-track-links=\"\"><span style=\"font-size: 18pt;\">\u00c9 quando ele prop\u00f5e que todos na sala se fa\u00e7am essas perguntas, que constam do The Conversation Project, cujo kit tem vers\u00e3o em portugu\u00eas e pode ser\u00a0<a href=\"https:\/\/theconversationproject.org\/wp-content\/uploads\/2017\/06\/ConversationProject-ConvoStarterKit-Portuguese.pdf\"><strong>baixado<\/strong><\/a>. Embora 90% das pessoas digam que \u00e9 importante conversar com os familiares sobre os cuidados no fim da vida, apenas 27% dizem t\u00ea-lo feito. Al\u00e9m disso, 60% afirmam que n\u00e3o gostariam de sobrecarregar os entes mais pr\u00f3ximos com decis\u00f5es dif\u00edceis, mas 56% n\u00e3o comunicaram seus desejos.<\/span><\/p>\n<div class=\"wall\">\n<div class=\"mc-column content-text active-extra-styles \" data-block-type=\"unstyled\" data-block-weight=\"89\" data-block-id=\"6\">\n<p class=\"content-text__container \" data-track-category=\"Link no Texto\" data-track-links=\"\"><span style=\"font-size: 18pt;\">Vamos \u00e0s quest\u00f5es, algumas de dar um n\u00f3 na garganta: por quanto tempo voc\u00ea quer receber tratamentos m\u00e9dicos agressivos ou invasivos? Se tiver uma doen\u00e7a terminal, preferiria n\u00e3o saber sobre sua progress\u00e3o ou gostaria que o m\u00e9dico comunicasse sobre a estimativa do tempo que lhe resta? Quais s\u00e3o suas prefer\u00eancias sobre onde quer estar nos \u00faltimos dias de sua vida: numa institui\u00e7\u00e3o de sa\u00fade ou em casa? Para o especialista, todos os m\u00e9dicos deveriam se fazer essas perguntas, para se colocar no lugar dos pacientes que enfrentam o problema.<\/span><\/p>\n<\/div>\n<\/div>\n<div data-track-category=\"fim do conteudo\" data-track-action=\"ultimo chunk conteudo\" data-track-noninteraction=\"false\" data-track-scroll=\"entrada completa viewport\">\n<div class=\"mc-column content-text active-extra-styles \" data-block-type=\"unstyled\" data-block-weight=\"92\" data-block-id=\"7\">\n<p class=\"content-text__container \" data-track-category=\"Link no Texto\" data-track-links=\"\"><span style=\"font-size: 18pt;\">Conversar consigo mesmo pode ser um processo demorado, cada um deve encontrar seu pr\u00f3prio tempo. Em seguida, a conversa deve ser com a fam\u00edlia e amigos pr\u00f3ximos. Quem n\u00e3o tem disponibilidade financeira para fazer um\u00a0<strong>testamento vital<\/strong>, com o aux\u00edlio de um advogado, pode registrar suas ideias por escrito e incluir no prontu\u00e1rio. O ideal \u00e9 um m\u00e9dico de confian\u00e7a orientar em rela\u00e7\u00e3o aos termos t\u00e9cnicos. Deixe c\u00f3pias com pessoas de confian\u00e7a, que representar\u00e3o suas vontades \u2013 e lembre-se que nada impede que o documento seja revisado sempre que voc\u00ea achar necess\u00e1rio.<\/span><\/p>\n<p data-track-category=\"Link no Texto\" data-track-links=\"\"><span style=\"font-family: tahoma, arial, helvetica, sans-serif; font-size: 18pt; color: #000000;\">A mat\u00e9ria original pode ser encontrada <span style=\"color: #000080;\"><em><strong><a style=\"color: #000080;\" href=\"https:\/\/g1.globo.com\/bemestar\/blog\/longevidade-modo-de-usar\/post\/2018\/06\/14\/a-conversa-para-ter-consigo-mesmo-antes-que-seja-tarde-demais.ghtml\">aqui<\/a><\/strong><\/em><\/span>.<\/span><\/p>\n<\/div>\n<p data-track-category=\"Link no Texto\" data-track-links=\"\"><span style=\"color: #333333; font-family: tahoma, arial, helvetica, sans-serif;\"><strong><span style=\"font-size: 14pt;\"><em>(<span style=\"font-size: 14pt;\">*) BzH &#8211; Be\u2019ezrat Hashem<\/span><\/em> <\/span><span style=\"font-size: 14pt;\">no hebraico, <\/span><\/strong><span style=\"font-size: 14pt;\">enfatiza que algo <strong data-start=\"319\" data-end=\"353\">ser\u00e1 feito com a ajuda de D\u2019us<\/strong> \u2014 uma express\u00e3o de confian\u00e7a e coopera\u00e7\u00e3o divina (\u201cFarei tal coisa, <em data-start=\"422\" data-end=\"443\">com a ajuda de D\u2019us<\/em>\u201d).<\/span><\/span><\/p>\n<p style=\"text-align: center;\" data-track-category=\"Link no Texto\" data-track-links=\"\"><img data-recalc-dims=\"1\" decoding=\"async\" class=\"attachment-266x266 size-266x266\" src=\"https:\/\/i0.wp.com\/gersonguelmann.com.br\/blog\/wp-content\/uploads\/2025\/11\/HojePR.jpg?resize=266%2C176&#038;ssl=1\" sizes=\"(max-width: 266px) 100vw, 266px\" srcset=\"https:\/\/i0.wp.com\/gersonguelmann.com.br\/blog\/wp-content\/uploads\/2025\/11\/HojePR.jpg?w=600&amp;ssl=1 600w, https:\/\/i0.wp.com\/gersonguelmann.com.br\/blog\/wp-content\/uploads\/2025\/11\/HojePR.jpg?resize=300%2C199&amp;ssl=1 300w\" alt=\"\" width=\"266\" height=\"176\" \/><br \/>\n<a href=\"https:\/\/unsplash.com\/pt-br\/@tinkerman\"><span style=\"color: #000080; font-family: tahoma, arial, helvetica, sans-serif; font-size: 14pt;\"><em><strong>Foto: Unsplash<\/strong><\/em><\/span><\/a><\/p>\n<\/div>\n<\/div>\n<\/div>\n<\/div>\n<\/div>\n<\/div>\n","protected":false},"excerpt":{"rendered":"<p>\u00c0s v\u00e9speras dos 78 anos, um olhar sereno sobre o tempo, as perdas, os filhos e as decis\u00f5es que n\u00e3o podemos delegar ao destino. Prestes a completar 78 anos &#8211; n\u00e3o \u00e9 segredo, ser\u00e1, BzH (*), neste dia 8 &#8211; tenho pensado cada vez mais sobre o tempo, esse juiz implac\u00e1vel que n\u00e3o aceita acordos, [&hellip;]<\/p>\n","protected":false},"author":5,"featured_media":26422,"comment_status":"open","ping_status":"open","sticky":false,"template":"","format":"standard","meta":{"_acf_changed":false,"jetpack_post_was_ever_published":false,"_jetpack_newsletter_access":"","_jetpack_dont_email_post_to_subs":false,"_jetpack_newsletter_tier_id":0,"_jetpack_memberships_contains_paywalled_content":false,"_jetpack_memberships_contains_paid_content":false,"footnotes":"","jetpack_publicize_message":"","jetpack_publicize_feature_enabled":true,"jetpack_social_post_already_shared":true,"jetpack_social_options":{"image_generator_settings":{"template":"highway","default_image_id":0,"font":"","enabled":false},"version":2}},"categories":[1],"tags":[],"class_list":["post-13954","post","type-post","status-publish","format-standard","has-post-thumbnail","hentry","category-sem-categoria"],"acf":[],"yoast_head":"<!-- This site is optimized with the Yoast SEO plugin v27.3 - https:\/\/yoast.com\/product\/yoast-seo-wordpress\/ -->\n<title>O Que a Vida N\u00e3o Decide Por N\u00f3s | Blog do Guelmann<\/title>\n<meta name=\"robots\" content=\"index, follow, max-snippet:-1, max-image-preview:large, max-video-preview:-1\" \/>\n<link rel=\"canonical\" href=\"https:\/\/gersonguelmann.com.br\/blog\/o-que-a-vida-nao-decide-por-nos\/\" \/>\n<meta property=\"og:locale\" content=\"pt_BR\" \/>\n<meta property=\"og:type\" content=\"article\" \/>\n<meta property=\"og:title\" content=\"O Que a Vida N\u00e3o Decide Por N\u00f3s | Blog do Guelmann\" \/>\n<meta property=\"og:description\" content=\"\u00c0s v\u00e9speras dos 78 anos, um olhar sereno sobre o tempo, as perdas, os filhos e as decis\u00f5es que n\u00e3o podemos delegar ao destino. Prestes a completar 78 anos &#8211; n\u00e3o \u00e9 segredo, ser\u00e1, BzH (*), neste dia 8 &#8211; tenho pensado cada vez mais sobre o tempo, esse juiz implac\u00e1vel que n\u00e3o aceita acordos, [&hellip;]\" \/>\n<meta property=\"og:url\" content=\"https:\/\/gersonguelmann.com.br\/blog\/o-que-a-vida-nao-decide-por-nos\/\" \/>\n<meta property=\"og:site_name\" content=\"Blog do Guelmann\" \/>\n<meta property=\"article:published_time\" content=\"2025-11-03T22:49:35+00:00\" \/>\n<meta property=\"article:modified_time\" content=\"2025-11-04T14:43:45+00:00\" \/>\n<meta property=\"og:image\" content=\"https:\/\/gersonguelmann.com.br\/blog\/wp-content\/uploads\/2025\/11\/HojePR.jpg\" \/>\n\t<meta property=\"og:image:width\" content=\"600\" \/>\n\t<meta property=\"og:image:height\" content=\"397\" \/>\n\t<meta property=\"og:image:type\" content=\"image\/jpeg\" \/>\n<meta name=\"author\" content=\"Gerson Guelmann\" \/>\n<meta name=\"twitter:card\" content=\"summary_large_image\" \/>\n<meta name=\"twitter:label1\" content=\"Escrito por\" \/>\n\t<meta name=\"twitter:data1\" content=\"Gerson Guelmann\" \/>\n\t<meta name=\"twitter:label2\" content=\"Est. tempo de leitura\" \/>\n\t<meta name=\"twitter:data2\" content=\"5 minutos\" \/>\n<script type=\"application\/ld+json\" class=\"yoast-schema-graph\">{\"@context\":\"https:\\\/\\\/schema.org\",\"@graph\":[{\"@type\":\"Article\",\"@id\":\"https:\\\/\\\/gersonguelmann.com.br\\\/blog\\\/o-que-a-vida-nao-decide-por-nos\\\/#article\",\"isPartOf\":{\"@id\":\"https:\\\/\\\/gersonguelmann.com.br\\\/blog\\\/o-que-a-vida-nao-decide-por-nos\\\/\"},\"author\":{\"name\":\"Gerson Guelmann\",\"@id\":\"https:\\\/\\\/gersonguelmann.com.br\\\/blog\\\/#\\\/schema\\\/person\\\/87e70e2a786888082f941a482c90569e\"},\"headline\":\"O Que a Vida N\u00e3o Decide Por N\u00f3s\",\"datePublished\":\"2025-11-03T22:49:35+00:00\",\"dateModified\":\"2025-11-04T14:43:45+00:00\",\"mainEntityOfPage\":{\"@id\":\"https:\\\/\\\/gersonguelmann.com.br\\\/blog\\\/o-que-a-vida-nao-decide-por-nos\\\/\"},\"wordCount\":968,\"commentCount\":0,\"image\":{\"@id\":\"https:\\\/\\\/gersonguelmann.com.br\\\/blog\\\/o-que-a-vida-nao-decide-por-nos\\\/#primaryimage\"},\"thumbnailUrl\":\"https:\\\/\\\/i0.wp.com\\\/gersonguelmann.com.br\\\/blog\\\/wp-content\\\/uploads\\\/2025\\\/11\\\/HojePR.jpg?fit=600%2C397&ssl=1\",\"inLanguage\":\"pt-BR\",\"potentialAction\":[{\"@type\":\"CommentAction\",\"name\":\"Comment\",\"target\":[\"https:\\\/\\\/gersonguelmann.com.br\\\/blog\\\/o-que-a-vida-nao-decide-por-nos\\\/#respond\"]}]},{\"@type\":\"WebPage\",\"@id\":\"https:\\\/\\\/gersonguelmann.com.br\\\/blog\\\/o-que-a-vida-nao-decide-por-nos\\\/\",\"url\":\"https:\\\/\\\/gersonguelmann.com.br\\\/blog\\\/o-que-a-vida-nao-decide-por-nos\\\/\",\"name\":\"O Que a Vida N\u00e3o Decide Por N\u00f3s | Blog do Guelmann\",\"isPartOf\":{\"@id\":\"https:\\\/\\\/gersonguelmann.com.br\\\/blog\\\/#website\"},\"primaryImageOfPage\":{\"@id\":\"https:\\\/\\\/gersonguelmann.com.br\\\/blog\\\/o-que-a-vida-nao-decide-por-nos\\\/#primaryimage\"},\"image\":{\"@id\":\"https:\\\/\\\/gersonguelmann.com.br\\\/blog\\\/o-que-a-vida-nao-decide-por-nos\\\/#primaryimage\"},\"thumbnailUrl\":\"https:\\\/\\\/i0.wp.com\\\/gersonguelmann.com.br\\\/blog\\\/wp-content\\\/uploads\\\/2025\\\/11\\\/HojePR.jpg?fit=600%2C397&ssl=1\",\"datePublished\":\"2025-11-03T22:49:35+00:00\",\"dateModified\":\"2025-11-04T14:43:45+00:00\",\"author\":{\"@id\":\"https:\\\/\\\/gersonguelmann.com.br\\\/blog\\\/#\\\/schema\\\/person\\\/87e70e2a786888082f941a482c90569e\"},\"inLanguage\":\"pt-BR\",\"potentialAction\":[{\"@type\":\"ReadAction\",\"target\":[\"https:\\\/\\\/gersonguelmann.com.br\\\/blog\\\/o-que-a-vida-nao-decide-por-nos\\\/\"]}]},{\"@type\":\"ImageObject\",\"inLanguage\":\"pt-BR\",\"@id\":\"https:\\\/\\\/gersonguelmann.com.br\\\/blog\\\/o-que-a-vida-nao-decide-por-nos\\\/#primaryimage\",\"url\":\"https:\\\/\\\/i0.wp.com\\\/gersonguelmann.com.br\\\/blog\\\/wp-content\\\/uploads\\\/2025\\\/11\\\/HojePR.jpg?fit=600%2C397&ssl=1\",\"contentUrl\":\"https:\\\/\\\/i0.wp.com\\\/gersonguelmann.com.br\\\/blog\\\/wp-content\\\/uploads\\\/2025\\\/11\\\/HojePR.jpg?fit=600%2C397&ssl=1\",\"width\":600,\"height\":397},{\"@type\":\"WebSite\",\"@id\":\"https:\\\/\\\/gersonguelmann.com.br\\\/blog\\\/#website\",\"url\":\"https:\\\/\\\/gersonguelmann.com.br\\\/blog\\\/\",\"name\":\"Blog do Guelmann\",\"description\":\"Pitadas da sabedoria e do humor judaicos, assuntos do momento e um pouco das hist\u00f3rias que vivi e testemunhei.\",\"potentialAction\":[{\"@type\":\"SearchAction\",\"target\":{\"@type\":\"EntryPoint\",\"urlTemplate\":\"https:\\\/\\\/gersonguelmann.com.br\\\/blog\\\/?s={search_term_string}\"},\"query-input\":{\"@type\":\"PropertyValueSpecification\",\"valueRequired\":true,\"valueName\":\"search_term_string\"}}],\"inLanguage\":\"pt-BR\"},{\"@type\":\"Person\",\"@id\":\"https:\\\/\\\/gersonguelmann.com.br\\\/blog\\\/#\\\/schema\\\/person\\\/87e70e2a786888082f941a482c90569e\",\"name\":\"Gerson Guelmann\",\"image\":{\"@type\":\"ImageObject\",\"inLanguage\":\"pt-BR\",\"@id\":\"https:\\\/\\\/i0.wp.com\\\/gersonguelmann.com.br\\\/blog\\\/wp-content\\\/uploads\\\/2021\\\/08\\\/BLOG.jpeg?fit=96%2C96&ssl=1\",\"url\":\"https:\\\/\\\/i0.wp.com\\\/gersonguelmann.com.br\\\/blog\\\/wp-content\\\/uploads\\\/2021\\\/08\\\/BLOG.jpeg?fit=96%2C96&ssl=1\",\"contentUrl\":\"https:\\\/\\\/i0.wp.com\\\/gersonguelmann.com.br\\\/blog\\\/wp-content\\\/uploads\\\/2021\\\/08\\\/BLOG.jpeg?fit=96%2C96&ssl=1\",\"caption\":\"Gerson Guelmann\"},\"description\":\"Pitadas da sabedoria e do humor judaicos, assuntos do momento e um pouco das hist\u00f3rias que vivi e testemunhei.\"}]}<\/script>\n<!-- \/ Yoast SEO plugin. -->","yoast_head_json":{"title":"O Que a Vida N\u00e3o Decide Por N\u00f3s | Blog do Guelmann","robots":{"index":"index","follow":"follow","max-snippet":"max-snippet:-1","max-image-preview":"max-image-preview:large","max-video-preview":"max-video-preview:-1"},"canonical":"https:\/\/gersonguelmann.com.br\/blog\/o-que-a-vida-nao-decide-por-nos\/","og_locale":"pt_BR","og_type":"article","og_title":"O Que a Vida N\u00e3o Decide Por N\u00f3s | Blog do Guelmann","og_description":"\u00c0s v\u00e9speras dos 78 anos, um olhar sereno sobre o tempo, as perdas, os filhos e as decis\u00f5es que n\u00e3o podemos delegar ao destino. Prestes a completar 78 anos &#8211; n\u00e3o \u00e9 segredo, ser\u00e1, BzH (*), neste dia 8 &#8211; tenho pensado cada vez mais sobre o tempo, esse juiz implac\u00e1vel que n\u00e3o aceita acordos, [&hellip;]","og_url":"https:\/\/gersonguelmann.com.br\/blog\/o-que-a-vida-nao-decide-por-nos\/","og_site_name":"Blog do Guelmann","article_published_time":"2025-11-03T22:49:35+00:00","article_modified_time":"2025-11-04T14:43:45+00:00","og_image":[{"width":600,"height":397,"url":"https:\/\/gersonguelmann.com.br\/blog\/wp-content\/uploads\/2025\/11\/HojePR.jpg","type":"image\/jpeg"}],"author":"Gerson Guelmann","twitter_card":"summary_large_image","twitter_misc":{"Escrito por":"Gerson Guelmann","Est. tempo de leitura":"5 minutos"},"schema":{"@context":"https:\/\/schema.org","@graph":[{"@type":"Article","@id":"https:\/\/gersonguelmann.com.br\/blog\/o-que-a-vida-nao-decide-por-nos\/#article","isPartOf":{"@id":"https:\/\/gersonguelmann.com.br\/blog\/o-que-a-vida-nao-decide-por-nos\/"},"author":{"name":"Gerson Guelmann","@id":"https:\/\/gersonguelmann.com.br\/blog\/#\/schema\/person\/87e70e2a786888082f941a482c90569e"},"headline":"O Que a Vida N\u00e3o Decide Por N\u00f3s","datePublished":"2025-11-03T22:49:35+00:00","dateModified":"2025-11-04T14:43:45+00:00","mainEntityOfPage":{"@id":"https:\/\/gersonguelmann.com.br\/blog\/o-que-a-vida-nao-decide-por-nos\/"},"wordCount":968,"commentCount":0,"image":{"@id":"https:\/\/gersonguelmann.com.br\/blog\/o-que-a-vida-nao-decide-por-nos\/#primaryimage"},"thumbnailUrl":"https:\/\/i0.wp.com\/gersonguelmann.com.br\/blog\/wp-content\/uploads\/2025\/11\/HojePR.jpg?fit=600%2C397&ssl=1","inLanguage":"pt-BR","potentialAction":[{"@type":"CommentAction","name":"Comment","target":["https:\/\/gersonguelmann.com.br\/blog\/o-que-a-vida-nao-decide-por-nos\/#respond"]}]},{"@type":"WebPage","@id":"https:\/\/gersonguelmann.com.br\/blog\/o-que-a-vida-nao-decide-por-nos\/","url":"https:\/\/gersonguelmann.com.br\/blog\/o-que-a-vida-nao-decide-por-nos\/","name":"O Que a Vida N\u00e3o Decide Por N\u00f3s | Blog do Guelmann","isPartOf":{"@id":"https:\/\/gersonguelmann.com.br\/blog\/#website"},"primaryImageOfPage":{"@id":"https:\/\/gersonguelmann.com.br\/blog\/o-que-a-vida-nao-decide-por-nos\/#primaryimage"},"image":{"@id":"https:\/\/gersonguelmann.com.br\/blog\/o-que-a-vida-nao-decide-por-nos\/#primaryimage"},"thumbnailUrl":"https:\/\/i0.wp.com\/gersonguelmann.com.br\/blog\/wp-content\/uploads\/2025\/11\/HojePR.jpg?fit=600%2C397&ssl=1","datePublished":"2025-11-03T22:49:35+00:00","dateModified":"2025-11-04T14:43:45+00:00","author":{"@id":"https:\/\/gersonguelmann.com.br\/blog\/#\/schema\/person\/87e70e2a786888082f941a482c90569e"},"inLanguage":"pt-BR","potentialAction":[{"@type":"ReadAction","target":["https:\/\/gersonguelmann.com.br\/blog\/o-que-a-vida-nao-decide-por-nos\/"]}]},{"@type":"ImageObject","inLanguage":"pt-BR","@id":"https:\/\/gersonguelmann.com.br\/blog\/o-que-a-vida-nao-decide-por-nos\/#primaryimage","url":"https:\/\/i0.wp.com\/gersonguelmann.com.br\/blog\/wp-content\/uploads\/2025\/11\/HojePR.jpg?fit=600%2C397&ssl=1","contentUrl":"https:\/\/i0.wp.com\/gersonguelmann.com.br\/blog\/wp-content\/uploads\/2025\/11\/HojePR.jpg?fit=600%2C397&ssl=1","width":600,"height":397},{"@type":"WebSite","@id":"https:\/\/gersonguelmann.com.br\/blog\/#website","url":"https:\/\/gersonguelmann.com.br\/blog\/","name":"Blog do Guelmann","description":"Pitadas da sabedoria e do humor judaicos, assuntos do momento e um pouco das hist\u00f3rias que vivi e testemunhei.","potentialAction":[{"@type":"SearchAction","target":{"@type":"EntryPoint","urlTemplate":"https:\/\/gersonguelmann.com.br\/blog\/?s={search_term_string}"},"query-input":{"@type":"PropertyValueSpecification","valueRequired":true,"valueName":"search_term_string"}}],"inLanguage":"pt-BR"},{"@type":"Person","@id":"https:\/\/gersonguelmann.com.br\/blog\/#\/schema\/person\/87e70e2a786888082f941a482c90569e","name":"Gerson Guelmann","image":{"@type":"ImageObject","inLanguage":"pt-BR","@id":"https:\/\/i0.wp.com\/gersonguelmann.com.br\/blog\/wp-content\/uploads\/2021\/08\/BLOG.jpeg?fit=96%2C96&ssl=1","url":"https:\/\/i0.wp.com\/gersonguelmann.com.br\/blog\/wp-content\/uploads\/2021\/08\/BLOG.jpeg?fit=96%2C96&ssl=1","contentUrl":"https:\/\/i0.wp.com\/gersonguelmann.com.br\/blog\/wp-content\/uploads\/2021\/08\/BLOG.jpeg?fit=96%2C96&ssl=1","caption":"Gerson Guelmann"},"description":"Pitadas da sabedoria e do humor judaicos, assuntos do momento e um pouco das hist\u00f3rias que vivi e testemunhei."}]}},"views":46,"jetpack_publicize_connections":[],"jetpack_featured_media_url":"https:\/\/i0.wp.com\/gersonguelmann.com.br\/blog\/wp-content\/uploads\/2025\/11\/HojePR.jpg?fit=600%2C397&ssl=1","jetpack_shortlink":"https:\/\/wp.me\/p96e7O-3D4","jetpack-related-posts":[{"id":7595,"url":"https:\/\/gersonguelmann.com.br\/blog\/os-pais-envelhecem-nao-voltam-mais\/","url_meta":{"origin":13954,"position":0},"title":"Os Pais Envelhecem e N\u00e3o Voltam Mais","author":"Gerson Guelmann","date":"25 de janeiro de 2018","format":false,"excerpt":"Foto: \u00a0Nina Hill - Unsplash Talvez a mais rica, forte e profunda experi\u00eancia da caminhada humana seja a de ter um filho. Plena de emo\u00e7\u00f5es, por vezes angustiante, ser pai ou m\u00e3e \u00e9 provar os limites que constituem o sal e o mel do ato de amar algu\u00e9m. \u00a0 Quando\u2026","rel":"","context":"Em &quot;Sem categoria&quot;","block_context":{"text":"Sem categoria","link":"https:\/\/gersonguelmann.com.br\/blog\/category\/sem-categoria\/"},"img":{"alt_text":"","src":"https:\/\/i0.wp.com\/gersonguelmann.com.br\/blog\/wp-content\/uploads\/2018\/01\/PAIS-1-scaled.jpg?fit=955%2C1200&ssl=1&resize=350%2C200","width":350,"height":200,"srcset":"https:\/\/i0.wp.com\/gersonguelmann.com.br\/blog\/wp-content\/uploads\/2018\/01\/PAIS-1-scaled.jpg?fit=955%2C1200&ssl=1&resize=350%2C200 1x, https:\/\/i0.wp.com\/gersonguelmann.com.br\/blog\/wp-content\/uploads\/2018\/01\/PAIS-1-scaled.jpg?fit=955%2C1200&ssl=1&resize=525%2C300 1.5x, https:\/\/i0.wp.com\/gersonguelmann.com.br\/blog\/wp-content\/uploads\/2018\/01\/PAIS-1-scaled.jpg?fit=955%2C1200&ssl=1&resize=700%2C400 2x"},"classes":[]},{"id":11711,"url":"https:\/\/gersonguelmann.com.br\/blog\/o-papa-francisco-sempre-ele\/","url_meta":{"origin":13954,"position":1},"title":"O Papa Francisco, Sempre Ele&#8230;","author":"Gerson Guelmann","date":"16 de abril de 2018","format":false,"excerpt":"Do site Uol Not\u00edcias, em mat\u00e9ria publicada hoje: Papa consola crian\u00e7a que perguntou se seu pai ateu estava no c\u00e9u Da EFE, na Cidade do Vaticano 15\/04 \u00a0 O papa Francisco afirmou neste domingo que Deus n\u00e3o abandona as pessoas boas, ao responder a uma pergunta feita por um menino\u2026","rel":"","context":"Em &quot;Sem categoria&quot;","block_context":{"text":"Sem categoria","link":"https:\/\/gersonguelmann.com.br\/blog\/category\/sem-categoria\/"},"img":{"alt_text":"","src":"https:\/\/i0.wp.com\/gersonguelmann.com.br\/blog\/wp-content\/uploads\/2018\/04\/Papa.jpg?resize=350%2C200&ssl=1","width":350,"height":200},"classes":[]},{"id":14732,"url":"https:\/\/gersonguelmann.com.br\/blog\/a-licao-na-entrada-do-circo-a-biblia-e-o-brasil\/","url_meta":{"origin":13954,"position":2},"title":"A Li\u00e7\u00e3o na Entrada do Circo, a B\u00edblia e o Brasil","author":"Gerson Guelmann","date":"16 de outubro de 2018","format":false,"excerpt":"A Li\u00e7\u00e3o na Entrada do Circo, a B\u00edblia e o Brasil Ainda n\u00e3o escrevi sobre o tempo que passei em internatos - ser\u00e1 que eles ainda existem? - mas ainda o farei. Estive em dois, e em um deles, o Gin\u00e1sio Adventista Paranaense, permaneci por cinco anos. Apesar da revolta\u2026","rel":"","context":"Em &quot;Sem categoria&quot;","block_context":{"text":"Sem categoria","link":"https:\/\/gersonguelmann.com.br\/blog\/category\/sem-categoria\/"},"img":{"alt_text":"","src":"https:\/\/i0.wp.com\/gersonguelmann.com.br\/blog\/wp-content\/uploads\/2018\/10\/HojePR.png?fit=600%2C900&ssl=1&resize=350%2C200","width":350,"height":200,"srcset":"https:\/\/i0.wp.com\/gersonguelmann.com.br\/blog\/wp-content\/uploads\/2018\/10\/HojePR.png?fit=600%2C900&ssl=1&resize=350%2C200 1x, https:\/\/i0.wp.com\/gersonguelmann.com.br\/blog\/wp-content\/uploads\/2018\/10\/HojePR.png?fit=600%2C900&ssl=1&resize=525%2C300 1.5x"},"classes":[]},{"id":23199,"url":"https:\/\/gersonguelmann.com.br\/blog\/sexta-do-humor-e-da-cultura-judaica-a-pequena-leah-e-a-origem-da-humanidade\/","url_meta":{"origin":13954,"position":3},"title":"Sexta do Humor e da Cultura Judaica &#8211; A Pequena Leah e a Origem da Humanidade","author":"Gerson Guelmann","date":"4 de agosto de 2023","format":false,"excerpt":"A Pequena Leah e a Origem da Humanidade Um dia Leah, de oito anos, disse para a m\u00e3e: - \"M\u00e3e, estava pensando sobre n\u00f3s, os humanos, e estou um pouco confusa. Quando apareceram os primeiros humanos na Terra?\" - \"Essa \u00e9 uma pergunta muito boa, querida\" - disse a m\u00e3e\u2026","rel":"","context":"Em &quot;Sem categoria&quot;","block_context":{"text":"Sem categoria","link":"https:\/\/gersonguelmann.com.br\/blog\/category\/sem-categoria\/"},"img":{"alt_text":"","src":"https:\/\/i0.wp.com\/gersonguelmann.com.br\/blog\/wp-content\/uploads\/2023\/08\/HojePR.jpg?fit=1125%2C750&ssl=1&resize=350%2C200","width":350,"height":200,"srcset":"https:\/\/i0.wp.com\/gersonguelmann.com.br\/blog\/wp-content\/uploads\/2023\/08\/HojePR.jpg?fit=1125%2C750&ssl=1&resize=350%2C200 1x, https:\/\/i0.wp.com\/gersonguelmann.com.br\/blog\/wp-content\/uploads\/2023\/08\/HojePR.jpg?fit=1125%2C750&ssl=1&resize=525%2C300 1.5x, https:\/\/i0.wp.com\/gersonguelmann.com.br\/blog\/wp-content\/uploads\/2023\/08\/HojePR.jpg?fit=1125%2C750&ssl=1&resize=700%2C400 2x, https:\/\/i0.wp.com\/gersonguelmann.com.br\/blog\/wp-content\/uploads\/2023\/08\/HojePR.jpg?fit=1125%2C750&ssl=1&resize=1050%2C600 3x"},"classes":[]},{"id":21912,"url":"https:\/\/gersonguelmann.com.br\/blog\/os-maiores-arrependimentos-da-vida-25\/","url_meta":{"origin":13954,"position":4},"title":"Os Maiores Arrependimentos da Vida \u2013 25","author":"Gerson Guelmann","date":"1 de abril de 2021","format":false,"excerpt":"Hoje encerro com o 25\u00ba cap\u00edtulo da s\u00e9rie \"\u00a0Os Maiores Arrependimentos da Vida\": 25. Ser um pai ou m\u00e3e melhor. N\u00e3o podemos deixar um legado maior do que nossos filhos. Muitas vezes eles se d\u00e3o bem. Mas quando lutam com dificuldades, n\u00e3o existe nada pior para nos fazer sentir culpados.\u2026","rel":"","context":"Em &quot;Sem categoria&quot;","block_context":{"text":"Sem categoria","link":"https:\/\/gersonguelmann.com.br\/blog\/category\/sem-categoria\/"},"img":{"alt_text":"","src":"https:\/\/i0.wp.com\/gersonguelmann.com.br\/blog\/wp-content\/uploads\/2021\/04\/jens-lelie-u0vgcIOQG08-unsplash-scaled.jpg?fit=1200%2C803&ssl=1&resize=350%2C200","width":350,"height":200,"srcset":"https:\/\/i0.wp.com\/gersonguelmann.com.br\/blog\/wp-content\/uploads\/2021\/04\/jens-lelie-u0vgcIOQG08-unsplash-scaled.jpg?fit=1200%2C803&ssl=1&resize=350%2C200 1x, https:\/\/i0.wp.com\/gersonguelmann.com.br\/blog\/wp-content\/uploads\/2021\/04\/jens-lelie-u0vgcIOQG08-unsplash-scaled.jpg?fit=1200%2C803&ssl=1&resize=525%2C300 1.5x, https:\/\/i0.wp.com\/gersonguelmann.com.br\/blog\/wp-content\/uploads\/2021\/04\/jens-lelie-u0vgcIOQG08-unsplash-scaled.jpg?fit=1200%2C803&ssl=1&resize=700%2C400 2x, https:\/\/i0.wp.com\/gersonguelmann.com.br\/blog\/wp-content\/uploads\/2021\/04\/jens-lelie-u0vgcIOQG08-unsplash-scaled.jpg?fit=1200%2C803&ssl=1&resize=1050%2C600 3x"},"classes":[]},{"id":8460,"url":"https:\/\/gersonguelmann.com.br\/blog\/para-voce-que-ainda-tem-pais-fabricio-carpinejar\/","url_meta":{"origin":13954,"position":5},"title":"Para Voc\u00ea Que Ainda Tem Pais (Fabr\u00edcio Carpinejar)","author":"Gerson Guelmann","date":"12 de fevereiro de 2018","format":false,"excerpt":"\"H\u00e1 uma quebra na hist\u00f3ria familiar onde as idades se acumulam e se sobrep\u00f5em e a ordem natural n\u00e3o tem sentido: \u00e9 quando o filho se torna pai de seu pai. \u00c9 quando o pai envelhece e come\u00e7a a trotear como se estivesse dentro de uma n\u00e9voa. Lento, devagar, impreciso.\u2026","rel":"","context":"Em &quot;Sem categoria&quot;","block_context":{"text":"Sem categoria","link":"https:\/\/gersonguelmann.com.br\/blog\/category\/sem-categoria\/"},"img":{"alt_text":"","src":"https:\/\/i0.wp.com\/gersonguelmann.com.br\/blog\/wp-content\/uploads\/2018\/02\/Pai-e-Filho.jpg?fit=500%2C376&ssl=1&resize=350%2C200","width":350,"height":200},"classes":[]}],"jetpack_sharing_enabled":true,"post_mailing_queue_ids":[],"_links":{"self":[{"href":"https:\/\/gersonguelmann.com.br\/blog\/wp-json\/wp\/v2\/posts\/13954","targetHints":{"allow":["GET"]}}],"collection":[{"href":"https:\/\/gersonguelmann.com.br\/blog\/wp-json\/wp\/v2\/posts"}],"about":[{"href":"https:\/\/gersonguelmann.com.br\/blog\/wp-json\/wp\/v2\/types\/post"}],"author":[{"embeddable":true,"href":"https:\/\/gersonguelmann.com.br\/blog\/wp-json\/wp\/v2\/users\/5"}],"replies":[{"embeddable":true,"href":"https:\/\/gersonguelmann.com.br\/blog\/wp-json\/wp\/v2\/comments?post=13954"}],"version-history":[{"count":0,"href":"https:\/\/gersonguelmann.com.br\/blog\/wp-json\/wp\/v2\/posts\/13954\/revisions"}],"wp:featuredmedia":[{"embeddable":true,"href":"https:\/\/gersonguelmann.com.br\/blog\/wp-json\/wp\/v2\/media\/26422"}],"wp:attachment":[{"href":"https:\/\/gersonguelmann.com.br\/blog\/wp-json\/wp\/v2\/media?parent=13954"}],"wp:term":[{"taxonomy":"category","embeddable":true,"href":"https:\/\/gersonguelmann.com.br\/blog\/wp-json\/wp\/v2\/categories?post=13954"},{"taxonomy":"post_tag","embeddable":true,"href":"https:\/\/gersonguelmann.com.br\/blog\/wp-json\/wp\/v2\/tags?post=13954"}],"curies":[{"name":"wp","href":"https:\/\/api.w.org\/{rel}","templated":true}]}}