    {"id":1421,"date":"2017-09-04T22:46:59","date_gmt":"2017-09-05T01:46:59","guid":{"rendered":"https:\/\/gersonguelmann.com.br\/blog\/para-ficar-no-popular\/"},"modified":"2017-09-04T22:55:03","modified_gmt":"2017-09-05T01:55:03","slug":"para-ficar-no-popular","status":"publish","type":"post","link":"https:\/\/gersonguelmann.com.br\/blog\/para-ficar-no-popular\/","title":{"rendered":"Para ficar no popular"},"content":{"rendered":"<p>Para usar uma express\u00e3o bem nossa, aqui do Paran\u00e1, declaro que o Brasil est\u00e1 virado num chap\u00e9u velho.<\/p>\n<p>E ao ler que as grava\u00e7\u00f5es podem ter sido feitas acidentalmente pelos delatores, n\u00e3o posso esquecer de acrescentar uma outra frase da sabedoria popular:<\/p>\n<p>&#8220;<i>de tanto cutucar os olhos do filho, o diabo acaba furando.&#8221; <\/i><\/p>\n<p>EXCLUSIVO: Grava\u00e7\u00e3o da JBS cita quatro ministros do Supremo<\/p>\n<p><a href=\"http:\/\/veja.abril.com.br\/brasil\/exclusivo-gravacao-da-jbs-cita-quatro-ministros-do-supremo\/?utm_source=whatsapp&amp;utm_medium=social&amp;utm_campaign=barra-compartilhamento VEJA.com\"><b>http:\/\/veja.abril.com.br\/brasil\/exclusivo-gravacao-da-jbs-cita-quatro-ministros-do-supremo\/?utm_source=whatsapp&amp;utm_medium=social&amp;utm_campaign=barra-compartilhamento VEJA.com<\/b><\/a><\/p>\n<p><i> <\/i><img data-recalc-dims=\"1\" decoding=\"async\" class=\"size-full\" data-wpid=\"146\" src=\"https:\/\/i0.wp.com\/gersonguelmann.com.br\/blog\/wp-content\/uploads\/2017\/09\/wp-image-1257041755..jpg?w=640&#038;ssl=1\"><\/p>\n","protected":false},"excerpt":{"rendered":"<p>Para usar uma express\u00e3o bem nossa, aqui do Paran\u00e1, declaro que o Brasil est\u00e1 virado num chap\u00e9u velho. E ao ler que as grava\u00e7\u00f5es podem ter sido feitas acidentalmente pelos delatores, n\u00e3o posso esquecer de acrescentar uma outra frase da sabedoria popular: &#8220;de tanto cutucar os olhos do filho, o diabo acaba furando.&#8221; EXCLUSIVO: Grava\u00e7\u00e3o [&hellip;]<\/p>\n","protected":false},"author":5,"featured_media":0,"comment_status":"open","ping_status":"open","sticky":false,"template":"","format":"standard","meta":{"_acf_changed":false,"jetpack_post_was_ever_published":false,"_jetpack_newsletter_access":"","_jetpack_dont_email_post_to_subs":false,"_jetpack_newsletter_tier_id":0,"_jetpack_memberships_contains_paywalled_content":false,"_jetpack_memberships_contains_paid_content":false,"footnotes":"","jetpack_publicize_message":"","jetpack_publicize_feature_enabled":true,"jetpack_social_post_already_shared":true,"jetpack_social_options":{"image_generator_settings":{"template":"highway","default_image_id":0,"font":"","enabled":false},"version":2}},"categories":[1],"tags":[],"class_list":["post-1421","post","type-post","status-publish","format-standard","hentry","category-sem-categoria"],"acf":[],"yoast_head":"<!-- This site is optimized with the Yoast SEO plugin v27.3 - https:\/\/yoast.com\/product\/yoast-seo-wordpress\/ -->\n<title>Para ficar no popular | Blog do Guelmann<\/title>\n<meta name=\"robots\" content=\"index, follow, max-snippet:-1, max-image-preview:large, max-video-preview:-1\" \/>\n<link rel=\"canonical\" href=\"https:\/\/gersonguelmann.com.br\/blog\/para-ficar-no-popular\/\" \/>\n<meta property=\"og:locale\" content=\"pt_BR\" \/>\n<meta property=\"og:type\" content=\"article\" \/>\n<meta property=\"og:title\" content=\"Para ficar no popular | Blog do Guelmann\" \/>\n<meta property=\"og:description\" content=\"Para usar uma express\u00e3o bem nossa, aqui do Paran\u00e1, declaro que o Brasil est\u00e1 virado num chap\u00e9u velho. E ao ler que as grava\u00e7\u00f5es podem ter sido feitas acidentalmente pelos delatores, n\u00e3o posso esquecer de acrescentar uma outra frase da sabedoria popular: &#8220;de tanto cutucar os olhos do filho, o diabo acaba furando.&#8221; EXCLUSIVO: Grava\u00e7\u00e3o [&hellip;]\" \/>\n<meta property=\"og:url\" content=\"https:\/\/gersonguelmann.com.br\/blog\/para-ficar-no-popular\/\" \/>\n<meta property=\"og:site_name\" content=\"Blog do Guelmann\" \/>\n<meta property=\"article:published_time\" content=\"2017-09-05T01:46:59+00:00\" \/>\n<meta property=\"article:modified_time\" content=\"2017-09-05T01:55:03+00:00\" \/>\n<meta property=\"og:image\" content=\"https:\/\/gersonguelmann.com.br\/blog\/wp-content\/uploads\/2017\/09\/wp-image-1257041755..jpg\" \/>\n<meta name=\"author\" content=\"Gerson Guelmann\" \/>\n<meta name=\"twitter:card\" content=\"summary_large_image\" \/>\n<meta name=\"twitter:label1\" content=\"Escrito por\" \/>\n\t<meta name=\"twitter:data1\" content=\"Gerson Guelmann\" \/>\n<script type=\"application\/ld+json\" class=\"yoast-schema-graph\">{\"@context\":\"https:\\\/\\\/schema.org\",\"@graph\":[{\"@type\":\"Article\",\"@id\":\"https:\\\/\\\/gersonguelmann.com.br\\\/blog\\\/para-ficar-no-popular\\\/#article\",\"isPartOf\":{\"@id\":\"https:\\\/\\\/gersonguelmann.com.br\\\/blog\\\/para-ficar-no-popular\\\/\"},\"author\":{\"name\":\"Gerson Guelmann\",\"@id\":\"https:\\\/\\\/gersonguelmann.com.br\\\/blog\\\/#\\\/schema\\\/person\\\/87e70e2a786888082f941a482c90569e\"},\"headline\":\"Para ficar no popular\",\"datePublished\":\"2017-09-05T01:46:59+00:00\",\"dateModified\":\"2017-09-05T01:55:03+00:00\",\"mainEntityOfPage\":{\"@id\":\"https:\\\/\\\/gersonguelmann.com.br\\\/blog\\\/para-ficar-no-popular\\\/\"},\"wordCount\":91,\"commentCount\":2,\"image\":{\"@id\":\"https:\\\/\\\/gersonguelmann.com.br\\\/blog\\\/para-ficar-no-popular\\\/#primaryimage\"},\"thumbnailUrl\":\"https:\\\/\\\/gersonguelmann.com.br\\\/blog\\\/wp-content\\\/uploads\\\/2017\\\/09\\\/wp-image-1257041755..jpg\",\"inLanguage\":\"pt-BR\",\"potentialAction\":[{\"@type\":\"CommentAction\",\"name\":\"Comment\",\"target\":[\"https:\\\/\\\/gersonguelmann.com.br\\\/blog\\\/para-ficar-no-popular\\\/#respond\"]}]},{\"@type\":\"WebPage\",\"@id\":\"https:\\\/\\\/gersonguelmann.com.br\\\/blog\\\/para-ficar-no-popular\\\/\",\"url\":\"https:\\\/\\\/gersonguelmann.com.br\\\/blog\\\/para-ficar-no-popular\\\/\",\"name\":\"Para ficar no popular | Blog do Guelmann\",\"isPartOf\":{\"@id\":\"https:\\\/\\\/gersonguelmann.com.br\\\/blog\\\/#website\"},\"primaryImageOfPage\":{\"@id\":\"https:\\\/\\\/gersonguelmann.com.br\\\/blog\\\/para-ficar-no-popular\\\/#primaryimage\"},\"image\":{\"@id\":\"https:\\\/\\\/gersonguelmann.com.br\\\/blog\\\/para-ficar-no-popular\\\/#primaryimage\"},\"thumbnailUrl\":\"https:\\\/\\\/gersonguelmann.com.br\\\/blog\\\/wp-content\\\/uploads\\\/2017\\\/09\\\/wp-image-1257041755..jpg\",\"datePublished\":\"2017-09-05T01:46:59+00:00\",\"dateModified\":\"2017-09-05T01:55:03+00:00\",\"author\":{\"@id\":\"https:\\\/\\\/gersonguelmann.com.br\\\/blog\\\/#\\\/schema\\\/person\\\/87e70e2a786888082f941a482c90569e\"},\"inLanguage\":\"pt-BR\",\"potentialAction\":[{\"@type\":\"ReadAction\",\"target\":[\"https:\\\/\\\/gersonguelmann.com.br\\\/blog\\\/para-ficar-no-popular\\\/\"]}]},{\"@type\":\"ImageObject\",\"inLanguage\":\"pt-BR\",\"@id\":\"https:\\\/\\\/gersonguelmann.com.br\\\/blog\\\/para-ficar-no-popular\\\/#primaryimage\",\"url\":\"https:\\\/\\\/i0.wp.com\\\/gersonguelmann.com.br\\\/blog\\\/wp-content\\\/uploads\\\/2017\\\/09\\\/wp-image-1257041755..jpg?fit=456%2C323&ssl=1\",\"contentUrl\":\"https:\\\/\\\/i0.wp.com\\\/gersonguelmann.com.br\\\/blog\\\/wp-content\\\/uploads\\\/2017\\\/09\\\/wp-image-1257041755..jpg?fit=456%2C323&ssl=1\",\"width\":456,\"height\":323},{\"@type\":\"WebSite\",\"@id\":\"https:\\\/\\\/gersonguelmann.com.br\\\/blog\\\/#website\",\"url\":\"https:\\\/\\\/gersonguelmann.com.br\\\/blog\\\/\",\"name\":\"Blog do Guelmann\",\"description\":\"Pitadas da sabedoria e do humor judaicos, assuntos do momento e um pouco das hist\u00f3rias que vivi e testemunhei.\",\"potentialAction\":[{\"@type\":\"SearchAction\",\"target\":{\"@type\":\"EntryPoint\",\"urlTemplate\":\"https:\\\/\\\/gersonguelmann.com.br\\\/blog\\\/?s={search_term_string}\"},\"query-input\":{\"@type\":\"PropertyValueSpecification\",\"valueRequired\":true,\"valueName\":\"search_term_string\"}}],\"inLanguage\":\"pt-BR\"},{\"@type\":\"Person\",\"@id\":\"https:\\\/\\\/gersonguelmann.com.br\\\/blog\\\/#\\\/schema\\\/person\\\/87e70e2a786888082f941a482c90569e\",\"name\":\"Gerson Guelmann\",\"image\":{\"@type\":\"ImageObject\",\"inLanguage\":\"pt-BR\",\"@id\":\"https:\\\/\\\/i0.wp.com\\\/gersonguelmann.com.br\\\/blog\\\/wp-content\\\/uploads\\\/2021\\\/08\\\/BLOG.jpeg?fit=96%2C96&ssl=1\",\"url\":\"https:\\\/\\\/i0.wp.com\\\/gersonguelmann.com.br\\\/blog\\\/wp-content\\\/uploads\\\/2021\\\/08\\\/BLOG.jpeg?fit=96%2C96&ssl=1\",\"contentUrl\":\"https:\\\/\\\/i0.wp.com\\\/gersonguelmann.com.br\\\/blog\\\/wp-content\\\/uploads\\\/2021\\\/08\\\/BLOG.jpeg?fit=96%2C96&ssl=1\",\"caption\":\"Gerson Guelmann\"},\"description\":\"Pitadas da sabedoria e do humor judaicos, assuntos do momento e um pouco das hist\u00f3rias que vivi e testemunhei.\"}]}<\/script>\n<!-- \/ Yoast SEO plugin. -->","yoast_head_json":{"title":"Para ficar no popular | Blog do Guelmann","robots":{"index":"index","follow":"follow","max-snippet":"max-snippet:-1","max-image-preview":"max-image-preview:large","max-video-preview":"max-video-preview:-1"},"canonical":"https:\/\/gersonguelmann.com.br\/blog\/para-ficar-no-popular\/","og_locale":"pt_BR","og_type":"article","og_title":"Para ficar no popular | Blog do Guelmann","og_description":"Para usar uma express\u00e3o bem nossa, aqui do Paran\u00e1, declaro que o Brasil est\u00e1 virado num chap\u00e9u velho. E ao ler que as grava\u00e7\u00f5es podem ter sido feitas acidentalmente pelos delatores, n\u00e3o posso esquecer de acrescentar uma outra frase da sabedoria popular: &#8220;de tanto cutucar os olhos do filho, o diabo acaba furando.&#8221; EXCLUSIVO: Grava\u00e7\u00e3o [&hellip;]","og_url":"https:\/\/gersonguelmann.com.br\/blog\/para-ficar-no-popular\/","og_site_name":"Blog do Guelmann","article_published_time":"2017-09-05T01:46:59+00:00","article_modified_time":"2017-09-05T01:55:03+00:00","og_image":[{"url":"https:\/\/gersonguelmann.com.br\/blog\/wp-content\/uploads\/2017\/09\/wp-image-1257041755..jpg","type":"","width":"","height":""}],"author":"Gerson Guelmann","twitter_card":"summary_large_image","twitter_misc":{"Escrito por":"Gerson Guelmann"},"schema":{"@context":"https:\/\/schema.org","@graph":[{"@type":"Article","@id":"https:\/\/gersonguelmann.com.br\/blog\/para-ficar-no-popular\/#article","isPartOf":{"@id":"https:\/\/gersonguelmann.com.br\/blog\/para-ficar-no-popular\/"},"author":{"name":"Gerson Guelmann","@id":"https:\/\/gersonguelmann.com.br\/blog\/#\/schema\/person\/87e70e2a786888082f941a482c90569e"},"headline":"Para ficar no popular","datePublished":"2017-09-05T01:46:59+00:00","dateModified":"2017-09-05T01:55:03+00:00","mainEntityOfPage":{"@id":"https:\/\/gersonguelmann.com.br\/blog\/para-ficar-no-popular\/"},"wordCount":91,"commentCount":2,"image":{"@id":"https:\/\/gersonguelmann.com.br\/blog\/para-ficar-no-popular\/#primaryimage"},"thumbnailUrl":"https:\/\/gersonguelmann.com.br\/blog\/wp-content\/uploads\/2017\/09\/wp-image-1257041755..jpg","inLanguage":"pt-BR","potentialAction":[{"@type":"CommentAction","name":"Comment","target":["https:\/\/gersonguelmann.com.br\/blog\/para-ficar-no-popular\/#respond"]}]},{"@type":"WebPage","@id":"https:\/\/gersonguelmann.com.br\/blog\/para-ficar-no-popular\/","url":"https:\/\/gersonguelmann.com.br\/blog\/para-ficar-no-popular\/","name":"Para ficar no popular | Blog do Guelmann","isPartOf":{"@id":"https:\/\/gersonguelmann.com.br\/blog\/#website"},"primaryImageOfPage":{"@id":"https:\/\/gersonguelmann.com.br\/blog\/para-ficar-no-popular\/#primaryimage"},"image":{"@id":"https:\/\/gersonguelmann.com.br\/blog\/para-ficar-no-popular\/#primaryimage"},"thumbnailUrl":"https:\/\/gersonguelmann.com.br\/blog\/wp-content\/uploads\/2017\/09\/wp-image-1257041755..jpg","datePublished":"2017-09-05T01:46:59+00:00","dateModified":"2017-09-05T01:55:03+00:00","author":{"@id":"https:\/\/gersonguelmann.com.br\/blog\/#\/schema\/person\/87e70e2a786888082f941a482c90569e"},"inLanguage":"pt-BR","potentialAction":[{"@type":"ReadAction","target":["https:\/\/gersonguelmann.com.br\/blog\/para-ficar-no-popular\/"]}]},{"@type":"ImageObject","inLanguage":"pt-BR","@id":"https:\/\/gersonguelmann.com.br\/blog\/para-ficar-no-popular\/#primaryimage","url":"https:\/\/i0.wp.com\/gersonguelmann.com.br\/blog\/wp-content\/uploads\/2017\/09\/wp-image-1257041755..jpg?fit=456%2C323&ssl=1","contentUrl":"https:\/\/i0.wp.com\/gersonguelmann.com.br\/blog\/wp-content\/uploads\/2017\/09\/wp-image-1257041755..jpg?fit=456%2C323&ssl=1","width":456,"height":323},{"@type":"WebSite","@id":"https:\/\/gersonguelmann.com.br\/blog\/#website","url":"https:\/\/gersonguelmann.com.br\/blog\/","name":"Blog do Guelmann","description":"Pitadas da sabedoria e do humor judaicos, assuntos do momento e um pouco das hist\u00f3rias que vivi e testemunhei.","potentialAction":[{"@type":"SearchAction","target":{"@type":"EntryPoint","urlTemplate":"https:\/\/gersonguelmann.com.br\/blog\/?s={search_term_string}"},"query-input":{"@type":"PropertyValueSpecification","valueRequired":true,"valueName":"search_term_string"}}],"inLanguage":"pt-BR"},{"@type":"Person","@id":"https:\/\/gersonguelmann.com.br\/blog\/#\/schema\/person\/87e70e2a786888082f941a482c90569e","name":"Gerson Guelmann","image":{"@type":"ImageObject","inLanguage":"pt-BR","@id":"https:\/\/i0.wp.com\/gersonguelmann.com.br\/blog\/wp-content\/uploads\/2021\/08\/BLOG.jpeg?fit=96%2C96&ssl=1","url":"https:\/\/i0.wp.com\/gersonguelmann.com.br\/blog\/wp-content\/uploads\/2021\/08\/BLOG.jpeg?fit=96%2C96&ssl=1","contentUrl":"https:\/\/i0.wp.com\/gersonguelmann.com.br\/blog\/wp-content\/uploads\/2021\/08\/BLOG.jpeg?fit=96%2C96&ssl=1","caption":"Gerson Guelmann"},"description":"Pitadas da sabedoria e do humor judaicos, assuntos do momento e um pouco das hist\u00f3rias que vivi e testemunhei."}]}},"views":42,"jetpack_publicize_connections":[],"jetpack_featured_media_url":"","jetpack_shortlink":"https:\/\/wp.me\/p96e7O-mV","jetpack-related-posts":[{"id":26478,"url":"https:\/\/gersonguelmann.com.br\/blog\/o-stf-cada-vez-mais-distante-do-brasil-2\/","url_meta":{"origin":1421,"position":0},"title":"O STF Cada Vez Mais Distante do Brasil","author":"Gerson Guelmann","date":"8 de dezembro de 2025","format":false,"excerpt":"O sentimento de dist\u00e2ncia entre a Corte e o pa\u00eds real s\u00f3 fez crescer nos \u00faltimos anos. Em janeiro de 2018, publiquei no meu blog um texto de autoria de Marcelo Rates Quaranta, que nos deixou recentemente. Suas palavras, escritas h\u00e1 quase oito anos, expressavam a indigna\u00e7\u00e3o de milh\u00f5es de\u2026","rel":"","context":"Em &quot;Sem categoria&quot;","block_context":{"text":"Sem categoria","link":"https:\/\/gersonguelmann.com.br\/blog\/category\/sem-categoria\/"},"img":{"alt_text":"","src":"https:\/\/i0.wp.com\/gersonguelmann.com.br\/blog\/wp-content\/uploads\/2025\/12\/HojePR-5.png?fit=1200%2C800&ssl=1&resize=350%2C200","width":350,"height":200,"srcset":"https:\/\/i0.wp.com\/gersonguelmann.com.br\/blog\/wp-content\/uploads\/2025\/12\/HojePR-5.png?fit=1200%2C800&ssl=1&resize=350%2C200 1x, https:\/\/i0.wp.com\/gersonguelmann.com.br\/blog\/wp-content\/uploads\/2025\/12\/HojePR-5.png?fit=1200%2C800&ssl=1&resize=525%2C300 1.5x, https:\/\/i0.wp.com\/gersonguelmann.com.br\/blog\/wp-content\/uploads\/2025\/12\/HojePR-5.png?fit=1200%2C800&ssl=1&resize=700%2C400 2x, https:\/\/i0.wp.com\/gersonguelmann.com.br\/blog\/wp-content\/uploads\/2025\/12\/HojePR-5.png?fit=1200%2C800&ssl=1&resize=1050%2C600 3x"},"classes":[]},{"id":11903,"url":"https:\/\/gersonguelmann.com.br\/blog\/lula-aecio-tem-muita-coisa-em-comum\/","url_meta":{"origin":1421,"position":1},"title":"Lula &#038; A\u00e9cio Tem Muita Coisa Em Comum","author":"Gerson Guelmann","date":"21 de abril de 2018","format":false,"excerpt":"Mat\u00e9ria da BBC Brasil: A mudan\u00e7a no conceito de corrup\u00e7\u00e3o que une os casos de Lula e A\u00e9cio Andr\u00e9 Shalders - @shaldim Da BBC Brasil em S\u00e3o Paulo 18 abril 2018 O que h\u00e1 em comum entre a a\u00e7\u00e3o penal do \"tr\u00edplex do Guaruj\u00e1\", que levou o ex-presidente Luiz In\u00e1cio\u2026","rel":"","context":"Em &quot;Sem categoria&quot;","block_context":{"text":"Sem categoria","link":"https:\/\/gersonguelmann.com.br\/blog\/category\/sem-categoria\/"},"img":{"alt_text":"","src":"https:\/\/i0.wp.com\/gersonguelmann.com.br\/blog\/wp-content\/uploads\/2018\/04\/LulaeAecio2.jpg?fit=600%2C400&ssl=1&resize=350%2C200","width":350,"height":200,"srcset":"https:\/\/i0.wp.com\/gersonguelmann.com.br\/blog\/wp-content\/uploads\/2018\/04\/LulaeAecio2.jpg?fit=600%2C400&ssl=1&resize=350%2C200 1x, https:\/\/i0.wp.com\/gersonguelmann.com.br\/blog\/wp-content\/uploads\/2018\/04\/LulaeAecio2.jpg?fit=600%2C400&ssl=1&resize=525%2C300 1.5x"},"classes":[]},{"id":10925,"url":"https:\/\/gersonguelmann.com.br\/blog\/finalmente-algo-de-bom-na-camara\/","url_meta":{"origin":1421,"position":2},"title":"Finalmente Algo de Bom na C\u00e2mara","author":"Gerson Guelmann","date":"27 de mar\u00e7o de 2018","format":false,"excerpt":"Acabou de sair n\u00b4O Antagonista: \"Uma PEC para garantir a pris\u00e3o na segunda inst\u00e2ncia' O deputado federal Alex Manente, l\u00edder do PPS na C\u00e2mara, come\u00e7ou ontem a coletar assinaturas de apoio a uma PEC para deixar claro na legisla\u00e7\u00e3o o cumprimento da pris\u00e3o ap\u00f3s condena\u00e7\u00e3o em segunda inst\u00e2ncia. \u201cO Supremo\u2026","rel":"","context":"Em &quot;Sem categoria&quot;","block_context":{"text":"Sem categoria","link":"https:\/\/gersonguelmann.com.br\/blog\/category\/sem-categoria\/"},"img":{"alt_text":"","src":"https:\/\/i0.wp.com\/gersonguelmann.com.br\/blog\/wp-content\/uploads\/2018\/03\/C%C3%A2mara-300x168.jpg?resize=350%2C200&ssl=1","width":350,"height":200},"classes":[]},{"id":12713,"url":"https:\/\/gersonguelmann.com.br\/blog\/gilmar-quem-diria-votou-contra-lula\/","url_meta":{"origin":1421,"position":3},"title":"Gilmar, Quem Diria, Votou Contra Lula!","author":"Gerson Guelmann","date":"9 de maio de 2018","format":false,"excerpt":"Do site O Antagonista: GILMAR NEGA PEDIDO PARA QUE LULA SEJA SOLTO Brasil\u00a009.05.18 18:21 Gilmar Mendes votou no plen\u00e1rio virtual do STF contra o recurso apresentado pela defesa de Lula para reverter a sua pris\u00e3o, informa a Coluna do Estad\u00e3o. Com isso, tr\u00eas dos cinco ministros da Segunda Turma do\u2026","rel":"","context":"Em &quot;Sem categoria&quot;","block_context":{"text":"Sem categoria","link":"https:\/\/gersonguelmann.com.br\/blog\/category\/sem-categoria\/"},"img":{"alt_text":"","src":"https:\/\/i0.wp.com\/gersonguelmann.com.br\/blog\/wp-content\/uploads\/2018\/05\/download-6-300x146.jpg?resize=350%2C200&ssl=1","width":350,"height":200},"classes":[]},{"id":12179,"url":"https:\/\/gersonguelmann.com.br\/blog\/7-verdades-e-5-mentiras-que-contam-sobre-joaquim-barbosa\/","url_meta":{"origin":1421,"position":4},"title":"7 Verdades e 5 Mentiras Que Contam Sobre Joaquim Barbosa","author":"Gerson Guelmann","date":"28 de abril de 2018","format":false,"excerpt":"O site P\u00fablica - Ag\u00eancia de Jornalismo Investigativo traz a seguinte mat\u00e9ria: CHECAGEM 7 verdades e 5 mentiras\u00a0de correntes sobre Joaquim Barbosa \u00a0 Afirma\u00e7\u00f5es verificadas sobre o ex-ministro do STF nas redes sociais incluem ainda duas afirma\u00e7\u00f5es exageradas e uma imposs\u00edvel de se provar 27 de Abril de 2018 Ethel\u2026","rel":"","context":"Em &quot;Sem categoria&quot;","block_context":{"text":"Sem categoria","link":"https:\/\/gersonguelmann.com.br\/blog\/category\/sem-categoria\/"},"img":{"alt_text":"","src":"https:\/\/i0.wp.com\/gersonguelmann.com.br\/blog\/wp-content\/uploads\/2018\/04\/JB-1.jpg?resize=350%2C200&ssl=1","width":350,"height":200},"classes":[]},{"id":11290,"url":"https:\/\/gersonguelmann.com.br\/blog\/sera-que-o-brasil-esta-mudando-selecao-stf\/","url_meta":{"origin":1421,"position":5},"title":"Ser\u00e1 Que o Brasil Est\u00e1 Mudando? Sele\u00e7\u00e3o X STF","author":"Gerson Guelmann","date":"5 de abril de 2018","format":false,"excerpt":"Recolhi h\u00e1 pouco em um dos grupos de WhatsApp de que participo: \"Pela primeira vez na hist\u00f3ria do Brasil a popula\u00e7\u00e3o conhece o nome dos 11 Ministros do Supremo Tribunal Federal e n\u00e3o sabe o nome dos 11 titulares de sele\u00e7\u00e3o brasileira de futebol que ir\u00e1 disputar a Copa do\u2026","rel":"","context":"Em &quot;Sem categoria&quot;","block_context":{"text":"Sem categoria","link":"https:\/\/gersonguelmann.com.br\/blog\/category\/sem-categoria\/"},"img":{"alt_text":"","src":"https:\/\/i0.wp.com\/gersonguelmann.com.br\/blog\/wp-content\/uploads\/2018\/04\/Sele%C3%A7%C3%A3o.jpeg?fit=974%2C546&ssl=1&resize=350%2C200","width":350,"height":200,"srcset":"https:\/\/i0.wp.com\/gersonguelmann.com.br\/blog\/wp-content\/uploads\/2018\/04\/Sele%C3%A7%C3%A3o.jpeg?fit=974%2C546&ssl=1&resize=350%2C200 1x, https:\/\/i0.wp.com\/gersonguelmann.com.br\/blog\/wp-content\/uploads\/2018\/04\/Sele%C3%A7%C3%A3o.jpeg?fit=974%2C546&ssl=1&resize=525%2C300 1.5x, https:\/\/i0.wp.com\/gersonguelmann.com.br\/blog\/wp-content\/uploads\/2018\/04\/Sele%C3%A7%C3%A3o.jpeg?fit=974%2C546&ssl=1&resize=700%2C400 2x"},"classes":[]}],"jetpack_sharing_enabled":true,"post_mailing_queue_ids":[],"_links":{"self":[{"href":"https:\/\/gersonguelmann.com.br\/blog\/wp-json\/wp\/v2\/posts\/1421","targetHints":{"allow":["GET"]}}],"collection":[{"href":"https:\/\/gersonguelmann.com.br\/blog\/wp-json\/wp\/v2\/posts"}],"about":[{"href":"https:\/\/gersonguelmann.com.br\/blog\/wp-json\/wp\/v2\/types\/post"}],"author":[{"embeddable":true,"href":"https:\/\/gersonguelmann.com.br\/blog\/wp-json\/wp\/v2\/users\/5"}],"replies":[{"embeddable":true,"href":"https:\/\/gersonguelmann.com.br\/blog\/wp-json\/wp\/v2\/comments?post=1421"}],"version-history":[{"count":0,"href":"https:\/\/gersonguelmann.com.br\/blog\/wp-json\/wp\/v2\/posts\/1421\/revisions"}],"wp:attachment":[{"href":"https:\/\/gersonguelmann.com.br\/blog\/wp-json\/wp\/v2\/media?parent=1421"}],"wp:term":[{"taxonomy":"category","embeddable":true,"href":"https:\/\/gersonguelmann.com.br\/blog\/wp-json\/wp\/v2\/categories?post=1421"},{"taxonomy":"post_tag","embeddable":true,"href":"https:\/\/gersonguelmann.com.br\/blog\/wp-json\/wp\/v2\/tags?post=1421"}],"curies":[{"name":"wp","href":"https:\/\/api.w.org\/{rel}","templated":true}]}}