    {"id":14260,"date":"2018-06-23T17:24:05","date_gmt":"2018-06-23T20:24:05","guid":{"rendered":"https:\/\/gersonguelmann.com.br\/blog\/?p=14260"},"modified":"2018-06-23T17:26:45","modified_gmt":"2018-06-23T20:26:45","slug":"conhece-o-pele-calado-leia-o-que-ele-diz-sobre-o-jogo-de-ontem","status":"publish","type":"post","link":"https:\/\/gersonguelmann.com.br\/blog\/conhece-o-pele-calado-leia-o-que-ele-diz-sobre-o-jogo-de-ontem\/","title":{"rendered":"Conhece o Pel\u00e9 Calado? Leia o Que Ele Diz Sobre o Jogo de Ontem."},"content":{"rendered":"<p><span style=\"color: #000000; font-family: georgia, palatino, serif; font-size: 18pt;\">Eu n\u00e3o conhecia at\u00e9 meia hora atr\u00e1s.<\/span><\/p>\n<p><span style=\"color: #000000; font-family: georgia, palatino, serif; font-size: 18pt;\"><strong><em>Pel\u00e9 Calado<\/em><\/strong> \u00e9 o blog de uns caras que escrevem sobre futebol. Um amigo me mandou a cr\u00f4nica publicada por eles sobre a partida de ontem do Brasil contra Costa Rica.<\/span><\/p>\n<p><span style=\"color: #000000; font-family: georgia, palatino, serif; font-size: 18pt;\">Olha, eu entendo muito pouco de futebol, do qual conhe\u00e7o apenas o suficiente para acompanhar e sofrer com os jogos do meu Coxa.\u00a0Com os do Brasil resolvi n\u00e3o sofrer mais, desde a mal explicada convuls\u00e3o do Ronaldo Fen\u00f4meno em 1998, decis\u00e3o alicer\u00e7ada pelo fat\u00eddico 7 X 1 da Alemanha.<\/span><\/p>\n<p><span style=\"color: #000000; font-family: georgia, palatino, serif; font-size: 18pt;\">Bom, a cr\u00f4nica \u00e9 esta aqui. Leia e opine:<\/span><\/p>\n<p class=\"entry-title\"><span style=\"font-size: 24pt;\"><strong><span style=\"color: #000000;\">Os jardins abandonados<\/span><\/strong><\/span><\/p>\n<div class=\"entry-meta\"><span style=\"color: #000000;\"><span class=\"meta-prep meta-prep-author\">Publicado em<\/span>\u00a0<span class=\"entry-date\">22\/06\/2018<\/span>\u00a0<span class=\"by-author\"><span class=\"sep\">por<\/span>\u00a0<span class=\"author vcard\">Andr\u00e9 de Leones<\/span><\/span><\/span><\/div>\n<p><span style=\"color: #000000;\"><img data-recalc-dims=\"1\" fetchpriority=\"high\" decoding=\"async\" data-attachment-id=\"14261\" data-permalink=\"https:\/\/gersonguelmann.com.br\/blog\/conhece-o-pele-calado-leia-o-que-ele-diz-sobre-o-jogo-de-ontem\/neymar-chorando-d\/\" data-orig-file=\"https:\/\/i0.wp.com\/gersonguelmann.com.br\/blog\/wp-content\/uploads\/2018\/06\/NEYMAR-CHORANDO-D.jpg?fit=1920%2C1080&amp;ssl=1\" data-orig-size=\"1920,1080\" data-comments-opened=\"1\" data-image-meta=\"{&quot;aperture&quot;:&quot;0&quot;,&quot;credit&quot;:&quot;&quot;,&quot;camera&quot;:&quot;&quot;,&quot;caption&quot;:&quot;&quot;,&quot;created_timestamp&quot;:&quot;0&quot;,&quot;copyright&quot;:&quot;&quot;,&quot;focal_length&quot;:&quot;0&quot;,&quot;iso&quot;:&quot;0&quot;,&quot;shutter_speed&quot;:&quot;0&quot;,&quot;title&quot;:&quot;&quot;,&quot;orientation&quot;:&quot;0&quot;}\" data-image-title=\"NEYMAR-CHORANDO-D\" data-image-description=\"\" data-image-caption=\"\" data-medium-file=\"https:\/\/i0.wp.com\/gersonguelmann.com.br\/blog\/wp-content\/uploads\/2018\/06\/NEYMAR-CHORANDO-D.jpg?fit=300%2C169&amp;ssl=1\" data-large-file=\"https:\/\/i0.wp.com\/gersonguelmann.com.br\/blog\/wp-content\/uploads\/2018\/06\/NEYMAR-CHORANDO-D.jpg?fit=640%2C360&amp;ssl=1\" class=\"size-medium wp-image-14261 aligncenter\" src=\"https:\/\/i0.wp.com\/gersonguelmann.com.br\/blog\/wp-content\/uploads\/2018\/06\/NEYMAR-CHORANDO-D.jpg?resize=300%2C169&#038;ssl=1\" alt=\"\" width=\"300\" height=\"169\" srcset=\"https:\/\/i0.wp.com\/gersonguelmann.com.br\/blog\/wp-content\/uploads\/2018\/06\/NEYMAR-CHORANDO-D.jpg?resize=300%2C169&amp;ssl=1 300w, https:\/\/i0.wp.com\/gersonguelmann.com.br\/blog\/wp-content\/uploads\/2018\/06\/NEYMAR-CHORANDO-D.jpg?resize=768%2C432&amp;ssl=1 768w, https:\/\/i0.wp.com\/gersonguelmann.com.br\/blog\/wp-content\/uploads\/2018\/06\/NEYMAR-CHORANDO-D.jpg?resize=1024%2C576&amp;ssl=1 1024w, https:\/\/i0.wp.com\/gersonguelmann.com.br\/blog\/wp-content\/uploads\/2018\/06\/NEYMAR-CHORANDO-D.jpg?w=1920&amp;ssl=1 1920w, https:\/\/i0.wp.com\/gersonguelmann.com.br\/blog\/wp-content\/uploads\/2018\/06\/NEYMAR-CHORANDO-D.jpg?w=1280&amp;ssl=1 1280w\" sizes=\"(max-width: 300px) 100vw, 300px\" \/><\/span><\/p>\n<p style=\"text-align: right;\"><strong><span style=\"color: #000000;\"><i>Oh, Deus! Como s\u00e3o gestos v\u00e3os, in\u00fateis,<\/i><\/span><\/strong><br \/>\n<strong><span style=\"color: #000000;\"><i>A meu ver, esses h\u00e1bitos do mundo!<\/i><\/span><\/strong><br \/>\n<strong><span style=\"color: #000000;\"><i>Que horror!\u00a0<\/i><i>S\u00e3o quais jardins abandonados<\/i><\/span><\/strong><br \/>\n<strong><span style=\"color: #000000;\"><i>Em que s\u00f3 o que \u00e9 mau na natureza<\/i><\/span><\/strong><br \/>\n<strong><span style=\"color: #000000;\"><i>Brota e domina. Mas chegar a isto!<\/i><\/span><\/strong><\/p>\n<p style=\"text-align: right;\"><strong><span style=\"color: #000000;\"><i>Hamlet<\/i>, ato I, cena 2.<\/span><\/strong><\/p>\n<p><span style=\"color: #000000; font-size: 14pt;\">O que dizer desse apanhado de homens (pais de fam\u00edlia?) infantilizados que giram inutilmente e se jogam e xingam e esperneiam? O que dizer de um \u00eddolo t\u00e3o pequeno, t\u00e3o reles, t\u00e3o mesquinho? O que dizer de um jogo mequetrefe em que, por alguns segundos, os erros cometidos (pela arbitragem) em confrontos contra Turquia (2002) e Cro\u00e1cia (2014) voltaram a aparecer? Roubado s\u00f3 \u00e9 mais gostoso para quem se refestela na lama. Felizmente, n\u00e3o foi assim. Pelo menos isso.<\/span><\/p>\n<p><span style=\"color: #000000; font-size: 14pt;\">Mas l\u00e1 estava o capit\u00e3o redivivo, aquele mesmo Thiago Silva acovardado de outrora, hoje compensando (sejamos justos) pela t\u00e9cnica o que j\u00e1 lhe faltou em controle emocional \u2014 mas at\u00e9 quando? L\u00e1 estava o pobre Willian, ceifando um ataque ap\u00f3s o outro gra\u00e7as a uma falta de cuidado que, diante de uma sele\u00e7\u00e3o ofensivamente melhor, poderia ser fatal. L\u00e1 estava Casemiro, irreconhec\u00edvel na maior parte do jogo. L\u00e1 estava Coutinho, procurando por um espa\u00e7o que seus companheiros foram, na maior parte do tempo, incapazes de ajud\u00e1-lo a abrir, criar ou descobrir. L\u00e1 estava Gabriel Jesus, incapaz de flutuar para al\u00e9m da cal\u00e7ada que pintou anos atr\u00e1s e abrir, criar ou descobrir espa\u00e7os para a infiltra\u00e7\u00e3o dos companheiros. E l\u00e1 estava Neymar, min\u00fasculo, gritalh\u00e3o, desonesto, ris\u00edvel.<\/span><\/p>\n<p><span style=\"color: #000000; font-size: 14pt;\">Mas, como adiantei acima, o juiz felizmente voltou atr\u00e1s na marca\u00e7\u00e3o do penal que Neymar escandalosamente tentou cavar, o Brasil venceu a Costa Rica por 2\u00d70 e tudo o que ou\u00e7o s\u00e3o meus vizinhos gritando \u201cchupa, Argentina!\u201d de suas janelas, como se uma vit\u00f3ria \u201cachada\u201d contra uma equipe med\u00edocre (se tanto) tivesse alguma coisa a ver com o vexame argentino perante uma sele\u00e7\u00e3o talentosa e bem organizada, a Cro\u00e1cia de Modri\u0107 &amp; cia. N\u00e3o tem, mas e da\u00ed? Que gritem. Faz bem. Anima, reanima. \u00c9 cat\u00e1rtico. Nos jardins abandonados em que vivemos, a \u00fanica coisa que resta a alguns \u00e9 gritar.<\/span><\/p>\n<p><span style=\"color: #000000; font-size: 14pt;\">Mas vi Neymar (aparentemente) indo \u00e0s l\u00e1grimas ao final do jogo, ajoelhado no meio do gramado, e pensei: n\u00e3o. N\u00e3o compro o choro. N\u00e3o compro o \u00eddolo. N\u00e3o compro a falta de postura, a car\u00eancia de profissionalismo, a falsidade, as molecagens, o desrespeito para com o \u00e1rbitro, os advers\u00e1rios, os companheiros e os torcedores. Mesmo que ven\u00e7a a Copa, esta ou a pr\u00f3xima, esta\u00a0<i>e<\/i>\u00a0a pr\u00f3xima, Neymar ainda \u00e9 e ser\u00e1 um sintoma flagrante do que \u201cbrota e domina\u201d por aqui, o produto moralmente falho de um n\u00e3o-pa\u00eds, a quintess\u00eancia de uma gera\u00e7\u00e3o de chor\u00f5es e descompensados. Craque de futebol, \u00e9 s\u00f3. Tire o uniforme e as chuteiras e s\u00f3 restar\u00e1 um v\u00e1cuo, a pura presentifica\u00e7\u00e3o daquele abandono. Pobre demais. Paup\u00e9rrimo.<\/span><\/p>\n<p><span style=\"color: #000000; font-size: 14pt;\">Mas ainda h\u00e1 tempo. N\u00e3o h\u00e1? Sim, talvez haja.<\/span><\/p>\n<p><span style=\"color: #000000; font-size: 14pt;\">\u00c9 poss\u00edvel que, como aconteceu nas Olimp\u00edadas (onde, se n\u00e3o me falha a mem\u00f3ria, a sele\u00e7\u00e3o empatou os dois primeiros jogos), a equipe agora respire fundo, caia em si, reorganize-se t\u00e1tica e animicamente e deslize pela Copa afora com um m\u00ednimo de dignidade, ganhando ou perdendo. \u00c9 bem poss\u00edvel que Thiago Silva siga aliando \u00e0 sua ineg\u00e1vel excel\u00eancia t\u00e9cnica o controle emocional que se espera de um jogador profissional. \u00c9 bem poss\u00edvel que Tite perceba que o lugar de Douglas Costa e Firmino n\u00e3o \u00e9 o banco de reservas. E \u00e9 poss\u00edvel at\u00e9 que Neymar cres\u00e7a um pouco e se comporte como um adulto ou, pelo menos, como o \u00eddolo dessa multid\u00e3o t\u00e3o maltratada \u2014 o m\u00e1ximo que, a essa baixeza das coisas, podemos esperar.<\/span><\/p>\n<p><span style=\"color: #000000; font-size: 14pt;\">Tor\u00e7o por essas coisas e outras mais. Realmente tor\u00e7o. Mas as interroga\u00e7\u00f5es s\u00e3o devastadoras. Os vacilos, as desconfian\u00e7as. \u201cCada fato sugere um mal latente\u201d, diria Gertrudes. E, muitas vezes, nem latente \u00e9. Est\u00e1 ali, na nossa cara. Diante dos nossos olhos incr\u00e9dulos. Que eles tenham algum descanso, afinal. Nossos olhos e ouvidos. Porque a alma brasileira queima a fogo brando, no espa\u00e7o vazio, abandonado, desse jardim em que bem pouca coisa viceja.<\/span><\/p>\n<p><span style=\"color: #000000; font-family: georgia, palatino, serif; font-size: 18pt;\"><span style=\"color: #0000ff;\"><a style=\"color: #0000ff;\" href=\"https:\/\/pelecalado.wordpress.com\/2018\/06\/22\/os-jardins-abandonados\/\"><em><strong>Conhe\u00e7a o Blog &#8220;Pel\u00e9 Calado&#8221; aqui<\/strong><\/em><\/a><\/span>.<\/span><\/p>\n","protected":false},"excerpt":{"rendered":"<p>Eu n\u00e3o conhecia at\u00e9 meia hora atr\u00e1s. Pel\u00e9 Calado \u00e9 o blog de uns caras que escrevem sobre futebol. Um amigo me mandou a cr\u00f4nica publicada por eles sobre a partida de ontem do Brasil contra Costa Rica. Olha, eu entendo muito pouco de futebol, do qual conhe\u00e7o apenas o suficiente para acompanhar e sofrer [&hellip;]<\/p>\n","protected":false},"author":5,"featured_media":14261,"comment_status":"open","ping_status":"open","sticky":false,"template":"","format":"standard","meta":{"_acf_changed":false,"jetpack_post_was_ever_published":false,"_jetpack_newsletter_access":"","_jetpack_dont_email_post_to_subs":false,"_jetpack_newsletter_tier_id":0,"_jetpack_memberships_contains_paywalled_content":false,"_jetpack_memberships_contains_paid_content":false,"footnotes":"","jetpack_publicize_message":"","jetpack_publicize_feature_enabled":true,"jetpack_social_post_already_shared":true,"jetpack_social_options":{"image_generator_settings":{"template":"highway","default_image_id":0,"font":"","enabled":false},"version":2}},"categories":[1],"tags":[],"class_list":["post-14260","post","type-post","status-publish","format-standard","has-post-thumbnail","hentry","category-sem-categoria"],"acf":[],"yoast_head":"<!-- This site is optimized with the Yoast SEO plugin v27.3 - https:\/\/yoast.com\/product\/yoast-seo-wordpress\/ -->\n<title>Conhece o Pel\u00e9 Calado? Leia o Que Ele Diz Sobre o Jogo de Ontem. | Blog do Guelmann<\/title>\n<meta name=\"robots\" content=\"index, follow, max-snippet:-1, max-image-preview:large, max-video-preview:-1\" \/>\n<link rel=\"canonical\" href=\"https:\/\/gersonguelmann.com.br\/blog\/conhece-o-pele-calado-leia-o-que-ele-diz-sobre-o-jogo-de-ontem\/\" \/>\n<meta property=\"og:locale\" content=\"pt_BR\" \/>\n<meta property=\"og:type\" content=\"article\" \/>\n<meta property=\"og:title\" content=\"Conhece o Pel\u00e9 Calado? Leia o Que Ele Diz Sobre o Jogo de Ontem. | Blog do Guelmann\" \/>\n<meta property=\"og:description\" content=\"Eu n\u00e3o conhecia at\u00e9 meia hora atr\u00e1s. Pel\u00e9 Calado \u00e9 o blog de uns caras que escrevem sobre futebol. Um amigo me mandou a cr\u00f4nica publicada por eles sobre a partida de ontem do Brasil contra Costa Rica. Olha, eu entendo muito pouco de futebol, do qual conhe\u00e7o apenas o suficiente para acompanhar e sofrer [&hellip;]\" \/>\n<meta property=\"og:url\" content=\"https:\/\/gersonguelmann.com.br\/blog\/conhece-o-pele-calado-leia-o-que-ele-diz-sobre-o-jogo-de-ontem\/\" \/>\n<meta property=\"og:site_name\" content=\"Blog do Guelmann\" \/>\n<meta property=\"article:published_time\" content=\"2018-06-23T20:24:05+00:00\" \/>\n<meta property=\"article:modified_time\" content=\"2018-06-23T20:26:45+00:00\" \/>\n<meta property=\"og:image\" content=\"https:\/\/i0.wp.com\/gersonguelmann.com.br\/blog\/wp-content\/uploads\/2018\/06\/NEYMAR-CHORANDO-D.jpg?fit=1920%2C1080&ssl=1\" \/>\n\t<meta property=\"og:image:width\" content=\"1920\" \/>\n\t<meta property=\"og:image:height\" content=\"1080\" \/>\n\t<meta property=\"og:image:type\" content=\"image\/jpeg\" \/>\n<meta name=\"author\" content=\"Gerson Guelmann\" \/>\n<meta name=\"twitter:card\" content=\"summary_large_image\" \/>\n<meta name=\"twitter:label1\" content=\"Escrito por\" \/>\n\t<meta name=\"twitter:data1\" content=\"Gerson Guelmann\" \/>\n\t<meta name=\"twitter:label2\" content=\"Est. tempo de leitura\" \/>\n\t<meta name=\"twitter:data2\" content=\"4 minutos\" \/>\n<script type=\"application\/ld+json\" class=\"yoast-schema-graph\">{\"@context\":\"https:\\\/\\\/schema.org\",\"@graph\":[{\"@type\":\"Article\",\"@id\":\"https:\\\/\\\/gersonguelmann.com.br\\\/blog\\\/conhece-o-pele-calado-leia-o-que-ele-diz-sobre-o-jogo-de-ontem\\\/#article\",\"isPartOf\":{\"@id\":\"https:\\\/\\\/gersonguelmann.com.br\\\/blog\\\/conhece-o-pele-calado-leia-o-que-ele-diz-sobre-o-jogo-de-ontem\\\/\"},\"author\":{\"name\":\"Gerson Guelmann\",\"@id\":\"https:\\\/\\\/gersonguelmann.com.br\\\/blog\\\/#\\\/schema\\\/person\\\/87e70e2a786888082f941a482c90569e\"},\"headline\":\"Conhece o Pel\u00e9 Calado? Leia o Que Ele Diz Sobre o Jogo de Ontem.\",\"datePublished\":\"2018-06-23T20:24:05+00:00\",\"dateModified\":\"2018-06-23T20:26:45+00:00\",\"mainEntityOfPage\":{\"@id\":\"https:\\\/\\\/gersonguelmann.com.br\\\/blog\\\/conhece-o-pele-calado-leia-o-que-ele-diz-sobre-o-jogo-de-ontem\\\/\"},\"wordCount\":869,\"commentCount\":0,\"image\":{\"@id\":\"https:\\\/\\\/gersonguelmann.com.br\\\/blog\\\/conhece-o-pele-calado-leia-o-que-ele-diz-sobre-o-jogo-de-ontem\\\/#primaryimage\"},\"thumbnailUrl\":\"https:\\\/\\\/i0.wp.com\\\/gersonguelmann.com.br\\\/blog\\\/wp-content\\\/uploads\\\/2018\\\/06\\\/NEYMAR-CHORANDO-D.jpg?fit=1920%2C1080&ssl=1\",\"inLanguage\":\"pt-BR\",\"potentialAction\":[{\"@type\":\"CommentAction\",\"name\":\"Comment\",\"target\":[\"https:\\\/\\\/gersonguelmann.com.br\\\/blog\\\/conhece-o-pele-calado-leia-o-que-ele-diz-sobre-o-jogo-de-ontem\\\/#respond\"]}]},{\"@type\":\"WebPage\",\"@id\":\"https:\\\/\\\/gersonguelmann.com.br\\\/blog\\\/conhece-o-pele-calado-leia-o-que-ele-diz-sobre-o-jogo-de-ontem\\\/\",\"url\":\"https:\\\/\\\/gersonguelmann.com.br\\\/blog\\\/conhece-o-pele-calado-leia-o-que-ele-diz-sobre-o-jogo-de-ontem\\\/\",\"name\":\"Conhece o Pel\u00e9 Calado? Leia o Que Ele Diz Sobre o Jogo de Ontem. | Blog do Guelmann\",\"isPartOf\":{\"@id\":\"https:\\\/\\\/gersonguelmann.com.br\\\/blog\\\/#website\"},\"primaryImageOfPage\":{\"@id\":\"https:\\\/\\\/gersonguelmann.com.br\\\/blog\\\/conhece-o-pele-calado-leia-o-que-ele-diz-sobre-o-jogo-de-ontem\\\/#primaryimage\"},\"image\":{\"@id\":\"https:\\\/\\\/gersonguelmann.com.br\\\/blog\\\/conhece-o-pele-calado-leia-o-que-ele-diz-sobre-o-jogo-de-ontem\\\/#primaryimage\"},\"thumbnailUrl\":\"https:\\\/\\\/i0.wp.com\\\/gersonguelmann.com.br\\\/blog\\\/wp-content\\\/uploads\\\/2018\\\/06\\\/NEYMAR-CHORANDO-D.jpg?fit=1920%2C1080&ssl=1\",\"datePublished\":\"2018-06-23T20:24:05+00:00\",\"dateModified\":\"2018-06-23T20:26:45+00:00\",\"author\":{\"@id\":\"https:\\\/\\\/gersonguelmann.com.br\\\/blog\\\/#\\\/schema\\\/person\\\/87e70e2a786888082f941a482c90569e\"},\"inLanguage\":\"pt-BR\",\"potentialAction\":[{\"@type\":\"ReadAction\",\"target\":[\"https:\\\/\\\/gersonguelmann.com.br\\\/blog\\\/conhece-o-pele-calado-leia-o-que-ele-diz-sobre-o-jogo-de-ontem\\\/\"]}]},{\"@type\":\"ImageObject\",\"inLanguage\":\"pt-BR\",\"@id\":\"https:\\\/\\\/gersonguelmann.com.br\\\/blog\\\/conhece-o-pele-calado-leia-o-que-ele-diz-sobre-o-jogo-de-ontem\\\/#primaryimage\",\"url\":\"https:\\\/\\\/i0.wp.com\\\/gersonguelmann.com.br\\\/blog\\\/wp-content\\\/uploads\\\/2018\\\/06\\\/NEYMAR-CHORANDO-D.jpg?fit=1920%2C1080&ssl=1\",\"contentUrl\":\"https:\\\/\\\/i0.wp.com\\\/gersonguelmann.com.br\\\/blog\\\/wp-content\\\/uploads\\\/2018\\\/06\\\/NEYMAR-CHORANDO-D.jpg?fit=1920%2C1080&ssl=1\",\"width\":1920,\"height\":1080},{\"@type\":\"WebSite\",\"@id\":\"https:\\\/\\\/gersonguelmann.com.br\\\/blog\\\/#website\",\"url\":\"https:\\\/\\\/gersonguelmann.com.br\\\/blog\\\/\",\"name\":\"Blog do Guelmann\",\"description\":\"Pitadas da sabedoria e do humor judaicos, assuntos do momento e um pouco das hist\u00f3rias que vivi e testemunhei.\",\"potentialAction\":[{\"@type\":\"SearchAction\",\"target\":{\"@type\":\"EntryPoint\",\"urlTemplate\":\"https:\\\/\\\/gersonguelmann.com.br\\\/blog\\\/?s={search_term_string}\"},\"query-input\":{\"@type\":\"PropertyValueSpecification\",\"valueRequired\":true,\"valueName\":\"search_term_string\"}}],\"inLanguage\":\"pt-BR\"},{\"@type\":\"Person\",\"@id\":\"https:\\\/\\\/gersonguelmann.com.br\\\/blog\\\/#\\\/schema\\\/person\\\/87e70e2a786888082f941a482c90569e\",\"name\":\"Gerson Guelmann\",\"image\":{\"@type\":\"ImageObject\",\"inLanguage\":\"pt-BR\",\"@id\":\"https:\\\/\\\/i0.wp.com\\\/gersonguelmann.com.br\\\/blog\\\/wp-content\\\/uploads\\\/2021\\\/08\\\/BLOG.jpeg?fit=96%2C96&ssl=1\",\"url\":\"https:\\\/\\\/i0.wp.com\\\/gersonguelmann.com.br\\\/blog\\\/wp-content\\\/uploads\\\/2021\\\/08\\\/BLOG.jpeg?fit=96%2C96&ssl=1\",\"contentUrl\":\"https:\\\/\\\/i0.wp.com\\\/gersonguelmann.com.br\\\/blog\\\/wp-content\\\/uploads\\\/2021\\\/08\\\/BLOG.jpeg?fit=96%2C96&ssl=1\",\"caption\":\"Gerson Guelmann\"},\"description\":\"Pitadas da sabedoria e do humor judaicos, assuntos do momento e um pouco das hist\u00f3rias que vivi e testemunhei.\"}]}<\/script>\n<!-- \/ Yoast SEO plugin. -->","yoast_head_json":{"title":"Conhece o Pel\u00e9 Calado? Leia o Que Ele Diz Sobre o Jogo de Ontem. | Blog do Guelmann","robots":{"index":"index","follow":"follow","max-snippet":"max-snippet:-1","max-image-preview":"max-image-preview:large","max-video-preview":"max-video-preview:-1"},"canonical":"https:\/\/gersonguelmann.com.br\/blog\/conhece-o-pele-calado-leia-o-que-ele-diz-sobre-o-jogo-de-ontem\/","og_locale":"pt_BR","og_type":"article","og_title":"Conhece o Pel\u00e9 Calado? Leia o Que Ele Diz Sobre o Jogo de Ontem. | Blog do Guelmann","og_description":"Eu n\u00e3o conhecia at\u00e9 meia hora atr\u00e1s. Pel\u00e9 Calado \u00e9 o blog de uns caras que escrevem sobre futebol. Um amigo me mandou a cr\u00f4nica publicada por eles sobre a partida de ontem do Brasil contra Costa Rica. Olha, eu entendo muito pouco de futebol, do qual conhe\u00e7o apenas o suficiente para acompanhar e sofrer [&hellip;]","og_url":"https:\/\/gersonguelmann.com.br\/blog\/conhece-o-pele-calado-leia-o-que-ele-diz-sobre-o-jogo-de-ontem\/","og_site_name":"Blog do Guelmann","article_published_time":"2018-06-23T20:24:05+00:00","article_modified_time":"2018-06-23T20:26:45+00:00","og_image":[{"width":1920,"height":1080,"url":"https:\/\/i0.wp.com\/gersonguelmann.com.br\/blog\/wp-content\/uploads\/2018\/06\/NEYMAR-CHORANDO-D.jpg?fit=1920%2C1080&ssl=1","type":"image\/jpeg"}],"author":"Gerson Guelmann","twitter_card":"summary_large_image","twitter_misc":{"Escrito por":"Gerson Guelmann","Est. tempo de leitura":"4 minutos"},"schema":{"@context":"https:\/\/schema.org","@graph":[{"@type":"Article","@id":"https:\/\/gersonguelmann.com.br\/blog\/conhece-o-pele-calado-leia-o-que-ele-diz-sobre-o-jogo-de-ontem\/#article","isPartOf":{"@id":"https:\/\/gersonguelmann.com.br\/blog\/conhece-o-pele-calado-leia-o-que-ele-diz-sobre-o-jogo-de-ontem\/"},"author":{"name":"Gerson Guelmann","@id":"https:\/\/gersonguelmann.com.br\/blog\/#\/schema\/person\/87e70e2a786888082f941a482c90569e"},"headline":"Conhece o Pel\u00e9 Calado? Leia o Que Ele Diz Sobre o Jogo de Ontem.","datePublished":"2018-06-23T20:24:05+00:00","dateModified":"2018-06-23T20:26:45+00:00","mainEntityOfPage":{"@id":"https:\/\/gersonguelmann.com.br\/blog\/conhece-o-pele-calado-leia-o-que-ele-diz-sobre-o-jogo-de-ontem\/"},"wordCount":869,"commentCount":0,"image":{"@id":"https:\/\/gersonguelmann.com.br\/blog\/conhece-o-pele-calado-leia-o-que-ele-diz-sobre-o-jogo-de-ontem\/#primaryimage"},"thumbnailUrl":"https:\/\/i0.wp.com\/gersonguelmann.com.br\/blog\/wp-content\/uploads\/2018\/06\/NEYMAR-CHORANDO-D.jpg?fit=1920%2C1080&ssl=1","inLanguage":"pt-BR","potentialAction":[{"@type":"CommentAction","name":"Comment","target":["https:\/\/gersonguelmann.com.br\/blog\/conhece-o-pele-calado-leia-o-que-ele-diz-sobre-o-jogo-de-ontem\/#respond"]}]},{"@type":"WebPage","@id":"https:\/\/gersonguelmann.com.br\/blog\/conhece-o-pele-calado-leia-o-que-ele-diz-sobre-o-jogo-de-ontem\/","url":"https:\/\/gersonguelmann.com.br\/blog\/conhece-o-pele-calado-leia-o-que-ele-diz-sobre-o-jogo-de-ontem\/","name":"Conhece o Pel\u00e9 Calado? Leia o Que Ele Diz Sobre o Jogo de Ontem. | Blog do Guelmann","isPartOf":{"@id":"https:\/\/gersonguelmann.com.br\/blog\/#website"},"primaryImageOfPage":{"@id":"https:\/\/gersonguelmann.com.br\/blog\/conhece-o-pele-calado-leia-o-que-ele-diz-sobre-o-jogo-de-ontem\/#primaryimage"},"image":{"@id":"https:\/\/gersonguelmann.com.br\/blog\/conhece-o-pele-calado-leia-o-que-ele-diz-sobre-o-jogo-de-ontem\/#primaryimage"},"thumbnailUrl":"https:\/\/i0.wp.com\/gersonguelmann.com.br\/blog\/wp-content\/uploads\/2018\/06\/NEYMAR-CHORANDO-D.jpg?fit=1920%2C1080&ssl=1","datePublished":"2018-06-23T20:24:05+00:00","dateModified":"2018-06-23T20:26:45+00:00","author":{"@id":"https:\/\/gersonguelmann.com.br\/blog\/#\/schema\/person\/87e70e2a786888082f941a482c90569e"},"inLanguage":"pt-BR","potentialAction":[{"@type":"ReadAction","target":["https:\/\/gersonguelmann.com.br\/blog\/conhece-o-pele-calado-leia-o-que-ele-diz-sobre-o-jogo-de-ontem\/"]}]},{"@type":"ImageObject","inLanguage":"pt-BR","@id":"https:\/\/gersonguelmann.com.br\/blog\/conhece-o-pele-calado-leia-o-que-ele-diz-sobre-o-jogo-de-ontem\/#primaryimage","url":"https:\/\/i0.wp.com\/gersonguelmann.com.br\/blog\/wp-content\/uploads\/2018\/06\/NEYMAR-CHORANDO-D.jpg?fit=1920%2C1080&ssl=1","contentUrl":"https:\/\/i0.wp.com\/gersonguelmann.com.br\/blog\/wp-content\/uploads\/2018\/06\/NEYMAR-CHORANDO-D.jpg?fit=1920%2C1080&ssl=1","width":1920,"height":1080},{"@type":"WebSite","@id":"https:\/\/gersonguelmann.com.br\/blog\/#website","url":"https:\/\/gersonguelmann.com.br\/blog\/","name":"Blog do Guelmann","description":"Pitadas da sabedoria e do humor judaicos, assuntos do momento e um pouco das hist\u00f3rias que vivi e testemunhei.","potentialAction":[{"@type":"SearchAction","target":{"@type":"EntryPoint","urlTemplate":"https:\/\/gersonguelmann.com.br\/blog\/?s={search_term_string}"},"query-input":{"@type":"PropertyValueSpecification","valueRequired":true,"valueName":"search_term_string"}}],"inLanguage":"pt-BR"},{"@type":"Person","@id":"https:\/\/gersonguelmann.com.br\/blog\/#\/schema\/person\/87e70e2a786888082f941a482c90569e","name":"Gerson Guelmann","image":{"@type":"ImageObject","inLanguage":"pt-BR","@id":"https:\/\/i0.wp.com\/gersonguelmann.com.br\/blog\/wp-content\/uploads\/2021\/08\/BLOG.jpeg?fit=96%2C96&ssl=1","url":"https:\/\/i0.wp.com\/gersonguelmann.com.br\/blog\/wp-content\/uploads\/2021\/08\/BLOG.jpeg?fit=96%2C96&ssl=1","contentUrl":"https:\/\/i0.wp.com\/gersonguelmann.com.br\/blog\/wp-content\/uploads\/2021\/08\/BLOG.jpeg?fit=96%2C96&ssl=1","caption":"Gerson Guelmann"},"description":"Pitadas da sabedoria e do humor judaicos, assuntos do momento e um pouco das hist\u00f3rias que vivi e testemunhei."}]}},"views":45,"jetpack_publicize_connections":[],"jetpack_featured_media_url":"https:\/\/i0.wp.com\/gersonguelmann.com.br\/blog\/wp-content\/uploads\/2018\/06\/NEYMAR-CHORANDO-D.jpg?fit=1920%2C1080&ssl=1","jetpack_shortlink":"https:\/\/wp.me\/p96e7O-3I0","jetpack-related-posts":[{"id":11227,"url":"https:\/\/gersonguelmann.com.br\/blog\/momento-magico-do-futebol\/","url_meta":{"origin":14260,"position":0},"title":"Momento M\u00e1gico do Futebol","author":"Gerson Guelmann","date":"4 de abril de 2018","format":false,"excerpt":"Ao assistir a repeti\u00e7\u00e3o do bel\u00edssimo gol do Cristiano Ronaldo, pensei na felicidade dos que estavam no est\u00e1dio ontem e puderam testemunhar a atua\u00e7\u00e3o, que passar\u00e1 para a hist\u00f3ria como um desses momentos m\u00e1gicos do futebol. Em tempos de instantaneidade e massifica\u00e7\u00e3o da informa\u00e7\u00e3o a gente chega a imaginar que\u2026","rel":"","context":"Em &quot;Sem categoria&quot;","block_context":{"text":"Sem categoria","link":"https:\/\/gersonguelmann.com.br\/blog\/category\/sem-categoria\/"},"img":{"alt_text":"","src":"https:\/\/i0.wp.com\/gersonguelmann.com.br\/blog\/wp-content\/uploads\/2018\/04\/CR-1-300x168.jpg?resize=350%2C200&ssl=1","width":350,"height":200},"classes":[]},{"id":14282,"url":"https:\/\/gersonguelmann.com.br\/blog\/rene-simoes-profetizando-sobre-neymar-em-2010-estamos-criando-um-monstro\/","url_meta":{"origin":14260,"position":1},"title":"Ren\u00e9 Sim\u00f5es Profetizando Sobre Neymar em 2010: &#8220;Estamos Criando Um Monstro&#8221;","author":"Gerson Guelmann","date":"12 de junho de 2019","format":false,"excerpt":"Ap\u00f3s ter publicado h\u00e1 poucos dias um artigo acerca do Neymar, lembrei de outra postagem feita tempos atr\u00e1s, quando mencionei o que o t\u00e9cnico Ren\u00e9 Sim\u00f5es falou sobre ele h\u00e1 muitos anos. Fui em busca da publica\u00e7\u00e3o de 25\/6\/2018 - h\u00e1 quase um ano, portanto, e resolvi reedit\u00e1-la.\u00a0\u00a0 Trata-se de\u2026","rel":"","context":"Em &quot;Sem categoria&quot;","block_context":{"text":"Sem categoria","link":"https:\/\/gersonguelmann.com.br\/blog\/category\/sem-categoria\/"},"img":{"alt_text":"","src":"https:\/\/i0.wp.com\/gersonguelmann.com.br\/blog\/wp-content\/uploads\/2018\/06\/monster-239x300.jpg?resize=350%2C200&ssl=1","width":350,"height":200},"classes":[]},{"id":15028,"url":"https:\/\/gersonguelmann.com.br\/blog\/para-os-saudosistas-do-futebol\/","url_meta":{"origin":14260,"position":2},"title":"Para Os Saudosistas do Futebol","author":"Gerson Guelmann","date":"4 de novembro de 2018","format":false,"excerpt":"\"Vasculhando meus guardados\" achei uma mat\u00e9ria escrita em 19 de dezembro de 2017, tr\u00eas dias ap\u00f3s a derrota do Gr\u00eamio para o Real Madrid na final do Mundial de Clubes. O autor do texto \u00e9 o jornalista Andr\u00e9 Rocha, dono de um Blog (vou colocar o link ao final). Lendo-o\u2026","rel":"","context":"Em &quot;Sem categoria&quot;","block_context":{"text":"Sem categoria","link":"https:\/\/gersonguelmann.com.br\/blog\/category\/sem-categoria\/"},"img":{"alt_text":"","src":"https:\/\/i0.wp.com\/gersonguelmann.com.br\/blog\/wp-content\/uploads\/2018\/11\/images-300x168.jpg?resize=350%2C200&ssl=1","width":350,"height":200},"classes":[]},{"id":1583,"url":"https:\/\/gersonguelmann.com.br\/blog\/expedicionario-ou-jogador-de-futebol-quem-e-mais-importante\/","url_meta":{"origin":14260,"position":3},"title":"Expedicion\u00e1rio ou Jogador de Futebol: Quem \u00e9 Mais Importante?","author":"Gerson Guelmann","date":"5 de maio de 2021","format":false,"excerpt":"Max Wolf Filho \u2217 Rio Negro\/PR, 29\/7\/1911 \u2020 Biscaia, It\u00e1lia, 12\/4\/1945 \"Por mais terras que eu percorra, N\u00e3o permita Deus que eu morra Sem que volte para l\u00e1; Sem que leve por divisa Esse \"V\" que simboliza A vit\u00f3ria que vir\u00e1: Nossa vit\u00f3ria final, Que \u00e9 a mira do meu\u2026","rel":"","context":"Em &quot;Sem categoria&quot;","block_context":{"text":"Sem categoria","link":"https:\/\/gersonguelmann.com.br\/blog\/category\/sem-categoria\/"},"img":{"alt_text":"","src":"https:\/\/i0.wp.com\/gersonguelmann.com.br\/blog\/wp-content\/uploads\/2017\/09\/MWF.jpg?fit=770%2C1200&ssl=1&resize=350%2C200","width":350,"height":200,"srcset":"https:\/\/i0.wp.com\/gersonguelmann.com.br\/blog\/wp-content\/uploads\/2017\/09\/MWF.jpg?fit=770%2C1200&ssl=1&resize=350%2C200 1x, https:\/\/i0.wp.com\/gersonguelmann.com.br\/blog\/wp-content\/uploads\/2017\/09\/MWF.jpg?fit=770%2C1200&ssl=1&resize=525%2C300 1.5x, https:\/\/i0.wp.com\/gersonguelmann.com.br\/blog\/wp-content\/uploads\/2017\/09\/MWF.jpg?fit=770%2C1200&ssl=1&resize=700%2C400 2x"},"classes":[]},{"id":11932,"url":"https:\/\/gersonguelmann.com.br\/blog\/abuso-sexual-no-futebol-brasileiro\/","url_meta":{"origin":14260,"position":4},"title":"Abuso Sexual no Futebol Brasileiro","author":"Gerson Guelmann","date":"22 de abril de 2018","format":false,"excerpt":"Mat\u00e9ria publicada hoje no site El Pa\u00eds exp\u00f5e o problema do abuso sexual nas categorias de base do futebol brasileiro: ABUSO SEXUAL NO FUTEBOL Den\u00fancia de abuso sexual estremece o mais famoso celeiro de jogadores do Brasil \u201cNunca contei a ningu\u00e9m sobre o que aconteceu. S\u00f3 queria esquecer e continuar\u2026","rel":"","context":"Em &quot;Sem categoria&quot;","block_context":{"text":"Sem categoria","link":"https:\/\/gersonguelmann.com.br\/blog\/category\/sem-categoria\/"},"img":{"alt_text":"","src":"https:\/\/i0.wp.com\/gersonguelmann.com.br\/blog\/wp-content\/uploads\/2018\/04\/Futebol.jpg?fit=1200%2C800&ssl=1&resize=350%2C200","width":350,"height":200,"srcset":"https:\/\/i0.wp.com\/gersonguelmann.com.br\/blog\/wp-content\/uploads\/2018\/04\/Futebol.jpg?fit=1200%2C800&ssl=1&resize=350%2C200 1x, https:\/\/i0.wp.com\/gersonguelmann.com.br\/blog\/wp-content\/uploads\/2018\/04\/Futebol.jpg?fit=1200%2C800&ssl=1&resize=525%2C300 1.5x, https:\/\/i0.wp.com\/gersonguelmann.com.br\/blog\/wp-content\/uploads\/2018\/04\/Futebol.jpg?fit=1200%2C800&ssl=1&resize=700%2C400 2x, https:\/\/i0.wp.com\/gersonguelmann.com.br\/blog\/wp-content\/uploads\/2018\/04\/Futebol.jpg?fit=1200%2C800&ssl=1&resize=1050%2C600 3x"},"classes":[]},{"id":16245,"url":"https:\/\/gersonguelmann.com.br\/blog\/os-problemas-do-brasil-acabaram-a-cbf-vai-mudar-o-escudo\/","url_meta":{"origin":14260,"position":5},"title":"Os Problemas do Brasil Acabaram: a CBF Vai Mudar o Escudo!","author":"Gerson Guelmann","date":"29 de mar\u00e7o de 2019","format":false,"excerpt":"Para quem n\u00e3o est\u00e1 preocupado com a situa\u00e7\u00e3o social, pol\u00edtica e econ\u00f4mica do pa\u00eds e acha que o futebol brasileiro \u00e9 que precisa melhorar, aqui vai uma not\u00edcia da maior import\u00e2ncia: - a CBF est\u00e1 mudando o escudo das camisetas da valorosa sele\u00e7\u00e3o brasileira! Veja a mat\u00e9ria publicada no site\u2026","rel":"","context":"Em &quot;Sem categoria&quot;","block_context":{"text":"Sem categoria","link":"https:\/\/gersonguelmann.com.br\/blog\/category\/sem-categoria\/"},"img":{"alt_text":"","src":"https:\/\/i0.wp.com\/gersonguelmann.com.br\/blog\/wp-content\/uploads\/2019\/03\/1-220x300.png?resize=350%2C200&ssl=1","width":350,"height":200},"classes":[]}],"jetpack_sharing_enabled":true,"post_mailing_queue_ids":[],"_links":{"self":[{"href":"https:\/\/gersonguelmann.com.br\/blog\/wp-json\/wp\/v2\/posts\/14260","targetHints":{"allow":["GET"]}}],"collection":[{"href":"https:\/\/gersonguelmann.com.br\/blog\/wp-json\/wp\/v2\/posts"}],"about":[{"href":"https:\/\/gersonguelmann.com.br\/blog\/wp-json\/wp\/v2\/types\/post"}],"author":[{"embeddable":true,"href":"https:\/\/gersonguelmann.com.br\/blog\/wp-json\/wp\/v2\/users\/5"}],"replies":[{"embeddable":true,"href":"https:\/\/gersonguelmann.com.br\/blog\/wp-json\/wp\/v2\/comments?post=14260"}],"version-history":[{"count":0,"href":"https:\/\/gersonguelmann.com.br\/blog\/wp-json\/wp\/v2\/posts\/14260\/revisions"}],"wp:featuredmedia":[{"embeddable":true,"href":"https:\/\/gersonguelmann.com.br\/blog\/wp-json\/wp\/v2\/media\/14261"}],"wp:attachment":[{"href":"https:\/\/gersonguelmann.com.br\/blog\/wp-json\/wp\/v2\/media?parent=14260"}],"wp:term":[{"taxonomy":"category","embeddable":true,"href":"https:\/\/gersonguelmann.com.br\/blog\/wp-json\/wp\/v2\/categories?post=14260"},{"taxonomy":"post_tag","embeddable":true,"href":"https:\/\/gersonguelmann.com.br\/blog\/wp-json\/wp\/v2\/tags?post=14260"}],"curies":[{"name":"wp","href":"https:\/\/api.w.org\/{rel}","templated":true}]}}