    {"id":1429,"date":"2017-09-05T12:39:20","date_gmt":"2017-09-05T15:39:20","guid":{"rendered":"https:\/\/gersonguelmann.com.br\/blog\/?p=1429"},"modified":"2017-09-05T12:40:45","modified_gmt":"2017-09-05T15:40:45","slug":"historia-dos-ipes","status":"publish","type":"post","link":"https:\/\/gersonguelmann.com.br\/blog\/historia-dos-ipes\/","title":{"rendered":"A Hist\u00f3ria dos Ip\u00eas"},"content":{"rendered":"<p><span style=\"font-family: tahoma, arial, helvetica, sans-serif; font-size: 14pt; color: #000000;\">Aproveitando a maravilhosa fotografia do <em><strong><a href=\"http:\/\/www.dicokremer.com.br\/\">Dico Kremer<\/a><\/strong><\/em>, um dos magos da fotografia em Curitiba, compartilho texto que acabou de me chegar, chamado A Hist\u00f3ria dos Ip\u00eas.<\/span><\/p>\n<p><span style=\"font-family: tahoma, arial, helvetica, sans-serif; font-size: 14pt; color: #000000;\">H\u00e1 mais de um registro na internet, e dou o cr\u00e9dito ao Blog &#8220;<em><strong><a href=\"http:\/\/enxadaneles.com.br\/a-historia-dos-ipes\/\">Enxada Neles<\/a><\/strong><\/em>&#8220;, que al\u00e9m do texto traz outras belas fotografias da \u00e1rvore:<\/span><\/p>\n<p><span style=\"font-family: tahoma, arial, helvetica, sans-serif; font-size: 14pt; color: #000000;\">&#8220;<em>A HIST\u00d3RIA DOS IP\u00caS.<\/em><\/span><\/p>\n<p><span style=\"font-family: tahoma, arial, helvetica, sans-serif; font-size: 14pt; color: #000000;\"><em>Como estamos contemplando a beleza dos Ip\u00eas lembrei das hist\u00f3rias contadas pelo pai de uma grande amiga,<\/em><\/span><br \/>\n<span style=\"font-family: tahoma, arial, helvetica, sans-serif; font-size: 14pt; color: #000000;\"><em>Certa vez contou uma linda hist\u00f3ria sobre o ip\u00ea:<\/em><\/span><br \/>\n<span style=\"font-family: tahoma, arial, helvetica, sans-serif; font-size: 14pt; color: #000000;\"><em>\u2013 Quando Deus estava preparando o mundo, se reuniu em uma tarde com todas as \u00e1rvores. Ele pediu para que cada \u00e1rvore escolhesse que \u00e9poca gostaria de florecer e embelezar a terra.<\/em><\/span><br \/>\n<span style=\"font-family: tahoma, arial, helvetica, sans-serif; font-size: 14pt; color: #000000;\"><em>Foi aquela alegria.<\/em><\/span><br \/>\n<span style=\"font-family: tahoma, arial, helvetica, sans-serif; font-size: 14pt; color: #000000;\"><em>Outono, ver\u00e3o, Primavera, diziam!!!<\/em><\/span><br \/>\n<span style=\"font-family: tahoma, arial, helvetica, sans-serif; font-size: 14pt; color: #000000;\"><em>Por\u00e9m Deus observou que nem uma escolhia a esta\u00e7\u00e3o do inverno.<\/em><\/span><br \/>\n<span style=\"font-family: tahoma, arial, helvetica, sans-serif; font-size: 14pt; color: #000000;\"><em>Ent\u00e3o Deus parou a reuni\u00e3o \u00e9 perguntou:<\/em><\/span><br \/>\n<span style=\"font-family: tahoma, arial, helvetica, sans-serif; font-size: 14pt; color: #000000;\"><em>\u2013 Por que ningu\u00e9m escolhe a \u00e9poca do inverno?!?<\/em><\/span><br \/>\n<span style=\"font-family: tahoma, arial, helvetica, sans-serif; font-size: 14pt; color: #000000;\"><em>Cada um tinha sua raz\u00e3o. Muito seco! muito frio!..muita queimada!<\/em><\/span><br \/>\n<span style=\"font-family: tahoma, arial, helvetica, sans-serif; font-size: 14pt; color: #000000;\"><em>Ent\u00e3o Deus pediu um favor.<\/em><\/span><br \/>\n<span style=\"font-family: tahoma, arial, helvetica, sans-serif; font-size: 14pt; color: #000000;\"><em>Eu preciso de pelo menos uma \u00e1rvore, que embeleze o inverno, que seja corajosa, para enfrentar o frio, a seca e as queimadas e no frio embelezar o mundo\u2026.<\/em><\/span><br \/>\n<span style=\"font-family: tahoma, arial, helvetica, sans-serif; font-size: 14pt; color: #000000;\"><em>Todos ficaram em sil\u00eancio.<\/em><\/span><br \/>\n<span style=\"font-family: tahoma, arial, helvetica, sans-serif; font-size: 14pt; color: #000000;\"><em>Foi ent\u00e3o que uma \u00e1rvore quietinha l\u00e1 no fundo, balan\u00e7ou as folhas e disse:<\/em><\/span><br \/>\n<span style=\"font-family: tahoma, arial, helvetica, sans-serif; font-size: 14pt; color: #000000;\"><em>_ Eu vou!\u2026<\/em><\/span><br \/>\n<span style=\"font-family: tahoma, arial, helvetica, sans-serif; font-size: 14pt; color: #000000;\"><em>E Deus com um sorriso perguntou:<\/em><\/span><br \/>\n<span style=\"font-family: tahoma, arial, helvetica, sans-serif; font-size: 14pt; color: #000000;\"><em>\u2013 Qual seu nome minha filha?!<\/em><\/span><br \/>\n<span style=\"font-family: tahoma, arial, helvetica, sans-serif; font-size: 14pt; color: #000000;\"><em>Me chamo Ip\u00ea, senhor!<\/em><\/span><br \/>\n<span style=\"font-family: tahoma, arial, helvetica, sans-serif; font-size: 14pt; color: #000000;\"><em>As outras \u00e1rvores ficaram espantadas com a coragem do Ip\u00ea em querer florescer no inverno.<\/em><\/span><br \/>\n<span style=\"font-family: tahoma, arial, helvetica, sans-serif; font-size: 14pt; color: #000000;\"><em>Ent\u00e3o Deus respondeu:<\/em><\/span><br \/>\n<span style=\"font-family: tahoma, arial, helvetica, sans-serif; font-size: 14pt; color: #000000;\"><em>\u2013 Por atender meu pedido farei com que voc\u00ea flore\u00e7a no inverno n\u00e3o s\u00f3 com uma cor.<\/em><\/span><br \/>\n<span style=\"font-family: tahoma, arial, helvetica, sans-serif; font-size: 14pt; color: #000000;\"><em>Para que tamb\u00e9m no inverno o mundo seja colorido.<\/em><\/span><br \/>\n<span style=\"font-family: tahoma, arial, helvetica, sans-serif; font-size: 14pt; color: #000000;\"><em>Como agradecimento, ter\u00e1s diferentes cores e texturas, sua linhagem ser\u00e1 enorme.<\/em><\/span><br \/>\n<span style=\"font-family: tahoma, arial, helvetica, sans-serif; font-size: 14pt; color: #000000;\"><em>E assim Deus fez uma das mais lindas \u00e1rvores que da cor ao inverno. E por isso temos os Ip\u00eas:<\/em><\/span><br \/>\n<span style=\"font-family: tahoma, arial, helvetica, sans-serif; font-size: 14pt; color: #000000;\"><em>Branco<\/em><\/span><br \/>\n<span style=\"font-family: tahoma, arial, helvetica, sans-serif; font-size: 14pt; color: #000000;\"><em>Amarelo<\/em><\/span><br \/>\n<span style=\"font-family: tahoma, arial, helvetica, sans-serif; font-size: 14pt; color: #000000;\"><em>Amarelo do Brejo<\/em><\/span><br \/>\n<span style=\"font-family: tahoma, arial, helvetica, sans-serif; font-size: 14pt; color: #000000;\"><em>Amarelo da Casca Lisa<\/em><\/span><br \/>\n<span style=\"font-family: tahoma, arial, helvetica, sans-serif; font-size: 14pt; color: #000000;\"><em>Amarelo do Cerrado<\/em><\/span><br \/>\n<span style=\"font-family: tahoma, arial, helvetica, sans-serif; font-size: 14pt; color: #000000;\"><em>Rosa<\/em><\/span><br \/>\n<span style=\"font-family: tahoma, arial, helvetica, sans-serif; font-size: 14pt; color: #000000;\"><em>Roxo<\/em><\/span><br \/>\n<span style=\"font-family: tahoma, arial, helvetica, sans-serif; font-size: 14pt; color: #000000;\"><em>Roxo Bola<\/em><\/span><br \/>\n<span style=\"font-family: tahoma, arial, helvetica, sans-serif; font-size: 14pt; color: #000000;\"><em>Roxo da Mata<\/em><\/span><br \/>\n<span style=\"font-family: tahoma, arial, helvetica, sans-serif; font-size: 14pt; color: #000000;\"><em>P\u00farpura.<\/em><\/span><\/p>\n<p><span style=\"font-family: tahoma, arial, helvetica, sans-serif; font-size: 14pt; color: #000000;\"><em>Que sejamos como os ip\u00eas, que saibamos florir nos invernos da vida!<\/em><\/span><br \/>\n<span style=\"font-family: tahoma, arial, helvetica, sans-serif; font-size: 14pt; color: #000000;\"><em>De Jos\u00e9 Hermes Sandoval Braga por Carminha Braga.<\/em>&#8220;<\/span><\/p>\n<p style=\"text-align: center;\"><img data-recalc-dims=\"1\" fetchpriority=\"high\" decoding=\"async\" data-attachment-id=\"1430\" data-permalink=\"https:\/\/gersonguelmann.com.br\/blog\/historia-dos-ipes\/ipe-2\/\" data-orig-file=\"https:\/\/i0.wp.com\/gersonguelmann.com.br\/blog\/wp-content\/uploads\/2017\/09\/Ip%C3%AA.gif?fit=1063%2C709&amp;ssl=1\" data-orig-size=\"1063,709\" data-comments-opened=\"1\" data-image-meta=\"{&quot;aperture&quot;:&quot;0&quot;,&quot;credit&quot;:&quot;&quot;,&quot;camera&quot;:&quot;&quot;,&quot;caption&quot;:&quot;&quot;,&quot;created_timestamp&quot;:&quot;0&quot;,&quot;copyright&quot;:&quot;&quot;,&quot;focal_length&quot;:&quot;0&quot;,&quot;iso&quot;:&quot;0&quot;,&quot;shutter_speed&quot;:&quot;0&quot;,&quot;title&quot;:&quot;&quot;,&quot;orientation&quot;:&quot;0&quot;}\" data-image-title=\"Ip\u00ea\" data-image-description=\"\" data-image-caption=\"\" data-medium-file=\"https:\/\/i0.wp.com\/gersonguelmann.com.br\/blog\/wp-content\/uploads\/2017\/09\/Ip%C3%AA.gif?fit=300%2C200&amp;ssl=1\" data-large-file=\"https:\/\/i0.wp.com\/gersonguelmann.com.br\/blog\/wp-content\/uploads\/2017\/09\/Ip%C3%AA.gif?fit=640%2C427&amp;ssl=1\" class=\"alignnone size-medium wp-image-1430\" src=\"https:\/\/i0.wp.com\/gersonguelmann.com.br\/blog\/wp-content\/uploads\/2017\/09\/Ip%C3%AA.gif?resize=300%2C200&#038;ssl=1\" alt=\"\" width=\"300\" height=\"200\" srcset=\"https:\/\/i0.wp.com\/gersonguelmann.com.br\/blog\/wp-content\/uploads\/2017\/09\/Ip%C3%AA.gif?resize=300%2C200&amp;ssl=1 300w, https:\/\/i0.wp.com\/gersonguelmann.com.br\/blog\/wp-content\/uploads\/2017\/09\/Ip%C3%AA.gif?resize=768%2C512&amp;ssl=1 768w, https:\/\/i0.wp.com\/gersonguelmann.com.br\/blog\/wp-content\/uploads\/2017\/09\/Ip%C3%AA.gif?resize=1024%2C683&amp;ssl=1 1024w, https:\/\/i0.wp.com\/gersonguelmann.com.br\/blog\/wp-content\/uploads\/2017\/09\/Ip%C3%AA.gif?resize=750%2C500&amp;ssl=1 750w\" sizes=\"(max-width: 300px) 100vw, 300px\" \/><\/p>\n<p style=\"text-align: center;\"><span style=\"font-size: 14pt;\"><em><span style=\"font-family: tahoma, arial, helvetica, sans-serif; color: #000000;\">Dico Kremer<\/span><\/em><\/span><br \/>\n<span style=\"font-size: 14pt;\"><em><span style=\"font-family: tahoma, arial, helvetica, sans-serif; color: #000000;\"> Rodoferrovi\u00e1ria de Curitiba<\/span><\/em><\/span><\/p>\n<p style=\"text-align: center;\">\n","protected":false},"excerpt":{"rendered":"<p>Aproveitando a maravilhosa fotografia do Dico Kremer, um dos magos da fotografia em Curitiba, compartilho texto que acabou de me chegar, chamado A Hist\u00f3ria dos Ip\u00eas. H\u00e1 mais de um registro na internet, e dou o cr\u00e9dito ao Blog &#8220;Enxada Neles&#8220;, que al\u00e9m do texto traz outras belas fotografias da \u00e1rvore: &#8220;A HIST\u00d3RIA DOS IP\u00caS. [&hellip;]<\/p>\n","protected":false},"author":5,"featured_media":1430,"comment_status":"open","ping_status":"open","sticky":false,"template":"","format":"standard","meta":{"_acf_changed":false,"jetpack_post_was_ever_published":false,"_jetpack_newsletter_access":"","_jetpack_dont_email_post_to_subs":false,"_jetpack_newsletter_tier_id":0,"_jetpack_memberships_contains_paywalled_content":false,"_jetpack_memberships_contains_paid_content":false,"footnotes":"","jetpack_publicize_message":"","jetpack_publicize_feature_enabled":true,"jetpack_social_post_already_shared":true,"jetpack_social_options":{"image_generator_settings":{"template":"highway","default_image_id":0,"font":"","enabled":false},"version":2}},"categories":[1],"tags":[],"class_list":["post-1429","post","type-post","status-publish","format-standard","has-post-thumbnail","hentry","category-sem-categoria"],"acf":[],"yoast_head":"<!-- This site is optimized with the Yoast SEO plugin v27.3 - https:\/\/yoast.com\/product\/yoast-seo-wordpress\/ -->\n<title>A Hist\u00f3ria dos Ip\u00eas | Blog do Guelmann<\/title>\n<meta name=\"robots\" content=\"index, follow, max-snippet:-1, max-image-preview:large, max-video-preview:-1\" \/>\n<link rel=\"canonical\" href=\"https:\/\/gersonguelmann.com.br\/blog\/historia-dos-ipes\/\" \/>\n<meta property=\"og:locale\" content=\"pt_BR\" \/>\n<meta property=\"og:type\" content=\"article\" \/>\n<meta property=\"og:title\" content=\"A Hist\u00f3ria dos Ip\u00eas | Blog do Guelmann\" \/>\n<meta property=\"og:description\" content=\"Aproveitando a maravilhosa fotografia do Dico Kremer, um dos magos da fotografia em Curitiba, compartilho texto que acabou de me chegar, chamado A Hist\u00f3ria dos Ip\u00eas. H\u00e1 mais de um registro na internet, e dou o cr\u00e9dito ao Blog &#8220;Enxada Neles&#8220;, que al\u00e9m do texto traz outras belas fotografias da \u00e1rvore: &#8220;A HIST\u00d3RIA DOS IP\u00caS. [&hellip;]\" \/>\n<meta property=\"og:url\" content=\"https:\/\/gersonguelmann.com.br\/blog\/historia-dos-ipes\/\" \/>\n<meta property=\"og:site_name\" content=\"Blog do Guelmann\" \/>\n<meta property=\"article:published_time\" content=\"2017-09-05T15:39:20+00:00\" \/>\n<meta property=\"article:modified_time\" content=\"2017-09-05T15:40:45+00:00\" \/>\n<meta property=\"og:image\" content=\"https:\/\/i0.wp.com\/gersonguelmann.com.br\/blog\/wp-content\/uploads\/2017\/09\/Ip\u00ea.gif?fit=1063%2C709&ssl=1\" \/>\n\t<meta property=\"og:image:width\" content=\"1063\" \/>\n\t<meta property=\"og:image:height\" content=\"709\" \/>\n\t<meta property=\"og:image:type\" content=\"image\/gif\" \/>\n<meta name=\"author\" content=\"Gerson Guelmann\" \/>\n<meta name=\"twitter:card\" content=\"summary_large_image\" \/>\n<meta name=\"twitter:label1\" content=\"Escrito por\" \/>\n\t<meta name=\"twitter:data1\" content=\"Gerson Guelmann\" \/>\n\t<meta name=\"twitter:label2\" content=\"Est. tempo de leitura\" \/>\n\t<meta name=\"twitter:data2\" content=\"2 minutos\" \/>\n<script type=\"application\/ld+json\" class=\"yoast-schema-graph\">{\"@context\":\"https:\\\/\\\/schema.org\",\"@graph\":[{\"@type\":\"Article\",\"@id\":\"https:\\\/\\\/gersonguelmann.com.br\\\/blog\\\/historia-dos-ipes\\\/#article\",\"isPartOf\":{\"@id\":\"https:\\\/\\\/gersonguelmann.com.br\\\/blog\\\/historia-dos-ipes\\\/\"},\"author\":{\"name\":\"Gerson Guelmann\",\"@id\":\"https:\\\/\\\/gersonguelmann.com.br\\\/blog\\\/#\\\/schema\\\/person\\\/87e70e2a786888082f941a482c90569e\"},\"headline\":\"A Hist\u00f3ria dos Ip\u00eas\",\"datePublished\":\"2017-09-05T15:39:20+00:00\",\"dateModified\":\"2017-09-05T15:40:45+00:00\",\"mainEntityOfPage\":{\"@id\":\"https:\\\/\\\/gersonguelmann.com.br\\\/blog\\\/historia-dos-ipes\\\/\"},\"wordCount\":378,\"commentCount\":0,\"image\":{\"@id\":\"https:\\\/\\\/gersonguelmann.com.br\\\/blog\\\/historia-dos-ipes\\\/#primaryimage\"},\"thumbnailUrl\":\"https:\\\/\\\/i0.wp.com\\\/gersonguelmann.com.br\\\/blog\\\/wp-content\\\/uploads\\\/2017\\\/09\\\/Ip%C3%AA.gif?fit=1063%2C709&ssl=1\",\"inLanguage\":\"pt-BR\",\"potentialAction\":[{\"@type\":\"CommentAction\",\"name\":\"Comment\",\"target\":[\"https:\\\/\\\/gersonguelmann.com.br\\\/blog\\\/historia-dos-ipes\\\/#respond\"]}]},{\"@type\":\"WebPage\",\"@id\":\"https:\\\/\\\/gersonguelmann.com.br\\\/blog\\\/historia-dos-ipes\\\/\",\"url\":\"https:\\\/\\\/gersonguelmann.com.br\\\/blog\\\/historia-dos-ipes\\\/\",\"name\":\"A Hist\u00f3ria dos Ip\u00eas | Blog do Guelmann\",\"isPartOf\":{\"@id\":\"https:\\\/\\\/gersonguelmann.com.br\\\/blog\\\/#website\"},\"primaryImageOfPage\":{\"@id\":\"https:\\\/\\\/gersonguelmann.com.br\\\/blog\\\/historia-dos-ipes\\\/#primaryimage\"},\"image\":{\"@id\":\"https:\\\/\\\/gersonguelmann.com.br\\\/blog\\\/historia-dos-ipes\\\/#primaryimage\"},\"thumbnailUrl\":\"https:\\\/\\\/i0.wp.com\\\/gersonguelmann.com.br\\\/blog\\\/wp-content\\\/uploads\\\/2017\\\/09\\\/Ip%C3%AA.gif?fit=1063%2C709&ssl=1\",\"datePublished\":\"2017-09-05T15:39:20+00:00\",\"dateModified\":\"2017-09-05T15:40:45+00:00\",\"author\":{\"@id\":\"https:\\\/\\\/gersonguelmann.com.br\\\/blog\\\/#\\\/schema\\\/person\\\/87e70e2a786888082f941a482c90569e\"},\"inLanguage\":\"pt-BR\",\"potentialAction\":[{\"@type\":\"ReadAction\",\"target\":[\"https:\\\/\\\/gersonguelmann.com.br\\\/blog\\\/historia-dos-ipes\\\/\"]}]},{\"@type\":\"ImageObject\",\"inLanguage\":\"pt-BR\",\"@id\":\"https:\\\/\\\/gersonguelmann.com.br\\\/blog\\\/historia-dos-ipes\\\/#primaryimage\",\"url\":\"https:\\\/\\\/i0.wp.com\\\/gersonguelmann.com.br\\\/blog\\\/wp-content\\\/uploads\\\/2017\\\/09\\\/Ip%C3%AA.gif?fit=1063%2C709&ssl=1\",\"contentUrl\":\"https:\\\/\\\/i0.wp.com\\\/gersonguelmann.com.br\\\/blog\\\/wp-content\\\/uploads\\\/2017\\\/09\\\/Ip%C3%AA.gif?fit=1063%2C709&ssl=1\",\"width\":1063,\"height\":709},{\"@type\":\"WebSite\",\"@id\":\"https:\\\/\\\/gersonguelmann.com.br\\\/blog\\\/#website\",\"url\":\"https:\\\/\\\/gersonguelmann.com.br\\\/blog\\\/\",\"name\":\"Blog do Guelmann\",\"description\":\"Pitadas da sabedoria e do humor judaicos, assuntos do momento e um pouco das hist\u00f3rias que vivi e testemunhei.\",\"potentialAction\":[{\"@type\":\"SearchAction\",\"target\":{\"@type\":\"EntryPoint\",\"urlTemplate\":\"https:\\\/\\\/gersonguelmann.com.br\\\/blog\\\/?s={search_term_string}\"},\"query-input\":{\"@type\":\"PropertyValueSpecification\",\"valueRequired\":true,\"valueName\":\"search_term_string\"}}],\"inLanguage\":\"pt-BR\"},{\"@type\":\"Person\",\"@id\":\"https:\\\/\\\/gersonguelmann.com.br\\\/blog\\\/#\\\/schema\\\/person\\\/87e70e2a786888082f941a482c90569e\",\"name\":\"Gerson Guelmann\",\"image\":{\"@type\":\"ImageObject\",\"inLanguage\":\"pt-BR\",\"@id\":\"https:\\\/\\\/i0.wp.com\\\/gersonguelmann.com.br\\\/blog\\\/wp-content\\\/uploads\\\/2021\\\/08\\\/BLOG.jpeg?fit=96%2C96&ssl=1\",\"url\":\"https:\\\/\\\/i0.wp.com\\\/gersonguelmann.com.br\\\/blog\\\/wp-content\\\/uploads\\\/2021\\\/08\\\/BLOG.jpeg?fit=96%2C96&ssl=1\",\"contentUrl\":\"https:\\\/\\\/i0.wp.com\\\/gersonguelmann.com.br\\\/blog\\\/wp-content\\\/uploads\\\/2021\\\/08\\\/BLOG.jpeg?fit=96%2C96&ssl=1\",\"caption\":\"Gerson Guelmann\"},\"description\":\"Pitadas da sabedoria e do humor judaicos, assuntos do momento e um pouco das hist\u00f3rias que vivi e testemunhei.\"}]}<\/script>\n<!-- \/ Yoast SEO plugin. -->","yoast_head_json":{"title":"A Hist\u00f3ria dos Ip\u00eas | Blog do Guelmann","robots":{"index":"index","follow":"follow","max-snippet":"max-snippet:-1","max-image-preview":"max-image-preview:large","max-video-preview":"max-video-preview:-1"},"canonical":"https:\/\/gersonguelmann.com.br\/blog\/historia-dos-ipes\/","og_locale":"pt_BR","og_type":"article","og_title":"A Hist\u00f3ria dos Ip\u00eas | Blog do Guelmann","og_description":"Aproveitando a maravilhosa fotografia do Dico Kremer, um dos magos da fotografia em Curitiba, compartilho texto que acabou de me chegar, chamado A Hist\u00f3ria dos Ip\u00eas. H\u00e1 mais de um registro na internet, e dou o cr\u00e9dito ao Blog &#8220;Enxada Neles&#8220;, que al\u00e9m do texto traz outras belas fotografias da \u00e1rvore: &#8220;A HIST\u00d3RIA DOS IP\u00caS. [&hellip;]","og_url":"https:\/\/gersonguelmann.com.br\/blog\/historia-dos-ipes\/","og_site_name":"Blog do Guelmann","article_published_time":"2017-09-05T15:39:20+00:00","article_modified_time":"2017-09-05T15:40:45+00:00","og_image":[{"width":1063,"height":709,"url":"https:\/\/i0.wp.com\/gersonguelmann.com.br\/blog\/wp-content\/uploads\/2017\/09\/Ip\u00ea.gif?fit=1063%2C709&ssl=1","type":"image\/gif"}],"author":"Gerson Guelmann","twitter_card":"summary_large_image","twitter_misc":{"Escrito por":"Gerson Guelmann","Est. tempo de leitura":"2 minutos"},"schema":{"@context":"https:\/\/schema.org","@graph":[{"@type":"Article","@id":"https:\/\/gersonguelmann.com.br\/blog\/historia-dos-ipes\/#article","isPartOf":{"@id":"https:\/\/gersonguelmann.com.br\/blog\/historia-dos-ipes\/"},"author":{"name":"Gerson Guelmann","@id":"https:\/\/gersonguelmann.com.br\/blog\/#\/schema\/person\/87e70e2a786888082f941a482c90569e"},"headline":"A Hist\u00f3ria dos Ip\u00eas","datePublished":"2017-09-05T15:39:20+00:00","dateModified":"2017-09-05T15:40:45+00:00","mainEntityOfPage":{"@id":"https:\/\/gersonguelmann.com.br\/blog\/historia-dos-ipes\/"},"wordCount":378,"commentCount":0,"image":{"@id":"https:\/\/gersonguelmann.com.br\/blog\/historia-dos-ipes\/#primaryimage"},"thumbnailUrl":"https:\/\/i0.wp.com\/gersonguelmann.com.br\/blog\/wp-content\/uploads\/2017\/09\/Ip%C3%AA.gif?fit=1063%2C709&ssl=1","inLanguage":"pt-BR","potentialAction":[{"@type":"CommentAction","name":"Comment","target":["https:\/\/gersonguelmann.com.br\/blog\/historia-dos-ipes\/#respond"]}]},{"@type":"WebPage","@id":"https:\/\/gersonguelmann.com.br\/blog\/historia-dos-ipes\/","url":"https:\/\/gersonguelmann.com.br\/blog\/historia-dos-ipes\/","name":"A Hist\u00f3ria dos Ip\u00eas | Blog do Guelmann","isPartOf":{"@id":"https:\/\/gersonguelmann.com.br\/blog\/#website"},"primaryImageOfPage":{"@id":"https:\/\/gersonguelmann.com.br\/blog\/historia-dos-ipes\/#primaryimage"},"image":{"@id":"https:\/\/gersonguelmann.com.br\/blog\/historia-dos-ipes\/#primaryimage"},"thumbnailUrl":"https:\/\/i0.wp.com\/gersonguelmann.com.br\/blog\/wp-content\/uploads\/2017\/09\/Ip%C3%AA.gif?fit=1063%2C709&ssl=1","datePublished":"2017-09-05T15:39:20+00:00","dateModified":"2017-09-05T15:40:45+00:00","author":{"@id":"https:\/\/gersonguelmann.com.br\/blog\/#\/schema\/person\/87e70e2a786888082f941a482c90569e"},"inLanguage":"pt-BR","potentialAction":[{"@type":"ReadAction","target":["https:\/\/gersonguelmann.com.br\/blog\/historia-dos-ipes\/"]}]},{"@type":"ImageObject","inLanguage":"pt-BR","@id":"https:\/\/gersonguelmann.com.br\/blog\/historia-dos-ipes\/#primaryimage","url":"https:\/\/i0.wp.com\/gersonguelmann.com.br\/blog\/wp-content\/uploads\/2017\/09\/Ip%C3%AA.gif?fit=1063%2C709&ssl=1","contentUrl":"https:\/\/i0.wp.com\/gersonguelmann.com.br\/blog\/wp-content\/uploads\/2017\/09\/Ip%C3%AA.gif?fit=1063%2C709&ssl=1","width":1063,"height":709},{"@type":"WebSite","@id":"https:\/\/gersonguelmann.com.br\/blog\/#website","url":"https:\/\/gersonguelmann.com.br\/blog\/","name":"Blog do Guelmann","description":"Pitadas da sabedoria e do humor judaicos, assuntos do momento e um pouco das hist\u00f3rias que vivi e testemunhei.","potentialAction":[{"@type":"SearchAction","target":{"@type":"EntryPoint","urlTemplate":"https:\/\/gersonguelmann.com.br\/blog\/?s={search_term_string}"},"query-input":{"@type":"PropertyValueSpecification","valueRequired":true,"valueName":"search_term_string"}}],"inLanguage":"pt-BR"},{"@type":"Person","@id":"https:\/\/gersonguelmann.com.br\/blog\/#\/schema\/person\/87e70e2a786888082f941a482c90569e","name":"Gerson Guelmann","image":{"@type":"ImageObject","inLanguage":"pt-BR","@id":"https:\/\/i0.wp.com\/gersonguelmann.com.br\/blog\/wp-content\/uploads\/2021\/08\/BLOG.jpeg?fit=96%2C96&ssl=1","url":"https:\/\/i0.wp.com\/gersonguelmann.com.br\/blog\/wp-content\/uploads\/2021\/08\/BLOG.jpeg?fit=96%2C96&ssl=1","contentUrl":"https:\/\/i0.wp.com\/gersonguelmann.com.br\/blog\/wp-content\/uploads\/2021\/08\/BLOG.jpeg?fit=96%2C96&ssl=1","caption":"Gerson Guelmann"},"description":"Pitadas da sabedoria e do humor judaicos, assuntos do momento e um pouco das hist\u00f3rias que vivi e testemunhei."}]}},"views":152,"jetpack_publicize_connections":[],"jetpack_featured_media_url":"https:\/\/i0.wp.com\/gersonguelmann.com.br\/blog\/wp-content\/uploads\/2017\/09\/Ip%C3%AA.gif?fit=1063%2C709&ssl=1","jetpack_shortlink":"https:\/\/wp.me\/p96e7O-n3","jetpack-related-posts":[{"id":8265,"url":"https:\/\/gersonguelmann.com.br\/blog\/polonia-massacra-historia\/","url_meta":{"origin":1429,"position":0},"title":"A Pol\u00f4nia massacra a Hist\u00f3ria (*)","author":"Gerson Guelmann","date":"7 de fevereiro de 2018","format":false,"excerpt":"(*) Transcri\u00e7\u00e3o da \u00edntegra do texto do jornalista Elio Gaspari publicado hoje em diversos jornais, em sua maioria n\u00e3o acess\u00edveis a leitores n\u00e3o cadastrados: \"A Pol\u00f4nia massacra a Hist\u00f3ria Em retrato da intoler\u00e2ncia europeia, lei pune com 3 anos de cadeia quem falar o que n\u00e3o deve Na semana passada,\u2026","rel":"","context":"Em &quot;Sem categoria&quot;","block_context":{"text":"Sem categoria","link":"https:\/\/gersonguelmann.com.br\/blog\/category\/sem-categoria\/"},"img":{"alt_text":"","src":"https:\/\/i0.wp.com\/gersonguelmann.com.br\/blog\/wp-content\/uploads\/2018\/02\/Holocausto.jpg?fit=960%2C720&ssl=1&resize=350%2C200","width":350,"height":200,"srcset":"https:\/\/i0.wp.com\/gersonguelmann.com.br\/blog\/wp-content\/uploads\/2018\/02\/Holocausto.jpg?fit=960%2C720&ssl=1&resize=350%2C200 1x, https:\/\/i0.wp.com\/gersonguelmann.com.br\/blog\/wp-content\/uploads\/2018\/02\/Holocausto.jpg?fit=960%2C720&ssl=1&resize=525%2C300 1.5x, https:\/\/i0.wp.com\/gersonguelmann.com.br\/blog\/wp-content\/uploads\/2018\/02\/Holocausto.jpg?fit=960%2C720&ssl=1&resize=700%2C400 2x"},"classes":[]},{"id":4691,"url":"https:\/\/gersonguelmann.com.br\/blog\/o-velho-camoes-as-redes-sociais-e-a-receita-medica\/","url_meta":{"origin":1429,"position":1},"title":"O Velho Cam\u00f5es, as Redes Sociais e a Receita M\u00e9dica","author":"Gerson Guelmann","date":"29 de janeiro de 2023","format":false,"excerpt":"Meus amigos, especialmente do WhatsApp, sabem que tenho o h\u00e1bito de alert\u00e1-los sobre pl\u00e1gios, boatos e aquela profus\u00e3o de textos, links, fotos e v\u00eddeos (muitas vezes editados), imagens, \"memes\" e tudo o que se enquadra na classifica\u00e7\u00e3o das fake news. Ironizo dizendo que elas causar\u00e3o a 3\u00aa Guerra Mundial; sou\u2026","rel":"","context":"Em &quot;Sem categoria&quot;","block_context":{"text":"Sem categoria","link":"https:\/\/gersonguelmann.com.br\/blog\/category\/sem-categoria\/"},"img":{"alt_text":"","src":"https:\/\/i0.wp.com\/gersonguelmann.com.br\/blog\/wp-content\/uploads\/2023\/01\/HojePR.jpg?fit=400%2C225&ssl=1&resize=350%2C200","width":350,"height":200},"classes":[]},{"id":8521,"url":"https:\/\/gersonguelmann.com.br\/blog\/historia-na-camara-de-gas\/","url_meta":{"origin":1429,"position":2},"title":"A Hist\u00f3ria Na C\u00e2mara de G\u00e1s (*)","author":"Gerson Guelmann","date":"14 de fevereiro de 2018","format":false,"excerpt":"(*) Artigo de Opini\u00e3o de\u00a0H\u00e9lio Schwartsman publicado na edi\u00e7\u00e3o de ontem do jornal Folha de S\u00e3o Paulo: \"A hist\u00f3ria na c\u00e2mara de g\u00e1s Norma\u00a0polonesa \u00e9 estrategicamente tola e democraticamente inaceit\u00e1vel Parlamentos s\u00e3o pr\u00f3digos em aprovar leis in\u00fateis e at\u00e9 contraproducentes. E, se h\u00e1 um campo em que essa tend\u00eancia se\u2026","rel":"","context":"Em &quot;Sem categoria&quot;","block_context":{"text":"Sem categoria","link":"https:\/\/gersonguelmann.com.br\/blog\/category\/sem-categoria\/"},"img":{"alt_text":"","src":"https:\/\/i0.wp.com\/gersonguelmann.com.br\/blog\/wp-content\/uploads\/2018\/02\/Pol%C3%B4nia.jpeg?fit=622%2C350&ssl=1&resize=350%2C200","width":350,"height":200,"srcset":"https:\/\/i0.wp.com\/gersonguelmann.com.br\/blog\/wp-content\/uploads\/2018\/02\/Pol%C3%B4nia.jpeg?fit=622%2C350&ssl=1&resize=350%2C200 1x, https:\/\/i0.wp.com\/gersonguelmann.com.br\/blog\/wp-content\/uploads\/2018\/02\/Pol%C3%B4nia.jpeg?fit=622%2C350&ssl=1&resize=525%2C300 1.5x"},"classes":[]},{"id":11406,"url":"https:\/\/gersonguelmann.com.br\/blog\/batochio-pinoquio-nuremberg\/","url_meta":{"origin":1429,"position":3},"title":"Batochio, Pin\u00f3quio e Nuremberg","author":"Gerson Guelmann","date":"8 de abril de 2018","format":false,"excerpt":"Do site 'F\u00e3s da Psican\u00e1lise', artigo \"A Perda Da Ingenuidade (Pin\u00f3quio)\", publicado em 30\/3\/2016 por Hellen Reis Mour\u00e3o, transcrevo o texto a seguir: - \"...Esculpido a partir do tronco de uma \u00e1rvore por um entalhador chamado Gepeto, Pin\u00f3quio nasceu como uma marionete de madeira, mas que sonhava em ser um\u2026","rel":"","context":"Em &quot;Sem categoria&quot;","block_context":{"text":"Sem categoria","link":"https:\/\/gersonguelmann.com.br\/blog\/category\/sem-categoria\/"},"img":{"alt_text":"","src":"https:\/\/i0.wp.com\/gersonguelmann.com.br\/blog\/wp-content\/uploads\/2018\/04\/Pinoquio.jpg?resize=350%2C200&ssl=1","width":350,"height":200},"classes":[]},{"id":1327,"url":"https:\/\/gersonguelmann.com.br\/blog\/contra-estupidez-ate-mesmo-d-us-e-impotente-ditado-judaico\/","url_meta":{"origin":1429,"position":4},"title":"\u201cContra a estupidez at\u00e9 mesmo D-us \u00e9 impotente\u201d (ditado judaico)","author":"Gerson Guelmann","date":"1 de setembro de 2017","format":false,"excerpt":"H\u00e1 poucos dias manifestei minha indigna\u00e7\u00e3o pelo artigo que a atriz Fernanda Torres publicou na Folha de S\u00e3o Paulo, onde comparou o que viu em um pres\u00eddio no Rio de Janeiro com o que aconteceu em Auschwitz e Treblinka (\"Pe\u00e7a Desculpas, Fernandinha\"). N\u00e3o teria raz\u00e3o para voltar ao assunto, mas\u2026","rel":"","context":"Em &quot;Sem categoria&quot;","block_context":{"text":"Sem categoria","link":"https:\/\/gersonguelmann.com.br\/blog\/category\/sem-categoria\/"},"img":{"alt_text":"","src":"https:\/\/i0.wp.com\/gersonguelmann.com.br\/blog\/wp-content\/uploads\/2017\/09\/Burro.png?fit=960%2C692&ssl=1&resize=350%2C200","width":350,"height":200,"srcset":"https:\/\/i0.wp.com\/gersonguelmann.com.br\/blog\/wp-content\/uploads\/2017\/09\/Burro.png?fit=960%2C692&ssl=1&resize=350%2C200 1x, https:\/\/i0.wp.com\/gersonguelmann.com.br\/blog\/wp-content\/uploads\/2017\/09\/Burro.png?fit=960%2C692&ssl=1&resize=525%2C300 1.5x, https:\/\/i0.wp.com\/gersonguelmann.com.br\/blog\/wp-content\/uploads\/2017\/09\/Burro.png?fit=960%2C692&ssl=1&resize=700%2C400 2x"},"classes":[]},{"id":13165,"url":"https:\/\/gersonguelmann.com.br\/blog\/o-brasil-na-1a-guerra-mundial-1914-1918\/","url_meta":{"origin":1429,"position":5},"title":"O Brasil na 1\u00aa Guerra Mundial (1914-1918)","author":"Gerson Guelmann","date":"22 de maio de 2018","format":false,"excerpt":"Esta semana dois amigos me mandaram um texto extremamente interessante, que trata da participa\u00e7\u00e3o do Brasil na 1\u00aa Guerra Mundial. Na internet verifiquei que \u00e9 de autoria de Maria Tereza Mendes e foi publicado no Blog do Percival Puggina. Compartilho porque vale a pena conhecer a hist\u00f3ria: N\u00d3S TAMB\u00c9M TEMOS\u2026","rel":"","context":"Em &quot;Sem categoria&quot;","block_context":{"text":"Sem categoria","link":"https:\/\/gersonguelmann.com.br\/blog\/category\/sem-categoria\/"},"img":{"alt_text":"","src":"https:\/\/i0.wp.com\/gersonguelmann.com.br\/blog\/wp-content\/uploads\/2018\/05\/Placa.jpg?fit=1024%2C630&ssl=1&resize=350%2C200","width":350,"height":200,"srcset":"https:\/\/i0.wp.com\/gersonguelmann.com.br\/blog\/wp-content\/uploads\/2018\/05\/Placa.jpg?fit=1024%2C630&ssl=1&resize=350%2C200 1x, https:\/\/i0.wp.com\/gersonguelmann.com.br\/blog\/wp-content\/uploads\/2018\/05\/Placa.jpg?fit=1024%2C630&ssl=1&resize=525%2C300 1.5x, https:\/\/i0.wp.com\/gersonguelmann.com.br\/blog\/wp-content\/uploads\/2018\/05\/Placa.jpg?fit=1024%2C630&ssl=1&resize=700%2C400 2x"},"classes":[]}],"jetpack_sharing_enabled":true,"post_mailing_queue_ids":[],"_links":{"self":[{"href":"https:\/\/gersonguelmann.com.br\/blog\/wp-json\/wp\/v2\/posts\/1429","targetHints":{"allow":["GET"]}}],"collection":[{"href":"https:\/\/gersonguelmann.com.br\/blog\/wp-json\/wp\/v2\/posts"}],"about":[{"href":"https:\/\/gersonguelmann.com.br\/blog\/wp-json\/wp\/v2\/types\/post"}],"author":[{"embeddable":true,"href":"https:\/\/gersonguelmann.com.br\/blog\/wp-json\/wp\/v2\/users\/5"}],"replies":[{"embeddable":true,"href":"https:\/\/gersonguelmann.com.br\/blog\/wp-json\/wp\/v2\/comments?post=1429"}],"version-history":[{"count":0,"href":"https:\/\/gersonguelmann.com.br\/blog\/wp-json\/wp\/v2\/posts\/1429\/revisions"}],"wp:featuredmedia":[{"embeddable":true,"href":"https:\/\/gersonguelmann.com.br\/blog\/wp-json\/wp\/v2\/media\/1430"}],"wp:attachment":[{"href":"https:\/\/gersonguelmann.com.br\/blog\/wp-json\/wp\/v2\/media?parent=1429"}],"wp:term":[{"taxonomy":"category","embeddable":true,"href":"https:\/\/gersonguelmann.com.br\/blog\/wp-json\/wp\/v2\/categories?post=1429"},{"taxonomy":"post_tag","embeddable":true,"href":"https:\/\/gersonguelmann.com.br\/blog\/wp-json\/wp\/v2\/tags?post=1429"}],"curies":[{"name":"wp","href":"https:\/\/api.w.org\/{rel}","templated":true}]}}