    {"id":14294,"date":"2018-06-25T22:50:44","date_gmt":"2018-06-26T01:50:44","guid":{"rendered":"https:\/\/gersonguelmann.com.br\/blog\/?p=14294"},"modified":"2018-06-25T22:50:44","modified_gmt":"2018-06-26T01:50:44","slug":"tesouros-da-musica-judaica-1","status":"publish","type":"post","link":"https:\/\/gersonguelmann.com.br\/blog\/tesouros-da-musica-judaica-1\/","title":{"rendered":"Tesouros da M\u00fasica Judaica (1)"},"content":{"rendered":"<p style=\"text-align: center;\"><img data-recalc-dims=\"1\" fetchpriority=\"high\" decoding=\"async\" data-attachment-id=\"14296\" data-permalink=\"https:\/\/gersonguelmann.com.br\/blog\/tesouros-da-musica-judaica-1\/1-44\/\" data-orig-file=\"https:\/\/i0.wp.com\/gersonguelmann.com.br\/blog\/wp-content\/uploads\/2018\/06\/1-14.jpg?fit=400%2C599&amp;ssl=1\" data-orig-size=\"400,599\" data-comments-opened=\"1\" data-image-meta=\"{&quot;aperture&quot;:&quot;0&quot;,&quot;credit&quot;:&quot;&quot;,&quot;camera&quot;:&quot;&quot;,&quot;caption&quot;:&quot;&quot;,&quot;created_timestamp&quot;:&quot;0&quot;,&quot;copyright&quot;:&quot;&quot;,&quot;focal_length&quot;:&quot;0&quot;,&quot;iso&quot;:&quot;0&quot;,&quot;shutter_speed&quot;:&quot;0&quot;,&quot;title&quot;:&quot;&quot;,&quot;orientation&quot;:&quot;0&quot;}\" data-image-title=\"1\" data-image-description=\"\" data-image-caption=\"\" data-medium-file=\"https:\/\/i0.wp.com\/gersonguelmann.com.br\/blog\/wp-content\/uploads\/2018\/06\/1-14.jpg?fit=200%2C300&amp;ssl=1\" data-large-file=\"https:\/\/i0.wp.com\/gersonguelmann.com.br\/blog\/wp-content\/uploads\/2018\/06\/1-14.jpg?fit=400%2C599&amp;ssl=1\" class=\"alignnone size-medium wp-image-14296\" src=\"https:\/\/i0.wp.com\/gersonguelmann.com.br\/blog\/wp-content\/uploads\/2018\/06\/1-14.jpg?resize=200%2C300&#038;ssl=1\" alt=\"\" width=\"200\" height=\"300\" srcset=\"https:\/\/i0.wp.com\/gersonguelmann.com.br\/blog\/wp-content\/uploads\/2018\/06\/1-14.jpg?resize=200%2C300&amp;ssl=1 200w, https:\/\/i0.wp.com\/gersonguelmann.com.br\/blog\/wp-content\/uploads\/2018\/06\/1-14.jpg?w=400&amp;ssl=1 400w\" sizes=\"(max-width: 200px) 100vw, 200px\" \/><br \/>\n<span style=\"color: #808080;\"><em><strong>Imagem: http:\/\/jewishart-artejudia.blogspot.com<\/strong><\/em><\/span><\/p>\n<p class=\"title style-scope ytd-video-primary-info-renderer\"><span style=\"font-family: georgia, palatino, serif; font-size: 18pt; color: #000000;\">&#8220;A Yidishe Mame&#8221; interpretada por\u00a0Yitzchak Meir Helfgot, acompanhado por\u00a0Itzhak Perlman ao violino.<\/span><\/p>\n<p><span class=\"embed-youtube\" style=\"text-align:center; display: block;\"><iframe class=\"youtube-player\" width=\"640\" height=\"360\" src=\"https:\/\/www.youtube.com\/embed\/DbzInoRitQ0?version=3&#038;rel=1&#038;showsearch=0&#038;showinfo=1&#038;iv_load_policy=1&#038;fs=1&#038;hl=pt-BR&#038;autohide=2&#038;wmode=transparent\" allowfullscreen=\"true\" style=\"border:0;\" sandbox=\"allow-scripts allow-same-origin allow-popups allow-presentation allow-popups-to-escape-sandbox\"><\/iframe><\/span><\/p>\n<p>&nbsp;<\/p>\n","protected":false},"excerpt":{"rendered":"<p>Imagem: http:\/\/jewishart-artejudia.blogspot.com &#8220;A Yidishe Mame&#8221; interpretada por\u00a0Yitzchak Meir Helfgot, acompanhado por\u00a0Itzhak Perlman ao violino. &nbsp;<\/p>\n","protected":false},"author":5,"featured_media":14296,"comment_status":"open","ping_status":"open","sticky":false,"template":"","format":"standard","meta":{"_acf_changed":false,"jetpack_post_was_ever_published":false,"_jetpack_newsletter_access":"","_jetpack_dont_email_post_to_subs":false,"_jetpack_newsletter_tier_id":0,"_jetpack_memberships_contains_paywalled_content":false,"_jetpack_memberships_contains_paid_content":false,"footnotes":"","jetpack_publicize_message":"","jetpack_publicize_feature_enabled":true,"jetpack_social_post_already_shared":true,"jetpack_social_options":{"image_generator_settings":{"template":"highway","default_image_id":0,"font":"","enabled":false},"version":2}},"categories":[1],"tags":[],"class_list":["post-14294","post","type-post","status-publish","format-standard","has-post-thumbnail","hentry","category-sem-categoria"],"acf":[],"yoast_head":"<!-- This site is optimized with the Yoast SEO plugin v27.3 - https:\/\/yoast.com\/product\/yoast-seo-wordpress\/ -->\n<title>Tesouros da M\u00fasica Judaica (1) | Blog do Guelmann<\/title>\n<meta name=\"robots\" content=\"index, follow, max-snippet:-1, max-image-preview:large, max-video-preview:-1\" \/>\n<link rel=\"canonical\" href=\"https:\/\/gersonguelmann.com.br\/blog\/tesouros-da-musica-judaica-1\/\" \/>\n<meta property=\"og:locale\" content=\"pt_BR\" \/>\n<meta property=\"og:type\" content=\"article\" \/>\n<meta property=\"og:title\" content=\"Tesouros da M\u00fasica Judaica (1) | Blog do Guelmann\" \/>\n<meta property=\"og:description\" content=\"Imagem: http:\/\/jewishart-artejudia.blogspot.com &#8220;A Yidishe Mame&#8221; interpretada por\u00a0Yitzchak Meir Helfgot, acompanhado por\u00a0Itzhak Perlman ao violino. &nbsp;\" \/>\n<meta property=\"og:url\" content=\"https:\/\/gersonguelmann.com.br\/blog\/tesouros-da-musica-judaica-1\/\" \/>\n<meta property=\"og:site_name\" content=\"Blog do Guelmann\" \/>\n<meta property=\"article:published_time\" content=\"2018-06-26T01:50:44+00:00\" \/>\n<meta property=\"og:image\" content=\"https:\/\/i0.wp.com\/gersonguelmann.com.br\/blog\/wp-content\/uploads\/2018\/06\/1-14.jpg?fit=400%2C599&ssl=1\" \/>\n\t<meta property=\"og:image:width\" content=\"400\" \/>\n\t<meta property=\"og:image:height\" content=\"599\" \/>\n\t<meta property=\"og:image:type\" content=\"image\/jpeg\" \/>\n<meta name=\"author\" content=\"Gerson Guelmann\" \/>\n<meta name=\"twitter:card\" content=\"summary_large_image\" \/>\n<meta name=\"twitter:label1\" content=\"Escrito por\" \/>\n\t<meta name=\"twitter:data1\" content=\"Gerson Guelmann\" \/>\n<script type=\"application\/ld+json\" class=\"yoast-schema-graph\">{\"@context\":\"https:\\\/\\\/schema.org\",\"@graph\":[{\"@type\":\"Article\",\"@id\":\"https:\\\/\\\/gersonguelmann.com.br\\\/blog\\\/tesouros-da-musica-judaica-1\\\/#article\",\"isPartOf\":{\"@id\":\"https:\\\/\\\/gersonguelmann.com.br\\\/blog\\\/tesouros-da-musica-judaica-1\\\/\"},\"author\":{\"name\":\"Gerson Guelmann\",\"@id\":\"https:\\\/\\\/gersonguelmann.com.br\\\/blog\\\/#\\\/schema\\\/person\\\/87e70e2a786888082f941a482c90569e\"},\"headline\":\"Tesouros da M\u00fasica Judaica (1)\",\"datePublished\":\"2018-06-26T01:50:44+00:00\",\"mainEntityOfPage\":{\"@id\":\"https:\\\/\\\/gersonguelmann.com.br\\\/blog\\\/tesouros-da-musica-judaica-1\\\/\"},\"wordCount\":32,\"commentCount\":0,\"image\":{\"@id\":\"https:\\\/\\\/gersonguelmann.com.br\\\/blog\\\/tesouros-da-musica-judaica-1\\\/#primaryimage\"},\"thumbnailUrl\":\"https:\\\/\\\/i0.wp.com\\\/gersonguelmann.com.br\\\/blog\\\/wp-content\\\/uploads\\\/2018\\\/06\\\/1-14.jpg?fit=400%2C599&ssl=1\",\"inLanguage\":\"pt-BR\",\"potentialAction\":[{\"@type\":\"CommentAction\",\"name\":\"Comment\",\"target\":[\"https:\\\/\\\/gersonguelmann.com.br\\\/blog\\\/tesouros-da-musica-judaica-1\\\/#respond\"]}]},{\"@type\":\"WebPage\",\"@id\":\"https:\\\/\\\/gersonguelmann.com.br\\\/blog\\\/tesouros-da-musica-judaica-1\\\/\",\"url\":\"https:\\\/\\\/gersonguelmann.com.br\\\/blog\\\/tesouros-da-musica-judaica-1\\\/\",\"name\":\"Tesouros da M\u00fasica Judaica (1) | Blog do Guelmann\",\"isPartOf\":{\"@id\":\"https:\\\/\\\/gersonguelmann.com.br\\\/blog\\\/#website\"},\"primaryImageOfPage\":{\"@id\":\"https:\\\/\\\/gersonguelmann.com.br\\\/blog\\\/tesouros-da-musica-judaica-1\\\/#primaryimage\"},\"image\":{\"@id\":\"https:\\\/\\\/gersonguelmann.com.br\\\/blog\\\/tesouros-da-musica-judaica-1\\\/#primaryimage\"},\"thumbnailUrl\":\"https:\\\/\\\/i0.wp.com\\\/gersonguelmann.com.br\\\/blog\\\/wp-content\\\/uploads\\\/2018\\\/06\\\/1-14.jpg?fit=400%2C599&ssl=1\",\"datePublished\":\"2018-06-26T01:50:44+00:00\",\"author\":{\"@id\":\"https:\\\/\\\/gersonguelmann.com.br\\\/blog\\\/#\\\/schema\\\/person\\\/87e70e2a786888082f941a482c90569e\"},\"inLanguage\":\"pt-BR\",\"potentialAction\":[{\"@type\":\"ReadAction\",\"target\":[\"https:\\\/\\\/gersonguelmann.com.br\\\/blog\\\/tesouros-da-musica-judaica-1\\\/\"]}]},{\"@type\":\"ImageObject\",\"inLanguage\":\"pt-BR\",\"@id\":\"https:\\\/\\\/gersonguelmann.com.br\\\/blog\\\/tesouros-da-musica-judaica-1\\\/#primaryimage\",\"url\":\"https:\\\/\\\/i0.wp.com\\\/gersonguelmann.com.br\\\/blog\\\/wp-content\\\/uploads\\\/2018\\\/06\\\/1-14.jpg?fit=400%2C599&ssl=1\",\"contentUrl\":\"https:\\\/\\\/i0.wp.com\\\/gersonguelmann.com.br\\\/blog\\\/wp-content\\\/uploads\\\/2018\\\/06\\\/1-14.jpg?fit=400%2C599&ssl=1\",\"width\":400,\"height\":599},{\"@type\":\"WebSite\",\"@id\":\"https:\\\/\\\/gersonguelmann.com.br\\\/blog\\\/#website\",\"url\":\"https:\\\/\\\/gersonguelmann.com.br\\\/blog\\\/\",\"name\":\"Blog do Guelmann\",\"description\":\"Pitadas da sabedoria e do humor judaicos, assuntos do momento e um pouco das hist\u00f3rias que vivi e testemunhei.\",\"potentialAction\":[{\"@type\":\"SearchAction\",\"target\":{\"@type\":\"EntryPoint\",\"urlTemplate\":\"https:\\\/\\\/gersonguelmann.com.br\\\/blog\\\/?s={search_term_string}\"},\"query-input\":{\"@type\":\"PropertyValueSpecification\",\"valueRequired\":true,\"valueName\":\"search_term_string\"}}],\"inLanguage\":\"pt-BR\"},{\"@type\":\"Person\",\"@id\":\"https:\\\/\\\/gersonguelmann.com.br\\\/blog\\\/#\\\/schema\\\/person\\\/87e70e2a786888082f941a482c90569e\",\"name\":\"Gerson Guelmann\",\"image\":{\"@type\":\"ImageObject\",\"inLanguage\":\"pt-BR\",\"@id\":\"https:\\\/\\\/i0.wp.com\\\/gersonguelmann.com.br\\\/blog\\\/wp-content\\\/uploads\\\/2021\\\/08\\\/BLOG.jpeg?fit=96%2C96&ssl=1\",\"url\":\"https:\\\/\\\/i0.wp.com\\\/gersonguelmann.com.br\\\/blog\\\/wp-content\\\/uploads\\\/2021\\\/08\\\/BLOG.jpeg?fit=96%2C96&ssl=1\",\"contentUrl\":\"https:\\\/\\\/i0.wp.com\\\/gersonguelmann.com.br\\\/blog\\\/wp-content\\\/uploads\\\/2021\\\/08\\\/BLOG.jpeg?fit=96%2C96&ssl=1\",\"caption\":\"Gerson Guelmann\"},\"description\":\"Pitadas da sabedoria e do humor judaicos, assuntos do momento e um pouco das hist\u00f3rias que vivi e testemunhei.\"}]}<\/script>\n<!-- \/ Yoast SEO plugin. -->","yoast_head_json":{"title":"Tesouros da M\u00fasica Judaica (1) | Blog do Guelmann","robots":{"index":"index","follow":"follow","max-snippet":"max-snippet:-1","max-image-preview":"max-image-preview:large","max-video-preview":"max-video-preview:-1"},"canonical":"https:\/\/gersonguelmann.com.br\/blog\/tesouros-da-musica-judaica-1\/","og_locale":"pt_BR","og_type":"article","og_title":"Tesouros da M\u00fasica Judaica (1) | Blog do Guelmann","og_description":"Imagem: http:\/\/jewishart-artejudia.blogspot.com &#8220;A Yidishe Mame&#8221; interpretada por\u00a0Yitzchak Meir Helfgot, acompanhado por\u00a0Itzhak Perlman ao violino. &nbsp;","og_url":"https:\/\/gersonguelmann.com.br\/blog\/tesouros-da-musica-judaica-1\/","og_site_name":"Blog do Guelmann","article_published_time":"2018-06-26T01:50:44+00:00","og_image":[{"width":400,"height":599,"url":"https:\/\/i0.wp.com\/gersonguelmann.com.br\/blog\/wp-content\/uploads\/2018\/06\/1-14.jpg?fit=400%2C599&ssl=1","type":"image\/jpeg"}],"author":"Gerson Guelmann","twitter_card":"summary_large_image","twitter_misc":{"Escrito por":"Gerson Guelmann"},"schema":{"@context":"https:\/\/schema.org","@graph":[{"@type":"Article","@id":"https:\/\/gersonguelmann.com.br\/blog\/tesouros-da-musica-judaica-1\/#article","isPartOf":{"@id":"https:\/\/gersonguelmann.com.br\/blog\/tesouros-da-musica-judaica-1\/"},"author":{"name":"Gerson Guelmann","@id":"https:\/\/gersonguelmann.com.br\/blog\/#\/schema\/person\/87e70e2a786888082f941a482c90569e"},"headline":"Tesouros da M\u00fasica Judaica (1)","datePublished":"2018-06-26T01:50:44+00:00","mainEntityOfPage":{"@id":"https:\/\/gersonguelmann.com.br\/blog\/tesouros-da-musica-judaica-1\/"},"wordCount":32,"commentCount":0,"image":{"@id":"https:\/\/gersonguelmann.com.br\/blog\/tesouros-da-musica-judaica-1\/#primaryimage"},"thumbnailUrl":"https:\/\/i0.wp.com\/gersonguelmann.com.br\/blog\/wp-content\/uploads\/2018\/06\/1-14.jpg?fit=400%2C599&ssl=1","inLanguage":"pt-BR","potentialAction":[{"@type":"CommentAction","name":"Comment","target":["https:\/\/gersonguelmann.com.br\/blog\/tesouros-da-musica-judaica-1\/#respond"]}]},{"@type":"WebPage","@id":"https:\/\/gersonguelmann.com.br\/blog\/tesouros-da-musica-judaica-1\/","url":"https:\/\/gersonguelmann.com.br\/blog\/tesouros-da-musica-judaica-1\/","name":"Tesouros da M\u00fasica Judaica (1) | Blog do Guelmann","isPartOf":{"@id":"https:\/\/gersonguelmann.com.br\/blog\/#website"},"primaryImageOfPage":{"@id":"https:\/\/gersonguelmann.com.br\/blog\/tesouros-da-musica-judaica-1\/#primaryimage"},"image":{"@id":"https:\/\/gersonguelmann.com.br\/blog\/tesouros-da-musica-judaica-1\/#primaryimage"},"thumbnailUrl":"https:\/\/i0.wp.com\/gersonguelmann.com.br\/blog\/wp-content\/uploads\/2018\/06\/1-14.jpg?fit=400%2C599&ssl=1","datePublished":"2018-06-26T01:50:44+00:00","author":{"@id":"https:\/\/gersonguelmann.com.br\/blog\/#\/schema\/person\/87e70e2a786888082f941a482c90569e"},"inLanguage":"pt-BR","potentialAction":[{"@type":"ReadAction","target":["https:\/\/gersonguelmann.com.br\/blog\/tesouros-da-musica-judaica-1\/"]}]},{"@type":"ImageObject","inLanguage":"pt-BR","@id":"https:\/\/gersonguelmann.com.br\/blog\/tesouros-da-musica-judaica-1\/#primaryimage","url":"https:\/\/i0.wp.com\/gersonguelmann.com.br\/blog\/wp-content\/uploads\/2018\/06\/1-14.jpg?fit=400%2C599&ssl=1","contentUrl":"https:\/\/i0.wp.com\/gersonguelmann.com.br\/blog\/wp-content\/uploads\/2018\/06\/1-14.jpg?fit=400%2C599&ssl=1","width":400,"height":599},{"@type":"WebSite","@id":"https:\/\/gersonguelmann.com.br\/blog\/#website","url":"https:\/\/gersonguelmann.com.br\/blog\/","name":"Blog do Guelmann","description":"Pitadas da sabedoria e do humor judaicos, assuntos do momento e um pouco das hist\u00f3rias que vivi e testemunhei.","potentialAction":[{"@type":"SearchAction","target":{"@type":"EntryPoint","urlTemplate":"https:\/\/gersonguelmann.com.br\/blog\/?s={search_term_string}"},"query-input":{"@type":"PropertyValueSpecification","valueRequired":true,"valueName":"search_term_string"}}],"inLanguage":"pt-BR"},{"@type":"Person","@id":"https:\/\/gersonguelmann.com.br\/blog\/#\/schema\/person\/87e70e2a786888082f941a482c90569e","name":"Gerson Guelmann","image":{"@type":"ImageObject","inLanguage":"pt-BR","@id":"https:\/\/i0.wp.com\/gersonguelmann.com.br\/blog\/wp-content\/uploads\/2021\/08\/BLOG.jpeg?fit=96%2C96&ssl=1","url":"https:\/\/i0.wp.com\/gersonguelmann.com.br\/blog\/wp-content\/uploads\/2021\/08\/BLOG.jpeg?fit=96%2C96&ssl=1","contentUrl":"https:\/\/i0.wp.com\/gersonguelmann.com.br\/blog\/wp-content\/uploads\/2021\/08\/BLOG.jpeg?fit=96%2C96&ssl=1","caption":"Gerson Guelmann"},"description":"Pitadas da sabedoria e do humor judaicos, assuntos do momento e um pouco das hist\u00f3rias que vivi e testemunhei."}]}},"views":64,"jetpack_publicize_connections":[],"jetpack_featured_media_url":"https:\/\/i0.wp.com\/gersonguelmann.com.br\/blog\/wp-content\/uploads\/2018\/06\/1-14.jpg?fit=400%2C599&ssl=1","jetpack_shortlink":"https:\/\/wp.me\/p96e7O-3Iy","jetpack-related-posts":[{"id":11911,"url":"https:\/\/gersonguelmann.com.br\/blog\/fim-de-noite-por-tim-maia\/","url_meta":{"origin":14294,"position":0},"title":"Fim de Noite, Por Tim Maia","author":"Gerson Guelmann","date":"21 de abril de 2018","format":false,"excerpt":"Fim De noite, composi\u00e7\u00e3o de Chico Feitosa e Ronaldo B\u00f4scoli, interpretada por Tim Maia. https:\/\/www.youtube.com\/watch?v=hUZzyNBuLbo","rel":"","context":"Em &quot;Sem categoria&quot;","block_context":{"text":"Sem categoria","link":"https:\/\/gersonguelmann.com.br\/blog\/category\/sem-categoria\/"},"img":{"alt_text":"","src":"https:\/\/i0.wp.com\/gersonguelmann.com.br\/blog\/wp-content\/uploads\/2018\/04\/pexels-photo-340901.jpeg?fit=1200%2C401&ssl=1&resize=350%2C200","width":350,"height":200,"srcset":"https:\/\/i0.wp.com\/gersonguelmann.com.br\/blog\/wp-content\/uploads\/2018\/04\/pexels-photo-340901.jpeg?fit=1200%2C401&ssl=1&resize=350%2C200 1x, https:\/\/i0.wp.com\/gersonguelmann.com.br\/blog\/wp-content\/uploads\/2018\/04\/pexels-photo-340901.jpeg?fit=1200%2C401&ssl=1&resize=525%2C300 1.5x, https:\/\/i0.wp.com\/gersonguelmann.com.br\/blog\/wp-content\/uploads\/2018\/04\/pexels-photo-340901.jpeg?fit=1200%2C401&ssl=1&resize=700%2C400 2x, https:\/\/i0.wp.com\/gersonguelmann.com.br\/blog\/wp-content\/uploads\/2018\/04\/pexels-photo-340901.jpeg?fit=1200%2C401&ssl=1&resize=1050%2C600 3x"},"classes":[]},{"id":16227,"url":"https:\/\/gersonguelmann.com.br\/blog\/sessenta-dias-de-cana-por-um-canudo\/","url_meta":{"origin":14294,"position":1},"title":"Sessenta Dias de Cana Por Um Canudo","author":"Gerson Guelmann","date":"27 de mar\u00e7o de 2019","format":false,"excerpt":"Daniel Willis Taylor \u00e9 o nome do idiota de 40 anos que agrediu uma atendente de 20 num McDonald\u2019s em St. Petersburg, na Florida, por causa de um canudo. O esquentadinho pegou 60 dias de cana por agredir a funcion\u00e1ria quando ela lhe disse que agora as unidades da rede\u2026","rel":"","context":"Em &quot;Sem categoria&quot;","block_context":{"text":"Sem categoria","link":"https:\/\/gersonguelmann.com.br\/blog\/category\/sem-categoria\/"},"img":{"alt_text":"","src":"https:\/\/i0.wp.com\/gersonguelmann.com.br\/blog\/wp-content\/uploads\/2019\/03\/straw-beverage.jpg?fit=960%2C640&ssl=1&resize=350%2C200","width":350,"height":200,"srcset":"https:\/\/i0.wp.com\/gersonguelmann.com.br\/blog\/wp-content\/uploads\/2019\/03\/straw-beverage.jpg?fit=960%2C640&ssl=1&resize=350%2C200 1x, https:\/\/i0.wp.com\/gersonguelmann.com.br\/blog\/wp-content\/uploads\/2019\/03\/straw-beverage.jpg?fit=960%2C640&ssl=1&resize=525%2C300 1.5x, https:\/\/i0.wp.com\/gersonguelmann.com.br\/blog\/wp-content\/uploads\/2019\/03\/straw-beverage.jpg?fit=960%2C640&ssl=1&resize=700%2C400 2x"},"classes":[]},{"id":12918,"url":"https:\/\/gersonguelmann.com.br\/blog\/mais-um-ex-tesoureiro-do-pt-condenado-por-moro\/","url_meta":{"origin":14294,"position":2},"title":"Mais Um ex-Tesoureiro do PT Condenado Por Moro","author":"Gerson Guelmann","date":"14 de maio de 2018","format":false,"excerpt":"D'O Antagonista, agora: URGENTE: MORO CONDENA MAIS UM EX-TESOUREIRO DO PT SALVARBrasil\u00a014.05.18 17:07 Por Claudio Dantas S\u00e9rgio Moro acaba de condenar o ex-tesoureiro do PT Paulo Ferreira a nove anos e dez meses por lavagem de dinheiro e associa\u00e7\u00e3o criminosa. Para ler a mat\u00e9ria no site, clique aqui.","rel":"","context":"Em &quot;Sem categoria&quot;","block_context":{"text":"Sem categoria","link":"https:\/\/gersonguelmann.com.br\/blog\/category\/sem-categoria\/"},"img":{"alt_text":"","src":"https:\/\/i0.wp.com\/gersonguelmann.com.br\/blog\/wp-content\/uploads\/2018\/05\/download-12.jpg?resize=350%2C200&ssl=1","width":350,"height":200},"classes":[]},{"id":414,"url":"https:\/\/gersonguelmann.com.br\/blog\/eu-sei-que-vou-te-amar-por-uma-portuguesa-com-certeza\/","url_meta":{"origin":14294,"position":3},"title":"Eu Sei Que Vou Te Amar (Por Uma Portuguesa, Com Certeza)","author":"Gerson Guelmann","date":"28 de mar\u00e7o de 2021","format":false,"excerpt":"Eug\u00e9nia Melo e Castro Lisboa (Portugal), 6\/6\/1968 A bel\u00edssima declara\u00e7\u00e3o de amor de Vinicius de Moraes cantada por uma fant\u00e1stica cantora portuguesa, que garante uma do\u00e7ura \u00edmpar \u00e0 m\u00fasica. Eu Sei Que Vou Te Amar Vinicius de Moraes Eu sei que vou te amar Por toda a minha vida Eu\u2026","rel":"","context":"Em &quot;Sem categoria&quot;","block_context":{"text":"Sem categoria","link":"https:\/\/gersonguelmann.com.br\/blog\/category\/sem-categoria\/"},"img":{"alt_text":"","src":"https:\/\/i0.wp.com\/gersonguelmann.com.br\/blog\/wp-content\/uploads\/2018\/03\/EMC-300x168.jpg?resize=350%2C200&ssl=1","width":350,"height":200},"classes":[]},{"id":8198,"url":"https:\/\/gersonguelmann.com.br\/blog\/aguas-de-marco-por-tom-jobim-e-elis-regina\/","url_meta":{"origin":14294,"position":4},"title":"\u00c1guas de Mar\u00e7o por Tom Jobim e Elis Regina","author":"Gerson Guelmann","date":"5 de fevereiro de 2018","format":false,"excerpt":"\u00c1guas de Mar\u00e7o Composta por Tom Jobim em 1972. O dueto com Elis Regina foi gravado em 1974. https:\/\/www.youtube.com\/watch?v=E1tOV7y94DY","rel":"","context":"Em &quot;Sem categoria&quot;","block_context":{"text":"Sem categoria","link":"https:\/\/gersonguelmann.com.br\/blog\/category\/sem-categoria\/"},"img":{"alt_text":"","src":"https:\/\/i0.wp.com\/gersonguelmann.com.br\/blog\/wp-content\/uploads\/2018\/02\/Tom-Elis.jpg?resize=350%2C200&ssl=1","width":350,"height":200},"classes":[]},{"id":11705,"url":"https:\/\/gersonguelmann.com.br\/blog\/em-sao-paulo-cafeteria-e-comandada-por-pessoas-com-sindrome-de-down\/","url_meta":{"origin":14294,"position":5},"title":"Em S\u00e3o Paulo, Cafeteria \u00c9 Comandada Por Pessoas Com S\u00edndrome de Down","author":"Gerson Guelmann","date":"16 de abril de 2018","format":false,"excerpt":"Foto: guia.folha.uol.com.br Not\u00edcias que nos enchem de esperan\u00e7a e aquecem o cora\u00e7\u00e3o: - desde junho de 2017 funciona em S\u00e3o Paulo o Chefs Especiais Caf\u00e9, a primeira cafeteria inclusiva do Brasil, atendida por portadores de\u00a0S\u00edndrome de Down. O projeto \u00e9 uma iniciativa do Instituto Chefs Especiais, que promove a integra\u00e7\u00e3o\u2026","rel":"","context":"Em &quot;Sem categoria&quot;","block_context":{"text":"Sem categoria","link":"https:\/\/gersonguelmann.com.br\/blog\/category\/sem-categoria\/"},"img":{"alt_text":"","src":"https:\/\/i0.wp.com\/gersonguelmann.com.br\/blog\/wp-content\/uploads\/2018\/04\/download-1-3.jpg?resize=350%2C200&ssl=1","width":350,"height":200},"classes":[]}],"jetpack_sharing_enabled":true,"post_mailing_queue_ids":[],"_links":{"self":[{"href":"https:\/\/gersonguelmann.com.br\/blog\/wp-json\/wp\/v2\/posts\/14294","targetHints":{"allow":["GET"]}}],"collection":[{"href":"https:\/\/gersonguelmann.com.br\/blog\/wp-json\/wp\/v2\/posts"}],"about":[{"href":"https:\/\/gersonguelmann.com.br\/blog\/wp-json\/wp\/v2\/types\/post"}],"author":[{"embeddable":true,"href":"https:\/\/gersonguelmann.com.br\/blog\/wp-json\/wp\/v2\/users\/5"}],"replies":[{"embeddable":true,"href":"https:\/\/gersonguelmann.com.br\/blog\/wp-json\/wp\/v2\/comments?post=14294"}],"version-history":[{"count":0,"href":"https:\/\/gersonguelmann.com.br\/blog\/wp-json\/wp\/v2\/posts\/14294\/revisions"}],"wp:featuredmedia":[{"embeddable":true,"href":"https:\/\/gersonguelmann.com.br\/blog\/wp-json\/wp\/v2\/media\/14296"}],"wp:attachment":[{"href":"https:\/\/gersonguelmann.com.br\/blog\/wp-json\/wp\/v2\/media?parent=14294"}],"wp:term":[{"taxonomy":"category","embeddable":true,"href":"https:\/\/gersonguelmann.com.br\/blog\/wp-json\/wp\/v2\/categories?post=14294"},{"taxonomy":"post_tag","embeddable":true,"href":"https:\/\/gersonguelmann.com.br\/blog\/wp-json\/wp\/v2\/tags?post=14294"}],"curies":[{"name":"wp","href":"https:\/\/api.w.org\/{rel}","templated":true}]}}