    {"id":14300,"date":"2018-06-26T14:07:10","date_gmt":"2018-06-26T17:07:10","guid":{"rendered":"https:\/\/gersonguelmann.com.br\/blog\/?p=14300"},"modified":"2018-06-26T14:07:10","modified_gmt":"2018-06-26T17:07:10","slug":"jose-dirceu-saira-da-prisao","status":"publish","type":"post","link":"https:\/\/gersonguelmann.com.br\/blog\/jose-dirceu-saira-da-prisao\/","title":{"rendered":"Jos\u00e9 Dirceu Sair\u00e1 da Pris\u00e3o"},"content":{"rendered":"<p><span style=\"color: #000000; font-family: georgia, palatino, serif; font-size: 18pt;\">O site O Antagonista acaba de informar que o STF suspendeu a execu\u00e7\u00e3o da senten\u00e7a e determinou a soltura de Jos\u00e9 Dirceu.<\/span><\/p>\n<p><span style=\"color: #000000; font-family: georgia, palatino, serif; font-size: 18pt;\">O texto \u00e9 o seguinte:<\/span><\/p>\n<header class=\"entry-header\">\n<p id=\"single-title\" class=\"entry-title\"><span style=\"font-size: 24pt;\"><strong><span style=\"color: #000000;\">STF SOLTA DIRCEU<\/span><\/strong><\/span><\/p>\n<p><strong><span class=\"postmeta\" style=\"color: #000000;\"><span class=\"categoria\">Brasil<\/span>\u00a0<time class=\"entry-date published\" datetime=\"2018-06-26 13:56:00\">26.06.18 14:01<\/time><\/span><\/strong><\/header>\n<header><\/header>\n<header><span style=\"font-size: 14pt; color: #000000;\">A Segunda Turma do STF acaba de concluir o julgamento que soltou Jos\u00e9 Dirceu.<\/span><\/header>\n<div id=\"entry-text-post\" class=\"entry-content\">\n<p><span style=\"font-size: 14pt; color: #000000;\">Ricardo Lewandowski, Dias Toffoli e Gilmar Mendes votaram nesse sentido.\u00a0Edson Fachin ficou vencido. Celso de Mello n\u00e3o est\u00e1 na sess\u00e3o.<\/span><\/p>\n<p><span style=\"color: #000000; font-family: georgia, palatino, serif; font-size: 18pt;\">A mat\u00e9ria original <span style=\"color: #0000ff;\"><a style=\"color: #0000ff;\" href=\"https:\/\/www.oantagonista.com\/brasil\/gilmar-toffoli-e-lewandowski-soltam-dirceu\/\"><em><strong>est\u00e1 aqui<\/strong><\/em><\/a><\/span>.<\/span><\/p>\n<\/div>\n<div id=\"move-banner-box1\" class=\"container-banner-single\">\n<div class=\"banner-box-single\">\n<div class=\"advise-banner-single\">\n<div id=\"div-gpt-box1\" class=\"bn-esq dfp_ad_pos\" style=\"text-align: center;\" data-google-query-id=\"CLHAjqXm8dsCFUoThwod51cABg\"><img data-recalc-dims=\"1\" fetchpriority=\"high\" decoding=\"async\" data-attachment-id=\"14301\" data-permalink=\"https:\/\/gersonguelmann.com.br\/blog\/jose-dirceu-saira-da-prisao\/dirceu-nocaute\/\" data-orig-file=\"https:\/\/i0.wp.com\/gersonguelmann.com.br\/blog\/wp-content\/uploads\/2018\/06\/dirceu-nocaute.jpg?fit=561%2C369&amp;ssl=1\" data-orig-size=\"561,369\" data-comments-opened=\"1\" data-image-meta=\"{&quot;aperture&quot;:&quot;0&quot;,&quot;credit&quot;:&quot;&quot;,&quot;camera&quot;:&quot;&quot;,&quot;caption&quot;:&quot;&quot;,&quot;created_timestamp&quot;:&quot;0&quot;,&quot;copyright&quot;:&quot;&quot;,&quot;focal_length&quot;:&quot;0&quot;,&quot;iso&quot;:&quot;0&quot;,&quot;shutter_speed&quot;:&quot;0&quot;,&quot;title&quot;:&quot;&quot;,&quot;orientation&quot;:&quot;0&quot;}\" data-image-title=\"dirceu-nocaute\" data-image-description=\"\" data-image-caption=\"\" data-medium-file=\"https:\/\/i0.wp.com\/gersonguelmann.com.br\/blog\/wp-content\/uploads\/2018\/06\/dirceu-nocaute.jpg?fit=300%2C197&amp;ssl=1\" data-large-file=\"https:\/\/i0.wp.com\/gersonguelmann.com.br\/blog\/wp-content\/uploads\/2018\/06\/dirceu-nocaute.jpg?fit=561%2C369&amp;ssl=1\" class=\"alignnone size-medium wp-image-14301\" src=\"https:\/\/i0.wp.com\/gersonguelmann.com.br\/blog\/wp-content\/uploads\/2018\/06\/dirceu-nocaute.jpg?resize=300%2C197&#038;ssl=1\" alt=\"\" width=\"300\" height=\"197\" srcset=\"https:\/\/i0.wp.com\/gersonguelmann.com.br\/blog\/wp-content\/uploads\/2018\/06\/dirceu-nocaute.jpg?resize=300%2C197&amp;ssl=1 300w, https:\/\/i0.wp.com\/gersonguelmann.com.br\/blog\/wp-content\/uploads\/2018\/06\/dirceu-nocaute.jpg?w=561&amp;ssl=1 561w\" sizes=\"(max-width: 300px) 100vw, 300px\" \/><\/div>\n<\/div>\n<\/div>\n<\/div>\n","protected":false},"excerpt":{"rendered":"<p>O site O Antagonista acaba de informar que o STF suspendeu a execu\u00e7\u00e3o da senten\u00e7a e determinou a soltura de Jos\u00e9 Dirceu. O texto \u00e9 o seguinte: STF SOLTA DIRCEU Brasil\u00a026.06.18 14:01 A Segunda Turma do STF acaba de concluir o julgamento que soltou Jos\u00e9 Dirceu. Ricardo Lewandowski, Dias Toffoli e Gilmar Mendes votaram nesse [&hellip;]<\/p>\n","protected":false},"author":5,"featured_media":14301,"comment_status":"open","ping_status":"open","sticky":false,"template":"","format":"standard","meta":{"_acf_changed":false,"jetpack_post_was_ever_published":false,"_jetpack_newsletter_access":"","_jetpack_dont_email_post_to_subs":false,"_jetpack_newsletter_tier_id":0,"_jetpack_memberships_contains_paywalled_content":false,"_jetpack_memberships_contains_paid_content":false,"footnotes":"","jetpack_publicize_message":"","jetpack_publicize_feature_enabled":true,"jetpack_social_post_already_shared":true,"jetpack_social_options":{"image_generator_settings":{"template":"highway","default_image_id":0,"font":"","enabled":false},"version":2}},"categories":[1],"tags":[],"class_list":["post-14300","post","type-post","status-publish","format-standard","has-post-thumbnail","hentry","category-sem-categoria"],"acf":[],"yoast_head":"<!-- This site is optimized with the Yoast SEO plugin v27.3 - https:\/\/yoast.com\/product\/yoast-seo-wordpress\/ -->\n<title>Jos\u00e9 Dirceu Sair\u00e1 da Pris\u00e3o | Blog do Guelmann<\/title>\n<meta name=\"robots\" content=\"index, follow, max-snippet:-1, max-image-preview:large, max-video-preview:-1\" \/>\n<link rel=\"canonical\" href=\"https:\/\/gersonguelmann.com.br\/blog\/jose-dirceu-saira-da-prisao\/\" \/>\n<meta property=\"og:locale\" content=\"pt_BR\" \/>\n<meta property=\"og:type\" content=\"article\" \/>\n<meta property=\"og:title\" content=\"Jos\u00e9 Dirceu Sair\u00e1 da Pris\u00e3o | Blog do Guelmann\" \/>\n<meta property=\"og:description\" content=\"O site O Antagonista acaba de informar que o STF suspendeu a execu\u00e7\u00e3o da senten\u00e7a e determinou a soltura de Jos\u00e9 Dirceu. O texto \u00e9 o seguinte: STF SOLTA DIRCEU Brasil\u00a026.06.18 14:01 A Segunda Turma do STF acaba de concluir o julgamento que soltou Jos\u00e9 Dirceu. Ricardo Lewandowski, Dias Toffoli e Gilmar Mendes votaram nesse [&hellip;]\" \/>\n<meta property=\"og:url\" content=\"https:\/\/gersonguelmann.com.br\/blog\/jose-dirceu-saira-da-prisao\/\" \/>\n<meta property=\"og:site_name\" content=\"Blog do Guelmann\" \/>\n<meta property=\"article:published_time\" content=\"2018-06-26T17:07:10+00:00\" \/>\n<meta property=\"og:image\" content=\"https:\/\/i0.wp.com\/gersonguelmann.com.br\/blog\/wp-content\/uploads\/2018\/06\/dirceu-nocaute.jpg?fit=561%2C369&ssl=1\" \/>\n\t<meta property=\"og:image:width\" content=\"561\" \/>\n\t<meta property=\"og:image:height\" content=\"369\" \/>\n\t<meta property=\"og:image:type\" content=\"image\/jpeg\" \/>\n<meta name=\"author\" content=\"Gerson Guelmann\" \/>\n<meta name=\"twitter:card\" content=\"summary_large_image\" \/>\n<meta name=\"twitter:label1\" content=\"Escrito por\" \/>\n\t<meta name=\"twitter:data1\" content=\"Gerson Guelmann\" \/>\n<script type=\"application\/ld+json\" class=\"yoast-schema-graph\">{\"@context\":\"https:\\\/\\\/schema.org\",\"@graph\":[{\"@type\":\"Article\",\"@id\":\"https:\\\/\\\/gersonguelmann.com.br\\\/blog\\\/jose-dirceu-saira-da-prisao\\\/#article\",\"isPartOf\":{\"@id\":\"https:\\\/\\\/gersonguelmann.com.br\\\/blog\\\/jose-dirceu-saira-da-prisao\\\/\"},\"author\":{\"name\":\"Gerson Guelmann\",\"@id\":\"https:\\\/\\\/gersonguelmann.com.br\\\/blog\\\/#\\\/schema\\\/person\\\/87e70e2a786888082f941a482c90569e\"},\"headline\":\"Jos\u00e9 Dirceu Sair\u00e1 da Pris\u00e3o\",\"datePublished\":\"2018-06-26T17:07:10+00:00\",\"mainEntityOfPage\":{\"@id\":\"https:\\\/\\\/gersonguelmann.com.br\\\/blog\\\/jose-dirceu-saira-da-prisao\\\/\"},\"wordCount\":81,\"commentCount\":0,\"image\":{\"@id\":\"https:\\\/\\\/gersonguelmann.com.br\\\/blog\\\/jose-dirceu-saira-da-prisao\\\/#primaryimage\"},\"thumbnailUrl\":\"https:\\\/\\\/i0.wp.com\\\/gersonguelmann.com.br\\\/blog\\\/wp-content\\\/uploads\\\/2018\\\/06\\\/dirceu-nocaute.jpg?fit=561%2C369&ssl=1\",\"inLanguage\":\"pt-BR\",\"potentialAction\":[{\"@type\":\"CommentAction\",\"name\":\"Comment\",\"target\":[\"https:\\\/\\\/gersonguelmann.com.br\\\/blog\\\/jose-dirceu-saira-da-prisao\\\/#respond\"]}]},{\"@type\":\"WebPage\",\"@id\":\"https:\\\/\\\/gersonguelmann.com.br\\\/blog\\\/jose-dirceu-saira-da-prisao\\\/\",\"url\":\"https:\\\/\\\/gersonguelmann.com.br\\\/blog\\\/jose-dirceu-saira-da-prisao\\\/\",\"name\":\"Jos\u00e9 Dirceu Sair\u00e1 da Pris\u00e3o | Blog do Guelmann\",\"isPartOf\":{\"@id\":\"https:\\\/\\\/gersonguelmann.com.br\\\/blog\\\/#website\"},\"primaryImageOfPage\":{\"@id\":\"https:\\\/\\\/gersonguelmann.com.br\\\/blog\\\/jose-dirceu-saira-da-prisao\\\/#primaryimage\"},\"image\":{\"@id\":\"https:\\\/\\\/gersonguelmann.com.br\\\/blog\\\/jose-dirceu-saira-da-prisao\\\/#primaryimage\"},\"thumbnailUrl\":\"https:\\\/\\\/i0.wp.com\\\/gersonguelmann.com.br\\\/blog\\\/wp-content\\\/uploads\\\/2018\\\/06\\\/dirceu-nocaute.jpg?fit=561%2C369&ssl=1\",\"datePublished\":\"2018-06-26T17:07:10+00:00\",\"author\":{\"@id\":\"https:\\\/\\\/gersonguelmann.com.br\\\/blog\\\/#\\\/schema\\\/person\\\/87e70e2a786888082f941a482c90569e\"},\"inLanguage\":\"pt-BR\",\"potentialAction\":[{\"@type\":\"ReadAction\",\"target\":[\"https:\\\/\\\/gersonguelmann.com.br\\\/blog\\\/jose-dirceu-saira-da-prisao\\\/\"]}]},{\"@type\":\"ImageObject\",\"inLanguage\":\"pt-BR\",\"@id\":\"https:\\\/\\\/gersonguelmann.com.br\\\/blog\\\/jose-dirceu-saira-da-prisao\\\/#primaryimage\",\"url\":\"https:\\\/\\\/i0.wp.com\\\/gersonguelmann.com.br\\\/blog\\\/wp-content\\\/uploads\\\/2018\\\/06\\\/dirceu-nocaute.jpg?fit=561%2C369&ssl=1\",\"contentUrl\":\"https:\\\/\\\/i0.wp.com\\\/gersonguelmann.com.br\\\/blog\\\/wp-content\\\/uploads\\\/2018\\\/06\\\/dirceu-nocaute.jpg?fit=561%2C369&ssl=1\",\"width\":561,\"height\":369},{\"@type\":\"WebSite\",\"@id\":\"https:\\\/\\\/gersonguelmann.com.br\\\/blog\\\/#website\",\"url\":\"https:\\\/\\\/gersonguelmann.com.br\\\/blog\\\/\",\"name\":\"Blog do Guelmann\",\"description\":\"Pitadas da sabedoria e do humor judaicos, assuntos do momento e um pouco das hist\u00f3rias que vivi e testemunhei.\",\"potentialAction\":[{\"@type\":\"SearchAction\",\"target\":{\"@type\":\"EntryPoint\",\"urlTemplate\":\"https:\\\/\\\/gersonguelmann.com.br\\\/blog\\\/?s={search_term_string}\"},\"query-input\":{\"@type\":\"PropertyValueSpecification\",\"valueRequired\":true,\"valueName\":\"search_term_string\"}}],\"inLanguage\":\"pt-BR\"},{\"@type\":\"Person\",\"@id\":\"https:\\\/\\\/gersonguelmann.com.br\\\/blog\\\/#\\\/schema\\\/person\\\/87e70e2a786888082f941a482c90569e\",\"name\":\"Gerson Guelmann\",\"image\":{\"@type\":\"ImageObject\",\"inLanguage\":\"pt-BR\",\"@id\":\"https:\\\/\\\/i0.wp.com\\\/gersonguelmann.com.br\\\/blog\\\/wp-content\\\/uploads\\\/2021\\\/08\\\/BLOG.jpeg?fit=96%2C96&ssl=1\",\"url\":\"https:\\\/\\\/i0.wp.com\\\/gersonguelmann.com.br\\\/blog\\\/wp-content\\\/uploads\\\/2021\\\/08\\\/BLOG.jpeg?fit=96%2C96&ssl=1\",\"contentUrl\":\"https:\\\/\\\/i0.wp.com\\\/gersonguelmann.com.br\\\/blog\\\/wp-content\\\/uploads\\\/2021\\\/08\\\/BLOG.jpeg?fit=96%2C96&ssl=1\",\"caption\":\"Gerson Guelmann\"},\"description\":\"Pitadas da sabedoria e do humor judaicos, assuntos do momento e um pouco das hist\u00f3rias que vivi e testemunhei.\"}]}<\/script>\n<!-- \/ Yoast SEO plugin. -->","yoast_head_json":{"title":"Jos\u00e9 Dirceu Sair\u00e1 da Pris\u00e3o | Blog do Guelmann","robots":{"index":"index","follow":"follow","max-snippet":"max-snippet:-1","max-image-preview":"max-image-preview:large","max-video-preview":"max-video-preview:-1"},"canonical":"https:\/\/gersonguelmann.com.br\/blog\/jose-dirceu-saira-da-prisao\/","og_locale":"pt_BR","og_type":"article","og_title":"Jos\u00e9 Dirceu Sair\u00e1 da Pris\u00e3o | Blog do Guelmann","og_description":"O site O Antagonista acaba de informar que o STF suspendeu a execu\u00e7\u00e3o da senten\u00e7a e determinou a soltura de Jos\u00e9 Dirceu. O texto \u00e9 o seguinte: STF SOLTA DIRCEU Brasil\u00a026.06.18 14:01 A Segunda Turma do STF acaba de concluir o julgamento que soltou Jos\u00e9 Dirceu. Ricardo Lewandowski, Dias Toffoli e Gilmar Mendes votaram nesse [&hellip;]","og_url":"https:\/\/gersonguelmann.com.br\/blog\/jose-dirceu-saira-da-prisao\/","og_site_name":"Blog do Guelmann","article_published_time":"2018-06-26T17:07:10+00:00","og_image":[{"width":561,"height":369,"url":"https:\/\/i0.wp.com\/gersonguelmann.com.br\/blog\/wp-content\/uploads\/2018\/06\/dirceu-nocaute.jpg?fit=561%2C369&ssl=1","type":"image\/jpeg"}],"author":"Gerson Guelmann","twitter_card":"summary_large_image","twitter_misc":{"Escrito por":"Gerson Guelmann"},"schema":{"@context":"https:\/\/schema.org","@graph":[{"@type":"Article","@id":"https:\/\/gersonguelmann.com.br\/blog\/jose-dirceu-saira-da-prisao\/#article","isPartOf":{"@id":"https:\/\/gersonguelmann.com.br\/blog\/jose-dirceu-saira-da-prisao\/"},"author":{"name":"Gerson Guelmann","@id":"https:\/\/gersonguelmann.com.br\/blog\/#\/schema\/person\/87e70e2a786888082f941a482c90569e"},"headline":"Jos\u00e9 Dirceu Sair\u00e1 da Pris\u00e3o","datePublished":"2018-06-26T17:07:10+00:00","mainEntityOfPage":{"@id":"https:\/\/gersonguelmann.com.br\/blog\/jose-dirceu-saira-da-prisao\/"},"wordCount":81,"commentCount":0,"image":{"@id":"https:\/\/gersonguelmann.com.br\/blog\/jose-dirceu-saira-da-prisao\/#primaryimage"},"thumbnailUrl":"https:\/\/i0.wp.com\/gersonguelmann.com.br\/blog\/wp-content\/uploads\/2018\/06\/dirceu-nocaute.jpg?fit=561%2C369&ssl=1","inLanguage":"pt-BR","potentialAction":[{"@type":"CommentAction","name":"Comment","target":["https:\/\/gersonguelmann.com.br\/blog\/jose-dirceu-saira-da-prisao\/#respond"]}]},{"@type":"WebPage","@id":"https:\/\/gersonguelmann.com.br\/blog\/jose-dirceu-saira-da-prisao\/","url":"https:\/\/gersonguelmann.com.br\/blog\/jose-dirceu-saira-da-prisao\/","name":"Jos\u00e9 Dirceu Sair\u00e1 da Pris\u00e3o | Blog do Guelmann","isPartOf":{"@id":"https:\/\/gersonguelmann.com.br\/blog\/#website"},"primaryImageOfPage":{"@id":"https:\/\/gersonguelmann.com.br\/blog\/jose-dirceu-saira-da-prisao\/#primaryimage"},"image":{"@id":"https:\/\/gersonguelmann.com.br\/blog\/jose-dirceu-saira-da-prisao\/#primaryimage"},"thumbnailUrl":"https:\/\/i0.wp.com\/gersonguelmann.com.br\/blog\/wp-content\/uploads\/2018\/06\/dirceu-nocaute.jpg?fit=561%2C369&ssl=1","datePublished":"2018-06-26T17:07:10+00:00","author":{"@id":"https:\/\/gersonguelmann.com.br\/blog\/#\/schema\/person\/87e70e2a786888082f941a482c90569e"},"inLanguage":"pt-BR","potentialAction":[{"@type":"ReadAction","target":["https:\/\/gersonguelmann.com.br\/blog\/jose-dirceu-saira-da-prisao\/"]}]},{"@type":"ImageObject","inLanguage":"pt-BR","@id":"https:\/\/gersonguelmann.com.br\/blog\/jose-dirceu-saira-da-prisao\/#primaryimage","url":"https:\/\/i0.wp.com\/gersonguelmann.com.br\/blog\/wp-content\/uploads\/2018\/06\/dirceu-nocaute.jpg?fit=561%2C369&ssl=1","contentUrl":"https:\/\/i0.wp.com\/gersonguelmann.com.br\/blog\/wp-content\/uploads\/2018\/06\/dirceu-nocaute.jpg?fit=561%2C369&ssl=1","width":561,"height":369},{"@type":"WebSite","@id":"https:\/\/gersonguelmann.com.br\/blog\/#website","url":"https:\/\/gersonguelmann.com.br\/blog\/","name":"Blog do Guelmann","description":"Pitadas da sabedoria e do humor judaicos, assuntos do momento e um pouco das hist\u00f3rias que vivi e testemunhei.","potentialAction":[{"@type":"SearchAction","target":{"@type":"EntryPoint","urlTemplate":"https:\/\/gersonguelmann.com.br\/blog\/?s={search_term_string}"},"query-input":{"@type":"PropertyValueSpecification","valueRequired":true,"valueName":"search_term_string"}}],"inLanguage":"pt-BR"},{"@type":"Person","@id":"https:\/\/gersonguelmann.com.br\/blog\/#\/schema\/person\/87e70e2a786888082f941a482c90569e","name":"Gerson Guelmann","image":{"@type":"ImageObject","inLanguage":"pt-BR","@id":"https:\/\/i0.wp.com\/gersonguelmann.com.br\/blog\/wp-content\/uploads\/2021\/08\/BLOG.jpeg?fit=96%2C96&ssl=1","url":"https:\/\/i0.wp.com\/gersonguelmann.com.br\/blog\/wp-content\/uploads\/2021\/08\/BLOG.jpeg?fit=96%2C96&ssl=1","contentUrl":"https:\/\/i0.wp.com\/gersonguelmann.com.br\/blog\/wp-content\/uploads\/2021\/08\/BLOG.jpeg?fit=96%2C96&ssl=1","caption":"Gerson Guelmann"},"description":"Pitadas da sabedoria e do humor judaicos, assuntos do momento e um pouco das hist\u00f3rias que vivi e testemunhei."}]}},"views":66,"jetpack_publicize_connections":[],"jetpack_featured_media_url":"https:\/\/i0.wp.com\/gersonguelmann.com.br\/blog\/wp-content\/uploads\/2018\/06\/dirceu-nocaute.jpg?fit=561%2C369&ssl=1","jetpack_shortlink":"https:\/\/wp.me\/p96e7O-3IE","jetpack-related-posts":[{"id":13023,"url":"https:\/\/gersonguelmann.com.br\/blog\/ordem-de-prisao-contra-jose-dirceu\/","url_meta":{"origin":14300,"position":0},"title":"Ordem de Pris\u00e3o Contra Jos\u00e9 Dirceu","author":"Gerson Guelmann","date":"17 de maio de 2018","format":false,"excerpt":"O site O Antagonista acaba de informar que foi expedida a ordem de pris\u00e3o contra Jos\u00e9 Dirceu, pela\u00a0ju\u00edza Gabriela Hardt, que est\u00e1 substituindo o juiz Sergio Moro,\u00a0 Uma vez cumprido o mandado, provavelmente ele ser\u00e1 trazido para Curitiba.","rel":"","context":"Em &quot;Sem categoria&quot;","block_context":{"text":"Sem categoria","link":"https:\/\/gersonguelmann.com.br\/blog\/category\/sem-categoria\/"},"img":{"alt_text":"","src":"https:\/\/i0.wp.com\/gersonguelmann.com.br\/blog\/wp-content\/uploads\/2018\/05\/jose-dirceu-silencia-na-pf-e-na-cpi-da-petrobras-1441060672079_1920x1287.jpg?fit=1200%2C526&ssl=1&resize=350%2C200","width":350,"height":200,"srcset":"https:\/\/i0.wp.com\/gersonguelmann.com.br\/blog\/wp-content\/uploads\/2018\/05\/jose-dirceu-silencia-na-pf-e-na-cpi-da-petrobras-1441060672079_1920x1287.jpg?fit=1200%2C526&ssl=1&resize=350%2C200 1x, https:\/\/i0.wp.com\/gersonguelmann.com.br\/blog\/wp-content\/uploads\/2018\/05\/jose-dirceu-silencia-na-pf-e-na-cpi-da-petrobras-1441060672079_1920x1287.jpg?fit=1200%2C526&ssl=1&resize=525%2C300 1.5x, https:\/\/i0.wp.com\/gersonguelmann.com.br\/blog\/wp-content\/uploads\/2018\/05\/jose-dirceu-silencia-na-pf-e-na-cpi-da-petrobras-1441060672079_1920x1287.jpg?fit=1200%2C526&ssl=1&resize=700%2C400 2x, https:\/\/i0.wp.com\/gersonguelmann.com.br\/blog\/wp-content\/uploads\/2018\/05\/jose-dirceu-silencia-na-pf-e-na-cpi-da-petrobras-1441060672079_1920x1287.jpg?fit=1200%2C526&ssl=1&resize=1050%2C600 3x"},"classes":[]},{"id":14429,"url":"https:\/\/gersonguelmann.com.br\/blog\/dirceu-sem-tornozoleira-toffoli-mandou-tirar\/","url_meta":{"origin":14300,"position":1},"title":"Dirceu sem Tornozoleira. Toffoli Mandou Tirar.","author":"Gerson Guelmann","date":"2 de julho de 2018","format":false,"excerpt":"D\u00b4O Antagonista: TOFFOLI TIRA TORNOZELEIRA DE DIRCEU Brasil\u00a002.07.18 21:18 Dias Toffoli acaba de derrubar a decis\u00e3o de Sergio Moro que imp\u00f4s ao ex-ministro Jos\u00e9 Dirceu o uso de tornozeleira eletr\u00f4nica, ap\u00f3s ser libertado pela Segunda Turma. Na sexta-feira, Moro determinou que Dirceu fosse a Curitiba para a coloca\u00e7\u00e3o do mecanismo.\u2026","rel":"","context":"Em &quot;Sem categoria&quot;","block_context":{"text":"Sem categoria","link":"https:\/\/gersonguelmann.com.br\/blog\/category\/sem-categoria\/"},"img":{"alt_text":"","src":"https:\/\/i0.wp.com\/gersonguelmann.com.br\/blog\/wp-content\/uploads\/2018\/07\/download-300x158.jpg?resize=350%2C200&ssl=1","width":350,"height":200},"classes":[]},{"id":11838,"url":"https:\/\/gersonguelmann.com.br\/blog\/falta-pouco-para-jose-dirceu-voltar-para-a-prisao\/","url_meta":{"origin":14300,"position":2},"title":"Falta Pouco Para Jos\u00e9 Dirceu Voltar Para a Pris\u00e3o","author":"Gerson Guelmann","date":"19 de abril de 2018","format":false,"excerpt":"Do Blog 'O Antagonista': TRF-4 REJEITA \u00daLTIMOS RECURSOS E DIRCEU PODE VOLTAR PARA A CADEIA 19.04.18 14:18 J\u00e1 h\u00e1 maioria no TRF-4 para negar os embargos infringentes apresentados pela defesa de Jos\u00e9 Dirceu, que pedia um rec\u00e1lculo da pena.\u00a0Esses s\u00e3o os \u00faltimos recursos poss\u00edveis na segunda inst\u00e2ncia. O petista foi\u2026","rel":"","context":"Em &quot;Sem categoria&quot;","block_context":{"text":"Sem categoria","link":"https:\/\/gersonguelmann.com.br\/blog\/category\/sem-categoria\/"},"img":{"alt_text":"","src":"https:\/\/i0.wp.com\/gersonguelmann.com.br\/blog\/wp-content\/uploads\/2018\/04\/JD.jpg?fit=400%2C225&ssl=1&resize=350%2C200","width":350,"height":200},"classes":[]},{"id":14555,"url":"https:\/\/gersonguelmann.com.br\/blog\/em-video-ze-dirceu-comemora-a-libertacao-de-lula-que-nao-deu-certo\/","url_meta":{"origin":14300,"position":3},"title":"Em V\u00eddeo, Z\u00e9 Dirceu Comemora a Liberta\u00e7\u00e3o de Lula Que N\u00e3o Deu Certo","author":"Gerson Guelmann","date":"9 de julho de 2018","format":false,"excerpt":"Circulou ontem v\u00eddeo em que Z\u00e9 Dirceu, ex-ministro e militante do PT, felicita Lula por ter deixado a cadeia em Curitiba. Detalhe curioso \u00e9 o fato de que Z\u00e9 Dirceu veste camisa da sele\u00e7\u00e3o brasileira. Isso pode levar \u00e0 conclus\u00e3o de que o v\u00eddeo teria sido gravado enquanto o pedido\u2026","rel":"","context":"Em &quot;Sem categoria&quot;","block_context":{"text":"Sem categoria","link":"https:\/\/gersonguelmann.com.br\/blog\/category\/sem-categoria\/"},"img":{"alt_text":"","src":"https:\/\/i0.wp.com\/gersonguelmann.com.br\/blog\/wp-content\/uploads\/2018\/07\/lula-dirceu.jpg?fit=377%2C334&ssl=1&resize=350%2C200","width":350,"height":200},"classes":[]},{"id":14088,"url":"https:\/\/gersonguelmann.com.br\/blog\/na-papuda-enquanto-o-brasil-empatava\/","url_meta":{"origin":14300,"position":4},"title":"Na Papuda, Enquanto o Brasil Empatava&#8230;","author":"Gerson Guelmann","date":"18 de junho de 2018","format":false,"excerpt":"No pres\u00eddio da Papuda, em Brasilia, ontem, a Pol\u00edcia Civil do Distrito Federal fez uma inspe\u00e7\u00e3o na cela ocupada pelo ex-senador Luiz Estev\u00e3o e pelo ex-ministro Jos\u00e9 Dirceu. De acordo com as not\u00edcias o mandado concedido pela Justi\u00e7a tamb\u00e9m permitiu que a cela onde est\u00e1 o ex-ministro Geddel Lima fosse\u2026","rel":"","context":"Em &quot;Sem categoria&quot;","block_context":{"text":"Sem categoria","link":"https:\/\/gersonguelmann.com.br\/blog\/category\/sem-categoria\/"},"img":{"alt_text":"","src":"https:\/\/i0.wp.com\/gersonguelmann.com.br\/blog\/wp-content\/uploads\/2018\/06\/Papuda.jpg?fit=1200%2C675&ssl=1&resize=350%2C200","width":350,"height":200,"srcset":"https:\/\/i0.wp.com\/gersonguelmann.com.br\/blog\/wp-content\/uploads\/2018\/06\/Papuda.jpg?fit=1200%2C675&ssl=1&resize=350%2C200 1x, https:\/\/i0.wp.com\/gersonguelmann.com.br\/blog\/wp-content\/uploads\/2018\/06\/Papuda.jpg?fit=1200%2C675&ssl=1&resize=525%2C300 1.5x, https:\/\/i0.wp.com\/gersonguelmann.com.br\/blog\/wp-content\/uploads\/2018\/06\/Papuda.jpg?fit=1200%2C675&ssl=1&resize=700%2C400 2x, https:\/\/i0.wp.com\/gersonguelmann.com.br\/blog\/wp-content\/uploads\/2018\/06\/Papuda.jpg?fit=1200%2C675&ssl=1&resize=1050%2C600 3x"},"classes":[]},{"id":14466,"url":"https:\/\/gersonguelmann.com.br\/blog\/o-ministro-ricardo-lewandowski-e-a-historia-dos-11-milhoes\/","url_meta":{"origin":14300,"position":5},"title":"O Ministro Ricardo Lewandowski e a Hist\u00f3ria dos 11 Milh\u00f5es","author":"Gerson Guelmann","date":"3 de julho de 2018","format":false,"excerpt":"Mat\u00e9ria publicada no site O Antagonista: EXCLUSIVO: LEWANDOWSKI E O POL\u00caMICO SUMI\u00c7O DE 11 MILH\u00d5ES Brasil\u00a003.07.18 18:05 Por Claudio Dantas Na \u00faltima sess\u00e3o da Segunda Turma antes do recesso, Ricardo Lewandowski demonstrou n\u00edvel de\u00a0irrita\u00e7\u00e3o acima do normal. O Antagonista apurou que o ministro estava particularmente incomodado, n\u00e3o com a liberta\u00e7\u00e3o\u2026","rel":"","context":"Em &quot;Sem categoria&quot;","block_context":{"text":"Sem categoria","link":"https:\/\/gersonguelmann.com.br\/blog\/category\/sem-categoria\/"},"img":{"alt_text":"","src":"https:\/\/i0.wp.com\/gersonguelmann.com.br\/blog\/wp-content\/uploads\/2018\/07\/images.jpg?resize=350%2C200&ssl=1","width":350,"height":200},"classes":[]}],"jetpack_sharing_enabled":true,"post_mailing_queue_ids":[],"_links":{"self":[{"href":"https:\/\/gersonguelmann.com.br\/blog\/wp-json\/wp\/v2\/posts\/14300","targetHints":{"allow":["GET"]}}],"collection":[{"href":"https:\/\/gersonguelmann.com.br\/blog\/wp-json\/wp\/v2\/posts"}],"about":[{"href":"https:\/\/gersonguelmann.com.br\/blog\/wp-json\/wp\/v2\/types\/post"}],"author":[{"embeddable":true,"href":"https:\/\/gersonguelmann.com.br\/blog\/wp-json\/wp\/v2\/users\/5"}],"replies":[{"embeddable":true,"href":"https:\/\/gersonguelmann.com.br\/blog\/wp-json\/wp\/v2\/comments?post=14300"}],"version-history":[{"count":0,"href":"https:\/\/gersonguelmann.com.br\/blog\/wp-json\/wp\/v2\/posts\/14300\/revisions"}],"wp:featuredmedia":[{"embeddable":true,"href":"https:\/\/gersonguelmann.com.br\/blog\/wp-json\/wp\/v2\/media\/14301"}],"wp:attachment":[{"href":"https:\/\/gersonguelmann.com.br\/blog\/wp-json\/wp\/v2\/media?parent=14300"}],"wp:term":[{"taxonomy":"category","embeddable":true,"href":"https:\/\/gersonguelmann.com.br\/blog\/wp-json\/wp\/v2\/categories?post=14300"},{"taxonomy":"post_tag","embeddable":true,"href":"https:\/\/gersonguelmann.com.br\/blog\/wp-json\/wp\/v2\/tags?post=14300"}],"curies":[{"name":"wp","href":"https:\/\/api.w.org\/{rel}","templated":true}]}}