    {"id":14307,"date":"2018-06-26T19:28:51","date_gmt":"2018-06-26T22:28:51","guid":{"rendered":"https:\/\/gersonguelmann.com.br\/blog\/?p=14307"},"modified":"2018-06-26T19:33:31","modified_gmt":"2018-06-26T22:33:31","slug":"torcedores-ingleses-cantaram-contra-judeus-na-copa-do-mundo-e-foram-punidos-em-casa","status":"publish","type":"post","link":"https:\/\/gersonguelmann.com.br\/blog\/torcedores-ingleses-cantaram-contra-judeus-na-copa-do-mundo-e-foram-punidos-em-casa\/","title":{"rendered":"Torcedores Ingleses Cantaram Contra Judeus na Copa do Mundo e Foram Punidos em Casa"},"content":{"rendered":"<p><span style=\"color: #000000; font-family: georgia, palatino, serif; font-size: 18pt;\">Como sabemos, a idiotice desconhece fronteiras.\u00a0<\/span><\/p>\n<p><span style=\"color: #000000; font-family: georgia, palatino, serif; font-size: 18pt;\">Para os que acham que apenas os brasileiros protagonizam cenas constrangedoras l\u00e1 na R\u00fassia, a revista #FERA acaba de publicar mat\u00e9ria sobre dois ingleses que foram flagrados entoando c\u00e2nticos contra judeus.<\/span><\/p>\n<p><span style=\"color: #000000; font-family: georgia, palatino, serif; font-size: 18pt;\">Felizmente eles foram identificados e punidos. Acompanhe:<\/span><\/p>\n<p style=\"text-align: center;\"><span style=\"color: #000000;\"><img data-recalc-dims=\"1\" fetchpriority=\"high\" decoding=\"async\" data-attachment-id=\"14308\" data-permalink=\"https:\/\/gersonguelmann.com.br\/blog\/torcedores-ingleses-cantaram-contra-judeus-na-copa-do-mundo-e-foram-punidos-em-casa\/ingleses\/\" data-orig-file=\"https:\/\/i0.wp.com\/gersonguelmann.com.br\/blog\/wp-content\/uploads\/2018\/06\/Ingleses.jpg?fit=932%2C621&amp;ssl=1\" data-orig-size=\"932,621\" data-comments-opened=\"1\" data-image-meta=\"{&quot;aperture&quot;:&quot;0&quot;,&quot;credit&quot;:&quot;&quot;,&quot;camera&quot;:&quot;&quot;,&quot;caption&quot;:&quot;&quot;,&quot;created_timestamp&quot;:&quot;0&quot;,&quot;copyright&quot;:&quot;&quot;,&quot;focal_length&quot;:&quot;0&quot;,&quot;iso&quot;:&quot;0&quot;,&quot;shutter_speed&quot;:&quot;0&quot;,&quot;title&quot;:&quot;&quot;,&quot;orientation&quot;:&quot;0&quot;}\" data-image-title=\"Ingleses\" data-image-description=\"\" data-image-caption=\"\" data-medium-file=\"https:\/\/i0.wp.com\/gersonguelmann.com.br\/blog\/wp-content\/uploads\/2018\/06\/Ingleses.jpg?fit=300%2C200&amp;ssl=1\" data-large-file=\"https:\/\/i0.wp.com\/gersonguelmann.com.br\/blog\/wp-content\/uploads\/2018\/06\/Ingleses.jpg?fit=640%2C426&amp;ssl=1\" class=\"alignnone size-medium wp-image-14308\" src=\"https:\/\/i0.wp.com\/gersonguelmann.com.br\/blog\/wp-content\/uploads\/2018\/06\/Ingleses.jpg?resize=300%2C200&#038;ssl=1\" alt=\"\" width=\"300\" height=\"200\" srcset=\"https:\/\/i0.wp.com\/gersonguelmann.com.br\/blog\/wp-content\/uploads\/2018\/06\/Ingleses.jpg?resize=300%2C200&amp;ssl=1 300w, https:\/\/i0.wp.com\/gersonguelmann.com.br\/blog\/wp-content\/uploads\/2018\/06\/Ingleses.jpg?resize=768%2C512&amp;ssl=1 768w, https:\/\/i0.wp.com\/gersonguelmann.com.br\/blog\/wp-content\/uploads\/2018\/06\/Ingleses.jpg?resize=750%2C500&amp;ssl=1 750w, https:\/\/i0.wp.com\/gersonguelmann.com.br\/blog\/wp-content\/uploads\/2018\/06\/Ingleses.jpg?w=932&amp;ssl=1 932w\" sizes=\"(max-width: 300px) 100vw, 300px\" \/><\/span><br \/>\n<span style=\"font-size: 10pt; color: #808080;\"><em><strong>Ingleses s\u00e3o punidos por entoar c\u00e2nticos antissemitas\u00a0 <\/strong><\/em><\/span><br \/>\n<span style=\"font-size: 10pt; color: #808080;\"><em><strong>Foto: Paul Ellis\/ AFP<\/strong><\/em><\/span><\/p>\n<p class=\"article__title lato-black\"><span style=\"font-size: 24pt;\"><strong><span style=\"color: #000000;\">Torcedores ingleses s\u00e3o punidos por c\u00e2nticos contra judeus na Copa do Mundo<\/span><\/strong><\/span><\/p>\n<p class=\"article__subtitle lato-bold\"><span style=\"font-size: 18pt;\"><strong><span style=\"color: #000000;\">Brit\u00e2nicos foram flagrados entoando c\u00e2nticos antissemitas durante o Mundial<\/span><\/strong><\/span><\/p>\n<div class=\"artitle__details\">\n<div class=\"article__info lato-regular\"><strong><span style=\"color: #000000;\">Fera<time class=\"article__date\" datetime=\"26 Junho 2018 | 18h24\">26 Junho 2018 | 18h24<\/time><\/span><\/strong><\/div>\n<\/div>\n<div>\n<p><span style=\"color: #000000; font-size: 14pt;\">Dois brit\u00e2nicos que aparecem em um v\u00eddeo entoando c\u00e2nticos antissemitas durante a\u00a0Copa do Mundo\u00a0na\u00a0<strong>R\u00fassia\u00a0<\/strong>foram punidos nesta ter\u00e7a-feira em seu pa\u00eds com a proibi\u00e7\u00e3o de acesso aos est\u00e1dios por tr\u00eas anos.<\/span><\/p>\n<p><span style=\"color: #000000; font-size: 14pt;\">Em imagens que circulam na internet os dois homens, de 58 e 52 anos, aparecem em um bar da cidade russa de Volgogrado em 18 de junho, dia em que a Inglaterra derrotou a Tun\u00edsia por 2 a 1.<\/span><\/p>\n<p><span style=\"color: #000000; font-size: 14pt;\">Ambos foram identificados pela pol\u00edcia. Volgogrado, anteriormente conhecida como Stalingrado, foi palco de uma das mais sangrentas batalhas da Segunda Guerra Mundial.<\/span><\/p>\n<p><span style=\"color: #000000; font-size: 14pt;\">As proibi\u00e7\u00f5es de acesso aos est\u00e1dios foram ditadas por um tribunal de Leeds. Na quarta-feira passada, um porta-voz da Associa\u00e7\u00e3o Inglesa de Futebol (FA) havia &#8220;condenado firmemente os atos&#8221; dos torcedores, que fizeram sauda\u00e7\u00f5es nazistas e entoaram os c\u00e2nticos antissemitas. &#8220;O comportamento vergonhoso dos indiv\u00edduos neste v\u00eddeo n\u00e3o representa os valores da maioria dos torcedores ingleses que foram \u00e0 R\u00fassia para apoiar sua sele\u00e7\u00e3o&#8221;, acrescentou.\/<em>AFP<\/em><\/span><\/p>\n<p><span style=\"color: #000000; font-family: georgia, palatino, serif; font-size: 18pt;\">Voc\u00ea pode acessar a mat\u00e9ria original <span style=\"color: #0000ff;\"><a style=\"color: #0000ff;\" href=\"https:\/\/esportefera.com.br\/noticias\/futebol,torcedores-ingleses-sao-punidos-por-canticos-contra-judeus-na-copa,70002370433\"><em><strong>aqui<\/strong><\/em><\/a><\/span>.<\/span><\/p>\n<p><span class=\"embed-youtube\" style=\"text-align:center; display: block;\"><iframe class=\"youtube-player\" width=\"640\" height=\"360\" src=\"https:\/\/www.youtube.com\/embed\/BM61qucwBFo?version=3&#038;rel=1&#038;showsearch=0&#038;showinfo=1&#038;iv_load_policy=1&#038;fs=1&#038;hl=pt-BR&#038;autohide=2&#038;wmode=transparent\" allowfullscreen=\"true\" style=\"border:0;\" sandbox=\"allow-scripts allow-same-origin allow-popups allow-presentation allow-popups-to-escape-sandbox\"><\/iframe><\/span><\/p>\n<\/div>\n","protected":false},"excerpt":{"rendered":"<p>Como sabemos, a idiotice desconhece fronteiras.\u00a0 Para os que acham que apenas os brasileiros protagonizam cenas constrangedoras l\u00e1 na R\u00fassia, a revista #FERA acaba de publicar mat\u00e9ria sobre dois ingleses que foram flagrados entoando c\u00e2nticos contra judeus. Felizmente eles foram identificados e punidos. Acompanhe: Ingleses s\u00e3o punidos por entoar c\u00e2nticos antissemitas\u00a0 Foto: Paul Ellis\/ AFP [&hellip;]<\/p>\n","protected":false},"author":5,"featured_media":14308,"comment_status":"open","ping_status":"open","sticky":false,"template":"","format":"standard","meta":{"_acf_changed":false,"jetpack_post_was_ever_published":false,"_jetpack_newsletter_access":"","_jetpack_dont_email_post_to_subs":false,"_jetpack_newsletter_tier_id":0,"_jetpack_memberships_contains_paywalled_content":false,"_jetpack_memberships_contains_paid_content":false,"footnotes":"","jetpack_publicize_message":"","jetpack_publicize_feature_enabled":true,"jetpack_social_post_already_shared":true,"jetpack_social_options":{"image_generator_settings":{"template":"highway","default_image_id":0,"font":"","enabled":false},"version":2}},"categories":[1],"tags":[],"class_list":["post-14307","post","type-post","status-publish","format-standard","has-post-thumbnail","hentry","category-sem-categoria"],"acf":[],"yoast_head":"<!-- This site is optimized with the Yoast SEO plugin v27.3 - https:\/\/yoast.com\/product\/yoast-seo-wordpress\/ -->\n<title>Torcedores Ingleses Cantaram Contra Judeus na Copa do Mundo e Foram Punidos em Casa | Blog do Guelmann<\/title>\n<meta name=\"robots\" content=\"index, follow, max-snippet:-1, max-image-preview:large, max-video-preview:-1\" \/>\n<link rel=\"canonical\" href=\"https:\/\/gersonguelmann.com.br\/blog\/torcedores-ingleses-cantaram-contra-judeus-na-copa-do-mundo-e-foram-punidos-em-casa\/\" \/>\n<meta property=\"og:locale\" content=\"pt_BR\" \/>\n<meta property=\"og:type\" content=\"article\" \/>\n<meta property=\"og:title\" content=\"Torcedores Ingleses Cantaram Contra Judeus na Copa do Mundo e Foram Punidos em Casa | Blog do Guelmann\" \/>\n<meta property=\"og:description\" content=\"Como sabemos, a idiotice desconhece fronteiras.\u00a0 Para os que acham que apenas os brasileiros protagonizam cenas constrangedoras l\u00e1 na R\u00fassia, a revista #FERA acaba de publicar mat\u00e9ria sobre dois ingleses que foram flagrados entoando c\u00e2nticos contra judeus. Felizmente eles foram identificados e punidos. Acompanhe: Ingleses s\u00e3o punidos por entoar c\u00e2nticos antissemitas\u00a0 Foto: Paul Ellis\/ AFP [&hellip;]\" \/>\n<meta property=\"og:url\" content=\"https:\/\/gersonguelmann.com.br\/blog\/torcedores-ingleses-cantaram-contra-judeus-na-copa-do-mundo-e-foram-punidos-em-casa\/\" \/>\n<meta property=\"og:site_name\" content=\"Blog do Guelmann\" \/>\n<meta property=\"article:published_time\" content=\"2018-06-26T22:28:51+00:00\" \/>\n<meta property=\"article:modified_time\" content=\"2018-06-26T22:33:31+00:00\" \/>\n<meta property=\"og:image\" content=\"https:\/\/i0.wp.com\/gersonguelmann.com.br\/blog\/wp-content\/uploads\/2018\/06\/Ingleses.jpg?fit=932%2C621&ssl=1\" \/>\n\t<meta property=\"og:image:width\" content=\"932\" \/>\n\t<meta property=\"og:image:height\" content=\"621\" \/>\n\t<meta property=\"og:image:type\" content=\"image\/jpeg\" \/>\n<meta name=\"author\" content=\"Gerson Guelmann\" \/>\n<meta name=\"twitter:card\" content=\"summary_large_image\" \/>\n<meta name=\"twitter:label1\" content=\"Escrito por\" \/>\n\t<meta name=\"twitter:data1\" content=\"Gerson Guelmann\" \/>\n\t<meta name=\"twitter:label2\" content=\"Est. tempo de leitura\" \/>\n\t<meta name=\"twitter:data2\" content=\"1 minuto\" \/>\n<script type=\"application\/ld+json\" class=\"yoast-schema-graph\">{\"@context\":\"https:\\\/\\\/schema.org\",\"@graph\":[{\"@type\":\"Article\",\"@id\":\"https:\\\/\\\/gersonguelmann.com.br\\\/blog\\\/torcedores-ingleses-cantaram-contra-judeus-na-copa-do-mundo-e-foram-punidos-em-casa\\\/#article\",\"isPartOf\":{\"@id\":\"https:\\\/\\\/gersonguelmann.com.br\\\/blog\\\/torcedores-ingleses-cantaram-contra-judeus-na-copa-do-mundo-e-foram-punidos-em-casa\\\/\"},\"author\":{\"name\":\"Gerson Guelmann\",\"@id\":\"https:\\\/\\\/gersonguelmann.com.br\\\/blog\\\/#\\\/schema\\\/person\\\/87e70e2a786888082f941a482c90569e\"},\"headline\":\"Torcedores Ingleses Cantaram Contra Judeus na Copa do Mundo e Foram Punidos em Casa\",\"datePublished\":\"2018-06-26T22:28:51+00:00\",\"dateModified\":\"2018-06-26T22:33:31+00:00\",\"mainEntityOfPage\":{\"@id\":\"https:\\\/\\\/gersonguelmann.com.br\\\/blog\\\/torcedores-ingleses-cantaram-contra-judeus-na-copa-do-mundo-e-foram-punidos-em-casa\\\/\"},\"wordCount\":294,\"commentCount\":0,\"image\":{\"@id\":\"https:\\\/\\\/gersonguelmann.com.br\\\/blog\\\/torcedores-ingleses-cantaram-contra-judeus-na-copa-do-mundo-e-foram-punidos-em-casa\\\/#primaryimage\"},\"thumbnailUrl\":\"https:\\\/\\\/i0.wp.com\\\/gersonguelmann.com.br\\\/blog\\\/wp-content\\\/uploads\\\/2018\\\/06\\\/Ingleses.jpg?fit=932%2C621&ssl=1\",\"inLanguage\":\"pt-BR\",\"potentialAction\":[{\"@type\":\"CommentAction\",\"name\":\"Comment\",\"target\":[\"https:\\\/\\\/gersonguelmann.com.br\\\/blog\\\/torcedores-ingleses-cantaram-contra-judeus-na-copa-do-mundo-e-foram-punidos-em-casa\\\/#respond\"]}]},{\"@type\":\"WebPage\",\"@id\":\"https:\\\/\\\/gersonguelmann.com.br\\\/blog\\\/torcedores-ingleses-cantaram-contra-judeus-na-copa-do-mundo-e-foram-punidos-em-casa\\\/\",\"url\":\"https:\\\/\\\/gersonguelmann.com.br\\\/blog\\\/torcedores-ingleses-cantaram-contra-judeus-na-copa-do-mundo-e-foram-punidos-em-casa\\\/\",\"name\":\"Torcedores Ingleses Cantaram Contra Judeus na Copa do Mundo e Foram Punidos em Casa | Blog do Guelmann\",\"isPartOf\":{\"@id\":\"https:\\\/\\\/gersonguelmann.com.br\\\/blog\\\/#website\"},\"primaryImageOfPage\":{\"@id\":\"https:\\\/\\\/gersonguelmann.com.br\\\/blog\\\/torcedores-ingleses-cantaram-contra-judeus-na-copa-do-mundo-e-foram-punidos-em-casa\\\/#primaryimage\"},\"image\":{\"@id\":\"https:\\\/\\\/gersonguelmann.com.br\\\/blog\\\/torcedores-ingleses-cantaram-contra-judeus-na-copa-do-mundo-e-foram-punidos-em-casa\\\/#primaryimage\"},\"thumbnailUrl\":\"https:\\\/\\\/i0.wp.com\\\/gersonguelmann.com.br\\\/blog\\\/wp-content\\\/uploads\\\/2018\\\/06\\\/Ingleses.jpg?fit=932%2C621&ssl=1\",\"datePublished\":\"2018-06-26T22:28:51+00:00\",\"dateModified\":\"2018-06-26T22:33:31+00:00\",\"author\":{\"@id\":\"https:\\\/\\\/gersonguelmann.com.br\\\/blog\\\/#\\\/schema\\\/person\\\/87e70e2a786888082f941a482c90569e\"},\"inLanguage\":\"pt-BR\",\"potentialAction\":[{\"@type\":\"ReadAction\",\"target\":[\"https:\\\/\\\/gersonguelmann.com.br\\\/blog\\\/torcedores-ingleses-cantaram-contra-judeus-na-copa-do-mundo-e-foram-punidos-em-casa\\\/\"]}]},{\"@type\":\"ImageObject\",\"inLanguage\":\"pt-BR\",\"@id\":\"https:\\\/\\\/gersonguelmann.com.br\\\/blog\\\/torcedores-ingleses-cantaram-contra-judeus-na-copa-do-mundo-e-foram-punidos-em-casa\\\/#primaryimage\",\"url\":\"https:\\\/\\\/i0.wp.com\\\/gersonguelmann.com.br\\\/blog\\\/wp-content\\\/uploads\\\/2018\\\/06\\\/Ingleses.jpg?fit=932%2C621&ssl=1\",\"contentUrl\":\"https:\\\/\\\/i0.wp.com\\\/gersonguelmann.com.br\\\/blog\\\/wp-content\\\/uploads\\\/2018\\\/06\\\/Ingleses.jpg?fit=932%2C621&ssl=1\",\"width\":932,\"height\":621},{\"@type\":\"WebSite\",\"@id\":\"https:\\\/\\\/gersonguelmann.com.br\\\/blog\\\/#website\",\"url\":\"https:\\\/\\\/gersonguelmann.com.br\\\/blog\\\/\",\"name\":\"Blog do Guelmann\",\"description\":\"Pitadas da sabedoria e do humor judaicos, assuntos do momento e um pouco das hist\u00f3rias que vivi e testemunhei.\",\"potentialAction\":[{\"@type\":\"SearchAction\",\"target\":{\"@type\":\"EntryPoint\",\"urlTemplate\":\"https:\\\/\\\/gersonguelmann.com.br\\\/blog\\\/?s={search_term_string}\"},\"query-input\":{\"@type\":\"PropertyValueSpecification\",\"valueRequired\":true,\"valueName\":\"search_term_string\"}}],\"inLanguage\":\"pt-BR\"},{\"@type\":\"Person\",\"@id\":\"https:\\\/\\\/gersonguelmann.com.br\\\/blog\\\/#\\\/schema\\\/person\\\/87e70e2a786888082f941a482c90569e\",\"name\":\"Gerson Guelmann\",\"image\":{\"@type\":\"ImageObject\",\"inLanguage\":\"pt-BR\",\"@id\":\"https:\\\/\\\/i0.wp.com\\\/gersonguelmann.com.br\\\/blog\\\/wp-content\\\/uploads\\\/2021\\\/08\\\/BLOG.jpeg?fit=96%2C96&ssl=1\",\"url\":\"https:\\\/\\\/i0.wp.com\\\/gersonguelmann.com.br\\\/blog\\\/wp-content\\\/uploads\\\/2021\\\/08\\\/BLOG.jpeg?fit=96%2C96&ssl=1\",\"contentUrl\":\"https:\\\/\\\/i0.wp.com\\\/gersonguelmann.com.br\\\/blog\\\/wp-content\\\/uploads\\\/2021\\\/08\\\/BLOG.jpeg?fit=96%2C96&ssl=1\",\"caption\":\"Gerson Guelmann\"},\"description\":\"Pitadas da sabedoria e do humor judaicos, assuntos do momento e um pouco das hist\u00f3rias que vivi e testemunhei.\"}]}<\/script>\n<!-- \/ Yoast SEO plugin. -->","yoast_head_json":{"title":"Torcedores Ingleses Cantaram Contra Judeus na Copa do Mundo e Foram Punidos em Casa | Blog do Guelmann","robots":{"index":"index","follow":"follow","max-snippet":"max-snippet:-1","max-image-preview":"max-image-preview:large","max-video-preview":"max-video-preview:-1"},"canonical":"https:\/\/gersonguelmann.com.br\/blog\/torcedores-ingleses-cantaram-contra-judeus-na-copa-do-mundo-e-foram-punidos-em-casa\/","og_locale":"pt_BR","og_type":"article","og_title":"Torcedores Ingleses Cantaram Contra Judeus na Copa do Mundo e Foram Punidos em Casa | Blog do Guelmann","og_description":"Como sabemos, a idiotice desconhece fronteiras.\u00a0 Para os que acham que apenas os brasileiros protagonizam cenas constrangedoras l\u00e1 na R\u00fassia, a revista #FERA acaba de publicar mat\u00e9ria sobre dois ingleses que foram flagrados entoando c\u00e2nticos contra judeus. Felizmente eles foram identificados e punidos. Acompanhe: Ingleses s\u00e3o punidos por entoar c\u00e2nticos antissemitas\u00a0 Foto: Paul Ellis\/ AFP [&hellip;]","og_url":"https:\/\/gersonguelmann.com.br\/blog\/torcedores-ingleses-cantaram-contra-judeus-na-copa-do-mundo-e-foram-punidos-em-casa\/","og_site_name":"Blog do Guelmann","article_published_time":"2018-06-26T22:28:51+00:00","article_modified_time":"2018-06-26T22:33:31+00:00","og_image":[{"width":932,"height":621,"url":"https:\/\/i0.wp.com\/gersonguelmann.com.br\/blog\/wp-content\/uploads\/2018\/06\/Ingleses.jpg?fit=932%2C621&ssl=1","type":"image\/jpeg"}],"author":"Gerson Guelmann","twitter_card":"summary_large_image","twitter_misc":{"Escrito por":"Gerson Guelmann","Est. tempo de leitura":"1 minuto"},"schema":{"@context":"https:\/\/schema.org","@graph":[{"@type":"Article","@id":"https:\/\/gersonguelmann.com.br\/blog\/torcedores-ingleses-cantaram-contra-judeus-na-copa-do-mundo-e-foram-punidos-em-casa\/#article","isPartOf":{"@id":"https:\/\/gersonguelmann.com.br\/blog\/torcedores-ingleses-cantaram-contra-judeus-na-copa-do-mundo-e-foram-punidos-em-casa\/"},"author":{"name":"Gerson Guelmann","@id":"https:\/\/gersonguelmann.com.br\/blog\/#\/schema\/person\/87e70e2a786888082f941a482c90569e"},"headline":"Torcedores Ingleses Cantaram Contra Judeus na Copa do Mundo e Foram Punidos em Casa","datePublished":"2018-06-26T22:28:51+00:00","dateModified":"2018-06-26T22:33:31+00:00","mainEntityOfPage":{"@id":"https:\/\/gersonguelmann.com.br\/blog\/torcedores-ingleses-cantaram-contra-judeus-na-copa-do-mundo-e-foram-punidos-em-casa\/"},"wordCount":294,"commentCount":0,"image":{"@id":"https:\/\/gersonguelmann.com.br\/blog\/torcedores-ingleses-cantaram-contra-judeus-na-copa-do-mundo-e-foram-punidos-em-casa\/#primaryimage"},"thumbnailUrl":"https:\/\/i0.wp.com\/gersonguelmann.com.br\/blog\/wp-content\/uploads\/2018\/06\/Ingleses.jpg?fit=932%2C621&ssl=1","inLanguage":"pt-BR","potentialAction":[{"@type":"CommentAction","name":"Comment","target":["https:\/\/gersonguelmann.com.br\/blog\/torcedores-ingleses-cantaram-contra-judeus-na-copa-do-mundo-e-foram-punidos-em-casa\/#respond"]}]},{"@type":"WebPage","@id":"https:\/\/gersonguelmann.com.br\/blog\/torcedores-ingleses-cantaram-contra-judeus-na-copa-do-mundo-e-foram-punidos-em-casa\/","url":"https:\/\/gersonguelmann.com.br\/blog\/torcedores-ingleses-cantaram-contra-judeus-na-copa-do-mundo-e-foram-punidos-em-casa\/","name":"Torcedores Ingleses Cantaram Contra Judeus na Copa do Mundo e Foram Punidos em Casa | Blog do Guelmann","isPartOf":{"@id":"https:\/\/gersonguelmann.com.br\/blog\/#website"},"primaryImageOfPage":{"@id":"https:\/\/gersonguelmann.com.br\/blog\/torcedores-ingleses-cantaram-contra-judeus-na-copa-do-mundo-e-foram-punidos-em-casa\/#primaryimage"},"image":{"@id":"https:\/\/gersonguelmann.com.br\/blog\/torcedores-ingleses-cantaram-contra-judeus-na-copa-do-mundo-e-foram-punidos-em-casa\/#primaryimage"},"thumbnailUrl":"https:\/\/i0.wp.com\/gersonguelmann.com.br\/blog\/wp-content\/uploads\/2018\/06\/Ingleses.jpg?fit=932%2C621&ssl=1","datePublished":"2018-06-26T22:28:51+00:00","dateModified":"2018-06-26T22:33:31+00:00","author":{"@id":"https:\/\/gersonguelmann.com.br\/blog\/#\/schema\/person\/87e70e2a786888082f941a482c90569e"},"inLanguage":"pt-BR","potentialAction":[{"@type":"ReadAction","target":["https:\/\/gersonguelmann.com.br\/blog\/torcedores-ingleses-cantaram-contra-judeus-na-copa-do-mundo-e-foram-punidos-em-casa\/"]}]},{"@type":"ImageObject","inLanguage":"pt-BR","@id":"https:\/\/gersonguelmann.com.br\/blog\/torcedores-ingleses-cantaram-contra-judeus-na-copa-do-mundo-e-foram-punidos-em-casa\/#primaryimage","url":"https:\/\/i0.wp.com\/gersonguelmann.com.br\/blog\/wp-content\/uploads\/2018\/06\/Ingleses.jpg?fit=932%2C621&ssl=1","contentUrl":"https:\/\/i0.wp.com\/gersonguelmann.com.br\/blog\/wp-content\/uploads\/2018\/06\/Ingleses.jpg?fit=932%2C621&ssl=1","width":932,"height":621},{"@type":"WebSite","@id":"https:\/\/gersonguelmann.com.br\/blog\/#website","url":"https:\/\/gersonguelmann.com.br\/blog\/","name":"Blog do Guelmann","description":"Pitadas da sabedoria e do humor judaicos, assuntos do momento e um pouco das hist\u00f3rias que vivi e testemunhei.","potentialAction":[{"@type":"SearchAction","target":{"@type":"EntryPoint","urlTemplate":"https:\/\/gersonguelmann.com.br\/blog\/?s={search_term_string}"},"query-input":{"@type":"PropertyValueSpecification","valueRequired":true,"valueName":"search_term_string"}}],"inLanguage":"pt-BR"},{"@type":"Person","@id":"https:\/\/gersonguelmann.com.br\/blog\/#\/schema\/person\/87e70e2a786888082f941a482c90569e","name":"Gerson Guelmann","image":{"@type":"ImageObject","inLanguage":"pt-BR","@id":"https:\/\/i0.wp.com\/gersonguelmann.com.br\/blog\/wp-content\/uploads\/2021\/08\/BLOG.jpeg?fit=96%2C96&ssl=1","url":"https:\/\/i0.wp.com\/gersonguelmann.com.br\/blog\/wp-content\/uploads\/2021\/08\/BLOG.jpeg?fit=96%2C96&ssl=1","contentUrl":"https:\/\/i0.wp.com\/gersonguelmann.com.br\/blog\/wp-content\/uploads\/2021\/08\/BLOG.jpeg?fit=96%2C96&ssl=1","caption":"Gerson Guelmann"},"description":"Pitadas da sabedoria e do humor judaicos, assuntos do momento e um pouco das hist\u00f3rias que vivi e testemunhei."}]}},"views":61,"jetpack_publicize_connections":[],"jetpack_featured_media_url":"https:\/\/i0.wp.com\/gersonguelmann.com.br\/blog\/wp-content\/uploads\/2018\/06\/Ingleses.jpg?fit=932%2C621&ssl=1","jetpack_shortlink":"https:\/\/wp.me\/p96e7O-3IL","jetpack-related-posts":[{"id":19106,"url":"https:\/\/gersonguelmann.com.br\/blog\/o-corinthians-e-o-eterno-agradecimento-dos-judeus-brasileiros\/","url_meta":{"origin":14307,"position":0},"title":"O Corinthians e o Eterno Reconhecimento dos Judeus Brasileiros","author":"Gerson Guelmann","date":"5 de novembro de 2019","format":false,"excerpt":"Nesta quarta-feira as 19h30 o Corinthians enfrentar\u00e1 o Fortaleza em partida v\u00e1lida pelo Campeonato Brasileiro da S\u00e9rie A. De acordo com o comunicado da FISESP - Federa\u00e7\u00e3o Israelita do Estado de S\u00e3o Paulo em sua p\u00e1gina no Facebook, \"depois de sete anos, o clube voltar\u00e1 a estampar uma estrela amarela\u2026","rel":"","context":"Em &quot;Sem categoria&quot;","block_context":{"text":"Sem categoria","link":"https:\/\/gersonguelmann.com.br\/blog\/category\/sem-categoria\/"},"img":{"alt_text":"","src":"https:\/\/i0.wp.com\/gersonguelmann.com.br\/blog\/wp-content\/uploads\/2019\/11\/Corinthians.jpg?fit=736%2C416&ssl=1&resize=350%2C200","width":350,"height":200,"srcset":"https:\/\/i0.wp.com\/gersonguelmann.com.br\/blog\/wp-content\/uploads\/2019\/11\/Corinthians.jpg?fit=736%2C416&ssl=1&resize=350%2C200 1x, https:\/\/i0.wp.com\/gersonguelmann.com.br\/blog\/wp-content\/uploads\/2019\/11\/Corinthians.jpg?fit=736%2C416&ssl=1&resize=525%2C300 1.5x, https:\/\/i0.wp.com\/gersonguelmann.com.br\/blog\/wp-content\/uploads\/2019\/11\/Corinthians.jpg?fit=736%2C416&ssl=1&resize=700%2C400 2x"},"classes":[]},{"id":15997,"url":"https:\/\/gersonguelmann.com.br\/blog\/srs-passageiros-apertem-os-cintos-o-piloto-dormiu\/","url_meta":{"origin":14307,"position":1},"title":"Srs. Passageiros, Apertem os Cintos, o Piloto Dormiu&#8230;","author":"Gerson Guelmann","date":"25 de fevereiro de 2019","format":false,"excerpt":"J\u00e1 pensou em qual seria tua rea\u00e7\u00e3o ao saber que o piloto do avi\u00e3o no qual voc\u00ea estava voando pegou no sono? Pois isso aconteceu h\u00e1 poucos dias em um voo de China Airlines, a companhia a\u00e9rea de Taiwan. N\u00e3o se sabe em que rota isso ocorreu, mas o fato\u2026","rel":"","context":"Em &quot;Sem categoria&quot;","block_context":{"text":"Sem categoria","link":"https:\/\/gersonguelmann.com.br\/blog\/category\/sem-categoria\/"},"img":{"alt_text":"","src":"https:\/\/i0.wp.com\/gersonguelmann.com.br\/blog\/wp-content\/uploads\/2019\/02\/Piloto.jpg?fit=634%2C697&ssl=1&resize=350%2C200","width":350,"height":200,"srcset":"https:\/\/i0.wp.com\/gersonguelmann.com.br\/blog\/wp-content\/uploads\/2019\/02\/Piloto.jpg?fit=634%2C697&ssl=1&resize=350%2C200 1x, https:\/\/i0.wp.com\/gersonguelmann.com.br\/blog\/wp-content\/uploads\/2019\/02\/Piloto.jpg?fit=634%2C697&ssl=1&resize=525%2C300 1.5x"},"classes":[]},{"id":20474,"url":"https:\/\/gersonguelmann.com.br\/blog\/quando-da-vergonha-pertencer-a-especie-humana\/","url_meta":{"origin":14307,"position":2},"title":"Quando D\u00e1 Vergonha Pertencer \u00e0 Esp\u00e9cie Humana","author":"Gerson Guelmann","date":"21 de dezembro de 2020","format":false,"excerpt":"Humano\u00a0(taxonomicamente\u00a0Homo sapiens, termo que deriva do\u00a0latim \"homem s\u00e1bio\", ser humano, ser\u00a0pessoa,\u00a0gente\u00a0ou\u00a0homem, \u00e9 a \u00fanica esp\u00e9cie\u00a0animal\u00a0de\u00a0primata\u00a0b\u00edpede do g\u00eanero\u00a0Homo ainda viva. (Wikip\u00e9dia) O programa Fant\u00e1stico de ontem mostrou (mais um) desses casos que n\u00e3o causam apenas indigna\u00e7\u00e3o, trazem consigo a vergonha de pertencer ao g\u00eanero humano. N\u00e3o sei se \u00e9 em raz\u00e3o\u2026","rel":"","context":"Em &quot;Sem categoria&quot;","block_context":{"text":"Sem categoria","link":"https:\/\/gersonguelmann.com.br\/blog\/category\/sem-categoria\/"},"img":{"alt_text":"","src":"https:\/\/i0.wp.com\/gersonguelmann.com.br\/blog\/wp-content\/uploads\/2020\/12\/AnyConv.com__VERGONHA.jpg?fit=960%2C720&ssl=1&resize=350%2C200","width":350,"height":200,"srcset":"https:\/\/i0.wp.com\/gersonguelmann.com.br\/blog\/wp-content\/uploads\/2020\/12\/AnyConv.com__VERGONHA.jpg?fit=960%2C720&ssl=1&resize=350%2C200 1x, https:\/\/i0.wp.com\/gersonguelmann.com.br\/blog\/wp-content\/uploads\/2020\/12\/AnyConv.com__VERGONHA.jpg?fit=960%2C720&ssl=1&resize=525%2C300 1.5x, https:\/\/i0.wp.com\/gersonguelmann.com.br\/blog\/wp-content\/uploads\/2020\/12\/AnyConv.com__VERGONHA.jpg?fit=960%2C720&ssl=1&resize=700%2C400 2x"},"classes":[]},{"id":11787,"url":"https:\/\/gersonguelmann.com.br\/blog\/votei-no-aecio-sim-e-hoje-estou-muito-feliz\/","url_meta":{"origin":14307,"position":3},"title":"Votei no A\u00e9cio, Sim. E Hoje Estou Muito Feliz.","author":"Gerson Guelmann","date":"17 de abril de 2018","format":false,"excerpt":"Sim, confesso. Votei no A\u00e9cio para presidente no 2\u00b0 turno das elei\u00e7\u00f5es de 2014.\u00a0 No 1\u00ba votei na Marina, aquela Irm\u00e3 Dulce que n\u00e3o deu certo.\u00a0\u00a0 Jamais votei em candidato do PT para Presidente e tamb\u00e9m nunca anulei ou votei em branco. Seguindo esse princ\u00edpio, votei no A\u00e9cio no 2\u00b0\u2026","rel":"","context":"Em &quot;Sem categoria&quot;","block_context":{"text":"Sem categoria","link":"https:\/\/gersonguelmann.com.br\/blog\/category\/sem-categoria\/"},"img":{"alt_text":"","src":"https:\/\/i0.wp.com\/gersonguelmann.com.br\/blog\/wp-content\/uploads\/2018\/04\/AN-1.jpg?fit=1200%2C800&ssl=1&resize=350%2C200","width":350,"height":200,"srcset":"https:\/\/i0.wp.com\/gersonguelmann.com.br\/blog\/wp-content\/uploads\/2018\/04\/AN-1.jpg?fit=1200%2C800&ssl=1&resize=350%2C200 1x, https:\/\/i0.wp.com\/gersonguelmann.com.br\/blog\/wp-content\/uploads\/2018\/04\/AN-1.jpg?fit=1200%2C800&ssl=1&resize=525%2C300 1.5x, https:\/\/i0.wp.com\/gersonguelmann.com.br\/blog\/wp-content\/uploads\/2018\/04\/AN-1.jpg?fit=1200%2C800&ssl=1&resize=700%2C400 2x, https:\/\/i0.wp.com\/gersonguelmann.com.br\/blog\/wp-content\/uploads\/2018\/04\/AN-1.jpg?fit=1200%2C800&ssl=1&resize=1050%2C600 3x"},"classes":[]},{"id":4201,"url":"https:\/\/gersonguelmann.com.br\/blog\/afinal-qual-era-a-nacionalidade-de-adao-e-eva\/","url_meta":{"origin":14307,"position":4},"title":"Afinal, Qual Era a Nacionalidade de Ad\u00e3o e Eva?","author":"Gerson Guelmann","date":"11 de setembro de 2023","format":false,"excerpt":"Um alem\u00e3o, um franc\u00eas, um ingl\u00eas e um brasileiro foram ao museu e estavam apreciando o quadro \"Ad\u00e3o e Eva no Para\u00edso\". O alem\u00e3o comentou: - \"Olhem que perfei\u00e7\u00e3o de corpos: ela, esbelta e espigada; ele, com o corpo atl\u00e9tico, os m\u00fasculos perfilados. Devem ser alem\u00e3es\". Imediatamente, o franc\u00eas contestou:\u2026","rel":"","context":"Em &quot;Sem categoria&quot;","block_context":{"text":"Sem categoria","link":"https:\/\/gersonguelmann.com.br\/blog\/category\/sem-categoria\/"},"img":{"alt_text":"","src":"https:\/\/i0.wp.com\/gersonguelmann.com.br\/blog\/wp-content\/uploads\/2021\/01\/HojePR-236x300.jpg?resize=350%2C200&ssl=1","width":350,"height":200},"classes":[]},{"id":4854,"url":"https:\/\/gersonguelmann.com.br\/blog\/garotinho-e-gasparzinho-fantasminha-camarada\/","url_meta":{"origin":14307,"position":5},"title":"Garotinho e Gasparzinho, o Fantasminha Camarada","author":"Gerson Guelmann","date":"24 de novembro de 2017","format":false,"excerpt":"Garotinho, aquele outro ex-governador safado que ajudou a afundar o Rio de Janeiro, disse ter sido visitado por um agressor que n\u00e3o foi percebido pelas c\u00e2meras de monitoramento da pris\u00e3o onde est\u00e1 recolhido.\u00a0 Como garotos que mentem devem ser punidos, ele agora vai ficar de castigo num pres\u00eddio de seguran\u00e7a\u2026","rel":"","context":"Em &quot;Sem categoria&quot;","block_context":{"text":"Sem categoria","link":"https:\/\/gersonguelmann.com.br\/blog\/category\/sem-categoria\/"},"img":{"alt_text":"","src":"https:\/\/i0.wp.com\/gersonguelmann.com.br\/blog\/wp-content\/uploads\/2017\/11\/Ghost.jpg?fit=1200%2C989&ssl=1&resize=350%2C200","width":350,"height":200,"srcset":"https:\/\/i0.wp.com\/gersonguelmann.com.br\/blog\/wp-content\/uploads\/2017\/11\/Ghost.jpg?fit=1200%2C989&ssl=1&resize=350%2C200 1x, https:\/\/i0.wp.com\/gersonguelmann.com.br\/blog\/wp-content\/uploads\/2017\/11\/Ghost.jpg?fit=1200%2C989&ssl=1&resize=525%2C300 1.5x, https:\/\/i0.wp.com\/gersonguelmann.com.br\/blog\/wp-content\/uploads\/2017\/11\/Ghost.jpg?fit=1200%2C989&ssl=1&resize=700%2C400 2x, https:\/\/i0.wp.com\/gersonguelmann.com.br\/blog\/wp-content\/uploads\/2017\/11\/Ghost.jpg?fit=1200%2C989&ssl=1&resize=1050%2C600 3x"},"classes":[]}],"jetpack_sharing_enabled":true,"post_mailing_queue_ids":[],"_links":{"self":[{"href":"https:\/\/gersonguelmann.com.br\/blog\/wp-json\/wp\/v2\/posts\/14307","targetHints":{"allow":["GET"]}}],"collection":[{"href":"https:\/\/gersonguelmann.com.br\/blog\/wp-json\/wp\/v2\/posts"}],"about":[{"href":"https:\/\/gersonguelmann.com.br\/blog\/wp-json\/wp\/v2\/types\/post"}],"author":[{"embeddable":true,"href":"https:\/\/gersonguelmann.com.br\/blog\/wp-json\/wp\/v2\/users\/5"}],"replies":[{"embeddable":true,"href":"https:\/\/gersonguelmann.com.br\/blog\/wp-json\/wp\/v2\/comments?post=14307"}],"version-history":[{"count":0,"href":"https:\/\/gersonguelmann.com.br\/blog\/wp-json\/wp\/v2\/posts\/14307\/revisions"}],"wp:featuredmedia":[{"embeddable":true,"href":"https:\/\/gersonguelmann.com.br\/blog\/wp-json\/wp\/v2\/media\/14308"}],"wp:attachment":[{"href":"https:\/\/gersonguelmann.com.br\/blog\/wp-json\/wp\/v2\/media?parent=14307"}],"wp:term":[{"taxonomy":"category","embeddable":true,"href":"https:\/\/gersonguelmann.com.br\/blog\/wp-json\/wp\/v2\/categories?post=14307"},{"taxonomy":"post_tag","embeddable":true,"href":"https:\/\/gersonguelmann.com.br\/blog\/wp-json\/wp\/v2\/tags?post=14307"}],"curies":[{"name":"wp","href":"https:\/\/api.w.org\/{rel}","templated":true}]}}