    {"id":14315,"date":"2018-06-26T21:50:16","date_gmt":"2018-06-27T00:50:16","guid":{"rendered":"https:\/\/gersonguelmann.com.br\/blog\/?p=14315"},"modified":"2018-06-26T21:50:16","modified_gmt":"2018-06-27T00:50:16","slug":"no-japao-naufrago-voluntario-e-forcado-a-voltar-a-civilizacao","status":"publish","type":"post","link":"https:\/\/gersonguelmann.com.br\/blog\/no-japao-naufrago-voluntario-e-forcado-a-voltar-a-civilizacao\/","title":{"rendered":"No Jap\u00e3o, &#8220;N\u00e1ufrago Volunt\u00e1rio&#8221; \u00c9 For\u00e7ado a Voltar \u00e0 Civiliza\u00e7\u00e3o"},"content":{"rendered":"<p><span style=\"font-family: georgia, palatino, serif; font-size: 18pt;\">Olha que hist\u00f3ria interessante, publicada na revista Isto\u00c9:<\/span><\/p>\n<p class=\"tags-materia\"><strong><span style=\"color: #ff0000;\">COMPORTAMENTO<\/span><\/strong><\/p>\n<p><span style=\"font-size: 24pt;\"><strong>Homem que vivia sozinho em ilha \u00e9 resgatado \u00e0 for\u00e7a e proibido de voltar<\/strong><\/span><\/p>\n<p style=\"text-align: center;\"><img data-recalc-dims=\"1\" fetchpriority=\"high\" decoding=\"async\" data-attachment-id=\"14316\" data-permalink=\"https:\/\/gersonguelmann.com.br\/blog\/no-japao-naufrago-voluntario-e-forcado-a-voltar-a-civilizacao\/ilha-2\/\" data-orig-file=\"https:\/\/i0.wp.com\/gersonguelmann.com.br\/blog\/wp-content\/uploads\/2018\/06\/Ilha.jpg?fit=418%2C235&amp;ssl=1\" data-orig-size=\"418,235\" data-comments-opened=\"1\" data-image-meta=\"{&quot;aperture&quot;:&quot;0&quot;,&quot;credit&quot;:&quot;&quot;,&quot;camera&quot;:&quot;&quot;,&quot;caption&quot;:&quot;&quot;,&quot;created_timestamp&quot;:&quot;0&quot;,&quot;copyright&quot;:&quot;&quot;,&quot;focal_length&quot;:&quot;0&quot;,&quot;iso&quot;:&quot;0&quot;,&quot;shutter_speed&quot;:&quot;0&quot;,&quot;title&quot;:&quot;&quot;,&quot;orientation&quot;:&quot;0&quot;}\" data-image-title=\"Ilha\" data-image-description=\"\" data-image-caption=\"\" data-medium-file=\"https:\/\/i0.wp.com\/gersonguelmann.com.br\/blog\/wp-content\/uploads\/2018\/06\/Ilha.jpg?fit=300%2C169&amp;ssl=1\" data-large-file=\"https:\/\/i0.wp.com\/gersonguelmann.com.br\/blog\/wp-content\/uploads\/2018\/06\/Ilha.jpg?fit=418%2C235&amp;ssl=1\" class=\"alignnone size-medium wp-image-14316\" src=\"https:\/\/i0.wp.com\/gersonguelmann.com.br\/blog\/wp-content\/uploads\/2018\/06\/Ilha.jpg?resize=300%2C169&#038;ssl=1\" alt=\"\" width=\"300\" height=\"169\" srcset=\"https:\/\/i0.wp.com\/gersonguelmann.com.br\/blog\/wp-content\/uploads\/2018\/06\/Ilha.jpg?resize=300%2C169&amp;ssl=1 300w, https:\/\/i0.wp.com\/gersonguelmann.com.br\/blog\/wp-content\/uploads\/2018\/06\/Ilha.jpg?w=418&amp;ssl=1 418w\" sizes=\"(max-width: 300px) 100vw, 300px\" \/><\/p>\n<div class=\"text_imagem\">\n<p class=\"caption\" style=\"text-align: center;\"><span style=\"font-size: 10pt; color: #808080;\"><em><strong>O solit\u00e1rio Masafumi Nagasaki<br \/>\n(Cr\u00e9dito: Reprodu\u00e7\u00e3o\/ Youtube)<\/strong><\/em><\/span><\/p>\n<\/div>\n<div class=\"content-section tags-com-imagem\"><span style=\"color: #000000;\"><time datetime=\"2018-06-26 17:06\">26\/06\/18 &#8211; 17h06 &#8211; Atualizado em 26\/06\/18 &#8211; 17h20<\/time><\/span><\/div>\n<div><\/div>\n<div>\n<p><span style=\"color: #000000; font-size: 14pt;\">H\u00e1 quase 30 anos, o japon\u00eas Masafumi Nagasaki, de 82 anos, abandonou seu emprego e sua fam\u00edlia em Honshu, no Jap\u00e3o, para viver o resto de sua vida em uma ilha remota perto de Taiwan. Recentemente, no entanto, o homem teve sua reclus\u00e3o interrompida quando pessoas que passavam pela ilha chamaram o resgate, ap\u00f3s se preocuparem com sua apar\u00eancia bastante fr\u00e1gil.<\/span><\/p>\n<p><span style=\"color: #000000; font-size: 14pt;\">Nagasaki vivia em Sotobanari desde 1989 e tinha um regime di\u00e1rio muito rigoroso, que inclu\u00eda exerc\u00edcios, seguidos de v\u00e1rias horas de limpeza na praia, de acordo com informa\u00e7\u00f5es do site australiano News.<\/span><\/p>\n<p><span style=\"color: #000000; font-size: 14pt;\">O cineasta Alvaro Cerezo, que fez um v\u00eddeo sobre a ilha onde Nagasaki vivia, contou\u00a0que o eremita foi removido em abril deste ano, porque pelo menos uma pessoa o avistou na praia e ele parecia estar fraco. A pol\u00edcia e os socorristas decidiram lev\u00e1-lo de volta \u00e0 civiliza\u00e7\u00e3o, ainda que contra sua vontade, quando perceberam que o homem n\u00e3o tinha for\u00e7as nem para se manifestar contra a interven\u00e7\u00e3o.<\/span><\/p>\n<p><span style=\"color: #000000; font-size: 14pt;\">\u201cEu j\u00e1 disse a minha fam\u00edlia que vou morrer aqui\u201d, disse o homem solit\u00e1rio no v\u00eddeo de Cerezo. \u201cMeu desejo \u00e9 morrer aqui sem incomodar ningu\u00e9m\u201d.<\/span><\/p>\n<p><span style=\"color: #000000; font-size: 14pt;\">Nagasaki est\u00e1 agora morando em uma casa do governo, em uma ilha pr\u00f3xima.<\/span><\/p>\n<p><span style=\"color: #000000; font-size: 14pt;\">Ainda segundo o cineasta, a \u201csa\u00fade de Nagasaki est\u00e1 boa. Ele provavelmente estava apenas doente ou com gripe, mas as autoridades n\u00e3o permitir\u00e3o que ele volte mais\u201d.<\/span><\/p>\n<p><span style=\"color: #000000; font-size: 14pt;\">Nagasaki passou seus primeiros anos na ilha usando roupa, mas quando um tuf\u00e3o destruiu e levou seus poucos pertences, ele percebeu que \u201cusar roupas era completamente fora de prop\u00f3sito\u201d.<\/span><\/p>\n<p><span style=\"color: #000000; font-size: 14pt;\">\u201cAndar nu n\u00e3o se encaixa na sociedade normal, mas aqui na ilha parece certo, \u00e9 como um uniforme\u201d, disse ele \u00e0 Reuters em 2012. \u201cSe voc\u00ea colocar roupas, vai se sentir completamente fora do lugar.\u201d<\/span><\/p>\n<p><span style=\"color: #000000; font-size: 18pt; font-family: georgia, palatino, serif;\"><span style=\"color: #0000ff;\"><a style=\"color: #0000ff;\" href=\"https:\/\/istoe.com.br\/homem-que-vivia-sozinho-em-ilha-e-resgatado-a-forca-e-proibido-de-voltar\/\"><em><strong>Aqui<\/strong> <\/em><\/a><\/span>voc\u00ea pode ler a mat\u00e9ria no site da revista.<\/span><\/p>\n<p><span style=\"color: #000000; font-size: 18pt; font-family: georgia, palatino, serif;\">E se quiser assistir o document\u00e1rio feito sobre ele, <span style=\"color: #0000ff;\"><em><strong>clique aqui<\/strong><\/em><\/span>.<\/span><\/p>\n<p><span class=\"embed-youtube\" style=\"text-align:center; display: block;\"><iframe class=\"youtube-player\" width=\"640\" height=\"360\" src=\"https:\/\/www.youtube.com\/embed\/3mnxrLFe5qA?version=3&#038;rel=1&#038;showsearch=0&#038;showinfo=1&#038;iv_load_policy=1&#038;fs=1&#038;hl=pt-BR&#038;autohide=2&#038;wmode=transparent\" allowfullscreen=\"true\" style=\"border:0;\" sandbox=\"allow-scripts allow-same-origin allow-popups allow-presentation allow-popups-to-escape-sandbox\"><\/iframe><\/span><\/p>\n<\/div>\n<p>&nbsp;<\/p>\n<p>&nbsp;<\/p>\n<p>&nbsp;<\/p>\n","protected":false},"excerpt":{"rendered":"<p>Olha que hist\u00f3ria interessante, publicada na revista Isto\u00c9: COMPORTAMENTO Homem que vivia sozinho em ilha \u00e9 resgatado \u00e0 for\u00e7a e proibido de voltar O solit\u00e1rio Masafumi Nagasaki (Cr\u00e9dito: Reprodu\u00e7\u00e3o\/ Youtube) 26\/06\/18 &#8211; 17h06 &#8211; Atualizado em 26\/06\/18 &#8211; 17h20 H\u00e1 quase 30 anos, o japon\u00eas Masafumi Nagasaki, de 82 anos, abandonou seu emprego e sua [&hellip;]<\/p>\n","protected":false},"author":5,"featured_media":14316,"comment_status":"open","ping_status":"open","sticky":false,"template":"","format":"standard","meta":{"_acf_changed":false,"jetpack_post_was_ever_published":false,"_jetpack_newsletter_access":"","_jetpack_dont_email_post_to_subs":false,"_jetpack_newsletter_tier_id":0,"_jetpack_memberships_contains_paywalled_content":false,"_jetpack_memberships_contains_paid_content":false,"footnotes":"","jetpack_publicize_message":"","jetpack_publicize_feature_enabled":true,"jetpack_social_post_already_shared":true,"jetpack_social_options":{"image_generator_settings":{"template":"highway","default_image_id":0,"font":"","enabled":false},"version":2}},"categories":[1],"tags":[],"class_list":["post-14315","post","type-post","status-publish","format-standard","has-post-thumbnail","hentry","category-sem-categoria"],"acf":[],"yoast_head":"<!-- This site is optimized with the Yoast SEO plugin v27.3 - https:\/\/yoast.com\/product\/yoast-seo-wordpress\/ -->\n<title>No Jap\u00e3o, &quot;N\u00e1ufrago Volunt\u00e1rio&quot; \u00c9 For\u00e7ado a Voltar \u00e0 Civiliza\u00e7\u00e3o | Blog do Guelmann<\/title>\n<meta name=\"robots\" content=\"index, follow, max-snippet:-1, max-image-preview:large, max-video-preview:-1\" \/>\n<link rel=\"canonical\" href=\"https:\/\/gersonguelmann.com.br\/blog\/no-japao-naufrago-voluntario-e-forcado-a-voltar-a-civilizacao\/\" \/>\n<meta property=\"og:locale\" content=\"pt_BR\" \/>\n<meta property=\"og:type\" content=\"article\" \/>\n<meta property=\"og:title\" content=\"No Jap\u00e3o, &quot;N\u00e1ufrago Volunt\u00e1rio&quot; \u00c9 For\u00e7ado a Voltar \u00e0 Civiliza\u00e7\u00e3o | Blog do Guelmann\" \/>\n<meta property=\"og:description\" content=\"Olha que hist\u00f3ria interessante, publicada na revista Isto\u00c9: COMPORTAMENTO Homem que vivia sozinho em ilha \u00e9 resgatado \u00e0 for\u00e7a e proibido de voltar O solit\u00e1rio Masafumi Nagasaki (Cr\u00e9dito: Reprodu\u00e7\u00e3o\/ Youtube) 26\/06\/18 &#8211; 17h06 &#8211; Atualizado em 26\/06\/18 &#8211; 17h20 H\u00e1 quase 30 anos, o japon\u00eas Masafumi Nagasaki, de 82 anos, abandonou seu emprego e sua [&hellip;]\" \/>\n<meta property=\"og:url\" content=\"https:\/\/gersonguelmann.com.br\/blog\/no-japao-naufrago-voluntario-e-forcado-a-voltar-a-civilizacao\/\" \/>\n<meta property=\"og:site_name\" content=\"Blog do Guelmann\" \/>\n<meta property=\"article:published_time\" content=\"2018-06-27T00:50:16+00:00\" \/>\n<meta property=\"og:image\" content=\"https:\/\/i0.wp.com\/gersonguelmann.com.br\/blog\/wp-content\/uploads\/2018\/06\/Ilha.jpg?fit=418%2C235&ssl=1\" \/>\n\t<meta property=\"og:image:width\" content=\"418\" \/>\n\t<meta property=\"og:image:height\" content=\"235\" \/>\n\t<meta property=\"og:image:type\" content=\"image\/jpeg\" \/>\n<meta name=\"author\" content=\"Gerson Guelmann\" \/>\n<meta name=\"twitter:card\" content=\"summary_large_image\" \/>\n<meta name=\"twitter:label1\" content=\"Escrito por\" \/>\n\t<meta name=\"twitter:data1\" content=\"Gerson Guelmann\" \/>\n\t<meta name=\"twitter:label2\" content=\"Est. tempo de leitura\" \/>\n\t<meta name=\"twitter:data2\" content=\"2 minutos\" \/>\n<script type=\"application\/ld+json\" class=\"yoast-schema-graph\">{\"@context\":\"https:\\\/\\\/schema.org\",\"@graph\":[{\"@type\":\"Article\",\"@id\":\"https:\\\/\\\/gersonguelmann.com.br\\\/blog\\\/no-japao-naufrago-voluntario-e-forcado-a-voltar-a-civilizacao\\\/#article\",\"isPartOf\":{\"@id\":\"https:\\\/\\\/gersonguelmann.com.br\\\/blog\\\/no-japao-naufrago-voluntario-e-forcado-a-voltar-a-civilizacao\\\/\"},\"author\":{\"name\":\"Gerson Guelmann\",\"@id\":\"https:\\\/\\\/gersonguelmann.com.br\\\/blog\\\/#\\\/schema\\\/person\\\/87e70e2a786888082f941a482c90569e\"},\"headline\":\"No Jap\u00e3o, &#8220;N\u00e1ufrago Volunt\u00e1rio&#8221; \u00c9 For\u00e7ado a Voltar \u00e0 Civiliza\u00e7\u00e3o\",\"datePublished\":\"2018-06-27T00:50:16+00:00\",\"mainEntityOfPage\":{\"@id\":\"https:\\\/\\\/gersonguelmann.com.br\\\/blog\\\/no-japao-naufrago-voluntario-e-forcado-a-voltar-a-civilizacao\\\/\"},\"wordCount\":405,\"commentCount\":0,\"image\":{\"@id\":\"https:\\\/\\\/gersonguelmann.com.br\\\/blog\\\/no-japao-naufrago-voluntario-e-forcado-a-voltar-a-civilizacao\\\/#primaryimage\"},\"thumbnailUrl\":\"https:\\\/\\\/i0.wp.com\\\/gersonguelmann.com.br\\\/blog\\\/wp-content\\\/uploads\\\/2018\\\/06\\\/Ilha.jpg?fit=418%2C235&ssl=1\",\"inLanguage\":\"pt-BR\",\"potentialAction\":[{\"@type\":\"CommentAction\",\"name\":\"Comment\",\"target\":[\"https:\\\/\\\/gersonguelmann.com.br\\\/blog\\\/no-japao-naufrago-voluntario-e-forcado-a-voltar-a-civilizacao\\\/#respond\"]}]},{\"@type\":\"WebPage\",\"@id\":\"https:\\\/\\\/gersonguelmann.com.br\\\/blog\\\/no-japao-naufrago-voluntario-e-forcado-a-voltar-a-civilizacao\\\/\",\"url\":\"https:\\\/\\\/gersonguelmann.com.br\\\/blog\\\/no-japao-naufrago-voluntario-e-forcado-a-voltar-a-civilizacao\\\/\",\"name\":\"No Jap\u00e3o, \\\"N\u00e1ufrago Volunt\u00e1rio\\\" \u00c9 For\u00e7ado a Voltar \u00e0 Civiliza\u00e7\u00e3o | Blog do Guelmann\",\"isPartOf\":{\"@id\":\"https:\\\/\\\/gersonguelmann.com.br\\\/blog\\\/#website\"},\"primaryImageOfPage\":{\"@id\":\"https:\\\/\\\/gersonguelmann.com.br\\\/blog\\\/no-japao-naufrago-voluntario-e-forcado-a-voltar-a-civilizacao\\\/#primaryimage\"},\"image\":{\"@id\":\"https:\\\/\\\/gersonguelmann.com.br\\\/blog\\\/no-japao-naufrago-voluntario-e-forcado-a-voltar-a-civilizacao\\\/#primaryimage\"},\"thumbnailUrl\":\"https:\\\/\\\/i0.wp.com\\\/gersonguelmann.com.br\\\/blog\\\/wp-content\\\/uploads\\\/2018\\\/06\\\/Ilha.jpg?fit=418%2C235&ssl=1\",\"datePublished\":\"2018-06-27T00:50:16+00:00\",\"author\":{\"@id\":\"https:\\\/\\\/gersonguelmann.com.br\\\/blog\\\/#\\\/schema\\\/person\\\/87e70e2a786888082f941a482c90569e\"},\"inLanguage\":\"pt-BR\",\"potentialAction\":[{\"@type\":\"ReadAction\",\"target\":[\"https:\\\/\\\/gersonguelmann.com.br\\\/blog\\\/no-japao-naufrago-voluntario-e-forcado-a-voltar-a-civilizacao\\\/\"]}]},{\"@type\":\"ImageObject\",\"inLanguage\":\"pt-BR\",\"@id\":\"https:\\\/\\\/gersonguelmann.com.br\\\/blog\\\/no-japao-naufrago-voluntario-e-forcado-a-voltar-a-civilizacao\\\/#primaryimage\",\"url\":\"https:\\\/\\\/i0.wp.com\\\/gersonguelmann.com.br\\\/blog\\\/wp-content\\\/uploads\\\/2018\\\/06\\\/Ilha.jpg?fit=418%2C235&ssl=1\",\"contentUrl\":\"https:\\\/\\\/i0.wp.com\\\/gersonguelmann.com.br\\\/blog\\\/wp-content\\\/uploads\\\/2018\\\/06\\\/Ilha.jpg?fit=418%2C235&ssl=1\",\"width\":418,\"height\":235},{\"@type\":\"WebSite\",\"@id\":\"https:\\\/\\\/gersonguelmann.com.br\\\/blog\\\/#website\",\"url\":\"https:\\\/\\\/gersonguelmann.com.br\\\/blog\\\/\",\"name\":\"Blog do Guelmann\",\"description\":\"Pitadas da sabedoria e do humor judaicos, assuntos do momento e um pouco das hist\u00f3rias que vivi e testemunhei.\",\"potentialAction\":[{\"@type\":\"SearchAction\",\"target\":{\"@type\":\"EntryPoint\",\"urlTemplate\":\"https:\\\/\\\/gersonguelmann.com.br\\\/blog\\\/?s={search_term_string}\"},\"query-input\":{\"@type\":\"PropertyValueSpecification\",\"valueRequired\":true,\"valueName\":\"search_term_string\"}}],\"inLanguage\":\"pt-BR\"},{\"@type\":\"Person\",\"@id\":\"https:\\\/\\\/gersonguelmann.com.br\\\/blog\\\/#\\\/schema\\\/person\\\/87e70e2a786888082f941a482c90569e\",\"name\":\"Gerson Guelmann\",\"image\":{\"@type\":\"ImageObject\",\"inLanguage\":\"pt-BR\",\"@id\":\"https:\\\/\\\/i0.wp.com\\\/gersonguelmann.com.br\\\/blog\\\/wp-content\\\/uploads\\\/2021\\\/08\\\/BLOG.jpeg?fit=96%2C96&ssl=1\",\"url\":\"https:\\\/\\\/i0.wp.com\\\/gersonguelmann.com.br\\\/blog\\\/wp-content\\\/uploads\\\/2021\\\/08\\\/BLOG.jpeg?fit=96%2C96&ssl=1\",\"contentUrl\":\"https:\\\/\\\/i0.wp.com\\\/gersonguelmann.com.br\\\/blog\\\/wp-content\\\/uploads\\\/2021\\\/08\\\/BLOG.jpeg?fit=96%2C96&ssl=1\",\"caption\":\"Gerson Guelmann\"},\"description\":\"Pitadas da sabedoria e do humor judaicos, assuntos do momento e um pouco das hist\u00f3rias que vivi e testemunhei.\"}]}<\/script>\n<!-- \/ Yoast SEO plugin. -->","yoast_head_json":{"title":"No Jap\u00e3o, \"N\u00e1ufrago Volunt\u00e1rio\" \u00c9 For\u00e7ado a Voltar \u00e0 Civiliza\u00e7\u00e3o | Blog do Guelmann","robots":{"index":"index","follow":"follow","max-snippet":"max-snippet:-1","max-image-preview":"max-image-preview:large","max-video-preview":"max-video-preview:-1"},"canonical":"https:\/\/gersonguelmann.com.br\/blog\/no-japao-naufrago-voluntario-e-forcado-a-voltar-a-civilizacao\/","og_locale":"pt_BR","og_type":"article","og_title":"No Jap\u00e3o, \"N\u00e1ufrago Volunt\u00e1rio\" \u00c9 For\u00e7ado a Voltar \u00e0 Civiliza\u00e7\u00e3o | Blog do Guelmann","og_description":"Olha que hist\u00f3ria interessante, publicada na revista Isto\u00c9: COMPORTAMENTO Homem que vivia sozinho em ilha \u00e9 resgatado \u00e0 for\u00e7a e proibido de voltar O solit\u00e1rio Masafumi Nagasaki (Cr\u00e9dito: Reprodu\u00e7\u00e3o\/ Youtube) 26\/06\/18 &#8211; 17h06 &#8211; Atualizado em 26\/06\/18 &#8211; 17h20 H\u00e1 quase 30 anos, o japon\u00eas Masafumi Nagasaki, de 82 anos, abandonou seu emprego e sua [&hellip;]","og_url":"https:\/\/gersonguelmann.com.br\/blog\/no-japao-naufrago-voluntario-e-forcado-a-voltar-a-civilizacao\/","og_site_name":"Blog do Guelmann","article_published_time":"2018-06-27T00:50:16+00:00","og_image":[{"width":418,"height":235,"url":"https:\/\/i0.wp.com\/gersonguelmann.com.br\/blog\/wp-content\/uploads\/2018\/06\/Ilha.jpg?fit=418%2C235&ssl=1","type":"image\/jpeg"}],"author":"Gerson Guelmann","twitter_card":"summary_large_image","twitter_misc":{"Escrito por":"Gerson Guelmann","Est. tempo de leitura":"2 minutos"},"schema":{"@context":"https:\/\/schema.org","@graph":[{"@type":"Article","@id":"https:\/\/gersonguelmann.com.br\/blog\/no-japao-naufrago-voluntario-e-forcado-a-voltar-a-civilizacao\/#article","isPartOf":{"@id":"https:\/\/gersonguelmann.com.br\/blog\/no-japao-naufrago-voluntario-e-forcado-a-voltar-a-civilizacao\/"},"author":{"name":"Gerson Guelmann","@id":"https:\/\/gersonguelmann.com.br\/blog\/#\/schema\/person\/87e70e2a786888082f941a482c90569e"},"headline":"No Jap\u00e3o, &#8220;N\u00e1ufrago Volunt\u00e1rio&#8221; \u00c9 For\u00e7ado a Voltar \u00e0 Civiliza\u00e7\u00e3o","datePublished":"2018-06-27T00:50:16+00:00","mainEntityOfPage":{"@id":"https:\/\/gersonguelmann.com.br\/blog\/no-japao-naufrago-voluntario-e-forcado-a-voltar-a-civilizacao\/"},"wordCount":405,"commentCount":0,"image":{"@id":"https:\/\/gersonguelmann.com.br\/blog\/no-japao-naufrago-voluntario-e-forcado-a-voltar-a-civilizacao\/#primaryimage"},"thumbnailUrl":"https:\/\/i0.wp.com\/gersonguelmann.com.br\/blog\/wp-content\/uploads\/2018\/06\/Ilha.jpg?fit=418%2C235&ssl=1","inLanguage":"pt-BR","potentialAction":[{"@type":"CommentAction","name":"Comment","target":["https:\/\/gersonguelmann.com.br\/blog\/no-japao-naufrago-voluntario-e-forcado-a-voltar-a-civilizacao\/#respond"]}]},{"@type":"WebPage","@id":"https:\/\/gersonguelmann.com.br\/blog\/no-japao-naufrago-voluntario-e-forcado-a-voltar-a-civilizacao\/","url":"https:\/\/gersonguelmann.com.br\/blog\/no-japao-naufrago-voluntario-e-forcado-a-voltar-a-civilizacao\/","name":"No Jap\u00e3o, \"N\u00e1ufrago Volunt\u00e1rio\" \u00c9 For\u00e7ado a Voltar \u00e0 Civiliza\u00e7\u00e3o | Blog do Guelmann","isPartOf":{"@id":"https:\/\/gersonguelmann.com.br\/blog\/#website"},"primaryImageOfPage":{"@id":"https:\/\/gersonguelmann.com.br\/blog\/no-japao-naufrago-voluntario-e-forcado-a-voltar-a-civilizacao\/#primaryimage"},"image":{"@id":"https:\/\/gersonguelmann.com.br\/blog\/no-japao-naufrago-voluntario-e-forcado-a-voltar-a-civilizacao\/#primaryimage"},"thumbnailUrl":"https:\/\/i0.wp.com\/gersonguelmann.com.br\/blog\/wp-content\/uploads\/2018\/06\/Ilha.jpg?fit=418%2C235&ssl=1","datePublished":"2018-06-27T00:50:16+00:00","author":{"@id":"https:\/\/gersonguelmann.com.br\/blog\/#\/schema\/person\/87e70e2a786888082f941a482c90569e"},"inLanguage":"pt-BR","potentialAction":[{"@type":"ReadAction","target":["https:\/\/gersonguelmann.com.br\/blog\/no-japao-naufrago-voluntario-e-forcado-a-voltar-a-civilizacao\/"]}]},{"@type":"ImageObject","inLanguage":"pt-BR","@id":"https:\/\/gersonguelmann.com.br\/blog\/no-japao-naufrago-voluntario-e-forcado-a-voltar-a-civilizacao\/#primaryimage","url":"https:\/\/i0.wp.com\/gersonguelmann.com.br\/blog\/wp-content\/uploads\/2018\/06\/Ilha.jpg?fit=418%2C235&ssl=1","contentUrl":"https:\/\/i0.wp.com\/gersonguelmann.com.br\/blog\/wp-content\/uploads\/2018\/06\/Ilha.jpg?fit=418%2C235&ssl=1","width":418,"height":235},{"@type":"WebSite","@id":"https:\/\/gersonguelmann.com.br\/blog\/#website","url":"https:\/\/gersonguelmann.com.br\/blog\/","name":"Blog do Guelmann","description":"Pitadas da sabedoria e do humor judaicos, assuntos do momento e um pouco das hist\u00f3rias que vivi e testemunhei.","potentialAction":[{"@type":"SearchAction","target":{"@type":"EntryPoint","urlTemplate":"https:\/\/gersonguelmann.com.br\/blog\/?s={search_term_string}"},"query-input":{"@type":"PropertyValueSpecification","valueRequired":true,"valueName":"search_term_string"}}],"inLanguage":"pt-BR"},{"@type":"Person","@id":"https:\/\/gersonguelmann.com.br\/blog\/#\/schema\/person\/87e70e2a786888082f941a482c90569e","name":"Gerson Guelmann","image":{"@type":"ImageObject","inLanguage":"pt-BR","@id":"https:\/\/i0.wp.com\/gersonguelmann.com.br\/blog\/wp-content\/uploads\/2021\/08\/BLOG.jpeg?fit=96%2C96&ssl=1","url":"https:\/\/i0.wp.com\/gersonguelmann.com.br\/blog\/wp-content\/uploads\/2021\/08\/BLOG.jpeg?fit=96%2C96&ssl=1","contentUrl":"https:\/\/i0.wp.com\/gersonguelmann.com.br\/blog\/wp-content\/uploads\/2021\/08\/BLOG.jpeg?fit=96%2C96&ssl=1","caption":"Gerson Guelmann"},"description":"Pitadas da sabedoria e do humor judaicos, assuntos do momento e um pouco das hist\u00f3rias que vivi e testemunhei."}]}},"views":43,"jetpack_publicize_connections":[],"jetpack_featured_media_url":"https:\/\/i0.wp.com\/gersonguelmann.com.br\/blog\/wp-content\/uploads\/2018\/06\/Ilha.jpg?fit=418%2C235&ssl=1","jetpack_shortlink":"https:\/\/wp.me\/p96e7O-3IT","jetpack-related-posts":[{"id":11838,"url":"https:\/\/gersonguelmann.com.br\/blog\/falta-pouco-para-jose-dirceu-voltar-para-a-prisao\/","url_meta":{"origin":14315,"position":0},"title":"Falta Pouco Para Jos\u00e9 Dirceu Voltar Para a Pris\u00e3o","author":"Gerson Guelmann","date":"19 de abril de 2018","format":false,"excerpt":"Do Blog 'O Antagonista': TRF-4 REJEITA \u00daLTIMOS RECURSOS E DIRCEU PODE VOLTAR PARA A CADEIA 19.04.18 14:18 J\u00e1 h\u00e1 maioria no TRF-4 para negar os embargos infringentes apresentados pela defesa de Jos\u00e9 Dirceu, que pedia um rec\u00e1lculo da pena.\u00a0Esses s\u00e3o os \u00faltimos recursos poss\u00edveis na segunda inst\u00e2ncia. O petista foi\u2026","rel":"","context":"Em &quot;Sem categoria&quot;","block_context":{"text":"Sem categoria","link":"https:\/\/gersonguelmann.com.br\/blog\/category\/sem-categoria\/"},"img":{"alt_text":"","src":"https:\/\/i0.wp.com\/gersonguelmann.com.br\/blog\/wp-content\/uploads\/2018\/04\/JD.jpg?fit=400%2C225&ssl=1&resize=350%2C200","width":350,"height":200},"classes":[]},{"id":4991,"url":"https:\/\/gersonguelmann.com.br\/blog\/a-saigon-do-brasil-com-emilio-santiago\/","url_meta":{"origin":14315,"position":1},"title":"A Saigon do Brasil, Com Emilio Santiago","author":"Gerson Guelmann","date":"11 de fevereiro de 2021","format":false,"excerpt":"Em\u00edlio Santiago Em\u00edlio Vitalino Santiago Rio de Janeiro (RJ), 6\/12\/1946 - Rio de Janeiro (RJ), 20\/3\/2013 Dono de uma das mais belas vozes do Brasil, Em\u00edlio Santiago nos deixou com apenas 66 anos. Tive o privil\u00e9gio de conhece-lo quando acompanhei o Jaime Lerner em uma entrevista que ele concedeu \u00e0\u2026","rel":"","context":"Em &quot;Sem categoria&quot;","block_context":{"text":"Sem categoria","link":"https:\/\/gersonguelmann.com.br\/blog\/category\/sem-categoria\/"},"img":{"alt_text":"","src":"https:\/\/i0.wp.com\/gersonguelmann.com.br\/blog\/wp-content\/uploads\/2017\/11\/ES-300x168.jpg?resize=350%2C200&ssl=1","width":350,"height":200},"classes":[]},{"id":22448,"url":"https:\/\/gersonguelmann.com.br\/blog\/jacob-edelstein-e-o-azar-no-poquer\/","url_meta":{"origin":14315,"position":2},"title":"Jacob Edelstein e o Azar no P\u00f4quer","author":"Gerson Guelmann","date":"19 de junho de 2024","format":false,"excerpt":"Seis judeus aposentados da Fl\u00f3rida estavam jogando p\u00f4quer no clube do condom\u00ednio onde moravam quando Meyer, um dos amigos, perdeu U$ 1.000 em uma \u00fanica m\u00e3o. Os parceiros de jogo sabiam que Meyer vivia \u00e0s turras com a mulher, que n\u00e3o queria que ele jogasse pelo receio de que acabasse\u2026","rel":"","context":"Em &quot;Sem categoria&quot;","block_context":{"text":"Sem categoria","link":"https:\/\/gersonguelmann.com.br\/blog\/category\/sem-categoria\/"},"img":{"alt_text":"","src":"https:\/\/i0.wp.com\/gersonguelmann.com.br\/blog\/wp-content\/uploads\/2024\/06\/HojePR-9.jpg?fit=960%2C533&ssl=1&resize=350%2C200","width":350,"height":200,"srcset":"https:\/\/i0.wp.com\/gersonguelmann.com.br\/blog\/wp-content\/uploads\/2024\/06\/HojePR-9.jpg?fit=960%2C533&ssl=1&resize=350%2C200 1x, https:\/\/i0.wp.com\/gersonguelmann.com.br\/blog\/wp-content\/uploads\/2024\/06\/HojePR-9.jpg?fit=960%2C533&ssl=1&resize=525%2C300 1.5x, https:\/\/i0.wp.com\/gersonguelmann.com.br\/blog\/wp-content\/uploads\/2024\/06\/HojePR-9.jpg?fit=960%2C533&ssl=1&resize=700%2C400 2x"},"classes":[]},{"id":994,"url":"https:\/\/gersonguelmann.com.br\/blog\/o-rabino-e-o-milagre-da-gasolina\/","url_meta":{"origin":14315,"position":3},"title":"O Rabino e o Milagre da Gasolina","author":"Gerson Guelmann","date":"26 de novembro de 2020","format":false,"excerpt":"O Rabino encarregado do atendimento dos idosos em um acolhimento da comunidade judaica estava a caminho do asilo quando o carro parou. Olhou o painel e viu que estava sem gasolina. Por sorte estava perto de um posto, ent\u00e3o caminhou at\u00e9 l\u00e1 para emprestar um gal\u00e3o com combust\u00edvel suficiente para\u2026","rel":"","context":"Em &quot;Sem categoria&quot;","block_context":{"text":"Sem categoria","link":"https:\/\/gersonguelmann.com.br\/blog\/category\/sem-categoria\/"},"img":{"alt_text":"","src":"https:\/\/i0.wp.com\/gersonguelmann.com.br\/blog\/wp-content\/uploads\/2017\/08\/Urina.jpg?resize=350%2C200&ssl=1","width":350,"height":200},"classes":[]},{"id":13627,"url":"https:\/\/gersonguelmann.com.br\/blog\/mae-curitibana-forcada-a-deixar-filha-na-franca-faz-denuncia-ao-senado\/","url_meta":{"origin":14315,"position":4},"title":"M\u00e3e Curitibana For\u00e7ada a Deixar Filha na Fran\u00e7a Faz Den\u00fancia ao Senado","author":"Gerson Guelmann","date":"4 de junho de 2018","format":false,"excerpt":"Val\u00e9ria Ghisi, uma professora curitibana, ser\u00e1 uma das expositoras na audi\u00eancia p\u00fablica convocada pela Comiss\u00e3o Mista de Combate \u00e0 Viol\u00eancia pela Mulher do Congresso Nacional, nesta 4\u00aa feira, no Senado Federal. A audi\u00eancia ter\u00e1 como tema a aplica\u00e7\u00e3o da Conven\u00e7\u00e3o de Haia nos casos de sequestro internacional de crian\u00e7as e\u2026","rel":"","context":"Em &quot;Sem categoria&quot;","block_context":{"text":"Sem categoria","link":"https:\/\/gersonguelmann.com.br\/blog\/category\/sem-categoria\/"},"img":{"alt_text":"","src":"https:\/\/i0.wp.com\/gersonguelmann.com.br\/blog\/wp-content\/uploads\/2018\/06\/VG.jpg?fit=900%2C658&ssl=1&resize=350%2C200","width":350,"height":200,"srcset":"https:\/\/i0.wp.com\/gersonguelmann.com.br\/blog\/wp-content\/uploads\/2018\/06\/VG.jpg?fit=900%2C658&ssl=1&resize=350%2C200 1x, https:\/\/i0.wp.com\/gersonguelmann.com.br\/blog\/wp-content\/uploads\/2018\/06\/VG.jpg?fit=900%2C658&ssl=1&resize=525%2C300 1.5x, https:\/\/i0.wp.com\/gersonguelmann.com.br\/blog\/wp-content\/uploads\/2018\/06\/VG.jpg?fit=900%2C658&ssl=1&resize=700%2C400 2x"},"classes":[]},{"id":3232,"url":"https:\/\/gersonguelmann.com.br\/blog\/o-oceano-de-djavan\/","url_meta":{"origin":14315,"position":5},"title":"O Oceano de Djavan","author":"Gerson Guelmann","date":"10 de janeiro de 2021","format":false,"excerpt":"Poesia pura. Oceano Djavan Assim que o dia amanheceu L\u00e1 no mar alto da paix\u00e3o Dava pra ver o tempo ruir Cad\u00ea voc\u00ea? Que solid\u00e3o! Esquecera de mim? Enfim, de tudo o que h\u00e1 na Terra N\u00e3o h\u00e1 nada em lugar nenhum Que v\u00e1 crescer sem voc\u00ea chegar Longe de\u2026","rel":"","context":"Em &quot;Sem categoria&quot;","block_context":{"text":"Sem categoria","link":"https:\/\/gersonguelmann.com.br\/blog\/category\/sem-categoria\/"},"img":{"alt_text":"","src":"https:\/\/i0.wp.com\/gersonguelmann.com.br\/blog\/wp-content\/uploads\/2017\/10\/AnyConv.com__OCEANO.jpg?fit=510%2C340&ssl=1&resize=350%2C200","width":350,"height":200},"classes":[]}],"jetpack_sharing_enabled":true,"post_mailing_queue_ids":[],"_links":{"self":[{"href":"https:\/\/gersonguelmann.com.br\/blog\/wp-json\/wp\/v2\/posts\/14315","targetHints":{"allow":["GET"]}}],"collection":[{"href":"https:\/\/gersonguelmann.com.br\/blog\/wp-json\/wp\/v2\/posts"}],"about":[{"href":"https:\/\/gersonguelmann.com.br\/blog\/wp-json\/wp\/v2\/types\/post"}],"author":[{"embeddable":true,"href":"https:\/\/gersonguelmann.com.br\/blog\/wp-json\/wp\/v2\/users\/5"}],"replies":[{"embeddable":true,"href":"https:\/\/gersonguelmann.com.br\/blog\/wp-json\/wp\/v2\/comments?post=14315"}],"version-history":[{"count":0,"href":"https:\/\/gersonguelmann.com.br\/blog\/wp-json\/wp\/v2\/posts\/14315\/revisions"}],"wp:featuredmedia":[{"embeddable":true,"href":"https:\/\/gersonguelmann.com.br\/blog\/wp-json\/wp\/v2\/media\/14316"}],"wp:attachment":[{"href":"https:\/\/gersonguelmann.com.br\/blog\/wp-json\/wp\/v2\/media?parent=14315"}],"wp:term":[{"taxonomy":"category","embeddable":true,"href":"https:\/\/gersonguelmann.com.br\/blog\/wp-json\/wp\/v2\/categories?post=14315"},{"taxonomy":"post_tag","embeddable":true,"href":"https:\/\/gersonguelmann.com.br\/blog\/wp-json\/wp\/v2\/tags?post=14315"}],"curies":[{"name":"wp","href":"https:\/\/api.w.org\/{rel}","templated":true}]}}