    {"id":14321,"date":"2018-06-26T22:38:59","date_gmt":"2018-06-27T01:38:59","guid":{"rendered":"https:\/\/gersonguelmann.com.br\/blog\/?p=14321"},"modified":"2018-06-26T22:38:59","modified_gmt":"2018-06-27T01:38:59","slug":"boa-musica-brasileira-manha-de-carnaval","status":"publish","type":"post","link":"https:\/\/gersonguelmann.com.br\/blog\/boa-musica-brasileira-manha-de-carnaval\/","title":{"rendered":"Boa M\u00fasica Brasileira: Manh\u00e3 de Carnaval"},"content":{"rendered":"<p style=\"text-align: center;\"><img data-recalc-dims=\"1\" fetchpriority=\"high\" decoding=\"async\" data-attachment-id=\"14322\" data-permalink=\"https:\/\/gersonguelmann.com.br\/blog\/boa-musica-brasileira-manha-de-carnaval\/bp-2\/\" data-orig-file=\"https:\/\/i0.wp.com\/gersonguelmann.com.br\/blog\/wp-content\/uploads\/2018\/06\/BP.jpg?fit=1383%2C1025&amp;ssl=1\" data-orig-size=\"1383,1025\" data-comments-opened=\"1\" data-image-meta=\"{&quot;aperture&quot;:&quot;0&quot;,&quot;credit&quot;:&quot;&quot;,&quot;camera&quot;:&quot;&quot;,&quot;caption&quot;:&quot;&quot;,&quot;created_timestamp&quot;:&quot;0&quot;,&quot;copyright&quot;:&quot;&quot;,&quot;focal_length&quot;:&quot;0&quot;,&quot;iso&quot;:&quot;0&quot;,&quot;shutter_speed&quot;:&quot;0&quot;,&quot;title&quot;:&quot;&quot;,&quot;orientation&quot;:&quot;1&quot;}\" data-image-title=\"BP\" data-image-description=\"\" data-image-caption=\"\" data-medium-file=\"https:\/\/i0.wp.com\/gersonguelmann.com.br\/blog\/wp-content\/uploads\/2018\/06\/BP.jpg?fit=300%2C222&amp;ssl=1\" data-large-file=\"https:\/\/i0.wp.com\/gersonguelmann.com.br\/blog\/wp-content\/uploads\/2018\/06\/BP.jpg?fit=640%2C474&amp;ssl=1\" class=\"alignnone size-medium wp-image-14322\" src=\"https:\/\/i0.wp.com\/gersonguelmann.com.br\/blog\/wp-content\/uploads\/2018\/06\/BP.jpg?resize=300%2C222&#038;ssl=1\" alt=\"\" width=\"300\" height=\"222\" srcset=\"https:\/\/i0.wp.com\/gersonguelmann.com.br\/blog\/wp-content\/uploads\/2018\/06\/BP.jpg?resize=300%2C222&amp;ssl=1 300w, https:\/\/i0.wp.com\/gersonguelmann.com.br\/blog\/wp-content\/uploads\/2018\/06\/BP.jpg?resize=768%2C569&amp;ssl=1 768w, https:\/\/i0.wp.com\/gersonguelmann.com.br\/blog\/wp-content\/uploads\/2018\/06\/BP.jpg?resize=1024%2C759&amp;ssl=1 1024w, https:\/\/i0.wp.com\/gersonguelmann.com.br\/blog\/wp-content\/uploads\/2018\/06\/BP.jpg?w=1383&amp;ssl=1 1383w, https:\/\/i0.wp.com\/gersonguelmann.com.br\/blog\/wp-content\/uploads\/2018\/06\/BP.jpg?w=1280&amp;ssl=1 1280w\" sizes=\"(max-width: 300px) 100vw, 300px\" \/><\/p>\n<p><span style=\"font-family: georgia, palatino, serif; font-size: 18pt; color: #000000;\">Para fechar a noite, a bel\u00edssima m\u00fasica <em>&#8220;Manh\u00e3 de Carnaval&#8221;<\/em>, composta por Luiz Bonf\u00e1 e Antonio Maria.<\/span><\/p>\n<p><span style=\"font-family: georgia, palatino, serif; font-size: 18pt; color: #000000;\">Ao viol\u00e3o, Baden Powell, nascido em Varre-Sai (RJ) em 6\/8\/1937 e falecido no Rio de Janeiro (RJ) em 26\/9\/2000.<\/span><\/p>\n<p><span class=\"embed-youtube\" style=\"text-align:center; display: block;\"><iframe class=\"youtube-player\" width=\"640\" height=\"360\" src=\"https:\/\/www.youtube.com\/embed\/tN6ti5ay108?version=3&#038;rel=1&#038;showsearch=0&#038;showinfo=1&#038;iv_load_policy=1&#038;fs=1&#038;hl=pt-BR&#038;autohide=2&#038;wmode=transparent\" allowfullscreen=\"true\" style=\"border:0;\" sandbox=\"allow-scripts allow-same-origin allow-popups allow-presentation allow-popups-to-escape-sandbox\"><\/iframe><\/span><\/p>\n<p>&nbsp;<\/p>\n","protected":false},"excerpt":{"rendered":"<p>Para fechar a noite, a bel\u00edssima m\u00fasica &#8220;Manh\u00e3 de Carnaval&#8221;, composta por Luiz Bonf\u00e1 e Antonio Maria. Ao viol\u00e3o, Baden Powell, nascido em Varre-Sai (RJ) em 6\/8\/1937 e falecido no Rio de Janeiro (RJ) em 26\/9\/2000. &nbsp;<\/p>\n","protected":false},"author":5,"featured_media":14322,"comment_status":"open","ping_status":"open","sticky":false,"template":"","format":"standard","meta":{"_acf_changed":false,"jetpack_post_was_ever_published":false,"_jetpack_newsletter_access":"","_jetpack_dont_email_post_to_subs":false,"_jetpack_newsletter_tier_id":0,"_jetpack_memberships_contains_paywalled_content":false,"_jetpack_memberships_contains_paid_content":false,"footnotes":"","jetpack_publicize_message":"","jetpack_publicize_feature_enabled":true,"jetpack_social_post_already_shared":true,"jetpack_social_options":{"image_generator_settings":{"template":"highway","default_image_id":0,"font":"","enabled":false},"version":2}},"categories":[1],"tags":[],"class_list":["post-14321","post","type-post","status-publish","format-standard","has-post-thumbnail","hentry","category-sem-categoria"],"acf":[],"yoast_head":"<!-- This site is optimized with the Yoast SEO plugin v27.3 - https:\/\/yoast.com\/product\/yoast-seo-wordpress\/ -->\n<title>Boa M\u00fasica Brasileira: Manh\u00e3 de Carnaval | Blog do Guelmann<\/title>\n<meta name=\"robots\" content=\"index, follow, max-snippet:-1, max-image-preview:large, max-video-preview:-1\" \/>\n<link rel=\"canonical\" href=\"https:\/\/gersonguelmann.com.br\/blog\/boa-musica-brasileira-manha-de-carnaval\/\" \/>\n<meta property=\"og:locale\" content=\"pt_BR\" \/>\n<meta property=\"og:type\" content=\"article\" \/>\n<meta property=\"og:title\" content=\"Boa M\u00fasica Brasileira: Manh\u00e3 de Carnaval | Blog do Guelmann\" \/>\n<meta property=\"og:description\" content=\"Para fechar a noite, a bel\u00edssima m\u00fasica &#8220;Manh\u00e3 de Carnaval&#8221;, composta por Luiz Bonf\u00e1 e Antonio Maria. Ao viol\u00e3o, Baden Powell, nascido em Varre-Sai (RJ) em 6\/8\/1937 e falecido no Rio de Janeiro (RJ) em 26\/9\/2000. &nbsp;\" \/>\n<meta property=\"og:url\" content=\"https:\/\/gersonguelmann.com.br\/blog\/boa-musica-brasileira-manha-de-carnaval\/\" \/>\n<meta property=\"og:site_name\" content=\"Blog do Guelmann\" \/>\n<meta property=\"article:published_time\" content=\"2018-06-27T01:38:59+00:00\" \/>\n<meta property=\"og:image\" content=\"https:\/\/i0.wp.com\/gersonguelmann.com.br\/blog\/wp-content\/uploads\/2018\/06\/BP.jpg?fit=1383%2C1025&ssl=1\" \/>\n\t<meta property=\"og:image:width\" content=\"1383\" \/>\n\t<meta property=\"og:image:height\" content=\"1025\" \/>\n\t<meta property=\"og:image:type\" content=\"image\/jpeg\" \/>\n<meta name=\"author\" content=\"Gerson Guelmann\" \/>\n<meta name=\"twitter:card\" content=\"summary_large_image\" \/>\n<meta name=\"twitter:label1\" content=\"Escrito por\" \/>\n\t<meta name=\"twitter:data1\" content=\"Gerson Guelmann\" \/>\n<script type=\"application\/ld+json\" class=\"yoast-schema-graph\">{\"@context\":\"https:\\\/\\\/schema.org\",\"@graph\":[{\"@type\":\"Article\",\"@id\":\"https:\\\/\\\/gersonguelmann.com.br\\\/blog\\\/boa-musica-brasileira-manha-de-carnaval\\\/#article\",\"isPartOf\":{\"@id\":\"https:\\\/\\\/gersonguelmann.com.br\\\/blog\\\/boa-musica-brasileira-manha-de-carnaval\\\/\"},\"author\":{\"name\":\"Gerson Guelmann\",\"@id\":\"https:\\\/\\\/gersonguelmann.com.br\\\/blog\\\/#\\\/schema\\\/person\\\/87e70e2a786888082f941a482c90569e\"},\"headline\":\"Boa M\u00fasica Brasileira: Manh\u00e3 de Carnaval\",\"datePublished\":\"2018-06-27T01:38:59+00:00\",\"mainEntityOfPage\":{\"@id\":\"https:\\\/\\\/gersonguelmann.com.br\\\/blog\\\/boa-musica-brasileira-manha-de-carnaval\\\/\"},\"wordCount\":54,\"commentCount\":0,\"image\":{\"@id\":\"https:\\\/\\\/gersonguelmann.com.br\\\/blog\\\/boa-musica-brasileira-manha-de-carnaval\\\/#primaryimage\"},\"thumbnailUrl\":\"https:\\\/\\\/i0.wp.com\\\/gersonguelmann.com.br\\\/blog\\\/wp-content\\\/uploads\\\/2018\\\/06\\\/BP.jpg?fit=1383%2C1025&ssl=1\",\"inLanguage\":\"pt-BR\",\"potentialAction\":[{\"@type\":\"CommentAction\",\"name\":\"Comment\",\"target\":[\"https:\\\/\\\/gersonguelmann.com.br\\\/blog\\\/boa-musica-brasileira-manha-de-carnaval\\\/#respond\"]}]},{\"@type\":\"WebPage\",\"@id\":\"https:\\\/\\\/gersonguelmann.com.br\\\/blog\\\/boa-musica-brasileira-manha-de-carnaval\\\/\",\"url\":\"https:\\\/\\\/gersonguelmann.com.br\\\/blog\\\/boa-musica-brasileira-manha-de-carnaval\\\/\",\"name\":\"Boa M\u00fasica Brasileira: Manh\u00e3 de Carnaval | Blog do Guelmann\",\"isPartOf\":{\"@id\":\"https:\\\/\\\/gersonguelmann.com.br\\\/blog\\\/#website\"},\"primaryImageOfPage\":{\"@id\":\"https:\\\/\\\/gersonguelmann.com.br\\\/blog\\\/boa-musica-brasileira-manha-de-carnaval\\\/#primaryimage\"},\"image\":{\"@id\":\"https:\\\/\\\/gersonguelmann.com.br\\\/blog\\\/boa-musica-brasileira-manha-de-carnaval\\\/#primaryimage\"},\"thumbnailUrl\":\"https:\\\/\\\/i0.wp.com\\\/gersonguelmann.com.br\\\/blog\\\/wp-content\\\/uploads\\\/2018\\\/06\\\/BP.jpg?fit=1383%2C1025&ssl=1\",\"datePublished\":\"2018-06-27T01:38:59+00:00\",\"author\":{\"@id\":\"https:\\\/\\\/gersonguelmann.com.br\\\/blog\\\/#\\\/schema\\\/person\\\/87e70e2a786888082f941a482c90569e\"},\"inLanguage\":\"pt-BR\",\"potentialAction\":[{\"@type\":\"ReadAction\",\"target\":[\"https:\\\/\\\/gersonguelmann.com.br\\\/blog\\\/boa-musica-brasileira-manha-de-carnaval\\\/\"]}]},{\"@type\":\"ImageObject\",\"inLanguage\":\"pt-BR\",\"@id\":\"https:\\\/\\\/gersonguelmann.com.br\\\/blog\\\/boa-musica-brasileira-manha-de-carnaval\\\/#primaryimage\",\"url\":\"https:\\\/\\\/i0.wp.com\\\/gersonguelmann.com.br\\\/blog\\\/wp-content\\\/uploads\\\/2018\\\/06\\\/BP.jpg?fit=1383%2C1025&ssl=1\",\"contentUrl\":\"https:\\\/\\\/i0.wp.com\\\/gersonguelmann.com.br\\\/blog\\\/wp-content\\\/uploads\\\/2018\\\/06\\\/BP.jpg?fit=1383%2C1025&ssl=1\",\"width\":1383,\"height\":1025},{\"@type\":\"WebSite\",\"@id\":\"https:\\\/\\\/gersonguelmann.com.br\\\/blog\\\/#website\",\"url\":\"https:\\\/\\\/gersonguelmann.com.br\\\/blog\\\/\",\"name\":\"Blog do Guelmann\",\"description\":\"Pitadas da sabedoria e do humor judaicos, assuntos do momento e um pouco das hist\u00f3rias que vivi e testemunhei.\",\"potentialAction\":[{\"@type\":\"SearchAction\",\"target\":{\"@type\":\"EntryPoint\",\"urlTemplate\":\"https:\\\/\\\/gersonguelmann.com.br\\\/blog\\\/?s={search_term_string}\"},\"query-input\":{\"@type\":\"PropertyValueSpecification\",\"valueRequired\":true,\"valueName\":\"search_term_string\"}}],\"inLanguage\":\"pt-BR\"},{\"@type\":\"Person\",\"@id\":\"https:\\\/\\\/gersonguelmann.com.br\\\/blog\\\/#\\\/schema\\\/person\\\/87e70e2a786888082f941a482c90569e\",\"name\":\"Gerson Guelmann\",\"image\":{\"@type\":\"ImageObject\",\"inLanguage\":\"pt-BR\",\"@id\":\"https:\\\/\\\/i0.wp.com\\\/gersonguelmann.com.br\\\/blog\\\/wp-content\\\/uploads\\\/2021\\\/08\\\/BLOG.jpeg?fit=96%2C96&ssl=1\",\"url\":\"https:\\\/\\\/i0.wp.com\\\/gersonguelmann.com.br\\\/blog\\\/wp-content\\\/uploads\\\/2021\\\/08\\\/BLOG.jpeg?fit=96%2C96&ssl=1\",\"contentUrl\":\"https:\\\/\\\/i0.wp.com\\\/gersonguelmann.com.br\\\/blog\\\/wp-content\\\/uploads\\\/2021\\\/08\\\/BLOG.jpeg?fit=96%2C96&ssl=1\",\"caption\":\"Gerson Guelmann\"},\"description\":\"Pitadas da sabedoria e do humor judaicos, assuntos do momento e um pouco das hist\u00f3rias que vivi e testemunhei.\"}]}<\/script>\n<!-- \/ Yoast SEO plugin. -->","yoast_head_json":{"title":"Boa M\u00fasica Brasileira: Manh\u00e3 de Carnaval | Blog do Guelmann","robots":{"index":"index","follow":"follow","max-snippet":"max-snippet:-1","max-image-preview":"max-image-preview:large","max-video-preview":"max-video-preview:-1"},"canonical":"https:\/\/gersonguelmann.com.br\/blog\/boa-musica-brasileira-manha-de-carnaval\/","og_locale":"pt_BR","og_type":"article","og_title":"Boa M\u00fasica Brasileira: Manh\u00e3 de Carnaval | Blog do Guelmann","og_description":"Para fechar a noite, a bel\u00edssima m\u00fasica &#8220;Manh\u00e3 de Carnaval&#8221;, composta por Luiz Bonf\u00e1 e Antonio Maria. Ao viol\u00e3o, Baden Powell, nascido em Varre-Sai (RJ) em 6\/8\/1937 e falecido no Rio de Janeiro (RJ) em 26\/9\/2000. &nbsp;","og_url":"https:\/\/gersonguelmann.com.br\/blog\/boa-musica-brasileira-manha-de-carnaval\/","og_site_name":"Blog do Guelmann","article_published_time":"2018-06-27T01:38:59+00:00","og_image":[{"width":1383,"height":1025,"url":"https:\/\/i0.wp.com\/gersonguelmann.com.br\/blog\/wp-content\/uploads\/2018\/06\/BP.jpg?fit=1383%2C1025&ssl=1","type":"image\/jpeg"}],"author":"Gerson Guelmann","twitter_card":"summary_large_image","twitter_misc":{"Escrito por":"Gerson Guelmann"},"schema":{"@context":"https:\/\/schema.org","@graph":[{"@type":"Article","@id":"https:\/\/gersonguelmann.com.br\/blog\/boa-musica-brasileira-manha-de-carnaval\/#article","isPartOf":{"@id":"https:\/\/gersonguelmann.com.br\/blog\/boa-musica-brasileira-manha-de-carnaval\/"},"author":{"name":"Gerson Guelmann","@id":"https:\/\/gersonguelmann.com.br\/blog\/#\/schema\/person\/87e70e2a786888082f941a482c90569e"},"headline":"Boa M\u00fasica Brasileira: Manh\u00e3 de Carnaval","datePublished":"2018-06-27T01:38:59+00:00","mainEntityOfPage":{"@id":"https:\/\/gersonguelmann.com.br\/blog\/boa-musica-brasileira-manha-de-carnaval\/"},"wordCount":54,"commentCount":0,"image":{"@id":"https:\/\/gersonguelmann.com.br\/blog\/boa-musica-brasileira-manha-de-carnaval\/#primaryimage"},"thumbnailUrl":"https:\/\/i0.wp.com\/gersonguelmann.com.br\/blog\/wp-content\/uploads\/2018\/06\/BP.jpg?fit=1383%2C1025&ssl=1","inLanguage":"pt-BR","potentialAction":[{"@type":"CommentAction","name":"Comment","target":["https:\/\/gersonguelmann.com.br\/blog\/boa-musica-brasileira-manha-de-carnaval\/#respond"]}]},{"@type":"WebPage","@id":"https:\/\/gersonguelmann.com.br\/blog\/boa-musica-brasileira-manha-de-carnaval\/","url":"https:\/\/gersonguelmann.com.br\/blog\/boa-musica-brasileira-manha-de-carnaval\/","name":"Boa M\u00fasica Brasileira: Manh\u00e3 de Carnaval | Blog do Guelmann","isPartOf":{"@id":"https:\/\/gersonguelmann.com.br\/blog\/#website"},"primaryImageOfPage":{"@id":"https:\/\/gersonguelmann.com.br\/blog\/boa-musica-brasileira-manha-de-carnaval\/#primaryimage"},"image":{"@id":"https:\/\/gersonguelmann.com.br\/blog\/boa-musica-brasileira-manha-de-carnaval\/#primaryimage"},"thumbnailUrl":"https:\/\/i0.wp.com\/gersonguelmann.com.br\/blog\/wp-content\/uploads\/2018\/06\/BP.jpg?fit=1383%2C1025&ssl=1","datePublished":"2018-06-27T01:38:59+00:00","author":{"@id":"https:\/\/gersonguelmann.com.br\/blog\/#\/schema\/person\/87e70e2a786888082f941a482c90569e"},"inLanguage":"pt-BR","potentialAction":[{"@type":"ReadAction","target":["https:\/\/gersonguelmann.com.br\/blog\/boa-musica-brasileira-manha-de-carnaval\/"]}]},{"@type":"ImageObject","inLanguage":"pt-BR","@id":"https:\/\/gersonguelmann.com.br\/blog\/boa-musica-brasileira-manha-de-carnaval\/#primaryimage","url":"https:\/\/i0.wp.com\/gersonguelmann.com.br\/blog\/wp-content\/uploads\/2018\/06\/BP.jpg?fit=1383%2C1025&ssl=1","contentUrl":"https:\/\/i0.wp.com\/gersonguelmann.com.br\/blog\/wp-content\/uploads\/2018\/06\/BP.jpg?fit=1383%2C1025&ssl=1","width":1383,"height":1025},{"@type":"WebSite","@id":"https:\/\/gersonguelmann.com.br\/blog\/#website","url":"https:\/\/gersonguelmann.com.br\/blog\/","name":"Blog do Guelmann","description":"Pitadas da sabedoria e do humor judaicos, assuntos do momento e um pouco das hist\u00f3rias que vivi e testemunhei.","potentialAction":[{"@type":"SearchAction","target":{"@type":"EntryPoint","urlTemplate":"https:\/\/gersonguelmann.com.br\/blog\/?s={search_term_string}"},"query-input":{"@type":"PropertyValueSpecification","valueRequired":true,"valueName":"search_term_string"}}],"inLanguage":"pt-BR"},{"@type":"Person","@id":"https:\/\/gersonguelmann.com.br\/blog\/#\/schema\/person\/87e70e2a786888082f941a482c90569e","name":"Gerson Guelmann","image":{"@type":"ImageObject","inLanguage":"pt-BR","@id":"https:\/\/i0.wp.com\/gersonguelmann.com.br\/blog\/wp-content\/uploads\/2021\/08\/BLOG.jpeg?fit=96%2C96&ssl=1","url":"https:\/\/i0.wp.com\/gersonguelmann.com.br\/blog\/wp-content\/uploads\/2021\/08\/BLOG.jpeg?fit=96%2C96&ssl=1","contentUrl":"https:\/\/i0.wp.com\/gersonguelmann.com.br\/blog\/wp-content\/uploads\/2021\/08\/BLOG.jpeg?fit=96%2C96&ssl=1","caption":"Gerson Guelmann"},"description":"Pitadas da sabedoria e do humor judaicos, assuntos do momento e um pouco das hist\u00f3rias que vivi e testemunhei."}]}},"views":39,"jetpack_publicize_connections":[],"jetpack_featured_media_url":"https:\/\/i0.wp.com\/gersonguelmann.com.br\/blog\/wp-content\/uploads\/2018\/06\/BP.jpg?fit=1383%2C1025&ssl=1","jetpack_shortlink":"https:\/\/wp.me\/p96e7O-3IZ","jetpack-related-posts":[{"id":5390,"url":"https:\/\/gersonguelmann.com.br\/blog\/boa-musica-de-hoje-105\/","url_meta":{"origin":14321,"position":0},"title":"A Boa M\u00fasica de Hoje","author":"Gerson Guelmann","date":"8 de dezembro de 2017","format":false,"excerpt":"Edu da Gaita Eduardo Nadruz Jaguar\u00e3o (RS), 13\/10\/1916 - Rio de Janeiro (RJ), 23\/8\/1982 https:\/\/www.youtube.com\/watch?v=vVk7nXrIGeM Manh\u00e3 de Carnaval\/Samba de Orfeu","rel":"","context":"Em &quot;Sem categoria&quot;","block_context":{"text":"Sem categoria","link":"https:\/\/gersonguelmann.com.br\/blog\/category\/sem-categoria\/"},"img":{"alt_text":"","src":"https:\/\/i0.wp.com\/gersonguelmann.com.br\/blog\/wp-content\/uploads\/2017\/12\/Edu-da-Gaita.jpg?resize=350%2C200&ssl=1","width":350,"height":200},"classes":[]},{"id":8429,"url":"https:\/\/gersonguelmann.com.br\/blog\/preparem-se-para-a-revolta-o-carnaval-de-curitiba-foi-cancelado\/","url_meta":{"origin":14321,"position":1},"title":"Preparem-se Para a Revolta: O Carnaval de Curitiba Foi Cancelado","author":"Gerson Guelmann","date":"6 de fevereiro de 2021","format":false,"excerpt":"O Governo do Paran\u00e1 cancelou, dias atr\u00e1s, todas as festas de Carnaval no estado, em raz\u00e3o da pandemia. Pois ent\u00e3o, estejam preparados. Em breve a carnavalesca popula\u00e7\u00e3o Curitibana mostrar\u00e1 seu inconformismo diante da suspens\u00e3o do evento que \u00e9 conhecido pela grandiosidade e entusiasmada participa\u00e7\u00e3o da popula\u00e7\u00e3o. N\u00e3o estranhem se os\u2026","rel":"","context":"Em &quot;Sem categoria&quot;","block_context":{"text":"Sem categoria","link":"https:\/\/gersonguelmann.com.br\/blog\/category\/sem-categoria\/"},"img":{"alt_text":"","src":"https:\/\/i0.wp.com\/gersonguelmann.com.br\/blog\/wp-content\/uploads\/2018\/02\/Carnaval-3.jpg?fit=1200%2C801&ssl=1&resize=350%2C200","width":350,"height":200,"srcset":"https:\/\/i0.wp.com\/gersonguelmann.com.br\/blog\/wp-content\/uploads\/2018\/02\/Carnaval-3.jpg?fit=1200%2C801&ssl=1&resize=350%2C200 1x, https:\/\/i0.wp.com\/gersonguelmann.com.br\/blog\/wp-content\/uploads\/2018\/02\/Carnaval-3.jpg?fit=1200%2C801&ssl=1&resize=525%2C300 1.5x, https:\/\/i0.wp.com\/gersonguelmann.com.br\/blog\/wp-content\/uploads\/2018\/02\/Carnaval-3.jpg?fit=1200%2C801&ssl=1&resize=700%2C400 2x, https:\/\/i0.wp.com\/gersonguelmann.com.br\/blog\/wp-content\/uploads\/2018\/02\/Carnaval-3.jpg?fit=1200%2C801&ssl=1&resize=1050%2C600 3x"},"classes":[]},{"id":19855,"url":"https:\/\/gersonguelmann.com.br\/blog\/engov-liquido-para-aumentar-a-alegria-do-carnaval\/","url_meta":{"origin":14321,"position":2},"title":"Engov l\u00edquido, para aumentar a alegria do Carnaval","author":"Gerson Guelmann","date":"3 de fevereiro de 2020","format":false,"excerpt":"Se voc\u00ea aprecia o Carnaval ou costuma tomar umas e outras (como se dizia antigamente), certamente gostar\u00e1 da mat\u00e9ria publicada no HuffPost: Engov After: Marca lan\u00e7a bebida \u00e0 base de glicose e cafe\u00edna para voc\u00ea ter mais energia no Carnaval Engov, marca de rem\u00e9dio que evita ressaca, agora lan\u00e7a bebida\u2026","rel":"","context":"Em &quot;Sem categoria&quot;","block_context":{"text":"Sem categoria","link":"https:\/\/gersonguelmann.com.br\/blog\/category\/sem-categoria\/"},"img":{"alt_text":"","src":"https:\/\/i0.wp.com\/gersonguelmann.com.br\/blog\/wp-content\/uploads\/2020\/02\/Engov.jpeg?fit=600%2C600&ssl=1&resize=350%2C200","width":350,"height":200,"srcset":"https:\/\/i0.wp.com\/gersonguelmann.com.br\/blog\/wp-content\/uploads\/2020\/02\/Engov.jpeg?fit=600%2C600&ssl=1&resize=350%2C200 1x, https:\/\/i0.wp.com\/gersonguelmann.com.br\/blog\/wp-content\/uploads\/2020\/02\/Engov.jpeg?fit=600%2C600&ssl=1&resize=525%2C300 1.5x"},"classes":[]},{"id":19581,"url":"https:\/\/gersonguelmann.com.br\/blog\/no-carnaval-curitiba-tem-sido-so-domingos\/","url_meta":{"origin":14321,"position":3},"title":"No Carnaval, Curitiba Tem Sido S\u00f3 Domingos","author":"Gerson Guelmann","date":"3 de mar\u00e7o de 2025","format":false,"excerpt":"Pensando sobre o tema da coluna de hoje, a primeira coisa que me ocorreu foi o Carnaval \u2014 algo meio \u00f3bvio. Logo em seguida, percebi que n\u00e3o poderia deixar escapar a oportunidade de dizer como nossa Curitiba ficou \u00f3tima nesses dias... Ent\u00e3o, em nome dos que ficaram na cidade, comunico\u2026","rel":"","context":"Em &quot;Sem categoria&quot;","block_context":{"text":"Sem categoria","link":"https:\/\/gersonguelmann.com.br\/blog\/category\/sem-categoria\/"},"img":{"alt_text":"","src":"https:\/\/i0.wp.com\/gersonguelmann.com.br\/blog\/wp-content\/uploads\/2019\/12\/Curitiba.jpg?fit=1200%2C675&ssl=1&resize=350%2C200","width":350,"height":200,"srcset":"https:\/\/i0.wp.com\/gersonguelmann.com.br\/blog\/wp-content\/uploads\/2019\/12\/Curitiba.jpg?fit=1200%2C675&ssl=1&resize=350%2C200 1x, https:\/\/i0.wp.com\/gersonguelmann.com.br\/blog\/wp-content\/uploads\/2019\/12\/Curitiba.jpg?fit=1200%2C675&ssl=1&resize=525%2C300 1.5x, https:\/\/i0.wp.com\/gersonguelmann.com.br\/blog\/wp-content\/uploads\/2019\/12\/Curitiba.jpg?fit=1200%2C675&ssl=1&resize=700%2C400 2x, https:\/\/i0.wp.com\/gersonguelmann.com.br\/blog\/wp-content\/uploads\/2019\/12\/Curitiba.jpg?fit=1200%2C675&ssl=1&resize=1050%2C600 3x"},"classes":[]},{"id":4991,"url":"https:\/\/gersonguelmann.com.br\/blog\/a-saigon-do-brasil-com-emilio-santiago\/","url_meta":{"origin":14321,"position":4},"title":"A Saigon do Brasil, Com Emilio Santiago","author":"Gerson Guelmann","date":"11 de fevereiro de 2021","format":false,"excerpt":"Em\u00edlio Santiago Em\u00edlio Vitalino Santiago Rio de Janeiro (RJ), 6\/12\/1946 - Rio de Janeiro (RJ), 20\/3\/2013 Dono de uma das mais belas vozes do Brasil, Em\u00edlio Santiago nos deixou com apenas 66 anos. Tive o privil\u00e9gio de conhece-lo quando acompanhei o Jaime Lerner em uma entrevista que ele concedeu \u00e0\u2026","rel":"","context":"Em &quot;Sem categoria&quot;","block_context":{"text":"Sem categoria","link":"https:\/\/gersonguelmann.com.br\/blog\/category\/sem-categoria\/"},"img":{"alt_text":"","src":"https:\/\/i0.wp.com\/gersonguelmann.com.br\/blog\/wp-content\/uploads\/2017\/11\/ES-300x168.jpg?resize=350%2C200&ssl=1","width":350,"height":200},"classes":[]},{"id":5850,"url":"https:\/\/gersonguelmann.com.br\/blog\/boa-musica-de-hoje-113\/","url_meta":{"origin":14321,"position":5},"title":"A Boa M\u00fasica de Hoje","author":"Gerson Guelmann","date":"18 de dezembro de 2017","format":false,"excerpt":"Cartola Angenor de Oliveira Rio de Janeiro (RJ), 11\/10\/1908 Rio de Janeiro (RJ), 30\/11\/1980 https:\/\/www.youtube.com\/watch?v=dvpk1wL_zC8 O Mundo \u00e9 Um Moinho","rel":"","context":"Em &quot;Sem categoria&quot;","block_context":{"text":"Sem categoria","link":"https:\/\/gersonguelmann.com.br\/blog\/category\/sem-categoria\/"},"img":{"alt_text":"","src":"https:\/\/i0.wp.com\/gersonguelmann.com.br\/blog\/wp-content\/uploads\/2017\/12\/Cartola-300x162.jpg?resize=350%2C200&ssl=1","width":350,"height":200},"classes":[]}],"jetpack_sharing_enabled":true,"post_mailing_queue_ids":[],"_links":{"self":[{"href":"https:\/\/gersonguelmann.com.br\/blog\/wp-json\/wp\/v2\/posts\/14321","targetHints":{"allow":["GET"]}}],"collection":[{"href":"https:\/\/gersonguelmann.com.br\/blog\/wp-json\/wp\/v2\/posts"}],"about":[{"href":"https:\/\/gersonguelmann.com.br\/blog\/wp-json\/wp\/v2\/types\/post"}],"author":[{"embeddable":true,"href":"https:\/\/gersonguelmann.com.br\/blog\/wp-json\/wp\/v2\/users\/5"}],"replies":[{"embeddable":true,"href":"https:\/\/gersonguelmann.com.br\/blog\/wp-json\/wp\/v2\/comments?post=14321"}],"version-history":[{"count":0,"href":"https:\/\/gersonguelmann.com.br\/blog\/wp-json\/wp\/v2\/posts\/14321\/revisions"}],"wp:featuredmedia":[{"embeddable":true,"href":"https:\/\/gersonguelmann.com.br\/blog\/wp-json\/wp\/v2\/media\/14322"}],"wp:attachment":[{"href":"https:\/\/gersonguelmann.com.br\/blog\/wp-json\/wp\/v2\/media?parent=14321"}],"wp:term":[{"taxonomy":"category","embeddable":true,"href":"https:\/\/gersonguelmann.com.br\/blog\/wp-json\/wp\/v2\/categories?post=14321"},{"taxonomy":"post_tag","embeddable":true,"href":"https:\/\/gersonguelmann.com.br\/blog\/wp-json\/wp\/v2\/tags?post=14321"}],"curies":[{"name":"wp","href":"https:\/\/api.w.org\/{rel}","templated":true}]}}