    {"id":14341,"date":"2018-06-28T13:11:17","date_gmt":"2018-06-28T16:11:17","guid":{"rendered":"https:\/\/gersonguelmann.com.br\/blog\/?p=14341"},"modified":"2018-06-28T13:11:17","modified_gmt":"2018-06-28T16:11:17","slug":"tragedia-taca-quebrada-em-comemoracao-da-vitoria-do-brasil-causa-morte-de-mulher","status":"publish","type":"post","link":"https:\/\/gersonguelmann.com.br\/blog\/tragedia-taca-quebrada-em-comemoracao-da-vitoria-do-brasil-causa-morte-de-mulher\/","title":{"rendered":"Trag\u00e9dia: Ta\u00e7a Quebrada em Comemora\u00e7\u00e3o da Vit\u00f3ria do Brasil Causa Morte de Mulher"},"content":{"rendered":"<p><span style=\"font-family: georgia, palatino, serif; font-size: 18pt; color: #000000;\">Essa \u00e9 uma hist\u00f3ria incr\u00edvel, dif\u00edcil de acreditar, mas infelizmente \u00e9 verdadeira.<\/span><\/p>\n<p><span style=\"font-family: georgia, palatino, serif; font-size: 18pt; color: #000000;\">Mat\u00e9ria publicada h\u00e1 pouco na revista Isto\u00c9 revela um terr\u00edvel acidente ocorrido ontem na comemora\u00e7\u00e3o da vit\u00f3ria do Brasil:<\/p>\n<p><\/span><\/p>\n<p><span style=\"color: #ff0000;\"><strong>GERAL<\/strong><\/span><\/p>\n<p><span style=\"font-size: 24pt;\"><strong>Mulher morre ao se ferir com ta\u00e7a em comemora\u00e7\u00e3o da vit\u00f3ria do Brasil<\/strong><\/span><\/p>\n<div class=\"content-section tags-com-imagem\"><time datetime=\"2018-06-28 12:17\">28\/06\/18 &#8211; 12h17 &#8211; Atualizado em 28\/06\/18 &#8211; 12h19<\/time><\/div>\n<div class=\"content-section content\">\n<div class=\"clearfix\"><\/div>\n<div id=\"admateria1\" data-google-query-id=\"CPnYnpDX9tsCFVUJNwodt7wALA\">\n<div id=\"google_ads_iframe_\/22452847\/ISTOE_Internas\/geral_11__container__\">\n<span style=\"font-size: 14pt; color: #000000;\">Tamara Maiochi, de 30 anos, morreu ao sofrer uma\u00a0queda e cortar o pesco\u00e7o com estilha\u00e7os de uma ta\u00e7a de vidro, na tarde de quarta-feira (27), no bairro Recanto do Parque, em Itatiba (SP), segundo reportagem do site G1.<\/span><\/div>\n<\/div>\n<div class=\"wall\">\n<div class=\"mc-column content-text active-extra-styles \" data-block-type=\"unstyled\" data-block-weight=\"36\" data-block-id=\"3\">\n<p class=\"content-text__container \" data-track-category=\"Link no Texto\" data-track-links=\"\"><span style=\"font-size: 14pt; color: #000000;\">De acordo com o boletim de ocorr\u00eancia, testemunhas contaram que Tamara comemorava a vit\u00f3ria do Brasil sobre a S\u00e9rvia quando se desequilibrou ao levantar de uma cadeira. Ao cair, estilha\u00e7os da ta\u00e7a feriram seu pesco\u00e7o. A v\u00edtima tentou conter o sangramento enquanto acionou o resgate. No entanto, ela n\u00e3o resistiu e morreu no local.<\/span><\/p>\n<p data-track-category=\"Link no Texto\" data-track-links=\"\"><span style=\"color: #000000; font-family: georgia, palatino, serif; font-size: 18pt;\">A reportagem original est\u00e1 <span style=\"color: #0000ff;\"><a style=\"color: #0000ff;\" href=\"https:\/\/istoe.com.br\/mulher-morre-ao-se-ferir-com-estilhacos-de-taca-em-comemoracao-da-vitoria-do-brasil\/\"><em><strong>aqui<\/strong><\/em><\/a><\/span>.<\/span><\/p>\n<p style=\"text-align: center;\" data-track-category=\"Link no Texto\" data-track-links=\"\"><img data-recalc-dims=\"1\" fetchpriority=\"high\" decoding=\"async\" data-attachment-id=\"14342\" data-permalink=\"https:\/\/gersonguelmann.com.br\/blog\/tragedia-taca-quebrada-em-comemoracao-da-vitoria-do-brasil-causa-morte-de-mulher\/broken-wine-cup\/\" data-orig-file=\"https:\/\/i0.wp.com\/gersonguelmann.com.br\/blog\/wp-content\/uploads\/2018\/06\/broken-wine-cup.jpeg?fit=1618%2C1300&amp;ssl=1\" data-orig-size=\"1618,1300\" data-comments-opened=\"1\" data-image-meta=\"{&quot;aperture&quot;:&quot;0&quot;,&quot;credit&quot;:&quot;&quot;,&quot;camera&quot;:&quot;&quot;,&quot;caption&quot;:&quot;&quot;,&quot;created_timestamp&quot;:&quot;0&quot;,&quot;copyright&quot;:&quot;&quot;,&quot;focal_length&quot;:&quot;0&quot;,&quot;iso&quot;:&quot;0&quot;,&quot;shutter_speed&quot;:&quot;0&quot;,&quot;title&quot;:&quot;&quot;,&quot;orientation&quot;:&quot;0&quot;}\" data-image-title=\"broken wine cup\" data-image-description=\"\" data-image-caption=\"\" data-medium-file=\"https:\/\/i0.wp.com\/gersonguelmann.com.br\/blog\/wp-content\/uploads\/2018\/06\/broken-wine-cup.jpeg?fit=300%2C241&amp;ssl=1\" data-large-file=\"https:\/\/i0.wp.com\/gersonguelmann.com.br\/blog\/wp-content\/uploads\/2018\/06\/broken-wine-cup.jpeg?fit=640%2C514&amp;ssl=1\" class=\"alignnone size-medium wp-image-14342\" src=\"https:\/\/i0.wp.com\/gersonguelmann.com.br\/blog\/wp-content\/uploads\/2018\/06\/broken-wine-cup.jpeg?resize=300%2C241&#038;ssl=1\" alt=\"\" width=\"300\" height=\"241\" srcset=\"https:\/\/i0.wp.com\/gersonguelmann.com.br\/blog\/wp-content\/uploads\/2018\/06\/broken-wine-cup.jpeg?resize=300%2C241&amp;ssl=1 300w, https:\/\/i0.wp.com\/gersonguelmann.com.br\/blog\/wp-content\/uploads\/2018\/06\/broken-wine-cup.jpeg?resize=768%2C617&amp;ssl=1 768w, https:\/\/i0.wp.com\/gersonguelmann.com.br\/blog\/wp-content\/uploads\/2018\/06\/broken-wine-cup.jpeg?resize=1024%2C823&amp;ssl=1 1024w, https:\/\/i0.wp.com\/gersonguelmann.com.br\/blog\/wp-content\/uploads\/2018\/06\/broken-wine-cup.jpeg?w=1618&amp;ssl=1 1618w, https:\/\/i0.wp.com\/gersonguelmann.com.br\/blog\/wp-content\/uploads\/2018\/06\/broken-wine-cup.jpeg?w=1280&amp;ssl=1 1280w\" sizes=\"(max-width: 300px) 100vw, 300px\" \/><\/p>\n<\/div>\n<\/div>\n<\/div>\n","protected":false},"excerpt":{"rendered":"<p>Essa \u00e9 uma hist\u00f3ria incr\u00edvel, dif\u00edcil de acreditar, mas infelizmente \u00e9 verdadeira. Mat\u00e9ria publicada h\u00e1 pouco na revista Isto\u00c9 revela um terr\u00edvel acidente ocorrido ontem na comemora\u00e7\u00e3o da vit\u00f3ria do Brasil: GERAL Mulher morre ao se ferir com ta\u00e7a em comemora\u00e7\u00e3o da vit\u00f3ria do Brasil 28\/06\/18 &#8211; 12h17 &#8211; Atualizado em 28\/06\/18 &#8211; 12h19 Tamara [&hellip;]<\/p>\n","protected":false},"author":5,"featured_media":14342,"comment_status":"open","ping_status":"open","sticky":false,"template":"","format":"standard","meta":{"_acf_changed":false,"jetpack_post_was_ever_published":false,"_jetpack_newsletter_access":"","_jetpack_dont_email_post_to_subs":false,"_jetpack_newsletter_tier_id":0,"_jetpack_memberships_contains_paywalled_content":false,"_jetpack_memberships_contains_paid_content":false,"footnotes":"","jetpack_publicize_message":"","jetpack_publicize_feature_enabled":true,"jetpack_social_post_already_shared":true,"jetpack_social_options":{"image_generator_settings":{"template":"highway","default_image_id":0,"font":"","enabled":false},"version":2}},"categories":[1],"tags":[],"class_list":["post-14341","post","type-post","status-publish","format-standard","has-post-thumbnail","hentry","category-sem-categoria"],"acf":[],"yoast_head":"<!-- This site is optimized with the Yoast SEO plugin v27.3 - https:\/\/yoast.com\/product\/yoast-seo-wordpress\/ -->\n<title>Trag\u00e9dia: Ta\u00e7a Quebrada em Comemora\u00e7\u00e3o da Vit\u00f3ria do Brasil Causa Morte de Mulher | Blog do Guelmann<\/title>\n<meta name=\"robots\" content=\"index, follow, max-snippet:-1, max-image-preview:large, max-video-preview:-1\" \/>\n<link rel=\"canonical\" href=\"https:\/\/gersonguelmann.com.br\/blog\/tragedia-taca-quebrada-em-comemoracao-da-vitoria-do-brasil-causa-morte-de-mulher\/\" \/>\n<meta property=\"og:locale\" content=\"pt_BR\" \/>\n<meta property=\"og:type\" content=\"article\" \/>\n<meta property=\"og:title\" content=\"Trag\u00e9dia: Ta\u00e7a Quebrada em Comemora\u00e7\u00e3o da Vit\u00f3ria do Brasil Causa Morte de Mulher | Blog do Guelmann\" \/>\n<meta property=\"og:description\" content=\"Essa \u00e9 uma hist\u00f3ria incr\u00edvel, dif\u00edcil de acreditar, mas infelizmente \u00e9 verdadeira. Mat\u00e9ria publicada h\u00e1 pouco na revista Isto\u00c9 revela um terr\u00edvel acidente ocorrido ontem na comemora\u00e7\u00e3o da vit\u00f3ria do Brasil: GERAL Mulher morre ao se ferir com ta\u00e7a em comemora\u00e7\u00e3o da vit\u00f3ria do Brasil 28\/06\/18 &#8211; 12h17 &#8211; Atualizado em 28\/06\/18 &#8211; 12h19 Tamara [&hellip;]\" \/>\n<meta property=\"og:url\" content=\"https:\/\/gersonguelmann.com.br\/blog\/tragedia-taca-quebrada-em-comemoracao-da-vitoria-do-brasil-causa-morte-de-mulher\/\" \/>\n<meta property=\"og:site_name\" content=\"Blog do Guelmann\" \/>\n<meta property=\"article:published_time\" content=\"2018-06-28T16:11:17+00:00\" \/>\n<meta property=\"og:image\" content=\"https:\/\/i0.wp.com\/gersonguelmann.com.br\/blog\/wp-content\/uploads\/2018\/06\/broken-wine-cup.jpeg?fit=1618%2C1300&ssl=1\" \/>\n\t<meta property=\"og:image:width\" content=\"1618\" \/>\n\t<meta property=\"og:image:height\" content=\"1300\" \/>\n\t<meta property=\"og:image:type\" content=\"image\/jpeg\" \/>\n<meta name=\"author\" content=\"Gerson Guelmann\" \/>\n<meta name=\"twitter:card\" content=\"summary_large_image\" \/>\n<meta name=\"twitter:label1\" content=\"Escrito por\" \/>\n\t<meta name=\"twitter:data1\" content=\"Gerson Guelmann\" \/>\n\t<meta name=\"twitter:label2\" content=\"Est. tempo de leitura\" \/>\n\t<meta name=\"twitter:data2\" content=\"1 minuto\" \/>\n<script type=\"application\/ld+json\" class=\"yoast-schema-graph\">{\"@context\":\"https:\\\/\\\/schema.org\",\"@graph\":[{\"@type\":\"Article\",\"@id\":\"https:\\\/\\\/gersonguelmann.com.br\\\/blog\\\/tragedia-taca-quebrada-em-comemoracao-da-vitoria-do-brasil-causa-morte-de-mulher\\\/#article\",\"isPartOf\":{\"@id\":\"https:\\\/\\\/gersonguelmann.com.br\\\/blog\\\/tragedia-taca-quebrada-em-comemoracao-da-vitoria-do-brasil-causa-morte-de-mulher\\\/\"},\"author\":{\"name\":\"Gerson Guelmann\",\"@id\":\"https:\\\/\\\/gersonguelmann.com.br\\\/blog\\\/#\\\/schema\\\/person\\\/87e70e2a786888082f941a482c90569e\"},\"headline\":\"Trag\u00e9dia: Ta\u00e7a Quebrada em Comemora\u00e7\u00e3o da Vit\u00f3ria do Brasil Causa Morte de Mulher\",\"datePublished\":\"2018-06-28T16:11:17+00:00\",\"mainEntityOfPage\":{\"@id\":\"https:\\\/\\\/gersonguelmann.com.br\\\/blog\\\/tragedia-taca-quebrada-em-comemoracao-da-vitoria-do-brasil-causa-morte-de-mulher\\\/\"},\"wordCount\":184,\"commentCount\":0,\"image\":{\"@id\":\"https:\\\/\\\/gersonguelmann.com.br\\\/blog\\\/tragedia-taca-quebrada-em-comemoracao-da-vitoria-do-brasil-causa-morte-de-mulher\\\/#primaryimage\"},\"thumbnailUrl\":\"https:\\\/\\\/i0.wp.com\\\/gersonguelmann.com.br\\\/blog\\\/wp-content\\\/uploads\\\/2018\\\/06\\\/broken-wine-cup.jpeg?fit=1618%2C1300&ssl=1\",\"inLanguage\":\"pt-BR\",\"potentialAction\":[{\"@type\":\"CommentAction\",\"name\":\"Comment\",\"target\":[\"https:\\\/\\\/gersonguelmann.com.br\\\/blog\\\/tragedia-taca-quebrada-em-comemoracao-da-vitoria-do-brasil-causa-morte-de-mulher\\\/#respond\"]}]},{\"@type\":\"WebPage\",\"@id\":\"https:\\\/\\\/gersonguelmann.com.br\\\/blog\\\/tragedia-taca-quebrada-em-comemoracao-da-vitoria-do-brasil-causa-morte-de-mulher\\\/\",\"url\":\"https:\\\/\\\/gersonguelmann.com.br\\\/blog\\\/tragedia-taca-quebrada-em-comemoracao-da-vitoria-do-brasil-causa-morte-de-mulher\\\/\",\"name\":\"Trag\u00e9dia: Ta\u00e7a Quebrada em Comemora\u00e7\u00e3o da Vit\u00f3ria do Brasil Causa Morte de Mulher | Blog do Guelmann\",\"isPartOf\":{\"@id\":\"https:\\\/\\\/gersonguelmann.com.br\\\/blog\\\/#website\"},\"primaryImageOfPage\":{\"@id\":\"https:\\\/\\\/gersonguelmann.com.br\\\/blog\\\/tragedia-taca-quebrada-em-comemoracao-da-vitoria-do-brasil-causa-morte-de-mulher\\\/#primaryimage\"},\"image\":{\"@id\":\"https:\\\/\\\/gersonguelmann.com.br\\\/blog\\\/tragedia-taca-quebrada-em-comemoracao-da-vitoria-do-brasil-causa-morte-de-mulher\\\/#primaryimage\"},\"thumbnailUrl\":\"https:\\\/\\\/i0.wp.com\\\/gersonguelmann.com.br\\\/blog\\\/wp-content\\\/uploads\\\/2018\\\/06\\\/broken-wine-cup.jpeg?fit=1618%2C1300&ssl=1\",\"datePublished\":\"2018-06-28T16:11:17+00:00\",\"author\":{\"@id\":\"https:\\\/\\\/gersonguelmann.com.br\\\/blog\\\/#\\\/schema\\\/person\\\/87e70e2a786888082f941a482c90569e\"},\"inLanguage\":\"pt-BR\",\"potentialAction\":[{\"@type\":\"ReadAction\",\"target\":[\"https:\\\/\\\/gersonguelmann.com.br\\\/blog\\\/tragedia-taca-quebrada-em-comemoracao-da-vitoria-do-brasil-causa-morte-de-mulher\\\/\"]}]},{\"@type\":\"ImageObject\",\"inLanguage\":\"pt-BR\",\"@id\":\"https:\\\/\\\/gersonguelmann.com.br\\\/blog\\\/tragedia-taca-quebrada-em-comemoracao-da-vitoria-do-brasil-causa-morte-de-mulher\\\/#primaryimage\",\"url\":\"https:\\\/\\\/i0.wp.com\\\/gersonguelmann.com.br\\\/blog\\\/wp-content\\\/uploads\\\/2018\\\/06\\\/broken-wine-cup.jpeg?fit=1618%2C1300&ssl=1\",\"contentUrl\":\"https:\\\/\\\/i0.wp.com\\\/gersonguelmann.com.br\\\/blog\\\/wp-content\\\/uploads\\\/2018\\\/06\\\/broken-wine-cup.jpeg?fit=1618%2C1300&ssl=1\",\"width\":1618,\"height\":1300},{\"@type\":\"WebSite\",\"@id\":\"https:\\\/\\\/gersonguelmann.com.br\\\/blog\\\/#website\",\"url\":\"https:\\\/\\\/gersonguelmann.com.br\\\/blog\\\/\",\"name\":\"Blog do Guelmann\",\"description\":\"Pitadas da sabedoria e do humor judaicos, assuntos do momento e um pouco das hist\u00f3rias que vivi e testemunhei.\",\"potentialAction\":[{\"@type\":\"SearchAction\",\"target\":{\"@type\":\"EntryPoint\",\"urlTemplate\":\"https:\\\/\\\/gersonguelmann.com.br\\\/blog\\\/?s={search_term_string}\"},\"query-input\":{\"@type\":\"PropertyValueSpecification\",\"valueRequired\":true,\"valueName\":\"search_term_string\"}}],\"inLanguage\":\"pt-BR\"},{\"@type\":\"Person\",\"@id\":\"https:\\\/\\\/gersonguelmann.com.br\\\/blog\\\/#\\\/schema\\\/person\\\/87e70e2a786888082f941a482c90569e\",\"name\":\"Gerson Guelmann\",\"image\":{\"@type\":\"ImageObject\",\"inLanguage\":\"pt-BR\",\"@id\":\"https:\\\/\\\/i0.wp.com\\\/gersonguelmann.com.br\\\/blog\\\/wp-content\\\/uploads\\\/2021\\\/08\\\/BLOG.jpeg?fit=96%2C96&ssl=1\",\"url\":\"https:\\\/\\\/i0.wp.com\\\/gersonguelmann.com.br\\\/blog\\\/wp-content\\\/uploads\\\/2021\\\/08\\\/BLOG.jpeg?fit=96%2C96&ssl=1\",\"contentUrl\":\"https:\\\/\\\/i0.wp.com\\\/gersonguelmann.com.br\\\/blog\\\/wp-content\\\/uploads\\\/2021\\\/08\\\/BLOG.jpeg?fit=96%2C96&ssl=1\",\"caption\":\"Gerson Guelmann\"},\"description\":\"Pitadas da sabedoria e do humor judaicos, assuntos do momento e um pouco das hist\u00f3rias que vivi e testemunhei.\"}]}<\/script>\n<!-- \/ Yoast SEO plugin. -->","yoast_head_json":{"title":"Trag\u00e9dia: Ta\u00e7a Quebrada em Comemora\u00e7\u00e3o da Vit\u00f3ria do Brasil Causa Morte de Mulher | Blog do Guelmann","robots":{"index":"index","follow":"follow","max-snippet":"max-snippet:-1","max-image-preview":"max-image-preview:large","max-video-preview":"max-video-preview:-1"},"canonical":"https:\/\/gersonguelmann.com.br\/blog\/tragedia-taca-quebrada-em-comemoracao-da-vitoria-do-brasil-causa-morte-de-mulher\/","og_locale":"pt_BR","og_type":"article","og_title":"Trag\u00e9dia: Ta\u00e7a Quebrada em Comemora\u00e7\u00e3o da Vit\u00f3ria do Brasil Causa Morte de Mulher | Blog do Guelmann","og_description":"Essa \u00e9 uma hist\u00f3ria incr\u00edvel, dif\u00edcil de acreditar, mas infelizmente \u00e9 verdadeira. Mat\u00e9ria publicada h\u00e1 pouco na revista Isto\u00c9 revela um terr\u00edvel acidente ocorrido ontem na comemora\u00e7\u00e3o da vit\u00f3ria do Brasil: GERAL Mulher morre ao se ferir com ta\u00e7a em comemora\u00e7\u00e3o da vit\u00f3ria do Brasil 28\/06\/18 &#8211; 12h17 &#8211; Atualizado em 28\/06\/18 &#8211; 12h19 Tamara [&hellip;]","og_url":"https:\/\/gersonguelmann.com.br\/blog\/tragedia-taca-quebrada-em-comemoracao-da-vitoria-do-brasil-causa-morte-de-mulher\/","og_site_name":"Blog do Guelmann","article_published_time":"2018-06-28T16:11:17+00:00","og_image":[{"width":1618,"height":1300,"url":"https:\/\/i0.wp.com\/gersonguelmann.com.br\/blog\/wp-content\/uploads\/2018\/06\/broken-wine-cup.jpeg?fit=1618%2C1300&ssl=1","type":"image\/jpeg"}],"author":"Gerson Guelmann","twitter_card":"summary_large_image","twitter_misc":{"Escrito por":"Gerson Guelmann","Est. tempo de leitura":"1 minuto"},"schema":{"@context":"https:\/\/schema.org","@graph":[{"@type":"Article","@id":"https:\/\/gersonguelmann.com.br\/blog\/tragedia-taca-quebrada-em-comemoracao-da-vitoria-do-brasil-causa-morte-de-mulher\/#article","isPartOf":{"@id":"https:\/\/gersonguelmann.com.br\/blog\/tragedia-taca-quebrada-em-comemoracao-da-vitoria-do-brasil-causa-morte-de-mulher\/"},"author":{"name":"Gerson Guelmann","@id":"https:\/\/gersonguelmann.com.br\/blog\/#\/schema\/person\/87e70e2a786888082f941a482c90569e"},"headline":"Trag\u00e9dia: Ta\u00e7a Quebrada em Comemora\u00e7\u00e3o da Vit\u00f3ria do Brasil Causa Morte de Mulher","datePublished":"2018-06-28T16:11:17+00:00","mainEntityOfPage":{"@id":"https:\/\/gersonguelmann.com.br\/blog\/tragedia-taca-quebrada-em-comemoracao-da-vitoria-do-brasil-causa-morte-de-mulher\/"},"wordCount":184,"commentCount":0,"image":{"@id":"https:\/\/gersonguelmann.com.br\/blog\/tragedia-taca-quebrada-em-comemoracao-da-vitoria-do-brasil-causa-morte-de-mulher\/#primaryimage"},"thumbnailUrl":"https:\/\/i0.wp.com\/gersonguelmann.com.br\/blog\/wp-content\/uploads\/2018\/06\/broken-wine-cup.jpeg?fit=1618%2C1300&ssl=1","inLanguage":"pt-BR","potentialAction":[{"@type":"CommentAction","name":"Comment","target":["https:\/\/gersonguelmann.com.br\/blog\/tragedia-taca-quebrada-em-comemoracao-da-vitoria-do-brasil-causa-morte-de-mulher\/#respond"]}]},{"@type":"WebPage","@id":"https:\/\/gersonguelmann.com.br\/blog\/tragedia-taca-quebrada-em-comemoracao-da-vitoria-do-brasil-causa-morte-de-mulher\/","url":"https:\/\/gersonguelmann.com.br\/blog\/tragedia-taca-quebrada-em-comemoracao-da-vitoria-do-brasil-causa-morte-de-mulher\/","name":"Trag\u00e9dia: Ta\u00e7a Quebrada em Comemora\u00e7\u00e3o da Vit\u00f3ria do Brasil Causa Morte de Mulher | Blog do Guelmann","isPartOf":{"@id":"https:\/\/gersonguelmann.com.br\/blog\/#website"},"primaryImageOfPage":{"@id":"https:\/\/gersonguelmann.com.br\/blog\/tragedia-taca-quebrada-em-comemoracao-da-vitoria-do-brasil-causa-morte-de-mulher\/#primaryimage"},"image":{"@id":"https:\/\/gersonguelmann.com.br\/blog\/tragedia-taca-quebrada-em-comemoracao-da-vitoria-do-brasil-causa-morte-de-mulher\/#primaryimage"},"thumbnailUrl":"https:\/\/i0.wp.com\/gersonguelmann.com.br\/blog\/wp-content\/uploads\/2018\/06\/broken-wine-cup.jpeg?fit=1618%2C1300&ssl=1","datePublished":"2018-06-28T16:11:17+00:00","author":{"@id":"https:\/\/gersonguelmann.com.br\/blog\/#\/schema\/person\/87e70e2a786888082f941a482c90569e"},"inLanguage":"pt-BR","potentialAction":[{"@type":"ReadAction","target":["https:\/\/gersonguelmann.com.br\/blog\/tragedia-taca-quebrada-em-comemoracao-da-vitoria-do-brasil-causa-morte-de-mulher\/"]}]},{"@type":"ImageObject","inLanguage":"pt-BR","@id":"https:\/\/gersonguelmann.com.br\/blog\/tragedia-taca-quebrada-em-comemoracao-da-vitoria-do-brasil-causa-morte-de-mulher\/#primaryimage","url":"https:\/\/i0.wp.com\/gersonguelmann.com.br\/blog\/wp-content\/uploads\/2018\/06\/broken-wine-cup.jpeg?fit=1618%2C1300&ssl=1","contentUrl":"https:\/\/i0.wp.com\/gersonguelmann.com.br\/blog\/wp-content\/uploads\/2018\/06\/broken-wine-cup.jpeg?fit=1618%2C1300&ssl=1","width":1618,"height":1300},{"@type":"WebSite","@id":"https:\/\/gersonguelmann.com.br\/blog\/#website","url":"https:\/\/gersonguelmann.com.br\/blog\/","name":"Blog do Guelmann","description":"Pitadas da sabedoria e do humor judaicos, assuntos do momento e um pouco das hist\u00f3rias que vivi e testemunhei.","potentialAction":[{"@type":"SearchAction","target":{"@type":"EntryPoint","urlTemplate":"https:\/\/gersonguelmann.com.br\/blog\/?s={search_term_string}"},"query-input":{"@type":"PropertyValueSpecification","valueRequired":true,"valueName":"search_term_string"}}],"inLanguage":"pt-BR"},{"@type":"Person","@id":"https:\/\/gersonguelmann.com.br\/blog\/#\/schema\/person\/87e70e2a786888082f941a482c90569e","name":"Gerson Guelmann","image":{"@type":"ImageObject","inLanguage":"pt-BR","@id":"https:\/\/i0.wp.com\/gersonguelmann.com.br\/blog\/wp-content\/uploads\/2021\/08\/BLOG.jpeg?fit=96%2C96&ssl=1","url":"https:\/\/i0.wp.com\/gersonguelmann.com.br\/blog\/wp-content\/uploads\/2021\/08\/BLOG.jpeg?fit=96%2C96&ssl=1","contentUrl":"https:\/\/i0.wp.com\/gersonguelmann.com.br\/blog\/wp-content\/uploads\/2021\/08\/BLOG.jpeg?fit=96%2C96&ssl=1","caption":"Gerson Guelmann"},"description":"Pitadas da sabedoria e do humor judaicos, assuntos do momento e um pouco das hist\u00f3rias que vivi e testemunhei."}]}},"views":61,"jetpack_publicize_connections":[],"jetpack_featured_media_url":"https:\/\/i0.wp.com\/gersonguelmann.com.br\/blog\/wp-content\/uploads\/2018\/06\/broken-wine-cup.jpeg?fit=1618%2C1300&ssl=1","jetpack_shortlink":"https:\/\/wp.me\/p96e7O-3Jj","jetpack-related-posts":[{"id":14435,"url":"https:\/\/gersonguelmann.com.br\/blog\/galvao-bueno-sendo-galvao-bueno\/","url_meta":{"origin":14341,"position":0},"title":"Galv\u00e3o Bueno Sendo Galv\u00e3o Bueno","author":"Gerson Guelmann","date":"3 de julho de 2018","format":false,"excerpt":"Quem n\u00e3o assistiu a cena \"ao vivo e \u00e0 cores\" pode ler o que aconteceu ontem em um dos jornais da Globo, quando Galv\u00e3o Bueno manifestou-se acerca da ta\u00e7a da Copa do Mundo que estava sendo mostrada pela jornalista\u00a0Sandra\u00a0Annenberg. Mat\u00e9ria publicada pelo site Donna: Mansplaining: Galv\u00e3o Bueno provoca pol\u00eamica nas\u2026","rel":"","context":"Em &quot;Sem categoria&quot;","block_context":{"text":"Sem categoria","link":"https:\/\/gersonguelmann.com.br\/blog\/category\/sem-categoria\/"},"img":{"alt_text":"","src":"https:\/\/i0.wp.com\/gersonguelmann.com.br\/blog\/wp-content\/uploads\/2018\/07\/fifa-world-cup-football-trophy-3d-model-low-poly-fbx-c4d-ma-mb.jpg?fit=1200%2C675&ssl=1&resize=350%2C200","width":350,"height":200,"srcset":"https:\/\/i0.wp.com\/gersonguelmann.com.br\/blog\/wp-content\/uploads\/2018\/07\/fifa-world-cup-football-trophy-3d-model-low-poly-fbx-c4d-ma-mb.jpg?fit=1200%2C675&ssl=1&resize=350%2C200 1x, https:\/\/i0.wp.com\/gersonguelmann.com.br\/blog\/wp-content\/uploads\/2018\/07\/fifa-world-cup-football-trophy-3d-model-low-poly-fbx-c4d-ma-mb.jpg?fit=1200%2C675&ssl=1&resize=525%2C300 1.5x, https:\/\/i0.wp.com\/gersonguelmann.com.br\/blog\/wp-content\/uploads\/2018\/07\/fifa-world-cup-football-trophy-3d-model-low-poly-fbx-c4d-ma-mb.jpg?fit=1200%2C675&ssl=1&resize=700%2C400 2x, https:\/\/i0.wp.com\/gersonguelmann.com.br\/blog\/wp-content\/uploads\/2018\/07\/fifa-world-cup-football-trophy-3d-model-low-poly-fbx-c4d-ma-mb.jpg?fit=1200%2C675&ssl=1&resize=1050%2C600 3x"},"classes":[]},{"id":1583,"url":"https:\/\/gersonguelmann.com.br\/blog\/expedicionario-ou-jogador-de-futebol-quem-e-mais-importante\/","url_meta":{"origin":14341,"position":1},"title":"Expedicion\u00e1rio ou Jogador de Futebol: Quem \u00e9 Mais Importante?","author":"Gerson Guelmann","date":"5 de maio de 2021","format":false,"excerpt":"Max Wolf Filho \u2217 Rio Negro\/PR, 29\/7\/1911 \u2020 Biscaia, It\u00e1lia, 12\/4\/1945 \"Por mais terras que eu percorra, N\u00e3o permita Deus que eu morra Sem que volte para l\u00e1; Sem que leve por divisa Esse \"V\" que simboliza A vit\u00f3ria que vir\u00e1: Nossa vit\u00f3ria final, Que \u00e9 a mira do meu\u2026","rel":"","context":"Em &quot;Sem categoria&quot;","block_context":{"text":"Sem categoria","link":"https:\/\/gersonguelmann.com.br\/blog\/category\/sem-categoria\/"},"img":{"alt_text":"","src":"https:\/\/i0.wp.com\/gersonguelmann.com.br\/blog\/wp-content\/uploads\/2017\/09\/MWF.jpg?fit=770%2C1200&ssl=1&resize=350%2C200","width":350,"height":200,"srcset":"https:\/\/i0.wp.com\/gersonguelmann.com.br\/blog\/wp-content\/uploads\/2017\/09\/MWF.jpg?fit=770%2C1200&ssl=1&resize=350%2C200 1x, https:\/\/i0.wp.com\/gersonguelmann.com.br\/blog\/wp-content\/uploads\/2017\/09\/MWF.jpg?fit=770%2C1200&ssl=1&resize=525%2C300 1.5x, https:\/\/i0.wp.com\/gersonguelmann.com.br\/blog\/wp-content\/uploads\/2017\/09\/MWF.jpg?fit=770%2C1200&ssl=1&resize=700%2C400 2x"},"classes":[]},{"id":14682,"url":"https:\/\/gersonguelmann.com.br\/blog\/eleicao-ja-ganhei-e-ja-perdi-ganhar-e-melhor\/","url_meta":{"origin":14341,"position":2},"title":"Elei\u00e7\u00e3o: J\u00e1 Ganhei e J\u00e1 Perdi. Ganhar \u00e9 Melhor.","author":"Gerson Guelmann","date":"12 de outubro de 2018","format":false,"excerpt":"Ap\u00f3s quase tr\u00eas meses de inatividade, estou de volta ao Blog. Os amigos mais chegados sabem que estive empenhado na vitoriosa campanha do Professor Oriovisto Guimar\u00e3es ao Senado da Rep\u00fablica, pelo Paran\u00e1. Saindo literalmente do zero, ele, que jamais havia disputado um cargo eletivo, terminou a elei\u00e7\u00e3o em 1\u00ba lugar\u2026","rel":"","context":"Em &quot;Sem categoria&quot;","block_context":{"text":"Sem categoria","link":"https:\/\/gersonguelmann.com.br\/blog\/category\/sem-categoria\/"},"img":{"alt_text":"","src":"https:\/\/i0.wp.com\/gersonguelmann.com.br\/blog\/wp-content\/uploads\/2018\/10\/Equipe-300x225.jpg?resize=350%2C200&ssl=1","width":350,"height":200},"classes":[]},{"id":17086,"url":"https:\/\/gersonguelmann.com.br\/blog\/a-encrenqueira-mudou-os-vizinhos-comemoraram-com-churrasco\/","url_meta":{"origin":14341,"position":3},"title":"A Encrenqueira Mudou e Os Vizinhos Comemoraram Com Churrasco.","author":"Gerson Guelmann","date":"18 de junho de 2019","format":false,"excerpt":"Todos n\u00f3s sabemos como \u00e9 ruim ter um(a) vizinho(a) encrenqueiro(a). N\u00e3o importa se voc\u00ea mora em pr\u00e9dio ou casa. Assim como um bom vizinho muitas vezes \u00e9 melhor do que um parente, um mau vizinho torna-se uma fonte inesgot\u00e1vel de problemas. Diante disso \u00e9 f\u00e1cil entender porque houve uma comemora\u00e7\u00e3o\u2026","rel":"","context":"Em &quot;Sem categoria&quot;","block_context":{"text":"Sem categoria","link":"https:\/\/gersonguelmann.com.br\/blog\/category\/sem-categoria\/"},"img":{"alt_text":"","src":"https:\/\/i0.wp.com\/gersonguelmann.com.br\/blog\/wp-content\/uploads\/2019\/06\/barbecue-people.jpg?fit=750%2C500&ssl=1&resize=350%2C200","width":350,"height":200,"srcset":"https:\/\/i0.wp.com\/gersonguelmann.com.br\/blog\/wp-content\/uploads\/2019\/06\/barbecue-people.jpg?fit=750%2C500&ssl=1&resize=350%2C200 1x, https:\/\/i0.wp.com\/gersonguelmann.com.br\/blog\/wp-content\/uploads\/2019\/06\/barbecue-people.jpg?fit=750%2C500&ssl=1&resize=525%2C300 1.5x, https:\/\/i0.wp.com\/gersonguelmann.com.br\/blog\/wp-content\/uploads\/2019\/06\/barbecue-people.jpg?fit=750%2C500&ssl=1&resize=700%2C400 2x"},"classes":[]},{"id":16974,"url":"https:\/\/gersonguelmann.com.br\/blog\/homenagem-do-cap-a-forca-expedicionaria-brasileira\/","url_meta":{"origin":14341,"position":4},"title":"Homenagem do CAP \u00e0 For\u00e7a Expedicion\u00e1ria Brasileira","author":"Gerson Guelmann","date":"8 de junho de 2019","format":false,"excerpt":"Coisa dif\u00edcil de acontecer (sen\u00e3o imposs\u00edvel) \u00e9 um Coxa-Branca elogiar o Clube Athletico Paranaense, mas costumo dizer que a rivalidade futebol\u00edstica nunca pode se colocar acima das pessoas. Frequentemente constatamos o t\u00e9rmino de amizades de uma vida inteira por conta de discuss\u00f5es envolvendo times, o que para mim \u00e9 um\u2026","rel":"","context":"Em &quot;Sem categoria&quot;","block_context":{"text":"Sem categoria","link":"https:\/\/gersonguelmann.com.br\/blog\/category\/sem-categoria\/"},"img":{"alt_text":"","src":"https:\/\/i0.wp.com\/gersonguelmann.com.br\/blog\/wp-content\/uploads\/2019\/06\/FEB.png?fit=997%2C1200&ssl=1&resize=350%2C200","width":350,"height":200,"srcset":"https:\/\/i0.wp.com\/gersonguelmann.com.br\/blog\/wp-content\/uploads\/2019\/06\/FEB.png?fit=997%2C1200&ssl=1&resize=350%2C200 1x, https:\/\/i0.wp.com\/gersonguelmann.com.br\/blog\/wp-content\/uploads\/2019\/06\/FEB.png?fit=997%2C1200&ssl=1&resize=525%2C300 1.5x, https:\/\/i0.wp.com\/gersonguelmann.com.br\/blog\/wp-content\/uploads\/2019\/06\/FEB.png?fit=997%2C1200&ssl=1&resize=700%2C400 2x"},"classes":[]},{"id":13985,"url":"https:\/\/gersonguelmann.com.br\/blog\/na-russia-filhos-homenageiam-o-pai-torcedor-simbolo-do-7-x-1\/","url_meta":{"origin":14341,"position":5},"title":"Na R\u00fassia, Filhos Homenageiam o Pai Torcedor S\u00edmbolo do 7 x 1","author":"Gerson Guelmann","date":"15 de junho de 2018","format":false,"excerpt":"Reportagem do site Metr\u00f3poles, de hoje: Homenagem de filhos ao torcedor s\u00edmbolo do 7 x 1 emociona a web O ga\u00facho de Porto Alegre morreu, em 2016, ap\u00f3s perder uma batalha contra um c\u00e2ncer ATAIDE DE ALMEIDA JR. 15\/06\/2018 12:07 Uma das imagens mais marcantes da Copa de 2014 foi\u2026","rel":"","context":"Em &quot;Sem categoria&quot;","block_context":{"text":"Sem categoria","link":"https:\/\/gersonguelmann.com.br\/blog\/category\/sem-categoria\/"},"img":{"alt_text":"","src":"https:\/\/i0.wp.com\/gersonguelmann.com.br\/blog\/wp-content\/uploads\/2018\/06\/1-8.jpg?fit=840%2C560&ssl=1&resize=350%2C200","width":350,"height":200,"srcset":"https:\/\/i0.wp.com\/gersonguelmann.com.br\/blog\/wp-content\/uploads\/2018\/06\/1-8.jpg?fit=840%2C560&ssl=1&resize=350%2C200 1x, https:\/\/i0.wp.com\/gersonguelmann.com.br\/blog\/wp-content\/uploads\/2018\/06\/1-8.jpg?fit=840%2C560&ssl=1&resize=525%2C300 1.5x, https:\/\/i0.wp.com\/gersonguelmann.com.br\/blog\/wp-content\/uploads\/2018\/06\/1-8.jpg?fit=840%2C560&ssl=1&resize=700%2C400 2x"},"classes":[]}],"jetpack_sharing_enabled":true,"post_mailing_queue_ids":[],"_links":{"self":[{"href":"https:\/\/gersonguelmann.com.br\/blog\/wp-json\/wp\/v2\/posts\/14341","targetHints":{"allow":["GET"]}}],"collection":[{"href":"https:\/\/gersonguelmann.com.br\/blog\/wp-json\/wp\/v2\/posts"}],"about":[{"href":"https:\/\/gersonguelmann.com.br\/blog\/wp-json\/wp\/v2\/types\/post"}],"author":[{"embeddable":true,"href":"https:\/\/gersonguelmann.com.br\/blog\/wp-json\/wp\/v2\/users\/5"}],"replies":[{"embeddable":true,"href":"https:\/\/gersonguelmann.com.br\/blog\/wp-json\/wp\/v2\/comments?post=14341"}],"version-history":[{"count":0,"href":"https:\/\/gersonguelmann.com.br\/blog\/wp-json\/wp\/v2\/posts\/14341\/revisions"}],"wp:featuredmedia":[{"embeddable":true,"href":"https:\/\/gersonguelmann.com.br\/blog\/wp-json\/wp\/v2\/media\/14342"}],"wp:attachment":[{"href":"https:\/\/gersonguelmann.com.br\/blog\/wp-json\/wp\/v2\/media?parent=14341"}],"wp:term":[{"taxonomy":"category","embeddable":true,"href":"https:\/\/gersonguelmann.com.br\/blog\/wp-json\/wp\/v2\/categories?post=14341"},{"taxonomy":"post_tag","embeddable":true,"href":"https:\/\/gersonguelmann.com.br\/blog\/wp-json\/wp\/v2\/tags?post=14341"}],"curies":[{"name":"wp","href":"https:\/\/api.w.org\/{rel}","templated":true}]}}