    {"id":14349,"date":"2018-06-28T17:18:34","date_gmt":"2018-06-28T20:18:34","guid":{"rendered":"https:\/\/gersonguelmann.com.br\/blog\/?p=14349"},"modified":"2018-06-28T17:18:34","modified_gmt":"2018-06-28T20:18:34","slug":"no-final-da-novela-da-copa-neymar-ficara-com-bruna-marquezine-ou-galvao-bueno","status":"publish","type":"post","link":"https:\/\/gersonguelmann.com.br\/blog\/no-final-da-novela-da-copa-neymar-ficara-com-bruna-marquezine-ou-galvao-bueno\/","title":{"rendered":"No Final da Novela da Copa Neymar Ficar\u00e1 Com Bruna Marquezine ou Galv\u00e3o Bueno?"},"content":{"rendered":"<p><span style=\"color: #000000; font-family: georgia, palatino, serif; font-size: 18pt;\">As redes sociais foram inundadas nos \u00faltimos dias com as revela\u00e7\u00f5es do mal-estar criado entre Galv\u00e3o Bueno e o jogador Neymar Junior, que de &#8220;queridinho&#8221; do locutor teria passado a desafeto.<\/span><\/p>\n<p><span style=\"color: #000000; font-family: georgia, palatino, serif; font-size: 18pt;\">Veja mat\u00e9ria que foi publicada h\u00e1 pouco no site Terra:<\/span><\/p>\n<div class=\"channel channelHeader\"><span style=\"color: #ff0000;\"><strong>BLOG SALA DE TV<\/strong><\/span><\/div>\n<div class=\"title headline\">\n<p><span style=\"font-size: 24pt;\"><strong><span style=\"color: #000000;\">T\u00f4 de mal: briguinha de Galv\u00e3o e Neymar vira novela na Copa<\/span><\/strong><\/span><\/p>\n<\/div>\n<div class=\"subtitle subtitle--M\">\n<p><span style=\"font-size: 18pt;\"><strong><span style=\"color: #000000;\">Imprensa repercute o clima pesado entre o narrador da Globo e o astro midi\u00e1tico da Sele\u00e7\u00e3o<\/p>\n<p><\/span><\/strong><\/span><img data-recalc-dims=\"1\" decoding=\"async\" class=\"author-picture\" style=\"color: #000000;\" title=\"Jeff Ben\u00edcio\" src=\"https:\/\/i0.wp.com\/p2.trrsf.com\/image\/fget\/cf\/40\/40\/images.terra.com\/2016\/09\/13\/jb-foto-perfil-blog-sala-de-tv.jpg?resize=40%2C40&#038;ssl=1\" alt=\"Jeff Ben\u00edcio\" width=\"40\" height=\"40\" \/><strong>\u00a0<span style=\"color: #000000;\">Jeff Ben\u00edcio<br \/>\n<\/span><span class=\"day-month\" style=\"color: #000000;\">28 JUN<\/span><span class=\"year\" style=\"color: #000000;\">2018<\/span><\/strong><\/p>\n<div class=\"articleData \">\n<p class=\"text\"><span style=\"color: #000000; font-size: 14pt;\">No final da\u00a0<strong>Copa<\/strong>,\u00a0<strong>Neymar\u00a0<\/strong>vai ficar com\u00a0<strong>Bruna Marquezine<\/strong>\u00a0ou\u00a0<strong>Galv\u00e3o Bueno<\/strong>?<\/span><\/p>\n<p><span style=\"color: #000000; font-size: 14pt;\">Enquanto o namoro do jogador com a atriz est\u00e1 em clima de paix\u00e3o novelesca, a rela\u00e7\u00e3o dele com o ex-melhor amigo na\u00a0<em>Globo\u00a0<\/em>vive uma crise. Os dois precisam fazer uma DR urgente.<\/span><\/p>\n<p><span style=\"color: #000000; font-size: 14pt;\">Brincadeira \u00e0 parte, as rusgas entre\u00a0<strong>Neymar\u00a0<\/strong>e\u00a0<strong>Galv\u00e3o\u00a0<\/strong>viraram pauta na imprensa e assunto entre torcedores.<\/span><\/p>\n<p style=\"text-align: center;\"><span style=\"color: #000000;\"><img data-recalc-dims=\"1\" fetchpriority=\"high\" decoding=\"async\" data-attachment-id=\"14353\" data-permalink=\"https:\/\/gersonguelmann.com.br\/blog\/no-final-da-novela-da-copa-neymar-ficara-com-bruna-marquezine-ou-galvao-bueno\/gn-3\/\" data-orig-file=\"https:\/\/i0.wp.com\/gersonguelmann.com.br\/blog\/wp-content\/uploads\/2018\/06\/GN-1.jpg?fit=281%2C180&amp;ssl=1\" data-orig-size=\"281,180\" data-comments-opened=\"1\" data-image-meta=\"{&quot;aperture&quot;:&quot;0&quot;,&quot;credit&quot;:&quot;&quot;,&quot;camera&quot;:&quot;&quot;,&quot;caption&quot;:&quot;&quot;,&quot;created_timestamp&quot;:&quot;0&quot;,&quot;copyright&quot;:&quot;&quot;,&quot;focal_length&quot;:&quot;0&quot;,&quot;iso&quot;:&quot;0&quot;,&quot;shutter_speed&quot;:&quot;0&quot;,&quot;title&quot;:&quot;&quot;,&quot;orientation&quot;:&quot;0&quot;}\" data-image-title=\"G&amp;#038;N\" data-image-description=\"\" data-image-caption=\"\" data-medium-file=\"https:\/\/i0.wp.com\/gersonguelmann.com.br\/blog\/wp-content\/uploads\/2018\/06\/GN-1.jpg?fit=281%2C180&amp;ssl=1\" data-large-file=\"https:\/\/i0.wp.com\/gersonguelmann.com.br\/blog\/wp-content\/uploads\/2018\/06\/GN-1.jpg?fit=281%2C180&amp;ssl=1\" class=\"alignnone size-full wp-image-14353\" src=\"https:\/\/i0.wp.com\/gersonguelmann.com.br\/blog\/wp-content\/uploads\/2018\/06\/GN-1.jpg?resize=281%2C180&#038;ssl=1\" alt=\"\" width=\"281\" height=\"180\" \/><br \/>\n<\/span><span style=\"font-size: 14pt;\"><em><strong><span style=\"color: #000000;\">Galv\u00e3o e Neymar: de &#8216;brothers&#8217; a desafetos: cr\u00edticas do narrador da Globo irritam o jogador e seu clube de amigos<\/span><\/strong><\/em><\/span><br \/>\n<em><span style=\"font-size: 10pt; color: #808080;\"><strong>Foto:\u00a0<span class=\"irc_ho\" dir=\"ltr\">www.torcedores.com<\/span><\/strong><\/span><\/em><\/p>\n<p><span style=\"color: #000000; font-size: 14pt;\">Nos \u00faltimos dias, os principais portais de not\u00edcias do Pa\u00eds destacaram o rev\u00e9s suscitado pelas cr\u00edticas de\u00a0<strong>Galv\u00e3o\u00a0<\/strong>ao n\u00famero 10 do Brasil.\u00a0<\/span><\/p>\n<p><span style=\"color: #000000; font-size: 14pt;\">Virou uma novela, com novo cap\u00edtulo a cada dia \u2013 e afeta a cobertura da\u00a0<em>Globo\u00a0<\/em>do mundial na\u00a0<strong>R\u00fassia<\/strong>.\u00a0<strong>Neymar\u00a0<\/strong>n\u00e3o tem facilitado a vida dos rep\u00f3rteres da emissora. Nada de entrevistas.<\/span><\/p>\n<p><span style=\"color: #000000; font-size: 14pt;\">Ao contr\u00e1rio do que aconteceu em 2014, na\u00a0<strong>Copa do Brasil<\/strong>, quando o atacante tinha contrato com a emissora. Esse acordo financeiro veio a p\u00fablico somente este ano.\u00a0<\/span><\/p>\n<p><span style=\"color: #000000; font-size: 14pt;\">Houve questionamento da credibilidade da\u00a0<em>Globo<\/em>, j\u00e1 que uma das regras do jornalismo \u00e9 n\u00e3o pagar a entrevistados, sejam an\u00f4nimos ou famosos.<\/span><\/p>\n<p><span style=\"color: #000000; font-size: 14pt;\">As cobran\u00e7as de\u00a0<strong>Galv\u00e3o\u00a0<\/strong>a\u00a0<strong>Neymar\u00a0<\/strong>geraram rea\u00e7\u00e3o de v\u00e1rios \u2018par\u00e7as\u2019, fi\u00e9is amigos do atleta que frequentemente ganham passagem \u00e1rea e hospedagem para encontr\u00e1-lo mundo afora.\u00a0<\/span><\/p>\n<p><span style=\"color: #000000; font-size: 14pt;\">O principal narrador esportivo da\u00a0<em>Globo\u00a0<\/em>foi alvo de desd\u00e9m e ironias em redes sociais. Em um\u00a0<em>post<\/em>, o jornalista foi comparado a uma lixeira de rua. O pr\u00f3prio\u00a0<strong>Neymar\u00a0<\/strong>deu um bicudo no\u00a0<em>Instagram<\/em>: \u201cfalar at\u00e9 papagaio fala, agora fazer&#8230; poucos fazem\u201d.<\/span><\/p>\n<p><span style=\"color: #000000; font-family: georgia, palatino, serif; font-size: 18pt;\">A mat\u00e9ria no site da Terra pode ser lida <span style=\"color: #0000ff;\"><a style=\"color: #0000ff;\" href=\"https:\/\/www.terra.com.br\/diversao\/tv\/blog-sala-de-tv\/to-de-mal-briguinha-de-galvao-e-neymar-vira-novela-na-copa,3953ba2b563a732ef7b9e0e1b90fe004nwix2kdq.html?\"><em><strong>aqui<\/strong><\/em><\/a><\/span>.<\/span><\/p>\n<p>&nbsp;<\/p>\n<\/div>\n<\/div>\n","protected":false},"excerpt":{"rendered":"<p>As redes sociais foram inundadas nos \u00faltimos dias com as revela\u00e7\u00f5es do mal-estar criado entre Galv\u00e3o Bueno e o jogador Neymar Junior, que de &#8220;queridinho&#8221; do locutor teria passado a desafeto. Veja mat\u00e9ria que foi publicada h\u00e1 pouco no site Terra: BLOG SALA DE TV T\u00f4 de mal: briguinha de Galv\u00e3o e Neymar vira novela [&hellip;]<\/p>\n","protected":false},"author":5,"featured_media":14353,"comment_status":"open","ping_status":"open","sticky":false,"template":"","format":"standard","meta":{"_acf_changed":false,"jetpack_post_was_ever_published":false,"_jetpack_newsletter_access":"","_jetpack_dont_email_post_to_subs":false,"_jetpack_newsletter_tier_id":0,"_jetpack_memberships_contains_paywalled_content":false,"_jetpack_memberships_contains_paid_content":false,"footnotes":"","jetpack_publicize_message":"","jetpack_publicize_feature_enabled":true,"jetpack_social_post_already_shared":true,"jetpack_social_options":{"image_generator_settings":{"template":"highway","default_image_id":0,"font":"","enabled":false},"version":2}},"categories":[1],"tags":[],"class_list":["post-14349","post","type-post","status-publish","format-standard","has-post-thumbnail","hentry","category-sem-categoria"],"acf":[],"yoast_head":"<!-- This site is optimized with the Yoast SEO plugin v27.3 - https:\/\/yoast.com\/product\/yoast-seo-wordpress\/ -->\n<title>No Final da Novela da Copa Neymar Ficar\u00e1 Com Bruna Marquezine ou Galv\u00e3o Bueno? | Blog do Guelmann<\/title>\n<meta name=\"robots\" content=\"index, follow, max-snippet:-1, max-image-preview:large, max-video-preview:-1\" \/>\n<link rel=\"canonical\" href=\"https:\/\/gersonguelmann.com.br\/blog\/no-final-da-novela-da-copa-neymar-ficara-com-bruna-marquezine-ou-galvao-bueno\/\" \/>\n<meta property=\"og:locale\" content=\"pt_BR\" \/>\n<meta property=\"og:type\" content=\"article\" \/>\n<meta property=\"og:title\" content=\"No Final da Novela da Copa Neymar Ficar\u00e1 Com Bruna Marquezine ou Galv\u00e3o Bueno? | Blog do Guelmann\" \/>\n<meta property=\"og:description\" content=\"As redes sociais foram inundadas nos \u00faltimos dias com as revela\u00e7\u00f5es do mal-estar criado entre Galv\u00e3o Bueno e o jogador Neymar Junior, que de &#8220;queridinho&#8221; do locutor teria passado a desafeto. Veja mat\u00e9ria que foi publicada h\u00e1 pouco no site Terra: BLOG SALA DE TV T\u00f4 de mal: briguinha de Galv\u00e3o e Neymar vira novela [&hellip;]\" \/>\n<meta property=\"og:url\" content=\"https:\/\/gersonguelmann.com.br\/blog\/no-final-da-novela-da-copa-neymar-ficara-com-bruna-marquezine-ou-galvao-bueno\/\" \/>\n<meta property=\"og:site_name\" content=\"Blog do Guelmann\" \/>\n<meta property=\"article:published_time\" content=\"2018-06-28T20:18:34+00:00\" \/>\n<meta property=\"og:image\" content=\"https:\/\/i0.wp.com\/gersonguelmann.com.br\/blog\/wp-content\/uploads\/2018\/06\/GN-1.jpg?fit=281%2C180&ssl=1\" \/>\n\t<meta property=\"og:image:width\" content=\"281\" \/>\n\t<meta property=\"og:image:height\" content=\"180\" \/>\n\t<meta property=\"og:image:type\" content=\"image\/jpeg\" \/>\n<meta name=\"author\" content=\"Gerson Guelmann\" \/>\n<meta name=\"twitter:card\" content=\"summary_large_image\" \/>\n<meta name=\"twitter:label1\" content=\"Escrito por\" \/>\n\t<meta name=\"twitter:data1\" content=\"Gerson Guelmann\" \/>\n\t<meta name=\"twitter:label2\" content=\"Est. tempo de leitura\" \/>\n\t<meta name=\"twitter:data2\" content=\"2 minutos\" \/>\n<script type=\"application\/ld+json\" class=\"yoast-schema-graph\">{\"@context\":\"https:\\\/\\\/schema.org\",\"@graph\":[{\"@type\":\"Article\",\"@id\":\"https:\\\/\\\/gersonguelmann.com.br\\\/blog\\\/no-final-da-novela-da-copa-neymar-ficara-com-bruna-marquezine-ou-galvao-bueno\\\/#article\",\"isPartOf\":{\"@id\":\"https:\\\/\\\/gersonguelmann.com.br\\\/blog\\\/no-final-da-novela-da-copa-neymar-ficara-com-bruna-marquezine-ou-galvao-bueno\\\/\"},\"author\":{\"name\":\"Gerson Guelmann\",\"@id\":\"https:\\\/\\\/gersonguelmann.com.br\\\/blog\\\/#\\\/schema\\\/person\\\/87e70e2a786888082f941a482c90569e\"},\"headline\":\"No Final da Novela da Copa Neymar Ficar\u00e1 Com Bruna Marquezine ou Galv\u00e3o Bueno?\",\"datePublished\":\"2018-06-28T20:18:34+00:00\",\"mainEntityOfPage\":{\"@id\":\"https:\\\/\\\/gersonguelmann.com.br\\\/blog\\\/no-final-da-novela-da-copa-neymar-ficara-com-bruna-marquezine-ou-galvao-bueno\\\/\"},\"wordCount\":396,\"commentCount\":0,\"image\":{\"@id\":\"https:\\\/\\\/gersonguelmann.com.br\\\/blog\\\/no-final-da-novela-da-copa-neymar-ficara-com-bruna-marquezine-ou-galvao-bueno\\\/#primaryimage\"},\"thumbnailUrl\":\"https:\\\/\\\/i0.wp.com\\\/gersonguelmann.com.br\\\/blog\\\/wp-content\\\/uploads\\\/2018\\\/06\\\/GN-1.jpg?fit=281%2C180&ssl=1\",\"inLanguage\":\"pt-BR\",\"potentialAction\":[{\"@type\":\"CommentAction\",\"name\":\"Comment\",\"target\":[\"https:\\\/\\\/gersonguelmann.com.br\\\/blog\\\/no-final-da-novela-da-copa-neymar-ficara-com-bruna-marquezine-ou-galvao-bueno\\\/#respond\"]}]},{\"@type\":\"WebPage\",\"@id\":\"https:\\\/\\\/gersonguelmann.com.br\\\/blog\\\/no-final-da-novela-da-copa-neymar-ficara-com-bruna-marquezine-ou-galvao-bueno\\\/\",\"url\":\"https:\\\/\\\/gersonguelmann.com.br\\\/blog\\\/no-final-da-novela-da-copa-neymar-ficara-com-bruna-marquezine-ou-galvao-bueno\\\/\",\"name\":\"No Final da Novela da Copa Neymar Ficar\u00e1 Com Bruna Marquezine ou Galv\u00e3o Bueno? | Blog do Guelmann\",\"isPartOf\":{\"@id\":\"https:\\\/\\\/gersonguelmann.com.br\\\/blog\\\/#website\"},\"primaryImageOfPage\":{\"@id\":\"https:\\\/\\\/gersonguelmann.com.br\\\/blog\\\/no-final-da-novela-da-copa-neymar-ficara-com-bruna-marquezine-ou-galvao-bueno\\\/#primaryimage\"},\"image\":{\"@id\":\"https:\\\/\\\/gersonguelmann.com.br\\\/blog\\\/no-final-da-novela-da-copa-neymar-ficara-com-bruna-marquezine-ou-galvao-bueno\\\/#primaryimage\"},\"thumbnailUrl\":\"https:\\\/\\\/i0.wp.com\\\/gersonguelmann.com.br\\\/blog\\\/wp-content\\\/uploads\\\/2018\\\/06\\\/GN-1.jpg?fit=281%2C180&ssl=1\",\"datePublished\":\"2018-06-28T20:18:34+00:00\",\"author\":{\"@id\":\"https:\\\/\\\/gersonguelmann.com.br\\\/blog\\\/#\\\/schema\\\/person\\\/87e70e2a786888082f941a482c90569e\"},\"inLanguage\":\"pt-BR\",\"potentialAction\":[{\"@type\":\"ReadAction\",\"target\":[\"https:\\\/\\\/gersonguelmann.com.br\\\/blog\\\/no-final-da-novela-da-copa-neymar-ficara-com-bruna-marquezine-ou-galvao-bueno\\\/\"]}]},{\"@type\":\"ImageObject\",\"inLanguage\":\"pt-BR\",\"@id\":\"https:\\\/\\\/gersonguelmann.com.br\\\/blog\\\/no-final-da-novela-da-copa-neymar-ficara-com-bruna-marquezine-ou-galvao-bueno\\\/#primaryimage\",\"url\":\"https:\\\/\\\/i0.wp.com\\\/gersonguelmann.com.br\\\/blog\\\/wp-content\\\/uploads\\\/2018\\\/06\\\/GN-1.jpg?fit=281%2C180&ssl=1\",\"contentUrl\":\"https:\\\/\\\/i0.wp.com\\\/gersonguelmann.com.br\\\/blog\\\/wp-content\\\/uploads\\\/2018\\\/06\\\/GN-1.jpg?fit=281%2C180&ssl=1\",\"width\":281,\"height\":180},{\"@type\":\"WebSite\",\"@id\":\"https:\\\/\\\/gersonguelmann.com.br\\\/blog\\\/#website\",\"url\":\"https:\\\/\\\/gersonguelmann.com.br\\\/blog\\\/\",\"name\":\"Blog do Guelmann\",\"description\":\"Pitadas da sabedoria e do humor judaicos, assuntos do momento e um pouco das hist\u00f3rias que vivi e testemunhei.\",\"potentialAction\":[{\"@type\":\"SearchAction\",\"target\":{\"@type\":\"EntryPoint\",\"urlTemplate\":\"https:\\\/\\\/gersonguelmann.com.br\\\/blog\\\/?s={search_term_string}\"},\"query-input\":{\"@type\":\"PropertyValueSpecification\",\"valueRequired\":true,\"valueName\":\"search_term_string\"}}],\"inLanguage\":\"pt-BR\"},{\"@type\":\"Person\",\"@id\":\"https:\\\/\\\/gersonguelmann.com.br\\\/blog\\\/#\\\/schema\\\/person\\\/87e70e2a786888082f941a482c90569e\",\"name\":\"Gerson Guelmann\",\"image\":{\"@type\":\"ImageObject\",\"inLanguage\":\"pt-BR\",\"@id\":\"https:\\\/\\\/i0.wp.com\\\/gersonguelmann.com.br\\\/blog\\\/wp-content\\\/uploads\\\/2021\\\/08\\\/BLOG.jpeg?fit=96%2C96&ssl=1\",\"url\":\"https:\\\/\\\/i0.wp.com\\\/gersonguelmann.com.br\\\/blog\\\/wp-content\\\/uploads\\\/2021\\\/08\\\/BLOG.jpeg?fit=96%2C96&ssl=1\",\"contentUrl\":\"https:\\\/\\\/i0.wp.com\\\/gersonguelmann.com.br\\\/blog\\\/wp-content\\\/uploads\\\/2021\\\/08\\\/BLOG.jpeg?fit=96%2C96&ssl=1\",\"caption\":\"Gerson Guelmann\"},\"description\":\"Pitadas da sabedoria e do humor judaicos, assuntos do momento e um pouco das hist\u00f3rias que vivi e testemunhei.\"}]}<\/script>\n<!-- \/ Yoast SEO plugin. -->","yoast_head_json":{"title":"No Final da Novela da Copa Neymar Ficar\u00e1 Com Bruna Marquezine ou Galv\u00e3o Bueno? | Blog do Guelmann","robots":{"index":"index","follow":"follow","max-snippet":"max-snippet:-1","max-image-preview":"max-image-preview:large","max-video-preview":"max-video-preview:-1"},"canonical":"https:\/\/gersonguelmann.com.br\/blog\/no-final-da-novela-da-copa-neymar-ficara-com-bruna-marquezine-ou-galvao-bueno\/","og_locale":"pt_BR","og_type":"article","og_title":"No Final da Novela da Copa Neymar Ficar\u00e1 Com Bruna Marquezine ou Galv\u00e3o Bueno? | Blog do Guelmann","og_description":"As redes sociais foram inundadas nos \u00faltimos dias com as revela\u00e7\u00f5es do mal-estar criado entre Galv\u00e3o Bueno e o jogador Neymar Junior, que de &#8220;queridinho&#8221; do locutor teria passado a desafeto. Veja mat\u00e9ria que foi publicada h\u00e1 pouco no site Terra: BLOG SALA DE TV T\u00f4 de mal: briguinha de Galv\u00e3o e Neymar vira novela [&hellip;]","og_url":"https:\/\/gersonguelmann.com.br\/blog\/no-final-da-novela-da-copa-neymar-ficara-com-bruna-marquezine-ou-galvao-bueno\/","og_site_name":"Blog do Guelmann","article_published_time":"2018-06-28T20:18:34+00:00","og_image":[{"width":281,"height":180,"url":"https:\/\/i0.wp.com\/gersonguelmann.com.br\/blog\/wp-content\/uploads\/2018\/06\/GN-1.jpg?fit=281%2C180&ssl=1","type":"image\/jpeg"}],"author":"Gerson Guelmann","twitter_card":"summary_large_image","twitter_misc":{"Escrito por":"Gerson Guelmann","Est. tempo de leitura":"2 minutos"},"schema":{"@context":"https:\/\/schema.org","@graph":[{"@type":"Article","@id":"https:\/\/gersonguelmann.com.br\/blog\/no-final-da-novela-da-copa-neymar-ficara-com-bruna-marquezine-ou-galvao-bueno\/#article","isPartOf":{"@id":"https:\/\/gersonguelmann.com.br\/blog\/no-final-da-novela-da-copa-neymar-ficara-com-bruna-marquezine-ou-galvao-bueno\/"},"author":{"name":"Gerson Guelmann","@id":"https:\/\/gersonguelmann.com.br\/blog\/#\/schema\/person\/87e70e2a786888082f941a482c90569e"},"headline":"No Final da Novela da Copa Neymar Ficar\u00e1 Com Bruna Marquezine ou Galv\u00e3o Bueno?","datePublished":"2018-06-28T20:18:34+00:00","mainEntityOfPage":{"@id":"https:\/\/gersonguelmann.com.br\/blog\/no-final-da-novela-da-copa-neymar-ficara-com-bruna-marquezine-ou-galvao-bueno\/"},"wordCount":396,"commentCount":0,"image":{"@id":"https:\/\/gersonguelmann.com.br\/blog\/no-final-da-novela-da-copa-neymar-ficara-com-bruna-marquezine-ou-galvao-bueno\/#primaryimage"},"thumbnailUrl":"https:\/\/i0.wp.com\/gersonguelmann.com.br\/blog\/wp-content\/uploads\/2018\/06\/GN-1.jpg?fit=281%2C180&ssl=1","inLanguage":"pt-BR","potentialAction":[{"@type":"CommentAction","name":"Comment","target":["https:\/\/gersonguelmann.com.br\/blog\/no-final-da-novela-da-copa-neymar-ficara-com-bruna-marquezine-ou-galvao-bueno\/#respond"]}]},{"@type":"WebPage","@id":"https:\/\/gersonguelmann.com.br\/blog\/no-final-da-novela-da-copa-neymar-ficara-com-bruna-marquezine-ou-galvao-bueno\/","url":"https:\/\/gersonguelmann.com.br\/blog\/no-final-da-novela-da-copa-neymar-ficara-com-bruna-marquezine-ou-galvao-bueno\/","name":"No Final da Novela da Copa Neymar Ficar\u00e1 Com Bruna Marquezine ou Galv\u00e3o Bueno? | Blog do Guelmann","isPartOf":{"@id":"https:\/\/gersonguelmann.com.br\/blog\/#website"},"primaryImageOfPage":{"@id":"https:\/\/gersonguelmann.com.br\/blog\/no-final-da-novela-da-copa-neymar-ficara-com-bruna-marquezine-ou-galvao-bueno\/#primaryimage"},"image":{"@id":"https:\/\/gersonguelmann.com.br\/blog\/no-final-da-novela-da-copa-neymar-ficara-com-bruna-marquezine-ou-galvao-bueno\/#primaryimage"},"thumbnailUrl":"https:\/\/i0.wp.com\/gersonguelmann.com.br\/blog\/wp-content\/uploads\/2018\/06\/GN-1.jpg?fit=281%2C180&ssl=1","datePublished":"2018-06-28T20:18:34+00:00","author":{"@id":"https:\/\/gersonguelmann.com.br\/blog\/#\/schema\/person\/87e70e2a786888082f941a482c90569e"},"inLanguage":"pt-BR","potentialAction":[{"@type":"ReadAction","target":["https:\/\/gersonguelmann.com.br\/blog\/no-final-da-novela-da-copa-neymar-ficara-com-bruna-marquezine-ou-galvao-bueno\/"]}]},{"@type":"ImageObject","inLanguage":"pt-BR","@id":"https:\/\/gersonguelmann.com.br\/blog\/no-final-da-novela-da-copa-neymar-ficara-com-bruna-marquezine-ou-galvao-bueno\/#primaryimage","url":"https:\/\/i0.wp.com\/gersonguelmann.com.br\/blog\/wp-content\/uploads\/2018\/06\/GN-1.jpg?fit=281%2C180&ssl=1","contentUrl":"https:\/\/i0.wp.com\/gersonguelmann.com.br\/blog\/wp-content\/uploads\/2018\/06\/GN-1.jpg?fit=281%2C180&ssl=1","width":281,"height":180},{"@type":"WebSite","@id":"https:\/\/gersonguelmann.com.br\/blog\/#website","url":"https:\/\/gersonguelmann.com.br\/blog\/","name":"Blog do Guelmann","description":"Pitadas da sabedoria e do humor judaicos, assuntos do momento e um pouco das hist\u00f3rias que vivi e testemunhei.","potentialAction":[{"@type":"SearchAction","target":{"@type":"EntryPoint","urlTemplate":"https:\/\/gersonguelmann.com.br\/blog\/?s={search_term_string}"},"query-input":{"@type":"PropertyValueSpecification","valueRequired":true,"valueName":"search_term_string"}}],"inLanguage":"pt-BR"},{"@type":"Person","@id":"https:\/\/gersonguelmann.com.br\/blog\/#\/schema\/person\/87e70e2a786888082f941a482c90569e","name":"Gerson Guelmann","image":{"@type":"ImageObject","inLanguage":"pt-BR","@id":"https:\/\/i0.wp.com\/gersonguelmann.com.br\/blog\/wp-content\/uploads\/2021\/08\/BLOG.jpeg?fit=96%2C96&ssl=1","url":"https:\/\/i0.wp.com\/gersonguelmann.com.br\/blog\/wp-content\/uploads\/2021\/08\/BLOG.jpeg?fit=96%2C96&ssl=1","contentUrl":"https:\/\/i0.wp.com\/gersonguelmann.com.br\/blog\/wp-content\/uploads\/2021\/08\/BLOG.jpeg?fit=96%2C96&ssl=1","caption":"Gerson Guelmann"},"description":"Pitadas da sabedoria e do humor judaicos, assuntos do momento e um pouco das hist\u00f3rias que vivi e testemunhei."}]}},"views":42,"jetpack_publicize_connections":[],"jetpack_featured_media_url":"https:\/\/i0.wp.com\/gersonguelmann.com.br\/blog\/wp-content\/uploads\/2018\/06\/GN-1.jpg?fit=281%2C180&ssl=1","jetpack_shortlink":"https:\/\/wp.me\/p96e7O-3Jr","jetpack-related-posts":[{"id":14251,"url":"https:\/\/gersonguelmann.com.br\/blog\/ex-colega-juninho-pernambucano-detona-galvao-bueno\/","url_meta":{"origin":14349,"position":0},"title":"Ex-Colega, Juninho Pernambucano Detona Galv\u00e3o Bueno","author":"Gerson Guelmann","date":"22 de junho de 2018","format":false,"excerpt":"Leia mat\u00e9ria publicada hoje, ap\u00f3s o jogo do Brasil contra Costa Rica, no site Superesportes: COPA 2018 Pela internet, Juninho Pernambucano apoia Neymar e detona Galv\u00e3o Bueno Ex-comentarista da Globo disse que 'Galv\u00e3o \u00e9 intoc\u00e1vel' e insinua que narrador coloca o torcedor contra o camisa 10 da Sele\u00e7\u00e3o Brasileira \u00a0Reda\u00e7\u00e3o\u2026","rel":"","context":"Em &quot;Sem categoria&quot;","block_context":{"text":"Sem categoria","link":"https:\/\/gersonguelmann.com.br\/blog\/category\/sem-categoria\/"},"img":{"alt_text":"","src":"https:\/\/i0.wp.com\/gersonguelmann.com.br\/blog\/wp-content\/uploads\/2018\/06\/download-8.jpg?resize=350%2C200&ssl=1","width":350,"height":200},"classes":[]},{"id":14435,"url":"https:\/\/gersonguelmann.com.br\/blog\/galvao-bueno-sendo-galvao-bueno\/","url_meta":{"origin":14349,"position":1},"title":"Galv\u00e3o Bueno Sendo Galv\u00e3o Bueno","author":"Gerson Guelmann","date":"3 de julho de 2018","format":false,"excerpt":"Quem n\u00e3o assistiu a cena \"ao vivo e \u00e0 cores\" pode ler o que aconteceu ontem em um dos jornais da Globo, quando Galv\u00e3o Bueno manifestou-se acerca da ta\u00e7a da Copa do Mundo que estava sendo mostrada pela jornalista\u00a0Sandra\u00a0Annenberg. Mat\u00e9ria publicada pelo site Donna: Mansplaining: Galv\u00e3o Bueno provoca pol\u00eamica nas\u2026","rel":"","context":"Em &quot;Sem categoria&quot;","block_context":{"text":"Sem categoria","link":"https:\/\/gersonguelmann.com.br\/blog\/category\/sem-categoria\/"},"img":{"alt_text":"","src":"https:\/\/i0.wp.com\/gersonguelmann.com.br\/blog\/wp-content\/uploads\/2018\/07\/fifa-world-cup-football-trophy-3d-model-low-poly-fbx-c4d-ma-mb.jpg?fit=1200%2C675&ssl=1&resize=350%2C200","width":350,"height":200,"srcset":"https:\/\/i0.wp.com\/gersonguelmann.com.br\/blog\/wp-content\/uploads\/2018\/07\/fifa-world-cup-football-trophy-3d-model-low-poly-fbx-c4d-ma-mb.jpg?fit=1200%2C675&ssl=1&resize=350%2C200 1x, https:\/\/i0.wp.com\/gersonguelmann.com.br\/blog\/wp-content\/uploads\/2018\/07\/fifa-world-cup-football-trophy-3d-model-low-poly-fbx-c4d-ma-mb.jpg?fit=1200%2C675&ssl=1&resize=525%2C300 1.5x, https:\/\/i0.wp.com\/gersonguelmann.com.br\/blog\/wp-content\/uploads\/2018\/07\/fifa-world-cup-football-trophy-3d-model-low-poly-fbx-c4d-ma-mb.jpg?fit=1200%2C675&ssl=1&resize=700%2C400 2x, https:\/\/i0.wp.com\/gersonguelmann.com.br\/blog\/wp-content\/uploads\/2018\/07\/fifa-world-cup-football-trophy-3d-model-low-poly-fbx-c4d-ma-mb.jpg?fit=1200%2C675&ssl=1&resize=1050%2C600 3x"},"classes":[]},{"id":9565,"url":"https:\/\/gersonguelmann.com.br\/blog\/o-dedo-de-um-jogador-comove-o-pais-inteiro\/","url_meta":{"origin":14349,"position":2},"title":"O Dedo de Um Jogador Comove o Pa\u00eds Inteiro","author":"Gerson Guelmann","date":"5 de mar\u00e7o de 2018","format":false,"excerpt":"Do Poeta popular Pedro Paulo Paulino, morador da Vila Campos, no interior de Canind\u00e9 (CE): \u00a0 \"O DEDO DE UM JOGADOR\u00a0COMOVE O PA\u00cdS INTEIRO\" \"Jornais, r\u00e1dio, internet, Canais de televis\u00e3o, A imprensa brasileira Volta completa aten\u00e7\u00e3o Para um fato aterrador: O dedo de um jogador Comove toda a na\u00e7\u00e3o. Dedo\u2026","rel":"","context":"Em &quot;Sem categoria&quot;","block_context":{"text":"Sem categoria","link":"https:\/\/gersonguelmann.com.br\/blog\/category\/sem-categoria\/"},"img":{"alt_text":"","src":"https:\/\/i0.wp.com\/gersonguelmann.com.br\/blog\/wp-content\/uploads\/2018\/03\/Neymar-300x164.jpg?resize=350%2C200&ssl=1","width":350,"height":200},"classes":[]},{"id":14150,"url":"https:\/\/gersonguelmann.com.br\/blog\/licao-para-os-comentaristas-da-tv-como-pronunciar-os-nomes-dos-jogadores-da-polonia\/","url_meta":{"origin":14349,"position":3},"title":"Li\u00e7\u00e3o Para os Comentaristas da TV:  Como Pronunciar os Nomes dos Jogadores da Pol\u00f4nia","author":"Gerson Guelmann","date":"20 de junho de 2018","format":false,"excerpt":"Recebi do Ulisses Iarochinski e compartilho um v\u00eddeo para quem quiser se aventurar na pron\u00fancia do nome dos jogadores polacos que est\u00e3o disputando a Copa do Mundo. \u00c9 uma pena que diante da derrota para o Senegal, ontem, as chances da Pol\u00f4nia diminu\u00edram muito, porque eu gostaria de ver como\u2026","rel":"","context":"Em &quot;Sem categoria&quot;","block_context":{"text":"Sem categoria","link":"https:\/\/gersonguelmann.com.br\/blog\/category\/sem-categoria\/"},"img":{"alt_text":"","src":"https:\/\/i0.wp.com\/gersonguelmann.com.br\/blog\/wp-content\/uploads\/2018\/06\/maxresdefault-2.jpg?fit=1200%2C675&ssl=1&resize=350%2C200","width":350,"height":200,"srcset":"https:\/\/i0.wp.com\/gersonguelmann.com.br\/blog\/wp-content\/uploads\/2018\/06\/maxresdefault-2.jpg?fit=1200%2C675&ssl=1&resize=350%2C200 1x, https:\/\/i0.wp.com\/gersonguelmann.com.br\/blog\/wp-content\/uploads\/2018\/06\/maxresdefault-2.jpg?fit=1200%2C675&ssl=1&resize=525%2C300 1.5x, https:\/\/i0.wp.com\/gersonguelmann.com.br\/blog\/wp-content\/uploads\/2018\/06\/maxresdefault-2.jpg?fit=1200%2C675&ssl=1&resize=700%2C400 2x, https:\/\/i0.wp.com\/gersonguelmann.com.br\/blog\/wp-content\/uploads\/2018\/06\/maxresdefault-2.jpg?fit=1200%2C675&ssl=1&resize=1050%2C600 3x"},"classes":[]},{"id":17068,"url":"https:\/\/gersonguelmann.com.br\/blog\/para-o-neymar-desgraca-pouca-e-bobagem\/","url_meta":{"origin":14349,"position":4},"title":"Para o Neymar, Desgra\u00e7a Pouca \u00e9 Bobagem","author":"Gerson Guelmann","date":"17 de junho de 2019","format":false,"excerpt":"Para Neymar parece mesmo que essa express\u00e3o \u00e9 absolutamente verdadeira. O jogador, que fez e continua fazendo enorme sucesso na carreira, est\u00e1 enfrentando uma fase tumultuada dentro e fora do futebol.\u00a0 No PSG, time onde joga atualmente, o clima azedou j\u00e1 h\u00e1 algum tempo. No quesito desempenho, devido a contus\u00f5es\u2026","rel":"","context":"Em &quot;Sem categoria&quot;","block_context":{"text":"Sem categoria","link":"https:\/\/gersonguelmann.com.br\/blog\/category\/sem-categoria\/"},"img":{"alt_text":"","src":"https:\/\/i0.wp.com\/gersonguelmann.com.br\/blog\/wp-content\/uploads\/2019\/06\/troubles.jpg?fit=960%2C635&ssl=1&resize=350%2C200","width":350,"height":200,"srcset":"https:\/\/i0.wp.com\/gersonguelmann.com.br\/blog\/wp-content\/uploads\/2019\/06\/troubles.jpg?fit=960%2C635&ssl=1&resize=350%2C200 1x, https:\/\/i0.wp.com\/gersonguelmann.com.br\/blog\/wp-content\/uploads\/2019\/06\/troubles.jpg?fit=960%2C635&ssl=1&resize=525%2C300 1.5x, https:\/\/i0.wp.com\/gersonguelmann.com.br\/blog\/wp-content\/uploads\/2019\/06\/troubles.jpg?fit=960%2C635&ssl=1&resize=700%2C400 2x"},"classes":[]},{"id":14237,"url":"https:\/\/gersonguelmann.com.br\/blog\/por-conta-do-cliente-cabeleireiros-de-neymar-curtem-a-russia-em-alto-estilo\/","url_meta":{"origin":14349,"position":5},"title":"Por Conta do Cliente, Cabeleireiros de Neymar Curtem a R\u00fassia Em Alto Estilo","author":"Gerson Guelmann","date":"22 de junho de 2018","format":false,"excerpt":"Reportagem publicada hoje no site Universa: Na R\u00fassia, cabeleireiros de Neymar curtem hotel de luxo e pontos tur\u00edsticos Da Universa - 22\/06\/2018 - 12h59 Para manter (e variar muito) o corte de cabelo durante a Copa, Neymar levou \"na mala\" dois cabeleireiros de confian\u00e7a: Da\u00edlson\u00a0\"Nariko\" dos Reis, seu amigo de\u2026","rel":"","context":"Em &quot;Sem categoria&quot;","block_context":{"text":"Sem categoria","link":"https:\/\/gersonguelmann.com.br\/blog\/category\/sem-categoria\/"},"img":{"alt_text":"","src":"https:\/\/i0.wp.com\/gersonguelmann.com.br\/blog\/wp-content\/uploads\/2018\/06\/Neymar.jpg?fit=1200%2C675&ssl=1&resize=350%2C200","width":350,"height":200,"srcset":"https:\/\/i0.wp.com\/gersonguelmann.com.br\/blog\/wp-content\/uploads\/2018\/06\/Neymar.jpg?fit=1200%2C675&ssl=1&resize=350%2C200 1x, https:\/\/i0.wp.com\/gersonguelmann.com.br\/blog\/wp-content\/uploads\/2018\/06\/Neymar.jpg?fit=1200%2C675&ssl=1&resize=525%2C300 1.5x, https:\/\/i0.wp.com\/gersonguelmann.com.br\/blog\/wp-content\/uploads\/2018\/06\/Neymar.jpg?fit=1200%2C675&ssl=1&resize=700%2C400 2x, https:\/\/i0.wp.com\/gersonguelmann.com.br\/blog\/wp-content\/uploads\/2018\/06\/Neymar.jpg?fit=1200%2C675&ssl=1&resize=1050%2C600 3x"},"classes":[]}],"jetpack_sharing_enabled":true,"post_mailing_queue_ids":[],"_links":{"self":[{"href":"https:\/\/gersonguelmann.com.br\/blog\/wp-json\/wp\/v2\/posts\/14349","targetHints":{"allow":["GET"]}}],"collection":[{"href":"https:\/\/gersonguelmann.com.br\/blog\/wp-json\/wp\/v2\/posts"}],"about":[{"href":"https:\/\/gersonguelmann.com.br\/blog\/wp-json\/wp\/v2\/types\/post"}],"author":[{"embeddable":true,"href":"https:\/\/gersonguelmann.com.br\/blog\/wp-json\/wp\/v2\/users\/5"}],"replies":[{"embeddable":true,"href":"https:\/\/gersonguelmann.com.br\/blog\/wp-json\/wp\/v2\/comments?post=14349"}],"version-history":[{"count":0,"href":"https:\/\/gersonguelmann.com.br\/blog\/wp-json\/wp\/v2\/posts\/14349\/revisions"}],"wp:featuredmedia":[{"embeddable":true,"href":"https:\/\/gersonguelmann.com.br\/blog\/wp-json\/wp\/v2\/media\/14353"}],"wp:attachment":[{"href":"https:\/\/gersonguelmann.com.br\/blog\/wp-json\/wp\/v2\/media?parent=14349"}],"wp:term":[{"taxonomy":"category","embeddable":true,"href":"https:\/\/gersonguelmann.com.br\/blog\/wp-json\/wp\/v2\/categories?post=14349"},{"taxonomy":"post_tag","embeddable":true,"href":"https:\/\/gersonguelmann.com.br\/blog\/wp-json\/wp\/v2\/tags?post=14349"}],"curies":[{"name":"wp","href":"https:\/\/api.w.org\/{rel}","templated":true}]}}