    {"id":14363,"date":"2018-06-28T22:37:40","date_gmt":"2018-06-29T01:37:40","guid":{"rendered":"https:\/\/gersonguelmann.com.br\/blog\/?p=14363"},"modified":"2018-06-28T22:37:40","modified_gmt":"2018-06-29T01:37:40","slug":"a-copa-do-mundo-faz-uma-pausa-mas-amanha-tem-futebol-espetaculo","status":"publish","type":"post","link":"https:\/\/gersonguelmann.com.br\/blog\/a-copa-do-mundo-faz-uma-pausa-mas-amanha-tem-futebol-espetaculo\/","title":{"rendered":"A Copa do Mundo Faz Uma Pausa, Mas Amanh\u00e3 Tem Futebol Espet\u00e1culo"},"content":{"rendered":"<p><span style=\"font-family: georgia, palatino, serif; font-size: 18pt; color: #000000;\">Felizmente, gra\u00e7as ao discernimento da FIFA, amanh\u00e3 a Copa do Mundo far\u00e1 uma pausa, para que o Mundo possa assistir o jogo do meu Coxa, que enfrentar\u00e1 a valorosa equipe do CSA em Macei\u00f3 (AL).<\/span><\/p>\n<p><span style=\"font-family: georgia, palatino, serif; font-size: 18pt; color: #000000;\">A partida ser\u00e1 realizada no est\u00e1dio Rei Pel\u00e9, conhecido como Trapich\u00e3o, com in\u00edcio previsto para as 18h.<\/span><\/p>\n<p><span style=\"font-family: georgia, palatino, serif; font-size: 18pt; color: #000000;\">Acredito que o hor\u00e1rio tenha sido marcado para permitir que os t\u00e9cnicos das sele\u00e7\u00f5es que est\u00e3o na R\u00fassia possam acompanhar a partida pela TV e assistir o verdadeiro\u00a0 futebol.<\/span><\/p>\n<p><span style=\"font-family: georgia, palatino, serif; font-size: 18pt; color: #000000;\">Quando o teu time est\u00e1 na s\u00e9rie B voc\u00ea precisa ter bom humor.<\/span><\/p>\n<p style=\"text-align: center;\"><img data-recalc-dims=\"1\" fetchpriority=\"high\" decoding=\"async\" data-attachment-id=\"14364\" data-permalink=\"https:\/\/gersonguelmann.com.br\/blog\/a-copa-do-mundo-faz-uma-pausa-mas-amanha-tem-futebol-espetaculo\/coxa-8\/\" data-orig-file=\"https:\/\/i0.wp.com\/gersonguelmann.com.br\/blog\/wp-content\/uploads\/2018\/06\/Coxa.jpg?fit=550%2C350&amp;ssl=1\" data-orig-size=\"550,350\" data-comments-opened=\"1\" data-image-meta=\"{&quot;aperture&quot;:&quot;0&quot;,&quot;credit&quot;:&quot;&quot;,&quot;camera&quot;:&quot;&quot;,&quot;caption&quot;:&quot;&quot;,&quot;created_timestamp&quot;:&quot;0&quot;,&quot;copyright&quot;:&quot;&quot;,&quot;focal_length&quot;:&quot;0&quot;,&quot;iso&quot;:&quot;0&quot;,&quot;shutter_speed&quot;:&quot;0&quot;,&quot;title&quot;:&quot;&quot;,&quot;orientation&quot;:&quot;0&quot;}\" data-image-title=\"Coxa\" data-image-description=\"\" data-image-caption=\"\" data-medium-file=\"https:\/\/i0.wp.com\/gersonguelmann.com.br\/blog\/wp-content\/uploads\/2018\/06\/Coxa.jpg?fit=300%2C191&amp;ssl=1\" data-large-file=\"https:\/\/i0.wp.com\/gersonguelmann.com.br\/blog\/wp-content\/uploads\/2018\/06\/Coxa.jpg?fit=550%2C350&amp;ssl=1\" class=\"alignnone size-medium wp-image-14364\" src=\"https:\/\/i0.wp.com\/gersonguelmann.com.br\/blog\/wp-content\/uploads\/2018\/06\/Coxa.jpg?resize=300%2C191&#038;ssl=1\" alt=\"\" width=\"300\" height=\"191\" srcset=\"https:\/\/i0.wp.com\/gersonguelmann.com.br\/blog\/wp-content\/uploads\/2018\/06\/Coxa.jpg?resize=300%2C191&amp;ssl=1 300w, https:\/\/i0.wp.com\/gersonguelmann.com.br\/blog\/wp-content\/uploads\/2018\/06\/Coxa.jpg?w=550&amp;ssl=1 550w\" sizes=\"(max-width: 300px) 100vw, 300px\" \/><\/p>\n","protected":false},"excerpt":{"rendered":"<p>Felizmente, gra\u00e7as ao discernimento da FIFA, amanh\u00e3 a Copa do Mundo far\u00e1 uma pausa, para que o Mundo possa assistir o jogo do meu Coxa, que enfrentar\u00e1 a valorosa equipe do CSA em Macei\u00f3 (AL). A partida ser\u00e1 realizada no est\u00e1dio Rei Pel\u00e9, conhecido como Trapich\u00e3o, com in\u00edcio previsto para as 18h. Acredito que o [&hellip;]<\/p>\n","protected":false},"author":5,"featured_media":14364,"comment_status":"open","ping_status":"open","sticky":false,"template":"","format":"standard","meta":{"_acf_changed":false,"jetpack_post_was_ever_published":false,"_jetpack_newsletter_access":"","_jetpack_dont_email_post_to_subs":false,"_jetpack_newsletter_tier_id":0,"_jetpack_memberships_contains_paywalled_content":false,"_jetpack_memberships_contains_paid_content":false,"footnotes":"","jetpack_publicize_message":"","jetpack_publicize_feature_enabled":true,"jetpack_social_post_already_shared":true,"jetpack_social_options":{"image_generator_settings":{"template":"highway","default_image_id":0,"font":"","enabled":false},"version":2}},"categories":[1],"tags":[],"class_list":["post-14363","post","type-post","status-publish","format-standard","has-post-thumbnail","hentry","category-sem-categoria"],"acf":[],"yoast_head":"<!-- This site is optimized with the Yoast SEO plugin v27.3 - https:\/\/yoast.com\/product\/yoast-seo-wordpress\/ -->\n<title>A Copa do Mundo Faz Uma Pausa, Mas Amanh\u00e3 Tem Futebol Espet\u00e1culo | Blog do Guelmann<\/title>\n<meta name=\"robots\" content=\"index, follow, max-snippet:-1, max-image-preview:large, max-video-preview:-1\" \/>\n<link rel=\"canonical\" href=\"https:\/\/gersonguelmann.com.br\/blog\/a-copa-do-mundo-faz-uma-pausa-mas-amanha-tem-futebol-espetaculo\/\" \/>\n<meta property=\"og:locale\" content=\"pt_BR\" \/>\n<meta property=\"og:type\" content=\"article\" \/>\n<meta property=\"og:title\" content=\"A Copa do Mundo Faz Uma Pausa, Mas Amanh\u00e3 Tem Futebol Espet\u00e1culo | Blog do Guelmann\" \/>\n<meta property=\"og:description\" content=\"Felizmente, gra\u00e7as ao discernimento da FIFA, amanh\u00e3 a Copa do Mundo far\u00e1 uma pausa, para que o Mundo possa assistir o jogo do meu Coxa, que enfrentar\u00e1 a valorosa equipe do CSA em Macei\u00f3 (AL). A partida ser\u00e1 realizada no est\u00e1dio Rei Pel\u00e9, conhecido como Trapich\u00e3o, com in\u00edcio previsto para as 18h. Acredito que o [&hellip;]\" \/>\n<meta property=\"og:url\" content=\"https:\/\/gersonguelmann.com.br\/blog\/a-copa-do-mundo-faz-uma-pausa-mas-amanha-tem-futebol-espetaculo\/\" \/>\n<meta property=\"og:site_name\" content=\"Blog do Guelmann\" \/>\n<meta property=\"article:published_time\" content=\"2018-06-29T01:37:40+00:00\" \/>\n<meta property=\"og:image\" content=\"https:\/\/i0.wp.com\/gersonguelmann.com.br\/blog\/wp-content\/uploads\/2018\/06\/Coxa.jpg?fit=550%2C350&ssl=1\" \/>\n\t<meta property=\"og:image:width\" content=\"550\" \/>\n\t<meta property=\"og:image:height\" content=\"350\" \/>\n\t<meta property=\"og:image:type\" content=\"image\/jpeg\" \/>\n<meta name=\"author\" content=\"Gerson Guelmann\" \/>\n<meta name=\"twitter:card\" content=\"summary_large_image\" \/>\n<meta name=\"twitter:label1\" content=\"Escrito por\" \/>\n\t<meta name=\"twitter:data1\" content=\"Gerson Guelmann\" \/>\n\t<meta name=\"twitter:label2\" content=\"Est. tempo de leitura\" \/>\n\t<meta name=\"twitter:data2\" content=\"1 minuto\" \/>\n<script type=\"application\/ld+json\" class=\"yoast-schema-graph\">{\"@context\":\"https:\\\/\\\/schema.org\",\"@graph\":[{\"@type\":\"Article\",\"@id\":\"https:\\\/\\\/gersonguelmann.com.br\\\/blog\\\/a-copa-do-mundo-faz-uma-pausa-mas-amanha-tem-futebol-espetaculo\\\/#article\",\"isPartOf\":{\"@id\":\"https:\\\/\\\/gersonguelmann.com.br\\\/blog\\\/a-copa-do-mundo-faz-uma-pausa-mas-amanha-tem-futebol-espetaculo\\\/\"},\"author\":{\"name\":\"Gerson Guelmann\",\"@id\":\"https:\\\/\\\/gersonguelmann.com.br\\\/blog\\\/#\\\/schema\\\/person\\\/87e70e2a786888082f941a482c90569e\"},\"headline\":\"A Copa do Mundo Faz Uma Pausa, Mas Amanh\u00e3 Tem Futebol Espet\u00e1culo\",\"datePublished\":\"2018-06-29T01:37:40+00:00\",\"mainEntityOfPage\":{\"@id\":\"https:\\\/\\\/gersonguelmann.com.br\\\/blog\\\/a-copa-do-mundo-faz-uma-pausa-mas-amanha-tem-futebol-espetaculo\\\/\"},\"wordCount\":117,\"commentCount\":0,\"image\":{\"@id\":\"https:\\\/\\\/gersonguelmann.com.br\\\/blog\\\/a-copa-do-mundo-faz-uma-pausa-mas-amanha-tem-futebol-espetaculo\\\/#primaryimage\"},\"thumbnailUrl\":\"https:\\\/\\\/i0.wp.com\\\/gersonguelmann.com.br\\\/blog\\\/wp-content\\\/uploads\\\/2018\\\/06\\\/Coxa.jpg?fit=550%2C350&ssl=1\",\"inLanguage\":\"pt-BR\",\"potentialAction\":[{\"@type\":\"CommentAction\",\"name\":\"Comment\",\"target\":[\"https:\\\/\\\/gersonguelmann.com.br\\\/blog\\\/a-copa-do-mundo-faz-uma-pausa-mas-amanha-tem-futebol-espetaculo\\\/#respond\"]}]},{\"@type\":\"WebPage\",\"@id\":\"https:\\\/\\\/gersonguelmann.com.br\\\/blog\\\/a-copa-do-mundo-faz-uma-pausa-mas-amanha-tem-futebol-espetaculo\\\/\",\"url\":\"https:\\\/\\\/gersonguelmann.com.br\\\/blog\\\/a-copa-do-mundo-faz-uma-pausa-mas-amanha-tem-futebol-espetaculo\\\/\",\"name\":\"A Copa do Mundo Faz Uma Pausa, Mas Amanh\u00e3 Tem Futebol Espet\u00e1culo | Blog do Guelmann\",\"isPartOf\":{\"@id\":\"https:\\\/\\\/gersonguelmann.com.br\\\/blog\\\/#website\"},\"primaryImageOfPage\":{\"@id\":\"https:\\\/\\\/gersonguelmann.com.br\\\/blog\\\/a-copa-do-mundo-faz-uma-pausa-mas-amanha-tem-futebol-espetaculo\\\/#primaryimage\"},\"image\":{\"@id\":\"https:\\\/\\\/gersonguelmann.com.br\\\/blog\\\/a-copa-do-mundo-faz-uma-pausa-mas-amanha-tem-futebol-espetaculo\\\/#primaryimage\"},\"thumbnailUrl\":\"https:\\\/\\\/i0.wp.com\\\/gersonguelmann.com.br\\\/blog\\\/wp-content\\\/uploads\\\/2018\\\/06\\\/Coxa.jpg?fit=550%2C350&ssl=1\",\"datePublished\":\"2018-06-29T01:37:40+00:00\",\"author\":{\"@id\":\"https:\\\/\\\/gersonguelmann.com.br\\\/blog\\\/#\\\/schema\\\/person\\\/87e70e2a786888082f941a482c90569e\"},\"inLanguage\":\"pt-BR\",\"potentialAction\":[{\"@type\":\"ReadAction\",\"target\":[\"https:\\\/\\\/gersonguelmann.com.br\\\/blog\\\/a-copa-do-mundo-faz-uma-pausa-mas-amanha-tem-futebol-espetaculo\\\/\"]}]},{\"@type\":\"ImageObject\",\"inLanguage\":\"pt-BR\",\"@id\":\"https:\\\/\\\/gersonguelmann.com.br\\\/blog\\\/a-copa-do-mundo-faz-uma-pausa-mas-amanha-tem-futebol-espetaculo\\\/#primaryimage\",\"url\":\"https:\\\/\\\/i0.wp.com\\\/gersonguelmann.com.br\\\/blog\\\/wp-content\\\/uploads\\\/2018\\\/06\\\/Coxa.jpg?fit=550%2C350&ssl=1\",\"contentUrl\":\"https:\\\/\\\/i0.wp.com\\\/gersonguelmann.com.br\\\/blog\\\/wp-content\\\/uploads\\\/2018\\\/06\\\/Coxa.jpg?fit=550%2C350&ssl=1\",\"width\":550,\"height\":350},{\"@type\":\"WebSite\",\"@id\":\"https:\\\/\\\/gersonguelmann.com.br\\\/blog\\\/#website\",\"url\":\"https:\\\/\\\/gersonguelmann.com.br\\\/blog\\\/\",\"name\":\"Blog do Guelmann\",\"description\":\"Pitadas da sabedoria e do humor judaicos, assuntos do momento e um pouco das hist\u00f3rias que vivi e testemunhei.\",\"potentialAction\":[{\"@type\":\"SearchAction\",\"target\":{\"@type\":\"EntryPoint\",\"urlTemplate\":\"https:\\\/\\\/gersonguelmann.com.br\\\/blog\\\/?s={search_term_string}\"},\"query-input\":{\"@type\":\"PropertyValueSpecification\",\"valueRequired\":true,\"valueName\":\"search_term_string\"}}],\"inLanguage\":\"pt-BR\"},{\"@type\":\"Person\",\"@id\":\"https:\\\/\\\/gersonguelmann.com.br\\\/blog\\\/#\\\/schema\\\/person\\\/87e70e2a786888082f941a482c90569e\",\"name\":\"Gerson Guelmann\",\"image\":{\"@type\":\"ImageObject\",\"inLanguage\":\"pt-BR\",\"@id\":\"https:\\\/\\\/i0.wp.com\\\/gersonguelmann.com.br\\\/blog\\\/wp-content\\\/uploads\\\/2021\\\/08\\\/BLOG.jpeg?fit=96%2C96&ssl=1\",\"url\":\"https:\\\/\\\/i0.wp.com\\\/gersonguelmann.com.br\\\/blog\\\/wp-content\\\/uploads\\\/2021\\\/08\\\/BLOG.jpeg?fit=96%2C96&ssl=1\",\"contentUrl\":\"https:\\\/\\\/i0.wp.com\\\/gersonguelmann.com.br\\\/blog\\\/wp-content\\\/uploads\\\/2021\\\/08\\\/BLOG.jpeg?fit=96%2C96&ssl=1\",\"caption\":\"Gerson Guelmann\"},\"description\":\"Pitadas da sabedoria e do humor judaicos, assuntos do momento e um pouco das hist\u00f3rias que vivi e testemunhei.\"}]}<\/script>\n<!-- \/ Yoast SEO plugin. -->","yoast_head_json":{"title":"A Copa do Mundo Faz Uma Pausa, Mas Amanh\u00e3 Tem Futebol Espet\u00e1culo | Blog do Guelmann","robots":{"index":"index","follow":"follow","max-snippet":"max-snippet:-1","max-image-preview":"max-image-preview:large","max-video-preview":"max-video-preview:-1"},"canonical":"https:\/\/gersonguelmann.com.br\/blog\/a-copa-do-mundo-faz-uma-pausa-mas-amanha-tem-futebol-espetaculo\/","og_locale":"pt_BR","og_type":"article","og_title":"A Copa do Mundo Faz Uma Pausa, Mas Amanh\u00e3 Tem Futebol Espet\u00e1culo | Blog do Guelmann","og_description":"Felizmente, gra\u00e7as ao discernimento da FIFA, amanh\u00e3 a Copa do Mundo far\u00e1 uma pausa, para que o Mundo possa assistir o jogo do meu Coxa, que enfrentar\u00e1 a valorosa equipe do CSA em Macei\u00f3 (AL). A partida ser\u00e1 realizada no est\u00e1dio Rei Pel\u00e9, conhecido como Trapich\u00e3o, com in\u00edcio previsto para as 18h. Acredito que o [&hellip;]","og_url":"https:\/\/gersonguelmann.com.br\/blog\/a-copa-do-mundo-faz-uma-pausa-mas-amanha-tem-futebol-espetaculo\/","og_site_name":"Blog do Guelmann","article_published_time":"2018-06-29T01:37:40+00:00","og_image":[{"width":550,"height":350,"url":"https:\/\/i0.wp.com\/gersonguelmann.com.br\/blog\/wp-content\/uploads\/2018\/06\/Coxa.jpg?fit=550%2C350&ssl=1","type":"image\/jpeg"}],"author":"Gerson Guelmann","twitter_card":"summary_large_image","twitter_misc":{"Escrito por":"Gerson Guelmann","Est. tempo de leitura":"1 minuto"},"schema":{"@context":"https:\/\/schema.org","@graph":[{"@type":"Article","@id":"https:\/\/gersonguelmann.com.br\/blog\/a-copa-do-mundo-faz-uma-pausa-mas-amanha-tem-futebol-espetaculo\/#article","isPartOf":{"@id":"https:\/\/gersonguelmann.com.br\/blog\/a-copa-do-mundo-faz-uma-pausa-mas-amanha-tem-futebol-espetaculo\/"},"author":{"name":"Gerson Guelmann","@id":"https:\/\/gersonguelmann.com.br\/blog\/#\/schema\/person\/87e70e2a786888082f941a482c90569e"},"headline":"A Copa do Mundo Faz Uma Pausa, Mas Amanh\u00e3 Tem Futebol Espet\u00e1culo","datePublished":"2018-06-29T01:37:40+00:00","mainEntityOfPage":{"@id":"https:\/\/gersonguelmann.com.br\/blog\/a-copa-do-mundo-faz-uma-pausa-mas-amanha-tem-futebol-espetaculo\/"},"wordCount":117,"commentCount":0,"image":{"@id":"https:\/\/gersonguelmann.com.br\/blog\/a-copa-do-mundo-faz-uma-pausa-mas-amanha-tem-futebol-espetaculo\/#primaryimage"},"thumbnailUrl":"https:\/\/i0.wp.com\/gersonguelmann.com.br\/blog\/wp-content\/uploads\/2018\/06\/Coxa.jpg?fit=550%2C350&ssl=1","inLanguage":"pt-BR","potentialAction":[{"@type":"CommentAction","name":"Comment","target":["https:\/\/gersonguelmann.com.br\/blog\/a-copa-do-mundo-faz-uma-pausa-mas-amanha-tem-futebol-espetaculo\/#respond"]}]},{"@type":"WebPage","@id":"https:\/\/gersonguelmann.com.br\/blog\/a-copa-do-mundo-faz-uma-pausa-mas-amanha-tem-futebol-espetaculo\/","url":"https:\/\/gersonguelmann.com.br\/blog\/a-copa-do-mundo-faz-uma-pausa-mas-amanha-tem-futebol-espetaculo\/","name":"A Copa do Mundo Faz Uma Pausa, Mas Amanh\u00e3 Tem Futebol Espet\u00e1culo | Blog do Guelmann","isPartOf":{"@id":"https:\/\/gersonguelmann.com.br\/blog\/#website"},"primaryImageOfPage":{"@id":"https:\/\/gersonguelmann.com.br\/blog\/a-copa-do-mundo-faz-uma-pausa-mas-amanha-tem-futebol-espetaculo\/#primaryimage"},"image":{"@id":"https:\/\/gersonguelmann.com.br\/blog\/a-copa-do-mundo-faz-uma-pausa-mas-amanha-tem-futebol-espetaculo\/#primaryimage"},"thumbnailUrl":"https:\/\/i0.wp.com\/gersonguelmann.com.br\/blog\/wp-content\/uploads\/2018\/06\/Coxa.jpg?fit=550%2C350&ssl=1","datePublished":"2018-06-29T01:37:40+00:00","author":{"@id":"https:\/\/gersonguelmann.com.br\/blog\/#\/schema\/person\/87e70e2a786888082f941a482c90569e"},"inLanguage":"pt-BR","potentialAction":[{"@type":"ReadAction","target":["https:\/\/gersonguelmann.com.br\/blog\/a-copa-do-mundo-faz-uma-pausa-mas-amanha-tem-futebol-espetaculo\/"]}]},{"@type":"ImageObject","inLanguage":"pt-BR","@id":"https:\/\/gersonguelmann.com.br\/blog\/a-copa-do-mundo-faz-uma-pausa-mas-amanha-tem-futebol-espetaculo\/#primaryimage","url":"https:\/\/i0.wp.com\/gersonguelmann.com.br\/blog\/wp-content\/uploads\/2018\/06\/Coxa.jpg?fit=550%2C350&ssl=1","contentUrl":"https:\/\/i0.wp.com\/gersonguelmann.com.br\/blog\/wp-content\/uploads\/2018\/06\/Coxa.jpg?fit=550%2C350&ssl=1","width":550,"height":350},{"@type":"WebSite","@id":"https:\/\/gersonguelmann.com.br\/blog\/#website","url":"https:\/\/gersonguelmann.com.br\/blog\/","name":"Blog do Guelmann","description":"Pitadas da sabedoria e do humor judaicos, assuntos do momento e um pouco das hist\u00f3rias que vivi e testemunhei.","potentialAction":[{"@type":"SearchAction","target":{"@type":"EntryPoint","urlTemplate":"https:\/\/gersonguelmann.com.br\/blog\/?s={search_term_string}"},"query-input":{"@type":"PropertyValueSpecification","valueRequired":true,"valueName":"search_term_string"}}],"inLanguage":"pt-BR"},{"@type":"Person","@id":"https:\/\/gersonguelmann.com.br\/blog\/#\/schema\/person\/87e70e2a786888082f941a482c90569e","name":"Gerson Guelmann","image":{"@type":"ImageObject","inLanguage":"pt-BR","@id":"https:\/\/i0.wp.com\/gersonguelmann.com.br\/blog\/wp-content\/uploads\/2021\/08\/BLOG.jpeg?fit=96%2C96&ssl=1","url":"https:\/\/i0.wp.com\/gersonguelmann.com.br\/blog\/wp-content\/uploads\/2021\/08\/BLOG.jpeg?fit=96%2C96&ssl=1","contentUrl":"https:\/\/i0.wp.com\/gersonguelmann.com.br\/blog\/wp-content\/uploads\/2021\/08\/BLOG.jpeg?fit=96%2C96&ssl=1","caption":"Gerson Guelmann"},"description":"Pitadas da sabedoria e do humor judaicos, assuntos do momento e um pouco das hist\u00f3rias que vivi e testemunhei."}]}},"views":76,"jetpack_publicize_connections":[],"jetpack_featured_media_url":"https:\/\/i0.wp.com\/gersonguelmann.com.br\/blog\/wp-content\/uploads\/2018\/06\/Coxa.jpg?fit=550%2C350&ssl=1","jetpack_shortlink":"https:\/\/wp.me\/p96e7O-3JF","jetpack-related-posts":[{"id":11227,"url":"https:\/\/gersonguelmann.com.br\/blog\/momento-magico-do-futebol\/","url_meta":{"origin":14363,"position":0},"title":"Momento M\u00e1gico do Futebol","author":"Gerson Guelmann","date":"4 de abril de 2018","format":false,"excerpt":"Ao assistir a repeti\u00e7\u00e3o do bel\u00edssimo gol do Cristiano Ronaldo, pensei na felicidade dos que estavam no est\u00e1dio ontem e puderam testemunhar a atua\u00e7\u00e3o, que passar\u00e1 para a hist\u00f3ria como um desses momentos m\u00e1gicos do futebol. Em tempos de instantaneidade e massifica\u00e7\u00e3o da informa\u00e7\u00e3o a gente chega a imaginar que\u2026","rel":"","context":"Em &quot;Sem categoria&quot;","block_context":{"text":"Sem categoria","link":"https:\/\/gersonguelmann.com.br\/blog\/category\/sem-categoria\/"},"img":{"alt_text":"","src":"https:\/\/i0.wp.com\/gersonguelmann.com.br\/blog\/wp-content\/uploads\/2018\/04\/CR-1-300x168.jpg?resize=350%2C200&ssl=1","width":350,"height":200},"classes":[]},{"id":14528,"url":"https:\/\/gersonguelmann.com.br\/blog\/os-mais-temiveis-adversarios-do-brasil-na-copa-do-mundo\/","url_meta":{"origin":14363,"position":1},"title":"Os Mais Tem\u00edveis Advers\u00e1rios do Brasil na Copa do Mundo","author":"Gerson Guelmann","date":"5 de julho de 2018","format":false,"excerpt":"Jo\u00e3o Mendon\u00e7a Falc\u00e3o (1918-1997) foi um pol\u00edtico paulista e\u00a0tamb\u00e9m presidente da Federa\u00e7\u00e3o Paulista de Futebol.\u00a0 De fam\u00edlia humilde e pouca instru\u00e7\u00e3o, foi motorneiro de bondes da antiga CMTC, a Companhia Municipal de Transportes Coletivos de S\u00e3o Paulo, e chegou a ser prefeito de Guarulhos, deputado estadual e federal. Na condi\u00e7\u00e3o\u2026","rel":"","context":"Em &quot;Sem categoria&quot;","block_context":{"text":"Sem categoria","link":"https:\/\/gersonguelmann.com.br\/blog\/category\/sem-categoria\/"},"img":{"alt_text":"","src":"https:\/\/i0.wp.com\/gersonguelmann.com.br\/blog\/wp-content\/uploads\/2018\/07\/2018-300x151.jpg?resize=350%2C200&ssl=1","width":350,"height":200},"classes":[]},{"id":14435,"url":"https:\/\/gersonguelmann.com.br\/blog\/galvao-bueno-sendo-galvao-bueno\/","url_meta":{"origin":14363,"position":2},"title":"Galv\u00e3o Bueno Sendo Galv\u00e3o Bueno","author":"Gerson Guelmann","date":"3 de julho de 2018","format":false,"excerpt":"Quem n\u00e3o assistiu a cena \"ao vivo e \u00e0 cores\" pode ler o que aconteceu ontem em um dos jornais da Globo, quando Galv\u00e3o Bueno manifestou-se acerca da ta\u00e7a da Copa do Mundo que estava sendo mostrada pela jornalista\u00a0Sandra\u00a0Annenberg. Mat\u00e9ria publicada pelo site Donna: Mansplaining: Galv\u00e3o Bueno provoca pol\u00eamica nas\u2026","rel":"","context":"Em &quot;Sem categoria&quot;","block_context":{"text":"Sem categoria","link":"https:\/\/gersonguelmann.com.br\/blog\/category\/sem-categoria\/"},"img":{"alt_text":"","src":"https:\/\/i0.wp.com\/gersonguelmann.com.br\/blog\/wp-content\/uploads\/2018\/07\/fifa-world-cup-football-trophy-3d-model-low-poly-fbx-c4d-ma-mb.jpg?fit=1200%2C675&ssl=1&resize=350%2C200","width":350,"height":200,"srcset":"https:\/\/i0.wp.com\/gersonguelmann.com.br\/blog\/wp-content\/uploads\/2018\/07\/fifa-world-cup-football-trophy-3d-model-low-poly-fbx-c4d-ma-mb.jpg?fit=1200%2C675&ssl=1&resize=350%2C200 1x, https:\/\/i0.wp.com\/gersonguelmann.com.br\/blog\/wp-content\/uploads\/2018\/07\/fifa-world-cup-football-trophy-3d-model-low-poly-fbx-c4d-ma-mb.jpg?fit=1200%2C675&ssl=1&resize=525%2C300 1.5x, https:\/\/i0.wp.com\/gersonguelmann.com.br\/blog\/wp-content\/uploads\/2018\/07\/fifa-world-cup-football-trophy-3d-model-low-poly-fbx-c4d-ma-mb.jpg?fit=1200%2C675&ssl=1&resize=700%2C400 2x, https:\/\/i0.wp.com\/gersonguelmann.com.br\/blog\/wp-content\/uploads\/2018\/07\/fifa-world-cup-football-trophy-3d-model-low-poly-fbx-c4d-ma-mb.jpg?fit=1200%2C675&ssl=1&resize=1050%2C600 3x"},"classes":[]},{"id":13882,"url":"https:\/\/gersonguelmann.com.br\/blog\/voce-torce-contra-a-selecao-saiba-que-nao-esta-sozinho\/","url_meta":{"origin":14363,"position":3},"title":"Voc\u00ea Torce Contra a Sele\u00e7\u00e3o? Saiba Que N\u00e3o Est\u00e1 Sozinho!","author":"Gerson Guelmann","date":"12 de junho de 2018","format":false,"excerpt":"Boa mat\u00e9ria do El Pa\u00eds, publicada ontem: COPA DO MUNDO R\u00daSSIA 2018 Por que tanta gente torce contra a sele\u00e7\u00e3o No pa\u00eds do futebol, um batalh\u00e3o promete secar o Brasil na Copa pelos mais diversos motivos, que nada t\u00eam a ver com antipatriotismo S\u00e3o Paulo\u00a012 JUN 2018 - 00:37 CEST\u2026","rel":"","context":"Em &quot;Sem categoria&quot;","block_context":{"text":"Sem categoria","link":"https:\/\/gersonguelmann.com.br\/blog\/category\/sem-categoria\/"},"img":{"alt_text":"","src":"https:\/\/i0.wp.com\/gersonguelmann.com.br\/blog\/wp-content\/uploads\/2018\/06\/Copa.jpg?fit=1200%2C747&ssl=1&resize=350%2C200","width":350,"height":200,"srcset":"https:\/\/i0.wp.com\/gersonguelmann.com.br\/blog\/wp-content\/uploads\/2018\/06\/Copa.jpg?fit=1200%2C747&ssl=1&resize=350%2C200 1x, https:\/\/i0.wp.com\/gersonguelmann.com.br\/blog\/wp-content\/uploads\/2018\/06\/Copa.jpg?fit=1200%2C747&ssl=1&resize=525%2C300 1.5x, https:\/\/i0.wp.com\/gersonguelmann.com.br\/blog\/wp-content\/uploads\/2018\/06\/Copa.jpg?fit=1200%2C747&ssl=1&resize=700%2C400 2x, https:\/\/i0.wp.com\/gersonguelmann.com.br\/blog\/wp-content\/uploads\/2018\/06\/Copa.jpg?fit=1200%2C747&ssl=1&resize=1050%2C600 3x"},"classes":[]},{"id":14486,"url":"https:\/\/gersonguelmann.com.br\/blog\/bebe-de-brasilia-faz-sucesso-homenageando-selecoes-da-copa\/","url_meta":{"origin":14363,"position":4},"title":"Beb\u00ea de Brasilia Faz Sucesso Homenageando Sele\u00e7\u00f5es da Copa","author":"Gerson Guelmann","date":"4 de julho de 2018","format":false,"excerpt":"O site Metr\u00f3poles publicou h\u00e1 pouco uma mat\u00e9ria muito bacana, sobre um beb\u00ea que est\u00e1 fazendo sucesso nas redes por homenagear as sele\u00e7\u00f5es que est\u00e3o disputando a Copa do Mundo: Beb\u00ea brasiliense faz sucesso nas redes homenageando sele\u00e7\u00f5es da Copa O pequeno Theo, de apenas seis meses, vem conquistando o\u2026","rel":"","context":"Em &quot;Sem categoria&quot;","block_context":{"text":"Sem categoria","link":"https:\/\/gersonguelmann.com.br\/blog\/category\/sem-categoria\/"},"img":{"alt_text":"","src":"https:\/\/i0.wp.com\/gersonguelmann.com.br\/blog\/wp-content\/uploads\/2018\/07\/1.jpeg?fit=840%2C560&ssl=1&resize=350%2C200","width":350,"height":200,"srcset":"https:\/\/i0.wp.com\/gersonguelmann.com.br\/blog\/wp-content\/uploads\/2018\/07\/1.jpeg?fit=840%2C560&ssl=1&resize=350%2C200 1x, https:\/\/i0.wp.com\/gersonguelmann.com.br\/blog\/wp-content\/uploads\/2018\/07\/1.jpeg?fit=840%2C560&ssl=1&resize=525%2C300 1.5x, https:\/\/i0.wp.com\/gersonguelmann.com.br\/blog\/wp-content\/uploads\/2018\/07\/1.jpeg?fit=840%2C560&ssl=1&resize=700%2C400 2x"},"classes":[]},{"id":18878,"url":"https:\/\/gersonguelmann.com.br\/blog\/quando-o-conceito-de-certo-e-errado-se-revela-ate-no-futebol\/","url_meta":{"origin":14363,"position":5},"title":"Quando o Conceito de Certo e Errado Se Revela At\u00e9 no Futebol","author":"Gerson Guelmann","date":"15 de outubro de 2019","format":false,"excerpt":"Frequentemente nos deparamos com not\u00edcias que nos fazem questionar porque alguns pa\u00edses se destacam pela justi\u00e7a social, respeito aos direitos do cidad\u00e3o, \u00e9tica da classe pol\u00edtica, etc. Muitas vezes esses exemplos v\u00eam dos pa\u00edses n\u00f3rdicos, em cujas sociedades tais conceitos foram sedimentados durante muitas d\u00e9cadas.\u00a0 Um caso emblem\u00e1tico foi mostrado\u2026","rel":"","context":"Em &quot;Sem categoria&quot;","block_context":{"text":"Sem categoria","link":"https:\/\/gersonguelmann.com.br\/blog\/category\/sem-categoria\/"},"img":{"alt_text":"","src":"https:\/\/i0.wp.com\/gersonguelmann.com.br\/blog\/wp-content\/uploads\/2019\/10\/%C3%89tica.jpg?fit=960%2C463&ssl=1&resize=350%2C200","width":350,"height":200,"srcset":"https:\/\/i0.wp.com\/gersonguelmann.com.br\/blog\/wp-content\/uploads\/2019\/10\/%C3%89tica.jpg?fit=960%2C463&ssl=1&resize=350%2C200 1x, https:\/\/i0.wp.com\/gersonguelmann.com.br\/blog\/wp-content\/uploads\/2019\/10\/%C3%89tica.jpg?fit=960%2C463&ssl=1&resize=525%2C300 1.5x, https:\/\/i0.wp.com\/gersonguelmann.com.br\/blog\/wp-content\/uploads\/2019\/10\/%C3%89tica.jpg?fit=960%2C463&ssl=1&resize=700%2C400 2x"},"classes":[]}],"jetpack_sharing_enabled":true,"post_mailing_queue_ids":[],"_links":{"self":[{"href":"https:\/\/gersonguelmann.com.br\/blog\/wp-json\/wp\/v2\/posts\/14363","targetHints":{"allow":["GET"]}}],"collection":[{"href":"https:\/\/gersonguelmann.com.br\/blog\/wp-json\/wp\/v2\/posts"}],"about":[{"href":"https:\/\/gersonguelmann.com.br\/blog\/wp-json\/wp\/v2\/types\/post"}],"author":[{"embeddable":true,"href":"https:\/\/gersonguelmann.com.br\/blog\/wp-json\/wp\/v2\/users\/5"}],"replies":[{"embeddable":true,"href":"https:\/\/gersonguelmann.com.br\/blog\/wp-json\/wp\/v2\/comments?post=14363"}],"version-history":[{"count":0,"href":"https:\/\/gersonguelmann.com.br\/blog\/wp-json\/wp\/v2\/posts\/14363\/revisions"}],"wp:featuredmedia":[{"embeddable":true,"href":"https:\/\/gersonguelmann.com.br\/blog\/wp-json\/wp\/v2\/media\/14364"}],"wp:attachment":[{"href":"https:\/\/gersonguelmann.com.br\/blog\/wp-json\/wp\/v2\/media?parent=14363"}],"wp:term":[{"taxonomy":"category","embeddable":true,"href":"https:\/\/gersonguelmann.com.br\/blog\/wp-json\/wp\/v2\/categories?post=14363"},{"taxonomy":"post_tag","embeddable":true,"href":"https:\/\/gersonguelmann.com.br\/blog\/wp-json\/wp\/v2\/tags?post=14363"}],"curies":[{"name":"wp","href":"https:\/\/api.w.org\/{rel}","templated":true}]}}