    {"id":14369,"date":"2018-06-29T18:00:56","date_gmt":"2018-06-29T21:00:56","guid":{"rendered":"https:\/\/gersonguelmann.com.br\/blog\/?p=14369"},"modified":"2018-06-29T18:00:56","modified_gmt":"2018-06-29T21:00:56","slug":"alexandre-de-moraes-nega-pedido-de-lula","status":"publish","type":"post","link":"https:\/\/gersonguelmann.com.br\/blog\/alexandre-de-moraes-nega-pedido-de-lula\/","title":{"rendered":"Alexandre de Moraes Nega Pedido de Lula"},"content":{"rendered":"<header class=\"entry-header\"><span style=\"color: #000000; font-family: georgia, palatino, serif; font-size: 18pt;\">Acabou de sair n\u00b4O Antagonista:<\/span><\/p>\n<p id=\"single-title\" class=\"entry-title\"><span style=\"font-size: 24pt;\"><strong><span style=\"color: #000000;\">Alexandre de Moraes rejeita pedido de Lula<\/span><\/strong><\/span><\/p>\n<p><span style=\"color: #000000;\"><strong><span class=\"postmeta\"><span class=\"categoria\">Brasil<\/span>\u00a0<time class=\"entry-date published\" datetime=\"2018-06-29 17:50:18\">29.06.18 17:50<\/time><\/span><\/strong><\/span><\/header>\n<div id=\"entry-text-post\" class=\"entry-content\">\n<p><span style=\"color: #000000; font-size: 18pt;\">Alexandre de Moraes acaba de rejeitar o recurso da defesa de Lula para modificar a decis\u00e3o de Edson Fachin, que enviou ao plen\u00e1rio o pedido de liberdade do presidi\u00e1rio.<\/span><\/p>\n<p><span style=\"color: #000000; font-size: 18pt;\">Moraes tamb\u00e9m n\u00e3o quis saber de reencaminhar o caso para redistribui\u00e7\u00e3o na Segunda Turma.<\/span><\/p>\n<p><span style=\"color: #000000; font-family: georgia, palatino, serif; font-size: 18pt;\">A mat\u00e9ria original <span style=\"color: #0000ff;\"><a style=\"color: #0000ff;\" href=\"https:\/\/www.oantagonista.com\/brasil\/alexandre-de-moraes-rejeita-pedido-de-lula\/\"><em><strong>est\u00e1 aqui<\/strong><\/em><\/a><\/span>.<\/span><\/p>\n<p style=\"text-align: center;\"><img data-recalc-dims=\"1\" fetchpriority=\"high\" decoding=\"async\" data-attachment-id=\"14370\" data-permalink=\"https:\/\/gersonguelmann.com.br\/blog\/alexandre-de-moraes-nega-pedido-de-lula\/nao-2\/\" data-orig-file=\"https:\/\/i0.wp.com\/gersonguelmann.com.br\/blog\/wp-content\/uploads\/2018\/06\/N%C3%A3o.png?fit=299%2C169&amp;ssl=1\" data-orig-size=\"299,169\" data-comments-opened=\"1\" data-image-meta=\"{&quot;aperture&quot;:&quot;0&quot;,&quot;credit&quot;:&quot;&quot;,&quot;camera&quot;:&quot;&quot;,&quot;caption&quot;:&quot;&quot;,&quot;created_timestamp&quot;:&quot;0&quot;,&quot;copyright&quot;:&quot;&quot;,&quot;focal_length&quot;:&quot;0&quot;,&quot;iso&quot;:&quot;0&quot;,&quot;shutter_speed&quot;:&quot;0&quot;,&quot;title&quot;:&quot;&quot;,&quot;orientation&quot;:&quot;0&quot;}\" data-image-title=\"N\u00e3o\" data-image-description=\"\" data-image-caption=\"\" data-medium-file=\"https:\/\/i0.wp.com\/gersonguelmann.com.br\/blog\/wp-content\/uploads\/2018\/06\/N%C3%A3o.png?fit=299%2C169&amp;ssl=1\" data-large-file=\"https:\/\/i0.wp.com\/gersonguelmann.com.br\/blog\/wp-content\/uploads\/2018\/06\/N%C3%A3o.png?fit=299%2C169&amp;ssl=1\" class=\"alignnone size-full wp-image-14370\" src=\"https:\/\/i0.wp.com\/gersonguelmann.com.br\/blog\/wp-content\/uploads\/2018\/06\/N%C3%A3o.png?resize=299%2C169&#038;ssl=1\" alt=\"\" width=\"299\" height=\"169\" \/><\/p>\n<\/div>\n","protected":false},"excerpt":{"rendered":"<p>Acabou de sair n\u00b4O Antagonista: Alexandre de Moraes rejeita pedido de Lula Brasil\u00a029.06.18 17:50 Alexandre de Moraes acaba de rejeitar o recurso da defesa de Lula para modificar a decis\u00e3o de Edson Fachin, que enviou ao plen\u00e1rio o pedido de liberdade do presidi\u00e1rio. Moraes tamb\u00e9m n\u00e3o quis saber de reencaminhar o caso para redistribui\u00e7\u00e3o na [&hellip;]<\/p>\n","protected":false},"author":5,"featured_media":14370,"comment_status":"open","ping_status":"open","sticky":false,"template":"","format":"standard","meta":{"_acf_changed":false,"jetpack_post_was_ever_published":false,"_jetpack_newsletter_access":"","_jetpack_dont_email_post_to_subs":false,"_jetpack_newsletter_tier_id":0,"_jetpack_memberships_contains_paywalled_content":false,"_jetpack_memberships_contains_paid_content":false,"footnotes":"","jetpack_publicize_message":"","jetpack_publicize_feature_enabled":true,"jetpack_social_post_already_shared":true,"jetpack_social_options":{"image_generator_settings":{"template":"highway","default_image_id":0,"font":"","enabled":false},"version":2}},"categories":[1],"tags":[],"class_list":["post-14369","post","type-post","status-publish","format-standard","has-post-thumbnail","hentry","category-sem-categoria"],"acf":[],"yoast_head":"<!-- This site is optimized with the Yoast SEO plugin v27.3 - https:\/\/yoast.com\/product\/yoast-seo-wordpress\/ -->\n<title>Alexandre de Moraes Nega Pedido de Lula | Blog do Guelmann<\/title>\n<meta name=\"robots\" content=\"index, follow, max-snippet:-1, max-image-preview:large, max-video-preview:-1\" \/>\n<link rel=\"canonical\" href=\"https:\/\/gersonguelmann.com.br\/blog\/alexandre-de-moraes-nega-pedido-de-lula\/\" \/>\n<meta property=\"og:locale\" content=\"pt_BR\" \/>\n<meta property=\"og:type\" content=\"article\" \/>\n<meta property=\"og:title\" content=\"Alexandre de Moraes Nega Pedido de Lula | Blog do Guelmann\" \/>\n<meta property=\"og:description\" content=\"Acabou de sair n\u00b4O Antagonista: Alexandre de Moraes rejeita pedido de Lula Brasil\u00a029.06.18 17:50 Alexandre de Moraes acaba de rejeitar o recurso da defesa de Lula para modificar a decis\u00e3o de Edson Fachin, que enviou ao plen\u00e1rio o pedido de liberdade do presidi\u00e1rio. Moraes tamb\u00e9m n\u00e3o quis saber de reencaminhar o caso para redistribui\u00e7\u00e3o na [&hellip;]\" \/>\n<meta property=\"og:url\" content=\"https:\/\/gersonguelmann.com.br\/blog\/alexandre-de-moraes-nega-pedido-de-lula\/\" \/>\n<meta property=\"og:site_name\" content=\"Blog do Guelmann\" \/>\n<meta property=\"article:published_time\" content=\"2018-06-29T21:00:56+00:00\" \/>\n<meta property=\"og:image\" content=\"https:\/\/i0.wp.com\/gersonguelmann.com.br\/blog\/wp-content\/uploads\/2018\/06\/N\u00e3o.png?fit=299%2C169&ssl=1\" \/>\n\t<meta property=\"og:image:width\" content=\"299\" \/>\n\t<meta property=\"og:image:height\" content=\"169\" \/>\n\t<meta property=\"og:image:type\" content=\"image\/png\" \/>\n<meta name=\"author\" content=\"Gerson Guelmann\" \/>\n<meta name=\"twitter:card\" content=\"summary_large_image\" \/>\n<meta name=\"twitter:label1\" content=\"Escrito por\" \/>\n\t<meta name=\"twitter:data1\" content=\"Gerson Guelmann\" \/>\n<script type=\"application\/ld+json\" class=\"yoast-schema-graph\">{\"@context\":\"https:\\\/\\\/schema.org\",\"@graph\":[{\"@type\":\"Article\",\"@id\":\"https:\\\/\\\/gersonguelmann.com.br\\\/blog\\\/alexandre-de-moraes-nega-pedido-de-lula\\\/#article\",\"isPartOf\":{\"@id\":\"https:\\\/\\\/gersonguelmann.com.br\\\/blog\\\/alexandre-de-moraes-nega-pedido-de-lula\\\/\"},\"author\":{\"name\":\"Gerson Guelmann\",\"@id\":\"https:\\\/\\\/gersonguelmann.com.br\\\/blog\\\/#\\\/schema\\\/person\\\/87e70e2a786888082f941a482c90569e\"},\"headline\":\"Alexandre de Moraes Nega Pedido de Lula\",\"datePublished\":\"2018-06-29T21:00:56+00:00\",\"mainEntityOfPage\":{\"@id\":\"https:\\\/\\\/gersonguelmann.com.br\\\/blog\\\/alexandre-de-moraes-nega-pedido-de-lula\\\/\"},\"wordCount\":76,\"commentCount\":0,\"image\":{\"@id\":\"https:\\\/\\\/gersonguelmann.com.br\\\/blog\\\/alexandre-de-moraes-nega-pedido-de-lula\\\/#primaryimage\"},\"thumbnailUrl\":\"https:\\\/\\\/i0.wp.com\\\/gersonguelmann.com.br\\\/blog\\\/wp-content\\\/uploads\\\/2018\\\/06\\\/N%C3%A3o.png?fit=299%2C169&ssl=1\",\"inLanguage\":\"pt-BR\",\"potentialAction\":[{\"@type\":\"CommentAction\",\"name\":\"Comment\",\"target\":[\"https:\\\/\\\/gersonguelmann.com.br\\\/blog\\\/alexandre-de-moraes-nega-pedido-de-lula\\\/#respond\"]}]},{\"@type\":\"WebPage\",\"@id\":\"https:\\\/\\\/gersonguelmann.com.br\\\/blog\\\/alexandre-de-moraes-nega-pedido-de-lula\\\/\",\"url\":\"https:\\\/\\\/gersonguelmann.com.br\\\/blog\\\/alexandre-de-moraes-nega-pedido-de-lula\\\/\",\"name\":\"Alexandre de Moraes Nega Pedido de Lula | Blog do Guelmann\",\"isPartOf\":{\"@id\":\"https:\\\/\\\/gersonguelmann.com.br\\\/blog\\\/#website\"},\"primaryImageOfPage\":{\"@id\":\"https:\\\/\\\/gersonguelmann.com.br\\\/blog\\\/alexandre-de-moraes-nega-pedido-de-lula\\\/#primaryimage\"},\"image\":{\"@id\":\"https:\\\/\\\/gersonguelmann.com.br\\\/blog\\\/alexandre-de-moraes-nega-pedido-de-lula\\\/#primaryimage\"},\"thumbnailUrl\":\"https:\\\/\\\/i0.wp.com\\\/gersonguelmann.com.br\\\/blog\\\/wp-content\\\/uploads\\\/2018\\\/06\\\/N%C3%A3o.png?fit=299%2C169&ssl=1\",\"datePublished\":\"2018-06-29T21:00:56+00:00\",\"author\":{\"@id\":\"https:\\\/\\\/gersonguelmann.com.br\\\/blog\\\/#\\\/schema\\\/person\\\/87e70e2a786888082f941a482c90569e\"},\"inLanguage\":\"pt-BR\",\"potentialAction\":[{\"@type\":\"ReadAction\",\"target\":[\"https:\\\/\\\/gersonguelmann.com.br\\\/blog\\\/alexandre-de-moraes-nega-pedido-de-lula\\\/\"]}]},{\"@type\":\"ImageObject\",\"inLanguage\":\"pt-BR\",\"@id\":\"https:\\\/\\\/gersonguelmann.com.br\\\/blog\\\/alexandre-de-moraes-nega-pedido-de-lula\\\/#primaryimage\",\"url\":\"https:\\\/\\\/i0.wp.com\\\/gersonguelmann.com.br\\\/blog\\\/wp-content\\\/uploads\\\/2018\\\/06\\\/N%C3%A3o.png?fit=299%2C169&ssl=1\",\"contentUrl\":\"https:\\\/\\\/i0.wp.com\\\/gersonguelmann.com.br\\\/blog\\\/wp-content\\\/uploads\\\/2018\\\/06\\\/N%C3%A3o.png?fit=299%2C169&ssl=1\",\"width\":299,\"height\":169},{\"@type\":\"WebSite\",\"@id\":\"https:\\\/\\\/gersonguelmann.com.br\\\/blog\\\/#website\",\"url\":\"https:\\\/\\\/gersonguelmann.com.br\\\/blog\\\/\",\"name\":\"Blog do Guelmann\",\"description\":\"Pitadas da sabedoria e do humor judaicos, assuntos do momento e um pouco das hist\u00f3rias que vivi e testemunhei.\",\"potentialAction\":[{\"@type\":\"SearchAction\",\"target\":{\"@type\":\"EntryPoint\",\"urlTemplate\":\"https:\\\/\\\/gersonguelmann.com.br\\\/blog\\\/?s={search_term_string}\"},\"query-input\":{\"@type\":\"PropertyValueSpecification\",\"valueRequired\":true,\"valueName\":\"search_term_string\"}}],\"inLanguage\":\"pt-BR\"},{\"@type\":\"Person\",\"@id\":\"https:\\\/\\\/gersonguelmann.com.br\\\/blog\\\/#\\\/schema\\\/person\\\/87e70e2a786888082f941a482c90569e\",\"name\":\"Gerson Guelmann\",\"image\":{\"@type\":\"ImageObject\",\"inLanguage\":\"pt-BR\",\"@id\":\"https:\\\/\\\/i0.wp.com\\\/gersonguelmann.com.br\\\/blog\\\/wp-content\\\/uploads\\\/2021\\\/08\\\/BLOG.jpeg?fit=96%2C96&ssl=1\",\"url\":\"https:\\\/\\\/i0.wp.com\\\/gersonguelmann.com.br\\\/blog\\\/wp-content\\\/uploads\\\/2021\\\/08\\\/BLOG.jpeg?fit=96%2C96&ssl=1\",\"contentUrl\":\"https:\\\/\\\/i0.wp.com\\\/gersonguelmann.com.br\\\/blog\\\/wp-content\\\/uploads\\\/2021\\\/08\\\/BLOG.jpeg?fit=96%2C96&ssl=1\",\"caption\":\"Gerson Guelmann\"},\"description\":\"Pitadas da sabedoria e do humor judaicos, assuntos do momento e um pouco das hist\u00f3rias que vivi e testemunhei.\"}]}<\/script>\n<!-- \/ Yoast SEO plugin. -->","yoast_head_json":{"title":"Alexandre de Moraes Nega Pedido de Lula | Blog do Guelmann","robots":{"index":"index","follow":"follow","max-snippet":"max-snippet:-1","max-image-preview":"max-image-preview:large","max-video-preview":"max-video-preview:-1"},"canonical":"https:\/\/gersonguelmann.com.br\/blog\/alexandre-de-moraes-nega-pedido-de-lula\/","og_locale":"pt_BR","og_type":"article","og_title":"Alexandre de Moraes Nega Pedido de Lula | Blog do Guelmann","og_description":"Acabou de sair n\u00b4O Antagonista: Alexandre de Moraes rejeita pedido de Lula Brasil\u00a029.06.18 17:50 Alexandre de Moraes acaba de rejeitar o recurso da defesa de Lula para modificar a decis\u00e3o de Edson Fachin, que enviou ao plen\u00e1rio o pedido de liberdade do presidi\u00e1rio. Moraes tamb\u00e9m n\u00e3o quis saber de reencaminhar o caso para redistribui\u00e7\u00e3o na [&hellip;]","og_url":"https:\/\/gersonguelmann.com.br\/blog\/alexandre-de-moraes-nega-pedido-de-lula\/","og_site_name":"Blog do Guelmann","article_published_time":"2018-06-29T21:00:56+00:00","og_image":[{"width":299,"height":169,"url":"https:\/\/i0.wp.com\/gersonguelmann.com.br\/blog\/wp-content\/uploads\/2018\/06\/N\u00e3o.png?fit=299%2C169&ssl=1","type":"image\/png"}],"author":"Gerson Guelmann","twitter_card":"summary_large_image","twitter_misc":{"Escrito por":"Gerson Guelmann"},"schema":{"@context":"https:\/\/schema.org","@graph":[{"@type":"Article","@id":"https:\/\/gersonguelmann.com.br\/blog\/alexandre-de-moraes-nega-pedido-de-lula\/#article","isPartOf":{"@id":"https:\/\/gersonguelmann.com.br\/blog\/alexandre-de-moraes-nega-pedido-de-lula\/"},"author":{"name":"Gerson Guelmann","@id":"https:\/\/gersonguelmann.com.br\/blog\/#\/schema\/person\/87e70e2a786888082f941a482c90569e"},"headline":"Alexandre de Moraes Nega Pedido de Lula","datePublished":"2018-06-29T21:00:56+00:00","mainEntityOfPage":{"@id":"https:\/\/gersonguelmann.com.br\/blog\/alexandre-de-moraes-nega-pedido-de-lula\/"},"wordCount":76,"commentCount":0,"image":{"@id":"https:\/\/gersonguelmann.com.br\/blog\/alexandre-de-moraes-nega-pedido-de-lula\/#primaryimage"},"thumbnailUrl":"https:\/\/i0.wp.com\/gersonguelmann.com.br\/blog\/wp-content\/uploads\/2018\/06\/N%C3%A3o.png?fit=299%2C169&ssl=1","inLanguage":"pt-BR","potentialAction":[{"@type":"CommentAction","name":"Comment","target":["https:\/\/gersonguelmann.com.br\/blog\/alexandre-de-moraes-nega-pedido-de-lula\/#respond"]}]},{"@type":"WebPage","@id":"https:\/\/gersonguelmann.com.br\/blog\/alexandre-de-moraes-nega-pedido-de-lula\/","url":"https:\/\/gersonguelmann.com.br\/blog\/alexandre-de-moraes-nega-pedido-de-lula\/","name":"Alexandre de Moraes Nega Pedido de Lula | Blog do Guelmann","isPartOf":{"@id":"https:\/\/gersonguelmann.com.br\/blog\/#website"},"primaryImageOfPage":{"@id":"https:\/\/gersonguelmann.com.br\/blog\/alexandre-de-moraes-nega-pedido-de-lula\/#primaryimage"},"image":{"@id":"https:\/\/gersonguelmann.com.br\/blog\/alexandre-de-moraes-nega-pedido-de-lula\/#primaryimage"},"thumbnailUrl":"https:\/\/i0.wp.com\/gersonguelmann.com.br\/blog\/wp-content\/uploads\/2018\/06\/N%C3%A3o.png?fit=299%2C169&ssl=1","datePublished":"2018-06-29T21:00:56+00:00","author":{"@id":"https:\/\/gersonguelmann.com.br\/blog\/#\/schema\/person\/87e70e2a786888082f941a482c90569e"},"inLanguage":"pt-BR","potentialAction":[{"@type":"ReadAction","target":["https:\/\/gersonguelmann.com.br\/blog\/alexandre-de-moraes-nega-pedido-de-lula\/"]}]},{"@type":"ImageObject","inLanguage":"pt-BR","@id":"https:\/\/gersonguelmann.com.br\/blog\/alexandre-de-moraes-nega-pedido-de-lula\/#primaryimage","url":"https:\/\/i0.wp.com\/gersonguelmann.com.br\/blog\/wp-content\/uploads\/2018\/06\/N%C3%A3o.png?fit=299%2C169&ssl=1","contentUrl":"https:\/\/i0.wp.com\/gersonguelmann.com.br\/blog\/wp-content\/uploads\/2018\/06\/N%C3%A3o.png?fit=299%2C169&ssl=1","width":299,"height":169},{"@type":"WebSite","@id":"https:\/\/gersonguelmann.com.br\/blog\/#website","url":"https:\/\/gersonguelmann.com.br\/blog\/","name":"Blog do Guelmann","description":"Pitadas da sabedoria e do humor judaicos, assuntos do momento e um pouco das hist\u00f3rias que vivi e testemunhei.","potentialAction":[{"@type":"SearchAction","target":{"@type":"EntryPoint","urlTemplate":"https:\/\/gersonguelmann.com.br\/blog\/?s={search_term_string}"},"query-input":{"@type":"PropertyValueSpecification","valueRequired":true,"valueName":"search_term_string"}}],"inLanguage":"pt-BR"},{"@type":"Person","@id":"https:\/\/gersonguelmann.com.br\/blog\/#\/schema\/person\/87e70e2a786888082f941a482c90569e","name":"Gerson Guelmann","image":{"@type":"ImageObject","inLanguage":"pt-BR","@id":"https:\/\/i0.wp.com\/gersonguelmann.com.br\/blog\/wp-content\/uploads\/2021\/08\/BLOG.jpeg?fit=96%2C96&ssl=1","url":"https:\/\/i0.wp.com\/gersonguelmann.com.br\/blog\/wp-content\/uploads\/2021\/08\/BLOG.jpeg?fit=96%2C96&ssl=1","contentUrl":"https:\/\/i0.wp.com\/gersonguelmann.com.br\/blog\/wp-content\/uploads\/2021\/08\/BLOG.jpeg?fit=96%2C96&ssl=1","caption":"Gerson Guelmann"},"description":"Pitadas da sabedoria e do humor judaicos, assuntos do momento e um pouco das hist\u00f3rias que vivi e testemunhei."}]}},"views":29,"jetpack_publicize_connections":[],"jetpack_featured_media_url":"https:\/\/i0.wp.com\/gersonguelmann.com.br\/blog\/wp-content\/uploads\/2018\/06\/N%C3%A3o.png?fit=299%2C169&ssl=1","jetpack_shortlink":"https:\/\/wp.me\/p96e7O-3JL","jetpack-related-posts":[{"id":14240,"url":"https:\/\/gersonguelmann.com.br\/blog\/urgente-ministro-fachin-cancelou-o-julgamento-do-pedido-de-lula\/","url_meta":{"origin":14369,"position":0},"title":"Urgente: Ministro Fachin Cancelou o Julgamento do Pedido de Lula","author":"Gerson Guelmann","date":"22 de junho de 2018","format":false,"excerpt":"D'O Antagonista, h\u00e1 poucos minutos: URGENTE: FACHIN CANCELA JULGAMENTO DE PEDIDO DE LULA Brasil -\u00a022.06.18 - 19:28 Ap\u00f3s a decis\u00e3o do TRF-4 de negar recurso de Lula ao STF, Edson Fachin cancelou o julgamento de pedido de Lula para ser solto, informa o rep\u00f3rter Daniel Adjuto, do SBT\u2026 A Segunda\u2026","rel":"","context":"Em &quot;Sem categoria&quot;","block_context":{"text":"Sem categoria","link":"https:\/\/gersonguelmann.com.br\/blog\/category\/sem-categoria\/"},"img":{"alt_text":"","src":"https:\/\/i0.wp.com\/gersonguelmann.com.br\/blog\/wp-content\/uploads\/2018\/06\/brasil-politica-stf-habeas-corpus-lula-20180322-0012.jpg?fit=1200%2C800&ssl=1&resize=350%2C200","width":350,"height":200,"srcset":"https:\/\/i0.wp.com\/gersonguelmann.com.br\/blog\/wp-content\/uploads\/2018\/06\/brasil-politica-stf-habeas-corpus-lula-20180322-0012.jpg?fit=1200%2C800&ssl=1&resize=350%2C200 1x, https:\/\/i0.wp.com\/gersonguelmann.com.br\/blog\/wp-content\/uploads\/2018\/06\/brasil-politica-stf-habeas-corpus-lula-20180322-0012.jpg?fit=1200%2C800&ssl=1&resize=525%2C300 1.5x, https:\/\/i0.wp.com\/gersonguelmann.com.br\/blog\/wp-content\/uploads\/2018\/06\/brasil-politica-stf-habeas-corpus-lula-20180322-0012.jpg?fit=1200%2C800&ssl=1&resize=700%2C400 2x, https:\/\/i0.wp.com\/gersonguelmann.com.br\/blog\/wp-content\/uploads\/2018\/06\/brasil-politica-stf-habeas-corpus-lula-20180322-0012.jpg?fit=1200%2C800&ssl=1&resize=1050%2C600 3x"},"classes":[]},{"id":11281,"url":"https:\/\/gersonguelmann.com.br\/blog\/urgente-advogados-entram-com-pedido-para-evitar-prisao-de-lula\/","url_meta":{"origin":14369,"position":1},"title":"Urgente: Advogados Entram Com Pedido Para Evitar Pris\u00e3o de Lula","author":"Gerson Guelmann","date":"5 de abril de 2018","format":false,"excerpt":"Advogados entram com pedido de liminar no STF para evitar pris\u00e3o de Lula Kakay cria rede de 150 profissionais para auxiliar processo do ex-presidente BRAS\u00cdLIA - O advogado Ant\u00f4nio Carlos de Almeida Castro, conhecido como\u00a0Kakay, entrou nesta quinta-feira com um pedido de\u00a0liminar\u00a0no Supremo Tribunal Federal (STF) para evitar a pris\u00e3o\u2026","rel":"","context":"Em &quot;Sem categoria&quot;","block_context":{"text":"Sem categoria","link":"https:\/\/gersonguelmann.com.br\/blog\/category\/sem-categoria\/"},"img":{"alt_text":"","src":"https:\/\/i0.wp.com\/gersonguelmann.com.br\/blog\/wp-content\/uploads\/2018\/04\/Lula.jpg?fit=699%2C420&ssl=1&resize=350%2C200","width":350,"height":200,"srcset":"https:\/\/i0.wp.com\/gersonguelmann.com.br\/blog\/wp-content\/uploads\/2018\/04\/Lula.jpg?fit=699%2C420&ssl=1&resize=350%2C200 1x, https:\/\/i0.wp.com\/gersonguelmann.com.br\/blog\/wp-content\/uploads\/2018\/04\/Lula.jpg?fit=699%2C420&ssl=1&resize=525%2C300 1.5x"},"classes":[]},{"id":11320,"url":"https:\/\/gersonguelmann.com.br\/blog\/urgente-negado-novo-habeas-corpus-pedido-por-lula\/","url_meta":{"origin":14369,"position":2},"title":"URGENTE &#8211; Negado novo Habeas Corpus pedido por Lula","author":"Gerson Guelmann","date":"6 de abril de 2018","format":false,"excerpt":"Acabou de ser informado que o ministro F\u00e9lix Fischer, do Superior Tribunal de Justi\u00e7a (STJ), negou o pedido de habeas corpus apresentado nesta manh\u00e3 pela defesa de Luiz In\u00e1cio Lula da Silva.","rel":"","context":"Em &quot;Sem categoria&quot;","block_context":{"text":"Sem categoria","link":"https:\/\/gersonguelmann.com.br\/blog\/category\/sem-categoria\/"},"img":{"alt_text":"","src":"https:\/\/i0.wp.com\/gersonguelmann.com.br\/blog\/wp-content\/uploads\/2018\/04\/images-3.jpg?resize=350%2C200&ssl=1","width":350,"height":200},"classes":[]},{"id":12313,"url":"https:\/\/gersonguelmann.com.br\/blog\/sindicalistas-reunidos-em-curitiba-impedidos-de-visitar-lula\/","url_meta":{"origin":14369,"position":3},"title":"Sindicalistas Reunidos em Curitiba Impedidos de Visitar Lula","author":"Gerson Guelmann","date":"30 de abril de 2018","format":false,"excerpt":"As comemora\u00e7\u00f5es do 1\u00ba de Maio em Curitiba contar\u00e3o com a presen\u00e7a das lideran\u00e7as de sete centrais sindicais e diversos artistas, que far\u00e3o um grande show alusivo \u00e0 data. Os dirigentes das entidades decidiram unificar as manifesta\u00e7\u00f5es em Curitiba em raz\u00e3o de o ex-presidente estar preso na cidade. Assim como\u2026","rel":"","context":"Em &quot;Sem categoria&quot;","block_context":{"text":"Sem categoria","link":"https:\/\/gersonguelmann.com.br\/blog\/category\/sem-categoria\/"},"img":{"alt_text":"","src":"https:\/\/i0.wp.com\/gersonguelmann.com.br\/blog\/wp-content\/uploads\/2018\/04\/remove-151678_960_720.png?fit=719%2C720&ssl=1&resize=350%2C200","width":350,"height":200,"srcset":"https:\/\/i0.wp.com\/gersonguelmann.com.br\/blog\/wp-content\/uploads\/2018\/04\/remove-151678_960_720.png?fit=719%2C720&ssl=1&resize=350%2C200 1x, https:\/\/i0.wp.com\/gersonguelmann.com.br\/blog\/wp-content\/uploads\/2018\/04\/remove-151678_960_720.png?fit=719%2C720&ssl=1&resize=525%2C300 1.5x, https:\/\/i0.wp.com\/gersonguelmann.com.br\/blog\/wp-content\/uploads\/2018\/04\/remove-151678_960_720.png?fit=719%2C720&ssl=1&resize=700%2C400 2x"},"classes":[]},{"id":12057,"url":"https:\/\/gersonguelmann.com.br\/blog\/pt-quer-lula-em-quartel-do-exercito\/","url_meta":{"origin":14369,"position":4},"title":"PT Quer Lula Em Quartel do Ex\u00e9rcito","author":"Gerson Guelmann","date":"25 de abril de 2018","format":false,"excerpt":"Foto:\u00a0Ant\u00f4nio More \/ Ag\u00eancia de Not\u00edcias Gazeta do Povo Ant\u00f4nio More\/Ag\u00eancia de Not\u00edcias Gazeta do Povo Publiquei dia 11\/4: - \"O Sindicato dos Delegados da Pol\u00edcia Federal pediu a transfer\u00eancia do ex-presidente para um quartel do ex\u00e9rcito. Os Delegados justificam o pedido com a afirma\u00e7\u00e3o de que as atividades regulares\u2026","rel":"","context":"Em &quot;Sem categoria&quot;","block_context":{"text":"Sem categoria","link":"https:\/\/gersonguelmann.com.br\/blog\/category\/sem-categoria\/"},"img":{"alt_text":"","src":"https:\/\/i0.wp.com\/gersonguelmann.com.br\/blog\/wp-content\/uploads\/2018\/04\/Lula1.jpg?fit=1024%2C683&ssl=1&resize=350%2C200","width":350,"height":200,"srcset":"https:\/\/i0.wp.com\/gersonguelmann.com.br\/blog\/wp-content\/uploads\/2018\/04\/Lula1.jpg?fit=1024%2C683&ssl=1&resize=350%2C200 1x, https:\/\/i0.wp.com\/gersonguelmann.com.br\/blog\/wp-content\/uploads\/2018\/04\/Lula1.jpg?fit=1024%2C683&ssl=1&resize=525%2C300 1.5x, https:\/\/i0.wp.com\/gersonguelmann.com.br\/blog\/wp-content\/uploads\/2018\/04\/Lula1.jpg?fit=1024%2C683&ssl=1&resize=700%2C400 2x"},"classes":[]},{"id":12713,"url":"https:\/\/gersonguelmann.com.br\/blog\/gilmar-quem-diria-votou-contra-lula\/","url_meta":{"origin":14369,"position":5},"title":"Gilmar, Quem Diria, Votou Contra Lula!","author":"Gerson Guelmann","date":"9 de maio de 2018","format":false,"excerpt":"Do site O Antagonista: GILMAR NEGA PEDIDO PARA QUE LULA SEJA SOLTO Brasil\u00a009.05.18 18:21 Gilmar Mendes votou no plen\u00e1rio virtual do STF contra o recurso apresentado pela defesa de Lula para reverter a sua pris\u00e3o, informa a Coluna do Estad\u00e3o. Com isso, tr\u00eas dos cinco ministros da Segunda Turma do\u2026","rel":"","context":"Em &quot;Sem categoria&quot;","block_context":{"text":"Sem categoria","link":"https:\/\/gersonguelmann.com.br\/blog\/category\/sem-categoria\/"},"img":{"alt_text":"","src":"https:\/\/i0.wp.com\/gersonguelmann.com.br\/blog\/wp-content\/uploads\/2018\/05\/download-6-300x146.jpg?resize=350%2C200&ssl=1","width":350,"height":200},"classes":[]}],"jetpack_sharing_enabled":true,"post_mailing_queue_ids":[],"_links":{"self":[{"href":"https:\/\/gersonguelmann.com.br\/blog\/wp-json\/wp\/v2\/posts\/14369","targetHints":{"allow":["GET"]}}],"collection":[{"href":"https:\/\/gersonguelmann.com.br\/blog\/wp-json\/wp\/v2\/posts"}],"about":[{"href":"https:\/\/gersonguelmann.com.br\/blog\/wp-json\/wp\/v2\/types\/post"}],"author":[{"embeddable":true,"href":"https:\/\/gersonguelmann.com.br\/blog\/wp-json\/wp\/v2\/users\/5"}],"replies":[{"embeddable":true,"href":"https:\/\/gersonguelmann.com.br\/blog\/wp-json\/wp\/v2\/comments?post=14369"}],"version-history":[{"count":0,"href":"https:\/\/gersonguelmann.com.br\/blog\/wp-json\/wp\/v2\/posts\/14369\/revisions"}],"wp:featuredmedia":[{"embeddable":true,"href":"https:\/\/gersonguelmann.com.br\/blog\/wp-json\/wp\/v2\/media\/14370"}],"wp:attachment":[{"href":"https:\/\/gersonguelmann.com.br\/blog\/wp-json\/wp\/v2\/media?parent=14369"}],"wp:term":[{"taxonomy":"category","embeddable":true,"href":"https:\/\/gersonguelmann.com.br\/blog\/wp-json\/wp\/v2\/categories?post=14369"},{"taxonomy":"post_tag","embeddable":true,"href":"https:\/\/gersonguelmann.com.br\/blog\/wp-json\/wp\/v2\/tags?post=14369"}],"curies":[{"name":"wp","href":"https:\/\/api.w.org\/{rel}","templated":true}]}}