    {"id":14372,"date":"2018-06-29T21:00:25","date_gmt":"2018-06-30T00:00:25","guid":{"rendered":"https:\/\/gersonguelmann.com.br\/blog\/?p=14372"},"modified":"2018-06-29T21:00:25","modified_gmt":"2018-06-30T00:00:25","slug":"administrador-do-grupo-de-whatsapp-agora-tem-super-poderes","status":"publish","type":"post","link":"https:\/\/gersonguelmann.com.br\/blog\/administrador-do-grupo-de-whatsapp-agora-tem-super-poderes\/","title":{"rendered":"Administrador do Grupo de WhatsApp Agora Tem Super-Poderes"},"content":{"rendered":"<p><span style=\"font-family: georgia, palatino, serif; font-size: 18pt; color: #000000;\">Se voc\u00ea \u00e9 Administrador de um ou mais grupos de WhatsApp, a partir de hoje est\u00e1 ao teu dispor uma nova fun\u00e7\u00e3o.<\/span><\/p>\n<p><span style=\"font-family: georgia, palatino, serif; font-size: 18pt; color: #000000;\">Primeiramente voc\u00ea precisa ter a \u00faltima vers\u00e3o do aplicativo &#8211; <strong>2.18.201<\/strong> &#8211;\u00a0que foi liberada hoje.<\/span><\/p>\n<p><span style=\"font-family: georgia, palatino, serif; font-size: 18pt; color: #000000;\">Como faz sempre, o desenvolvedor do WhatsApp liberou a funcionalidade primeiro para quem t\u00eam a vers\u00e3o Beta, o que \u00e9 meu caso, mas no decorrer dos pr\u00f3ximos dias todos a receber\u00e3o.<\/span><\/p>\n<p><span style=\"font-family: georgia, palatino, serif; font-size: 18pt; color: #000000;\">Com esse novo recurso o Administrador poder\u00e1 alterar as permiss\u00f5es para que s\u00f3 ele mande mensagens no grupo. Os demais participantes poder\u00e3o se comunicar com ele, mas suas mensagens n\u00e3o ser\u00e3o lidas pelos outros.\u00a0\u00a0<\/span><\/p>\n<p><span style=\"font-family: georgia, palatino, serif; font-size: 18pt; color: #000000;\">A empresa diz que essa fun\u00e7\u00e3o \u00e9 \u201c<em>mais uma ferramenta para melhorar o controle dos administradores de grupos sobre o que \u00e9 compartilhado<\/em>\u201d. <\/span><\/p>\n<p><span style=\"font-family: georgia, palatino, serif; font-size: 18pt; color: #000000;\">No Blog do WhatsApp eles sugerem situa\u00e7\u00f5es em que o recurso poder\u00e1 ser usado. Ap\u00f3s ler o que disseram, posso afirmar\u00a0<\/span><span style=\"font-family: georgia, palatino, serif; font-size: 18pt; color: #000000;\">que essa op\u00e7\u00e3o \u00e9 \u00f3tima para grupos onde o administrador precisa ter certeza de que as mensagens ser\u00e3o lidas sem ficar escondidas no meio dos habituais &#8220;bom-dia-boa-tarde-boa-noite&#8221;.\u00a0<\/span><\/p>\n<p><span style=\"font-family: georgia, palatino, serif; font-size: 18pt; color: #000000;\">O Administrador pode alterar as configura\u00e7\u00f5es a qualquer momento, permitindo que em determinada situa\u00e7\u00e3o algu\u00e9m poste algo a ser compartilhado com todos.<\/span><\/p>\n<p><span style=\"font-family: georgia, palatino, serif; font-size: 18pt; color: #000000;\">Para usar a nova fun\u00e7\u00e3o, basta ir at\u00e9 as\u00a0<strong>Informa\u00e7\u00f5es do grupo &#8211;&gt;<\/strong>\u00a0<strong>Configura\u00e7\u00f5es do Grupo &#8211;&gt;\u00a0<\/strong><strong>Enviar mensagens<\/strong>\u00a0e, em seguida, selecionar\u00a0<strong>Apenas administradores<\/strong>.<\/span><\/p>\n<p><span style=\"font-family: georgia, palatino, serif; font-size: 18pt; color: #000000;\">Eu fiz o teste em um grupo que administro e funcionou 100%. <\/span><\/p>\n<p><span style=\"font-family: georgia, palatino, serif; font-size: 18pt; color: #000000;\">Como disse acima, se a\u00a0op\u00e7\u00e3o ainda n\u00e3o chegou para voc\u00ea, aguarde a atualiza\u00e7\u00e3o, n\u00e3o esquecendo de verificar na Play Store ou Apple Store se ela j\u00e1 n\u00e3o est\u00e1 dispon\u00edvel para download manual.<\/span><\/p>\n<p><img data-recalc-dims=\"1\" fetchpriority=\"high\" decoding=\"async\" data-attachment-id=\"14373\" data-permalink=\"https:\/\/gersonguelmann.com.br\/blog\/administrador-do-grupo-de-whatsapp-agora-tem-super-poderes\/wa-11\/\" data-orig-file=\"https:\/\/i0.wp.com\/gersonguelmann.com.br\/blog\/wp-content\/uploads\/2018\/06\/WA.jpg?fit=284%2C177&amp;ssl=1\" data-orig-size=\"284,177\" data-comments-opened=\"1\" data-image-meta=\"{&quot;aperture&quot;:&quot;0&quot;,&quot;credit&quot;:&quot;&quot;,&quot;camera&quot;:&quot;&quot;,&quot;caption&quot;:&quot;&quot;,&quot;created_timestamp&quot;:&quot;0&quot;,&quot;copyright&quot;:&quot;&quot;,&quot;focal_length&quot;:&quot;0&quot;,&quot;iso&quot;:&quot;0&quot;,&quot;shutter_speed&quot;:&quot;0&quot;,&quot;title&quot;:&quot;&quot;,&quot;orientation&quot;:&quot;0&quot;}\" data-image-title=\"WA\" data-image-description=\"\" data-image-caption=\"\" data-medium-file=\"https:\/\/i0.wp.com\/gersonguelmann.com.br\/blog\/wp-content\/uploads\/2018\/06\/WA.jpg?fit=284%2C177&amp;ssl=1\" data-large-file=\"https:\/\/i0.wp.com\/gersonguelmann.com.br\/blog\/wp-content\/uploads\/2018\/06\/WA.jpg?fit=284%2C177&amp;ssl=1\" class=\"size-full wp-image-14373 aligncenter\" src=\"https:\/\/i0.wp.com\/gersonguelmann.com.br\/blog\/wp-content\/uploads\/2018\/06\/WA.jpg?resize=284%2C177&#038;ssl=1\" alt=\"\" width=\"284\" height=\"177\" \/><\/p>\n<p>&nbsp;<\/p>\n","protected":false},"excerpt":{"rendered":"<p>Se voc\u00ea \u00e9 Administrador de um ou mais grupos de WhatsApp, a partir de hoje est\u00e1 ao teu dispor uma nova fun\u00e7\u00e3o. Primeiramente voc\u00ea precisa ter a \u00faltima vers\u00e3o do aplicativo &#8211; 2.18.201 &#8211;\u00a0que foi liberada hoje. Como faz sempre, o desenvolvedor do WhatsApp liberou a funcionalidade primeiro para quem t\u00eam a vers\u00e3o Beta, o [&hellip;]<\/p>\n","protected":false},"author":5,"featured_media":14373,"comment_status":"open","ping_status":"open","sticky":false,"template":"","format":"standard","meta":{"_acf_changed":false,"jetpack_post_was_ever_published":false,"_jetpack_newsletter_access":"","_jetpack_dont_email_post_to_subs":false,"_jetpack_newsletter_tier_id":0,"_jetpack_memberships_contains_paywalled_content":false,"_jetpack_memberships_contains_paid_content":false,"footnotes":"","jetpack_publicize_message":"","jetpack_publicize_feature_enabled":true,"jetpack_social_post_already_shared":true,"jetpack_social_options":{"image_generator_settings":{"template":"highway","default_image_id":0,"font":"","enabled":false},"version":2}},"categories":[1],"tags":[],"class_list":["post-14372","post","type-post","status-publish","format-standard","has-post-thumbnail","hentry","category-sem-categoria"],"acf":[],"yoast_head":"<!-- This site is optimized with the Yoast SEO plugin v27.3 - https:\/\/yoast.com\/product\/yoast-seo-wordpress\/ -->\n<title>Administrador do Grupo de WhatsApp Agora Tem Super-Poderes | Blog do Guelmann<\/title>\n<meta name=\"robots\" content=\"index, follow, max-snippet:-1, max-image-preview:large, max-video-preview:-1\" \/>\n<link rel=\"canonical\" href=\"https:\/\/gersonguelmann.com.br\/blog\/administrador-do-grupo-de-whatsapp-agora-tem-super-poderes\/\" \/>\n<meta property=\"og:locale\" content=\"pt_BR\" \/>\n<meta property=\"og:type\" content=\"article\" \/>\n<meta property=\"og:title\" content=\"Administrador do Grupo de WhatsApp Agora Tem Super-Poderes | Blog do Guelmann\" \/>\n<meta property=\"og:description\" content=\"Se voc\u00ea \u00e9 Administrador de um ou mais grupos de WhatsApp, a partir de hoje est\u00e1 ao teu dispor uma nova fun\u00e7\u00e3o. Primeiramente voc\u00ea precisa ter a \u00faltima vers\u00e3o do aplicativo &#8211; 2.18.201 &#8211;\u00a0que foi liberada hoje. Como faz sempre, o desenvolvedor do WhatsApp liberou a funcionalidade primeiro para quem t\u00eam a vers\u00e3o Beta, o [&hellip;]\" \/>\n<meta property=\"og:url\" content=\"https:\/\/gersonguelmann.com.br\/blog\/administrador-do-grupo-de-whatsapp-agora-tem-super-poderes\/\" \/>\n<meta property=\"og:site_name\" content=\"Blog do Guelmann\" \/>\n<meta property=\"article:published_time\" content=\"2018-06-30T00:00:25+00:00\" \/>\n<meta property=\"og:image\" content=\"https:\/\/i0.wp.com\/gersonguelmann.com.br\/blog\/wp-content\/uploads\/2018\/06\/WA.jpg?fit=284%2C177&ssl=1\" \/>\n\t<meta property=\"og:image:width\" content=\"284\" \/>\n\t<meta property=\"og:image:height\" content=\"177\" \/>\n\t<meta property=\"og:image:type\" content=\"image\/jpeg\" \/>\n<meta name=\"author\" content=\"Gerson Guelmann\" \/>\n<meta name=\"twitter:card\" content=\"summary_large_image\" \/>\n<meta name=\"twitter:label1\" content=\"Escrito por\" \/>\n\t<meta name=\"twitter:data1\" content=\"Gerson Guelmann\" \/>\n\t<meta name=\"twitter:label2\" content=\"Est. tempo de leitura\" \/>\n\t<meta name=\"twitter:data2\" content=\"1 minuto\" \/>\n<script type=\"application\/ld+json\" class=\"yoast-schema-graph\">{\"@context\":\"https:\\\/\\\/schema.org\",\"@graph\":[{\"@type\":\"Article\",\"@id\":\"https:\\\/\\\/gersonguelmann.com.br\\\/blog\\\/administrador-do-grupo-de-whatsapp-agora-tem-super-poderes\\\/#article\",\"isPartOf\":{\"@id\":\"https:\\\/\\\/gersonguelmann.com.br\\\/blog\\\/administrador-do-grupo-de-whatsapp-agora-tem-super-poderes\\\/\"},\"author\":{\"name\":\"Gerson Guelmann\",\"@id\":\"https:\\\/\\\/gersonguelmann.com.br\\\/blog\\\/#\\\/schema\\\/person\\\/87e70e2a786888082f941a482c90569e\"},\"headline\":\"Administrador do Grupo de WhatsApp Agora Tem Super-Poderes\",\"datePublished\":\"2018-06-30T00:00:25+00:00\",\"mainEntityOfPage\":{\"@id\":\"https:\\\/\\\/gersonguelmann.com.br\\\/blog\\\/administrador-do-grupo-de-whatsapp-agora-tem-super-poderes\\\/\"},\"wordCount\":297,\"commentCount\":0,\"image\":{\"@id\":\"https:\\\/\\\/gersonguelmann.com.br\\\/blog\\\/administrador-do-grupo-de-whatsapp-agora-tem-super-poderes\\\/#primaryimage\"},\"thumbnailUrl\":\"https:\\\/\\\/i0.wp.com\\\/gersonguelmann.com.br\\\/blog\\\/wp-content\\\/uploads\\\/2018\\\/06\\\/WA.jpg?fit=284%2C177&ssl=1\",\"inLanguage\":\"pt-BR\",\"potentialAction\":[{\"@type\":\"CommentAction\",\"name\":\"Comment\",\"target\":[\"https:\\\/\\\/gersonguelmann.com.br\\\/blog\\\/administrador-do-grupo-de-whatsapp-agora-tem-super-poderes\\\/#respond\"]}]},{\"@type\":\"WebPage\",\"@id\":\"https:\\\/\\\/gersonguelmann.com.br\\\/blog\\\/administrador-do-grupo-de-whatsapp-agora-tem-super-poderes\\\/\",\"url\":\"https:\\\/\\\/gersonguelmann.com.br\\\/blog\\\/administrador-do-grupo-de-whatsapp-agora-tem-super-poderes\\\/\",\"name\":\"Administrador do Grupo de WhatsApp Agora Tem Super-Poderes | Blog do Guelmann\",\"isPartOf\":{\"@id\":\"https:\\\/\\\/gersonguelmann.com.br\\\/blog\\\/#website\"},\"primaryImageOfPage\":{\"@id\":\"https:\\\/\\\/gersonguelmann.com.br\\\/blog\\\/administrador-do-grupo-de-whatsapp-agora-tem-super-poderes\\\/#primaryimage\"},\"image\":{\"@id\":\"https:\\\/\\\/gersonguelmann.com.br\\\/blog\\\/administrador-do-grupo-de-whatsapp-agora-tem-super-poderes\\\/#primaryimage\"},\"thumbnailUrl\":\"https:\\\/\\\/i0.wp.com\\\/gersonguelmann.com.br\\\/blog\\\/wp-content\\\/uploads\\\/2018\\\/06\\\/WA.jpg?fit=284%2C177&ssl=1\",\"datePublished\":\"2018-06-30T00:00:25+00:00\",\"author\":{\"@id\":\"https:\\\/\\\/gersonguelmann.com.br\\\/blog\\\/#\\\/schema\\\/person\\\/87e70e2a786888082f941a482c90569e\"},\"inLanguage\":\"pt-BR\",\"potentialAction\":[{\"@type\":\"ReadAction\",\"target\":[\"https:\\\/\\\/gersonguelmann.com.br\\\/blog\\\/administrador-do-grupo-de-whatsapp-agora-tem-super-poderes\\\/\"]}]},{\"@type\":\"ImageObject\",\"inLanguage\":\"pt-BR\",\"@id\":\"https:\\\/\\\/gersonguelmann.com.br\\\/blog\\\/administrador-do-grupo-de-whatsapp-agora-tem-super-poderes\\\/#primaryimage\",\"url\":\"https:\\\/\\\/i0.wp.com\\\/gersonguelmann.com.br\\\/blog\\\/wp-content\\\/uploads\\\/2018\\\/06\\\/WA.jpg?fit=284%2C177&ssl=1\",\"contentUrl\":\"https:\\\/\\\/i0.wp.com\\\/gersonguelmann.com.br\\\/blog\\\/wp-content\\\/uploads\\\/2018\\\/06\\\/WA.jpg?fit=284%2C177&ssl=1\",\"width\":284,\"height\":177},{\"@type\":\"WebSite\",\"@id\":\"https:\\\/\\\/gersonguelmann.com.br\\\/blog\\\/#website\",\"url\":\"https:\\\/\\\/gersonguelmann.com.br\\\/blog\\\/\",\"name\":\"Blog do Guelmann\",\"description\":\"Pitadas da sabedoria e do humor judaicos, assuntos do momento e um pouco das hist\u00f3rias que vivi e testemunhei.\",\"potentialAction\":[{\"@type\":\"SearchAction\",\"target\":{\"@type\":\"EntryPoint\",\"urlTemplate\":\"https:\\\/\\\/gersonguelmann.com.br\\\/blog\\\/?s={search_term_string}\"},\"query-input\":{\"@type\":\"PropertyValueSpecification\",\"valueRequired\":true,\"valueName\":\"search_term_string\"}}],\"inLanguage\":\"pt-BR\"},{\"@type\":\"Person\",\"@id\":\"https:\\\/\\\/gersonguelmann.com.br\\\/blog\\\/#\\\/schema\\\/person\\\/87e70e2a786888082f941a482c90569e\",\"name\":\"Gerson Guelmann\",\"image\":{\"@type\":\"ImageObject\",\"inLanguage\":\"pt-BR\",\"@id\":\"https:\\\/\\\/i0.wp.com\\\/gersonguelmann.com.br\\\/blog\\\/wp-content\\\/uploads\\\/2021\\\/08\\\/BLOG.jpeg?fit=96%2C96&ssl=1\",\"url\":\"https:\\\/\\\/i0.wp.com\\\/gersonguelmann.com.br\\\/blog\\\/wp-content\\\/uploads\\\/2021\\\/08\\\/BLOG.jpeg?fit=96%2C96&ssl=1\",\"contentUrl\":\"https:\\\/\\\/i0.wp.com\\\/gersonguelmann.com.br\\\/blog\\\/wp-content\\\/uploads\\\/2021\\\/08\\\/BLOG.jpeg?fit=96%2C96&ssl=1\",\"caption\":\"Gerson Guelmann\"},\"description\":\"Pitadas da sabedoria e do humor judaicos, assuntos do momento e um pouco das hist\u00f3rias que vivi e testemunhei.\"}]}<\/script>\n<!-- \/ Yoast SEO plugin. -->","yoast_head_json":{"title":"Administrador do Grupo de WhatsApp Agora Tem Super-Poderes | Blog do Guelmann","robots":{"index":"index","follow":"follow","max-snippet":"max-snippet:-1","max-image-preview":"max-image-preview:large","max-video-preview":"max-video-preview:-1"},"canonical":"https:\/\/gersonguelmann.com.br\/blog\/administrador-do-grupo-de-whatsapp-agora-tem-super-poderes\/","og_locale":"pt_BR","og_type":"article","og_title":"Administrador do Grupo de WhatsApp Agora Tem Super-Poderes | Blog do Guelmann","og_description":"Se voc\u00ea \u00e9 Administrador de um ou mais grupos de WhatsApp, a partir de hoje est\u00e1 ao teu dispor uma nova fun\u00e7\u00e3o. Primeiramente voc\u00ea precisa ter a \u00faltima vers\u00e3o do aplicativo &#8211; 2.18.201 &#8211;\u00a0que foi liberada hoje. Como faz sempre, o desenvolvedor do WhatsApp liberou a funcionalidade primeiro para quem t\u00eam a vers\u00e3o Beta, o [&hellip;]","og_url":"https:\/\/gersonguelmann.com.br\/blog\/administrador-do-grupo-de-whatsapp-agora-tem-super-poderes\/","og_site_name":"Blog do Guelmann","article_published_time":"2018-06-30T00:00:25+00:00","og_image":[{"width":284,"height":177,"url":"https:\/\/i0.wp.com\/gersonguelmann.com.br\/blog\/wp-content\/uploads\/2018\/06\/WA.jpg?fit=284%2C177&ssl=1","type":"image\/jpeg"}],"author":"Gerson Guelmann","twitter_card":"summary_large_image","twitter_misc":{"Escrito por":"Gerson Guelmann","Est. tempo de leitura":"1 minuto"},"schema":{"@context":"https:\/\/schema.org","@graph":[{"@type":"Article","@id":"https:\/\/gersonguelmann.com.br\/blog\/administrador-do-grupo-de-whatsapp-agora-tem-super-poderes\/#article","isPartOf":{"@id":"https:\/\/gersonguelmann.com.br\/blog\/administrador-do-grupo-de-whatsapp-agora-tem-super-poderes\/"},"author":{"name":"Gerson Guelmann","@id":"https:\/\/gersonguelmann.com.br\/blog\/#\/schema\/person\/87e70e2a786888082f941a482c90569e"},"headline":"Administrador do Grupo de WhatsApp Agora Tem Super-Poderes","datePublished":"2018-06-30T00:00:25+00:00","mainEntityOfPage":{"@id":"https:\/\/gersonguelmann.com.br\/blog\/administrador-do-grupo-de-whatsapp-agora-tem-super-poderes\/"},"wordCount":297,"commentCount":0,"image":{"@id":"https:\/\/gersonguelmann.com.br\/blog\/administrador-do-grupo-de-whatsapp-agora-tem-super-poderes\/#primaryimage"},"thumbnailUrl":"https:\/\/i0.wp.com\/gersonguelmann.com.br\/blog\/wp-content\/uploads\/2018\/06\/WA.jpg?fit=284%2C177&ssl=1","inLanguage":"pt-BR","potentialAction":[{"@type":"CommentAction","name":"Comment","target":["https:\/\/gersonguelmann.com.br\/blog\/administrador-do-grupo-de-whatsapp-agora-tem-super-poderes\/#respond"]}]},{"@type":"WebPage","@id":"https:\/\/gersonguelmann.com.br\/blog\/administrador-do-grupo-de-whatsapp-agora-tem-super-poderes\/","url":"https:\/\/gersonguelmann.com.br\/blog\/administrador-do-grupo-de-whatsapp-agora-tem-super-poderes\/","name":"Administrador do Grupo de WhatsApp Agora Tem Super-Poderes | Blog do Guelmann","isPartOf":{"@id":"https:\/\/gersonguelmann.com.br\/blog\/#website"},"primaryImageOfPage":{"@id":"https:\/\/gersonguelmann.com.br\/blog\/administrador-do-grupo-de-whatsapp-agora-tem-super-poderes\/#primaryimage"},"image":{"@id":"https:\/\/gersonguelmann.com.br\/blog\/administrador-do-grupo-de-whatsapp-agora-tem-super-poderes\/#primaryimage"},"thumbnailUrl":"https:\/\/i0.wp.com\/gersonguelmann.com.br\/blog\/wp-content\/uploads\/2018\/06\/WA.jpg?fit=284%2C177&ssl=1","datePublished":"2018-06-30T00:00:25+00:00","author":{"@id":"https:\/\/gersonguelmann.com.br\/blog\/#\/schema\/person\/87e70e2a786888082f941a482c90569e"},"inLanguage":"pt-BR","potentialAction":[{"@type":"ReadAction","target":["https:\/\/gersonguelmann.com.br\/blog\/administrador-do-grupo-de-whatsapp-agora-tem-super-poderes\/"]}]},{"@type":"ImageObject","inLanguage":"pt-BR","@id":"https:\/\/gersonguelmann.com.br\/blog\/administrador-do-grupo-de-whatsapp-agora-tem-super-poderes\/#primaryimage","url":"https:\/\/i0.wp.com\/gersonguelmann.com.br\/blog\/wp-content\/uploads\/2018\/06\/WA.jpg?fit=284%2C177&ssl=1","contentUrl":"https:\/\/i0.wp.com\/gersonguelmann.com.br\/blog\/wp-content\/uploads\/2018\/06\/WA.jpg?fit=284%2C177&ssl=1","width":284,"height":177},{"@type":"WebSite","@id":"https:\/\/gersonguelmann.com.br\/blog\/#website","url":"https:\/\/gersonguelmann.com.br\/blog\/","name":"Blog do Guelmann","description":"Pitadas da sabedoria e do humor judaicos, assuntos do momento e um pouco das hist\u00f3rias que vivi e testemunhei.","potentialAction":[{"@type":"SearchAction","target":{"@type":"EntryPoint","urlTemplate":"https:\/\/gersonguelmann.com.br\/blog\/?s={search_term_string}"},"query-input":{"@type":"PropertyValueSpecification","valueRequired":true,"valueName":"search_term_string"}}],"inLanguage":"pt-BR"},{"@type":"Person","@id":"https:\/\/gersonguelmann.com.br\/blog\/#\/schema\/person\/87e70e2a786888082f941a482c90569e","name":"Gerson Guelmann","image":{"@type":"ImageObject","inLanguage":"pt-BR","@id":"https:\/\/i0.wp.com\/gersonguelmann.com.br\/blog\/wp-content\/uploads\/2021\/08\/BLOG.jpeg?fit=96%2C96&ssl=1","url":"https:\/\/i0.wp.com\/gersonguelmann.com.br\/blog\/wp-content\/uploads\/2021\/08\/BLOG.jpeg?fit=96%2C96&ssl=1","contentUrl":"https:\/\/i0.wp.com\/gersonguelmann.com.br\/blog\/wp-content\/uploads\/2021\/08\/BLOG.jpeg?fit=96%2C96&ssl=1","caption":"Gerson Guelmann"},"description":"Pitadas da sabedoria e do humor judaicos, assuntos do momento e um pouco das hist\u00f3rias que vivi e testemunhei."}]}},"views":151,"jetpack_publicize_connections":[],"jetpack_featured_media_url":"https:\/\/i0.wp.com\/gersonguelmann.com.br\/blog\/wp-content\/uploads\/2018\/06\/WA.jpg?fit=284%2C177&ssl=1","jetpack_shortlink":"https:\/\/wp.me\/p96e7O-3JO","jetpack-related-posts":[{"id":14036,"url":"https:\/\/gersonguelmann.com.br\/blog\/administradores-de-grupos-de-whatsapp-poderao-deixar-outros-de-castigo\/","url_meta":{"origin":14372,"position":0},"title":"Administradores de Grupos de WhatsApp Poder\u00e3o Deixar Outros de Castigo","author":"Gerson Guelmann","date":"16 de junho de 2018","format":false,"excerpt":"Voc\u00ea \u00e9 administrador de grupo do WhatsApp e n\u00e3o sabe o que fazer com o cara que sistematicamente desobedece as regras? Saiba que teu dia de vingan\u00e7a est\u00e1 pr\u00f3ximo. Sites de tecnologia informaram hoje que o WhatsApp est\u00e1 testando um recurso que permite \"colocar no castigo\" membros de um grupo\u2026","rel":"","context":"Em &quot;Sem categoria&quot;","block_context":{"text":"Sem categoria","link":"https:\/\/gersonguelmann.com.br\/blog\/category\/sem-categoria\/"},"img":{"alt_text":"","src":"https:\/\/i0.wp.com\/gersonguelmann.com.br\/blog\/wp-content\/uploads\/2018\/06\/whatsapp-silence.jpg?fit=1200%2C800&ssl=1&resize=350%2C200","width":350,"height":200,"srcset":"https:\/\/i0.wp.com\/gersonguelmann.com.br\/blog\/wp-content\/uploads\/2018\/06\/whatsapp-silence.jpg?fit=1200%2C800&ssl=1&resize=350%2C200 1x, https:\/\/i0.wp.com\/gersonguelmann.com.br\/blog\/wp-content\/uploads\/2018\/06\/whatsapp-silence.jpg?fit=1200%2C800&ssl=1&resize=525%2C300 1.5x, https:\/\/i0.wp.com\/gersonguelmann.com.br\/blog\/wp-content\/uploads\/2018\/06\/whatsapp-silence.jpg?fit=1200%2C800&ssl=1&resize=700%2C400 2x, https:\/\/i0.wp.com\/gersonguelmann.com.br\/blog\/wp-content\/uploads\/2018\/06\/whatsapp-silence.jpg?fit=1200%2C800&ssl=1&resize=1050%2C600 3x"},"classes":[]},{"id":12962,"url":"https:\/\/gersonguelmann.com.br\/blog\/grupos-de-whatsapp-agora-com-novidades\/","url_meta":{"origin":14372,"position":1},"title":"Grupos de WhatsApp Agora Com Novidades","author":"Gerson Guelmann","date":"15 de maio de 2018","format":false,"excerpt":"O aplicativo WhatsApp implantou hoje algumas facilidades voltadas aos Grupos. As novidades s\u00e3o as seguintes: Descri\u00e7\u00e3o do grupo:\u00a0a partir de agora ser\u00e1 poss\u00edvel adicionar um breve resumo com o prop\u00f3sito, as diretrizes ou os t\u00f3picos do grupo, para as pessoas vejam isso ao entrar em um grupo. \u00a0\u00a0 Controles de\u2026","rel":"","context":"Em &quot;Sem categoria&quot;","block_context":{"text":"Sem categoria","link":"https:\/\/gersonguelmann.com.br\/blog\/category\/sem-categoria\/"},"img":{"alt_text":"","src":"https:\/\/i0.wp.com\/gersonguelmann.com.br\/blog\/wp-content\/uploads\/2018\/05\/whatsapp-groups.jpg?fit=400%2C267&ssl=1&resize=350%2C200","width":350,"height":200},"classes":[]},{"id":14312,"url":"https:\/\/gersonguelmann.com.br\/blog\/quem-sao-os-malas-nos-teus-grupos-de-whatsapp\/","url_meta":{"origin":14372,"position":2},"title":"Quem S\u00e3o os Malas nos Teus Grupos de WhatsApp?","author":"Gerson Guelmann","date":"24 de abril de 2023","format":false,"excerpt":"O WhatsApp come\u00e7ou a ser usado em 2009 pelos usu\u00e1rios de iPhone e em 2010 nos smartphones Android, tornando-se o aplicativo de mensagens mais popular do mundo. Os \u00faltimos dados fornecidos pelo Facebook, propriet\u00e1rio do WhatsApp, s\u00e3o de julho de 2021, quando ele tinha mais de 2 bilh\u00f5es de usu\u00e1rios\u2026","rel":"","context":"Em &quot;Sem categoria&quot;","block_context":{"text":"Sem categoria","link":"https:\/\/gersonguelmann.com.br\/blog\/category\/sem-categoria\/"},"img":{"alt_text":"","src":"https:\/\/i0.wp.com\/gersonguelmann.com.br\/blog\/wp-content\/uploads\/2023\/04\/HojePR-4.jpg?fit=1170%2C780&ssl=1&resize=350%2C200","width":350,"height":200,"srcset":"https:\/\/i0.wp.com\/gersonguelmann.com.br\/blog\/wp-content\/uploads\/2023\/04\/HojePR-4.jpg?fit=1170%2C780&ssl=1&resize=350%2C200 1x, https:\/\/i0.wp.com\/gersonguelmann.com.br\/blog\/wp-content\/uploads\/2023\/04\/HojePR-4.jpg?fit=1170%2C780&ssl=1&resize=525%2C300 1.5x, https:\/\/i0.wp.com\/gersonguelmann.com.br\/blog\/wp-content\/uploads\/2023\/04\/HojePR-4.jpg?fit=1170%2C780&ssl=1&resize=700%2C400 2x, https:\/\/i0.wp.com\/gersonguelmann.com.br\/blog\/wp-content\/uploads\/2023\/04\/HojePR-4.jpg?fit=1170%2C780&ssl=1&resize=1050%2C600 3x"},"classes":[]},{"id":15971,"url":"https:\/\/gersonguelmann.com.br\/blog\/tem-gente-que-nao-usa-whatsapp-veja-so\/","url_meta":{"origin":14372,"position":3},"title":"Tem Gente Que N\u00e3o Usa WhatsApp, Veja S\u00f3","author":"Gerson Guelmann","date":"24 de fevereiro de 2019","format":false,"excerpt":"O WhatsApp tornou-se uma ferramenta t\u00e3o presente em nosso dia a dia que \u00e9 dif\u00edcil imaginar como seria a vida sem ele. Segundo os n\u00fameros mais recentes o Brasil \u00e9 o 2\u00ba pa\u00eds com o maior n\u00famero de usu\u00e1rios e mais de 70% dos celulares t\u00eam o aplicativo baixado.\u00a0 O\u2026","rel":"","context":"Em &quot;Sem categoria&quot;","block_context":{"text":"Sem categoria","link":"https:\/\/gersonguelmann.com.br\/blog\/category\/sem-categoria\/"},"img":{"alt_text":"","src":"https:\/\/i0.wp.com\/gersonguelmann.com.br\/blog\/wp-content\/uploads\/2019\/02\/WA1-300x140.jpg?resize=350%2C200&ssl=1","width":350,"height":200},"classes":[]},{"id":22123,"url":"https:\/\/gersonguelmann.com.br\/blog\/gravou-audio-no-whatsapp-e-acha-que-nao-ficou-bom-agora-vai-poder-conferir\/","url_meta":{"origin":14372,"position":4},"title":"Gravou \u00c1udio no WhatsApp e Acha Que N\u00e3o Ficou Bom? Agora Vai Poder Conferir","author":"Gerson Guelmann","date":"3 de maio de 2021","format":false,"excerpt":"Os desenvolvedores do WhatsApp, o aplicativo de mensagens mais popular do mundo, continuamente adicionam novas funcionalidades para facilitar seu uso. Quem utiliza o WA desde seu lan\u00e7amento sabe que os recursos dispon\u00edveis atualmente s\u00e3o infinitamente melhores do que os de alguns anos atr\u00e1s. Agora est\u00e1 sendo anunciado mais um avan\u00e7o,\u2026","rel":"","context":"Em &quot;Sem categoria&quot;","block_context":{"text":"Sem categoria","link":"https:\/\/gersonguelmann.com.br\/blog\/category\/sem-categoria\/"},"img":{"alt_text":"","src":"https:\/\/i0.wp.com\/gersonguelmann.com.br\/blog\/wp-content\/uploads\/2021\/05\/WA-scaled.jpg?fit=800%2C1200&ssl=1&resize=350%2C200","width":350,"height":200,"srcset":"https:\/\/i0.wp.com\/gersonguelmann.com.br\/blog\/wp-content\/uploads\/2021\/05\/WA-scaled.jpg?fit=800%2C1200&ssl=1&resize=350%2C200 1x, https:\/\/i0.wp.com\/gersonguelmann.com.br\/blog\/wp-content\/uploads\/2021\/05\/WA-scaled.jpg?fit=800%2C1200&ssl=1&resize=525%2C300 1.5x, https:\/\/i0.wp.com\/gersonguelmann.com.br\/blog\/wp-content\/uploads\/2021\/05\/WA-scaled.jpg?fit=800%2C1200&ssl=1&resize=700%2C400 2x"},"classes":[]},{"id":18294,"url":"https:\/\/gersonguelmann.com.br\/blog\/e-se-voce-quiser-sair-do-whatsapp\/","url_meta":{"origin":14372,"position":5},"title":"E Se Voc\u00ea Quiser Sair do WhatsApp?","author":"Gerson Guelmann","date":"6 de setembro de 2019","format":false,"excerpt":"Bom, todos sabemos que o WhatsApp \u00e9 o aplicativo de mensagens com o maior n\u00famero de usu\u00e1rios em todo mundo. J\u00e1 surgiram muitos concorrentes, mas nenhum deles conseguiu sequer chegar perto do WhatsApp, que, segundo as informa\u00e7\u00f5es mais recentes, est\u00e1 instalado em mais de 1 BILH\u00c3O de celulares. De toda\u2026","rel":"","context":"Em &quot;Sem categoria&quot;","block_context":{"text":"Sem categoria","link":"https:\/\/gersonguelmann.com.br\/blog\/category\/sem-categoria\/"},"img":{"alt_text":"","src":"https:\/\/i0.wp.com\/gersonguelmann.com.br\/blog\/wp-content\/uploads\/2019\/09\/WhatsApp-300x157.jpg?resize=350%2C200&ssl=1","width":350,"height":200},"classes":[]}],"jetpack_sharing_enabled":true,"post_mailing_queue_ids":[],"_links":{"self":[{"href":"https:\/\/gersonguelmann.com.br\/blog\/wp-json\/wp\/v2\/posts\/14372","targetHints":{"allow":["GET"]}}],"collection":[{"href":"https:\/\/gersonguelmann.com.br\/blog\/wp-json\/wp\/v2\/posts"}],"about":[{"href":"https:\/\/gersonguelmann.com.br\/blog\/wp-json\/wp\/v2\/types\/post"}],"author":[{"embeddable":true,"href":"https:\/\/gersonguelmann.com.br\/blog\/wp-json\/wp\/v2\/users\/5"}],"replies":[{"embeddable":true,"href":"https:\/\/gersonguelmann.com.br\/blog\/wp-json\/wp\/v2\/comments?post=14372"}],"version-history":[{"count":0,"href":"https:\/\/gersonguelmann.com.br\/blog\/wp-json\/wp\/v2\/posts\/14372\/revisions"}],"wp:featuredmedia":[{"embeddable":true,"href":"https:\/\/gersonguelmann.com.br\/blog\/wp-json\/wp\/v2\/media\/14373"}],"wp:attachment":[{"href":"https:\/\/gersonguelmann.com.br\/blog\/wp-json\/wp\/v2\/media?parent=14372"}],"wp:term":[{"taxonomy":"category","embeddable":true,"href":"https:\/\/gersonguelmann.com.br\/blog\/wp-json\/wp\/v2\/categories?post=14372"},{"taxonomy":"post_tag","embeddable":true,"href":"https:\/\/gersonguelmann.com.br\/blog\/wp-json\/wp\/v2\/tags?post=14372"}],"curies":[{"name":"wp","href":"https:\/\/api.w.org\/{rel}","templated":true}]}}