    {"id":14375,"date":"2018-06-29T22:36:09","date_gmt":"2018-06-30T01:36:09","guid":{"rendered":"https:\/\/gersonguelmann.com.br\/blog\/?p=14375"},"modified":"2018-06-29T22:36:09","modified_gmt":"2018-06-30T01:36:09","slug":"numeros-de-todas-as-copas-do-mundo-para-aficionados","status":"publish","type":"post","link":"https:\/\/gersonguelmann.com.br\/blog\/numeros-de-todas-as-copas-do-mundo-para-aficionados\/","title":{"rendered":"N\u00fameros de Todas as Copas do Mundo (Para Aficionados)"},"content":{"rendered":"<p><span style=\"font-family: georgia, palatino, serif; font-size: 18pt; color: #000000;\">Recebi o material abaixo num grupo de WhatsApp, sem identifica\u00e7\u00e3o da autoria, que n\u00e3o consegui descobrir na pesquisa que fiz.<\/span><\/p>\n<p><span style=\"font-family: georgia, palatino, serif; font-size: 18pt; color: #000000;\">Se algu\u00e9m souber, farei a inclus\u00e3o do cr\u00e9dito aqui no Blog.<\/span><\/p>\n<p><span style=\"font-family: georgia, palatino, serif; font-size: 18pt; color: #000000;\">Espero tamb\u00e9m que os dados estejam corretos.\u00a0\u00a0<\/span><\/p>\n<p>&nbsp;<\/p>\n<p><strong><span style=\"font-family: georgia, palatino, serif; font-size: 18pt; color: #000000;\">Pa\u00edses com mais presen\u00e7as nas Copas do Mundo (desde 1930):<\/span><\/strong><\/p>\n<p><span style=\"font-family: georgia, palatino, serif; font-size: 18pt; color: #000000;\">&#x1f1e7;&#x1f1f7; Brasil &#8211; 21<\/span><br \/>\n<span style=\"font-family: georgia, palatino, serif; font-size: 18pt; color: #000000;\">&#x1f1e9;&#x1f1ea; Alemanha &#8211; 19<\/span><br \/>\n<span style=\"font-family: georgia, palatino, serif; font-size: 18pt; color: #000000;\">&#x1f1ee;&#x1f1f9; It\u00e1lia &#8211; 19 <\/span><br \/>\n<span style=\"font-family: georgia, palatino, serif; font-size: 18pt; color: #000000;\">&#x1f1e6;&#x1f1f7; Argentina &#8211; 17 <\/span><br \/>\n<span style=\"font-family: georgia, palatino, serif; font-size: 18pt; color: #000000;\">&#x1f1f2;&#x1f1fd; M\u00e9xico &#8211; 16 <\/span><br \/>\n<span style=\"font-family: georgia, palatino, serif; font-size: 18pt; color: #000000;\">&#x1f1ea;&#x1f1f8; Espanha &#8211; 15 <\/span><br \/>\n<span style=\"font-family: georgia, palatino, serif; font-size: 18pt; color: #000000;\">&#x1f1eb;&#x1f1f7; Fran\u00e7a &#8211; 15<\/span><br \/>\n<span style=\"font-family: georgia, palatino, serif; font-size: 18pt; color: #000000;\">&#x1f3f4;&#xe0067;&#xe0062;&#xe0065;&#xe006e;&#xe0067;&#xe007f; Inglaterra &#8211; 15<\/span><br \/>\n<span style=\"font-family: georgia, palatino, serif; font-size: 18pt; color: #000000;\">&#x1f1e7;&#x1f1ea; B\u00e9lgica &#8211; 13<\/span><br \/>\n<span style=\"font-family: georgia, palatino, serif; font-size: 18pt; color: #000000;\">&#x1f1fa;&#x1f1fe; Uruguai &#8211; 13<\/span><\/p>\n<p><strong><span style=\"font-family: georgia, palatino, serif; font-size: 18pt; color: #000000;\">Campe\u00f5es da Copa do Mundo:<\/span><\/strong><\/p>\n<p><span style=\"font-family: georgia, palatino, serif; font-size: 18pt; color: #000000;\">1930 &#8211; &#x1f1fa;&#x1f1fe;<\/span><br \/>\n<span style=\"font-family: georgia, palatino, serif; font-size: 18pt; color: #000000;\">1934 &#8211; &#x1f1ee;&#x1f1f9;<\/span><br \/>\n<span style=\"font-family: georgia, palatino, serif; font-size: 18pt; color: #000000;\">1938 &#8211; &#x1f1ee;&#x1f1f9;<\/span><br \/>\n<span style=\"font-family: georgia, palatino, serif; font-size: 18pt; color: #000000;\">1950 &#8211; &#x1f1fa;&#x1f1fe;<\/span><br \/>\n<span style=\"font-family: georgia, palatino, serif; font-size: 18pt; color: #000000;\">1954 &#8211; &#x1f1e9;&#x1f1ea;<\/span><br \/>\n<span style=\"font-family: georgia, palatino, serif; font-size: 18pt; color: #000000;\">1958 &#8211; &#x1f1e7;&#x1f1f7;<\/span><br \/>\n<span style=\"font-family: georgia, palatino, serif; font-size: 18pt; color: #000000;\">1962 &#8211; &#x1f1e7;&#x1f1f7;<\/span><br \/>\n<span style=\"font-family: georgia, palatino, serif; font-size: 18pt; color: #000000;\">1966 &#8211; &#x1f3f4;&#xe0067;&#xe0062;&#xe0065;&#xe006e;&#xe0067;&#xe007f;<\/span><br \/>\n<span style=\"font-family: georgia, palatino, serif; font-size: 18pt; color: #000000;\">1970 &#8211; &#x1f1e7;&#x1f1f7;<\/span><br \/>\n<span style=\"font-family: georgia, palatino, serif; font-size: 18pt; color: #000000;\">1974 &#8211; &#x1f1e9;&#x1f1ea;<\/span><br \/>\n<span style=\"font-family: georgia, palatino, serif; font-size: 18pt; color: #000000;\">1978 &#8211; &#x1f1e6;&#x1f1f7;<\/span><br \/>\n<span style=\"font-family: georgia, palatino, serif; font-size: 18pt; color: #000000;\">1982 &#8211; &#x1f1ee;&#x1f1f9;<\/span><br \/>\n<span style=\"font-family: georgia, palatino, serif; font-size: 18pt; color: #000000;\">1986 &#8211; &#x1f1e6;&#x1f1f7;<\/span><br \/>\n<span style=\"font-family: georgia, palatino, serif; font-size: 18pt; color: #000000;\">1990 &#8211; &#x1f1e9;&#x1f1ea;<\/span><br \/>\n<span style=\"font-family: georgia, palatino, serif; font-size: 18pt; color: #000000;\">1994 &#8211; &#x1f1e7;&#x1f1f7;<\/span><br \/>\n<span style=\"font-family: georgia, palatino, serif; font-size: 18pt; color: #000000;\">1998 &#8211; &#x1f1eb;&#x1f1f7;<\/span><br \/>\n<span style=\"font-family: georgia, palatino, serif; font-size: 18pt; color: #000000;\">2002 &#8211; &#x1f1e7;&#x1f1f7;<\/span><br \/>\n<span style=\"font-family: georgia, palatino, serif; font-size: 18pt; color: #000000;\">2006 &#8211; &#x1f1ee;&#x1f1f9;<\/span><br \/>\n<span style=\"font-family: georgia, palatino, serif; font-size: 18pt; color: #000000;\">2010 &#8211; &#x1f1ea;&#x1f1f8;<\/span><br \/>\n<span style=\"font-family: georgia, palatino, serif; font-size: 18pt; color: #000000;\">2014 &#8211; &#x1f1e9;&#x1f1ea;<\/span><\/p>\n<p><strong><span style=\"font-family: georgia, palatino, serif; font-size: 18pt; color: #000000;\">Ligas nacionais que mais cederam jogadores \u00e0 Copa do Mundo de 2018:<\/span><\/strong><\/p>\n<p><span style=\"font-family: georgia, palatino, serif; font-size: 18pt; color: #000000;\">&#x1f3f4;&#xe0067;&#xe0062;&#xe0065;&#xe006e;&#xe0067;&#xe007f; Premier League &#8211; 107 jogadores<\/span><br \/>\n<span style=\"font-family: georgia, palatino, serif; font-size: 18pt; color: #000000;\">&#x1f1ea;&#x1f1f8; La Liga &#8211; 79 jogadores<\/span><br \/>\n<span style=\"font-family: georgia, palatino, serif; font-size: 18pt; color: #000000;\">&#x1f1e9;&#x1f1ea; Bundesliga &#8211; 64 jogadores<\/span><br \/>\n<span style=\"font-family: georgia, palatino, serif; font-size: 18pt; color: #000000;\">&#x1f1ee;&#x1f1f9; Serie A TIM &#8211; 58 jogadores<\/span><br \/>\n<span style=\"font-family: georgia, palatino, serif; font-size: 18pt; color: #000000;\">&#x1f1eb;&#x1f1f7; Ligue 1 &#8211; 49 jogadores<\/span><\/p>\n<p><span style=\"font-family: georgia, palatino, serif; font-size: 18pt; color: #000000;\">&#x1f1e7;&#x1f1f7; Brasileir\u00e3o &#8211; 9 jogadores<\/span><\/p>\n<p><strong><span style=\"font-family: georgia, palatino, serif; font-size: 18pt; color: #000000;\">Os 10 clubes com mais jogadores convocados \u00e0 Copa do Mundo de 2018:<\/span><\/strong><\/p>\n<p><span style=\"font-family: georgia, palatino, serif; font-size: 18pt; color: #000000;\">Manchester City &#8211; 17<\/span><br \/>\n<span style=\"font-family: georgia, palatino, serif; font-size: 18pt; color: #000000;\">Real Madrid &#8211; 16<\/span><br \/>\n<span style=\"font-family: georgia, palatino, serif; font-size: 18pt; color: #000000;\">Barcelona &#8211; 14<\/span><br \/>\n<span style=\"font-family: georgia, palatino, serif; font-size: 18pt; color: #000000;\">Chelsea &#8211; 13<\/span><br \/>\n<span style=\"font-family: georgia, palatino, serif; font-size: 18pt; color: #000000;\">PSG &#8211; 12<\/span><br \/>\n<span style=\"font-family: georgia, palatino, serif; font-size: 18pt; color: #000000;\">Tottenham &#8211; 12<\/span><br \/>\n<span style=\"font-family: georgia, palatino, serif; font-size: 18pt; color: #000000;\">Manchester United &#8211; 11<\/span><br \/>\n<span style=\"font-family: georgia, palatino, serif; font-size: 18pt; color: #000000;\">Bayern de Munique &#8211; 11<\/span><br \/>\n<span style=\"font-family: georgia, palatino, serif; font-size: 18pt; color: #000000;\">Juventus &#8211; 10<\/span><br \/>\n<span style=\"font-family: georgia, palatino, serif; font-size: 18pt; color: #000000;\">Atl\u00e9tico de Madrid &#8211; 9<\/span><\/p>\n<p><strong><span style=\"font-family: georgia, palatino, serif; font-size: 18pt; color: #000000;\">Sele\u00e7\u00f5es mais valiosas (elenco) da Copa do Mundo de 2018:<\/span><\/strong><\/p>\n<p><span style=\"font-family: georgia, palatino, serif; font-size: 18pt; color: #000000;\">&#x1f1eb;&#x1f1f7; &#8211; \u20ac 1,04 bilh\u00f5es<\/span><br \/>\n<span style=\"font-family: georgia, palatino, serif; font-size: 18pt; color: #000000;\">&#x1f1ea;&#x1f1f8; &#8211; \u20ac 1,03 bilh\u00f5es<\/span><br \/>\n<span style=\"font-family: georgia, palatino, serif; font-size: 18pt; color: #000000;\">&#x1f1e7;&#x1f1f7; &#8211; \u20ac 950 milh\u00f5es<\/span><br \/>\n<span style=\"font-family: georgia, palatino, serif; font-size: 18pt; color: #000000;\">&#x1f1e9;&#x1f1ea; &#8211; \u20ac 877 milh\u00f5es<\/span><br \/>\n<span style=\"font-family: georgia, palatino, serif; font-size: 18pt; color: #000000;\">&#x1f3f4;&#xe0067;&#xe0062;&#xe0065;&#xe006e;&#xe0067;&#xe007f; &#8211; \u20ac 874 milh\u00f5es<\/span><br \/>\n<span style=\"font-family: georgia, palatino, serif; font-size: 18pt; color: #000000;\">&#x1f1e7;&#x1f1ea; &#8211; \u20ac 764 milh\u00f5es<\/span><br \/>\n<span style=\"font-family: georgia, palatino, serif; font-size: 18pt; color: #000000;\">&#x1f1e6;&#x1f1f7; &#8211; \u20ac 698 milh\u00f5es<\/span><br \/>\n<span style=\"font-family: georgia, palatino, serif; font-size: 18pt; color: #000000;\">&#x1f1f5;&#x1f1f9; &#8211; \u20ac 466 milh\u00f5es<\/span><br \/>\n<span style=\"font-family: georgia, palatino, serif; font-size: 18pt; color: #000000;\">&#x1f1fa;&#x1f1fe; &#8211; \u20ac 398 milh\u00f5es<\/span><\/p>\n<p><strong><span style=\"font-family: georgia, palatino, serif; font-size: 18pt; color: #000000;\">Os 5 maiores artilheiros da hist\u00f3ria da Copa do Mundo:<\/span><\/strong><\/p>\n<p><span style=\"font-family: georgia, palatino, serif; font-size: 18pt; color: #000000;\">&#x1f1e9;&#x1f1ea; M. Klose &#8211; 16 gols (2002, 2006, 2010 e 2014)<\/span><br \/>\n<span style=\"font-family: georgia, palatino, serif; font-size: 18pt; color: #000000;\">&#x1f1e7;&#x1f1f7; Ronaldo &#8211; 15 gols (1994, 1998, 2002 e 2006)<\/span><br \/>\n<span style=\"font-family: georgia, palatino, serif; font-size: 18pt; color: #000000;\">&#x1f1e9;&#x1f1ea; G. M\u00fcller &#8211; 14 gols (1970 e 1974)<\/span><br \/>\n<span style=\"font-family: georgia, palatino, serif; font-size: 18pt; color: #000000;\">&#x1f1eb;&#x1f1f7; J. Fontaine &#8211; 13 gols (1958)<\/span><br \/>\n<span style=\"font-family: georgia, palatino, serif; font-size: 18pt; color: #000000;\">&#x1f1e7;&#x1f1f7; Pel\u00e9 &#8211; 12 gols (1958, 1962, 1966 e 1970)<\/span><\/p>\n<p><strong><span style=\"font-family: georgia, palatino, serif; font-size: 18pt; color: #000000;\">Brasil em Copas do Mundo (21 participa\u00e7\u00f5es):<\/span><\/strong><\/p>\n<p><span style=\"font-family: georgia, palatino, serif; font-size: 18pt; color: #000000;\">1930 &#8211; 6\u00ba<\/span><br \/>\n<span style=\"font-family: georgia, palatino, serif; font-size: 18pt; color: #000000;\">1934 &#8211; 14\u00ba<\/span><br \/>\n<span style=\"font-family: georgia, palatino, serif; font-size: 18pt; color: #000000;\">1938 &#8211; 3\u00ba<\/span><br \/>\n<span style=\"font-family: georgia, palatino, serif; font-size: 18pt; color: #000000;\">1950 &#8211; 2\u00ba<\/span><br \/>\n<span style=\"font-family: georgia, palatino, serif; font-size: 18pt; color: #000000;\">1954 &#8211; 6\u00ba<\/span><br \/>\n<span style=\"font-family: georgia, palatino, serif; font-size: 18pt; color: #000000;\">1958 &#8211; &#x1f3c6;<\/span><br \/>\n<span style=\"font-family: georgia, palatino, serif; font-size: 18pt; color: #000000;\">1962 &#8211; &#x1f3c6;<\/span><br \/>\n<span style=\"font-family: georgia, palatino, serif; font-size: 18pt; color: #000000;\">1966 &#8211; 11\u00ba<\/span><br \/>\n<span style=\"font-family: georgia, palatino, serif; font-size: 18pt; color: #000000;\">1970 &#8211; &#x1f3c6;<\/span><br \/>\n<span style=\"font-family: georgia, palatino, serif; font-size: 18pt; color: #000000;\">1974 &#8211; 4\u00ba<\/span><br \/>\n<span style=\"font-family: georgia, palatino, serif; font-size: 18pt; color: #000000;\">1978 &#8211; 3\u00ba<\/span><br \/>\n<span style=\"font-family: georgia, palatino, serif; font-size: 18pt; color: #000000;\">1982 &#8211; 5\u00ba<\/span><br \/>\n<span style=\"font-family: georgia, palatino, serif; font-size: 18pt; color: #000000;\">1986 &#8211; 5\u00ba <\/span><br \/>\n<span style=\"font-family: georgia, palatino, serif; font-size: 18pt; color: #000000;\">1990 &#8211; 9\u00ba<\/span><br \/>\n<span style=\"font-family: georgia, palatino, serif; font-size: 18pt; color: #000000;\">1994 &#8211; &#x1f3c6;<\/span><br \/>\n<span style=\"font-family: georgia, palatino, serif; font-size: 18pt; color: #000000;\">1998 &#8211; 2\u00ba<\/span><br \/>\n<span style=\"font-family: georgia, palatino, serif; font-size: 18pt; color: #000000;\">2002 &#8211; &#x1f3c6;<\/span><br \/>\n<span style=\"font-family: georgia, palatino, serif; font-size: 18pt; color: #000000;\">2006 &#8211; 5\u00ba<\/span><br \/>\n<span style=\"font-family: georgia, palatino, serif; font-size: 18pt; color: #000000;\">2010 &#8211; 6\u00ba<\/span><br \/>\n<span style=\"font-family: georgia, palatino, serif; font-size: 18pt; color: #000000;\">2014 &#8211; 4\u00ba<\/span><br \/>\n<span style=\"font-family: georgia, palatino, serif; font-size: 18pt; color: #000000;\">2018 &#8211; ?<\/span><\/p>\n<p><strong><span style=\"font-family: georgia, palatino, serif; font-size: 18pt; color: #000000;\">As 10 maiores goleadas da hist\u00f3ria da Copa do Mundo:<\/span><\/strong><\/p>\n<p><span style=\"font-family: georgia, palatino, serif; font-size: 18pt; color: #000000;\">&#x1f1ed;&#x1f1fa; 10&#215;1 &#x1f1f8;&#x1f1fb; (1982)<\/span><br \/>\n<span style=\"font-family: georgia, palatino, serif; font-size: 18pt; color: #000000;\">&#x1f1ed;&#x1f1fa; 9&#215;0 &#x1f1f0;&#x1f1f7; (1954)<\/span><br \/>\n<span style=\"font-family: georgia, palatino, serif; font-size: 18pt; color: #000000;\">&#x1f1e9;&#x1f1ea; 8&#215;0 &#x1f1f8;&#x1f1e6; (2002)<\/span><br \/>\n<span style=\"font-family: georgia, palatino, serif; font-size: 18pt; color: #000000;\">&#x1f1fa;&#x1f1fe; 8&#215;0 &#x1f1e7;&#x1f1f4; (1950)<\/span><br \/>\n<span style=\"font-family: georgia, palatino, serif; font-size: 18pt; color: #000000;\">&#x1f1f8;&#x1f1ea; 8&#215;0 &#x1f1e8;&#x1f1fa; (1938)<\/span><br \/>\n<span style=\"font-family: georgia, palatino, serif; font-size: 18pt; color: #000000;\">&#x1f1f5;&#x1f1f9; 7&#215;0 &#x1f1f0;&#x1f1f5; (2010)<\/span><br \/>\n<span style=\"font-family: georgia, palatino, serif; font-size: 18pt; color: #000000;\">&#x1f1f5;&#x1f1f1; 7&#215;0 &#x1f1ed;&#x1f1f9; (1974)<\/span><br \/>\n<span style=\"font-family: georgia, palatino, serif; font-size: 18pt; color: #000000;\">&#x1f1f9;&#x1f1f7; 7&#215;0 &#x1f1f0;&#x1f1f7; (1954)<\/span><br \/>\n<span style=\"font-family: georgia, palatino, serif; font-size: 18pt; color: #000000;\">&#x1f1fa;&#x1f1fe; 7&#215;0 &#x1f3f4;&#xe0067;&#xe0062;&#xe0073;&#xe0063;&#xe0074;&#xe007f; (1954)<\/span><br \/>\n<span style=\"font-family: georgia, palatino, serif; font-size: 18pt; color: #000000;\">&#x1f1e9;&#x1f1ea; 7&#215;1 &#x1f1e7;&#x1f1f7; (2014)<\/span><\/p>\n<p><strong><span style=\"font-family: georgia, palatino, serif; font-size: 18pt; color: #000000;\">Hist\u00f3rico geral das Copas do Mundo (1930 a 2018):<\/span><\/strong><\/p>\n<p><span style=\"font-family: georgia, palatino, serif; font-size: 18pt; color: #000000;\">&#8211; 21 edi\u00e7\u00f5es (j\u00e1 contando 2018)<\/span><br \/>\n<span style=\"font-family: georgia, palatino, serif; font-size: 18pt; color: #000000;\">&#8211; 16 sedes diferentes<\/span><br \/>\n<span style=\"font-family: georgia, palatino, serif; font-size: 18pt; color: #000000;\">&#8211; 79 sele\u00e7\u00f5es diferentes participaram<\/span><br \/>\n<span style=\"font-family: georgia, palatino, serif; font-size: 18pt; color: #000000;\">&#8211; 836 jogos foram disputados<\/span><br \/>\n<span style=\"font-family: georgia, palatino, serif; font-size: 18pt; color: #000000;\">&#8211; 2.379 gols foram marcados<\/span><br \/>\n<span style=\"font-family: georgia, palatino, serif; font-size: 18pt; color: #000000;\">&#8211; 8 sele\u00e7\u00f5es diferentes foram campe\u00e3s<\/span><br \/>\n<span style=\"font-family: georgia, palatino, serif; font-size: 18pt; color: #000000;\">&#8211; 167 est\u00e1dios diferentes receberam jogos<\/span><\/p>\n<p><strong><span style=\"font-family: georgia, palatino, serif; font-size: 18pt; color: #000000;\">Os maiores campe\u00f5es da Copa do Mundo (20 edi\u00e7\u00f5es):<\/span><\/strong><\/p>\n<p><span style=\"font-family: georgia, palatino, serif; font-size: 18pt; color: #000000;\">&#x1f1e7;&#x1f1f7; Brasil &#8211; 5 t\u00edtulos<\/span><br \/>\n<span style=\"font-family: georgia, palatino, serif; font-size: 18pt; color: #000000;\">&#x1f1e9;&#x1f1ea; Alemanha &#8211; 4 t\u00edtulos<\/span><br \/>\n<span style=\"font-family: georgia, palatino, serif; font-size: 18pt; color: #000000;\">&#x1f1ee;&#x1f1f9; It\u00e1lia &#8211; 4 t\u00edtulos<\/span><br \/>\n<span style=\"font-family: georgia, palatino, serif; font-size: 18pt; color: #000000;\">&#x1f1e6;&#x1f1f7; Argentina &#8211; 2 t\u00edtulos<\/span><br \/>\n<span style=\"font-family: georgia, palatino, serif; font-size: 18pt; color: #000000;\">&#x1f1fa;&#x1f1fe; Uruguai &#8211; 2 t\u00edtulos<\/span><br \/>\n<span style=\"font-family: georgia, palatino, serif; font-size: 18pt; color: #000000;\">&#x1f1ea;&#x1f1f8; Espanha &#8211; 1 t\u00edtulo<\/span><br \/>\n<span style=\"font-family: georgia, palatino, serif; font-size: 18pt; color: #000000;\">&#x1f1eb;&#x1f1f7; Fran\u00e7a &#8211; 1 t\u00edtulo<\/span><br \/>\n<span style=\"font-family: georgia, palatino, serif; font-size: 18pt; color: #000000;\">&#x1f3f4;&#xe0067;&#xe0062;&#xe0065;&#xe006e;&#xe0067;&#xe007f;Inglaterra &#8211; 1 t\u00edtulo<\/span><\/p>\n<p><strong><span style=\"font-family: georgia, palatino, serif; font-size: 18pt; color: #000000;\">Mais apari\u00e7\u00f5es em finais:<\/span><\/strong><\/p>\n<p><span style=\"font-family: georgia, palatino, serif; font-size: 18pt; color: #000000;\">&#x1f1e9;&#x1f1ea; Alemanha &#8211; 8 (4 t\u00edtulos e 4 vices)<\/span><br \/>\n<span style=\"font-family: georgia, palatino, serif; font-size: 18pt; color: #000000;\">&#x1f1e7;&#x1f1f7; Brasil &#8211; 7 (5 t\u00edtulos e 2 vices)<\/span><br \/>\n<span style=\"font-family: georgia, palatino, serif; font-size: 18pt; color: #000000;\">&#x1f1ee;&#x1f1f9; It\u00e1lia &#8211; 6 (4 t\u00edtulos e 2 vices)<\/span><br \/>\n<span style=\"font-family: georgia, palatino, serif; font-size: 18pt; color: #000000;\">&#x1f1e6;&#x1f1f7; Argentina &#8211; 5 (2 t\u00edtulos e 3 vices)<\/span><br \/>\n<span style=\"font-family: georgia, palatino, serif; font-size: 18pt; color: #000000;\">&#x1f1f3;&#x1f1f1; Holanda &#8211; 3 (0 t\u00edtulos e 3 vices)<\/span><br \/>\n<span style=\"font-family: georgia, palatino, serif; font-size: 18pt; color: #000000;\">&#x1f1fa;&#x1f1fe; Uruguai &#8211; 2 (2 t\u00edtulos e 0 vices)<\/span><\/p>\n<p><strong><span style=\"font-family: georgia, palatino, serif; font-size: 18pt; color: #000000;\">10 clubes que mais cederam jogadores \u00e0 sele\u00e7\u00e3o brasileira em Copas do Mundo:<\/span><\/strong><\/p>\n<p><span style=\"font-family: georgia, palatino, serif; font-size: 18pt; color: #000000;\">1 &#8211; Botafogo &#8211; 47 jogadores<\/span><br \/>\n<span style=\"font-family: georgia, palatino, serif; font-size: 18pt; color: #000000;\">2 &#8211; S\u00e3o Paulo &#8211; 43 jogadores<\/span><br \/>\n<span style=\"font-family: georgia, palatino, serif; font-size: 18pt; color: #000000;\">3 &#8211; Vasco &#8211; 36 jogadores<\/span><br \/>\n<span style=\"font-family: georgia, palatino, serif; font-size: 18pt; color: #000000;\">4 &#8211; Flamengo &#8211; 32 jogadores<\/span><br \/>\n<span style=\"font-family: georgia, palatino, serif; font-size: 18pt; color: #000000;\">5 &#8211; Fluminense &#8211; 31 jogadores<\/span><br \/>\n<span style=\"font-family: georgia, palatino, serif; font-size: 18pt; color: #000000;\">6 &#8211; Santos &#8211; 25 jogadores<\/span><br \/>\n<span style=\"font-family: georgia, palatino, serif; font-size: 18pt; color: #000000;\">7 &#8211; Palmeiras &#8211; 24 jogadores<\/span><br \/>\n<span style=\"font-family: georgia, palatino, serif; font-size: 18pt; color: #000000;\">8 &#8211; Corinthians &#8211; 23 jogadores<\/span><br \/>\n<span style=\"font-family: georgia, palatino, serif; font-size: 18pt; color: #000000;\">9 &#8211; Atl\u00e9tico-MG &#8211; 11 jogadores<\/span><br \/>\n<span style=\"font-family: georgia, palatino, serif; font-size: 18pt; color: #000000;\">10 &#8211; Cruzeiro &#8211; 11 jogadores<\/span><\/p>\n<p style=\"text-align: center;\"><img data-recalc-dims=\"1\" fetchpriority=\"high\" decoding=\"async\" data-attachment-id=\"14376\" data-permalink=\"https:\/\/gersonguelmann.com.br\/blog\/numeros-de-todas-as-copas-do-mundo-para-aficionados\/images-37\/\" data-orig-file=\"https:\/\/i0.wp.com\/gersonguelmann.com.br\/blog\/wp-content\/uploads\/2018\/06\/images.jpg?fit=275%2C183&amp;ssl=1\" data-orig-size=\"275,183\" data-comments-opened=\"1\" data-image-meta=\"{&quot;aperture&quot;:&quot;0&quot;,&quot;credit&quot;:&quot;&quot;,&quot;camera&quot;:&quot;&quot;,&quot;caption&quot;:&quot;&quot;,&quot;created_timestamp&quot;:&quot;0&quot;,&quot;copyright&quot;:&quot;&quot;,&quot;focal_length&quot;:&quot;0&quot;,&quot;iso&quot;:&quot;0&quot;,&quot;shutter_speed&quot;:&quot;0&quot;,&quot;title&quot;:&quot;&quot;,&quot;orientation&quot;:&quot;0&quot;}\" data-image-title=\"images\" data-image-description=\"\" data-image-caption=\"\" data-medium-file=\"https:\/\/i0.wp.com\/gersonguelmann.com.br\/blog\/wp-content\/uploads\/2018\/06\/images.jpg?fit=275%2C183&amp;ssl=1\" data-large-file=\"https:\/\/i0.wp.com\/gersonguelmann.com.br\/blog\/wp-content\/uploads\/2018\/06\/images.jpg?fit=275%2C183&amp;ssl=1\" class=\"alignnone size-full wp-image-14376\" src=\"https:\/\/i0.wp.com\/gersonguelmann.com.br\/blog\/wp-content\/uploads\/2018\/06\/images.jpg?resize=275%2C183&#038;ssl=1\" alt=\"\" width=\"275\" height=\"183\" \/><\/p>\n","protected":false},"excerpt":{"rendered":"<p>Recebi o material abaixo num grupo de WhatsApp, sem identifica\u00e7\u00e3o da autoria, que n\u00e3o consegui descobrir na pesquisa que fiz. Se algu\u00e9m souber, farei a inclus\u00e3o do cr\u00e9dito aqui no Blog. Espero tamb\u00e9m que os dados estejam corretos.\u00a0\u00a0 &nbsp; Pa\u00edses com mais presen\u00e7as nas Copas do Mundo (desde 1930): &#x1f1e7;&#x1f1f7; Brasil &#8211; 21 &#x1f1e9;&#x1f1ea; Alemanha [&hellip;]<\/p>\n","protected":false},"author":5,"featured_media":14376,"comment_status":"open","ping_status":"open","sticky":false,"template":"","format":"standard","meta":{"_acf_changed":false,"jetpack_post_was_ever_published":false,"_jetpack_newsletter_access":"","_jetpack_dont_email_post_to_subs":false,"_jetpack_newsletter_tier_id":0,"_jetpack_memberships_contains_paywalled_content":false,"_jetpack_memberships_contains_paid_content":false,"footnotes":"","jetpack_publicize_message":"","jetpack_publicize_feature_enabled":true,"jetpack_social_post_already_shared":true,"jetpack_social_options":{"image_generator_settings":{"template":"highway","default_image_id":0,"font":"","enabled":false},"version":2}},"categories":[1],"tags":[],"class_list":["post-14375","post","type-post","status-publish","format-standard","has-post-thumbnail","hentry","category-sem-categoria"],"acf":[],"yoast_head":"<!-- This site is optimized with the Yoast SEO plugin v27.3 - https:\/\/yoast.com\/product\/yoast-seo-wordpress\/ -->\n<title>N\u00fameros de Todas as Copas do Mundo (Para Aficionados) | Blog do Guelmann<\/title>\n<meta name=\"robots\" content=\"index, follow, max-snippet:-1, max-image-preview:large, max-video-preview:-1\" \/>\n<link rel=\"canonical\" href=\"https:\/\/gersonguelmann.com.br\/blog\/numeros-de-todas-as-copas-do-mundo-para-aficionados\/\" \/>\n<meta property=\"og:locale\" content=\"pt_BR\" \/>\n<meta property=\"og:type\" content=\"article\" \/>\n<meta property=\"og:title\" content=\"N\u00fameros de Todas as Copas do Mundo (Para Aficionados) | Blog do Guelmann\" \/>\n<meta property=\"og:description\" content=\"Recebi o material abaixo num grupo de WhatsApp, sem identifica\u00e7\u00e3o da autoria, que n\u00e3o consegui descobrir na pesquisa que fiz. Se algu\u00e9m souber, farei a inclus\u00e3o do cr\u00e9dito aqui no Blog. Espero tamb\u00e9m que os dados estejam corretos.\u00a0\u00a0 &nbsp; Pa\u00edses com mais presen\u00e7as nas Copas do Mundo (desde 1930): &#x1f1e7;&#x1f1f7; Brasil &#8211; 21 &#x1f1e9;&#x1f1ea; Alemanha [&hellip;]\" \/>\n<meta property=\"og:url\" content=\"https:\/\/gersonguelmann.com.br\/blog\/numeros-de-todas-as-copas-do-mundo-para-aficionados\/\" \/>\n<meta property=\"og:site_name\" content=\"Blog do Guelmann\" \/>\n<meta property=\"article:published_time\" content=\"2018-06-30T01:36:09+00:00\" \/>\n<meta property=\"og:image\" content=\"https:\/\/i0.wp.com\/gersonguelmann.com.br\/blog\/wp-content\/uploads\/2018\/06\/images.jpg?fit=275%2C183&ssl=1\" \/>\n\t<meta property=\"og:image:width\" content=\"275\" \/>\n\t<meta property=\"og:image:height\" content=\"183\" \/>\n\t<meta property=\"og:image:type\" content=\"image\/jpeg\" \/>\n<meta name=\"author\" content=\"Gerson Guelmann\" \/>\n<meta name=\"twitter:card\" content=\"summary_large_image\" \/>\n<meta name=\"twitter:label1\" content=\"Escrito por\" \/>\n\t<meta name=\"twitter:data1\" content=\"Gerson Guelmann\" \/>\n\t<meta name=\"twitter:label2\" content=\"Est. tempo de leitura\" \/>\n\t<meta name=\"twitter:data2\" content=\"5 minutos\" \/>\n<script type=\"application\/ld+json\" class=\"yoast-schema-graph\">{\"@context\":\"https:\\\/\\\/schema.org\",\"@graph\":[{\"@type\":\"Article\",\"@id\":\"https:\\\/\\\/gersonguelmann.com.br\\\/blog\\\/numeros-de-todas-as-copas-do-mundo-para-aficionados\\\/#article\",\"isPartOf\":{\"@id\":\"https:\\\/\\\/gersonguelmann.com.br\\\/blog\\\/numeros-de-todas-as-copas-do-mundo-para-aficionados\\\/\"},\"author\":{\"name\":\"Gerson Guelmann\",\"@id\":\"https:\\\/\\\/gersonguelmann.com.br\\\/blog\\\/#\\\/schema\\\/person\\\/87e70e2a786888082f941a482c90569e\"},\"headline\":\"N\u00fameros de Todas as Copas do Mundo (Para Aficionados)\",\"datePublished\":\"2018-06-30T01:36:09+00:00\",\"mainEntityOfPage\":{\"@id\":\"https:\\\/\\\/gersonguelmann.com.br\\\/blog\\\/numeros-de-todas-as-copas-do-mundo-para-aficionados\\\/\"},\"wordCount\":1036,\"commentCount\":0,\"image\":{\"@id\":\"https:\\\/\\\/gersonguelmann.com.br\\\/blog\\\/numeros-de-todas-as-copas-do-mundo-para-aficionados\\\/#primaryimage\"},\"thumbnailUrl\":\"https:\\\/\\\/i0.wp.com\\\/gersonguelmann.com.br\\\/blog\\\/wp-content\\\/uploads\\\/2018\\\/06\\\/images.jpg?fit=275%2C183&ssl=1\",\"inLanguage\":\"pt-BR\",\"potentialAction\":[{\"@type\":\"CommentAction\",\"name\":\"Comment\",\"target\":[\"https:\\\/\\\/gersonguelmann.com.br\\\/blog\\\/numeros-de-todas-as-copas-do-mundo-para-aficionados\\\/#respond\"]}]},{\"@type\":\"WebPage\",\"@id\":\"https:\\\/\\\/gersonguelmann.com.br\\\/blog\\\/numeros-de-todas-as-copas-do-mundo-para-aficionados\\\/\",\"url\":\"https:\\\/\\\/gersonguelmann.com.br\\\/blog\\\/numeros-de-todas-as-copas-do-mundo-para-aficionados\\\/\",\"name\":\"N\u00fameros de Todas as Copas do Mundo (Para Aficionados) | Blog do Guelmann\",\"isPartOf\":{\"@id\":\"https:\\\/\\\/gersonguelmann.com.br\\\/blog\\\/#website\"},\"primaryImageOfPage\":{\"@id\":\"https:\\\/\\\/gersonguelmann.com.br\\\/blog\\\/numeros-de-todas-as-copas-do-mundo-para-aficionados\\\/#primaryimage\"},\"image\":{\"@id\":\"https:\\\/\\\/gersonguelmann.com.br\\\/blog\\\/numeros-de-todas-as-copas-do-mundo-para-aficionados\\\/#primaryimage\"},\"thumbnailUrl\":\"https:\\\/\\\/i0.wp.com\\\/gersonguelmann.com.br\\\/blog\\\/wp-content\\\/uploads\\\/2018\\\/06\\\/images.jpg?fit=275%2C183&ssl=1\",\"datePublished\":\"2018-06-30T01:36:09+00:00\",\"author\":{\"@id\":\"https:\\\/\\\/gersonguelmann.com.br\\\/blog\\\/#\\\/schema\\\/person\\\/87e70e2a786888082f941a482c90569e\"},\"inLanguage\":\"pt-BR\",\"potentialAction\":[{\"@type\":\"ReadAction\",\"target\":[\"https:\\\/\\\/gersonguelmann.com.br\\\/blog\\\/numeros-de-todas-as-copas-do-mundo-para-aficionados\\\/\"]}]},{\"@type\":\"ImageObject\",\"inLanguage\":\"pt-BR\",\"@id\":\"https:\\\/\\\/gersonguelmann.com.br\\\/blog\\\/numeros-de-todas-as-copas-do-mundo-para-aficionados\\\/#primaryimage\",\"url\":\"https:\\\/\\\/i0.wp.com\\\/gersonguelmann.com.br\\\/blog\\\/wp-content\\\/uploads\\\/2018\\\/06\\\/images.jpg?fit=275%2C183&ssl=1\",\"contentUrl\":\"https:\\\/\\\/i0.wp.com\\\/gersonguelmann.com.br\\\/blog\\\/wp-content\\\/uploads\\\/2018\\\/06\\\/images.jpg?fit=275%2C183&ssl=1\",\"width\":275,\"height\":183},{\"@type\":\"WebSite\",\"@id\":\"https:\\\/\\\/gersonguelmann.com.br\\\/blog\\\/#website\",\"url\":\"https:\\\/\\\/gersonguelmann.com.br\\\/blog\\\/\",\"name\":\"Blog do Guelmann\",\"description\":\"Pitadas da sabedoria e do humor judaicos, assuntos do momento e um pouco das hist\u00f3rias que vivi e testemunhei.\",\"potentialAction\":[{\"@type\":\"SearchAction\",\"target\":{\"@type\":\"EntryPoint\",\"urlTemplate\":\"https:\\\/\\\/gersonguelmann.com.br\\\/blog\\\/?s={search_term_string}\"},\"query-input\":{\"@type\":\"PropertyValueSpecification\",\"valueRequired\":true,\"valueName\":\"search_term_string\"}}],\"inLanguage\":\"pt-BR\"},{\"@type\":\"Person\",\"@id\":\"https:\\\/\\\/gersonguelmann.com.br\\\/blog\\\/#\\\/schema\\\/person\\\/87e70e2a786888082f941a482c90569e\",\"name\":\"Gerson Guelmann\",\"image\":{\"@type\":\"ImageObject\",\"inLanguage\":\"pt-BR\",\"@id\":\"https:\\\/\\\/i0.wp.com\\\/gersonguelmann.com.br\\\/blog\\\/wp-content\\\/uploads\\\/2021\\\/08\\\/BLOG.jpeg?fit=96%2C96&ssl=1\",\"url\":\"https:\\\/\\\/i0.wp.com\\\/gersonguelmann.com.br\\\/blog\\\/wp-content\\\/uploads\\\/2021\\\/08\\\/BLOG.jpeg?fit=96%2C96&ssl=1\",\"contentUrl\":\"https:\\\/\\\/i0.wp.com\\\/gersonguelmann.com.br\\\/blog\\\/wp-content\\\/uploads\\\/2021\\\/08\\\/BLOG.jpeg?fit=96%2C96&ssl=1\",\"caption\":\"Gerson Guelmann\"},\"description\":\"Pitadas da sabedoria e do humor judaicos, assuntos do momento e um pouco das hist\u00f3rias que vivi e testemunhei.\"}]}<\/script>\n<!-- \/ Yoast SEO plugin. -->","yoast_head_json":{"title":"N\u00fameros de Todas as Copas do Mundo (Para Aficionados) | Blog do Guelmann","robots":{"index":"index","follow":"follow","max-snippet":"max-snippet:-1","max-image-preview":"max-image-preview:large","max-video-preview":"max-video-preview:-1"},"canonical":"https:\/\/gersonguelmann.com.br\/blog\/numeros-de-todas-as-copas-do-mundo-para-aficionados\/","og_locale":"pt_BR","og_type":"article","og_title":"N\u00fameros de Todas as Copas do Mundo (Para Aficionados) | Blog do Guelmann","og_description":"Recebi o material abaixo num grupo de WhatsApp, sem identifica\u00e7\u00e3o da autoria, que n\u00e3o consegui descobrir na pesquisa que fiz. Se algu\u00e9m souber, farei a inclus\u00e3o do cr\u00e9dito aqui no Blog. Espero tamb\u00e9m que os dados estejam corretos.\u00a0\u00a0 &nbsp; Pa\u00edses com mais presen\u00e7as nas Copas do Mundo (desde 1930): &#x1f1e7;&#x1f1f7; Brasil &#8211; 21 &#x1f1e9;&#x1f1ea; Alemanha [&hellip;]","og_url":"https:\/\/gersonguelmann.com.br\/blog\/numeros-de-todas-as-copas-do-mundo-para-aficionados\/","og_site_name":"Blog do Guelmann","article_published_time":"2018-06-30T01:36:09+00:00","og_image":[{"width":275,"height":183,"url":"https:\/\/i0.wp.com\/gersonguelmann.com.br\/blog\/wp-content\/uploads\/2018\/06\/images.jpg?fit=275%2C183&ssl=1","type":"image\/jpeg"}],"author":"Gerson Guelmann","twitter_card":"summary_large_image","twitter_misc":{"Escrito por":"Gerson Guelmann","Est. tempo de leitura":"5 minutos"},"schema":{"@context":"https:\/\/schema.org","@graph":[{"@type":"Article","@id":"https:\/\/gersonguelmann.com.br\/blog\/numeros-de-todas-as-copas-do-mundo-para-aficionados\/#article","isPartOf":{"@id":"https:\/\/gersonguelmann.com.br\/blog\/numeros-de-todas-as-copas-do-mundo-para-aficionados\/"},"author":{"name":"Gerson Guelmann","@id":"https:\/\/gersonguelmann.com.br\/blog\/#\/schema\/person\/87e70e2a786888082f941a482c90569e"},"headline":"N\u00fameros de Todas as Copas do Mundo (Para Aficionados)","datePublished":"2018-06-30T01:36:09+00:00","mainEntityOfPage":{"@id":"https:\/\/gersonguelmann.com.br\/blog\/numeros-de-todas-as-copas-do-mundo-para-aficionados\/"},"wordCount":1036,"commentCount":0,"image":{"@id":"https:\/\/gersonguelmann.com.br\/blog\/numeros-de-todas-as-copas-do-mundo-para-aficionados\/#primaryimage"},"thumbnailUrl":"https:\/\/i0.wp.com\/gersonguelmann.com.br\/blog\/wp-content\/uploads\/2018\/06\/images.jpg?fit=275%2C183&ssl=1","inLanguage":"pt-BR","potentialAction":[{"@type":"CommentAction","name":"Comment","target":["https:\/\/gersonguelmann.com.br\/blog\/numeros-de-todas-as-copas-do-mundo-para-aficionados\/#respond"]}]},{"@type":"WebPage","@id":"https:\/\/gersonguelmann.com.br\/blog\/numeros-de-todas-as-copas-do-mundo-para-aficionados\/","url":"https:\/\/gersonguelmann.com.br\/blog\/numeros-de-todas-as-copas-do-mundo-para-aficionados\/","name":"N\u00fameros de Todas as Copas do Mundo (Para Aficionados) | Blog do Guelmann","isPartOf":{"@id":"https:\/\/gersonguelmann.com.br\/blog\/#website"},"primaryImageOfPage":{"@id":"https:\/\/gersonguelmann.com.br\/blog\/numeros-de-todas-as-copas-do-mundo-para-aficionados\/#primaryimage"},"image":{"@id":"https:\/\/gersonguelmann.com.br\/blog\/numeros-de-todas-as-copas-do-mundo-para-aficionados\/#primaryimage"},"thumbnailUrl":"https:\/\/i0.wp.com\/gersonguelmann.com.br\/blog\/wp-content\/uploads\/2018\/06\/images.jpg?fit=275%2C183&ssl=1","datePublished":"2018-06-30T01:36:09+00:00","author":{"@id":"https:\/\/gersonguelmann.com.br\/blog\/#\/schema\/person\/87e70e2a786888082f941a482c90569e"},"inLanguage":"pt-BR","potentialAction":[{"@type":"ReadAction","target":["https:\/\/gersonguelmann.com.br\/blog\/numeros-de-todas-as-copas-do-mundo-para-aficionados\/"]}]},{"@type":"ImageObject","inLanguage":"pt-BR","@id":"https:\/\/gersonguelmann.com.br\/blog\/numeros-de-todas-as-copas-do-mundo-para-aficionados\/#primaryimage","url":"https:\/\/i0.wp.com\/gersonguelmann.com.br\/blog\/wp-content\/uploads\/2018\/06\/images.jpg?fit=275%2C183&ssl=1","contentUrl":"https:\/\/i0.wp.com\/gersonguelmann.com.br\/blog\/wp-content\/uploads\/2018\/06\/images.jpg?fit=275%2C183&ssl=1","width":275,"height":183},{"@type":"WebSite","@id":"https:\/\/gersonguelmann.com.br\/blog\/#website","url":"https:\/\/gersonguelmann.com.br\/blog\/","name":"Blog do Guelmann","description":"Pitadas da sabedoria e do humor judaicos, assuntos do momento e um pouco das hist\u00f3rias que vivi e testemunhei.","potentialAction":[{"@type":"SearchAction","target":{"@type":"EntryPoint","urlTemplate":"https:\/\/gersonguelmann.com.br\/blog\/?s={search_term_string}"},"query-input":{"@type":"PropertyValueSpecification","valueRequired":true,"valueName":"search_term_string"}}],"inLanguage":"pt-BR"},{"@type":"Person","@id":"https:\/\/gersonguelmann.com.br\/blog\/#\/schema\/person\/87e70e2a786888082f941a482c90569e","name":"Gerson Guelmann","image":{"@type":"ImageObject","inLanguage":"pt-BR","@id":"https:\/\/i0.wp.com\/gersonguelmann.com.br\/blog\/wp-content\/uploads\/2021\/08\/BLOG.jpeg?fit=96%2C96&ssl=1","url":"https:\/\/i0.wp.com\/gersonguelmann.com.br\/blog\/wp-content\/uploads\/2021\/08\/BLOG.jpeg?fit=96%2C96&ssl=1","contentUrl":"https:\/\/i0.wp.com\/gersonguelmann.com.br\/blog\/wp-content\/uploads\/2021\/08\/BLOG.jpeg?fit=96%2C96&ssl=1","caption":"Gerson Guelmann"},"description":"Pitadas da sabedoria e do humor judaicos, assuntos do momento e um pouco das hist\u00f3rias que vivi e testemunhei."}]}},"views":67,"jetpack_publicize_connections":[],"jetpack_featured_media_url":"https:\/\/i0.wp.com\/gersonguelmann.com.br\/blog\/wp-content\/uploads\/2018\/06\/images.jpg?fit=275%2C183&ssl=1","jetpack_shortlink":"https:\/\/wp.me\/p96e7O-3JR","jetpack-related-posts":[{"id":14203,"url":"https:\/\/gersonguelmann.com.br\/blog\/as-bolas-de-todas-as-copas\/","url_meta":{"origin":14375,"position":0},"title":"As Bolas de Todas as Copas","author":"Gerson Guelmann","date":"21 de junho de 2018","format":false,"excerpt":"Imagem:\u00a0http:\/\/esportefera.com.br V\u00eddeo com os modelos de bolas utilizadas em todas as Copas do Mundo, de 1930 a 2018.\u00a0 https:\/\/www.youtube.com\/watch?v=KyeXvc8q5mQ","rel":"","context":"Em &quot;Sem categoria&quot;","block_context":{"text":"Sem categoria","link":"https:\/\/gersonguelmann.com.br\/blog\/category\/sem-categoria\/"},"img":{"alt_text":"","src":"https:\/\/i0.wp.com\/gersonguelmann.com.br\/blog\/wp-content\/uploads\/2018\/06\/Bolas-1.jpg?fit=932%2C641&ssl=1&resize=350%2C200","width":350,"height":200,"srcset":"https:\/\/i0.wp.com\/gersonguelmann.com.br\/blog\/wp-content\/uploads\/2018\/06\/Bolas-1.jpg?fit=932%2C641&ssl=1&resize=350%2C200 1x, https:\/\/i0.wp.com\/gersonguelmann.com.br\/blog\/wp-content\/uploads\/2018\/06\/Bolas-1.jpg?fit=932%2C641&ssl=1&resize=525%2C300 1.5x, https:\/\/i0.wp.com\/gersonguelmann.com.br\/blog\/wp-content\/uploads\/2018\/06\/Bolas-1.jpg?fit=932%2C641&ssl=1&resize=700%2C400 2x"},"classes":[]},{"id":14153,"url":"https:\/\/gersonguelmann.com.br\/blog\/o-patriotismo-que-se-revela-na-copa-do-mundo\/","url_meta":{"origin":14375,"position":1},"title":"O Patriotismo Que Se Revela na Copa do Mundo","author":"Gerson Guelmann","date":"20 de junho de 2018","format":false,"excerpt":"Ainda ontem comentava com a Rosane que este ano n\u00e3o se v\u00ea aquelas manifesta\u00e7\u00f5es comuns em outras Copas do Mundo e que chamo de \"patriotismo de chuteiras\".\u00a0 Claro que a \u00faltima, por ter sido aqui no Brasil, envolveu muito mais a popula\u00e7\u00e3o, at\u00e9 porque as cidades-sede tinham mais movimento, mas\u2026","rel":"","context":"Em &quot;Sem categoria&quot;","block_context":{"text":"Sem categoria","link":"https:\/\/gersonguelmann.com.br\/blog\/category\/sem-categoria\/"},"img":{"alt_text":"","src":"https:\/\/i0.wp.com\/gersonguelmann.com.br\/blog\/wp-content\/uploads\/2018\/06\/Brasil.jpg?fit=1200%2C1078&ssl=1&resize=350%2C200","width":350,"height":200,"srcset":"https:\/\/i0.wp.com\/gersonguelmann.com.br\/blog\/wp-content\/uploads\/2018\/06\/Brasil.jpg?fit=1200%2C1078&ssl=1&resize=350%2C200 1x, https:\/\/i0.wp.com\/gersonguelmann.com.br\/blog\/wp-content\/uploads\/2018\/06\/Brasil.jpg?fit=1200%2C1078&ssl=1&resize=525%2C300 1.5x, https:\/\/i0.wp.com\/gersonguelmann.com.br\/blog\/wp-content\/uploads\/2018\/06\/Brasil.jpg?fit=1200%2C1078&ssl=1&resize=700%2C400 2x, https:\/\/i0.wp.com\/gersonguelmann.com.br\/blog\/wp-content\/uploads\/2018\/06\/Brasil.jpg?fit=1200%2C1078&ssl=1&resize=1050%2C600 3x"},"classes":[]},{"id":26612,"url":"https:\/\/gersonguelmann.com.br\/blog\/um-documento-novo-o-mesmo-viajante-mundos-diferentes\/","url_meta":{"origin":14375,"position":2},"title":"Um Novo Passaporte. O Mesmo Viajante. Mundos Diferentes.","author":"Gerson Guelmann","date":"23 de fevereiro de 2026","format":false,"excerpt":"H\u00e1 poucos meses passei a ter direito ao passaporte alem\u00e3o. N\u00e3o por mudan\u00e7a de pa\u00eds, mas pelo reconhecimento da origem de minha m\u00e3e, que, ainda crian\u00e7a, com os pais e um irm\u00e3o menor, foi for\u00e7ada a deixar a Alemanha por conta da insanidade da besta-fera respons\u00e1vel pelo Holocausto. \u00c9 estranho\u2026","rel":"","context":"Em &quot;Sem categoria&quot;","block_context":{"text":"Sem categoria","link":"https:\/\/gersonguelmann.com.br\/blog\/category\/sem-categoria\/"},"img":{"alt_text":"","src":"https:\/\/i0.wp.com\/gersonguelmann.com.br\/blog\/wp-content\/uploads\/2026\/02\/HojePR-8.png?fit=1200%2C800&ssl=1&resize=350%2C200","width":350,"height":200,"srcset":"https:\/\/i0.wp.com\/gersonguelmann.com.br\/blog\/wp-content\/uploads\/2026\/02\/HojePR-8.png?fit=1200%2C800&ssl=1&resize=350%2C200 1x, https:\/\/i0.wp.com\/gersonguelmann.com.br\/blog\/wp-content\/uploads\/2026\/02\/HojePR-8.png?fit=1200%2C800&ssl=1&resize=525%2C300 1.5x, https:\/\/i0.wp.com\/gersonguelmann.com.br\/blog\/wp-content\/uploads\/2026\/02\/HojePR-8.png?fit=1200%2C800&ssl=1&resize=700%2C400 2x, https:\/\/i0.wp.com\/gersonguelmann.com.br\/blog\/wp-content\/uploads\/2026\/02\/HojePR-8.png?fit=1200%2C800&ssl=1&resize=1050%2C600 3x"},"classes":[]},{"id":13927,"url":"https:\/\/gersonguelmann.com.br\/blog\/russia-pressionou-e-argentina-tirou-comercial-do-ar\/","url_meta":{"origin":14375,"position":3},"title":"Russia Pressionou e Argentina Tirou Comercial do Ar","author":"Gerson Guelmann","date":"13 de junho de 2018","format":false,"excerpt":"Foto: br.sputniknews.com Coisas que s\u00f3 acontecem na Copa do Mundo... Leia mat\u00e9ria publicada hoje no caderno de Esportes da Folha de S\u00e3o Paulo: COPA DO MUNDO TV argentina tira comercial do ar ap\u00f3s press\u00e3o russa e LGBT Pa\u00eds entra em pol\u00eamica com a anfitri\u00e3 da competi\u00e7\u00e3o antes de a bola\u2026","rel":"","context":"Em &quot;Sem categoria&quot;","block_context":{"text":"Sem categoria","link":"https:\/\/gersonguelmann.com.br\/blog\/category\/sem-categoria\/"},"img":{"alt_text":"","src":"https:\/\/i0.wp.com\/gersonguelmann.com.br\/blog\/wp-content\/uploads\/2018\/06\/download-4-300x162.jpg?resize=350%2C200&ssl=1","width":350,"height":200},"classes":[]},{"id":19556,"url":"https:\/\/gersonguelmann.com.br\/blog\/o-curioso-mundo-dos-nomes-brasileiros-da-copa-do-mundo-a-pilula-anticoncepcional\/","url_meta":{"origin":14375,"position":4},"title":"O Curioso Mundo dos Nomes Brasileiros: da Copa do Mundo \u00e0 P\u00edlula Anticoncepcional","author":"Gerson Guelmann","date":"25 de novembro de 2024","format":false,"excerpt":"N\u00e3o h\u00e1 brasileiro que n\u00e3o conhe\u00e7a ou tenha ouvido falar de pessoas com nomes diferentes. Com o advento das redes sociais, hist\u00f3rias sobre registros inusitados ganharam visibilidade, e tornou-se comum vermos listas e at\u00e9 c\u00f3pias de RGs com esses casos. Alguns nomes parecem t\u00e3o inveross\u00edmeis que \u00e9 dif\u00edcil garantir sua\u2026","rel":"","context":"Em &quot;Sem categoria&quot;","block_context":{"text":"Sem categoria","link":"https:\/\/gersonguelmann.com.br\/blog\/category\/sem-categoria\/"},"img":{"alt_text":"","src":"https:\/\/i0.wp.com\/gersonguelmann.com.br\/blog\/wp-content\/uploads\/2024\/11\/HojePR-2.png?fit=900%2C510&ssl=1&resize=350%2C200","width":350,"height":200,"srcset":"https:\/\/i0.wp.com\/gersonguelmann.com.br\/blog\/wp-content\/uploads\/2024\/11\/HojePR-2.png?fit=900%2C510&ssl=1&resize=350%2C200 1x, https:\/\/i0.wp.com\/gersonguelmann.com.br\/blog\/wp-content\/uploads\/2024\/11\/HojePR-2.png?fit=900%2C510&ssl=1&resize=525%2C300 1.5x, https:\/\/i0.wp.com\/gersonguelmann.com.br\/blog\/wp-content\/uploads\/2024\/11\/HojePR-2.png?fit=900%2C510&ssl=1&resize=700%2C400 2x"},"classes":[]},{"id":6428,"url":"https:\/\/gersonguelmann.com.br\/blog\/tipos-de-tomada-pelo-mundo-o-bom-humor-das-redes\/","url_meta":{"origin":14375,"position":5},"title":"Tipos de Tomada Pelo Mundo &#8211; O Bom Humor das Redes","author":"Gerson Guelmann","date":"4 de janeiro de 2018","format":false,"excerpt":"Olha s\u00f3: um bom guia para voc\u00ea que viaja pelo mundo todo n\u00e3o ficar sem ter como ligar teu carregador de celular e demais aparelhos el\u00e9tricos... Claro que \u00e9 uma brincadeira, feita para mostrar que apenas a \u00c1frica do Sul usa a mesma tomada do Brasil. Na pesquisa que fiz\u2026","rel":"","context":"Em &quot;Sem categoria&quot;","block_context":{"text":"Sem categoria","link":"https:\/\/gersonguelmann.com.br\/blog\/category\/sem-categoria\/"},"img":{"alt_text":"","src":"https:\/\/i0.wp.com\/gersonguelmann.com.br\/blog\/wp-content\/uploads\/2018\/01\/Tomadas.jpg?fit=433%2C600&ssl=1&resize=350%2C200","width":350,"height":200},"classes":[]}],"jetpack_sharing_enabled":true,"post_mailing_queue_ids":[],"_links":{"self":[{"href":"https:\/\/gersonguelmann.com.br\/blog\/wp-json\/wp\/v2\/posts\/14375","targetHints":{"allow":["GET"]}}],"collection":[{"href":"https:\/\/gersonguelmann.com.br\/blog\/wp-json\/wp\/v2\/posts"}],"about":[{"href":"https:\/\/gersonguelmann.com.br\/blog\/wp-json\/wp\/v2\/types\/post"}],"author":[{"embeddable":true,"href":"https:\/\/gersonguelmann.com.br\/blog\/wp-json\/wp\/v2\/users\/5"}],"replies":[{"embeddable":true,"href":"https:\/\/gersonguelmann.com.br\/blog\/wp-json\/wp\/v2\/comments?post=14375"}],"version-history":[{"count":0,"href":"https:\/\/gersonguelmann.com.br\/blog\/wp-json\/wp\/v2\/posts\/14375\/revisions"}],"wp:featuredmedia":[{"embeddable":true,"href":"https:\/\/gersonguelmann.com.br\/blog\/wp-json\/wp\/v2\/media\/14376"}],"wp:attachment":[{"href":"https:\/\/gersonguelmann.com.br\/blog\/wp-json\/wp\/v2\/media?parent=14375"}],"wp:term":[{"taxonomy":"category","embeddable":true,"href":"https:\/\/gersonguelmann.com.br\/blog\/wp-json\/wp\/v2\/categories?post=14375"},{"taxonomy":"post_tag","embeddable":true,"href":"https:\/\/gersonguelmann.com.br\/blog\/wp-json\/wp\/v2\/tags?post=14375"}],"curies":[{"name":"wp","href":"https:\/\/api.w.org\/{rel}","templated":true}]}}