    {"id":14378,"date":"2018-06-30T16:28:23","date_gmt":"2018-06-30T19:28:23","guid":{"rendered":"https:\/\/gersonguelmann.com.br\/blog\/?p=14378"},"modified":"2018-06-30T16:28:23","modified_gmt":"2018-06-30T19:28:23","slug":"no-estado-mais-rico-do-brasil-bebe-fica-em-caixa-de-papelao-ate-ir-para-uti","status":"publish","type":"post","link":"https:\/\/gersonguelmann.com.br\/blog\/no-estado-mais-rico-do-brasil-bebe-fica-em-caixa-de-papelao-ate-ir-para-uti\/","title":{"rendered":"No Estado Mais Rico do Brasil, Beb\u00ea Fica em Caixa de Papel\u00e3o At\u00e9 Ir Para UTI"},"content":{"rendered":"<p><span style=\"color: #000000; font-size: 18pt; font-family: georgia, palatino, serif;\">Enquanto estamos anestesiados pela Copa do Mundo, o Brasil que tem outras prioridades continua nos oferecendo um espet\u00e1culo de absurdos.<\/span><\/p>\n<p><span style=\"color: #000000; font-size: 18pt; font-family: georgia, palatino, serif;\">Leia mat\u00e9ria do UOL Not\u00edcias:<\/span><\/p>\n<p><span style=\"font-size: 24pt;\"><strong><span style=\"color: #000000;\">Sem UTI, m\u00e9dicos improvisam caixa de papel\u00e3o para atender beb\u00ea<\/span><\/strong><\/span><\/p>\n<p><strong><span style=\"color: #000000;\">Rene Moreira, Especial para O Estado <\/span><\/strong><br \/>\n<strong><span style=\"color: #000000;\">Franca 29\/06\/2018 &#8211; 21h25<\/span><\/strong><\/p>\n<p><span style=\"color: #000000; font-size: 14pt;\">A falta de UTI neonatal no Pronto-Socorro Afonso Ramos, em Santa B\u00e1rbara d&#8217;Oeste, no interior de S\u00e3o Paulo, obrigou m\u00e9dicos e enfermeiros a improvisarem o atendimento a um beb\u00ea em uma caixa de papel\u00e3o.\u00a0A pr\u00f3pria Secretaria de Sa\u00fade do munic\u00edpio elogiou a iniciativa que salvou a crian\u00e7a.<\/span><\/p>\n<p><span style=\"color: #000000; font-size: 14pt;\">Segundo familiares do beb\u00ea, que completa dois meses na pr\u00f3xima semana, foram cerca de 30 minutos de atendimento na caixa at\u00e9 que surgisse uma vaga no Hospital Estadual de Sumar\u00e9 (SP), cidade vizinha.\u00a0O caso foi registrado na \u00faltima quarta-feira, 27, mas ganhou repercuss\u00e3o nesta sexta-feira, 29, ap\u00f3s fotos serem publicadas nas redes sociais.<\/span><\/p>\n<p><span style=\"color: #000000; font-size: 14pt;\">A crian\u00e7a foi levada ao local ap\u00f3s apresentar problemas respirat\u00f3rios e as imagens foram feitas pela m\u00e3e da crian\u00e7a, sendo divulgadas por sua prima, que se mostrou indignada com a situa\u00e7\u00e3o.\u00a0&#8220;\u00c9 revoltante o que fizeram. Improvisar uma caixa de papel\u00e3o para por minha priminha&#8221;, declarou.<\/span><\/p>\n<p><span style=\"color: #000000; font-size: 14pt;\">A fam\u00edlia da menina criticou a falta da tenda de oxig\u00eanio, equipamento que n\u00e3o havia no local. Ele custa em torno de R$ 1 mil e, apesar de defendido por\u00a0profissionais da \u00e1rea, n\u00e3o \u00e9 exigido para unidades pequenas de atendimento, sendo obrigat\u00f3rio apenas em hospitais e maternidades.<\/span><\/p>\n<p><span style=\"color: #000000; font-size: 14pt;\">Explica\u00e7\u00e3o <\/span><\/p>\n<p><span style=\"color: #000000; font-size: 14pt;\">A Secretaria de Sa\u00fade do munic\u00edpio n\u00e3o viu o procedimento da equipe m\u00e9dica como improviso, mas sim como uma &#8220;manobra t\u00e9cnica necess\u00e1ria&#8221; para o beb\u00ea e que permitiu &#8220;sua sobrevida at\u00e9 que a vaga no hospital de\u00a0fosse liberada&#8221;. A crian\u00e7a segue internada em Sumar\u00e9 e na noite desta sexta-feira seu quadro foi classificado como est\u00e1vel.<\/span><\/p>\n<p><span style=\"color: #000000; font-family: georgia, palatino, serif; font-size: 18pt;\">Para acessar o site, clique <span style=\"color: #0000ff;\"><a style=\"color: #0000ff;\" href=\"https:\/\/noticias.uol.com.br\/ultimas-noticias\/agencia-estado\/2018\/06\/29\/sem-uti-medicos-improvisam-caixa-de-papelao-para-atender-bebe.htm?utm_source=chrome&amp;utm_medium=webalert&amp;utm_campaign=noticias\"><em><strong>aqui<\/strong><\/em><\/a><\/span>.<\/span><\/p>\n<p style=\"text-align: center;\"><img data-recalc-dims=\"1\" fetchpriority=\"high\" decoding=\"async\" data-attachment-id=\"14379\" data-permalink=\"https:\/\/gersonguelmann.com.br\/blog\/no-estado-mais-rico-do-brasil-bebe-fica-em-caixa-de-papelao-ate-ir-para-uti\/child-in-a-box\/\" data-orig-file=\"https:\/\/i0.wp.com\/gersonguelmann.com.br\/blog\/wp-content\/uploads\/2018\/06\/child-in-a-box.jpg?fit=960%2C540&amp;ssl=1\" data-orig-size=\"960,540\" data-comments-opened=\"1\" data-image-meta=\"{&quot;aperture&quot;:&quot;0&quot;,&quot;credit&quot;:&quot;&quot;,&quot;camera&quot;:&quot;&quot;,&quot;caption&quot;:&quot;&quot;,&quot;created_timestamp&quot;:&quot;0&quot;,&quot;copyright&quot;:&quot;&quot;,&quot;focal_length&quot;:&quot;0&quot;,&quot;iso&quot;:&quot;0&quot;,&quot;shutter_speed&quot;:&quot;0&quot;,&quot;title&quot;:&quot;&quot;,&quot;orientation&quot;:&quot;0&quot;}\" data-image-title=\"child-in-a-box\" data-image-description=\"\" data-image-caption=\"\" data-medium-file=\"https:\/\/i0.wp.com\/gersonguelmann.com.br\/blog\/wp-content\/uploads\/2018\/06\/child-in-a-box.jpg?fit=300%2C169&amp;ssl=1\" data-large-file=\"https:\/\/i0.wp.com\/gersonguelmann.com.br\/blog\/wp-content\/uploads\/2018\/06\/child-in-a-box.jpg?fit=640%2C360&amp;ssl=1\" class=\"alignnone size-medium wp-image-14379\" src=\"https:\/\/i0.wp.com\/gersonguelmann.com.br\/blog\/wp-content\/uploads\/2018\/06\/child-in-a-box.jpg?resize=300%2C169&#038;ssl=1\" alt=\"\" width=\"300\" height=\"169\" srcset=\"https:\/\/i0.wp.com\/gersonguelmann.com.br\/blog\/wp-content\/uploads\/2018\/06\/child-in-a-box.jpg?resize=300%2C169&amp;ssl=1 300w, https:\/\/i0.wp.com\/gersonguelmann.com.br\/blog\/wp-content\/uploads\/2018\/06\/child-in-a-box.jpg?resize=768%2C432&amp;ssl=1 768w, https:\/\/i0.wp.com\/gersonguelmann.com.br\/blog\/wp-content\/uploads\/2018\/06\/child-in-a-box.jpg?w=960&amp;ssl=1 960w\" sizes=\"(max-width: 300px) 100vw, 300px\" \/><\/p>\n","protected":false},"excerpt":{"rendered":"<p>Enquanto estamos anestesiados pela Copa do Mundo, o Brasil que tem outras prioridades continua nos oferecendo um espet\u00e1culo de absurdos. Leia mat\u00e9ria do UOL Not\u00edcias: Sem UTI, m\u00e9dicos improvisam caixa de papel\u00e3o para atender beb\u00ea Rene Moreira, Especial para O Estado Franca 29\/06\/2018 &#8211; 21h25 A falta de UTI neonatal no Pronto-Socorro Afonso Ramos, em [&hellip;]<\/p>\n","protected":false},"author":5,"featured_media":14379,"comment_status":"open","ping_status":"open","sticky":false,"template":"","format":"standard","meta":{"_acf_changed":false,"jetpack_post_was_ever_published":false,"_jetpack_newsletter_access":"","_jetpack_dont_email_post_to_subs":false,"_jetpack_newsletter_tier_id":0,"_jetpack_memberships_contains_paywalled_content":false,"_jetpack_memberships_contains_paid_content":false,"footnotes":"","jetpack_publicize_message":"","jetpack_publicize_feature_enabled":true,"jetpack_social_post_already_shared":true,"jetpack_social_options":{"image_generator_settings":{"template":"highway","default_image_id":0,"font":"","enabled":false},"version":2}},"categories":[1],"tags":[],"class_list":["post-14378","post","type-post","status-publish","format-standard","has-post-thumbnail","hentry","category-sem-categoria"],"acf":[],"yoast_head":"<!-- This site is optimized with the Yoast SEO plugin v27.3 - https:\/\/yoast.com\/product\/yoast-seo-wordpress\/ -->\n<title>No Estado Mais Rico do Brasil, Beb\u00ea Fica em Caixa de Papel\u00e3o At\u00e9 Ir Para UTI | Blog do Guelmann<\/title>\n<meta name=\"robots\" content=\"index, follow, max-snippet:-1, max-image-preview:large, max-video-preview:-1\" \/>\n<link rel=\"canonical\" href=\"https:\/\/gersonguelmann.com.br\/blog\/no-estado-mais-rico-do-brasil-bebe-fica-em-caixa-de-papelao-ate-ir-para-uti\/\" \/>\n<meta property=\"og:locale\" content=\"pt_BR\" \/>\n<meta property=\"og:type\" content=\"article\" \/>\n<meta property=\"og:title\" content=\"No Estado Mais Rico do Brasil, Beb\u00ea Fica em Caixa de Papel\u00e3o At\u00e9 Ir Para UTI | Blog do Guelmann\" \/>\n<meta property=\"og:description\" content=\"Enquanto estamos anestesiados pela Copa do Mundo, o Brasil que tem outras prioridades continua nos oferecendo um espet\u00e1culo de absurdos. Leia mat\u00e9ria do UOL Not\u00edcias: Sem UTI, m\u00e9dicos improvisam caixa de papel\u00e3o para atender beb\u00ea Rene Moreira, Especial para O Estado Franca 29\/06\/2018 &#8211; 21h25 A falta de UTI neonatal no Pronto-Socorro Afonso Ramos, em [&hellip;]\" \/>\n<meta property=\"og:url\" content=\"https:\/\/gersonguelmann.com.br\/blog\/no-estado-mais-rico-do-brasil-bebe-fica-em-caixa-de-papelao-ate-ir-para-uti\/\" \/>\n<meta property=\"og:site_name\" content=\"Blog do Guelmann\" \/>\n<meta property=\"article:published_time\" content=\"2018-06-30T19:28:23+00:00\" \/>\n<meta property=\"og:image\" content=\"https:\/\/i0.wp.com\/gersonguelmann.com.br\/blog\/wp-content\/uploads\/2018\/06\/child-in-a-box.jpg?fit=960%2C540&ssl=1\" \/>\n\t<meta property=\"og:image:width\" content=\"960\" \/>\n\t<meta property=\"og:image:height\" content=\"540\" \/>\n\t<meta property=\"og:image:type\" content=\"image\/jpeg\" \/>\n<meta name=\"author\" content=\"Gerson Guelmann\" \/>\n<meta name=\"twitter:card\" content=\"summary_large_image\" \/>\n<meta name=\"twitter:label1\" content=\"Escrito por\" \/>\n\t<meta name=\"twitter:data1\" content=\"Gerson Guelmann\" \/>\n\t<meta name=\"twitter:label2\" content=\"Est. tempo de leitura\" \/>\n\t<meta name=\"twitter:data2\" content=\"2 minutos\" \/>\n<script type=\"application\/ld+json\" class=\"yoast-schema-graph\">{\"@context\":\"https:\\\/\\\/schema.org\",\"@graph\":[{\"@type\":\"Article\",\"@id\":\"https:\\\/\\\/gersonguelmann.com.br\\\/blog\\\/no-estado-mais-rico-do-brasil-bebe-fica-em-caixa-de-papelao-ate-ir-para-uti\\\/#article\",\"isPartOf\":{\"@id\":\"https:\\\/\\\/gersonguelmann.com.br\\\/blog\\\/no-estado-mais-rico-do-brasil-bebe-fica-em-caixa-de-papelao-ate-ir-para-uti\\\/\"},\"author\":{\"name\":\"Gerson Guelmann\",\"@id\":\"https:\\\/\\\/gersonguelmann.com.br\\\/blog\\\/#\\\/schema\\\/person\\\/87e70e2a786888082f941a482c90569e\"},\"headline\":\"No Estado Mais Rico do Brasil, Beb\u00ea Fica em Caixa de Papel\u00e3o At\u00e9 Ir Para UTI\",\"datePublished\":\"2018-06-30T19:28:23+00:00\",\"mainEntityOfPage\":{\"@id\":\"https:\\\/\\\/gersonguelmann.com.br\\\/blog\\\/no-estado-mais-rico-do-brasil-bebe-fica-em-caixa-de-papelao-ate-ir-para-uti\\\/\"},\"wordCount\":351,\"commentCount\":0,\"image\":{\"@id\":\"https:\\\/\\\/gersonguelmann.com.br\\\/blog\\\/no-estado-mais-rico-do-brasil-bebe-fica-em-caixa-de-papelao-ate-ir-para-uti\\\/#primaryimage\"},\"thumbnailUrl\":\"https:\\\/\\\/i0.wp.com\\\/gersonguelmann.com.br\\\/blog\\\/wp-content\\\/uploads\\\/2018\\\/06\\\/child-in-a-box.jpg?fit=960%2C540&ssl=1\",\"inLanguage\":\"pt-BR\",\"potentialAction\":[{\"@type\":\"CommentAction\",\"name\":\"Comment\",\"target\":[\"https:\\\/\\\/gersonguelmann.com.br\\\/blog\\\/no-estado-mais-rico-do-brasil-bebe-fica-em-caixa-de-papelao-ate-ir-para-uti\\\/#respond\"]}]},{\"@type\":\"WebPage\",\"@id\":\"https:\\\/\\\/gersonguelmann.com.br\\\/blog\\\/no-estado-mais-rico-do-brasil-bebe-fica-em-caixa-de-papelao-ate-ir-para-uti\\\/\",\"url\":\"https:\\\/\\\/gersonguelmann.com.br\\\/blog\\\/no-estado-mais-rico-do-brasil-bebe-fica-em-caixa-de-papelao-ate-ir-para-uti\\\/\",\"name\":\"No Estado Mais Rico do Brasil, Beb\u00ea Fica em Caixa de Papel\u00e3o At\u00e9 Ir Para UTI | Blog do Guelmann\",\"isPartOf\":{\"@id\":\"https:\\\/\\\/gersonguelmann.com.br\\\/blog\\\/#website\"},\"primaryImageOfPage\":{\"@id\":\"https:\\\/\\\/gersonguelmann.com.br\\\/blog\\\/no-estado-mais-rico-do-brasil-bebe-fica-em-caixa-de-papelao-ate-ir-para-uti\\\/#primaryimage\"},\"image\":{\"@id\":\"https:\\\/\\\/gersonguelmann.com.br\\\/blog\\\/no-estado-mais-rico-do-brasil-bebe-fica-em-caixa-de-papelao-ate-ir-para-uti\\\/#primaryimage\"},\"thumbnailUrl\":\"https:\\\/\\\/i0.wp.com\\\/gersonguelmann.com.br\\\/blog\\\/wp-content\\\/uploads\\\/2018\\\/06\\\/child-in-a-box.jpg?fit=960%2C540&ssl=1\",\"datePublished\":\"2018-06-30T19:28:23+00:00\",\"author\":{\"@id\":\"https:\\\/\\\/gersonguelmann.com.br\\\/blog\\\/#\\\/schema\\\/person\\\/87e70e2a786888082f941a482c90569e\"},\"inLanguage\":\"pt-BR\",\"potentialAction\":[{\"@type\":\"ReadAction\",\"target\":[\"https:\\\/\\\/gersonguelmann.com.br\\\/blog\\\/no-estado-mais-rico-do-brasil-bebe-fica-em-caixa-de-papelao-ate-ir-para-uti\\\/\"]}]},{\"@type\":\"ImageObject\",\"inLanguage\":\"pt-BR\",\"@id\":\"https:\\\/\\\/gersonguelmann.com.br\\\/blog\\\/no-estado-mais-rico-do-brasil-bebe-fica-em-caixa-de-papelao-ate-ir-para-uti\\\/#primaryimage\",\"url\":\"https:\\\/\\\/i0.wp.com\\\/gersonguelmann.com.br\\\/blog\\\/wp-content\\\/uploads\\\/2018\\\/06\\\/child-in-a-box.jpg?fit=960%2C540&ssl=1\",\"contentUrl\":\"https:\\\/\\\/i0.wp.com\\\/gersonguelmann.com.br\\\/blog\\\/wp-content\\\/uploads\\\/2018\\\/06\\\/child-in-a-box.jpg?fit=960%2C540&ssl=1\",\"width\":960,\"height\":540},{\"@type\":\"WebSite\",\"@id\":\"https:\\\/\\\/gersonguelmann.com.br\\\/blog\\\/#website\",\"url\":\"https:\\\/\\\/gersonguelmann.com.br\\\/blog\\\/\",\"name\":\"Blog do Guelmann\",\"description\":\"Pitadas da sabedoria e do humor judaicos, assuntos do momento e um pouco das hist\u00f3rias que vivi e testemunhei.\",\"potentialAction\":[{\"@type\":\"SearchAction\",\"target\":{\"@type\":\"EntryPoint\",\"urlTemplate\":\"https:\\\/\\\/gersonguelmann.com.br\\\/blog\\\/?s={search_term_string}\"},\"query-input\":{\"@type\":\"PropertyValueSpecification\",\"valueRequired\":true,\"valueName\":\"search_term_string\"}}],\"inLanguage\":\"pt-BR\"},{\"@type\":\"Person\",\"@id\":\"https:\\\/\\\/gersonguelmann.com.br\\\/blog\\\/#\\\/schema\\\/person\\\/87e70e2a786888082f941a482c90569e\",\"name\":\"Gerson Guelmann\",\"image\":{\"@type\":\"ImageObject\",\"inLanguage\":\"pt-BR\",\"@id\":\"https:\\\/\\\/i0.wp.com\\\/gersonguelmann.com.br\\\/blog\\\/wp-content\\\/uploads\\\/2021\\\/08\\\/BLOG.jpeg?fit=96%2C96&ssl=1\",\"url\":\"https:\\\/\\\/i0.wp.com\\\/gersonguelmann.com.br\\\/blog\\\/wp-content\\\/uploads\\\/2021\\\/08\\\/BLOG.jpeg?fit=96%2C96&ssl=1\",\"contentUrl\":\"https:\\\/\\\/i0.wp.com\\\/gersonguelmann.com.br\\\/blog\\\/wp-content\\\/uploads\\\/2021\\\/08\\\/BLOG.jpeg?fit=96%2C96&ssl=1\",\"caption\":\"Gerson Guelmann\"},\"description\":\"Pitadas da sabedoria e do humor judaicos, assuntos do momento e um pouco das hist\u00f3rias que vivi e testemunhei.\"}]}<\/script>\n<!-- \/ Yoast SEO plugin. -->","yoast_head_json":{"title":"No Estado Mais Rico do Brasil, Beb\u00ea Fica em Caixa de Papel\u00e3o At\u00e9 Ir Para UTI | Blog do Guelmann","robots":{"index":"index","follow":"follow","max-snippet":"max-snippet:-1","max-image-preview":"max-image-preview:large","max-video-preview":"max-video-preview:-1"},"canonical":"https:\/\/gersonguelmann.com.br\/blog\/no-estado-mais-rico-do-brasil-bebe-fica-em-caixa-de-papelao-ate-ir-para-uti\/","og_locale":"pt_BR","og_type":"article","og_title":"No Estado Mais Rico do Brasil, Beb\u00ea Fica em Caixa de Papel\u00e3o At\u00e9 Ir Para UTI | Blog do Guelmann","og_description":"Enquanto estamos anestesiados pela Copa do Mundo, o Brasil que tem outras prioridades continua nos oferecendo um espet\u00e1culo de absurdos. Leia mat\u00e9ria do UOL Not\u00edcias: Sem UTI, m\u00e9dicos improvisam caixa de papel\u00e3o para atender beb\u00ea Rene Moreira, Especial para O Estado Franca 29\/06\/2018 &#8211; 21h25 A falta de UTI neonatal no Pronto-Socorro Afonso Ramos, em [&hellip;]","og_url":"https:\/\/gersonguelmann.com.br\/blog\/no-estado-mais-rico-do-brasil-bebe-fica-em-caixa-de-papelao-ate-ir-para-uti\/","og_site_name":"Blog do Guelmann","article_published_time":"2018-06-30T19:28:23+00:00","og_image":[{"width":960,"height":540,"url":"https:\/\/i0.wp.com\/gersonguelmann.com.br\/blog\/wp-content\/uploads\/2018\/06\/child-in-a-box.jpg?fit=960%2C540&ssl=1","type":"image\/jpeg"}],"author":"Gerson Guelmann","twitter_card":"summary_large_image","twitter_misc":{"Escrito por":"Gerson Guelmann","Est. tempo de leitura":"2 minutos"},"schema":{"@context":"https:\/\/schema.org","@graph":[{"@type":"Article","@id":"https:\/\/gersonguelmann.com.br\/blog\/no-estado-mais-rico-do-brasil-bebe-fica-em-caixa-de-papelao-ate-ir-para-uti\/#article","isPartOf":{"@id":"https:\/\/gersonguelmann.com.br\/blog\/no-estado-mais-rico-do-brasil-bebe-fica-em-caixa-de-papelao-ate-ir-para-uti\/"},"author":{"name":"Gerson Guelmann","@id":"https:\/\/gersonguelmann.com.br\/blog\/#\/schema\/person\/87e70e2a786888082f941a482c90569e"},"headline":"No Estado Mais Rico do Brasil, Beb\u00ea Fica em Caixa de Papel\u00e3o At\u00e9 Ir Para UTI","datePublished":"2018-06-30T19:28:23+00:00","mainEntityOfPage":{"@id":"https:\/\/gersonguelmann.com.br\/blog\/no-estado-mais-rico-do-brasil-bebe-fica-em-caixa-de-papelao-ate-ir-para-uti\/"},"wordCount":351,"commentCount":0,"image":{"@id":"https:\/\/gersonguelmann.com.br\/blog\/no-estado-mais-rico-do-brasil-bebe-fica-em-caixa-de-papelao-ate-ir-para-uti\/#primaryimage"},"thumbnailUrl":"https:\/\/i0.wp.com\/gersonguelmann.com.br\/blog\/wp-content\/uploads\/2018\/06\/child-in-a-box.jpg?fit=960%2C540&ssl=1","inLanguage":"pt-BR","potentialAction":[{"@type":"CommentAction","name":"Comment","target":["https:\/\/gersonguelmann.com.br\/blog\/no-estado-mais-rico-do-brasil-bebe-fica-em-caixa-de-papelao-ate-ir-para-uti\/#respond"]}]},{"@type":"WebPage","@id":"https:\/\/gersonguelmann.com.br\/blog\/no-estado-mais-rico-do-brasil-bebe-fica-em-caixa-de-papelao-ate-ir-para-uti\/","url":"https:\/\/gersonguelmann.com.br\/blog\/no-estado-mais-rico-do-brasil-bebe-fica-em-caixa-de-papelao-ate-ir-para-uti\/","name":"No Estado Mais Rico do Brasil, Beb\u00ea Fica em Caixa de Papel\u00e3o At\u00e9 Ir Para UTI | Blog do Guelmann","isPartOf":{"@id":"https:\/\/gersonguelmann.com.br\/blog\/#website"},"primaryImageOfPage":{"@id":"https:\/\/gersonguelmann.com.br\/blog\/no-estado-mais-rico-do-brasil-bebe-fica-em-caixa-de-papelao-ate-ir-para-uti\/#primaryimage"},"image":{"@id":"https:\/\/gersonguelmann.com.br\/blog\/no-estado-mais-rico-do-brasil-bebe-fica-em-caixa-de-papelao-ate-ir-para-uti\/#primaryimage"},"thumbnailUrl":"https:\/\/i0.wp.com\/gersonguelmann.com.br\/blog\/wp-content\/uploads\/2018\/06\/child-in-a-box.jpg?fit=960%2C540&ssl=1","datePublished":"2018-06-30T19:28:23+00:00","author":{"@id":"https:\/\/gersonguelmann.com.br\/blog\/#\/schema\/person\/87e70e2a786888082f941a482c90569e"},"inLanguage":"pt-BR","potentialAction":[{"@type":"ReadAction","target":["https:\/\/gersonguelmann.com.br\/blog\/no-estado-mais-rico-do-brasil-bebe-fica-em-caixa-de-papelao-ate-ir-para-uti\/"]}]},{"@type":"ImageObject","inLanguage":"pt-BR","@id":"https:\/\/gersonguelmann.com.br\/blog\/no-estado-mais-rico-do-brasil-bebe-fica-em-caixa-de-papelao-ate-ir-para-uti\/#primaryimage","url":"https:\/\/i0.wp.com\/gersonguelmann.com.br\/blog\/wp-content\/uploads\/2018\/06\/child-in-a-box.jpg?fit=960%2C540&ssl=1","contentUrl":"https:\/\/i0.wp.com\/gersonguelmann.com.br\/blog\/wp-content\/uploads\/2018\/06\/child-in-a-box.jpg?fit=960%2C540&ssl=1","width":960,"height":540},{"@type":"WebSite","@id":"https:\/\/gersonguelmann.com.br\/blog\/#website","url":"https:\/\/gersonguelmann.com.br\/blog\/","name":"Blog do Guelmann","description":"Pitadas da sabedoria e do humor judaicos, assuntos do momento e um pouco das hist\u00f3rias que vivi e testemunhei.","potentialAction":[{"@type":"SearchAction","target":{"@type":"EntryPoint","urlTemplate":"https:\/\/gersonguelmann.com.br\/blog\/?s={search_term_string}"},"query-input":{"@type":"PropertyValueSpecification","valueRequired":true,"valueName":"search_term_string"}}],"inLanguage":"pt-BR"},{"@type":"Person","@id":"https:\/\/gersonguelmann.com.br\/blog\/#\/schema\/person\/87e70e2a786888082f941a482c90569e","name":"Gerson Guelmann","image":{"@type":"ImageObject","inLanguage":"pt-BR","@id":"https:\/\/i0.wp.com\/gersonguelmann.com.br\/blog\/wp-content\/uploads\/2021\/08\/BLOG.jpeg?fit=96%2C96&ssl=1","url":"https:\/\/i0.wp.com\/gersonguelmann.com.br\/blog\/wp-content\/uploads\/2021\/08\/BLOG.jpeg?fit=96%2C96&ssl=1","contentUrl":"https:\/\/i0.wp.com\/gersonguelmann.com.br\/blog\/wp-content\/uploads\/2021\/08\/BLOG.jpeg?fit=96%2C96&ssl=1","caption":"Gerson Guelmann"},"description":"Pitadas da sabedoria e do humor judaicos, assuntos do momento e um pouco das hist\u00f3rias que vivi e testemunhei."}]}},"views":55,"jetpack_publicize_connections":[],"jetpack_featured_media_url":"https:\/\/i0.wp.com\/gersonguelmann.com.br\/blog\/wp-content\/uploads\/2018\/06\/child-in-a-box.jpg?fit=960%2C540&ssl=1","jetpack_shortlink":"https:\/\/wp.me\/p96e7O-3JU","jetpack-related-posts":[{"id":19117,"url":"https:\/\/gersonguelmann.com.br\/blog\/na-india-alunos-fizeram-prova-com-caixa-de-papelao-na-cabeca\/","url_meta":{"origin":14378,"position":0},"title":"Na \u00cdndia, Alunos Fizeram Prova Com Caixa de Papel\u00e3o na Cabe\u00e7a","author":"Gerson Guelmann","date":"5 de novembro de 2019","format":false,"excerpt":"Em tempos de \"bullying\" e dos cuidados com suas consequ\u00eancias, chama a aten\u00e7\u00e3o not\u00edcia publicada no site Yahoo! Not\u00edcias: Escola obriga alunos a fazerem prova com caixa de papel\u00e3o na cabe\u00e7a Reda\u00e7\u00e3o Not\u00edcias Yahoo Not\u00edcias 21 de outubro de 2019 Administrador diz que alunos 'consentiram' com a medida (Foto: Reprodu\u00e7\u00e3o\/Twitter\u2026","rel":"","context":"Em &quot;Sem categoria&quot;","block_context":{"text":"Sem categoria","link":"https:\/\/gersonguelmann.com.br\/blog\/category\/sem-categoria\/"},"img":{"alt_text":"","src":"https:\/\/i0.wp.com\/gersonguelmann.com.br\/blog\/wp-content\/uploads\/2019\/11\/Yahoo.jpg?fit=640%2C360&ssl=1&resize=350%2C200","width":350,"height":200,"srcset":"https:\/\/i0.wp.com\/gersonguelmann.com.br\/blog\/wp-content\/uploads\/2019\/11\/Yahoo.jpg?fit=640%2C360&ssl=1&resize=350%2C200 1x, https:\/\/i0.wp.com\/gersonguelmann.com.br\/blog\/wp-content\/uploads\/2019\/11\/Yahoo.jpg?fit=640%2C360&ssl=1&resize=525%2C300 1.5x"},"classes":[]},{"id":14542,"url":"https:\/\/gersonguelmann.com.br\/blog\/a-derrota-do-brasil-para-a-belgica-e-o-papelao-do-prefeito-de-bruxelas\/","url_meta":{"origin":14378,"position":1},"title":"A Derrota do Brasil Para a B\u00e9lgica e o Papel\u00e3o do Prefeito de Bruxelas","author":"Gerson Guelmann","date":"7 de julho de 2018","format":false,"excerpt":"Essa \u00e9 uma daquelas mat\u00e9rias que n\u00e3o \u00e9 preciso comentar, basta transcrever. Foi publicada hoje no site Metr\u00f3pole: Zoa\u00e7\u00e3o de prefeito de Bruxelas a Neymar vira pol\u00eamica em rede social Philippe Close publicou no Twitter montagem que incomodou at\u00e9 seus conterr\u00e2neos: meme em que famosa est\u00e1tua urina sobre um Neymar\u2026","rel":"","context":"Em &quot;Sem categoria&quot;","block_context":{"text":"Sem categoria","link":"https:\/\/gersonguelmann.com.br\/blog\/category\/sem-categoria\/"},"img":{"alt_text":"","src":"https:\/\/i0.wp.com\/gersonguelmann.com.br\/blog\/wp-content\/uploads\/2018\/07\/Neymar.jpg?fit=840%2C542&ssl=1&resize=350%2C200","width":350,"height":200,"srcset":"https:\/\/i0.wp.com\/gersonguelmann.com.br\/blog\/wp-content\/uploads\/2018\/07\/Neymar.jpg?fit=840%2C542&ssl=1&resize=350%2C200 1x, https:\/\/i0.wp.com\/gersonguelmann.com.br\/blog\/wp-content\/uploads\/2018\/07\/Neymar.jpg?fit=840%2C542&ssl=1&resize=525%2C300 1.5x, https:\/\/i0.wp.com\/gersonguelmann.com.br\/blog\/wp-content\/uploads\/2018\/07\/Neymar.jpg?fit=840%2C542&ssl=1&resize=700%2C400 2x"},"classes":[]},{"id":14862,"url":"https:\/\/gersonguelmann.com.br\/blog\/a-copa-do-mundo-de-2026-e-o-papelao-do-brasil\/","url_meta":{"origin":14378,"position":2},"title":"A Copa do Mundo de 2026 e o Papel\u00e3o do Brasil","author":"Gerson Guelmann","date":"25 de outubro de 2018","format":false,"excerpt":"Recebi o texto abaixo h\u00e1 algum tempo e acho que merece ser compartilhado por fazer refer\u00eancia um aspecto que diz respeito \u00e0 nossa forma\u00e7\u00e3o e identidade como povo e na\u00e7\u00e3o. \u00c9 de autoria de um redator publicit\u00e1rio chamado \u00cdcaro de Carvalho, que o publicou em sua p\u00e1gina do Facebook em\u2026","rel":"","context":"Em &quot;Sem categoria&quot;","block_context":{"text":"Sem categoria","link":"https:\/\/gersonguelmann.com.br\/blog\/category\/sem-categoria\/"},"img":{"alt_text":"","src":"https:\/\/i0.wp.com\/gersonguelmann.com.br\/blog\/wp-content\/uploads\/2018\/10\/FIFA.jpg?fit=1200%2C675&ssl=1&resize=350%2C200","width":350,"height":200,"srcset":"https:\/\/i0.wp.com\/gersonguelmann.com.br\/blog\/wp-content\/uploads\/2018\/10\/FIFA.jpg?fit=1200%2C675&ssl=1&resize=350%2C200 1x, https:\/\/i0.wp.com\/gersonguelmann.com.br\/blog\/wp-content\/uploads\/2018\/10\/FIFA.jpg?fit=1200%2C675&ssl=1&resize=525%2C300 1.5x, https:\/\/i0.wp.com\/gersonguelmann.com.br\/blog\/wp-content\/uploads\/2018\/10\/FIFA.jpg?fit=1200%2C675&ssl=1&resize=700%2C400 2x, https:\/\/i0.wp.com\/gersonguelmann.com.br\/blog\/wp-content\/uploads\/2018\/10\/FIFA.jpg?fit=1200%2C675&ssl=1&resize=1050%2C600 3x"},"classes":[]},{"id":21907,"url":"https:\/\/gersonguelmann.com.br\/blog\/vacinas-no-dia-da-mentira-a-verdade\/","url_meta":{"origin":14378,"position":3},"title":"Vacinas: no Dia da Mentira, a Verdade","author":"Gerson Guelmann","date":"1 de abril de 2021","format":false,"excerpt":"O que aconteceria se o Governo brasileiro tivesse aceitado em Agosto de 2020 a proposta de compra da vacina da Pfizer?\u00a0 Em artigo publicado na revista Veja, o Dr. Salmo Raskin estabelece uma \"linha do tempo\" sobre as negocia\u00e7\u00f5es do governo brasileiro para aquisi\u00e7\u00e3o desse medicamento. Antes, para quem n\u00e3o\u2026","rel":"","context":"Em &quot;Sem categoria&quot;","block_context":{"text":"Sem categoria","link":"https:\/\/gersonguelmann.com.br\/blog\/category\/sem-categoria\/"},"img":{"alt_text":"","src":"https:\/\/i0.wp.com\/gersonguelmann.com.br\/blog\/wp-content\/uploads\/2021\/04\/covid-19-vaccine-5902833_1920.jpg?fit=1200%2C675&ssl=1&resize=350%2C200","width":350,"height":200,"srcset":"https:\/\/i0.wp.com\/gersonguelmann.com.br\/blog\/wp-content\/uploads\/2021\/04\/covid-19-vaccine-5902833_1920.jpg?fit=1200%2C675&ssl=1&resize=350%2C200 1x, https:\/\/i0.wp.com\/gersonguelmann.com.br\/blog\/wp-content\/uploads\/2021\/04\/covid-19-vaccine-5902833_1920.jpg?fit=1200%2C675&ssl=1&resize=525%2C300 1.5x, https:\/\/i0.wp.com\/gersonguelmann.com.br\/blog\/wp-content\/uploads\/2021\/04\/covid-19-vaccine-5902833_1920.jpg?fit=1200%2C675&ssl=1&resize=700%2C400 2x, https:\/\/i0.wp.com\/gersonguelmann.com.br\/blog\/wp-content\/uploads\/2021\/04\/covid-19-vaccine-5902833_1920.jpg?fit=1200%2C675&ssl=1&resize=1050%2C600 3x"},"classes":[]},{"id":6042,"url":"https:\/\/gersonguelmann.com.br\/blog\/para-encerrar-o-ano-com-um-papelao\/","url_meta":{"origin":14378,"position":4},"title":"Para Encerrar o Ano Com Um Papel\u00e3o","author":"Gerson Guelmann","date":"23 de dezembro de 2017","format":false,"excerpt":"H\u00e1 menos de 10 dias os Vereadores de Uberl\u00e2ndia (MG) aprovaram um aumento de quase 20% em seus sal\u00e1rios, que passaram de R$ 15.031,62 para R$ 18.007,88. Um rep\u00f3rter da TV Band Tri\u00e2ngulo tentou entrevistar a Procuradora Geral da C\u00e2mara Municipal, Alice Ribeiro Sousa sobre a eleva\u00e7\u00e3o. A servidora teve\u2026","rel":"","context":"Em &quot;Sem categoria&quot;","block_context":{"text":"Sem categoria","link":"https:\/\/gersonguelmann.com.br\/blog\/category\/sem-categoria\/"},"img":{"alt_text":"","src":"https:\/\/i0.wp.com\/gersonguelmann.com.br\/blog\/wp-content\/uploads\/2017\/12\/Procuradora-300x168.jpg?resize=350%2C200&ssl=1","width":350,"height":200},"classes":[]},{"id":9515,"url":"https:\/\/gersonguelmann.com.br\/blog\/azar-do-chico-buarque\/","url_meta":{"origin":14378,"position":5},"title":"O Azar do Chico Buarque","author":"Gerson Guelmann","date":"4 de mar\u00e7o de 2018","format":false,"excerpt":"Assistindo o The Voice Kids h\u00e1 pouco (na realidade \"ouvindo\" enquanto trabalho aqui no Blog) conclu\u00ed que o Chico Buarque teve duas grandes infelicidades na vida: 1. Uma ex-mulher que est\u00e1 matando todo mundo na novela das 9; e 2. Um genro que \u00e9 pior que uma mala sem al\u00e7a.\u2026","rel":"","context":"Em &quot;Sem categoria&quot;","block_context":{"text":"Sem categoria","link":"https:\/\/gersonguelmann.com.br\/blog\/category\/sem-categoria\/"},"img":{"alt_text":"","src":"https:\/\/i0.wp.com\/gersonguelmann.com.br\/blog\/wp-content\/uploads\/2018\/03\/CB-300x168.jpg?resize=350%2C200&ssl=1","width":350,"height":200},"classes":[]}],"jetpack_sharing_enabled":true,"post_mailing_queue_ids":[],"_links":{"self":[{"href":"https:\/\/gersonguelmann.com.br\/blog\/wp-json\/wp\/v2\/posts\/14378","targetHints":{"allow":["GET"]}}],"collection":[{"href":"https:\/\/gersonguelmann.com.br\/blog\/wp-json\/wp\/v2\/posts"}],"about":[{"href":"https:\/\/gersonguelmann.com.br\/blog\/wp-json\/wp\/v2\/types\/post"}],"author":[{"embeddable":true,"href":"https:\/\/gersonguelmann.com.br\/blog\/wp-json\/wp\/v2\/users\/5"}],"replies":[{"embeddable":true,"href":"https:\/\/gersonguelmann.com.br\/blog\/wp-json\/wp\/v2\/comments?post=14378"}],"version-history":[{"count":0,"href":"https:\/\/gersonguelmann.com.br\/blog\/wp-json\/wp\/v2\/posts\/14378\/revisions"}],"wp:featuredmedia":[{"embeddable":true,"href":"https:\/\/gersonguelmann.com.br\/blog\/wp-json\/wp\/v2\/media\/14379"}],"wp:attachment":[{"href":"https:\/\/gersonguelmann.com.br\/blog\/wp-json\/wp\/v2\/media?parent=14378"}],"wp:term":[{"taxonomy":"category","embeddable":true,"href":"https:\/\/gersonguelmann.com.br\/blog\/wp-json\/wp\/v2\/categories?post=14378"},{"taxonomy":"post_tag","embeddable":true,"href":"https:\/\/gersonguelmann.com.br\/blog\/wp-json\/wp\/v2\/tags?post=14378"}],"curies":[{"name":"wp","href":"https:\/\/api.w.org\/{rel}","templated":true}]}}