    {"id":1438,"date":"2017-09-05T14:52:26","date_gmt":"2017-09-05T17:52:26","guid":{"rendered":"https:\/\/gersonguelmann.com.br\/blog\/?p=1438"},"modified":"2017-09-05T14:52:26","modified_gmt":"2017-09-05T17:52:26","slug":"e-preciso-entender-a-situacao-dos-caras","status":"publish","type":"post","link":"https:\/\/gersonguelmann.com.br\/blog\/e-preciso-entender-a-situacao-dos-caras\/","title":{"rendered":"\u00c9 preciso entender a situa\u00e7\u00e3o dos caras"},"content":{"rendered":"<p><span style=\"font-family: tahoma, arial, helvetica, sans-serif; font-size: 14pt; color: #000000;\">O brasileiro m\u00e9dio, aquele que n\u00e3o est\u00e1 acostumado a ver e muito menos a ter essa grana toda foi surpreendido hoje pelas not\u00edcias e imagens de duas grande apreens\u00f5es de dinheiro.<\/span><\/p>\n<p><span style=\"font-family: tahoma, arial, helvetica, sans-serif; font-size: 14pt; color: #000000;\">A primeira foi na casa do <em>Geddel Vieira Lima<\/em>, ex-Ministro. <em><strong><a href=\"https:\/\/gersonguelmann.com.br\/blog\/pf-encontra-bunker-com-malas-de-dinheiro-em-imovel-ligado-geddel\/\">Sobre isso comentei mais cedo<\/a><\/strong><\/em>.\u00a0<\/span><\/p>\n<p><span style=\"font-family: tahoma, arial, helvetica, sans-serif; font-size: 14pt; color: #000000;\">O segundo achado foi na casa de casa do <em><strong><a href=\"https:\/\/oglobo.globo.com\/brasil\/pf-apreende-480-mil-em-especie-de-cinco-moedas-diferentes-na-casa-de-nuzman-21787667\">presidente do Comit\u00ea Ol\u00edmpico Brasileiro (COB), Carlos Arthur Nuzman<\/a><\/strong><\/em>.\u00a0<\/span><\/p>\n<p><span style=\"font-family: tahoma, arial, helvetica, sans-serif; font-size: 14pt; color: #000000;\">Um detalhe curioso \u00e9 que aparentemente no &#8220;<em>quarto de despejo<\/em>&#8221; do <em>Geddel<\/em> s\u00f3 havia reais; j\u00e1 na casa do <em>Nuzman<\/em>\u00a0a PF encontrou dinheiro em cinco moedas diferentes: Real, D\u00f3lar, Euro, Libra e Francos Su\u00ed\u00e7os.\u00a0<\/span><\/p>\n<p><span style=\"font-family: tahoma, arial, helvetica, sans-serif; font-size: 14pt; color: #000000;\">A mania que temos de pensar mal de pessoas not\u00f3rias, sempre achando que est\u00e3o envolvidas em maracutaias, n\u00e3o nos deixa enxergar o sinal de alerta que ambas pessoas est\u00e3o nos mostrando: <\/span><\/p>\n<p><span style=\"font-family: tahoma, arial, helvetica, sans-serif; font-size: 14pt; color: #000000;\">&#8211; <em><strong>eles preferem guardar a dinheirama em casa porque o sistema banc\u00e1rio brasileiro n\u00e3o est\u00e1 inspirando confian\u00e7a!<\/strong><\/em><\/span><\/p>\n<p><img data-recalc-dims=\"1\" fetchpriority=\"high\" decoding=\"async\" data-attachment-id=\"1439\" data-permalink=\"https:\/\/gersonguelmann.com.br\/blog\/e-preciso-entender-a-situacao-dos-caras\/dinheiro\/\" data-orig-file=\"https:\/\/i0.wp.com\/gersonguelmann.com.br\/blog\/wp-content\/uploads\/2017\/09\/Dinheiro.jpg?fit=960%2C640&amp;ssl=1\" data-orig-size=\"960,640\" data-comments-opened=\"1\" data-image-meta=\"{&quot;aperture&quot;:&quot;4&quot;,&quot;credit&quot;:&quot;&quot;,&quot;camera&quot;:&quot;Canon EOS DIGITAL REBEL&quot;,&quot;caption&quot;:&quot;&quot;,&quot;created_timestamp&quot;:&quot;0&quot;,&quot;copyright&quot;:&quot;&quot;,&quot;focal_length&quot;:&quot;90&quot;,&quot;iso&quot;:&quot;400&quot;,&quot;shutter_speed&quot;:&quot;0.016666666666667&quot;,&quot;title&quot;:&quot;&quot;,&quot;orientation&quot;:&quot;0&quot;}\" data-image-title=\"Dinheiro\" data-image-description=\"\" data-image-caption=\"\" data-medium-file=\"https:\/\/i0.wp.com\/gersonguelmann.com.br\/blog\/wp-content\/uploads\/2017\/09\/Dinheiro.jpg?fit=300%2C200&amp;ssl=1\" data-large-file=\"https:\/\/i0.wp.com\/gersonguelmann.com.br\/blog\/wp-content\/uploads\/2017\/09\/Dinheiro.jpg?fit=640%2C427&amp;ssl=1\" class=\"size-medium wp-image-1439 aligncenter\" src=\"https:\/\/i0.wp.com\/gersonguelmann.com.br\/blog\/wp-content\/uploads\/2017\/09\/Dinheiro.jpg?resize=300%2C200&#038;ssl=1\" alt=\"\" width=\"300\" height=\"200\" srcset=\"https:\/\/i0.wp.com\/gersonguelmann.com.br\/blog\/wp-content\/uploads\/2017\/09\/Dinheiro.jpg?resize=300%2C200&amp;ssl=1 300w, https:\/\/i0.wp.com\/gersonguelmann.com.br\/blog\/wp-content\/uploads\/2017\/09\/Dinheiro.jpg?resize=768%2C512&amp;ssl=1 768w, https:\/\/i0.wp.com\/gersonguelmann.com.br\/blog\/wp-content\/uploads\/2017\/09\/Dinheiro.jpg?resize=750%2C500&amp;ssl=1 750w, https:\/\/i0.wp.com\/gersonguelmann.com.br\/blog\/wp-content\/uploads\/2017\/09\/Dinheiro.jpg?w=960&amp;ssl=1 960w\" sizes=\"(max-width: 300px) 100vw, 300px\" \/><\/p>\n","protected":false},"excerpt":{"rendered":"<p>O brasileiro m\u00e9dio, aquele que n\u00e3o est\u00e1 acostumado a ver e muito menos a ter essa grana toda foi surpreendido hoje pelas not\u00edcias e imagens de duas grande apreens\u00f5es de dinheiro. A primeira foi na casa do Geddel Vieira Lima, ex-Ministro. Sobre isso comentei mais cedo.\u00a0 O segundo achado foi na casa de casa do [&hellip;]<\/p>\n","protected":false},"author":5,"featured_media":1439,"comment_status":"open","ping_status":"open","sticky":false,"template":"","format":"standard","meta":{"_acf_changed":false,"jetpack_post_was_ever_published":false,"_jetpack_newsletter_access":"","_jetpack_dont_email_post_to_subs":false,"_jetpack_newsletter_tier_id":0,"_jetpack_memberships_contains_paywalled_content":false,"_jetpack_memberships_contains_paid_content":false,"footnotes":"","jetpack_publicize_message":"","jetpack_publicize_feature_enabled":true,"jetpack_social_post_already_shared":true,"jetpack_social_options":{"image_generator_settings":{"template":"highway","default_image_id":0,"font":"","enabled":false},"version":2}},"categories":[1],"tags":[],"class_list":["post-1438","post","type-post","status-publish","format-standard","has-post-thumbnail","hentry","category-sem-categoria"],"acf":[],"yoast_head":"<!-- This site is optimized with the Yoast SEO plugin v27.3 - https:\/\/yoast.com\/product\/yoast-seo-wordpress\/ -->\n<title>\u00c9 preciso entender a situa\u00e7\u00e3o dos caras | Blog do Guelmann<\/title>\n<meta name=\"robots\" content=\"index, follow, max-snippet:-1, max-image-preview:large, max-video-preview:-1\" \/>\n<link rel=\"canonical\" href=\"https:\/\/gersonguelmann.com.br\/blog\/e-preciso-entender-a-situacao-dos-caras\/\" \/>\n<meta property=\"og:locale\" content=\"pt_BR\" \/>\n<meta property=\"og:type\" content=\"article\" \/>\n<meta property=\"og:title\" content=\"\u00c9 preciso entender a situa\u00e7\u00e3o dos caras | Blog do Guelmann\" \/>\n<meta property=\"og:description\" content=\"O brasileiro m\u00e9dio, aquele que n\u00e3o est\u00e1 acostumado a ver e muito menos a ter essa grana toda foi surpreendido hoje pelas not\u00edcias e imagens de duas grande apreens\u00f5es de dinheiro. A primeira foi na casa do Geddel Vieira Lima, ex-Ministro. Sobre isso comentei mais cedo.\u00a0 O segundo achado foi na casa de casa do [&hellip;]\" \/>\n<meta property=\"og:url\" content=\"https:\/\/gersonguelmann.com.br\/blog\/e-preciso-entender-a-situacao-dos-caras\/\" \/>\n<meta property=\"og:site_name\" content=\"Blog do Guelmann\" \/>\n<meta property=\"article:published_time\" content=\"2017-09-05T17:52:26+00:00\" \/>\n<meta property=\"og:image\" content=\"https:\/\/i0.wp.com\/gersonguelmann.com.br\/blog\/wp-content\/uploads\/2017\/09\/Dinheiro.jpg?fit=960%2C640&ssl=1\" \/>\n\t<meta property=\"og:image:width\" content=\"960\" \/>\n\t<meta property=\"og:image:height\" content=\"640\" \/>\n\t<meta property=\"og:image:type\" content=\"image\/jpeg\" \/>\n<meta name=\"author\" content=\"Gerson Guelmann\" \/>\n<meta name=\"twitter:card\" content=\"summary_large_image\" \/>\n<meta name=\"twitter:label1\" content=\"Escrito por\" \/>\n\t<meta name=\"twitter:data1\" content=\"Gerson Guelmann\" \/>\n\t<meta name=\"twitter:label2\" content=\"Est. tempo de leitura\" \/>\n\t<meta name=\"twitter:data2\" content=\"1 minuto\" \/>\n<script type=\"application\/ld+json\" class=\"yoast-schema-graph\">{\"@context\":\"https:\\\/\\\/schema.org\",\"@graph\":[{\"@type\":\"Article\",\"@id\":\"https:\\\/\\\/gersonguelmann.com.br\\\/blog\\\/e-preciso-entender-a-situacao-dos-caras\\\/#article\",\"isPartOf\":{\"@id\":\"https:\\\/\\\/gersonguelmann.com.br\\\/blog\\\/e-preciso-entender-a-situacao-dos-caras\\\/\"},\"author\":{\"name\":\"Gerson Guelmann\",\"@id\":\"https:\\\/\\\/gersonguelmann.com.br\\\/blog\\\/#\\\/schema\\\/person\\\/87e70e2a786888082f941a482c90569e\"},\"headline\":\"\u00c9 preciso entender a situa\u00e7\u00e3o dos caras\",\"datePublished\":\"2017-09-05T17:52:26+00:00\",\"mainEntityOfPage\":{\"@id\":\"https:\\\/\\\/gersonguelmann.com.br\\\/blog\\\/e-preciso-entender-a-situacao-dos-caras\\\/\"},\"wordCount\":167,\"commentCount\":0,\"image\":{\"@id\":\"https:\\\/\\\/gersonguelmann.com.br\\\/blog\\\/e-preciso-entender-a-situacao-dos-caras\\\/#primaryimage\"},\"thumbnailUrl\":\"https:\\\/\\\/i0.wp.com\\\/gersonguelmann.com.br\\\/blog\\\/wp-content\\\/uploads\\\/2017\\\/09\\\/Dinheiro.jpg?fit=960%2C640&ssl=1\",\"inLanguage\":\"pt-BR\",\"potentialAction\":[{\"@type\":\"CommentAction\",\"name\":\"Comment\",\"target\":[\"https:\\\/\\\/gersonguelmann.com.br\\\/blog\\\/e-preciso-entender-a-situacao-dos-caras\\\/#respond\"]}]},{\"@type\":\"WebPage\",\"@id\":\"https:\\\/\\\/gersonguelmann.com.br\\\/blog\\\/e-preciso-entender-a-situacao-dos-caras\\\/\",\"url\":\"https:\\\/\\\/gersonguelmann.com.br\\\/blog\\\/e-preciso-entender-a-situacao-dos-caras\\\/\",\"name\":\"\u00c9 preciso entender a situa\u00e7\u00e3o dos caras | Blog do Guelmann\",\"isPartOf\":{\"@id\":\"https:\\\/\\\/gersonguelmann.com.br\\\/blog\\\/#website\"},\"primaryImageOfPage\":{\"@id\":\"https:\\\/\\\/gersonguelmann.com.br\\\/blog\\\/e-preciso-entender-a-situacao-dos-caras\\\/#primaryimage\"},\"image\":{\"@id\":\"https:\\\/\\\/gersonguelmann.com.br\\\/blog\\\/e-preciso-entender-a-situacao-dos-caras\\\/#primaryimage\"},\"thumbnailUrl\":\"https:\\\/\\\/i0.wp.com\\\/gersonguelmann.com.br\\\/blog\\\/wp-content\\\/uploads\\\/2017\\\/09\\\/Dinheiro.jpg?fit=960%2C640&ssl=1\",\"datePublished\":\"2017-09-05T17:52:26+00:00\",\"author\":{\"@id\":\"https:\\\/\\\/gersonguelmann.com.br\\\/blog\\\/#\\\/schema\\\/person\\\/87e70e2a786888082f941a482c90569e\"},\"inLanguage\":\"pt-BR\",\"potentialAction\":[{\"@type\":\"ReadAction\",\"target\":[\"https:\\\/\\\/gersonguelmann.com.br\\\/blog\\\/e-preciso-entender-a-situacao-dos-caras\\\/\"]}]},{\"@type\":\"ImageObject\",\"inLanguage\":\"pt-BR\",\"@id\":\"https:\\\/\\\/gersonguelmann.com.br\\\/blog\\\/e-preciso-entender-a-situacao-dos-caras\\\/#primaryimage\",\"url\":\"https:\\\/\\\/i0.wp.com\\\/gersonguelmann.com.br\\\/blog\\\/wp-content\\\/uploads\\\/2017\\\/09\\\/Dinheiro.jpg?fit=960%2C640&ssl=1\",\"contentUrl\":\"https:\\\/\\\/i0.wp.com\\\/gersonguelmann.com.br\\\/blog\\\/wp-content\\\/uploads\\\/2017\\\/09\\\/Dinheiro.jpg?fit=960%2C640&ssl=1\",\"width\":960,\"height\":640},{\"@type\":\"WebSite\",\"@id\":\"https:\\\/\\\/gersonguelmann.com.br\\\/blog\\\/#website\",\"url\":\"https:\\\/\\\/gersonguelmann.com.br\\\/blog\\\/\",\"name\":\"Blog do Guelmann\",\"description\":\"Pitadas da sabedoria e do humor judaicos, assuntos do momento e um pouco das hist\u00f3rias que vivi e testemunhei.\",\"potentialAction\":[{\"@type\":\"SearchAction\",\"target\":{\"@type\":\"EntryPoint\",\"urlTemplate\":\"https:\\\/\\\/gersonguelmann.com.br\\\/blog\\\/?s={search_term_string}\"},\"query-input\":{\"@type\":\"PropertyValueSpecification\",\"valueRequired\":true,\"valueName\":\"search_term_string\"}}],\"inLanguage\":\"pt-BR\"},{\"@type\":\"Person\",\"@id\":\"https:\\\/\\\/gersonguelmann.com.br\\\/blog\\\/#\\\/schema\\\/person\\\/87e70e2a786888082f941a482c90569e\",\"name\":\"Gerson Guelmann\",\"image\":{\"@type\":\"ImageObject\",\"inLanguage\":\"pt-BR\",\"@id\":\"https:\\\/\\\/i0.wp.com\\\/gersonguelmann.com.br\\\/blog\\\/wp-content\\\/uploads\\\/2021\\\/08\\\/BLOG.jpeg?fit=96%2C96&ssl=1\",\"url\":\"https:\\\/\\\/i0.wp.com\\\/gersonguelmann.com.br\\\/blog\\\/wp-content\\\/uploads\\\/2021\\\/08\\\/BLOG.jpeg?fit=96%2C96&ssl=1\",\"contentUrl\":\"https:\\\/\\\/i0.wp.com\\\/gersonguelmann.com.br\\\/blog\\\/wp-content\\\/uploads\\\/2021\\\/08\\\/BLOG.jpeg?fit=96%2C96&ssl=1\",\"caption\":\"Gerson Guelmann\"},\"description\":\"Pitadas da sabedoria e do humor judaicos, assuntos do momento e um pouco das hist\u00f3rias que vivi e testemunhei.\"}]}<\/script>\n<!-- \/ Yoast SEO plugin. -->","yoast_head_json":{"title":"\u00c9 preciso entender a situa\u00e7\u00e3o dos caras | Blog do Guelmann","robots":{"index":"index","follow":"follow","max-snippet":"max-snippet:-1","max-image-preview":"max-image-preview:large","max-video-preview":"max-video-preview:-1"},"canonical":"https:\/\/gersonguelmann.com.br\/blog\/e-preciso-entender-a-situacao-dos-caras\/","og_locale":"pt_BR","og_type":"article","og_title":"\u00c9 preciso entender a situa\u00e7\u00e3o dos caras | Blog do Guelmann","og_description":"O brasileiro m\u00e9dio, aquele que n\u00e3o est\u00e1 acostumado a ver e muito menos a ter essa grana toda foi surpreendido hoje pelas not\u00edcias e imagens de duas grande apreens\u00f5es de dinheiro. A primeira foi na casa do Geddel Vieira Lima, ex-Ministro. Sobre isso comentei mais cedo.\u00a0 O segundo achado foi na casa de casa do [&hellip;]","og_url":"https:\/\/gersonguelmann.com.br\/blog\/e-preciso-entender-a-situacao-dos-caras\/","og_site_name":"Blog do Guelmann","article_published_time":"2017-09-05T17:52:26+00:00","og_image":[{"width":960,"height":640,"url":"https:\/\/i0.wp.com\/gersonguelmann.com.br\/blog\/wp-content\/uploads\/2017\/09\/Dinheiro.jpg?fit=960%2C640&ssl=1","type":"image\/jpeg"}],"author":"Gerson Guelmann","twitter_card":"summary_large_image","twitter_misc":{"Escrito por":"Gerson Guelmann","Est. tempo de leitura":"1 minuto"},"schema":{"@context":"https:\/\/schema.org","@graph":[{"@type":"Article","@id":"https:\/\/gersonguelmann.com.br\/blog\/e-preciso-entender-a-situacao-dos-caras\/#article","isPartOf":{"@id":"https:\/\/gersonguelmann.com.br\/blog\/e-preciso-entender-a-situacao-dos-caras\/"},"author":{"name":"Gerson Guelmann","@id":"https:\/\/gersonguelmann.com.br\/blog\/#\/schema\/person\/87e70e2a786888082f941a482c90569e"},"headline":"\u00c9 preciso entender a situa\u00e7\u00e3o dos caras","datePublished":"2017-09-05T17:52:26+00:00","mainEntityOfPage":{"@id":"https:\/\/gersonguelmann.com.br\/blog\/e-preciso-entender-a-situacao-dos-caras\/"},"wordCount":167,"commentCount":0,"image":{"@id":"https:\/\/gersonguelmann.com.br\/blog\/e-preciso-entender-a-situacao-dos-caras\/#primaryimage"},"thumbnailUrl":"https:\/\/i0.wp.com\/gersonguelmann.com.br\/blog\/wp-content\/uploads\/2017\/09\/Dinheiro.jpg?fit=960%2C640&ssl=1","inLanguage":"pt-BR","potentialAction":[{"@type":"CommentAction","name":"Comment","target":["https:\/\/gersonguelmann.com.br\/blog\/e-preciso-entender-a-situacao-dos-caras\/#respond"]}]},{"@type":"WebPage","@id":"https:\/\/gersonguelmann.com.br\/blog\/e-preciso-entender-a-situacao-dos-caras\/","url":"https:\/\/gersonguelmann.com.br\/blog\/e-preciso-entender-a-situacao-dos-caras\/","name":"\u00c9 preciso entender a situa\u00e7\u00e3o dos caras | Blog do Guelmann","isPartOf":{"@id":"https:\/\/gersonguelmann.com.br\/blog\/#website"},"primaryImageOfPage":{"@id":"https:\/\/gersonguelmann.com.br\/blog\/e-preciso-entender-a-situacao-dos-caras\/#primaryimage"},"image":{"@id":"https:\/\/gersonguelmann.com.br\/blog\/e-preciso-entender-a-situacao-dos-caras\/#primaryimage"},"thumbnailUrl":"https:\/\/i0.wp.com\/gersonguelmann.com.br\/blog\/wp-content\/uploads\/2017\/09\/Dinheiro.jpg?fit=960%2C640&ssl=1","datePublished":"2017-09-05T17:52:26+00:00","author":{"@id":"https:\/\/gersonguelmann.com.br\/blog\/#\/schema\/person\/87e70e2a786888082f941a482c90569e"},"inLanguage":"pt-BR","potentialAction":[{"@type":"ReadAction","target":["https:\/\/gersonguelmann.com.br\/blog\/e-preciso-entender-a-situacao-dos-caras\/"]}]},{"@type":"ImageObject","inLanguage":"pt-BR","@id":"https:\/\/gersonguelmann.com.br\/blog\/e-preciso-entender-a-situacao-dos-caras\/#primaryimage","url":"https:\/\/i0.wp.com\/gersonguelmann.com.br\/blog\/wp-content\/uploads\/2017\/09\/Dinheiro.jpg?fit=960%2C640&ssl=1","contentUrl":"https:\/\/i0.wp.com\/gersonguelmann.com.br\/blog\/wp-content\/uploads\/2017\/09\/Dinheiro.jpg?fit=960%2C640&ssl=1","width":960,"height":640},{"@type":"WebSite","@id":"https:\/\/gersonguelmann.com.br\/blog\/#website","url":"https:\/\/gersonguelmann.com.br\/blog\/","name":"Blog do Guelmann","description":"Pitadas da sabedoria e do humor judaicos, assuntos do momento e um pouco das hist\u00f3rias que vivi e testemunhei.","potentialAction":[{"@type":"SearchAction","target":{"@type":"EntryPoint","urlTemplate":"https:\/\/gersonguelmann.com.br\/blog\/?s={search_term_string}"},"query-input":{"@type":"PropertyValueSpecification","valueRequired":true,"valueName":"search_term_string"}}],"inLanguage":"pt-BR"},{"@type":"Person","@id":"https:\/\/gersonguelmann.com.br\/blog\/#\/schema\/person\/87e70e2a786888082f941a482c90569e","name":"Gerson Guelmann","image":{"@type":"ImageObject","inLanguage":"pt-BR","@id":"https:\/\/i0.wp.com\/gersonguelmann.com.br\/blog\/wp-content\/uploads\/2021\/08\/BLOG.jpeg?fit=96%2C96&ssl=1","url":"https:\/\/i0.wp.com\/gersonguelmann.com.br\/blog\/wp-content\/uploads\/2021\/08\/BLOG.jpeg?fit=96%2C96&ssl=1","contentUrl":"https:\/\/i0.wp.com\/gersonguelmann.com.br\/blog\/wp-content\/uploads\/2021\/08\/BLOG.jpeg?fit=96%2C96&ssl=1","caption":"Gerson Guelmann"},"description":"Pitadas da sabedoria e do humor judaicos, assuntos do momento e um pouco das hist\u00f3rias que vivi e testemunhei."}]}},"views":30,"jetpack_publicize_connections":[],"jetpack_featured_media_url":"https:\/\/i0.wp.com\/gersonguelmann.com.br\/blog\/wp-content\/uploads\/2017\/09\/Dinheiro.jpg?fit=960%2C640&ssl=1","jetpack_shortlink":"https:\/\/wp.me\/p96e7O-nc","jetpack-related-posts":[{"id":18101,"url":"https:\/\/gersonguelmann.com.br\/blog\/carne-de-porco-faz-restaurante-brasileiro-entrar-na-lista-dos-50-melhores-do-mundo\/","url_meta":{"origin":1438,"position":0},"title":"Carne de Porco Faz Restaurante Brasileiro Entrar na Lista dos 50 Melhores do Mundo","author":"Gerson Guelmann","date":"22 de agosto de 2019","format":false,"excerpt":"N\u00e3o deixa de ser uma surpresa - pelo menos para mim - o fato de um restaurante paulista que serve apenas carne su\u00edna ter entrado na lista dos 50 melhores do mundo. Meu espanto tem a ver com o fato de que \u00e9 o \u00fanico restaurante brasileiro a figurar entre\u2026","rel":"","context":"Em &quot;Sem categoria&quot;","block_context":{"text":"Sem categoria","link":"https:\/\/gersonguelmann.com.br\/blog\/category\/sem-categoria\/"},"img":{"alt_text":"","src":"https:\/\/i0.wp.com\/gersonguelmann.com.br\/blog\/wp-content\/uploads\/2019\/08\/Casa-do-Porco.jpg?fit=954%2C734&ssl=1&resize=350%2C200","width":350,"height":200,"srcset":"https:\/\/i0.wp.com\/gersonguelmann.com.br\/blog\/wp-content\/uploads\/2019\/08\/Casa-do-Porco.jpg?fit=954%2C734&ssl=1&resize=350%2C200 1x, https:\/\/i0.wp.com\/gersonguelmann.com.br\/blog\/wp-content\/uploads\/2019\/08\/Casa-do-Porco.jpg?fit=954%2C734&ssl=1&resize=525%2C300 1.5x, https:\/\/i0.wp.com\/gersonguelmann.com.br\/blog\/wp-content\/uploads\/2019\/08\/Casa-do-Porco.jpg?fit=954%2C734&ssl=1&resize=700%2C400 2x"},"classes":[]},{"id":15456,"url":"https:\/\/gersonguelmann.com.br\/blog\/espumante-brasileiro-mais-uma-vez-e-destaque-no-mundo\/","url_meta":{"origin":1438,"position":1},"title":"Espumante Brasileiro, Mais Uma Vez, \u00e9 Destaque no Mundo","author":"Gerson Guelmann","date":"9 de dezembro de 2018","format":false,"excerpt":"Novamente um espumante produzido na Serra Ga\u00facha recebe distin\u00e7\u00e3o internacional. Trata-se do\u00a0Casa Perini Moscatel, que aparece em 5\u00b0 lugar na lista da Associa\u00e7\u00e3o Mundial de Escritores e Jornalistas de Vinhos e Destilados de 2017. A mat\u00e9ria \u00e9 do site Explore: Espumante brasileiro de R$ 43,00 vendido em mercado \u00e9 eleito\u2026","rel":"","context":"Em &quot;Sem categoria&quot;","block_context":{"text":"Sem categoria","link":"https:\/\/gersonguelmann.com.br\/blog\/category\/sem-categoria\/"},"img":{"alt_text":"","src":"https:\/\/i0.wp.com\/gersonguelmann.com.br\/blog\/wp-content\/uploads\/2018\/12\/Casa-Perini-Moscatel-1-1.jpg?resize=350%2C200&ssl=1","width":350,"height":200},"classes":[]},{"id":20672,"url":"https:\/\/gersonguelmann.com.br\/blog\/neymar-faca-como-o-lula-diga-que-a-casa-nao-e-tua\/","url_meta":{"origin":1438,"position":2},"title":"Neymar, Fa\u00e7a Como o Lula, Diga Que a Casa N\u00e3o \u00e9 Tua","author":"Gerson Guelmann","date":"1 de janeiro de 2021","format":false,"excerpt":"Faltou esperteza para o Neymar sair-se bem nesse epis\u00f3dio da festa que organizou na casa dele em Mangaratiba (RJ). A repercuss\u00e3o foi t\u00e3o negativa que ele precisou alterar toda a programa\u00e7\u00e3o, inclusive \"dando uma escapada\" at\u00e9 o apartamento em Cambori\u00fa para mostrar que a festa n\u00e3o aconteceria. No final, acabou\u2026","rel":"","context":"Em &quot;Sem categoria&quot;","block_context":{"text":"Sem categoria","link":"https:\/\/gersonguelmann.com.br\/blog\/category\/sem-categoria\/"},"img":{"alt_text":"","src":"https:\/\/i0.wp.com\/gersonguelmann.com.br\/blog\/wp-content\/uploads\/2021\/01\/NEYMAR.jpg?fit=480%2C360&ssl=1&resize=350%2C200","width":350,"height":200},"classes":[]},{"id":14789,"url":"https:\/\/gersonguelmann.com.br\/blog\/o-melhor-espumante-da-america-latina-e-brasileiro\/","url_meta":{"origin":1438,"position":3},"title":"O Melhor Espumante da Am\u00e9rica Latina \u00e9 Brasileiro","author":"Gerson Guelmann","date":"19 de outubro de 2018","format":false,"excerpt":"A not\u00edcia \u00e9 de tr\u00eas meses atr\u00e1s, mas vale publicar. Saiu no G1\/Economia em 10\/7\/2018: Concurso mais importante da Am\u00e9rica Latina premia espumante brasileiro Refer\u00eancia dos vinhos da Am\u00e9rica Latina no mundo, o concurso premiou amostras de vinhos tintos e brancos, espumantes, destilados e piscos. Por France Presse 10\/07\/2018 11h54\u00a0\u00a0Atualizado\u2026","rel":"","context":"Em &quot;Sem categoria&quot;","block_context":{"text":"Sem categoria","link":"https:\/\/gersonguelmann.com.br\/blog\/category\/sem-categoria\/"},"img":{"alt_text":"","src":"https:\/\/i0.wp.com\/gersonguelmann.com.br\/blog\/wp-content\/uploads\/2018\/10\/Garibaldi.jpg?fit=1000%2C1000&ssl=1&resize=350%2C200","width":350,"height":200,"srcset":"https:\/\/i0.wp.com\/gersonguelmann.com.br\/blog\/wp-content\/uploads\/2018\/10\/Garibaldi.jpg?fit=1000%2C1000&ssl=1&resize=350%2C200 1x, https:\/\/i0.wp.com\/gersonguelmann.com.br\/blog\/wp-content\/uploads\/2018\/10\/Garibaldi.jpg?fit=1000%2C1000&ssl=1&resize=525%2C300 1.5x, https:\/\/i0.wp.com\/gersonguelmann.com.br\/blog\/wp-content\/uploads\/2018\/10\/Garibaldi.jpg?fit=1000%2C1000&ssl=1&resize=700%2C400 2x"},"classes":[]},{"id":6279,"url":"https:\/\/gersonguelmann.com.br\/blog\/cavalo-com-tornozeleira-eletronica-tem-como-levar-o-brasileiro-serio\/","url_meta":{"origin":1438,"position":4},"title":"Cavalo com Tornozeleira Eletr\u00f4nica: Tem Como Levar o Brasileiro a S\u00e9rio?","author":"Gerson Guelmann","date":"28 de dezembro de 2017","format":false,"excerpt":"Como costumo dizer, a gente ainda n\u00e3o viu tudo.\u00a0 Outra afirma\u00e7\u00e3o minha \u00e9 que o brasileiro merece ser analisado. A prova disso \u00e9 que hoje, na cidade de Ponta Grossa (PR), foi encontrada uma tornozeleira eletr\u00f4nica em um cavalo. As informa\u00e7\u00f5es d\u00e3o conta de que\u00a0 a tornozeleira estava desativada desde\u2026","rel":"","context":"Em &quot;Sem categoria&quot;","block_context":{"text":"Sem categoria","link":"https:\/\/gersonguelmann.com.br\/blog\/category\/sem-categoria\/"},"img":{"alt_text":"","src":"https:\/\/i0.wp.com\/gersonguelmann.com.br\/blog\/wp-content\/uploads\/2017\/12\/Barro-1.jpg?fit=640%2C530&ssl=1&resize=350%2C200","width":350,"height":200,"srcset":"https:\/\/i0.wp.com\/gersonguelmann.com.br\/blog\/wp-content\/uploads\/2017\/12\/Barro-1.jpg?fit=640%2C530&ssl=1&resize=350%2C200 1x, https:\/\/i0.wp.com\/gersonguelmann.com.br\/blog\/wp-content\/uploads\/2017\/12\/Barro-1.jpg?fit=640%2C530&ssl=1&resize=525%2C300 1.5x"},"classes":[]},{"id":14448,"url":"https:\/\/gersonguelmann.com.br\/blog\/de-pelotas-a-copa-do-mundo-de-fusca\/","url_meta":{"origin":1438,"position":5},"title":"De Pelotas \u00e0 Copa do Mundo de Fusca","author":"Gerson Guelmann","date":"3 de julho de 2018","format":false,"excerpt":"Olha s\u00f3 o que o esp\u00edrito aventureiro de um ga\u00facho de Pelotas o levou a fazer, como conta mat\u00e9ria d'O Estado de S\u00e3o Paulo: Brasileiros v\u00e3o \u00e0 R\u00fassia de Fusca para acompanhar a sele\u00e7\u00e3o Casal obteve por meio de financiamento coletivo dinheiro para aventura que surgiu ap\u00f3s o fracasso do\u2026","rel":"","context":"Em &quot;Sem categoria&quot;","block_context":{"text":"Sem categoria","link":"https:\/\/gersonguelmann.com.br\/blog\/category\/sem-categoria\/"},"img":{"alt_text":"","src":"https:\/\/i0.wp.com\/gersonguelmann.com.br\/blog\/wp-content\/uploads\/2018\/07\/HERMITAGE-2.jpg?fit=1200%2C900&ssl=1&resize=350%2C200","width":350,"height":200,"srcset":"https:\/\/i0.wp.com\/gersonguelmann.com.br\/blog\/wp-content\/uploads\/2018\/07\/HERMITAGE-2.jpg?fit=1200%2C900&ssl=1&resize=350%2C200 1x, https:\/\/i0.wp.com\/gersonguelmann.com.br\/blog\/wp-content\/uploads\/2018\/07\/HERMITAGE-2.jpg?fit=1200%2C900&ssl=1&resize=525%2C300 1.5x, https:\/\/i0.wp.com\/gersonguelmann.com.br\/blog\/wp-content\/uploads\/2018\/07\/HERMITAGE-2.jpg?fit=1200%2C900&ssl=1&resize=700%2C400 2x, https:\/\/i0.wp.com\/gersonguelmann.com.br\/blog\/wp-content\/uploads\/2018\/07\/HERMITAGE-2.jpg?fit=1200%2C900&ssl=1&resize=1050%2C600 3x"},"classes":[]}],"jetpack_sharing_enabled":true,"post_mailing_queue_ids":[],"_links":{"self":[{"href":"https:\/\/gersonguelmann.com.br\/blog\/wp-json\/wp\/v2\/posts\/1438","targetHints":{"allow":["GET"]}}],"collection":[{"href":"https:\/\/gersonguelmann.com.br\/blog\/wp-json\/wp\/v2\/posts"}],"about":[{"href":"https:\/\/gersonguelmann.com.br\/blog\/wp-json\/wp\/v2\/types\/post"}],"author":[{"embeddable":true,"href":"https:\/\/gersonguelmann.com.br\/blog\/wp-json\/wp\/v2\/users\/5"}],"replies":[{"embeddable":true,"href":"https:\/\/gersonguelmann.com.br\/blog\/wp-json\/wp\/v2\/comments?post=1438"}],"version-history":[{"count":0,"href":"https:\/\/gersonguelmann.com.br\/blog\/wp-json\/wp\/v2\/posts\/1438\/revisions"}],"wp:featuredmedia":[{"embeddable":true,"href":"https:\/\/gersonguelmann.com.br\/blog\/wp-json\/wp\/v2\/media\/1439"}],"wp:attachment":[{"href":"https:\/\/gersonguelmann.com.br\/blog\/wp-json\/wp\/v2\/media?parent=1438"}],"wp:term":[{"taxonomy":"category","embeddable":true,"href":"https:\/\/gersonguelmann.com.br\/blog\/wp-json\/wp\/v2\/categories?post=1438"},{"taxonomy":"post_tag","embeddable":true,"href":"https:\/\/gersonguelmann.com.br\/blog\/wp-json\/wp\/v2\/tags?post=1438"}],"curies":[{"name":"wp","href":"https:\/\/api.w.org\/{rel}","templated":true}]}}