    {"id":14381,"date":"2018-06-30T17:30:18","date_gmt":"2018-06-30T20:30:18","guid":{"rendered":"https:\/\/gersonguelmann.com.br\/blog\/?p=14381"},"modified":"2018-06-30T17:30:18","modified_gmt":"2018-06-30T20:30:18","slug":"israel-trata-sirios-feridos-a-midia-mal-intencionada-ignora","status":"publish","type":"post","link":"https:\/\/gersonguelmann.com.br\/blog\/israel-trata-sirios-feridos-a-midia-mal-intencionada-ignora\/","title":{"rendered":"Israel Trata S\u00edrios Feridos. A M\u00eddia Mal Intencionada Ignora."},"content":{"rendered":"<p><span style=\"font-family: georgia, palatino, serif; font-size: 18pt; color: #000000;\">N\u00e3o \u00e9 a primeira que fugitivos da vizinha S\u00edria s\u00e3o acolhidos em Israel para tratamento m\u00e9dico.<\/span><\/p>\n<p><span style=\"font-family: georgia, palatino, serif; font-size: 18pt; color: #000000;\">Tamb\u00e9m \u00e9 absolutamente previs\u00edvel que isso continuar\u00e1 acontecendo, na medida em que o d\u00e9spota Bashar Hafez\u00a0al-Assad, apoiado pelo Ir\u00e3, continue executando o genoc\u00eddio contra seu pr\u00f3prio povo.<\/span><\/p>\n<p><span style=\"font-family: georgia, palatino, serif; font-size: 18pt; color: #000000;\">O jornal\u00a0The Jerusalem Post publicou hoje mat\u00e9ria sobre um grupo de 6 civis s\u00edrios que foram encaminhados pelas IDF para hospitais em Israel.<\/span><\/p>\n<p><span style=\"font-family: georgia, palatino, serif; font-size: 18pt; color: #000000;\">O que eu me pergunto \u00e9 se a grande m\u00eddia, incluindo a brasileira, dar\u00e1 ao fato o destaque devido ou continuar\u00e1 ignorando a ajuda humanit\u00e1ria de Israel aos vizinhos.<\/span><\/p>\n<p><span style=\"font-family: georgia, palatino, serif; font-size: 18pt; color: #000000;\">A reportagem do\u00a0The Jerusalem Post <span style=\"color: #0000ff;\"><a style=\"color: #0000ff;\" href=\"https:\/\/www.jpost.com\/Israel-News\/IDF-transfers-6-wounded-Syrians-including-children-to-Israeli-hospitals-561222\"><em><strong>pode ser lida aqui<\/strong><\/em><\/a><\/span>.<\/span><\/p>\n<p style=\"text-align: center;\"><img data-recalc-dims=\"1\" fetchpriority=\"high\" decoding=\"async\" data-attachment-id=\"14382\" data-permalink=\"https:\/\/gersonguelmann.com.br\/blog\/israel-trata-sirios-feridos-a-midia-mal-intencionada-ignora\/download-74\/\" data-orig-file=\"https:\/\/i0.wp.com\/gersonguelmann.com.br\/blog\/wp-content\/uploads\/2018\/06\/download-9.jpg?fit=284%2C177&amp;ssl=1\" data-orig-size=\"284,177\" data-comments-opened=\"1\" data-image-meta=\"{&quot;aperture&quot;:&quot;0&quot;,&quot;credit&quot;:&quot;&quot;,&quot;camera&quot;:&quot;&quot;,&quot;caption&quot;:&quot;&quot;,&quot;created_timestamp&quot;:&quot;0&quot;,&quot;copyright&quot;:&quot;&quot;,&quot;focal_length&quot;:&quot;0&quot;,&quot;iso&quot;:&quot;0&quot;,&quot;shutter_speed&quot;:&quot;0&quot;,&quot;title&quot;:&quot;&quot;,&quot;orientation&quot;:&quot;0&quot;}\" data-image-title=\"download\" data-image-description=\"\" data-image-caption=\"\" data-medium-file=\"https:\/\/i0.wp.com\/gersonguelmann.com.br\/blog\/wp-content\/uploads\/2018\/06\/download-9.jpg?fit=284%2C177&amp;ssl=1\" data-large-file=\"https:\/\/i0.wp.com\/gersonguelmann.com.br\/blog\/wp-content\/uploads\/2018\/06\/download-9.jpg?fit=284%2C177&amp;ssl=1\" class=\"alignnone size-full wp-image-14382\" src=\"https:\/\/i0.wp.com\/gersonguelmann.com.br\/blog\/wp-content\/uploads\/2018\/06\/download-9.jpg?resize=284%2C177&#038;ssl=1\" alt=\"\" width=\"284\" height=\"177\" \/><\/p>\n","protected":false},"excerpt":{"rendered":"<p>N\u00e3o \u00e9 a primeira que fugitivos da vizinha S\u00edria s\u00e3o acolhidos em Israel para tratamento m\u00e9dico. Tamb\u00e9m \u00e9 absolutamente previs\u00edvel que isso continuar\u00e1 acontecendo, na medida em que o d\u00e9spota Bashar Hafez\u00a0al-Assad, apoiado pelo Ir\u00e3, continue executando o genoc\u00eddio contra seu pr\u00f3prio povo. O jornal\u00a0The Jerusalem Post publicou hoje mat\u00e9ria sobre um grupo de 6 [&hellip;]<\/p>\n","protected":false},"author":5,"featured_media":14382,"comment_status":"open","ping_status":"open","sticky":false,"template":"","format":"standard","meta":{"_acf_changed":false,"jetpack_post_was_ever_published":false,"_jetpack_newsletter_access":"","_jetpack_dont_email_post_to_subs":false,"_jetpack_newsletter_tier_id":0,"_jetpack_memberships_contains_paywalled_content":false,"_jetpack_memberships_contains_paid_content":false,"footnotes":"","jetpack_publicize_message":"","jetpack_publicize_feature_enabled":true,"jetpack_social_post_already_shared":true,"jetpack_social_options":{"image_generator_settings":{"template":"highway","default_image_id":0,"font":"","enabled":false},"version":2}},"categories":[1],"tags":[],"class_list":["post-14381","post","type-post","status-publish","format-standard","has-post-thumbnail","hentry","category-sem-categoria"],"acf":[],"yoast_head":"<!-- This site is optimized with the Yoast SEO plugin v27.3 - https:\/\/yoast.com\/product\/yoast-seo-wordpress\/ -->\n<title>Israel Trata S\u00edrios Feridos. A M\u00eddia Mal Intencionada Ignora. | Blog do Guelmann<\/title>\n<meta name=\"robots\" content=\"index, follow, max-snippet:-1, max-image-preview:large, max-video-preview:-1\" \/>\n<link rel=\"canonical\" href=\"https:\/\/gersonguelmann.com.br\/blog\/israel-trata-sirios-feridos-a-midia-mal-intencionada-ignora\/\" \/>\n<meta property=\"og:locale\" content=\"pt_BR\" \/>\n<meta property=\"og:type\" content=\"article\" \/>\n<meta property=\"og:title\" content=\"Israel Trata S\u00edrios Feridos. A M\u00eddia Mal Intencionada Ignora. | Blog do Guelmann\" \/>\n<meta property=\"og:description\" content=\"N\u00e3o \u00e9 a primeira que fugitivos da vizinha S\u00edria s\u00e3o acolhidos em Israel para tratamento m\u00e9dico. Tamb\u00e9m \u00e9 absolutamente previs\u00edvel que isso continuar\u00e1 acontecendo, na medida em que o d\u00e9spota Bashar Hafez\u00a0al-Assad, apoiado pelo Ir\u00e3, continue executando o genoc\u00eddio contra seu pr\u00f3prio povo. O jornal\u00a0The Jerusalem Post publicou hoje mat\u00e9ria sobre um grupo de 6 [&hellip;]\" \/>\n<meta property=\"og:url\" content=\"https:\/\/gersonguelmann.com.br\/blog\/israel-trata-sirios-feridos-a-midia-mal-intencionada-ignora\/\" \/>\n<meta property=\"og:site_name\" content=\"Blog do Guelmann\" \/>\n<meta property=\"article:published_time\" content=\"2018-06-30T20:30:18+00:00\" \/>\n<meta property=\"og:image\" content=\"https:\/\/i0.wp.com\/gersonguelmann.com.br\/blog\/wp-content\/uploads\/2018\/06\/download-9.jpg?fit=284%2C177&ssl=1\" \/>\n\t<meta property=\"og:image:width\" content=\"284\" \/>\n\t<meta property=\"og:image:height\" content=\"177\" \/>\n\t<meta property=\"og:image:type\" content=\"image\/jpeg\" \/>\n<meta name=\"author\" content=\"Gerson Guelmann\" \/>\n<meta name=\"twitter:card\" content=\"summary_large_image\" \/>\n<meta name=\"twitter:label1\" content=\"Escrito por\" \/>\n\t<meta name=\"twitter:data1\" content=\"Gerson Guelmann\" \/>\n\t<meta name=\"twitter:label2\" content=\"Est. tempo de leitura\" \/>\n\t<meta name=\"twitter:data2\" content=\"1 minuto\" \/>\n<script type=\"application\/ld+json\" class=\"yoast-schema-graph\">{\"@context\":\"https:\\\/\\\/schema.org\",\"@graph\":[{\"@type\":\"Article\",\"@id\":\"https:\\\/\\\/gersonguelmann.com.br\\\/blog\\\/israel-trata-sirios-feridos-a-midia-mal-intencionada-ignora\\\/#article\",\"isPartOf\":{\"@id\":\"https:\\\/\\\/gersonguelmann.com.br\\\/blog\\\/israel-trata-sirios-feridos-a-midia-mal-intencionada-ignora\\\/\"},\"author\":{\"name\":\"Gerson Guelmann\",\"@id\":\"https:\\\/\\\/gersonguelmann.com.br\\\/blog\\\/#\\\/schema\\\/person\\\/87e70e2a786888082f941a482c90569e\"},\"headline\":\"Israel Trata S\u00edrios Feridos. A M\u00eddia Mal Intencionada Ignora.\",\"datePublished\":\"2018-06-30T20:30:18+00:00\",\"mainEntityOfPage\":{\"@id\":\"https:\\\/\\\/gersonguelmann.com.br\\\/blog\\\/israel-trata-sirios-feridos-a-midia-mal-intencionada-ignora\\\/\"},\"wordCount\":127,\"commentCount\":0,\"image\":{\"@id\":\"https:\\\/\\\/gersonguelmann.com.br\\\/blog\\\/israel-trata-sirios-feridos-a-midia-mal-intencionada-ignora\\\/#primaryimage\"},\"thumbnailUrl\":\"https:\\\/\\\/i0.wp.com\\\/gersonguelmann.com.br\\\/blog\\\/wp-content\\\/uploads\\\/2018\\\/06\\\/download-9.jpg?fit=284%2C177&ssl=1\",\"inLanguage\":\"pt-BR\",\"potentialAction\":[{\"@type\":\"CommentAction\",\"name\":\"Comment\",\"target\":[\"https:\\\/\\\/gersonguelmann.com.br\\\/blog\\\/israel-trata-sirios-feridos-a-midia-mal-intencionada-ignora\\\/#respond\"]}]},{\"@type\":\"WebPage\",\"@id\":\"https:\\\/\\\/gersonguelmann.com.br\\\/blog\\\/israel-trata-sirios-feridos-a-midia-mal-intencionada-ignora\\\/\",\"url\":\"https:\\\/\\\/gersonguelmann.com.br\\\/blog\\\/israel-trata-sirios-feridos-a-midia-mal-intencionada-ignora\\\/\",\"name\":\"Israel Trata S\u00edrios Feridos. A M\u00eddia Mal Intencionada Ignora. | Blog do Guelmann\",\"isPartOf\":{\"@id\":\"https:\\\/\\\/gersonguelmann.com.br\\\/blog\\\/#website\"},\"primaryImageOfPage\":{\"@id\":\"https:\\\/\\\/gersonguelmann.com.br\\\/blog\\\/israel-trata-sirios-feridos-a-midia-mal-intencionada-ignora\\\/#primaryimage\"},\"image\":{\"@id\":\"https:\\\/\\\/gersonguelmann.com.br\\\/blog\\\/israel-trata-sirios-feridos-a-midia-mal-intencionada-ignora\\\/#primaryimage\"},\"thumbnailUrl\":\"https:\\\/\\\/i0.wp.com\\\/gersonguelmann.com.br\\\/blog\\\/wp-content\\\/uploads\\\/2018\\\/06\\\/download-9.jpg?fit=284%2C177&ssl=1\",\"datePublished\":\"2018-06-30T20:30:18+00:00\",\"author\":{\"@id\":\"https:\\\/\\\/gersonguelmann.com.br\\\/blog\\\/#\\\/schema\\\/person\\\/87e70e2a786888082f941a482c90569e\"},\"inLanguage\":\"pt-BR\",\"potentialAction\":[{\"@type\":\"ReadAction\",\"target\":[\"https:\\\/\\\/gersonguelmann.com.br\\\/blog\\\/israel-trata-sirios-feridos-a-midia-mal-intencionada-ignora\\\/\"]}]},{\"@type\":\"ImageObject\",\"inLanguage\":\"pt-BR\",\"@id\":\"https:\\\/\\\/gersonguelmann.com.br\\\/blog\\\/israel-trata-sirios-feridos-a-midia-mal-intencionada-ignora\\\/#primaryimage\",\"url\":\"https:\\\/\\\/i0.wp.com\\\/gersonguelmann.com.br\\\/blog\\\/wp-content\\\/uploads\\\/2018\\\/06\\\/download-9.jpg?fit=284%2C177&ssl=1\",\"contentUrl\":\"https:\\\/\\\/i0.wp.com\\\/gersonguelmann.com.br\\\/blog\\\/wp-content\\\/uploads\\\/2018\\\/06\\\/download-9.jpg?fit=284%2C177&ssl=1\",\"width\":284,\"height\":177},{\"@type\":\"WebSite\",\"@id\":\"https:\\\/\\\/gersonguelmann.com.br\\\/blog\\\/#website\",\"url\":\"https:\\\/\\\/gersonguelmann.com.br\\\/blog\\\/\",\"name\":\"Blog do Guelmann\",\"description\":\"Pitadas da sabedoria e do humor judaicos, assuntos do momento e um pouco das hist\u00f3rias que vivi e testemunhei.\",\"potentialAction\":[{\"@type\":\"SearchAction\",\"target\":{\"@type\":\"EntryPoint\",\"urlTemplate\":\"https:\\\/\\\/gersonguelmann.com.br\\\/blog\\\/?s={search_term_string}\"},\"query-input\":{\"@type\":\"PropertyValueSpecification\",\"valueRequired\":true,\"valueName\":\"search_term_string\"}}],\"inLanguage\":\"pt-BR\"},{\"@type\":\"Person\",\"@id\":\"https:\\\/\\\/gersonguelmann.com.br\\\/blog\\\/#\\\/schema\\\/person\\\/87e70e2a786888082f941a482c90569e\",\"name\":\"Gerson Guelmann\",\"image\":{\"@type\":\"ImageObject\",\"inLanguage\":\"pt-BR\",\"@id\":\"https:\\\/\\\/i0.wp.com\\\/gersonguelmann.com.br\\\/blog\\\/wp-content\\\/uploads\\\/2021\\\/08\\\/BLOG.jpeg?fit=96%2C96&ssl=1\",\"url\":\"https:\\\/\\\/i0.wp.com\\\/gersonguelmann.com.br\\\/blog\\\/wp-content\\\/uploads\\\/2021\\\/08\\\/BLOG.jpeg?fit=96%2C96&ssl=1\",\"contentUrl\":\"https:\\\/\\\/i0.wp.com\\\/gersonguelmann.com.br\\\/blog\\\/wp-content\\\/uploads\\\/2021\\\/08\\\/BLOG.jpeg?fit=96%2C96&ssl=1\",\"caption\":\"Gerson Guelmann\"},\"description\":\"Pitadas da sabedoria e do humor judaicos, assuntos do momento e um pouco das hist\u00f3rias que vivi e testemunhei.\"}]}<\/script>\n<!-- \/ Yoast SEO plugin. -->","yoast_head_json":{"title":"Israel Trata S\u00edrios Feridos. A M\u00eddia Mal Intencionada Ignora. | Blog do Guelmann","robots":{"index":"index","follow":"follow","max-snippet":"max-snippet:-1","max-image-preview":"max-image-preview:large","max-video-preview":"max-video-preview:-1"},"canonical":"https:\/\/gersonguelmann.com.br\/blog\/israel-trata-sirios-feridos-a-midia-mal-intencionada-ignora\/","og_locale":"pt_BR","og_type":"article","og_title":"Israel Trata S\u00edrios Feridos. A M\u00eddia Mal Intencionada Ignora. | Blog do Guelmann","og_description":"N\u00e3o \u00e9 a primeira que fugitivos da vizinha S\u00edria s\u00e3o acolhidos em Israel para tratamento m\u00e9dico. Tamb\u00e9m \u00e9 absolutamente previs\u00edvel que isso continuar\u00e1 acontecendo, na medida em que o d\u00e9spota Bashar Hafez\u00a0al-Assad, apoiado pelo Ir\u00e3, continue executando o genoc\u00eddio contra seu pr\u00f3prio povo. O jornal\u00a0The Jerusalem Post publicou hoje mat\u00e9ria sobre um grupo de 6 [&hellip;]","og_url":"https:\/\/gersonguelmann.com.br\/blog\/israel-trata-sirios-feridos-a-midia-mal-intencionada-ignora\/","og_site_name":"Blog do Guelmann","article_published_time":"2018-06-30T20:30:18+00:00","og_image":[{"width":284,"height":177,"url":"https:\/\/i0.wp.com\/gersonguelmann.com.br\/blog\/wp-content\/uploads\/2018\/06\/download-9.jpg?fit=284%2C177&ssl=1","type":"image\/jpeg"}],"author":"Gerson Guelmann","twitter_card":"summary_large_image","twitter_misc":{"Escrito por":"Gerson Guelmann","Est. tempo de leitura":"1 minuto"},"schema":{"@context":"https:\/\/schema.org","@graph":[{"@type":"Article","@id":"https:\/\/gersonguelmann.com.br\/blog\/israel-trata-sirios-feridos-a-midia-mal-intencionada-ignora\/#article","isPartOf":{"@id":"https:\/\/gersonguelmann.com.br\/blog\/israel-trata-sirios-feridos-a-midia-mal-intencionada-ignora\/"},"author":{"name":"Gerson Guelmann","@id":"https:\/\/gersonguelmann.com.br\/blog\/#\/schema\/person\/87e70e2a786888082f941a482c90569e"},"headline":"Israel Trata S\u00edrios Feridos. A M\u00eddia Mal Intencionada Ignora.","datePublished":"2018-06-30T20:30:18+00:00","mainEntityOfPage":{"@id":"https:\/\/gersonguelmann.com.br\/blog\/israel-trata-sirios-feridos-a-midia-mal-intencionada-ignora\/"},"wordCount":127,"commentCount":0,"image":{"@id":"https:\/\/gersonguelmann.com.br\/blog\/israel-trata-sirios-feridos-a-midia-mal-intencionada-ignora\/#primaryimage"},"thumbnailUrl":"https:\/\/i0.wp.com\/gersonguelmann.com.br\/blog\/wp-content\/uploads\/2018\/06\/download-9.jpg?fit=284%2C177&ssl=1","inLanguage":"pt-BR","potentialAction":[{"@type":"CommentAction","name":"Comment","target":["https:\/\/gersonguelmann.com.br\/blog\/israel-trata-sirios-feridos-a-midia-mal-intencionada-ignora\/#respond"]}]},{"@type":"WebPage","@id":"https:\/\/gersonguelmann.com.br\/blog\/israel-trata-sirios-feridos-a-midia-mal-intencionada-ignora\/","url":"https:\/\/gersonguelmann.com.br\/blog\/israel-trata-sirios-feridos-a-midia-mal-intencionada-ignora\/","name":"Israel Trata S\u00edrios Feridos. A M\u00eddia Mal Intencionada Ignora. | Blog do Guelmann","isPartOf":{"@id":"https:\/\/gersonguelmann.com.br\/blog\/#website"},"primaryImageOfPage":{"@id":"https:\/\/gersonguelmann.com.br\/blog\/israel-trata-sirios-feridos-a-midia-mal-intencionada-ignora\/#primaryimage"},"image":{"@id":"https:\/\/gersonguelmann.com.br\/blog\/israel-trata-sirios-feridos-a-midia-mal-intencionada-ignora\/#primaryimage"},"thumbnailUrl":"https:\/\/i0.wp.com\/gersonguelmann.com.br\/blog\/wp-content\/uploads\/2018\/06\/download-9.jpg?fit=284%2C177&ssl=1","datePublished":"2018-06-30T20:30:18+00:00","author":{"@id":"https:\/\/gersonguelmann.com.br\/blog\/#\/schema\/person\/87e70e2a786888082f941a482c90569e"},"inLanguage":"pt-BR","potentialAction":[{"@type":"ReadAction","target":["https:\/\/gersonguelmann.com.br\/blog\/israel-trata-sirios-feridos-a-midia-mal-intencionada-ignora\/"]}]},{"@type":"ImageObject","inLanguage":"pt-BR","@id":"https:\/\/gersonguelmann.com.br\/blog\/israel-trata-sirios-feridos-a-midia-mal-intencionada-ignora\/#primaryimage","url":"https:\/\/i0.wp.com\/gersonguelmann.com.br\/blog\/wp-content\/uploads\/2018\/06\/download-9.jpg?fit=284%2C177&ssl=1","contentUrl":"https:\/\/i0.wp.com\/gersonguelmann.com.br\/blog\/wp-content\/uploads\/2018\/06\/download-9.jpg?fit=284%2C177&ssl=1","width":284,"height":177},{"@type":"WebSite","@id":"https:\/\/gersonguelmann.com.br\/blog\/#website","url":"https:\/\/gersonguelmann.com.br\/blog\/","name":"Blog do Guelmann","description":"Pitadas da sabedoria e do humor judaicos, assuntos do momento e um pouco das hist\u00f3rias que vivi e testemunhei.","potentialAction":[{"@type":"SearchAction","target":{"@type":"EntryPoint","urlTemplate":"https:\/\/gersonguelmann.com.br\/blog\/?s={search_term_string}"},"query-input":{"@type":"PropertyValueSpecification","valueRequired":true,"valueName":"search_term_string"}}],"inLanguage":"pt-BR"},{"@type":"Person","@id":"https:\/\/gersonguelmann.com.br\/blog\/#\/schema\/person\/87e70e2a786888082f941a482c90569e","name":"Gerson Guelmann","image":{"@type":"ImageObject","inLanguage":"pt-BR","@id":"https:\/\/i0.wp.com\/gersonguelmann.com.br\/blog\/wp-content\/uploads\/2021\/08\/BLOG.jpeg?fit=96%2C96&ssl=1","url":"https:\/\/i0.wp.com\/gersonguelmann.com.br\/blog\/wp-content\/uploads\/2021\/08\/BLOG.jpeg?fit=96%2C96&ssl=1","contentUrl":"https:\/\/i0.wp.com\/gersonguelmann.com.br\/blog\/wp-content\/uploads\/2021\/08\/BLOG.jpeg?fit=96%2C96&ssl=1","caption":"Gerson Guelmann"},"description":"Pitadas da sabedoria e do humor judaicos, assuntos do momento e um pouco das hist\u00f3rias que vivi e testemunhei."}]}},"views":68,"jetpack_publicize_connections":[],"jetpack_featured_media_url":"https:\/\/i0.wp.com\/gersonguelmann.com.br\/blog\/wp-content\/uploads\/2018\/06\/download-9.jpg?fit=284%2C177&ssl=1","jetpack_shortlink":"https:\/\/wp.me\/p96e7O-3JX","jetpack-related-posts":[{"id":13431,"url":"https:\/\/gersonguelmann.com.br\/blog\/israel-constroi-barreira-submarina\/","url_meta":{"origin":14381,"position":0},"title":"Israel Constr\u00f3i Barreira Submarina","author":"Gerson Guelmann","date":"28 de maio de 2018","format":false,"excerpt":"Mat\u00e9ria publicada no site da Ag\u00eancia EFE Not\u00edcias: ISRAEL GAZA Israel inicia constru\u00e7\u00e3o de barreira submarina com Gaza EFE\u00a0Jerusal\u00e9m\u00a027 mai 2018 Israel iniciou neste domingo os trabalhos de constru\u00e7\u00e3o de uma barreira submarina na delimita\u00e7\u00e3o mar\u00edtima com a Faixa de Gaza a fim de \"prevenir infiltra\u00e7\u00f5es\", anunciou o Minist\u00e9rio de\u2026","rel":"","context":"Em &quot;Sem categoria&quot;","block_context":{"text":"Sem categoria","link":"https:\/\/gersonguelmann.com.br\/blog\/category\/sem-categoria\/"},"img":{"alt_text":"","src":"https:\/\/i0.wp.com\/gersonguelmann.com.br\/blog\/wp-content\/uploads\/2018\/05\/download-1-3.jpg?resize=350%2C200&ssl=1","width":350,"height":200},"classes":[]},{"id":13289,"url":"https:\/\/gersonguelmann.com.br\/blog\/israel-e-a-simpatia-mundial\/","url_meta":{"origin":14381,"position":1},"title":"Israel e a Simpatia Mundial","author":"Gerson Guelmann","date":"25 de maio de 2018","format":false,"excerpt":"O texto abaixo est\u00e1 circulando h\u00e1 algumas semanas como se fosse recente, o que n\u00e3o \u00e9 correto. De toda forma isso \u00e9 irrelevante, o que importa \u00e9 o conte\u00fado, que permanece atual. Na internet a refer\u00eancia mais antiga que encontrei \u00e9 de 2014, o que faz sentido, considerando que o\u2026","rel":"","context":"Em &quot;Sem categoria&quot;","block_context":{"text":"Sem categoria","link":"https:\/\/gersonguelmann.com.br\/blog\/category\/sem-categoria\/"},"img":{"alt_text":"","src":"https:\/\/i0.wp.com\/gersonguelmann.com.br\/blog\/wp-content\/uploads\/2018\/05\/arab-israeli-war-of-1948-20-728.jpg?fit=728%2C546&ssl=1&resize=350%2C200","width":350,"height":200,"srcset":"https:\/\/i0.wp.com\/gersonguelmann.com.br\/blog\/wp-content\/uploads\/2018\/05\/arab-israeli-war-of-1948-20-728.jpg?fit=728%2C546&ssl=1&resize=350%2C200 1x, https:\/\/i0.wp.com\/gersonguelmann.com.br\/blog\/wp-content\/uploads\/2018\/05\/arab-israeli-war-of-1948-20-728.jpg?fit=728%2C546&ssl=1&resize=525%2C300 1.5x, https:\/\/i0.wp.com\/gersonguelmann.com.br\/blog\/wp-content\/uploads\/2018\/05\/arab-israeli-war-of-1948-20-728.jpg?fit=728%2C546&ssl=1&resize=700%2C400 2x"},"classes":[]},{"id":19652,"url":"https:\/\/gersonguelmann.com.br\/blog\/mais-uma-analise-sobre-a-morte-do-general-iraniano\/","url_meta":{"origin":14381,"position":2},"title":"Mais uma an\u00e1lise sobre a morte do general iraniano","author":"Gerson Guelmann","date":"9 de janeiro de 2020","format":false,"excerpt":"O Gabriel Paciornik trouxe no Conex\u00e3o Israel mais uma \u00f3tima abordagem sobre a geopol\u00edtica no Oriente M\u00e9dio ap\u00f3s a morte de Qasem Suleimani. O Gabriel publicou o artigo h\u00e1 alguns dias, mas a an\u00e1lise mantem-se plenamente atual. Lembro que o olhar dele \u00e9 de algu\u00e9m que vive em Israel h\u00e1\u2026","rel":"","context":"Em &quot;Sem categoria&quot;","block_context":{"text":"Sem categoria","link":"https:\/\/gersonguelmann.com.br\/blog\/category\/sem-categoria\/"},"img":{"alt_text":"","src":"https:\/\/i0.wp.com\/gersonguelmann.com.br\/blog\/wp-content\/uploads\/2020\/01\/Ir%C3%A3.jpeg?fit=1200%2C722&ssl=1&resize=350%2C200","width":350,"height":200,"srcset":"https:\/\/i0.wp.com\/gersonguelmann.com.br\/blog\/wp-content\/uploads\/2020\/01\/Ir%C3%A3.jpeg?fit=1200%2C722&ssl=1&resize=350%2C200 1x, https:\/\/i0.wp.com\/gersonguelmann.com.br\/blog\/wp-content\/uploads\/2020\/01\/Ir%C3%A3.jpeg?fit=1200%2C722&ssl=1&resize=525%2C300 1.5x, https:\/\/i0.wp.com\/gersonguelmann.com.br\/blog\/wp-content\/uploads\/2020\/01\/Ir%C3%A3.jpeg?fit=1200%2C722&ssl=1&resize=700%2C400 2x, https:\/\/i0.wp.com\/gersonguelmann.com.br\/blog\/wp-content\/uploads\/2020\/01\/Ir%C3%A3.jpeg?fit=1200%2C722&ssl=1&resize=1050%2C600 3x"},"classes":[]},{"id":19600,"url":"https:\/\/gersonguelmann.com.br\/blog\/um-curitibano-que-sabe-das-coisas-analisa-a-morte-do-general-iraniano\/","url_meta":{"origin":14381,"position":3},"title":"Um Curitibano Que Sabe das Coisas Analisa a Morte do General Iraniano","author":"Gerson Guelmann","date":"3 de janeiro de 2020","format":false,"excerpt":"O Gabriel Paciornik, Curitibano radicado em Israel h\u00e1 muitos anos e conhecido pelas oportunas e muito bem fundamentadas abordagens dos assuntos relacionados ao Oriente M\u00e9dio, publicou hoje no site Conex\u00e3o Israel uma \u00f3tima an\u00e1lise sobre a morte do general iraniano Qasem Suleimani. Vamos \u00e0 ela: Qasem Suleimani era, para Israel,\u2026","rel":"","context":"Em &quot;Sem categoria&quot;","block_context":{"text":"Sem categoria","link":"https:\/\/gersonguelmann.com.br\/blog\/category\/sem-categoria\/"},"img":{"alt_text":"","src":"https:\/\/i0.wp.com\/gersonguelmann.com.br\/blog\/wp-content\/uploads\/2020\/01\/Qasem-Suleimani.jpg?fit=800%2C1200&ssl=1&resize=350%2C200","width":350,"height":200,"srcset":"https:\/\/i0.wp.com\/gersonguelmann.com.br\/blog\/wp-content\/uploads\/2020\/01\/Qasem-Suleimani.jpg?fit=800%2C1200&ssl=1&resize=350%2C200 1x, https:\/\/i0.wp.com\/gersonguelmann.com.br\/blog\/wp-content\/uploads\/2020\/01\/Qasem-Suleimani.jpg?fit=800%2C1200&ssl=1&resize=525%2C300 1.5x, https:\/\/i0.wp.com\/gersonguelmann.com.br\/blog\/wp-content\/uploads\/2020\/01\/Qasem-Suleimani.jpg?fit=800%2C1200&ssl=1&resize=700%2C400 2x"},"classes":[]},{"id":21754,"url":"https:\/\/gersonguelmann.com.br\/blog\/em-israel-a-pergunta-o-que-os-brasileiros-vieram-fazer-aqui\/","url_meta":{"origin":14381,"position":4},"title":"Em Israel, a Pergunta: O Que Os Brasileiros Vieram Fazer Aqui?","author":"Gerson Guelmann","date":"13 de mar\u00e7o de 2021","format":false,"excerpt":"Voc\u00ea j\u00e1 teve ter ouvido falar em \"manobra diversionista\". Diversionismo, segundo o dicion\u00e1rio que consultei, \u00e9 \"uma manobra ou estrat\u00e9gia usada para desviar a aten\u00e7\u00e3o do que est\u00e1 em discuss\u00e3o, geralmente em contextos pol\u00edticos; aquilo que serve para enganar ou esconder = cortina de fuma\u00e7a\" (*) Essa foi a palavra\u2026","rel":"","context":"Em &quot;Sem categoria&quot;","block_context":{"text":"Sem categoria","link":"https:\/\/gersonguelmann.com.br\/blog\/category\/sem-categoria\/"},"img":{"alt_text":"","src":"https:\/\/i0.wp.com\/gersonguelmann.com.br\/blog\/wp-content\/uploads\/2021\/03\/AnyConv.com__DK.jpeg?fit=1024%2C638&ssl=1&resize=350%2C200","width":350,"height":200,"srcset":"https:\/\/i0.wp.com\/gersonguelmann.com.br\/blog\/wp-content\/uploads\/2021\/03\/AnyConv.com__DK.jpeg?fit=1024%2C638&ssl=1&resize=350%2C200 1x, https:\/\/i0.wp.com\/gersonguelmann.com.br\/blog\/wp-content\/uploads\/2021\/03\/AnyConv.com__DK.jpeg?fit=1024%2C638&ssl=1&resize=525%2C300 1.5x, https:\/\/i0.wp.com\/gersonguelmann.com.br\/blog\/wp-content\/uploads\/2021\/03\/AnyConv.com__DK.jpeg?fit=1024%2C638&ssl=1&resize=700%2C400 2x"},"classes":[]},{"id":26049,"url":"https:\/\/gersonguelmann.com.br\/blog\/israel-o-milagre-que-insiste-em-viver\/","url_meta":{"origin":14381,"position":5},"title":"Israel: O Milagre Que Insiste em Viver","author":"Gerson Guelmann","date":"16 de junho de 2025","format":false,"excerpt":"Em meio \u00e0s manchetes sobre tens\u00e3o, ataques e diplomacia em frangalhos, uma outra realidade insiste em se manter viva em Israel: a de um pa\u00eds cercado por inimigos que desejam sua extin\u00e7\u00e3o \u2014 e que, mesmo assim, n\u00e3o deixa de oferecer ao mundo o que de melhor pode existir em\u2026","rel":"","context":"Em &quot;Sem categoria&quot;","block_context":{"text":"Sem categoria","link":"https:\/\/gersonguelmann.com.br\/blog\/category\/sem-categoria\/"},"img":{"alt_text":"","src":"https:\/\/i0.wp.com\/gersonguelmann.com.br\/blog\/wp-content\/uploads\/2025\/06\/HojePR-22.jpg?fit=1024%2C683&ssl=1&resize=350%2C200","width":350,"height":200,"srcset":"https:\/\/i0.wp.com\/gersonguelmann.com.br\/blog\/wp-content\/uploads\/2025\/06\/HojePR-22.jpg?fit=1024%2C683&ssl=1&resize=350%2C200 1x, https:\/\/i0.wp.com\/gersonguelmann.com.br\/blog\/wp-content\/uploads\/2025\/06\/HojePR-22.jpg?fit=1024%2C683&ssl=1&resize=525%2C300 1.5x, https:\/\/i0.wp.com\/gersonguelmann.com.br\/blog\/wp-content\/uploads\/2025\/06\/HojePR-22.jpg?fit=1024%2C683&ssl=1&resize=700%2C400 2x"},"classes":[]}],"jetpack_sharing_enabled":true,"post_mailing_queue_ids":[],"_links":{"self":[{"href":"https:\/\/gersonguelmann.com.br\/blog\/wp-json\/wp\/v2\/posts\/14381","targetHints":{"allow":["GET"]}}],"collection":[{"href":"https:\/\/gersonguelmann.com.br\/blog\/wp-json\/wp\/v2\/posts"}],"about":[{"href":"https:\/\/gersonguelmann.com.br\/blog\/wp-json\/wp\/v2\/types\/post"}],"author":[{"embeddable":true,"href":"https:\/\/gersonguelmann.com.br\/blog\/wp-json\/wp\/v2\/users\/5"}],"replies":[{"embeddable":true,"href":"https:\/\/gersonguelmann.com.br\/blog\/wp-json\/wp\/v2\/comments?post=14381"}],"version-history":[{"count":0,"href":"https:\/\/gersonguelmann.com.br\/blog\/wp-json\/wp\/v2\/posts\/14381\/revisions"}],"wp:featuredmedia":[{"embeddable":true,"href":"https:\/\/gersonguelmann.com.br\/blog\/wp-json\/wp\/v2\/media\/14382"}],"wp:attachment":[{"href":"https:\/\/gersonguelmann.com.br\/blog\/wp-json\/wp\/v2\/media?parent=14381"}],"wp:term":[{"taxonomy":"category","embeddable":true,"href":"https:\/\/gersonguelmann.com.br\/blog\/wp-json\/wp\/v2\/categories?post=14381"},{"taxonomy":"post_tag","embeddable":true,"href":"https:\/\/gersonguelmann.com.br\/blog\/wp-json\/wp\/v2\/tags?post=14381"}],"curies":[{"name":"wp","href":"https:\/\/api.w.org\/{rel}","templated":true}]}}