    {"id":14384,"date":"2018-06-30T18:53:18","date_gmt":"2018-06-30T21:53:18","guid":{"rendered":"https:\/\/gersonguelmann.com.br\/blog\/?p=14384"},"modified":"2018-06-30T18:53:18","modified_gmt":"2018-06-30T21:53:18","slug":"vaya-con-dios-enquanto-nao-chega-segunda-feira","status":"publish","type":"post","link":"https:\/\/gersonguelmann.com.br\/blog\/vaya-con-dios-enquanto-nao-chega-segunda-feira\/","title":{"rendered":"Vaya con Dios (Enquanto N\u00e3o Chega Segunda-Feira)"},"content":{"rendered":"<p><img data-recalc-dims=\"1\" fetchpriority=\"high\" decoding=\"async\" data-attachment-id=\"14385\" data-permalink=\"https:\/\/gersonguelmann.com.br\/blog\/vaya-con-dios-enquanto-nao-chega-segunda-feira\/copa-america-centenario-argentina-chile-soccer\/\" data-orig-file=\"https:\/\/i0.wp.com\/gersonguelmann.com.br\/blog\/wp-content\/uploads\/2018\/06\/A.jpg?fit=2066%2C2692&amp;ssl=1\" data-orig-size=\"2066,2692\" data-comments-opened=\"1\" data-image-meta=\"{&quot;aperture&quot;:&quot;5.6&quot;,&quot;credit&quot;:&quot;AP&quot;,&quot;camera&quot;:&quot;Canon EOS-1D X&quot;,&quot;caption&quot;:&quot;Argentina&#039;s Lionel Messi waits for trophy presentations after the Copa America Centenario championship soccer match, Sunday, June 26, 2016, in East Rutherford, N.J. Chile defeated Argentina 4-2 in penalty kicks to win the championship. (AP Photo\/Julio Cortez)&quot;,&quot;created_timestamp&quot;:&quot;1467000650&quot;,&quot;copyright&quot;:&quot;Copyright 2016 The Associated Press. All rights reserved. This material may not be published, broadcast, rewritten or redistribu&quot;,&quot;focal_length&quot;:&quot;454&quot;,&quot;iso&quot;:&quot;4000&quot;,&quot;shutter_speed&quot;:&quot;0.00125&quot;,&quot;title&quot;:&quot;Copa America Centenario Argentina Chile Soccer&quot;,&quot;orientation&quot;:&quot;1&quot;}\" data-image-title=\"Copa America Centenario Argentina Chile Soccer\" data-image-description=\"\" data-image-caption=\"&lt;p&gt;Argentina&amp;#8217;s Lionel Messi waits for trophy presentations after the Copa America Centenario championship soccer match, Sunday, June 26, 2016, in East Rutherford, N.J. Chile defeated Argentina 4-2 in penalty kicks to win the championship. (AP Photo\/Julio Cortez)&lt;\/p&gt;\n\" data-medium-file=\"https:\/\/i0.wp.com\/gersonguelmann.com.br\/blog\/wp-content\/uploads\/2018\/06\/A.jpg?fit=230%2C300&amp;ssl=1\" data-large-file=\"https:\/\/i0.wp.com\/gersonguelmann.com.br\/blog\/wp-content\/uploads\/2018\/06\/A.jpg?fit=640%2C834&amp;ssl=1\" class=\"size-medium wp-image-14385\" src=\"https:\/\/i0.wp.com\/gersonguelmann.com.br\/blog\/wp-content\/uploads\/2018\/06\/A.jpg?resize=230%2C300&#038;ssl=1\" alt=\"\" width=\"230\" height=\"300\" srcset=\"https:\/\/i0.wp.com\/gersonguelmann.com.br\/blog\/wp-content\/uploads\/2018\/06\/A.jpg?resize=230%2C300&amp;ssl=1 230w, https:\/\/i0.wp.com\/gersonguelmann.com.br\/blog\/wp-content\/uploads\/2018\/06\/A.jpg?resize=768%2C1001&amp;ssl=1 768w, https:\/\/i0.wp.com\/gersonguelmann.com.br\/blog\/wp-content\/uploads\/2018\/06\/A.jpg?resize=786%2C1024&amp;ssl=1 786w, https:\/\/i0.wp.com\/gersonguelmann.com.br\/blog\/wp-content\/uploads\/2018\/06\/A.jpg?w=1280&amp;ssl=1 1280w, https:\/\/i0.wp.com\/gersonguelmann.com.br\/blog\/wp-content\/uploads\/2018\/06\/A.jpg?w=1920&amp;ssl=1 1920w\" sizes=\"(max-width: 230px) 100vw, 230px\" \/><\/p>\n<p><span style=\"font-family: georgia, palatino, serif; font-size: 18pt; color: #000000;\">A prop\u00f3sito da despedida da Argentina, que saiu hoje da Copa do Mundo, compartilho a bel\u00edssima &#8220;<em>Vaya con Dios<\/em>&#8221; que recebi do meu fraterno amigo Edson Vidal Pinto.<\/span><\/p>\n<p><span style=\"font-family: georgia, palatino, serif; font-size: 18pt; color: #000000;\">O v\u00eddeo registra a interpreta\u00e7\u00e3o de\u00a0Maria Dolores Pradera e o grupo &#8220;<em>Consorcio<\/em>&#8220;, antes conhecido como &#8220;<em>Mocedades<\/em>&#8220;.<\/span><\/p>\n<p><span style=\"font-family: georgia, palatino, serif; font-size: 18pt; color: #000000;\">Pelo menos at\u00e9 segunda-feira podemos zoar nossos hermanos. <\/span><\/p>\n<p><span style=\"font-family: georgia, palatino, serif; font-size: 18pt; color: #000000;\">Depois ser\u00e1 uma outra hist\u00f3ria, ou para quem conhece, &#8220;<em>Que Ser\u00e1, Ser\u00e1<\/em>&#8220;.<\/span><\/p>\n<p><span class=\"embed-youtube\" style=\"text-align:center; display: block;\"><iframe class=\"youtube-player\" width=\"640\" height=\"360\" src=\"https:\/\/www.youtube.com\/embed\/T9tg6UwJkzw?version=3&#038;rel=1&#038;showsearch=0&#038;showinfo=1&#038;iv_load_policy=1&#038;fs=1&#038;hl=pt-BR&#038;autohide=2&#038;wmode=transparent\" allowfullscreen=\"true\" style=\"border:0;\" sandbox=\"allow-scripts allow-same-origin allow-popups allow-presentation allow-popups-to-escape-sandbox\"><\/iframe><\/span><\/p>\n<p>&nbsp;<\/p>\n<p>&nbsp;<\/p>\n","protected":false},"excerpt":{"rendered":"<p>A prop\u00f3sito da despedida da Argentina, que saiu hoje da Copa do Mundo, compartilho a bel\u00edssima &#8220;Vaya con Dios&#8221; que recebi do meu fraterno amigo Edson Vidal Pinto. O v\u00eddeo registra a interpreta\u00e7\u00e3o de\u00a0Maria Dolores Pradera e o grupo &#8220;Consorcio&#8220;, antes conhecido como &#8220;Mocedades&#8220;. Pelo menos at\u00e9 segunda-feira podemos zoar nossos hermanos. Depois ser\u00e1 uma [&hellip;]<\/p>\n","protected":false},"author":5,"featured_media":14385,"comment_status":"open","ping_status":"open","sticky":false,"template":"","format":"standard","meta":{"_acf_changed":false,"jetpack_post_was_ever_published":false,"_jetpack_newsletter_access":"","_jetpack_dont_email_post_to_subs":false,"_jetpack_newsletter_tier_id":0,"_jetpack_memberships_contains_paywalled_content":false,"_jetpack_memberships_contains_paid_content":false,"footnotes":"","jetpack_publicize_message":"","jetpack_publicize_feature_enabled":true,"jetpack_social_post_already_shared":true,"jetpack_social_options":{"image_generator_settings":{"template":"highway","default_image_id":0,"font":"","enabled":false},"version":2}},"categories":[1],"tags":[],"class_list":["post-14384","post","type-post","status-publish","format-standard","has-post-thumbnail","hentry","category-sem-categoria"],"acf":[],"yoast_head":"<!-- This site is optimized with the Yoast SEO plugin v27.3 - https:\/\/yoast.com\/product\/yoast-seo-wordpress\/ -->\n<title>Vaya con Dios (Enquanto N\u00e3o Chega Segunda-Feira) | Blog do Guelmann<\/title>\n<meta name=\"robots\" content=\"index, follow, max-snippet:-1, max-image-preview:large, max-video-preview:-1\" \/>\n<link rel=\"canonical\" href=\"https:\/\/gersonguelmann.com.br\/blog\/vaya-con-dios-enquanto-nao-chega-segunda-feira\/\" \/>\n<meta property=\"og:locale\" content=\"pt_BR\" \/>\n<meta property=\"og:type\" content=\"article\" \/>\n<meta property=\"og:title\" content=\"Vaya con Dios (Enquanto N\u00e3o Chega Segunda-Feira) | Blog do Guelmann\" \/>\n<meta property=\"og:description\" content=\"A prop\u00f3sito da despedida da Argentina, que saiu hoje da Copa do Mundo, compartilho a bel\u00edssima &#8220;Vaya con Dios&#8221; que recebi do meu fraterno amigo Edson Vidal Pinto. O v\u00eddeo registra a interpreta\u00e7\u00e3o de\u00a0Maria Dolores Pradera e o grupo &#8220;Consorcio&#8220;, antes conhecido como &#8220;Mocedades&#8220;. Pelo menos at\u00e9 segunda-feira podemos zoar nossos hermanos. Depois ser\u00e1 uma [&hellip;]\" \/>\n<meta property=\"og:url\" content=\"https:\/\/gersonguelmann.com.br\/blog\/vaya-con-dios-enquanto-nao-chega-segunda-feira\/\" \/>\n<meta property=\"og:site_name\" content=\"Blog do Guelmann\" \/>\n<meta property=\"article:published_time\" content=\"2018-06-30T21:53:18+00:00\" \/>\n<meta property=\"og:image\" content=\"https:\/\/i0.wp.com\/gersonguelmann.com.br\/blog\/wp-content\/uploads\/2018\/06\/A.jpg?fit=2066%2C2692&ssl=1\" \/>\n\t<meta property=\"og:image:width\" content=\"2066\" \/>\n\t<meta property=\"og:image:height\" content=\"2692\" \/>\n\t<meta property=\"og:image:type\" content=\"image\/jpeg\" \/>\n<meta name=\"author\" content=\"Gerson Guelmann\" \/>\n<meta name=\"twitter:card\" content=\"summary_large_image\" \/>\n<meta name=\"twitter:label1\" content=\"Escrito por\" \/>\n\t<meta name=\"twitter:data1\" content=\"Gerson Guelmann\" \/>\n<script type=\"application\/ld+json\" class=\"yoast-schema-graph\">{\"@context\":\"https:\\\/\\\/schema.org\",\"@graph\":[{\"@type\":\"Article\",\"@id\":\"https:\\\/\\\/gersonguelmann.com.br\\\/blog\\\/vaya-con-dios-enquanto-nao-chega-segunda-feira\\\/#article\",\"isPartOf\":{\"@id\":\"https:\\\/\\\/gersonguelmann.com.br\\\/blog\\\/vaya-con-dios-enquanto-nao-chega-segunda-feira\\\/\"},\"author\":{\"name\":\"Gerson Guelmann\",\"@id\":\"https:\\\/\\\/gersonguelmann.com.br\\\/blog\\\/#\\\/schema\\\/person\\\/87e70e2a786888082f941a482c90569e\"},\"headline\":\"Vaya con Dios (Enquanto N\u00e3o Chega Segunda-Feira)\",\"datePublished\":\"2018-06-30T21:53:18+00:00\",\"mainEntityOfPage\":{\"@id\":\"https:\\\/\\\/gersonguelmann.com.br\\\/blog\\\/vaya-con-dios-enquanto-nao-chega-segunda-feira\\\/\"},\"wordCount\":89,\"commentCount\":0,\"image\":{\"@id\":\"https:\\\/\\\/gersonguelmann.com.br\\\/blog\\\/vaya-con-dios-enquanto-nao-chega-segunda-feira\\\/#primaryimage\"},\"thumbnailUrl\":\"https:\\\/\\\/i0.wp.com\\\/gersonguelmann.com.br\\\/blog\\\/wp-content\\\/uploads\\\/2018\\\/06\\\/A.jpg?fit=2066%2C2692&ssl=1\",\"inLanguage\":\"pt-BR\",\"potentialAction\":[{\"@type\":\"CommentAction\",\"name\":\"Comment\",\"target\":[\"https:\\\/\\\/gersonguelmann.com.br\\\/blog\\\/vaya-con-dios-enquanto-nao-chega-segunda-feira\\\/#respond\"]}]},{\"@type\":\"WebPage\",\"@id\":\"https:\\\/\\\/gersonguelmann.com.br\\\/blog\\\/vaya-con-dios-enquanto-nao-chega-segunda-feira\\\/\",\"url\":\"https:\\\/\\\/gersonguelmann.com.br\\\/blog\\\/vaya-con-dios-enquanto-nao-chega-segunda-feira\\\/\",\"name\":\"Vaya con Dios (Enquanto N\u00e3o Chega Segunda-Feira) | Blog do Guelmann\",\"isPartOf\":{\"@id\":\"https:\\\/\\\/gersonguelmann.com.br\\\/blog\\\/#website\"},\"primaryImageOfPage\":{\"@id\":\"https:\\\/\\\/gersonguelmann.com.br\\\/blog\\\/vaya-con-dios-enquanto-nao-chega-segunda-feira\\\/#primaryimage\"},\"image\":{\"@id\":\"https:\\\/\\\/gersonguelmann.com.br\\\/blog\\\/vaya-con-dios-enquanto-nao-chega-segunda-feira\\\/#primaryimage\"},\"thumbnailUrl\":\"https:\\\/\\\/i0.wp.com\\\/gersonguelmann.com.br\\\/blog\\\/wp-content\\\/uploads\\\/2018\\\/06\\\/A.jpg?fit=2066%2C2692&ssl=1\",\"datePublished\":\"2018-06-30T21:53:18+00:00\",\"author\":{\"@id\":\"https:\\\/\\\/gersonguelmann.com.br\\\/blog\\\/#\\\/schema\\\/person\\\/87e70e2a786888082f941a482c90569e\"},\"inLanguage\":\"pt-BR\",\"potentialAction\":[{\"@type\":\"ReadAction\",\"target\":[\"https:\\\/\\\/gersonguelmann.com.br\\\/blog\\\/vaya-con-dios-enquanto-nao-chega-segunda-feira\\\/\"]}]},{\"@type\":\"ImageObject\",\"inLanguage\":\"pt-BR\",\"@id\":\"https:\\\/\\\/gersonguelmann.com.br\\\/blog\\\/vaya-con-dios-enquanto-nao-chega-segunda-feira\\\/#primaryimage\",\"url\":\"https:\\\/\\\/i0.wp.com\\\/gersonguelmann.com.br\\\/blog\\\/wp-content\\\/uploads\\\/2018\\\/06\\\/A.jpg?fit=2066%2C2692&ssl=1\",\"contentUrl\":\"https:\\\/\\\/i0.wp.com\\\/gersonguelmann.com.br\\\/blog\\\/wp-content\\\/uploads\\\/2018\\\/06\\\/A.jpg?fit=2066%2C2692&ssl=1\",\"width\":2066,\"height\":2692,\"caption\":\"Argentina's Lionel Messi waits for trophy presentations after the Copa America Centenario championship soccer match, Sunday, June 26, 2016, in East Rutherford, N.J. Chile defeated Argentina 4-2 in penalty kicks to win the championship. (AP Photo\\\/Julio Cortez)\"},{\"@type\":\"WebSite\",\"@id\":\"https:\\\/\\\/gersonguelmann.com.br\\\/blog\\\/#website\",\"url\":\"https:\\\/\\\/gersonguelmann.com.br\\\/blog\\\/\",\"name\":\"Blog do Guelmann\",\"description\":\"Pitadas da sabedoria e do humor judaicos, assuntos do momento e um pouco das hist\u00f3rias que vivi e testemunhei.\",\"potentialAction\":[{\"@type\":\"SearchAction\",\"target\":{\"@type\":\"EntryPoint\",\"urlTemplate\":\"https:\\\/\\\/gersonguelmann.com.br\\\/blog\\\/?s={search_term_string}\"},\"query-input\":{\"@type\":\"PropertyValueSpecification\",\"valueRequired\":true,\"valueName\":\"search_term_string\"}}],\"inLanguage\":\"pt-BR\"},{\"@type\":\"Person\",\"@id\":\"https:\\\/\\\/gersonguelmann.com.br\\\/blog\\\/#\\\/schema\\\/person\\\/87e70e2a786888082f941a482c90569e\",\"name\":\"Gerson Guelmann\",\"image\":{\"@type\":\"ImageObject\",\"inLanguage\":\"pt-BR\",\"@id\":\"https:\\\/\\\/i0.wp.com\\\/gersonguelmann.com.br\\\/blog\\\/wp-content\\\/uploads\\\/2021\\\/08\\\/BLOG.jpeg?fit=96%2C96&ssl=1\",\"url\":\"https:\\\/\\\/i0.wp.com\\\/gersonguelmann.com.br\\\/blog\\\/wp-content\\\/uploads\\\/2021\\\/08\\\/BLOG.jpeg?fit=96%2C96&ssl=1\",\"contentUrl\":\"https:\\\/\\\/i0.wp.com\\\/gersonguelmann.com.br\\\/blog\\\/wp-content\\\/uploads\\\/2021\\\/08\\\/BLOG.jpeg?fit=96%2C96&ssl=1\",\"caption\":\"Gerson Guelmann\"},\"description\":\"Pitadas da sabedoria e do humor judaicos, assuntos do momento e um pouco das hist\u00f3rias que vivi e testemunhei.\"}]}<\/script>\n<!-- \/ Yoast SEO plugin. -->","yoast_head_json":{"title":"Vaya con Dios (Enquanto N\u00e3o Chega Segunda-Feira) | Blog do Guelmann","robots":{"index":"index","follow":"follow","max-snippet":"max-snippet:-1","max-image-preview":"max-image-preview:large","max-video-preview":"max-video-preview:-1"},"canonical":"https:\/\/gersonguelmann.com.br\/blog\/vaya-con-dios-enquanto-nao-chega-segunda-feira\/","og_locale":"pt_BR","og_type":"article","og_title":"Vaya con Dios (Enquanto N\u00e3o Chega Segunda-Feira) | Blog do Guelmann","og_description":"A prop\u00f3sito da despedida da Argentina, que saiu hoje da Copa do Mundo, compartilho a bel\u00edssima &#8220;Vaya con Dios&#8221; que recebi do meu fraterno amigo Edson Vidal Pinto. O v\u00eddeo registra a interpreta\u00e7\u00e3o de\u00a0Maria Dolores Pradera e o grupo &#8220;Consorcio&#8220;, antes conhecido como &#8220;Mocedades&#8220;. Pelo menos at\u00e9 segunda-feira podemos zoar nossos hermanos. Depois ser\u00e1 uma [&hellip;]","og_url":"https:\/\/gersonguelmann.com.br\/blog\/vaya-con-dios-enquanto-nao-chega-segunda-feira\/","og_site_name":"Blog do Guelmann","article_published_time":"2018-06-30T21:53:18+00:00","og_image":[{"width":2066,"height":2692,"url":"https:\/\/i0.wp.com\/gersonguelmann.com.br\/blog\/wp-content\/uploads\/2018\/06\/A.jpg?fit=2066%2C2692&ssl=1","type":"image\/jpeg"}],"author":"Gerson Guelmann","twitter_card":"summary_large_image","twitter_misc":{"Escrito por":"Gerson Guelmann"},"schema":{"@context":"https:\/\/schema.org","@graph":[{"@type":"Article","@id":"https:\/\/gersonguelmann.com.br\/blog\/vaya-con-dios-enquanto-nao-chega-segunda-feira\/#article","isPartOf":{"@id":"https:\/\/gersonguelmann.com.br\/blog\/vaya-con-dios-enquanto-nao-chega-segunda-feira\/"},"author":{"name":"Gerson Guelmann","@id":"https:\/\/gersonguelmann.com.br\/blog\/#\/schema\/person\/87e70e2a786888082f941a482c90569e"},"headline":"Vaya con Dios (Enquanto N\u00e3o Chega Segunda-Feira)","datePublished":"2018-06-30T21:53:18+00:00","mainEntityOfPage":{"@id":"https:\/\/gersonguelmann.com.br\/blog\/vaya-con-dios-enquanto-nao-chega-segunda-feira\/"},"wordCount":89,"commentCount":0,"image":{"@id":"https:\/\/gersonguelmann.com.br\/blog\/vaya-con-dios-enquanto-nao-chega-segunda-feira\/#primaryimage"},"thumbnailUrl":"https:\/\/i0.wp.com\/gersonguelmann.com.br\/blog\/wp-content\/uploads\/2018\/06\/A.jpg?fit=2066%2C2692&ssl=1","inLanguage":"pt-BR","potentialAction":[{"@type":"CommentAction","name":"Comment","target":["https:\/\/gersonguelmann.com.br\/blog\/vaya-con-dios-enquanto-nao-chega-segunda-feira\/#respond"]}]},{"@type":"WebPage","@id":"https:\/\/gersonguelmann.com.br\/blog\/vaya-con-dios-enquanto-nao-chega-segunda-feira\/","url":"https:\/\/gersonguelmann.com.br\/blog\/vaya-con-dios-enquanto-nao-chega-segunda-feira\/","name":"Vaya con Dios (Enquanto N\u00e3o Chega Segunda-Feira) | Blog do Guelmann","isPartOf":{"@id":"https:\/\/gersonguelmann.com.br\/blog\/#website"},"primaryImageOfPage":{"@id":"https:\/\/gersonguelmann.com.br\/blog\/vaya-con-dios-enquanto-nao-chega-segunda-feira\/#primaryimage"},"image":{"@id":"https:\/\/gersonguelmann.com.br\/blog\/vaya-con-dios-enquanto-nao-chega-segunda-feira\/#primaryimage"},"thumbnailUrl":"https:\/\/i0.wp.com\/gersonguelmann.com.br\/blog\/wp-content\/uploads\/2018\/06\/A.jpg?fit=2066%2C2692&ssl=1","datePublished":"2018-06-30T21:53:18+00:00","author":{"@id":"https:\/\/gersonguelmann.com.br\/blog\/#\/schema\/person\/87e70e2a786888082f941a482c90569e"},"inLanguage":"pt-BR","potentialAction":[{"@type":"ReadAction","target":["https:\/\/gersonguelmann.com.br\/blog\/vaya-con-dios-enquanto-nao-chega-segunda-feira\/"]}]},{"@type":"ImageObject","inLanguage":"pt-BR","@id":"https:\/\/gersonguelmann.com.br\/blog\/vaya-con-dios-enquanto-nao-chega-segunda-feira\/#primaryimage","url":"https:\/\/i0.wp.com\/gersonguelmann.com.br\/blog\/wp-content\/uploads\/2018\/06\/A.jpg?fit=2066%2C2692&ssl=1","contentUrl":"https:\/\/i0.wp.com\/gersonguelmann.com.br\/blog\/wp-content\/uploads\/2018\/06\/A.jpg?fit=2066%2C2692&ssl=1","width":2066,"height":2692,"caption":"Argentina's Lionel Messi waits for trophy presentations after the Copa America Centenario championship soccer match, Sunday, June 26, 2016, in East Rutherford, N.J. Chile defeated Argentina 4-2 in penalty kicks to win the championship. (AP Photo\/Julio Cortez)"},{"@type":"WebSite","@id":"https:\/\/gersonguelmann.com.br\/blog\/#website","url":"https:\/\/gersonguelmann.com.br\/blog\/","name":"Blog do Guelmann","description":"Pitadas da sabedoria e do humor judaicos, assuntos do momento e um pouco das hist\u00f3rias que vivi e testemunhei.","potentialAction":[{"@type":"SearchAction","target":{"@type":"EntryPoint","urlTemplate":"https:\/\/gersonguelmann.com.br\/blog\/?s={search_term_string}"},"query-input":{"@type":"PropertyValueSpecification","valueRequired":true,"valueName":"search_term_string"}}],"inLanguage":"pt-BR"},{"@type":"Person","@id":"https:\/\/gersonguelmann.com.br\/blog\/#\/schema\/person\/87e70e2a786888082f941a482c90569e","name":"Gerson Guelmann","image":{"@type":"ImageObject","inLanguage":"pt-BR","@id":"https:\/\/i0.wp.com\/gersonguelmann.com.br\/blog\/wp-content\/uploads\/2021\/08\/BLOG.jpeg?fit=96%2C96&ssl=1","url":"https:\/\/i0.wp.com\/gersonguelmann.com.br\/blog\/wp-content\/uploads\/2021\/08\/BLOG.jpeg?fit=96%2C96&ssl=1","contentUrl":"https:\/\/i0.wp.com\/gersonguelmann.com.br\/blog\/wp-content\/uploads\/2021\/08\/BLOG.jpeg?fit=96%2C96&ssl=1","caption":"Gerson Guelmann"},"description":"Pitadas da sabedoria e do humor judaicos, assuntos do momento e um pouco das hist\u00f3rias que vivi e testemunhei."}]}},"views":84,"jetpack_publicize_connections":[],"jetpack_featured_media_url":"https:\/\/i0.wp.com\/gersonguelmann.com.br\/blog\/wp-content\/uploads\/2018\/06\/A.jpg?fit=2066%2C2692&ssl=1","jetpack_shortlink":"https:\/\/wp.me\/p96e7O-3K0","jetpack-related-posts":[{"id":13906,"url":"https:\/\/gersonguelmann.com.br\/blog\/gleisi-sera-julgada-no-stf-na-proxima-3a-feira\/","url_meta":{"origin":14384,"position":0},"title":"Gleisi Ser\u00e1 Julgada no STF Na Pr\u00f3xima 3\u00aa Feira","author":"Gerson Guelmann","date":"12 de junho de 2018","format":false,"excerpt":"O site O Antagonista informa: STF JULGA GLEISI NA PR\u00d3XIMA TER\u00c7A Brasil\u00a012.06.18 20:58 A Segunda Turma do STF vai julgar na pr\u00f3xima ter\u00e7a (19) a a\u00e7\u00e3o penal da Lava Jato que mira Gleisi Hoffmann e Paulo Bernardo, informam os rep\u00f3rteres\u00a0Rafael Moraes Moura e Amanda Pupo, do Estad\u00e3o. A senadora, presidente\u2026","rel":"","context":"Em &quot;Sem categoria&quot;","block_context":{"text":"Sem categoria","link":"https:\/\/gersonguelmann.com.br\/blog\/category\/sem-categoria\/"},"img":{"alt_text":"","src":"https:\/\/i0.wp.com\/gersonguelmann.com.br\/blog\/wp-content\/uploads\/2018\/06\/Gleisi-1.jpg?fit=699%2C420&ssl=1&resize=350%2C200","width":350,"height":200,"srcset":"https:\/\/i0.wp.com\/gersonguelmann.com.br\/blog\/wp-content\/uploads\/2018\/06\/Gleisi-1.jpg?fit=699%2C420&ssl=1&resize=350%2C200 1x, https:\/\/i0.wp.com\/gersonguelmann.com.br\/blog\/wp-content\/uploads\/2018\/06\/Gleisi-1.jpg?fit=699%2C420&ssl=1&resize=525%2C300 1.5x"},"classes":[]},{"id":10661,"url":"https:\/\/gersonguelmann.com.br\/blog\/o-que-acontece-agora-com-lula\/","url_meta":{"origin":14384,"position":1},"title":"O Que Acontece Agora Com Lula?","author":"Gerson Guelmann","date":"23 de mar\u00e7o de 2018","format":false,"excerpt":"Transcrevo mat\u00e9ria publicada hoje no site El Pa\u00eds: Recurso de Lula ser\u00e1 julgado na pr\u00f3xima segunda. Entenda o que acontece agora Caso a decis\u00e3o seja un\u00e2nime, ordem de pris\u00e3o poder\u00e1 ser emitida no mesmo dia O\u00a0Tribunal Regional Federal 4\u00a0(TRF4) marcou para a pr\u00f3xima segunda-feira, 26 de mar\u00e7o, \u00e0s 13h30, o\u2026","rel":"","context":"Em &quot;Sem categoria&quot;","block_context":{"text":"Sem categoria","link":"https:\/\/gersonguelmann.com.br\/blog\/category\/sem-categoria\/"},"img":{"alt_text":"","src":"https:\/\/i0.wp.com\/gersonguelmann.com.br\/blog\/wp-content\/uploads\/2018\/03\/Lula-2.jpg?fit=770%2C400&ssl=1&resize=350%2C200","width":350,"height":200,"srcset":"https:\/\/i0.wp.com\/gersonguelmann.com.br\/blog\/wp-content\/uploads\/2018\/03\/Lula-2.jpg?fit=770%2C400&ssl=1&resize=350%2C200 1x, https:\/\/i0.wp.com\/gersonguelmann.com.br\/blog\/wp-content\/uploads\/2018\/03\/Lula-2.jpg?fit=770%2C400&ssl=1&resize=525%2C300 1.5x, https:\/\/i0.wp.com\/gersonguelmann.com.br\/blog\/wp-content\/uploads\/2018\/03\/Lula-2.jpg?fit=770%2C400&ssl=1&resize=700%2C400 2x"},"classes":[]},{"id":19280,"url":"https:\/\/gersonguelmann.com.br\/blog\/no-brasil-que-vai-para-a-frente-2020-tera-recorde-de-feriados-emendados\/","url_meta":{"origin":14384,"position":2},"title":"No Brasil Que Vai Para a Frente, 2020 Ter\u00e1 Recorde de Feriados Emendados","author":"Gerson Guelmann","date":"21 de novembro de 2019","format":false,"excerpt":"Caso voc\u00ea ainda n\u00e3o tenha se dado conta, o Brasil ter\u00e1 em 2020 \"apenas\" 9 feriados que permitir\u00e3o dar \"aquela emendada\" que n\u00f3s brasileiros tanto apreciamos:\u00a0 25 de fevereiro (ter\u00e7a-feira) -\u00a0Carnaval (ponto facultativo)\u00a0 10 de abril (sexta-feira) -\u00a0Paix\u00e3o de Cristo\u00a0 21 de abril (ter\u00e7a-feira) -\u00a0Tiradentes\u00a0 1\u00ba de maio (sexta-feira) -\u00a0Dia\u2026","rel":"","context":"Em &quot;Sem categoria&quot;","block_context":{"text":"Sem categoria","link":"https:\/\/gersonguelmann.com.br\/blog\/category\/sem-categoria\/"},"img":{"alt_text":"","src":"https:\/\/i0.wp.com\/gersonguelmann.com.br\/blog\/wp-content\/uploads\/2019\/11\/Feriados.jpg?fit=1200%2C675&ssl=1&resize=350%2C200","width":350,"height":200,"srcset":"https:\/\/i0.wp.com\/gersonguelmann.com.br\/blog\/wp-content\/uploads\/2019\/11\/Feriados.jpg?fit=1200%2C675&ssl=1&resize=350%2C200 1x, https:\/\/i0.wp.com\/gersonguelmann.com.br\/blog\/wp-content\/uploads\/2019\/11\/Feriados.jpg?fit=1200%2C675&ssl=1&resize=525%2C300 1.5x, https:\/\/i0.wp.com\/gersonguelmann.com.br\/blog\/wp-content\/uploads\/2019\/11\/Feriados.jpg?fit=1200%2C675&ssl=1&resize=700%2C400 2x, https:\/\/i0.wp.com\/gersonguelmann.com.br\/blog\/wp-content\/uploads\/2019\/11\/Feriados.jpg?fit=1200%2C675&ssl=1&resize=1050%2C600 3x"},"classes":[]},{"id":6584,"url":"https:\/\/gersonguelmann.com.br\/blog\/abraao-isaac-e-a-ansiedade-da-espera\/","url_meta":{"origin":14384,"position":3},"title":"Abra\u00e3o, Isaac e a Ansiedade da Espera","author":"Gerson Guelmann","date":"30 de janeiro de 2022","format":false,"excerpt":"Abra\u00e3o e Isaac, s\u00f3cios, estavam desesperados. Os neg\u00f3cios iam mal, as d\u00edvidas se avolumavam a cada dia e j\u00e1 cogitavam fechar a lojinha. Diante da situa\u00e7\u00e3o, resolveram ir at\u00e9 o banco para ver se conseguiam um empr\u00e9stimo. Preencheram um monte de formul\u00e1rios e o gerente disse: - \"Aparentemente o cadastro\u2026","rel":"","context":"Em &quot;Sem categoria&quot;","block_context":{"text":"Sem categoria","link":"https:\/\/gersonguelmann.com.br\/blog\/category\/sem-categoria\/"},"img":{"alt_text":"","src":"https:\/\/i0.wp.com\/gersonguelmann.com.br\/blog\/wp-content\/uploads\/2020\/12\/TELEGRAMA.jpg?fit=1200%2C819&ssl=1&resize=350%2C200","width":350,"height":200,"srcset":"https:\/\/i0.wp.com\/gersonguelmann.com.br\/blog\/wp-content\/uploads\/2020\/12\/TELEGRAMA.jpg?fit=1200%2C819&ssl=1&resize=350%2C200 1x, https:\/\/i0.wp.com\/gersonguelmann.com.br\/blog\/wp-content\/uploads\/2020\/12\/TELEGRAMA.jpg?fit=1200%2C819&ssl=1&resize=525%2C300 1.5x, https:\/\/i0.wp.com\/gersonguelmann.com.br\/blog\/wp-content\/uploads\/2020\/12\/TELEGRAMA.jpg?fit=1200%2C819&ssl=1&resize=700%2C400 2x, https:\/\/i0.wp.com\/gersonguelmann.com.br\/blog\/wp-content\/uploads\/2020\/12\/TELEGRAMA.jpg?fit=1200%2C819&ssl=1&resize=1050%2C600 3x"},"classes":[]},{"id":16089,"url":"https:\/\/gersonguelmann.com.br\/blog\/conhece-a-feira-da-foda-ela-existe-e-faz-sucesso\/","url_meta":{"origin":14384,"position":4},"title":"Conhece a Feira da Foda? Ela Existe e Faz Sucesso!","author":"Gerson Guelmann","date":"7 de mar\u00e7o de 2019","format":false,"excerpt":"Tente n\u00e3o se assustar. A Feira da Foda existe e \u00e9 realizada todos os anos em Pias de Mon\u00e7\u00e3o, na regi\u00e3o do Alto Minho, Portugal. Pelo que dizem os organizadores, a feira faz muito sucesso. A edi\u00e7\u00e3o de 2019 ser\u00e1 realizada nos dias 29, 30 e 31 deste m\u00eas. Portanto,\u2026","rel":"","context":"Em &quot;Sem categoria&quot;","block_context":{"text":"Sem categoria","link":"https:\/\/gersonguelmann.com.br\/blog\/category\/sem-categoria\/"},"img":{"alt_text":"","src":"https:\/\/i0.wp.com\/gersonguelmann.com.br\/blog\/wp-content\/uploads\/2019\/03\/FEIRA-DA-FODA.jpg?fit=500%2C750&ssl=1&resize=350%2C200","width":350,"height":200},"classes":[]},{"id":15214,"url":"https:\/\/gersonguelmann.com.br\/blog\/a-sabedoria-do-rabino-e-o-exame-dos-estudantes\/","url_meta":{"origin":14384,"position":5},"title":"A Sabedoria do Rabino e o Exame dos Estudantes","author":"Gerson Guelmann","date":"19 de novembro de 2018","format":false,"excerpt":"Quatro estudantes de um semin\u00e1rio rab\u00ednico estavam se preparando para os exames finais e tinham em comum o fato de estarem at\u00e9 ent\u00e3o com as melhores notas da classe. Eles estavam t\u00e3o confiantes em passar no exame, que seria na segunda-feira de manh\u00e3, que decidiram visitar alguns amigos em outra\u2026","rel":"","context":"Em &quot;Sem categoria&quot;","block_context":{"text":"Sem categoria","link":"https:\/\/gersonguelmann.com.br\/blog\/category\/sem-categoria\/"},"img":{"alt_text":"","src":"https:\/\/i0.wp.com\/gersonguelmann.com.br\/blog\/wp-content\/uploads\/2018\/11\/Pneu.jpg?fit=1200%2C800&ssl=1&resize=350%2C200","width":350,"height":200,"srcset":"https:\/\/i0.wp.com\/gersonguelmann.com.br\/blog\/wp-content\/uploads\/2018\/11\/Pneu.jpg?fit=1200%2C800&ssl=1&resize=350%2C200 1x, https:\/\/i0.wp.com\/gersonguelmann.com.br\/blog\/wp-content\/uploads\/2018\/11\/Pneu.jpg?fit=1200%2C800&ssl=1&resize=525%2C300 1.5x, https:\/\/i0.wp.com\/gersonguelmann.com.br\/blog\/wp-content\/uploads\/2018\/11\/Pneu.jpg?fit=1200%2C800&ssl=1&resize=700%2C400 2x, https:\/\/i0.wp.com\/gersonguelmann.com.br\/blog\/wp-content\/uploads\/2018\/11\/Pneu.jpg?fit=1200%2C800&ssl=1&resize=1050%2C600 3x"},"classes":[]}],"jetpack_sharing_enabled":true,"post_mailing_queue_ids":[],"_links":{"self":[{"href":"https:\/\/gersonguelmann.com.br\/blog\/wp-json\/wp\/v2\/posts\/14384","targetHints":{"allow":["GET"]}}],"collection":[{"href":"https:\/\/gersonguelmann.com.br\/blog\/wp-json\/wp\/v2\/posts"}],"about":[{"href":"https:\/\/gersonguelmann.com.br\/blog\/wp-json\/wp\/v2\/types\/post"}],"author":[{"embeddable":true,"href":"https:\/\/gersonguelmann.com.br\/blog\/wp-json\/wp\/v2\/users\/5"}],"replies":[{"embeddable":true,"href":"https:\/\/gersonguelmann.com.br\/blog\/wp-json\/wp\/v2\/comments?post=14384"}],"version-history":[{"count":0,"href":"https:\/\/gersonguelmann.com.br\/blog\/wp-json\/wp\/v2\/posts\/14384\/revisions"}],"wp:featuredmedia":[{"embeddable":true,"href":"https:\/\/gersonguelmann.com.br\/blog\/wp-json\/wp\/v2\/media\/14385"}],"wp:attachment":[{"href":"https:\/\/gersonguelmann.com.br\/blog\/wp-json\/wp\/v2\/media?parent=14384"}],"wp:term":[{"taxonomy":"category","embeddable":true,"href":"https:\/\/gersonguelmann.com.br\/blog\/wp-json\/wp\/v2\/categories?post=14384"},{"taxonomy":"post_tag","embeddable":true,"href":"https:\/\/gersonguelmann.com.br\/blog\/wp-json\/wp\/v2\/tags?post=14384"}],"curies":[{"name":"wp","href":"https:\/\/api.w.org\/{rel}","templated":true}]}}