    {"id":14397,"date":"2018-07-02T12:59:38","date_gmt":"2018-07-02T15:59:38","guid":{"rendered":"https:\/\/gersonguelmann.com.br\/blog\/?p=14397"},"modified":"2018-07-02T12:59:38","modified_gmt":"2018-07-02T15:59:38","slug":"prevencao-do-suicidio-tem-ligacao-gratuita-desde-ontem","status":"publish","type":"post","link":"https:\/\/gersonguelmann.com.br\/blog\/prevencao-do-suicidio-tem-ligacao-gratuita-desde-ontem\/","title":{"rendered":"Preven\u00e7\u00e3o do Suic\u00eddio Tem Liga\u00e7\u00e3o Gratuita Desde Ontem"},"content":{"rendered":"<p style=\"text-align: center;\"><img data-recalc-dims=\"1\" fetchpriority=\"high\" decoding=\"async\" data-attachment-id=\"14398\" data-permalink=\"https:\/\/gersonguelmann.com.br\/blog\/prevencao-do-suicidio-tem-ligacao-gratuita-desde-ontem\/prevencao-ao-suicidio\/\" data-orig-file=\"https:\/\/i0.wp.com\/gersonguelmann.com.br\/blog\/wp-content\/uploads\/2018\/07\/preven%C3%A7%C3%A3o-ao-suic%C3%ADdio.jpg?fit=900%2C900&amp;ssl=1\" data-orig-size=\"900,900\" data-comments-opened=\"1\" data-image-meta=\"{&quot;aperture&quot;:&quot;0&quot;,&quot;credit&quot;:&quot;&quot;,&quot;camera&quot;:&quot;&quot;,&quot;caption&quot;:&quot;&quot;,&quot;created_timestamp&quot;:&quot;0&quot;,&quot;copyright&quot;:&quot;&quot;,&quot;focal_length&quot;:&quot;0&quot;,&quot;iso&quot;:&quot;0&quot;,&quot;shutter_speed&quot;:&quot;0&quot;,&quot;title&quot;:&quot;&quot;,&quot;orientation&quot;:&quot;0&quot;}\" data-image-title=\"preven\u00e7\u00e3o ao suic\u00eddio\" data-image-description=\"\" data-image-caption=\"\" data-medium-file=\"https:\/\/i0.wp.com\/gersonguelmann.com.br\/blog\/wp-content\/uploads\/2018\/07\/preven%C3%A7%C3%A3o-ao-suic%C3%ADdio.jpg?fit=300%2C300&amp;ssl=1\" data-large-file=\"https:\/\/i0.wp.com\/gersonguelmann.com.br\/blog\/wp-content\/uploads\/2018\/07\/preven%C3%A7%C3%A3o-ao-suic%C3%ADdio.jpg?fit=640%2C640&amp;ssl=1\" class=\"alignnone size-medium wp-image-14398\" src=\"https:\/\/i0.wp.com\/gersonguelmann.com.br\/blog\/wp-content\/uploads\/2018\/07\/preven%C3%A7%C3%A3o-ao-suic%C3%ADdio.jpg?resize=300%2C300&#038;ssl=1\" alt=\"\" width=\"300\" height=\"300\" srcset=\"https:\/\/i0.wp.com\/gersonguelmann.com.br\/blog\/wp-content\/uploads\/2018\/07\/preven%C3%A7%C3%A3o-ao-suic%C3%ADdio.jpg?resize=300%2C300&amp;ssl=1 300w, https:\/\/i0.wp.com\/gersonguelmann.com.br\/blog\/wp-content\/uploads\/2018\/07\/preven%C3%A7%C3%A3o-ao-suic%C3%ADdio.jpg?resize=150%2C150&amp;ssl=1 150w, https:\/\/i0.wp.com\/gersonguelmann.com.br\/blog\/wp-content\/uploads\/2018\/07\/preven%C3%A7%C3%A3o-ao-suic%C3%ADdio.jpg?resize=768%2C768&amp;ssl=1 768w, https:\/\/i0.wp.com\/gersonguelmann.com.br\/blog\/wp-content\/uploads\/2018\/07\/preven%C3%A7%C3%A3o-ao-suic%C3%ADdio.jpg?resize=70%2C70&amp;ssl=1 70w, https:\/\/i0.wp.com\/gersonguelmann.com.br\/blog\/wp-content\/uploads\/2018\/07\/preven%C3%A7%C3%A3o-ao-suic%C3%ADdio.jpg?resize=127%2C127&amp;ssl=1 127w, https:\/\/i0.wp.com\/gersonguelmann.com.br\/blog\/wp-content\/uploads\/2018\/07\/preven%C3%A7%C3%A3o-ao-suic%C3%ADdio.jpg?resize=476%2C476&amp;ssl=1 476w, https:\/\/i0.wp.com\/gersonguelmann.com.br\/blog\/wp-content\/uploads\/2018\/07\/preven%C3%A7%C3%A3o-ao-suic%C3%ADdio.jpg?resize=125%2C125&amp;ssl=1 125w, https:\/\/i0.wp.com\/gersonguelmann.com.br\/blog\/wp-content\/uploads\/2018\/07\/preven%C3%A7%C3%A3o-ao-suic%C3%ADdio.jpg?w=900&amp;ssl=1 900w\" sizes=\"(max-width: 300px) 100vw, 300px\" \/><\/p>\n<p><span style=\"font-family: georgia, palatino, serif; font-size: 18pt; color: #000000;\">Desde ontem as liga\u00e7\u00f5es para o telefone 188 do Centro de Valoriza\u00e7\u00e3o da Vida (<strong>CVV<\/strong>) que atua na preven\u00e7\u00e3o ao suic\u00eddio, se tornaram gratuitas em todo Pa\u00eds. <\/span><\/p>\n<p><span style=\"font-family: georgia, palatino, serif; font-size: 18pt; color: #000000;\">Os \u00fanicos quatro estados que ainda n\u00e3o tinham o servi\u00e7o gratuito eram Bahia, Maranh\u00e3o, Par\u00e1 e Paran\u00e1, mas eles se juntaram aos demais a partir de agora gra\u00e7as a uma parceria com o Minist\u00e9rio da Sa\u00fade.<\/span><\/p>\n<p><span style=\"font-family: georgia, palatino, serif; font-size: 18pt; color: #000000;\"><span class=\"intro\">N<\/span>ovos\u00a0dados divulgados\u00a0pelo Minist\u00e9rio da Sa\u00fade mostram que o \u00edndice de\u00a0suic\u00eddios cresceu entre 2011 e 2015 no Brasil. <strong>Segundo a pasta, esta \u00e9 a quarta maior causa de mortes entre jovens de 15 e 29 anos.<\/strong><\/span><\/p>\n<p><img data-recalc-dims=\"1\" decoding=\"async\" data-attachment-id=\"14399\" data-permalink=\"https:\/\/gersonguelmann.com.br\/blog\/prevencao-do-suicidio-tem-ligacao-gratuita-desde-ontem\/1-46\/\" data-orig-file=\"https:\/\/i0.wp.com\/gersonguelmann.com.br\/blog\/wp-content\/uploads\/2018\/07\/1-1.jpg?fit=286%2C176&amp;ssl=1\" data-orig-size=\"286,176\" data-comments-opened=\"1\" data-image-meta=\"{&quot;aperture&quot;:&quot;0&quot;,&quot;credit&quot;:&quot;&quot;,&quot;camera&quot;:&quot;&quot;,&quot;caption&quot;:&quot;&quot;,&quot;created_timestamp&quot;:&quot;0&quot;,&quot;copyright&quot;:&quot;&quot;,&quot;focal_length&quot;:&quot;0&quot;,&quot;iso&quot;:&quot;0&quot;,&quot;shutter_speed&quot;:&quot;0&quot;,&quot;title&quot;:&quot;&quot;,&quot;orientation&quot;:&quot;0&quot;}\" data-image-title=\"1\" data-image-description=\"\" data-image-caption=\"\" data-medium-file=\"https:\/\/i0.wp.com\/gersonguelmann.com.br\/blog\/wp-content\/uploads\/2018\/07\/1-1.jpg?fit=286%2C176&amp;ssl=1\" data-large-file=\"https:\/\/i0.wp.com\/gersonguelmann.com.br\/blog\/wp-content\/uploads\/2018\/07\/1-1.jpg?fit=286%2C176&amp;ssl=1\" class=\"size-full wp-image-14399 aligncenter\" src=\"https:\/\/i0.wp.com\/gersonguelmann.com.br\/blog\/wp-content\/uploads\/2018\/07\/1-1.jpg?resize=286%2C176&#038;ssl=1\" alt=\"\" width=\"286\" height=\"176\" \/><\/p>\n<p><span style=\"font-family: georgia, palatino, serif; font-size: 18pt; color: #000000;\">Com a unifica\u00e7\u00e3o do telefone 188 os usu\u00e1rios poder\u00e3o ser atendidos por volunt\u00e1rios dispon\u00edveis em qualquer estado do Brasil. <\/span><\/p>\n<p><span style=\"font-family: georgia, palatino, serif; font-size: 18pt; color: #000000;\">Antes, como os atendimentos eram locais e variavam de cidade para cidade, se um usu\u00e1rio fizesse uma liga\u00e7\u00e3o para preven\u00e7\u00e3o do suic\u00eddio e encontrasse uma linha ocupada, teria que aguardar at\u00e9 que o atendimento anterior fosse finalizado. <\/span><\/p>\n<p><span style=\"font-family: georgia, palatino, serif; font-size: 18pt; color: #000000;\">Agora, por\u00e9m, o atendimento poder\u00e1 ser realizado por algu\u00e9m que est\u00e1 at\u00e9 mesmo do outro lado do Pa\u00eds.\u00a0Dessa forma, aqueles que desejarem fazer uma\u00a0<strong>liga\u00e7\u00e3o para preven\u00e7\u00e3o do\u00a0<\/strong><b>suic\u00eddio<\/b>\u00a0podem ligar para o n\u00famero 188 e encontrar\u00e3o uma pessoa treinada para oferecer ajuda com toda a seguran\u00e7a. <\/span><\/p>\n<p><span style=\"font-family: georgia, palatino, serif; font-size: 18pt; color: #000000;\">A expectativa do CVV \u00e9 atender mais de 2,5 milh\u00f5es de liga\u00e7\u00f5es esse ano.<\/span><\/p>\n<p style=\"text-align: center;\"><img data-recalc-dims=\"1\" decoding=\"async\" data-attachment-id=\"14400\" data-permalink=\"https:\/\/gersonguelmann.com.br\/blog\/prevencao-do-suicidio-tem-ligacao-gratuita-desde-ontem\/2-36\/\" data-orig-file=\"https:\/\/i0.wp.com\/gersonguelmann.com.br\/blog\/wp-content\/uploads\/2018\/07\/2.jpg?fit=249%2C203&amp;ssl=1\" data-orig-size=\"249,203\" data-comments-opened=\"1\" data-image-meta=\"{&quot;aperture&quot;:&quot;0&quot;,&quot;credit&quot;:&quot;&quot;,&quot;camera&quot;:&quot;&quot;,&quot;caption&quot;:&quot;&quot;,&quot;created_timestamp&quot;:&quot;0&quot;,&quot;copyright&quot;:&quot;&quot;,&quot;focal_length&quot;:&quot;0&quot;,&quot;iso&quot;:&quot;0&quot;,&quot;shutter_speed&quot;:&quot;0&quot;,&quot;title&quot;:&quot;&quot;,&quot;orientation&quot;:&quot;0&quot;}\" data-image-title=\"2\" data-image-description=\"\" data-image-caption=\"\" data-medium-file=\"https:\/\/i0.wp.com\/gersonguelmann.com.br\/blog\/wp-content\/uploads\/2018\/07\/2.jpg?fit=249%2C203&amp;ssl=1\" data-large-file=\"https:\/\/i0.wp.com\/gersonguelmann.com.br\/blog\/wp-content\/uploads\/2018\/07\/2.jpg?fit=249%2C203&amp;ssl=1\" class=\"alignnone size-full wp-image-14400\" src=\"https:\/\/i0.wp.com\/gersonguelmann.com.br\/blog\/wp-content\/uploads\/2018\/07\/2.jpg?resize=249%2C203&#038;ssl=1\" alt=\"\" width=\"249\" height=\"203\" \/><\/p>\n","protected":false},"excerpt":{"rendered":"<p>Desde ontem as liga\u00e7\u00f5es para o telefone 188 do Centro de Valoriza\u00e7\u00e3o da Vida (CVV) que atua na preven\u00e7\u00e3o ao suic\u00eddio, se tornaram gratuitas em todo Pa\u00eds. Os \u00fanicos quatro estados que ainda n\u00e3o tinham o servi\u00e7o gratuito eram Bahia, Maranh\u00e3o, Par\u00e1 e Paran\u00e1, mas eles se juntaram aos demais a partir de agora gra\u00e7as [&hellip;]<\/p>\n","protected":false},"author":5,"featured_media":14398,"comment_status":"open","ping_status":"open","sticky":false,"template":"","format":"standard","meta":{"_acf_changed":false,"jetpack_post_was_ever_published":false,"_jetpack_newsletter_access":"","_jetpack_dont_email_post_to_subs":false,"_jetpack_newsletter_tier_id":0,"_jetpack_memberships_contains_paywalled_content":false,"_jetpack_memberships_contains_paid_content":false,"footnotes":"","jetpack_publicize_message":"","jetpack_publicize_feature_enabled":true,"jetpack_social_post_already_shared":true,"jetpack_social_options":{"image_generator_settings":{"template":"highway","default_image_id":0,"font":"","enabled":false},"version":2}},"categories":[1],"tags":[],"class_list":["post-14397","post","type-post","status-publish","format-standard","has-post-thumbnail","hentry","category-sem-categoria"],"acf":[],"yoast_head":"<!-- This site is optimized with the Yoast SEO plugin v27.3 - https:\/\/yoast.com\/product\/yoast-seo-wordpress\/ -->\n<title>Preven\u00e7\u00e3o do Suic\u00eddio Tem Liga\u00e7\u00e3o Gratuita Desde Ontem | Blog do Guelmann<\/title>\n<meta name=\"robots\" content=\"index, follow, max-snippet:-1, max-image-preview:large, max-video-preview:-1\" \/>\n<link rel=\"canonical\" href=\"https:\/\/gersonguelmann.com.br\/blog\/prevencao-do-suicidio-tem-ligacao-gratuita-desde-ontem\/\" \/>\n<meta property=\"og:locale\" content=\"pt_BR\" \/>\n<meta property=\"og:type\" content=\"article\" \/>\n<meta property=\"og:title\" content=\"Preven\u00e7\u00e3o do Suic\u00eddio Tem Liga\u00e7\u00e3o Gratuita Desde Ontem | Blog do Guelmann\" \/>\n<meta property=\"og:description\" content=\"Desde ontem as liga\u00e7\u00f5es para o telefone 188 do Centro de Valoriza\u00e7\u00e3o da Vida (CVV) que atua na preven\u00e7\u00e3o ao suic\u00eddio, se tornaram gratuitas em todo Pa\u00eds. Os \u00fanicos quatro estados que ainda n\u00e3o tinham o servi\u00e7o gratuito eram Bahia, Maranh\u00e3o, Par\u00e1 e Paran\u00e1, mas eles se juntaram aos demais a partir de agora gra\u00e7as [&hellip;]\" \/>\n<meta property=\"og:url\" content=\"https:\/\/gersonguelmann.com.br\/blog\/prevencao-do-suicidio-tem-ligacao-gratuita-desde-ontem\/\" \/>\n<meta property=\"og:site_name\" content=\"Blog do Guelmann\" \/>\n<meta property=\"article:published_time\" content=\"2018-07-02T15:59:38+00:00\" \/>\n<meta property=\"og:image\" content=\"https:\/\/i0.wp.com\/gersonguelmann.com.br\/blog\/wp-content\/uploads\/2018\/07\/preven\u00e7\u00e3o-ao-suic\u00eddio.jpg?fit=900%2C900&ssl=1\" \/>\n\t<meta property=\"og:image:width\" content=\"900\" \/>\n\t<meta property=\"og:image:height\" content=\"900\" \/>\n\t<meta property=\"og:image:type\" content=\"image\/jpeg\" \/>\n<meta name=\"author\" content=\"Gerson Guelmann\" \/>\n<meta name=\"twitter:card\" content=\"summary_large_image\" \/>\n<meta name=\"twitter:label1\" content=\"Escrito por\" \/>\n\t<meta name=\"twitter:data1\" content=\"Gerson Guelmann\" \/>\n\t<meta name=\"twitter:label2\" content=\"Est. tempo de leitura\" \/>\n\t<meta name=\"twitter:data2\" content=\"1 minuto\" \/>\n<script type=\"application\/ld+json\" class=\"yoast-schema-graph\">{\"@context\":\"https:\\\/\\\/schema.org\",\"@graph\":[{\"@type\":\"Article\",\"@id\":\"https:\\\/\\\/gersonguelmann.com.br\\\/blog\\\/prevencao-do-suicidio-tem-ligacao-gratuita-desde-ontem\\\/#article\",\"isPartOf\":{\"@id\":\"https:\\\/\\\/gersonguelmann.com.br\\\/blog\\\/prevencao-do-suicidio-tem-ligacao-gratuita-desde-ontem\\\/\"},\"author\":{\"name\":\"Gerson Guelmann\",\"@id\":\"https:\\\/\\\/gersonguelmann.com.br\\\/blog\\\/#\\\/schema\\\/person\\\/87e70e2a786888082f941a482c90569e\"},\"headline\":\"Preven\u00e7\u00e3o do Suic\u00eddio Tem Liga\u00e7\u00e3o Gratuita Desde Ontem\",\"datePublished\":\"2018-07-02T15:59:38+00:00\",\"mainEntityOfPage\":{\"@id\":\"https:\\\/\\\/gersonguelmann.com.br\\\/blog\\\/prevencao-do-suicidio-tem-ligacao-gratuita-desde-ontem\\\/\"},\"wordCount\":254,\"commentCount\":0,\"image\":{\"@id\":\"https:\\\/\\\/gersonguelmann.com.br\\\/blog\\\/prevencao-do-suicidio-tem-ligacao-gratuita-desde-ontem\\\/#primaryimage\"},\"thumbnailUrl\":\"https:\\\/\\\/i0.wp.com\\\/gersonguelmann.com.br\\\/blog\\\/wp-content\\\/uploads\\\/2018\\\/07\\\/preven%C3%A7%C3%A3o-ao-suic%C3%ADdio.jpg?fit=900%2C900&ssl=1\",\"inLanguage\":\"pt-BR\",\"potentialAction\":[{\"@type\":\"CommentAction\",\"name\":\"Comment\",\"target\":[\"https:\\\/\\\/gersonguelmann.com.br\\\/blog\\\/prevencao-do-suicidio-tem-ligacao-gratuita-desde-ontem\\\/#respond\"]}]},{\"@type\":\"WebPage\",\"@id\":\"https:\\\/\\\/gersonguelmann.com.br\\\/blog\\\/prevencao-do-suicidio-tem-ligacao-gratuita-desde-ontem\\\/\",\"url\":\"https:\\\/\\\/gersonguelmann.com.br\\\/blog\\\/prevencao-do-suicidio-tem-ligacao-gratuita-desde-ontem\\\/\",\"name\":\"Preven\u00e7\u00e3o do Suic\u00eddio Tem Liga\u00e7\u00e3o Gratuita Desde Ontem | Blog do Guelmann\",\"isPartOf\":{\"@id\":\"https:\\\/\\\/gersonguelmann.com.br\\\/blog\\\/#website\"},\"primaryImageOfPage\":{\"@id\":\"https:\\\/\\\/gersonguelmann.com.br\\\/blog\\\/prevencao-do-suicidio-tem-ligacao-gratuita-desde-ontem\\\/#primaryimage\"},\"image\":{\"@id\":\"https:\\\/\\\/gersonguelmann.com.br\\\/blog\\\/prevencao-do-suicidio-tem-ligacao-gratuita-desde-ontem\\\/#primaryimage\"},\"thumbnailUrl\":\"https:\\\/\\\/i0.wp.com\\\/gersonguelmann.com.br\\\/blog\\\/wp-content\\\/uploads\\\/2018\\\/07\\\/preven%C3%A7%C3%A3o-ao-suic%C3%ADdio.jpg?fit=900%2C900&ssl=1\",\"datePublished\":\"2018-07-02T15:59:38+00:00\",\"author\":{\"@id\":\"https:\\\/\\\/gersonguelmann.com.br\\\/blog\\\/#\\\/schema\\\/person\\\/87e70e2a786888082f941a482c90569e\"},\"inLanguage\":\"pt-BR\",\"potentialAction\":[{\"@type\":\"ReadAction\",\"target\":[\"https:\\\/\\\/gersonguelmann.com.br\\\/blog\\\/prevencao-do-suicidio-tem-ligacao-gratuita-desde-ontem\\\/\"]}]},{\"@type\":\"ImageObject\",\"inLanguage\":\"pt-BR\",\"@id\":\"https:\\\/\\\/gersonguelmann.com.br\\\/blog\\\/prevencao-do-suicidio-tem-ligacao-gratuita-desde-ontem\\\/#primaryimage\",\"url\":\"https:\\\/\\\/i0.wp.com\\\/gersonguelmann.com.br\\\/blog\\\/wp-content\\\/uploads\\\/2018\\\/07\\\/preven%C3%A7%C3%A3o-ao-suic%C3%ADdio.jpg?fit=900%2C900&ssl=1\",\"contentUrl\":\"https:\\\/\\\/i0.wp.com\\\/gersonguelmann.com.br\\\/blog\\\/wp-content\\\/uploads\\\/2018\\\/07\\\/preven%C3%A7%C3%A3o-ao-suic%C3%ADdio.jpg?fit=900%2C900&ssl=1\",\"width\":900,\"height\":900},{\"@type\":\"WebSite\",\"@id\":\"https:\\\/\\\/gersonguelmann.com.br\\\/blog\\\/#website\",\"url\":\"https:\\\/\\\/gersonguelmann.com.br\\\/blog\\\/\",\"name\":\"Blog do Guelmann\",\"description\":\"Pitadas da sabedoria e do humor judaicos, assuntos do momento e um pouco das hist\u00f3rias que vivi e testemunhei.\",\"potentialAction\":[{\"@type\":\"SearchAction\",\"target\":{\"@type\":\"EntryPoint\",\"urlTemplate\":\"https:\\\/\\\/gersonguelmann.com.br\\\/blog\\\/?s={search_term_string}\"},\"query-input\":{\"@type\":\"PropertyValueSpecification\",\"valueRequired\":true,\"valueName\":\"search_term_string\"}}],\"inLanguage\":\"pt-BR\"},{\"@type\":\"Person\",\"@id\":\"https:\\\/\\\/gersonguelmann.com.br\\\/blog\\\/#\\\/schema\\\/person\\\/87e70e2a786888082f941a482c90569e\",\"name\":\"Gerson Guelmann\",\"image\":{\"@type\":\"ImageObject\",\"inLanguage\":\"pt-BR\",\"@id\":\"https:\\\/\\\/i0.wp.com\\\/gersonguelmann.com.br\\\/blog\\\/wp-content\\\/uploads\\\/2021\\\/08\\\/BLOG.jpeg?fit=96%2C96&ssl=1\",\"url\":\"https:\\\/\\\/i0.wp.com\\\/gersonguelmann.com.br\\\/blog\\\/wp-content\\\/uploads\\\/2021\\\/08\\\/BLOG.jpeg?fit=96%2C96&ssl=1\",\"contentUrl\":\"https:\\\/\\\/i0.wp.com\\\/gersonguelmann.com.br\\\/blog\\\/wp-content\\\/uploads\\\/2021\\\/08\\\/BLOG.jpeg?fit=96%2C96&ssl=1\",\"caption\":\"Gerson Guelmann\"},\"description\":\"Pitadas da sabedoria e do humor judaicos, assuntos do momento e um pouco das hist\u00f3rias que vivi e testemunhei.\"}]}<\/script>\n<!-- \/ Yoast SEO plugin. -->","yoast_head_json":{"title":"Preven\u00e7\u00e3o do Suic\u00eddio Tem Liga\u00e7\u00e3o Gratuita Desde Ontem | Blog do Guelmann","robots":{"index":"index","follow":"follow","max-snippet":"max-snippet:-1","max-image-preview":"max-image-preview:large","max-video-preview":"max-video-preview:-1"},"canonical":"https:\/\/gersonguelmann.com.br\/blog\/prevencao-do-suicidio-tem-ligacao-gratuita-desde-ontem\/","og_locale":"pt_BR","og_type":"article","og_title":"Preven\u00e7\u00e3o do Suic\u00eddio Tem Liga\u00e7\u00e3o Gratuita Desde Ontem | Blog do Guelmann","og_description":"Desde ontem as liga\u00e7\u00f5es para o telefone 188 do Centro de Valoriza\u00e7\u00e3o da Vida (CVV) que atua na preven\u00e7\u00e3o ao suic\u00eddio, se tornaram gratuitas em todo Pa\u00eds. Os \u00fanicos quatro estados que ainda n\u00e3o tinham o servi\u00e7o gratuito eram Bahia, Maranh\u00e3o, Par\u00e1 e Paran\u00e1, mas eles se juntaram aos demais a partir de agora gra\u00e7as [&hellip;]","og_url":"https:\/\/gersonguelmann.com.br\/blog\/prevencao-do-suicidio-tem-ligacao-gratuita-desde-ontem\/","og_site_name":"Blog do Guelmann","article_published_time":"2018-07-02T15:59:38+00:00","og_image":[{"width":900,"height":900,"url":"https:\/\/i0.wp.com\/gersonguelmann.com.br\/blog\/wp-content\/uploads\/2018\/07\/preven\u00e7\u00e3o-ao-suic\u00eddio.jpg?fit=900%2C900&ssl=1","type":"image\/jpeg"}],"author":"Gerson Guelmann","twitter_card":"summary_large_image","twitter_misc":{"Escrito por":"Gerson Guelmann","Est. tempo de leitura":"1 minuto"},"schema":{"@context":"https:\/\/schema.org","@graph":[{"@type":"Article","@id":"https:\/\/gersonguelmann.com.br\/blog\/prevencao-do-suicidio-tem-ligacao-gratuita-desde-ontem\/#article","isPartOf":{"@id":"https:\/\/gersonguelmann.com.br\/blog\/prevencao-do-suicidio-tem-ligacao-gratuita-desde-ontem\/"},"author":{"name":"Gerson Guelmann","@id":"https:\/\/gersonguelmann.com.br\/blog\/#\/schema\/person\/87e70e2a786888082f941a482c90569e"},"headline":"Preven\u00e7\u00e3o do Suic\u00eddio Tem Liga\u00e7\u00e3o Gratuita Desde Ontem","datePublished":"2018-07-02T15:59:38+00:00","mainEntityOfPage":{"@id":"https:\/\/gersonguelmann.com.br\/blog\/prevencao-do-suicidio-tem-ligacao-gratuita-desde-ontem\/"},"wordCount":254,"commentCount":0,"image":{"@id":"https:\/\/gersonguelmann.com.br\/blog\/prevencao-do-suicidio-tem-ligacao-gratuita-desde-ontem\/#primaryimage"},"thumbnailUrl":"https:\/\/i0.wp.com\/gersonguelmann.com.br\/blog\/wp-content\/uploads\/2018\/07\/preven%C3%A7%C3%A3o-ao-suic%C3%ADdio.jpg?fit=900%2C900&ssl=1","inLanguage":"pt-BR","potentialAction":[{"@type":"CommentAction","name":"Comment","target":["https:\/\/gersonguelmann.com.br\/blog\/prevencao-do-suicidio-tem-ligacao-gratuita-desde-ontem\/#respond"]}]},{"@type":"WebPage","@id":"https:\/\/gersonguelmann.com.br\/blog\/prevencao-do-suicidio-tem-ligacao-gratuita-desde-ontem\/","url":"https:\/\/gersonguelmann.com.br\/blog\/prevencao-do-suicidio-tem-ligacao-gratuita-desde-ontem\/","name":"Preven\u00e7\u00e3o do Suic\u00eddio Tem Liga\u00e7\u00e3o Gratuita Desde Ontem | Blog do Guelmann","isPartOf":{"@id":"https:\/\/gersonguelmann.com.br\/blog\/#website"},"primaryImageOfPage":{"@id":"https:\/\/gersonguelmann.com.br\/blog\/prevencao-do-suicidio-tem-ligacao-gratuita-desde-ontem\/#primaryimage"},"image":{"@id":"https:\/\/gersonguelmann.com.br\/blog\/prevencao-do-suicidio-tem-ligacao-gratuita-desde-ontem\/#primaryimage"},"thumbnailUrl":"https:\/\/i0.wp.com\/gersonguelmann.com.br\/blog\/wp-content\/uploads\/2018\/07\/preven%C3%A7%C3%A3o-ao-suic%C3%ADdio.jpg?fit=900%2C900&ssl=1","datePublished":"2018-07-02T15:59:38+00:00","author":{"@id":"https:\/\/gersonguelmann.com.br\/blog\/#\/schema\/person\/87e70e2a786888082f941a482c90569e"},"inLanguage":"pt-BR","potentialAction":[{"@type":"ReadAction","target":["https:\/\/gersonguelmann.com.br\/blog\/prevencao-do-suicidio-tem-ligacao-gratuita-desde-ontem\/"]}]},{"@type":"ImageObject","inLanguage":"pt-BR","@id":"https:\/\/gersonguelmann.com.br\/blog\/prevencao-do-suicidio-tem-ligacao-gratuita-desde-ontem\/#primaryimage","url":"https:\/\/i0.wp.com\/gersonguelmann.com.br\/blog\/wp-content\/uploads\/2018\/07\/preven%C3%A7%C3%A3o-ao-suic%C3%ADdio.jpg?fit=900%2C900&ssl=1","contentUrl":"https:\/\/i0.wp.com\/gersonguelmann.com.br\/blog\/wp-content\/uploads\/2018\/07\/preven%C3%A7%C3%A3o-ao-suic%C3%ADdio.jpg?fit=900%2C900&ssl=1","width":900,"height":900},{"@type":"WebSite","@id":"https:\/\/gersonguelmann.com.br\/blog\/#website","url":"https:\/\/gersonguelmann.com.br\/blog\/","name":"Blog do Guelmann","description":"Pitadas da sabedoria e do humor judaicos, assuntos do momento e um pouco das hist\u00f3rias que vivi e testemunhei.","potentialAction":[{"@type":"SearchAction","target":{"@type":"EntryPoint","urlTemplate":"https:\/\/gersonguelmann.com.br\/blog\/?s={search_term_string}"},"query-input":{"@type":"PropertyValueSpecification","valueRequired":true,"valueName":"search_term_string"}}],"inLanguage":"pt-BR"},{"@type":"Person","@id":"https:\/\/gersonguelmann.com.br\/blog\/#\/schema\/person\/87e70e2a786888082f941a482c90569e","name":"Gerson Guelmann","image":{"@type":"ImageObject","inLanguage":"pt-BR","@id":"https:\/\/i0.wp.com\/gersonguelmann.com.br\/blog\/wp-content\/uploads\/2021\/08\/BLOG.jpeg?fit=96%2C96&ssl=1","url":"https:\/\/i0.wp.com\/gersonguelmann.com.br\/blog\/wp-content\/uploads\/2021\/08\/BLOG.jpeg?fit=96%2C96&ssl=1","contentUrl":"https:\/\/i0.wp.com\/gersonguelmann.com.br\/blog\/wp-content\/uploads\/2021\/08\/BLOG.jpeg?fit=96%2C96&ssl=1","caption":"Gerson Guelmann"},"description":"Pitadas da sabedoria e do humor judaicos, assuntos do momento e um pouco das hist\u00f3rias que vivi e testemunhei."}]}},"views":60,"jetpack_publicize_connections":[],"jetpack_featured_media_url":"https:\/\/i0.wp.com\/gersonguelmann.com.br\/blog\/wp-content\/uploads\/2018\/07\/preven%C3%A7%C3%A3o-ao-suic%C3%ADdio.jpg?fit=900%2C900&ssl=1","jetpack_shortlink":"https:\/\/wp.me\/p96e7O-3Kd","jetpack-related-posts":[{"id":18247,"url":"https:\/\/gersonguelmann.com.br\/blog\/prevenir-o-suicidio-nao-apenas-em-setembro\/","url_meta":{"origin":14397,"position":0},"title":"Prevenir o Suic\u00eddio N\u00e3o Apenas em Setembro","author":"Gerson Guelmann","date":"4 de setembro de 2019","format":false,"excerpt":"Acabamos de entrar no m\u00eas de setembro, e em menos de uma semana estaremos no dia 10, data escolhida pela Organiza\u00e7\u00e3o Mundial da Sa\u00fade (OMS) para ser o Dia Mundial da Preven\u00e7\u00e3o do Suic\u00eddio. A origem desse dia e do movimento conhecido por Setembro Amarelo \u00e9 contada da seguinte forma:\u2026","rel":"","context":"Em &quot;Sem categoria&quot;","block_context":{"text":"Sem categoria","link":"https:\/\/gersonguelmann.com.br\/blog\/category\/sem-categoria\/"},"img":{"alt_text":"","src":"https:\/\/i0.wp.com\/gersonguelmann.com.br\/blog\/wp-content\/uploads\/2019\/09\/Setembro.png?fit=1200%2C1117&ssl=1&resize=350%2C200","width":350,"height":200,"srcset":"https:\/\/i0.wp.com\/gersonguelmann.com.br\/blog\/wp-content\/uploads\/2019\/09\/Setembro.png?fit=1200%2C1117&ssl=1&resize=350%2C200 1x, https:\/\/i0.wp.com\/gersonguelmann.com.br\/blog\/wp-content\/uploads\/2019\/09\/Setembro.png?fit=1200%2C1117&ssl=1&resize=525%2C300 1.5x, https:\/\/i0.wp.com\/gersonguelmann.com.br\/blog\/wp-content\/uploads\/2019\/09\/Setembro.png?fit=1200%2C1117&ssl=1&resize=700%2C400 2x, https:\/\/i0.wp.com\/gersonguelmann.com.br\/blog\/wp-content\/uploads\/2019\/09\/Setembro.png?fit=1200%2C1117&ssl=1&resize=1050%2C600 3x"},"classes":[]},{"id":21195,"url":"https:\/\/gersonguelmann.com.br\/blog\/o-ministerio-da-saude-adverte-antes-de-esfaquear-seu-marido-verifique-se-ele-merece\/","url_meta":{"origin":14397,"position":1},"title":"O Minist\u00e9rio da Sa\u00fade Adverte: Antes de Esfaquear Seu Marido, Verifique Se Ele Merece","author":"Gerson Guelmann","date":"30 de janeiro de 2021","format":false,"excerpt":"O jornal Correio da Manh\u00e3 de ontem traz uma mat\u00e9ria daquelas que, como se costuma dizer, n\u00e3o se sabe se \u00e9 para rir ou para chorar: \u00a0S\u00c1BADO, 30 de Janeiro \/ 2021 Mulher acha foto antiga dela no celular do esposo, n\u00e3o reconhece e esfaqueia marido Uma esposa esfaqueou o\u2026","rel":"","context":"Em &quot;Sem categoria&quot;","block_context":{"text":"Sem categoria","link":"https:\/\/gersonguelmann.com.br\/blog\/category\/sem-categoria\/"},"img":{"alt_text":"","src":"https:\/\/i0.wp.com\/gersonguelmann.com.br\/blog\/wp-content\/uploads\/2021\/01\/fernando-aguilar-ebo1dqAYvcM-unsplash-scaled.jpg?fit=800%2C1200&ssl=1&resize=350%2C200","width":350,"height":200,"srcset":"https:\/\/i0.wp.com\/gersonguelmann.com.br\/blog\/wp-content\/uploads\/2021\/01\/fernando-aguilar-ebo1dqAYvcM-unsplash-scaled.jpg?fit=800%2C1200&ssl=1&resize=350%2C200 1x, https:\/\/i0.wp.com\/gersonguelmann.com.br\/blog\/wp-content\/uploads\/2021\/01\/fernando-aguilar-ebo1dqAYvcM-unsplash-scaled.jpg?fit=800%2C1200&ssl=1&resize=525%2C300 1.5x, https:\/\/i0.wp.com\/gersonguelmann.com.br\/blog\/wp-content\/uploads\/2021\/01\/fernando-aguilar-ebo1dqAYvcM-unsplash-scaled.jpg?fit=800%2C1200&ssl=1&resize=700%2C400 2x"},"classes":[]},{"id":19876,"url":"https:\/\/gersonguelmann.com.br\/blog\/com-92-anos-cid-moreira-caiu-na-escada-que-licao-podemos-tirar-disso\/","url_meta":{"origin":14397,"position":2},"title":"Com 92 anos, Cid Moreira caiu na escada: que li\u00e7\u00e3o podemos tirar disso?","author":"Gerson Guelmann","date":"5 de fevereiro de 2020","format":false,"excerpt":"Cid Moreira, o fant\u00e1stico apresentador de TV, teve uma queda h\u00e1 poucos dias. Como \u00e9 sabido, ele est\u00e1 com 92 anos e nessa idade esse tipo de ocorr\u00eancia costuma trazer resultados s\u00e9rios, o que felizmente n\u00e3o ocorreu. O site VivaBem trouxe mat\u00e9ria muito boa abordando isso, que compartilho a seguir:\u2026","rel":"","context":"Em &quot;Sem categoria&quot;","block_context":{"text":"Sem categoria","link":"https:\/\/gersonguelmann.com.br\/blog\/category\/sem-categoria\/"},"img":{"alt_text":"","src":"https:\/\/i0.wp.com\/gersonguelmann.com.br\/blog\/wp-content\/uploads\/2020\/02\/Cid-Moreira.jpg?fit=1200%2C675&ssl=1&resize=350%2C200","width":350,"height":200,"srcset":"https:\/\/i0.wp.com\/gersonguelmann.com.br\/blog\/wp-content\/uploads\/2020\/02\/Cid-Moreira.jpg?fit=1200%2C675&ssl=1&resize=350%2C200 1x, https:\/\/i0.wp.com\/gersonguelmann.com.br\/blog\/wp-content\/uploads\/2020\/02\/Cid-Moreira.jpg?fit=1200%2C675&ssl=1&resize=525%2C300 1.5x, https:\/\/i0.wp.com\/gersonguelmann.com.br\/blog\/wp-content\/uploads\/2020\/02\/Cid-Moreira.jpg?fit=1200%2C675&ssl=1&resize=700%2C400 2x, https:\/\/i0.wp.com\/gersonguelmann.com.br\/blog\/wp-content\/uploads\/2020\/02\/Cid-Moreira.jpg?fit=1200%2C675&ssl=1&resize=1050%2C600 3x"},"classes":[]},{"id":12075,"url":"https:\/\/gersonguelmann.com.br\/blog\/caminhoneiros-impedem-suicidio-veja-como\/","url_meta":{"origin":14397,"position":3},"title":"Caminhoneiros Impedem Suic\u00eddio; Veja Como!","author":"Gerson Guelmann","date":"25 de abril de 2018","format":false,"excerpt":"Olha s\u00f3 que not\u00edcia boa: - ontem, em Detroit, nos Estados Unidos, um homem estava amea\u00e7ando pular de um viaduto em uma estrada. Quando foram avisados do que estava acontecendo, os policiais fecharam a rodovia e pediram aos caminhoneiros que estavam pr\u00f3ximos para que estacionassem\u00a0as carretas sob o viaduto, de\u2026","rel":"","context":"Em &quot;Sem categoria&quot;","block_context":{"text":"Sem categoria","link":"https:\/\/gersonguelmann.com.br\/blog\/category\/sem-categoria\/"},"img":{"alt_text":"","src":"https:\/\/i0.wp.com\/gersonguelmann.com.br\/blog\/wp-content\/uploads\/2018\/04\/DbjiijbW4AA0x0E.jpg?fit=896%2C504&ssl=1&resize=350%2C200","width":350,"height":200,"srcset":"https:\/\/i0.wp.com\/gersonguelmann.com.br\/blog\/wp-content\/uploads\/2018\/04\/DbjiijbW4AA0x0E.jpg?fit=896%2C504&ssl=1&resize=350%2C200 1x, https:\/\/i0.wp.com\/gersonguelmann.com.br\/blog\/wp-content\/uploads\/2018\/04\/DbjiijbW4AA0x0E.jpg?fit=896%2C504&ssl=1&resize=525%2C300 1.5x, https:\/\/i0.wp.com\/gersonguelmann.com.br\/blog\/wp-content\/uploads\/2018\/04\/DbjiijbW4AA0x0E.jpg?fit=896%2C504&ssl=1&resize=700%2C400 2x"},"classes":[]},{"id":5872,"url":"https:\/\/gersonguelmann.com.br\/blog\/o-ministerio-da-saude-adverte-brigar-com-operador-de-maquina-o-bom-humor-das-redes\/","url_meta":{"origin":14397,"position":4},"title":"O Minist\u00e9rio da Sa\u00fade Adverte: Brigar com Operador de M\u00e1quina&#8230; &#8211; O Bom Humor das Redes","author":"Gerson Guelmann","date":"20 de dezembro de 2017","format":false,"excerpt":"Aparentemente a l\u00edngua falada pelos personagens \u00e9 o russo. O clima tamb\u00e9m combina.\u00a0 Seja como for, o ensinamento que fica \u00e9: se for brigar com o operador da escavadeira, assegure-se de que ele esteja fora da cabine... https:\/\/www.youtube.com\/watch?v=k9ZB7bt_0Uc&feature=youtu.be","rel":"","context":"Em &quot;Sem categoria&quot;","block_context":{"text":"Sem categoria","link":"https:\/\/gersonguelmann.com.br\/blog\/category\/sem-categoria\/"},"img":{"alt_text":"","src":"https:\/\/i0.wp.com\/gersonguelmann.com.br\/blog\/wp-content\/uploads\/2017\/12\/M%C3%A1quina.jpeg?fit=867%2C650&ssl=1&resize=350%2C200","width":350,"height":200,"srcset":"https:\/\/i0.wp.com\/gersonguelmann.com.br\/blog\/wp-content\/uploads\/2017\/12\/M%C3%A1quina.jpeg?fit=867%2C650&ssl=1&resize=350%2C200 1x, https:\/\/i0.wp.com\/gersonguelmann.com.br\/blog\/wp-content\/uploads\/2017\/12\/M%C3%A1quina.jpeg?fit=867%2C650&ssl=1&resize=525%2C300 1.5x, https:\/\/i0.wp.com\/gersonguelmann.com.br\/blog\/wp-content\/uploads\/2017\/12\/M%C3%A1quina.jpeg?fit=867%2C650&ssl=1&resize=700%2C400 2x"},"classes":[]},{"id":17894,"url":"https:\/\/gersonguelmann.com.br\/blog\/a-doenca-que-se-espalha-pelas-redes-sociais\/","url_meta":{"origin":14397,"position":5},"title":"A Doen\u00e7a Que Se Espalha Pelas Redes Sociais","author":"Gerson Guelmann","date":"4 de agosto de 2019","format":false,"excerpt":"\"Capturei\" hoje a tarde um artigo muito interessante. Na realidade \u00e9 uma entrevista com o Psiquiatra e Psicanalista Marcelo Veras.\u00a0 \u00c9 longo mas merece o tempo que ser\u00e1 empregado na leitura. \u00c9 uma abordagem extremamente detalhada sobre as Redes Sociais e foi publicada ontem pela BBC Brasil: Redes sociais espalham\u2026","rel":"","context":"Em &quot;Sem categoria&quot;","block_context":{"text":"Sem categoria","link":"https:\/\/gersonguelmann.com.br\/blog\/category\/sem-categoria\/"},"img":{"alt_text":"","src":"https:\/\/i0.wp.com\/gersonguelmann.com.br\/blog\/wp-content\/uploads\/2019\/08\/RS1.jpg?fit=500%2C608&ssl=1&resize=350%2C200","width":350,"height":200},"classes":[]}],"jetpack_sharing_enabled":true,"post_mailing_queue_ids":[],"_links":{"self":[{"href":"https:\/\/gersonguelmann.com.br\/blog\/wp-json\/wp\/v2\/posts\/14397","targetHints":{"allow":["GET"]}}],"collection":[{"href":"https:\/\/gersonguelmann.com.br\/blog\/wp-json\/wp\/v2\/posts"}],"about":[{"href":"https:\/\/gersonguelmann.com.br\/blog\/wp-json\/wp\/v2\/types\/post"}],"author":[{"embeddable":true,"href":"https:\/\/gersonguelmann.com.br\/blog\/wp-json\/wp\/v2\/users\/5"}],"replies":[{"embeddable":true,"href":"https:\/\/gersonguelmann.com.br\/blog\/wp-json\/wp\/v2\/comments?post=14397"}],"version-history":[{"count":0,"href":"https:\/\/gersonguelmann.com.br\/blog\/wp-json\/wp\/v2\/posts\/14397\/revisions"}],"wp:featuredmedia":[{"embeddable":true,"href":"https:\/\/gersonguelmann.com.br\/blog\/wp-json\/wp\/v2\/media\/14398"}],"wp:attachment":[{"href":"https:\/\/gersonguelmann.com.br\/blog\/wp-json\/wp\/v2\/media?parent=14397"}],"wp:term":[{"taxonomy":"category","embeddable":true,"href":"https:\/\/gersonguelmann.com.br\/blog\/wp-json\/wp\/v2\/categories?post=14397"},{"taxonomy":"post_tag","embeddable":true,"href":"https:\/\/gersonguelmann.com.br\/blog\/wp-json\/wp\/v2\/tags?post=14397"}],"curies":[{"name":"wp","href":"https:\/\/api.w.org\/{rel}","templated":true}]}}