    {"id":14402,"date":"2018-07-02T15:41:55","date_gmt":"2018-07-02T18:41:55","guid":{"rendered":"https:\/\/gersonguelmann.com.br\/blog\/?p=14402"},"modified":"2018-07-02T15:41:55","modified_gmt":"2018-07-02T18:41:55","slug":"casal-brasileiro-preso-em-israel-com-50-capsulas-de-cocaina-no-corpo","status":"publish","type":"post","link":"https:\/\/gersonguelmann.com.br\/blog\/casal-brasileiro-preso-em-israel-com-50-capsulas-de-cocaina-no-corpo\/","title":{"rendered":"Casal Brasileiro Preso Em Israel Com 50 C\u00e1psulas de Coca\u00edna No Corpo"},"content":{"rendered":"<p><span style=\"color: #000000; font-family: georgia, palatino, serif; font-size: 18pt;\">Mat\u00e9ria divulgada hoje pela Ag\u00eancia EFE:<\/span><\/p>\n<div id=\"sch-detalle\" class=\"head\">\n<div id=\"div_guia\" class=\"guia\"><strong><span style=\"color: #000000;\">ISRAEL JUSTI\u00c7A<\/span><\/strong><\/div>\n<p id=\"div_titulo\" class=\"titulo\"><span style=\"font-size: 24pt;\"><strong><span style=\"color: #000000;\">Pol\u00edcia de Israel deteve casal brasileiro com 50 c\u00e1psulas de coca\u00edna no corpo<\/span><\/strong><\/span><\/p>\n<\/div>\n<div class=\"body clearfix\" role=\"main\">\n<div id=\"div_fuente_share\" class=\"fuente-share\">\n<div class=\"fuenteorigen\"><span style=\"color: #000000;\"><span class=\"fuente\">EFE\u00a0<\/span><span class=\"origen\">Jerusal\u00e9m<\/span><span class=\"fecha\"><time datetime=\"2018-07-02T12:06:30Z\">2 jul 2018<\/time><\/span><\/span><\/div>\n<\/div>\n<\/div>\n<div>\n<p><span style=\"color: #000000; font-size: 14pt;\">A Pol\u00edcia de Israel tornou p\u00fablico nesta segunda-feira a deten\u00e7\u00e3o de um casal procedente do Brasil que tentou entrar no pa\u00eds com 50 pequenas c\u00e1psulas de coca\u00edna escondida dentro do corpo no valor de milhares de euros.<\/span><\/p>\n<p><span style=\"color: #000000; font-size: 14pt;\">&#8220;A investiga\u00e7\u00e3o come\u00e7ou quando o casal chegou ao aeroporto internacional de Ben Gurion no dia 17 de junho&#8221;, afirmou em comunicado a Pol\u00edcia, que mais tarde confirmou \u00e0 Ag\u00eancia Efe que tratava-se de tr\u00e1fico de coca\u00edna.<\/span><\/p>\n<p><span style=\"color: #000000; font-size: 14pt;\">As for\u00e7as de seguran\u00e7a suspeitaram de duas pessoas &#8220;de cerca de 40 anos&#8221; e as detiveram para submet\u00ea-las a interrogat\u00f3rio.<\/span><\/p>\n<p><span style=\"color: #000000; font-size: 14pt;\">\u00c0 medida que o interrogat\u00f3rio avan\u00e7ava, os agentes consideraram a possibilidade de que os suspeitos levassem drogas nos seus corpos e o casal foi levado a um hospital para ser examinado.<\/span><\/p>\n<p><span style=\"color: #000000; font-size: 14pt;\">&#8220;No hospital foram encontradas 50 c\u00e1psulas e (dentro de todas elas) um peso total de meio quilo (de coca\u00edna)&#8221;, detalhou a nota.<\/span><\/p>\n<p><span style=\"color: #000000; font-size: 14pt;\">A Embaixada do Brasil em Israel n\u00e3o quis comentar sobre estes cidad\u00e3os, alegando que mant\u00e9m a confidencialidade dos cidad\u00e3os brasileiros.<\/span><\/p>\n<p><span style=\"color: #000000; font-size: 14pt;\">A Pol\u00edcia declarou que os suspeitos permanecer\u00e3o detidos at\u00e9 o dia 4 de julho, e que est\u00e3o sendo interrogados &#8220;por tentar traficar em Israel com drogas perigosas e ilegais&#8221;.<\/span><\/p>\n<p><span style=\"color: #000000; font-family: georgia, palatino, serif; font-size: 18pt;\">Para acessar a mat\u00e9ria no site da EFE, <span style=\"color: #0000ff;\"><a style=\"color: #0000ff;\" href=\"https:\/\/www.efe.com\/efe\/brasil\/brasil\/policia-de-israel-deteve-casal-brasileiro-com-50-capsulas-cocaina-no-corpo\/50000239-3668800\"><em><strong>clique aqui<\/strong><\/em><\/a><\/span>.<\/span><\/p>\n<p><img data-recalc-dims=\"1\" fetchpriority=\"high\" decoding=\"async\" data-attachment-id=\"14404\" data-permalink=\"https:\/\/gersonguelmann.com.br\/blog\/casal-brasileiro-preso-em-israel-com-50-capsulas-de-cocaina-no-corpo\/cocaina\/\" data-orig-file=\"https:\/\/i0.wp.com\/gersonguelmann.com.br\/blog\/wp-content\/uploads\/2018\/07\/Cocaina.jpg?fit=280%2C180&amp;ssl=1\" data-orig-size=\"280,180\" data-comments-opened=\"1\" data-image-meta=\"{&quot;aperture&quot;:&quot;0&quot;,&quot;credit&quot;:&quot;&quot;,&quot;camera&quot;:&quot;&quot;,&quot;caption&quot;:&quot;&quot;,&quot;created_timestamp&quot;:&quot;0&quot;,&quot;copyright&quot;:&quot;&quot;,&quot;focal_length&quot;:&quot;0&quot;,&quot;iso&quot;:&quot;0&quot;,&quot;shutter_speed&quot;:&quot;0&quot;,&quot;title&quot;:&quot;&quot;,&quot;orientation&quot;:&quot;0&quot;}\" data-image-title=\"Cocaina\" data-image-description=\"\" data-image-caption=\"\" data-medium-file=\"https:\/\/i0.wp.com\/gersonguelmann.com.br\/blog\/wp-content\/uploads\/2018\/07\/Cocaina.jpg?fit=280%2C180&amp;ssl=1\" data-large-file=\"https:\/\/i0.wp.com\/gersonguelmann.com.br\/blog\/wp-content\/uploads\/2018\/07\/Cocaina.jpg?fit=280%2C180&amp;ssl=1\" class=\"size-full wp-image-14404 aligncenter\" src=\"https:\/\/i0.wp.com\/gersonguelmann.com.br\/blog\/wp-content\/uploads\/2018\/07\/Cocaina.jpg?resize=280%2C180&#038;ssl=1\" alt=\"\" width=\"280\" height=\"180\" \/><\/p>\n<\/div>\n<div class=\"body clearfix\" role=\"main\">\n<div id=\"div_fuente_share\" class=\"fuente-share\">\n<div><\/div>\n<\/div>\n<\/div>\n<p>&nbsp;<\/p>\n","protected":false},"excerpt":{"rendered":"<p>Mat\u00e9ria divulgada hoje pela Ag\u00eancia EFE: ISRAEL JUSTI\u00c7A Pol\u00edcia de Israel deteve casal brasileiro com 50 c\u00e1psulas de coca\u00edna no corpo EFE\u00a0Jerusal\u00e9m2 jul 2018 A Pol\u00edcia de Israel tornou p\u00fablico nesta segunda-feira a deten\u00e7\u00e3o de um casal procedente do Brasil que tentou entrar no pa\u00eds com 50 pequenas c\u00e1psulas de coca\u00edna escondida dentro do corpo [&hellip;]<\/p>\n","protected":false},"author":5,"featured_media":14404,"comment_status":"open","ping_status":"open","sticky":false,"template":"","format":"standard","meta":{"_acf_changed":false,"jetpack_post_was_ever_published":false,"_jetpack_newsletter_access":"","_jetpack_dont_email_post_to_subs":false,"_jetpack_newsletter_tier_id":0,"_jetpack_memberships_contains_paywalled_content":false,"_jetpack_memberships_contains_paid_content":false,"footnotes":"","jetpack_publicize_message":"","jetpack_publicize_feature_enabled":true,"jetpack_social_post_already_shared":true,"jetpack_social_options":{"image_generator_settings":{"template":"highway","default_image_id":0,"font":"","enabled":false},"version":2}},"categories":[1],"tags":[],"class_list":["post-14402","post","type-post","status-publish","format-standard","has-post-thumbnail","hentry","category-sem-categoria"],"acf":[],"yoast_head":"<!-- This site is optimized with the Yoast SEO plugin v27.3 - https:\/\/yoast.com\/product\/yoast-seo-wordpress\/ -->\n<title>Casal Brasileiro Preso Em Israel Com 50 C\u00e1psulas de Coca\u00edna No Corpo | Blog do Guelmann<\/title>\n<meta name=\"robots\" content=\"index, follow, max-snippet:-1, max-image-preview:large, max-video-preview:-1\" \/>\n<link rel=\"canonical\" href=\"https:\/\/gersonguelmann.com.br\/blog\/casal-brasileiro-preso-em-israel-com-50-capsulas-de-cocaina-no-corpo\/\" \/>\n<meta property=\"og:locale\" content=\"pt_BR\" \/>\n<meta property=\"og:type\" content=\"article\" \/>\n<meta property=\"og:title\" content=\"Casal Brasileiro Preso Em Israel Com 50 C\u00e1psulas de Coca\u00edna No Corpo | Blog do Guelmann\" \/>\n<meta property=\"og:description\" content=\"Mat\u00e9ria divulgada hoje pela Ag\u00eancia EFE: ISRAEL JUSTI\u00c7A Pol\u00edcia de Israel deteve casal brasileiro com 50 c\u00e1psulas de coca\u00edna no corpo EFE\u00a0Jerusal\u00e9m2 jul 2018 A Pol\u00edcia de Israel tornou p\u00fablico nesta segunda-feira a deten\u00e7\u00e3o de um casal procedente do Brasil que tentou entrar no pa\u00eds com 50 pequenas c\u00e1psulas de coca\u00edna escondida dentro do corpo [&hellip;]\" \/>\n<meta property=\"og:url\" content=\"https:\/\/gersonguelmann.com.br\/blog\/casal-brasileiro-preso-em-israel-com-50-capsulas-de-cocaina-no-corpo\/\" \/>\n<meta property=\"og:site_name\" content=\"Blog do Guelmann\" \/>\n<meta property=\"article:published_time\" content=\"2018-07-02T18:41:55+00:00\" \/>\n<meta property=\"og:image\" content=\"https:\/\/i0.wp.com\/gersonguelmann.com.br\/blog\/wp-content\/uploads\/2018\/07\/Cocaina.jpg?fit=280%2C180&ssl=1\" \/>\n\t<meta property=\"og:image:width\" content=\"280\" \/>\n\t<meta property=\"og:image:height\" content=\"180\" \/>\n\t<meta property=\"og:image:type\" content=\"image\/jpeg\" \/>\n<meta name=\"author\" content=\"Gerson Guelmann\" \/>\n<meta name=\"twitter:card\" content=\"summary_large_image\" \/>\n<meta name=\"twitter:label1\" content=\"Escrito por\" \/>\n\t<meta name=\"twitter:data1\" content=\"Gerson Guelmann\" \/>\n\t<meta name=\"twitter:label2\" content=\"Est. tempo de leitura\" \/>\n\t<meta name=\"twitter:data2\" content=\"1 minuto\" \/>\n<script type=\"application\/ld+json\" class=\"yoast-schema-graph\">{\"@context\":\"https:\\\/\\\/schema.org\",\"@graph\":[{\"@type\":\"Article\",\"@id\":\"https:\\\/\\\/gersonguelmann.com.br\\\/blog\\\/casal-brasileiro-preso-em-israel-com-50-capsulas-de-cocaina-no-corpo\\\/#article\",\"isPartOf\":{\"@id\":\"https:\\\/\\\/gersonguelmann.com.br\\\/blog\\\/casal-brasileiro-preso-em-israel-com-50-capsulas-de-cocaina-no-corpo\\\/\"},\"author\":{\"name\":\"Gerson Guelmann\",\"@id\":\"https:\\\/\\\/gersonguelmann.com.br\\\/blog\\\/#\\\/schema\\\/person\\\/87e70e2a786888082f941a482c90569e\"},\"headline\":\"Casal Brasileiro Preso Em Israel Com 50 C\u00e1psulas de Coca\u00edna No Corpo\",\"datePublished\":\"2018-07-02T18:41:55+00:00\",\"mainEntityOfPage\":{\"@id\":\"https:\\\/\\\/gersonguelmann.com.br\\\/blog\\\/casal-brasileiro-preso-em-israel-com-50-capsulas-de-cocaina-no-corpo\\\/\"},\"wordCount\":270,\"commentCount\":0,\"image\":{\"@id\":\"https:\\\/\\\/gersonguelmann.com.br\\\/blog\\\/casal-brasileiro-preso-em-israel-com-50-capsulas-de-cocaina-no-corpo\\\/#primaryimage\"},\"thumbnailUrl\":\"https:\\\/\\\/i0.wp.com\\\/gersonguelmann.com.br\\\/blog\\\/wp-content\\\/uploads\\\/2018\\\/07\\\/Cocaina.jpg?fit=280%2C180&ssl=1\",\"inLanguage\":\"pt-BR\",\"potentialAction\":[{\"@type\":\"CommentAction\",\"name\":\"Comment\",\"target\":[\"https:\\\/\\\/gersonguelmann.com.br\\\/blog\\\/casal-brasileiro-preso-em-israel-com-50-capsulas-de-cocaina-no-corpo\\\/#respond\"]}]},{\"@type\":\"WebPage\",\"@id\":\"https:\\\/\\\/gersonguelmann.com.br\\\/blog\\\/casal-brasileiro-preso-em-israel-com-50-capsulas-de-cocaina-no-corpo\\\/\",\"url\":\"https:\\\/\\\/gersonguelmann.com.br\\\/blog\\\/casal-brasileiro-preso-em-israel-com-50-capsulas-de-cocaina-no-corpo\\\/\",\"name\":\"Casal Brasileiro Preso Em Israel Com 50 C\u00e1psulas de Coca\u00edna No Corpo | Blog do Guelmann\",\"isPartOf\":{\"@id\":\"https:\\\/\\\/gersonguelmann.com.br\\\/blog\\\/#website\"},\"primaryImageOfPage\":{\"@id\":\"https:\\\/\\\/gersonguelmann.com.br\\\/blog\\\/casal-brasileiro-preso-em-israel-com-50-capsulas-de-cocaina-no-corpo\\\/#primaryimage\"},\"image\":{\"@id\":\"https:\\\/\\\/gersonguelmann.com.br\\\/blog\\\/casal-brasileiro-preso-em-israel-com-50-capsulas-de-cocaina-no-corpo\\\/#primaryimage\"},\"thumbnailUrl\":\"https:\\\/\\\/i0.wp.com\\\/gersonguelmann.com.br\\\/blog\\\/wp-content\\\/uploads\\\/2018\\\/07\\\/Cocaina.jpg?fit=280%2C180&ssl=1\",\"datePublished\":\"2018-07-02T18:41:55+00:00\",\"author\":{\"@id\":\"https:\\\/\\\/gersonguelmann.com.br\\\/blog\\\/#\\\/schema\\\/person\\\/87e70e2a786888082f941a482c90569e\"},\"inLanguage\":\"pt-BR\",\"potentialAction\":[{\"@type\":\"ReadAction\",\"target\":[\"https:\\\/\\\/gersonguelmann.com.br\\\/blog\\\/casal-brasileiro-preso-em-israel-com-50-capsulas-de-cocaina-no-corpo\\\/\"]}]},{\"@type\":\"ImageObject\",\"inLanguage\":\"pt-BR\",\"@id\":\"https:\\\/\\\/gersonguelmann.com.br\\\/blog\\\/casal-brasileiro-preso-em-israel-com-50-capsulas-de-cocaina-no-corpo\\\/#primaryimage\",\"url\":\"https:\\\/\\\/i0.wp.com\\\/gersonguelmann.com.br\\\/blog\\\/wp-content\\\/uploads\\\/2018\\\/07\\\/Cocaina.jpg?fit=280%2C180&ssl=1\",\"contentUrl\":\"https:\\\/\\\/i0.wp.com\\\/gersonguelmann.com.br\\\/blog\\\/wp-content\\\/uploads\\\/2018\\\/07\\\/Cocaina.jpg?fit=280%2C180&ssl=1\",\"width\":280,\"height\":180},{\"@type\":\"WebSite\",\"@id\":\"https:\\\/\\\/gersonguelmann.com.br\\\/blog\\\/#website\",\"url\":\"https:\\\/\\\/gersonguelmann.com.br\\\/blog\\\/\",\"name\":\"Blog do Guelmann\",\"description\":\"Pitadas da sabedoria e do humor judaicos, assuntos do momento e um pouco das hist\u00f3rias que vivi e testemunhei.\",\"potentialAction\":[{\"@type\":\"SearchAction\",\"target\":{\"@type\":\"EntryPoint\",\"urlTemplate\":\"https:\\\/\\\/gersonguelmann.com.br\\\/blog\\\/?s={search_term_string}\"},\"query-input\":{\"@type\":\"PropertyValueSpecification\",\"valueRequired\":true,\"valueName\":\"search_term_string\"}}],\"inLanguage\":\"pt-BR\"},{\"@type\":\"Person\",\"@id\":\"https:\\\/\\\/gersonguelmann.com.br\\\/blog\\\/#\\\/schema\\\/person\\\/87e70e2a786888082f941a482c90569e\",\"name\":\"Gerson Guelmann\",\"image\":{\"@type\":\"ImageObject\",\"inLanguage\":\"pt-BR\",\"@id\":\"https:\\\/\\\/i0.wp.com\\\/gersonguelmann.com.br\\\/blog\\\/wp-content\\\/uploads\\\/2021\\\/08\\\/BLOG.jpeg?fit=96%2C96&ssl=1\",\"url\":\"https:\\\/\\\/i0.wp.com\\\/gersonguelmann.com.br\\\/blog\\\/wp-content\\\/uploads\\\/2021\\\/08\\\/BLOG.jpeg?fit=96%2C96&ssl=1\",\"contentUrl\":\"https:\\\/\\\/i0.wp.com\\\/gersonguelmann.com.br\\\/blog\\\/wp-content\\\/uploads\\\/2021\\\/08\\\/BLOG.jpeg?fit=96%2C96&ssl=1\",\"caption\":\"Gerson Guelmann\"},\"description\":\"Pitadas da sabedoria e do humor judaicos, assuntos do momento e um pouco das hist\u00f3rias que vivi e testemunhei.\"}]}<\/script>\n<!-- \/ Yoast SEO plugin. -->","yoast_head_json":{"title":"Casal Brasileiro Preso Em Israel Com 50 C\u00e1psulas de Coca\u00edna No Corpo | Blog do Guelmann","robots":{"index":"index","follow":"follow","max-snippet":"max-snippet:-1","max-image-preview":"max-image-preview:large","max-video-preview":"max-video-preview:-1"},"canonical":"https:\/\/gersonguelmann.com.br\/blog\/casal-brasileiro-preso-em-israel-com-50-capsulas-de-cocaina-no-corpo\/","og_locale":"pt_BR","og_type":"article","og_title":"Casal Brasileiro Preso Em Israel Com 50 C\u00e1psulas de Coca\u00edna No Corpo | Blog do Guelmann","og_description":"Mat\u00e9ria divulgada hoje pela Ag\u00eancia EFE: ISRAEL JUSTI\u00c7A Pol\u00edcia de Israel deteve casal brasileiro com 50 c\u00e1psulas de coca\u00edna no corpo EFE\u00a0Jerusal\u00e9m2 jul 2018 A Pol\u00edcia de Israel tornou p\u00fablico nesta segunda-feira a deten\u00e7\u00e3o de um casal procedente do Brasil que tentou entrar no pa\u00eds com 50 pequenas c\u00e1psulas de coca\u00edna escondida dentro do corpo [&hellip;]","og_url":"https:\/\/gersonguelmann.com.br\/blog\/casal-brasileiro-preso-em-israel-com-50-capsulas-de-cocaina-no-corpo\/","og_site_name":"Blog do Guelmann","article_published_time":"2018-07-02T18:41:55+00:00","og_image":[{"width":280,"height":180,"url":"https:\/\/i0.wp.com\/gersonguelmann.com.br\/blog\/wp-content\/uploads\/2018\/07\/Cocaina.jpg?fit=280%2C180&ssl=1","type":"image\/jpeg"}],"author":"Gerson Guelmann","twitter_card":"summary_large_image","twitter_misc":{"Escrito por":"Gerson Guelmann","Est. tempo de leitura":"1 minuto"},"schema":{"@context":"https:\/\/schema.org","@graph":[{"@type":"Article","@id":"https:\/\/gersonguelmann.com.br\/blog\/casal-brasileiro-preso-em-israel-com-50-capsulas-de-cocaina-no-corpo\/#article","isPartOf":{"@id":"https:\/\/gersonguelmann.com.br\/blog\/casal-brasileiro-preso-em-israel-com-50-capsulas-de-cocaina-no-corpo\/"},"author":{"name":"Gerson Guelmann","@id":"https:\/\/gersonguelmann.com.br\/blog\/#\/schema\/person\/87e70e2a786888082f941a482c90569e"},"headline":"Casal Brasileiro Preso Em Israel Com 50 C\u00e1psulas de Coca\u00edna No Corpo","datePublished":"2018-07-02T18:41:55+00:00","mainEntityOfPage":{"@id":"https:\/\/gersonguelmann.com.br\/blog\/casal-brasileiro-preso-em-israel-com-50-capsulas-de-cocaina-no-corpo\/"},"wordCount":270,"commentCount":0,"image":{"@id":"https:\/\/gersonguelmann.com.br\/blog\/casal-brasileiro-preso-em-israel-com-50-capsulas-de-cocaina-no-corpo\/#primaryimage"},"thumbnailUrl":"https:\/\/i0.wp.com\/gersonguelmann.com.br\/blog\/wp-content\/uploads\/2018\/07\/Cocaina.jpg?fit=280%2C180&ssl=1","inLanguage":"pt-BR","potentialAction":[{"@type":"CommentAction","name":"Comment","target":["https:\/\/gersonguelmann.com.br\/blog\/casal-brasileiro-preso-em-israel-com-50-capsulas-de-cocaina-no-corpo\/#respond"]}]},{"@type":"WebPage","@id":"https:\/\/gersonguelmann.com.br\/blog\/casal-brasileiro-preso-em-israel-com-50-capsulas-de-cocaina-no-corpo\/","url":"https:\/\/gersonguelmann.com.br\/blog\/casal-brasileiro-preso-em-israel-com-50-capsulas-de-cocaina-no-corpo\/","name":"Casal Brasileiro Preso Em Israel Com 50 C\u00e1psulas de Coca\u00edna No Corpo | Blog do Guelmann","isPartOf":{"@id":"https:\/\/gersonguelmann.com.br\/blog\/#website"},"primaryImageOfPage":{"@id":"https:\/\/gersonguelmann.com.br\/blog\/casal-brasileiro-preso-em-israel-com-50-capsulas-de-cocaina-no-corpo\/#primaryimage"},"image":{"@id":"https:\/\/gersonguelmann.com.br\/blog\/casal-brasileiro-preso-em-israel-com-50-capsulas-de-cocaina-no-corpo\/#primaryimage"},"thumbnailUrl":"https:\/\/i0.wp.com\/gersonguelmann.com.br\/blog\/wp-content\/uploads\/2018\/07\/Cocaina.jpg?fit=280%2C180&ssl=1","datePublished":"2018-07-02T18:41:55+00:00","author":{"@id":"https:\/\/gersonguelmann.com.br\/blog\/#\/schema\/person\/87e70e2a786888082f941a482c90569e"},"inLanguage":"pt-BR","potentialAction":[{"@type":"ReadAction","target":["https:\/\/gersonguelmann.com.br\/blog\/casal-brasileiro-preso-em-israel-com-50-capsulas-de-cocaina-no-corpo\/"]}]},{"@type":"ImageObject","inLanguage":"pt-BR","@id":"https:\/\/gersonguelmann.com.br\/blog\/casal-brasileiro-preso-em-israel-com-50-capsulas-de-cocaina-no-corpo\/#primaryimage","url":"https:\/\/i0.wp.com\/gersonguelmann.com.br\/blog\/wp-content\/uploads\/2018\/07\/Cocaina.jpg?fit=280%2C180&ssl=1","contentUrl":"https:\/\/i0.wp.com\/gersonguelmann.com.br\/blog\/wp-content\/uploads\/2018\/07\/Cocaina.jpg?fit=280%2C180&ssl=1","width":280,"height":180},{"@type":"WebSite","@id":"https:\/\/gersonguelmann.com.br\/blog\/#website","url":"https:\/\/gersonguelmann.com.br\/blog\/","name":"Blog do Guelmann","description":"Pitadas da sabedoria e do humor judaicos, assuntos do momento e um pouco das hist\u00f3rias que vivi e testemunhei.","potentialAction":[{"@type":"SearchAction","target":{"@type":"EntryPoint","urlTemplate":"https:\/\/gersonguelmann.com.br\/blog\/?s={search_term_string}"},"query-input":{"@type":"PropertyValueSpecification","valueRequired":true,"valueName":"search_term_string"}}],"inLanguage":"pt-BR"},{"@type":"Person","@id":"https:\/\/gersonguelmann.com.br\/blog\/#\/schema\/person\/87e70e2a786888082f941a482c90569e","name":"Gerson Guelmann","image":{"@type":"ImageObject","inLanguage":"pt-BR","@id":"https:\/\/i0.wp.com\/gersonguelmann.com.br\/blog\/wp-content\/uploads\/2021\/08\/BLOG.jpeg?fit=96%2C96&ssl=1","url":"https:\/\/i0.wp.com\/gersonguelmann.com.br\/blog\/wp-content\/uploads\/2021\/08\/BLOG.jpeg?fit=96%2C96&ssl=1","contentUrl":"https:\/\/i0.wp.com\/gersonguelmann.com.br\/blog\/wp-content\/uploads\/2021\/08\/BLOG.jpeg?fit=96%2C96&ssl=1","caption":"Gerson Guelmann"},"description":"Pitadas da sabedoria e do humor judaicos, assuntos do momento e um pouco das hist\u00f3rias que vivi e testemunhei."}]}},"views":29,"jetpack_publicize_connections":[],"jetpack_featured_media_url":"https:\/\/i0.wp.com\/gersonguelmann.com.br\/blog\/wp-content\/uploads\/2018\/07\/Cocaina.jpg?fit=280%2C180&ssl=1","jetpack_shortlink":"https:\/\/wp.me\/p96e7O-3Ki","jetpack-related-posts":[{"id":17192,"url":"https:\/\/gersonguelmann.com.br\/blog\/premio-einstein-da-estupidez-para-a-mula-da-cocaina\/","url_meta":{"origin":14402,"position":0},"title":"Pr\u00eamio Einstein da Estupidez Para a Mula da Coca\u00edna","author":"Gerson Guelmann","date":"26 de junho de 2019","format":false,"excerpt":"O caso do militar que aproveitou o voo de uma aeronave da FAB para transportar quase 40k de coca\u00edna para a Europa me fez pensar na famosa frase de Einstein: - \"Duas coisas s\u00e3o infinitas: o universo e a estupidez humana. Mas, em rela\u00e7\u00e3o ao universo, ainda n\u00e3o tenho certeza\u2026","rel":"","context":"Em &quot;Sem categoria&quot;","block_context":{"text":"Sem categoria","link":"https:\/\/gersonguelmann.com.br\/blog\/category\/sem-categoria\/"},"img":{"alt_text":"","src":"https:\/\/i0.wp.com\/gersonguelmann.com.br\/blog\/wp-content\/uploads\/2019\/06\/Burro.jpeg?fit=1200%2C900&ssl=1&resize=350%2C200","width":350,"height":200,"srcset":"https:\/\/i0.wp.com\/gersonguelmann.com.br\/blog\/wp-content\/uploads\/2019\/06\/Burro.jpeg?fit=1200%2C900&ssl=1&resize=350%2C200 1x, https:\/\/i0.wp.com\/gersonguelmann.com.br\/blog\/wp-content\/uploads\/2019\/06\/Burro.jpeg?fit=1200%2C900&ssl=1&resize=525%2C300 1.5x, https:\/\/i0.wp.com\/gersonguelmann.com.br\/blog\/wp-content\/uploads\/2019\/06\/Burro.jpeg?fit=1200%2C900&ssl=1&resize=700%2C400 2x, https:\/\/i0.wp.com\/gersonguelmann.com.br\/blog\/wp-content\/uploads\/2019\/06\/Burro.jpeg?fit=1200%2C900&ssl=1&resize=1050%2C600 3x"},"classes":[]},{"id":13431,"url":"https:\/\/gersonguelmann.com.br\/blog\/israel-constroi-barreira-submarina\/","url_meta":{"origin":14402,"position":1},"title":"Israel Constr\u00f3i Barreira Submarina","author":"Gerson Guelmann","date":"28 de maio de 2018","format":false,"excerpt":"Mat\u00e9ria publicada no site da Ag\u00eancia EFE Not\u00edcias: ISRAEL GAZA Israel inicia constru\u00e7\u00e3o de barreira submarina com Gaza EFE\u00a0Jerusal\u00e9m\u00a027 mai 2018 Israel iniciou neste domingo os trabalhos de constru\u00e7\u00e3o de uma barreira submarina na delimita\u00e7\u00e3o mar\u00edtima com a Faixa de Gaza a fim de \"prevenir infiltra\u00e7\u00f5es\", anunciou o Minist\u00e9rio de\u2026","rel":"","context":"Em &quot;Sem categoria&quot;","block_context":{"text":"Sem categoria","link":"https:\/\/gersonguelmann.com.br\/blog\/category\/sem-categoria\/"},"img":{"alt_text":"","src":"https:\/\/i0.wp.com\/gersonguelmann.com.br\/blog\/wp-content\/uploads\/2018\/05\/download-1-3.jpg?resize=350%2C200&ssl=1","width":350,"height":200},"classes":[]},{"id":16279,"url":"https:\/\/gersonguelmann.com.br\/blog\/com-beresheet-israel-entra-na-orbita-lunar\/","url_meta":{"origin":14402,"position":2},"title":"Com Beresheet, Israel Entra na \u00d3rbita Lunar","author":"Gerson Guelmann","date":"4 de abril de 2019","format":false,"excerpt":"Da Ag\u00eancia EFE: ISRAEL ESPA\u00c7O M\u00f3dulo espacial israelense Beresheet entra com sucesso na \u00f3rbita lunar EFE Jerusal\u00e9m 4 abr 2019 O m\u00f3dulo espacial Beresheet (que significa \"G\u00eanesis\" em hebraico), desenvolvido por Israel, entrou nesta quinta-feira com sucesso na \u00f3rbita lunar, a manobra mais cr\u00edtica em seu caminho rumo \u00e0 Lua\u2026","rel":"","context":"Em &quot;Sem categoria&quot;","block_context":{"text":"Sem categoria","link":"https:\/\/gersonguelmann.com.br\/blog\/category\/sem-categoria\/"},"img":{"alt_text":"","src":"https:\/\/i0.wp.com\/gersonguelmann.com.br\/blog\/wp-content\/uploads\/2019\/04\/Beresheet.jpg?fit=1200%2C800&ssl=1&resize=350%2C200","width":350,"height":200,"srcset":"https:\/\/i0.wp.com\/gersonguelmann.com.br\/blog\/wp-content\/uploads\/2019\/04\/Beresheet.jpg?fit=1200%2C800&ssl=1&resize=350%2C200 1x, https:\/\/i0.wp.com\/gersonguelmann.com.br\/blog\/wp-content\/uploads\/2019\/04\/Beresheet.jpg?fit=1200%2C800&ssl=1&resize=525%2C300 1.5x, https:\/\/i0.wp.com\/gersonguelmann.com.br\/blog\/wp-content\/uploads\/2019\/04\/Beresheet.jpg?fit=1200%2C800&ssl=1&resize=700%2C400 2x, https:\/\/i0.wp.com\/gersonguelmann.com.br\/blog\/wp-content\/uploads\/2019\/04\/Beresheet.jpg?fit=1200%2C800&ssl=1&resize=1050%2C600 3x"},"classes":[]},{"id":20269,"url":"https:\/\/gersonguelmann.com.br\/blog\/coisas-da-covid-19-apanhou-porque-tossiu\/","url_meta":{"origin":14402,"position":3},"title":"Coisas da Covid-19: Apanhou Porque Tossiu","author":"Gerson Guelmann","date":"11 de dezembro de 2020","format":false,"excerpt":"Foto: Unsplash - Marek Studzinski Que o mundo n\u00e3o ser\u00e1 o mesmo ap\u00f3s o fim da pandemia, n\u00e3o h\u00e1 d\u00favida. O ano de 2020 deixar\u00e1 marcas profundas em nossos h\u00e1bitos e na forma como nos relacionamos. Acredito (e espero) que ap\u00f3s termos passado pelo pior, aprenderemos com os erros e\u2026","rel":"","context":"Em &quot;Sem categoria&quot;","block_context":{"text":"Sem categoria","link":"https:\/\/gersonguelmann.com.br\/blog\/category\/sem-categoria\/"},"img":{"alt_text":"","src":"https:\/\/i0.wp.com\/gersonguelmann.com.br\/blog\/wp-content\/uploads\/2020\/12\/BRIGA.jpg?fit=415%2C501&ssl=1&resize=350%2C200","width":350,"height":200},"classes":[]},{"id":17207,"url":"https:\/\/gersonguelmann.com.br\/blog\/afinal-o-raio-x-dos-aeroportos-e-so-para-os-mortais\/","url_meta":{"origin":14402,"position":4},"title":"Afinal o Raio-X dos Aeroportos \u00e9 S\u00f3 Para Os Mortais?","author":"Gerson Guelmann","date":"26 de junho de 2019","format":false,"excerpt":"Ainda sobre o incidente da coca\u00edna transportada pelo militar que acompanharia a viagem presidencial ao Jap\u00e3o (comentei sobre isso mais cedo), me ocorreu uma coisa: - a obrigatoriedade de passagem das bagagens pelo raio-x \u00e9 apenas para os cidad\u00e3os comuns? Os que viajam \u00e0 trabalho na comitiva das autoridades est\u00e3o\u2026","rel":"","context":"Em &quot;Sem categoria&quot;","block_context":{"text":"Sem categoria","link":"https:\/\/gersonguelmann.com.br\/blog\/category\/sem-categoria\/"},"img":{"alt_text":"","src":"https:\/\/i0.wp.com\/gersonguelmann.com.br\/blog\/wp-content\/uploads\/2019\/06\/Aeroporto.jpg?fit=500%2C334&ssl=1&resize=350%2C200","width":350,"height":200},"classes":[]},{"id":10330,"url":"https:\/\/gersonguelmann.com.br\/blog\/as-balas-que-mataram-a-vereadora-e-o-teu-sedex-que-nao-chegou\/","url_meta":{"origin":14402,"position":5},"title":"As Balas Que Mataram a Vereadora e o Teu Sedex Que N\u00e3o Chegou","author":"Gerson Guelmann","date":"18 de mar\u00e7o de 2018","format":false,"excerpt":"Dias atr\u00e1s recebi uma mensagem por WhatsApp que dizia que o governo federal conseguiu a fa\u00e7anha de quebrar os Correios, uma empresa centen\u00e1ria que tinha um mercado cativo, sem concorr\u00eancia, e era um modelo de efici\u00eancia.\u00a0 Lembrei disso ao ler o resultado inicial da per\u00edcia sobre a muni\u00e7\u00e3o usada no\u2026","rel":"","context":"Em &quot;Sem categoria&quot;","block_context":{"text":"Sem categoria","link":"https:\/\/gersonguelmann.com.br\/blog\/category\/sem-categoria\/"},"img":{"alt_text":"","src":"https:\/\/i0.wp.com\/gersonguelmann.com.br\/blog\/wp-content\/uploads\/2018\/03\/9mm.jpg?fit=750%2C400&ssl=1&resize=350%2C200","width":350,"height":200,"srcset":"https:\/\/i0.wp.com\/gersonguelmann.com.br\/blog\/wp-content\/uploads\/2018\/03\/9mm.jpg?fit=750%2C400&ssl=1&resize=350%2C200 1x, https:\/\/i0.wp.com\/gersonguelmann.com.br\/blog\/wp-content\/uploads\/2018\/03\/9mm.jpg?fit=750%2C400&ssl=1&resize=525%2C300 1.5x, https:\/\/i0.wp.com\/gersonguelmann.com.br\/blog\/wp-content\/uploads\/2018\/03\/9mm.jpg?fit=750%2C400&ssl=1&resize=700%2C400 2x"},"classes":[]}],"jetpack_sharing_enabled":true,"post_mailing_queue_ids":[],"_links":{"self":[{"href":"https:\/\/gersonguelmann.com.br\/blog\/wp-json\/wp\/v2\/posts\/14402","targetHints":{"allow":["GET"]}}],"collection":[{"href":"https:\/\/gersonguelmann.com.br\/blog\/wp-json\/wp\/v2\/posts"}],"about":[{"href":"https:\/\/gersonguelmann.com.br\/blog\/wp-json\/wp\/v2\/types\/post"}],"author":[{"embeddable":true,"href":"https:\/\/gersonguelmann.com.br\/blog\/wp-json\/wp\/v2\/users\/5"}],"replies":[{"embeddable":true,"href":"https:\/\/gersonguelmann.com.br\/blog\/wp-json\/wp\/v2\/comments?post=14402"}],"version-history":[{"count":0,"href":"https:\/\/gersonguelmann.com.br\/blog\/wp-json\/wp\/v2\/posts\/14402\/revisions"}],"wp:featuredmedia":[{"embeddable":true,"href":"https:\/\/gersonguelmann.com.br\/blog\/wp-json\/wp\/v2\/media\/14404"}],"wp:attachment":[{"href":"https:\/\/gersonguelmann.com.br\/blog\/wp-json\/wp\/v2\/media?parent=14402"}],"wp:term":[{"taxonomy":"category","embeddable":true,"href":"https:\/\/gersonguelmann.com.br\/blog\/wp-json\/wp\/v2\/categories?post=14402"},{"taxonomy":"post_tag","embeddable":true,"href":"https:\/\/gersonguelmann.com.br\/blog\/wp-json\/wp\/v2\/tags?post=14402"}],"curies":[{"name":"wp","href":"https:\/\/api.w.org\/{rel}","templated":true}]}}