    {"id":14429,"date":"2018-07-02T21:30:06","date_gmt":"2018-07-03T00:30:06","guid":{"rendered":"https:\/\/gersonguelmann.com.br\/blog\/?p=14429"},"modified":"2018-07-02T21:30:06","modified_gmt":"2018-07-03T00:30:06","slug":"dirceu-sem-tornozoleira-toffoli-mandou-tirar","status":"publish","type":"post","link":"https:\/\/gersonguelmann.com.br\/blog\/dirceu-sem-tornozoleira-toffoli-mandou-tirar\/","title":{"rendered":"Dirceu sem Tornozoleira. Toffoli Mandou Tirar."},"content":{"rendered":"<p><span style=\"color: #000000; font-family: georgia, palatino, serif; font-size: 18pt;\">D\u00b4O Antagonista:<\/span><\/p>\n<header class=\"entry-header\">\n<p id=\"single-title\" class=\"entry-title\"><span style=\"font-size: 24pt;\"><strong><span style=\"color: #000000;\">TOFFOLI TIRA TORNOZELEIRA DE DIRCEU<\/span><\/strong><\/span><\/p>\n<p><span style=\"color: #000000;\"><span class=\"postmeta\"><span class=\"categoria\">Brasil<\/span>\u00a0<time class=\"entry-date published\" datetime=\"2018-07-02 21:18:52\">02.07.18 21:18<\/time><\/span><\/span><\/p>\n<hr \/>\n<\/header>\n<div id=\"entry-text-post\" class=\"entry-content\">\n<p><span style=\"color: #000000; font-size: 14pt;\">Dias Toffoli acaba de derrubar a decis\u00e3o de Sergio Moro que imp\u00f4s ao ex-ministro Jos\u00e9 Dirceu o uso de tornozeleira eletr\u00f4nica, ap\u00f3s ser libertado pela Segunda Turma.<\/span><\/p>\n<p><span style=\"color: #000000; font-size: 14pt;\">Na sexta-feira, Moro determinou que Dirceu fosse a Curitiba para a coloca\u00e7\u00e3o do mecanismo.<\/span><\/p>\n<p><span style=\"color: #000000; font-size: 14pt;\">Mas Toffoli, ex-assessor do pr\u00f3prio condenado, disse que a decis\u00e3o da Segundona \u201cem nenhum momento restabeleceu a pris\u00e3o provis\u00f3ria, tratando-se de pris\u00e3o-pena, a qual foi suspensa para assegurar a liberdade plena\u201d.<\/span><\/p>\n<p><span style=\"color: #000000; font-family: georgia, palatino, serif; font-size: 18pt;\">Se quiser se irritar no original, <span style=\"color: #0000ff;\"><a style=\"color: #0000ff;\" href=\"https:\/\/www.oantagonista.com\/brasil\/toffoli-tira-tornozeleira-de-dirceu\/\"><em><strong>clique aqui<\/strong><\/em><\/a><\/span>.<\/span><\/p>\n<p><img data-recalc-dims=\"1\" decoding=\"async\" data-attachment-id=\"14430\" data-permalink=\"https:\/\/gersonguelmann.com.br\/blog\/dirceu-sem-tornozoleira-toffoli-mandou-tirar\/download-75\/\" data-orig-file=\"https:\/\/i0.wp.com\/gersonguelmann.com.br\/blog\/wp-content\/uploads\/2018\/07\/download.jpg?fit=310%2C163&amp;ssl=1\" data-orig-size=\"310,163\" data-comments-opened=\"1\" data-image-meta=\"{&quot;aperture&quot;:&quot;0&quot;,&quot;credit&quot;:&quot;&quot;,&quot;camera&quot;:&quot;&quot;,&quot;caption&quot;:&quot;&quot;,&quot;created_timestamp&quot;:&quot;0&quot;,&quot;copyright&quot;:&quot;&quot;,&quot;focal_length&quot;:&quot;0&quot;,&quot;iso&quot;:&quot;0&quot;,&quot;shutter_speed&quot;:&quot;0&quot;,&quot;title&quot;:&quot;&quot;,&quot;orientation&quot;:&quot;0&quot;}\" data-image-title=\"download\" data-image-description=\"\" data-image-caption=\"\" data-medium-file=\"https:\/\/i0.wp.com\/gersonguelmann.com.br\/blog\/wp-content\/uploads\/2018\/07\/download.jpg?fit=300%2C158&amp;ssl=1\" data-large-file=\"https:\/\/i0.wp.com\/gersonguelmann.com.br\/blog\/wp-content\/uploads\/2018\/07\/download.jpg?fit=310%2C163&amp;ssl=1\" class=\"size-medium wp-image-14430 aligncenter\" src=\"https:\/\/i0.wp.com\/gersonguelmann.com.br\/blog\/wp-content\/uploads\/2018\/07\/download.jpg?resize=300%2C158&#038;ssl=1\" alt=\"\" width=\"300\" height=\"158\" srcset=\"https:\/\/i0.wp.com\/gersonguelmann.com.br\/blog\/wp-content\/uploads\/2018\/07\/download.jpg?resize=300%2C158&amp;ssl=1 300w, https:\/\/i0.wp.com\/gersonguelmann.com.br\/blog\/wp-content\/uploads\/2018\/07\/download.jpg?w=310&amp;ssl=1 310w\" sizes=\"(max-width: 300px) 100vw, 300px\" \/><\/p>\n<p>&nbsp;<\/p>\n<\/div>\n","protected":false},"excerpt":{"rendered":"<p>D\u00b4O Antagonista: TOFFOLI TIRA TORNOZELEIRA DE DIRCEU Brasil\u00a002.07.18 21:18 Dias Toffoli acaba de derrubar a decis\u00e3o de Sergio Moro que imp\u00f4s ao ex-ministro Jos\u00e9 Dirceu o uso de tornozeleira eletr\u00f4nica, ap\u00f3s ser libertado pela Segunda Turma. Na sexta-feira, Moro determinou que Dirceu fosse a Curitiba para a coloca\u00e7\u00e3o do mecanismo. Mas Toffoli, ex-assessor do pr\u00f3prio [&hellip;]<\/p>\n","protected":false},"author":5,"featured_media":14430,"comment_status":"open","ping_status":"open","sticky":false,"template":"","format":"standard","meta":{"_acf_changed":false,"jetpack_post_was_ever_published":false,"_jetpack_newsletter_access":"","_jetpack_dont_email_post_to_subs":false,"_jetpack_newsletter_tier_id":0,"_jetpack_memberships_contains_paywalled_content":false,"_jetpack_memberships_contains_paid_content":false,"footnotes":"","jetpack_publicize_message":"","jetpack_publicize_feature_enabled":true,"jetpack_social_post_already_shared":true,"jetpack_social_options":{"image_generator_settings":{"template":"highway","default_image_id":0,"font":"","enabled":false},"version":2}},"categories":[1],"tags":[],"class_list":["post-14429","post","type-post","status-publish","format-standard","has-post-thumbnail","hentry","category-sem-categoria"],"acf":[],"yoast_head":"<!-- This site is optimized with the Yoast SEO plugin v27.3 - https:\/\/yoast.com\/product\/yoast-seo-wordpress\/ -->\n<title>Dirceu sem Tornozoleira. Toffoli Mandou Tirar. | Blog do Guelmann<\/title>\n<meta name=\"robots\" content=\"index, follow, max-snippet:-1, max-image-preview:large, max-video-preview:-1\" \/>\n<link rel=\"canonical\" href=\"https:\/\/gersonguelmann.com.br\/blog\/dirceu-sem-tornozoleira-toffoli-mandou-tirar\/\" \/>\n<meta property=\"og:locale\" content=\"pt_BR\" \/>\n<meta property=\"og:type\" content=\"article\" \/>\n<meta property=\"og:title\" content=\"Dirceu sem Tornozoleira. Toffoli Mandou Tirar. | Blog do Guelmann\" \/>\n<meta property=\"og:description\" content=\"D\u00b4O Antagonista: TOFFOLI TIRA TORNOZELEIRA DE DIRCEU Brasil\u00a002.07.18 21:18 Dias Toffoli acaba de derrubar a decis\u00e3o de Sergio Moro que imp\u00f4s ao ex-ministro Jos\u00e9 Dirceu o uso de tornozeleira eletr\u00f4nica, ap\u00f3s ser libertado pela Segunda Turma. Na sexta-feira, Moro determinou que Dirceu fosse a Curitiba para a coloca\u00e7\u00e3o do mecanismo. Mas Toffoli, ex-assessor do pr\u00f3prio [&hellip;]\" \/>\n<meta property=\"og:url\" content=\"https:\/\/gersonguelmann.com.br\/blog\/dirceu-sem-tornozoleira-toffoli-mandou-tirar\/\" \/>\n<meta property=\"og:site_name\" content=\"Blog do Guelmann\" \/>\n<meta property=\"article:published_time\" content=\"2018-07-03T00:30:06+00:00\" \/>\n<meta property=\"og:image\" content=\"https:\/\/i0.wp.com\/gersonguelmann.com.br\/blog\/wp-content\/uploads\/2018\/07\/download.jpg?fit=310%2C163&ssl=1\" \/>\n\t<meta property=\"og:image:width\" content=\"310\" \/>\n\t<meta property=\"og:image:height\" content=\"163\" \/>\n\t<meta property=\"og:image:type\" content=\"image\/jpeg\" \/>\n<meta name=\"author\" content=\"Gerson Guelmann\" \/>\n<meta name=\"twitter:card\" content=\"summary_large_image\" \/>\n<meta name=\"twitter:label1\" content=\"Escrito por\" \/>\n\t<meta name=\"twitter:data1\" content=\"Gerson Guelmann\" \/>\n\t<meta name=\"twitter:label2\" content=\"Est. tempo de leitura\" \/>\n\t<meta name=\"twitter:data2\" content=\"1 minuto\" \/>\n<script type=\"application\/ld+json\" class=\"yoast-schema-graph\">{\"@context\":\"https:\\\/\\\/schema.org\",\"@graph\":[{\"@type\":\"Article\",\"@id\":\"https:\\\/\\\/gersonguelmann.com.br\\\/blog\\\/dirceu-sem-tornozoleira-toffoli-mandou-tirar\\\/#article\",\"isPartOf\":{\"@id\":\"https:\\\/\\\/gersonguelmann.com.br\\\/blog\\\/dirceu-sem-tornozoleira-toffoli-mandou-tirar\\\/\"},\"author\":{\"name\":\"Gerson Guelmann\",\"@id\":\"https:\\\/\\\/gersonguelmann.com.br\\\/blog\\\/#\\\/schema\\\/person\\\/87e70e2a786888082f941a482c90569e\"},\"headline\":\"Dirceu sem Tornozoleira. Toffoli Mandou Tirar.\",\"datePublished\":\"2018-07-03T00:30:06+00:00\",\"mainEntityOfPage\":{\"@id\":\"https:\\\/\\\/gersonguelmann.com.br\\\/blog\\\/dirceu-sem-tornozoleira-toffoli-mandou-tirar\\\/\"},\"wordCount\":106,\"commentCount\":0,\"image\":{\"@id\":\"https:\\\/\\\/gersonguelmann.com.br\\\/blog\\\/dirceu-sem-tornozoleira-toffoli-mandou-tirar\\\/#primaryimage\"},\"thumbnailUrl\":\"https:\\\/\\\/i0.wp.com\\\/gersonguelmann.com.br\\\/blog\\\/wp-content\\\/uploads\\\/2018\\\/07\\\/download.jpg?fit=310%2C163&ssl=1\",\"inLanguage\":\"pt-BR\",\"potentialAction\":[{\"@type\":\"CommentAction\",\"name\":\"Comment\",\"target\":[\"https:\\\/\\\/gersonguelmann.com.br\\\/blog\\\/dirceu-sem-tornozoleira-toffoli-mandou-tirar\\\/#respond\"]}]},{\"@type\":\"WebPage\",\"@id\":\"https:\\\/\\\/gersonguelmann.com.br\\\/blog\\\/dirceu-sem-tornozoleira-toffoli-mandou-tirar\\\/\",\"url\":\"https:\\\/\\\/gersonguelmann.com.br\\\/blog\\\/dirceu-sem-tornozoleira-toffoli-mandou-tirar\\\/\",\"name\":\"Dirceu sem Tornozoleira. Toffoli Mandou Tirar. | Blog do Guelmann\",\"isPartOf\":{\"@id\":\"https:\\\/\\\/gersonguelmann.com.br\\\/blog\\\/#website\"},\"primaryImageOfPage\":{\"@id\":\"https:\\\/\\\/gersonguelmann.com.br\\\/blog\\\/dirceu-sem-tornozoleira-toffoli-mandou-tirar\\\/#primaryimage\"},\"image\":{\"@id\":\"https:\\\/\\\/gersonguelmann.com.br\\\/blog\\\/dirceu-sem-tornozoleira-toffoli-mandou-tirar\\\/#primaryimage\"},\"thumbnailUrl\":\"https:\\\/\\\/i0.wp.com\\\/gersonguelmann.com.br\\\/blog\\\/wp-content\\\/uploads\\\/2018\\\/07\\\/download.jpg?fit=310%2C163&ssl=1\",\"datePublished\":\"2018-07-03T00:30:06+00:00\",\"author\":{\"@id\":\"https:\\\/\\\/gersonguelmann.com.br\\\/blog\\\/#\\\/schema\\\/person\\\/87e70e2a786888082f941a482c90569e\"},\"inLanguage\":\"pt-BR\",\"potentialAction\":[{\"@type\":\"ReadAction\",\"target\":[\"https:\\\/\\\/gersonguelmann.com.br\\\/blog\\\/dirceu-sem-tornozoleira-toffoli-mandou-tirar\\\/\"]}]},{\"@type\":\"ImageObject\",\"inLanguage\":\"pt-BR\",\"@id\":\"https:\\\/\\\/gersonguelmann.com.br\\\/blog\\\/dirceu-sem-tornozoleira-toffoli-mandou-tirar\\\/#primaryimage\",\"url\":\"https:\\\/\\\/i0.wp.com\\\/gersonguelmann.com.br\\\/blog\\\/wp-content\\\/uploads\\\/2018\\\/07\\\/download.jpg?fit=310%2C163&ssl=1\",\"contentUrl\":\"https:\\\/\\\/i0.wp.com\\\/gersonguelmann.com.br\\\/blog\\\/wp-content\\\/uploads\\\/2018\\\/07\\\/download.jpg?fit=310%2C163&ssl=1\",\"width\":310,\"height\":163},{\"@type\":\"WebSite\",\"@id\":\"https:\\\/\\\/gersonguelmann.com.br\\\/blog\\\/#website\",\"url\":\"https:\\\/\\\/gersonguelmann.com.br\\\/blog\\\/\",\"name\":\"Blog do Guelmann\",\"description\":\"Pitadas da sabedoria e do humor judaicos, assuntos do momento e um pouco das hist\u00f3rias que vivi e testemunhei.\",\"potentialAction\":[{\"@type\":\"SearchAction\",\"target\":{\"@type\":\"EntryPoint\",\"urlTemplate\":\"https:\\\/\\\/gersonguelmann.com.br\\\/blog\\\/?s={search_term_string}\"},\"query-input\":{\"@type\":\"PropertyValueSpecification\",\"valueRequired\":true,\"valueName\":\"search_term_string\"}}],\"inLanguage\":\"pt-BR\"},{\"@type\":\"Person\",\"@id\":\"https:\\\/\\\/gersonguelmann.com.br\\\/blog\\\/#\\\/schema\\\/person\\\/87e70e2a786888082f941a482c90569e\",\"name\":\"Gerson Guelmann\",\"image\":{\"@type\":\"ImageObject\",\"inLanguage\":\"pt-BR\",\"@id\":\"https:\\\/\\\/i0.wp.com\\\/gersonguelmann.com.br\\\/blog\\\/wp-content\\\/uploads\\\/2021\\\/08\\\/BLOG.jpeg?fit=96%2C96&ssl=1\",\"url\":\"https:\\\/\\\/i0.wp.com\\\/gersonguelmann.com.br\\\/blog\\\/wp-content\\\/uploads\\\/2021\\\/08\\\/BLOG.jpeg?fit=96%2C96&ssl=1\",\"contentUrl\":\"https:\\\/\\\/i0.wp.com\\\/gersonguelmann.com.br\\\/blog\\\/wp-content\\\/uploads\\\/2021\\\/08\\\/BLOG.jpeg?fit=96%2C96&ssl=1\",\"caption\":\"Gerson Guelmann\"},\"description\":\"Pitadas da sabedoria e do humor judaicos, assuntos do momento e um pouco das hist\u00f3rias que vivi e testemunhei.\"}]}<\/script>\n<!-- \/ Yoast SEO plugin. -->","yoast_head_json":{"title":"Dirceu sem Tornozoleira. Toffoli Mandou Tirar. | Blog do Guelmann","robots":{"index":"index","follow":"follow","max-snippet":"max-snippet:-1","max-image-preview":"max-image-preview:large","max-video-preview":"max-video-preview:-1"},"canonical":"https:\/\/gersonguelmann.com.br\/blog\/dirceu-sem-tornozoleira-toffoli-mandou-tirar\/","og_locale":"pt_BR","og_type":"article","og_title":"Dirceu sem Tornozoleira. Toffoli Mandou Tirar. | Blog do Guelmann","og_description":"D\u00b4O Antagonista: TOFFOLI TIRA TORNOZELEIRA DE DIRCEU Brasil\u00a002.07.18 21:18 Dias Toffoli acaba de derrubar a decis\u00e3o de Sergio Moro que imp\u00f4s ao ex-ministro Jos\u00e9 Dirceu o uso de tornozeleira eletr\u00f4nica, ap\u00f3s ser libertado pela Segunda Turma. Na sexta-feira, Moro determinou que Dirceu fosse a Curitiba para a coloca\u00e7\u00e3o do mecanismo. Mas Toffoli, ex-assessor do pr\u00f3prio [&hellip;]","og_url":"https:\/\/gersonguelmann.com.br\/blog\/dirceu-sem-tornozoleira-toffoli-mandou-tirar\/","og_site_name":"Blog do Guelmann","article_published_time":"2018-07-03T00:30:06+00:00","og_image":[{"width":310,"height":163,"url":"https:\/\/i0.wp.com\/gersonguelmann.com.br\/blog\/wp-content\/uploads\/2018\/07\/download.jpg?fit=310%2C163&ssl=1","type":"image\/jpeg"}],"author":"Gerson Guelmann","twitter_card":"summary_large_image","twitter_misc":{"Escrito por":"Gerson Guelmann","Est. tempo de leitura":"1 minuto"},"schema":{"@context":"https:\/\/schema.org","@graph":[{"@type":"Article","@id":"https:\/\/gersonguelmann.com.br\/blog\/dirceu-sem-tornozoleira-toffoli-mandou-tirar\/#article","isPartOf":{"@id":"https:\/\/gersonguelmann.com.br\/blog\/dirceu-sem-tornozoleira-toffoli-mandou-tirar\/"},"author":{"name":"Gerson Guelmann","@id":"https:\/\/gersonguelmann.com.br\/blog\/#\/schema\/person\/87e70e2a786888082f941a482c90569e"},"headline":"Dirceu sem Tornozoleira. Toffoli Mandou Tirar.","datePublished":"2018-07-03T00:30:06+00:00","mainEntityOfPage":{"@id":"https:\/\/gersonguelmann.com.br\/blog\/dirceu-sem-tornozoleira-toffoli-mandou-tirar\/"},"wordCount":106,"commentCount":0,"image":{"@id":"https:\/\/gersonguelmann.com.br\/blog\/dirceu-sem-tornozoleira-toffoli-mandou-tirar\/#primaryimage"},"thumbnailUrl":"https:\/\/i0.wp.com\/gersonguelmann.com.br\/blog\/wp-content\/uploads\/2018\/07\/download.jpg?fit=310%2C163&ssl=1","inLanguage":"pt-BR","potentialAction":[{"@type":"CommentAction","name":"Comment","target":["https:\/\/gersonguelmann.com.br\/blog\/dirceu-sem-tornozoleira-toffoli-mandou-tirar\/#respond"]}]},{"@type":"WebPage","@id":"https:\/\/gersonguelmann.com.br\/blog\/dirceu-sem-tornozoleira-toffoli-mandou-tirar\/","url":"https:\/\/gersonguelmann.com.br\/blog\/dirceu-sem-tornozoleira-toffoli-mandou-tirar\/","name":"Dirceu sem Tornozoleira. Toffoli Mandou Tirar. | Blog do Guelmann","isPartOf":{"@id":"https:\/\/gersonguelmann.com.br\/blog\/#website"},"primaryImageOfPage":{"@id":"https:\/\/gersonguelmann.com.br\/blog\/dirceu-sem-tornozoleira-toffoli-mandou-tirar\/#primaryimage"},"image":{"@id":"https:\/\/gersonguelmann.com.br\/blog\/dirceu-sem-tornozoleira-toffoli-mandou-tirar\/#primaryimage"},"thumbnailUrl":"https:\/\/i0.wp.com\/gersonguelmann.com.br\/blog\/wp-content\/uploads\/2018\/07\/download.jpg?fit=310%2C163&ssl=1","datePublished":"2018-07-03T00:30:06+00:00","author":{"@id":"https:\/\/gersonguelmann.com.br\/blog\/#\/schema\/person\/87e70e2a786888082f941a482c90569e"},"inLanguage":"pt-BR","potentialAction":[{"@type":"ReadAction","target":["https:\/\/gersonguelmann.com.br\/blog\/dirceu-sem-tornozoleira-toffoli-mandou-tirar\/"]}]},{"@type":"ImageObject","inLanguage":"pt-BR","@id":"https:\/\/gersonguelmann.com.br\/blog\/dirceu-sem-tornozoleira-toffoli-mandou-tirar\/#primaryimage","url":"https:\/\/i0.wp.com\/gersonguelmann.com.br\/blog\/wp-content\/uploads\/2018\/07\/download.jpg?fit=310%2C163&ssl=1","contentUrl":"https:\/\/i0.wp.com\/gersonguelmann.com.br\/blog\/wp-content\/uploads\/2018\/07\/download.jpg?fit=310%2C163&ssl=1","width":310,"height":163},{"@type":"WebSite","@id":"https:\/\/gersonguelmann.com.br\/blog\/#website","url":"https:\/\/gersonguelmann.com.br\/blog\/","name":"Blog do Guelmann","description":"Pitadas da sabedoria e do humor judaicos, assuntos do momento e um pouco das hist\u00f3rias que vivi e testemunhei.","potentialAction":[{"@type":"SearchAction","target":{"@type":"EntryPoint","urlTemplate":"https:\/\/gersonguelmann.com.br\/blog\/?s={search_term_string}"},"query-input":{"@type":"PropertyValueSpecification","valueRequired":true,"valueName":"search_term_string"}}],"inLanguage":"pt-BR"},{"@type":"Person","@id":"https:\/\/gersonguelmann.com.br\/blog\/#\/schema\/person\/87e70e2a786888082f941a482c90569e","name":"Gerson Guelmann","image":{"@type":"ImageObject","inLanguage":"pt-BR","@id":"https:\/\/i0.wp.com\/gersonguelmann.com.br\/blog\/wp-content\/uploads\/2021\/08\/BLOG.jpeg?fit=96%2C96&ssl=1","url":"https:\/\/i0.wp.com\/gersonguelmann.com.br\/blog\/wp-content\/uploads\/2021\/08\/BLOG.jpeg?fit=96%2C96&ssl=1","contentUrl":"https:\/\/i0.wp.com\/gersonguelmann.com.br\/blog\/wp-content\/uploads\/2021\/08\/BLOG.jpeg?fit=96%2C96&ssl=1","caption":"Gerson Guelmann"},"description":"Pitadas da sabedoria e do humor judaicos, assuntos do momento e um pouco das hist\u00f3rias que vivi e testemunhei."}]}},"views":36,"jetpack_publicize_connections":[],"jetpack_featured_media_url":"https:\/\/i0.wp.com\/gersonguelmann.com.br\/blog\/wp-content\/uploads\/2018\/07\/download.jpg?fit=310%2C163&ssl=1","jetpack_shortlink":"https:\/\/wp.me\/p96e7O-3KJ","jetpack-related-posts":[{"id":14469,"url":"https:\/\/gersonguelmann.com.br\/blog\/enquanto-isso-toffoli-mantem-preso-homem-que-roubou-bermuda-de-r-10\/","url_meta":{"origin":14429,"position":0},"title":"Enquanto Isso&#8230; Toffoli Mant\u00e9m Preso Homem Que Roubou Bermuda de R$ 10","author":"Gerson Guelmann","date":"3 de julho de 2018","format":false,"excerpt":"N\u00e3o, voc\u00ea e eu n\u00e3o estamos loucos.\u00a0\u00c9 exatamente isso que voc\u00ea leu. Veja o que disse O Antagonista: Toffoli nega HC a homem que furtou bermuda de R$ 10 Brasil\u00a003.07.18 19:26 Em decis\u00e3o monocr\u00e1tica, Dias Toffoli negou habeas corpus a um homem condenado pelo furto de uma bermuda que custava\u2026","rel":"","context":"Em &quot;Sem categoria&quot;","block_context":{"text":"Sem categoria","link":"https:\/\/gersonguelmann.com.br\/blog\/category\/sem-categoria\/"},"img":{"alt_text":"","src":"https:\/\/i0.wp.com\/gersonguelmann.com.br\/blog\/wp-content\/uploads\/2018\/07\/Bermuda.jpg?resize=350%2C200&ssl=1","width":350,"height":200},"classes":[]},{"id":14300,"url":"https:\/\/gersonguelmann.com.br\/blog\/jose-dirceu-saira-da-prisao\/","url_meta":{"origin":14429,"position":1},"title":"Jos\u00e9 Dirceu Sair\u00e1 da Pris\u00e3o","author":"Gerson Guelmann","date":"26 de junho de 2018","format":false,"excerpt":"O site O Antagonista acaba de informar que o STF suspendeu a execu\u00e7\u00e3o da senten\u00e7a e determinou a soltura de Jos\u00e9 Dirceu. O texto \u00e9 o seguinte: STF SOLTA DIRCEU Brasil\u00a026.06.18 14:01A Segunda Turma do STF acaba de concluir o julgamento que soltou Jos\u00e9 Dirceu. Ricardo Lewandowski, Dias Toffoli e\u2026","rel":"","context":"Em &quot;Sem categoria&quot;","block_context":{"text":"Sem categoria","link":"https:\/\/gersonguelmann.com.br\/blog\/category\/sem-categoria\/"},"img":{"alt_text":"","src":"https:\/\/i0.wp.com\/gersonguelmann.com.br\/blog\/wp-content\/uploads\/2018\/06\/dirceu-nocaute.jpg?fit=561%2C369&ssl=1&resize=350%2C200","width":350,"height":200,"srcset":"https:\/\/i0.wp.com\/gersonguelmann.com.br\/blog\/wp-content\/uploads\/2018\/06\/dirceu-nocaute.jpg?fit=561%2C369&ssl=1&resize=350%2C200 1x, https:\/\/i0.wp.com\/gersonguelmann.com.br\/blog\/wp-content\/uploads\/2018\/06\/dirceu-nocaute.jpg?fit=561%2C369&ssl=1&resize=525%2C300 1.5x"},"classes":[]},{"id":13023,"url":"https:\/\/gersonguelmann.com.br\/blog\/ordem-de-prisao-contra-jose-dirceu\/","url_meta":{"origin":14429,"position":2},"title":"Ordem de Pris\u00e3o Contra Jos\u00e9 Dirceu","author":"Gerson Guelmann","date":"17 de maio de 2018","format":false,"excerpt":"O site O Antagonista acaba de informar que foi expedida a ordem de pris\u00e3o contra Jos\u00e9 Dirceu, pela\u00a0ju\u00edza Gabriela Hardt, que est\u00e1 substituindo o juiz Sergio Moro,\u00a0 Uma vez cumprido o mandado, provavelmente ele ser\u00e1 trazido para Curitiba.","rel":"","context":"Em &quot;Sem categoria&quot;","block_context":{"text":"Sem categoria","link":"https:\/\/gersonguelmann.com.br\/blog\/category\/sem-categoria\/"},"img":{"alt_text":"","src":"https:\/\/i0.wp.com\/gersonguelmann.com.br\/blog\/wp-content\/uploads\/2018\/05\/jose-dirceu-silencia-na-pf-e-na-cpi-da-petrobras-1441060672079_1920x1287.jpg?fit=1200%2C526&ssl=1&resize=350%2C200","width":350,"height":200,"srcset":"https:\/\/i0.wp.com\/gersonguelmann.com.br\/blog\/wp-content\/uploads\/2018\/05\/jose-dirceu-silencia-na-pf-e-na-cpi-da-petrobras-1441060672079_1920x1287.jpg?fit=1200%2C526&ssl=1&resize=350%2C200 1x, https:\/\/i0.wp.com\/gersonguelmann.com.br\/blog\/wp-content\/uploads\/2018\/05\/jose-dirceu-silencia-na-pf-e-na-cpi-da-petrobras-1441060672079_1920x1287.jpg?fit=1200%2C526&ssl=1&resize=525%2C300 1.5x, https:\/\/i0.wp.com\/gersonguelmann.com.br\/blog\/wp-content\/uploads\/2018\/05\/jose-dirceu-silencia-na-pf-e-na-cpi-da-petrobras-1441060672079_1920x1287.jpg?fit=1200%2C526&ssl=1&resize=700%2C400 2x, https:\/\/i0.wp.com\/gersonguelmann.com.br\/blog\/wp-content\/uploads\/2018\/05\/jose-dirceu-silencia-na-pf-e-na-cpi-da-petrobras-1441060672079_1920x1287.jpg?fit=1200%2C526&ssl=1&resize=1050%2C600 3x"},"classes":[]},{"id":11838,"url":"https:\/\/gersonguelmann.com.br\/blog\/falta-pouco-para-jose-dirceu-voltar-para-a-prisao\/","url_meta":{"origin":14429,"position":3},"title":"Falta Pouco Para Jos\u00e9 Dirceu Voltar Para a Pris\u00e3o","author":"Gerson Guelmann","date":"19 de abril de 2018","format":false,"excerpt":"Do Blog 'O Antagonista': TRF-4 REJEITA \u00daLTIMOS RECURSOS E DIRCEU PODE VOLTAR PARA A CADEIA 19.04.18 14:18 J\u00e1 h\u00e1 maioria no TRF-4 para negar os embargos infringentes apresentados pela defesa de Jos\u00e9 Dirceu, que pedia um rec\u00e1lculo da pena.\u00a0Esses s\u00e3o os \u00faltimos recursos poss\u00edveis na segunda inst\u00e2ncia. O petista foi\u2026","rel":"","context":"Em &quot;Sem categoria&quot;","block_context":{"text":"Sem categoria","link":"https:\/\/gersonguelmann.com.br\/blog\/category\/sem-categoria\/"},"img":{"alt_text":"","src":"https:\/\/i0.wp.com\/gersonguelmann.com.br\/blog\/wp-content\/uploads\/2018\/04\/JD.jpg?fit=400%2C225&ssl=1&resize=350%2C200","width":350,"height":200},"classes":[]},{"id":14555,"url":"https:\/\/gersonguelmann.com.br\/blog\/em-video-ze-dirceu-comemora-a-libertacao-de-lula-que-nao-deu-certo\/","url_meta":{"origin":14429,"position":4},"title":"Em V\u00eddeo, Z\u00e9 Dirceu Comemora a Liberta\u00e7\u00e3o de Lula Que N\u00e3o Deu Certo","author":"Gerson Guelmann","date":"9 de julho de 2018","format":false,"excerpt":"Circulou ontem v\u00eddeo em que Z\u00e9 Dirceu, ex-ministro e militante do PT, felicita Lula por ter deixado a cadeia em Curitiba. Detalhe curioso \u00e9 o fato de que Z\u00e9 Dirceu veste camisa da sele\u00e7\u00e3o brasileira. Isso pode levar \u00e0 conclus\u00e3o de que o v\u00eddeo teria sido gravado enquanto o pedido\u2026","rel":"","context":"Em &quot;Sem categoria&quot;","block_context":{"text":"Sem categoria","link":"https:\/\/gersonguelmann.com.br\/blog\/category\/sem-categoria\/"},"img":{"alt_text":"","src":"https:\/\/i0.wp.com\/gersonguelmann.com.br\/blog\/wp-content\/uploads\/2018\/07\/lula-dirceu.jpg?fit=377%2C334&ssl=1&resize=350%2C200","width":350,"height":200},"classes":[]},{"id":14583,"url":"https:\/\/gersonguelmann.com.br\/blog\/ze-dirceu-nao-desiste-insiste\/","url_meta":{"origin":14429,"position":5},"title":"Z\u00e9 Dirceu N\u00e3o Desiste, Insiste","author":"Gerson Guelmann","date":"10 de julho de 2018","format":false,"excerpt":"Ap\u00f3s ter vazado o v\u00eddeo que Z\u00e9 Dirceu gravou para comemorar a liberta\u00e7\u00e3o de Lula da pris\u00e3o em Curitiba, que acabou n\u00e3o acontecendo, agora come\u00e7ou a circular uma nova grava\u00e7\u00e3o. Neste 2\u00b0 v\u00eddeo ele aparece com a mesma camisa da sele\u00e7\u00e3o brasileira, o que leva a concluir que foi feito\u2026","rel":"","context":"Em &quot;Sem categoria&quot;","block_context":{"text":"Sem categoria","link":"https:\/\/gersonguelmann.com.br\/blog\/category\/sem-categoria\/"},"img":{"alt_text":"","src":"https:\/\/i0.wp.com\/gersonguelmann.com.br\/blog\/wp-content\/uploads\/2018\/07\/Stuborn.jpg?fit=620%2C380&ssl=1&resize=350%2C200","width":350,"height":200,"srcset":"https:\/\/i0.wp.com\/gersonguelmann.com.br\/blog\/wp-content\/uploads\/2018\/07\/Stuborn.jpg?fit=620%2C380&ssl=1&resize=350%2C200 1x, https:\/\/i0.wp.com\/gersonguelmann.com.br\/blog\/wp-content\/uploads\/2018\/07\/Stuborn.jpg?fit=620%2C380&ssl=1&resize=525%2C300 1.5x"},"classes":[]}],"jetpack_sharing_enabled":true,"post_mailing_queue_ids":[],"_links":{"self":[{"href":"https:\/\/gersonguelmann.com.br\/blog\/wp-json\/wp\/v2\/posts\/14429","targetHints":{"allow":["GET"]}}],"collection":[{"href":"https:\/\/gersonguelmann.com.br\/blog\/wp-json\/wp\/v2\/posts"}],"about":[{"href":"https:\/\/gersonguelmann.com.br\/blog\/wp-json\/wp\/v2\/types\/post"}],"author":[{"embeddable":true,"href":"https:\/\/gersonguelmann.com.br\/blog\/wp-json\/wp\/v2\/users\/5"}],"replies":[{"embeddable":true,"href":"https:\/\/gersonguelmann.com.br\/blog\/wp-json\/wp\/v2\/comments?post=14429"}],"version-history":[{"count":0,"href":"https:\/\/gersonguelmann.com.br\/blog\/wp-json\/wp\/v2\/posts\/14429\/revisions"}],"wp:featuredmedia":[{"embeddable":true,"href":"https:\/\/gersonguelmann.com.br\/blog\/wp-json\/wp\/v2\/media\/14430"}],"wp:attachment":[{"href":"https:\/\/gersonguelmann.com.br\/blog\/wp-json\/wp\/v2\/media?parent=14429"}],"wp:term":[{"taxonomy":"category","embeddable":true,"href":"https:\/\/gersonguelmann.com.br\/blog\/wp-json\/wp\/v2\/categories?post=14429"},{"taxonomy":"post_tag","embeddable":true,"href":"https:\/\/gersonguelmann.com.br\/blog\/wp-json\/wp\/v2\/tags?post=14429"}],"curies":[{"name":"wp","href":"https:\/\/api.w.org\/{rel}","templated":true}]}}