    {"id":14432,"date":"2018-07-02T21:55:55","date_gmt":"2018-07-03T00:55:55","guid":{"rendered":"https:\/\/gersonguelmann.com.br\/blog\/?p=14432"},"modified":"2018-07-02T21:55:55","modified_gmt":"2018-07-03T00:55:55","slug":"mario-sergio-cortella-o-segredo-da-vida-e-as-vacas","status":"publish","type":"post","link":"https:\/\/gersonguelmann.com.br\/blog\/mario-sergio-cortella-o-segredo-da-vida-e-as-vacas\/","title":{"rendered":"M\u00e1rio Sergio Cortella, O Segredo da Vida e as Vacas"},"content":{"rendered":"<p style=\"text-align: center;\"><span style=\"color: #000000;\"><img data-recalc-dims=\"1\" fetchpriority=\"high\" decoding=\"async\" data-attachment-id=\"14433\" data-permalink=\"https:\/\/gersonguelmann.com.br\/blog\/mario-sergio-cortella-o-segredo-da-vida-e-as-vacas\/leite-2\/\" data-orig-file=\"https:\/\/i0.wp.com\/gersonguelmann.com.br\/blog\/wp-content\/uploads\/2018\/07\/Leite.jpg?fit=960%2C637&amp;ssl=1\" data-orig-size=\"960,637\" data-comments-opened=\"1\" data-image-meta=\"{&quot;aperture&quot;:&quot;0&quot;,&quot;credit&quot;:&quot;&quot;,&quot;camera&quot;:&quot;&quot;,&quot;caption&quot;:&quot;&quot;,&quot;created_timestamp&quot;:&quot;0&quot;,&quot;copyright&quot;:&quot;&quot;,&quot;focal_length&quot;:&quot;0&quot;,&quot;iso&quot;:&quot;0&quot;,&quot;shutter_speed&quot;:&quot;0&quot;,&quot;title&quot;:&quot;&quot;,&quot;orientation&quot;:&quot;0&quot;}\" data-image-title=\"Leite\" data-image-description=\"\" data-image-caption=\"\" data-medium-file=\"https:\/\/i0.wp.com\/gersonguelmann.com.br\/blog\/wp-content\/uploads\/2018\/07\/Leite.jpg?fit=300%2C199&amp;ssl=1\" data-large-file=\"https:\/\/i0.wp.com\/gersonguelmann.com.br\/blog\/wp-content\/uploads\/2018\/07\/Leite.jpg?fit=640%2C425&amp;ssl=1\" class=\"alignnone size-medium wp-image-14433\" src=\"https:\/\/i0.wp.com\/gersonguelmann.com.br\/blog\/wp-content\/uploads\/2018\/07\/Leite.jpg?resize=300%2C199&#038;ssl=1\" alt=\"\" width=\"300\" height=\"199\" srcset=\"https:\/\/i0.wp.com\/gersonguelmann.com.br\/blog\/wp-content\/uploads\/2018\/07\/Leite.jpg?resize=300%2C199&amp;ssl=1 300w, https:\/\/i0.wp.com\/gersonguelmann.com.br\/blog\/wp-content\/uploads\/2018\/07\/Leite.jpg?resize=768%2C510&amp;ssl=1 768w, https:\/\/i0.wp.com\/gersonguelmann.com.br\/blog\/wp-content\/uploads\/2018\/07\/Leite.jpg?resize=750%2C500&amp;ssl=1 750w, https:\/\/i0.wp.com\/gersonguelmann.com.br\/blog\/wp-content\/uploads\/2018\/07\/Leite.jpg?w=960&amp;ssl=1 960w\" sizes=\"(max-width: 300px) 100vw, 300px\" \/><\/span><\/p>\n<p><span style=\"color: #000000; font-family: georgia, palatino, serif; font-size: 18pt;\">Mat\u00e9ria publicada pelo\u00a0Marcelo Tas na revista Crescer em 17\/8\/2015:<\/span><\/p>\n<div class=\"materia-titulo\">\n<p><span style=\"font-size: 24pt;\"><strong><span style=\"color: #000000;\">O segredo da vida<\/span><\/strong><\/span><\/p>\n<\/div>\n<div class=\"materia-assinatura-letra\">\n<p class=\"vcard author\"><span style=\"color: #000000;\">Por Marcelo Tas\u00a0<abbr class=\"published\">&#8211; atualizada em 17\/08\/2015 17h19<\/abbr><\/span><\/p>\n<p><span style=\"color: #000000; font-size: 14pt;\">Desde jovem, ganho a vida fazendo perguntas. Primeiro como rep\u00f3rter, depois entrevistador e cutucador de d\u00favidas em v\u00e1rias m\u00eddias. Acredito piamente que o ponto mais importante na vida do ser humano \u00e9 o ponto de interroga\u00e7\u00e3o.<\/span><\/p>\n<p><span style=\"color: #000000; font-size: 14pt;\">Entre as d\u00favidas da vida, a maior de todas \u00e9, sem d\u00favida, a raz\u00e3o da nossa pr\u00f3pria exist\u00eancia.\u00a0<strong>Qual o segredo da vida?<\/strong>\u00a0Ao longo do curto espa\u00e7o de tempo que passamos no mundo, perseguimos essa quest\u00e3o e ela implacavelmente nos persegue de volta. A chegada dos filhos coloca uma lente de aumento no assunto.<\/span><\/p>\n<p><span style=\"color: #000000; font-size: 14pt;\">Recentemente, em um evento empresarial, tive o privil\u00e9gio de entrevistar o fil\u00f3sofo M\u00e1rio Sergio Cortella e n\u00e3o perdi a oportunidade de passar a batata quente para ele.<\/span><\/p>\n<p><span style=\"color: #000000; font-size: 14pt;\">\u2013 Fil\u00f3sofo, qual o segredo da vida?<\/span><\/p>\n<p><span style=\"color: #000000; font-size: 14pt;\">Sem pestanejar, com a generosidade e a barba caracter\u00edstica dos fil\u00f3sofos, Cortella respondeu com uma pausa dram\u00e1tica e seu vozer\u00e3o grave em dolby stereo.<\/span><\/p>\n<p><span style=\"color: #000000; font-size: 14pt;\">\u2013 O segredo da vida \u00e9 que&#8230; vaca n\u00e3o d\u00e1 leite!<\/span><\/p>\n<p><span style=\"color: #000000; font-size: 14pt;\">As palavras do fil\u00f3sofo iluminaram a minha inf\u00e2ncia. Quando crian\u00e7a, fui ajudante mirim do meu av\u00f4 Jo\u00e3o na fazenda, onde se tirava leite das vacas. Que trabalheira louca \u00e9 tirar leite de uma vaca, lembrei. Acorda-se de madrugada, entra-se num curral forrado de puro excremento de vaca, confere-se as vacas, chama-se o bezerro correspondente a cada vaca pelo nome, o bicho vem doido para mamar, impede-se que ele mame tudo de uma vez, amarra-se o bezerro com uma cordinha nas pernas traseiras da m\u00e3e, amarra-se o rabo da vaca tamb\u00e9m na cordinha (sen\u00e3o ele vira um espanador de bosta fresca na cara da gente&#8230;). At\u00e9 que, finalmente, agachado, numa posi\u00e7\u00e3o desajeitada, o cidad\u00e3o encarregado do trabalho inicia a tarefa de apertar com destreza uma a uma as quatro tetas da vaca, para que o jato de leite seja direcionado para dentro de um balde equilibrado entre suas pernas. Segue-se a repeti\u00e7\u00e3o exaustiva do gesto at\u00e9 que o balde encha, para depois ser derramado dentro de um grande lat\u00e3o met\u00e1lico de 50 litros. O final do processo \u00e9 colocar os lat\u00f5es \u2013 uns\u00a0 tr\u00eas ou quatro, no caso da fazenda do meu av\u00f4 \u2013 na caminhonete para ser entregue no latic\u00ednio da cidade. Um trabalh\u00e3o.<\/span><\/p>\n<p><span style=\"color: #000000; font-size: 14pt;\">Gra\u00e7as a esse ritual que acompanhei tantas vezes, adquiri ainda crian\u00e7a a clara no\u00e7\u00e3o do esfor\u00e7o gasto por tanta gente para que eu possa despejar o precioso l\u00edquido branco na x\u00edcara do caf\u00e9 da manh\u00e3.<\/span><\/p>\n<p><span style=\"color: #000000; font-size: 14pt;\">A plateia do evento corporativo, cerca de 2 mil gerentes de um grande banco, estava t\u00e3o surpresa quanto eu com a resposta do fil\u00f3sofo. Cortella explicou que aquela foi a forma que encontrou de alertar os filhos dele para as virtudes do esfor\u00e7o para conquistar as coisas na vida. Prometeu aos filhos que, quando cada um completasse 13 anos de idade, o papai fil\u00f3sofo iria revelar o segredo da vida. Dito e feito.<\/span><br \/>\n<span style=\"color: #000000; font-size: 14pt;\">No dia de completar 13 anos, o filho mais velho acordou Cortella bem cedo.<\/span><\/p>\n<p><span style=\"color: #000000; font-size: 14pt;\">\u2013 Papai, hoje \u00e9 o dia do meu anivers\u00e1rio.<\/span><br \/>\n<span style=\"color: #000000; font-size: 14pt;\">\u2013 Parab\u00e9ns, filho!<\/span><br \/>\n<span style=\"color: #000000; font-size: 14pt;\">\u2013 Hoje fa\u00e7o 13 anos. \u00c9 dia de voc\u00ea me revelar o segredo da vida.<\/span><\/p>\n<p><span style=\"color: #000000; font-size: 14pt;\">O fil\u00f3sofo encarou carinhosamente o menino e concluiu o ensinamento.<\/span><\/p>\n<p><span style=\"color: #000000; font-size: 14pt;\">\u2013 O segredo da vida \u00e9 que&#8230; vaca n\u00e3o d\u00e1 leite, voc\u00ea tem que tirar.<\/span><\/p>\n<p><em><span style=\"color: #000000;\"><strong>Marcelo Tas\u00a0<\/strong>\u00e9 jornalista e apresentador de TV, casado com a atriz Bel Kowarick e tem tr\u00eas filhos:\u00a0Luc, 26 anos, Miguel, 14, e Clarice, 9<\/span><\/em><\/p>\n<p><span style=\"color: #000000; font-family: georgia, palatino, serif; font-size: 18pt;\">O original da mat\u00e9ria est\u00e1 <span style=\"color: #0000ff;\"><a style=\"color: #0000ff;\" href=\"https:\/\/revistacrescer.globo.com\/Colunistas\/Marcelo-Tas\/noticia\/2015\/08\/o-segredo-da-vida.html\"><em><strong>aqui<\/strong><\/em><\/a><\/span>.<\/span><\/p>\n<p>&nbsp;<\/p>\n<\/div>\n","protected":false},"excerpt":{"rendered":"<p>Mat\u00e9ria publicada pelo\u00a0Marcelo Tas na revista Crescer em 17\/8\/2015: O segredo da vida Por Marcelo Tas\u00a0&#8211; atualizada em 17\/08\/2015 17h19 Desde jovem, ganho a vida fazendo perguntas. Primeiro como rep\u00f3rter, depois entrevistador e cutucador de d\u00favidas em v\u00e1rias m\u00eddias. Acredito piamente que o ponto mais importante na vida do ser humano \u00e9 o ponto de [&hellip;]<\/p>\n","protected":false},"author":5,"featured_media":14433,"comment_status":"open","ping_status":"open","sticky":false,"template":"","format":"standard","meta":{"_acf_changed":false,"jetpack_post_was_ever_published":false,"_jetpack_newsletter_access":"","_jetpack_dont_email_post_to_subs":false,"_jetpack_newsletter_tier_id":0,"_jetpack_memberships_contains_paywalled_content":false,"_jetpack_memberships_contains_paid_content":false,"footnotes":"","jetpack_publicize_message":"","jetpack_publicize_feature_enabled":true,"jetpack_social_post_already_shared":true,"jetpack_social_options":{"image_generator_settings":{"template":"highway","default_image_id":0,"font":"","enabled":false},"version":2}},"categories":[1],"tags":[],"class_list":["post-14432","post","type-post","status-publish","format-standard","has-post-thumbnail","hentry","category-sem-categoria"],"acf":[],"yoast_head":"<!-- This site is optimized with the Yoast SEO plugin v27.3 - https:\/\/yoast.com\/product\/yoast-seo-wordpress\/ -->\n<title>M\u00e1rio Sergio Cortella, O Segredo da Vida e as Vacas | Blog do Guelmann<\/title>\n<meta name=\"robots\" content=\"index, follow, max-snippet:-1, max-image-preview:large, max-video-preview:-1\" \/>\n<link rel=\"canonical\" href=\"https:\/\/gersonguelmann.com.br\/blog\/mario-sergio-cortella-o-segredo-da-vida-e-as-vacas\/\" \/>\n<meta property=\"og:locale\" content=\"pt_BR\" \/>\n<meta property=\"og:type\" content=\"article\" \/>\n<meta property=\"og:title\" content=\"M\u00e1rio Sergio Cortella, O Segredo da Vida e as Vacas | Blog do Guelmann\" \/>\n<meta property=\"og:description\" content=\"Mat\u00e9ria publicada pelo\u00a0Marcelo Tas na revista Crescer em 17\/8\/2015: O segredo da vida Por Marcelo Tas\u00a0&#8211; atualizada em 17\/08\/2015 17h19 Desde jovem, ganho a vida fazendo perguntas. Primeiro como rep\u00f3rter, depois entrevistador e cutucador de d\u00favidas em v\u00e1rias m\u00eddias. Acredito piamente que o ponto mais importante na vida do ser humano \u00e9 o ponto de [&hellip;]\" \/>\n<meta property=\"og:url\" content=\"https:\/\/gersonguelmann.com.br\/blog\/mario-sergio-cortella-o-segredo-da-vida-e-as-vacas\/\" \/>\n<meta property=\"og:site_name\" content=\"Blog do Guelmann\" \/>\n<meta property=\"article:published_time\" content=\"2018-07-03T00:55:55+00:00\" \/>\n<meta property=\"og:image\" content=\"https:\/\/i0.wp.com\/gersonguelmann.com.br\/blog\/wp-content\/uploads\/2018\/07\/Leite.jpg?fit=960%2C637&ssl=1\" \/>\n\t<meta property=\"og:image:width\" content=\"960\" \/>\n\t<meta property=\"og:image:height\" content=\"637\" \/>\n\t<meta property=\"og:image:type\" content=\"image\/jpeg\" \/>\n<meta name=\"author\" content=\"Gerson Guelmann\" \/>\n<meta name=\"twitter:card\" content=\"summary_large_image\" \/>\n<meta name=\"twitter:label1\" content=\"Escrito por\" \/>\n\t<meta name=\"twitter:data1\" content=\"Gerson Guelmann\" \/>\n\t<meta name=\"twitter:label2\" content=\"Est. tempo de leitura\" \/>\n\t<meta name=\"twitter:data2\" content=\"3 minutos\" \/>\n<script type=\"application\/ld+json\" class=\"yoast-schema-graph\">{\"@context\":\"https:\\\/\\\/schema.org\",\"@graph\":[{\"@type\":\"Article\",\"@id\":\"https:\\\/\\\/gersonguelmann.com.br\\\/blog\\\/mario-sergio-cortella-o-segredo-da-vida-e-as-vacas\\\/#article\",\"isPartOf\":{\"@id\":\"https:\\\/\\\/gersonguelmann.com.br\\\/blog\\\/mario-sergio-cortella-o-segredo-da-vida-e-as-vacas\\\/\"},\"author\":{\"name\":\"Gerson Guelmann\",\"@id\":\"https:\\\/\\\/gersonguelmann.com.br\\\/blog\\\/#\\\/schema\\\/person\\\/87e70e2a786888082f941a482c90569e\"},\"headline\":\"M\u00e1rio Sergio Cortella, O Segredo da Vida e as Vacas\",\"datePublished\":\"2018-07-03T00:55:55+00:00\",\"mainEntityOfPage\":{\"@id\":\"https:\\\/\\\/gersonguelmann.com.br\\\/blog\\\/mario-sergio-cortella-o-segredo-da-vida-e-as-vacas\\\/\"},\"wordCount\":633,\"commentCount\":0,\"image\":{\"@id\":\"https:\\\/\\\/gersonguelmann.com.br\\\/blog\\\/mario-sergio-cortella-o-segredo-da-vida-e-as-vacas\\\/#primaryimage\"},\"thumbnailUrl\":\"https:\\\/\\\/i0.wp.com\\\/gersonguelmann.com.br\\\/blog\\\/wp-content\\\/uploads\\\/2018\\\/07\\\/Leite.jpg?fit=960%2C637&ssl=1\",\"inLanguage\":\"pt-BR\",\"potentialAction\":[{\"@type\":\"CommentAction\",\"name\":\"Comment\",\"target\":[\"https:\\\/\\\/gersonguelmann.com.br\\\/blog\\\/mario-sergio-cortella-o-segredo-da-vida-e-as-vacas\\\/#respond\"]}]},{\"@type\":\"WebPage\",\"@id\":\"https:\\\/\\\/gersonguelmann.com.br\\\/blog\\\/mario-sergio-cortella-o-segredo-da-vida-e-as-vacas\\\/\",\"url\":\"https:\\\/\\\/gersonguelmann.com.br\\\/blog\\\/mario-sergio-cortella-o-segredo-da-vida-e-as-vacas\\\/\",\"name\":\"M\u00e1rio Sergio Cortella, O Segredo da Vida e as Vacas | Blog do Guelmann\",\"isPartOf\":{\"@id\":\"https:\\\/\\\/gersonguelmann.com.br\\\/blog\\\/#website\"},\"primaryImageOfPage\":{\"@id\":\"https:\\\/\\\/gersonguelmann.com.br\\\/blog\\\/mario-sergio-cortella-o-segredo-da-vida-e-as-vacas\\\/#primaryimage\"},\"image\":{\"@id\":\"https:\\\/\\\/gersonguelmann.com.br\\\/blog\\\/mario-sergio-cortella-o-segredo-da-vida-e-as-vacas\\\/#primaryimage\"},\"thumbnailUrl\":\"https:\\\/\\\/i0.wp.com\\\/gersonguelmann.com.br\\\/blog\\\/wp-content\\\/uploads\\\/2018\\\/07\\\/Leite.jpg?fit=960%2C637&ssl=1\",\"datePublished\":\"2018-07-03T00:55:55+00:00\",\"author\":{\"@id\":\"https:\\\/\\\/gersonguelmann.com.br\\\/blog\\\/#\\\/schema\\\/person\\\/87e70e2a786888082f941a482c90569e\"},\"inLanguage\":\"pt-BR\",\"potentialAction\":[{\"@type\":\"ReadAction\",\"target\":[\"https:\\\/\\\/gersonguelmann.com.br\\\/blog\\\/mario-sergio-cortella-o-segredo-da-vida-e-as-vacas\\\/\"]}]},{\"@type\":\"ImageObject\",\"inLanguage\":\"pt-BR\",\"@id\":\"https:\\\/\\\/gersonguelmann.com.br\\\/blog\\\/mario-sergio-cortella-o-segredo-da-vida-e-as-vacas\\\/#primaryimage\",\"url\":\"https:\\\/\\\/i0.wp.com\\\/gersonguelmann.com.br\\\/blog\\\/wp-content\\\/uploads\\\/2018\\\/07\\\/Leite.jpg?fit=960%2C637&ssl=1\",\"contentUrl\":\"https:\\\/\\\/i0.wp.com\\\/gersonguelmann.com.br\\\/blog\\\/wp-content\\\/uploads\\\/2018\\\/07\\\/Leite.jpg?fit=960%2C637&ssl=1\",\"width\":960,\"height\":637},{\"@type\":\"WebSite\",\"@id\":\"https:\\\/\\\/gersonguelmann.com.br\\\/blog\\\/#website\",\"url\":\"https:\\\/\\\/gersonguelmann.com.br\\\/blog\\\/\",\"name\":\"Blog do Guelmann\",\"description\":\"Pitadas da sabedoria e do humor judaicos, assuntos do momento e um pouco das hist\u00f3rias que vivi e testemunhei.\",\"potentialAction\":[{\"@type\":\"SearchAction\",\"target\":{\"@type\":\"EntryPoint\",\"urlTemplate\":\"https:\\\/\\\/gersonguelmann.com.br\\\/blog\\\/?s={search_term_string}\"},\"query-input\":{\"@type\":\"PropertyValueSpecification\",\"valueRequired\":true,\"valueName\":\"search_term_string\"}}],\"inLanguage\":\"pt-BR\"},{\"@type\":\"Person\",\"@id\":\"https:\\\/\\\/gersonguelmann.com.br\\\/blog\\\/#\\\/schema\\\/person\\\/87e70e2a786888082f941a482c90569e\",\"name\":\"Gerson Guelmann\",\"image\":{\"@type\":\"ImageObject\",\"inLanguage\":\"pt-BR\",\"@id\":\"https:\\\/\\\/i0.wp.com\\\/gersonguelmann.com.br\\\/blog\\\/wp-content\\\/uploads\\\/2021\\\/08\\\/BLOG.jpeg?fit=96%2C96&ssl=1\",\"url\":\"https:\\\/\\\/i0.wp.com\\\/gersonguelmann.com.br\\\/blog\\\/wp-content\\\/uploads\\\/2021\\\/08\\\/BLOG.jpeg?fit=96%2C96&ssl=1\",\"contentUrl\":\"https:\\\/\\\/i0.wp.com\\\/gersonguelmann.com.br\\\/blog\\\/wp-content\\\/uploads\\\/2021\\\/08\\\/BLOG.jpeg?fit=96%2C96&ssl=1\",\"caption\":\"Gerson Guelmann\"},\"description\":\"Pitadas da sabedoria e do humor judaicos, assuntos do momento e um pouco das hist\u00f3rias que vivi e testemunhei.\"}]}<\/script>\n<!-- \/ Yoast SEO plugin. -->","yoast_head_json":{"title":"M\u00e1rio Sergio Cortella, O Segredo da Vida e as Vacas | Blog do Guelmann","robots":{"index":"index","follow":"follow","max-snippet":"max-snippet:-1","max-image-preview":"max-image-preview:large","max-video-preview":"max-video-preview:-1"},"canonical":"https:\/\/gersonguelmann.com.br\/blog\/mario-sergio-cortella-o-segredo-da-vida-e-as-vacas\/","og_locale":"pt_BR","og_type":"article","og_title":"M\u00e1rio Sergio Cortella, O Segredo da Vida e as Vacas | Blog do Guelmann","og_description":"Mat\u00e9ria publicada pelo\u00a0Marcelo Tas na revista Crescer em 17\/8\/2015: O segredo da vida Por Marcelo Tas\u00a0&#8211; atualizada em 17\/08\/2015 17h19 Desde jovem, ganho a vida fazendo perguntas. Primeiro como rep\u00f3rter, depois entrevistador e cutucador de d\u00favidas em v\u00e1rias m\u00eddias. Acredito piamente que o ponto mais importante na vida do ser humano \u00e9 o ponto de [&hellip;]","og_url":"https:\/\/gersonguelmann.com.br\/blog\/mario-sergio-cortella-o-segredo-da-vida-e-as-vacas\/","og_site_name":"Blog do Guelmann","article_published_time":"2018-07-03T00:55:55+00:00","og_image":[{"width":960,"height":637,"url":"https:\/\/i0.wp.com\/gersonguelmann.com.br\/blog\/wp-content\/uploads\/2018\/07\/Leite.jpg?fit=960%2C637&ssl=1","type":"image\/jpeg"}],"author":"Gerson Guelmann","twitter_card":"summary_large_image","twitter_misc":{"Escrito por":"Gerson Guelmann","Est. tempo de leitura":"3 minutos"},"schema":{"@context":"https:\/\/schema.org","@graph":[{"@type":"Article","@id":"https:\/\/gersonguelmann.com.br\/blog\/mario-sergio-cortella-o-segredo-da-vida-e-as-vacas\/#article","isPartOf":{"@id":"https:\/\/gersonguelmann.com.br\/blog\/mario-sergio-cortella-o-segredo-da-vida-e-as-vacas\/"},"author":{"name":"Gerson Guelmann","@id":"https:\/\/gersonguelmann.com.br\/blog\/#\/schema\/person\/87e70e2a786888082f941a482c90569e"},"headline":"M\u00e1rio Sergio Cortella, O Segredo da Vida e as Vacas","datePublished":"2018-07-03T00:55:55+00:00","mainEntityOfPage":{"@id":"https:\/\/gersonguelmann.com.br\/blog\/mario-sergio-cortella-o-segredo-da-vida-e-as-vacas\/"},"wordCount":633,"commentCount":0,"image":{"@id":"https:\/\/gersonguelmann.com.br\/blog\/mario-sergio-cortella-o-segredo-da-vida-e-as-vacas\/#primaryimage"},"thumbnailUrl":"https:\/\/i0.wp.com\/gersonguelmann.com.br\/blog\/wp-content\/uploads\/2018\/07\/Leite.jpg?fit=960%2C637&ssl=1","inLanguage":"pt-BR","potentialAction":[{"@type":"CommentAction","name":"Comment","target":["https:\/\/gersonguelmann.com.br\/blog\/mario-sergio-cortella-o-segredo-da-vida-e-as-vacas\/#respond"]}]},{"@type":"WebPage","@id":"https:\/\/gersonguelmann.com.br\/blog\/mario-sergio-cortella-o-segredo-da-vida-e-as-vacas\/","url":"https:\/\/gersonguelmann.com.br\/blog\/mario-sergio-cortella-o-segredo-da-vida-e-as-vacas\/","name":"M\u00e1rio Sergio Cortella, O Segredo da Vida e as Vacas | Blog do Guelmann","isPartOf":{"@id":"https:\/\/gersonguelmann.com.br\/blog\/#website"},"primaryImageOfPage":{"@id":"https:\/\/gersonguelmann.com.br\/blog\/mario-sergio-cortella-o-segredo-da-vida-e-as-vacas\/#primaryimage"},"image":{"@id":"https:\/\/gersonguelmann.com.br\/blog\/mario-sergio-cortella-o-segredo-da-vida-e-as-vacas\/#primaryimage"},"thumbnailUrl":"https:\/\/i0.wp.com\/gersonguelmann.com.br\/blog\/wp-content\/uploads\/2018\/07\/Leite.jpg?fit=960%2C637&ssl=1","datePublished":"2018-07-03T00:55:55+00:00","author":{"@id":"https:\/\/gersonguelmann.com.br\/blog\/#\/schema\/person\/87e70e2a786888082f941a482c90569e"},"inLanguage":"pt-BR","potentialAction":[{"@type":"ReadAction","target":["https:\/\/gersonguelmann.com.br\/blog\/mario-sergio-cortella-o-segredo-da-vida-e-as-vacas\/"]}]},{"@type":"ImageObject","inLanguage":"pt-BR","@id":"https:\/\/gersonguelmann.com.br\/blog\/mario-sergio-cortella-o-segredo-da-vida-e-as-vacas\/#primaryimage","url":"https:\/\/i0.wp.com\/gersonguelmann.com.br\/blog\/wp-content\/uploads\/2018\/07\/Leite.jpg?fit=960%2C637&ssl=1","contentUrl":"https:\/\/i0.wp.com\/gersonguelmann.com.br\/blog\/wp-content\/uploads\/2018\/07\/Leite.jpg?fit=960%2C637&ssl=1","width":960,"height":637},{"@type":"WebSite","@id":"https:\/\/gersonguelmann.com.br\/blog\/#website","url":"https:\/\/gersonguelmann.com.br\/blog\/","name":"Blog do Guelmann","description":"Pitadas da sabedoria e do humor judaicos, assuntos do momento e um pouco das hist\u00f3rias que vivi e testemunhei.","potentialAction":[{"@type":"SearchAction","target":{"@type":"EntryPoint","urlTemplate":"https:\/\/gersonguelmann.com.br\/blog\/?s={search_term_string}"},"query-input":{"@type":"PropertyValueSpecification","valueRequired":true,"valueName":"search_term_string"}}],"inLanguage":"pt-BR"},{"@type":"Person","@id":"https:\/\/gersonguelmann.com.br\/blog\/#\/schema\/person\/87e70e2a786888082f941a482c90569e","name":"Gerson Guelmann","image":{"@type":"ImageObject","inLanguage":"pt-BR","@id":"https:\/\/i0.wp.com\/gersonguelmann.com.br\/blog\/wp-content\/uploads\/2021\/08\/BLOG.jpeg?fit=96%2C96&ssl=1","url":"https:\/\/i0.wp.com\/gersonguelmann.com.br\/blog\/wp-content\/uploads\/2021\/08\/BLOG.jpeg?fit=96%2C96&ssl=1","contentUrl":"https:\/\/i0.wp.com\/gersonguelmann.com.br\/blog\/wp-content\/uploads\/2021\/08\/BLOG.jpeg?fit=96%2C96&ssl=1","caption":"Gerson Guelmann"},"description":"Pitadas da sabedoria e do humor judaicos, assuntos do momento e um pouco das hist\u00f3rias que vivi e testemunhei."}]}},"views":71,"jetpack_publicize_connections":[],"jetpack_featured_media_url":"https:\/\/i0.wp.com\/gersonguelmann.com.br\/blog\/wp-content\/uploads\/2018\/07\/Leite.jpg?fit=960%2C637&ssl=1","jetpack_shortlink":"https:\/\/wp.me\/p96e7O-3KM","jetpack-related-posts":[{"id":12576,"url":"https:\/\/gersonguelmann.com.br\/blog\/o-segredo-judaico-da-resolucao-de-problemas\/","url_meta":{"origin":14432,"position":0},"title":"O Segredo Judaico da Resolu\u00e7\u00e3o de Problemas","author":"Gerson Guelmann","date":"8 de maio de 2021","format":false,"excerpt":"Mauricio, Samuel e Bernardo, aposentados, reuniam-se uma vez por semana para discutir a situa\u00e7\u00e3o mundial e os grandes temas que afligem a humanidade. Numa dessas rodadas de conversas filos\u00f3ficas, Bernardo prop\u00f4s uma quest\u00e3o: - \"Qual \u00e9 o problema da vida?\" Os tr\u00eas come\u00e7aram a divagar sobre isso, e quanto mais\u2026","rel":"","context":"Em &quot;Sem categoria&quot;","block_context":{"text":"Sem categoria","link":"https:\/\/gersonguelmann.com.br\/blog\/category\/sem-categoria\/"},"img":{"alt_text":"","src":"https:\/\/i0.wp.com\/gersonguelmann.com.br\/blog\/wp-content\/uploads\/2018\/05\/PREOCUPACAO-scaled.jpg?fit=1200%2C839&ssl=1&resize=350%2C200","width":350,"height":200,"srcset":"https:\/\/i0.wp.com\/gersonguelmann.com.br\/blog\/wp-content\/uploads\/2018\/05\/PREOCUPACAO-scaled.jpg?fit=1200%2C839&ssl=1&resize=350%2C200 1x, https:\/\/i0.wp.com\/gersonguelmann.com.br\/blog\/wp-content\/uploads\/2018\/05\/PREOCUPACAO-scaled.jpg?fit=1200%2C839&ssl=1&resize=525%2C300 1.5x, https:\/\/i0.wp.com\/gersonguelmann.com.br\/blog\/wp-content\/uploads\/2018\/05\/PREOCUPACAO-scaled.jpg?fit=1200%2C839&ssl=1&resize=700%2C400 2x, https:\/\/i0.wp.com\/gersonguelmann.com.br\/blog\/wp-content\/uploads\/2018\/05\/PREOCUPACAO-scaled.jpg?fit=1200%2C839&ssl=1&resize=1050%2C600 3x"},"classes":[]},{"id":20220,"url":"https:\/\/gersonguelmann.com.br\/blog\/ikigai-a-receita-para-viver-melhor-ja-ouviu-falar\/","url_meta":{"origin":14432,"position":1},"title":"Ikigai, a Receita Para Viver Melhor. J\u00e1 Ouviu Falar?","author":"Gerson Guelmann","date":"8 de dezembro de 2020","format":false,"excerpt":"Ikigai. Soa estranho, em portugu\u00eas. A palavra \u00e9 japonesa e algumas pessoas a traduzem como \u00a8ter um sentido na vida\u201d ou \u201cfazer a vida ter um sentido\u201d. H\u00e1 um livro com esse nome, j\u00e1 traduzido. Encontrei uma boa resenha dele: \u201cPor que existem pessoas que sabem o que querem, enquanto\u2026","rel":"","context":"Em &quot;Sem categoria&quot;","block_context":{"text":"Sem categoria","link":"https:\/\/gersonguelmann.com.br\/blog\/category\/sem-categoria\/"},"img":{"alt_text":"","src":"https:\/\/i0.wp.com\/gersonguelmann.com.br\/blog\/wp-content\/uploads\/2020\/12\/IKIGAI-210x300.jpg?resize=350%2C200&ssl=1","width":350,"height":200},"classes":[]},{"id":11560,"url":"https:\/\/gersonguelmann.com.br\/blog\/marcelo-odebrecht-para-advogado-lula-esta-ruim-pode-piorar\/","url_meta":{"origin":14432,"position":2},"title":"Marcelo Odebrecht para Advogado de Lula: Est\u00e1 Ruim? Pode Piorar","author":"Gerson Guelmann","date":"12 de abril de 2018","format":false,"excerpt":"Momento tipo \"seria c\u00f4mico se n\u00e3o fosse tr\u00e1gico\", hoje, no depoimento de Marcelo Odebrecht ao juiz S\u00e9rgio Moro, na 13\u00aa Vara da Justi\u00e7a Federal em Curitiba. Questionado pelo advogado do r\u00e9u, Cristiano Zanin, sobre os e-mails que encontrou em seu computador pessoal ao retornar para sua casa em pris\u00e3o domiciliar,\u2026","rel":"","context":"Em &quot;Sem categoria&quot;","block_context":{"text":"Sem categoria","link":"https:\/\/gersonguelmann.com.br\/blog\/category\/sem-categoria\/"},"img":{"alt_text":"","src":"https:\/\/i0.wp.com\/gersonguelmann.com.br\/blog\/wp-content\/uploads\/2018\/04\/Pior.jpg?resize=350%2C200&ssl=1","width":350,"height":200},"classes":[]},{"id":21803,"url":"https:\/\/gersonguelmann.com.br\/blog\/os-maiores-arrependimentos-da-vida-7-e-8\/","url_meta":{"origin":14432,"position":3},"title":"Os Maiores Arrependimentos da Vida &#8211; 7 e 8","author":"Gerson Guelmann","date":"20 de mar\u00e7o de 2021","format":false,"excerpt":"Sigo com a publica\u00e7\u00e3o da s\u00e9rie, hoje com os \"cap\u00edtulos\" 7 e 8.\u00a0 Para facilitar para quem perdeu os anteriores, ao final de cada postagem colocarei os links de todos j\u00e1 publicadas.\u00a0 7. N\u00e3o ter confian\u00e7a suficiente em mim mesmo. Voltando ao ponto anterior, um grande arrependimento para a maioria\u2026","rel":"","context":"Em &quot;Sem categoria&quot;","block_context":{"text":"Sem categoria","link":"https:\/\/gersonguelmann.com.br\/blog\/category\/sem-categoria\/"},"img":{"alt_text":"","src":"https:\/\/i0.wp.com\/gersonguelmann.com.br\/blog\/wp-content\/uploads\/2021\/03\/tyler-farmer-xJ1XPp6P-eQ-unsplash-scaled.jpg?fit=1200%2C800&ssl=1&resize=350%2C200","width":350,"height":200,"srcset":"https:\/\/i0.wp.com\/gersonguelmann.com.br\/blog\/wp-content\/uploads\/2021\/03\/tyler-farmer-xJ1XPp6P-eQ-unsplash-scaled.jpg?fit=1200%2C800&ssl=1&resize=350%2C200 1x, https:\/\/i0.wp.com\/gersonguelmann.com.br\/blog\/wp-content\/uploads\/2021\/03\/tyler-farmer-xJ1XPp6P-eQ-unsplash-scaled.jpg?fit=1200%2C800&ssl=1&resize=525%2C300 1.5x, https:\/\/i0.wp.com\/gersonguelmann.com.br\/blog\/wp-content\/uploads\/2021\/03\/tyler-farmer-xJ1XPp6P-eQ-unsplash-scaled.jpg?fit=1200%2C800&ssl=1&resize=700%2C400 2x, https:\/\/i0.wp.com\/gersonguelmann.com.br\/blog\/wp-content\/uploads\/2021\/03\/tyler-farmer-xJ1XPp6P-eQ-unsplash-scaled.jpg?fit=1200%2C800&ssl=1&resize=1050%2C600 3x"},"classes":[]},{"id":612,"url":"https:\/\/gersonguelmann.com.br\/blog\/quando-o-fragil-se-fez-forte\/","url_meta":{"origin":14432,"position":4},"title":"Quando o fr\u00e1gil se fez forte","author":"Gerson Guelmann","date":"28 de julho de 2017","format":false,"excerpt":"O dia 7 de fevereiro de 1965 marcou minha vida e a de meus irm\u00e3os Gilberto e Gilson. O acidente que vitimou nossos pais e as 2 irm\u00e3s menores mudou o mundo para n\u00f3s 3. Das lembran\u00e7as impregnadas na retina e no cora\u00e7\u00e3o a mais v\u00edvida \u00e9 a do meu\u2026","rel":"","context":"Em &quot;Sem categoria&quot;","block_context":{"text":"Sem categoria","link":"https:\/\/gersonguelmann.com.br\/blog\/category\/sem-categoria\/"},"img":{"alt_text":"","src":"https:\/\/i0.wp.com\/gersonguelmann.com.br\/blog\/wp-content\/uploads\/2017\/07\/Gilson-240x300.jpg?resize=350%2C200&ssl=1","width":350,"height":200},"classes":[]},{"id":25165,"url":"https:\/\/gersonguelmann.com.br\/blog\/da-analia-a-vizinha-que-tecia-carinho-parente-por-parte-de-rua\/","url_meta":{"origin":14432,"position":5},"title":"Da. An\u00e1lia, a Vizinha Que Tecia Carinho, Parente Por Parte de Rua","author":"Gerson Guelmann","date":"24 de mar\u00e7o de 2025","format":false,"excerpt":"Certa vez, meu tio Mois\u00e9s Bergerson, com quem morei dos 17 aos 25 anos, me disse algo que uso com frequ\u00eancia: - \"Muitas vezes um bom vizinho \u00e9 melhor que um parente.\" Ele estava se referindo ao ent\u00e3o Deputado Estadual Fuad Nacli, que morava do outro lado da rua. Certamente\u2026","rel":"","context":"Em &quot;Sem categoria&quot;","block_context":{"text":"Sem categoria","link":"https:\/\/gersonguelmann.com.br\/blog\/category\/sem-categoria\/"},"img":{"alt_text":"","src":"https:\/\/i0.wp.com\/gersonguelmann.com.br\/blog\/wp-content\/uploads\/2025\/03\/HojePR-21.jpg?fit=600%2C400&ssl=1&resize=350%2C200","width":350,"height":200,"srcset":"https:\/\/i0.wp.com\/gersonguelmann.com.br\/blog\/wp-content\/uploads\/2025\/03\/HojePR-21.jpg?fit=600%2C400&ssl=1&resize=350%2C200 1x, https:\/\/i0.wp.com\/gersonguelmann.com.br\/blog\/wp-content\/uploads\/2025\/03\/HojePR-21.jpg?fit=600%2C400&ssl=1&resize=525%2C300 1.5x"},"classes":[]}],"jetpack_sharing_enabled":true,"post_mailing_queue_ids":[],"_links":{"self":[{"href":"https:\/\/gersonguelmann.com.br\/blog\/wp-json\/wp\/v2\/posts\/14432","targetHints":{"allow":["GET"]}}],"collection":[{"href":"https:\/\/gersonguelmann.com.br\/blog\/wp-json\/wp\/v2\/posts"}],"about":[{"href":"https:\/\/gersonguelmann.com.br\/blog\/wp-json\/wp\/v2\/types\/post"}],"author":[{"embeddable":true,"href":"https:\/\/gersonguelmann.com.br\/blog\/wp-json\/wp\/v2\/users\/5"}],"replies":[{"embeddable":true,"href":"https:\/\/gersonguelmann.com.br\/blog\/wp-json\/wp\/v2\/comments?post=14432"}],"version-history":[{"count":0,"href":"https:\/\/gersonguelmann.com.br\/blog\/wp-json\/wp\/v2\/posts\/14432\/revisions"}],"wp:featuredmedia":[{"embeddable":true,"href":"https:\/\/gersonguelmann.com.br\/blog\/wp-json\/wp\/v2\/media\/14433"}],"wp:attachment":[{"href":"https:\/\/gersonguelmann.com.br\/blog\/wp-json\/wp\/v2\/media?parent=14432"}],"wp:term":[{"taxonomy":"category","embeddable":true,"href":"https:\/\/gersonguelmann.com.br\/blog\/wp-json\/wp\/v2\/categories?post=14432"},{"taxonomy":"post_tag","embeddable":true,"href":"https:\/\/gersonguelmann.com.br\/blog\/wp-json\/wp\/v2\/tags?post=14432"}],"curies":[{"name":"wp","href":"https:\/\/api.w.org\/{rel}","templated":true}]}}