    {"id":14435,"date":"2018-07-03T12:33:52","date_gmt":"2018-07-03T15:33:52","guid":{"rendered":"https:\/\/gersonguelmann.com.br\/blog\/?p=14435"},"modified":"2018-07-03T12:33:52","modified_gmt":"2018-07-03T15:33:52","slug":"galvao-bueno-sendo-galvao-bueno","status":"publish","type":"post","link":"https:\/\/gersonguelmann.com.br\/blog\/galvao-bueno-sendo-galvao-bueno\/","title":{"rendered":"Galv\u00e3o Bueno Sendo Galv\u00e3o Bueno"},"content":{"rendered":"<p><span style=\"color: #000000; font-family: georgia, palatino, serif; font-size: 18pt;\">Quem n\u00e3o assistiu a cena &#8220;ao vivo e \u00e0 cores&#8221; pode ler o que aconteceu ontem em um dos jornais da Globo, quando Galv\u00e3o Bueno manifestou-se acerca da ta\u00e7a da Copa do Mundo que estava sendo mostrada pela jornalista\u00a0Sandra\u00a0Annenberg.<\/span><\/p>\n<p><span style=\"color: #000000; font-family: georgia, palatino, serif; font-size: 18pt;\">Mat\u00e9ria publicada pelo site Donna:<\/span><\/p>\n<p class=\"title\"><span style=\"font-size: 24pt;\"><strong><span style=\"color: #000000;\">Mansplaining: Galv\u00e3o Bueno provoca pol\u00eamica nas redes sociais ap\u00f3s atitude machista em conversa ao vivo com Sandra Annenberg<\/span><\/strong><\/span><\/p>\n<div class=\"article-info\">\n<div class=\"article-publisher\"><span style=\"color: #000000;\"><img data-recalc-dims=\"1\" height=\"50\" width=\"50\" decoding=\"async\" class=\"publisher-photo\" src=\"https:\/\/i0.wp.com\/cdn.revistadonna.clicrbs.com.br\/wp-content\/uploads\/2014\/05\/d-preto1-50x50.png?resize=50%2C50\" alt=\"Reda\u00e7\u00e3o Donna\" data-original=\"http:\/\/cdn.revistadonna.clicrbs.com.br\/wp-content\/uploads\/2014\/05\/d-preto1-50x50.png\" \/>\u00a0Postado por\u00a0Reda\u00e7\u00e3o Donna<\/span><\/div>\n<div class=\"article-date-hour\"><span style=\"color: #000000;\"><span class=\"article-date\">03-07-2018\u00a0<\/span>\u00e0s\u00a0<span class=\"article-hour\">09h07<\/span><\/span><\/div>\n<\/div>\n<section class=\"article-content\"><span style=\"color: #000000; font-size: 14pt;\">Ap\u00f3s a partida entre\u00a0<strong>Brasil e M\u00e9xico<\/strong>, nessa segunda-feira, 20,\u00a0<strong>Sandra\u00a0Annenberg\u00a0<\/strong>viveu um epis\u00f3dio conhecido como\u00a0<strong>mansplaining\u00a0<\/strong>ao vivo no\u00a0<em>Jornal Hoje<\/em>. A jornalista, que est\u00e1 na\u00a0<strong>R\u00fassia<\/strong>\u00a0cobrindo a\u00a0<strong>Copa do Mundo<\/strong>, mostrou-se emocionada\u00a0por receber a visita da ta\u00e7a da Copa no est\u00fadio da Globo.<\/span><\/p>\n<p><span style=\"color: #000000; font-size: 14pt;\">Sandra estava falando sobre o fato de n\u00e3o poder tocar o objeto, e\u00a0<strong>Galv\u00e3o Bueno<\/strong>\u00a0a interrompe para explicar justamente\u00a0o t\u00f3pico sobre o qual a jornalista estava falando.<em>\u00a0Mansplaining<\/em>\u00a0\u00e9 um termo em ingl\u00eas que designa situa\u00e7\u00f5es em que um homem\u00a0explica algo a uma mulher, de forma did\u00e1tica, como se ela n\u00e3o fosse capaz de entender ou n\u00e3o soubesse nada sobre o que est\u00e1 falando. Nessas situa\u00e7\u00f5es, o\u00a0homem\u00a0d\u00e1 a entender que sabe mais sobre um assunto do que a mulher.<\/span><\/p>\n<p><span style=\"color: #000000; font-size: 14pt;\">No momento em que Sandra est\u00e1 dizendo por que n\u00e3o poderia tocar na ta\u00e7a, Galv\u00e3o a interrompe e diz:<\/span><\/p>\n<p><em><span style=\"color: #000000; font-size: 14pt;\">\u2013 Sandra, voc\u00ea j\u00e1 foi campe\u00e3 do mundo jogando futebol?<\/span><\/em><\/p>\n<p><em><span style=\"color: #000000; font-size: 14pt;\">\u2013 Infelizmente, n\u00e3o.<\/span><\/em><\/p>\n<p><em><span style=\"color: #000000; font-size: 14pt;\">\u2013 Voc\u00ea \u00e9 presidente da Fifa?<\/span><\/em><\/p>\n<p><em><span style=\"color: #000000; font-size: 14pt;\">\u2013 Tamb\u00e9m n\u00e3o.<\/span><\/em><\/p>\n<p><em><span style=\"color: #000000; font-size: 14pt;\">\u2013\u00a0Voc\u00ea s\u00f3 pode tocar na ta\u00e7a se colocar luvas, hein? \u00c9 do protocolo.<\/span><\/em><\/p>\n<p><em><span style=\"color: #000000; font-size: 14pt;\">\u2013 Eu sei disso tudo, Galv\u00e3o.<\/span><\/em><\/p>\n<p><span style=\"color: #000000; font-size: 14pt;\">Assim que o epis\u00f3dio acaba, Sandra ri da situa\u00e7\u00e3o, e, logo em seguida, nas redes sociais, aparecem coment\u00e1rios sobre a atitude de Galv\u00e3o.<\/span><\/p>\n<p><span style=\"color: #000000; font-size: 14pt;\"><em>\u201cGalv\u00e3o sendo desnecess\u00e1rio com a Sandra como se ela n\u00e3o soubesse das coisas\u201d,<\/em> escreveu uma usu\u00e1ria do Twitter. <em>\u201cCombo manterrupting + mansplaining ao viva\u00e7o: Galv\u00e3o Bueno n\u00e3o s\u00f3 interrompeu a fala da Sandra Annenberg agora, como o fez para explicar aquilo que ela j\u00e1 sabia e estava justamente falando\u201d<\/em>, apontou mais um usu\u00e1rio.<\/span><\/p>\n<p><span style=\"color: #000000; font-size: 14pt;\"><em>\u201cHomem sempre parte do pressuposto que mulher n\u00e3o entende nada de futebol n\u00e9? O Galv\u00e3o falando para Sandra que ela n\u00e3o podia tocar na ta\u00e7a porque ela n\u00e3o \u00e9 presidente da fifa e nem ganhou jogos pelo Brasil. \u00c9\u00a0evidente que ela sabia disso porque ELA FALOU NO COME\u00c7O Q N\u00c3O PODIA TOCAR\u201d,<\/em> comentou outro usu\u00e1rio.<\/span><\/p>\n<p><span style=\"color: #000000; font-family: georgia, palatino, serif; font-size: 18pt;\">Para ler a mat\u00e9ria no site <span style=\"color: #0000ff;\"><a style=\"color: #0000ff;\" href=\"http:\/\/revistadonna.clicrbs.com.br\/gente\/mansplaining-galvao-bueno-provoca-polemica-nas-redes-sociais-apos-atitude-machista-em-conversa-ao-vivo-com-sandra-annenberg\/\"><em><strong>clique aqui<\/strong><\/em><\/a><\/span>.<\/span><\/p>\n<p style=\"text-align: center;\"><span style=\"color: #000000;\"><img data-recalc-dims=\"1\" fetchpriority=\"high\" decoding=\"async\" data-attachment-id=\"14436\" data-permalink=\"https:\/\/gersonguelmann.com.br\/blog\/galvao-bueno-sendo-galvao-bueno\/fifa-world-cup-football-trophy-3d-model-low-poly-fbx-c4d-ma-mb\/\" data-orig-file=\"https:\/\/i0.wp.com\/gersonguelmann.com.br\/blog\/wp-content\/uploads\/2018\/07\/fifa-world-cup-football-trophy-3d-model-low-poly-fbx-c4d-ma-mb.jpg?fit=1920%2C1080&amp;ssl=1\" data-orig-size=\"1920,1080\" data-comments-opened=\"1\" data-image-meta=\"{&quot;aperture&quot;:&quot;0&quot;,&quot;credit&quot;:&quot;&quot;,&quot;camera&quot;:&quot;&quot;,&quot;caption&quot;:&quot;&quot;,&quot;created_timestamp&quot;:&quot;0&quot;,&quot;copyright&quot;:&quot;&quot;,&quot;focal_length&quot;:&quot;0&quot;,&quot;iso&quot;:&quot;0&quot;,&quot;shutter_speed&quot;:&quot;0&quot;,&quot;title&quot;:&quot;&quot;,&quot;orientation&quot;:&quot;0&quot;}\" data-image-title=\"fifa-world-cup-football-trophy-3d-model-low-poly-fbx-c4d-ma-mb\" data-image-description=\"\" data-image-caption=\"\" data-medium-file=\"https:\/\/i0.wp.com\/gersonguelmann.com.br\/blog\/wp-content\/uploads\/2018\/07\/fifa-world-cup-football-trophy-3d-model-low-poly-fbx-c4d-ma-mb.jpg?fit=300%2C169&amp;ssl=1\" data-large-file=\"https:\/\/i0.wp.com\/gersonguelmann.com.br\/blog\/wp-content\/uploads\/2018\/07\/fifa-world-cup-football-trophy-3d-model-low-poly-fbx-c4d-ma-mb.jpg?fit=640%2C360&amp;ssl=1\" class=\"alignnone size-medium wp-image-14436\" src=\"https:\/\/i0.wp.com\/gersonguelmann.com.br\/blog\/wp-content\/uploads\/2018\/07\/fifa-world-cup-football-trophy-3d-model-low-poly-fbx-c4d-ma-mb.jpg?resize=300%2C169&#038;ssl=1\" alt=\"\" width=\"300\" height=\"169\" srcset=\"https:\/\/i0.wp.com\/gersonguelmann.com.br\/blog\/wp-content\/uploads\/2018\/07\/fifa-world-cup-football-trophy-3d-model-low-poly-fbx-c4d-ma-mb.jpg?resize=300%2C169&amp;ssl=1 300w, https:\/\/i0.wp.com\/gersonguelmann.com.br\/blog\/wp-content\/uploads\/2018\/07\/fifa-world-cup-football-trophy-3d-model-low-poly-fbx-c4d-ma-mb.jpg?resize=768%2C432&amp;ssl=1 768w, https:\/\/i0.wp.com\/gersonguelmann.com.br\/blog\/wp-content\/uploads\/2018\/07\/fifa-world-cup-football-trophy-3d-model-low-poly-fbx-c4d-ma-mb.jpg?resize=1024%2C576&amp;ssl=1 1024w, https:\/\/i0.wp.com\/gersonguelmann.com.br\/blog\/wp-content\/uploads\/2018\/07\/fifa-world-cup-football-trophy-3d-model-low-poly-fbx-c4d-ma-mb.jpg?w=1920&amp;ssl=1 1920w, https:\/\/i0.wp.com\/gersonguelmann.com.br\/blog\/wp-content\/uploads\/2018\/07\/fifa-world-cup-football-trophy-3d-model-low-poly-fbx-c4d-ma-mb.jpg?w=1280&amp;ssl=1 1280w\" sizes=\"(max-width: 300px) 100vw, 300px\" \/><\/span><\/p>\n<\/section>\n","protected":false},"excerpt":{"rendered":"<p>Quem n\u00e3o assistiu a cena &#8220;ao vivo e \u00e0 cores&#8221; pode ler o que aconteceu ontem em um dos jornais da Globo, quando Galv\u00e3o Bueno manifestou-se acerca da ta\u00e7a da Copa do Mundo que estava sendo mostrada pela jornalista\u00a0Sandra\u00a0Annenberg. Mat\u00e9ria publicada pelo site Donna: Mansplaining: Galv\u00e3o Bueno provoca pol\u00eamica nas redes sociais ap\u00f3s atitude machista [&hellip;]<\/p>\n","protected":false},"author":5,"featured_media":14436,"comment_status":"open","ping_status":"open","sticky":false,"template":"","format":"standard","meta":{"_acf_changed":false,"jetpack_post_was_ever_published":false,"_jetpack_newsletter_access":"","_jetpack_dont_email_post_to_subs":false,"_jetpack_newsletter_tier_id":0,"_jetpack_memberships_contains_paywalled_content":false,"_jetpack_memberships_contains_paid_content":false,"footnotes":"","jetpack_publicize_message":"","jetpack_publicize_feature_enabled":true,"jetpack_social_post_already_shared":true,"jetpack_social_options":{"image_generator_settings":{"template":"highway","default_image_id":0,"font":"","enabled":false},"version":2}},"categories":[1],"tags":[],"class_list":["post-14435","post","type-post","status-publish","format-standard","has-post-thumbnail","hentry","category-sem-categoria"],"acf":[],"yoast_head":"<!-- This site is optimized with the Yoast SEO plugin v27.3 - https:\/\/yoast.com\/product\/yoast-seo-wordpress\/ -->\n<title>Galv\u00e3o Bueno Sendo Galv\u00e3o Bueno | Blog do Guelmann<\/title>\n<meta name=\"robots\" content=\"index, follow, max-snippet:-1, max-image-preview:large, max-video-preview:-1\" \/>\n<link rel=\"canonical\" href=\"https:\/\/gersonguelmann.com.br\/blog\/galvao-bueno-sendo-galvao-bueno\/\" \/>\n<meta property=\"og:locale\" content=\"pt_BR\" \/>\n<meta property=\"og:type\" content=\"article\" \/>\n<meta property=\"og:title\" content=\"Galv\u00e3o Bueno Sendo Galv\u00e3o Bueno | Blog do Guelmann\" \/>\n<meta property=\"og:description\" content=\"Quem n\u00e3o assistiu a cena &#8220;ao vivo e \u00e0 cores&#8221; pode ler o que aconteceu ontem em um dos jornais da Globo, quando Galv\u00e3o Bueno manifestou-se acerca da ta\u00e7a da Copa do Mundo que estava sendo mostrada pela jornalista\u00a0Sandra\u00a0Annenberg. Mat\u00e9ria publicada pelo site Donna: Mansplaining: Galv\u00e3o Bueno provoca pol\u00eamica nas redes sociais ap\u00f3s atitude machista [&hellip;]\" \/>\n<meta property=\"og:url\" content=\"https:\/\/gersonguelmann.com.br\/blog\/galvao-bueno-sendo-galvao-bueno\/\" \/>\n<meta property=\"og:site_name\" content=\"Blog do Guelmann\" \/>\n<meta property=\"article:published_time\" content=\"2018-07-03T15:33:52+00:00\" \/>\n<meta property=\"og:image\" content=\"https:\/\/i0.wp.com\/gersonguelmann.com.br\/blog\/wp-content\/uploads\/2018\/07\/fifa-world-cup-football-trophy-3d-model-low-poly-fbx-c4d-ma-mb.jpg?fit=1920%2C1080&ssl=1\" \/>\n\t<meta property=\"og:image:width\" content=\"1920\" \/>\n\t<meta property=\"og:image:height\" content=\"1080\" \/>\n\t<meta property=\"og:image:type\" content=\"image\/jpeg\" \/>\n<meta name=\"author\" content=\"Gerson Guelmann\" \/>\n<meta name=\"twitter:card\" content=\"summary_large_image\" \/>\n<meta name=\"twitter:label1\" content=\"Escrito por\" \/>\n\t<meta name=\"twitter:data1\" content=\"Gerson Guelmann\" \/>\n\t<meta name=\"twitter:label2\" content=\"Est. tempo de leitura\" \/>\n\t<meta name=\"twitter:data2\" content=\"2 minutos\" \/>\n<script type=\"application\/ld+json\" class=\"yoast-schema-graph\">{\"@context\":\"https:\\\/\\\/schema.org\",\"@graph\":[{\"@type\":\"Article\",\"@id\":\"https:\\\/\\\/gersonguelmann.com.br\\\/blog\\\/galvao-bueno-sendo-galvao-bueno\\\/#article\",\"isPartOf\":{\"@id\":\"https:\\\/\\\/gersonguelmann.com.br\\\/blog\\\/galvao-bueno-sendo-galvao-bueno\\\/\"},\"author\":{\"name\":\"Gerson Guelmann\",\"@id\":\"https:\\\/\\\/gersonguelmann.com.br\\\/blog\\\/#\\\/schema\\\/person\\\/87e70e2a786888082f941a482c90569e\"},\"headline\":\"Galv\u00e3o Bueno Sendo Galv\u00e3o Bueno\",\"datePublished\":\"2018-07-03T15:33:52+00:00\",\"mainEntityOfPage\":{\"@id\":\"https:\\\/\\\/gersonguelmann.com.br\\\/blog\\\/galvao-bueno-sendo-galvao-bueno\\\/\"},\"wordCount\":450,\"commentCount\":0,\"image\":{\"@id\":\"https:\\\/\\\/gersonguelmann.com.br\\\/blog\\\/galvao-bueno-sendo-galvao-bueno\\\/#primaryimage\"},\"thumbnailUrl\":\"https:\\\/\\\/i0.wp.com\\\/gersonguelmann.com.br\\\/blog\\\/wp-content\\\/uploads\\\/2018\\\/07\\\/fifa-world-cup-football-trophy-3d-model-low-poly-fbx-c4d-ma-mb.jpg?fit=1920%2C1080&ssl=1\",\"inLanguage\":\"pt-BR\",\"potentialAction\":[{\"@type\":\"CommentAction\",\"name\":\"Comment\",\"target\":[\"https:\\\/\\\/gersonguelmann.com.br\\\/blog\\\/galvao-bueno-sendo-galvao-bueno\\\/#respond\"]}]},{\"@type\":\"WebPage\",\"@id\":\"https:\\\/\\\/gersonguelmann.com.br\\\/blog\\\/galvao-bueno-sendo-galvao-bueno\\\/\",\"url\":\"https:\\\/\\\/gersonguelmann.com.br\\\/blog\\\/galvao-bueno-sendo-galvao-bueno\\\/\",\"name\":\"Galv\u00e3o Bueno Sendo Galv\u00e3o Bueno | Blog do Guelmann\",\"isPartOf\":{\"@id\":\"https:\\\/\\\/gersonguelmann.com.br\\\/blog\\\/#website\"},\"primaryImageOfPage\":{\"@id\":\"https:\\\/\\\/gersonguelmann.com.br\\\/blog\\\/galvao-bueno-sendo-galvao-bueno\\\/#primaryimage\"},\"image\":{\"@id\":\"https:\\\/\\\/gersonguelmann.com.br\\\/blog\\\/galvao-bueno-sendo-galvao-bueno\\\/#primaryimage\"},\"thumbnailUrl\":\"https:\\\/\\\/i0.wp.com\\\/gersonguelmann.com.br\\\/blog\\\/wp-content\\\/uploads\\\/2018\\\/07\\\/fifa-world-cup-football-trophy-3d-model-low-poly-fbx-c4d-ma-mb.jpg?fit=1920%2C1080&ssl=1\",\"datePublished\":\"2018-07-03T15:33:52+00:00\",\"author\":{\"@id\":\"https:\\\/\\\/gersonguelmann.com.br\\\/blog\\\/#\\\/schema\\\/person\\\/87e70e2a786888082f941a482c90569e\"},\"inLanguage\":\"pt-BR\",\"potentialAction\":[{\"@type\":\"ReadAction\",\"target\":[\"https:\\\/\\\/gersonguelmann.com.br\\\/blog\\\/galvao-bueno-sendo-galvao-bueno\\\/\"]}]},{\"@type\":\"ImageObject\",\"inLanguage\":\"pt-BR\",\"@id\":\"https:\\\/\\\/gersonguelmann.com.br\\\/blog\\\/galvao-bueno-sendo-galvao-bueno\\\/#primaryimage\",\"url\":\"https:\\\/\\\/i0.wp.com\\\/gersonguelmann.com.br\\\/blog\\\/wp-content\\\/uploads\\\/2018\\\/07\\\/fifa-world-cup-football-trophy-3d-model-low-poly-fbx-c4d-ma-mb.jpg?fit=1920%2C1080&ssl=1\",\"contentUrl\":\"https:\\\/\\\/i0.wp.com\\\/gersonguelmann.com.br\\\/blog\\\/wp-content\\\/uploads\\\/2018\\\/07\\\/fifa-world-cup-football-trophy-3d-model-low-poly-fbx-c4d-ma-mb.jpg?fit=1920%2C1080&ssl=1\",\"width\":1920,\"height\":1080},{\"@type\":\"WebSite\",\"@id\":\"https:\\\/\\\/gersonguelmann.com.br\\\/blog\\\/#website\",\"url\":\"https:\\\/\\\/gersonguelmann.com.br\\\/blog\\\/\",\"name\":\"Blog do Guelmann\",\"description\":\"Pitadas da sabedoria e do humor judaicos, assuntos do momento e um pouco das hist\u00f3rias que vivi e testemunhei.\",\"potentialAction\":[{\"@type\":\"SearchAction\",\"target\":{\"@type\":\"EntryPoint\",\"urlTemplate\":\"https:\\\/\\\/gersonguelmann.com.br\\\/blog\\\/?s={search_term_string}\"},\"query-input\":{\"@type\":\"PropertyValueSpecification\",\"valueRequired\":true,\"valueName\":\"search_term_string\"}}],\"inLanguage\":\"pt-BR\"},{\"@type\":\"Person\",\"@id\":\"https:\\\/\\\/gersonguelmann.com.br\\\/blog\\\/#\\\/schema\\\/person\\\/87e70e2a786888082f941a482c90569e\",\"name\":\"Gerson Guelmann\",\"image\":{\"@type\":\"ImageObject\",\"inLanguage\":\"pt-BR\",\"@id\":\"https:\\\/\\\/i0.wp.com\\\/gersonguelmann.com.br\\\/blog\\\/wp-content\\\/uploads\\\/2021\\\/08\\\/BLOG.jpeg?fit=96%2C96&ssl=1\",\"url\":\"https:\\\/\\\/i0.wp.com\\\/gersonguelmann.com.br\\\/blog\\\/wp-content\\\/uploads\\\/2021\\\/08\\\/BLOG.jpeg?fit=96%2C96&ssl=1\",\"contentUrl\":\"https:\\\/\\\/i0.wp.com\\\/gersonguelmann.com.br\\\/blog\\\/wp-content\\\/uploads\\\/2021\\\/08\\\/BLOG.jpeg?fit=96%2C96&ssl=1\",\"caption\":\"Gerson Guelmann\"},\"description\":\"Pitadas da sabedoria e do humor judaicos, assuntos do momento e um pouco das hist\u00f3rias que vivi e testemunhei.\"}]}<\/script>\n<!-- \/ Yoast SEO plugin. -->","yoast_head_json":{"title":"Galv\u00e3o Bueno Sendo Galv\u00e3o Bueno | Blog do Guelmann","robots":{"index":"index","follow":"follow","max-snippet":"max-snippet:-1","max-image-preview":"max-image-preview:large","max-video-preview":"max-video-preview:-1"},"canonical":"https:\/\/gersonguelmann.com.br\/blog\/galvao-bueno-sendo-galvao-bueno\/","og_locale":"pt_BR","og_type":"article","og_title":"Galv\u00e3o Bueno Sendo Galv\u00e3o Bueno | Blog do Guelmann","og_description":"Quem n\u00e3o assistiu a cena &#8220;ao vivo e \u00e0 cores&#8221; pode ler o que aconteceu ontem em um dos jornais da Globo, quando Galv\u00e3o Bueno manifestou-se acerca da ta\u00e7a da Copa do Mundo que estava sendo mostrada pela jornalista\u00a0Sandra\u00a0Annenberg. Mat\u00e9ria publicada pelo site Donna: Mansplaining: Galv\u00e3o Bueno provoca pol\u00eamica nas redes sociais ap\u00f3s atitude machista [&hellip;]","og_url":"https:\/\/gersonguelmann.com.br\/blog\/galvao-bueno-sendo-galvao-bueno\/","og_site_name":"Blog do Guelmann","article_published_time":"2018-07-03T15:33:52+00:00","og_image":[{"width":1920,"height":1080,"url":"https:\/\/i0.wp.com\/gersonguelmann.com.br\/blog\/wp-content\/uploads\/2018\/07\/fifa-world-cup-football-trophy-3d-model-low-poly-fbx-c4d-ma-mb.jpg?fit=1920%2C1080&ssl=1","type":"image\/jpeg"}],"author":"Gerson Guelmann","twitter_card":"summary_large_image","twitter_misc":{"Escrito por":"Gerson Guelmann","Est. tempo de leitura":"2 minutos"},"schema":{"@context":"https:\/\/schema.org","@graph":[{"@type":"Article","@id":"https:\/\/gersonguelmann.com.br\/blog\/galvao-bueno-sendo-galvao-bueno\/#article","isPartOf":{"@id":"https:\/\/gersonguelmann.com.br\/blog\/galvao-bueno-sendo-galvao-bueno\/"},"author":{"name":"Gerson Guelmann","@id":"https:\/\/gersonguelmann.com.br\/blog\/#\/schema\/person\/87e70e2a786888082f941a482c90569e"},"headline":"Galv\u00e3o Bueno Sendo Galv\u00e3o Bueno","datePublished":"2018-07-03T15:33:52+00:00","mainEntityOfPage":{"@id":"https:\/\/gersonguelmann.com.br\/blog\/galvao-bueno-sendo-galvao-bueno\/"},"wordCount":450,"commentCount":0,"image":{"@id":"https:\/\/gersonguelmann.com.br\/blog\/galvao-bueno-sendo-galvao-bueno\/#primaryimage"},"thumbnailUrl":"https:\/\/i0.wp.com\/gersonguelmann.com.br\/blog\/wp-content\/uploads\/2018\/07\/fifa-world-cup-football-trophy-3d-model-low-poly-fbx-c4d-ma-mb.jpg?fit=1920%2C1080&ssl=1","inLanguage":"pt-BR","potentialAction":[{"@type":"CommentAction","name":"Comment","target":["https:\/\/gersonguelmann.com.br\/blog\/galvao-bueno-sendo-galvao-bueno\/#respond"]}]},{"@type":"WebPage","@id":"https:\/\/gersonguelmann.com.br\/blog\/galvao-bueno-sendo-galvao-bueno\/","url":"https:\/\/gersonguelmann.com.br\/blog\/galvao-bueno-sendo-galvao-bueno\/","name":"Galv\u00e3o Bueno Sendo Galv\u00e3o Bueno | Blog do Guelmann","isPartOf":{"@id":"https:\/\/gersonguelmann.com.br\/blog\/#website"},"primaryImageOfPage":{"@id":"https:\/\/gersonguelmann.com.br\/blog\/galvao-bueno-sendo-galvao-bueno\/#primaryimage"},"image":{"@id":"https:\/\/gersonguelmann.com.br\/blog\/galvao-bueno-sendo-galvao-bueno\/#primaryimage"},"thumbnailUrl":"https:\/\/i0.wp.com\/gersonguelmann.com.br\/blog\/wp-content\/uploads\/2018\/07\/fifa-world-cup-football-trophy-3d-model-low-poly-fbx-c4d-ma-mb.jpg?fit=1920%2C1080&ssl=1","datePublished":"2018-07-03T15:33:52+00:00","author":{"@id":"https:\/\/gersonguelmann.com.br\/blog\/#\/schema\/person\/87e70e2a786888082f941a482c90569e"},"inLanguage":"pt-BR","potentialAction":[{"@type":"ReadAction","target":["https:\/\/gersonguelmann.com.br\/blog\/galvao-bueno-sendo-galvao-bueno\/"]}]},{"@type":"ImageObject","inLanguage":"pt-BR","@id":"https:\/\/gersonguelmann.com.br\/blog\/galvao-bueno-sendo-galvao-bueno\/#primaryimage","url":"https:\/\/i0.wp.com\/gersonguelmann.com.br\/blog\/wp-content\/uploads\/2018\/07\/fifa-world-cup-football-trophy-3d-model-low-poly-fbx-c4d-ma-mb.jpg?fit=1920%2C1080&ssl=1","contentUrl":"https:\/\/i0.wp.com\/gersonguelmann.com.br\/blog\/wp-content\/uploads\/2018\/07\/fifa-world-cup-football-trophy-3d-model-low-poly-fbx-c4d-ma-mb.jpg?fit=1920%2C1080&ssl=1","width":1920,"height":1080},{"@type":"WebSite","@id":"https:\/\/gersonguelmann.com.br\/blog\/#website","url":"https:\/\/gersonguelmann.com.br\/blog\/","name":"Blog do Guelmann","description":"Pitadas da sabedoria e do humor judaicos, assuntos do momento e um pouco das hist\u00f3rias que vivi e testemunhei.","potentialAction":[{"@type":"SearchAction","target":{"@type":"EntryPoint","urlTemplate":"https:\/\/gersonguelmann.com.br\/blog\/?s={search_term_string}"},"query-input":{"@type":"PropertyValueSpecification","valueRequired":true,"valueName":"search_term_string"}}],"inLanguage":"pt-BR"},{"@type":"Person","@id":"https:\/\/gersonguelmann.com.br\/blog\/#\/schema\/person\/87e70e2a786888082f941a482c90569e","name":"Gerson Guelmann","image":{"@type":"ImageObject","inLanguage":"pt-BR","@id":"https:\/\/i0.wp.com\/gersonguelmann.com.br\/blog\/wp-content\/uploads\/2021\/08\/BLOG.jpeg?fit=96%2C96&ssl=1","url":"https:\/\/i0.wp.com\/gersonguelmann.com.br\/blog\/wp-content\/uploads\/2021\/08\/BLOG.jpeg?fit=96%2C96&ssl=1","contentUrl":"https:\/\/i0.wp.com\/gersonguelmann.com.br\/blog\/wp-content\/uploads\/2021\/08\/BLOG.jpeg?fit=96%2C96&ssl=1","caption":"Gerson Guelmann"},"description":"Pitadas da sabedoria e do humor judaicos, assuntos do momento e um pouco das hist\u00f3rias que vivi e testemunhei."}]}},"views":39,"jetpack_publicize_connections":[],"jetpack_featured_media_url":"https:\/\/i0.wp.com\/gersonguelmann.com.br\/blog\/wp-content\/uploads\/2018\/07\/fifa-world-cup-football-trophy-3d-model-low-poly-fbx-c4d-ma-mb.jpg?fit=1920%2C1080&ssl=1","jetpack_shortlink":"https:\/\/wp.me\/p96e7O-3KP","jetpack-related-posts":[{"id":14251,"url":"https:\/\/gersonguelmann.com.br\/blog\/ex-colega-juninho-pernambucano-detona-galvao-bueno\/","url_meta":{"origin":14435,"position":0},"title":"Ex-Colega, Juninho Pernambucano Detona Galv\u00e3o Bueno","author":"Gerson Guelmann","date":"22 de junho de 2018","format":false,"excerpt":"Leia mat\u00e9ria publicada hoje, ap\u00f3s o jogo do Brasil contra Costa Rica, no site Superesportes: COPA 2018 Pela internet, Juninho Pernambucano apoia Neymar e detona Galv\u00e3o Bueno Ex-comentarista da Globo disse que 'Galv\u00e3o \u00e9 intoc\u00e1vel' e insinua que narrador coloca o torcedor contra o camisa 10 da Sele\u00e7\u00e3o Brasileira \u00a0Reda\u00e7\u00e3o\u2026","rel":"","context":"Em &quot;Sem categoria&quot;","block_context":{"text":"Sem categoria","link":"https:\/\/gersonguelmann.com.br\/blog\/category\/sem-categoria\/"},"img":{"alt_text":"","src":"https:\/\/i0.wp.com\/gersonguelmann.com.br\/blog\/wp-content\/uploads\/2018\/06\/download-8.jpg?resize=350%2C200&ssl=1","width":350,"height":200},"classes":[]},{"id":14349,"url":"https:\/\/gersonguelmann.com.br\/blog\/no-final-da-novela-da-copa-neymar-ficara-com-bruna-marquezine-ou-galvao-bueno\/","url_meta":{"origin":14435,"position":1},"title":"No Final da Novela da Copa Neymar Ficar\u00e1 Com Bruna Marquezine ou Galv\u00e3o Bueno?","author":"Gerson Guelmann","date":"28 de junho de 2018","format":false,"excerpt":"As redes sociais foram inundadas nos \u00faltimos dias com as revela\u00e7\u00f5es do mal-estar criado entre Galv\u00e3o Bueno e o jogador Neymar Junior, que de \"queridinho\" do locutor teria passado a desafeto. Veja mat\u00e9ria que foi publicada h\u00e1 pouco no site Terra: BLOG SALA DE TV T\u00f4 de mal: briguinha de\u2026","rel":"","context":"Em &quot;Sem categoria&quot;","block_context":{"text":"Sem categoria","link":"https:\/\/gersonguelmann.com.br\/blog\/category\/sem-categoria\/"},"img":{"alt_text":"Jeff Ben\u00edcio","src":"https:\/\/i0.wp.com\/p2.trrsf.com\/image\/fget\/cf\/40\/40\/images.terra.com\/2016\/09\/13\/jb-foto-perfil-blog-sala-de-tv.jpg?resize=350%2C200&ssl=1","width":350,"height":200},"classes":[]},{"id":14150,"url":"https:\/\/gersonguelmann.com.br\/blog\/licao-para-os-comentaristas-da-tv-como-pronunciar-os-nomes-dos-jogadores-da-polonia\/","url_meta":{"origin":14435,"position":2},"title":"Li\u00e7\u00e3o Para os Comentaristas da TV:  Como Pronunciar os Nomes dos Jogadores da Pol\u00f4nia","author":"Gerson Guelmann","date":"20 de junho de 2018","format":false,"excerpt":"Recebi do Ulisses Iarochinski e compartilho um v\u00eddeo para quem quiser se aventurar na pron\u00fancia do nome dos jogadores polacos que est\u00e3o disputando a Copa do Mundo. \u00c9 uma pena que diante da derrota para o Senegal, ontem, as chances da Pol\u00f4nia diminu\u00edram muito, porque eu gostaria de ver como\u2026","rel":"","context":"Em &quot;Sem categoria&quot;","block_context":{"text":"Sem categoria","link":"https:\/\/gersonguelmann.com.br\/blog\/category\/sem-categoria\/"},"img":{"alt_text":"","src":"https:\/\/i0.wp.com\/gersonguelmann.com.br\/blog\/wp-content\/uploads\/2018\/06\/maxresdefault-2.jpg?fit=1200%2C675&ssl=1&resize=350%2C200","width":350,"height":200,"srcset":"https:\/\/i0.wp.com\/gersonguelmann.com.br\/blog\/wp-content\/uploads\/2018\/06\/maxresdefault-2.jpg?fit=1200%2C675&ssl=1&resize=350%2C200 1x, https:\/\/i0.wp.com\/gersonguelmann.com.br\/blog\/wp-content\/uploads\/2018\/06\/maxresdefault-2.jpg?fit=1200%2C675&ssl=1&resize=525%2C300 1.5x, https:\/\/i0.wp.com\/gersonguelmann.com.br\/blog\/wp-content\/uploads\/2018\/06\/maxresdefault-2.jpg?fit=1200%2C675&ssl=1&resize=700%2C400 2x, https:\/\/i0.wp.com\/gersonguelmann.com.br\/blog\/wp-content\/uploads\/2018\/06\/maxresdefault-2.jpg?fit=1200%2C675&ssl=1&resize=1050%2C600 3x"},"classes":[]},{"id":17878,"url":"https:\/\/gersonguelmann.com.br\/blog\/quer-saber-porque-o-piquet-nunca-trabalhou-na-globo\/","url_meta":{"origin":14435,"position":3},"title":"Quer Saber Porque o Piquet Nunca Trabalhou na Globo?","author":"Gerson Guelmann","date":"3 de agosto de 2019","format":false,"excerpt":"Foto: Wikip\u00e9dia Nelson Piquet \u00e9 conhecido pela franqueza com que aborda todos os assuntos e responde aos questionamentos. Por essa raz\u00e3o as hist\u00f3rias que contam sobre ele normalmente s\u00e3o muito engra\u00e7adas. De algumas existem apenas relatos e de outras h\u00e1 v\u00eddeos onde, fazendo jus \u00e0 fama, ele n\u00e3o poupa os\u2026","rel":"","context":"Em &quot;Sem categoria&quot;","block_context":{"text":"Sem categoria","link":"https:\/\/gersonguelmann.com.br\/blog\/category\/sem-categoria\/"},"img":{"alt_text":"","src":"https:\/\/i0.wp.com\/gersonguelmann.com.br\/blog\/wp-content\/uploads\/2019\/08\/NP.jpg?resize=350%2C200&ssl=1","width":350,"height":200},"classes":[]},{"id":9565,"url":"https:\/\/gersonguelmann.com.br\/blog\/o-dedo-de-um-jogador-comove-o-pais-inteiro\/","url_meta":{"origin":14435,"position":4},"title":"O Dedo de Um Jogador Comove o Pa\u00eds Inteiro","author":"Gerson Guelmann","date":"5 de mar\u00e7o de 2018","format":false,"excerpt":"Do Poeta popular Pedro Paulo Paulino, morador da Vila Campos, no interior de Canind\u00e9 (CE): \u00a0 \"O DEDO DE UM JOGADOR\u00a0COMOVE O PA\u00cdS INTEIRO\" \"Jornais, r\u00e1dio, internet, Canais de televis\u00e3o, A imprensa brasileira Volta completa aten\u00e7\u00e3o Para um fato aterrador: O dedo de um jogador Comove toda a na\u00e7\u00e3o. Dedo\u2026","rel":"","context":"Em &quot;Sem categoria&quot;","block_context":{"text":"Sem categoria","link":"https:\/\/gersonguelmann.com.br\/blog\/category\/sem-categoria\/"},"img":{"alt_text":"","src":"https:\/\/i0.wp.com\/gersonguelmann.com.br\/blog\/wp-content\/uploads\/2018\/03\/Neymar-300x164.jpg?resize=350%2C200&ssl=1","width":350,"height":200},"classes":[]},{"id":25997,"url":"https:\/\/gersonguelmann.com.br\/blog\/jaime-lerner-uma-divida-de-1450-dias-comeca-a-ser-quitada\/","url_meta":{"origin":14435,"position":5},"title":"Jaime Lerner: Uma D\u00edvida de 1450 Dias Come\u00e7a a Ser Quitada","author":"Gerson Guelmann","date":"19 de maio de 2025","format":false,"excerpt":"Na \u00faltima sexta-feira, 1450 dias ap\u00f3s o falecimento de Jaime Lerner, Curitiba deu um passo simb\u00f3lico \u2014 e necess\u00e1rio \u2014 para reconhecer a import\u00e2ncia de quem protagonizou a maior transforma\u00e7\u00e3o urban\u00edstica de sua hist\u00f3ria. Por defer\u00eancia do Prefeito Municipal de Curitiba, Eduardo Pimentel Slaviero, tive a honra de acompanhar a\u2026","rel":"","context":"Em &quot;Sem categoria&quot;","block_context":{"text":"Sem categoria","link":"https:\/\/gersonguelmann.com.br\/blog\/category\/sem-categoria\/"},"img":{"alt_text":"","src":"https:\/\/i0.wp.com\/gersonguelmann.com.br\/blog\/wp-content\/uploads\/2025\/05\/PREFEITO-160525-1.jpg?fit=600%2C411&ssl=1&resize=350%2C200","width":350,"height":200,"srcset":"https:\/\/i0.wp.com\/gersonguelmann.com.br\/blog\/wp-content\/uploads\/2025\/05\/PREFEITO-160525-1.jpg?fit=600%2C411&ssl=1&resize=350%2C200 1x, https:\/\/i0.wp.com\/gersonguelmann.com.br\/blog\/wp-content\/uploads\/2025\/05\/PREFEITO-160525-1.jpg?fit=600%2C411&ssl=1&resize=525%2C300 1.5x"},"classes":[]}],"jetpack_sharing_enabled":true,"post_mailing_queue_ids":[],"_links":{"self":[{"href":"https:\/\/gersonguelmann.com.br\/blog\/wp-json\/wp\/v2\/posts\/14435","targetHints":{"allow":["GET"]}}],"collection":[{"href":"https:\/\/gersonguelmann.com.br\/blog\/wp-json\/wp\/v2\/posts"}],"about":[{"href":"https:\/\/gersonguelmann.com.br\/blog\/wp-json\/wp\/v2\/types\/post"}],"author":[{"embeddable":true,"href":"https:\/\/gersonguelmann.com.br\/blog\/wp-json\/wp\/v2\/users\/5"}],"replies":[{"embeddable":true,"href":"https:\/\/gersonguelmann.com.br\/blog\/wp-json\/wp\/v2\/comments?post=14435"}],"version-history":[{"count":0,"href":"https:\/\/gersonguelmann.com.br\/blog\/wp-json\/wp\/v2\/posts\/14435\/revisions"}],"wp:featuredmedia":[{"embeddable":true,"href":"https:\/\/gersonguelmann.com.br\/blog\/wp-json\/wp\/v2\/media\/14436"}],"wp:attachment":[{"href":"https:\/\/gersonguelmann.com.br\/blog\/wp-json\/wp\/v2\/media?parent=14435"}],"wp:term":[{"taxonomy":"category","embeddable":true,"href":"https:\/\/gersonguelmann.com.br\/blog\/wp-json\/wp\/v2\/categories?post=14435"},{"taxonomy":"post_tag","embeddable":true,"href":"https:\/\/gersonguelmann.com.br\/blog\/wp-json\/wp\/v2\/tags?post=14435"}],"curies":[{"name":"wp","href":"https:\/\/api.w.org\/{rel}","templated":true}]}}