    {"id":14466,"date":"2018-07-03T20:20:17","date_gmt":"2018-07-03T23:20:17","guid":{"rendered":"https:\/\/gersonguelmann.com.br\/blog\/?p=14466"},"modified":"2018-07-03T22:59:34","modified_gmt":"2018-07-04T01:59:34","slug":"o-ministro-ricardo-lewandowski-e-a-historia-dos-11-milhoes","status":"publish","type":"post","link":"https:\/\/gersonguelmann.com.br\/blog\/o-ministro-ricardo-lewandowski-e-a-historia-dos-11-milhoes\/","title":{"rendered":"O Ministro Ricardo Lewandowski e a Hist\u00f3ria dos 11 Milh\u00f5es"},"content":{"rendered":"<p><span style=\"color: #000000; font-family: georgia, palatino, serif; font-size: 18pt;\">Mat\u00e9ria publicada no site O Antagonista:<\/span><\/p>\n<p id=\"single-title\" class=\"entry-title\"><span style=\"font-size: 18pt;\"><strong><span style=\"color: #000000;\">EXCLUSIVO: LEWANDOWSKI E O POL\u00caMICO SUMI\u00c7O DE 11 MILH\u00d5ES<\/span><\/strong><\/span><\/p>\n<p><span class=\"postmeta\" style=\"color: #000000;\"><small>B<\/small><span class=\"categoria\">rasil<\/span>\u00a0<time class=\"entry-date published\" datetime=\"2018-07-03 18:05:43\">03.07.18 18:05<br \/>\n<\/time><\/span><span style=\"color: #000000;\">Por Claudio Dantas<\/span><\/p>\n<p><span style=\"color: #000000; font-size: 14pt;\">Na \u00faltima sess\u00e3o da Segunda Turma antes do recesso, Ricardo Lewandowski demonstrou n\u00edvel de\u00a0<strong><a style=\"color: #000000;\" href=\"https:\/\/www.oantagonista.com\/brasil\/lewandowski-irritado\/\">irrita\u00e7\u00e3o acima do normal<\/a><\/strong>.<\/span><\/p>\n<p><span style=\"color: #000000; font-size: 14pt;\">O Antagonista apurou que o ministro estava particularmente incomodado, n\u00e3o com a liberta\u00e7\u00e3o de Jos\u00e9 Dirceu, mas\u00a0a pris\u00e3o do empres\u00e1rio Bruno Basso, ex-marido e ex-s\u00f3cio de Maria Cristina Boner.<\/span><\/p>\n<p><span style=\"color: #000000; font-size: 14pt;\">Para quem n\u00e3o sabe, Cristina Boner \u00e9 conhecida nos bastidores de Bras\u00edlia por seu sucesso empresarial como representante da Microsoft. No governo FHC, a empres\u00e1ria faturou bilh\u00f5es em contratos sem licita\u00e7\u00e3o. Na gest\u00e3o petista, teve como s\u00f3cio\u00a0Waldomiro Diniz, ex-assessor de Jos\u00e9 Dirceu. Em 2011, voltou ao notici\u00e1rio policial no mensal\u00e3o do DEM.<\/span><\/p>\n<p><span style=\"color: #000000; font-size: 14pt;\">Em 2008, Basso e Boner se separaram.\u00a0O div\u00f3rcio litigioso levou ao bloqueio de um montante de R$ 11 milh\u00f5es \u2013 depositados numa conta judicial vinculada \u00e0 5a Vara C\u00edvel de Barueri (SP).<\/span><\/p>\n<p><span style=\"color: #000000; font-size: 14pt;\">Ocorre que, em 14 de junho do ano passado, Cristina Boner peticionou ao gabinete de Lewandowski pela libera\u00e7\u00e3o do dinheiro. O ministro inicialmente alegou \u201cn\u00e3o cabimento\u201d do pedido \u2014 afinal, n\u00e3o se trata de mat\u00e9ria do STF.<\/span><\/p>\n<p><span style=\"color: #000000; font-size: 14pt;\">Meses depois, por\u00e9m, Lewandowski reformou sua decis\u00e3o ap\u00f3s pedido do advogado\u00a0Alexandre Falaschi e determinou a libera\u00e7\u00e3o do dinheiro. Diante da demora da 5a Vara, o ministro refor\u00e7ou o pedido em 30 de outubro \u2013\u00a0per\u00edodo em que se recuperava de um acidente em S\u00e3o Paulo.<\/span><\/p>\n<p><span style=\"color: #000000; font-size: 14pt;\">Ao saber do desbloqueio dos valores, Bruno Basso, o ex-marido, recorreu, pois n\u00e3o fora ouvido no caso. Mais uma vez, Lewandowski mudou de ideia e mandou\u00a0\u201csuspender os efeitos da liminar originalmente concedida\u201d. Ou seja, mandou cancelar a libera\u00e7\u00e3o do dinheiro. Mas Cristina Boner j\u00e1 havia limpado a conta.<\/span><\/p>\n<p><span style=\"color: #000000; font-size: 14pt;\">Para complicar a situa\u00e7\u00e3o, Bruno Basso teve a pris\u00e3o decretada em processo que a ex-mulher moveu por extors\u00e3o e agress\u00e3o.<\/span><\/p>\n<p><span style=\"color: #000000; font-size: 14pt;\">Em mar\u00e7o passado, o empres\u00e1rio protocolou um habeas corpus, distribu\u00eddo para o gabinete de Lewandowski, o mesmo que lhe deu o \u201cpreju\u00edzo\u201d dos R$ 11 milh\u00f5es. O primeiro pedido de liminar foi negado pelo ministro \u2014 que, um m\u00eas depois, mudou de opini\u00e3o (de novo) e decidiu libert\u00e1-lo.<\/span><\/p>\n<p><span style=\"color: #000000; font-size: 14pt;\">Dias mais tarde, o MPF recorreu e Lewandowski acabou levando o caso para a Segunda Turma, j\u00e1 no final de junho.<\/span><\/p>\n<p><span style=\"color: #000000; font-size: 14pt;\">Nessa \u00faltima sess\u00e3o, por\u00e9m, foi aconselhado a deixar o caso esfriar. Cristina Boner contratou Jos\u00e9 Eduardo Cardozo e Jos\u00e9 de Oliveira Lima (Juca), enquanto Admar Gonzaga, ministro do TSE, passou a dar assist\u00eancia a Bruno Basso.<\/span><\/p>\n<p><span style=\"color: #000000; font-size: 14pt;\">Pelo visto, est\u00e3o todos muito preocupados.<\/span><\/p>\n<p><span style=\"color: #000000; font-family: georgia, palatino, serif; font-size: 18pt;\">Para ler no site, <span style=\"color: #0000ff;\"><a style=\"color: #0000ff;\" href=\"https:\/\/www.oantagonista.com\/brasil\/exclusivo-lewandowski-e-o-polemico-sumico-de-11-milhoes\/\"><em><strong>clique aqui<\/strong><\/em><\/a><\/span>.<\/span><\/p>\n<p style=\"text-align: center;\"><img data-recalc-dims=\"1\" fetchpriority=\"high\" decoding=\"async\" data-attachment-id=\"14467\" data-permalink=\"https:\/\/gersonguelmann.com.br\/blog\/o-ministro-ricardo-lewandowski-e-a-historia-dos-11-milhoes\/images-38\/\" data-orig-file=\"https:\/\/i0.wp.com\/gersonguelmann.com.br\/blog\/wp-content\/uploads\/2018\/07\/images.jpg?fit=285%2C177&amp;ssl=1\" data-orig-size=\"285,177\" data-comments-opened=\"1\" data-image-meta=\"{&quot;aperture&quot;:&quot;0&quot;,&quot;credit&quot;:&quot;&quot;,&quot;camera&quot;:&quot;&quot;,&quot;caption&quot;:&quot;&quot;,&quot;created_timestamp&quot;:&quot;0&quot;,&quot;copyright&quot;:&quot;&quot;,&quot;focal_length&quot;:&quot;0&quot;,&quot;iso&quot;:&quot;0&quot;,&quot;shutter_speed&quot;:&quot;0&quot;,&quot;title&quot;:&quot;&quot;,&quot;orientation&quot;:&quot;0&quot;}\" data-image-title=\"images\" data-image-description=\"\" data-image-caption=\"\" data-medium-file=\"https:\/\/i0.wp.com\/gersonguelmann.com.br\/blog\/wp-content\/uploads\/2018\/07\/images.jpg?fit=285%2C177&amp;ssl=1\" data-large-file=\"https:\/\/i0.wp.com\/gersonguelmann.com.br\/blog\/wp-content\/uploads\/2018\/07\/images.jpg?fit=285%2C177&amp;ssl=1\" class=\"alignnone size-full wp-image-14467\" src=\"https:\/\/i0.wp.com\/gersonguelmann.com.br\/blog\/wp-content\/uploads\/2018\/07\/images.jpg?resize=285%2C177&#038;ssl=1\" alt=\"\" width=\"285\" height=\"177\" \/><\/p>\n<p style=\"text-align: center;\">\n<p>&nbsp;<\/p>\n","protected":false},"excerpt":{"rendered":"<p>Mat\u00e9ria publicada no site O Antagonista: EXCLUSIVO: LEWANDOWSKI E O POL\u00caMICO SUMI\u00c7O DE 11 MILH\u00d5ES Brasil\u00a003.07.18 18:05 Por Claudio Dantas Na \u00faltima sess\u00e3o da Segunda Turma antes do recesso, Ricardo Lewandowski demonstrou n\u00edvel de\u00a0irrita\u00e7\u00e3o acima do normal. O Antagonista apurou que o ministro estava particularmente incomodado, n\u00e3o com a liberta\u00e7\u00e3o de Jos\u00e9 Dirceu, mas\u00a0a pris\u00e3o [&hellip;]<\/p>\n","protected":false},"author":5,"featured_media":14467,"comment_status":"open","ping_status":"open","sticky":false,"template":"","format":"standard","meta":{"_acf_changed":false,"jetpack_post_was_ever_published":false,"_jetpack_newsletter_access":"","_jetpack_dont_email_post_to_subs":false,"_jetpack_newsletter_tier_id":0,"_jetpack_memberships_contains_paywalled_content":false,"_jetpack_memberships_contains_paid_content":false,"footnotes":"","jetpack_publicize_message":"","jetpack_publicize_feature_enabled":true,"jetpack_social_post_already_shared":true,"jetpack_social_options":{"image_generator_settings":{"template":"highway","default_image_id":0,"font":"","enabled":false},"version":2}},"categories":[1],"tags":[],"class_list":["post-14466","post","type-post","status-publish","format-standard","has-post-thumbnail","hentry","category-sem-categoria"],"acf":[],"yoast_head":"<!-- This site is optimized with the Yoast SEO plugin v27.3 - https:\/\/yoast.com\/product\/yoast-seo-wordpress\/ -->\n<title>O Ministro Ricardo Lewandowski e a Hist\u00f3ria dos 11 Milh\u00f5es | Blog do Guelmann<\/title>\n<meta name=\"robots\" content=\"index, follow, max-snippet:-1, max-image-preview:large, max-video-preview:-1\" \/>\n<link rel=\"canonical\" href=\"https:\/\/gersonguelmann.com.br\/blog\/o-ministro-ricardo-lewandowski-e-a-historia-dos-11-milhoes\/\" \/>\n<meta property=\"og:locale\" content=\"pt_BR\" \/>\n<meta property=\"og:type\" content=\"article\" \/>\n<meta property=\"og:title\" content=\"O Ministro Ricardo Lewandowski e a Hist\u00f3ria dos 11 Milh\u00f5es | Blog do Guelmann\" \/>\n<meta property=\"og:description\" content=\"Mat\u00e9ria publicada no site O Antagonista: EXCLUSIVO: LEWANDOWSKI E O POL\u00caMICO SUMI\u00c7O DE 11 MILH\u00d5ES Brasil\u00a003.07.18 18:05 Por Claudio Dantas Na \u00faltima sess\u00e3o da Segunda Turma antes do recesso, Ricardo Lewandowski demonstrou n\u00edvel de\u00a0irrita\u00e7\u00e3o acima do normal. O Antagonista apurou que o ministro estava particularmente incomodado, n\u00e3o com a liberta\u00e7\u00e3o de Jos\u00e9 Dirceu, mas\u00a0a pris\u00e3o [&hellip;]\" \/>\n<meta property=\"og:url\" content=\"https:\/\/gersonguelmann.com.br\/blog\/o-ministro-ricardo-lewandowski-e-a-historia-dos-11-milhoes\/\" \/>\n<meta property=\"og:site_name\" content=\"Blog do Guelmann\" \/>\n<meta property=\"article:published_time\" content=\"2018-07-03T23:20:17+00:00\" \/>\n<meta property=\"article:modified_time\" content=\"2018-07-04T01:59:34+00:00\" \/>\n<meta property=\"og:image\" content=\"https:\/\/i0.wp.com\/gersonguelmann.com.br\/blog\/wp-content\/uploads\/2018\/07\/images.jpg?fit=285%2C177&ssl=1\" \/>\n\t<meta property=\"og:image:width\" content=\"285\" \/>\n\t<meta property=\"og:image:height\" content=\"177\" \/>\n\t<meta property=\"og:image:type\" content=\"image\/jpeg\" \/>\n<meta name=\"author\" content=\"Gerson Guelmann\" \/>\n<meta name=\"twitter:card\" content=\"summary_large_image\" \/>\n<meta name=\"twitter:label1\" content=\"Escrito por\" \/>\n\t<meta name=\"twitter:data1\" content=\"Gerson Guelmann\" \/>\n\t<meta name=\"twitter:label2\" content=\"Est. tempo de leitura\" \/>\n\t<meta name=\"twitter:data2\" content=\"2 minutos\" \/>\n<script type=\"application\/ld+json\" class=\"yoast-schema-graph\">{\"@context\":\"https:\\\/\\\/schema.org\",\"@graph\":[{\"@type\":\"Article\",\"@id\":\"https:\\\/\\\/gersonguelmann.com.br\\\/blog\\\/o-ministro-ricardo-lewandowski-e-a-historia-dos-11-milhoes\\\/#article\",\"isPartOf\":{\"@id\":\"https:\\\/\\\/gersonguelmann.com.br\\\/blog\\\/o-ministro-ricardo-lewandowski-e-a-historia-dos-11-milhoes\\\/\"},\"author\":{\"name\":\"Gerson Guelmann\",\"@id\":\"https:\\\/\\\/gersonguelmann.com.br\\\/blog\\\/#\\\/schema\\\/person\\\/87e70e2a786888082f941a482c90569e\"},\"headline\":\"O Ministro Ricardo Lewandowski e a Hist\u00f3ria dos 11 Milh\u00f5es\",\"datePublished\":\"2018-07-03T23:20:17+00:00\",\"dateModified\":\"2018-07-04T01:59:34+00:00\",\"mainEntityOfPage\":{\"@id\":\"https:\\\/\\\/gersonguelmann.com.br\\\/blog\\\/o-ministro-ricardo-lewandowski-e-a-historia-dos-11-milhoes\\\/\"},\"wordCount\":475,\"commentCount\":0,\"image\":{\"@id\":\"https:\\\/\\\/gersonguelmann.com.br\\\/blog\\\/o-ministro-ricardo-lewandowski-e-a-historia-dos-11-milhoes\\\/#primaryimage\"},\"thumbnailUrl\":\"https:\\\/\\\/i0.wp.com\\\/gersonguelmann.com.br\\\/blog\\\/wp-content\\\/uploads\\\/2018\\\/07\\\/images.jpg?fit=285%2C177&ssl=1\",\"inLanguage\":\"pt-BR\",\"potentialAction\":[{\"@type\":\"CommentAction\",\"name\":\"Comment\",\"target\":[\"https:\\\/\\\/gersonguelmann.com.br\\\/blog\\\/o-ministro-ricardo-lewandowski-e-a-historia-dos-11-milhoes\\\/#respond\"]}]},{\"@type\":\"WebPage\",\"@id\":\"https:\\\/\\\/gersonguelmann.com.br\\\/blog\\\/o-ministro-ricardo-lewandowski-e-a-historia-dos-11-milhoes\\\/\",\"url\":\"https:\\\/\\\/gersonguelmann.com.br\\\/blog\\\/o-ministro-ricardo-lewandowski-e-a-historia-dos-11-milhoes\\\/\",\"name\":\"O Ministro Ricardo Lewandowski e a Hist\u00f3ria dos 11 Milh\u00f5es | Blog do Guelmann\",\"isPartOf\":{\"@id\":\"https:\\\/\\\/gersonguelmann.com.br\\\/blog\\\/#website\"},\"primaryImageOfPage\":{\"@id\":\"https:\\\/\\\/gersonguelmann.com.br\\\/blog\\\/o-ministro-ricardo-lewandowski-e-a-historia-dos-11-milhoes\\\/#primaryimage\"},\"image\":{\"@id\":\"https:\\\/\\\/gersonguelmann.com.br\\\/blog\\\/o-ministro-ricardo-lewandowski-e-a-historia-dos-11-milhoes\\\/#primaryimage\"},\"thumbnailUrl\":\"https:\\\/\\\/i0.wp.com\\\/gersonguelmann.com.br\\\/blog\\\/wp-content\\\/uploads\\\/2018\\\/07\\\/images.jpg?fit=285%2C177&ssl=1\",\"datePublished\":\"2018-07-03T23:20:17+00:00\",\"dateModified\":\"2018-07-04T01:59:34+00:00\",\"author\":{\"@id\":\"https:\\\/\\\/gersonguelmann.com.br\\\/blog\\\/#\\\/schema\\\/person\\\/87e70e2a786888082f941a482c90569e\"},\"inLanguage\":\"pt-BR\",\"potentialAction\":[{\"@type\":\"ReadAction\",\"target\":[\"https:\\\/\\\/gersonguelmann.com.br\\\/blog\\\/o-ministro-ricardo-lewandowski-e-a-historia-dos-11-milhoes\\\/\"]}]},{\"@type\":\"ImageObject\",\"inLanguage\":\"pt-BR\",\"@id\":\"https:\\\/\\\/gersonguelmann.com.br\\\/blog\\\/o-ministro-ricardo-lewandowski-e-a-historia-dos-11-milhoes\\\/#primaryimage\",\"url\":\"https:\\\/\\\/i0.wp.com\\\/gersonguelmann.com.br\\\/blog\\\/wp-content\\\/uploads\\\/2018\\\/07\\\/images.jpg?fit=285%2C177&ssl=1\",\"contentUrl\":\"https:\\\/\\\/i0.wp.com\\\/gersonguelmann.com.br\\\/blog\\\/wp-content\\\/uploads\\\/2018\\\/07\\\/images.jpg?fit=285%2C177&ssl=1\",\"width\":285,\"height\":177},{\"@type\":\"WebSite\",\"@id\":\"https:\\\/\\\/gersonguelmann.com.br\\\/blog\\\/#website\",\"url\":\"https:\\\/\\\/gersonguelmann.com.br\\\/blog\\\/\",\"name\":\"Blog do Guelmann\",\"description\":\"Pitadas da sabedoria e do humor judaicos, assuntos do momento e um pouco das hist\u00f3rias que vivi e testemunhei.\",\"potentialAction\":[{\"@type\":\"SearchAction\",\"target\":{\"@type\":\"EntryPoint\",\"urlTemplate\":\"https:\\\/\\\/gersonguelmann.com.br\\\/blog\\\/?s={search_term_string}\"},\"query-input\":{\"@type\":\"PropertyValueSpecification\",\"valueRequired\":true,\"valueName\":\"search_term_string\"}}],\"inLanguage\":\"pt-BR\"},{\"@type\":\"Person\",\"@id\":\"https:\\\/\\\/gersonguelmann.com.br\\\/blog\\\/#\\\/schema\\\/person\\\/87e70e2a786888082f941a482c90569e\",\"name\":\"Gerson Guelmann\",\"image\":{\"@type\":\"ImageObject\",\"inLanguage\":\"pt-BR\",\"@id\":\"https:\\\/\\\/i0.wp.com\\\/gersonguelmann.com.br\\\/blog\\\/wp-content\\\/uploads\\\/2021\\\/08\\\/BLOG.jpeg?fit=96%2C96&ssl=1\",\"url\":\"https:\\\/\\\/i0.wp.com\\\/gersonguelmann.com.br\\\/blog\\\/wp-content\\\/uploads\\\/2021\\\/08\\\/BLOG.jpeg?fit=96%2C96&ssl=1\",\"contentUrl\":\"https:\\\/\\\/i0.wp.com\\\/gersonguelmann.com.br\\\/blog\\\/wp-content\\\/uploads\\\/2021\\\/08\\\/BLOG.jpeg?fit=96%2C96&ssl=1\",\"caption\":\"Gerson Guelmann\"},\"description\":\"Pitadas da sabedoria e do humor judaicos, assuntos do momento e um pouco das hist\u00f3rias que vivi e testemunhei.\"}]}<\/script>\n<!-- \/ Yoast SEO plugin. -->","yoast_head_json":{"title":"O Ministro Ricardo Lewandowski e a Hist\u00f3ria dos 11 Milh\u00f5es | Blog do Guelmann","robots":{"index":"index","follow":"follow","max-snippet":"max-snippet:-1","max-image-preview":"max-image-preview:large","max-video-preview":"max-video-preview:-1"},"canonical":"https:\/\/gersonguelmann.com.br\/blog\/o-ministro-ricardo-lewandowski-e-a-historia-dos-11-milhoes\/","og_locale":"pt_BR","og_type":"article","og_title":"O Ministro Ricardo Lewandowski e a Hist\u00f3ria dos 11 Milh\u00f5es | Blog do Guelmann","og_description":"Mat\u00e9ria publicada no site O Antagonista: EXCLUSIVO: LEWANDOWSKI E O POL\u00caMICO SUMI\u00c7O DE 11 MILH\u00d5ES Brasil\u00a003.07.18 18:05 Por Claudio Dantas Na \u00faltima sess\u00e3o da Segunda Turma antes do recesso, Ricardo Lewandowski demonstrou n\u00edvel de\u00a0irrita\u00e7\u00e3o acima do normal. O Antagonista apurou que o ministro estava particularmente incomodado, n\u00e3o com a liberta\u00e7\u00e3o de Jos\u00e9 Dirceu, mas\u00a0a pris\u00e3o [&hellip;]","og_url":"https:\/\/gersonguelmann.com.br\/blog\/o-ministro-ricardo-lewandowski-e-a-historia-dos-11-milhoes\/","og_site_name":"Blog do Guelmann","article_published_time":"2018-07-03T23:20:17+00:00","article_modified_time":"2018-07-04T01:59:34+00:00","og_image":[{"width":285,"height":177,"url":"https:\/\/i0.wp.com\/gersonguelmann.com.br\/blog\/wp-content\/uploads\/2018\/07\/images.jpg?fit=285%2C177&ssl=1","type":"image\/jpeg"}],"author":"Gerson Guelmann","twitter_card":"summary_large_image","twitter_misc":{"Escrito por":"Gerson Guelmann","Est. tempo de leitura":"2 minutos"},"schema":{"@context":"https:\/\/schema.org","@graph":[{"@type":"Article","@id":"https:\/\/gersonguelmann.com.br\/blog\/o-ministro-ricardo-lewandowski-e-a-historia-dos-11-milhoes\/#article","isPartOf":{"@id":"https:\/\/gersonguelmann.com.br\/blog\/o-ministro-ricardo-lewandowski-e-a-historia-dos-11-milhoes\/"},"author":{"name":"Gerson Guelmann","@id":"https:\/\/gersonguelmann.com.br\/blog\/#\/schema\/person\/87e70e2a786888082f941a482c90569e"},"headline":"O Ministro Ricardo Lewandowski e a Hist\u00f3ria dos 11 Milh\u00f5es","datePublished":"2018-07-03T23:20:17+00:00","dateModified":"2018-07-04T01:59:34+00:00","mainEntityOfPage":{"@id":"https:\/\/gersonguelmann.com.br\/blog\/o-ministro-ricardo-lewandowski-e-a-historia-dos-11-milhoes\/"},"wordCount":475,"commentCount":0,"image":{"@id":"https:\/\/gersonguelmann.com.br\/blog\/o-ministro-ricardo-lewandowski-e-a-historia-dos-11-milhoes\/#primaryimage"},"thumbnailUrl":"https:\/\/i0.wp.com\/gersonguelmann.com.br\/blog\/wp-content\/uploads\/2018\/07\/images.jpg?fit=285%2C177&ssl=1","inLanguage":"pt-BR","potentialAction":[{"@type":"CommentAction","name":"Comment","target":["https:\/\/gersonguelmann.com.br\/blog\/o-ministro-ricardo-lewandowski-e-a-historia-dos-11-milhoes\/#respond"]}]},{"@type":"WebPage","@id":"https:\/\/gersonguelmann.com.br\/blog\/o-ministro-ricardo-lewandowski-e-a-historia-dos-11-milhoes\/","url":"https:\/\/gersonguelmann.com.br\/blog\/o-ministro-ricardo-lewandowski-e-a-historia-dos-11-milhoes\/","name":"O Ministro Ricardo Lewandowski e a Hist\u00f3ria dos 11 Milh\u00f5es | Blog do Guelmann","isPartOf":{"@id":"https:\/\/gersonguelmann.com.br\/blog\/#website"},"primaryImageOfPage":{"@id":"https:\/\/gersonguelmann.com.br\/blog\/o-ministro-ricardo-lewandowski-e-a-historia-dos-11-milhoes\/#primaryimage"},"image":{"@id":"https:\/\/gersonguelmann.com.br\/blog\/o-ministro-ricardo-lewandowski-e-a-historia-dos-11-milhoes\/#primaryimage"},"thumbnailUrl":"https:\/\/i0.wp.com\/gersonguelmann.com.br\/blog\/wp-content\/uploads\/2018\/07\/images.jpg?fit=285%2C177&ssl=1","datePublished":"2018-07-03T23:20:17+00:00","dateModified":"2018-07-04T01:59:34+00:00","author":{"@id":"https:\/\/gersonguelmann.com.br\/blog\/#\/schema\/person\/87e70e2a786888082f941a482c90569e"},"inLanguage":"pt-BR","potentialAction":[{"@type":"ReadAction","target":["https:\/\/gersonguelmann.com.br\/blog\/o-ministro-ricardo-lewandowski-e-a-historia-dos-11-milhoes\/"]}]},{"@type":"ImageObject","inLanguage":"pt-BR","@id":"https:\/\/gersonguelmann.com.br\/blog\/o-ministro-ricardo-lewandowski-e-a-historia-dos-11-milhoes\/#primaryimage","url":"https:\/\/i0.wp.com\/gersonguelmann.com.br\/blog\/wp-content\/uploads\/2018\/07\/images.jpg?fit=285%2C177&ssl=1","contentUrl":"https:\/\/i0.wp.com\/gersonguelmann.com.br\/blog\/wp-content\/uploads\/2018\/07\/images.jpg?fit=285%2C177&ssl=1","width":285,"height":177},{"@type":"WebSite","@id":"https:\/\/gersonguelmann.com.br\/blog\/#website","url":"https:\/\/gersonguelmann.com.br\/blog\/","name":"Blog do Guelmann","description":"Pitadas da sabedoria e do humor judaicos, assuntos do momento e um pouco das hist\u00f3rias que vivi e testemunhei.","potentialAction":[{"@type":"SearchAction","target":{"@type":"EntryPoint","urlTemplate":"https:\/\/gersonguelmann.com.br\/blog\/?s={search_term_string}"},"query-input":{"@type":"PropertyValueSpecification","valueRequired":true,"valueName":"search_term_string"}}],"inLanguage":"pt-BR"},{"@type":"Person","@id":"https:\/\/gersonguelmann.com.br\/blog\/#\/schema\/person\/87e70e2a786888082f941a482c90569e","name":"Gerson Guelmann","image":{"@type":"ImageObject","inLanguage":"pt-BR","@id":"https:\/\/i0.wp.com\/gersonguelmann.com.br\/blog\/wp-content\/uploads\/2021\/08\/BLOG.jpeg?fit=96%2C96&ssl=1","url":"https:\/\/i0.wp.com\/gersonguelmann.com.br\/blog\/wp-content\/uploads\/2021\/08\/BLOG.jpeg?fit=96%2C96&ssl=1","contentUrl":"https:\/\/i0.wp.com\/gersonguelmann.com.br\/blog\/wp-content\/uploads\/2021\/08\/BLOG.jpeg?fit=96%2C96&ssl=1","caption":"Gerson Guelmann"},"description":"Pitadas da sabedoria e do humor judaicos, assuntos do momento e um pouco das hist\u00f3rias que vivi e testemunhei."}]}},"views":85,"jetpack_publicize_connections":[],"jetpack_featured_media_url":"https:\/\/i0.wp.com\/gersonguelmann.com.br\/blog\/wp-content\/uploads\/2018\/07\/images.jpg?fit=285%2C177&ssl=1","jetpack_shortlink":"https:\/\/wp.me\/p96e7O-3Lk","jetpack-related-posts":[{"id":15378,"url":"https:\/\/gersonguelmann.com.br\/blog\/irritado-em-aviao-ministro-lewandowski-pede-prisao-de-passageiro\/","url_meta":{"origin":14466,"position":0},"title":"Irritado em Avi\u00e3o, Ministro Lewandowski Pede Pris\u00e3o de Passageiro","author":"Gerson Guelmann","date":"4 de dezembro de 2018","format":false,"excerpt":"Coisas do nosso Brasil varonil, mostradas pelo site Di\u00e1rio do Poder em publica\u00e7\u00e3o feita h\u00e1 pouco: 'VOC\u00ca QUER SER PRESO?' Ministro Lewandowski pede a PF em avi\u00e3o ap\u00f3s ouvir que o \u2018STF \u00e9 uma vergonha\u2019 Ministro chama Pol\u00edcia Federal ap\u00f3s ouvir cr\u00edticas de um cidad\u00e3o sobre o STF Tiago Vasconcelos\u2026","rel":"","context":"Em &quot;Sem categoria&quot;","block_context":{"text":"Sem categoria","link":"https:\/\/gersonguelmann.com.br\/blog\/category\/sem-categoria\/"},"img":{"alt_text":"","src":"https:\/\/i0.wp.com\/gersonguelmann.com.br\/blog\/wp-content\/uploads\/2018\/12\/Thumbmnail-Lewandowski.png?fit=946%2C594&ssl=1&resize=350%2C200","width":350,"height":200,"srcset":"https:\/\/i0.wp.com\/gersonguelmann.com.br\/blog\/wp-content\/uploads\/2018\/12\/Thumbmnail-Lewandowski.png?fit=946%2C594&ssl=1&resize=350%2C200 1x, https:\/\/i0.wp.com\/gersonguelmann.com.br\/blog\/wp-content\/uploads\/2018\/12\/Thumbmnail-Lewandowski.png?fit=946%2C594&ssl=1&resize=525%2C300 1.5x, https:\/\/i0.wp.com\/gersonguelmann.com.br\/blog\/wp-content\/uploads\/2018\/12\/Thumbmnail-Lewandowski.png?fit=946%2C594&ssl=1&resize=700%2C400 2x"},"classes":[]},{"id":14300,"url":"https:\/\/gersonguelmann.com.br\/blog\/jose-dirceu-saira-da-prisao\/","url_meta":{"origin":14466,"position":1},"title":"Jos\u00e9 Dirceu Sair\u00e1 da Pris\u00e3o","author":"Gerson Guelmann","date":"26 de junho de 2018","format":false,"excerpt":"O site O Antagonista acaba de informar que o STF suspendeu a execu\u00e7\u00e3o da senten\u00e7a e determinou a soltura de Jos\u00e9 Dirceu. O texto \u00e9 o seguinte: STF SOLTA DIRCEU Brasil\u00a026.06.18 14:01A Segunda Turma do STF acaba de concluir o julgamento que soltou Jos\u00e9 Dirceu. Ricardo Lewandowski, Dias Toffoli e\u2026","rel":"","context":"Em &quot;Sem categoria&quot;","block_context":{"text":"Sem categoria","link":"https:\/\/gersonguelmann.com.br\/blog\/category\/sem-categoria\/"},"img":{"alt_text":"","src":"https:\/\/i0.wp.com\/gersonguelmann.com.br\/blog\/wp-content\/uploads\/2018\/06\/dirceu-nocaute.jpg?fit=561%2C369&ssl=1&resize=350%2C200","width":350,"height":200,"srcset":"https:\/\/i0.wp.com\/gersonguelmann.com.br\/blog\/wp-content\/uploads\/2018\/06\/dirceu-nocaute.jpg?fit=561%2C369&ssl=1&resize=350%2C200 1x, https:\/\/i0.wp.com\/gersonguelmann.com.br\/blog\/wp-content\/uploads\/2018\/06\/dirceu-nocaute.jpg?fit=561%2C369&ssl=1&resize=525%2C300 1.5x"},"classes":[]},{"id":12713,"url":"https:\/\/gersonguelmann.com.br\/blog\/gilmar-quem-diria-votou-contra-lula\/","url_meta":{"origin":14466,"position":2},"title":"Gilmar, Quem Diria, Votou Contra Lula!","author":"Gerson Guelmann","date":"9 de maio de 2018","format":false,"excerpt":"Do site O Antagonista: GILMAR NEGA PEDIDO PARA QUE LULA SEJA SOLTO Brasil\u00a009.05.18 18:21 Gilmar Mendes votou no plen\u00e1rio virtual do STF contra o recurso apresentado pela defesa de Lula para reverter a sua pris\u00e3o, informa a Coluna do Estad\u00e3o. Com isso, tr\u00eas dos cinco ministros da Segunda Turma do\u2026","rel":"","context":"Em &quot;Sem categoria&quot;","block_context":{"text":"Sem categoria","link":"https:\/\/gersonguelmann.com.br\/blog\/category\/sem-categoria\/"},"img":{"alt_text":"","src":"https:\/\/i0.wp.com\/gersonguelmann.com.br\/blog\/wp-content\/uploads\/2018\/05\/download-6-300x146.jpg?resize=350%2C200&ssl=1","width":350,"height":200},"classes":[]},{"id":13782,"url":"https:\/\/gersonguelmann.com.br\/blog\/gleisi-sera-julgada-pelo-supremo\/","url_meta":{"origin":14466,"position":3},"title":"Gleisi Ser\u00e1 Julgada Pelo Supremo","author":"Gerson Guelmann","date":"8 de junho de 2018","format":false,"excerpt":"O site O Antagonista acaba de informar: CELSO DE MELLO LIBERA A\u00c7\u00c3O DE GLEISI PARA JULGAMENTO Brasil\u00a008.06.18 15:11 Celso de Mello liberou a a\u00e7\u00e3o penal contra Gleisi Hoffmann e Paulo Bernardo na Lava Jato para julgamento pelo Supremo, informa o rep\u00f3rter Daniel Adjuto, do SBT. Caber\u00e1 a Ricardo Lewandowski, que\u2026","rel":"","context":"Em &quot;Sem categoria&quot;","block_context":{"text":"Sem categoria","link":"https:\/\/gersonguelmann.com.br\/blog\/category\/sem-categoria\/"},"img":{"alt_text":"","src":"https:\/\/i0.wp.com\/gersonguelmann.com.br\/blog\/wp-content\/uploads\/2018\/06\/Gleisi.jpg?fit=890%2C500&ssl=1&resize=350%2C200","width":350,"height":200,"srcset":"https:\/\/i0.wp.com\/gersonguelmann.com.br\/blog\/wp-content\/uploads\/2018\/06\/Gleisi.jpg?fit=890%2C500&ssl=1&resize=350%2C200 1x, https:\/\/i0.wp.com\/gersonguelmann.com.br\/blog\/wp-content\/uploads\/2018\/06\/Gleisi.jpg?fit=890%2C500&ssl=1&resize=525%2C300 1.5x, https:\/\/i0.wp.com\/gersonguelmann.com.br\/blog\/wp-content\/uploads\/2018\/06\/Gleisi.jpg?fit=890%2C500&ssl=1&resize=700%2C400 2x"},"classes":[]},{"id":2280,"url":"https:\/\/gersonguelmann.com.br\/blog\/o-canalha-vaga-como-fantasma\/","url_meta":{"origin":14466,"position":4},"title":"O Canalha Vaga Como Fantasma","author":"Gerson Guelmann","date":"2 de outubro de 2017","format":false,"excerpt":"Roger Abdelmassih, o ex-m\u00e9dico condenado por 48 estupros de 37 pacientes, segue firme no plano de milhagens no transporte de ambul\u00e2ncia entre o pres\u00eddio e a casa. H\u00e1 2 meses ele esteve internado por conta de uma infec\u00e7\u00e3o urin\u00e1ria e ap\u00f3s a alta deveria ter retornado ao sistema prisional, mas\u2026","rel":"","context":"Em &quot;Sem categoria&quot;","block_context":{"text":"Sem categoria","link":"https:\/\/gersonguelmann.com.br\/blog\/category\/sem-categoria\/"},"img":{"alt_text":"","src":"https:\/\/i0.wp.com\/gersonguelmann.com.br\/blog\/wp-content\/uploads\/2017\/10\/RA.png?fit=1174%2C658&ssl=1&resize=350%2C200","width":350,"height":200,"srcset":"https:\/\/i0.wp.com\/gersonguelmann.com.br\/blog\/wp-content\/uploads\/2017\/10\/RA.png?fit=1174%2C658&ssl=1&resize=350%2C200 1x, https:\/\/i0.wp.com\/gersonguelmann.com.br\/blog\/wp-content\/uploads\/2017\/10\/RA.png?fit=1174%2C658&ssl=1&resize=525%2C300 1.5x, https:\/\/i0.wp.com\/gersonguelmann.com.br\/blog\/wp-content\/uploads\/2017\/10\/RA.png?fit=1174%2C658&ssl=1&resize=700%2C400 2x, https:\/\/i0.wp.com\/gersonguelmann.com.br\/blog\/wp-content\/uploads\/2017\/10\/RA.png?fit=1174%2C658&ssl=1&resize=1050%2C600 3x"},"classes":[]},{"id":15394,"url":"https:\/\/gersonguelmann.com.br\/blog\/antes-de-ser-preso-passageiro-desabafa-sobre-atitude-de-lewandowski\/","url_meta":{"origin":14466,"position":5},"title":"Antes de Ser Preso, Passageiro Desabafa Sobre Atitude de Lewandowski","author":"Gerson Guelmann","date":"4 de dezembro de 2018","format":false,"excerpt":"Mais cedo publiquei o v\u00eddeo gravado hoje no interior de uma aeronave que sairia de S\u00e3o Paulo para Brasilia, quando um passageiro, ap\u00f3s manifestar ao Ministro Lewandowski sua opini\u00e3o acerca do STF, foi por ele amea\u00e7ado de pris\u00e3o. \u00c0quela hora n\u00e3o se sabia ainda do desfecho do caso, que terminou\u2026","rel":"","context":"Em &quot;Sem categoria&quot;","block_context":{"text":"Sem categoria","link":"https:\/\/gersonguelmann.com.br\/blog\/category\/sem-categoria\/"},"img":{"alt_text":"","src":"https:\/\/i0.wp.com\/gersonguelmann.com.br\/blog\/wp-content\/uploads\/2018\/12\/Lewandowski.jpg?resize=350%2C200&ssl=1","width":350,"height":200},"classes":[]}],"jetpack_sharing_enabled":true,"post_mailing_queue_ids":[],"_links":{"self":[{"href":"https:\/\/gersonguelmann.com.br\/blog\/wp-json\/wp\/v2\/posts\/14466","targetHints":{"allow":["GET"]}}],"collection":[{"href":"https:\/\/gersonguelmann.com.br\/blog\/wp-json\/wp\/v2\/posts"}],"about":[{"href":"https:\/\/gersonguelmann.com.br\/blog\/wp-json\/wp\/v2\/types\/post"}],"author":[{"embeddable":true,"href":"https:\/\/gersonguelmann.com.br\/blog\/wp-json\/wp\/v2\/users\/5"}],"replies":[{"embeddable":true,"href":"https:\/\/gersonguelmann.com.br\/blog\/wp-json\/wp\/v2\/comments?post=14466"}],"version-history":[{"count":0,"href":"https:\/\/gersonguelmann.com.br\/blog\/wp-json\/wp\/v2\/posts\/14466\/revisions"}],"wp:featuredmedia":[{"embeddable":true,"href":"https:\/\/gersonguelmann.com.br\/blog\/wp-json\/wp\/v2\/media\/14467"}],"wp:attachment":[{"href":"https:\/\/gersonguelmann.com.br\/blog\/wp-json\/wp\/v2\/media?parent=14466"}],"wp:term":[{"taxonomy":"category","embeddable":true,"href":"https:\/\/gersonguelmann.com.br\/blog\/wp-json\/wp\/v2\/categories?post=14466"},{"taxonomy":"post_tag","embeddable":true,"href":"https:\/\/gersonguelmann.com.br\/blog\/wp-json\/wp\/v2\/tags?post=14466"}],"curies":[{"name":"wp","href":"https:\/\/api.w.org\/{rel}","templated":true}]}}