    {"id":14469,"date":"2018-07-03T20:39:22","date_gmt":"2018-07-03T23:39:22","guid":{"rendered":"https:\/\/gersonguelmann.com.br\/blog\/?p=14469"},"modified":"2018-07-03T22:59:26","modified_gmt":"2018-07-04T01:59:26","slug":"enquanto-isso-toffoli-mantem-preso-homem-que-roubou-bermuda-de-r-10","status":"publish","type":"post","link":"https:\/\/gersonguelmann.com.br\/blog\/enquanto-isso-toffoli-mantem-preso-homem-que-roubou-bermuda-de-r-10\/","title":{"rendered":"Enquanto Isso&#8230; Toffoli Mant\u00e9m Preso Homem Que Roubou Bermuda de R$ 10"},"content":{"rendered":"<p><span style=\"color: #000000; font-family: georgia, palatino, serif; font-size: 18pt;\">N\u00e3o, voc\u00ea e eu n\u00e3o estamos loucos.\u00a0<\/span><span style=\"color: #000000; font-family: georgia, palatino, serif; font-size: 18pt;\">\u00c9 exatamente isso que voc\u00ea leu.<\/span><\/p>\n<p><span style=\"color: #000000; font-family: georgia, palatino, serif; font-size: 18pt;\">Veja o que disse O Antagonista:<\/span><\/p>\n<p id=\"single-title\" class=\"entry-title\"><span style=\"font-size: 24pt;\"><strong><span style=\"color: #000000;\">Toffoli nega HC a homem que furtou bermuda de R$ 10<\/span><\/strong><\/span><\/p>\n<p><span class=\"postmeta\" style=\"color: #000000;\"><span class=\"categoria\">Brasil<\/span>\u00a0<time class=\"entry-date published\" datetime=\"2018-07-03 19:26:55\">03.07.18 19:26<\/time><\/span><\/p>\n<p><span style=\"color: #000000; font-size: 14pt;\">Em decis\u00e3o monocr\u00e1tica, Dias Toffoli negou habeas corpus a um homem condenado pelo furto de uma bermuda que custava R$ 10 \u2013devolvida \u00e0 loja de onde foi retirada.<\/span><\/p>\n<p><span style=\"color: #000000; font-size: 14pt;\">O site jur\u00eddico Jota publicou reportagem sobre o caso no fim de semana. Segundo a Defensoria P\u00fablica da Uni\u00e3o, que atende o acusado, o homem \u00e9 alco\u00f3latra e morador de rua. Ele foi condenado a um ano e sete meses de reclus\u00e3o pelo furto, pena mantida pelo TJ-MG e pelo STJ.<\/span><\/p>\n<p><span style=\"color: #000000; font-size: 14pt;\">O MPF defendeu a concess\u00e3o do habeas corpus, mas Toffoli negou argumentando que o r\u00e9u \u00e9 reincidente e, nesses casos, a jurisprud\u00eancia do STF impede a aplica\u00e7\u00e3o do princ\u00edpio da insignific\u00e2ncia.<\/span><\/p>\n<p><span style=\"color: #000000; font-size: 14pt;\">Esse \u00e9 o mesmo Dias Toffoli que, tamb\u00e9m monocraticamente, decidiu que Jos\u00e9 Dirceu \u2013condenado no mensal\u00e3o e na Lava Jato\u2013\u00a0n\u00e3o pode ser submetido ao inc\u00f4modo de uma tornozeleira eletr\u00f4nica.<\/span><\/p>\n<p><span style=\"font-family: georgia, palatino, serif; font-size: 18pt; color: #000000;\">Para conferir, a mat\u00e9ria no site pode ser lida <a href=\"https:\/\/www.oantagonista.com\/brasil\/toffoli-nega-hc-homem-que-furtou-bermuda-de-r-10\/\"><span style=\"color: #0000ff;\"><em><strong>aqui<\/strong><\/em><\/span><\/a>.\u00a0<\/span><\/p>\n<p><img data-recalc-dims=\"1\" fetchpriority=\"high\" decoding=\"async\" data-attachment-id=\"14470\" data-permalink=\"https:\/\/gersonguelmann.com.br\/blog\/enquanto-isso-toffoli-mantem-preso-homem-que-roubou-bermuda-de-r-10\/bermuda\/\" data-orig-file=\"https:\/\/i0.wp.com\/gersonguelmann.com.br\/blog\/wp-content\/uploads\/2018\/07\/Bermuda.jpg?fit=205%2C246&amp;ssl=1\" data-orig-size=\"205,246\" data-comments-opened=\"1\" data-image-meta=\"{&quot;aperture&quot;:&quot;0&quot;,&quot;credit&quot;:&quot;&quot;,&quot;camera&quot;:&quot;&quot;,&quot;caption&quot;:&quot;&quot;,&quot;created_timestamp&quot;:&quot;0&quot;,&quot;copyright&quot;:&quot;&quot;,&quot;focal_length&quot;:&quot;0&quot;,&quot;iso&quot;:&quot;0&quot;,&quot;shutter_speed&quot;:&quot;0&quot;,&quot;title&quot;:&quot;&quot;,&quot;orientation&quot;:&quot;0&quot;}\" data-image-title=\"Bermuda\" data-image-description=\"\" data-image-caption=\"\" data-medium-file=\"https:\/\/i0.wp.com\/gersonguelmann.com.br\/blog\/wp-content\/uploads\/2018\/07\/Bermuda.jpg?fit=205%2C246&amp;ssl=1\" data-large-file=\"https:\/\/i0.wp.com\/gersonguelmann.com.br\/blog\/wp-content\/uploads\/2018\/07\/Bermuda.jpg?fit=205%2C246&amp;ssl=1\" class=\"size-full wp-image-14470 aligncenter\" src=\"https:\/\/i0.wp.com\/gersonguelmann.com.br\/blog\/wp-content\/uploads\/2018\/07\/Bermuda.jpg?resize=205%2C246&#038;ssl=1\" alt=\"\" width=\"205\" height=\"246\" \/><\/p>\n<p>&nbsp;<\/p>\n","protected":false},"excerpt":{"rendered":"<p>N\u00e3o, voc\u00ea e eu n\u00e3o estamos loucos.\u00a0\u00c9 exatamente isso que voc\u00ea leu. Veja o que disse O Antagonista: Toffoli nega HC a homem que furtou bermuda de R$ 10 Brasil\u00a003.07.18 19:26 Em decis\u00e3o monocr\u00e1tica, Dias Toffoli negou habeas corpus a um homem condenado pelo furto de uma bermuda que custava R$ 10 \u2013devolvida \u00e0 loja [&hellip;]<\/p>\n","protected":false},"author":5,"featured_media":14470,"comment_status":"open","ping_status":"open","sticky":false,"template":"","format":"standard","meta":{"_acf_changed":false,"jetpack_post_was_ever_published":false,"_jetpack_newsletter_access":"","_jetpack_dont_email_post_to_subs":false,"_jetpack_newsletter_tier_id":0,"_jetpack_memberships_contains_paywalled_content":false,"_jetpack_memberships_contains_paid_content":false,"footnotes":"","jetpack_publicize_message":"","jetpack_publicize_feature_enabled":true,"jetpack_social_post_already_shared":true,"jetpack_social_options":{"image_generator_settings":{"template":"highway","default_image_id":0,"font":"","enabled":false},"version":2}},"categories":[1],"tags":[],"class_list":["post-14469","post","type-post","status-publish","format-standard","has-post-thumbnail","hentry","category-sem-categoria"],"acf":[],"yoast_head":"<!-- This site is optimized with the Yoast SEO plugin v27.3 - https:\/\/yoast.com\/product\/yoast-seo-wordpress\/ -->\n<title>Enquanto Isso... Toffoli Mant\u00e9m Preso Homem Que Roubou Bermuda de R$ 10 | Blog do Guelmann<\/title>\n<meta name=\"robots\" content=\"index, follow, max-snippet:-1, max-image-preview:large, max-video-preview:-1\" \/>\n<link rel=\"canonical\" href=\"https:\/\/gersonguelmann.com.br\/blog\/enquanto-isso-toffoli-mantem-preso-homem-que-roubou-bermuda-de-r-10\/\" \/>\n<meta property=\"og:locale\" content=\"pt_BR\" \/>\n<meta property=\"og:type\" content=\"article\" \/>\n<meta property=\"og:title\" content=\"Enquanto Isso... Toffoli Mant\u00e9m Preso Homem Que Roubou Bermuda de R$ 10 | Blog do Guelmann\" \/>\n<meta property=\"og:description\" content=\"N\u00e3o, voc\u00ea e eu n\u00e3o estamos loucos.\u00a0\u00c9 exatamente isso que voc\u00ea leu. Veja o que disse O Antagonista: Toffoli nega HC a homem que furtou bermuda de R$ 10 Brasil\u00a003.07.18 19:26 Em decis\u00e3o monocr\u00e1tica, Dias Toffoli negou habeas corpus a um homem condenado pelo furto de uma bermuda que custava R$ 10 \u2013devolvida \u00e0 loja [&hellip;]\" \/>\n<meta property=\"og:url\" content=\"https:\/\/gersonguelmann.com.br\/blog\/enquanto-isso-toffoli-mantem-preso-homem-que-roubou-bermuda-de-r-10\/\" \/>\n<meta property=\"og:site_name\" content=\"Blog do Guelmann\" \/>\n<meta property=\"article:published_time\" content=\"2018-07-03T23:39:22+00:00\" \/>\n<meta property=\"article:modified_time\" content=\"2018-07-04T01:59:26+00:00\" \/>\n<meta property=\"og:image\" content=\"https:\/\/i0.wp.com\/gersonguelmann.com.br\/blog\/wp-content\/uploads\/2018\/07\/Bermuda.jpg?fit=205%2C246&ssl=1\" \/>\n\t<meta property=\"og:image:width\" content=\"205\" \/>\n\t<meta property=\"og:image:height\" content=\"246\" \/>\n\t<meta property=\"og:image:type\" content=\"image\/jpeg\" \/>\n<meta name=\"author\" content=\"Gerson Guelmann\" \/>\n<meta name=\"twitter:card\" content=\"summary_large_image\" \/>\n<meta name=\"twitter:label1\" content=\"Escrito por\" \/>\n\t<meta name=\"twitter:data1\" content=\"Gerson Guelmann\" \/>\n\t<meta name=\"twitter:label2\" content=\"Est. tempo de leitura\" \/>\n\t<meta name=\"twitter:data2\" content=\"1 minuto\" \/>\n<script type=\"application\/ld+json\" class=\"yoast-schema-graph\">{\"@context\":\"https:\\\/\\\/schema.org\",\"@graph\":[{\"@type\":\"Article\",\"@id\":\"https:\\\/\\\/gersonguelmann.com.br\\\/blog\\\/enquanto-isso-toffoli-mantem-preso-homem-que-roubou-bermuda-de-r-10\\\/#article\",\"isPartOf\":{\"@id\":\"https:\\\/\\\/gersonguelmann.com.br\\\/blog\\\/enquanto-isso-toffoli-mantem-preso-homem-que-roubou-bermuda-de-r-10\\\/\"},\"author\":{\"name\":\"Gerson Guelmann\",\"@id\":\"https:\\\/\\\/gersonguelmann.com.br\\\/blog\\\/#\\\/schema\\\/person\\\/87e70e2a786888082f941a482c90569e\"},\"headline\":\"Enquanto Isso&#8230; Toffoli Mant\u00e9m Preso Homem Que Roubou Bermuda de R$ 10\",\"datePublished\":\"2018-07-03T23:39:22+00:00\",\"dateModified\":\"2018-07-04T01:59:26+00:00\",\"mainEntityOfPage\":{\"@id\":\"https:\\\/\\\/gersonguelmann.com.br\\\/blog\\\/enquanto-isso-toffoli-mantem-preso-homem-que-roubou-bermuda-de-r-10\\\/\"},\"wordCount\":208,\"commentCount\":1,\"image\":{\"@id\":\"https:\\\/\\\/gersonguelmann.com.br\\\/blog\\\/enquanto-isso-toffoli-mantem-preso-homem-que-roubou-bermuda-de-r-10\\\/#primaryimage\"},\"thumbnailUrl\":\"https:\\\/\\\/i0.wp.com\\\/gersonguelmann.com.br\\\/blog\\\/wp-content\\\/uploads\\\/2018\\\/07\\\/Bermuda.jpg?fit=205%2C246&ssl=1\",\"inLanguage\":\"pt-BR\",\"potentialAction\":[{\"@type\":\"CommentAction\",\"name\":\"Comment\",\"target\":[\"https:\\\/\\\/gersonguelmann.com.br\\\/blog\\\/enquanto-isso-toffoli-mantem-preso-homem-que-roubou-bermuda-de-r-10\\\/#respond\"]}]},{\"@type\":\"WebPage\",\"@id\":\"https:\\\/\\\/gersonguelmann.com.br\\\/blog\\\/enquanto-isso-toffoli-mantem-preso-homem-que-roubou-bermuda-de-r-10\\\/\",\"url\":\"https:\\\/\\\/gersonguelmann.com.br\\\/blog\\\/enquanto-isso-toffoli-mantem-preso-homem-que-roubou-bermuda-de-r-10\\\/\",\"name\":\"Enquanto Isso... Toffoli Mant\u00e9m Preso Homem Que Roubou Bermuda de R$ 10 | Blog do Guelmann\",\"isPartOf\":{\"@id\":\"https:\\\/\\\/gersonguelmann.com.br\\\/blog\\\/#website\"},\"primaryImageOfPage\":{\"@id\":\"https:\\\/\\\/gersonguelmann.com.br\\\/blog\\\/enquanto-isso-toffoli-mantem-preso-homem-que-roubou-bermuda-de-r-10\\\/#primaryimage\"},\"image\":{\"@id\":\"https:\\\/\\\/gersonguelmann.com.br\\\/blog\\\/enquanto-isso-toffoli-mantem-preso-homem-que-roubou-bermuda-de-r-10\\\/#primaryimage\"},\"thumbnailUrl\":\"https:\\\/\\\/i0.wp.com\\\/gersonguelmann.com.br\\\/blog\\\/wp-content\\\/uploads\\\/2018\\\/07\\\/Bermuda.jpg?fit=205%2C246&ssl=1\",\"datePublished\":\"2018-07-03T23:39:22+00:00\",\"dateModified\":\"2018-07-04T01:59:26+00:00\",\"author\":{\"@id\":\"https:\\\/\\\/gersonguelmann.com.br\\\/blog\\\/#\\\/schema\\\/person\\\/87e70e2a786888082f941a482c90569e\"},\"inLanguage\":\"pt-BR\",\"potentialAction\":[{\"@type\":\"ReadAction\",\"target\":[\"https:\\\/\\\/gersonguelmann.com.br\\\/blog\\\/enquanto-isso-toffoli-mantem-preso-homem-que-roubou-bermuda-de-r-10\\\/\"]}]},{\"@type\":\"ImageObject\",\"inLanguage\":\"pt-BR\",\"@id\":\"https:\\\/\\\/gersonguelmann.com.br\\\/blog\\\/enquanto-isso-toffoli-mantem-preso-homem-que-roubou-bermuda-de-r-10\\\/#primaryimage\",\"url\":\"https:\\\/\\\/i0.wp.com\\\/gersonguelmann.com.br\\\/blog\\\/wp-content\\\/uploads\\\/2018\\\/07\\\/Bermuda.jpg?fit=205%2C246&ssl=1\",\"contentUrl\":\"https:\\\/\\\/i0.wp.com\\\/gersonguelmann.com.br\\\/blog\\\/wp-content\\\/uploads\\\/2018\\\/07\\\/Bermuda.jpg?fit=205%2C246&ssl=1\",\"width\":205,\"height\":246},{\"@type\":\"WebSite\",\"@id\":\"https:\\\/\\\/gersonguelmann.com.br\\\/blog\\\/#website\",\"url\":\"https:\\\/\\\/gersonguelmann.com.br\\\/blog\\\/\",\"name\":\"Blog do Guelmann\",\"description\":\"Pitadas da sabedoria e do humor judaicos, assuntos do momento e um pouco das hist\u00f3rias que vivi e testemunhei.\",\"potentialAction\":[{\"@type\":\"SearchAction\",\"target\":{\"@type\":\"EntryPoint\",\"urlTemplate\":\"https:\\\/\\\/gersonguelmann.com.br\\\/blog\\\/?s={search_term_string}\"},\"query-input\":{\"@type\":\"PropertyValueSpecification\",\"valueRequired\":true,\"valueName\":\"search_term_string\"}}],\"inLanguage\":\"pt-BR\"},{\"@type\":\"Person\",\"@id\":\"https:\\\/\\\/gersonguelmann.com.br\\\/blog\\\/#\\\/schema\\\/person\\\/87e70e2a786888082f941a482c90569e\",\"name\":\"Gerson Guelmann\",\"image\":{\"@type\":\"ImageObject\",\"inLanguage\":\"pt-BR\",\"@id\":\"https:\\\/\\\/i0.wp.com\\\/gersonguelmann.com.br\\\/blog\\\/wp-content\\\/uploads\\\/2021\\\/08\\\/BLOG.jpeg?fit=96%2C96&ssl=1\",\"url\":\"https:\\\/\\\/i0.wp.com\\\/gersonguelmann.com.br\\\/blog\\\/wp-content\\\/uploads\\\/2021\\\/08\\\/BLOG.jpeg?fit=96%2C96&ssl=1\",\"contentUrl\":\"https:\\\/\\\/i0.wp.com\\\/gersonguelmann.com.br\\\/blog\\\/wp-content\\\/uploads\\\/2021\\\/08\\\/BLOG.jpeg?fit=96%2C96&ssl=1\",\"caption\":\"Gerson Guelmann\"},\"description\":\"Pitadas da sabedoria e do humor judaicos, assuntos do momento e um pouco das hist\u00f3rias que vivi e testemunhei.\"}]}<\/script>\n<!-- \/ Yoast SEO plugin. -->","yoast_head_json":{"title":"Enquanto Isso... Toffoli Mant\u00e9m Preso Homem Que Roubou Bermuda de R$ 10 | Blog do Guelmann","robots":{"index":"index","follow":"follow","max-snippet":"max-snippet:-1","max-image-preview":"max-image-preview:large","max-video-preview":"max-video-preview:-1"},"canonical":"https:\/\/gersonguelmann.com.br\/blog\/enquanto-isso-toffoli-mantem-preso-homem-que-roubou-bermuda-de-r-10\/","og_locale":"pt_BR","og_type":"article","og_title":"Enquanto Isso... Toffoli Mant\u00e9m Preso Homem Que Roubou Bermuda de R$ 10 | Blog do Guelmann","og_description":"N\u00e3o, voc\u00ea e eu n\u00e3o estamos loucos.\u00a0\u00c9 exatamente isso que voc\u00ea leu. Veja o que disse O Antagonista: Toffoli nega HC a homem que furtou bermuda de R$ 10 Brasil\u00a003.07.18 19:26 Em decis\u00e3o monocr\u00e1tica, Dias Toffoli negou habeas corpus a um homem condenado pelo furto de uma bermuda que custava R$ 10 \u2013devolvida \u00e0 loja [&hellip;]","og_url":"https:\/\/gersonguelmann.com.br\/blog\/enquanto-isso-toffoli-mantem-preso-homem-que-roubou-bermuda-de-r-10\/","og_site_name":"Blog do Guelmann","article_published_time":"2018-07-03T23:39:22+00:00","article_modified_time":"2018-07-04T01:59:26+00:00","og_image":[{"width":205,"height":246,"url":"https:\/\/i0.wp.com\/gersonguelmann.com.br\/blog\/wp-content\/uploads\/2018\/07\/Bermuda.jpg?fit=205%2C246&ssl=1","type":"image\/jpeg"}],"author":"Gerson Guelmann","twitter_card":"summary_large_image","twitter_misc":{"Escrito por":"Gerson Guelmann","Est. tempo de leitura":"1 minuto"},"schema":{"@context":"https:\/\/schema.org","@graph":[{"@type":"Article","@id":"https:\/\/gersonguelmann.com.br\/blog\/enquanto-isso-toffoli-mantem-preso-homem-que-roubou-bermuda-de-r-10\/#article","isPartOf":{"@id":"https:\/\/gersonguelmann.com.br\/blog\/enquanto-isso-toffoli-mantem-preso-homem-que-roubou-bermuda-de-r-10\/"},"author":{"name":"Gerson Guelmann","@id":"https:\/\/gersonguelmann.com.br\/blog\/#\/schema\/person\/87e70e2a786888082f941a482c90569e"},"headline":"Enquanto Isso&#8230; Toffoli Mant\u00e9m Preso Homem Que Roubou Bermuda de R$ 10","datePublished":"2018-07-03T23:39:22+00:00","dateModified":"2018-07-04T01:59:26+00:00","mainEntityOfPage":{"@id":"https:\/\/gersonguelmann.com.br\/blog\/enquanto-isso-toffoli-mantem-preso-homem-que-roubou-bermuda-de-r-10\/"},"wordCount":208,"commentCount":1,"image":{"@id":"https:\/\/gersonguelmann.com.br\/blog\/enquanto-isso-toffoli-mantem-preso-homem-que-roubou-bermuda-de-r-10\/#primaryimage"},"thumbnailUrl":"https:\/\/i0.wp.com\/gersonguelmann.com.br\/blog\/wp-content\/uploads\/2018\/07\/Bermuda.jpg?fit=205%2C246&ssl=1","inLanguage":"pt-BR","potentialAction":[{"@type":"CommentAction","name":"Comment","target":["https:\/\/gersonguelmann.com.br\/blog\/enquanto-isso-toffoli-mantem-preso-homem-que-roubou-bermuda-de-r-10\/#respond"]}]},{"@type":"WebPage","@id":"https:\/\/gersonguelmann.com.br\/blog\/enquanto-isso-toffoli-mantem-preso-homem-que-roubou-bermuda-de-r-10\/","url":"https:\/\/gersonguelmann.com.br\/blog\/enquanto-isso-toffoli-mantem-preso-homem-que-roubou-bermuda-de-r-10\/","name":"Enquanto Isso... Toffoli Mant\u00e9m Preso Homem Que Roubou Bermuda de R$ 10 | Blog do Guelmann","isPartOf":{"@id":"https:\/\/gersonguelmann.com.br\/blog\/#website"},"primaryImageOfPage":{"@id":"https:\/\/gersonguelmann.com.br\/blog\/enquanto-isso-toffoli-mantem-preso-homem-que-roubou-bermuda-de-r-10\/#primaryimage"},"image":{"@id":"https:\/\/gersonguelmann.com.br\/blog\/enquanto-isso-toffoli-mantem-preso-homem-que-roubou-bermuda-de-r-10\/#primaryimage"},"thumbnailUrl":"https:\/\/i0.wp.com\/gersonguelmann.com.br\/blog\/wp-content\/uploads\/2018\/07\/Bermuda.jpg?fit=205%2C246&ssl=1","datePublished":"2018-07-03T23:39:22+00:00","dateModified":"2018-07-04T01:59:26+00:00","author":{"@id":"https:\/\/gersonguelmann.com.br\/blog\/#\/schema\/person\/87e70e2a786888082f941a482c90569e"},"inLanguage":"pt-BR","potentialAction":[{"@type":"ReadAction","target":["https:\/\/gersonguelmann.com.br\/blog\/enquanto-isso-toffoli-mantem-preso-homem-que-roubou-bermuda-de-r-10\/"]}]},{"@type":"ImageObject","inLanguage":"pt-BR","@id":"https:\/\/gersonguelmann.com.br\/blog\/enquanto-isso-toffoli-mantem-preso-homem-que-roubou-bermuda-de-r-10\/#primaryimage","url":"https:\/\/i0.wp.com\/gersonguelmann.com.br\/blog\/wp-content\/uploads\/2018\/07\/Bermuda.jpg?fit=205%2C246&ssl=1","contentUrl":"https:\/\/i0.wp.com\/gersonguelmann.com.br\/blog\/wp-content\/uploads\/2018\/07\/Bermuda.jpg?fit=205%2C246&ssl=1","width":205,"height":246},{"@type":"WebSite","@id":"https:\/\/gersonguelmann.com.br\/blog\/#website","url":"https:\/\/gersonguelmann.com.br\/blog\/","name":"Blog do Guelmann","description":"Pitadas da sabedoria e do humor judaicos, assuntos do momento e um pouco das hist\u00f3rias que vivi e testemunhei.","potentialAction":[{"@type":"SearchAction","target":{"@type":"EntryPoint","urlTemplate":"https:\/\/gersonguelmann.com.br\/blog\/?s={search_term_string}"},"query-input":{"@type":"PropertyValueSpecification","valueRequired":true,"valueName":"search_term_string"}}],"inLanguage":"pt-BR"},{"@type":"Person","@id":"https:\/\/gersonguelmann.com.br\/blog\/#\/schema\/person\/87e70e2a786888082f941a482c90569e","name":"Gerson Guelmann","image":{"@type":"ImageObject","inLanguage":"pt-BR","@id":"https:\/\/i0.wp.com\/gersonguelmann.com.br\/blog\/wp-content\/uploads\/2021\/08\/BLOG.jpeg?fit=96%2C96&ssl=1","url":"https:\/\/i0.wp.com\/gersonguelmann.com.br\/blog\/wp-content\/uploads\/2021\/08\/BLOG.jpeg?fit=96%2C96&ssl=1","contentUrl":"https:\/\/i0.wp.com\/gersonguelmann.com.br\/blog\/wp-content\/uploads\/2021\/08\/BLOG.jpeg?fit=96%2C96&ssl=1","caption":"Gerson Guelmann"},"description":"Pitadas da sabedoria e do humor judaicos, assuntos do momento e um pouco das hist\u00f3rias que vivi e testemunhei."}]}},"views":40,"jetpack_publicize_connections":[],"jetpack_featured_media_url":"https:\/\/i0.wp.com\/gersonguelmann.com.br\/blog\/wp-content\/uploads\/2018\/07\/Bermuda.jpg?fit=205%2C246&ssl=1","jetpack_shortlink":"https:\/\/wp.me\/p96e7O-3Ln","jetpack-related-posts":[{"id":11820,"url":"https:\/\/gersonguelmann.com.br\/blog\/dias-toffoli-e-o-boletim-medico-de-maluf\/","url_meta":{"origin":14469,"position":0},"title":"Dias Toffoli e o Boletim M\u00e9dico de Maluf","author":"Gerson Guelmann","date":"18 de abril de 2018","format":false,"excerpt":"O site 'O Antagonista' publicou h\u00e1 pouco: Vamos, ministros 18.04.18 17:51 Levando em conta o laudo m\u00e9dico lido por Dias Toffoli, h\u00e1 o risco de Paulo Maluf morrer antes do t\u00e9rmino do julgamento de seu HC no STF. Os ministros est\u00e3o decidindo se v\u00e3o decidir, para s\u00f3 depois decidirem o\u2026","rel":"","context":"Em &quot;Sem categoria&quot;","block_context":{"text":"Sem categoria","link":"https:\/\/gersonguelmann.com.br\/blog\/category\/sem-categoria\/"},"img":{"alt_text":"","src":"https:\/\/i0.wp.com\/gersonguelmann.com.br\/blog\/wp-content\/uploads\/2018\/04\/PM.jpg?resize=350%2C200&ssl=1","width":350,"height":200},"classes":[]},{"id":11652,"url":"https:\/\/gersonguelmann.com.br\/blog\/escute-o-que-o-dias-toffoli-dizia-em-2016\/","url_meta":{"origin":14469,"position":1},"title":"Escute o Que o Dias Toffoli Dizia Em 2016","author":"Gerson Guelmann","date":"14 de abril de 2018","format":false,"excerpt":"Em entrevista para a rep\u00f3rter Luiza Muzzi em fevereiro de 2016, o Ministro do STF, Dias Toffoli, manifestou-se totalmente a favor da pris\u00e3o ap\u00f3s a condena\u00e7\u00e3o em 2\u00aa inst\u00e2ncia. Como sabemos, de l\u00e1 para c\u00e1 as convic\u00e7\u00f5es dele mudaram bastante. Escute. https:\/\/www.youtube.com\/watch?v=LUTL--jGAgU","rel":"","context":"Em &quot;Sem categoria&quot;","block_context":{"text":"Sem categoria","link":"https:\/\/gersonguelmann.com.br\/blog\/category\/sem-categoria\/"},"img":{"alt_text":"","src":"https:\/\/i0.wp.com\/gersonguelmann.com.br\/blog\/wp-content\/uploads\/2018\/04\/DT.jpg?fit=699%2C420&ssl=1&resize=350%2C200","width":350,"height":200,"srcset":"https:\/\/i0.wp.com\/gersonguelmann.com.br\/blog\/wp-content\/uploads\/2018\/04\/DT.jpg?fit=699%2C420&ssl=1&resize=350%2C200 1x, https:\/\/i0.wp.com\/gersonguelmann.com.br\/blog\/wp-content\/uploads\/2018\/04\/DT.jpg?fit=699%2C420&ssl=1&resize=525%2C300 1.5x"},"classes":[]},{"id":14429,"url":"https:\/\/gersonguelmann.com.br\/blog\/dirceu-sem-tornozoleira-toffoli-mandou-tirar\/","url_meta":{"origin":14469,"position":2},"title":"Dirceu sem Tornozoleira. Toffoli Mandou Tirar.","author":"Gerson Guelmann","date":"2 de julho de 2018","format":false,"excerpt":"D\u00b4O Antagonista: TOFFOLI TIRA TORNOZELEIRA DE DIRCEU Brasil\u00a002.07.18 21:18 Dias Toffoli acaba de derrubar a decis\u00e3o de Sergio Moro que imp\u00f4s ao ex-ministro Jos\u00e9 Dirceu o uso de tornozeleira eletr\u00f4nica, ap\u00f3s ser libertado pela Segunda Turma. Na sexta-feira, Moro determinou que Dirceu fosse a Curitiba para a coloca\u00e7\u00e3o do mecanismo.\u2026","rel":"","context":"Em &quot;Sem categoria&quot;","block_context":{"text":"Sem categoria","link":"https:\/\/gersonguelmann.com.br\/blog\/category\/sem-categoria\/"},"img":{"alt_text":"","src":"https:\/\/i0.wp.com\/gersonguelmann.com.br\/blog\/wp-content\/uploads\/2018\/07\/download-300x158.jpg?resize=350%2C200&ssl=1","width":350,"height":200},"classes":[]},{"id":15367,"url":"https:\/\/gersonguelmann.com.br\/blog\/decalogo-do-homem-judeu-na-verdade-de-todos-os-homens\/","url_meta":{"origin":14469,"position":3},"title":"Dec\u00e1logo do Homem Judeu (Na Verdade, de Todos os Homens)","author":"Gerson Guelmann","date":"2 de dezembro de 2018","format":false,"excerpt":"1. Porque eu sou um homem, quando eu pego um resfriado eu preciso de algu\u00e9m para me trazer sopa e cuidar de mim enquanto eu deito na cama e lamento. Voc\u00ea \u00e9 uma mulher - voc\u00ea nunca fica t\u00e3o doente, ent\u00e3o para voc\u00ea isso n\u00e3o \u00e9 um problema. 2. Porque\u2026","rel":"","context":"Em &quot;Sem categoria&quot;","block_context":{"text":"Sem categoria","link":"https:\/\/gersonguelmann.com.br\/blog\/category\/sem-categoria\/"},"img":{"alt_text":"","src":"https:\/\/i0.wp.com\/gersonguelmann.com.br\/blog\/wp-content\/uploads\/2018\/12\/man-car-lost-road-photos.jpg?fit=750%2C500&ssl=1&resize=350%2C200","width":350,"height":200,"srcset":"https:\/\/i0.wp.com\/gersonguelmann.com.br\/blog\/wp-content\/uploads\/2018\/12\/man-car-lost-road-photos.jpg?fit=750%2C500&ssl=1&resize=350%2C200 1x, https:\/\/i0.wp.com\/gersonguelmann.com.br\/blog\/wp-content\/uploads\/2018\/12\/man-car-lost-road-photos.jpg?fit=750%2C500&ssl=1&resize=525%2C300 1.5x, https:\/\/i0.wp.com\/gersonguelmann.com.br\/blog\/wp-content\/uploads\/2018\/12\/man-car-lost-road-photos.jpg?fit=750%2C500&ssl=1&resize=700%2C400 2x"},"classes":[]},{"id":17697,"url":"https:\/\/gersonguelmann.com.br\/blog\/piada-muito-machista-mas-as-mulheres-tambem-irao-gostar\/","url_meta":{"origin":14469,"position":4},"title":"Piada MUITO Machista. Mas as Mulheres Tamb\u00e9m Ir\u00e3o Gostar!","author":"Gerson Guelmann","date":"25 de julho de 2019","format":false,"excerpt":"Um homem tinha tr\u00eas namoradas,\u00a0 \u00a0\u00a0\u00a0 e n\u00e3o sabia com qual delas deveria se casar.\u00a0 Resolveu, ent\u00e3o, fazer um teste para ver qual estava mais apta a ser sua\u00a0mulher. Tirou R$ 15 mil\u00a0do banco\u00a0, deu R$ 5 mil para cada uma e disse: - \"Gastem com o que quiserem\". A\u2026","rel":"","context":"Em &quot;Sem categoria&quot;","block_context":{"text":"Sem categoria","link":"https:\/\/gersonguelmann.com.br\/blog\/category\/sem-categoria\/"},"img":{"alt_text":"","src":"https:\/\/i0.wp.com\/gersonguelmann.com.br\/blog\/wp-content\/uploads\/2019\/07\/Mulher.jpg?fit=1200%2C800&ssl=1&resize=350%2C200","width":350,"height":200,"srcset":"https:\/\/i0.wp.com\/gersonguelmann.com.br\/blog\/wp-content\/uploads\/2019\/07\/Mulher.jpg?fit=1200%2C800&ssl=1&resize=350%2C200 1x, https:\/\/i0.wp.com\/gersonguelmann.com.br\/blog\/wp-content\/uploads\/2019\/07\/Mulher.jpg?fit=1200%2C800&ssl=1&resize=525%2C300 1.5x, https:\/\/i0.wp.com\/gersonguelmann.com.br\/blog\/wp-content\/uploads\/2019\/07\/Mulher.jpg?fit=1200%2C800&ssl=1&resize=700%2C400 2x, https:\/\/i0.wp.com\/gersonguelmann.com.br\/blog\/wp-content\/uploads\/2019\/07\/Mulher.jpg?fit=1200%2C800&ssl=1&resize=1050%2C600 3x"},"classes":[]},{"id":20421,"url":"https:\/\/gersonguelmann.com.br\/blog\/o-rabino-e-o-homem-de-negocios\/","url_meta":{"origin":14469,"position":5},"title":"O Rabino e o Homem de Neg\u00f3cios","author":"Gerson Guelmann","date":"18 de dezembro de 2020","format":false,"excerpt":"Um homem de neg\u00f3cios perguntou ao Rabino de sua congrega\u00e7\u00e3o: - \"Rabino, vejo que o senhor, que \u00e9 um homem de D-us e voltado \u00e0s quest\u00f5es da alma das pessoas, quando n\u00e3o est\u00e1 aqui na Sinagoga est\u00e1 sempre envolvido em neg\u00f3cios. E eu, que sou comerciante, quando n\u00e3o estou trabalhando\u2026","rel":"","context":"Em &quot;Sem categoria&quot;","block_context":{"text":"Sem categoria","link":"https:\/\/gersonguelmann.com.br\/blog\/category\/sem-categoria\/"},"img":{"alt_text":"","src":"https:\/\/i0.wp.com\/gersonguelmann.com.br\/blog\/wp-content\/uploads\/2020\/12\/RABINO.jpg?fit=500%2C749&ssl=1&resize=350%2C200","width":350,"height":200},"classes":[]}],"jetpack_sharing_enabled":true,"post_mailing_queue_ids":[],"_links":{"self":[{"href":"https:\/\/gersonguelmann.com.br\/blog\/wp-json\/wp\/v2\/posts\/14469","targetHints":{"allow":["GET"]}}],"collection":[{"href":"https:\/\/gersonguelmann.com.br\/blog\/wp-json\/wp\/v2\/posts"}],"about":[{"href":"https:\/\/gersonguelmann.com.br\/blog\/wp-json\/wp\/v2\/types\/post"}],"author":[{"embeddable":true,"href":"https:\/\/gersonguelmann.com.br\/blog\/wp-json\/wp\/v2\/users\/5"}],"replies":[{"embeddable":true,"href":"https:\/\/gersonguelmann.com.br\/blog\/wp-json\/wp\/v2\/comments?post=14469"}],"version-history":[{"count":0,"href":"https:\/\/gersonguelmann.com.br\/blog\/wp-json\/wp\/v2\/posts\/14469\/revisions"}],"wp:featuredmedia":[{"embeddable":true,"href":"https:\/\/gersonguelmann.com.br\/blog\/wp-json\/wp\/v2\/media\/14470"}],"wp:attachment":[{"href":"https:\/\/gersonguelmann.com.br\/blog\/wp-json\/wp\/v2\/media?parent=14469"}],"wp:term":[{"taxonomy":"category","embeddable":true,"href":"https:\/\/gersonguelmann.com.br\/blog\/wp-json\/wp\/v2\/categories?post=14469"},{"taxonomy":"post_tag","embeddable":true,"href":"https:\/\/gersonguelmann.com.br\/blog\/wp-json\/wp\/v2\/tags?post=14469"}],"curies":[{"name":"wp","href":"https:\/\/api.w.org\/{rel}","templated":true}]}}