    {"id":14486,"date":"2018-07-04T12:36:38","date_gmt":"2018-07-04T15:36:38","guid":{"rendered":"https:\/\/gersonguelmann.com.br\/blog\/?p=14486"},"modified":"2018-07-04T12:36:38","modified_gmt":"2018-07-04T15:36:38","slug":"bebe-de-brasilia-faz-sucesso-homenageando-selecoes-da-copa","status":"publish","type":"post","link":"https:\/\/gersonguelmann.com.br\/blog\/bebe-de-brasilia-faz-sucesso-homenageando-selecoes-da-copa\/","title":{"rendered":"Beb\u00ea de Brasilia Faz Sucesso Homenageando Sele\u00e7\u00f5es da Copa"},"content":{"rendered":"<p><span style=\"color: #000000; font-size: 18pt; font-family: georgia, palatino, serif;\">O site Metr\u00f3poles publicou h\u00e1 pouco uma mat\u00e9ria muito bacana, sobre um beb\u00ea que est\u00e1 fazendo sucesso nas redes por homenagear as sele\u00e7\u00f5es que est\u00e3o disputando a Copa do Mundo:<\/span><\/p>\n<p class=\"wrap\"><span style=\"font-size: 24pt; color: #000000;\"><strong>Beb\u00ea brasiliense faz sucesso nas redes homenageando sele\u00e7\u00f5es da Copa<\/strong><\/span><\/p>\n<p><span style=\"font-size: 18pt; color: #000000;\"><strong>O pequeno Theo, de apenas seis meses, vem conquistando o cora\u00e7\u00e3o de muita gente com fantasias que remetem \u00e0s equipes que disputam o Mundial<\/strong><\/span><\/p>\n<p style=\"text-align: center;\"><img data-recalc-dims=\"1\" fetchpriority=\"high\" decoding=\"async\" data-attachment-id=\"14487\" data-permalink=\"https:\/\/gersonguelmann.com.br\/blog\/bebe-de-brasilia-faz-sucesso-homenageando-selecoes-da-copa\/1-48\/\" data-orig-file=\"https:\/\/i0.wp.com\/gersonguelmann.com.br\/blog\/wp-content\/uploads\/2018\/07\/1.jpeg?fit=840%2C560&amp;ssl=1\" data-orig-size=\"840,560\" data-comments-opened=\"1\" data-image-meta=\"{&quot;aperture&quot;:&quot;0&quot;,&quot;credit&quot;:&quot;&quot;,&quot;camera&quot;:&quot;&quot;,&quot;caption&quot;:&quot;&quot;,&quot;created_timestamp&quot;:&quot;0&quot;,&quot;copyright&quot;:&quot;&quot;,&quot;focal_length&quot;:&quot;0&quot;,&quot;iso&quot;:&quot;0&quot;,&quot;shutter_speed&quot;:&quot;0&quot;,&quot;title&quot;:&quot;&quot;,&quot;orientation&quot;:&quot;0&quot;}\" data-image-title=\"1\" data-image-description=\"\" data-image-caption=\"\" data-medium-file=\"https:\/\/i0.wp.com\/gersonguelmann.com.br\/blog\/wp-content\/uploads\/2018\/07\/1.jpeg?fit=300%2C200&amp;ssl=1\" data-large-file=\"https:\/\/i0.wp.com\/gersonguelmann.com.br\/blog\/wp-content\/uploads\/2018\/07\/1.jpeg?fit=640%2C427&amp;ssl=1\" class=\"alignnone size-medium wp-image-14487\" src=\"https:\/\/i0.wp.com\/gersonguelmann.com.br\/blog\/wp-content\/uploads\/2018\/07\/1.jpeg?resize=300%2C200&#038;ssl=1\" alt=\"\" width=\"300\" height=\"200\" srcset=\"https:\/\/i0.wp.com\/gersonguelmann.com.br\/blog\/wp-content\/uploads\/2018\/07\/1.jpeg?resize=300%2C200&amp;ssl=1 300w, https:\/\/i0.wp.com\/gersonguelmann.com.br\/blog\/wp-content\/uploads\/2018\/07\/1.jpeg?resize=768%2C512&amp;ssl=1 768w, https:\/\/i0.wp.com\/gersonguelmann.com.br\/blog\/wp-content\/uploads\/2018\/07\/1.jpeg?resize=750%2C500&amp;ssl=1 750w, https:\/\/i0.wp.com\/gersonguelmann.com.br\/blog\/wp-content\/uploads\/2018\/07\/1.jpeg?w=840&amp;ssl=1 840w\" sizes=\"(max-width: 300px) 100vw, 300px\" \/><\/p>\n<p style=\"text-align: center;\">\n<div><\/div>\n<section id=\"authors_sec\">\n<div class=\"bloco-fotos\">\n<div class=\"the_autor_css\"><a title=\"Bruno Medeiros\" href=\"https:\/\/www.metropoles.com\/author\/bruno-medeiros\"><img data-recalc-dims=\"1\" decoding=\"async\" class=\"avatar avatar-96 wp-user-avatar wp-user-avatar-96 alignnone photo loading\" src=\"https:\/\/i0.wp.com\/uploads.metropoles.com\/wp-content\/uploads\/2016\/11\/25113742\/bruno_medeiros.png?resize=90%2C90&#038;ssl=1\" alt=\"Bruno Medeiros\" width=\"90\" height=\"90\" data-was-processed=\"true\" \/><\/a><br \/>\n<span style=\"color: #000000;\">BRUNO MEDEIROS<\/span><br \/>\n<span style=\"color: #000000;\">04\/07\/2018 11:50<\/span><\/div>\n<\/div>\n<div class=\"bloco-nomes\">\n<div class=\"assinatura\">\n<p><span style=\"font-size: 14pt; color: #000000;\">Um bebezinho brasiliense de apenas seis meses vem fazendo sucesso nas redes sociais com fantasias em alus\u00e3o \u00e0s sele\u00e7\u00f5es que disputam a Copa do Mundo da R\u00fassia. O pequeno Theo mora com os pais, D\u00e9bora Penteado e Bernardo Sicsu, na Asa Sul, e est\u00e1 conquistando o cora\u00e7\u00e3o de muita gente com tamanha fofura\u00a0esbanjada nos cliques.<\/span><\/p>\n<p><span style=\"font-size: 14pt; color: #000000;\">Ele j\u00e1 homenageou os times da Ar\u00e1bia Saudita, do Jap\u00e3o, de Senegal, do Marrocos, de Cro\u00e1cia, da Su\u00ed\u00e7a, da Nig\u00e9ria, de Portugal, da Isl\u00e2ndia e at\u00e9 a pr\u00f3xima advers\u00e1ria do Brasil, a B\u00e9lgica. As duas sele\u00e7\u00f5es\u00a0duelam na sexta-feira (6\/7),\u00a0por uma vaga nas semifinais do torneio.<\/span><\/p>\n<p><span style=\"font-size: 14pt; color: #000000;\">Sobrou at\u00e9 para o pol\u00eamico \u00e1rbitro de v\u00eddeo, o famoso VAR, recurso bastante utilizado neste Mundial para ajudar a decidir lances pol\u00eamicos, como p\u00eanaltis e expuls\u00f5es.<\/span><\/p>\n<p><span style=\"font-size: 14pt; color: #000000;\"><strong>Confira as fantasias do pequeno Th\u00e9o:<br \/>\n(<em>Nota: estou publicando algumas, as demais voc\u00ea poder\u00e1 ver no site<\/em>).<\/strong><\/span><\/p>\n<p><span style=\"font-size: 14pt; color: #000000;\">Os pais contam que a\u00a0brincadeira come\u00e7ou em outro evento esportivo, as Olimp\u00edadas de Inverno, que foram disputadas em fevereiro, na Cor\u00e9ia do Sul. Na \u00e9poca, o economista Bernardo teve a ideia de fazer um post com Theo fantasiado\u00a0em\u00a0refer\u00eancia\u00a0aos jogos. Por conta do sucesso, decidiram manter\u00a0a divers\u00e3o\u00a0durante a Copa da R\u00fassia. Quem confecciona as roupas \u00e9 D\u00e9bora, utilizando cola quente, cartolina, al\u00e9m de roupas que o\u00a0garoto j\u00e1 tem.<\/span><\/p>\n<p style=\"text-align: center;\"><img data-recalc-dims=\"1\" decoding=\"async\" data-attachment-id=\"14488\" data-permalink=\"https:\/\/gersonguelmann.com.br\/blog\/bebe-de-brasilia-faz-sucesso-homenageando-selecoes-da-copa\/2-38\/\" data-orig-file=\"https:\/\/i0.wp.com\/gersonguelmann.com.br\/blog\/wp-content\/uploads\/2018\/07\/2.jpeg?fit=840%2C1120&amp;ssl=1\" data-orig-size=\"840,1120\" data-comments-opened=\"1\" data-image-meta=\"{&quot;aperture&quot;:&quot;0&quot;,&quot;credit&quot;:&quot;&quot;,&quot;camera&quot;:&quot;&quot;,&quot;caption&quot;:&quot;&quot;,&quot;created_timestamp&quot;:&quot;0&quot;,&quot;copyright&quot;:&quot;&quot;,&quot;focal_length&quot;:&quot;0&quot;,&quot;iso&quot;:&quot;0&quot;,&quot;shutter_speed&quot;:&quot;0&quot;,&quot;title&quot;:&quot;&quot;,&quot;orientation&quot;:&quot;0&quot;}\" data-image-title=\"2\" data-image-description=\"\" data-image-caption=\"\" data-medium-file=\"https:\/\/i0.wp.com\/gersonguelmann.com.br\/blog\/wp-content\/uploads\/2018\/07\/2.jpeg?fit=225%2C300&amp;ssl=1\" data-large-file=\"https:\/\/i0.wp.com\/gersonguelmann.com.br\/blog\/wp-content\/uploads\/2018\/07\/2.jpeg?fit=640%2C853&amp;ssl=1\" class=\"alignnone size-medium wp-image-14488\" src=\"https:\/\/i0.wp.com\/gersonguelmann.com.br\/blog\/wp-content\/uploads\/2018\/07\/2.jpeg?resize=225%2C300&#038;ssl=1\" alt=\"\" width=\"225\" height=\"300\" srcset=\"https:\/\/i0.wp.com\/gersonguelmann.com.br\/blog\/wp-content\/uploads\/2018\/07\/2.jpeg?resize=225%2C300&amp;ssl=1 225w, https:\/\/i0.wp.com\/gersonguelmann.com.br\/blog\/wp-content\/uploads\/2018\/07\/2.jpeg?resize=768%2C1024&amp;ssl=1 768w, https:\/\/i0.wp.com\/gersonguelmann.com.br\/blog\/wp-content\/uploads\/2018\/07\/2.jpeg?w=840&amp;ssl=1 840w\" sizes=\"(max-width: 225px) 100vw, 225px\" \/><\/p>\n<p><span style=\"font-size: 14pt; color: #000000;\">\u201cMeu marido \u00e9 apaixonado por futebol. Fizemos as primeiras fotos na \u00e9poca das Olimp\u00edadas de Inverno. Na Copa, o Bernardo sempre me avisa quais ser\u00e3o os pr\u00f3ximos jogos, para eu me virar e produzir o Theo. Agora, queremos fazer o Marcelo (lateral da Sele\u00e7\u00e3o Brasileira), para o jogo de sexta-feira (6\/7)\u201d, conta D\u00e9bora, que trabalha na \u00e1rea de recursos humanos.<\/span><\/p>\n<p style=\"text-align: center;\"><img data-recalc-dims=\"1\" loading=\"lazy\" decoding=\"async\" data-attachment-id=\"14489\" data-permalink=\"https:\/\/gersonguelmann.com.br\/blog\/bebe-de-brasilia-faz-sucesso-homenageando-selecoes-da-copa\/10-4\/\" data-orig-file=\"https:\/\/i0.wp.com\/gersonguelmann.com.br\/blog\/wp-content\/uploads\/2018\/07\/10.jpeg?fit=840%2C931&amp;ssl=1\" data-orig-size=\"840,931\" data-comments-opened=\"1\" data-image-meta=\"{&quot;aperture&quot;:&quot;0&quot;,&quot;credit&quot;:&quot;&quot;,&quot;camera&quot;:&quot;&quot;,&quot;caption&quot;:&quot;&quot;,&quot;created_timestamp&quot;:&quot;0&quot;,&quot;copyright&quot;:&quot;&quot;,&quot;focal_length&quot;:&quot;0&quot;,&quot;iso&quot;:&quot;0&quot;,&quot;shutter_speed&quot;:&quot;0&quot;,&quot;title&quot;:&quot;&quot;,&quot;orientation&quot;:&quot;0&quot;}\" data-image-title=\"10\" data-image-description=\"\" data-image-caption=\"\" data-medium-file=\"https:\/\/i0.wp.com\/gersonguelmann.com.br\/blog\/wp-content\/uploads\/2018\/07\/10.jpeg?fit=271%2C300&amp;ssl=1\" data-large-file=\"https:\/\/i0.wp.com\/gersonguelmann.com.br\/blog\/wp-content\/uploads\/2018\/07\/10.jpeg?fit=640%2C709&amp;ssl=1\" class=\"alignnone size-medium wp-image-14489\" src=\"https:\/\/i0.wp.com\/gersonguelmann.com.br\/blog\/wp-content\/uploads\/2018\/07\/10.jpeg?resize=271%2C300&#038;ssl=1\" alt=\"\" width=\"271\" height=\"300\" srcset=\"https:\/\/i0.wp.com\/gersonguelmann.com.br\/blog\/wp-content\/uploads\/2018\/07\/10.jpeg?resize=271%2C300&amp;ssl=1 271w, https:\/\/i0.wp.com\/gersonguelmann.com.br\/blog\/wp-content\/uploads\/2018\/07\/10.jpeg?resize=768%2C851&amp;ssl=1 768w, https:\/\/i0.wp.com\/gersonguelmann.com.br\/blog\/wp-content\/uploads\/2018\/07\/10.jpeg?w=840&amp;ssl=1 840w\" sizes=\"(max-width: 271px) 100vw, 271px\" \/><\/p>\n<p><span style=\"font-size: 14pt; color: #000000;\">Nas imagens, o pequenino tamb\u00e9m\u00a0homenageia\u00a0jogadores famosos, como o belga Fellaini e o croata Modric. At\u00e9 de Chapolin Colorado, famoso personagem do\u00a0saudoso ator mexicano Roberto G\u00f3mez Bola\u00f1os, o garoto j\u00e1 apareceu.<\/span><\/p>\n<p style=\"text-align: center;\"><img data-recalc-dims=\"1\" loading=\"lazy\" decoding=\"async\" data-attachment-id=\"14490\" data-permalink=\"https:\/\/gersonguelmann.com.br\/blog\/bebe-de-brasilia-faz-sucesso-homenageando-selecoes-da-copa\/13-2\/\" data-orig-file=\"https:\/\/i0.wp.com\/gersonguelmann.com.br\/blog\/wp-content\/uploads\/2018\/07\/13.jpeg?fit=840%2C1156&amp;ssl=1\" data-orig-size=\"840,1156\" data-comments-opened=\"1\" data-image-meta=\"{&quot;aperture&quot;:&quot;0&quot;,&quot;credit&quot;:&quot;&quot;,&quot;camera&quot;:&quot;&quot;,&quot;caption&quot;:&quot;&quot;,&quot;created_timestamp&quot;:&quot;0&quot;,&quot;copyright&quot;:&quot;&quot;,&quot;focal_length&quot;:&quot;0&quot;,&quot;iso&quot;:&quot;0&quot;,&quot;shutter_speed&quot;:&quot;0&quot;,&quot;title&quot;:&quot;&quot;,&quot;orientation&quot;:&quot;0&quot;}\" data-image-title=\"13\" data-image-description=\"\" data-image-caption=\"\" data-medium-file=\"https:\/\/i0.wp.com\/gersonguelmann.com.br\/blog\/wp-content\/uploads\/2018\/07\/13.jpeg?fit=218%2C300&amp;ssl=1\" data-large-file=\"https:\/\/i0.wp.com\/gersonguelmann.com.br\/blog\/wp-content\/uploads\/2018\/07\/13.jpeg?fit=640%2C881&amp;ssl=1\" class=\"alignnone size-medium wp-image-14490\" src=\"https:\/\/i0.wp.com\/gersonguelmann.com.br\/blog\/wp-content\/uploads\/2018\/07\/13.jpeg?resize=218%2C300&#038;ssl=1\" alt=\"\" width=\"218\" height=\"300\" srcset=\"https:\/\/i0.wp.com\/gersonguelmann.com.br\/blog\/wp-content\/uploads\/2018\/07\/13.jpeg?resize=218%2C300&amp;ssl=1 218w, https:\/\/i0.wp.com\/gersonguelmann.com.br\/blog\/wp-content\/uploads\/2018\/07\/13.jpeg?resize=768%2C1057&amp;ssl=1 768w, https:\/\/i0.wp.com\/gersonguelmann.com.br\/blog\/wp-content\/uploads\/2018\/07\/13.jpeg?resize=744%2C1024&amp;ssl=1 744w, https:\/\/i0.wp.com\/gersonguelmann.com.br\/blog\/wp-content\/uploads\/2018\/07\/13.jpeg?w=840&amp;ssl=1 840w\" sizes=\"(max-width: 218px) 100vw, 218px\" \/><\/p>\n<p><span style=\"font-size: 14pt; color: #000000;\">Juntos, D\u00e9bora e Bernardo querem transmitir para Theo a paix\u00e3o pelo futebol.<\/span><\/p>\n<p style=\"text-align: center;\"><img data-recalc-dims=\"1\" loading=\"lazy\" decoding=\"async\" data-attachment-id=\"14491\" data-permalink=\"https:\/\/gersonguelmann.com.br\/blog\/bebe-de-brasilia-faz-sucesso-homenageando-selecoes-da-copa\/6-12\/\" data-orig-file=\"https:\/\/i0.wp.com\/gersonguelmann.com.br\/blog\/wp-content\/uploads\/2018\/07\/6.jpeg?fit=840%2C1120&amp;ssl=1\" data-orig-size=\"840,1120\" data-comments-opened=\"1\" data-image-meta=\"{&quot;aperture&quot;:&quot;0&quot;,&quot;credit&quot;:&quot;&quot;,&quot;camera&quot;:&quot;&quot;,&quot;caption&quot;:&quot;&quot;,&quot;created_timestamp&quot;:&quot;0&quot;,&quot;copyright&quot;:&quot;&quot;,&quot;focal_length&quot;:&quot;0&quot;,&quot;iso&quot;:&quot;0&quot;,&quot;shutter_speed&quot;:&quot;0&quot;,&quot;title&quot;:&quot;&quot;,&quot;orientation&quot;:&quot;0&quot;}\" data-image-title=\"6\" data-image-description=\"\" data-image-caption=\"\" data-medium-file=\"https:\/\/i0.wp.com\/gersonguelmann.com.br\/blog\/wp-content\/uploads\/2018\/07\/6.jpeg?fit=225%2C300&amp;ssl=1\" data-large-file=\"https:\/\/i0.wp.com\/gersonguelmann.com.br\/blog\/wp-content\/uploads\/2018\/07\/6.jpeg?fit=640%2C853&amp;ssl=1\" class=\"alignnone size-medium wp-image-14491\" src=\"https:\/\/i0.wp.com\/gersonguelmann.com.br\/blog\/wp-content\/uploads\/2018\/07\/6.jpeg?resize=225%2C300&#038;ssl=1\" alt=\"\" width=\"225\" height=\"300\" srcset=\"https:\/\/i0.wp.com\/gersonguelmann.com.br\/blog\/wp-content\/uploads\/2018\/07\/6.jpeg?resize=225%2C300&amp;ssl=1 225w, https:\/\/i0.wp.com\/gersonguelmann.com.br\/blog\/wp-content\/uploads\/2018\/07\/6.jpeg?resize=768%2C1024&amp;ssl=1 768w, https:\/\/i0.wp.com\/gersonguelmann.com.br\/blog\/wp-content\/uploads\/2018\/07\/6.jpeg?w=840&amp;ssl=1 840w\" sizes=\"(max-width: 225px) 100vw, 225px\" \/><\/p>\n<p><span style=\"font-family: georgia, palatino, serif; font-size: 18pt; color: #000000;\">Veja as demais fotografias acessando o site do Metr\u00f3poles, <span style=\"color: #0000ff;\"><a style=\"color: #0000ff;\" href=\"https:\/\/www.metropoles.com\/distrito-federal\/bebe-brasiliense-faz-sucesso-nas-redes-homenageando-selecoes-da-copa\"><em><strong>aqui<\/strong><\/em><\/a><\/span>.<\/span><\/p>\n<\/div>\n<\/div>\n<\/section>\n","protected":false},"excerpt":{"rendered":"<p>O site Metr\u00f3poles publicou h\u00e1 pouco uma mat\u00e9ria muito bacana, sobre um beb\u00ea que est\u00e1 fazendo sucesso nas redes por homenagear as sele\u00e7\u00f5es que est\u00e3o disputando a Copa do Mundo: Beb\u00ea brasiliense faz sucesso nas redes homenageando sele\u00e7\u00f5es da Copa O pequeno Theo, de apenas seis meses, vem conquistando o cora\u00e7\u00e3o de muita gente com [&hellip;]<\/p>\n","protected":false},"author":5,"featured_media":14487,"comment_status":"open","ping_status":"open","sticky":false,"template":"","format":"standard","meta":{"_acf_changed":false,"jetpack_post_was_ever_published":false,"_jetpack_newsletter_access":"","_jetpack_dont_email_post_to_subs":false,"_jetpack_newsletter_tier_id":0,"_jetpack_memberships_contains_paywalled_content":false,"_jetpack_memberships_contains_paid_content":false,"footnotes":"","jetpack_publicize_message":"","jetpack_publicize_feature_enabled":true,"jetpack_social_post_already_shared":true,"jetpack_social_options":{"image_generator_settings":{"template":"highway","default_image_id":0,"font":"","enabled":false},"version":2}},"categories":[1],"tags":[],"class_list":["post-14486","post","type-post","status-publish","format-standard","has-post-thumbnail","hentry","category-sem-categoria"],"acf":[],"yoast_head":"<!-- This site is optimized with the Yoast SEO plugin v27.3 - https:\/\/yoast.com\/product\/yoast-seo-wordpress\/ -->\n<title>Beb\u00ea de Brasilia Faz Sucesso Homenageando Sele\u00e7\u00f5es da Copa | Blog do Guelmann<\/title>\n<meta name=\"robots\" content=\"index, follow, max-snippet:-1, max-image-preview:large, max-video-preview:-1\" \/>\n<link rel=\"canonical\" href=\"https:\/\/gersonguelmann.com.br\/blog\/bebe-de-brasilia-faz-sucesso-homenageando-selecoes-da-copa\/\" \/>\n<meta property=\"og:locale\" content=\"pt_BR\" \/>\n<meta property=\"og:type\" content=\"article\" \/>\n<meta property=\"og:title\" content=\"Beb\u00ea de Brasilia Faz Sucesso Homenageando Sele\u00e7\u00f5es da Copa | Blog do Guelmann\" \/>\n<meta property=\"og:description\" content=\"O site Metr\u00f3poles publicou h\u00e1 pouco uma mat\u00e9ria muito bacana, sobre um beb\u00ea que est\u00e1 fazendo sucesso nas redes por homenagear as sele\u00e7\u00f5es que est\u00e3o disputando a Copa do Mundo: Beb\u00ea brasiliense faz sucesso nas redes homenageando sele\u00e7\u00f5es da Copa O pequeno Theo, de apenas seis meses, vem conquistando o cora\u00e7\u00e3o de muita gente com [&hellip;]\" \/>\n<meta property=\"og:url\" content=\"https:\/\/gersonguelmann.com.br\/blog\/bebe-de-brasilia-faz-sucesso-homenageando-selecoes-da-copa\/\" \/>\n<meta property=\"og:site_name\" content=\"Blog do Guelmann\" \/>\n<meta property=\"article:published_time\" content=\"2018-07-04T15:36:38+00:00\" \/>\n<meta property=\"og:image\" content=\"https:\/\/i0.wp.com\/gersonguelmann.com.br\/blog\/wp-content\/uploads\/2018\/07\/1.jpeg?fit=840%2C560&ssl=1\" \/>\n\t<meta property=\"og:image:width\" content=\"840\" \/>\n\t<meta property=\"og:image:height\" content=\"560\" \/>\n\t<meta property=\"og:image:type\" content=\"image\/jpeg\" \/>\n<meta name=\"author\" content=\"Gerson Guelmann\" \/>\n<meta name=\"twitter:card\" content=\"summary_large_image\" \/>\n<meta name=\"twitter:label1\" content=\"Escrito por\" \/>\n\t<meta name=\"twitter:data1\" content=\"Gerson Guelmann\" \/>\n\t<meta name=\"twitter:label2\" content=\"Est. tempo de leitura\" \/>\n\t<meta name=\"twitter:data2\" content=\"2 minutos\" \/>\n<script type=\"application\/ld+json\" class=\"yoast-schema-graph\">{\"@context\":\"https:\\\/\\\/schema.org\",\"@graph\":[{\"@type\":\"Article\",\"@id\":\"https:\\\/\\\/gersonguelmann.com.br\\\/blog\\\/bebe-de-brasilia-faz-sucesso-homenageando-selecoes-da-copa\\\/#article\",\"isPartOf\":{\"@id\":\"https:\\\/\\\/gersonguelmann.com.br\\\/blog\\\/bebe-de-brasilia-faz-sucesso-homenageando-selecoes-da-copa\\\/\"},\"author\":{\"name\":\"Gerson Guelmann\",\"@id\":\"https:\\\/\\\/gersonguelmann.com.br\\\/blog\\\/#\\\/schema\\\/person\\\/87e70e2a786888082f941a482c90569e\"},\"headline\":\"Beb\u00ea de Brasilia Faz Sucesso Homenageando Sele\u00e7\u00f5es da Copa\",\"datePublished\":\"2018-07-04T15:36:38+00:00\",\"mainEntityOfPage\":{\"@id\":\"https:\\\/\\\/gersonguelmann.com.br\\\/blog\\\/bebe-de-brasilia-faz-sucesso-homenageando-selecoes-da-copa\\\/\"},\"wordCount\":453,\"commentCount\":0,\"image\":{\"@id\":\"https:\\\/\\\/gersonguelmann.com.br\\\/blog\\\/bebe-de-brasilia-faz-sucesso-homenageando-selecoes-da-copa\\\/#primaryimage\"},\"thumbnailUrl\":\"https:\\\/\\\/i0.wp.com\\\/gersonguelmann.com.br\\\/blog\\\/wp-content\\\/uploads\\\/2018\\\/07\\\/1.jpeg?fit=840%2C560&ssl=1\",\"inLanguage\":\"pt-BR\",\"potentialAction\":[{\"@type\":\"CommentAction\",\"name\":\"Comment\",\"target\":[\"https:\\\/\\\/gersonguelmann.com.br\\\/blog\\\/bebe-de-brasilia-faz-sucesso-homenageando-selecoes-da-copa\\\/#respond\"]}]},{\"@type\":\"WebPage\",\"@id\":\"https:\\\/\\\/gersonguelmann.com.br\\\/blog\\\/bebe-de-brasilia-faz-sucesso-homenageando-selecoes-da-copa\\\/\",\"url\":\"https:\\\/\\\/gersonguelmann.com.br\\\/blog\\\/bebe-de-brasilia-faz-sucesso-homenageando-selecoes-da-copa\\\/\",\"name\":\"Beb\u00ea de Brasilia Faz Sucesso Homenageando Sele\u00e7\u00f5es da Copa | Blog do Guelmann\",\"isPartOf\":{\"@id\":\"https:\\\/\\\/gersonguelmann.com.br\\\/blog\\\/#website\"},\"primaryImageOfPage\":{\"@id\":\"https:\\\/\\\/gersonguelmann.com.br\\\/blog\\\/bebe-de-brasilia-faz-sucesso-homenageando-selecoes-da-copa\\\/#primaryimage\"},\"image\":{\"@id\":\"https:\\\/\\\/gersonguelmann.com.br\\\/blog\\\/bebe-de-brasilia-faz-sucesso-homenageando-selecoes-da-copa\\\/#primaryimage\"},\"thumbnailUrl\":\"https:\\\/\\\/i0.wp.com\\\/gersonguelmann.com.br\\\/blog\\\/wp-content\\\/uploads\\\/2018\\\/07\\\/1.jpeg?fit=840%2C560&ssl=1\",\"datePublished\":\"2018-07-04T15:36:38+00:00\",\"author\":{\"@id\":\"https:\\\/\\\/gersonguelmann.com.br\\\/blog\\\/#\\\/schema\\\/person\\\/87e70e2a786888082f941a482c90569e\"},\"inLanguage\":\"pt-BR\",\"potentialAction\":[{\"@type\":\"ReadAction\",\"target\":[\"https:\\\/\\\/gersonguelmann.com.br\\\/blog\\\/bebe-de-brasilia-faz-sucesso-homenageando-selecoes-da-copa\\\/\"]}]},{\"@type\":\"ImageObject\",\"inLanguage\":\"pt-BR\",\"@id\":\"https:\\\/\\\/gersonguelmann.com.br\\\/blog\\\/bebe-de-brasilia-faz-sucesso-homenageando-selecoes-da-copa\\\/#primaryimage\",\"url\":\"https:\\\/\\\/i0.wp.com\\\/gersonguelmann.com.br\\\/blog\\\/wp-content\\\/uploads\\\/2018\\\/07\\\/1.jpeg?fit=840%2C560&ssl=1\",\"contentUrl\":\"https:\\\/\\\/i0.wp.com\\\/gersonguelmann.com.br\\\/blog\\\/wp-content\\\/uploads\\\/2018\\\/07\\\/1.jpeg?fit=840%2C560&ssl=1\",\"width\":840,\"height\":560},{\"@type\":\"WebSite\",\"@id\":\"https:\\\/\\\/gersonguelmann.com.br\\\/blog\\\/#website\",\"url\":\"https:\\\/\\\/gersonguelmann.com.br\\\/blog\\\/\",\"name\":\"Blog do Guelmann\",\"description\":\"Pitadas da sabedoria e do humor judaicos, assuntos do momento e um pouco das hist\u00f3rias que vivi e testemunhei.\",\"potentialAction\":[{\"@type\":\"SearchAction\",\"target\":{\"@type\":\"EntryPoint\",\"urlTemplate\":\"https:\\\/\\\/gersonguelmann.com.br\\\/blog\\\/?s={search_term_string}\"},\"query-input\":{\"@type\":\"PropertyValueSpecification\",\"valueRequired\":true,\"valueName\":\"search_term_string\"}}],\"inLanguage\":\"pt-BR\"},{\"@type\":\"Person\",\"@id\":\"https:\\\/\\\/gersonguelmann.com.br\\\/blog\\\/#\\\/schema\\\/person\\\/87e70e2a786888082f941a482c90569e\",\"name\":\"Gerson Guelmann\",\"image\":{\"@type\":\"ImageObject\",\"inLanguage\":\"pt-BR\",\"@id\":\"https:\\\/\\\/i0.wp.com\\\/gersonguelmann.com.br\\\/blog\\\/wp-content\\\/uploads\\\/2021\\\/08\\\/BLOG.jpeg?fit=96%2C96&ssl=1\",\"url\":\"https:\\\/\\\/i0.wp.com\\\/gersonguelmann.com.br\\\/blog\\\/wp-content\\\/uploads\\\/2021\\\/08\\\/BLOG.jpeg?fit=96%2C96&ssl=1\",\"contentUrl\":\"https:\\\/\\\/i0.wp.com\\\/gersonguelmann.com.br\\\/blog\\\/wp-content\\\/uploads\\\/2021\\\/08\\\/BLOG.jpeg?fit=96%2C96&ssl=1\",\"caption\":\"Gerson Guelmann\"},\"description\":\"Pitadas da sabedoria e do humor judaicos, assuntos do momento e um pouco das hist\u00f3rias que vivi e testemunhei.\"}]}<\/script>\n<!-- \/ Yoast SEO plugin. -->","yoast_head_json":{"title":"Beb\u00ea de Brasilia Faz Sucesso Homenageando Sele\u00e7\u00f5es da Copa | Blog do Guelmann","robots":{"index":"index","follow":"follow","max-snippet":"max-snippet:-1","max-image-preview":"max-image-preview:large","max-video-preview":"max-video-preview:-1"},"canonical":"https:\/\/gersonguelmann.com.br\/blog\/bebe-de-brasilia-faz-sucesso-homenageando-selecoes-da-copa\/","og_locale":"pt_BR","og_type":"article","og_title":"Beb\u00ea de Brasilia Faz Sucesso Homenageando Sele\u00e7\u00f5es da Copa | Blog do Guelmann","og_description":"O site Metr\u00f3poles publicou h\u00e1 pouco uma mat\u00e9ria muito bacana, sobre um beb\u00ea que est\u00e1 fazendo sucesso nas redes por homenagear as sele\u00e7\u00f5es que est\u00e3o disputando a Copa do Mundo: Beb\u00ea brasiliense faz sucesso nas redes homenageando sele\u00e7\u00f5es da Copa O pequeno Theo, de apenas seis meses, vem conquistando o cora\u00e7\u00e3o de muita gente com [&hellip;]","og_url":"https:\/\/gersonguelmann.com.br\/blog\/bebe-de-brasilia-faz-sucesso-homenageando-selecoes-da-copa\/","og_site_name":"Blog do Guelmann","article_published_time":"2018-07-04T15:36:38+00:00","og_image":[{"width":840,"height":560,"url":"https:\/\/i0.wp.com\/gersonguelmann.com.br\/blog\/wp-content\/uploads\/2018\/07\/1.jpeg?fit=840%2C560&ssl=1","type":"image\/jpeg"}],"author":"Gerson Guelmann","twitter_card":"summary_large_image","twitter_misc":{"Escrito por":"Gerson Guelmann","Est. tempo de leitura":"2 minutos"},"schema":{"@context":"https:\/\/schema.org","@graph":[{"@type":"Article","@id":"https:\/\/gersonguelmann.com.br\/blog\/bebe-de-brasilia-faz-sucesso-homenageando-selecoes-da-copa\/#article","isPartOf":{"@id":"https:\/\/gersonguelmann.com.br\/blog\/bebe-de-brasilia-faz-sucesso-homenageando-selecoes-da-copa\/"},"author":{"name":"Gerson Guelmann","@id":"https:\/\/gersonguelmann.com.br\/blog\/#\/schema\/person\/87e70e2a786888082f941a482c90569e"},"headline":"Beb\u00ea de Brasilia Faz Sucesso Homenageando Sele\u00e7\u00f5es da Copa","datePublished":"2018-07-04T15:36:38+00:00","mainEntityOfPage":{"@id":"https:\/\/gersonguelmann.com.br\/blog\/bebe-de-brasilia-faz-sucesso-homenageando-selecoes-da-copa\/"},"wordCount":453,"commentCount":0,"image":{"@id":"https:\/\/gersonguelmann.com.br\/blog\/bebe-de-brasilia-faz-sucesso-homenageando-selecoes-da-copa\/#primaryimage"},"thumbnailUrl":"https:\/\/i0.wp.com\/gersonguelmann.com.br\/blog\/wp-content\/uploads\/2018\/07\/1.jpeg?fit=840%2C560&ssl=1","inLanguage":"pt-BR","potentialAction":[{"@type":"CommentAction","name":"Comment","target":["https:\/\/gersonguelmann.com.br\/blog\/bebe-de-brasilia-faz-sucesso-homenageando-selecoes-da-copa\/#respond"]}]},{"@type":"WebPage","@id":"https:\/\/gersonguelmann.com.br\/blog\/bebe-de-brasilia-faz-sucesso-homenageando-selecoes-da-copa\/","url":"https:\/\/gersonguelmann.com.br\/blog\/bebe-de-brasilia-faz-sucesso-homenageando-selecoes-da-copa\/","name":"Beb\u00ea de Brasilia Faz Sucesso Homenageando Sele\u00e7\u00f5es da Copa | Blog do Guelmann","isPartOf":{"@id":"https:\/\/gersonguelmann.com.br\/blog\/#website"},"primaryImageOfPage":{"@id":"https:\/\/gersonguelmann.com.br\/blog\/bebe-de-brasilia-faz-sucesso-homenageando-selecoes-da-copa\/#primaryimage"},"image":{"@id":"https:\/\/gersonguelmann.com.br\/blog\/bebe-de-brasilia-faz-sucesso-homenageando-selecoes-da-copa\/#primaryimage"},"thumbnailUrl":"https:\/\/i0.wp.com\/gersonguelmann.com.br\/blog\/wp-content\/uploads\/2018\/07\/1.jpeg?fit=840%2C560&ssl=1","datePublished":"2018-07-04T15:36:38+00:00","author":{"@id":"https:\/\/gersonguelmann.com.br\/blog\/#\/schema\/person\/87e70e2a786888082f941a482c90569e"},"inLanguage":"pt-BR","potentialAction":[{"@type":"ReadAction","target":["https:\/\/gersonguelmann.com.br\/blog\/bebe-de-brasilia-faz-sucesso-homenageando-selecoes-da-copa\/"]}]},{"@type":"ImageObject","inLanguage":"pt-BR","@id":"https:\/\/gersonguelmann.com.br\/blog\/bebe-de-brasilia-faz-sucesso-homenageando-selecoes-da-copa\/#primaryimage","url":"https:\/\/i0.wp.com\/gersonguelmann.com.br\/blog\/wp-content\/uploads\/2018\/07\/1.jpeg?fit=840%2C560&ssl=1","contentUrl":"https:\/\/i0.wp.com\/gersonguelmann.com.br\/blog\/wp-content\/uploads\/2018\/07\/1.jpeg?fit=840%2C560&ssl=1","width":840,"height":560},{"@type":"WebSite","@id":"https:\/\/gersonguelmann.com.br\/blog\/#website","url":"https:\/\/gersonguelmann.com.br\/blog\/","name":"Blog do Guelmann","description":"Pitadas da sabedoria e do humor judaicos, assuntos do momento e um pouco das hist\u00f3rias que vivi e testemunhei.","potentialAction":[{"@type":"SearchAction","target":{"@type":"EntryPoint","urlTemplate":"https:\/\/gersonguelmann.com.br\/blog\/?s={search_term_string}"},"query-input":{"@type":"PropertyValueSpecification","valueRequired":true,"valueName":"search_term_string"}}],"inLanguage":"pt-BR"},{"@type":"Person","@id":"https:\/\/gersonguelmann.com.br\/blog\/#\/schema\/person\/87e70e2a786888082f941a482c90569e","name":"Gerson Guelmann","image":{"@type":"ImageObject","inLanguage":"pt-BR","@id":"https:\/\/i0.wp.com\/gersonguelmann.com.br\/blog\/wp-content\/uploads\/2021\/08\/BLOG.jpeg?fit=96%2C96&ssl=1","url":"https:\/\/i0.wp.com\/gersonguelmann.com.br\/blog\/wp-content\/uploads\/2021\/08\/BLOG.jpeg?fit=96%2C96&ssl=1","contentUrl":"https:\/\/i0.wp.com\/gersonguelmann.com.br\/blog\/wp-content\/uploads\/2021\/08\/BLOG.jpeg?fit=96%2C96&ssl=1","caption":"Gerson Guelmann"},"description":"Pitadas da sabedoria e do humor judaicos, assuntos do momento e um pouco das hist\u00f3rias que vivi e testemunhei."}]}},"views":29,"jetpack_publicize_connections":[],"jetpack_featured_media_url":"https:\/\/i0.wp.com\/gersonguelmann.com.br\/blog\/wp-content\/uploads\/2018\/07\/1.jpeg?fit=840%2C560&ssl=1","jetpack_shortlink":"https:\/\/wp.me\/p96e7O-3LE","jetpack-related-posts":[{"id":14363,"url":"https:\/\/gersonguelmann.com.br\/blog\/a-copa-do-mundo-faz-uma-pausa-mas-amanha-tem-futebol-espetaculo\/","url_meta":{"origin":14486,"position":0},"title":"A Copa do Mundo Faz Uma Pausa, Mas Amanh\u00e3 Tem Futebol Espet\u00e1culo","author":"Gerson Guelmann","date":"28 de junho de 2018","format":false,"excerpt":"Felizmente, gra\u00e7as ao discernimento da FIFA, amanh\u00e3 a Copa do Mundo far\u00e1 uma pausa, para que o Mundo possa assistir o jogo do meu Coxa, que enfrentar\u00e1 a valorosa equipe do CSA em Macei\u00f3 (AL). A partida ser\u00e1 realizada no est\u00e1dio Rei Pel\u00e9, conhecido como Trapich\u00e3o, com in\u00edcio previsto para\u2026","rel":"","context":"Em &quot;Sem categoria&quot;","block_context":{"text":"Sem categoria","link":"https:\/\/gersonguelmann.com.br\/blog\/category\/sem-categoria\/"},"img":{"alt_text":"","src":"https:\/\/i0.wp.com\/gersonguelmann.com.br\/blog\/wp-content\/uploads\/2018\/06\/Coxa.jpg?fit=550%2C350&ssl=1&resize=350%2C200","width":350,"height":200,"srcset":"https:\/\/i0.wp.com\/gersonguelmann.com.br\/blog\/wp-content\/uploads\/2018\/06\/Coxa.jpg?fit=550%2C350&ssl=1&resize=350%2C200 1x, https:\/\/i0.wp.com\/gersonguelmann.com.br\/blog\/wp-content\/uploads\/2018\/06\/Coxa.jpg?fit=550%2C350&ssl=1&resize=525%2C300 1.5x"},"classes":[]},{"id":14066,"url":"https:\/\/gersonguelmann.com.br\/blog\/tem-filho-pequeno-e-quer-assistir-a-copa-o-bom-humor-das-redes\/","url_meta":{"origin":14486,"position":1},"title":"Tem Filho Pequeno e Quer Assistir a Copa? &#8211; O Bom Humor das Redes","author":"Gerson Guelmann","date":"17 de junho de 2018","format":false,"excerpt":"\u00a0 Solu\u00e7\u00e3o engenhosa para o pai que quer assistir os jogos da Copa pela TV sem a preocupa\u00e7\u00e3o de jogar o beb\u00ea para cima na comemora\u00e7\u00e3o.","rel":"","context":"Em &quot;Sem categoria&quot;","block_context":{"text":"Sem categoria","link":"https:\/\/gersonguelmann.com.br\/blog\/category\/sem-categoria\/"},"img":{"alt_text":"","src":"https:\/\/i0.wp.com\/gersonguelmann.com.br\/blog\/wp-content\/uploads\/2018\/06\/Copa-3.jpg?fit=1200%2C800&ssl=1&resize=350%2C200","width":350,"height":200,"srcset":"https:\/\/i0.wp.com\/gersonguelmann.com.br\/blog\/wp-content\/uploads\/2018\/06\/Copa-3.jpg?fit=1200%2C800&ssl=1&resize=350%2C200 1x, https:\/\/i0.wp.com\/gersonguelmann.com.br\/blog\/wp-content\/uploads\/2018\/06\/Copa-3.jpg?fit=1200%2C800&ssl=1&resize=525%2C300 1.5x, https:\/\/i0.wp.com\/gersonguelmann.com.br\/blog\/wp-content\/uploads\/2018\/06\/Copa-3.jpg?fit=1200%2C800&ssl=1&resize=700%2C400 2x, https:\/\/i0.wp.com\/gersonguelmann.com.br\/blog\/wp-content\/uploads\/2018\/06\/Copa-3.jpg?fit=1200%2C800&ssl=1&resize=1050%2C600 3x"},"classes":[]},{"id":14528,"url":"https:\/\/gersonguelmann.com.br\/blog\/os-mais-temiveis-adversarios-do-brasil-na-copa-do-mundo\/","url_meta":{"origin":14486,"position":2},"title":"Os Mais Tem\u00edveis Advers\u00e1rios do Brasil na Copa do Mundo","author":"Gerson Guelmann","date":"5 de julho de 2018","format":false,"excerpt":"Jo\u00e3o Mendon\u00e7a Falc\u00e3o (1918-1997) foi um pol\u00edtico paulista e\u00a0tamb\u00e9m presidente da Federa\u00e7\u00e3o Paulista de Futebol.\u00a0 De fam\u00edlia humilde e pouca instru\u00e7\u00e3o, foi motorneiro de bondes da antiga CMTC, a Companhia Municipal de Transportes Coletivos de S\u00e3o Paulo, e chegou a ser prefeito de Guarulhos, deputado estadual e federal. Na condi\u00e7\u00e3o\u2026","rel":"","context":"Em &quot;Sem categoria&quot;","block_context":{"text":"Sem categoria","link":"https:\/\/gersonguelmann.com.br\/blog\/category\/sem-categoria\/"},"img":{"alt_text":"","src":"https:\/\/i0.wp.com\/gersonguelmann.com.br\/blog\/wp-content\/uploads\/2018\/07\/2018-300x151.jpg?resize=350%2C200&ssl=1","width":350,"height":200},"classes":[]},{"id":14375,"url":"https:\/\/gersonguelmann.com.br\/blog\/numeros-de-todas-as-copas-do-mundo-para-aficionados\/","url_meta":{"origin":14486,"position":3},"title":"N\u00fameros de Todas as Copas do Mundo (Para Aficionados)","author":"Gerson Guelmann","date":"29 de junho de 2018","format":false,"excerpt":"Recebi o material abaixo num grupo de WhatsApp, sem identifica\u00e7\u00e3o da autoria, que n\u00e3o consegui descobrir na pesquisa que fiz. Se algu\u00e9m souber, farei a inclus\u00e3o do cr\u00e9dito aqui no Blog. Espero tamb\u00e9m que os dados estejam corretos.\u00a0\u00a0 \u00a0 Pa\u00edses com mais presen\u00e7as nas Copas do Mundo (desde 1930): \ud83c\udde7\ud83c\uddf7\u2026","rel":"","context":"Em &quot;Sem categoria&quot;","block_context":{"text":"Sem categoria","link":"https:\/\/gersonguelmann.com.br\/blog\/category\/sem-categoria\/"},"img":{"alt_text":"","src":"https:\/\/i0.wp.com\/gersonguelmann.com.br\/blog\/wp-content\/uploads\/2018\/06\/images.jpg?resize=350%2C200&ssl=1","width":350,"height":200},"classes":[]},{"id":14378,"url":"https:\/\/gersonguelmann.com.br\/blog\/no-estado-mais-rico-do-brasil-bebe-fica-em-caixa-de-papelao-ate-ir-para-uti\/","url_meta":{"origin":14486,"position":4},"title":"No Estado Mais Rico do Brasil, Beb\u00ea Fica em Caixa de Papel\u00e3o At\u00e9 Ir Para UTI","author":"Gerson Guelmann","date":"30 de junho de 2018","format":false,"excerpt":"Enquanto estamos anestesiados pela Copa do Mundo, o Brasil que tem outras prioridades continua nos oferecendo um espet\u00e1culo de absurdos. Leia mat\u00e9ria do UOL Not\u00edcias: Sem UTI, m\u00e9dicos improvisam caixa de papel\u00e3o para atender beb\u00ea Rene Moreira, Especial para O Estado Franca 29\/06\/2018 - 21h25 A falta de UTI neonatal\u2026","rel":"","context":"Em &quot;Sem categoria&quot;","block_context":{"text":"Sem categoria","link":"https:\/\/gersonguelmann.com.br\/blog\/category\/sem-categoria\/"},"img":{"alt_text":"","src":"https:\/\/i0.wp.com\/gersonguelmann.com.br\/blog\/wp-content\/uploads\/2018\/06\/child-in-a-box.jpg?fit=960%2C540&ssl=1&resize=350%2C200","width":350,"height":200,"srcset":"https:\/\/i0.wp.com\/gersonguelmann.com.br\/blog\/wp-content\/uploads\/2018\/06\/child-in-a-box.jpg?fit=960%2C540&ssl=1&resize=350%2C200 1x, https:\/\/i0.wp.com\/gersonguelmann.com.br\/blog\/wp-content\/uploads\/2018\/06\/child-in-a-box.jpg?fit=960%2C540&ssl=1&resize=525%2C300 1.5x, https:\/\/i0.wp.com\/gersonguelmann.com.br\/blog\/wp-content\/uploads\/2018\/06\/child-in-a-box.jpg?fit=960%2C540&ssl=1&resize=700%2C400 2x"},"classes":[]},{"id":13989,"url":"https:\/\/gersonguelmann.com.br\/blog\/copa-o-sentimento-do-brasileiro-revelado-nas-redes\/","url_meta":{"origin":14486,"position":5},"title":"Copa: o Sentimento do Brasileiro Revelado Nas Redes","author":"Gerson Guelmann","date":"15 de junho de 2018","format":false,"excerpt":"Acompanhando a Copa do Mundo desde 1958 (aquela 1\u00aa atrav\u00e9s de r\u00e1dio de pilha), n\u00e3o lembro de ter constatado aqui no Brasil um clima de des\u00e2nimo como o de agora. A crise na qual o pa\u00eds est\u00e1 mergulhado j\u00e1 h\u00e1 alguns anos, tirou a alegria do nosso povo e se\u2026","rel":"","context":"Em &quot;Sem categoria&quot;","block_context":{"text":"Sem categoria","link":"https:\/\/gersonguelmann.com.br\/blog\/category\/sem-categoria\/"},"img":{"alt_text":"","src":"https:\/\/i0.wp.com\/gersonguelmann.com.br\/blog\/wp-content\/uploads\/2018\/06\/4-tristes-verdades-sobre-a-copa-do-mundo-2014.jpg?fit=673%2C320&ssl=1&resize=350%2C200","width":350,"height":200,"srcset":"https:\/\/i0.wp.com\/gersonguelmann.com.br\/blog\/wp-content\/uploads\/2018\/06\/4-tristes-verdades-sobre-a-copa-do-mundo-2014.jpg?fit=673%2C320&ssl=1&resize=350%2C200 1x, https:\/\/i0.wp.com\/gersonguelmann.com.br\/blog\/wp-content\/uploads\/2018\/06\/4-tristes-verdades-sobre-a-copa-do-mundo-2014.jpg?fit=673%2C320&ssl=1&resize=525%2C300 1.5x"},"classes":[]}],"jetpack_sharing_enabled":true,"post_mailing_queue_ids":[],"_links":{"self":[{"href":"https:\/\/gersonguelmann.com.br\/blog\/wp-json\/wp\/v2\/posts\/14486","targetHints":{"allow":["GET"]}}],"collection":[{"href":"https:\/\/gersonguelmann.com.br\/blog\/wp-json\/wp\/v2\/posts"}],"about":[{"href":"https:\/\/gersonguelmann.com.br\/blog\/wp-json\/wp\/v2\/types\/post"}],"author":[{"embeddable":true,"href":"https:\/\/gersonguelmann.com.br\/blog\/wp-json\/wp\/v2\/users\/5"}],"replies":[{"embeddable":true,"href":"https:\/\/gersonguelmann.com.br\/blog\/wp-json\/wp\/v2\/comments?post=14486"}],"version-history":[{"count":0,"href":"https:\/\/gersonguelmann.com.br\/blog\/wp-json\/wp\/v2\/posts\/14486\/revisions"}],"wp:featuredmedia":[{"embeddable":true,"href":"https:\/\/gersonguelmann.com.br\/blog\/wp-json\/wp\/v2\/media\/14487"}],"wp:attachment":[{"href":"https:\/\/gersonguelmann.com.br\/blog\/wp-json\/wp\/v2\/media?parent=14486"}],"wp:term":[{"taxonomy":"category","embeddable":true,"href":"https:\/\/gersonguelmann.com.br\/blog\/wp-json\/wp\/v2\/categories?post=14486"},{"taxonomy":"post_tag","embeddable":true,"href":"https:\/\/gersonguelmann.com.br\/blog\/wp-json\/wp\/v2\/tags?post=14486"}],"curies":[{"name":"wp","href":"https:\/\/api.w.org\/{rel}","templated":true}]}}