    {"id":14493,"date":"2018-07-04T13:14:57","date_gmt":"2018-07-04T16:14:57","guid":{"rendered":"https:\/\/gersonguelmann.com.br\/blog\/?p=14493"},"modified":"2018-07-04T14:23:20","modified_gmt":"2018-07-04T17:23:20","slug":"plano-real-voce-lembra-dele","status":"publish","type":"post","link":"https:\/\/gersonguelmann.com.br\/blog\/plano-real-voce-lembra-dele\/","title":{"rendered":"Plano Real, Voc\u00ea Lembra Dele?"},"content":{"rendered":"<p><span style=\"color: #000000; font-family: georgia, palatino, serif; font-size: 18pt;\">O Economista Gustavo Franco,\u00a0 ex-presidente do Banco Central publicou em sua p\u00e1gina do Facebook um texto lembrando os 24 anos do Plano Real:<\/span><\/p>\n<p><em><span style=\"color: #000000; font-family: helvetica, arial, sans-serif; font-size: 14pt;\">&#8220;Hoje, 1 de julho de 2018, o real faz 24 anos. \u00c9 o padr\u00e3o monet\u00e1rio mais bem sucedido de todos os 9 que o Brasil j\u00e1 teve. At\u00e9 hoje, 24 anos depois, voc\u00ea vai ter dificuldade com o troco para a nota de R$100. Em 1967, quando o cruzeiro de 1942 foi substitu\u00eddo pelo cruzeiro novo, Pedro II, da c\u00e9dula de Cr$ 100, ganhou um carimbo redondo e passou a valer 10 centavos.\u00a0<\/span><\/em><br \/>\n<em><span style=\"color: #000000; font-family: helvetica, arial, sans-serif; font-size: 14pt;\">Vamos festejar uma reforma que fizemos direito, e que era muito dif\u00edcil. Podemos perfeitamente resolver os outros problemas, o Brasil n\u00e3o \u00e9 um caso perdido.&#8221;<\/span><\/em><\/p>\n<p><span style=\"color: #000000; font-family: georgia, palatino, serif; font-size: 18pt;\">Link para a p\u00e1gina dele:<br \/>\n<span style=\"color: #0000ff;\"><a style=\"color: #0000ff;\" href=\"https:\/\/www.facebook.com\/100000513919724\/posts\/2222863871074055\/\"><em><strong>https:\/\/www.facebook.com\/100000513919724\/posts\/2222863871074055\/<\/strong><\/em><\/a><\/span><\/span><\/p>\n<p style=\"text-align: center;\"><img data-recalc-dims=\"1\" decoding=\"async\" data-attachment-id=\"14495\" data-permalink=\"https:\/\/gersonguelmann.com.br\/blog\/plano-real-voce-lembra-dele\/cedula-4\/\" data-orig-file=\"https:\/\/i0.wp.com\/gersonguelmann.com.br\/blog\/wp-content\/uploads\/2018\/07\/C%C3%A9dula.gif?fit=1689%2C762&amp;ssl=1\" data-orig-size=\"1689,762\" data-comments-opened=\"1\" data-image-meta=\"{&quot;aperture&quot;:&quot;0&quot;,&quot;credit&quot;:&quot;&quot;,&quot;camera&quot;:&quot;&quot;,&quot;caption&quot;:&quot;&quot;,&quot;created_timestamp&quot;:&quot;0&quot;,&quot;copyright&quot;:&quot;&quot;,&quot;focal_length&quot;:&quot;0&quot;,&quot;iso&quot;:&quot;0&quot;,&quot;shutter_speed&quot;:&quot;0&quot;,&quot;title&quot;:&quot;&quot;,&quot;orientation&quot;:&quot;0&quot;}\" data-image-title=\"C\u00e9dula\" data-image-description=\"\" data-image-caption=\"\" data-medium-file=\"https:\/\/i0.wp.com\/gersonguelmann.com.br\/blog\/wp-content\/uploads\/2018\/07\/C%C3%A9dula.gif?fit=300%2C135&amp;ssl=1\" data-large-file=\"https:\/\/i0.wp.com\/gersonguelmann.com.br\/blog\/wp-content\/uploads\/2018\/07\/C%C3%A9dula.gif?fit=640%2C289&amp;ssl=1\" class=\"alignnone size-medium wp-image-14495\" src=\"https:\/\/i0.wp.com\/gersonguelmann.com.br\/blog\/wp-content\/uploads\/2018\/07\/C%C3%A9dula.gif?resize=300%2C135&#038;ssl=1\" alt=\"\" width=\"300\" height=\"135\" srcset=\"https:\/\/i0.wp.com\/gersonguelmann.com.br\/blog\/wp-content\/uploads\/2018\/07\/C%C3%A9dula.gif?resize=300%2C135&amp;ssl=1 300w, https:\/\/i0.wp.com\/gersonguelmann.com.br\/blog\/wp-content\/uploads\/2018\/07\/C%C3%A9dula.gif?resize=768%2C346&amp;ssl=1 768w, https:\/\/i0.wp.com\/gersonguelmann.com.br\/blog\/wp-content\/uploads\/2018\/07\/C%C3%A9dula.gif?resize=1024%2C462&amp;ssl=1 1024w, https:\/\/i0.wp.com\/gersonguelmann.com.br\/blog\/wp-content\/uploads\/2018\/07\/C%C3%A9dula.gif?w=1280&amp;ssl=1 1280w\" sizes=\"(max-width: 300px) 100vw, 300px\" \/><\/p>\n","protected":false},"excerpt":{"rendered":"<p>O Economista Gustavo Franco,\u00a0 ex-presidente do Banco Central publicou em sua p\u00e1gina do Facebook um texto lembrando os 24 anos do Plano Real: &#8220;Hoje, 1 de julho de 2018, o real faz 24 anos. \u00c9 o padr\u00e3o monet\u00e1rio mais bem sucedido de todos os 9 que o Brasil j\u00e1 teve. At\u00e9 hoje, 24 anos depois, [&hellip;]<\/p>\n","protected":false},"author":5,"featured_media":14495,"comment_status":"open","ping_status":"open","sticky":false,"template":"","format":"standard","meta":{"_acf_changed":false,"jetpack_post_was_ever_published":false,"_jetpack_newsletter_access":"","_jetpack_dont_email_post_to_subs":false,"_jetpack_newsletter_tier_id":0,"_jetpack_memberships_contains_paywalled_content":false,"_jetpack_memberships_contains_paid_content":false,"footnotes":"","jetpack_publicize_message":"","jetpack_publicize_feature_enabled":true,"jetpack_social_post_already_shared":true,"jetpack_social_options":{"image_generator_settings":{"template":"highway","default_image_id":0,"font":"","enabled":false},"version":2}},"categories":[1],"tags":[],"class_list":["post-14493","post","type-post","status-publish","format-standard","has-post-thumbnail","hentry","category-sem-categoria"],"acf":[],"yoast_head":"<!-- This site is optimized with the Yoast SEO plugin v27.3 - https:\/\/yoast.com\/product\/yoast-seo-wordpress\/ -->\n<title>Plano Real, Voc\u00ea Lembra Dele? | Blog do Guelmann<\/title>\n<meta name=\"robots\" content=\"index, follow, max-snippet:-1, max-image-preview:large, max-video-preview:-1\" \/>\n<link rel=\"canonical\" href=\"https:\/\/gersonguelmann.com.br\/blog\/plano-real-voce-lembra-dele\/\" \/>\n<meta property=\"og:locale\" content=\"pt_BR\" \/>\n<meta property=\"og:type\" content=\"article\" \/>\n<meta property=\"og:title\" content=\"Plano Real, Voc\u00ea Lembra Dele? | Blog do Guelmann\" \/>\n<meta property=\"og:description\" content=\"O Economista Gustavo Franco,\u00a0 ex-presidente do Banco Central publicou em sua p\u00e1gina do Facebook um texto lembrando os 24 anos do Plano Real: &#8220;Hoje, 1 de julho de 2018, o real faz 24 anos. \u00c9 o padr\u00e3o monet\u00e1rio mais bem sucedido de todos os 9 que o Brasil j\u00e1 teve. At\u00e9 hoje, 24 anos depois, [&hellip;]\" \/>\n<meta property=\"og:url\" content=\"https:\/\/gersonguelmann.com.br\/blog\/plano-real-voce-lembra-dele\/\" \/>\n<meta property=\"og:site_name\" content=\"Blog do Guelmann\" \/>\n<meta property=\"article:published_time\" content=\"2018-07-04T16:14:57+00:00\" \/>\n<meta property=\"article:modified_time\" content=\"2018-07-04T17:23:20+00:00\" \/>\n<meta property=\"og:image\" content=\"https:\/\/i0.wp.com\/gersonguelmann.com.br\/blog\/wp-content\/uploads\/2018\/07\/C\u00e9dula.gif?fit=1689%2C762&ssl=1\" \/>\n\t<meta property=\"og:image:width\" content=\"1689\" \/>\n\t<meta property=\"og:image:height\" content=\"762\" \/>\n\t<meta property=\"og:image:type\" content=\"image\/gif\" \/>\n<meta name=\"author\" content=\"Gerson Guelmann\" \/>\n<meta name=\"twitter:card\" content=\"summary_large_image\" \/>\n<meta name=\"twitter:label1\" content=\"Escrito por\" \/>\n\t<meta name=\"twitter:data1\" content=\"Gerson Guelmann\" \/>\n\t<meta name=\"twitter:label2\" content=\"Est. tempo de leitura\" \/>\n\t<meta name=\"twitter:data2\" content=\"1 minuto\" \/>\n<script type=\"application\/ld+json\" class=\"yoast-schema-graph\">{\"@context\":\"https:\\\/\\\/schema.org\",\"@graph\":[{\"@type\":\"Article\",\"@id\":\"https:\\\/\\\/gersonguelmann.com.br\\\/blog\\\/plano-real-voce-lembra-dele\\\/#article\",\"isPartOf\":{\"@id\":\"https:\\\/\\\/gersonguelmann.com.br\\\/blog\\\/plano-real-voce-lembra-dele\\\/\"},\"author\":{\"name\":\"Gerson Guelmann\",\"@id\":\"https:\\\/\\\/gersonguelmann.com.br\\\/blog\\\/#\\\/schema\\\/person\\\/87e70e2a786888082f941a482c90569e\"},\"headline\":\"Plano Real, Voc\u00ea Lembra Dele?\",\"datePublished\":\"2018-07-04T16:14:57+00:00\",\"dateModified\":\"2018-07-04T17:23:20+00:00\",\"mainEntityOfPage\":{\"@id\":\"https:\\\/\\\/gersonguelmann.com.br\\\/blog\\\/plano-real-voce-lembra-dele\\\/\"},\"wordCount\":132,\"commentCount\":0,\"image\":{\"@id\":\"https:\\\/\\\/gersonguelmann.com.br\\\/blog\\\/plano-real-voce-lembra-dele\\\/#primaryimage\"},\"thumbnailUrl\":\"https:\\\/\\\/i0.wp.com\\\/gersonguelmann.com.br\\\/blog\\\/wp-content\\\/uploads\\\/2018\\\/07\\\/C%C3%A9dula.gif?fit=1689%2C762&ssl=1\",\"inLanguage\":\"pt-BR\",\"potentialAction\":[{\"@type\":\"CommentAction\",\"name\":\"Comment\",\"target\":[\"https:\\\/\\\/gersonguelmann.com.br\\\/blog\\\/plano-real-voce-lembra-dele\\\/#respond\"]}]},{\"@type\":\"WebPage\",\"@id\":\"https:\\\/\\\/gersonguelmann.com.br\\\/blog\\\/plano-real-voce-lembra-dele\\\/\",\"url\":\"https:\\\/\\\/gersonguelmann.com.br\\\/blog\\\/plano-real-voce-lembra-dele\\\/\",\"name\":\"Plano Real, Voc\u00ea Lembra Dele? | Blog do Guelmann\",\"isPartOf\":{\"@id\":\"https:\\\/\\\/gersonguelmann.com.br\\\/blog\\\/#website\"},\"primaryImageOfPage\":{\"@id\":\"https:\\\/\\\/gersonguelmann.com.br\\\/blog\\\/plano-real-voce-lembra-dele\\\/#primaryimage\"},\"image\":{\"@id\":\"https:\\\/\\\/gersonguelmann.com.br\\\/blog\\\/plano-real-voce-lembra-dele\\\/#primaryimage\"},\"thumbnailUrl\":\"https:\\\/\\\/i0.wp.com\\\/gersonguelmann.com.br\\\/blog\\\/wp-content\\\/uploads\\\/2018\\\/07\\\/C%C3%A9dula.gif?fit=1689%2C762&ssl=1\",\"datePublished\":\"2018-07-04T16:14:57+00:00\",\"dateModified\":\"2018-07-04T17:23:20+00:00\",\"author\":{\"@id\":\"https:\\\/\\\/gersonguelmann.com.br\\\/blog\\\/#\\\/schema\\\/person\\\/87e70e2a786888082f941a482c90569e\"},\"inLanguage\":\"pt-BR\",\"potentialAction\":[{\"@type\":\"ReadAction\",\"target\":[\"https:\\\/\\\/gersonguelmann.com.br\\\/blog\\\/plano-real-voce-lembra-dele\\\/\"]}]},{\"@type\":\"ImageObject\",\"inLanguage\":\"pt-BR\",\"@id\":\"https:\\\/\\\/gersonguelmann.com.br\\\/blog\\\/plano-real-voce-lembra-dele\\\/#primaryimage\",\"url\":\"https:\\\/\\\/i0.wp.com\\\/gersonguelmann.com.br\\\/blog\\\/wp-content\\\/uploads\\\/2018\\\/07\\\/C%C3%A9dula.gif?fit=1689%2C762&ssl=1\",\"contentUrl\":\"https:\\\/\\\/i0.wp.com\\\/gersonguelmann.com.br\\\/blog\\\/wp-content\\\/uploads\\\/2018\\\/07\\\/C%C3%A9dula.gif?fit=1689%2C762&ssl=1\",\"width\":1689,\"height\":762},{\"@type\":\"WebSite\",\"@id\":\"https:\\\/\\\/gersonguelmann.com.br\\\/blog\\\/#website\",\"url\":\"https:\\\/\\\/gersonguelmann.com.br\\\/blog\\\/\",\"name\":\"Blog do Guelmann\",\"description\":\"Pitadas da sabedoria e do humor judaicos, assuntos do momento e um pouco das hist\u00f3rias que vivi e testemunhei.\",\"potentialAction\":[{\"@type\":\"SearchAction\",\"target\":{\"@type\":\"EntryPoint\",\"urlTemplate\":\"https:\\\/\\\/gersonguelmann.com.br\\\/blog\\\/?s={search_term_string}\"},\"query-input\":{\"@type\":\"PropertyValueSpecification\",\"valueRequired\":true,\"valueName\":\"search_term_string\"}}],\"inLanguage\":\"pt-BR\"},{\"@type\":\"Person\",\"@id\":\"https:\\\/\\\/gersonguelmann.com.br\\\/blog\\\/#\\\/schema\\\/person\\\/87e70e2a786888082f941a482c90569e\",\"name\":\"Gerson Guelmann\",\"image\":{\"@type\":\"ImageObject\",\"inLanguage\":\"pt-BR\",\"@id\":\"https:\\\/\\\/i0.wp.com\\\/gersonguelmann.com.br\\\/blog\\\/wp-content\\\/uploads\\\/2021\\\/08\\\/BLOG.jpeg?fit=96%2C96&ssl=1\",\"url\":\"https:\\\/\\\/i0.wp.com\\\/gersonguelmann.com.br\\\/blog\\\/wp-content\\\/uploads\\\/2021\\\/08\\\/BLOG.jpeg?fit=96%2C96&ssl=1\",\"contentUrl\":\"https:\\\/\\\/i0.wp.com\\\/gersonguelmann.com.br\\\/blog\\\/wp-content\\\/uploads\\\/2021\\\/08\\\/BLOG.jpeg?fit=96%2C96&ssl=1\",\"caption\":\"Gerson Guelmann\"},\"description\":\"Pitadas da sabedoria e do humor judaicos, assuntos do momento e um pouco das hist\u00f3rias que vivi e testemunhei.\"}]}<\/script>\n<!-- \/ Yoast SEO plugin. -->","yoast_head_json":{"title":"Plano Real, Voc\u00ea Lembra Dele? | Blog do Guelmann","robots":{"index":"index","follow":"follow","max-snippet":"max-snippet:-1","max-image-preview":"max-image-preview:large","max-video-preview":"max-video-preview:-1"},"canonical":"https:\/\/gersonguelmann.com.br\/blog\/plano-real-voce-lembra-dele\/","og_locale":"pt_BR","og_type":"article","og_title":"Plano Real, Voc\u00ea Lembra Dele? | Blog do Guelmann","og_description":"O Economista Gustavo Franco,\u00a0 ex-presidente do Banco Central publicou em sua p\u00e1gina do Facebook um texto lembrando os 24 anos do Plano Real: &#8220;Hoje, 1 de julho de 2018, o real faz 24 anos. \u00c9 o padr\u00e3o monet\u00e1rio mais bem sucedido de todos os 9 que o Brasil j\u00e1 teve. At\u00e9 hoje, 24 anos depois, [&hellip;]","og_url":"https:\/\/gersonguelmann.com.br\/blog\/plano-real-voce-lembra-dele\/","og_site_name":"Blog do Guelmann","article_published_time":"2018-07-04T16:14:57+00:00","article_modified_time":"2018-07-04T17:23:20+00:00","og_image":[{"width":1689,"height":762,"url":"https:\/\/i0.wp.com\/gersonguelmann.com.br\/blog\/wp-content\/uploads\/2018\/07\/C\u00e9dula.gif?fit=1689%2C762&ssl=1","type":"image\/gif"}],"author":"Gerson Guelmann","twitter_card":"summary_large_image","twitter_misc":{"Escrito por":"Gerson Guelmann","Est. tempo de leitura":"1 minuto"},"schema":{"@context":"https:\/\/schema.org","@graph":[{"@type":"Article","@id":"https:\/\/gersonguelmann.com.br\/blog\/plano-real-voce-lembra-dele\/#article","isPartOf":{"@id":"https:\/\/gersonguelmann.com.br\/blog\/plano-real-voce-lembra-dele\/"},"author":{"name":"Gerson Guelmann","@id":"https:\/\/gersonguelmann.com.br\/blog\/#\/schema\/person\/87e70e2a786888082f941a482c90569e"},"headline":"Plano Real, Voc\u00ea Lembra Dele?","datePublished":"2018-07-04T16:14:57+00:00","dateModified":"2018-07-04T17:23:20+00:00","mainEntityOfPage":{"@id":"https:\/\/gersonguelmann.com.br\/blog\/plano-real-voce-lembra-dele\/"},"wordCount":132,"commentCount":0,"image":{"@id":"https:\/\/gersonguelmann.com.br\/blog\/plano-real-voce-lembra-dele\/#primaryimage"},"thumbnailUrl":"https:\/\/i0.wp.com\/gersonguelmann.com.br\/blog\/wp-content\/uploads\/2018\/07\/C%C3%A9dula.gif?fit=1689%2C762&ssl=1","inLanguage":"pt-BR","potentialAction":[{"@type":"CommentAction","name":"Comment","target":["https:\/\/gersonguelmann.com.br\/blog\/plano-real-voce-lembra-dele\/#respond"]}]},{"@type":"WebPage","@id":"https:\/\/gersonguelmann.com.br\/blog\/plano-real-voce-lembra-dele\/","url":"https:\/\/gersonguelmann.com.br\/blog\/plano-real-voce-lembra-dele\/","name":"Plano Real, Voc\u00ea Lembra Dele? | Blog do Guelmann","isPartOf":{"@id":"https:\/\/gersonguelmann.com.br\/blog\/#website"},"primaryImageOfPage":{"@id":"https:\/\/gersonguelmann.com.br\/blog\/plano-real-voce-lembra-dele\/#primaryimage"},"image":{"@id":"https:\/\/gersonguelmann.com.br\/blog\/plano-real-voce-lembra-dele\/#primaryimage"},"thumbnailUrl":"https:\/\/i0.wp.com\/gersonguelmann.com.br\/blog\/wp-content\/uploads\/2018\/07\/C%C3%A9dula.gif?fit=1689%2C762&ssl=1","datePublished":"2018-07-04T16:14:57+00:00","dateModified":"2018-07-04T17:23:20+00:00","author":{"@id":"https:\/\/gersonguelmann.com.br\/blog\/#\/schema\/person\/87e70e2a786888082f941a482c90569e"},"inLanguage":"pt-BR","potentialAction":[{"@type":"ReadAction","target":["https:\/\/gersonguelmann.com.br\/blog\/plano-real-voce-lembra-dele\/"]}]},{"@type":"ImageObject","inLanguage":"pt-BR","@id":"https:\/\/gersonguelmann.com.br\/blog\/plano-real-voce-lembra-dele\/#primaryimage","url":"https:\/\/i0.wp.com\/gersonguelmann.com.br\/blog\/wp-content\/uploads\/2018\/07\/C%C3%A9dula.gif?fit=1689%2C762&ssl=1","contentUrl":"https:\/\/i0.wp.com\/gersonguelmann.com.br\/blog\/wp-content\/uploads\/2018\/07\/C%C3%A9dula.gif?fit=1689%2C762&ssl=1","width":1689,"height":762},{"@type":"WebSite","@id":"https:\/\/gersonguelmann.com.br\/blog\/#website","url":"https:\/\/gersonguelmann.com.br\/blog\/","name":"Blog do Guelmann","description":"Pitadas da sabedoria e do humor judaicos, assuntos do momento e um pouco das hist\u00f3rias que vivi e testemunhei.","potentialAction":[{"@type":"SearchAction","target":{"@type":"EntryPoint","urlTemplate":"https:\/\/gersonguelmann.com.br\/blog\/?s={search_term_string}"},"query-input":{"@type":"PropertyValueSpecification","valueRequired":true,"valueName":"search_term_string"}}],"inLanguage":"pt-BR"},{"@type":"Person","@id":"https:\/\/gersonguelmann.com.br\/blog\/#\/schema\/person\/87e70e2a786888082f941a482c90569e","name":"Gerson Guelmann","image":{"@type":"ImageObject","inLanguage":"pt-BR","@id":"https:\/\/i0.wp.com\/gersonguelmann.com.br\/blog\/wp-content\/uploads\/2021\/08\/BLOG.jpeg?fit=96%2C96&ssl=1","url":"https:\/\/i0.wp.com\/gersonguelmann.com.br\/blog\/wp-content\/uploads\/2021\/08\/BLOG.jpeg?fit=96%2C96&ssl=1","contentUrl":"https:\/\/i0.wp.com\/gersonguelmann.com.br\/blog\/wp-content\/uploads\/2021\/08\/BLOG.jpeg?fit=96%2C96&ssl=1","caption":"Gerson Guelmann"},"description":"Pitadas da sabedoria e do humor judaicos, assuntos do momento e um pouco das hist\u00f3rias que vivi e testemunhei."}]}},"views":57,"jetpack_publicize_connections":[],"jetpack_featured_media_url":"https:\/\/i0.wp.com\/gersonguelmann.com.br\/blog\/wp-content\/uploads\/2018\/07\/C%C3%A9dula.gif?fit=1689%2C762&ssl=1","jetpack_shortlink":"https:\/\/wp.me\/p96e7O-3LL","jetpack-related-posts":[{"id":4554,"url":"https:\/\/gersonguelmann.com.br\/blog\/nao-e-melhor-fechar-brasil-crianca-desmaia-de-fome-em-escola\/","url_meta":{"origin":14493,"position":0},"title":"N\u00e3o \u00e9 Melhor Fechar o Brasil? Crian\u00e7a Desmaia de Fome em Escola.","author":"Gerson Guelmann","date":"17 de novembro de 2017","format":false,"excerpt":"Na \u00faltima segunda-feira um menino de oito anos desmaiou de fome em uma escola do Cruzeiro, no Distrito Federal. A escola atende 250 crian\u00e7as\u00a0carentes que moram no Parano\u00e1 Parque e que todos os dias viajam 30 km para estudar. Para chegar na escola as 13h eles saem de casa as\u2026","rel":"","context":"Em &quot;Sem categoria&quot;","block_context":{"text":"Sem categoria","link":"https:\/\/gersonguelmann.com.br\/blog\/category\/sem-categoria\/"},"img":{"alt_text":"","src":"https:\/\/i0.wp.com\/gersonguelmann.com.br\/blog\/wp-content\/uploads\/2017\/11\/Mapa-Brasil.jpg?fit=1200%2C1072&ssl=1&resize=350%2C200","width":350,"height":200,"srcset":"https:\/\/i0.wp.com\/gersonguelmann.com.br\/blog\/wp-content\/uploads\/2017\/11\/Mapa-Brasil.jpg?fit=1200%2C1072&ssl=1&resize=350%2C200 1x, https:\/\/i0.wp.com\/gersonguelmann.com.br\/blog\/wp-content\/uploads\/2017\/11\/Mapa-Brasil.jpg?fit=1200%2C1072&ssl=1&resize=525%2C300 1.5x, https:\/\/i0.wp.com\/gersonguelmann.com.br\/blog\/wp-content\/uploads\/2017\/11\/Mapa-Brasil.jpg?fit=1200%2C1072&ssl=1&resize=700%2C400 2x, https:\/\/i0.wp.com\/gersonguelmann.com.br\/blog\/wp-content\/uploads\/2017\/11\/Mapa-Brasil.jpg?fit=1200%2C1072&ssl=1&resize=1050%2C600 3x"},"classes":[]},{"id":11393,"url":"https:\/\/gersonguelmann.com.br\/blog\/uma-aula-da-historia-recente-do-brasil\/","url_meta":{"origin":14493,"position":1},"title":"Uma Aula da Hist\u00f3ria Recente do Brasil","author":"Gerson Guelmann","date":"8 de abril de 2018","format":false,"excerpt":"Imagem: luzcamerahistoria.blogspot.com O texto abaixo \u00e9 de autoria de\u00a0Adalberto Gandolfi Greco, um dentista de Campinas (SP). Os primeiros registros de publica\u00e7\u00e3o s\u00e3o de setembro de 2016.\u00a0J\u00e1 havia lido anteriormente e de ontem para c\u00e1 voltou a circular. N\u00e3o encontrei perfil dele no Facebook. \u00a0 \"Para aqueles jovens que n\u00e3o vivenciaram\u2026","rel":"","context":"Em &quot;Sem categoria&quot;","block_context":{"text":"Sem categoria","link":"https:\/\/gersonguelmann.com.br\/blog\/category\/sem-categoria\/"},"img":{"alt_text":"","src":"https:\/\/i0.wp.com\/gersonguelmann.com.br\/blog\/wp-content\/uploads\/2018\/04\/Hist%C3%B3ria.jpg?fit=896%2C282&ssl=1&resize=350%2C200","width":350,"height":200,"srcset":"https:\/\/i0.wp.com\/gersonguelmann.com.br\/blog\/wp-content\/uploads\/2018\/04\/Hist%C3%B3ria.jpg?fit=896%2C282&ssl=1&resize=350%2C200 1x, https:\/\/i0.wp.com\/gersonguelmann.com.br\/blog\/wp-content\/uploads\/2018\/04\/Hist%C3%B3ria.jpg?fit=896%2C282&ssl=1&resize=525%2C300 1.5x, https:\/\/i0.wp.com\/gersonguelmann.com.br\/blog\/wp-content\/uploads\/2018\/04\/Hist%C3%B3ria.jpg?fit=896%2C282&ssl=1&resize=700%2C400 2x"},"classes":[]},{"id":5439,"url":"https:\/\/gersonguelmann.com.br\/blog\/ester-golda-e-os-cruzeiros-para-3a-idade\/","url_meta":{"origin":14493,"position":2},"title":"Ester, Golda e os Cruzeiros Para 3\u00aa Idade","author":"Gerson Guelmann","date":"12 de setembro de 2019","format":false,"excerpt":"Ester e Golda estavam conversando, quando a primeira perguntou: - \"Me diga, o que voc\u00ea e o Sim\u00e3o pretendem fazer nessas f\u00e9rias?\" E Golda disse: - \"Nunca fizemos uma viagem de navio e sugeri ao Sim\u00e3o um cruzeiro pelo Mar Adri\u00e1tico. Dizem que \u00e9 lindo, mas o Sim\u00e3o n\u00e3o quer.\u2026","rel":"","context":"Em &quot;Sem categoria&quot;","block_context":{"text":"Sem categoria","link":"https:\/\/gersonguelmann.com.br\/blog\/category\/sem-categoria\/"},"img":{"alt_text":"","src":"https:\/\/i0.wp.com\/gersonguelmann.com.br\/blog\/wp-content\/uploads\/2017\/12\/Escotilhas.jpg?fit=640%2C640&ssl=1&resize=350%2C200","width":350,"height":200,"srcset":"https:\/\/i0.wp.com\/gersonguelmann.com.br\/blog\/wp-content\/uploads\/2017\/12\/Escotilhas.jpg?fit=640%2C640&ssl=1&resize=350%2C200 1x, https:\/\/i0.wp.com\/gersonguelmann.com.br\/blog\/wp-content\/uploads\/2017\/12\/Escotilhas.jpg?fit=640%2C640&ssl=1&resize=525%2C300 1.5x"},"classes":[]},{"id":22592,"url":"https:\/\/gersonguelmann.com.br\/blog\/e-por-falar-em-cruzeiros-de-final-de-ano\/","url_meta":{"origin":14493,"position":3},"title":"Sexta do Humor e da Cultura Judaica &#8211; Os Efeitos Colaterais dos Cruzeiros","author":"Gerson Guelmann","date":"30 de janeiro de 2026","format":false,"excerpt":"Os Efeitos Colaterais dos Cruzeiros Dora e Benjamin conversavam sobre o que fazer no final do ano quando Dora disse ao marido: - Pod\u00edamos fazer um desses cruzeiros de sete dias. Nunca fomos, mas agora que temos um dinheiro sobrando, os filhos e os netos est\u00e3o todos bem\u2026 vamos aproveitar!\u2026","rel":"","context":"Em &quot;Sem categoria&quot;","block_context":{"text":"Sem categoria","link":"https:\/\/gersonguelmann.com.br\/blog\/category\/sem-categoria\/"},"img":{"alt_text":"","src":"https:\/\/i0.wp.com\/gersonguelmann.com.br\/blog\/wp-content\/uploads\/2026\/01\/HojePR-12.png?fit=1200%2C800&ssl=1&resize=350%2C200","width":350,"height":200,"srcset":"https:\/\/i0.wp.com\/gersonguelmann.com.br\/blog\/wp-content\/uploads\/2026\/01\/HojePR-12.png?fit=1200%2C800&ssl=1&resize=350%2C200 1x, https:\/\/i0.wp.com\/gersonguelmann.com.br\/blog\/wp-content\/uploads\/2026\/01\/HojePR-12.png?fit=1200%2C800&ssl=1&resize=525%2C300 1.5x, https:\/\/i0.wp.com\/gersonguelmann.com.br\/blog\/wp-content\/uploads\/2026\/01\/HojePR-12.png?fit=1200%2C800&ssl=1&resize=700%2C400 2x, https:\/\/i0.wp.com\/gersonguelmann.com.br\/blog\/wp-content\/uploads\/2026\/01\/HojePR-12.png?fit=1200%2C800&ssl=1&resize=1050%2C600 3x"},"classes":[]},{"id":20261,"url":"https:\/\/gersonguelmann.com.br\/blog\/voce-tem-medo-da-vacina-chinesa\/","url_meta":{"origin":14493,"position":4},"title":"Voc\u00ea Tem Medo da Vacina Chinesa?","author":"Gerson Guelmann","date":"10 de dezembro de 2020","format":false,"excerpt":"Vacina. Provavelmente essa palavra \u00e9 a mais falada e mais pesquisada nos dias de hoje, em todo o mundo. No Brasil ela carrega consigo um peso a mais, diante das discuss\u00f5es sobre a possibilidade de disponibiliza\u00e7\u00e3o da \"Coronavac\", que est\u00e1 sendo desenvolvida pela parceria da chinesa Sinovac com o Instituto\u2026","rel":"","context":"Em &quot;Sem categoria&quot;","block_context":{"text":"Sem categoria","link":"https:\/\/gersonguelmann.com.br\/blog\/category\/sem-categoria\/"},"img":{"alt_text":"","src":"https:\/\/i0.wp.com\/gersonguelmann.com.br\/blog\/wp-content\/uploads\/2020\/12\/CHINA.jpeg?fit=1124%2C750&ssl=1&resize=350%2C200","width":350,"height":200,"srcset":"https:\/\/i0.wp.com\/gersonguelmann.com.br\/blog\/wp-content\/uploads\/2020\/12\/CHINA.jpeg?fit=1124%2C750&ssl=1&resize=350%2C200 1x, https:\/\/i0.wp.com\/gersonguelmann.com.br\/blog\/wp-content\/uploads\/2020\/12\/CHINA.jpeg?fit=1124%2C750&ssl=1&resize=525%2C300 1.5x, https:\/\/i0.wp.com\/gersonguelmann.com.br\/blog\/wp-content\/uploads\/2020\/12\/CHINA.jpeg?fit=1124%2C750&ssl=1&resize=700%2C400 2x, https:\/\/i0.wp.com\/gersonguelmann.com.br\/blog\/wp-content\/uploads\/2020\/12\/CHINA.jpeg?fit=1124%2C750&ssl=1&resize=1050%2C600 3x"},"classes":[]},{"id":14732,"url":"https:\/\/gersonguelmann.com.br\/blog\/a-licao-na-entrada-do-circo-a-biblia-e-o-brasil\/","url_meta":{"origin":14493,"position":5},"title":"A Li\u00e7\u00e3o na Entrada do Circo, a B\u00edblia e o Brasil","author":"Gerson Guelmann","date":"16 de outubro de 2018","format":false,"excerpt":"A Li\u00e7\u00e3o na Entrada do Circo, a B\u00edblia e o Brasil Ainda n\u00e3o escrevi sobre o tempo que passei em internatos - ser\u00e1 que eles ainda existem? - mas ainda o farei. Estive em dois, e em um deles, o Gin\u00e1sio Adventista Paranaense, permaneci por cinco anos. Apesar da revolta\u2026","rel":"","context":"Em &quot;Sem categoria&quot;","block_context":{"text":"Sem categoria","link":"https:\/\/gersonguelmann.com.br\/blog\/category\/sem-categoria\/"},"img":{"alt_text":"","src":"https:\/\/i0.wp.com\/gersonguelmann.com.br\/blog\/wp-content\/uploads\/2018\/10\/HojePR.png?fit=600%2C900&ssl=1&resize=350%2C200","width":350,"height":200,"srcset":"https:\/\/i0.wp.com\/gersonguelmann.com.br\/blog\/wp-content\/uploads\/2018\/10\/HojePR.png?fit=600%2C900&ssl=1&resize=350%2C200 1x, https:\/\/i0.wp.com\/gersonguelmann.com.br\/blog\/wp-content\/uploads\/2018\/10\/HojePR.png?fit=600%2C900&ssl=1&resize=525%2C300 1.5x"},"classes":[]}],"jetpack_sharing_enabled":true,"post_mailing_queue_ids":[],"_links":{"self":[{"href":"https:\/\/gersonguelmann.com.br\/blog\/wp-json\/wp\/v2\/posts\/14493","targetHints":{"allow":["GET"]}}],"collection":[{"href":"https:\/\/gersonguelmann.com.br\/blog\/wp-json\/wp\/v2\/posts"}],"about":[{"href":"https:\/\/gersonguelmann.com.br\/blog\/wp-json\/wp\/v2\/types\/post"}],"author":[{"embeddable":true,"href":"https:\/\/gersonguelmann.com.br\/blog\/wp-json\/wp\/v2\/users\/5"}],"replies":[{"embeddable":true,"href":"https:\/\/gersonguelmann.com.br\/blog\/wp-json\/wp\/v2\/comments?post=14493"}],"version-history":[{"count":0,"href":"https:\/\/gersonguelmann.com.br\/blog\/wp-json\/wp\/v2\/posts\/14493\/revisions"}],"wp:featuredmedia":[{"embeddable":true,"href":"https:\/\/gersonguelmann.com.br\/blog\/wp-json\/wp\/v2\/media\/14495"}],"wp:attachment":[{"href":"https:\/\/gersonguelmann.com.br\/blog\/wp-json\/wp\/v2\/media?parent=14493"}],"wp:term":[{"taxonomy":"category","embeddable":true,"href":"https:\/\/gersonguelmann.com.br\/blog\/wp-json\/wp\/v2\/categories?post=14493"},{"taxonomy":"post_tag","embeddable":true,"href":"https:\/\/gersonguelmann.com.br\/blog\/wp-json\/wp\/v2\/tags?post=14493"}],"curies":[{"name":"wp","href":"https:\/\/api.w.org\/{rel}","templated":true}]}}