    {"id":14501,"date":"2018-07-05T14:42:54","date_gmt":"2018-07-05T17:42:54","guid":{"rendered":"https:\/\/gersonguelmann.com.br\/blog\/?p=14501"},"modified":"2018-07-05T14:42:54","modified_gmt":"2018-07-05T17:42:54","slug":"numeros-fantasticos-da-modernidade","status":"publish","type":"post","link":"https:\/\/gersonguelmann.com.br\/blog\/numeros-fantasticos-da-modernidade\/","title":{"rendered":"N\u00fameros Fant\u00e1sticos da Modernidade"},"content":{"rendered":"<p style=\"text-align: center;\"><img data-recalc-dims=\"1\" decoding=\"async\" data-attachment-id=\"14503\" data-permalink=\"https:\/\/gersonguelmann.com.br\/blog\/numeros-fantasticos-da-modernidade\/modernity\/\" data-orig-file=\"https:\/\/i0.wp.com\/gersonguelmann.com.br\/blog\/wp-content\/uploads\/2018\/07\/modernity.jpg?fit=2400%2C1008&amp;ssl=1\" data-orig-size=\"2400,1008\" data-comments-opened=\"1\" data-image-meta=\"{&quot;aperture&quot;:&quot;0&quot;,&quot;credit&quot;:&quot;&quot;,&quot;camera&quot;:&quot;&quot;,&quot;caption&quot;:&quot;&quot;,&quot;created_timestamp&quot;:&quot;0&quot;,&quot;copyright&quot;:&quot;&quot;,&quot;focal_length&quot;:&quot;0&quot;,&quot;iso&quot;:&quot;0&quot;,&quot;shutter_speed&quot;:&quot;0&quot;,&quot;title&quot;:&quot;&quot;,&quot;orientation&quot;:&quot;0&quot;}\" data-image-title=\"modernity\" data-image-description=\"\" data-image-caption=\"\" data-medium-file=\"https:\/\/i0.wp.com\/gersonguelmann.com.br\/blog\/wp-content\/uploads\/2018\/07\/modernity.jpg?fit=300%2C126&amp;ssl=1\" data-large-file=\"https:\/\/i0.wp.com\/gersonguelmann.com.br\/blog\/wp-content\/uploads\/2018\/07\/modernity.jpg?fit=640%2C269&amp;ssl=1\" class=\"alignnone size-medium wp-image-14503\" src=\"https:\/\/i0.wp.com\/gersonguelmann.com.br\/blog\/wp-content\/uploads\/2018\/07\/modernity.jpg?resize=300%2C126&#038;ssl=1\" alt=\"\" width=\"300\" height=\"126\" srcset=\"https:\/\/i0.wp.com\/gersonguelmann.com.br\/blog\/wp-content\/uploads\/2018\/07\/modernity.jpg?resize=300%2C126&amp;ssl=1 300w, https:\/\/i0.wp.com\/gersonguelmann.com.br\/blog\/wp-content\/uploads\/2018\/07\/modernity.jpg?resize=768%2C323&amp;ssl=1 768w, https:\/\/i0.wp.com\/gersonguelmann.com.br\/blog\/wp-content\/uploads\/2018\/07\/modernity.jpg?resize=1024%2C430&amp;ssl=1 1024w, https:\/\/i0.wp.com\/gersonguelmann.com.br\/blog\/wp-content\/uploads\/2018\/07\/modernity.jpg?w=1280&amp;ssl=1 1280w, https:\/\/i0.wp.com\/gersonguelmann.com.br\/blog\/wp-content\/uploads\/2018\/07\/modernity.jpg?w=1920&amp;ssl=1 1920w\" sizes=\"(max-width: 300px) 100vw, 300px\" \/><br \/>\n<span style=\"font-family: georgia, palatino, serif; color: #808080;\"><em><strong>Imagem do filme &#8220;Tempos Modernos&#8221;, de Charlie Chaplin\u00a0<\/strong><\/em><\/span><\/p>\n<p><span style=\"font-family: georgia, palatino, serif; font-size: 18pt; color: #000000;\">Vivemos tempos espantosos.\u00a0<\/span><\/p>\n<p><span style=\"font-family: georgia, palatino, serif; font-size: 18pt; color: #000000;\">A chamada gera\u00e7\u00e3o Y, tamb\u00e9m conhecida como gera\u00e7\u00e3o do mil\u00eanio ou da internet, n\u00e3o consegue imaginar como era o mundo quando as pessoas da minha faixa et\u00e1ria tinham a mesma idade.<\/span><\/p>\n<p><span style=\"font-family: georgia, palatino, serif; font-size: 18pt; color: #000000;\">A\u00a0Ricam Consultoria, presidida pelo jornalista e palestrante Ricardo Amorim, elaborou um quadro para mostrar quanto tempo alguns produtos levaram para atingir 50 milh\u00f5es de usu\u00e1rios.<\/span><\/p>\n<p><span style=\"font-family: georgia, palatino, serif; font-size: 18pt; color: #000000;\">A lista vai de 68 anos a 19 dias e voc\u00ea ficar\u00e1 surpreso ao navegar por ela.<\/span><\/p>\n<p style=\"text-align: center;\"><img data-recalc-dims=\"1\" fetchpriority=\"high\" decoding=\"async\" data-attachment-id=\"14504\" data-permalink=\"https:\/\/gersonguelmann.com.br\/blog\/numeros-fantasticos-da-modernidade\/ricam-2\/\" data-orig-file=\"https:\/\/i0.wp.com\/gersonguelmann.com.br\/blog\/wp-content\/uploads\/2018\/07\/Ricam-1.jpg?fit=800%2C780&amp;ssl=1\" data-orig-size=\"800,780\" data-comments-opened=\"1\" data-image-meta=\"{&quot;aperture&quot;:&quot;0&quot;,&quot;credit&quot;:&quot;&quot;,&quot;camera&quot;:&quot;&quot;,&quot;caption&quot;:&quot;&quot;,&quot;created_timestamp&quot;:&quot;0&quot;,&quot;copyright&quot;:&quot;&quot;,&quot;focal_length&quot;:&quot;0&quot;,&quot;iso&quot;:&quot;0&quot;,&quot;shutter_speed&quot;:&quot;0&quot;,&quot;title&quot;:&quot;&quot;,&quot;orientation&quot;:&quot;0&quot;}\" data-image-title=\"Ricam\" data-image-description=\"\" data-image-caption=\"\" data-medium-file=\"https:\/\/i0.wp.com\/gersonguelmann.com.br\/blog\/wp-content\/uploads\/2018\/07\/Ricam-1.jpg?fit=300%2C293&amp;ssl=1\" data-large-file=\"https:\/\/i0.wp.com\/gersonguelmann.com.br\/blog\/wp-content\/uploads\/2018\/07\/Ricam-1.jpg?fit=640%2C624&amp;ssl=1\" class=\"alignnone size-medium wp-image-14504\" src=\"https:\/\/i0.wp.com\/gersonguelmann.com.br\/blog\/wp-content\/uploads\/2018\/07\/Ricam-1.jpg?resize=300%2C293&#038;ssl=1\" alt=\"\" width=\"300\" height=\"293\" srcset=\"https:\/\/i0.wp.com\/gersonguelmann.com.br\/blog\/wp-content\/uploads\/2018\/07\/Ricam-1.jpg?resize=300%2C293&amp;ssl=1 300w, https:\/\/i0.wp.com\/gersonguelmann.com.br\/blog\/wp-content\/uploads\/2018\/07\/Ricam-1.jpg?resize=768%2C749&amp;ssl=1 768w, https:\/\/i0.wp.com\/gersonguelmann.com.br\/blog\/wp-content\/uploads\/2018\/07\/Ricam-1.jpg?w=800&amp;ssl=1 800w\" sizes=\"(max-width: 300px) 100vw, 300px\" \/><\/p>\n","protected":false},"excerpt":{"rendered":"<p>Imagem do filme &#8220;Tempos Modernos&#8221;, de Charlie Chaplin\u00a0 Vivemos tempos espantosos.\u00a0 A chamada gera\u00e7\u00e3o Y, tamb\u00e9m conhecida como gera\u00e7\u00e3o do mil\u00eanio ou da internet, n\u00e3o consegue imaginar como era o mundo quando as pessoas da minha faixa et\u00e1ria tinham a mesma idade. A\u00a0Ricam Consultoria, presidida pelo jornalista e palestrante Ricardo Amorim, elaborou um quadro para [&hellip;]<\/p>\n","protected":false},"author":5,"featured_media":14503,"comment_status":"open","ping_status":"open","sticky":false,"template":"","format":"standard","meta":{"_acf_changed":false,"jetpack_post_was_ever_published":false,"_jetpack_newsletter_access":"","_jetpack_dont_email_post_to_subs":false,"_jetpack_newsletter_tier_id":0,"_jetpack_memberships_contains_paywalled_content":false,"_jetpack_memberships_contains_paid_content":false,"footnotes":"","jetpack_publicize_message":"","jetpack_publicize_feature_enabled":true,"jetpack_social_post_already_shared":true,"jetpack_social_options":{"image_generator_settings":{"template":"highway","default_image_id":0,"font":"","enabled":false},"version":2}},"categories":[1],"tags":[],"class_list":["post-14501","post","type-post","status-publish","format-standard","has-post-thumbnail","hentry","category-sem-categoria"],"acf":[],"yoast_head":"<!-- This site is optimized with the Yoast SEO plugin v27.3 - https:\/\/yoast.com\/product\/yoast-seo-wordpress\/ -->\n<title>N\u00fameros Fant\u00e1sticos da Modernidade | Blog do Guelmann<\/title>\n<meta name=\"robots\" content=\"index, follow, max-snippet:-1, max-image-preview:large, max-video-preview:-1\" \/>\n<link rel=\"canonical\" href=\"https:\/\/gersonguelmann.com.br\/blog\/numeros-fantasticos-da-modernidade\/\" \/>\n<meta property=\"og:locale\" content=\"pt_BR\" \/>\n<meta property=\"og:type\" content=\"article\" \/>\n<meta property=\"og:title\" content=\"N\u00fameros Fant\u00e1sticos da Modernidade | Blog do Guelmann\" \/>\n<meta property=\"og:description\" content=\"Imagem do filme &#8220;Tempos Modernos&#8221;, de Charlie Chaplin\u00a0 Vivemos tempos espantosos.\u00a0 A chamada gera\u00e7\u00e3o Y, tamb\u00e9m conhecida como gera\u00e7\u00e3o do mil\u00eanio ou da internet, n\u00e3o consegue imaginar como era o mundo quando as pessoas da minha faixa et\u00e1ria tinham a mesma idade. A\u00a0Ricam Consultoria, presidida pelo jornalista e palestrante Ricardo Amorim, elaborou um quadro para [&hellip;]\" \/>\n<meta property=\"og:url\" content=\"https:\/\/gersonguelmann.com.br\/blog\/numeros-fantasticos-da-modernidade\/\" \/>\n<meta property=\"og:site_name\" content=\"Blog do Guelmann\" \/>\n<meta property=\"article:published_time\" content=\"2018-07-05T17:42:54+00:00\" \/>\n<meta property=\"og:image\" content=\"https:\/\/i0.wp.com\/gersonguelmann.com.br\/blog\/wp-content\/uploads\/2018\/07\/modernity.jpg?fit=2400%2C1008&ssl=1\" \/>\n\t<meta property=\"og:image:width\" content=\"2400\" \/>\n\t<meta property=\"og:image:height\" content=\"1008\" \/>\n\t<meta property=\"og:image:type\" content=\"image\/jpeg\" \/>\n<meta name=\"author\" content=\"Gerson Guelmann\" \/>\n<meta name=\"twitter:card\" content=\"summary_large_image\" \/>\n<meta name=\"twitter:label1\" content=\"Escrito por\" \/>\n\t<meta name=\"twitter:data1\" content=\"Gerson Guelmann\" \/>\n<script type=\"application\/ld+json\" class=\"yoast-schema-graph\">{\"@context\":\"https:\\\/\\\/schema.org\",\"@graph\":[{\"@type\":\"Article\",\"@id\":\"https:\\\/\\\/gersonguelmann.com.br\\\/blog\\\/numeros-fantasticos-da-modernidade\\\/#article\",\"isPartOf\":{\"@id\":\"https:\\\/\\\/gersonguelmann.com.br\\\/blog\\\/numeros-fantasticos-da-modernidade\\\/\"},\"author\":{\"name\":\"Gerson Guelmann\",\"@id\":\"https:\\\/\\\/gersonguelmann.com.br\\\/blog\\\/#\\\/schema\\\/person\\\/87e70e2a786888082f941a482c90569e\"},\"headline\":\"N\u00fameros Fant\u00e1sticos da Modernidade\",\"datePublished\":\"2018-07-05T17:42:54+00:00\",\"mainEntityOfPage\":{\"@id\":\"https:\\\/\\\/gersonguelmann.com.br\\\/blog\\\/numeros-fantasticos-da-modernidade\\\/\"},\"wordCount\":96,\"commentCount\":0,\"image\":{\"@id\":\"https:\\\/\\\/gersonguelmann.com.br\\\/blog\\\/numeros-fantasticos-da-modernidade\\\/#primaryimage\"},\"thumbnailUrl\":\"https:\\\/\\\/i0.wp.com\\\/gersonguelmann.com.br\\\/blog\\\/wp-content\\\/uploads\\\/2018\\\/07\\\/modernity.jpg?fit=2400%2C1008&ssl=1\",\"inLanguage\":\"pt-BR\",\"potentialAction\":[{\"@type\":\"CommentAction\",\"name\":\"Comment\",\"target\":[\"https:\\\/\\\/gersonguelmann.com.br\\\/blog\\\/numeros-fantasticos-da-modernidade\\\/#respond\"]}]},{\"@type\":\"WebPage\",\"@id\":\"https:\\\/\\\/gersonguelmann.com.br\\\/blog\\\/numeros-fantasticos-da-modernidade\\\/\",\"url\":\"https:\\\/\\\/gersonguelmann.com.br\\\/blog\\\/numeros-fantasticos-da-modernidade\\\/\",\"name\":\"N\u00fameros Fant\u00e1sticos da Modernidade | Blog do Guelmann\",\"isPartOf\":{\"@id\":\"https:\\\/\\\/gersonguelmann.com.br\\\/blog\\\/#website\"},\"primaryImageOfPage\":{\"@id\":\"https:\\\/\\\/gersonguelmann.com.br\\\/blog\\\/numeros-fantasticos-da-modernidade\\\/#primaryimage\"},\"image\":{\"@id\":\"https:\\\/\\\/gersonguelmann.com.br\\\/blog\\\/numeros-fantasticos-da-modernidade\\\/#primaryimage\"},\"thumbnailUrl\":\"https:\\\/\\\/i0.wp.com\\\/gersonguelmann.com.br\\\/blog\\\/wp-content\\\/uploads\\\/2018\\\/07\\\/modernity.jpg?fit=2400%2C1008&ssl=1\",\"datePublished\":\"2018-07-05T17:42:54+00:00\",\"author\":{\"@id\":\"https:\\\/\\\/gersonguelmann.com.br\\\/blog\\\/#\\\/schema\\\/person\\\/87e70e2a786888082f941a482c90569e\"},\"inLanguage\":\"pt-BR\",\"potentialAction\":[{\"@type\":\"ReadAction\",\"target\":[\"https:\\\/\\\/gersonguelmann.com.br\\\/blog\\\/numeros-fantasticos-da-modernidade\\\/\"]}]},{\"@type\":\"ImageObject\",\"inLanguage\":\"pt-BR\",\"@id\":\"https:\\\/\\\/gersonguelmann.com.br\\\/blog\\\/numeros-fantasticos-da-modernidade\\\/#primaryimage\",\"url\":\"https:\\\/\\\/i0.wp.com\\\/gersonguelmann.com.br\\\/blog\\\/wp-content\\\/uploads\\\/2018\\\/07\\\/modernity.jpg?fit=2400%2C1008&ssl=1\",\"contentUrl\":\"https:\\\/\\\/i0.wp.com\\\/gersonguelmann.com.br\\\/blog\\\/wp-content\\\/uploads\\\/2018\\\/07\\\/modernity.jpg?fit=2400%2C1008&ssl=1\",\"width\":2400,\"height\":1008},{\"@type\":\"WebSite\",\"@id\":\"https:\\\/\\\/gersonguelmann.com.br\\\/blog\\\/#website\",\"url\":\"https:\\\/\\\/gersonguelmann.com.br\\\/blog\\\/\",\"name\":\"Blog do Guelmann\",\"description\":\"Pitadas da sabedoria e do humor judaicos, assuntos do momento e um pouco das hist\u00f3rias que vivi e testemunhei.\",\"potentialAction\":[{\"@type\":\"SearchAction\",\"target\":{\"@type\":\"EntryPoint\",\"urlTemplate\":\"https:\\\/\\\/gersonguelmann.com.br\\\/blog\\\/?s={search_term_string}\"},\"query-input\":{\"@type\":\"PropertyValueSpecification\",\"valueRequired\":true,\"valueName\":\"search_term_string\"}}],\"inLanguage\":\"pt-BR\"},{\"@type\":\"Person\",\"@id\":\"https:\\\/\\\/gersonguelmann.com.br\\\/blog\\\/#\\\/schema\\\/person\\\/87e70e2a786888082f941a482c90569e\",\"name\":\"Gerson Guelmann\",\"image\":{\"@type\":\"ImageObject\",\"inLanguage\":\"pt-BR\",\"@id\":\"https:\\\/\\\/i0.wp.com\\\/gersonguelmann.com.br\\\/blog\\\/wp-content\\\/uploads\\\/2021\\\/08\\\/BLOG.jpeg?fit=96%2C96&ssl=1\",\"url\":\"https:\\\/\\\/i0.wp.com\\\/gersonguelmann.com.br\\\/blog\\\/wp-content\\\/uploads\\\/2021\\\/08\\\/BLOG.jpeg?fit=96%2C96&ssl=1\",\"contentUrl\":\"https:\\\/\\\/i0.wp.com\\\/gersonguelmann.com.br\\\/blog\\\/wp-content\\\/uploads\\\/2021\\\/08\\\/BLOG.jpeg?fit=96%2C96&ssl=1\",\"caption\":\"Gerson Guelmann\"},\"description\":\"Pitadas da sabedoria e do humor judaicos, assuntos do momento e um pouco das hist\u00f3rias que vivi e testemunhei.\"}]}<\/script>\n<!-- \/ Yoast SEO plugin. -->","yoast_head_json":{"title":"N\u00fameros Fant\u00e1sticos da Modernidade | Blog do Guelmann","robots":{"index":"index","follow":"follow","max-snippet":"max-snippet:-1","max-image-preview":"max-image-preview:large","max-video-preview":"max-video-preview:-1"},"canonical":"https:\/\/gersonguelmann.com.br\/blog\/numeros-fantasticos-da-modernidade\/","og_locale":"pt_BR","og_type":"article","og_title":"N\u00fameros Fant\u00e1sticos da Modernidade | Blog do Guelmann","og_description":"Imagem do filme &#8220;Tempos Modernos&#8221;, de Charlie Chaplin\u00a0 Vivemos tempos espantosos.\u00a0 A chamada gera\u00e7\u00e3o Y, tamb\u00e9m conhecida como gera\u00e7\u00e3o do mil\u00eanio ou da internet, n\u00e3o consegue imaginar como era o mundo quando as pessoas da minha faixa et\u00e1ria tinham a mesma idade. A\u00a0Ricam Consultoria, presidida pelo jornalista e palestrante Ricardo Amorim, elaborou um quadro para [&hellip;]","og_url":"https:\/\/gersonguelmann.com.br\/blog\/numeros-fantasticos-da-modernidade\/","og_site_name":"Blog do Guelmann","article_published_time":"2018-07-05T17:42:54+00:00","og_image":[{"width":2400,"height":1008,"url":"https:\/\/i0.wp.com\/gersonguelmann.com.br\/blog\/wp-content\/uploads\/2018\/07\/modernity.jpg?fit=2400%2C1008&ssl=1","type":"image\/jpeg"}],"author":"Gerson Guelmann","twitter_card":"summary_large_image","twitter_misc":{"Escrito por":"Gerson Guelmann"},"schema":{"@context":"https:\/\/schema.org","@graph":[{"@type":"Article","@id":"https:\/\/gersonguelmann.com.br\/blog\/numeros-fantasticos-da-modernidade\/#article","isPartOf":{"@id":"https:\/\/gersonguelmann.com.br\/blog\/numeros-fantasticos-da-modernidade\/"},"author":{"name":"Gerson Guelmann","@id":"https:\/\/gersonguelmann.com.br\/blog\/#\/schema\/person\/87e70e2a786888082f941a482c90569e"},"headline":"N\u00fameros Fant\u00e1sticos da Modernidade","datePublished":"2018-07-05T17:42:54+00:00","mainEntityOfPage":{"@id":"https:\/\/gersonguelmann.com.br\/blog\/numeros-fantasticos-da-modernidade\/"},"wordCount":96,"commentCount":0,"image":{"@id":"https:\/\/gersonguelmann.com.br\/blog\/numeros-fantasticos-da-modernidade\/#primaryimage"},"thumbnailUrl":"https:\/\/i0.wp.com\/gersonguelmann.com.br\/blog\/wp-content\/uploads\/2018\/07\/modernity.jpg?fit=2400%2C1008&ssl=1","inLanguage":"pt-BR","potentialAction":[{"@type":"CommentAction","name":"Comment","target":["https:\/\/gersonguelmann.com.br\/blog\/numeros-fantasticos-da-modernidade\/#respond"]}]},{"@type":"WebPage","@id":"https:\/\/gersonguelmann.com.br\/blog\/numeros-fantasticos-da-modernidade\/","url":"https:\/\/gersonguelmann.com.br\/blog\/numeros-fantasticos-da-modernidade\/","name":"N\u00fameros Fant\u00e1sticos da Modernidade | Blog do Guelmann","isPartOf":{"@id":"https:\/\/gersonguelmann.com.br\/blog\/#website"},"primaryImageOfPage":{"@id":"https:\/\/gersonguelmann.com.br\/blog\/numeros-fantasticos-da-modernidade\/#primaryimage"},"image":{"@id":"https:\/\/gersonguelmann.com.br\/blog\/numeros-fantasticos-da-modernidade\/#primaryimage"},"thumbnailUrl":"https:\/\/i0.wp.com\/gersonguelmann.com.br\/blog\/wp-content\/uploads\/2018\/07\/modernity.jpg?fit=2400%2C1008&ssl=1","datePublished":"2018-07-05T17:42:54+00:00","author":{"@id":"https:\/\/gersonguelmann.com.br\/blog\/#\/schema\/person\/87e70e2a786888082f941a482c90569e"},"inLanguage":"pt-BR","potentialAction":[{"@type":"ReadAction","target":["https:\/\/gersonguelmann.com.br\/blog\/numeros-fantasticos-da-modernidade\/"]}]},{"@type":"ImageObject","inLanguage":"pt-BR","@id":"https:\/\/gersonguelmann.com.br\/blog\/numeros-fantasticos-da-modernidade\/#primaryimage","url":"https:\/\/i0.wp.com\/gersonguelmann.com.br\/blog\/wp-content\/uploads\/2018\/07\/modernity.jpg?fit=2400%2C1008&ssl=1","contentUrl":"https:\/\/i0.wp.com\/gersonguelmann.com.br\/blog\/wp-content\/uploads\/2018\/07\/modernity.jpg?fit=2400%2C1008&ssl=1","width":2400,"height":1008},{"@type":"WebSite","@id":"https:\/\/gersonguelmann.com.br\/blog\/#website","url":"https:\/\/gersonguelmann.com.br\/blog\/","name":"Blog do Guelmann","description":"Pitadas da sabedoria e do humor judaicos, assuntos do momento e um pouco das hist\u00f3rias que vivi e testemunhei.","potentialAction":[{"@type":"SearchAction","target":{"@type":"EntryPoint","urlTemplate":"https:\/\/gersonguelmann.com.br\/blog\/?s={search_term_string}"},"query-input":{"@type":"PropertyValueSpecification","valueRequired":true,"valueName":"search_term_string"}}],"inLanguage":"pt-BR"},{"@type":"Person","@id":"https:\/\/gersonguelmann.com.br\/blog\/#\/schema\/person\/87e70e2a786888082f941a482c90569e","name":"Gerson Guelmann","image":{"@type":"ImageObject","inLanguage":"pt-BR","@id":"https:\/\/i0.wp.com\/gersonguelmann.com.br\/blog\/wp-content\/uploads\/2021\/08\/BLOG.jpeg?fit=96%2C96&ssl=1","url":"https:\/\/i0.wp.com\/gersonguelmann.com.br\/blog\/wp-content\/uploads\/2021\/08\/BLOG.jpeg?fit=96%2C96&ssl=1","contentUrl":"https:\/\/i0.wp.com\/gersonguelmann.com.br\/blog\/wp-content\/uploads\/2021\/08\/BLOG.jpeg?fit=96%2C96&ssl=1","caption":"Gerson Guelmann"},"description":"Pitadas da sabedoria e do humor judaicos, assuntos do momento e um pouco das hist\u00f3rias que vivi e testemunhei."}]}},"views":120,"jetpack_publicize_connections":[],"jetpack_featured_media_url":"https:\/\/i0.wp.com\/gersonguelmann.com.br\/blog\/wp-content\/uploads\/2018\/07\/modernity.jpg?fit=2400%2C1008&ssl=1","jetpack_shortlink":"https:\/\/wp.me\/p96e7O-3LT","jetpack-related-posts":[{"id":16193,"url":"https:\/\/gersonguelmann.com.br\/blog\/uma-analise-sobre-a-geracao-atual-de-alguem-da-geracao-atual\/","url_meta":{"origin":14501,"position":0},"title":"Uma An\u00e1lise Sobre a Gera\u00e7\u00e3o Atual, de Algu\u00e9m da Gera\u00e7\u00e3o Atual","author":"Gerson Guelmann","date":"20 de mar\u00e7o de 2019","format":false,"excerpt":"Puxando a ponta do fio desse grande novelo que \u00e9 a Internet, achei o texto escrito por Marina Melz em 6 de agosto de 2015. A Marina \u00e9 jornalista e trabalha com assessoria de imprensa. Ao final do texto voc\u00ea encontrar\u00e1 o link para acessar do Blog dela, onde poder\u00e1\u2026","rel":"","context":"Em &quot;Sem categoria&quot;","block_context":{"text":"Sem categoria","link":"https:\/\/gersonguelmann.com.br\/blog\/category\/sem-categoria\/"},"img":{"alt_text":"","src":"https:\/\/i0.wp.com\/gersonguelmann.com.br\/blog\/wp-content\/uploads\/2019\/03\/young-people-cell-phone.jpg?fit=960%2C678&ssl=1&resize=350%2C200","width":350,"height":200,"srcset":"https:\/\/i0.wp.com\/gersonguelmann.com.br\/blog\/wp-content\/uploads\/2019\/03\/young-people-cell-phone.jpg?fit=960%2C678&ssl=1&resize=350%2C200 1x, https:\/\/i0.wp.com\/gersonguelmann.com.br\/blog\/wp-content\/uploads\/2019\/03\/young-people-cell-phone.jpg?fit=960%2C678&ssl=1&resize=525%2C300 1.5x, https:\/\/i0.wp.com\/gersonguelmann.com.br\/blog\/wp-content\/uploads\/2019\/03\/young-people-cell-phone.jpg?fit=960%2C678&ssl=1&resize=700%2C400 2x"},"classes":[]},{"id":23131,"url":"https:\/\/gersonguelmann.com.br\/blog\/o-sexo-em-tempos-de-inteligencia-artificial\/","url_meta":{"origin":14501,"position":1},"title":"O Sexo em Tempos de Intelig\u00eancia Artificial","author":"Gerson Guelmann","date":"5 de junho de 2023","format":false,"excerpt":"Do lado de c\u00e1 desta coluna se encontra um idoso de 75 anos imerso no turbilh\u00e3o dos avan\u00e7os tecnol\u00f3gicos que aconteceram do s\u00e9culo XX para c\u00e1. Sou um cidad\u00e3o nascido no p\u00f3s-guerra (1947) que vivenciou experi\u00eancias e fatos que quando relatados provocam risos e olhares incr\u00e9dulos dos chamados \"Millennials\", as\u2026","rel":"","context":"Em &quot;Sem categoria&quot;","block_context":{"text":"Sem categoria","link":"https:\/\/gersonguelmann.com.br\/blog\/category\/sem-categoria\/"},"img":{"alt_text":"","src":"https:\/\/i0.wp.com\/gersonguelmann.com.br\/blog\/wp-content\/uploads\/2023\/06\/HojePR-1-scaled.jpg?fit=900%2C1200&ssl=1&resize=350%2C200","width":350,"height":200,"srcset":"https:\/\/i0.wp.com\/gersonguelmann.com.br\/blog\/wp-content\/uploads\/2023\/06\/HojePR-1-scaled.jpg?fit=900%2C1200&ssl=1&resize=350%2C200 1x, https:\/\/i0.wp.com\/gersonguelmann.com.br\/blog\/wp-content\/uploads\/2023\/06\/HojePR-1-scaled.jpg?fit=900%2C1200&ssl=1&resize=525%2C300 1.5x, https:\/\/i0.wp.com\/gersonguelmann.com.br\/blog\/wp-content\/uploads\/2023\/06\/HojePR-1-scaled.jpg?fit=900%2C1200&ssl=1&resize=700%2C400 2x"},"classes":[]},{"id":26440,"url":"https:\/\/gersonguelmann.com.br\/blog\/a-reparacao-que-minha-mae-nao-viveu-para-ver\/","url_meta":{"origin":14501,"position":2},"title":"A Repara\u00e7\u00e3o Que Minha M\u00e3e N\u00e3o Viveu Para Ver","author":"Gerson Guelmann","date":"17 de novembro de 2025","format":false,"excerpt":"E-mail que recebi semana passada: \"Sehr geehrte Familie Guelmann,es freut uns, Sie zu der Einb\u00fcrgerungsfeier am Freitag, dem 28.11.2025 um 10:00 Uhr einzuladen. W\u00e4hrend der Feier wird Ihnen die Einb\u00fcrgerungsurkunde \u00fcbergeben, dadurch wird diese wirksam. Sie werden also zu diesem Zeitpunkt Deutsch.Mit freundlichen Gr\u00fc\u00dfenIhre Staatsangeh\u00f6rigkeitsabteilungGeneralkonsulat der Bundesrepublik Deutschland\" (\u201cPrezada fam\u00edlia\u2026","rel":"","context":"Em &quot;Sem categoria&quot;","block_context":{"text":"Sem categoria","link":"https:\/\/gersonguelmann.com.br\/blog\/category\/sem-categoria\/"},"img":{"alt_text":"","src":"https:\/\/i0.wp.com\/gersonguelmann.com.br\/blog\/wp-content\/uploads\/2025\/11\/HojePR-8.jpg?fit=600%2C468&ssl=1&resize=350%2C200","width":350,"height":200,"srcset":"https:\/\/i0.wp.com\/gersonguelmann.com.br\/blog\/wp-content\/uploads\/2025\/11\/HojePR-8.jpg?fit=600%2C468&ssl=1&resize=350%2C200 1x, https:\/\/i0.wp.com\/gersonguelmann.com.br\/blog\/wp-content\/uploads\/2025\/11\/HojePR-8.jpg?fit=600%2C468&ssl=1&resize=525%2C300 1.5x"},"classes":[]},{"id":16817,"url":"https:\/\/gersonguelmann.com.br\/blog\/o-google-nao-acredita-ha-vida-apos-a-morte\/","url_meta":{"origin":14501,"position":3},"title":"O Google N\u00e3o Acredita na Vida Ap\u00f3s a Morte","author":"Gerson Guelmann","date":"28 de mar\u00e7o de 2023","format":false,"excerpt":"As pessoas da gera\u00e7\u00e3o Y, chamadas Millennials, esses jovens adultos dos quais quase d\u00e1 para dizer que foram criados em ber\u00e7os com Wi-Fi, encaram certos fatos com mais naturalidade, mas para quem pegou os tempos digitais com certa idade, algumas coisas chegam a assustar. \u00c9 o caso, p.ex. do que\u2026","rel":"","context":"Em &quot;Sem categoria&quot;","block_context":{"text":"Sem categoria","link":"https:\/\/gersonguelmann.com.br\/blog\/category\/sem-categoria\/"},"img":{"alt_text":"","src":"https:\/\/i0.wp.com\/gersonguelmann.com.br\/blog\/wp-content\/uploads\/2019\/05\/Google.jpg?fit=960%2C410&ssl=1&resize=350%2C200","width":350,"height":200,"srcset":"https:\/\/i0.wp.com\/gersonguelmann.com.br\/blog\/wp-content\/uploads\/2019\/05\/Google.jpg?fit=960%2C410&ssl=1&resize=350%2C200 1x, https:\/\/i0.wp.com\/gersonguelmann.com.br\/blog\/wp-content\/uploads\/2019\/05\/Google.jpg?fit=960%2C410&ssl=1&resize=525%2C300 1.5x, https:\/\/i0.wp.com\/gersonguelmann.com.br\/blog\/wp-content\/uploads\/2019\/05\/Google.jpg?fit=960%2C410&ssl=1&resize=700%2C400 2x"},"classes":[]},{"id":12569,"url":"https:\/\/gersonguelmann.com.br\/blog\/dadinho-dizioli-voce-lembra-05\/","url_meta":{"origin":14501,"position":4},"title":"Dadinho Dizioli &#8211; Voc\u00ea Lembra? &#8211; 05","author":"Gerson Guelmann","date":"21 de maio de 2021","format":false,"excerpt":"Quem \u00e9 da minha gera\u00e7\u00e3o, e muitos jovens, como meus filhos, lembram do Dadinho Dizioli. Eu, por exemplo, comprava no armaz\u00e9m perto de casa e depois na cantina do Col\u00e9gio Estadual.\u00a0Tamb\u00e9m j\u00e1 mandei muitos pacotes para os filhos que moram no exterior. A empresa detentora da marca est\u00e1 acompanhando a\u2026","rel":"","context":"Em &quot;Sem categoria&quot;","block_context":{"text":"Sem categoria","link":"https:\/\/gersonguelmann.com.br\/blog\/category\/sem-categoria\/"},"img":{"alt_text":"","src":"https:\/\/i0.wp.com\/gersonguelmann.com.br\/blog\/wp-content\/uploads\/2018\/05\/Dadinho.jpg?resize=350%2C200&ssl=1","width":350,"height":200},"classes":[]},{"id":7589,"url":"https:\/\/gersonguelmann.com.br\/blog\/uma-nova-geracao-de-magistrados-pede-passagem\/","url_meta":{"origin":14501,"position":5},"title":"Uma Nova Gera\u00e7\u00e3o De Magistrados Pede Passagem","author":"Gerson Guelmann","date":"25 de janeiro de 2018","format":false,"excerpt":"Desempenho impec\u00e1vel e encantador Por\u00a0Joaquim Falc\u00e3o 25 jan 2018, 02h05 - Publicado em 24 jan 2018, 18h49 A transmiss\u00e3o ao vivo do julgamento do TRF4 permitiu ao p\u00fablico compar\u00e1-lo com os julgamentos que se tem visto no Supremo Tribunal Federal. A postura dos magistrados, racioc\u00ednio, m\u00e9todo de an\u00e1lise, forma de\u2026","rel":"","context":"Em &quot;Sem categoria&quot;","block_context":{"text":"Sem categoria","link":"https:\/\/gersonguelmann.com.br\/blog\/category\/sem-categoria\/"},"img":{"alt_text":"","src":"https:\/\/i0.wp.com\/gersonguelmann.com.br\/blog\/wp-content\/uploads\/2018\/01\/Juizes.jpg?fit=960%2C720&ssl=1&resize=350%2C200","width":350,"height":200,"srcset":"https:\/\/i0.wp.com\/gersonguelmann.com.br\/blog\/wp-content\/uploads\/2018\/01\/Juizes.jpg?fit=960%2C720&ssl=1&resize=350%2C200 1x, https:\/\/i0.wp.com\/gersonguelmann.com.br\/blog\/wp-content\/uploads\/2018\/01\/Juizes.jpg?fit=960%2C720&ssl=1&resize=525%2C300 1.5x, https:\/\/i0.wp.com\/gersonguelmann.com.br\/blog\/wp-content\/uploads\/2018\/01\/Juizes.jpg?fit=960%2C720&ssl=1&resize=700%2C400 2x"},"classes":[]}],"jetpack_sharing_enabled":true,"post_mailing_queue_ids":[],"_links":{"self":[{"href":"https:\/\/gersonguelmann.com.br\/blog\/wp-json\/wp\/v2\/posts\/14501","targetHints":{"allow":["GET"]}}],"collection":[{"href":"https:\/\/gersonguelmann.com.br\/blog\/wp-json\/wp\/v2\/posts"}],"about":[{"href":"https:\/\/gersonguelmann.com.br\/blog\/wp-json\/wp\/v2\/types\/post"}],"author":[{"embeddable":true,"href":"https:\/\/gersonguelmann.com.br\/blog\/wp-json\/wp\/v2\/users\/5"}],"replies":[{"embeddable":true,"href":"https:\/\/gersonguelmann.com.br\/blog\/wp-json\/wp\/v2\/comments?post=14501"}],"version-history":[{"count":0,"href":"https:\/\/gersonguelmann.com.br\/blog\/wp-json\/wp\/v2\/posts\/14501\/revisions"}],"wp:featuredmedia":[{"embeddable":true,"href":"https:\/\/gersonguelmann.com.br\/blog\/wp-json\/wp\/v2\/media\/14503"}],"wp:attachment":[{"href":"https:\/\/gersonguelmann.com.br\/blog\/wp-json\/wp\/v2\/media?parent=14501"}],"wp:term":[{"taxonomy":"category","embeddable":true,"href":"https:\/\/gersonguelmann.com.br\/blog\/wp-json\/wp\/v2\/categories?post=14501"},{"taxonomy":"post_tag","embeddable":true,"href":"https:\/\/gersonguelmann.com.br\/blog\/wp-json\/wp\/v2\/tags?post=14501"}],"curies":[{"name":"wp","href":"https:\/\/api.w.org\/{rel}","templated":true}]}}