    {"id":14542,"date":"2018-07-07T17:25:14","date_gmt":"2018-07-07T20:25:14","guid":{"rendered":"https:\/\/gersonguelmann.com.br\/blog\/?p=14542"},"modified":"2018-07-07T17:25:14","modified_gmt":"2018-07-07T20:25:14","slug":"a-derrota-do-brasil-para-a-belgica-e-o-papelao-do-prefeito-de-bruxelas","status":"publish","type":"post","link":"https:\/\/gersonguelmann.com.br\/blog\/a-derrota-do-brasil-para-a-belgica-e-o-papelao-do-prefeito-de-bruxelas\/","title":{"rendered":"A Derrota do Brasil Para a B\u00e9lgica e o Papel\u00e3o do Prefeito de Bruxelas"},"content":{"rendered":"<p><span style=\"color: #000000; font-family: georgia, palatino, serif; font-size: 18pt;\">Essa \u00e9 uma daquelas mat\u00e9rias que n\u00e3o \u00e9 preciso comentar, basta transcrever.<\/span><\/p>\n<p><span style=\"color: #000000; font-family: georgia, palatino, serif; font-size: 18pt;\">Foi publicada hoje no site Metr\u00f3pole:<\/span><\/p>\n<p class=\"wrap\" style=\"text-align: center;\"><span style=\"font-size: 24pt;\"><strong><span style=\"color: #000000;\">Zoa\u00e7\u00e3o de prefeito de Bruxelas a Neymar vira pol\u00eamica em rede social<\/span><\/strong><\/span><\/p>\n<p style=\"text-align: center;\"><span style=\"font-size: 18pt;\"><strong><span style=\"color: #000000;\">Philippe Close publicou no Twitter montagem que incomodou at\u00e9 seus conterr\u00e2neos: meme em que famosa est\u00e1tua urina sobre um Neymar retorcido<\/span><\/strong><\/span><\/p>\n<p style=\"text-align: center;\">\n<p style=\"text-align: center;\"><span style=\"color: #000000;\"><img data-recalc-dims=\"1\" fetchpriority=\"high\" decoding=\"async\" data-attachment-id=\"14543\" data-permalink=\"https:\/\/gersonguelmann.com.br\/blog\/a-derrota-do-brasil-para-a-belgica-e-o-papelao-do-prefeito-de-bruxelas\/neymar-3\/\" data-orig-file=\"https:\/\/i0.wp.com\/gersonguelmann.com.br\/blog\/wp-content\/uploads\/2018\/07\/Neymar.jpg?fit=840%2C542&amp;ssl=1\" data-orig-size=\"840,542\" data-comments-opened=\"1\" data-image-meta=\"{&quot;aperture&quot;:&quot;0&quot;,&quot;credit&quot;:&quot;&quot;,&quot;camera&quot;:&quot;&quot;,&quot;caption&quot;:&quot;&quot;,&quot;created_timestamp&quot;:&quot;0&quot;,&quot;copyright&quot;:&quot;&quot;,&quot;focal_length&quot;:&quot;0&quot;,&quot;iso&quot;:&quot;0&quot;,&quot;shutter_speed&quot;:&quot;0&quot;,&quot;title&quot;:&quot;&quot;,&quot;orientation&quot;:&quot;0&quot;}\" data-image-title=\"Neymar\" data-image-description=\"\" data-image-caption=\"\" data-medium-file=\"https:\/\/i0.wp.com\/gersonguelmann.com.br\/blog\/wp-content\/uploads\/2018\/07\/Neymar.jpg?fit=300%2C194&amp;ssl=1\" data-large-file=\"https:\/\/i0.wp.com\/gersonguelmann.com.br\/blog\/wp-content\/uploads\/2018\/07\/Neymar.jpg?fit=640%2C413&amp;ssl=1\" class=\"alignnone size-medium wp-image-14543\" src=\"https:\/\/i0.wp.com\/gersonguelmann.com.br\/blog\/wp-content\/uploads\/2018\/07\/Neymar.jpg?resize=300%2C194&#038;ssl=1\" alt=\"\" width=\"300\" height=\"194\" srcset=\"https:\/\/i0.wp.com\/gersonguelmann.com.br\/blog\/wp-content\/uploads\/2018\/07\/Neymar.jpg?resize=300%2C194&amp;ssl=1 300w, https:\/\/i0.wp.com\/gersonguelmann.com.br\/blog\/wp-content\/uploads\/2018\/07\/Neymar.jpg?resize=768%2C496&amp;ssl=1 768w, https:\/\/i0.wp.com\/gersonguelmann.com.br\/blog\/wp-content\/uploads\/2018\/07\/Neymar.jpg?w=840&amp;ssl=1 840w\" sizes=\"(max-width: 300px) 100vw, 300px\" \/><\/span><\/p>\n<p><span style=\"color: #000000; font-size: 14pt;\">H\u00e1 memes e h\u00e1 memes. Alguns s\u00e3o recebidos com risadas, outros com desprezo. E outros com cr\u00edticas. No caso do meme divulgado pelo prefeito da capital da B\u00e9lgica, Bruxelas,\u00a0\u00e9 um prato cheio para pol\u00eamicas.<\/span><\/p>\n<p><span style=\"color: #000000; font-size: 14pt;\">Philippe Close teve a coragem de publicar em suas redes sociais uma montagem que incomodou at\u00e9 mesmo seus conterr\u00e2neos: um meme com a famosa est\u00e1tua Manneken Pis, o menino urinando que inspirou uma semelhante instalada em frente \u00e0 sede do Botafogo. Nela, o xixi do boneco cai em cima de um Neymar contorcido. \u201cNada a comentar\u201d, escreveu o prefeito.<\/span><\/p>\n<p><span style=\"color: #000000; font-size: 14pt;\">O meme, claro, foi publicado ap\u00f3s a vit\u00f3ria belga sobre o Brasil, por 2 x 1, nessa sexta-feira (6\/7), na Arena Kazan, em Kazan (R\u00fassia), pelas quartas de final da Copa do Mundo.<\/span><\/p>\n<blockquote><p><em><strong><span style=\"color: #000000; font-size: 14pt;\">E se juntou a uma s\u00e9rie de memes que tomou conta das redes sociais. Na B\u00e9lgica, n\u00e3o faltaram comemora\u00e7\u00f5es. E a tal postagem, que dividiu opini\u00f5es.<\/span><\/strong><\/em><\/p><\/blockquote>\n<p><span style=\"color: #000000; font-size: 14pt;\">Ligados com o que acontece nas redes sociais, os brasileiros n\u00e3o gostaram da piada e foram at\u00e9 a conta de Close no Twitter \u201ctomar provid\u00eancias\u201d.\u00a0E receberam\u00a0apoio at\u00e9 mesmo de alguns belgas.<\/span><\/p>\n<p><span style=\"color: #000000; font-family: georgia, palatino, serif; font-size: 18pt;\">(<span style=\"color: #0000ff;\"><a style=\"color: #0000ff;\" href=\"https:\/\/www.metropoles.com\/esportes\/futebol\/zoacao-de-prefeito-de-bruxelas-a-neymar-vira-polemica-em-rede-social\"><em><strong>Clique aqui<\/strong><\/em><\/a><\/span> para ver a postagem do Prefeito e as respostas de alguns brasileiros)<\/span><\/p>\n","protected":false},"excerpt":{"rendered":"<p>Essa \u00e9 uma daquelas mat\u00e9rias que n\u00e3o \u00e9 preciso comentar, basta transcrever. Foi publicada hoje no site Metr\u00f3pole: Zoa\u00e7\u00e3o de prefeito de Bruxelas a Neymar vira pol\u00eamica em rede social Philippe Close publicou no Twitter montagem que incomodou at\u00e9 seus conterr\u00e2neos: meme em que famosa est\u00e1tua urina sobre um Neymar retorcido H\u00e1 memes e h\u00e1 [&hellip;]<\/p>\n","protected":false},"author":5,"featured_media":14543,"comment_status":"open","ping_status":"open","sticky":false,"template":"","format":"standard","meta":{"_acf_changed":false,"jetpack_post_was_ever_published":false,"_jetpack_newsletter_access":"","_jetpack_dont_email_post_to_subs":false,"_jetpack_newsletter_tier_id":0,"_jetpack_memberships_contains_paywalled_content":false,"_jetpack_memberships_contains_paid_content":false,"footnotes":"","jetpack_publicize_message":"","jetpack_publicize_feature_enabled":true,"jetpack_social_post_already_shared":true,"jetpack_social_options":{"image_generator_settings":{"template":"highway","default_image_id":0,"font":"","enabled":false},"version":2}},"categories":[1],"tags":[],"class_list":["post-14542","post","type-post","status-publish","format-standard","has-post-thumbnail","hentry","category-sem-categoria"],"acf":[],"yoast_head":"<!-- This site is optimized with the Yoast SEO plugin v27.3 - https:\/\/yoast.com\/product\/yoast-seo-wordpress\/ -->\n<title>A Derrota do Brasil Para a B\u00e9lgica e o Papel\u00e3o do Prefeito de Bruxelas | Blog do Guelmann<\/title>\n<meta name=\"robots\" content=\"index, follow, max-snippet:-1, max-image-preview:large, max-video-preview:-1\" \/>\n<link rel=\"canonical\" href=\"https:\/\/gersonguelmann.com.br\/blog\/a-derrota-do-brasil-para-a-belgica-e-o-papelao-do-prefeito-de-bruxelas\/\" \/>\n<meta property=\"og:locale\" content=\"pt_BR\" \/>\n<meta property=\"og:type\" content=\"article\" \/>\n<meta property=\"og:title\" content=\"A Derrota do Brasil Para a B\u00e9lgica e o Papel\u00e3o do Prefeito de Bruxelas | Blog do Guelmann\" \/>\n<meta property=\"og:description\" content=\"Essa \u00e9 uma daquelas mat\u00e9rias que n\u00e3o \u00e9 preciso comentar, basta transcrever. Foi publicada hoje no site Metr\u00f3pole: Zoa\u00e7\u00e3o de prefeito de Bruxelas a Neymar vira pol\u00eamica em rede social Philippe Close publicou no Twitter montagem que incomodou at\u00e9 seus conterr\u00e2neos: meme em que famosa est\u00e1tua urina sobre um Neymar retorcido H\u00e1 memes e h\u00e1 [&hellip;]\" \/>\n<meta property=\"og:url\" content=\"https:\/\/gersonguelmann.com.br\/blog\/a-derrota-do-brasil-para-a-belgica-e-o-papelao-do-prefeito-de-bruxelas\/\" \/>\n<meta property=\"og:site_name\" content=\"Blog do Guelmann\" \/>\n<meta property=\"article:published_time\" content=\"2018-07-07T20:25:14+00:00\" \/>\n<meta property=\"og:image\" content=\"https:\/\/i0.wp.com\/gersonguelmann.com.br\/blog\/wp-content\/uploads\/2018\/07\/Neymar.jpg?fit=840%2C542&ssl=1\" \/>\n\t<meta property=\"og:image:width\" content=\"840\" \/>\n\t<meta property=\"og:image:height\" content=\"542\" \/>\n\t<meta property=\"og:image:type\" content=\"image\/jpeg\" \/>\n<meta name=\"author\" content=\"Gerson Guelmann\" \/>\n<meta name=\"twitter:card\" content=\"summary_large_image\" \/>\n<meta name=\"twitter:label1\" content=\"Escrito por\" \/>\n\t<meta name=\"twitter:data1\" content=\"Gerson Guelmann\" \/>\n\t<meta name=\"twitter:label2\" content=\"Est. tempo de leitura\" \/>\n\t<meta name=\"twitter:data2\" content=\"1 minuto\" \/>\n<script type=\"application\/ld+json\" class=\"yoast-schema-graph\">{\"@context\":\"https:\\\/\\\/schema.org\",\"@graph\":[{\"@type\":\"Article\",\"@id\":\"https:\\\/\\\/gersonguelmann.com.br\\\/blog\\\/a-derrota-do-brasil-para-a-belgica-e-o-papelao-do-prefeito-de-bruxelas\\\/#article\",\"isPartOf\":{\"@id\":\"https:\\\/\\\/gersonguelmann.com.br\\\/blog\\\/a-derrota-do-brasil-para-a-belgica-e-o-papelao-do-prefeito-de-bruxelas\\\/\"},\"author\":{\"name\":\"Gerson Guelmann\",\"@id\":\"https:\\\/\\\/gersonguelmann.com.br\\\/blog\\\/#\\\/schema\\\/person\\\/87e70e2a786888082f941a482c90569e\"},\"headline\":\"A Derrota do Brasil Para a B\u00e9lgica e o Papel\u00e3o do Prefeito de Bruxelas\",\"datePublished\":\"2018-07-07T20:25:14+00:00\",\"mainEntityOfPage\":{\"@id\":\"https:\\\/\\\/gersonguelmann.com.br\\\/blog\\\/a-derrota-do-brasil-para-a-belgica-e-o-papelao-do-prefeito-de-bruxelas\\\/\"},\"wordCount\":283,\"commentCount\":1,\"image\":{\"@id\":\"https:\\\/\\\/gersonguelmann.com.br\\\/blog\\\/a-derrota-do-brasil-para-a-belgica-e-o-papelao-do-prefeito-de-bruxelas\\\/#primaryimage\"},\"thumbnailUrl\":\"https:\\\/\\\/i0.wp.com\\\/gersonguelmann.com.br\\\/blog\\\/wp-content\\\/uploads\\\/2018\\\/07\\\/Neymar.jpg?fit=840%2C542&ssl=1\",\"inLanguage\":\"pt-BR\",\"potentialAction\":[{\"@type\":\"CommentAction\",\"name\":\"Comment\",\"target\":[\"https:\\\/\\\/gersonguelmann.com.br\\\/blog\\\/a-derrota-do-brasil-para-a-belgica-e-o-papelao-do-prefeito-de-bruxelas\\\/#respond\"]}]},{\"@type\":\"WebPage\",\"@id\":\"https:\\\/\\\/gersonguelmann.com.br\\\/blog\\\/a-derrota-do-brasil-para-a-belgica-e-o-papelao-do-prefeito-de-bruxelas\\\/\",\"url\":\"https:\\\/\\\/gersonguelmann.com.br\\\/blog\\\/a-derrota-do-brasil-para-a-belgica-e-o-papelao-do-prefeito-de-bruxelas\\\/\",\"name\":\"A Derrota do Brasil Para a B\u00e9lgica e o Papel\u00e3o do Prefeito de Bruxelas | Blog do Guelmann\",\"isPartOf\":{\"@id\":\"https:\\\/\\\/gersonguelmann.com.br\\\/blog\\\/#website\"},\"primaryImageOfPage\":{\"@id\":\"https:\\\/\\\/gersonguelmann.com.br\\\/blog\\\/a-derrota-do-brasil-para-a-belgica-e-o-papelao-do-prefeito-de-bruxelas\\\/#primaryimage\"},\"image\":{\"@id\":\"https:\\\/\\\/gersonguelmann.com.br\\\/blog\\\/a-derrota-do-brasil-para-a-belgica-e-o-papelao-do-prefeito-de-bruxelas\\\/#primaryimage\"},\"thumbnailUrl\":\"https:\\\/\\\/i0.wp.com\\\/gersonguelmann.com.br\\\/blog\\\/wp-content\\\/uploads\\\/2018\\\/07\\\/Neymar.jpg?fit=840%2C542&ssl=1\",\"datePublished\":\"2018-07-07T20:25:14+00:00\",\"author\":{\"@id\":\"https:\\\/\\\/gersonguelmann.com.br\\\/blog\\\/#\\\/schema\\\/person\\\/87e70e2a786888082f941a482c90569e\"},\"inLanguage\":\"pt-BR\",\"potentialAction\":[{\"@type\":\"ReadAction\",\"target\":[\"https:\\\/\\\/gersonguelmann.com.br\\\/blog\\\/a-derrota-do-brasil-para-a-belgica-e-o-papelao-do-prefeito-de-bruxelas\\\/\"]}]},{\"@type\":\"ImageObject\",\"inLanguage\":\"pt-BR\",\"@id\":\"https:\\\/\\\/gersonguelmann.com.br\\\/blog\\\/a-derrota-do-brasil-para-a-belgica-e-o-papelao-do-prefeito-de-bruxelas\\\/#primaryimage\",\"url\":\"https:\\\/\\\/i0.wp.com\\\/gersonguelmann.com.br\\\/blog\\\/wp-content\\\/uploads\\\/2018\\\/07\\\/Neymar.jpg?fit=840%2C542&ssl=1\",\"contentUrl\":\"https:\\\/\\\/i0.wp.com\\\/gersonguelmann.com.br\\\/blog\\\/wp-content\\\/uploads\\\/2018\\\/07\\\/Neymar.jpg?fit=840%2C542&ssl=1\",\"width\":840,\"height\":542},{\"@type\":\"WebSite\",\"@id\":\"https:\\\/\\\/gersonguelmann.com.br\\\/blog\\\/#website\",\"url\":\"https:\\\/\\\/gersonguelmann.com.br\\\/blog\\\/\",\"name\":\"Blog do Guelmann\",\"description\":\"Pitadas da sabedoria e do humor judaicos, assuntos do momento e um pouco das hist\u00f3rias que vivi e testemunhei.\",\"potentialAction\":[{\"@type\":\"SearchAction\",\"target\":{\"@type\":\"EntryPoint\",\"urlTemplate\":\"https:\\\/\\\/gersonguelmann.com.br\\\/blog\\\/?s={search_term_string}\"},\"query-input\":{\"@type\":\"PropertyValueSpecification\",\"valueRequired\":true,\"valueName\":\"search_term_string\"}}],\"inLanguage\":\"pt-BR\"},{\"@type\":\"Person\",\"@id\":\"https:\\\/\\\/gersonguelmann.com.br\\\/blog\\\/#\\\/schema\\\/person\\\/87e70e2a786888082f941a482c90569e\",\"name\":\"Gerson Guelmann\",\"image\":{\"@type\":\"ImageObject\",\"inLanguage\":\"pt-BR\",\"@id\":\"https:\\\/\\\/i0.wp.com\\\/gersonguelmann.com.br\\\/blog\\\/wp-content\\\/uploads\\\/2021\\\/08\\\/BLOG.jpeg?fit=96%2C96&ssl=1\",\"url\":\"https:\\\/\\\/i0.wp.com\\\/gersonguelmann.com.br\\\/blog\\\/wp-content\\\/uploads\\\/2021\\\/08\\\/BLOG.jpeg?fit=96%2C96&ssl=1\",\"contentUrl\":\"https:\\\/\\\/i0.wp.com\\\/gersonguelmann.com.br\\\/blog\\\/wp-content\\\/uploads\\\/2021\\\/08\\\/BLOG.jpeg?fit=96%2C96&ssl=1\",\"caption\":\"Gerson Guelmann\"},\"description\":\"Pitadas da sabedoria e do humor judaicos, assuntos do momento e um pouco das hist\u00f3rias que vivi e testemunhei.\"}]}<\/script>\n<!-- \/ Yoast SEO plugin. -->","yoast_head_json":{"title":"A Derrota do Brasil Para a B\u00e9lgica e o Papel\u00e3o do Prefeito de Bruxelas | Blog do Guelmann","robots":{"index":"index","follow":"follow","max-snippet":"max-snippet:-1","max-image-preview":"max-image-preview:large","max-video-preview":"max-video-preview:-1"},"canonical":"https:\/\/gersonguelmann.com.br\/blog\/a-derrota-do-brasil-para-a-belgica-e-o-papelao-do-prefeito-de-bruxelas\/","og_locale":"pt_BR","og_type":"article","og_title":"A Derrota do Brasil Para a B\u00e9lgica e o Papel\u00e3o do Prefeito de Bruxelas | Blog do Guelmann","og_description":"Essa \u00e9 uma daquelas mat\u00e9rias que n\u00e3o \u00e9 preciso comentar, basta transcrever. Foi publicada hoje no site Metr\u00f3pole: Zoa\u00e7\u00e3o de prefeito de Bruxelas a Neymar vira pol\u00eamica em rede social Philippe Close publicou no Twitter montagem que incomodou at\u00e9 seus conterr\u00e2neos: meme em que famosa est\u00e1tua urina sobre um Neymar retorcido H\u00e1 memes e h\u00e1 [&hellip;]","og_url":"https:\/\/gersonguelmann.com.br\/blog\/a-derrota-do-brasil-para-a-belgica-e-o-papelao-do-prefeito-de-bruxelas\/","og_site_name":"Blog do Guelmann","article_published_time":"2018-07-07T20:25:14+00:00","og_image":[{"width":840,"height":542,"url":"https:\/\/i0.wp.com\/gersonguelmann.com.br\/blog\/wp-content\/uploads\/2018\/07\/Neymar.jpg?fit=840%2C542&ssl=1","type":"image\/jpeg"}],"author":"Gerson Guelmann","twitter_card":"summary_large_image","twitter_misc":{"Escrito por":"Gerson Guelmann","Est. tempo de leitura":"1 minuto"},"schema":{"@context":"https:\/\/schema.org","@graph":[{"@type":"Article","@id":"https:\/\/gersonguelmann.com.br\/blog\/a-derrota-do-brasil-para-a-belgica-e-o-papelao-do-prefeito-de-bruxelas\/#article","isPartOf":{"@id":"https:\/\/gersonguelmann.com.br\/blog\/a-derrota-do-brasil-para-a-belgica-e-o-papelao-do-prefeito-de-bruxelas\/"},"author":{"name":"Gerson Guelmann","@id":"https:\/\/gersonguelmann.com.br\/blog\/#\/schema\/person\/87e70e2a786888082f941a482c90569e"},"headline":"A Derrota do Brasil Para a B\u00e9lgica e o Papel\u00e3o do Prefeito de Bruxelas","datePublished":"2018-07-07T20:25:14+00:00","mainEntityOfPage":{"@id":"https:\/\/gersonguelmann.com.br\/blog\/a-derrota-do-brasil-para-a-belgica-e-o-papelao-do-prefeito-de-bruxelas\/"},"wordCount":283,"commentCount":1,"image":{"@id":"https:\/\/gersonguelmann.com.br\/blog\/a-derrota-do-brasil-para-a-belgica-e-o-papelao-do-prefeito-de-bruxelas\/#primaryimage"},"thumbnailUrl":"https:\/\/i0.wp.com\/gersonguelmann.com.br\/blog\/wp-content\/uploads\/2018\/07\/Neymar.jpg?fit=840%2C542&ssl=1","inLanguage":"pt-BR","potentialAction":[{"@type":"CommentAction","name":"Comment","target":["https:\/\/gersonguelmann.com.br\/blog\/a-derrota-do-brasil-para-a-belgica-e-o-papelao-do-prefeito-de-bruxelas\/#respond"]}]},{"@type":"WebPage","@id":"https:\/\/gersonguelmann.com.br\/blog\/a-derrota-do-brasil-para-a-belgica-e-o-papelao-do-prefeito-de-bruxelas\/","url":"https:\/\/gersonguelmann.com.br\/blog\/a-derrota-do-brasil-para-a-belgica-e-o-papelao-do-prefeito-de-bruxelas\/","name":"A Derrota do Brasil Para a B\u00e9lgica e o Papel\u00e3o do Prefeito de Bruxelas | Blog do Guelmann","isPartOf":{"@id":"https:\/\/gersonguelmann.com.br\/blog\/#website"},"primaryImageOfPage":{"@id":"https:\/\/gersonguelmann.com.br\/blog\/a-derrota-do-brasil-para-a-belgica-e-o-papelao-do-prefeito-de-bruxelas\/#primaryimage"},"image":{"@id":"https:\/\/gersonguelmann.com.br\/blog\/a-derrota-do-brasil-para-a-belgica-e-o-papelao-do-prefeito-de-bruxelas\/#primaryimage"},"thumbnailUrl":"https:\/\/i0.wp.com\/gersonguelmann.com.br\/blog\/wp-content\/uploads\/2018\/07\/Neymar.jpg?fit=840%2C542&ssl=1","datePublished":"2018-07-07T20:25:14+00:00","author":{"@id":"https:\/\/gersonguelmann.com.br\/blog\/#\/schema\/person\/87e70e2a786888082f941a482c90569e"},"inLanguage":"pt-BR","potentialAction":[{"@type":"ReadAction","target":["https:\/\/gersonguelmann.com.br\/blog\/a-derrota-do-brasil-para-a-belgica-e-o-papelao-do-prefeito-de-bruxelas\/"]}]},{"@type":"ImageObject","inLanguage":"pt-BR","@id":"https:\/\/gersonguelmann.com.br\/blog\/a-derrota-do-brasil-para-a-belgica-e-o-papelao-do-prefeito-de-bruxelas\/#primaryimage","url":"https:\/\/i0.wp.com\/gersonguelmann.com.br\/blog\/wp-content\/uploads\/2018\/07\/Neymar.jpg?fit=840%2C542&ssl=1","contentUrl":"https:\/\/i0.wp.com\/gersonguelmann.com.br\/blog\/wp-content\/uploads\/2018\/07\/Neymar.jpg?fit=840%2C542&ssl=1","width":840,"height":542},{"@type":"WebSite","@id":"https:\/\/gersonguelmann.com.br\/blog\/#website","url":"https:\/\/gersonguelmann.com.br\/blog\/","name":"Blog do Guelmann","description":"Pitadas da sabedoria e do humor judaicos, assuntos do momento e um pouco das hist\u00f3rias que vivi e testemunhei.","potentialAction":[{"@type":"SearchAction","target":{"@type":"EntryPoint","urlTemplate":"https:\/\/gersonguelmann.com.br\/blog\/?s={search_term_string}"},"query-input":{"@type":"PropertyValueSpecification","valueRequired":true,"valueName":"search_term_string"}}],"inLanguage":"pt-BR"},{"@type":"Person","@id":"https:\/\/gersonguelmann.com.br\/blog\/#\/schema\/person\/87e70e2a786888082f941a482c90569e","name":"Gerson Guelmann","image":{"@type":"ImageObject","inLanguage":"pt-BR","@id":"https:\/\/i0.wp.com\/gersonguelmann.com.br\/blog\/wp-content\/uploads\/2021\/08\/BLOG.jpeg?fit=96%2C96&ssl=1","url":"https:\/\/i0.wp.com\/gersonguelmann.com.br\/blog\/wp-content\/uploads\/2021\/08\/BLOG.jpeg?fit=96%2C96&ssl=1","contentUrl":"https:\/\/i0.wp.com\/gersonguelmann.com.br\/blog\/wp-content\/uploads\/2021\/08\/BLOG.jpeg?fit=96%2C96&ssl=1","caption":"Gerson Guelmann"},"description":"Pitadas da sabedoria e do humor judaicos, assuntos do momento e um pouco das hist\u00f3rias que vivi e testemunhei."}]}},"views":24,"jetpack_publicize_connections":[],"jetpack_featured_media_url":"https:\/\/i0.wp.com\/gersonguelmann.com.br\/blog\/wp-content\/uploads\/2018\/07\/Neymar.jpg?fit=840%2C542&ssl=1","jetpack_shortlink":"https:\/\/wp.me\/p96e7O-3My","jetpack-related-posts":[{"id":5784,"url":"https:\/\/gersonguelmann.com.br\/blog\/moiche-e-o-taxi-em-bruxelas\/","url_meta":{"origin":14542,"position":0},"title":"Moiche e o T\u00e1xi em Bruxelas","author":"Gerson Guelmann","date":"19 de setembro de 2019","format":false,"excerpt":"Moiche fez sinal para um um t\u00e1xi em Bruxelas e quando o taxista parou e ele estava entrando no carro, um homem que estava na cal\u00e7ada arrancou a bolsa que ele usava a tiracolo e saiu correndo. O taxista saltou do carro, correu, alcan\u00e7ou o ladr\u00e3o e o derrubou no\u2026","rel":"","context":"Em &quot;Sem categoria&quot;","block_context":{"text":"Sem categoria","link":"https:\/\/gersonguelmann.com.br\/blog\/category\/sem-categoria\/"},"img":{"alt_text":"","src":"https:\/\/i0.wp.com\/gersonguelmann.com.br\/blog\/wp-content\/uploads\/2017\/12\/Taxi-300x85.jpg?resize=350%2C200&ssl=1","width":350,"height":200},"classes":[]},{"id":14282,"url":"https:\/\/gersonguelmann.com.br\/blog\/rene-simoes-profetizando-sobre-neymar-em-2010-estamos-criando-um-monstro\/","url_meta":{"origin":14542,"position":1},"title":"Ren\u00e9 Sim\u00f5es Profetizando Sobre Neymar em 2010: &#8220;Estamos Criando Um Monstro&#8221;","author":"Gerson Guelmann","date":"12 de junho de 2019","format":false,"excerpt":"Ap\u00f3s ter publicado h\u00e1 poucos dias um artigo acerca do Neymar, lembrei de outra postagem feita tempos atr\u00e1s, quando mencionei o que o t\u00e9cnico Ren\u00e9 Sim\u00f5es falou sobre ele h\u00e1 muitos anos. Fui em busca da publica\u00e7\u00e3o de 25\/6\/2018 - h\u00e1 quase um ano, portanto, e resolvi reedit\u00e1-la.\u00a0\u00a0 Trata-se de\u2026","rel":"","context":"Em &quot;Sem categoria&quot;","block_context":{"text":"Sem categoria","link":"https:\/\/gersonguelmann.com.br\/blog\/category\/sem-categoria\/"},"img":{"alt_text":"","src":"https:\/\/i0.wp.com\/gersonguelmann.com.br\/blog\/wp-content\/uploads\/2018\/06\/monster-239x300.jpg?resize=350%2C200&ssl=1","width":350,"height":200},"classes":[]},{"id":17068,"url":"https:\/\/gersonguelmann.com.br\/blog\/para-o-neymar-desgraca-pouca-e-bobagem\/","url_meta":{"origin":14542,"position":2},"title":"Para o Neymar, Desgra\u00e7a Pouca \u00e9 Bobagem","author":"Gerson Guelmann","date":"17 de junho de 2019","format":false,"excerpt":"Para Neymar parece mesmo que essa express\u00e3o \u00e9 absolutamente verdadeira. O jogador, que fez e continua fazendo enorme sucesso na carreira, est\u00e1 enfrentando uma fase tumultuada dentro e fora do futebol.\u00a0 No PSG, time onde joga atualmente, o clima azedou j\u00e1 h\u00e1 algum tempo. No quesito desempenho, devido a contus\u00f5es\u2026","rel":"","context":"Em &quot;Sem categoria&quot;","block_context":{"text":"Sem categoria","link":"https:\/\/gersonguelmann.com.br\/blog\/category\/sem-categoria\/"},"img":{"alt_text":"","src":"https:\/\/i0.wp.com\/gersonguelmann.com.br\/blog\/wp-content\/uploads\/2019\/06\/troubles.jpg?fit=960%2C635&ssl=1&resize=350%2C200","width":350,"height":200,"srcset":"https:\/\/i0.wp.com\/gersonguelmann.com.br\/blog\/wp-content\/uploads\/2019\/06\/troubles.jpg?fit=960%2C635&ssl=1&resize=350%2C200 1x, https:\/\/i0.wp.com\/gersonguelmann.com.br\/blog\/wp-content\/uploads\/2019\/06\/troubles.jpg?fit=960%2C635&ssl=1&resize=525%2C300 1.5x, https:\/\/i0.wp.com\/gersonguelmann.com.br\/blog\/wp-content\/uploads\/2019\/06\/troubles.jpg?fit=960%2C635&ssl=1&resize=700%2C400 2x"},"classes":[]},{"id":16885,"url":"https:\/\/gersonguelmann.com.br\/blog\/neymar-nao-tem-quem-cuide-dele\/","url_meta":{"origin":14542,"position":3},"title":"Neymar N\u00e3o Tem Quem Cuide Dele?","author":"Gerson Guelmann","date":"4 de junho de 2019","format":false,"excerpt":"Todos n\u00f3s sabemos que as grandes personalidades, artistas, cantores, esportistas, empres\u00e1rios, etc, s\u00e3o muito bem assessorados e orientados em tudo o que diz respeito \u00e0s redes sociais, que nos tempos atuais tem o poder de construir e destruir imagens e conceitos com a mesma rapidez. A instantaneidade da informa\u00e7\u00e3o \u00e9\u2026","rel":"","context":"Em &quot;Sem categoria&quot;","block_context":{"text":"Sem categoria","link":"https:\/\/gersonguelmann.com.br\/blog\/category\/sem-categoria\/"},"img":{"alt_text":"","src":"https:\/\/i0.wp.com\/gersonguelmann.com.br\/blog\/wp-content\/uploads\/2019\/06\/Neymar.png?fit=360%2C720&ssl=1&resize=350%2C200","width":350,"height":200},"classes":[]},{"id":14237,"url":"https:\/\/gersonguelmann.com.br\/blog\/por-conta-do-cliente-cabeleireiros-de-neymar-curtem-a-russia-em-alto-estilo\/","url_meta":{"origin":14542,"position":4},"title":"Por Conta do Cliente, Cabeleireiros de Neymar Curtem a R\u00fassia Em Alto Estilo","author":"Gerson Guelmann","date":"22 de junho de 2018","format":false,"excerpt":"Reportagem publicada hoje no site Universa: Na R\u00fassia, cabeleireiros de Neymar curtem hotel de luxo e pontos tur\u00edsticos Da Universa - 22\/06\/2018 - 12h59 Para manter (e variar muito) o corte de cabelo durante a Copa, Neymar levou \"na mala\" dois cabeleireiros de confian\u00e7a: Da\u00edlson\u00a0\"Nariko\" dos Reis, seu amigo de\u2026","rel":"","context":"Em &quot;Sem categoria&quot;","block_context":{"text":"Sem categoria","link":"https:\/\/gersonguelmann.com.br\/blog\/category\/sem-categoria\/"},"img":{"alt_text":"","src":"https:\/\/i0.wp.com\/gersonguelmann.com.br\/blog\/wp-content\/uploads\/2018\/06\/Neymar.jpg?fit=1200%2C675&ssl=1&resize=350%2C200","width":350,"height":200,"srcset":"https:\/\/i0.wp.com\/gersonguelmann.com.br\/blog\/wp-content\/uploads\/2018\/06\/Neymar.jpg?fit=1200%2C675&ssl=1&resize=350%2C200 1x, https:\/\/i0.wp.com\/gersonguelmann.com.br\/blog\/wp-content\/uploads\/2018\/06\/Neymar.jpg?fit=1200%2C675&ssl=1&resize=525%2C300 1.5x, https:\/\/i0.wp.com\/gersonguelmann.com.br\/blog\/wp-content\/uploads\/2018\/06\/Neymar.jpg?fit=1200%2C675&ssl=1&resize=700%2C400 2x, https:\/\/i0.wp.com\/gersonguelmann.com.br\/blog\/wp-content\/uploads\/2018\/06\/Neymar.jpg?fit=1200%2C675&ssl=1&resize=1050%2C600 3x"},"classes":[]},{"id":14349,"url":"https:\/\/gersonguelmann.com.br\/blog\/no-final-da-novela-da-copa-neymar-ficara-com-bruna-marquezine-ou-galvao-bueno\/","url_meta":{"origin":14542,"position":5},"title":"No Final da Novela da Copa Neymar Ficar\u00e1 Com Bruna Marquezine ou Galv\u00e3o Bueno?","author":"Gerson Guelmann","date":"28 de junho de 2018","format":false,"excerpt":"As redes sociais foram inundadas nos \u00faltimos dias com as revela\u00e7\u00f5es do mal-estar criado entre Galv\u00e3o Bueno e o jogador Neymar Junior, que de \"queridinho\" do locutor teria passado a desafeto. Veja mat\u00e9ria que foi publicada h\u00e1 pouco no site Terra: BLOG SALA DE TV T\u00f4 de mal: briguinha de\u2026","rel":"","context":"Em &quot;Sem categoria&quot;","block_context":{"text":"Sem categoria","link":"https:\/\/gersonguelmann.com.br\/blog\/category\/sem-categoria\/"},"img":{"alt_text":"Jeff Ben\u00edcio","src":"https:\/\/i0.wp.com\/p2.trrsf.com\/image\/fget\/cf\/40\/40\/images.terra.com\/2016\/09\/13\/jb-foto-perfil-blog-sala-de-tv.jpg?resize=350%2C200&ssl=1","width":350,"height":200},"classes":[]}],"jetpack_sharing_enabled":true,"post_mailing_queue_ids":[],"_links":{"self":[{"href":"https:\/\/gersonguelmann.com.br\/blog\/wp-json\/wp\/v2\/posts\/14542","targetHints":{"allow":["GET"]}}],"collection":[{"href":"https:\/\/gersonguelmann.com.br\/blog\/wp-json\/wp\/v2\/posts"}],"about":[{"href":"https:\/\/gersonguelmann.com.br\/blog\/wp-json\/wp\/v2\/types\/post"}],"author":[{"embeddable":true,"href":"https:\/\/gersonguelmann.com.br\/blog\/wp-json\/wp\/v2\/users\/5"}],"replies":[{"embeddable":true,"href":"https:\/\/gersonguelmann.com.br\/blog\/wp-json\/wp\/v2\/comments?post=14542"}],"version-history":[{"count":0,"href":"https:\/\/gersonguelmann.com.br\/blog\/wp-json\/wp\/v2\/posts\/14542\/revisions"}],"wp:featuredmedia":[{"embeddable":true,"href":"https:\/\/gersonguelmann.com.br\/blog\/wp-json\/wp\/v2\/media\/14543"}],"wp:attachment":[{"href":"https:\/\/gersonguelmann.com.br\/blog\/wp-json\/wp\/v2\/media?parent=14542"}],"wp:term":[{"taxonomy":"category","embeddable":true,"href":"https:\/\/gersonguelmann.com.br\/blog\/wp-json\/wp\/v2\/categories?post=14542"},{"taxonomy":"post_tag","embeddable":true,"href":"https:\/\/gersonguelmann.com.br\/blog\/wp-json\/wp\/v2\/tags?post=14542"}],"curies":[{"name":"wp","href":"https:\/\/api.w.org\/{rel}","templated":true}]}}