    {"id":14545,"date":"2018-07-07T20:47:43","date_gmt":"2018-07-07T23:47:43","guid":{"rendered":"https:\/\/gersonguelmann.com.br\/blog\/?p=14545"},"modified":"2018-07-07T20:48:07","modified_gmt":"2018-07-07T23:48:07","slug":"saudade-do-ninho-quem-nao-sente","status":"publish","type":"post","link":"https:\/\/gersonguelmann.com.br\/blog\/saudade-do-ninho-quem-nao-sente\/","title":{"rendered":"Saudade do Ninho, Quem N\u00e3o Sente?"},"content":{"rendered":"<p style=\"text-align: center;\"><img data-recalc-dims=\"1\" fetchpriority=\"high\" decoding=\"async\" data-attachment-id=\"14546\" data-permalink=\"https:\/\/gersonguelmann.com.br\/blog\/saudade-do-ninho-quem-nao-sente\/untitled_-_april_21__2016_-6\/\" data-orig-file=\"https:\/\/i0.wp.com\/gersonguelmann.com.br\/blog\/wp-content\/uploads\/2018\/07\/untitled_-_April_21__2016_-6.jpg?fit=667%2C445&amp;ssl=1\" data-orig-size=\"667,445\" data-comments-opened=\"1\" data-image-meta=\"{&quot;aperture&quot;:&quot;6.3&quot;,&quot;credit&quot;:&quot;&quot;,&quot;camera&quot;:&quot;NIKON D600&quot;,&quot;caption&quot;:&quot;&quot;,&quot;created_timestamp&quot;:&quot;1461248733&quot;,&quot;copyright&quot;:&quot;&quot;,&quot;focal_length&quot;:&quot;62&quot;,&quot;iso&quot;:&quot;100&quot;,&quot;shutter_speed&quot;:&quot;0.01&quot;,&quot;title&quot;:&quot;&quot;,&quot;orientation&quot;:&quot;0&quot;}\" data-image-title=\"untitled_-_April_21__2016_-6\" data-image-description=\"\" data-image-caption=\"\" data-medium-file=\"https:\/\/i0.wp.com\/gersonguelmann.com.br\/blog\/wp-content\/uploads\/2018\/07\/untitled_-_April_21__2016_-6.jpg?fit=300%2C200&amp;ssl=1\" data-large-file=\"https:\/\/i0.wp.com\/gersonguelmann.com.br\/blog\/wp-content\/uploads\/2018\/07\/untitled_-_April_21__2016_-6.jpg?fit=640%2C427&amp;ssl=1\" class=\"alignnone size-medium wp-image-14546\" src=\"https:\/\/i0.wp.com\/gersonguelmann.com.br\/blog\/wp-content\/uploads\/2018\/07\/untitled_-_April_21__2016_-6.jpg?resize=300%2C200&#038;ssl=1\" alt=\"\" width=\"300\" height=\"200\" srcset=\"https:\/\/i0.wp.com\/gersonguelmann.com.br\/blog\/wp-content\/uploads\/2018\/07\/untitled_-_April_21__2016_-6.jpg?resize=300%2C200&amp;ssl=1 300w, https:\/\/i0.wp.com\/gersonguelmann.com.br\/blog\/wp-content\/uploads\/2018\/07\/untitled_-_April_21__2016_-6.jpg?w=667&amp;ssl=1 667w\" sizes=\"(max-width: 300px) 100vw, 300px\" \/><br \/>\n<span style=\"font-family: georgia, palatino, serif;\"><em><strong>Foto:\u00a0Washington Cesar Takeuchi\u00a0<\/strong><\/em><\/span><\/p>\n<p><span style=\"color: #000000; font-family: georgia, palatino, serif; font-size: 18pt;\">O fot\u00f3grafo\u00a0Washington Cesar Takeuchi est\u00e1 fazendo um projeto para edi\u00e7\u00e3o do livro chamado\u00a0<em><strong>&#8220;Saudade do Ninho: a<\/strong><strong>\u00a0cidade de madeira que existe dentro de Curitiba&#8221;<\/strong><\/em>, cujo prop\u00f3sito, como ele diz, \u00e9 o de fazer &#8220;um invent\u00e1rio afetivo para contar a hist\u00f3ria das casinhas de madeira de Curitiba&#8221;.<\/span><\/p>\n<p><span style=\"color: #000000; font-family: georgia, palatino, serif; font-size: 18pt;\">O Washington \u00e9 o respons\u00e1vel pelo excelente site &#8220;Circulando Por Curitiba&#8221;, certamente um dos melhores registros fotogr\u00e1ficos de nossa cidade, com imagens bel\u00edssimas e textos primorosos.<\/span><\/p>\n<p><span style=\"color: #000000; font-family: georgia, palatino, serif; font-size: 18pt;\">Ele est\u00e1 arrecadando recursos atrav\u00e9s de Financiamento Coletivo pelo site Catarse, com data de encerramento prevista para o dia 20\/7. O total pretendido est\u00e1 pr\u00f3ximo de ser alcan\u00e7ado, mas ainda d\u00e1 tempo de participar.<\/span><\/p>\n<p><span style=\"color: #000000; font-family: georgia, palatino, serif; font-size: 18pt;\">O valor de contribui\u00e7\u00e3o \u00e9 de R$ 130 ou mais e o apoiador receber\u00e1 o um exemplar do livro &#8220;Saudade do Ninho&#8221; e uma foto autografada de uma das casinhas de madeira do livro no formado 20x20cm, em impress\u00e3o fine art em papel de algod\u00e3o.<\/span><\/p>\n<p><span style=\"color: #000000; font-family: georgia, palatino, serif; font-size: 18pt;\">Para assistir o v\u00eddeo onde o Washington Cesar Takeuchi explica todos os detalhes do projeto, <span style=\"color: #0000ff;\"><a style=\"color: #0000ff;\" href=\"https:\/\/www.catarse.me\/saudadedoninho\"><em><strong>clique aqui<\/strong><\/em><\/a><\/span>.<\/span><\/p>\n<p><span style=\"color: #000000; font-family: georgia, palatino, serif; font-size: 18pt;\">E para conhecer o site dele, <span style=\"color: #0000ff;\"><a style=\"color: #0000ff;\" href=\"http:\/\/www.circulandoporcuritiba.com.br\"><em><strong>clique aqui<\/strong><\/em><\/a><\/span>.<\/span><\/p>\n","protected":false},"excerpt":{"rendered":"<p>Foto:\u00a0Washington Cesar Takeuchi\u00a0 O fot\u00f3grafo\u00a0Washington Cesar Takeuchi est\u00e1 fazendo um projeto para edi\u00e7\u00e3o do livro chamado\u00a0&#8220;Saudade do Ninho: a\u00a0cidade de madeira que existe dentro de Curitiba&#8221;, cujo prop\u00f3sito, como ele diz, \u00e9 o de fazer &#8220;um invent\u00e1rio afetivo para contar a hist\u00f3ria das casinhas de madeira de Curitiba&#8221;. O Washington \u00e9 o respons\u00e1vel pelo excelente [&hellip;]<\/p>\n","protected":false},"author":5,"featured_media":14546,"comment_status":"open","ping_status":"open","sticky":false,"template":"","format":"standard","meta":{"_acf_changed":false,"jetpack_post_was_ever_published":false,"_jetpack_newsletter_access":"","_jetpack_dont_email_post_to_subs":false,"_jetpack_newsletter_tier_id":0,"_jetpack_memberships_contains_paywalled_content":false,"_jetpack_memberships_contains_paid_content":false,"footnotes":"","jetpack_publicize_message":"","jetpack_publicize_feature_enabled":true,"jetpack_social_post_already_shared":true,"jetpack_social_options":{"image_generator_settings":{"template":"highway","default_image_id":0,"font":"","enabled":false},"version":2}},"categories":[1],"tags":[],"class_list":["post-14545","post","type-post","status-publish","format-standard","has-post-thumbnail","hentry","category-sem-categoria"],"acf":[],"yoast_head":"<!-- This site is optimized with the Yoast SEO plugin v27.3 - https:\/\/yoast.com\/product\/yoast-seo-wordpress\/ -->\n<title>Saudade do Ninho, Quem N\u00e3o Sente? | Blog do Guelmann<\/title>\n<meta name=\"robots\" content=\"index, follow, max-snippet:-1, max-image-preview:large, max-video-preview:-1\" \/>\n<link rel=\"canonical\" href=\"https:\/\/gersonguelmann.com.br\/blog\/saudade-do-ninho-quem-nao-sente\/\" \/>\n<meta property=\"og:locale\" content=\"pt_BR\" \/>\n<meta property=\"og:type\" content=\"article\" \/>\n<meta property=\"og:title\" content=\"Saudade do Ninho, Quem N\u00e3o Sente? | Blog do Guelmann\" \/>\n<meta property=\"og:description\" content=\"Foto:\u00a0Washington Cesar Takeuchi\u00a0 O fot\u00f3grafo\u00a0Washington Cesar Takeuchi est\u00e1 fazendo um projeto para edi\u00e7\u00e3o do livro chamado\u00a0&#8220;Saudade do Ninho: a\u00a0cidade de madeira que existe dentro de Curitiba&#8221;, cujo prop\u00f3sito, como ele diz, \u00e9 o de fazer &#8220;um invent\u00e1rio afetivo para contar a hist\u00f3ria das casinhas de madeira de Curitiba&#8221;. O Washington \u00e9 o respons\u00e1vel pelo excelente [&hellip;]\" \/>\n<meta property=\"og:url\" content=\"https:\/\/gersonguelmann.com.br\/blog\/saudade-do-ninho-quem-nao-sente\/\" \/>\n<meta property=\"og:site_name\" content=\"Blog do Guelmann\" \/>\n<meta property=\"article:published_time\" content=\"2018-07-07T23:47:43+00:00\" \/>\n<meta property=\"article:modified_time\" content=\"2018-07-07T23:48:07+00:00\" \/>\n<meta property=\"og:image\" content=\"https:\/\/i0.wp.com\/gersonguelmann.com.br\/blog\/wp-content\/uploads\/2018\/07\/untitled_-_April_21__2016_-6.jpg?fit=667%2C445&ssl=1\" \/>\n\t<meta property=\"og:image:width\" content=\"667\" \/>\n\t<meta property=\"og:image:height\" content=\"445\" \/>\n\t<meta property=\"og:image:type\" content=\"image\/jpeg\" \/>\n<meta name=\"author\" content=\"Gerson Guelmann\" \/>\n<meta name=\"twitter:card\" content=\"summary_large_image\" \/>\n<meta name=\"twitter:label1\" content=\"Escrito por\" \/>\n\t<meta name=\"twitter:data1\" content=\"Gerson Guelmann\" \/>\n\t<meta name=\"twitter:label2\" content=\"Est. tempo de leitura\" \/>\n\t<meta name=\"twitter:data2\" content=\"1 minuto\" \/>\n<script type=\"application\/ld+json\" class=\"yoast-schema-graph\">{\"@context\":\"https:\\\/\\\/schema.org\",\"@graph\":[{\"@type\":\"Article\",\"@id\":\"https:\\\/\\\/gersonguelmann.com.br\\\/blog\\\/saudade-do-ninho-quem-nao-sente\\\/#article\",\"isPartOf\":{\"@id\":\"https:\\\/\\\/gersonguelmann.com.br\\\/blog\\\/saudade-do-ninho-quem-nao-sente\\\/\"},\"author\":{\"name\":\"Gerson Guelmann\",\"@id\":\"https:\\\/\\\/gersonguelmann.com.br\\\/blog\\\/#\\\/schema\\\/person\\\/87e70e2a786888082f941a482c90569e\"},\"headline\":\"Saudade do Ninho, Quem N\u00e3o Sente?\",\"datePublished\":\"2018-07-07T23:47:43+00:00\",\"dateModified\":\"2018-07-07T23:48:07+00:00\",\"mainEntityOfPage\":{\"@id\":\"https:\\\/\\\/gersonguelmann.com.br\\\/blog\\\/saudade-do-ninho-quem-nao-sente\\\/\"},\"wordCount\":200,\"commentCount\":0,\"image\":{\"@id\":\"https:\\\/\\\/gersonguelmann.com.br\\\/blog\\\/saudade-do-ninho-quem-nao-sente\\\/#primaryimage\"},\"thumbnailUrl\":\"https:\\\/\\\/i0.wp.com\\\/gersonguelmann.com.br\\\/blog\\\/wp-content\\\/uploads\\\/2018\\\/07\\\/untitled_-_April_21__2016_-6.jpg?fit=667%2C445&ssl=1\",\"inLanguage\":\"pt-BR\",\"potentialAction\":[{\"@type\":\"CommentAction\",\"name\":\"Comment\",\"target\":[\"https:\\\/\\\/gersonguelmann.com.br\\\/blog\\\/saudade-do-ninho-quem-nao-sente\\\/#respond\"]}]},{\"@type\":\"WebPage\",\"@id\":\"https:\\\/\\\/gersonguelmann.com.br\\\/blog\\\/saudade-do-ninho-quem-nao-sente\\\/\",\"url\":\"https:\\\/\\\/gersonguelmann.com.br\\\/blog\\\/saudade-do-ninho-quem-nao-sente\\\/\",\"name\":\"Saudade do Ninho, Quem N\u00e3o Sente? | Blog do Guelmann\",\"isPartOf\":{\"@id\":\"https:\\\/\\\/gersonguelmann.com.br\\\/blog\\\/#website\"},\"primaryImageOfPage\":{\"@id\":\"https:\\\/\\\/gersonguelmann.com.br\\\/blog\\\/saudade-do-ninho-quem-nao-sente\\\/#primaryimage\"},\"image\":{\"@id\":\"https:\\\/\\\/gersonguelmann.com.br\\\/blog\\\/saudade-do-ninho-quem-nao-sente\\\/#primaryimage\"},\"thumbnailUrl\":\"https:\\\/\\\/i0.wp.com\\\/gersonguelmann.com.br\\\/blog\\\/wp-content\\\/uploads\\\/2018\\\/07\\\/untitled_-_April_21__2016_-6.jpg?fit=667%2C445&ssl=1\",\"datePublished\":\"2018-07-07T23:47:43+00:00\",\"dateModified\":\"2018-07-07T23:48:07+00:00\",\"author\":{\"@id\":\"https:\\\/\\\/gersonguelmann.com.br\\\/blog\\\/#\\\/schema\\\/person\\\/87e70e2a786888082f941a482c90569e\"},\"inLanguage\":\"pt-BR\",\"potentialAction\":[{\"@type\":\"ReadAction\",\"target\":[\"https:\\\/\\\/gersonguelmann.com.br\\\/blog\\\/saudade-do-ninho-quem-nao-sente\\\/\"]}]},{\"@type\":\"ImageObject\",\"inLanguage\":\"pt-BR\",\"@id\":\"https:\\\/\\\/gersonguelmann.com.br\\\/blog\\\/saudade-do-ninho-quem-nao-sente\\\/#primaryimage\",\"url\":\"https:\\\/\\\/i0.wp.com\\\/gersonguelmann.com.br\\\/blog\\\/wp-content\\\/uploads\\\/2018\\\/07\\\/untitled_-_April_21__2016_-6.jpg?fit=667%2C445&ssl=1\",\"contentUrl\":\"https:\\\/\\\/i0.wp.com\\\/gersonguelmann.com.br\\\/blog\\\/wp-content\\\/uploads\\\/2018\\\/07\\\/untitled_-_April_21__2016_-6.jpg?fit=667%2C445&ssl=1\",\"width\":667,\"height\":445},{\"@type\":\"WebSite\",\"@id\":\"https:\\\/\\\/gersonguelmann.com.br\\\/blog\\\/#website\",\"url\":\"https:\\\/\\\/gersonguelmann.com.br\\\/blog\\\/\",\"name\":\"Blog do Guelmann\",\"description\":\"Pitadas da sabedoria e do humor judaicos, assuntos do momento e um pouco das hist\u00f3rias que vivi e testemunhei.\",\"potentialAction\":[{\"@type\":\"SearchAction\",\"target\":{\"@type\":\"EntryPoint\",\"urlTemplate\":\"https:\\\/\\\/gersonguelmann.com.br\\\/blog\\\/?s={search_term_string}\"},\"query-input\":{\"@type\":\"PropertyValueSpecification\",\"valueRequired\":true,\"valueName\":\"search_term_string\"}}],\"inLanguage\":\"pt-BR\"},{\"@type\":\"Person\",\"@id\":\"https:\\\/\\\/gersonguelmann.com.br\\\/blog\\\/#\\\/schema\\\/person\\\/87e70e2a786888082f941a482c90569e\",\"name\":\"Gerson Guelmann\",\"image\":{\"@type\":\"ImageObject\",\"inLanguage\":\"pt-BR\",\"@id\":\"https:\\\/\\\/i0.wp.com\\\/gersonguelmann.com.br\\\/blog\\\/wp-content\\\/uploads\\\/2021\\\/08\\\/BLOG.jpeg?fit=96%2C96&ssl=1\",\"url\":\"https:\\\/\\\/i0.wp.com\\\/gersonguelmann.com.br\\\/blog\\\/wp-content\\\/uploads\\\/2021\\\/08\\\/BLOG.jpeg?fit=96%2C96&ssl=1\",\"contentUrl\":\"https:\\\/\\\/i0.wp.com\\\/gersonguelmann.com.br\\\/blog\\\/wp-content\\\/uploads\\\/2021\\\/08\\\/BLOG.jpeg?fit=96%2C96&ssl=1\",\"caption\":\"Gerson Guelmann\"},\"description\":\"Pitadas da sabedoria e do humor judaicos, assuntos do momento e um pouco das hist\u00f3rias que vivi e testemunhei.\"}]}<\/script>\n<!-- \/ Yoast SEO plugin. -->","yoast_head_json":{"title":"Saudade do Ninho, Quem N\u00e3o Sente? | Blog do Guelmann","robots":{"index":"index","follow":"follow","max-snippet":"max-snippet:-1","max-image-preview":"max-image-preview:large","max-video-preview":"max-video-preview:-1"},"canonical":"https:\/\/gersonguelmann.com.br\/blog\/saudade-do-ninho-quem-nao-sente\/","og_locale":"pt_BR","og_type":"article","og_title":"Saudade do Ninho, Quem N\u00e3o Sente? | Blog do Guelmann","og_description":"Foto:\u00a0Washington Cesar Takeuchi\u00a0 O fot\u00f3grafo\u00a0Washington Cesar Takeuchi est\u00e1 fazendo um projeto para edi\u00e7\u00e3o do livro chamado\u00a0&#8220;Saudade do Ninho: a\u00a0cidade de madeira que existe dentro de Curitiba&#8221;, cujo prop\u00f3sito, como ele diz, \u00e9 o de fazer &#8220;um invent\u00e1rio afetivo para contar a hist\u00f3ria das casinhas de madeira de Curitiba&#8221;. O Washington \u00e9 o respons\u00e1vel pelo excelente [&hellip;]","og_url":"https:\/\/gersonguelmann.com.br\/blog\/saudade-do-ninho-quem-nao-sente\/","og_site_name":"Blog do Guelmann","article_published_time":"2018-07-07T23:47:43+00:00","article_modified_time":"2018-07-07T23:48:07+00:00","og_image":[{"width":667,"height":445,"url":"https:\/\/i0.wp.com\/gersonguelmann.com.br\/blog\/wp-content\/uploads\/2018\/07\/untitled_-_April_21__2016_-6.jpg?fit=667%2C445&ssl=1","type":"image\/jpeg"}],"author":"Gerson Guelmann","twitter_card":"summary_large_image","twitter_misc":{"Escrito por":"Gerson Guelmann","Est. tempo de leitura":"1 minuto"},"schema":{"@context":"https:\/\/schema.org","@graph":[{"@type":"Article","@id":"https:\/\/gersonguelmann.com.br\/blog\/saudade-do-ninho-quem-nao-sente\/#article","isPartOf":{"@id":"https:\/\/gersonguelmann.com.br\/blog\/saudade-do-ninho-quem-nao-sente\/"},"author":{"name":"Gerson Guelmann","@id":"https:\/\/gersonguelmann.com.br\/blog\/#\/schema\/person\/87e70e2a786888082f941a482c90569e"},"headline":"Saudade do Ninho, Quem N\u00e3o Sente?","datePublished":"2018-07-07T23:47:43+00:00","dateModified":"2018-07-07T23:48:07+00:00","mainEntityOfPage":{"@id":"https:\/\/gersonguelmann.com.br\/blog\/saudade-do-ninho-quem-nao-sente\/"},"wordCount":200,"commentCount":0,"image":{"@id":"https:\/\/gersonguelmann.com.br\/blog\/saudade-do-ninho-quem-nao-sente\/#primaryimage"},"thumbnailUrl":"https:\/\/i0.wp.com\/gersonguelmann.com.br\/blog\/wp-content\/uploads\/2018\/07\/untitled_-_April_21__2016_-6.jpg?fit=667%2C445&ssl=1","inLanguage":"pt-BR","potentialAction":[{"@type":"CommentAction","name":"Comment","target":["https:\/\/gersonguelmann.com.br\/blog\/saudade-do-ninho-quem-nao-sente\/#respond"]}]},{"@type":"WebPage","@id":"https:\/\/gersonguelmann.com.br\/blog\/saudade-do-ninho-quem-nao-sente\/","url":"https:\/\/gersonguelmann.com.br\/blog\/saudade-do-ninho-quem-nao-sente\/","name":"Saudade do Ninho, Quem N\u00e3o Sente? | Blog do Guelmann","isPartOf":{"@id":"https:\/\/gersonguelmann.com.br\/blog\/#website"},"primaryImageOfPage":{"@id":"https:\/\/gersonguelmann.com.br\/blog\/saudade-do-ninho-quem-nao-sente\/#primaryimage"},"image":{"@id":"https:\/\/gersonguelmann.com.br\/blog\/saudade-do-ninho-quem-nao-sente\/#primaryimage"},"thumbnailUrl":"https:\/\/i0.wp.com\/gersonguelmann.com.br\/blog\/wp-content\/uploads\/2018\/07\/untitled_-_April_21__2016_-6.jpg?fit=667%2C445&ssl=1","datePublished":"2018-07-07T23:47:43+00:00","dateModified":"2018-07-07T23:48:07+00:00","author":{"@id":"https:\/\/gersonguelmann.com.br\/blog\/#\/schema\/person\/87e70e2a786888082f941a482c90569e"},"inLanguage":"pt-BR","potentialAction":[{"@type":"ReadAction","target":["https:\/\/gersonguelmann.com.br\/blog\/saudade-do-ninho-quem-nao-sente\/"]}]},{"@type":"ImageObject","inLanguage":"pt-BR","@id":"https:\/\/gersonguelmann.com.br\/blog\/saudade-do-ninho-quem-nao-sente\/#primaryimage","url":"https:\/\/i0.wp.com\/gersonguelmann.com.br\/blog\/wp-content\/uploads\/2018\/07\/untitled_-_April_21__2016_-6.jpg?fit=667%2C445&ssl=1","contentUrl":"https:\/\/i0.wp.com\/gersonguelmann.com.br\/blog\/wp-content\/uploads\/2018\/07\/untitled_-_April_21__2016_-6.jpg?fit=667%2C445&ssl=1","width":667,"height":445},{"@type":"WebSite","@id":"https:\/\/gersonguelmann.com.br\/blog\/#website","url":"https:\/\/gersonguelmann.com.br\/blog\/","name":"Blog do Guelmann","description":"Pitadas da sabedoria e do humor judaicos, assuntos do momento e um pouco das hist\u00f3rias que vivi e testemunhei.","potentialAction":[{"@type":"SearchAction","target":{"@type":"EntryPoint","urlTemplate":"https:\/\/gersonguelmann.com.br\/blog\/?s={search_term_string}"},"query-input":{"@type":"PropertyValueSpecification","valueRequired":true,"valueName":"search_term_string"}}],"inLanguage":"pt-BR"},{"@type":"Person","@id":"https:\/\/gersonguelmann.com.br\/blog\/#\/schema\/person\/87e70e2a786888082f941a482c90569e","name":"Gerson Guelmann","image":{"@type":"ImageObject","inLanguage":"pt-BR","@id":"https:\/\/i0.wp.com\/gersonguelmann.com.br\/blog\/wp-content\/uploads\/2021\/08\/BLOG.jpeg?fit=96%2C96&ssl=1","url":"https:\/\/i0.wp.com\/gersonguelmann.com.br\/blog\/wp-content\/uploads\/2021\/08\/BLOG.jpeg?fit=96%2C96&ssl=1","contentUrl":"https:\/\/i0.wp.com\/gersonguelmann.com.br\/blog\/wp-content\/uploads\/2021\/08\/BLOG.jpeg?fit=96%2C96&ssl=1","caption":"Gerson Guelmann"},"description":"Pitadas da sabedoria e do humor judaicos, assuntos do momento e um pouco das hist\u00f3rias que vivi e testemunhei."}]}},"views":60,"jetpack_publicize_connections":[],"jetpack_featured_media_url":"https:\/\/i0.wp.com\/gersonguelmann.com.br\/blog\/wp-content\/uploads\/2018\/07\/untitled_-_April_21__2016_-6.jpg?fit=667%2C445&ssl=1","jetpack_shortlink":"https:\/\/wp.me\/p96e7O-3MB","jetpack-related-posts":[{"id":15749,"url":"https:\/\/gersonguelmann.com.br\/blog\/na-travessia-de-pedestres-a-curitiba-desconhecida\/","url_meta":{"origin":14545,"position":0},"title":"Na Travessia de Pedestres, a Curitiba Desconhecida","author":"Gerson Guelmann","date":"16 de outubro de 2023","format":false,"excerpt":"N\u00f3s Curitibanos nos envaidecemos da educa\u00e7\u00e3o do povo e dos avan\u00e7os urban\u00edsticos da cidade. A educa\u00e7\u00e3o tem a ver com o am\u00e1lgama cultural da cidade, pois mesmo considerando que mais da metade da popula\u00e7\u00e3o n\u00e3o nasceu aqui, essa \u00e9 uma caracter\u00edstica bem presente. O orgulho da cidade se consolidou ap\u00f3s\u2026","rel":"","context":"Em &quot;Sem categoria&quot;","block_context":{"text":"Sem categoria","link":"https:\/\/gersonguelmann.com.br\/blog\/category\/sem-categoria\/"},"img":{"alt_text":"","src":"https:\/\/i0.wp.com\/gersonguelmann.com.br\/blog\/wp-content\/uploads\/2019\/01\/HojePR-scaled.jpg?fit=1200%2C801&ssl=1&resize=350%2C200","width":350,"height":200,"srcset":"https:\/\/i0.wp.com\/gersonguelmann.com.br\/blog\/wp-content\/uploads\/2019\/01\/HojePR-scaled.jpg?fit=1200%2C801&ssl=1&resize=350%2C200 1x, https:\/\/i0.wp.com\/gersonguelmann.com.br\/blog\/wp-content\/uploads\/2019\/01\/HojePR-scaled.jpg?fit=1200%2C801&ssl=1&resize=525%2C300 1.5x, https:\/\/i0.wp.com\/gersonguelmann.com.br\/blog\/wp-content\/uploads\/2019\/01\/HojePR-scaled.jpg?fit=1200%2C801&ssl=1&resize=700%2C400 2x, https:\/\/i0.wp.com\/gersonguelmann.com.br\/blog\/wp-content\/uploads\/2019\/01\/HojePR-scaled.jpg?fit=1200%2C801&ssl=1&resize=1050%2C600 3x"},"classes":[]},{"id":4725,"url":"https:\/\/gersonguelmann.com.br\/blog\/como-e-o-ceu-de-curitiba-para-os-que-tem-saudade\/","url_meta":{"origin":14545,"position":1},"title":"Como \u00e9 o C\u00e9u de Curitiba (Para os Que T\u00eam Saudade)","author":"Gerson Guelmann","date":"21 de novembro de 2017","format":false,"excerpt":"E n\u00e3o \u00e9 assim mesmo?","rel":"","context":"Em &quot;Sem categoria&quot;","block_context":{"text":"Sem categoria","link":"https:\/\/gersonguelmann.com.br\/blog\/category\/sem-categoria\/"},"img":{"alt_text":"","src":"https:\/\/i0.wp.com\/gersonguelmann.com.br\/blog\/wp-content\/uploads\/2017\/11\/C%C3%A9u-de-Curitiba.jpg?fit=600%2C600&ssl=1&resize=350%2C200","width":350,"height":200,"srcset":"https:\/\/i0.wp.com\/gersonguelmann.com.br\/blog\/wp-content\/uploads\/2017\/11\/C%C3%A9u-de-Curitiba.jpg?fit=600%2C600&ssl=1&resize=350%2C200 1x, https:\/\/i0.wp.com\/gersonguelmann.com.br\/blog\/wp-content\/uploads\/2017\/11\/C%C3%A9u-de-Curitiba.jpg?fit=600%2C600&ssl=1&resize=525%2C300 1.5x"},"classes":[]},{"id":21821,"url":"https:\/\/gersonguelmann.com.br\/blog\/ilana-lerner-batizada-no-rio-belem-filha-de-peixe-peixinha-e\/","url_meta":{"origin":14545,"position":2},"title":"Ilana Lerner: Batizada no Rio Bel\u00e9m, Filha de Peixe, Peixinha \u00c9","author":"Gerson Guelmann","date":"21 de mar\u00e7o de 2021","format":false,"excerpt":"A Gazeta do Povo publicou ontem um artigo que a Ilana Lerner escreveu em seu Blog em 2014. \u00c9 um texto delicioso onde ela mostra que muito mais do que ter nascido aqui (muitos outros tiveram esse infort\u00fanio... rsrsrs) ela tem uma alma genuinamente Curitibana. Ent\u00e3o, mesmo sendo de 3\u00aa\u2026","rel":"","context":"Em &quot;Sem categoria&quot;","block_context":{"text":"Sem categoria","link":"https:\/\/gersonguelmann.com.br\/blog\/category\/sem-categoria\/"},"img":{"alt_text":"","src":"https:\/\/i0.wp.com\/gersonguelmann.com.br\/blog\/wp-content\/uploads\/2021\/03\/JL-2-300x249.jpg?resize=350%2C200&ssl=1","width":350,"height":200},"classes":[]},{"id":25997,"url":"https:\/\/gersonguelmann.com.br\/blog\/jaime-lerner-uma-divida-de-1450-dias-comeca-a-ser-quitada\/","url_meta":{"origin":14545,"position":3},"title":"Jaime Lerner: Uma D\u00edvida de 1450 Dias Come\u00e7a a Ser Quitada","author":"Gerson Guelmann","date":"19 de maio de 2025","format":false,"excerpt":"Na \u00faltima sexta-feira, 1450 dias ap\u00f3s o falecimento de Jaime Lerner, Curitiba deu um passo simb\u00f3lico \u2014 e necess\u00e1rio \u2014 para reconhecer a import\u00e2ncia de quem protagonizou a maior transforma\u00e7\u00e3o urban\u00edstica de sua hist\u00f3ria. Por defer\u00eancia do Prefeito Municipal de Curitiba, Eduardo Pimentel Slaviero, tive a honra de acompanhar a\u2026","rel":"","context":"Em &quot;Sem categoria&quot;","block_context":{"text":"Sem categoria","link":"https:\/\/gersonguelmann.com.br\/blog\/category\/sem-categoria\/"},"img":{"alt_text":"","src":"https:\/\/i0.wp.com\/gersonguelmann.com.br\/blog\/wp-content\/uploads\/2025\/05\/PREFEITO-160525-1.jpg?fit=600%2C411&ssl=1&resize=350%2C200","width":350,"height":200,"srcset":"https:\/\/i0.wp.com\/gersonguelmann.com.br\/blog\/wp-content\/uploads\/2025\/05\/PREFEITO-160525-1.jpg?fit=600%2C411&ssl=1&resize=350%2C200 1x, https:\/\/i0.wp.com\/gersonguelmann.com.br\/blog\/wp-content\/uploads\/2025\/05\/PREFEITO-160525-1.jpg?fit=600%2C411&ssl=1&resize=525%2C300 1.5x"},"classes":[]},{"id":10763,"url":"https:\/\/gersonguelmann.com.br\/blog\/a-historia-de-curitiba-contada-nas-ruas\/","url_meta":{"origin":14545,"position":4},"title":"A Hist\u00f3ria de Curitiba Contada nas Ruas","author":"Gerson Guelmann","date":"24 de mar\u00e7o de 2018","format":false,"excerpt":"H\u00e1 dois ou tr\u00eas anos, por ocasi\u00e3o do anivers\u00e1rio de Curitiba, a ag\u00eancia TIF fez um interessant\u00edssimo v\u00eddeo contando a hist\u00f3ria da cidade atrav\u00e9s dos nomes de ruas. Como no pr\u00f3ximo dia 29 a cidade completar\u00e1 325 anos, compartilho o v\u00eddeo como uma homenagem \u00e0 cidade onde nasci e \u00e0\u2026","rel":"","context":"Em &quot;Sem categoria&quot;","block_context":{"text":"Sem categoria","link":"https:\/\/gersonguelmann.com.br\/blog\/category\/sem-categoria\/"},"img":{"alt_text":"","src":"https:\/\/i0.wp.com\/gersonguelmann.com.br\/blog\/wp-content\/uploads\/2018\/03\/Placa-1.jpg?fit=1200%2C797&ssl=1&resize=350%2C200","width":350,"height":200,"srcset":"https:\/\/i0.wp.com\/gersonguelmann.com.br\/blog\/wp-content\/uploads\/2018\/03\/Placa-1.jpg?fit=1200%2C797&ssl=1&resize=350%2C200 1x, https:\/\/i0.wp.com\/gersonguelmann.com.br\/blog\/wp-content\/uploads\/2018\/03\/Placa-1.jpg?fit=1200%2C797&ssl=1&resize=525%2C300 1.5x, https:\/\/i0.wp.com\/gersonguelmann.com.br\/blog\/wp-content\/uploads\/2018\/03\/Placa-1.jpg?fit=1200%2C797&ssl=1&resize=700%2C400 2x, https:\/\/i0.wp.com\/gersonguelmann.com.br\/blog\/wp-content\/uploads\/2018\/03\/Placa-1.jpg?fit=1200%2C797&ssl=1&resize=1050%2C600 3x"},"classes":[]},{"id":11963,"url":"https:\/\/gersonguelmann.com.br\/blog\/a-lava-jato-so-podia-acontecer-em-curitiba\/","url_meta":{"origin":14545,"position":5},"title":"A Lava-Jato S\u00f3 Podia Acontecer Em Curitiba?","author":"Gerson Guelmann","date":"23 de abril de 2018","format":false,"excerpt":"Pelo menos para David Coimbra, colunista da Zero Hora, sim. Leia o que ele disse na coluna publicada ontem: BRASIL Por que em Curitiba? A Lava-Jato s\u00f3 tinha um lugar para se desenvolver 22\/04\/2018 - 21h33min Atualizada em\u00a022\/04\/2018 - 21h33min A\u00a0Lava-Jato\u00a0s\u00f3 seria poss\u00edvel em Curitiba. Em S\u00e3o Paulo, ama-se muito\u2026","rel":"","context":"Em &quot;Sem categoria&quot;","block_context":{"text":"Sem categoria","link":"https:\/\/gersonguelmann.com.br\/blog\/category\/sem-categoria\/"},"img":{"alt_text":"","src":"https:\/\/i0.wp.com\/gersonguelmann.com.br\/blog\/wp-content\/uploads\/2018\/04\/JF.jpg?fit=1024%2C683&ssl=1&resize=350%2C200","width":350,"height":200,"srcset":"https:\/\/i0.wp.com\/gersonguelmann.com.br\/blog\/wp-content\/uploads\/2018\/04\/JF.jpg?fit=1024%2C683&ssl=1&resize=350%2C200 1x, https:\/\/i0.wp.com\/gersonguelmann.com.br\/blog\/wp-content\/uploads\/2018\/04\/JF.jpg?fit=1024%2C683&ssl=1&resize=525%2C300 1.5x, https:\/\/i0.wp.com\/gersonguelmann.com.br\/blog\/wp-content\/uploads\/2018\/04\/JF.jpg?fit=1024%2C683&ssl=1&resize=700%2C400 2x"},"classes":[]}],"jetpack_sharing_enabled":true,"post_mailing_queue_ids":[],"_links":{"self":[{"href":"https:\/\/gersonguelmann.com.br\/blog\/wp-json\/wp\/v2\/posts\/14545","targetHints":{"allow":["GET"]}}],"collection":[{"href":"https:\/\/gersonguelmann.com.br\/blog\/wp-json\/wp\/v2\/posts"}],"about":[{"href":"https:\/\/gersonguelmann.com.br\/blog\/wp-json\/wp\/v2\/types\/post"}],"author":[{"embeddable":true,"href":"https:\/\/gersonguelmann.com.br\/blog\/wp-json\/wp\/v2\/users\/5"}],"replies":[{"embeddable":true,"href":"https:\/\/gersonguelmann.com.br\/blog\/wp-json\/wp\/v2\/comments?post=14545"}],"version-history":[{"count":0,"href":"https:\/\/gersonguelmann.com.br\/blog\/wp-json\/wp\/v2\/posts\/14545\/revisions"}],"wp:featuredmedia":[{"embeddable":true,"href":"https:\/\/gersonguelmann.com.br\/blog\/wp-json\/wp\/v2\/media\/14546"}],"wp:attachment":[{"href":"https:\/\/gersonguelmann.com.br\/blog\/wp-json\/wp\/v2\/media?parent=14545"}],"wp:term":[{"taxonomy":"category","embeddable":true,"href":"https:\/\/gersonguelmann.com.br\/blog\/wp-json\/wp\/v2\/categories?post=14545"},{"taxonomy":"post_tag","embeddable":true,"href":"https:\/\/gersonguelmann.com.br\/blog\/wp-json\/wp\/v2\/tags?post=14545"}],"curies":[{"name":"wp","href":"https:\/\/api.w.org\/{rel}","templated":true}]}}