    {"id":14555,"date":"2018-07-09T12:15:59","date_gmt":"2018-07-09T15:15:59","guid":{"rendered":"https:\/\/gersonguelmann.com.br\/blog\/?p=14555"},"modified":"2018-07-09T12:18:03","modified_gmt":"2018-07-09T15:18:03","slug":"em-video-ze-dirceu-comemora-a-libertacao-de-lula-que-nao-deu-certo","status":"publish","type":"post","link":"https:\/\/gersonguelmann.com.br\/blog\/em-video-ze-dirceu-comemora-a-libertacao-de-lula-que-nao-deu-certo\/","title":{"rendered":"Em V\u00eddeo, Z\u00e9 Dirceu Comemora a Liberta\u00e7\u00e3o de Lula Que N\u00e3o Deu Certo"},"content":{"rendered":"<p style=\"text-align: center;\"><img data-recalc-dims=\"1\" fetchpriority=\"high\" decoding=\"async\" data-attachment-id=\"14556\" data-permalink=\"https:\/\/gersonguelmann.com.br\/blog\/em-video-ze-dirceu-comemora-a-libertacao-de-lula-que-nao-deu-certo\/lula-dirceu\/\" data-orig-file=\"https:\/\/i0.wp.com\/gersonguelmann.com.br\/blog\/wp-content\/uploads\/2018\/07\/lula-dirceu.jpg?fit=377%2C334&amp;ssl=1\" data-orig-size=\"377,334\" data-comments-opened=\"1\" data-image-meta=\"{&quot;aperture&quot;:&quot;0&quot;,&quot;credit&quot;:&quot;&quot;,&quot;camera&quot;:&quot;&quot;,&quot;caption&quot;:&quot;&quot;,&quot;created_timestamp&quot;:&quot;0&quot;,&quot;copyright&quot;:&quot;&quot;,&quot;focal_length&quot;:&quot;0&quot;,&quot;iso&quot;:&quot;0&quot;,&quot;shutter_speed&quot;:&quot;0&quot;,&quot;title&quot;:&quot;&quot;,&quot;orientation&quot;:&quot;0&quot;}\" data-image-title=\"lula-dirceu\" data-image-description=\"\" data-image-caption=\"\" data-medium-file=\"https:\/\/i0.wp.com\/gersonguelmann.com.br\/blog\/wp-content\/uploads\/2018\/07\/lula-dirceu.jpg?fit=300%2C266&amp;ssl=1\" data-large-file=\"https:\/\/i0.wp.com\/gersonguelmann.com.br\/blog\/wp-content\/uploads\/2018\/07\/lula-dirceu.jpg?fit=377%2C334&amp;ssl=1\" class=\"alignnone size-medium wp-image-14556\" src=\"https:\/\/i0.wp.com\/gersonguelmann.com.br\/blog\/wp-content\/uploads\/2018\/07\/lula-dirceu.jpg?resize=300%2C266&#038;ssl=1\" alt=\"\" width=\"300\" height=\"266\" srcset=\"https:\/\/i0.wp.com\/gersonguelmann.com.br\/blog\/wp-content\/uploads\/2018\/07\/lula-dirceu.jpg?resize=300%2C266&amp;ssl=1 300w, https:\/\/i0.wp.com\/gersonguelmann.com.br\/blog\/wp-content\/uploads\/2018\/07\/lula-dirceu.jpg?w=377&amp;ssl=1 377w\" sizes=\"(max-width: 300px) 100vw, 300px\" \/><\/p>\n<p><span style=\"font-family: georgia, palatino, serif; font-size: 18pt; color: #000000;\">Circulou ontem v\u00eddeo em que Z\u00e9 Dirceu, ex-ministro e militante do PT, felicita Lula por ter deixado a cadeia em Curitiba.<\/span><\/p>\n<p><span style=\"font-family: georgia, palatino, serif; font-size: 18pt; color: #000000;\">Detalhe curioso \u00e9 o fato de que Z\u00e9 Dirceu veste camisa da sele\u00e7\u00e3o brasileira. Isso pode levar \u00e0 conclus\u00e3o de que o v\u00eddeo teria sido gravado enquanto o pedido de Habeas Corpus estava sendo formulado, antes do jogo no qual o Brasil acabou sendo eliminado.\u00a0<\/span><\/p>\n<p><span style=\"font-family: georgia, palatino, serif; font-size: 18pt; color: #000000;\">Soma-se a isso o vazamento de imagens de locais que estavam sendo preparados para a realiza\u00e7\u00e3o de festas em comemora\u00e7\u00e3o a liberdade, tudo contribuindo para demonstrar a certeza de que a manobra jur\u00eddica teria sucesso,<\/span><\/p>\n<p><span style=\"font-family: georgia, palatino, serif; font-size: 18pt; color: #000000;\">Obviamente o v\u00eddeo teria sido distribu\u00eddo entre os apoiadores do PT e foi liberado por engano.<\/span><\/p>\n<p><span class=\"embed-youtube\" style=\"text-align:center; display: block;\"><iframe class=\"youtube-player\" width=\"640\" height=\"360\" src=\"https:\/\/www.youtube.com\/embed\/bmTjplq9agI?version=3&#038;rel=1&#038;showsearch=0&#038;showinfo=1&#038;iv_load_policy=1&#038;fs=1&#038;hl=pt-BR&#038;autohide=2&#038;wmode=transparent\" allowfullscreen=\"true\" style=\"border:0;\" sandbox=\"allow-scripts allow-same-origin allow-popups allow-presentation allow-popups-to-escape-sandbox\"><\/iframe><\/span><\/p>\n","protected":false},"excerpt":{"rendered":"<p>Circulou ontem v\u00eddeo em que Z\u00e9 Dirceu, ex-ministro e militante do PT, felicita Lula por ter deixado a cadeia em Curitiba. Detalhe curioso \u00e9 o fato de que Z\u00e9 Dirceu veste camisa da sele\u00e7\u00e3o brasileira. Isso pode levar \u00e0 conclus\u00e3o de que o v\u00eddeo teria sido gravado enquanto o pedido de Habeas Corpus estava sendo [&hellip;]<\/p>\n","protected":false},"author":5,"featured_media":14556,"comment_status":"open","ping_status":"open","sticky":false,"template":"","format":"standard","meta":{"_acf_changed":false,"jetpack_post_was_ever_published":false,"_jetpack_newsletter_access":"","_jetpack_dont_email_post_to_subs":false,"_jetpack_newsletter_tier_id":0,"_jetpack_memberships_contains_paywalled_content":false,"_jetpack_memberships_contains_paid_content":false,"footnotes":"","jetpack_publicize_message":"","jetpack_publicize_feature_enabled":true,"jetpack_social_post_already_shared":true,"jetpack_social_options":{"image_generator_settings":{"template":"highway","default_image_id":0,"font":"","enabled":false},"version":2}},"categories":[1],"tags":[],"class_list":["post-14555","post","type-post","status-publish","format-standard","has-post-thumbnail","hentry","category-sem-categoria"],"acf":[],"yoast_head":"<!-- This site is optimized with the Yoast SEO plugin v27.3 - https:\/\/yoast.com\/product\/yoast-seo-wordpress\/ -->\n<title>Em V\u00eddeo, Z\u00e9 Dirceu Comemora a Liberta\u00e7\u00e3o de Lula Que N\u00e3o Deu Certo | Blog do Guelmann<\/title>\n<meta name=\"robots\" content=\"index, follow, max-snippet:-1, max-image-preview:large, max-video-preview:-1\" \/>\n<link rel=\"canonical\" href=\"https:\/\/gersonguelmann.com.br\/blog\/em-video-ze-dirceu-comemora-a-libertacao-de-lula-que-nao-deu-certo\/\" \/>\n<meta property=\"og:locale\" content=\"pt_BR\" \/>\n<meta property=\"og:type\" content=\"article\" \/>\n<meta property=\"og:title\" content=\"Em V\u00eddeo, Z\u00e9 Dirceu Comemora a Liberta\u00e7\u00e3o de Lula Que N\u00e3o Deu Certo | Blog do Guelmann\" \/>\n<meta property=\"og:description\" content=\"Circulou ontem v\u00eddeo em que Z\u00e9 Dirceu, ex-ministro e militante do PT, felicita Lula por ter deixado a cadeia em Curitiba. Detalhe curioso \u00e9 o fato de que Z\u00e9 Dirceu veste camisa da sele\u00e7\u00e3o brasileira. Isso pode levar \u00e0 conclus\u00e3o de que o v\u00eddeo teria sido gravado enquanto o pedido de Habeas Corpus estava sendo [&hellip;]\" \/>\n<meta property=\"og:url\" content=\"https:\/\/gersonguelmann.com.br\/blog\/em-video-ze-dirceu-comemora-a-libertacao-de-lula-que-nao-deu-certo\/\" \/>\n<meta property=\"og:site_name\" content=\"Blog do Guelmann\" \/>\n<meta property=\"article:published_time\" content=\"2018-07-09T15:15:59+00:00\" \/>\n<meta property=\"article:modified_time\" content=\"2018-07-09T15:18:03+00:00\" \/>\n<meta property=\"og:image\" content=\"https:\/\/i0.wp.com\/gersonguelmann.com.br\/blog\/wp-content\/uploads\/2018\/07\/lula-dirceu.jpg?fit=377%2C334&ssl=1\" \/>\n\t<meta property=\"og:image:width\" content=\"377\" \/>\n\t<meta property=\"og:image:height\" content=\"334\" \/>\n\t<meta property=\"og:image:type\" content=\"image\/jpeg\" \/>\n<meta name=\"author\" content=\"Gerson Guelmann\" \/>\n<meta name=\"twitter:card\" content=\"summary_large_image\" \/>\n<meta name=\"twitter:label1\" content=\"Escrito por\" \/>\n\t<meta name=\"twitter:data1\" content=\"Gerson Guelmann\" \/>\n\t<meta name=\"twitter:label2\" content=\"Est. tempo de leitura\" \/>\n\t<meta name=\"twitter:data2\" content=\"1 minuto\" \/>\n<script type=\"application\/ld+json\" class=\"yoast-schema-graph\">{\"@context\":\"https:\\\/\\\/schema.org\",\"@graph\":[{\"@type\":\"Article\",\"@id\":\"https:\\\/\\\/gersonguelmann.com.br\\\/blog\\\/em-video-ze-dirceu-comemora-a-libertacao-de-lula-que-nao-deu-certo\\\/#article\",\"isPartOf\":{\"@id\":\"https:\\\/\\\/gersonguelmann.com.br\\\/blog\\\/em-video-ze-dirceu-comemora-a-libertacao-de-lula-que-nao-deu-certo\\\/\"},\"author\":{\"name\":\"Gerson Guelmann\",\"@id\":\"https:\\\/\\\/gersonguelmann.com.br\\\/blog\\\/#\\\/schema\\\/person\\\/87e70e2a786888082f941a482c90569e\"},\"headline\":\"Em V\u00eddeo, Z\u00e9 Dirceu Comemora a Liberta\u00e7\u00e3o de Lula Que N\u00e3o Deu Certo\",\"datePublished\":\"2018-07-09T15:15:59+00:00\",\"dateModified\":\"2018-07-09T15:18:03+00:00\",\"mainEntityOfPage\":{\"@id\":\"https:\\\/\\\/gersonguelmann.com.br\\\/blog\\\/em-video-ze-dirceu-comemora-a-libertacao-de-lula-que-nao-deu-certo\\\/\"},\"wordCount\":145,\"commentCount\":0,\"image\":{\"@id\":\"https:\\\/\\\/gersonguelmann.com.br\\\/blog\\\/em-video-ze-dirceu-comemora-a-libertacao-de-lula-que-nao-deu-certo\\\/#primaryimage\"},\"thumbnailUrl\":\"https:\\\/\\\/i0.wp.com\\\/gersonguelmann.com.br\\\/blog\\\/wp-content\\\/uploads\\\/2018\\\/07\\\/lula-dirceu.jpg?fit=377%2C334&ssl=1\",\"inLanguage\":\"pt-BR\",\"potentialAction\":[{\"@type\":\"CommentAction\",\"name\":\"Comment\",\"target\":[\"https:\\\/\\\/gersonguelmann.com.br\\\/blog\\\/em-video-ze-dirceu-comemora-a-libertacao-de-lula-que-nao-deu-certo\\\/#respond\"]}]},{\"@type\":\"WebPage\",\"@id\":\"https:\\\/\\\/gersonguelmann.com.br\\\/blog\\\/em-video-ze-dirceu-comemora-a-libertacao-de-lula-que-nao-deu-certo\\\/\",\"url\":\"https:\\\/\\\/gersonguelmann.com.br\\\/blog\\\/em-video-ze-dirceu-comemora-a-libertacao-de-lula-que-nao-deu-certo\\\/\",\"name\":\"Em V\u00eddeo, Z\u00e9 Dirceu Comemora a Liberta\u00e7\u00e3o de Lula Que N\u00e3o Deu Certo | Blog do Guelmann\",\"isPartOf\":{\"@id\":\"https:\\\/\\\/gersonguelmann.com.br\\\/blog\\\/#website\"},\"primaryImageOfPage\":{\"@id\":\"https:\\\/\\\/gersonguelmann.com.br\\\/blog\\\/em-video-ze-dirceu-comemora-a-libertacao-de-lula-que-nao-deu-certo\\\/#primaryimage\"},\"image\":{\"@id\":\"https:\\\/\\\/gersonguelmann.com.br\\\/blog\\\/em-video-ze-dirceu-comemora-a-libertacao-de-lula-que-nao-deu-certo\\\/#primaryimage\"},\"thumbnailUrl\":\"https:\\\/\\\/i0.wp.com\\\/gersonguelmann.com.br\\\/blog\\\/wp-content\\\/uploads\\\/2018\\\/07\\\/lula-dirceu.jpg?fit=377%2C334&ssl=1\",\"datePublished\":\"2018-07-09T15:15:59+00:00\",\"dateModified\":\"2018-07-09T15:18:03+00:00\",\"author\":{\"@id\":\"https:\\\/\\\/gersonguelmann.com.br\\\/blog\\\/#\\\/schema\\\/person\\\/87e70e2a786888082f941a482c90569e\"},\"inLanguage\":\"pt-BR\",\"potentialAction\":[{\"@type\":\"ReadAction\",\"target\":[\"https:\\\/\\\/gersonguelmann.com.br\\\/blog\\\/em-video-ze-dirceu-comemora-a-libertacao-de-lula-que-nao-deu-certo\\\/\"]}]},{\"@type\":\"ImageObject\",\"inLanguage\":\"pt-BR\",\"@id\":\"https:\\\/\\\/gersonguelmann.com.br\\\/blog\\\/em-video-ze-dirceu-comemora-a-libertacao-de-lula-que-nao-deu-certo\\\/#primaryimage\",\"url\":\"https:\\\/\\\/i0.wp.com\\\/gersonguelmann.com.br\\\/blog\\\/wp-content\\\/uploads\\\/2018\\\/07\\\/lula-dirceu.jpg?fit=377%2C334&ssl=1\",\"contentUrl\":\"https:\\\/\\\/i0.wp.com\\\/gersonguelmann.com.br\\\/blog\\\/wp-content\\\/uploads\\\/2018\\\/07\\\/lula-dirceu.jpg?fit=377%2C334&ssl=1\",\"width\":377,\"height\":334},{\"@type\":\"WebSite\",\"@id\":\"https:\\\/\\\/gersonguelmann.com.br\\\/blog\\\/#website\",\"url\":\"https:\\\/\\\/gersonguelmann.com.br\\\/blog\\\/\",\"name\":\"Blog do Guelmann\",\"description\":\"Pitadas da sabedoria e do humor judaicos, assuntos do momento e um pouco das hist\u00f3rias que vivi e testemunhei.\",\"potentialAction\":[{\"@type\":\"SearchAction\",\"target\":{\"@type\":\"EntryPoint\",\"urlTemplate\":\"https:\\\/\\\/gersonguelmann.com.br\\\/blog\\\/?s={search_term_string}\"},\"query-input\":{\"@type\":\"PropertyValueSpecification\",\"valueRequired\":true,\"valueName\":\"search_term_string\"}}],\"inLanguage\":\"pt-BR\"},{\"@type\":\"Person\",\"@id\":\"https:\\\/\\\/gersonguelmann.com.br\\\/blog\\\/#\\\/schema\\\/person\\\/87e70e2a786888082f941a482c90569e\",\"name\":\"Gerson Guelmann\",\"image\":{\"@type\":\"ImageObject\",\"inLanguage\":\"pt-BR\",\"@id\":\"https:\\\/\\\/i0.wp.com\\\/gersonguelmann.com.br\\\/blog\\\/wp-content\\\/uploads\\\/2021\\\/08\\\/BLOG.jpeg?fit=96%2C96&ssl=1\",\"url\":\"https:\\\/\\\/i0.wp.com\\\/gersonguelmann.com.br\\\/blog\\\/wp-content\\\/uploads\\\/2021\\\/08\\\/BLOG.jpeg?fit=96%2C96&ssl=1\",\"contentUrl\":\"https:\\\/\\\/i0.wp.com\\\/gersonguelmann.com.br\\\/blog\\\/wp-content\\\/uploads\\\/2021\\\/08\\\/BLOG.jpeg?fit=96%2C96&ssl=1\",\"caption\":\"Gerson Guelmann\"},\"description\":\"Pitadas da sabedoria e do humor judaicos, assuntos do momento e um pouco das hist\u00f3rias que vivi e testemunhei.\"}]}<\/script>\n<!-- \/ Yoast SEO plugin. -->","yoast_head_json":{"title":"Em V\u00eddeo, Z\u00e9 Dirceu Comemora a Liberta\u00e7\u00e3o de Lula Que N\u00e3o Deu Certo | Blog do Guelmann","robots":{"index":"index","follow":"follow","max-snippet":"max-snippet:-1","max-image-preview":"max-image-preview:large","max-video-preview":"max-video-preview:-1"},"canonical":"https:\/\/gersonguelmann.com.br\/blog\/em-video-ze-dirceu-comemora-a-libertacao-de-lula-que-nao-deu-certo\/","og_locale":"pt_BR","og_type":"article","og_title":"Em V\u00eddeo, Z\u00e9 Dirceu Comemora a Liberta\u00e7\u00e3o de Lula Que N\u00e3o Deu Certo | Blog do Guelmann","og_description":"Circulou ontem v\u00eddeo em que Z\u00e9 Dirceu, ex-ministro e militante do PT, felicita Lula por ter deixado a cadeia em Curitiba. Detalhe curioso \u00e9 o fato de que Z\u00e9 Dirceu veste camisa da sele\u00e7\u00e3o brasileira. Isso pode levar \u00e0 conclus\u00e3o de que o v\u00eddeo teria sido gravado enquanto o pedido de Habeas Corpus estava sendo [&hellip;]","og_url":"https:\/\/gersonguelmann.com.br\/blog\/em-video-ze-dirceu-comemora-a-libertacao-de-lula-que-nao-deu-certo\/","og_site_name":"Blog do Guelmann","article_published_time":"2018-07-09T15:15:59+00:00","article_modified_time":"2018-07-09T15:18:03+00:00","og_image":[{"width":377,"height":334,"url":"https:\/\/i0.wp.com\/gersonguelmann.com.br\/blog\/wp-content\/uploads\/2018\/07\/lula-dirceu.jpg?fit=377%2C334&ssl=1","type":"image\/jpeg"}],"author":"Gerson Guelmann","twitter_card":"summary_large_image","twitter_misc":{"Escrito por":"Gerson Guelmann","Est. tempo de leitura":"1 minuto"},"schema":{"@context":"https:\/\/schema.org","@graph":[{"@type":"Article","@id":"https:\/\/gersonguelmann.com.br\/blog\/em-video-ze-dirceu-comemora-a-libertacao-de-lula-que-nao-deu-certo\/#article","isPartOf":{"@id":"https:\/\/gersonguelmann.com.br\/blog\/em-video-ze-dirceu-comemora-a-libertacao-de-lula-que-nao-deu-certo\/"},"author":{"name":"Gerson Guelmann","@id":"https:\/\/gersonguelmann.com.br\/blog\/#\/schema\/person\/87e70e2a786888082f941a482c90569e"},"headline":"Em V\u00eddeo, Z\u00e9 Dirceu Comemora a Liberta\u00e7\u00e3o de Lula Que N\u00e3o Deu Certo","datePublished":"2018-07-09T15:15:59+00:00","dateModified":"2018-07-09T15:18:03+00:00","mainEntityOfPage":{"@id":"https:\/\/gersonguelmann.com.br\/blog\/em-video-ze-dirceu-comemora-a-libertacao-de-lula-que-nao-deu-certo\/"},"wordCount":145,"commentCount":0,"image":{"@id":"https:\/\/gersonguelmann.com.br\/blog\/em-video-ze-dirceu-comemora-a-libertacao-de-lula-que-nao-deu-certo\/#primaryimage"},"thumbnailUrl":"https:\/\/i0.wp.com\/gersonguelmann.com.br\/blog\/wp-content\/uploads\/2018\/07\/lula-dirceu.jpg?fit=377%2C334&ssl=1","inLanguage":"pt-BR","potentialAction":[{"@type":"CommentAction","name":"Comment","target":["https:\/\/gersonguelmann.com.br\/blog\/em-video-ze-dirceu-comemora-a-libertacao-de-lula-que-nao-deu-certo\/#respond"]}]},{"@type":"WebPage","@id":"https:\/\/gersonguelmann.com.br\/blog\/em-video-ze-dirceu-comemora-a-libertacao-de-lula-que-nao-deu-certo\/","url":"https:\/\/gersonguelmann.com.br\/blog\/em-video-ze-dirceu-comemora-a-libertacao-de-lula-que-nao-deu-certo\/","name":"Em V\u00eddeo, Z\u00e9 Dirceu Comemora a Liberta\u00e7\u00e3o de Lula Que N\u00e3o Deu Certo | Blog do Guelmann","isPartOf":{"@id":"https:\/\/gersonguelmann.com.br\/blog\/#website"},"primaryImageOfPage":{"@id":"https:\/\/gersonguelmann.com.br\/blog\/em-video-ze-dirceu-comemora-a-libertacao-de-lula-que-nao-deu-certo\/#primaryimage"},"image":{"@id":"https:\/\/gersonguelmann.com.br\/blog\/em-video-ze-dirceu-comemora-a-libertacao-de-lula-que-nao-deu-certo\/#primaryimage"},"thumbnailUrl":"https:\/\/i0.wp.com\/gersonguelmann.com.br\/blog\/wp-content\/uploads\/2018\/07\/lula-dirceu.jpg?fit=377%2C334&ssl=1","datePublished":"2018-07-09T15:15:59+00:00","dateModified":"2018-07-09T15:18:03+00:00","author":{"@id":"https:\/\/gersonguelmann.com.br\/blog\/#\/schema\/person\/87e70e2a786888082f941a482c90569e"},"inLanguage":"pt-BR","potentialAction":[{"@type":"ReadAction","target":["https:\/\/gersonguelmann.com.br\/blog\/em-video-ze-dirceu-comemora-a-libertacao-de-lula-que-nao-deu-certo\/"]}]},{"@type":"ImageObject","inLanguage":"pt-BR","@id":"https:\/\/gersonguelmann.com.br\/blog\/em-video-ze-dirceu-comemora-a-libertacao-de-lula-que-nao-deu-certo\/#primaryimage","url":"https:\/\/i0.wp.com\/gersonguelmann.com.br\/blog\/wp-content\/uploads\/2018\/07\/lula-dirceu.jpg?fit=377%2C334&ssl=1","contentUrl":"https:\/\/i0.wp.com\/gersonguelmann.com.br\/blog\/wp-content\/uploads\/2018\/07\/lula-dirceu.jpg?fit=377%2C334&ssl=1","width":377,"height":334},{"@type":"WebSite","@id":"https:\/\/gersonguelmann.com.br\/blog\/#website","url":"https:\/\/gersonguelmann.com.br\/blog\/","name":"Blog do Guelmann","description":"Pitadas da sabedoria e do humor judaicos, assuntos do momento e um pouco das hist\u00f3rias que vivi e testemunhei.","potentialAction":[{"@type":"SearchAction","target":{"@type":"EntryPoint","urlTemplate":"https:\/\/gersonguelmann.com.br\/blog\/?s={search_term_string}"},"query-input":{"@type":"PropertyValueSpecification","valueRequired":true,"valueName":"search_term_string"}}],"inLanguage":"pt-BR"},{"@type":"Person","@id":"https:\/\/gersonguelmann.com.br\/blog\/#\/schema\/person\/87e70e2a786888082f941a482c90569e","name":"Gerson Guelmann","image":{"@type":"ImageObject","inLanguage":"pt-BR","@id":"https:\/\/i0.wp.com\/gersonguelmann.com.br\/blog\/wp-content\/uploads\/2021\/08\/BLOG.jpeg?fit=96%2C96&ssl=1","url":"https:\/\/i0.wp.com\/gersonguelmann.com.br\/blog\/wp-content\/uploads\/2021\/08\/BLOG.jpeg?fit=96%2C96&ssl=1","contentUrl":"https:\/\/i0.wp.com\/gersonguelmann.com.br\/blog\/wp-content\/uploads\/2021\/08\/BLOG.jpeg?fit=96%2C96&ssl=1","caption":"Gerson Guelmann"},"description":"Pitadas da sabedoria e do humor judaicos, assuntos do momento e um pouco das hist\u00f3rias que vivi e testemunhei."}]}},"views":52,"jetpack_publicize_connections":[],"jetpack_featured_media_url":"https:\/\/i0.wp.com\/gersonguelmann.com.br\/blog\/wp-content\/uploads\/2018\/07\/lula-dirceu.jpg?fit=377%2C334&ssl=1","jetpack_shortlink":"https:\/\/wp.me\/p96e7O-3ML","jetpack-related-posts":[{"id":14583,"url":"https:\/\/gersonguelmann.com.br\/blog\/ze-dirceu-nao-desiste-insiste\/","url_meta":{"origin":14555,"position":0},"title":"Z\u00e9 Dirceu N\u00e3o Desiste, Insiste","author":"Gerson Guelmann","date":"10 de julho de 2018","format":false,"excerpt":"Ap\u00f3s ter vazado o v\u00eddeo que Z\u00e9 Dirceu gravou para comemorar a liberta\u00e7\u00e3o de Lula da pris\u00e3o em Curitiba, que acabou n\u00e3o acontecendo, agora come\u00e7ou a circular uma nova grava\u00e7\u00e3o. Neste 2\u00b0 v\u00eddeo ele aparece com a mesma camisa da sele\u00e7\u00e3o brasileira, o que leva a concluir que foi feito\u2026","rel":"","context":"Em &quot;Sem categoria&quot;","block_context":{"text":"Sem categoria","link":"https:\/\/gersonguelmann.com.br\/blog\/category\/sem-categoria\/"},"img":{"alt_text":"","src":"https:\/\/i0.wp.com\/gersonguelmann.com.br\/blog\/wp-content\/uploads\/2018\/07\/Stuborn.jpg?fit=620%2C380&ssl=1&resize=350%2C200","width":350,"height":200,"srcset":"https:\/\/i0.wp.com\/gersonguelmann.com.br\/blog\/wp-content\/uploads\/2018\/07\/Stuborn.jpg?fit=620%2C380&ssl=1&resize=350%2C200 1x, https:\/\/i0.wp.com\/gersonguelmann.com.br\/blog\/wp-content\/uploads\/2018\/07\/Stuborn.jpg?fit=620%2C380&ssl=1&resize=525%2C300 1.5x"},"classes":[]},{"id":14088,"url":"https:\/\/gersonguelmann.com.br\/blog\/na-papuda-enquanto-o-brasil-empatava\/","url_meta":{"origin":14555,"position":1},"title":"Na Papuda, Enquanto o Brasil Empatava&#8230;","author":"Gerson Guelmann","date":"18 de junho de 2018","format":false,"excerpt":"No pres\u00eddio da Papuda, em Brasilia, ontem, a Pol\u00edcia Civil do Distrito Federal fez uma inspe\u00e7\u00e3o na cela ocupada pelo ex-senador Luiz Estev\u00e3o e pelo ex-ministro Jos\u00e9 Dirceu. De acordo com as not\u00edcias o mandado concedido pela Justi\u00e7a tamb\u00e9m permitiu que a cela onde est\u00e1 o ex-ministro Geddel Lima fosse\u2026","rel":"","context":"Em &quot;Sem categoria&quot;","block_context":{"text":"Sem categoria","link":"https:\/\/gersonguelmann.com.br\/blog\/category\/sem-categoria\/"},"img":{"alt_text":"","src":"https:\/\/i0.wp.com\/gersonguelmann.com.br\/blog\/wp-content\/uploads\/2018\/06\/Papuda.jpg?fit=1200%2C675&ssl=1&resize=350%2C200","width":350,"height":200,"srcset":"https:\/\/i0.wp.com\/gersonguelmann.com.br\/blog\/wp-content\/uploads\/2018\/06\/Papuda.jpg?fit=1200%2C675&ssl=1&resize=350%2C200 1x, https:\/\/i0.wp.com\/gersonguelmann.com.br\/blog\/wp-content\/uploads\/2018\/06\/Papuda.jpg?fit=1200%2C675&ssl=1&resize=525%2C300 1.5x, https:\/\/i0.wp.com\/gersonguelmann.com.br\/blog\/wp-content\/uploads\/2018\/06\/Papuda.jpg?fit=1200%2C675&ssl=1&resize=700%2C400 2x, https:\/\/i0.wp.com\/gersonguelmann.com.br\/blog\/wp-content\/uploads\/2018\/06\/Papuda.jpg?fit=1200%2C675&ssl=1&resize=1050%2C600 3x"},"classes":[]},{"id":14429,"url":"https:\/\/gersonguelmann.com.br\/blog\/dirceu-sem-tornozoleira-toffoli-mandou-tirar\/","url_meta":{"origin":14555,"position":2},"title":"Dirceu sem Tornozoleira. Toffoli Mandou Tirar.","author":"Gerson Guelmann","date":"2 de julho de 2018","format":false,"excerpt":"D\u00b4O Antagonista: TOFFOLI TIRA TORNOZELEIRA DE DIRCEU Brasil\u00a002.07.18 21:18 Dias Toffoli acaba de derrubar a decis\u00e3o de Sergio Moro que imp\u00f4s ao ex-ministro Jos\u00e9 Dirceu o uso de tornozeleira eletr\u00f4nica, ap\u00f3s ser libertado pela Segunda Turma. Na sexta-feira, Moro determinou que Dirceu fosse a Curitiba para a coloca\u00e7\u00e3o do mecanismo.\u2026","rel":"","context":"Em &quot;Sem categoria&quot;","block_context":{"text":"Sem categoria","link":"https:\/\/gersonguelmann.com.br\/blog\/category\/sem-categoria\/"},"img":{"alt_text":"","src":"https:\/\/i0.wp.com\/gersonguelmann.com.br\/blog\/wp-content\/uploads\/2018\/07\/download-300x158.jpg?resize=350%2C200&ssl=1","width":350,"height":200},"classes":[]},{"id":11838,"url":"https:\/\/gersonguelmann.com.br\/blog\/falta-pouco-para-jose-dirceu-voltar-para-a-prisao\/","url_meta":{"origin":14555,"position":3},"title":"Falta Pouco Para Jos\u00e9 Dirceu Voltar Para a Pris\u00e3o","author":"Gerson Guelmann","date":"19 de abril de 2018","format":false,"excerpt":"Do Blog 'O Antagonista': TRF-4 REJEITA \u00daLTIMOS RECURSOS E DIRCEU PODE VOLTAR PARA A CADEIA 19.04.18 14:18 J\u00e1 h\u00e1 maioria no TRF-4 para negar os embargos infringentes apresentados pela defesa de Jos\u00e9 Dirceu, que pedia um rec\u00e1lculo da pena.\u00a0Esses s\u00e3o os \u00faltimos recursos poss\u00edveis na segunda inst\u00e2ncia. O petista foi\u2026","rel":"","context":"Em &quot;Sem categoria&quot;","block_context":{"text":"Sem categoria","link":"https:\/\/gersonguelmann.com.br\/blog\/category\/sem-categoria\/"},"img":{"alt_text":"","src":"https:\/\/i0.wp.com\/gersonguelmann.com.br\/blog\/wp-content\/uploads\/2018\/04\/JD.jpg?fit=400%2C225&ssl=1&resize=350%2C200","width":350,"height":200},"classes":[]},{"id":12343,"url":"https:\/\/gersonguelmann.com.br\/blog\/cedulas-com-carimbo-de-lula\/","url_meta":{"origin":14555,"position":4},"title":"C\u00e9dulas Com Carimbo de Lula","author":"Gerson Guelmann","date":"1 de maio de 2018","format":false,"excerpt":"Come\u00e7ou a circular um v\u00eddeo que mostra pessoas carimbando c\u00e9dulas de dinheiro com a imagem do ex-presidente Lula. A informa\u00e7\u00e3o \u00e9 que isso estaria sendo feito aqui em Curitiba, no acampamento onde est\u00e3o os manifestantes em favor dele. N\u00e3o h\u00e1 como confirmar isso. As mensagens que recebi d\u00e3o conta de\u2026","rel":"","context":"Em &quot;Sem categoria&quot;","block_context":{"text":"Sem categoria","link":"https:\/\/gersonguelmann.com.br\/blog\/category\/sem-categoria\/"},"img":{"alt_text":"","src":"https:\/\/i0.wp.com\/gersonguelmann.com.br\/blog\/wp-content\/uploads\/2018\/05\/Lula.jpg?fit=1200%2C800&ssl=1&resize=350%2C200","width":350,"height":200,"srcset":"https:\/\/i0.wp.com\/gersonguelmann.com.br\/blog\/wp-content\/uploads\/2018\/05\/Lula.jpg?fit=1200%2C800&ssl=1&resize=350%2C200 1x, https:\/\/i0.wp.com\/gersonguelmann.com.br\/blog\/wp-content\/uploads\/2018\/05\/Lula.jpg?fit=1200%2C800&ssl=1&resize=525%2C300 1.5x, https:\/\/i0.wp.com\/gersonguelmann.com.br\/blog\/wp-content\/uploads\/2018\/05\/Lula.jpg?fit=1200%2C800&ssl=1&resize=700%2C400 2x, https:\/\/i0.wp.com\/gersonguelmann.com.br\/blog\/wp-content\/uploads\/2018\/05\/Lula.jpg?fit=1200%2C800&ssl=1&resize=1050%2C600 3x"},"classes":[]},{"id":14300,"url":"https:\/\/gersonguelmann.com.br\/blog\/jose-dirceu-saira-da-prisao\/","url_meta":{"origin":14555,"position":5},"title":"Jos\u00e9 Dirceu Sair\u00e1 da Pris\u00e3o","author":"Gerson Guelmann","date":"26 de junho de 2018","format":false,"excerpt":"O site O Antagonista acaba de informar que o STF suspendeu a execu\u00e7\u00e3o da senten\u00e7a e determinou a soltura de Jos\u00e9 Dirceu. O texto \u00e9 o seguinte: STF SOLTA DIRCEU Brasil\u00a026.06.18 14:01A Segunda Turma do STF acaba de concluir o julgamento que soltou Jos\u00e9 Dirceu. Ricardo Lewandowski, Dias Toffoli e\u2026","rel":"","context":"Em &quot;Sem categoria&quot;","block_context":{"text":"Sem categoria","link":"https:\/\/gersonguelmann.com.br\/blog\/category\/sem-categoria\/"},"img":{"alt_text":"","src":"https:\/\/i0.wp.com\/gersonguelmann.com.br\/blog\/wp-content\/uploads\/2018\/06\/dirceu-nocaute.jpg?fit=561%2C369&ssl=1&resize=350%2C200","width":350,"height":200,"srcset":"https:\/\/i0.wp.com\/gersonguelmann.com.br\/blog\/wp-content\/uploads\/2018\/06\/dirceu-nocaute.jpg?fit=561%2C369&ssl=1&resize=350%2C200 1x, https:\/\/i0.wp.com\/gersonguelmann.com.br\/blog\/wp-content\/uploads\/2018\/06\/dirceu-nocaute.jpg?fit=561%2C369&ssl=1&resize=525%2C300 1.5x"},"classes":[]}],"jetpack_sharing_enabled":true,"post_mailing_queue_ids":[],"_links":{"self":[{"href":"https:\/\/gersonguelmann.com.br\/blog\/wp-json\/wp\/v2\/posts\/14555","targetHints":{"allow":["GET"]}}],"collection":[{"href":"https:\/\/gersonguelmann.com.br\/blog\/wp-json\/wp\/v2\/posts"}],"about":[{"href":"https:\/\/gersonguelmann.com.br\/blog\/wp-json\/wp\/v2\/types\/post"}],"author":[{"embeddable":true,"href":"https:\/\/gersonguelmann.com.br\/blog\/wp-json\/wp\/v2\/users\/5"}],"replies":[{"embeddable":true,"href":"https:\/\/gersonguelmann.com.br\/blog\/wp-json\/wp\/v2\/comments?post=14555"}],"version-history":[{"count":0,"href":"https:\/\/gersonguelmann.com.br\/blog\/wp-json\/wp\/v2\/posts\/14555\/revisions"}],"wp:featuredmedia":[{"embeddable":true,"href":"https:\/\/gersonguelmann.com.br\/blog\/wp-json\/wp\/v2\/media\/14556"}],"wp:attachment":[{"href":"https:\/\/gersonguelmann.com.br\/blog\/wp-json\/wp\/v2\/media?parent=14555"}],"wp:term":[{"taxonomy":"category","embeddable":true,"href":"https:\/\/gersonguelmann.com.br\/blog\/wp-json\/wp\/v2\/categories?post=14555"},{"taxonomy":"post_tag","embeddable":true,"href":"https:\/\/gersonguelmann.com.br\/blog\/wp-json\/wp\/v2\/tags?post=14555"}],"curies":[{"name":"wp","href":"https:\/\/api.w.org\/{rel}","templated":true}]}}