    {"id":14574,"date":"2018-07-09T20:49:23","date_gmt":"2018-07-09T23:49:23","guid":{"rendered":"https:\/\/gersonguelmann.com.br\/blog\/?p=14574"},"modified":"2018-07-09T20:56:02","modified_gmt":"2018-07-09T23:56:02","slug":"depressao-aplicativo-de-celular-ajuda-no-tratamento","status":"publish","type":"post","link":"https:\/\/gersonguelmann.com.br\/blog\/depressao-aplicativo-de-celular-ajuda-no-tratamento\/","title":{"rendered":"Depress\u00e3o: Aplicativo de Celular Ajuda no Tratamento"},"content":{"rendered":"<p><span style=\"color: #000000; font-family: georgia, palatino, serif; font-size: 18pt;\">Boa not\u00edcia, publicada no site Tecmundo, que compartilho com satisfa\u00e7\u00e3o:<\/span><\/p>\n<p class=\"article-title highlight\"><span style=\"font-size: 24pt;\"><strong><span style=\"color: #000000;\">Medicina digital: app que trata depress\u00e3o \u00e9 aprovado para uso no Brasil<\/span><\/strong><\/span><\/p>\n<div class=\"about\">\n<div class=\"about-item\"><span style=\"color: #000000;\">POR\u00a0<span class=\"label-author\">LEONARDO M\u00dcLLER<\/span>\u00a0|\u00a0@leowmuller &#8211;\u00a0EM\u00a0SOFTWARE &#8211;\u00a0\u00a0<time datetime=\"2018-07-09T18:11:19-03:00\">09 JUL 2018 \u2014 18H11<\/time><\/span><\/div>\n<\/div>\n<div><\/div>\n<div>\n<p><span style=\"color: #000000; font-size: 14pt;\">Um novo tratamento para depress\u00e3o foi aprovado pela Anvisa, a Ag\u00eancia Nacional de Vigil\u00e2ncia Sanit\u00e1ria. Diferente do que voc\u00ea poderia esperar, n\u00e3o estamos falando de um novo rem\u00e9dio qu\u00edmico, mas sim de um app chamado\u00a0<em><strong>Deprexis <\/strong><\/em>(<em><strong>link abaixo<\/strong><\/em>).<\/span><\/p>\n<p><span style=\"color: #000000; font-size: 14pt;\">A ferramenta ajuda o usu\u00e1rio a fazer autoavalia\u00e7\u00f5es durante sess\u00f5es de 30 minutos, em pelo menos duas vezes por semana. O usu\u00e1rio responde algumas perguntas, e o app o ajuda a entender e perceber seus pr\u00f3prios sintomas, al\u00e9m de indicar algumas solu\u00e7\u00f5es para problemas cotidianos.<\/span><\/p>\n<p><span style=\"color: #000000; font-size: 14pt;\">Contudo, o objetivo do app n\u00e3o \u00e9 substituir consultas m\u00e9dicas com psiquiatras ou psic\u00f3logos. Em vez disso, ele serve como um tratamento de 90 dias que os m\u00e9dicos podem indicar para seus pacientes. Para ter acesso ao app, o paciente precisa inclusive detalhar o registro do seu profissional no CRM (Conselho Regional de Medicina). S\u00f3 assim \u00e9 poss\u00edvel comprar a licen\u00e7a da ferramenta no site do Deprexis. O tratamento custa R$ 990 para tr\u00eas meses, e os usu\u00e1rios podem experimentar o app antes de fazer a aquisi\u00e7\u00e3o.<\/span><\/p>\n<p class=\"uk-text-left\" style=\"text-align: center;\"><em><strong><span class=\"nzn-article-eye\" style=\"color: #000000; font-size: 14pt;\">Uma op\u00e7\u00e3o promissora a ser considerada nos futuros tratamentos contra a depress\u00e3o<\/span><\/strong><\/em><\/p>\n<p><span style=\"color: #000000; font-size: 14pt;\">Fora a aprova\u00e7\u00e3o da Anvisa para uso no Brasil, existem estudos comprovando que o app realmente funciona como tratamento contra depress\u00e3o. \u201cN\u00e3o observamos nenhum efeito colateral negativo no formato misturado [psicoterapia e ferramenta on-line] (\u2026) Este estudo oferece a primeira evid\u00eancia de que o uso de um programa baseado na internet como uma ferramenta adjunta na psicoterapia regular poderia ser uma op\u00e7\u00e3o promissora a ser considerada nos futuros tratamentos contra a depress\u00e3o\u201d, detalha um trecho de um estudo publicado no\u00a0<em>Journal of Affective Disorders<\/em>.<\/span><\/p>\n<p><span style=\"color: #000000; font-size: 14pt;\">At\u00e9 agora, o app s\u00f3 tinha permiss\u00e3o para funcionar na Europa. Seu lan\u00e7amento no Brasil foi realizado em um evento do Instituto de Neuroci\u00eancias Aplicadas, que aconteceu no fim de junho em Gramado, interior do Rio Grande do Sul.<\/span><\/p>\n<p><span style=\"color: #000000; font-family: georgia, palatino, serif; font-size: 18pt;\">A mat\u00e9ria original pode ser lida <span style=\"color: #0000ff;\"><a style=\"color: #0000ff;\" href=\"https:\/\/www.tecmundo.com.br\/software\/132043-medicina-digital-app-trata-depressao-aprovado-uso-brasil.htm\"><em><strong>aqui<\/strong><\/em><\/a><\/span>.<\/span><\/p>\n<p><span style=\"font-family: georgia, palatino, serif; font-size: 18pt; color: #000000;\">Para acessar o site da Depraxis, <span style=\"color: #0000ff;\"><a style=\"color: #0000ff;\" href=\"https:\/\/br.deprexis.com\"><em><strong>clique aqui<\/strong><\/em><\/a><\/span>.\u00a0<\/span><\/p>\n<p style=\"text-align: center;\"><img data-recalc-dims=\"1\" fetchpriority=\"high\" decoding=\"async\" data-attachment-id=\"14575\" data-permalink=\"https:\/\/gersonguelmann.com.br\/blog\/depressao-aplicativo-de-celular-ajuda-no-tratamento\/depression\/\" data-orig-file=\"https:\/\/i0.wp.com\/gersonguelmann.com.br\/blog\/wp-content\/uploads\/2018\/07\/depression.jpg?fit=960%2C538&amp;ssl=1\" data-orig-size=\"960,538\" data-comments-opened=\"1\" data-image-meta=\"{&quot;aperture&quot;:&quot;0&quot;,&quot;credit&quot;:&quot;&quot;,&quot;camera&quot;:&quot;&quot;,&quot;caption&quot;:&quot;&quot;,&quot;created_timestamp&quot;:&quot;0&quot;,&quot;copyright&quot;:&quot;&quot;,&quot;focal_length&quot;:&quot;0&quot;,&quot;iso&quot;:&quot;0&quot;,&quot;shutter_speed&quot;:&quot;0&quot;,&quot;title&quot;:&quot;&quot;,&quot;orientation&quot;:&quot;0&quot;}\" data-image-title=\"depression\" data-image-description=\"\" data-image-caption=\"\" data-medium-file=\"https:\/\/i0.wp.com\/gersonguelmann.com.br\/blog\/wp-content\/uploads\/2018\/07\/depression.jpg?fit=300%2C168&amp;ssl=1\" data-large-file=\"https:\/\/i0.wp.com\/gersonguelmann.com.br\/blog\/wp-content\/uploads\/2018\/07\/depression.jpg?fit=640%2C359&amp;ssl=1\" class=\"alignnone size-medium wp-image-14575\" src=\"https:\/\/i0.wp.com\/gersonguelmann.com.br\/blog\/wp-content\/uploads\/2018\/07\/depression.jpg?resize=300%2C168&#038;ssl=1\" alt=\"\" width=\"300\" height=\"168\" srcset=\"https:\/\/i0.wp.com\/gersonguelmann.com.br\/blog\/wp-content\/uploads\/2018\/07\/depression.jpg?resize=300%2C168&amp;ssl=1 300w, https:\/\/i0.wp.com\/gersonguelmann.com.br\/blog\/wp-content\/uploads\/2018\/07\/depression.jpg?resize=768%2C430&amp;ssl=1 768w, https:\/\/i0.wp.com\/gersonguelmann.com.br\/blog\/wp-content\/uploads\/2018\/07\/depression.jpg?w=960&amp;ssl=1 960w\" sizes=\"(max-width: 300px) 100vw, 300px\" \/><\/p>\n<\/div>\n","protected":false},"excerpt":{"rendered":"<p>Boa not\u00edcia, publicada no site Tecmundo, que compartilho com satisfa\u00e7\u00e3o: Medicina digital: app que trata depress\u00e3o \u00e9 aprovado para uso no Brasil POR\u00a0LEONARDO M\u00dcLLER\u00a0|\u00a0@leowmuller &#8211;\u00a0EM\u00a0SOFTWARE &#8211;\u00a0\u00a009 JUL 2018 \u2014 18H11 Um novo tratamento para depress\u00e3o foi aprovado pela Anvisa, a Ag\u00eancia Nacional de Vigil\u00e2ncia Sanit\u00e1ria. Diferente do que voc\u00ea poderia esperar, n\u00e3o estamos falando de [&hellip;]<\/p>\n","protected":false},"author":5,"featured_media":14575,"comment_status":"open","ping_status":"open","sticky":false,"template":"","format":"standard","meta":{"_acf_changed":false,"jetpack_post_was_ever_published":false,"_jetpack_newsletter_access":"","_jetpack_dont_email_post_to_subs":false,"_jetpack_newsletter_tier_id":0,"_jetpack_memberships_contains_paywalled_content":false,"_jetpack_memberships_contains_paid_content":false,"footnotes":"","jetpack_publicize_message":"","jetpack_publicize_feature_enabled":true,"jetpack_social_post_already_shared":true,"jetpack_social_options":{"image_generator_settings":{"template":"highway","default_image_id":0,"font":"","enabled":false},"version":2}},"categories":[1],"tags":[],"class_list":["post-14574","post","type-post","status-publish","format-standard","has-post-thumbnail","hentry","category-sem-categoria"],"acf":[],"yoast_head":"<!-- This site is optimized with the Yoast SEO plugin v27.3 - https:\/\/yoast.com\/product\/yoast-seo-wordpress\/ -->\n<title>Depress\u00e3o: Aplicativo de Celular Ajuda no Tratamento | Blog do Guelmann<\/title>\n<meta name=\"robots\" content=\"index, follow, max-snippet:-1, max-image-preview:large, max-video-preview:-1\" \/>\n<link rel=\"canonical\" href=\"https:\/\/gersonguelmann.com.br\/blog\/depressao-aplicativo-de-celular-ajuda-no-tratamento\/\" \/>\n<meta property=\"og:locale\" content=\"pt_BR\" \/>\n<meta property=\"og:type\" content=\"article\" \/>\n<meta property=\"og:title\" content=\"Depress\u00e3o: Aplicativo de Celular Ajuda no Tratamento | Blog do Guelmann\" \/>\n<meta property=\"og:description\" content=\"Boa not\u00edcia, publicada no site Tecmundo, que compartilho com satisfa\u00e7\u00e3o: Medicina digital: app que trata depress\u00e3o \u00e9 aprovado para uso no Brasil POR\u00a0LEONARDO M\u00dcLLER\u00a0|\u00a0@leowmuller &#8211;\u00a0EM\u00a0SOFTWARE &#8211;\u00a0\u00a009 JUL 2018 \u2014 18H11 Um novo tratamento para depress\u00e3o foi aprovado pela Anvisa, a Ag\u00eancia Nacional de Vigil\u00e2ncia Sanit\u00e1ria. Diferente do que voc\u00ea poderia esperar, n\u00e3o estamos falando de [&hellip;]\" \/>\n<meta property=\"og:url\" content=\"https:\/\/gersonguelmann.com.br\/blog\/depressao-aplicativo-de-celular-ajuda-no-tratamento\/\" \/>\n<meta property=\"og:site_name\" content=\"Blog do Guelmann\" \/>\n<meta property=\"article:published_time\" content=\"2018-07-09T23:49:23+00:00\" \/>\n<meta property=\"article:modified_time\" content=\"2018-07-09T23:56:02+00:00\" \/>\n<meta property=\"og:image\" content=\"https:\/\/gersonguelmann.com.br\/blog\/wp-content\/uploads\/2018\/07\/depression.jpg\" \/>\n\t<meta property=\"og:image:width\" content=\"960\" \/>\n\t<meta property=\"og:image:height\" content=\"538\" \/>\n\t<meta property=\"og:image:type\" content=\"image\/jpeg\" \/>\n<meta name=\"author\" content=\"Gerson Guelmann\" \/>\n<meta name=\"twitter:card\" content=\"summary_large_image\" \/>\n<meta name=\"twitter:label1\" content=\"Escrito por\" \/>\n\t<meta name=\"twitter:data1\" content=\"Gerson Guelmann\" \/>\n\t<meta name=\"twitter:label2\" content=\"Est. tempo de leitura\" \/>\n\t<meta name=\"twitter:data2\" content=\"2 minutos\" \/>\n<script type=\"application\/ld+json\" class=\"yoast-schema-graph\">{\"@context\":\"https:\\\/\\\/schema.org\",\"@graph\":[{\"@type\":\"Article\",\"@id\":\"https:\\\/\\\/gersonguelmann.com.br\\\/blog\\\/depressao-aplicativo-de-celular-ajuda-no-tratamento\\\/#article\",\"isPartOf\":{\"@id\":\"https:\\\/\\\/gersonguelmann.com.br\\\/blog\\\/depressao-aplicativo-de-celular-ajuda-no-tratamento\\\/\"},\"author\":{\"name\":\"Gerson Guelmann\",\"@id\":\"https:\\\/\\\/gersonguelmann.com.br\\\/blog\\\/#\\\/schema\\\/person\\\/87e70e2a786888082f941a482c90569e\"},\"headline\":\"Depress\u00e3o: Aplicativo de Celular Ajuda no Tratamento\",\"datePublished\":\"2018-07-09T23:49:23+00:00\",\"dateModified\":\"2018-07-09T23:56:02+00:00\",\"mainEntityOfPage\":{\"@id\":\"https:\\\/\\\/gersonguelmann.com.br\\\/blog\\\/depressao-aplicativo-de-celular-ajuda-no-tratamento\\\/\"},\"wordCount\":392,\"commentCount\":0,\"image\":{\"@id\":\"https:\\\/\\\/gersonguelmann.com.br\\\/blog\\\/depressao-aplicativo-de-celular-ajuda-no-tratamento\\\/#primaryimage\"},\"thumbnailUrl\":\"https:\\\/\\\/i0.wp.com\\\/gersonguelmann.com.br\\\/blog\\\/wp-content\\\/uploads\\\/2018\\\/07\\\/depression.jpg?fit=960%2C538&ssl=1\",\"inLanguage\":\"pt-BR\",\"potentialAction\":[{\"@type\":\"CommentAction\",\"name\":\"Comment\",\"target\":[\"https:\\\/\\\/gersonguelmann.com.br\\\/blog\\\/depressao-aplicativo-de-celular-ajuda-no-tratamento\\\/#respond\"]}]},{\"@type\":\"WebPage\",\"@id\":\"https:\\\/\\\/gersonguelmann.com.br\\\/blog\\\/depressao-aplicativo-de-celular-ajuda-no-tratamento\\\/\",\"url\":\"https:\\\/\\\/gersonguelmann.com.br\\\/blog\\\/depressao-aplicativo-de-celular-ajuda-no-tratamento\\\/\",\"name\":\"Depress\u00e3o: Aplicativo de Celular Ajuda no Tratamento | Blog do Guelmann\",\"isPartOf\":{\"@id\":\"https:\\\/\\\/gersonguelmann.com.br\\\/blog\\\/#website\"},\"primaryImageOfPage\":{\"@id\":\"https:\\\/\\\/gersonguelmann.com.br\\\/blog\\\/depressao-aplicativo-de-celular-ajuda-no-tratamento\\\/#primaryimage\"},\"image\":{\"@id\":\"https:\\\/\\\/gersonguelmann.com.br\\\/blog\\\/depressao-aplicativo-de-celular-ajuda-no-tratamento\\\/#primaryimage\"},\"thumbnailUrl\":\"https:\\\/\\\/i0.wp.com\\\/gersonguelmann.com.br\\\/blog\\\/wp-content\\\/uploads\\\/2018\\\/07\\\/depression.jpg?fit=960%2C538&ssl=1\",\"datePublished\":\"2018-07-09T23:49:23+00:00\",\"dateModified\":\"2018-07-09T23:56:02+00:00\",\"author\":{\"@id\":\"https:\\\/\\\/gersonguelmann.com.br\\\/blog\\\/#\\\/schema\\\/person\\\/87e70e2a786888082f941a482c90569e\"},\"inLanguage\":\"pt-BR\",\"potentialAction\":[{\"@type\":\"ReadAction\",\"target\":[\"https:\\\/\\\/gersonguelmann.com.br\\\/blog\\\/depressao-aplicativo-de-celular-ajuda-no-tratamento\\\/\"]}]},{\"@type\":\"ImageObject\",\"inLanguage\":\"pt-BR\",\"@id\":\"https:\\\/\\\/gersonguelmann.com.br\\\/blog\\\/depressao-aplicativo-de-celular-ajuda-no-tratamento\\\/#primaryimage\",\"url\":\"https:\\\/\\\/i0.wp.com\\\/gersonguelmann.com.br\\\/blog\\\/wp-content\\\/uploads\\\/2018\\\/07\\\/depression.jpg?fit=960%2C538&ssl=1\",\"contentUrl\":\"https:\\\/\\\/i0.wp.com\\\/gersonguelmann.com.br\\\/blog\\\/wp-content\\\/uploads\\\/2018\\\/07\\\/depression.jpg?fit=960%2C538&ssl=1\",\"width\":960,\"height\":538},{\"@type\":\"WebSite\",\"@id\":\"https:\\\/\\\/gersonguelmann.com.br\\\/blog\\\/#website\",\"url\":\"https:\\\/\\\/gersonguelmann.com.br\\\/blog\\\/\",\"name\":\"Blog do Guelmann\",\"description\":\"Pitadas da sabedoria e do humor judaicos, assuntos do momento e um pouco das hist\u00f3rias que vivi e testemunhei.\",\"potentialAction\":[{\"@type\":\"SearchAction\",\"target\":{\"@type\":\"EntryPoint\",\"urlTemplate\":\"https:\\\/\\\/gersonguelmann.com.br\\\/blog\\\/?s={search_term_string}\"},\"query-input\":{\"@type\":\"PropertyValueSpecification\",\"valueRequired\":true,\"valueName\":\"search_term_string\"}}],\"inLanguage\":\"pt-BR\"},{\"@type\":\"Person\",\"@id\":\"https:\\\/\\\/gersonguelmann.com.br\\\/blog\\\/#\\\/schema\\\/person\\\/87e70e2a786888082f941a482c90569e\",\"name\":\"Gerson Guelmann\",\"image\":{\"@type\":\"ImageObject\",\"inLanguage\":\"pt-BR\",\"@id\":\"https:\\\/\\\/i0.wp.com\\\/gersonguelmann.com.br\\\/blog\\\/wp-content\\\/uploads\\\/2021\\\/08\\\/BLOG.jpeg?fit=96%2C96&ssl=1\",\"url\":\"https:\\\/\\\/i0.wp.com\\\/gersonguelmann.com.br\\\/blog\\\/wp-content\\\/uploads\\\/2021\\\/08\\\/BLOG.jpeg?fit=96%2C96&ssl=1\",\"contentUrl\":\"https:\\\/\\\/i0.wp.com\\\/gersonguelmann.com.br\\\/blog\\\/wp-content\\\/uploads\\\/2021\\\/08\\\/BLOG.jpeg?fit=96%2C96&ssl=1\",\"caption\":\"Gerson Guelmann\"},\"description\":\"Pitadas da sabedoria e do humor judaicos, assuntos do momento e um pouco das hist\u00f3rias que vivi e testemunhei.\"}]}<\/script>\n<!-- \/ Yoast SEO plugin. -->","yoast_head_json":{"title":"Depress\u00e3o: Aplicativo de Celular Ajuda no Tratamento | Blog do Guelmann","robots":{"index":"index","follow":"follow","max-snippet":"max-snippet:-1","max-image-preview":"max-image-preview:large","max-video-preview":"max-video-preview:-1"},"canonical":"https:\/\/gersonguelmann.com.br\/blog\/depressao-aplicativo-de-celular-ajuda-no-tratamento\/","og_locale":"pt_BR","og_type":"article","og_title":"Depress\u00e3o: Aplicativo de Celular Ajuda no Tratamento | Blog do Guelmann","og_description":"Boa not\u00edcia, publicada no site Tecmundo, que compartilho com satisfa\u00e7\u00e3o: Medicina digital: app que trata depress\u00e3o \u00e9 aprovado para uso no Brasil POR\u00a0LEONARDO M\u00dcLLER\u00a0|\u00a0@leowmuller &#8211;\u00a0EM\u00a0SOFTWARE &#8211;\u00a0\u00a009 JUL 2018 \u2014 18H11 Um novo tratamento para depress\u00e3o foi aprovado pela Anvisa, a Ag\u00eancia Nacional de Vigil\u00e2ncia Sanit\u00e1ria. Diferente do que voc\u00ea poderia esperar, n\u00e3o estamos falando de [&hellip;]","og_url":"https:\/\/gersonguelmann.com.br\/blog\/depressao-aplicativo-de-celular-ajuda-no-tratamento\/","og_site_name":"Blog do Guelmann","article_published_time":"2018-07-09T23:49:23+00:00","article_modified_time":"2018-07-09T23:56:02+00:00","og_image":[{"width":960,"height":538,"url":"https:\/\/gersonguelmann.com.br\/blog\/wp-content\/uploads\/2018\/07\/depression.jpg","type":"image\/jpeg"}],"author":"Gerson Guelmann","twitter_card":"summary_large_image","twitter_misc":{"Escrito por":"Gerson Guelmann","Est. tempo de leitura":"2 minutos"},"schema":{"@context":"https:\/\/schema.org","@graph":[{"@type":"Article","@id":"https:\/\/gersonguelmann.com.br\/blog\/depressao-aplicativo-de-celular-ajuda-no-tratamento\/#article","isPartOf":{"@id":"https:\/\/gersonguelmann.com.br\/blog\/depressao-aplicativo-de-celular-ajuda-no-tratamento\/"},"author":{"name":"Gerson Guelmann","@id":"https:\/\/gersonguelmann.com.br\/blog\/#\/schema\/person\/87e70e2a786888082f941a482c90569e"},"headline":"Depress\u00e3o: Aplicativo de Celular Ajuda no Tratamento","datePublished":"2018-07-09T23:49:23+00:00","dateModified":"2018-07-09T23:56:02+00:00","mainEntityOfPage":{"@id":"https:\/\/gersonguelmann.com.br\/blog\/depressao-aplicativo-de-celular-ajuda-no-tratamento\/"},"wordCount":392,"commentCount":0,"image":{"@id":"https:\/\/gersonguelmann.com.br\/blog\/depressao-aplicativo-de-celular-ajuda-no-tratamento\/#primaryimage"},"thumbnailUrl":"https:\/\/i0.wp.com\/gersonguelmann.com.br\/blog\/wp-content\/uploads\/2018\/07\/depression.jpg?fit=960%2C538&ssl=1","inLanguage":"pt-BR","potentialAction":[{"@type":"CommentAction","name":"Comment","target":["https:\/\/gersonguelmann.com.br\/blog\/depressao-aplicativo-de-celular-ajuda-no-tratamento\/#respond"]}]},{"@type":"WebPage","@id":"https:\/\/gersonguelmann.com.br\/blog\/depressao-aplicativo-de-celular-ajuda-no-tratamento\/","url":"https:\/\/gersonguelmann.com.br\/blog\/depressao-aplicativo-de-celular-ajuda-no-tratamento\/","name":"Depress\u00e3o: Aplicativo de Celular Ajuda no Tratamento | Blog do Guelmann","isPartOf":{"@id":"https:\/\/gersonguelmann.com.br\/blog\/#website"},"primaryImageOfPage":{"@id":"https:\/\/gersonguelmann.com.br\/blog\/depressao-aplicativo-de-celular-ajuda-no-tratamento\/#primaryimage"},"image":{"@id":"https:\/\/gersonguelmann.com.br\/blog\/depressao-aplicativo-de-celular-ajuda-no-tratamento\/#primaryimage"},"thumbnailUrl":"https:\/\/i0.wp.com\/gersonguelmann.com.br\/blog\/wp-content\/uploads\/2018\/07\/depression.jpg?fit=960%2C538&ssl=1","datePublished":"2018-07-09T23:49:23+00:00","dateModified":"2018-07-09T23:56:02+00:00","author":{"@id":"https:\/\/gersonguelmann.com.br\/blog\/#\/schema\/person\/87e70e2a786888082f941a482c90569e"},"inLanguage":"pt-BR","potentialAction":[{"@type":"ReadAction","target":["https:\/\/gersonguelmann.com.br\/blog\/depressao-aplicativo-de-celular-ajuda-no-tratamento\/"]}]},{"@type":"ImageObject","inLanguage":"pt-BR","@id":"https:\/\/gersonguelmann.com.br\/blog\/depressao-aplicativo-de-celular-ajuda-no-tratamento\/#primaryimage","url":"https:\/\/i0.wp.com\/gersonguelmann.com.br\/blog\/wp-content\/uploads\/2018\/07\/depression.jpg?fit=960%2C538&ssl=1","contentUrl":"https:\/\/i0.wp.com\/gersonguelmann.com.br\/blog\/wp-content\/uploads\/2018\/07\/depression.jpg?fit=960%2C538&ssl=1","width":960,"height":538},{"@type":"WebSite","@id":"https:\/\/gersonguelmann.com.br\/blog\/#website","url":"https:\/\/gersonguelmann.com.br\/blog\/","name":"Blog do Guelmann","description":"Pitadas da sabedoria e do humor judaicos, assuntos do momento e um pouco das hist\u00f3rias que vivi e testemunhei.","potentialAction":[{"@type":"SearchAction","target":{"@type":"EntryPoint","urlTemplate":"https:\/\/gersonguelmann.com.br\/blog\/?s={search_term_string}"},"query-input":{"@type":"PropertyValueSpecification","valueRequired":true,"valueName":"search_term_string"}}],"inLanguage":"pt-BR"},{"@type":"Person","@id":"https:\/\/gersonguelmann.com.br\/blog\/#\/schema\/person\/87e70e2a786888082f941a482c90569e","name":"Gerson Guelmann","image":{"@type":"ImageObject","inLanguage":"pt-BR","@id":"https:\/\/i0.wp.com\/gersonguelmann.com.br\/blog\/wp-content\/uploads\/2021\/08\/BLOG.jpeg?fit=96%2C96&ssl=1","url":"https:\/\/i0.wp.com\/gersonguelmann.com.br\/blog\/wp-content\/uploads\/2021\/08\/BLOG.jpeg?fit=96%2C96&ssl=1","contentUrl":"https:\/\/i0.wp.com\/gersonguelmann.com.br\/blog\/wp-content\/uploads\/2021\/08\/BLOG.jpeg?fit=96%2C96&ssl=1","caption":"Gerson Guelmann"},"description":"Pitadas da sabedoria e do humor judaicos, assuntos do momento e um pouco das hist\u00f3rias que vivi e testemunhei."}]}},"views":55,"jetpack_publicize_connections":[],"jetpack_featured_media_url":"https:\/\/i0.wp.com\/gersonguelmann.com.br\/blog\/wp-content\/uploads\/2018\/07\/depression.jpg?fit=960%2C538&ssl=1","jetpack_shortlink":"https:\/\/wp.me\/p96e7O-3N4","jetpack-related-posts":[{"id":15986,"url":"https:\/\/gersonguelmann.com.br\/blog\/depressao-atipica-ela-existe\/","url_meta":{"origin":14574,"position":0},"title":"Depress\u00e3o At\u00edpica. Ela Existe.","author":"Gerson Guelmann","date":"25 de fevereiro de 2019","format":false,"excerpt":"Interessant\u00edssima mat\u00e9ria publicada hoje pela BBC News Brasil, abordando tema que faz parte do dia a dia de muitas pessoas. Leitura altamente recomendada: Sintomas de depress\u00e3o: por que a vers\u00e3o at\u00edpica da doen\u00e7a \u00e9 t\u00e3o perigosa Chamada clinicamente de depress\u00e3o at\u00edpica, ela \u00e9 dif\u00edcil de identificar exatamente porque os sintomas\u2026","rel":"","context":"Em &quot;Sem categoria&quot;","block_context":{"text":"Sem categoria","link":"https:\/\/gersonguelmann.com.br\/blog\/category\/sem-categoria\/"},"img":{"alt_text":"","src":"https:\/\/i0.wp.com\/gersonguelmann.com.br\/blog\/wp-content\/uploads\/2019\/02\/Depression.jpg?fit=750%2C500&ssl=1&resize=350%2C200","width":350,"height":200,"srcset":"https:\/\/i0.wp.com\/gersonguelmann.com.br\/blog\/wp-content\/uploads\/2019\/02\/Depression.jpg?fit=750%2C500&ssl=1&resize=350%2C200 1x, https:\/\/i0.wp.com\/gersonguelmann.com.br\/blog\/wp-content\/uploads\/2019\/02\/Depression.jpg?fit=750%2C500&ssl=1&resize=525%2C300 1.5x, https:\/\/i0.wp.com\/gersonguelmann.com.br\/blog\/wp-content\/uploads\/2019\/02\/Depression.jpg?fit=750%2C500&ssl=1&resize=700%2C400 2x"},"classes":[]},{"id":11754,"url":"https:\/\/gersonguelmann.com.br\/blog\/voce-nao-precisa-mais-de-desculpa-frutas-vermelhas-e-vinho-tinto-previnem-doencas-mentais\/","url_meta":{"origin":14574,"position":1},"title":"Voc\u00ea N\u00e3o Precisa Mais de Desculpa: Frutas Vermelhas e Vinho Tinto Previnem Doen\u00e7as Mentais","author":"Gerson Guelmann","date":"17 de abril de 2018","format":false,"excerpt":"Direto da fonte, mat\u00e9ria publicada hoje em Portugal: Alimenta\u00e7\u00e3o pode prevenir doen\u00e7as mentais O consumo regular de frutos vermelhos ou vinho tinto pode ter um papel importante na regula\u00e7\u00e3o da microbiota intestinal, na diminui\u00e7\u00e3o da inflama\u00e7\u00e3o, na preven\u00e7\u00e3o da depress\u00e3o e no combate \u00e0 dem\u00eancia e outras doen\u00e7as neurodegenerativas, pela\u2026","rel":"","context":"Em &quot;Sem categoria&quot;","block_context":{"text":"Sem categoria","link":"https:\/\/gersonguelmann.com.br\/blog\/category\/sem-categoria\/"},"img":{"alt_text":"","src":"https:\/\/i0.wp.com\/gersonguelmann.com.br\/blog\/wp-content\/uploads\/2018\/04\/frutos_vermelhos_cintesis-1.jpg?fit=940%2C600&ssl=1&resize=350%2C200","width":350,"height":200,"srcset":"https:\/\/i0.wp.com\/gersonguelmann.com.br\/blog\/wp-content\/uploads\/2018\/04\/frutos_vermelhos_cintesis-1.jpg?fit=940%2C600&ssl=1&resize=350%2C200 1x, https:\/\/i0.wp.com\/gersonguelmann.com.br\/blog\/wp-content\/uploads\/2018\/04\/frutos_vermelhos_cintesis-1.jpg?fit=940%2C600&ssl=1&resize=525%2C300 1.5x, https:\/\/i0.wp.com\/gersonguelmann.com.br\/blog\/wp-content\/uploads\/2018\/04\/frutos_vermelhos_cintesis-1.jpg?fit=940%2C600&ssl=1&resize=700%2C400 2x"},"classes":[]},{"id":18614,"url":"https:\/\/gersonguelmann.com.br\/blog\/elogio-e-bom-e-quem-recebe-gosta\/","url_meta":{"origin":14574,"position":2},"title":"Elogio \u00e9 Bom e Quem Recebe Gosta","author":"Gerson Guelmann","date":"23 de setembro de 2019","format":false,"excerpt":"Meses atr\u00e1s elogiei o atendimento que recebi em dois lugares: a Unidade B\u00e1sica de Sa\u00fade onde fui tomar a vacina contra gripe e a ag\u00eancia do Banco do Brasil que costumo frequentar. N\u00e3o retornei ao posto de sa\u00fade, mas no banco me agradeceram o registro que fiz no SAC da\u2026","rel":"","context":"Em &quot;Sem categoria&quot;","block_context":{"text":"Sem categoria","link":"https:\/\/gersonguelmann.com.br\/blog\/category\/sem-categoria\/"},"img":{"alt_text":"","src":"https:\/\/i0.wp.com\/gersonguelmann.com.br\/blog\/wp-content\/uploads\/2019\/09\/Elogio.jpg?resize=350%2C200&ssl=1","width":350,"height":200},"classes":[]},{"id":8766,"url":"https:\/\/gersonguelmann.com.br\/blog\/eduarda-precisa-de-sangue-compartilhe-por-favor\/","url_meta":{"origin":14574,"position":3},"title":"A Eduarda Precisa de Sangue! Compartilhe, Por Favor!","author":"Gerson Guelmann","date":"18 de fevereiro de 2018","format":false,"excerpt":"A pequena\u00a0Eduarda Bittencourt \u00e9 de Joinville e fez um transplante de medula dia 07\/02 no Hospital Pequeno Pr\u00edncipe aqui em Curitiba. Infelizmente surgiram complica\u00e7\u00f5es no tratamento e ela est\u00e1 necessitando urgentemente de doadores de sangue dos tipos A- e O-. A Eduarda corre risco de vida, pois n\u00e3o tem defesa\u2026","rel":"","context":"Em &quot;Sem categoria&quot;","block_context":{"text":"Sem categoria","link":"https:\/\/gersonguelmann.com.br\/blog\/category\/sem-categoria\/"},"img":{"alt_text":"","src":"https:\/\/i0.wp.com\/gersonguelmann.com.br\/blog\/wp-content\/uploads\/2018\/02\/Eduarda-1.png?fit=905%2C1200&ssl=1&resize=350%2C200","width":350,"height":200,"srcset":"https:\/\/i0.wp.com\/gersonguelmann.com.br\/blog\/wp-content\/uploads\/2018\/02\/Eduarda-1.png?fit=905%2C1200&ssl=1&resize=350%2C200 1x, https:\/\/i0.wp.com\/gersonguelmann.com.br\/blog\/wp-content\/uploads\/2018\/02\/Eduarda-1.png?fit=905%2C1200&ssl=1&resize=525%2C300 1.5x, https:\/\/i0.wp.com\/gersonguelmann.com.br\/blog\/wp-content\/uploads\/2018\/02\/Eduarda-1.png?fit=905%2C1200&ssl=1&resize=700%2C400 2x"},"classes":[]},{"id":25257,"url":"https:\/\/gersonguelmann.com.br\/blog\/tres-na-quarta-de-humor-judaico-35\/","url_meta":{"origin":14574,"position":4},"title":"Tr\u00eas na Quarta de Humor Judaico","author":"Gerson Guelmann","date":"30 de abril de 2025","format":false,"excerpt":"Moishe e Sua Brincadeira Sexual Moishe, cheio de amor para dar, olhou para a esposa e disse:\u2014 Ruth, acho que a gente devia apimentar um pouco nossa vida \u00edntima. Pod\u00edamos fazer um joguinho de faz de conta, uma encena\u00e7\u00e3o.Mesmo sem nenhuma disposi\u00e7\u00e3o para o sexo e j\u00e1 pensando em como\u2026","rel":"","context":"Em &quot;Sem categoria&quot;","block_context":{"text":"Sem categoria","link":"https:\/\/gersonguelmann.com.br\/blog\/category\/sem-categoria\/"},"img":{"alt_text":"","src":"https:\/\/i0.wp.com\/gersonguelmann.com.br\/blog\/wp-content\/uploads\/2025\/04\/HojePR-38.jpg?fit=600%2C450&ssl=1&resize=350%2C200","width":350,"height":200,"srcset":"https:\/\/i0.wp.com\/gersonguelmann.com.br\/blog\/wp-content\/uploads\/2025\/04\/HojePR-38.jpg?fit=600%2C450&ssl=1&resize=350%2C200 1x, https:\/\/i0.wp.com\/gersonguelmann.com.br\/blog\/wp-content\/uploads\/2025\/04\/HojePR-38.jpg?fit=600%2C450&ssl=1&resize=525%2C300 1.5x"},"classes":[]},{"id":19604,"url":"https:\/\/gersonguelmann.com.br\/blog\/meus-amigos-velhinhos-vamos-aderir-a-maconha\/","url_meta":{"origin":14574,"position":5},"title":"Meus Amigos Velhinhos, Vamos Aderir \u00e0 Maconha!","author":"Gerson Guelmann","date":"4 de janeiro de 2020","format":false,"excerpt":"N\u00e3o se surpreenda e nem se assuste com o t\u00edtulo. A mat\u00e9ria que vou compartilhar j\u00e1 tem mais de 3 anos, mas achei interessante postar aqui para que os meus amigos idosos saibam que de acordo com estudo realizado nos Estados Unidos, os velhinhos que usam maconha tomam menos rem\u00e9dios.\u2026","rel":"","context":"Em &quot;Sem categoria&quot;","block_context":{"text":"Sem categoria","link":"https:\/\/gersonguelmann.com.br\/blog\/category\/sem-categoria\/"},"img":{"alt_text":"","src":"https:\/\/i0.wp.com\/gersonguelmann.com.br\/blog\/wp-content\/uploads\/2020\/01\/Maconha.jpeg?fit=480%2C720&ssl=1&resize=350%2C200","width":350,"height":200},"classes":[]}],"jetpack_sharing_enabled":true,"post_mailing_queue_ids":[],"_links":{"self":[{"href":"https:\/\/gersonguelmann.com.br\/blog\/wp-json\/wp\/v2\/posts\/14574","targetHints":{"allow":["GET"]}}],"collection":[{"href":"https:\/\/gersonguelmann.com.br\/blog\/wp-json\/wp\/v2\/posts"}],"about":[{"href":"https:\/\/gersonguelmann.com.br\/blog\/wp-json\/wp\/v2\/types\/post"}],"author":[{"embeddable":true,"href":"https:\/\/gersonguelmann.com.br\/blog\/wp-json\/wp\/v2\/users\/5"}],"replies":[{"embeddable":true,"href":"https:\/\/gersonguelmann.com.br\/blog\/wp-json\/wp\/v2\/comments?post=14574"}],"version-history":[{"count":0,"href":"https:\/\/gersonguelmann.com.br\/blog\/wp-json\/wp\/v2\/posts\/14574\/revisions"}],"wp:featuredmedia":[{"embeddable":true,"href":"https:\/\/gersonguelmann.com.br\/blog\/wp-json\/wp\/v2\/media\/14575"}],"wp:attachment":[{"href":"https:\/\/gersonguelmann.com.br\/blog\/wp-json\/wp\/v2\/media?parent=14574"}],"wp:term":[{"taxonomy":"category","embeddable":true,"href":"https:\/\/gersonguelmann.com.br\/blog\/wp-json\/wp\/v2\/categories?post=14574"},{"taxonomy":"post_tag","embeddable":true,"href":"https:\/\/gersonguelmann.com.br\/blog\/wp-json\/wp\/v2\/tags?post=14574"}],"curies":[{"name":"wp","href":"https:\/\/api.w.org\/{rel}","templated":true}]}}