    {"id":14578,"date":"2018-07-10T14:22:23","date_gmt":"2018-07-10T17:22:23","guid":{"rendered":"https:\/\/gersonguelmann.com.br\/blog\/?p=14578"},"modified":"2018-07-10T14:22:23","modified_gmt":"2018-07-10T17:22:23","slug":"o-passo-a-passo-do-plano-para-libertar-lula","status":"publish","type":"post","link":"https:\/\/gersonguelmann.com.br\/blog\/o-passo-a-passo-do-plano-para-libertar-lula\/","title":{"rendered":"O Passo-a-Passo do Plano Para Libertar Lula"},"content":{"rendered":"<p><span style=\"color: #000000; font-family: georgia, palatino, serif; font-size: 18pt;\">O jornalista Ricardo Noblat, em sua coluna de hoje, trouxe um roteiro mostrando como foi a montagem do plano para permitir a sa\u00edda do Lula da pris\u00e3o em Curitiba.<\/span><\/p>\n<p><span style=\"color: #000000; font-family: georgia, palatino, serif; font-size: 18pt;\">Acompanhe:<\/span><\/p>\n<div class=\"amp-wp-category\"><span style=\"color: #000000; font-size: 14pt;\">Brasil,\u00a0Pol\u00edtica<\/span><\/div>\n<p class=\"amp-wp-title\"><span style=\"font-size: 24pt;\"><strong><span style=\"color: #000000;\">A hist\u00f3ria do golpe do PT para soltar Lula<\/span><\/strong><\/span><\/p>\n<p class=\"amp-wp-title\"><span style=\"font-size: 18pt;\"><strong><span style=\"color: #000000;\">Mesmo que n\u00e3o desse certo, a Justi\u00e7a ficaria mal, como ficou<\/span><\/strong><\/span><\/p>\n<p class=\"amp-wp-title\"><span style=\"color: #000000;\">Por\u00a0<\/span><strong style=\"color: #000000;\">Ricardo Noblat\u00a0<\/strong><\/p>\n<p class=\"amp-wp-title\"><span style=\"color: #000000;\">10 jul 2018, 10h53 &#8211; Publicado em 10 jul 2018, 07h00<\/span><\/p>\n<p><span style=\"color: #000000; font-size: 14pt;\">Foi tudo pensado e discutido \u00e0 exaust\u00e3o com a dire\u00e7\u00e3o do partido, advogados de defesa de\u00a0<a style=\"color: #000000;\" href=\"https:\/\/veja.abril.com.br\/noticias-sobre\/luiz-inacio-lula-da-silva\/\">Lula<\/a>\u00a0e com o pr\u00f3prio Lula. Come\u00e7ou quando na semana passada, por meio de um amigo comum, o desembargador Rog\u00e9rio Favreto avisou ao deputado Paulo Pimenta (PT-RS) que seria o respons\u00e1vel no fim de semana pelo plant\u00e3o do Tribunal Regional Federal da 4\u00aa Regi\u00e3o, em Porto Alegre.<\/span><\/p>\n<p><span style=\"color: #000000; font-size: 14pt;\">Favreto e Pimenta s\u00e3o amigos de longa data. O desembargador foi filiado ao PT durante 19 anos e fez sua carreira \u00e0 sombra do partido. Conheceram-se em Porto Alegre, Favreto como advogado, Pimenta como prefeito de Santa Maria e depois como deputado estadual. Voltaram a se encontrar em Bras\u00edlia \u2013 Favreto como assessor de Lula presidente, Pimenta como deputado federal.<\/span><\/p>\n<p><span style=\"color: #000000; font-size: 14pt;\">O aviso da Favreto para Pimenta embutia a sugest\u00e3o de que ele, como plantonista, acataria um\u00a0pedido de habeas corpus para soltar Lula. Pimenta, primeiro, conversou a respeito com o deputado Waldih Damous (PT-RJ). Depois com o deputado Paulo Teixeira (PT-SP). Os dois aprovaram a ideia. A senadora Gleisi Hoffmann, presidente do partido, foi consultada em seguida e, de in\u00edcio, hesitou. Seria uma jogada arriscada.<\/span><\/p>\n<p><span style=\"color: #000000; font-size: 14pt;\">De todo modo, segundo Gleisi, nada poderia ser feito sem que antes fossem ouvidos alguns dos advogados que defendem Lula e naturalmente o encarcerado. Roberto Teixeira e Cristiano Zanin, seu genro, deram seu aval \u00e0 trama. N\u00e3o se associariam a ela porque s\u00e3o autores de outras a\u00e7\u00f5es que pedem a liberta\u00e7\u00e3o de Lula e que tramitam em tribunais superiores. Pegaria mal para eles. E duvidavam do sucesso da trama.<\/span><\/p>\n<p><span style=\"color: #000000; font-size: 14pt;\">Submetido o assunto ao exame de Lula, primeiro ele disse n\u00e3o. Achava imposs\u00edvel que um simples\u00a0despacho de um desembargador de plant\u00e3o fosse capaz de tir\u00e1-lo da cadeia. Mas depois de horas de discuss\u00e3o com Gleisi e com os advogados, acabou convencido de que pouco teria a perder. Se ficasse solto por algumas horas, teria tempo para gravar v\u00eddeos a serem divulgados quando voltasse a ser preso.<\/span><\/p>\n<p><span style=\"color: #000000; font-size: 14pt;\">De resto, uma eventual soltura, mesmo que revogada depois do fim do plant\u00e3o de Favreto, serviria para desgastar a imagem da Justi\u00e7a e refor\u00e7ar a dele, de perseguido por ela. Como \u00e9 poss\u00edvel que a Justi\u00e7a libere tantos condenados, mande para pris\u00e3o domiciliar tantos outros, e somente ele continue preso? \u2013 perguntou-se Lula. \u00c9 um falso argumento, esse, mas \u00e0 hist\u00f3ria do golpe tentado pelo PT n\u00e3o importa.<\/span><\/p>\n<p><span style=\"color: #000000; font-size: 14pt;\">Meia hora depois do in\u00edcio do plant\u00e3o de Favreto na \u00faltima sexta-feira, Pimenta, Damous e Teixeira protocolaram no tribunal o pedido de liberdade de Lula. No dia seguinte, ficaram sabendo que Favreto aprontara seu despacho, mas que preferira s\u00f3 envi\u00e1-lo \u00e0 Pol\u00edcia Federal no domingo de manh\u00e3 cedo. Antes das 10h do domingo, uma c\u00f3pia do despacho foi levada em m\u00e3os para Lula.<\/span><\/p>\n<p><span style=\"color: #000000; font-size: 14pt;\">A not\u00edcia de que Lula seria solto s\u00f3 se tornou p\u00fablica por volta do meio-dia. \u00c0quela altura, o contragolpe j\u00e1 estava em marcha. De f\u00e9rias em Portugal, o\u00a0juiz S\u00e9rgio Moro telefonou para a delegado da Pol\u00edcia Federal em Curitiba e disse que n\u00e3o era para soltar Lula. Acionou o ministro Thompson Flores, presidente do tribunal, que por sua vez informou a Raul Jungmann, ministro da Seguran\u00e7a P\u00fablica, que Lula permaneceria preso.<\/span><\/p>\n<p><span style=\"color: #000000; font-size: 14pt;\">O resto \u00e9 hist\u00f3ria conhecida.<\/span><\/p>\n<p><span style=\"color: #000000; font-family: georgia, palatino, serif; font-size: 18pt;\">O Blog do Ricardo Noblat pode ser acessado <span style=\"color: #0000ff;\"><a style=\"color: #0000ff;\" href=\"https:\/\/veja.abril.com.br\/blog\/noblat\/a-historia-do-golpe-do-pt-para-soltar-lula\/amp\/\"><em><strong>aqui<\/strong><\/em><\/a><\/span>.<\/span><\/p>\n<p style=\"text-align: center;\"><span style=\"color: #000000;\"><img data-recalc-dims=\"1\" fetchpriority=\"high\" decoding=\"async\" data-attachment-id=\"14579\" data-permalink=\"https:\/\/gersonguelmann.com.br\/blog\/o-passo-a-passo-do-plano-para-libertar-lula\/plano\/\" data-orig-file=\"https:\/\/i0.wp.com\/gersonguelmann.com.br\/blog\/wp-content\/uploads\/2018\/07\/Plano.jpg?fit=750%2C500&amp;ssl=1\" data-orig-size=\"750,500\" data-comments-opened=\"1\" data-image-meta=\"{&quot;aperture&quot;:&quot;0&quot;,&quot;credit&quot;:&quot;&quot;,&quot;camera&quot;:&quot;&quot;,&quot;caption&quot;:&quot;&quot;,&quot;created_timestamp&quot;:&quot;0&quot;,&quot;copyright&quot;:&quot;&quot;,&quot;focal_length&quot;:&quot;0&quot;,&quot;iso&quot;:&quot;0&quot;,&quot;shutter_speed&quot;:&quot;0&quot;,&quot;title&quot;:&quot;&quot;,&quot;orientation&quot;:&quot;0&quot;}\" data-image-title=\"Plano\" data-image-description=\"\" data-image-caption=\"\" data-medium-file=\"https:\/\/i0.wp.com\/gersonguelmann.com.br\/blog\/wp-content\/uploads\/2018\/07\/Plano.jpg?fit=300%2C200&amp;ssl=1\" data-large-file=\"https:\/\/i0.wp.com\/gersonguelmann.com.br\/blog\/wp-content\/uploads\/2018\/07\/Plano.jpg?fit=640%2C427&amp;ssl=1\" class=\"alignnone size-medium wp-image-14579\" src=\"https:\/\/i0.wp.com\/gersonguelmann.com.br\/blog\/wp-content\/uploads\/2018\/07\/Plano.jpg?resize=300%2C200&#038;ssl=1\" alt=\"\" width=\"300\" height=\"200\" srcset=\"https:\/\/i0.wp.com\/gersonguelmann.com.br\/blog\/wp-content\/uploads\/2018\/07\/Plano.jpg?resize=300%2C200&amp;ssl=1 300w, https:\/\/i0.wp.com\/gersonguelmann.com.br\/blog\/wp-content\/uploads\/2018\/07\/Plano.jpg?w=750&amp;ssl=1 750w\" sizes=\"(max-width: 300px) 100vw, 300px\" \/><\/span><\/p>\n","protected":false},"excerpt":{"rendered":"<p>O jornalista Ricardo Noblat, em sua coluna de hoje, trouxe um roteiro mostrando como foi a montagem do plano para permitir a sa\u00edda do Lula da pris\u00e3o em Curitiba. Acompanhe: Brasil,\u00a0Pol\u00edtica A hist\u00f3ria do golpe do PT para soltar Lula Mesmo que n\u00e3o desse certo, a Justi\u00e7a ficaria mal, como ficou Por\u00a0Ricardo Noblat\u00a0 10 jul [&hellip;]<\/p>\n","protected":false},"author":5,"featured_media":14579,"comment_status":"open","ping_status":"open","sticky":false,"template":"","format":"standard","meta":{"_acf_changed":false,"jetpack_post_was_ever_published":false,"_jetpack_newsletter_access":"","_jetpack_dont_email_post_to_subs":false,"_jetpack_newsletter_tier_id":0,"_jetpack_memberships_contains_paywalled_content":false,"_jetpack_memberships_contains_paid_content":false,"footnotes":"","jetpack_publicize_message":"","jetpack_publicize_feature_enabled":true,"jetpack_social_post_already_shared":true,"jetpack_social_options":{"image_generator_settings":{"template":"highway","default_image_id":0,"font":"","enabled":false},"version":2}},"categories":[1],"tags":[],"class_list":["post-14578","post","type-post","status-publish","format-standard","has-post-thumbnail","hentry","category-sem-categoria"],"acf":[],"yoast_head":"<!-- This site is optimized with the Yoast SEO plugin v27.3 - https:\/\/yoast.com\/product\/yoast-seo-wordpress\/ -->\n<title>O Passo-a-Passo do Plano Para Libertar Lula | Blog do Guelmann<\/title>\n<meta name=\"robots\" content=\"index, follow, max-snippet:-1, max-image-preview:large, max-video-preview:-1\" \/>\n<link rel=\"canonical\" href=\"https:\/\/gersonguelmann.com.br\/blog\/o-passo-a-passo-do-plano-para-libertar-lula\/\" \/>\n<meta property=\"og:locale\" content=\"pt_BR\" \/>\n<meta property=\"og:type\" content=\"article\" \/>\n<meta property=\"og:title\" content=\"O Passo-a-Passo do Plano Para Libertar Lula | Blog do Guelmann\" \/>\n<meta property=\"og:description\" content=\"O jornalista Ricardo Noblat, em sua coluna de hoje, trouxe um roteiro mostrando como foi a montagem do plano para permitir a sa\u00edda do Lula da pris\u00e3o em Curitiba. Acompanhe: Brasil,\u00a0Pol\u00edtica A hist\u00f3ria do golpe do PT para soltar Lula Mesmo que n\u00e3o desse certo, a Justi\u00e7a ficaria mal, como ficou Por\u00a0Ricardo Noblat\u00a0 10 jul [&hellip;]\" \/>\n<meta property=\"og:url\" content=\"https:\/\/gersonguelmann.com.br\/blog\/o-passo-a-passo-do-plano-para-libertar-lula\/\" \/>\n<meta property=\"og:site_name\" content=\"Blog do Guelmann\" \/>\n<meta property=\"article:published_time\" content=\"2018-07-10T17:22:23+00:00\" \/>\n<meta property=\"og:image\" content=\"https:\/\/i0.wp.com\/gersonguelmann.com.br\/blog\/wp-content\/uploads\/2018\/07\/Plano.jpg?fit=750%2C500&ssl=1\" \/>\n\t<meta property=\"og:image:width\" content=\"750\" \/>\n\t<meta property=\"og:image:height\" content=\"500\" \/>\n\t<meta property=\"og:image:type\" content=\"image\/jpeg\" \/>\n<meta name=\"author\" content=\"Gerson Guelmann\" \/>\n<meta name=\"twitter:card\" content=\"summary_large_image\" \/>\n<meta name=\"twitter:label1\" content=\"Escrito por\" \/>\n\t<meta name=\"twitter:data1\" content=\"Gerson Guelmann\" \/>\n\t<meta name=\"twitter:label2\" content=\"Est. tempo de leitura\" \/>\n\t<meta name=\"twitter:data2\" content=\"3 minutos\" \/>\n<script type=\"application\/ld+json\" class=\"yoast-schema-graph\">{\"@context\":\"https:\\\/\\\/schema.org\",\"@graph\":[{\"@type\":\"Article\",\"@id\":\"https:\\\/\\\/gersonguelmann.com.br\\\/blog\\\/o-passo-a-passo-do-plano-para-libertar-lula\\\/#article\",\"isPartOf\":{\"@id\":\"https:\\\/\\\/gersonguelmann.com.br\\\/blog\\\/o-passo-a-passo-do-plano-para-libertar-lula\\\/\"},\"author\":{\"name\":\"Gerson Guelmann\",\"@id\":\"https:\\\/\\\/gersonguelmann.com.br\\\/blog\\\/#\\\/schema\\\/person\\\/87e70e2a786888082f941a482c90569e\"},\"headline\":\"O Passo-a-Passo do Plano Para Libertar Lula\",\"datePublished\":\"2018-07-10T17:22:23+00:00\",\"mainEntityOfPage\":{\"@id\":\"https:\\\/\\\/gersonguelmann.com.br\\\/blog\\\/o-passo-a-passo-do-plano-para-libertar-lula\\\/\"},\"wordCount\":649,\"commentCount\":0,\"image\":{\"@id\":\"https:\\\/\\\/gersonguelmann.com.br\\\/blog\\\/o-passo-a-passo-do-plano-para-libertar-lula\\\/#primaryimage\"},\"thumbnailUrl\":\"https:\\\/\\\/i0.wp.com\\\/gersonguelmann.com.br\\\/blog\\\/wp-content\\\/uploads\\\/2018\\\/07\\\/Plano.jpg?fit=750%2C500&ssl=1\",\"inLanguage\":\"pt-BR\",\"potentialAction\":[{\"@type\":\"CommentAction\",\"name\":\"Comment\",\"target\":[\"https:\\\/\\\/gersonguelmann.com.br\\\/blog\\\/o-passo-a-passo-do-plano-para-libertar-lula\\\/#respond\"]}]},{\"@type\":\"WebPage\",\"@id\":\"https:\\\/\\\/gersonguelmann.com.br\\\/blog\\\/o-passo-a-passo-do-plano-para-libertar-lula\\\/\",\"url\":\"https:\\\/\\\/gersonguelmann.com.br\\\/blog\\\/o-passo-a-passo-do-plano-para-libertar-lula\\\/\",\"name\":\"O Passo-a-Passo do Plano Para Libertar Lula | Blog do Guelmann\",\"isPartOf\":{\"@id\":\"https:\\\/\\\/gersonguelmann.com.br\\\/blog\\\/#website\"},\"primaryImageOfPage\":{\"@id\":\"https:\\\/\\\/gersonguelmann.com.br\\\/blog\\\/o-passo-a-passo-do-plano-para-libertar-lula\\\/#primaryimage\"},\"image\":{\"@id\":\"https:\\\/\\\/gersonguelmann.com.br\\\/blog\\\/o-passo-a-passo-do-plano-para-libertar-lula\\\/#primaryimage\"},\"thumbnailUrl\":\"https:\\\/\\\/i0.wp.com\\\/gersonguelmann.com.br\\\/blog\\\/wp-content\\\/uploads\\\/2018\\\/07\\\/Plano.jpg?fit=750%2C500&ssl=1\",\"datePublished\":\"2018-07-10T17:22:23+00:00\",\"author\":{\"@id\":\"https:\\\/\\\/gersonguelmann.com.br\\\/blog\\\/#\\\/schema\\\/person\\\/87e70e2a786888082f941a482c90569e\"},\"inLanguage\":\"pt-BR\",\"potentialAction\":[{\"@type\":\"ReadAction\",\"target\":[\"https:\\\/\\\/gersonguelmann.com.br\\\/blog\\\/o-passo-a-passo-do-plano-para-libertar-lula\\\/\"]}]},{\"@type\":\"ImageObject\",\"inLanguage\":\"pt-BR\",\"@id\":\"https:\\\/\\\/gersonguelmann.com.br\\\/blog\\\/o-passo-a-passo-do-plano-para-libertar-lula\\\/#primaryimage\",\"url\":\"https:\\\/\\\/i0.wp.com\\\/gersonguelmann.com.br\\\/blog\\\/wp-content\\\/uploads\\\/2018\\\/07\\\/Plano.jpg?fit=750%2C500&ssl=1\",\"contentUrl\":\"https:\\\/\\\/i0.wp.com\\\/gersonguelmann.com.br\\\/blog\\\/wp-content\\\/uploads\\\/2018\\\/07\\\/Plano.jpg?fit=750%2C500&ssl=1\",\"width\":750,\"height\":500},{\"@type\":\"WebSite\",\"@id\":\"https:\\\/\\\/gersonguelmann.com.br\\\/blog\\\/#website\",\"url\":\"https:\\\/\\\/gersonguelmann.com.br\\\/blog\\\/\",\"name\":\"Blog do Guelmann\",\"description\":\"Pitadas da sabedoria e do humor judaicos, assuntos do momento e um pouco das hist\u00f3rias que vivi e testemunhei.\",\"potentialAction\":[{\"@type\":\"SearchAction\",\"target\":{\"@type\":\"EntryPoint\",\"urlTemplate\":\"https:\\\/\\\/gersonguelmann.com.br\\\/blog\\\/?s={search_term_string}\"},\"query-input\":{\"@type\":\"PropertyValueSpecification\",\"valueRequired\":true,\"valueName\":\"search_term_string\"}}],\"inLanguage\":\"pt-BR\"},{\"@type\":\"Person\",\"@id\":\"https:\\\/\\\/gersonguelmann.com.br\\\/blog\\\/#\\\/schema\\\/person\\\/87e70e2a786888082f941a482c90569e\",\"name\":\"Gerson Guelmann\",\"image\":{\"@type\":\"ImageObject\",\"inLanguage\":\"pt-BR\",\"@id\":\"https:\\\/\\\/i0.wp.com\\\/gersonguelmann.com.br\\\/blog\\\/wp-content\\\/uploads\\\/2021\\\/08\\\/BLOG.jpeg?fit=96%2C96&ssl=1\",\"url\":\"https:\\\/\\\/i0.wp.com\\\/gersonguelmann.com.br\\\/blog\\\/wp-content\\\/uploads\\\/2021\\\/08\\\/BLOG.jpeg?fit=96%2C96&ssl=1\",\"contentUrl\":\"https:\\\/\\\/i0.wp.com\\\/gersonguelmann.com.br\\\/blog\\\/wp-content\\\/uploads\\\/2021\\\/08\\\/BLOG.jpeg?fit=96%2C96&ssl=1\",\"caption\":\"Gerson Guelmann\"},\"description\":\"Pitadas da sabedoria e do humor judaicos, assuntos do momento e um pouco das hist\u00f3rias que vivi e testemunhei.\"}]}<\/script>\n<!-- \/ Yoast SEO plugin. -->","yoast_head_json":{"title":"O Passo-a-Passo do Plano Para Libertar Lula | Blog do Guelmann","robots":{"index":"index","follow":"follow","max-snippet":"max-snippet:-1","max-image-preview":"max-image-preview:large","max-video-preview":"max-video-preview:-1"},"canonical":"https:\/\/gersonguelmann.com.br\/blog\/o-passo-a-passo-do-plano-para-libertar-lula\/","og_locale":"pt_BR","og_type":"article","og_title":"O Passo-a-Passo do Plano Para Libertar Lula | Blog do Guelmann","og_description":"O jornalista Ricardo Noblat, em sua coluna de hoje, trouxe um roteiro mostrando como foi a montagem do plano para permitir a sa\u00edda do Lula da pris\u00e3o em Curitiba. Acompanhe: Brasil,\u00a0Pol\u00edtica A hist\u00f3ria do golpe do PT para soltar Lula Mesmo que n\u00e3o desse certo, a Justi\u00e7a ficaria mal, como ficou Por\u00a0Ricardo Noblat\u00a0 10 jul [&hellip;]","og_url":"https:\/\/gersonguelmann.com.br\/blog\/o-passo-a-passo-do-plano-para-libertar-lula\/","og_site_name":"Blog do Guelmann","article_published_time":"2018-07-10T17:22:23+00:00","og_image":[{"width":750,"height":500,"url":"https:\/\/i0.wp.com\/gersonguelmann.com.br\/blog\/wp-content\/uploads\/2018\/07\/Plano.jpg?fit=750%2C500&ssl=1","type":"image\/jpeg"}],"author":"Gerson Guelmann","twitter_card":"summary_large_image","twitter_misc":{"Escrito por":"Gerson Guelmann","Est. tempo de leitura":"3 minutos"},"schema":{"@context":"https:\/\/schema.org","@graph":[{"@type":"Article","@id":"https:\/\/gersonguelmann.com.br\/blog\/o-passo-a-passo-do-plano-para-libertar-lula\/#article","isPartOf":{"@id":"https:\/\/gersonguelmann.com.br\/blog\/o-passo-a-passo-do-plano-para-libertar-lula\/"},"author":{"name":"Gerson Guelmann","@id":"https:\/\/gersonguelmann.com.br\/blog\/#\/schema\/person\/87e70e2a786888082f941a482c90569e"},"headline":"O Passo-a-Passo do Plano Para Libertar Lula","datePublished":"2018-07-10T17:22:23+00:00","mainEntityOfPage":{"@id":"https:\/\/gersonguelmann.com.br\/blog\/o-passo-a-passo-do-plano-para-libertar-lula\/"},"wordCount":649,"commentCount":0,"image":{"@id":"https:\/\/gersonguelmann.com.br\/blog\/o-passo-a-passo-do-plano-para-libertar-lula\/#primaryimage"},"thumbnailUrl":"https:\/\/i0.wp.com\/gersonguelmann.com.br\/blog\/wp-content\/uploads\/2018\/07\/Plano.jpg?fit=750%2C500&ssl=1","inLanguage":"pt-BR","potentialAction":[{"@type":"CommentAction","name":"Comment","target":["https:\/\/gersonguelmann.com.br\/blog\/o-passo-a-passo-do-plano-para-libertar-lula\/#respond"]}]},{"@type":"WebPage","@id":"https:\/\/gersonguelmann.com.br\/blog\/o-passo-a-passo-do-plano-para-libertar-lula\/","url":"https:\/\/gersonguelmann.com.br\/blog\/o-passo-a-passo-do-plano-para-libertar-lula\/","name":"O Passo-a-Passo do Plano Para Libertar Lula | Blog do Guelmann","isPartOf":{"@id":"https:\/\/gersonguelmann.com.br\/blog\/#website"},"primaryImageOfPage":{"@id":"https:\/\/gersonguelmann.com.br\/blog\/o-passo-a-passo-do-plano-para-libertar-lula\/#primaryimage"},"image":{"@id":"https:\/\/gersonguelmann.com.br\/blog\/o-passo-a-passo-do-plano-para-libertar-lula\/#primaryimage"},"thumbnailUrl":"https:\/\/i0.wp.com\/gersonguelmann.com.br\/blog\/wp-content\/uploads\/2018\/07\/Plano.jpg?fit=750%2C500&ssl=1","datePublished":"2018-07-10T17:22:23+00:00","author":{"@id":"https:\/\/gersonguelmann.com.br\/blog\/#\/schema\/person\/87e70e2a786888082f941a482c90569e"},"inLanguage":"pt-BR","potentialAction":[{"@type":"ReadAction","target":["https:\/\/gersonguelmann.com.br\/blog\/o-passo-a-passo-do-plano-para-libertar-lula\/"]}]},{"@type":"ImageObject","inLanguage":"pt-BR","@id":"https:\/\/gersonguelmann.com.br\/blog\/o-passo-a-passo-do-plano-para-libertar-lula\/#primaryimage","url":"https:\/\/i0.wp.com\/gersonguelmann.com.br\/blog\/wp-content\/uploads\/2018\/07\/Plano.jpg?fit=750%2C500&ssl=1","contentUrl":"https:\/\/i0.wp.com\/gersonguelmann.com.br\/blog\/wp-content\/uploads\/2018\/07\/Plano.jpg?fit=750%2C500&ssl=1","width":750,"height":500},{"@type":"WebSite","@id":"https:\/\/gersonguelmann.com.br\/blog\/#website","url":"https:\/\/gersonguelmann.com.br\/blog\/","name":"Blog do Guelmann","description":"Pitadas da sabedoria e do humor judaicos, assuntos do momento e um pouco das hist\u00f3rias que vivi e testemunhei.","potentialAction":[{"@type":"SearchAction","target":{"@type":"EntryPoint","urlTemplate":"https:\/\/gersonguelmann.com.br\/blog\/?s={search_term_string}"},"query-input":{"@type":"PropertyValueSpecification","valueRequired":true,"valueName":"search_term_string"}}],"inLanguage":"pt-BR"},{"@type":"Person","@id":"https:\/\/gersonguelmann.com.br\/blog\/#\/schema\/person\/87e70e2a786888082f941a482c90569e","name":"Gerson Guelmann","image":{"@type":"ImageObject","inLanguage":"pt-BR","@id":"https:\/\/i0.wp.com\/gersonguelmann.com.br\/blog\/wp-content\/uploads\/2021\/08\/BLOG.jpeg?fit=96%2C96&ssl=1","url":"https:\/\/i0.wp.com\/gersonguelmann.com.br\/blog\/wp-content\/uploads\/2021\/08\/BLOG.jpeg?fit=96%2C96&ssl=1","contentUrl":"https:\/\/i0.wp.com\/gersonguelmann.com.br\/blog\/wp-content\/uploads\/2021\/08\/BLOG.jpeg?fit=96%2C96&ssl=1","caption":"Gerson Guelmann"},"description":"Pitadas da sabedoria e do humor judaicos, assuntos do momento e um pouco das hist\u00f3rias que vivi e testemunhei."}]}},"views":30,"jetpack_publicize_connections":[],"jetpack_featured_media_url":"https:\/\/i0.wp.com\/gersonguelmann.com.br\/blog\/wp-content\/uploads\/2018\/07\/Plano.jpg?fit=750%2C500&ssl=1","jetpack_shortlink":"https:\/\/wp.me\/p96e7O-3N8","jetpack-related-posts":[{"id":11285,"url":"https:\/\/gersonguelmann.com.br\/blog\/em-curitiba-pf-prepara-cela-para-receber-lula\/","url_meta":{"origin":14578,"position":0},"title":"Em Curitiba PF Prepara Cela Para Receber Lula","author":"Gerson Guelmann","date":"5 de abril de 2018","format":false,"excerpt":"PF prepara cela exclusiva para receber Lula em Curitiba Ideia \u00e9 manter ex-presidente afastado de outros presos, como Palocci e L\u00e9o Pinheiro BRAS\u00cdLIA \u2014 Com a chance do ex-presidente Luiz In\u00e1cio\u00a0Lula\u00a0da Silva ser preso potencializada pela decis\u00e3o do Supremo Tribunal Federal (STF), que negou o\u00a0habeas corpus\u00a0preventivo pedido pela defesa do\u2026","rel":"","context":"Em &quot;Sem categoria&quot;","block_context":{"text":"Sem categoria","link":"https:\/\/gersonguelmann.com.br\/blog\/category\/sem-categoria\/"},"img":{"alt_text":"","src":"https:\/\/i0.wp.com\/gersonguelmann.com.br\/blog\/wp-content\/uploads\/2018\/04\/PF-300x168.jpg?resize=350%2C200&ssl=1","width":350,"height":200},"classes":[]},{"id":19745,"url":"https:\/\/gersonguelmann.com.br\/blog\/lula-livre-pero-no-mucho\/","url_meta":{"origin":14578,"position":1},"title":"Lula Livre (pero no mucho)","author":"Gerson Guelmann","date":"17 de janeiro de 2020","format":false,"excerpt":"Como sabemos, Lula est\u00e1 livre desde meados de novembro. Desde ent\u00e3o cessaram os gritos de \"Lula Livre\" que partiam dos acampados pr\u00f3ximos \u00e0 Pol\u00edcia Federal em Curitiba e se faziam ouvir Brasil afora. S\u00f3 que a atua\u00e7\u00e3o do ex-presidente, desde ent\u00e3o, parece n\u00e3o ser do agrado de alguns de seus\u2026","rel":"","context":"Em &quot;Sem categoria&quot;","block_context":{"text":"Sem categoria","link":"https:\/\/gersonguelmann.com.br\/blog\/category\/sem-categoria\/"},"img":{"alt_text":"","src":"https:\/\/i0.wp.com\/gersonguelmann.com.br\/blog\/wp-content\/uploads\/2020\/01\/Lula.jpg?fit=1200%2C800&ssl=1&resize=350%2C200","width":350,"height":200,"srcset":"https:\/\/i0.wp.com\/gersonguelmann.com.br\/blog\/wp-content\/uploads\/2020\/01\/Lula.jpg?fit=1200%2C800&ssl=1&resize=350%2C200 1x, https:\/\/i0.wp.com\/gersonguelmann.com.br\/blog\/wp-content\/uploads\/2020\/01\/Lula.jpg?fit=1200%2C800&ssl=1&resize=525%2C300 1.5x, https:\/\/i0.wp.com\/gersonguelmann.com.br\/blog\/wp-content\/uploads\/2020\/01\/Lula.jpg?fit=1200%2C800&ssl=1&resize=700%2C400 2x, https:\/\/i0.wp.com\/gersonguelmann.com.br\/blog\/wp-content\/uploads\/2020\/01\/Lula.jpg?fit=1200%2C800&ssl=1&resize=1050%2C600 3x"},"classes":[]},{"id":11694,"url":"https:\/\/gersonguelmann.com.br\/blog\/com-lula-fora-da-disputa-joaquim-barbosa-cresce\/","url_meta":{"origin":14578,"position":2},"title":"Com Lula Fora da Disputa, Joaquim Barbosa Cresce","author":"Gerson Guelmann","date":"16 de abril de 2018","format":false,"excerpt":"Mat\u00e9ria publicada no El Pa\u00eds: ELEI\u00c7\u00d5ES 2018 \u201cJoaquim Barbosa se tornou o \u00fanico \u2018outsider\u2019 com chances de disputar e ganhar\u201d Para cientista pol\u00edtico Fernando Luiz Abrucio, levantar a bandeira do anti-Lula \u00e9 perigoso para a centro-direita, especialmente no segundo turno. Professor da FGV diz que PT tem at\u00e9 junho para\u2026","rel":"","context":"Em &quot;Sem categoria&quot;","block_context":{"text":"Sem categoria","link":"https:\/\/gersonguelmann.com.br\/blog\/category\/sem-categoria\/"},"img":{"alt_text":"","src":"https:\/\/i0.wp.com\/gersonguelmann.com.br\/blog\/wp-content\/uploads\/2018\/04\/JB.jpg?fit=1200%2C675&ssl=1&resize=350%2C200","width":350,"height":200,"srcset":"https:\/\/i0.wp.com\/gersonguelmann.com.br\/blog\/wp-content\/uploads\/2018\/04\/JB.jpg?fit=1200%2C675&ssl=1&resize=350%2C200 1x, https:\/\/i0.wp.com\/gersonguelmann.com.br\/blog\/wp-content\/uploads\/2018\/04\/JB.jpg?fit=1200%2C675&ssl=1&resize=525%2C300 1.5x, https:\/\/i0.wp.com\/gersonguelmann.com.br\/blog\/wp-content\/uploads\/2018\/04\/JB.jpg?fit=1200%2C675&ssl=1&resize=700%2C400 2x, https:\/\/i0.wp.com\/gersonguelmann.com.br\/blog\/wp-content\/uploads\/2018\/04\/JB.jpg?fit=1200%2C675&ssl=1&resize=1050%2C600 3x"},"classes":[]},{"id":10661,"url":"https:\/\/gersonguelmann.com.br\/blog\/o-que-acontece-agora-com-lula\/","url_meta":{"origin":14578,"position":3},"title":"O Que Acontece Agora Com Lula?","author":"Gerson Guelmann","date":"23 de mar\u00e7o de 2018","format":false,"excerpt":"Transcrevo mat\u00e9ria publicada hoje no site El Pa\u00eds: Recurso de Lula ser\u00e1 julgado na pr\u00f3xima segunda. Entenda o que acontece agora Caso a decis\u00e3o seja un\u00e2nime, ordem de pris\u00e3o poder\u00e1 ser emitida no mesmo dia O\u00a0Tribunal Regional Federal 4\u00a0(TRF4) marcou para a pr\u00f3xima segunda-feira, 26 de mar\u00e7o, \u00e0s 13h30, o\u2026","rel":"","context":"Em &quot;Sem categoria&quot;","block_context":{"text":"Sem categoria","link":"https:\/\/gersonguelmann.com.br\/blog\/category\/sem-categoria\/"},"img":{"alt_text":"","src":"https:\/\/i0.wp.com\/gersonguelmann.com.br\/blog\/wp-content\/uploads\/2018\/03\/Lula-2.jpg?fit=770%2C400&ssl=1&resize=350%2C200","width":350,"height":200,"srcset":"https:\/\/i0.wp.com\/gersonguelmann.com.br\/blog\/wp-content\/uploads\/2018\/03\/Lula-2.jpg?fit=770%2C400&ssl=1&resize=350%2C200 1x, https:\/\/i0.wp.com\/gersonguelmann.com.br\/blog\/wp-content\/uploads\/2018\/03\/Lula-2.jpg?fit=770%2C400&ssl=1&resize=525%2C300 1.5x, https:\/\/i0.wp.com\/gersonguelmann.com.br\/blog\/wp-content\/uploads\/2018\/03\/Lula-2.jpg?fit=770%2C400&ssl=1&resize=700%2C400 2x"},"classes":[]},{"id":13633,"url":"https:\/\/gersonguelmann.com.br\/blog\/diogo-portugal-imigrante-salva-crianca-danny-glover-tenta-salvar-lula\/","url_meta":{"origin":14578,"position":4},"title":"Diogo Portugal: Imigrante Salva Crian\u00e7a, Danny Glover Tenta Salvar Lula","author":"Gerson Guelmann","date":"4 de junho de 2018","format":false,"excerpt":"Foto:\u00a0Ricardo Stuckert No \u00faltimo stand-up, o Diogo Portugal fala sobre temas que estiveram na m\u00eddia na \u00faltima semana: o imigrante que salvou uma crian\u00e7a em Paris, a visita do ator\u00a0Danny Glover ao ex-presidente Lula e a demiss\u00e3o de Pedro Parente da presid\u00eancia da Petrobras. https:\/\/www.youtube.com\/watch?v=Km500DcVw1w&feature=youtu.be","rel":"","context":"Em &quot;Sem categoria&quot;","block_context":{"text":"Sem categoria","link":"https:\/\/gersonguelmann.com.br\/blog\/category\/sem-categoria\/"},"img":{"alt_text":"","src":"https:\/\/i0.wp.com\/gersonguelmann.com.br\/blog\/wp-content\/uploads\/2018\/06\/DG.jpg?fit=900%2C506&ssl=1&resize=350%2C200","width":350,"height":200,"srcset":"https:\/\/i0.wp.com\/gersonguelmann.com.br\/blog\/wp-content\/uploads\/2018\/06\/DG.jpg?fit=900%2C506&ssl=1&resize=350%2C200 1x, https:\/\/i0.wp.com\/gersonguelmann.com.br\/blog\/wp-content\/uploads\/2018\/06\/DG.jpg?fit=900%2C506&ssl=1&resize=525%2C300 1.5x, https:\/\/i0.wp.com\/gersonguelmann.com.br\/blog\/wp-content\/uploads\/2018\/06\/DG.jpg?fit=900%2C506&ssl=1&resize=700%2C400 2x"},"classes":[]},{"id":12713,"url":"https:\/\/gersonguelmann.com.br\/blog\/gilmar-quem-diria-votou-contra-lula\/","url_meta":{"origin":14578,"position":5},"title":"Gilmar, Quem Diria, Votou Contra Lula!","author":"Gerson Guelmann","date":"9 de maio de 2018","format":false,"excerpt":"Do site O Antagonista: GILMAR NEGA PEDIDO PARA QUE LULA SEJA SOLTO Brasil\u00a009.05.18 18:21 Gilmar Mendes votou no plen\u00e1rio virtual do STF contra o recurso apresentado pela defesa de Lula para reverter a sua pris\u00e3o, informa a Coluna do Estad\u00e3o. Com isso, tr\u00eas dos cinco ministros da Segunda Turma do\u2026","rel":"","context":"Em &quot;Sem categoria&quot;","block_context":{"text":"Sem categoria","link":"https:\/\/gersonguelmann.com.br\/blog\/category\/sem-categoria\/"},"img":{"alt_text":"","src":"https:\/\/i0.wp.com\/gersonguelmann.com.br\/blog\/wp-content\/uploads\/2018\/05\/download-6-300x146.jpg?resize=350%2C200&ssl=1","width":350,"height":200},"classes":[]}],"jetpack_sharing_enabled":true,"post_mailing_queue_ids":[],"_links":{"self":[{"href":"https:\/\/gersonguelmann.com.br\/blog\/wp-json\/wp\/v2\/posts\/14578","targetHints":{"allow":["GET"]}}],"collection":[{"href":"https:\/\/gersonguelmann.com.br\/blog\/wp-json\/wp\/v2\/posts"}],"about":[{"href":"https:\/\/gersonguelmann.com.br\/blog\/wp-json\/wp\/v2\/types\/post"}],"author":[{"embeddable":true,"href":"https:\/\/gersonguelmann.com.br\/blog\/wp-json\/wp\/v2\/users\/5"}],"replies":[{"embeddable":true,"href":"https:\/\/gersonguelmann.com.br\/blog\/wp-json\/wp\/v2\/comments?post=14578"}],"version-history":[{"count":0,"href":"https:\/\/gersonguelmann.com.br\/blog\/wp-json\/wp\/v2\/posts\/14578\/revisions"}],"wp:featuredmedia":[{"embeddable":true,"href":"https:\/\/gersonguelmann.com.br\/blog\/wp-json\/wp\/v2\/media\/14579"}],"wp:attachment":[{"href":"https:\/\/gersonguelmann.com.br\/blog\/wp-json\/wp\/v2\/media?parent=14578"}],"wp:term":[{"taxonomy":"category","embeddable":true,"href":"https:\/\/gersonguelmann.com.br\/blog\/wp-json\/wp\/v2\/categories?post=14578"},{"taxonomy":"post_tag","embeddable":true,"href":"https:\/\/gersonguelmann.com.br\/blog\/wp-json\/wp\/v2\/tags?post=14578"}],"curies":[{"name":"wp","href":"https:\/\/api.w.org\/{rel}","templated":true}]}}