    {"id":14581,"date":"2018-07-10T17:59:37","date_gmt":"2018-07-10T20:59:37","guid":{"rendered":"https:\/\/gersonguelmann.com.br\/blog\/?p=14581"},"modified":"2018-07-10T17:59:37","modified_gmt":"2018-07-10T20:59:37","slug":"lombada-nos-trilhos-no-brasil-que-eu-quero","status":"publish","type":"post","link":"https:\/\/gersonguelmann.com.br\/blog\/lombada-nos-trilhos-no-brasil-que-eu-quero\/","title":{"rendered":"Lombada Nos Trilhos No Brasil Que Eu Quero"},"content":{"rendered":"<p style=\"text-align: center;\"><img data-recalc-dims=\"1\" decoding=\"async\" data-attachment-id=\"14586\" data-permalink=\"https:\/\/gersonguelmann.com.br\/blog\/lombada-nos-trilhos-no-brasil-que-eu-quero\/trem-7\/\" data-orig-file=\"https:\/\/i0.wp.com\/gersonguelmann.com.br\/blog\/wp-content\/uploads\/2018\/07\/trem.jpg?fit=318%2C159&amp;ssl=1\" data-orig-size=\"318,159\" data-comments-opened=\"1\" data-image-meta=\"{&quot;aperture&quot;:&quot;0&quot;,&quot;credit&quot;:&quot;&quot;,&quot;camera&quot;:&quot;&quot;,&quot;caption&quot;:&quot;&quot;,&quot;created_timestamp&quot;:&quot;0&quot;,&quot;copyright&quot;:&quot;&quot;,&quot;focal_length&quot;:&quot;0&quot;,&quot;iso&quot;:&quot;0&quot;,&quot;shutter_speed&quot;:&quot;0&quot;,&quot;title&quot;:&quot;&quot;,&quot;orientation&quot;:&quot;0&quot;}\" data-image-title=\"trem\" data-image-description=\"\" data-image-caption=\"\" data-medium-file=\"https:\/\/i0.wp.com\/gersonguelmann.com.br\/blog\/wp-content\/uploads\/2018\/07\/trem.jpg?fit=300%2C150&amp;ssl=1\" data-large-file=\"https:\/\/i0.wp.com\/gersonguelmann.com.br\/blog\/wp-content\/uploads\/2018\/07\/trem.jpg?fit=318%2C159&amp;ssl=1\" class=\"alignnone size-medium wp-image-14586\" src=\"https:\/\/i0.wp.com\/gersonguelmann.com.br\/blog\/wp-content\/uploads\/2018\/07\/trem.jpg?resize=300%2C150&#038;ssl=1\" alt=\"\" width=\"300\" height=\"150\" srcset=\"https:\/\/i0.wp.com\/gersonguelmann.com.br\/blog\/wp-content\/uploads\/2018\/07\/trem.jpg?resize=300%2C150&amp;ssl=1 300w, https:\/\/i0.wp.com\/gersonguelmann.com.br\/blog\/wp-content\/uploads\/2018\/07\/trem.jpg?w=318&amp;ssl=1 318w\" sizes=\"(max-width: 300px) 100vw, 300px\" \/><\/p>\n<p><span style=\"font-family: georgia, palatino, serif; font-size: 18pt; color: #000000;\">Na campanha &#8220;O Brasil Que eu Quero&#8221; de vez em quando o Paran\u00e1 comparece com algumas propostas jocosas, as quais, \u00e9 claro, n\u00e3o v\u00e3o ao ar e s\u00e3o apenas divulgadas nas redes.<\/span><\/p>\n<p><span style=\"font-family: georgia, palatino, serif; font-size: 18pt; color: #000000;\">Tempos atr\u00e1s apareceu uma onde pediam que o mar do Paran\u00e1 tivesse menos sal.<\/span><\/p>\n<p><span style=\"font-family: georgia, palatino, serif; font-size: 18pt; color: #000000;\">A \u00faltima \u00e9 a da mo\u00e7a que pede lombadas nos trilhos do trem que passa pela cidade, para evitar o atropelamento de c\u00e3es.<\/span><\/p>\n<p><span class=\"embed-youtube\" style=\"text-align:center; display: block;\"><iframe class=\"youtube-player\" width=\"640\" height=\"360\" src=\"https:\/\/www.youtube.com\/embed\/BozVAiWKQeA?version=3&#038;rel=1&#038;showsearch=0&#038;showinfo=1&#038;iv_load_policy=1&#038;fs=1&#038;hl=pt-BR&#038;autohide=2&#038;wmode=transparent\" allowfullscreen=\"true\" style=\"border:0;\" sandbox=\"allow-scripts allow-same-origin allow-popups allow-presentation allow-popups-to-escape-sandbox\"><\/iframe><\/span><\/p>\n","protected":false},"excerpt":{"rendered":"<p>Na campanha &#8220;O Brasil Que eu Quero&#8221; de vez em quando o Paran\u00e1 comparece com algumas propostas jocosas, as quais, \u00e9 claro, n\u00e3o v\u00e3o ao ar e s\u00e3o apenas divulgadas nas redes. Tempos atr\u00e1s apareceu uma onde pediam que o mar do Paran\u00e1 tivesse menos sal. A \u00faltima \u00e9 a da mo\u00e7a que pede lombadas [&hellip;]<\/p>\n","protected":false},"author":5,"featured_media":14586,"comment_status":"open","ping_status":"open","sticky":false,"template":"","format":"standard","meta":{"_acf_changed":false,"jetpack_post_was_ever_published":false,"_jetpack_newsletter_access":"","_jetpack_dont_email_post_to_subs":false,"_jetpack_newsletter_tier_id":0,"_jetpack_memberships_contains_paywalled_content":false,"_jetpack_memberships_contains_paid_content":false,"footnotes":"","jetpack_publicize_message":"","jetpack_publicize_feature_enabled":true,"jetpack_social_post_already_shared":true,"jetpack_social_options":{"image_generator_settings":{"template":"highway","default_image_id":0,"font":"","enabled":false},"version":2}},"categories":[1],"tags":[],"class_list":["post-14581","post","type-post","status-publish","format-standard","has-post-thumbnail","hentry","category-sem-categoria"],"acf":[],"yoast_head":"<!-- This site is optimized with the Yoast SEO plugin v27.3 - https:\/\/yoast.com\/product\/yoast-seo-wordpress\/ -->\n<title>Lombada Nos Trilhos No Brasil Que Eu Quero | Blog do Guelmann<\/title>\n<meta name=\"robots\" content=\"index, follow, max-snippet:-1, max-image-preview:large, max-video-preview:-1\" \/>\n<link rel=\"canonical\" href=\"https:\/\/gersonguelmann.com.br\/blog\/lombada-nos-trilhos-no-brasil-que-eu-quero\/\" \/>\n<meta property=\"og:locale\" content=\"pt_BR\" \/>\n<meta property=\"og:type\" content=\"article\" \/>\n<meta property=\"og:title\" content=\"Lombada Nos Trilhos No Brasil Que Eu Quero | Blog do Guelmann\" \/>\n<meta property=\"og:description\" content=\"Na campanha &#8220;O Brasil Que eu Quero&#8221; de vez em quando o Paran\u00e1 comparece com algumas propostas jocosas, as quais, \u00e9 claro, n\u00e3o v\u00e3o ao ar e s\u00e3o apenas divulgadas nas redes. Tempos atr\u00e1s apareceu uma onde pediam que o mar do Paran\u00e1 tivesse menos sal. A \u00faltima \u00e9 a da mo\u00e7a que pede lombadas [&hellip;]\" \/>\n<meta property=\"og:url\" content=\"https:\/\/gersonguelmann.com.br\/blog\/lombada-nos-trilhos-no-brasil-que-eu-quero\/\" \/>\n<meta property=\"og:site_name\" content=\"Blog do Guelmann\" \/>\n<meta property=\"article:published_time\" content=\"2018-07-10T20:59:37+00:00\" \/>\n<meta property=\"og:image\" content=\"https:\/\/i0.wp.com\/gersonguelmann.com.br\/blog\/wp-content\/uploads\/2018\/07\/trem.jpg?fit=318%2C159&ssl=1\" \/>\n\t<meta property=\"og:image:width\" content=\"318\" \/>\n\t<meta property=\"og:image:height\" content=\"159\" \/>\n\t<meta property=\"og:image:type\" content=\"image\/jpeg\" \/>\n<meta name=\"author\" content=\"Gerson Guelmann\" \/>\n<meta name=\"twitter:card\" content=\"summary_large_image\" \/>\n<meta name=\"twitter:label1\" content=\"Escrito por\" \/>\n\t<meta name=\"twitter:data1\" content=\"Gerson Guelmann\" \/>\n<script type=\"application\/ld+json\" class=\"yoast-schema-graph\">{\"@context\":\"https:\\\/\\\/schema.org\",\"@graph\":[{\"@type\":\"Article\",\"@id\":\"https:\\\/\\\/gersonguelmann.com.br\\\/blog\\\/lombada-nos-trilhos-no-brasil-que-eu-quero\\\/#article\",\"isPartOf\":{\"@id\":\"https:\\\/\\\/gersonguelmann.com.br\\\/blog\\\/lombada-nos-trilhos-no-brasil-que-eu-quero\\\/\"},\"author\":{\"name\":\"Gerson Guelmann\",\"@id\":\"https:\\\/\\\/gersonguelmann.com.br\\\/blog\\\/#\\\/schema\\\/person\\\/87e70e2a786888082f941a482c90569e\"},\"headline\":\"Lombada Nos Trilhos No Brasil Que Eu Quero\",\"datePublished\":\"2018-07-10T20:59:37+00:00\",\"mainEntityOfPage\":{\"@id\":\"https:\\\/\\\/gersonguelmann.com.br\\\/blog\\\/lombada-nos-trilhos-no-brasil-que-eu-quero\\\/\"},\"wordCount\":88,\"commentCount\":0,\"image\":{\"@id\":\"https:\\\/\\\/gersonguelmann.com.br\\\/blog\\\/lombada-nos-trilhos-no-brasil-que-eu-quero\\\/#primaryimage\"},\"thumbnailUrl\":\"https:\\\/\\\/i0.wp.com\\\/gersonguelmann.com.br\\\/blog\\\/wp-content\\\/uploads\\\/2018\\\/07\\\/trem.jpg?fit=318%2C159&ssl=1\",\"inLanguage\":\"pt-BR\",\"potentialAction\":[{\"@type\":\"CommentAction\",\"name\":\"Comment\",\"target\":[\"https:\\\/\\\/gersonguelmann.com.br\\\/blog\\\/lombada-nos-trilhos-no-brasil-que-eu-quero\\\/#respond\"]}]},{\"@type\":\"WebPage\",\"@id\":\"https:\\\/\\\/gersonguelmann.com.br\\\/blog\\\/lombada-nos-trilhos-no-brasil-que-eu-quero\\\/\",\"url\":\"https:\\\/\\\/gersonguelmann.com.br\\\/blog\\\/lombada-nos-trilhos-no-brasil-que-eu-quero\\\/\",\"name\":\"Lombada Nos Trilhos No Brasil Que Eu Quero | Blog do Guelmann\",\"isPartOf\":{\"@id\":\"https:\\\/\\\/gersonguelmann.com.br\\\/blog\\\/#website\"},\"primaryImageOfPage\":{\"@id\":\"https:\\\/\\\/gersonguelmann.com.br\\\/blog\\\/lombada-nos-trilhos-no-brasil-que-eu-quero\\\/#primaryimage\"},\"image\":{\"@id\":\"https:\\\/\\\/gersonguelmann.com.br\\\/blog\\\/lombada-nos-trilhos-no-brasil-que-eu-quero\\\/#primaryimage\"},\"thumbnailUrl\":\"https:\\\/\\\/i0.wp.com\\\/gersonguelmann.com.br\\\/blog\\\/wp-content\\\/uploads\\\/2018\\\/07\\\/trem.jpg?fit=318%2C159&ssl=1\",\"datePublished\":\"2018-07-10T20:59:37+00:00\",\"author\":{\"@id\":\"https:\\\/\\\/gersonguelmann.com.br\\\/blog\\\/#\\\/schema\\\/person\\\/87e70e2a786888082f941a482c90569e\"},\"inLanguage\":\"pt-BR\",\"potentialAction\":[{\"@type\":\"ReadAction\",\"target\":[\"https:\\\/\\\/gersonguelmann.com.br\\\/blog\\\/lombada-nos-trilhos-no-brasil-que-eu-quero\\\/\"]}]},{\"@type\":\"ImageObject\",\"inLanguage\":\"pt-BR\",\"@id\":\"https:\\\/\\\/gersonguelmann.com.br\\\/blog\\\/lombada-nos-trilhos-no-brasil-que-eu-quero\\\/#primaryimage\",\"url\":\"https:\\\/\\\/i0.wp.com\\\/gersonguelmann.com.br\\\/blog\\\/wp-content\\\/uploads\\\/2018\\\/07\\\/trem.jpg?fit=318%2C159&ssl=1\",\"contentUrl\":\"https:\\\/\\\/i0.wp.com\\\/gersonguelmann.com.br\\\/blog\\\/wp-content\\\/uploads\\\/2018\\\/07\\\/trem.jpg?fit=318%2C159&ssl=1\",\"width\":318,\"height\":159},{\"@type\":\"WebSite\",\"@id\":\"https:\\\/\\\/gersonguelmann.com.br\\\/blog\\\/#website\",\"url\":\"https:\\\/\\\/gersonguelmann.com.br\\\/blog\\\/\",\"name\":\"Blog do Guelmann\",\"description\":\"Pitadas da sabedoria e do humor judaicos, assuntos do momento e um pouco das hist\u00f3rias que vivi e testemunhei.\",\"potentialAction\":[{\"@type\":\"SearchAction\",\"target\":{\"@type\":\"EntryPoint\",\"urlTemplate\":\"https:\\\/\\\/gersonguelmann.com.br\\\/blog\\\/?s={search_term_string}\"},\"query-input\":{\"@type\":\"PropertyValueSpecification\",\"valueRequired\":true,\"valueName\":\"search_term_string\"}}],\"inLanguage\":\"pt-BR\"},{\"@type\":\"Person\",\"@id\":\"https:\\\/\\\/gersonguelmann.com.br\\\/blog\\\/#\\\/schema\\\/person\\\/87e70e2a786888082f941a482c90569e\",\"name\":\"Gerson Guelmann\",\"image\":{\"@type\":\"ImageObject\",\"inLanguage\":\"pt-BR\",\"@id\":\"https:\\\/\\\/i0.wp.com\\\/gersonguelmann.com.br\\\/blog\\\/wp-content\\\/uploads\\\/2021\\\/08\\\/BLOG.jpeg?fit=96%2C96&ssl=1\",\"url\":\"https:\\\/\\\/i0.wp.com\\\/gersonguelmann.com.br\\\/blog\\\/wp-content\\\/uploads\\\/2021\\\/08\\\/BLOG.jpeg?fit=96%2C96&ssl=1\",\"contentUrl\":\"https:\\\/\\\/i0.wp.com\\\/gersonguelmann.com.br\\\/blog\\\/wp-content\\\/uploads\\\/2021\\\/08\\\/BLOG.jpeg?fit=96%2C96&ssl=1\",\"caption\":\"Gerson Guelmann\"},\"description\":\"Pitadas da sabedoria e do humor judaicos, assuntos do momento e um pouco das hist\u00f3rias que vivi e testemunhei.\"}]}<\/script>\n<!-- \/ Yoast SEO plugin. -->","yoast_head_json":{"title":"Lombada Nos Trilhos No Brasil Que Eu Quero | Blog do Guelmann","robots":{"index":"index","follow":"follow","max-snippet":"max-snippet:-1","max-image-preview":"max-image-preview:large","max-video-preview":"max-video-preview:-1"},"canonical":"https:\/\/gersonguelmann.com.br\/blog\/lombada-nos-trilhos-no-brasil-que-eu-quero\/","og_locale":"pt_BR","og_type":"article","og_title":"Lombada Nos Trilhos No Brasil Que Eu Quero | Blog do Guelmann","og_description":"Na campanha &#8220;O Brasil Que eu Quero&#8221; de vez em quando o Paran\u00e1 comparece com algumas propostas jocosas, as quais, \u00e9 claro, n\u00e3o v\u00e3o ao ar e s\u00e3o apenas divulgadas nas redes. Tempos atr\u00e1s apareceu uma onde pediam que o mar do Paran\u00e1 tivesse menos sal. A \u00faltima \u00e9 a da mo\u00e7a que pede lombadas [&hellip;]","og_url":"https:\/\/gersonguelmann.com.br\/blog\/lombada-nos-trilhos-no-brasil-que-eu-quero\/","og_site_name":"Blog do Guelmann","article_published_time":"2018-07-10T20:59:37+00:00","og_image":[{"width":318,"height":159,"url":"https:\/\/i0.wp.com\/gersonguelmann.com.br\/blog\/wp-content\/uploads\/2018\/07\/trem.jpg?fit=318%2C159&ssl=1","type":"image\/jpeg"}],"author":"Gerson Guelmann","twitter_card":"summary_large_image","twitter_misc":{"Escrito por":"Gerson Guelmann"},"schema":{"@context":"https:\/\/schema.org","@graph":[{"@type":"Article","@id":"https:\/\/gersonguelmann.com.br\/blog\/lombada-nos-trilhos-no-brasil-que-eu-quero\/#article","isPartOf":{"@id":"https:\/\/gersonguelmann.com.br\/blog\/lombada-nos-trilhos-no-brasil-que-eu-quero\/"},"author":{"name":"Gerson Guelmann","@id":"https:\/\/gersonguelmann.com.br\/blog\/#\/schema\/person\/87e70e2a786888082f941a482c90569e"},"headline":"Lombada Nos Trilhos No Brasil Que Eu Quero","datePublished":"2018-07-10T20:59:37+00:00","mainEntityOfPage":{"@id":"https:\/\/gersonguelmann.com.br\/blog\/lombada-nos-trilhos-no-brasil-que-eu-quero\/"},"wordCount":88,"commentCount":0,"image":{"@id":"https:\/\/gersonguelmann.com.br\/blog\/lombada-nos-trilhos-no-brasil-que-eu-quero\/#primaryimage"},"thumbnailUrl":"https:\/\/i0.wp.com\/gersonguelmann.com.br\/blog\/wp-content\/uploads\/2018\/07\/trem.jpg?fit=318%2C159&ssl=1","inLanguage":"pt-BR","potentialAction":[{"@type":"CommentAction","name":"Comment","target":["https:\/\/gersonguelmann.com.br\/blog\/lombada-nos-trilhos-no-brasil-que-eu-quero\/#respond"]}]},{"@type":"WebPage","@id":"https:\/\/gersonguelmann.com.br\/blog\/lombada-nos-trilhos-no-brasil-que-eu-quero\/","url":"https:\/\/gersonguelmann.com.br\/blog\/lombada-nos-trilhos-no-brasil-que-eu-quero\/","name":"Lombada Nos Trilhos No Brasil Que Eu Quero | Blog do Guelmann","isPartOf":{"@id":"https:\/\/gersonguelmann.com.br\/blog\/#website"},"primaryImageOfPage":{"@id":"https:\/\/gersonguelmann.com.br\/blog\/lombada-nos-trilhos-no-brasil-que-eu-quero\/#primaryimage"},"image":{"@id":"https:\/\/gersonguelmann.com.br\/blog\/lombada-nos-trilhos-no-brasil-que-eu-quero\/#primaryimage"},"thumbnailUrl":"https:\/\/i0.wp.com\/gersonguelmann.com.br\/blog\/wp-content\/uploads\/2018\/07\/trem.jpg?fit=318%2C159&ssl=1","datePublished":"2018-07-10T20:59:37+00:00","author":{"@id":"https:\/\/gersonguelmann.com.br\/blog\/#\/schema\/person\/87e70e2a786888082f941a482c90569e"},"inLanguage":"pt-BR","potentialAction":[{"@type":"ReadAction","target":["https:\/\/gersonguelmann.com.br\/blog\/lombada-nos-trilhos-no-brasil-que-eu-quero\/"]}]},{"@type":"ImageObject","inLanguage":"pt-BR","@id":"https:\/\/gersonguelmann.com.br\/blog\/lombada-nos-trilhos-no-brasil-que-eu-quero\/#primaryimage","url":"https:\/\/i0.wp.com\/gersonguelmann.com.br\/blog\/wp-content\/uploads\/2018\/07\/trem.jpg?fit=318%2C159&ssl=1","contentUrl":"https:\/\/i0.wp.com\/gersonguelmann.com.br\/blog\/wp-content\/uploads\/2018\/07\/trem.jpg?fit=318%2C159&ssl=1","width":318,"height":159},{"@type":"WebSite","@id":"https:\/\/gersonguelmann.com.br\/blog\/#website","url":"https:\/\/gersonguelmann.com.br\/blog\/","name":"Blog do Guelmann","description":"Pitadas da sabedoria e do humor judaicos, assuntos do momento e um pouco das hist\u00f3rias que vivi e testemunhei.","potentialAction":[{"@type":"SearchAction","target":{"@type":"EntryPoint","urlTemplate":"https:\/\/gersonguelmann.com.br\/blog\/?s={search_term_string}"},"query-input":{"@type":"PropertyValueSpecification","valueRequired":true,"valueName":"search_term_string"}}],"inLanguage":"pt-BR"},{"@type":"Person","@id":"https:\/\/gersonguelmann.com.br\/blog\/#\/schema\/person\/87e70e2a786888082f941a482c90569e","name":"Gerson Guelmann","image":{"@type":"ImageObject","inLanguage":"pt-BR","@id":"https:\/\/i0.wp.com\/gersonguelmann.com.br\/blog\/wp-content\/uploads\/2021\/08\/BLOG.jpeg?fit=96%2C96&ssl=1","url":"https:\/\/i0.wp.com\/gersonguelmann.com.br\/blog\/wp-content\/uploads\/2021\/08\/BLOG.jpeg?fit=96%2C96&ssl=1","contentUrl":"https:\/\/i0.wp.com\/gersonguelmann.com.br\/blog\/wp-content\/uploads\/2021\/08\/BLOG.jpeg?fit=96%2C96&ssl=1","caption":"Gerson Guelmann"},"description":"Pitadas da sabedoria e do humor judaicos, assuntos do momento e um pouco das hist\u00f3rias que vivi e testemunhei."}]}},"views":72,"jetpack_publicize_connections":[],"jetpack_featured_media_url":"https:\/\/i0.wp.com\/gersonguelmann.com.br\/blog\/wp-content\/uploads\/2018\/07\/trem.jpg?fit=318%2C159&ssl=1","jetpack_shortlink":"https:\/\/wp.me\/p96e7O-3Nb","jetpack-related-posts":[{"id":8082,"url":"https:\/\/gersonguelmann.com.br\/blog\/o-celso-nascimento-e-meu-curriculo\/","url_meta":{"origin":14581,"position":0},"title":"O Celso Nascimento e Meu Curr\u00edculo","author":"Gerson Guelmann","date":"3 de fevereiro de 2018","format":false,"excerpt":"O Celso Nascimento n\u00e3o \u00e9 apenas um dos maiores jornalistas do Paran\u00e1, \u00e9 um dos mais brilhantes e respeitados profissionais de imprensa do Brasil. Hoje a edi\u00e7\u00e3o semanal impressa do jornal Gazeta do Povo publicou a \u00faltima coluna dele, encerrando um ciclo de 52 anos. \u00c9 isso mesmo, 52 anos.\u2026","rel":"","context":"Em &quot;Sem categoria&quot;","block_context":{"text":"Sem categoria","link":"https:\/\/gersonguelmann.com.br\/blog\/category\/sem-categoria\/"},"img":{"alt_text":"","src":"https:\/\/i0.wp.com\/gersonguelmann.com.br\/blog\/wp-content\/uploads\/2018\/02\/CN-1.jpg?resize=350%2C200&ssl=1","width":350,"height":200},"classes":[]},{"id":4015,"url":"https:\/\/gersonguelmann.com.br\/blog\/parem-brasil-que-eu-quero-descer\/","url_meta":{"origin":14581,"position":1},"title":"Parem o Brasil Que Eu Quero Descer!","author":"Gerson Guelmann","date":"4 de novembro de 2017","format":false,"excerpt":"N\u00e3o, n\u00f3s ainda n\u00e3o vimos tudo em mat\u00e9ria de imoralidade. O deputado federal Andr\u00e9 Amaral do PMDB da Para\u00edba, pediu que a C\u00e2mara pagasse os custos de uma viagem a Portugal, para assistir a um campeonato de kart. N\u00e3o, repito, n\u00e3o \u00e9 brincadeira. A competi\u00e7\u00e3o come\u00e7ou hoje e ir\u00e1 durar\u2026","rel":"","context":"Em &quot;Sem categoria&quot;","block_context":{"text":"Sem categoria","link":"https:\/\/gersonguelmann.com.br\/blog\/category\/sem-categoria\/"},"img":{"alt_text":"","src":"https:\/\/i0.wp.com\/gersonguelmann.com.br\/blog\/wp-content\/uploads\/2017\/11\/Kart.jpg?fit=960%2C640&ssl=1&resize=350%2C200","width":350,"height":200,"srcset":"https:\/\/i0.wp.com\/gersonguelmann.com.br\/blog\/wp-content\/uploads\/2017\/11\/Kart.jpg?fit=960%2C640&ssl=1&resize=350%2C200 1x, https:\/\/i0.wp.com\/gersonguelmann.com.br\/blog\/wp-content\/uploads\/2017\/11\/Kart.jpg?fit=960%2C640&ssl=1&resize=525%2C300 1.5x, https:\/\/i0.wp.com\/gersonguelmann.com.br\/blog\/wp-content\/uploads\/2017\/11\/Kart.jpg?fit=960%2C640&ssl=1&resize=700%2C400 2x"},"classes":[]},{"id":1133,"url":"https:\/\/gersonguelmann.com.br\/blog\/o-compadre-olegario-e-visita-palmeira\/","url_meta":{"origin":14581,"position":2},"title":"O Compadre Oleg\u00e1rio e a Visita a Palmeira","author":"Gerson Guelmann","date":"23 de agosto de 2017","format":false,"excerpt":"Uma das fases mais felizes da minha vida foi o per\u00edodo em que administrei a propriedade da fam\u00edlia Guelmann perto da Esta\u00e7\u00e3o Ferrovi\u00e1ria de Desvio Ribas, no Munic\u00edpio de Ponta Grossa. \u00a0 O nome original da \u00e1rea adquirida por meu av\u00f4 Salom\u00e3o era \u201cFazenda Guavirova\u201d e entre o final de\u2026","rel":"","context":"Em &quot;Sem categoria&quot;","block_context":{"text":"Sem categoria","link":"https:\/\/gersonguelmann.com.br\/blog\/category\/sem-categoria\/"},"img":{"alt_text":"","src":"https:\/\/i0.wp.com\/gersonguelmann.com.br\/blog\/wp-content\/uploads\/2017\/08\/Est-Palmeira-PR_1937_sa.jpg?fit=1200%2C784&ssl=1&resize=350%2C200","width":350,"height":200,"srcset":"https:\/\/i0.wp.com\/gersonguelmann.com.br\/blog\/wp-content\/uploads\/2017\/08\/Est-Palmeira-PR_1937_sa.jpg?fit=1200%2C784&ssl=1&resize=350%2C200 1x, https:\/\/i0.wp.com\/gersonguelmann.com.br\/blog\/wp-content\/uploads\/2017\/08\/Est-Palmeira-PR_1937_sa.jpg?fit=1200%2C784&ssl=1&resize=525%2C300 1.5x, https:\/\/i0.wp.com\/gersonguelmann.com.br\/blog\/wp-content\/uploads\/2017\/08\/Est-Palmeira-PR_1937_sa.jpg?fit=1200%2C784&ssl=1&resize=700%2C400 2x, https:\/\/i0.wp.com\/gersonguelmann.com.br\/blog\/wp-content\/uploads\/2017\/08\/Est-Palmeira-PR_1937_sa.jpg?fit=1200%2C784&ssl=1&resize=1050%2C600 3x"},"classes":[]},{"id":9916,"url":"https:\/\/gersonguelmann.com.br\/blog\/nesses-trilhos-nao-passa-mais-nada\/","url_meta":{"origin":14581,"position":3},"title":"Nesses Trilhos N\u00e3o Passa Mais Nada","author":"Gerson Guelmann","date":"10 de abril de 2021","format":false,"excerpt":"Foto: Toan Nguyen - Unsplash Em se tratando de obras desastradas essa \u00e9 mais uma candidata ao trof\u00e9u das mais absurdas. N\u00e3o d\u00e1 para saber se a torre instalada \u00e9 de energia el\u00e9trica ou outra coisa. Seja como for, tudo indica que \u00e9 mais um caso de falta de coordena\u00e7\u00e3o,\u2026","rel":"","context":"Em &quot;Sem categoria&quot;","block_context":{"text":"Sem categoria","link":"https:\/\/gersonguelmann.com.br\/blog\/category\/sem-categoria\/"},"img":{"alt_text":"","src":"https:\/\/i0.wp.com\/gersonguelmann.com.br\/blog\/wp-content\/uploads\/2018\/03\/TRILHOS-1-204x300.jpg?resize=350%2C200&ssl=1","width":350,"height":200},"classes":[]},{"id":8057,"url":"https:\/\/gersonguelmann.com.br\/blog\/o-brasil-que-eu-quero\/","url_meta":{"origin":14581,"position":4},"title":"O Brasil Que Eu Quero","author":"Gerson Guelmann","date":"3 de fevereiro de 2018","format":false,"excerpt":"Na esteira do pedido que a Globo est\u00e1 fazendo para que os espectadores enviem os v\u00eddeos com o que desejam para o Brasil, esta paranaense de Guarapuava fez um pedido sensacional. https:\/\/youtu.be\/_tf5wG7YgnU","rel":"","context":"Em &quot;Sem categoria&quot;","block_context":{"text":"Sem categoria","link":"https:\/\/gersonguelmann.com.br\/blog\/category\/sem-categoria\/"},"img":{"alt_text":"","src":"https:\/\/i0.wp.com\/gersonguelmann.com.br\/blog\/wp-content\/uploads\/2018\/02\/Sal.jpg?fit=940%2C376&ssl=1&resize=350%2C200","width":350,"height":200,"srcset":"https:\/\/i0.wp.com\/gersonguelmann.com.br\/blog\/wp-content\/uploads\/2018\/02\/Sal.jpg?fit=940%2C376&ssl=1&resize=350%2C200 1x, https:\/\/i0.wp.com\/gersonguelmann.com.br\/blog\/wp-content\/uploads\/2018\/02\/Sal.jpg?fit=940%2C376&ssl=1&resize=525%2C300 1.5x, https:\/\/i0.wp.com\/gersonguelmann.com.br\/blog\/wp-content\/uploads\/2018\/02\/Sal.jpg?fit=940%2C376&ssl=1&resize=700%2C400 2x"},"classes":[]},{"id":7889,"url":"https:\/\/gersonguelmann.com.br\/blog\/um-paranaense-na-camara-italiana\/","url_meta":{"origin":14581,"position":5},"title":"Um Paranaense na C\u00e2mara Italiana","author":"Gerson Guelmann","date":"31 de janeiro de 2018","format":false,"excerpt":"O curitibano Walter Petruzziello \u00e9 candidato a Deputado nas elei\u00e7\u00f5es para o Parlamento italiano em 4 de mar\u00e7o pr\u00f3ximo. Walter Antonio Petruzziello nasceu em Pratola Serra \u2013 (AV) It\u00e1lia aos 02 de janeiro de 1952 e imigrou com seus pais para o Brasil em janeiro de 1954 \u00c9 Formado em\u2026","rel":"","context":"Em &quot;Sem categoria&quot;","block_context":{"text":"Sem categoria","link":"https:\/\/gersonguelmann.com.br\/blog\/category\/sem-categoria\/"},"img":{"alt_text":"","src":"https:\/\/i0.wp.com\/gersonguelmann.com.br\/blog\/wp-content\/uploads\/2018\/01\/Walter.png?fit=800%2C800&ssl=1&resize=350%2C200","width":350,"height":200,"srcset":"https:\/\/i0.wp.com\/gersonguelmann.com.br\/blog\/wp-content\/uploads\/2018\/01\/Walter.png?fit=800%2C800&ssl=1&resize=350%2C200 1x, https:\/\/i0.wp.com\/gersonguelmann.com.br\/blog\/wp-content\/uploads\/2018\/01\/Walter.png?fit=800%2C800&ssl=1&resize=525%2C300 1.5x, https:\/\/i0.wp.com\/gersonguelmann.com.br\/blog\/wp-content\/uploads\/2018\/01\/Walter.png?fit=800%2C800&ssl=1&resize=700%2C400 2x"},"classes":[]}],"jetpack_sharing_enabled":true,"post_mailing_queue_ids":[],"_links":{"self":[{"href":"https:\/\/gersonguelmann.com.br\/blog\/wp-json\/wp\/v2\/posts\/14581","targetHints":{"allow":["GET"]}}],"collection":[{"href":"https:\/\/gersonguelmann.com.br\/blog\/wp-json\/wp\/v2\/posts"}],"about":[{"href":"https:\/\/gersonguelmann.com.br\/blog\/wp-json\/wp\/v2\/types\/post"}],"author":[{"embeddable":true,"href":"https:\/\/gersonguelmann.com.br\/blog\/wp-json\/wp\/v2\/users\/5"}],"replies":[{"embeddable":true,"href":"https:\/\/gersonguelmann.com.br\/blog\/wp-json\/wp\/v2\/comments?post=14581"}],"version-history":[{"count":0,"href":"https:\/\/gersonguelmann.com.br\/blog\/wp-json\/wp\/v2\/posts\/14581\/revisions"}],"wp:featuredmedia":[{"embeddable":true,"href":"https:\/\/gersonguelmann.com.br\/blog\/wp-json\/wp\/v2\/media\/14586"}],"wp:attachment":[{"href":"https:\/\/gersonguelmann.com.br\/blog\/wp-json\/wp\/v2\/media?parent=14581"}],"wp:term":[{"taxonomy":"category","embeddable":true,"href":"https:\/\/gersonguelmann.com.br\/blog\/wp-json\/wp\/v2\/categories?post=14581"},{"taxonomy":"post_tag","embeddable":true,"href":"https:\/\/gersonguelmann.com.br\/blog\/wp-json\/wp\/v2\/tags?post=14581"}],"curies":[{"name":"wp","href":"https:\/\/api.w.org\/{rel}","templated":true}]}}