    {"id":14588,"date":"2018-07-10T18:55:22","date_gmt":"2018-07-10T21:55:22","guid":{"rendered":"https:\/\/gersonguelmann.com.br\/blog\/?p=14588"},"modified":"2018-07-10T19:06:19","modified_gmt":"2018-07-10T22:06:19","slug":"e-se-a-caverna-fosse-aqui-no-brasil","status":"publish","type":"post","link":"https:\/\/gersonguelmann.com.br\/blog\/e-se-a-caverna-fosse-aqui-no-brasil\/","title":{"rendered":"E Se A Caverna Fosse Aqui no Brasil?"},"content":{"rendered":"<p><span style=\"font-family: georgia, palatino, serif; font-size: 18pt; color: #000000;\">O mundo respirou aliviado, hoje, com a complementa\u00e7\u00e3o do resgate dos meninos que estavam presos na caverna na Tail\u00e2ndia. <\/span><\/p>\n<p><span style=\"font-family: georgia, palatino, serif; font-size: 18pt; color: #000000;\">Ao contr\u00e1rio da Copa do Mundo, nesse caso, com certeza, todas as torcidas eram uma s\u00f3.<\/span><\/p>\n<p><span style=\"font-family: georgia, palatino, serif; font-size: 18pt; color: #000000;\">Aqui no Brasil, onde os humoristas n\u00e3o perdem tempo, j\u00e1 est\u00e1 circulando o texto que sugere o que aconteceria se o epis\u00f3dio acontecesse aqui:<\/span><\/p>\n<p><span style=\"font-family: georgia, palatino, serif; font-size: 18pt; color: #000000;\">Parab\u00e9ns \u00e0 Tail\u00e2ndia.<\/span><br \/>\n<span style=\"font-family: georgia, palatino, serif; font-size: 18pt; color: #000000;\">Todos retirados da caverna.<\/span><\/p>\n<p><span style=\"font-family: georgia, palatino, serif; font-size: 18pt; color: #000000;\">Se o epis\u00f3dio fosse no Brasil, c<\/span><span style=\"font-family: georgia, palatino, serif; font-size: 18pt; color: #000000;\">omo resolver\u00edamos?<\/span><\/p>\n<p><em><span style=\"font-family: georgia, palatino, serif; font-size: 18pt; color: #000000;\"><span style=\"color: #000000; font-family: georgia, palatino, serif;\"><span style=\"font-size: 18pt;\">1- Cria\u00e7\u00e3o do Minist\u00e9rio Nacional das Cavernas e negocia\u00e7\u00e3o para indica\u00e7\u00e3o de cargos: <\/span><span style=\"font-size: 24px;\">Ministro<\/span><span style=\"font-size: 18pt;\">, Assessores, Secret\u00e1rios. Entram partidos da oposi\u00e7\u00e3o e da base aliada.<\/span><\/span><\/span><\/em><\/p>\n<p><em><span style=\"font-family: georgia, palatino, serif; font-size: 18pt; color: #000000;\">2- Cria\u00e7\u00e3o das Secretarias Estaduais das Cavernas, tamb\u00e9m com indica\u00e7\u00f5es de cargos: CAVERJ, CAVESP, CAVEMG, CAVESC, CAVEBA, CAVEGO, CAVERS, CAVEAC, CAVEAL, CAVEAP, CAVEAM, CAVECE, CAVEDF, CAVEMA, CAVEMT, CAVEMS, CAVEPA, CAVEPB, CAVEPE, CAVEPI, CAVERN, CAVERO, CAVERR, CAVESE, CAVETO, CAVES.<\/span><\/em><\/p>\n<p><em><span style=\"font-family: georgia, palatino, serif; font-size: 18pt; color: #000000;\">3- Cria\u00e7\u00e3o da CAVERNOBRAS Empresa Brasileira de Cavernas. (Concursos p\u00fablicos).<\/span><\/em><\/p>\n<p><em><span style=\"font-family: georgia, palatino, serif; font-size: 18pt; color: #000000;\">4- Vota\u00e7\u00e3o no Congresso e Senado de um or\u00e7amento extra no valor de 14 bilh\u00f5es, para o resgate de 12 meninos + 1 adulto (um adulto custa = 2 meninos).<\/span><\/em><\/p>\n<p><em><span style=\"font-family: georgia, palatino, serif; font-size: 18pt; color: #000000;\">5- In\u00edcio das obras de remo\u00e7\u00e3o da montanha, com as mesmas empresas da Copa do Mundo e Olimp\u00edada.<\/span><\/em><\/p>\n<p><em><span style=\"font-family: georgia, palatino, serif; font-size: 18pt; color: #000000;\">6- Um deputado denuncia irregularidades.<\/span><\/em><\/p>\n<p><em><span style=\"font-family: georgia, palatino, serif; font-size: 18pt; color: #000000;\">7- \u00c9 instalada a CPI das Cavernas.<\/span><\/em><\/p>\n<p><em><span style=\"font-family: georgia, palatino, serif; font-size: 18pt; color: #000000;\">8- Come\u00e7a o concurso da Miss Caverna.<\/span><\/em><\/p>\n<p><em><span style=\"font-family: georgia, palatino, serif; font-size: 18pt; color: #000000;\">9- Lan\u00e7ado o funk da Cavernas, que ser\u00e1 o hit do pr\u00f3ximo carnaval.<\/span><\/em><\/p>\n<p><em><span style=\"font-family: georgia, palatino, serif; font-size: 18pt; color: #000000;\">10- Greve: a Equipe de Resgate para, ap\u00f3s 3 meses sem sal\u00e1rio.<\/span><\/em><\/p>\n<p><em><span style=\"font-family: georgia, palatino, serif; font-size: 18pt; color: #000000;\">11- A greve \u00e9 considerada inconstitucional e \u00e9 ordenado o retorno imediato dos trabalhos.<\/span><\/em><\/p>\n<p><em><span style=\"font-family: georgia, palatino, serif; font-size: 18pt; color: #000000;\">12- Acordo com os Sindicatos p\u00f5e fim \u00e0 mobiliza\u00e7\u00e3o.<\/span><\/em><\/p>\n<p><em><span style=\"font-family: georgia, palatino, serif; font-size: 18pt; color: #000000;\">13- Trabalhos s\u00e3o mantidos, por\u00e9m lentos. Os fornecedores atrasam entrega, alegando falta de repasse.<\/span><\/em><\/p>\n<p><em><span style=\"font-family: georgia, palatino, serif; font-size: 18pt; color: #000000;\">14- Para otimizar as opera\u00e7\u00f5es, criada a ANACAV Ag\u00eancia Nacional Reguladora de Cavernas<\/span><\/em><\/p>\n<p><em><span style=\"font-family: georgia, palatino, serif; font-size: 18pt; color: #000000;\">15- Passados 4 anos, problema da Caverna continua: Ap\u00f3s as elei\u00e7\u00f5es, ser\u00e1 heran\u00e7a maldita para o pr\u00f3ximo governo.<\/span><\/em><\/p>\n<p style=\"text-align: center;\"><img data-recalc-dims=\"1\" fetchpriority=\"high\" decoding=\"async\" data-attachment-id=\"14589\" data-permalink=\"https:\/\/gersonguelmann.com.br\/blog\/e-se-a-caverna-fosse-aqui-no-brasil\/gruta\/\" data-orig-file=\"https:\/\/i0.wp.com\/gersonguelmann.com.br\/blog\/wp-content\/uploads\/2018\/07\/Gruta.jpeg?fit=183%2C275&amp;ssl=1\" data-orig-size=\"183,275\" data-comments-opened=\"1\" data-image-meta=\"{&quot;aperture&quot;:&quot;0&quot;,&quot;credit&quot;:&quot;&quot;,&quot;camera&quot;:&quot;&quot;,&quot;caption&quot;:&quot;&quot;,&quot;created_timestamp&quot;:&quot;0&quot;,&quot;copyright&quot;:&quot;&quot;,&quot;focal_length&quot;:&quot;0&quot;,&quot;iso&quot;:&quot;0&quot;,&quot;shutter_speed&quot;:&quot;0&quot;,&quot;title&quot;:&quot;&quot;,&quot;orientation&quot;:&quot;0&quot;}\" data-image-title=\"Gruta\" data-image-description=\"\" data-image-caption=\"\" data-medium-file=\"https:\/\/i0.wp.com\/gersonguelmann.com.br\/blog\/wp-content\/uploads\/2018\/07\/Gruta.jpeg?fit=183%2C275&amp;ssl=1\" data-large-file=\"https:\/\/i0.wp.com\/gersonguelmann.com.br\/blog\/wp-content\/uploads\/2018\/07\/Gruta.jpeg?fit=183%2C275&amp;ssl=1\" class=\"alignnone size-full wp-image-14589\" src=\"https:\/\/i0.wp.com\/gersonguelmann.com.br\/blog\/wp-content\/uploads\/2018\/07\/Gruta.jpeg?resize=183%2C275&#038;ssl=1\" alt=\"\" width=\"183\" height=\"275\" \/><br \/>\n<span style=\"color: #808080;\"><em><span style=\"font-family: georgia, palatino, serif;\"><strong class=\"gallery-title\">Gruta no C\u00e2nion do Para\u00edso Talhado<br \/>\nRio S\u00e3o Francisco<br \/>\nSergipe<\/strong><\/span><\/em><\/span><\/p>\n","protected":false},"excerpt":{"rendered":"<p>O mundo respirou aliviado, hoje, com a complementa\u00e7\u00e3o do resgate dos meninos que estavam presos na caverna na Tail\u00e2ndia. Ao contr\u00e1rio da Copa do Mundo, nesse caso, com certeza, todas as torcidas eram uma s\u00f3. Aqui no Brasil, onde os humoristas n\u00e3o perdem tempo, j\u00e1 est\u00e1 circulando o texto que sugere o que aconteceria se [&hellip;]<\/p>\n","protected":false},"author":5,"featured_media":14589,"comment_status":"open","ping_status":"open","sticky":false,"template":"","format":"standard","meta":{"_acf_changed":false,"jetpack_post_was_ever_published":false,"_jetpack_newsletter_access":"","_jetpack_dont_email_post_to_subs":false,"_jetpack_newsletter_tier_id":0,"_jetpack_memberships_contains_paywalled_content":false,"_jetpack_memberships_contains_paid_content":false,"footnotes":"","jetpack_publicize_message":"","jetpack_publicize_feature_enabled":true,"jetpack_social_post_already_shared":true,"jetpack_social_options":{"image_generator_settings":{"template":"highway","default_image_id":0,"font":"","enabled":false},"version":2}},"categories":[1],"tags":[],"class_list":["post-14588","post","type-post","status-publish","format-standard","has-post-thumbnail","hentry","category-sem-categoria"],"acf":[],"yoast_head":"<!-- This site is optimized with the Yoast SEO plugin v27.3 - https:\/\/yoast.com\/product\/yoast-seo-wordpress\/ -->\n<title>E Se A Caverna Fosse Aqui no Brasil? | Blog do Guelmann<\/title>\n<meta name=\"robots\" content=\"index, follow, max-snippet:-1, max-image-preview:large, max-video-preview:-1\" \/>\n<link rel=\"canonical\" href=\"https:\/\/gersonguelmann.com.br\/blog\/e-se-a-caverna-fosse-aqui-no-brasil\/\" \/>\n<meta property=\"og:locale\" content=\"pt_BR\" \/>\n<meta property=\"og:type\" content=\"article\" \/>\n<meta property=\"og:title\" content=\"E Se A Caverna Fosse Aqui no Brasil? | Blog do Guelmann\" \/>\n<meta property=\"og:description\" content=\"O mundo respirou aliviado, hoje, com a complementa\u00e7\u00e3o do resgate dos meninos que estavam presos na caverna na Tail\u00e2ndia. Ao contr\u00e1rio da Copa do Mundo, nesse caso, com certeza, todas as torcidas eram uma s\u00f3. Aqui no Brasil, onde os humoristas n\u00e3o perdem tempo, j\u00e1 est\u00e1 circulando o texto que sugere o que aconteceria se [&hellip;]\" \/>\n<meta property=\"og:url\" content=\"https:\/\/gersonguelmann.com.br\/blog\/e-se-a-caverna-fosse-aqui-no-brasil\/\" \/>\n<meta property=\"og:site_name\" content=\"Blog do Guelmann\" \/>\n<meta property=\"article:published_time\" content=\"2018-07-10T21:55:22+00:00\" \/>\n<meta property=\"article:modified_time\" content=\"2018-07-10T22:06:19+00:00\" \/>\n<meta property=\"og:image\" content=\"https:\/\/gersonguelmann.com.br\/blog\/wp-content\/uploads\/2018\/07\/Gruta.jpeg\" \/>\n\t<meta property=\"og:image:width\" content=\"183\" \/>\n\t<meta property=\"og:image:height\" content=\"275\" \/>\n\t<meta property=\"og:image:type\" content=\"image\/jpeg\" \/>\n<meta name=\"author\" content=\"Gerson Guelmann\" \/>\n<meta name=\"twitter:card\" content=\"summary_large_image\" \/>\n<meta name=\"twitter:label1\" content=\"Escrito por\" \/>\n\t<meta name=\"twitter:data1\" content=\"Gerson Guelmann\" \/>\n\t<meta name=\"twitter:label2\" content=\"Est. tempo de leitura\" \/>\n\t<meta name=\"twitter:data2\" content=\"2 minutos\" \/>\n<script type=\"application\/ld+json\" class=\"yoast-schema-graph\">{\"@context\":\"https:\\\/\\\/schema.org\",\"@graph\":[{\"@type\":\"Article\",\"@id\":\"https:\\\/\\\/gersonguelmann.com.br\\\/blog\\\/e-se-a-caverna-fosse-aqui-no-brasil\\\/#article\",\"isPartOf\":{\"@id\":\"https:\\\/\\\/gersonguelmann.com.br\\\/blog\\\/e-se-a-caverna-fosse-aqui-no-brasil\\\/\"},\"author\":{\"name\":\"Gerson Guelmann\",\"@id\":\"https:\\\/\\\/gersonguelmann.com.br\\\/blog\\\/#\\\/schema\\\/person\\\/87e70e2a786888082f941a482c90569e\"},\"headline\":\"E Se A Caverna Fosse Aqui no Brasil?\",\"datePublished\":\"2018-07-10T21:55:22+00:00\",\"dateModified\":\"2018-07-10T22:06:19+00:00\",\"mainEntityOfPage\":{\"@id\":\"https:\\\/\\\/gersonguelmann.com.br\\\/blog\\\/e-se-a-caverna-fosse-aqui-no-brasil\\\/\"},\"wordCount\":356,\"commentCount\":1,\"image\":{\"@id\":\"https:\\\/\\\/gersonguelmann.com.br\\\/blog\\\/e-se-a-caverna-fosse-aqui-no-brasil\\\/#primaryimage\"},\"thumbnailUrl\":\"https:\\\/\\\/i0.wp.com\\\/gersonguelmann.com.br\\\/blog\\\/wp-content\\\/uploads\\\/2018\\\/07\\\/Gruta.jpeg?fit=183%2C275&ssl=1\",\"inLanguage\":\"pt-BR\",\"potentialAction\":[{\"@type\":\"CommentAction\",\"name\":\"Comment\",\"target\":[\"https:\\\/\\\/gersonguelmann.com.br\\\/blog\\\/e-se-a-caverna-fosse-aqui-no-brasil\\\/#respond\"]}]},{\"@type\":\"WebPage\",\"@id\":\"https:\\\/\\\/gersonguelmann.com.br\\\/blog\\\/e-se-a-caverna-fosse-aqui-no-brasil\\\/\",\"url\":\"https:\\\/\\\/gersonguelmann.com.br\\\/blog\\\/e-se-a-caverna-fosse-aqui-no-brasil\\\/\",\"name\":\"E Se A Caverna Fosse Aqui no Brasil? | Blog do Guelmann\",\"isPartOf\":{\"@id\":\"https:\\\/\\\/gersonguelmann.com.br\\\/blog\\\/#website\"},\"primaryImageOfPage\":{\"@id\":\"https:\\\/\\\/gersonguelmann.com.br\\\/blog\\\/e-se-a-caverna-fosse-aqui-no-brasil\\\/#primaryimage\"},\"image\":{\"@id\":\"https:\\\/\\\/gersonguelmann.com.br\\\/blog\\\/e-se-a-caverna-fosse-aqui-no-brasil\\\/#primaryimage\"},\"thumbnailUrl\":\"https:\\\/\\\/i0.wp.com\\\/gersonguelmann.com.br\\\/blog\\\/wp-content\\\/uploads\\\/2018\\\/07\\\/Gruta.jpeg?fit=183%2C275&ssl=1\",\"datePublished\":\"2018-07-10T21:55:22+00:00\",\"dateModified\":\"2018-07-10T22:06:19+00:00\",\"author\":{\"@id\":\"https:\\\/\\\/gersonguelmann.com.br\\\/blog\\\/#\\\/schema\\\/person\\\/87e70e2a786888082f941a482c90569e\"},\"inLanguage\":\"pt-BR\",\"potentialAction\":[{\"@type\":\"ReadAction\",\"target\":[\"https:\\\/\\\/gersonguelmann.com.br\\\/blog\\\/e-se-a-caverna-fosse-aqui-no-brasil\\\/\"]}]},{\"@type\":\"ImageObject\",\"inLanguage\":\"pt-BR\",\"@id\":\"https:\\\/\\\/gersonguelmann.com.br\\\/blog\\\/e-se-a-caverna-fosse-aqui-no-brasil\\\/#primaryimage\",\"url\":\"https:\\\/\\\/i0.wp.com\\\/gersonguelmann.com.br\\\/blog\\\/wp-content\\\/uploads\\\/2018\\\/07\\\/Gruta.jpeg?fit=183%2C275&ssl=1\",\"contentUrl\":\"https:\\\/\\\/i0.wp.com\\\/gersonguelmann.com.br\\\/blog\\\/wp-content\\\/uploads\\\/2018\\\/07\\\/Gruta.jpeg?fit=183%2C275&ssl=1\",\"width\":183,\"height\":275},{\"@type\":\"WebSite\",\"@id\":\"https:\\\/\\\/gersonguelmann.com.br\\\/blog\\\/#website\",\"url\":\"https:\\\/\\\/gersonguelmann.com.br\\\/blog\\\/\",\"name\":\"Blog do Guelmann\",\"description\":\"Pitadas da sabedoria e do humor judaicos, assuntos do momento e um pouco das hist\u00f3rias que vivi e testemunhei.\",\"potentialAction\":[{\"@type\":\"SearchAction\",\"target\":{\"@type\":\"EntryPoint\",\"urlTemplate\":\"https:\\\/\\\/gersonguelmann.com.br\\\/blog\\\/?s={search_term_string}\"},\"query-input\":{\"@type\":\"PropertyValueSpecification\",\"valueRequired\":true,\"valueName\":\"search_term_string\"}}],\"inLanguage\":\"pt-BR\"},{\"@type\":\"Person\",\"@id\":\"https:\\\/\\\/gersonguelmann.com.br\\\/blog\\\/#\\\/schema\\\/person\\\/87e70e2a786888082f941a482c90569e\",\"name\":\"Gerson Guelmann\",\"image\":{\"@type\":\"ImageObject\",\"inLanguage\":\"pt-BR\",\"@id\":\"https:\\\/\\\/i0.wp.com\\\/gersonguelmann.com.br\\\/blog\\\/wp-content\\\/uploads\\\/2021\\\/08\\\/BLOG.jpeg?fit=96%2C96&ssl=1\",\"url\":\"https:\\\/\\\/i0.wp.com\\\/gersonguelmann.com.br\\\/blog\\\/wp-content\\\/uploads\\\/2021\\\/08\\\/BLOG.jpeg?fit=96%2C96&ssl=1\",\"contentUrl\":\"https:\\\/\\\/i0.wp.com\\\/gersonguelmann.com.br\\\/blog\\\/wp-content\\\/uploads\\\/2021\\\/08\\\/BLOG.jpeg?fit=96%2C96&ssl=1\",\"caption\":\"Gerson Guelmann\"},\"description\":\"Pitadas da sabedoria e do humor judaicos, assuntos do momento e um pouco das hist\u00f3rias que vivi e testemunhei.\"}]}<\/script>\n<!-- \/ Yoast SEO plugin. -->","yoast_head_json":{"title":"E Se A Caverna Fosse Aqui no Brasil? | Blog do Guelmann","robots":{"index":"index","follow":"follow","max-snippet":"max-snippet:-1","max-image-preview":"max-image-preview:large","max-video-preview":"max-video-preview:-1"},"canonical":"https:\/\/gersonguelmann.com.br\/blog\/e-se-a-caverna-fosse-aqui-no-brasil\/","og_locale":"pt_BR","og_type":"article","og_title":"E Se A Caverna Fosse Aqui no Brasil? | Blog do Guelmann","og_description":"O mundo respirou aliviado, hoje, com a complementa\u00e7\u00e3o do resgate dos meninos que estavam presos na caverna na Tail\u00e2ndia. Ao contr\u00e1rio da Copa do Mundo, nesse caso, com certeza, todas as torcidas eram uma s\u00f3. Aqui no Brasil, onde os humoristas n\u00e3o perdem tempo, j\u00e1 est\u00e1 circulando o texto que sugere o que aconteceria se [&hellip;]","og_url":"https:\/\/gersonguelmann.com.br\/blog\/e-se-a-caverna-fosse-aqui-no-brasil\/","og_site_name":"Blog do Guelmann","article_published_time":"2018-07-10T21:55:22+00:00","article_modified_time":"2018-07-10T22:06:19+00:00","og_image":[{"width":183,"height":275,"url":"https:\/\/gersonguelmann.com.br\/blog\/wp-content\/uploads\/2018\/07\/Gruta.jpeg","type":"image\/jpeg"}],"author":"Gerson Guelmann","twitter_card":"summary_large_image","twitter_misc":{"Escrito por":"Gerson Guelmann","Est. tempo de leitura":"2 minutos"},"schema":{"@context":"https:\/\/schema.org","@graph":[{"@type":"Article","@id":"https:\/\/gersonguelmann.com.br\/blog\/e-se-a-caverna-fosse-aqui-no-brasil\/#article","isPartOf":{"@id":"https:\/\/gersonguelmann.com.br\/blog\/e-se-a-caverna-fosse-aqui-no-brasil\/"},"author":{"name":"Gerson Guelmann","@id":"https:\/\/gersonguelmann.com.br\/blog\/#\/schema\/person\/87e70e2a786888082f941a482c90569e"},"headline":"E Se A Caverna Fosse Aqui no Brasil?","datePublished":"2018-07-10T21:55:22+00:00","dateModified":"2018-07-10T22:06:19+00:00","mainEntityOfPage":{"@id":"https:\/\/gersonguelmann.com.br\/blog\/e-se-a-caverna-fosse-aqui-no-brasil\/"},"wordCount":356,"commentCount":1,"image":{"@id":"https:\/\/gersonguelmann.com.br\/blog\/e-se-a-caverna-fosse-aqui-no-brasil\/#primaryimage"},"thumbnailUrl":"https:\/\/i0.wp.com\/gersonguelmann.com.br\/blog\/wp-content\/uploads\/2018\/07\/Gruta.jpeg?fit=183%2C275&ssl=1","inLanguage":"pt-BR","potentialAction":[{"@type":"CommentAction","name":"Comment","target":["https:\/\/gersonguelmann.com.br\/blog\/e-se-a-caverna-fosse-aqui-no-brasil\/#respond"]}]},{"@type":"WebPage","@id":"https:\/\/gersonguelmann.com.br\/blog\/e-se-a-caverna-fosse-aqui-no-brasil\/","url":"https:\/\/gersonguelmann.com.br\/blog\/e-se-a-caverna-fosse-aqui-no-brasil\/","name":"E Se A Caverna Fosse Aqui no Brasil? | Blog do Guelmann","isPartOf":{"@id":"https:\/\/gersonguelmann.com.br\/blog\/#website"},"primaryImageOfPage":{"@id":"https:\/\/gersonguelmann.com.br\/blog\/e-se-a-caverna-fosse-aqui-no-brasil\/#primaryimage"},"image":{"@id":"https:\/\/gersonguelmann.com.br\/blog\/e-se-a-caverna-fosse-aqui-no-brasil\/#primaryimage"},"thumbnailUrl":"https:\/\/i0.wp.com\/gersonguelmann.com.br\/blog\/wp-content\/uploads\/2018\/07\/Gruta.jpeg?fit=183%2C275&ssl=1","datePublished":"2018-07-10T21:55:22+00:00","dateModified":"2018-07-10T22:06:19+00:00","author":{"@id":"https:\/\/gersonguelmann.com.br\/blog\/#\/schema\/person\/87e70e2a786888082f941a482c90569e"},"inLanguage":"pt-BR","potentialAction":[{"@type":"ReadAction","target":["https:\/\/gersonguelmann.com.br\/blog\/e-se-a-caverna-fosse-aqui-no-brasil\/"]}]},{"@type":"ImageObject","inLanguage":"pt-BR","@id":"https:\/\/gersonguelmann.com.br\/blog\/e-se-a-caverna-fosse-aqui-no-brasil\/#primaryimage","url":"https:\/\/i0.wp.com\/gersonguelmann.com.br\/blog\/wp-content\/uploads\/2018\/07\/Gruta.jpeg?fit=183%2C275&ssl=1","contentUrl":"https:\/\/i0.wp.com\/gersonguelmann.com.br\/blog\/wp-content\/uploads\/2018\/07\/Gruta.jpeg?fit=183%2C275&ssl=1","width":183,"height":275},{"@type":"WebSite","@id":"https:\/\/gersonguelmann.com.br\/blog\/#website","url":"https:\/\/gersonguelmann.com.br\/blog\/","name":"Blog do Guelmann","description":"Pitadas da sabedoria e do humor judaicos, assuntos do momento e um pouco das hist\u00f3rias que vivi e testemunhei.","potentialAction":[{"@type":"SearchAction","target":{"@type":"EntryPoint","urlTemplate":"https:\/\/gersonguelmann.com.br\/blog\/?s={search_term_string}"},"query-input":{"@type":"PropertyValueSpecification","valueRequired":true,"valueName":"search_term_string"}}],"inLanguage":"pt-BR"},{"@type":"Person","@id":"https:\/\/gersonguelmann.com.br\/blog\/#\/schema\/person\/87e70e2a786888082f941a482c90569e","name":"Gerson Guelmann","image":{"@type":"ImageObject","inLanguage":"pt-BR","@id":"https:\/\/i0.wp.com\/gersonguelmann.com.br\/blog\/wp-content\/uploads\/2021\/08\/BLOG.jpeg?fit=96%2C96&ssl=1","url":"https:\/\/i0.wp.com\/gersonguelmann.com.br\/blog\/wp-content\/uploads\/2021\/08\/BLOG.jpeg?fit=96%2C96&ssl=1","contentUrl":"https:\/\/i0.wp.com\/gersonguelmann.com.br\/blog\/wp-content\/uploads\/2021\/08\/BLOG.jpeg?fit=96%2C96&ssl=1","caption":"Gerson Guelmann"},"description":"Pitadas da sabedoria e do humor judaicos, assuntos do momento e um pouco das hist\u00f3rias que vivi e testemunhei."}]}},"views":54,"jetpack_publicize_connections":[],"jetpack_featured_media_url":"https:\/\/i0.wp.com\/gersonguelmann.com.br\/blog\/wp-content\/uploads\/2018\/07\/Gruta.jpeg?fit=183%2C275&ssl=1","jetpack_shortlink":"https:\/\/wp.me\/p96e7O-3Ni","jetpack-related-posts":[{"id":14456,"url":"https:\/\/gersonguelmann.com.br\/blog\/empresa-israelense-doou-equipamento-para-comunicacao-com-meninos-presos-na-caverna-na-tailandia\/","url_meta":{"origin":14588,"position":0},"title":"Empresa Israelense Doou Equipamento Para Comunica\u00e7\u00e3o Com Meninos Presos na Caverna na Tail\u00e2ndia","author":"Gerson Guelmann","date":"3 de julho de 2018","format":false,"excerpt":"Foto:\u00a0MaxTech Networks A imprensa israelense est\u00e1 noticiando que as equipes de resgate que trabalham para salvar os garotos presos na caverna tailandesa est\u00e3o usando\u00a0sistemas de comunica\u00e7\u00e3o de alta tecnologia doados pela empresa israelense MaxTech Networks. O CEO e fundador da MaxTech, Uzi Hanuni, informou que as equipes de resgate procuraram\u2026","rel":"","context":"Em &quot;Sem categoria&quot;","block_context":{"text":"Sem categoria","link":"https:\/\/gersonguelmann.com.br\/blog\/category\/sem-categoria\/"},"img":{"alt_text":"","src":"https:\/\/i0.wp.com\/gersonguelmann.com.br\/blog\/wp-content\/uploads\/2018\/07\/Maxtech.jpg?fit=960%2C640&ssl=1&resize=350%2C200","width":350,"height":200,"srcset":"https:\/\/i0.wp.com\/gersonguelmann.com.br\/blog\/wp-content\/uploads\/2018\/07\/Maxtech.jpg?fit=960%2C640&ssl=1&resize=350%2C200 1x, https:\/\/i0.wp.com\/gersonguelmann.com.br\/blog\/wp-content\/uploads\/2018\/07\/Maxtech.jpg?fit=960%2C640&ssl=1&resize=525%2C300 1.5x, https:\/\/i0.wp.com\/gersonguelmann.com.br\/blog\/wp-content\/uploads\/2018\/07\/Maxtech.jpg?fit=960%2C640&ssl=1&resize=700%2C400 2x"},"classes":[]},{"id":14862,"url":"https:\/\/gersonguelmann.com.br\/blog\/a-copa-do-mundo-de-2026-e-o-papelao-do-brasil\/","url_meta":{"origin":14588,"position":1},"title":"A Copa do Mundo de 2026 e o Papel\u00e3o do Brasil","author":"Gerson Guelmann","date":"25 de outubro de 2018","format":false,"excerpt":"Recebi o texto abaixo h\u00e1 algum tempo e acho que merece ser compartilhado por fazer refer\u00eancia um aspecto que diz respeito \u00e0 nossa forma\u00e7\u00e3o e identidade como povo e na\u00e7\u00e3o. \u00c9 de autoria de um redator publicit\u00e1rio chamado \u00cdcaro de Carvalho, que o publicou em sua p\u00e1gina do Facebook em\u2026","rel":"","context":"Em &quot;Sem categoria&quot;","block_context":{"text":"Sem categoria","link":"https:\/\/gersonguelmann.com.br\/blog\/category\/sem-categoria\/"},"img":{"alt_text":"","src":"https:\/\/i0.wp.com\/gersonguelmann.com.br\/blog\/wp-content\/uploads\/2018\/10\/FIFA.jpg?fit=1200%2C675&ssl=1&resize=350%2C200","width":350,"height":200,"srcset":"https:\/\/i0.wp.com\/gersonguelmann.com.br\/blog\/wp-content\/uploads\/2018\/10\/FIFA.jpg?fit=1200%2C675&ssl=1&resize=350%2C200 1x, https:\/\/i0.wp.com\/gersonguelmann.com.br\/blog\/wp-content\/uploads\/2018\/10\/FIFA.jpg?fit=1200%2C675&ssl=1&resize=525%2C300 1.5x, https:\/\/i0.wp.com\/gersonguelmann.com.br\/blog\/wp-content\/uploads\/2018\/10\/FIFA.jpg?fit=1200%2C675&ssl=1&resize=700%2C400 2x, https:\/\/i0.wp.com\/gersonguelmann.com.br\/blog\/wp-content\/uploads\/2018\/10\/FIFA.jpg?fit=1200%2C675&ssl=1&resize=1050%2C600 3x"},"classes":[]},{"id":14435,"url":"https:\/\/gersonguelmann.com.br\/blog\/galvao-bueno-sendo-galvao-bueno\/","url_meta":{"origin":14588,"position":2},"title":"Galv\u00e3o Bueno Sendo Galv\u00e3o Bueno","author":"Gerson Guelmann","date":"3 de julho de 2018","format":false,"excerpt":"Quem n\u00e3o assistiu a cena \"ao vivo e \u00e0 cores\" pode ler o que aconteceu ontem em um dos jornais da Globo, quando Galv\u00e3o Bueno manifestou-se acerca da ta\u00e7a da Copa do Mundo que estava sendo mostrada pela jornalista\u00a0Sandra\u00a0Annenberg. Mat\u00e9ria publicada pelo site Donna: Mansplaining: Galv\u00e3o Bueno provoca pol\u00eamica nas\u2026","rel":"","context":"Em &quot;Sem categoria&quot;","block_context":{"text":"Sem categoria","link":"https:\/\/gersonguelmann.com.br\/blog\/category\/sem-categoria\/"},"img":{"alt_text":"","src":"https:\/\/i0.wp.com\/gersonguelmann.com.br\/blog\/wp-content\/uploads\/2018\/07\/fifa-world-cup-football-trophy-3d-model-low-poly-fbx-c4d-ma-mb.jpg?fit=1200%2C675&ssl=1&resize=350%2C200","width":350,"height":200,"srcset":"https:\/\/i0.wp.com\/gersonguelmann.com.br\/blog\/wp-content\/uploads\/2018\/07\/fifa-world-cup-football-trophy-3d-model-low-poly-fbx-c4d-ma-mb.jpg?fit=1200%2C675&ssl=1&resize=350%2C200 1x, https:\/\/i0.wp.com\/gersonguelmann.com.br\/blog\/wp-content\/uploads\/2018\/07\/fifa-world-cup-football-trophy-3d-model-low-poly-fbx-c4d-ma-mb.jpg?fit=1200%2C675&ssl=1&resize=525%2C300 1.5x, https:\/\/i0.wp.com\/gersonguelmann.com.br\/blog\/wp-content\/uploads\/2018\/07\/fifa-world-cup-football-trophy-3d-model-low-poly-fbx-c4d-ma-mb.jpg?fit=1200%2C675&ssl=1&resize=700%2C400 2x, https:\/\/i0.wp.com\/gersonguelmann.com.br\/blog\/wp-content\/uploads\/2018\/07\/fifa-world-cup-football-trophy-3d-model-low-poly-fbx-c4d-ma-mb.jpg?fit=1200%2C675&ssl=1&resize=1050%2C600 3x"},"classes":[]},{"id":4505,"url":"https:\/\/gersonguelmann.com.br\/blog\/o-mergulhador-e-tartaruga-beleza-do-mar\/","url_meta":{"origin":14588,"position":3},"title":"O Mergulhador e a Tartaruga: Beleza do Mar","author":"Gerson Guelmann","date":"16 de novembro de 2017","format":false,"excerpt":"Este v\u00eddeo come\u00e7ou a circular h\u00e1 poucos dias e foi postado no YouTube como tendo acontecido aqui no Brasil com um mergulhador que prestava servi\u00e7os \u00e0 Petrobras. Na realidade foi em abril de 2015 numa plataforma de \u00f3leo e g\u00e1s no\u00a0Golfo da Tail\u00e2ndia. O mergulhador profissional chamado Darren C. estava\u2026","rel":"","context":"Em &quot;Sem categoria&quot;","block_context":{"text":"Sem categoria","link":"https:\/\/gersonguelmann.com.br\/blog\/category\/sem-categoria\/"},"img":{"alt_text":"","src":"https:\/\/i0.wp.com\/gersonguelmann.com.br\/blog\/wp-content\/uploads\/2017\/11\/Tartaruga.jpg?fit=960%2C640&ssl=1&resize=350%2C200","width":350,"height":200,"srcset":"https:\/\/i0.wp.com\/gersonguelmann.com.br\/blog\/wp-content\/uploads\/2017\/11\/Tartaruga.jpg?fit=960%2C640&ssl=1&resize=350%2C200 1x, https:\/\/i0.wp.com\/gersonguelmann.com.br\/blog\/wp-content\/uploads\/2017\/11\/Tartaruga.jpg?fit=960%2C640&ssl=1&resize=525%2C300 1.5x, https:\/\/i0.wp.com\/gersonguelmann.com.br\/blog\/wp-content\/uploads\/2017\/11\/Tartaruga.jpg?fit=960%2C640&ssl=1&resize=700%2C400 2x"},"classes":[]},{"id":23070,"url":"https:\/\/gersonguelmann.com.br\/blog\/sexta-do-humor-e-da-cultura-judaica-adao-e-os-ensinamentos-de-dus\/","url_meta":{"origin":14588,"position":4},"title":"Sexta do Humor e da Cultura Judaica \u2013 Ad\u00e3o e os Ensinamentos de D&#8217;us","author":"Gerson Guelmann","date":"7 de abril de 2023","format":false,"excerpt":"Ad\u00e3o e os Ensinamentos de D'us Conta-se que ap\u00f3s a cria\u00e7\u00e3o do primeiro homem, D'us disse: - \"Ad\u00e3o, eu quero que voc\u00ea fa\u00e7a algo por mim\". - \"Com prazer, Senhor\" - respondeu Ad\u00e3o - \"o que queres que eu fa\u00e7a?\" - \u201cDes\u00e7a para o vale\u201d. - \u201cO que \u00e9 um\u2026","rel":"","context":"Em &quot;Sem categoria&quot;","block_context":{"text":"Sem categoria","link":"https:\/\/gersonguelmann.com.br\/blog\/category\/sem-categoria\/"},"img":{"alt_text":"","src":"https:\/\/i0.wp.com\/gersonguelmann.com.br\/blog\/wp-content\/uploads\/2023\/04\/HojePR-1.jpg?fit=1170%2C780&ssl=1&resize=350%2C200","width":350,"height":200,"srcset":"https:\/\/i0.wp.com\/gersonguelmann.com.br\/blog\/wp-content\/uploads\/2023\/04\/HojePR-1.jpg?fit=1170%2C780&ssl=1&resize=350%2C200 1x, https:\/\/i0.wp.com\/gersonguelmann.com.br\/blog\/wp-content\/uploads\/2023\/04\/HojePR-1.jpg?fit=1170%2C780&ssl=1&resize=525%2C300 1.5x, https:\/\/i0.wp.com\/gersonguelmann.com.br\/blog\/wp-content\/uploads\/2023\/04\/HojePR-1.jpg?fit=1170%2C780&ssl=1&resize=700%2C400 2x, https:\/\/i0.wp.com\/gersonguelmann.com.br\/blog\/wp-content\/uploads\/2023\/04\/HojePR-1.jpg?fit=1170%2C780&ssl=1&resize=1050%2C600 3x"},"classes":[]},{"id":14153,"url":"https:\/\/gersonguelmann.com.br\/blog\/o-patriotismo-que-se-revela-na-copa-do-mundo\/","url_meta":{"origin":14588,"position":5},"title":"O Patriotismo Que Se Revela na Copa do Mundo","author":"Gerson Guelmann","date":"20 de junho de 2018","format":false,"excerpt":"Ainda ontem comentava com a Rosane que este ano n\u00e3o se v\u00ea aquelas manifesta\u00e7\u00f5es comuns em outras Copas do Mundo e que chamo de \"patriotismo de chuteiras\".\u00a0 Claro que a \u00faltima, por ter sido aqui no Brasil, envolveu muito mais a popula\u00e7\u00e3o, at\u00e9 porque as cidades-sede tinham mais movimento, mas\u2026","rel":"","context":"Em &quot;Sem categoria&quot;","block_context":{"text":"Sem categoria","link":"https:\/\/gersonguelmann.com.br\/blog\/category\/sem-categoria\/"},"img":{"alt_text":"","src":"https:\/\/i0.wp.com\/gersonguelmann.com.br\/blog\/wp-content\/uploads\/2018\/06\/Brasil.jpg?fit=1200%2C1078&ssl=1&resize=350%2C200","width":350,"height":200,"srcset":"https:\/\/i0.wp.com\/gersonguelmann.com.br\/blog\/wp-content\/uploads\/2018\/06\/Brasil.jpg?fit=1200%2C1078&ssl=1&resize=350%2C200 1x, https:\/\/i0.wp.com\/gersonguelmann.com.br\/blog\/wp-content\/uploads\/2018\/06\/Brasil.jpg?fit=1200%2C1078&ssl=1&resize=525%2C300 1.5x, https:\/\/i0.wp.com\/gersonguelmann.com.br\/blog\/wp-content\/uploads\/2018\/06\/Brasil.jpg?fit=1200%2C1078&ssl=1&resize=700%2C400 2x, https:\/\/i0.wp.com\/gersonguelmann.com.br\/blog\/wp-content\/uploads\/2018\/06\/Brasil.jpg?fit=1200%2C1078&ssl=1&resize=1050%2C600 3x"},"classes":[]}],"jetpack_sharing_enabled":true,"post_mailing_queue_ids":[],"_links":{"self":[{"href":"https:\/\/gersonguelmann.com.br\/blog\/wp-json\/wp\/v2\/posts\/14588","targetHints":{"allow":["GET"]}}],"collection":[{"href":"https:\/\/gersonguelmann.com.br\/blog\/wp-json\/wp\/v2\/posts"}],"about":[{"href":"https:\/\/gersonguelmann.com.br\/blog\/wp-json\/wp\/v2\/types\/post"}],"author":[{"embeddable":true,"href":"https:\/\/gersonguelmann.com.br\/blog\/wp-json\/wp\/v2\/users\/5"}],"replies":[{"embeddable":true,"href":"https:\/\/gersonguelmann.com.br\/blog\/wp-json\/wp\/v2\/comments?post=14588"}],"version-history":[{"count":0,"href":"https:\/\/gersonguelmann.com.br\/blog\/wp-json\/wp\/v2\/posts\/14588\/revisions"}],"wp:featuredmedia":[{"embeddable":true,"href":"https:\/\/gersonguelmann.com.br\/blog\/wp-json\/wp\/v2\/media\/14589"}],"wp:attachment":[{"href":"https:\/\/gersonguelmann.com.br\/blog\/wp-json\/wp\/v2\/media?parent=14588"}],"wp:term":[{"taxonomy":"category","embeddable":true,"href":"https:\/\/gersonguelmann.com.br\/blog\/wp-json\/wp\/v2\/categories?post=14588"},{"taxonomy":"post_tag","embeddable":true,"href":"https:\/\/gersonguelmann.com.br\/blog\/wp-json\/wp\/v2\/tags?post=14588"}],"curies":[{"name":"wp","href":"https:\/\/api.w.org\/{rel}","templated":true}]}}