    {"id":1459,"date":"2017-09-06T12:28:11","date_gmt":"2017-09-06T15:28:11","guid":{"rendered":"https:\/\/gersonguelmann.com.br\/blog\/?p=1459"},"modified":"2017-09-06T12:49:26","modified_gmt":"2017-09-06T15:49:26","slug":"vai-um-acaraje-ai-ou-prefere-toquio","status":"publish","type":"post","link":"https:\/\/gersonguelmann.com.br\/blog\/vai-um-acaraje-ai-ou-prefere-toquio\/","title":{"rendered":"Vai um Acaraj\u00e9 a\u00ed? Ou prefere T\u00f3quio?"},"content":{"rendered":"<p><span style=\"font-family: tahoma, arial, helvetica, sans-serif; font-size: 14pt; color: #000000;\">Do que ouvi agora pela manh\u00e3 sobre a grana recolhida ontem pela Pol\u00edcia Federal, concluo:<\/span><\/p>\n<p><span style=\"font-family: tahoma, arial, helvetica, sans-serif; font-size: 14pt; color: #000000;\">* O que o <em>Geddel<\/em> tinha guardado dava para comprar <em>6.378.858 Acaraj\u00e9s<\/em> l\u00e1 em <em>Salvador<\/em>. Vou escrever para ficar mais f\u00e1cil: <strong>seis milh\u00f5es, trezentos e setenta e oito mil e oitocentos e cinquenta e oito Acaraj\u00e9s<\/strong>. Essa quantidade permitiria que o probo <em>Geddel<\/em> pagasse duas rodadas do petisco para toda a popula\u00e7\u00e3o de <em>Salvador<\/em>.<\/span><\/p>\n<p><span style=\"font-family: tahoma, arial, helvetica, sans-serif; font-size: 14pt; color: #000000;\">*J\u00e1 o que o <em>Nuzman<\/em> tinha nas gavetas da c\u00f4moda na casa dele no <em>Rio de Janeiro<\/em> permitiria que ele convidasse umas 130 pessoas para assistir a Olimp\u00edada de 2020 em <em>T\u00f3quio<\/em>. Esse c\u00e1lculo \u00e9 aproximado, dependendo de v\u00e1rios fatores pode ser que tivesse que reduzir um pouco a boca-livre.\u00a0<\/span><\/p>\n<p><img data-recalc-dims=\"1\" fetchpriority=\"high\" decoding=\"async\" data-attachment-id=\"1460\" data-permalink=\"https:\/\/gersonguelmann.com.br\/blog\/vai-um-acaraje-ai-ou-prefere-toquio\/acaraje\/\" data-orig-file=\"https:\/\/i0.wp.com\/gersonguelmann.com.br\/blog\/wp-content\/uploads\/2017\/09\/Acaraj%C3%A9.jpg?fit=850%2C565&amp;ssl=1\" data-orig-size=\"850,565\" data-comments-opened=\"1\" data-image-meta=\"{&quot;aperture&quot;:&quot;11&quot;,&quot;credit&quot;:&quot;VINICIUSTUPINAMBA.COM&quot;,&quot;camera&quot;:&quot;NIKON D700&quot;,&quot;caption&quot;:&quot;Acaraje, famous brazilian (african) fried cookie with sauces .&quot;,&quot;created_timestamp&quot;:&quot;1259177791&quot;,&quot;copyright&quot;:&quot;VINICIUS R TUPINAMBA&quot;,&quot;focal_length&quot;:&quot;35&quot;,&quot;iso&quot;:&quot;100&quot;,&quot;shutter_speed&quot;:&quot;0.0125&quot;,&quot;title&quot;:&quot;Acaraje&quot;,&quot;orientation&quot;:&quot;0&quot;}\" data-image-title=\"Acaraje\" data-image-description=\"\" data-image-caption=\"&lt;p&gt;Acaraje, famous brazilian (african) fried cookie with sauces .&lt;\/p&gt;\n\" data-medium-file=\"https:\/\/i0.wp.com\/gersonguelmann.com.br\/blog\/wp-content\/uploads\/2017\/09\/Acaraj%C3%A9.jpg?fit=300%2C199&amp;ssl=1\" data-large-file=\"https:\/\/i0.wp.com\/gersonguelmann.com.br\/blog\/wp-content\/uploads\/2017\/09\/Acaraj%C3%A9.jpg?fit=640%2C425&amp;ssl=1\" class=\"size-medium wp-image-1460\" src=\"https:\/\/i0.wp.com\/gersonguelmann.com.br\/blog\/wp-content\/uploads\/2017\/09\/Acaraj%C3%A9.jpg?resize=300%2C199&#038;ssl=1\" alt=\"\" width=\"300\" height=\"199\" srcset=\"https:\/\/i0.wp.com\/gersonguelmann.com.br\/blog\/wp-content\/uploads\/2017\/09\/Acaraj%C3%A9.jpg?resize=300%2C199&amp;ssl=1 300w, https:\/\/i0.wp.com\/gersonguelmann.com.br\/blog\/wp-content\/uploads\/2017\/09\/Acaraj%C3%A9.jpg?resize=768%2C510&amp;ssl=1 768w, https:\/\/i0.wp.com\/gersonguelmann.com.br\/blog\/wp-content\/uploads\/2017\/09\/Acaraj%C3%A9.jpg?resize=750%2C500&amp;ssl=1 750w, https:\/\/i0.wp.com\/gersonguelmann.com.br\/blog\/wp-content\/uploads\/2017\/09\/Acaraj%C3%A9.jpg?w=850&amp;ssl=1 850w\" sizes=\"(max-width: 300px) 100vw, 300px\" \/><\/p>\n<p>&nbsp;<\/p>\n","protected":false},"excerpt":{"rendered":"<p>Do que ouvi agora pela manh\u00e3 sobre a grana recolhida ontem pela Pol\u00edcia Federal, concluo: * O que o Geddel tinha guardado dava para comprar 6.378.858 Acaraj\u00e9s l\u00e1 em Salvador. Vou escrever para ficar mais f\u00e1cil: seis milh\u00f5es, trezentos e setenta e oito mil e oitocentos e cinquenta e oito Acaraj\u00e9s. Essa quantidade permitiria que [&hellip;]<\/p>\n","protected":false},"author":5,"featured_media":1460,"comment_status":"open","ping_status":"open","sticky":false,"template":"","format":"standard","meta":{"_acf_changed":false,"jetpack_post_was_ever_published":false,"_jetpack_newsletter_access":"","_jetpack_dont_email_post_to_subs":false,"_jetpack_newsletter_tier_id":0,"_jetpack_memberships_contains_paywalled_content":false,"_jetpack_memberships_contains_paid_content":false,"footnotes":"","jetpack_publicize_message":"","jetpack_publicize_feature_enabled":true,"jetpack_social_post_already_shared":true,"jetpack_social_options":{"image_generator_settings":{"template":"highway","default_image_id":0,"font":"","enabled":false},"version":2}},"categories":[1],"tags":[],"class_list":["post-1459","post","type-post","status-publish","format-standard","has-post-thumbnail","hentry","category-sem-categoria"],"acf":[],"yoast_head":"<!-- This site is optimized with the Yoast SEO plugin v27.3 - https:\/\/yoast.com\/product\/yoast-seo-wordpress\/ -->\n<title>Vai um Acaraj\u00e9 a\u00ed? Ou prefere T\u00f3quio? | Blog do Guelmann<\/title>\n<meta name=\"robots\" content=\"index, follow, max-snippet:-1, max-image-preview:large, max-video-preview:-1\" \/>\n<link rel=\"canonical\" href=\"https:\/\/gersonguelmann.com.br\/blog\/vai-um-acaraje-ai-ou-prefere-toquio\/\" \/>\n<meta property=\"og:locale\" content=\"pt_BR\" \/>\n<meta property=\"og:type\" content=\"article\" \/>\n<meta property=\"og:title\" content=\"Vai um Acaraj\u00e9 a\u00ed? Ou prefere T\u00f3quio? | Blog do Guelmann\" \/>\n<meta property=\"og:description\" content=\"Do que ouvi agora pela manh\u00e3 sobre a grana recolhida ontem pela Pol\u00edcia Federal, concluo: * O que o Geddel tinha guardado dava para comprar 6.378.858 Acaraj\u00e9s l\u00e1 em Salvador. Vou escrever para ficar mais f\u00e1cil: seis milh\u00f5es, trezentos e setenta e oito mil e oitocentos e cinquenta e oito Acaraj\u00e9s. Essa quantidade permitiria que [&hellip;]\" \/>\n<meta property=\"og:url\" content=\"https:\/\/gersonguelmann.com.br\/blog\/vai-um-acaraje-ai-ou-prefere-toquio\/\" \/>\n<meta property=\"og:site_name\" content=\"Blog do Guelmann\" \/>\n<meta property=\"article:published_time\" content=\"2017-09-06T15:28:11+00:00\" \/>\n<meta property=\"article:modified_time\" content=\"2017-09-06T15:49:26+00:00\" \/>\n<meta property=\"og:image\" content=\"https:\/\/i0.wp.com\/gersonguelmann.com.br\/blog\/wp-content\/uploads\/2017\/09\/Acaraj\u00e9.jpg?fit=850%2C565&ssl=1\" \/>\n\t<meta property=\"og:image:width\" content=\"850\" \/>\n\t<meta property=\"og:image:height\" content=\"565\" \/>\n\t<meta property=\"og:image:type\" content=\"image\/jpeg\" \/>\n<meta name=\"author\" content=\"Gerson Guelmann\" \/>\n<meta name=\"twitter:card\" content=\"summary_large_image\" \/>\n<meta name=\"twitter:label1\" content=\"Escrito por\" \/>\n\t<meta name=\"twitter:data1\" content=\"Gerson Guelmann\" \/>\n\t<meta name=\"twitter:label2\" content=\"Est. tempo de leitura\" \/>\n\t<meta name=\"twitter:data2\" content=\"1 minuto\" \/>\n<script type=\"application\/ld+json\" class=\"yoast-schema-graph\">{\"@context\":\"https:\\\/\\\/schema.org\",\"@graph\":[{\"@type\":\"Article\",\"@id\":\"https:\\\/\\\/gersonguelmann.com.br\\\/blog\\\/vai-um-acaraje-ai-ou-prefere-toquio\\\/#article\",\"isPartOf\":{\"@id\":\"https:\\\/\\\/gersonguelmann.com.br\\\/blog\\\/vai-um-acaraje-ai-ou-prefere-toquio\\\/\"},\"author\":{\"name\":\"Gerson Guelmann\",\"@id\":\"https:\\\/\\\/gersonguelmann.com.br\\\/blog\\\/#\\\/schema\\\/person\\\/87e70e2a786888082f941a482c90569e\"},\"headline\":\"Vai um Acaraj\u00e9 a\u00ed? Ou prefere T\u00f3quio?\",\"datePublished\":\"2017-09-06T15:28:11+00:00\",\"dateModified\":\"2017-09-06T15:49:26+00:00\",\"mainEntityOfPage\":{\"@id\":\"https:\\\/\\\/gersonguelmann.com.br\\\/blog\\\/vai-um-acaraje-ai-ou-prefere-toquio\\\/\"},\"wordCount\":134,\"commentCount\":1,\"image\":{\"@id\":\"https:\\\/\\\/gersonguelmann.com.br\\\/blog\\\/vai-um-acaraje-ai-ou-prefere-toquio\\\/#primaryimage\"},\"thumbnailUrl\":\"https:\\\/\\\/i0.wp.com\\\/gersonguelmann.com.br\\\/blog\\\/wp-content\\\/uploads\\\/2017\\\/09\\\/Acaraj%C3%A9.jpg?fit=850%2C565&ssl=1\",\"inLanguage\":\"pt-BR\",\"potentialAction\":[{\"@type\":\"CommentAction\",\"name\":\"Comment\",\"target\":[\"https:\\\/\\\/gersonguelmann.com.br\\\/blog\\\/vai-um-acaraje-ai-ou-prefere-toquio\\\/#respond\"]}]},{\"@type\":\"WebPage\",\"@id\":\"https:\\\/\\\/gersonguelmann.com.br\\\/blog\\\/vai-um-acaraje-ai-ou-prefere-toquio\\\/\",\"url\":\"https:\\\/\\\/gersonguelmann.com.br\\\/blog\\\/vai-um-acaraje-ai-ou-prefere-toquio\\\/\",\"name\":\"Vai um Acaraj\u00e9 a\u00ed? Ou prefere T\u00f3quio? | Blog do Guelmann\",\"isPartOf\":{\"@id\":\"https:\\\/\\\/gersonguelmann.com.br\\\/blog\\\/#website\"},\"primaryImageOfPage\":{\"@id\":\"https:\\\/\\\/gersonguelmann.com.br\\\/blog\\\/vai-um-acaraje-ai-ou-prefere-toquio\\\/#primaryimage\"},\"image\":{\"@id\":\"https:\\\/\\\/gersonguelmann.com.br\\\/blog\\\/vai-um-acaraje-ai-ou-prefere-toquio\\\/#primaryimage\"},\"thumbnailUrl\":\"https:\\\/\\\/i0.wp.com\\\/gersonguelmann.com.br\\\/blog\\\/wp-content\\\/uploads\\\/2017\\\/09\\\/Acaraj%C3%A9.jpg?fit=850%2C565&ssl=1\",\"datePublished\":\"2017-09-06T15:28:11+00:00\",\"dateModified\":\"2017-09-06T15:49:26+00:00\",\"author\":{\"@id\":\"https:\\\/\\\/gersonguelmann.com.br\\\/blog\\\/#\\\/schema\\\/person\\\/87e70e2a786888082f941a482c90569e\"},\"inLanguage\":\"pt-BR\",\"potentialAction\":[{\"@type\":\"ReadAction\",\"target\":[\"https:\\\/\\\/gersonguelmann.com.br\\\/blog\\\/vai-um-acaraje-ai-ou-prefere-toquio\\\/\"]}]},{\"@type\":\"ImageObject\",\"inLanguage\":\"pt-BR\",\"@id\":\"https:\\\/\\\/gersonguelmann.com.br\\\/blog\\\/vai-um-acaraje-ai-ou-prefere-toquio\\\/#primaryimage\",\"url\":\"https:\\\/\\\/i0.wp.com\\\/gersonguelmann.com.br\\\/blog\\\/wp-content\\\/uploads\\\/2017\\\/09\\\/Acaraj%C3%A9.jpg?fit=850%2C565&ssl=1\",\"contentUrl\":\"https:\\\/\\\/i0.wp.com\\\/gersonguelmann.com.br\\\/blog\\\/wp-content\\\/uploads\\\/2017\\\/09\\\/Acaraj%C3%A9.jpg?fit=850%2C565&ssl=1\",\"width\":850,\"height\":565,\"caption\":\"Acaraje, famous brazilian (african) fried cookie with sauces .\"},{\"@type\":\"WebSite\",\"@id\":\"https:\\\/\\\/gersonguelmann.com.br\\\/blog\\\/#website\",\"url\":\"https:\\\/\\\/gersonguelmann.com.br\\\/blog\\\/\",\"name\":\"Blog do Guelmann\",\"description\":\"Pitadas da sabedoria e do humor judaicos, assuntos do momento e um pouco das hist\u00f3rias que vivi e testemunhei.\",\"potentialAction\":[{\"@type\":\"SearchAction\",\"target\":{\"@type\":\"EntryPoint\",\"urlTemplate\":\"https:\\\/\\\/gersonguelmann.com.br\\\/blog\\\/?s={search_term_string}\"},\"query-input\":{\"@type\":\"PropertyValueSpecification\",\"valueRequired\":true,\"valueName\":\"search_term_string\"}}],\"inLanguage\":\"pt-BR\"},{\"@type\":\"Person\",\"@id\":\"https:\\\/\\\/gersonguelmann.com.br\\\/blog\\\/#\\\/schema\\\/person\\\/87e70e2a786888082f941a482c90569e\",\"name\":\"Gerson Guelmann\",\"image\":{\"@type\":\"ImageObject\",\"inLanguage\":\"pt-BR\",\"@id\":\"https:\\\/\\\/i0.wp.com\\\/gersonguelmann.com.br\\\/blog\\\/wp-content\\\/uploads\\\/2021\\\/08\\\/BLOG.jpeg?fit=96%2C96&ssl=1\",\"url\":\"https:\\\/\\\/i0.wp.com\\\/gersonguelmann.com.br\\\/blog\\\/wp-content\\\/uploads\\\/2021\\\/08\\\/BLOG.jpeg?fit=96%2C96&ssl=1\",\"contentUrl\":\"https:\\\/\\\/i0.wp.com\\\/gersonguelmann.com.br\\\/blog\\\/wp-content\\\/uploads\\\/2021\\\/08\\\/BLOG.jpeg?fit=96%2C96&ssl=1\",\"caption\":\"Gerson Guelmann\"},\"description\":\"Pitadas da sabedoria e do humor judaicos, assuntos do momento e um pouco das hist\u00f3rias que vivi e testemunhei.\"}]}<\/script>\n<!-- \/ Yoast SEO plugin. -->","yoast_head_json":{"title":"Vai um Acaraj\u00e9 a\u00ed? Ou prefere T\u00f3quio? | Blog do Guelmann","robots":{"index":"index","follow":"follow","max-snippet":"max-snippet:-1","max-image-preview":"max-image-preview:large","max-video-preview":"max-video-preview:-1"},"canonical":"https:\/\/gersonguelmann.com.br\/blog\/vai-um-acaraje-ai-ou-prefere-toquio\/","og_locale":"pt_BR","og_type":"article","og_title":"Vai um Acaraj\u00e9 a\u00ed? Ou prefere T\u00f3quio? | Blog do Guelmann","og_description":"Do que ouvi agora pela manh\u00e3 sobre a grana recolhida ontem pela Pol\u00edcia Federal, concluo: * O que o Geddel tinha guardado dava para comprar 6.378.858 Acaraj\u00e9s l\u00e1 em Salvador. Vou escrever para ficar mais f\u00e1cil: seis milh\u00f5es, trezentos e setenta e oito mil e oitocentos e cinquenta e oito Acaraj\u00e9s. Essa quantidade permitiria que [&hellip;]","og_url":"https:\/\/gersonguelmann.com.br\/blog\/vai-um-acaraje-ai-ou-prefere-toquio\/","og_site_name":"Blog do Guelmann","article_published_time":"2017-09-06T15:28:11+00:00","article_modified_time":"2017-09-06T15:49:26+00:00","og_image":[{"width":850,"height":565,"url":"https:\/\/i0.wp.com\/gersonguelmann.com.br\/blog\/wp-content\/uploads\/2017\/09\/Acaraj\u00e9.jpg?fit=850%2C565&ssl=1","type":"image\/jpeg"}],"author":"Gerson Guelmann","twitter_card":"summary_large_image","twitter_misc":{"Escrito por":"Gerson Guelmann","Est. tempo de leitura":"1 minuto"},"schema":{"@context":"https:\/\/schema.org","@graph":[{"@type":"Article","@id":"https:\/\/gersonguelmann.com.br\/blog\/vai-um-acaraje-ai-ou-prefere-toquio\/#article","isPartOf":{"@id":"https:\/\/gersonguelmann.com.br\/blog\/vai-um-acaraje-ai-ou-prefere-toquio\/"},"author":{"name":"Gerson Guelmann","@id":"https:\/\/gersonguelmann.com.br\/blog\/#\/schema\/person\/87e70e2a786888082f941a482c90569e"},"headline":"Vai um Acaraj\u00e9 a\u00ed? Ou prefere T\u00f3quio?","datePublished":"2017-09-06T15:28:11+00:00","dateModified":"2017-09-06T15:49:26+00:00","mainEntityOfPage":{"@id":"https:\/\/gersonguelmann.com.br\/blog\/vai-um-acaraje-ai-ou-prefere-toquio\/"},"wordCount":134,"commentCount":1,"image":{"@id":"https:\/\/gersonguelmann.com.br\/blog\/vai-um-acaraje-ai-ou-prefere-toquio\/#primaryimage"},"thumbnailUrl":"https:\/\/i0.wp.com\/gersonguelmann.com.br\/blog\/wp-content\/uploads\/2017\/09\/Acaraj%C3%A9.jpg?fit=850%2C565&ssl=1","inLanguage":"pt-BR","potentialAction":[{"@type":"CommentAction","name":"Comment","target":["https:\/\/gersonguelmann.com.br\/blog\/vai-um-acaraje-ai-ou-prefere-toquio\/#respond"]}]},{"@type":"WebPage","@id":"https:\/\/gersonguelmann.com.br\/blog\/vai-um-acaraje-ai-ou-prefere-toquio\/","url":"https:\/\/gersonguelmann.com.br\/blog\/vai-um-acaraje-ai-ou-prefere-toquio\/","name":"Vai um Acaraj\u00e9 a\u00ed? Ou prefere T\u00f3quio? | Blog do Guelmann","isPartOf":{"@id":"https:\/\/gersonguelmann.com.br\/blog\/#website"},"primaryImageOfPage":{"@id":"https:\/\/gersonguelmann.com.br\/blog\/vai-um-acaraje-ai-ou-prefere-toquio\/#primaryimage"},"image":{"@id":"https:\/\/gersonguelmann.com.br\/blog\/vai-um-acaraje-ai-ou-prefere-toquio\/#primaryimage"},"thumbnailUrl":"https:\/\/i0.wp.com\/gersonguelmann.com.br\/blog\/wp-content\/uploads\/2017\/09\/Acaraj%C3%A9.jpg?fit=850%2C565&ssl=1","datePublished":"2017-09-06T15:28:11+00:00","dateModified":"2017-09-06T15:49:26+00:00","author":{"@id":"https:\/\/gersonguelmann.com.br\/blog\/#\/schema\/person\/87e70e2a786888082f941a482c90569e"},"inLanguage":"pt-BR","potentialAction":[{"@type":"ReadAction","target":["https:\/\/gersonguelmann.com.br\/blog\/vai-um-acaraje-ai-ou-prefere-toquio\/"]}]},{"@type":"ImageObject","inLanguage":"pt-BR","@id":"https:\/\/gersonguelmann.com.br\/blog\/vai-um-acaraje-ai-ou-prefere-toquio\/#primaryimage","url":"https:\/\/i0.wp.com\/gersonguelmann.com.br\/blog\/wp-content\/uploads\/2017\/09\/Acaraj%C3%A9.jpg?fit=850%2C565&ssl=1","contentUrl":"https:\/\/i0.wp.com\/gersonguelmann.com.br\/blog\/wp-content\/uploads\/2017\/09\/Acaraj%C3%A9.jpg?fit=850%2C565&ssl=1","width":850,"height":565,"caption":"Acaraje, famous brazilian (african) fried cookie with sauces ."},{"@type":"WebSite","@id":"https:\/\/gersonguelmann.com.br\/blog\/#website","url":"https:\/\/gersonguelmann.com.br\/blog\/","name":"Blog do Guelmann","description":"Pitadas da sabedoria e do humor judaicos, assuntos do momento e um pouco das hist\u00f3rias que vivi e testemunhei.","potentialAction":[{"@type":"SearchAction","target":{"@type":"EntryPoint","urlTemplate":"https:\/\/gersonguelmann.com.br\/blog\/?s={search_term_string}"},"query-input":{"@type":"PropertyValueSpecification","valueRequired":true,"valueName":"search_term_string"}}],"inLanguage":"pt-BR"},{"@type":"Person","@id":"https:\/\/gersonguelmann.com.br\/blog\/#\/schema\/person\/87e70e2a786888082f941a482c90569e","name":"Gerson Guelmann","image":{"@type":"ImageObject","inLanguage":"pt-BR","@id":"https:\/\/i0.wp.com\/gersonguelmann.com.br\/blog\/wp-content\/uploads\/2021\/08\/BLOG.jpeg?fit=96%2C96&ssl=1","url":"https:\/\/i0.wp.com\/gersonguelmann.com.br\/blog\/wp-content\/uploads\/2021\/08\/BLOG.jpeg?fit=96%2C96&ssl=1","contentUrl":"https:\/\/i0.wp.com\/gersonguelmann.com.br\/blog\/wp-content\/uploads\/2021\/08\/BLOG.jpeg?fit=96%2C96&ssl=1","caption":"Gerson Guelmann"},"description":"Pitadas da sabedoria e do humor judaicos, assuntos do momento e um pouco das hist\u00f3rias que vivi e testemunhei."}]}},"views":45,"jetpack_publicize_connections":[],"jetpack_featured_media_url":"https:\/\/i0.wp.com\/gersonguelmann.com.br\/blog\/wp-content\/uploads\/2017\/09\/Acaraj%C3%A9.jpg?fit=850%2C565&ssl=1","jetpack_shortlink":"https:\/\/wp.me\/p96e7O-nx","jetpack-related-posts":[{"id":2346,"url":"https:\/\/gersonguelmann.com.br\/blog\/cavadores-tuneis-aprendam-com-tio-geddel-roubar-para-profissionais\/","url_meta":{"origin":1459,"position":0},"title":"Cavadores de t\u00faneis, aprendam com o tio Geddel: roubar \u00e9 para profissionais","author":"Gerson Guelmann","date":"3 de outubro de 2017","format":false,"excerpt":"A pol\u00edcia de S\u00e3o Paulo impediu ontem o que poderia ter sido o maior assalto a banco da hist\u00f3ria do pa\u00eds. A pris\u00e3o do grupo de 16 homens interrompeu a constru\u00e7\u00e3o de um t\u00fanel que j\u00e1 tinha 500 metros de extens\u00e3o. A quadrilha fez um investimento de pelo menos R$\u2026","rel":"","context":"Em &quot;Sem categoria&quot;","block_context":{"text":"Sem categoria","link":"https:\/\/gersonguelmann.com.br\/blog\/category\/sem-categoria\/"},"img":{"alt_text":"","src":"https:\/\/i0.wp.com\/gersonguelmann.com.br\/blog\/wp-content\/uploads\/2017\/10\/Tunel.jpg?resize=350%2C200&ssl=1","width":350,"height":200},"classes":[]},{"id":1739,"url":"https:\/\/gersonguelmann.com.br\/blog\/enquanto-isso-na-bahia-do-santo-geddel-do-pau-oco\/","url_meta":{"origin":1459,"position":1},"title":"Enquanto Isso, na Bahia do Santo Geddel do Pau Oco&#8230;","author":"Gerson Guelmann","date":"16 de setembro de 2017","format":false,"excerpt":"Estamos cansados de saber que no pa\u00eds da Copa e da Olimp\u00edada sobram est\u00e1dios e equipamentos esportivos desnecess\u00e1rios e falta o que \u00e9 b\u00e1sico para o povo: Sa\u00fade e Educa\u00e7\u00e3o. O Globo Rep\u00f3rter de ontem abordou v\u00e1rios exemplos disso, ao mostrar a\u00e7\u00f5es de pessoas e grupos que cansaram de esperar\u2026","rel":"","context":"Em &quot;Sem categoria&quot;","block_context":{"text":"Sem categoria","link":"https:\/\/gersonguelmann.com.br\/blog\/category\/sem-categoria\/"},"img":{"alt_text":"","src":"https:\/\/i0.wp.com\/gersonguelmann.com.br\/blog\/wp-content\/uploads\/2017\/09\/Hospital-1.jpg?fit=1200%2C800&ssl=1&resize=350%2C200","width":350,"height":200,"srcset":"https:\/\/i0.wp.com\/gersonguelmann.com.br\/blog\/wp-content\/uploads\/2017\/09\/Hospital-1.jpg?fit=1200%2C800&ssl=1&resize=350%2C200 1x, https:\/\/i0.wp.com\/gersonguelmann.com.br\/blog\/wp-content\/uploads\/2017\/09\/Hospital-1.jpg?fit=1200%2C800&ssl=1&resize=525%2C300 1.5x, https:\/\/i0.wp.com\/gersonguelmann.com.br\/blog\/wp-content\/uploads\/2017\/09\/Hospital-1.jpg?fit=1200%2C800&ssl=1&resize=700%2C400 2x, https:\/\/i0.wp.com\/gersonguelmann.com.br\/blog\/wp-content\/uploads\/2017\/09\/Hospital-1.jpg?fit=1200%2C800&ssl=1&resize=1050%2C600 3x"},"classes":[]},{"id":13930,"url":"https:\/\/gersonguelmann.com.br\/blog\/a-salvador-do-menino-do-shopping-e-dos-51-milhoes-de-geddel-tem-algo-em-comum\/","url_meta":{"origin":1459,"position":2},"title":"A Salvador do Menino do Shopping e dos 51 Milh\u00f5es de Geddel T\u00eam Algo Em Comum","author":"Gerson Guelmann","date":"13 de junho de 2018","format":false,"excerpt":"Foto: Reprodu\u00e7\u00e3o Recebi ontem um v\u00eddeo que registrou incidente que aconteceu 2\u00aa feira na pra\u00e7a de alimenta\u00e7\u00e3o de um shopping em Salvador. Um rapaz tentou pagar o almo\u00e7o de menino que perambulava por l\u00e1 e foi impedido por um Seguran\u00e7a, que agiu de forma agressiva com ambos e proibiu a\u2026","rel":"","context":"Em &quot;Sem categoria&quot;","block_context":{"text":"Sem categoria","link":"https:\/\/gersonguelmann.com.br\/blog\/category\/sem-categoria\/"},"img":{"alt_text":"","src":"https:\/\/i0.wp.com\/gersonguelmann.com.br\/blog\/wp-content\/uploads\/2018\/06\/csm_seg001_ed0e474422.jpg?fit=940%2C585&ssl=1&resize=350%2C200","width":350,"height":200,"srcset":"https:\/\/i0.wp.com\/gersonguelmann.com.br\/blog\/wp-content\/uploads\/2018\/06\/csm_seg001_ed0e474422.jpg?fit=940%2C585&ssl=1&resize=350%2C200 1x, https:\/\/i0.wp.com\/gersonguelmann.com.br\/blog\/wp-content\/uploads\/2018\/06\/csm_seg001_ed0e474422.jpg?fit=940%2C585&ssl=1&resize=525%2C300 1.5x, https:\/\/i0.wp.com\/gersonguelmann.com.br\/blog\/wp-content\/uploads\/2018\/06\/csm_seg001_ed0e474422.jpg?fit=940%2C585&ssl=1&resize=700%2C400 2x"},"classes":[]},{"id":6365,"url":"https:\/\/gersonguelmann.com.br\/blog\/mega-da-virada-e-o-geddel\/","url_meta":{"origin":1459,"position":3},"title":"A Mega da Virada e o Geddel","author":"Gerson Guelmann","date":"30 de dezembro de 2017","format":false,"excerpt":"Me ocorreu hoje que o pr\u00eamio previsto para a Mega da Virada \u00e9 de apenas 5 vezes o valor encontrado no apartamento do Geddel em Salvador. Isso nos d\u00e1 a medida do tamanho do roubo que o sacripanta cometeu. N\u00e3o nos esque\u00e7amos que o dinheiro das malas \u00e9 apenas uma\u2026","rel":"","context":"Em &quot;Sem categoria&quot;","block_context":{"text":"Sem categoria","link":"https:\/\/gersonguelmann.com.br\/blog\/category\/sem-categoria\/"},"img":{"alt_text":"","src":"https:\/\/i0.wp.com\/gersonguelmann.com.br\/blog\/wp-content\/uploads\/2017\/12\/PF.jpg?fit=1200%2C647&ssl=1&resize=350%2C200","width":350,"height":200,"srcset":"https:\/\/i0.wp.com\/gersonguelmann.com.br\/blog\/wp-content\/uploads\/2017\/12\/PF.jpg?fit=1200%2C647&ssl=1&resize=350%2C200 1x, https:\/\/i0.wp.com\/gersonguelmann.com.br\/blog\/wp-content\/uploads\/2017\/12\/PF.jpg?fit=1200%2C647&ssl=1&resize=525%2C300 1.5x, https:\/\/i0.wp.com\/gersonguelmann.com.br\/blog\/wp-content\/uploads\/2017\/12\/PF.jpg?fit=1200%2C647&ssl=1&resize=700%2C400 2x, https:\/\/i0.wp.com\/gersonguelmann.com.br\/blog\/wp-content\/uploads\/2017\/12\/PF.jpg?fit=1200%2C647&ssl=1&resize=1050%2C600 3x"},"classes":[]},{"id":12664,"url":"https:\/\/gersonguelmann.com.br\/blog\/para-geddel-nos-somos-assim\/","url_meta":{"origin":1459,"position":4},"title":"Para Geddel, N\u00f3s Somos Assim","author":"Gerson Guelmann","date":"8 de maio de 2018","format":false,"excerpt":"Neste momento a A Segunda Turma do Supremo Tribunal Federal (STF) decide se cabe \u00e0 Suprema Corte julgar o ex-ministro Geddel Vieira Lima (PMDB-BA); seu irm\u00e3o, o deputado L\u00facio Vieira Lima (PMDB-BA); e a m\u00e3e de ambos, Marluce Vieira Lima.\u00a0 Geddel \u00e9 aquele sujeito que est\u00e1\u00a0preso desde 8 de setembro\u2026","rel":"","context":"Em &quot;Sem categoria&quot;","block_context":{"text":"Sem categoria","link":"https:\/\/gersonguelmann.com.br\/blog\/category\/sem-categoria\/"},"img":{"alt_text":"","src":"https:\/\/i0.wp.com\/gersonguelmann.com.br\/blog\/wp-content\/uploads\/2018\/05\/Geddel.jpg?fit=1200%2C800&ssl=1&resize=350%2C200","width":350,"height":200,"srcset":"https:\/\/i0.wp.com\/gersonguelmann.com.br\/blog\/wp-content\/uploads\/2018\/05\/Geddel.jpg?fit=1200%2C800&ssl=1&resize=350%2C200 1x, https:\/\/i0.wp.com\/gersonguelmann.com.br\/blog\/wp-content\/uploads\/2018\/05\/Geddel.jpg?fit=1200%2C800&ssl=1&resize=525%2C300 1.5x, https:\/\/i0.wp.com\/gersonguelmann.com.br\/blog\/wp-content\/uploads\/2018\/05\/Geddel.jpg?fit=1200%2C800&ssl=1&resize=700%2C400 2x, https:\/\/i0.wp.com\/gersonguelmann.com.br\/blog\/wp-content\/uploads\/2018\/05\/Geddel.jpg?fit=1200%2C800&ssl=1&resize=1050%2C600 3x"},"classes":[]},{"id":1464,"url":"https:\/\/gersonguelmann.com.br\/blog\/dois-momentos-que-enriqueceram-o-ja-rico-prontuario-de-geddel\/","url_meta":{"origin":1459,"position":5},"title":"Dois momentos que enriqueceram o j\u00e1 rico prontu\u00e1rio de Geddel","author":"Gerson Guelmann","date":"6 de setembro de 2017","format":false,"excerpt":"Compartilho dois v\u00eddeos extremamente enriquecedores para quem deseja conhecer o car\u00e1ter de Geddel Vieira Lima. Geddel come\u00e7ou a ser investigado em janeiro \u00faltimo na opera\u00e7\u00e3o \"Cui Bono\"\u00a0 da Pol\u00edcia Federal, com base em informa\u00e7\u00f5es encontradas em um celular que era usado pelo deputado cassado Eduardo Cunha, atualmente condenado e preso.\u00a0\u2026","rel":"","context":"Em &quot;Sem categoria&quot;","block_context":{"text":"Sem categoria","link":"https:\/\/gersonguelmann.com.br\/blog\/category\/sem-categoria\/"},"img":{"alt_text":"","src":"https:\/\/i0.wp.com\/gersonguelmann.com.br\/blog\/wp-content\/uploads\/2017\/09\/Geddel.jpg?fit=1200%2C800&ssl=1&resize=350%2C200","width":350,"height":200,"srcset":"https:\/\/i0.wp.com\/gersonguelmann.com.br\/blog\/wp-content\/uploads\/2017\/09\/Geddel.jpg?fit=1200%2C800&ssl=1&resize=350%2C200 1x, https:\/\/i0.wp.com\/gersonguelmann.com.br\/blog\/wp-content\/uploads\/2017\/09\/Geddel.jpg?fit=1200%2C800&ssl=1&resize=525%2C300 1.5x, https:\/\/i0.wp.com\/gersonguelmann.com.br\/blog\/wp-content\/uploads\/2017\/09\/Geddel.jpg?fit=1200%2C800&ssl=1&resize=700%2C400 2x, https:\/\/i0.wp.com\/gersonguelmann.com.br\/blog\/wp-content\/uploads\/2017\/09\/Geddel.jpg?fit=1200%2C800&ssl=1&resize=1050%2C600 3x"},"classes":[]}],"jetpack_sharing_enabled":true,"post_mailing_queue_ids":[],"_links":{"self":[{"href":"https:\/\/gersonguelmann.com.br\/blog\/wp-json\/wp\/v2\/posts\/1459","targetHints":{"allow":["GET"]}}],"collection":[{"href":"https:\/\/gersonguelmann.com.br\/blog\/wp-json\/wp\/v2\/posts"}],"about":[{"href":"https:\/\/gersonguelmann.com.br\/blog\/wp-json\/wp\/v2\/types\/post"}],"author":[{"embeddable":true,"href":"https:\/\/gersonguelmann.com.br\/blog\/wp-json\/wp\/v2\/users\/5"}],"replies":[{"embeddable":true,"href":"https:\/\/gersonguelmann.com.br\/blog\/wp-json\/wp\/v2\/comments?post=1459"}],"version-history":[{"count":0,"href":"https:\/\/gersonguelmann.com.br\/blog\/wp-json\/wp\/v2\/posts\/1459\/revisions"}],"wp:featuredmedia":[{"embeddable":true,"href":"https:\/\/gersonguelmann.com.br\/blog\/wp-json\/wp\/v2\/media\/1460"}],"wp:attachment":[{"href":"https:\/\/gersonguelmann.com.br\/blog\/wp-json\/wp\/v2\/media?parent=1459"}],"wp:term":[{"taxonomy":"category","embeddable":true,"href":"https:\/\/gersonguelmann.com.br\/blog\/wp-json\/wp\/v2\/categories?post=1459"},{"taxonomy":"post_tag","embeddable":true,"href":"https:\/\/gersonguelmann.com.br\/blog\/wp-json\/wp\/v2\/tags?post=1459"}],"curies":[{"name":"wp","href":"https:\/\/api.w.org\/{rel}","templated":true}]}}