    {"id":14598,"date":"2018-07-12T14:54:23","date_gmt":"2018-07-12T17:54:23","guid":{"rendered":"https:\/\/gersonguelmann.com.br\/blog\/?p=14598"},"modified":"2018-07-12T14:54:23","modified_gmt":"2018-07-12T17:54:23","slug":"marido-enciumado-colocou-fogo-no-carro-na-frente-do-motel-so-que-nao-era-o-da-esposa","status":"publish","type":"post","link":"https:\/\/gersonguelmann.com.br\/blog\/marido-enciumado-colocou-fogo-no-carro-na-frente-do-motel-so-que-nao-era-o-da-esposa\/","title":{"rendered":"Marido Enciumado Colocou Fogo no Carro na Frente do Motel. S\u00f3 Que N\u00e3o Era o da Esposa."},"content":{"rendered":"<p><span style=\"color: #000000; font-family: georgia, palatino, serif; font-size: 18pt;\">Saiu no G1-Goi\u00e1s:<\/span><\/p>\n<div class=\"column medium-centered medium-19 large-18\">\n<p class=\"content-head__title\"><span style=\"font-size: 24pt;\"><strong><span style=\"color: #000000;\">Homem confunde carro na entrada de motel com o da esposa, coloca fogo e deixa bilhete com telefone, em Itumbiara<\/span><\/strong><\/span><\/p>\n<\/div>\n<div class=\"column medium-centered medium-17 large-14 xlarge-16\">\n<p class=\"content-head__subtitle\"><span style=\"font-size: 18pt;\"><strong><span style=\"color: #000000;\">Mulher que estava com o carro disse que foi avisada do incidente pela recepcionista do local. V\u00edtima tentou contato com o n\u00famero deixado, mas n\u00e3o foi atendida.<\/span><\/strong><\/span><\/p>\n<p class=\"content-publication-data__from\"><span style=\"color: #000000;\">Por Vitor Santana, G1 GO<\/span><\/p>\n<p class=\"content-publication-data__updated\"><span style=\"color: #000000;\"><time datetime=\"2018-07-12T12:52:07.419Z\">12\/07\/2018 09h52\u00a0<\/time><span class=\"content-publication-data__updated-relative\">\u00a0<time datetime=\"2018-07-12T13:22:35.036Z\">Atualizado h\u00e1 3 horas<\/time><\/span><\/span><\/p>\n<p style=\"text-align: center;\"><span style=\"color: #000000;\"><img data-recalc-dims=\"1\" fetchpriority=\"high\" decoding=\"async\" data-attachment-id=\"14600\" data-permalink=\"https:\/\/gersonguelmann.com.br\/blog\/marido-enciumado-colocou-fogo-no-carro-na-frente-do-motel-so-que-nao-era-o-da-esposa\/incendio-2\/\" data-orig-file=\"https:\/\/i0.wp.com\/gersonguelmann.com.br\/blog\/wp-content\/uploads\/2018\/07\/incendio.jpg?fit=640%2C401&amp;ssl=1\" data-orig-size=\"640,401\" data-comments-opened=\"1\" data-image-meta=\"{&quot;aperture&quot;:&quot;0&quot;,&quot;credit&quot;:&quot;&quot;,&quot;camera&quot;:&quot;&quot;,&quot;caption&quot;:&quot;&quot;,&quot;created_timestamp&quot;:&quot;0&quot;,&quot;copyright&quot;:&quot;&quot;,&quot;focal_length&quot;:&quot;0&quot;,&quot;iso&quot;:&quot;0&quot;,&quot;shutter_speed&quot;:&quot;0&quot;,&quot;title&quot;:&quot;&quot;,&quot;orientation&quot;:&quot;0&quot;}\" data-image-title=\"incendio\" data-image-description=\"\" data-image-caption=\"\" data-medium-file=\"https:\/\/i0.wp.com\/gersonguelmann.com.br\/blog\/wp-content\/uploads\/2018\/07\/incendio.jpg?fit=300%2C188&amp;ssl=1\" data-large-file=\"https:\/\/i0.wp.com\/gersonguelmann.com.br\/blog\/wp-content\/uploads\/2018\/07\/incendio.jpg?fit=640%2C401&amp;ssl=1\" class=\"alignnone size-medium wp-image-14600\" src=\"https:\/\/i0.wp.com\/gersonguelmann.com.br\/blog\/wp-content\/uploads\/2018\/07\/incendio.jpg?resize=300%2C188&#038;ssl=1\" alt=\"\" width=\"300\" height=\"188\" srcset=\"https:\/\/i0.wp.com\/gersonguelmann.com.br\/blog\/wp-content\/uploads\/2018\/07\/incendio.jpg?resize=300%2C188&amp;ssl=1 300w, https:\/\/i0.wp.com\/gersonguelmann.com.br\/blog\/wp-content\/uploads\/2018\/07\/incendio.jpg?w=640&amp;ssl=1 640w\" sizes=\"(max-width: 300px) 100vw, 300px\" \/><br \/>\n<\/span><span style=\"font-family: georgia, palatino, serif; color: #808080;\"><em><strong>Homem coloca fogo em carro em frente a motel de Itumbiara, Goi\u00e1s (Foto: Reprodu\u00e7\u00e3o\/TV Anhanguera)<\/strong><\/em><\/span><\/p>\n<div class=\"mc-column content-text active-extra-styles active-capital-letter\" data-block-type=\"unstyled\" data-block-weight=\"54\" data-block-id=\"2\">\n<p class=\"content-text__container theme-color-primary-first-letter\" data-track-category=\"Link no Texto\" data-track-links=\"\"><span style=\"color: #000000; font-size: 14pt;\">Um homem confundiu um carro estacionado em frente a um motel com o da esposa e colocou fogo, em\u00a0Itumbiara, no sul de Goi\u00e1s, de acordo com a Pol\u00edcia Militar. Ele ainda deixou um bilhete com o n\u00famero de telefone na recep\u00e7\u00e3o. O respons\u00e1vel pelo inc\u00eandio informou ao\u00a0<strong>G1<\/strong>\u00a0que vai pagar os estragos.<\/span><\/p>\n<\/div>\n<div class=\"wall\">\n<div class=\"mc-column content-text active-extra-styles \" data-block-type=\"unstyled\" data-block-weight=\"64\" data-block-id=\"3\">\n<p class=\"content-text__container \" data-track-category=\"Link no Texto\" data-track-links=\"\"><span style=\"color: #000000; font-size: 14pt;\">Segundo a Pol\u00edcia Militar, uma mulher estava dentro do motel com um acompanhante na noite de ter\u00e7a-feira (10), quando foi informada pela recepcionista que seu carro, um VW\/Voyage, estava pegando fogo. A funcion\u00e1ria do motel relatou \u00e0 corpora\u00e7\u00e3o que um homem confundiu o ve\u00edculo que estava do lado de fora com o da sua esposa e, por isso, quebrou o para-brisa e colocou fogo.<\/span><\/p>\n<\/div>\n<div class=\"mc-column content-text active-extra-styles \" data-block-type=\"unstyled\" data-block-weight=\"52\" data-block-id=\"4\">\n<p class=\"content-text__container \" data-track-category=\"Link no Texto\" data-track-links=\"\"><span style=\"color: #000000; font-size: 14pt;\">Em seguida, foi at\u00e9 a recep\u00e7\u00e3o e deixou um bilhete com um n\u00famero de telefone e fugiu. De acordo com o registro da ocorr\u00eancia feito pela Pol\u00edcia Civil, antes de ir embora, o homem pediu \u00e0 funcion\u00e1ria que entregasse o papel para o amante da esposa para que eles resolvessem a situa\u00e7\u00e3o.<\/span><\/p>\n<\/div>\n<div class=\"mc-column content-text active-extra-styles \" data-block-type=\"unstyled\" data-block-weight=\"27\" data-block-id=\"5\">\n<p class=\"content-text__container \" data-track-category=\"Link no Texto\" data-track-links=\"\"><span style=\"color: #000000; font-size: 14pt;\">O homem que colocou fogo no carro disse que vai arcar com os preju\u00edzos e que, junto com o advogado, j\u00e1 entrou em contato com a v\u00edtima.<\/span><\/p>\n<p style=\"text-align: center;\" data-track-category=\"Link no Texto\" data-track-links=\"\"><em><strong><span style=\"color: #000000; font-size: 14pt;\">&#8220;Aquilo l\u00e1 aconteceu por engano. J\u00e1 estou organizando para pagar. Ela n\u00e3o pode ficar no preju\u00edzo e a gente \u00e9 homem e tem que ser certo nesse neg\u00f3cio&#8221;, afirmou, sem se identificar.<\/span><\/strong><\/em><\/p>\n<p style=\"text-align: center;\" data-track-category=\"Link no Texto\" data-track-links=\"\"><span style=\"color: #000000;\"><img data-recalc-dims=\"1\" decoding=\"async\" data-attachment-id=\"14601\" data-permalink=\"https:\/\/gersonguelmann.com.br\/blog\/marido-enciumado-colocou-fogo-no-carro-na-frente-do-motel-so-que-nao-era-o-da-esposa\/whatsapp-image-2018-07-12-at-08-53-04-2\/\" data-orig-file=\"https:\/\/i0.wp.com\/gersonguelmann.com.br\/blog\/wp-content\/uploads\/2018\/07\/WhatsApp-Image-2018-07-12-at-08.53.04-1.jpeg?fit=940%2C544&amp;ssl=1\" data-orig-size=\"940,544\" data-comments-opened=\"1\" data-image-meta=\"{&quot;aperture&quot;:&quot;0&quot;,&quot;credit&quot;:&quot;&quot;,&quot;camera&quot;:&quot;&quot;,&quot;caption&quot;:&quot;&quot;,&quot;created_timestamp&quot;:&quot;0&quot;,&quot;copyright&quot;:&quot;&quot;,&quot;focal_length&quot;:&quot;0&quot;,&quot;iso&quot;:&quot;0&quot;,&quot;shutter_speed&quot;:&quot;0&quot;,&quot;title&quot;:&quot;&quot;,&quot;orientation&quot;:&quot;0&quot;}\" data-image-title=\"WhatsApp-Image-2018-07-12-at-08.53.04\" data-image-description=\"\" data-image-caption=\"\" data-medium-file=\"https:\/\/i0.wp.com\/gersonguelmann.com.br\/blog\/wp-content\/uploads\/2018\/07\/WhatsApp-Image-2018-07-12-at-08.53.04-1.jpeg?fit=300%2C174&amp;ssl=1\" data-large-file=\"https:\/\/i0.wp.com\/gersonguelmann.com.br\/blog\/wp-content\/uploads\/2018\/07\/WhatsApp-Image-2018-07-12-at-08.53.04-1.jpeg?fit=640%2C370&amp;ssl=1\" class=\"alignnone size-medium wp-image-14601\" src=\"https:\/\/i0.wp.com\/gersonguelmann.com.br\/blog\/wp-content\/uploads\/2018\/07\/WhatsApp-Image-2018-07-12-at-08.53.04-1.jpeg?resize=300%2C174&#038;ssl=1\" alt=\"\" width=\"300\" height=\"174\" srcset=\"https:\/\/i0.wp.com\/gersonguelmann.com.br\/blog\/wp-content\/uploads\/2018\/07\/WhatsApp-Image-2018-07-12-at-08.53.04-1.jpeg?resize=300%2C174&amp;ssl=1 300w, https:\/\/i0.wp.com\/gersonguelmann.com.br\/blog\/wp-content\/uploads\/2018\/07\/WhatsApp-Image-2018-07-12-at-08.53.04-1.jpeg?resize=768%2C444&amp;ssl=1 768w, https:\/\/i0.wp.com\/gersonguelmann.com.br\/blog\/wp-content\/uploads\/2018\/07\/WhatsApp-Image-2018-07-12-at-08.53.04-1.jpeg?w=940&amp;ssl=1 940w\" sizes=\"(max-width: 300px) 100vw, 300px\" \/><\/span><br \/>\n<span style=\"color: #000000;\"><em><strong>Foto: Reprodu\u00e7\u00e3o\/Pol\u00edcia Militar GO<\/strong><\/em><\/span><\/p>\n<\/div>\n<div class=\"mc-column content-text active-extra-styles\" data-block-type=\"raw\" data-block-weight=\"32\" data-block-id=\"6\"><span style=\"color: #000000; font-family: georgia, palatino, serif; font-size: 18pt;\">Para ler a mat\u00e9ria no site, <span style=\"color: #0000ff;\"><a style=\"color: #0000ff;\" href=\"https:\/\/g1.globo.com\/go\/goias\/noticia\/homem-confunde-carro-na-entrada-de-motel-com-o-da-esposa-coloca-fogo-e-deixa-bilhete-com-telefone-em-itumbiara.ghtml\"><em><strong>clique aqui<\/strong><\/em><\/a><\/span>.<\/span><\/div>\n<\/div>\n<\/div>\n","protected":false},"excerpt":{"rendered":"<p>Saiu no G1-Goi\u00e1s: Homem confunde carro na entrada de motel com o da esposa, coloca fogo e deixa bilhete com telefone, em Itumbiara Mulher que estava com o carro disse que foi avisada do incidente pela recepcionista do local. V\u00edtima tentou contato com o n\u00famero deixado, mas n\u00e3o foi atendida. Por Vitor Santana, G1 GO [&hellip;]<\/p>\n","protected":false},"author":5,"featured_media":14600,"comment_status":"open","ping_status":"open","sticky":false,"template":"","format":"standard","meta":{"_acf_changed":false,"jetpack_post_was_ever_published":false,"_jetpack_newsletter_access":"","_jetpack_dont_email_post_to_subs":false,"_jetpack_newsletter_tier_id":0,"_jetpack_memberships_contains_paywalled_content":false,"_jetpack_memberships_contains_paid_content":false,"footnotes":"","jetpack_publicize_message":"","jetpack_publicize_feature_enabled":true,"jetpack_social_post_already_shared":true,"jetpack_social_options":{"image_generator_settings":{"template":"highway","default_image_id":0,"font":"","enabled":false},"version":2}},"categories":[1],"tags":[],"class_list":["post-14598","post","type-post","status-publish","format-standard","has-post-thumbnail","hentry","category-sem-categoria"],"acf":[],"yoast_head":"<!-- This site is optimized with the Yoast SEO plugin v27.3 - https:\/\/yoast.com\/product\/yoast-seo-wordpress\/ -->\n<title>Marido Enciumado Colocou Fogo no Carro na Frente do Motel. S\u00f3 Que N\u00e3o Era o da Esposa. | Blog do Guelmann<\/title>\n<meta name=\"robots\" content=\"index, follow, max-snippet:-1, max-image-preview:large, max-video-preview:-1\" \/>\n<link rel=\"canonical\" href=\"https:\/\/gersonguelmann.com.br\/blog\/marido-enciumado-colocou-fogo-no-carro-na-frente-do-motel-so-que-nao-era-o-da-esposa\/\" \/>\n<meta property=\"og:locale\" content=\"pt_BR\" \/>\n<meta property=\"og:type\" content=\"article\" \/>\n<meta property=\"og:title\" content=\"Marido Enciumado Colocou Fogo no Carro na Frente do Motel. S\u00f3 Que N\u00e3o Era o da Esposa. | Blog do Guelmann\" \/>\n<meta property=\"og:description\" content=\"Saiu no G1-Goi\u00e1s: Homem confunde carro na entrada de motel com o da esposa, coloca fogo e deixa bilhete com telefone, em Itumbiara Mulher que estava com o carro disse que foi avisada do incidente pela recepcionista do local. V\u00edtima tentou contato com o n\u00famero deixado, mas n\u00e3o foi atendida. Por Vitor Santana, G1 GO [&hellip;]\" \/>\n<meta property=\"og:url\" content=\"https:\/\/gersonguelmann.com.br\/blog\/marido-enciumado-colocou-fogo-no-carro-na-frente-do-motel-so-que-nao-era-o-da-esposa\/\" \/>\n<meta property=\"og:site_name\" content=\"Blog do Guelmann\" \/>\n<meta property=\"article:published_time\" content=\"2018-07-12T17:54:23+00:00\" \/>\n<meta property=\"og:image\" content=\"https:\/\/i0.wp.com\/gersonguelmann.com.br\/blog\/wp-content\/uploads\/2018\/07\/incendio.jpg?fit=640%2C401&ssl=1\" \/>\n\t<meta property=\"og:image:width\" content=\"640\" \/>\n\t<meta property=\"og:image:height\" content=\"401\" \/>\n\t<meta property=\"og:image:type\" content=\"image\/jpeg\" \/>\n<meta name=\"author\" content=\"Gerson Guelmann\" \/>\n<meta name=\"twitter:card\" content=\"summary_large_image\" \/>\n<meta name=\"twitter:label1\" content=\"Escrito por\" \/>\n\t<meta name=\"twitter:data1\" content=\"Gerson Guelmann\" \/>\n\t<meta name=\"twitter:label2\" content=\"Est. tempo de leitura\" \/>\n\t<meta name=\"twitter:data2\" content=\"2 minutos\" \/>\n<script type=\"application\/ld+json\" class=\"yoast-schema-graph\">{\"@context\":\"https:\\\/\\\/schema.org\",\"@graph\":[{\"@type\":\"Article\",\"@id\":\"https:\\\/\\\/gersonguelmann.com.br\\\/blog\\\/marido-enciumado-colocou-fogo-no-carro-na-frente-do-motel-so-que-nao-era-o-da-esposa\\\/#article\",\"isPartOf\":{\"@id\":\"https:\\\/\\\/gersonguelmann.com.br\\\/blog\\\/marido-enciumado-colocou-fogo-no-carro-na-frente-do-motel-so-que-nao-era-o-da-esposa\\\/\"},\"author\":{\"name\":\"Gerson Guelmann\",\"@id\":\"https:\\\/\\\/gersonguelmann.com.br\\\/blog\\\/#\\\/schema\\\/person\\\/87e70e2a786888082f941a482c90569e\"},\"headline\":\"Marido Enciumado Colocou Fogo no Carro na Frente do Motel. S\u00f3 Que N\u00e3o Era o da Esposa.\",\"datePublished\":\"2018-07-12T17:54:23+00:00\",\"mainEntityOfPage\":{\"@id\":\"https:\\\/\\\/gersonguelmann.com.br\\\/blog\\\/marido-enciumado-colocou-fogo-no-carro-na-frente-do-motel-so-que-nao-era-o-da-esposa\\\/\"},\"wordCount\":364,\"commentCount\":0,\"image\":{\"@id\":\"https:\\\/\\\/gersonguelmann.com.br\\\/blog\\\/marido-enciumado-colocou-fogo-no-carro-na-frente-do-motel-so-que-nao-era-o-da-esposa\\\/#primaryimage\"},\"thumbnailUrl\":\"https:\\\/\\\/i0.wp.com\\\/gersonguelmann.com.br\\\/blog\\\/wp-content\\\/uploads\\\/2018\\\/07\\\/incendio.jpg?fit=640%2C401&ssl=1\",\"inLanguage\":\"pt-BR\",\"potentialAction\":[{\"@type\":\"CommentAction\",\"name\":\"Comment\",\"target\":[\"https:\\\/\\\/gersonguelmann.com.br\\\/blog\\\/marido-enciumado-colocou-fogo-no-carro-na-frente-do-motel-so-que-nao-era-o-da-esposa\\\/#respond\"]}]},{\"@type\":\"WebPage\",\"@id\":\"https:\\\/\\\/gersonguelmann.com.br\\\/blog\\\/marido-enciumado-colocou-fogo-no-carro-na-frente-do-motel-so-que-nao-era-o-da-esposa\\\/\",\"url\":\"https:\\\/\\\/gersonguelmann.com.br\\\/blog\\\/marido-enciumado-colocou-fogo-no-carro-na-frente-do-motel-so-que-nao-era-o-da-esposa\\\/\",\"name\":\"Marido Enciumado Colocou Fogo no Carro na Frente do Motel. S\u00f3 Que N\u00e3o Era o da Esposa. | Blog do Guelmann\",\"isPartOf\":{\"@id\":\"https:\\\/\\\/gersonguelmann.com.br\\\/blog\\\/#website\"},\"primaryImageOfPage\":{\"@id\":\"https:\\\/\\\/gersonguelmann.com.br\\\/blog\\\/marido-enciumado-colocou-fogo-no-carro-na-frente-do-motel-so-que-nao-era-o-da-esposa\\\/#primaryimage\"},\"image\":{\"@id\":\"https:\\\/\\\/gersonguelmann.com.br\\\/blog\\\/marido-enciumado-colocou-fogo-no-carro-na-frente-do-motel-so-que-nao-era-o-da-esposa\\\/#primaryimage\"},\"thumbnailUrl\":\"https:\\\/\\\/i0.wp.com\\\/gersonguelmann.com.br\\\/blog\\\/wp-content\\\/uploads\\\/2018\\\/07\\\/incendio.jpg?fit=640%2C401&ssl=1\",\"datePublished\":\"2018-07-12T17:54:23+00:00\",\"author\":{\"@id\":\"https:\\\/\\\/gersonguelmann.com.br\\\/blog\\\/#\\\/schema\\\/person\\\/87e70e2a786888082f941a482c90569e\"},\"inLanguage\":\"pt-BR\",\"potentialAction\":[{\"@type\":\"ReadAction\",\"target\":[\"https:\\\/\\\/gersonguelmann.com.br\\\/blog\\\/marido-enciumado-colocou-fogo-no-carro-na-frente-do-motel-so-que-nao-era-o-da-esposa\\\/\"]}]},{\"@type\":\"ImageObject\",\"inLanguage\":\"pt-BR\",\"@id\":\"https:\\\/\\\/gersonguelmann.com.br\\\/blog\\\/marido-enciumado-colocou-fogo-no-carro-na-frente-do-motel-so-que-nao-era-o-da-esposa\\\/#primaryimage\",\"url\":\"https:\\\/\\\/i0.wp.com\\\/gersonguelmann.com.br\\\/blog\\\/wp-content\\\/uploads\\\/2018\\\/07\\\/incendio.jpg?fit=640%2C401&ssl=1\",\"contentUrl\":\"https:\\\/\\\/i0.wp.com\\\/gersonguelmann.com.br\\\/blog\\\/wp-content\\\/uploads\\\/2018\\\/07\\\/incendio.jpg?fit=640%2C401&ssl=1\",\"width\":640,\"height\":401},{\"@type\":\"WebSite\",\"@id\":\"https:\\\/\\\/gersonguelmann.com.br\\\/blog\\\/#website\",\"url\":\"https:\\\/\\\/gersonguelmann.com.br\\\/blog\\\/\",\"name\":\"Blog do Guelmann\",\"description\":\"Pitadas da sabedoria e do humor judaicos, assuntos do momento e um pouco das hist\u00f3rias que vivi e testemunhei.\",\"potentialAction\":[{\"@type\":\"SearchAction\",\"target\":{\"@type\":\"EntryPoint\",\"urlTemplate\":\"https:\\\/\\\/gersonguelmann.com.br\\\/blog\\\/?s={search_term_string}\"},\"query-input\":{\"@type\":\"PropertyValueSpecification\",\"valueRequired\":true,\"valueName\":\"search_term_string\"}}],\"inLanguage\":\"pt-BR\"},{\"@type\":\"Person\",\"@id\":\"https:\\\/\\\/gersonguelmann.com.br\\\/blog\\\/#\\\/schema\\\/person\\\/87e70e2a786888082f941a482c90569e\",\"name\":\"Gerson Guelmann\",\"image\":{\"@type\":\"ImageObject\",\"inLanguage\":\"pt-BR\",\"@id\":\"https:\\\/\\\/i0.wp.com\\\/gersonguelmann.com.br\\\/blog\\\/wp-content\\\/uploads\\\/2021\\\/08\\\/BLOG.jpeg?fit=96%2C96&ssl=1\",\"url\":\"https:\\\/\\\/i0.wp.com\\\/gersonguelmann.com.br\\\/blog\\\/wp-content\\\/uploads\\\/2021\\\/08\\\/BLOG.jpeg?fit=96%2C96&ssl=1\",\"contentUrl\":\"https:\\\/\\\/i0.wp.com\\\/gersonguelmann.com.br\\\/blog\\\/wp-content\\\/uploads\\\/2021\\\/08\\\/BLOG.jpeg?fit=96%2C96&ssl=1\",\"caption\":\"Gerson Guelmann\"},\"description\":\"Pitadas da sabedoria e do humor judaicos, assuntos do momento e um pouco das hist\u00f3rias que vivi e testemunhei.\"}]}<\/script>\n<!-- \/ Yoast SEO plugin. -->","yoast_head_json":{"title":"Marido Enciumado Colocou Fogo no Carro na Frente do Motel. S\u00f3 Que N\u00e3o Era o da Esposa. | Blog do Guelmann","robots":{"index":"index","follow":"follow","max-snippet":"max-snippet:-1","max-image-preview":"max-image-preview:large","max-video-preview":"max-video-preview:-1"},"canonical":"https:\/\/gersonguelmann.com.br\/blog\/marido-enciumado-colocou-fogo-no-carro-na-frente-do-motel-so-que-nao-era-o-da-esposa\/","og_locale":"pt_BR","og_type":"article","og_title":"Marido Enciumado Colocou Fogo no Carro na Frente do Motel. S\u00f3 Que N\u00e3o Era o da Esposa. | Blog do Guelmann","og_description":"Saiu no G1-Goi\u00e1s: Homem confunde carro na entrada de motel com o da esposa, coloca fogo e deixa bilhete com telefone, em Itumbiara Mulher que estava com o carro disse que foi avisada do incidente pela recepcionista do local. V\u00edtima tentou contato com o n\u00famero deixado, mas n\u00e3o foi atendida. Por Vitor Santana, G1 GO [&hellip;]","og_url":"https:\/\/gersonguelmann.com.br\/blog\/marido-enciumado-colocou-fogo-no-carro-na-frente-do-motel-so-que-nao-era-o-da-esposa\/","og_site_name":"Blog do Guelmann","article_published_time":"2018-07-12T17:54:23+00:00","og_image":[{"width":640,"height":401,"url":"https:\/\/i0.wp.com\/gersonguelmann.com.br\/blog\/wp-content\/uploads\/2018\/07\/incendio.jpg?fit=640%2C401&ssl=1","type":"image\/jpeg"}],"author":"Gerson Guelmann","twitter_card":"summary_large_image","twitter_misc":{"Escrito por":"Gerson Guelmann","Est. tempo de leitura":"2 minutos"},"schema":{"@context":"https:\/\/schema.org","@graph":[{"@type":"Article","@id":"https:\/\/gersonguelmann.com.br\/blog\/marido-enciumado-colocou-fogo-no-carro-na-frente-do-motel-so-que-nao-era-o-da-esposa\/#article","isPartOf":{"@id":"https:\/\/gersonguelmann.com.br\/blog\/marido-enciumado-colocou-fogo-no-carro-na-frente-do-motel-so-que-nao-era-o-da-esposa\/"},"author":{"name":"Gerson Guelmann","@id":"https:\/\/gersonguelmann.com.br\/blog\/#\/schema\/person\/87e70e2a786888082f941a482c90569e"},"headline":"Marido Enciumado Colocou Fogo no Carro na Frente do Motel. S\u00f3 Que N\u00e3o Era o da Esposa.","datePublished":"2018-07-12T17:54:23+00:00","mainEntityOfPage":{"@id":"https:\/\/gersonguelmann.com.br\/blog\/marido-enciumado-colocou-fogo-no-carro-na-frente-do-motel-so-que-nao-era-o-da-esposa\/"},"wordCount":364,"commentCount":0,"image":{"@id":"https:\/\/gersonguelmann.com.br\/blog\/marido-enciumado-colocou-fogo-no-carro-na-frente-do-motel-so-que-nao-era-o-da-esposa\/#primaryimage"},"thumbnailUrl":"https:\/\/i0.wp.com\/gersonguelmann.com.br\/blog\/wp-content\/uploads\/2018\/07\/incendio.jpg?fit=640%2C401&ssl=1","inLanguage":"pt-BR","potentialAction":[{"@type":"CommentAction","name":"Comment","target":["https:\/\/gersonguelmann.com.br\/blog\/marido-enciumado-colocou-fogo-no-carro-na-frente-do-motel-so-que-nao-era-o-da-esposa\/#respond"]}]},{"@type":"WebPage","@id":"https:\/\/gersonguelmann.com.br\/blog\/marido-enciumado-colocou-fogo-no-carro-na-frente-do-motel-so-que-nao-era-o-da-esposa\/","url":"https:\/\/gersonguelmann.com.br\/blog\/marido-enciumado-colocou-fogo-no-carro-na-frente-do-motel-so-que-nao-era-o-da-esposa\/","name":"Marido Enciumado Colocou Fogo no Carro na Frente do Motel. S\u00f3 Que N\u00e3o Era o da Esposa. | Blog do Guelmann","isPartOf":{"@id":"https:\/\/gersonguelmann.com.br\/blog\/#website"},"primaryImageOfPage":{"@id":"https:\/\/gersonguelmann.com.br\/blog\/marido-enciumado-colocou-fogo-no-carro-na-frente-do-motel-so-que-nao-era-o-da-esposa\/#primaryimage"},"image":{"@id":"https:\/\/gersonguelmann.com.br\/blog\/marido-enciumado-colocou-fogo-no-carro-na-frente-do-motel-so-que-nao-era-o-da-esposa\/#primaryimage"},"thumbnailUrl":"https:\/\/i0.wp.com\/gersonguelmann.com.br\/blog\/wp-content\/uploads\/2018\/07\/incendio.jpg?fit=640%2C401&ssl=1","datePublished":"2018-07-12T17:54:23+00:00","author":{"@id":"https:\/\/gersonguelmann.com.br\/blog\/#\/schema\/person\/87e70e2a786888082f941a482c90569e"},"inLanguage":"pt-BR","potentialAction":[{"@type":"ReadAction","target":["https:\/\/gersonguelmann.com.br\/blog\/marido-enciumado-colocou-fogo-no-carro-na-frente-do-motel-so-que-nao-era-o-da-esposa\/"]}]},{"@type":"ImageObject","inLanguage":"pt-BR","@id":"https:\/\/gersonguelmann.com.br\/blog\/marido-enciumado-colocou-fogo-no-carro-na-frente-do-motel-so-que-nao-era-o-da-esposa\/#primaryimage","url":"https:\/\/i0.wp.com\/gersonguelmann.com.br\/blog\/wp-content\/uploads\/2018\/07\/incendio.jpg?fit=640%2C401&ssl=1","contentUrl":"https:\/\/i0.wp.com\/gersonguelmann.com.br\/blog\/wp-content\/uploads\/2018\/07\/incendio.jpg?fit=640%2C401&ssl=1","width":640,"height":401},{"@type":"WebSite","@id":"https:\/\/gersonguelmann.com.br\/blog\/#website","url":"https:\/\/gersonguelmann.com.br\/blog\/","name":"Blog do Guelmann","description":"Pitadas da sabedoria e do humor judaicos, assuntos do momento e um pouco das hist\u00f3rias que vivi e testemunhei.","potentialAction":[{"@type":"SearchAction","target":{"@type":"EntryPoint","urlTemplate":"https:\/\/gersonguelmann.com.br\/blog\/?s={search_term_string}"},"query-input":{"@type":"PropertyValueSpecification","valueRequired":true,"valueName":"search_term_string"}}],"inLanguage":"pt-BR"},{"@type":"Person","@id":"https:\/\/gersonguelmann.com.br\/blog\/#\/schema\/person\/87e70e2a786888082f941a482c90569e","name":"Gerson Guelmann","image":{"@type":"ImageObject","inLanguage":"pt-BR","@id":"https:\/\/i0.wp.com\/gersonguelmann.com.br\/blog\/wp-content\/uploads\/2021\/08\/BLOG.jpeg?fit=96%2C96&ssl=1","url":"https:\/\/i0.wp.com\/gersonguelmann.com.br\/blog\/wp-content\/uploads\/2021\/08\/BLOG.jpeg?fit=96%2C96&ssl=1","contentUrl":"https:\/\/i0.wp.com\/gersonguelmann.com.br\/blog\/wp-content\/uploads\/2021\/08\/BLOG.jpeg?fit=96%2C96&ssl=1","caption":"Gerson Guelmann"},"description":"Pitadas da sabedoria e do humor judaicos, assuntos do momento e um pouco das hist\u00f3rias que vivi e testemunhei."}]}},"views":51,"jetpack_publicize_connections":[],"jetpack_featured_media_url":"https:\/\/i0.wp.com\/gersonguelmann.com.br\/blog\/wp-content\/uploads\/2018\/07\/incendio.jpg?fit=640%2C401&ssl=1","jetpack_shortlink":"https:\/\/wp.me\/p96e7O-3Ns","jetpack-related-posts":[{"id":14888,"url":"https:\/\/gersonguelmann.com.br\/blog\/mendel-e-a-esposa-desaparecida\/","url_meta":{"origin":14598,"position":0},"title":"Mendel e a Esposa Desaparecida","author":"Gerson Guelmann","date":"14 de maio de 2022","format":false,"excerpt":"Mendel entrou em uma delegacia para informar que sua esposa Rebeca estava desaparecida: - \"Eu vim registrar o desaparecimento de minha esposa. Ela saiu ontem para ir ao shopping e n\u00e3o voltou mais\". O policial, vendo que Mendel estava transtornado, pediu que ele ficasse calmo e respondesse algumas perguntas: -\u2026","rel":"","context":"Em &quot;Sem categoria&quot;","block_context":{"text":"Sem categoria","link":"https:\/\/gersonguelmann.com.br\/blog\/category\/sem-categoria\/"},"img":{"alt_text":"","src":"https:\/\/i0.wp.com\/gersonguelmann.com.br\/blog\/wp-content\/uploads\/2018\/10\/Audi.jpg?fit=960%2C503&ssl=1&resize=350%2C200","width":350,"height":200,"srcset":"https:\/\/i0.wp.com\/gersonguelmann.com.br\/blog\/wp-content\/uploads\/2018\/10\/Audi.jpg?fit=960%2C503&ssl=1&resize=350%2C200 1x, https:\/\/i0.wp.com\/gersonguelmann.com.br\/blog\/wp-content\/uploads\/2018\/10\/Audi.jpg?fit=960%2C503&ssl=1&resize=525%2C300 1.5x, https:\/\/i0.wp.com\/gersonguelmann.com.br\/blog\/wp-content\/uploads\/2018\/10\/Audi.jpg?fit=960%2C503&ssl=1&resize=700%2C400 2x"},"classes":[]},{"id":17871,"url":"https:\/\/gersonguelmann.com.br\/blog\/pai-e-madrasta-torturam-e-matam-menina-de-6-anos-humanos-ou-bestas\/","url_meta":{"origin":14598,"position":1},"title":"Pai e Madrasta Torturam e Matam Menina de 6 Anos. Humanos ou Bestas?","author":"Gerson Guelmann","date":"3 de agosto de 2019","format":false,"excerpt":"Recentemente o Brasil foi abalado pela not\u00edcia de que um menino de 9 anos foi morto pela m\u00e3e e sua companheira, em Brasilia. Esse caso revestiu-se de caracter\u00edsticas que tornaram tornar o crime ainda mais repulsivo: um ano antes de morrer, o pequeno Rhuan teve o p\u00eanis cortado pela pr\u00f3pria\u2026","rel":"","context":"Em &quot;Sem categoria&quot;","block_context":{"text":"Sem categoria","link":"https:\/\/gersonguelmann.com.br\/blog\/category\/sem-categoria\/"},"img":{"alt_text":"","src":"https:\/\/i0.wp.com\/gersonguelmann.com.br\/blog\/wp-content\/uploads\/2019\/08\/Bestas.png?fit=960%2C720&ssl=1&resize=350%2C200","width":350,"height":200,"srcset":"https:\/\/i0.wp.com\/gersonguelmann.com.br\/blog\/wp-content\/uploads\/2019\/08\/Bestas.png?fit=960%2C720&ssl=1&resize=350%2C200 1x, https:\/\/i0.wp.com\/gersonguelmann.com.br\/blog\/wp-content\/uploads\/2019\/08\/Bestas.png?fit=960%2C720&ssl=1&resize=525%2C300 1.5x, https:\/\/i0.wp.com\/gersonguelmann.com.br\/blog\/wp-content\/uploads\/2019\/08\/Bestas.png?fit=960%2C720&ssl=1&resize=700%2C400 2x"},"classes":[]},{"id":26119,"url":"https:\/\/gersonguelmann.com.br\/blog\/tres-na-quarta-de-humor-judaico-43\/","url_meta":{"origin":14598,"position":2},"title":"Tr\u00eas na Quarta de Humor Judaico","author":"Gerson Guelmann","date":"2 de julho de 2025","format":false,"excerpt":"Chave Errada, Mulher Certa Ao sair de uma reuni\u00e3o na sinagoga, Moishe come\u00e7ou desesperadamente a se apalpar como se ele mesmo fosse um agente da Pol\u00edcia Federal revistando algu\u00e9m. Estava procurando a chave do carro. N\u00e3o estavam nos bolsos. Uma busca r\u00e1pida na sala de reuni\u00f5es n\u00e3o revelou nada. De\u2026","rel":"","context":"Em &quot;Sem categoria&quot;","block_context":{"text":"Sem categoria","link":"https:\/\/gersonguelmann.com.br\/blog\/category\/sem-categoria\/"},"img":{"alt_text":"","src":"https:\/\/i0.wp.com\/gersonguelmann.com.br\/blog\/wp-content\/uploads\/2025\/07\/HojePR.jpg?fit=640%2C427&ssl=1&resize=350%2C200","width":350,"height":200,"srcset":"https:\/\/i0.wp.com\/gersonguelmann.com.br\/blog\/wp-content\/uploads\/2025\/07\/HojePR.jpg?fit=640%2C427&ssl=1&resize=350%2C200 1x, https:\/\/i0.wp.com\/gersonguelmann.com.br\/blog\/wp-content\/uploads\/2025\/07\/HojePR.jpg?fit=640%2C427&ssl=1&resize=525%2C300 1.5x"},"classes":[]},{"id":6912,"url":"https:\/\/gersonguelmann.com.br\/blog\/moiche-e-o-susto-na-estrada\/","url_meta":{"origin":14598,"position":3},"title":"Moiche e o Susto na Estrada","author":"Gerson Guelmann","date":"4 de novembro de 2019","format":false,"excerpt":"Moiche estava dirigindo na estrada, dentro do limite de velocidade, e assustou-se quando ouviu uma sirene. Olhou pelo retrovisor e viu que era um carro da Pol\u00edcia Rodovi\u00e1ria. A viatura o ultrapassou sinalizando para que parasse e imediatamente ele estacionou no acostamento. O policial desceu e o abordou: - \"Senhor,\u2026","rel":"","context":"Em &quot;Sem categoria&quot;","block_context":{"text":"Sem categoria","link":"https:\/\/gersonguelmann.com.br\/blog\/category\/sem-categoria\/"},"img":{"alt_text":"","src":"https:\/\/i0.wp.com\/gersonguelmann.com.br\/blog\/wp-content\/uploads\/2018\/01\/Estrada.jpg?fit=1200%2C900&ssl=1&resize=350%2C200","width":350,"height":200,"srcset":"https:\/\/i0.wp.com\/gersonguelmann.com.br\/blog\/wp-content\/uploads\/2018\/01\/Estrada.jpg?fit=1200%2C900&ssl=1&resize=350%2C200 1x, https:\/\/i0.wp.com\/gersonguelmann.com.br\/blog\/wp-content\/uploads\/2018\/01\/Estrada.jpg?fit=1200%2C900&ssl=1&resize=525%2C300 1.5x, https:\/\/i0.wp.com\/gersonguelmann.com.br\/blog\/wp-content\/uploads\/2018\/01\/Estrada.jpg?fit=1200%2C900&ssl=1&resize=700%2C400 2x, https:\/\/i0.wp.com\/gersonguelmann.com.br\/blog\/wp-content\/uploads\/2018\/01\/Estrada.jpg?fit=1200%2C900&ssl=1&resize=1050%2C600 3x"},"classes":[]},{"id":2971,"url":"https:\/\/gersonguelmann.com.br\/blog\/culpa-de-quem-de-d-us\/","url_meta":{"origin":14598,"position":4},"title":"Culpa de Quem? De D-us?","author":"Gerson Guelmann","date":"16 de outubro de 2017","format":false,"excerpt":"Feriado ap\u00f3s feriado as not\u00edcias se repetem. Aqui no Paran\u00e1 o balan\u00e7o da Pol\u00edcia Rodovi\u00e1ria Federal \u00e9 assustador. No norte do estado um beb\u00ea de apenas nove meses morreu ap\u00f3s ter sido arremessado para fora do carro numa capotagem. Estava no colo da av\u00f3 no banco de tr\u00e1s. Parece que\u2026","rel":"","context":"Em &quot;Sem categoria&quot;","block_context":{"text":"Sem categoria","link":"https:\/\/gersonguelmann.com.br\/blog\/category\/sem-categoria\/"},"img":{"alt_text":"","src":"https:\/\/i0.wp.com\/gersonguelmann.com.br\/blog\/wp-content\/uploads\/2017\/10\/PRF.jpeg?fit=640%2C345&ssl=1&resize=350%2C200","width":350,"height":200,"srcset":"https:\/\/i0.wp.com\/gersonguelmann.com.br\/blog\/wp-content\/uploads\/2017\/10\/PRF.jpeg?fit=640%2C345&ssl=1&resize=350%2C200 1x, https:\/\/i0.wp.com\/gersonguelmann.com.br\/blog\/wp-content\/uploads\/2017\/10\/PRF.jpeg?fit=640%2C345&ssl=1&resize=525%2C300 1.5x"},"classes":[]},{"id":3106,"url":"https:\/\/gersonguelmann.com.br\/blog\/o-pequeno-samuel-na-sacada-do-apartamento\/","url_meta":{"origin":14598,"position":5},"title":"O Pequeno Samuel na Sacada do Apartamento","author":"Gerson Guelmann","date":"2 de julho de 2019","format":false,"excerpt":"Numa sexta-feira, ao chegar no trabalho, Jack foi avisado pelo patr\u00e3o que tinha sido promovido a Gerente de Departamento. As boas novas n\u00e3o ficaram nisso: o chefe disse que como pr\u00eamio ele podia ir para casa e ter um fim de semana prolongado para a comemora\u00e7\u00e3o. A not\u00edcia era muito\u2026","rel":"","context":"Em &quot;Sem categoria&quot;","block_context":{"text":"Sem categoria","link":"https:\/\/gersonguelmann.com.br\/blog\/category\/sem-categoria\/"},"img":{"alt_text":"","src":"https:\/\/i0.wp.com\/gersonguelmann.com.br\/blog\/wp-content\/uploads\/2017\/10\/Sacada.jpg?fit=960%2C637&ssl=1&resize=350%2C200","width":350,"height":200,"srcset":"https:\/\/i0.wp.com\/gersonguelmann.com.br\/blog\/wp-content\/uploads\/2017\/10\/Sacada.jpg?fit=960%2C637&ssl=1&resize=350%2C200 1x, https:\/\/i0.wp.com\/gersonguelmann.com.br\/blog\/wp-content\/uploads\/2017\/10\/Sacada.jpg?fit=960%2C637&ssl=1&resize=525%2C300 1.5x, https:\/\/i0.wp.com\/gersonguelmann.com.br\/blog\/wp-content\/uploads\/2017\/10\/Sacada.jpg?fit=960%2C637&ssl=1&resize=700%2C400 2x"},"classes":[]}],"jetpack_sharing_enabled":true,"post_mailing_queue_ids":[],"_links":{"self":[{"href":"https:\/\/gersonguelmann.com.br\/blog\/wp-json\/wp\/v2\/posts\/14598","targetHints":{"allow":["GET"]}}],"collection":[{"href":"https:\/\/gersonguelmann.com.br\/blog\/wp-json\/wp\/v2\/posts"}],"about":[{"href":"https:\/\/gersonguelmann.com.br\/blog\/wp-json\/wp\/v2\/types\/post"}],"author":[{"embeddable":true,"href":"https:\/\/gersonguelmann.com.br\/blog\/wp-json\/wp\/v2\/users\/5"}],"replies":[{"embeddable":true,"href":"https:\/\/gersonguelmann.com.br\/blog\/wp-json\/wp\/v2\/comments?post=14598"}],"version-history":[{"count":0,"href":"https:\/\/gersonguelmann.com.br\/blog\/wp-json\/wp\/v2\/posts\/14598\/revisions"}],"wp:featuredmedia":[{"embeddable":true,"href":"https:\/\/gersonguelmann.com.br\/blog\/wp-json\/wp\/v2\/media\/14600"}],"wp:attachment":[{"href":"https:\/\/gersonguelmann.com.br\/blog\/wp-json\/wp\/v2\/media?parent=14598"}],"wp:term":[{"taxonomy":"category","embeddable":true,"href":"https:\/\/gersonguelmann.com.br\/blog\/wp-json\/wp\/v2\/categories?post=14598"},{"taxonomy":"post_tag","embeddable":true,"href":"https:\/\/gersonguelmann.com.br\/blog\/wp-json\/wp\/v2\/tags?post=14598"}],"curies":[{"name":"wp","href":"https:\/\/api.w.org\/{rel}","templated":true}]}}