    {"id":14603,"date":"2018-07-12T16:29:50","date_gmt":"2018-07-12T19:29:50","guid":{"rendered":"https:\/\/gersonguelmann.com.br\/blog\/?p=14603"},"modified":"2018-07-12T16:42:32","modified_gmt":"2018-07-12T19:42:32","slug":"primeira-foto-do-time-de-futebol-apos-a-volta-para-casa","status":"publish","type":"post","link":"https:\/\/gersonguelmann.com.br\/blog\/primeira-foto-do-time-de-futebol-apos-a-volta-para-casa\/","title":{"rendered":"Primeira Foto dos Meninos do Time de Futebol Ap\u00f3s a Volta Para Casa"},"content":{"rendered":"<figure id=\"attachment_14605\" aria-describedby=\"caption-attachment-14605\" style=\"width: 300px\" class=\"wp-caption aligncenter\"><img data-recalc-dims=\"1\" fetchpriority=\"high\" decoding=\"async\" data-attachment-id=\"14605\" data-permalink=\"https:\/\/gersonguelmann.com.br\/blog\/primeira-foto-do-time-de-futebol-apos-a-volta-para-casa\/thailand-weather-accident-children-cave\/\" data-orig-file=\"https:\/\/i0.wp.com\/gersonguelmann.com.br\/blog\/wp-content\/uploads\/2018\/07\/mundo-resgate-tailandia-20180707-0026-copy.jpg?fit=1500%2C1000&amp;ssl=1\" data-orig-size=\"1500,1000\" data-comments-opened=\"1\" data-image-meta=\"{&quot;aperture&quot;:&quot;0&quot;,&quot;credit&quot;:&quot;AFP&quot;,&quot;camera&quot;:&quot;&quot;,&quot;caption&quot;:&quot;This undated handout photo taken recently and released by the Royal Thai Navy on July 7, 2018 shows Thai Navy soldiers in the flooded Tham Luang cave during rescue operations for the 12 boys and their football team coach trapped in the cave at Khun Nam Nang Non Forest Park in the Mae Sai district of Chiang Rai province. \/ AFP PHOTO \/ ROYAL THAI NAVY \/ Handout \/ XGTY - RESTRICTED TO EDITORIAL USE - MANDATORY CREDIT \\&quot;AFP PHOTO \/ ROYAL THAI NAVY\\&quot; - NO MARKETING NO ADVERTISING CAMPAIGNS - DISTRIBUTED AS A SERVICE TO CLIENTS&quot;,&quot;created_timestamp&quot;:&quot;1530944118&quot;,&quot;copyright&quot;:&quot;AFP or licensors&quot;,&quot;focal_length&quot;:&quot;0&quot;,&quot;iso&quot;:&quot;0&quot;,&quot;shutter_speed&quot;:&quot;0&quot;,&quot;title&quot;:&quot;THAILAND-WEATHER-ACCIDENT-CHILDREN-CAVE&quot;,&quot;orientation&quot;:&quot;1&quot;}\" data-image-title=\"THAILAND-WEATHER-ACCIDENT-CHILDREN-CAVE\" data-image-description=\"\" data-image-caption=\"&lt;p&gt;This undated handout photo taken recently and released by the Royal Thai Navy on July 7, 2018 shows Thai Navy soldiers in the flooded Tham Luang cave during rescue operations for the 12 boys and their football team coach trapped in the cave at Khun Nam Nang Non Forest Park in the Mae Sai district of Chiang Rai province. \/ AFP PHOTO \/ ROYAL THAI NAVY \/ Handout \/ XGTY &amp;#8211; RESTRICTED TO EDITORIAL USE &amp;#8211; MANDATORY CREDIT &amp;#8220;AFP PHOTO \/ ROYAL THAI NAVY&amp;#8221; &amp;#8211; NO MARKETING NO ADVERTISING CAMPAIGNS &amp;#8211; DISTRIBUTED AS A SERVICE TO CLIENTS&lt;\/p&gt;\n\" data-medium-file=\"https:\/\/i0.wp.com\/gersonguelmann.com.br\/blog\/wp-content\/uploads\/2018\/07\/mundo-resgate-tailandia-20180707-0026-copy.jpg?fit=300%2C200&amp;ssl=1\" data-large-file=\"https:\/\/i0.wp.com\/gersonguelmann.com.br\/blog\/wp-content\/uploads\/2018\/07\/mundo-resgate-tailandia-20180707-0026-copy.jpg?fit=640%2C427&amp;ssl=1\" class=\"size-medium wp-image-14605\" src=\"https:\/\/i0.wp.com\/gersonguelmann.com.br\/blog\/wp-content\/uploads\/2018\/07\/mundo-resgate-tailandia-20180707-0026-copy.jpg?resize=300%2C200&#038;ssl=1\" alt=\"\" width=\"300\" height=\"200\" srcset=\"https:\/\/i0.wp.com\/gersonguelmann.com.br\/blog\/wp-content\/uploads\/2018\/07\/mundo-resgate-tailandia-20180707-0026-copy.jpg?resize=300%2C200&amp;ssl=1 300w, https:\/\/i0.wp.com\/gersonguelmann.com.br\/blog\/wp-content\/uploads\/2018\/07\/mundo-resgate-tailandia-20180707-0026-copy.jpg?resize=768%2C512&amp;ssl=1 768w, https:\/\/i0.wp.com\/gersonguelmann.com.br\/blog\/wp-content\/uploads\/2018\/07\/mundo-resgate-tailandia-20180707-0026-copy.jpg?resize=1024%2C683&amp;ssl=1 1024w, https:\/\/i0.wp.com\/gersonguelmann.com.br\/blog\/wp-content\/uploads\/2018\/07\/mundo-resgate-tailandia-20180707-0026-copy.jpg?resize=750%2C500&amp;ssl=1 750w, https:\/\/i0.wp.com\/gersonguelmann.com.br\/blog\/wp-content\/uploads\/2018\/07\/mundo-resgate-tailandia-20180707-0026-copy.jpg?w=1500&amp;ssl=1 1500w, https:\/\/i0.wp.com\/gersonguelmann.com.br\/blog\/wp-content\/uploads\/2018\/07\/mundo-resgate-tailandia-20180707-0026-copy.jpg?w=1280&amp;ssl=1 1280w\" sizes=\"(max-width: 300px) 100vw, 300px\" \/><figcaption id=\"caption-attachment-14605\" class=\"wp-caption-text\"><span style=\"font-family: georgia, palatino, serif; font-size: 8pt;\"><em><strong>\u00a0 \u00a0 \u00a0 \u00a0 \u00a0 \u00a0 <span style=\"color: #808080; font-size: 8pt;\">Cr\u00e9dito: &#8220;AFP PHOTO \/ ROYAL THAI NAVY&#8221; <\/span><\/strong><\/em><\/span><\/figcaption><\/figure>\n<p><span style=\"font-family: georgia, palatino, serif; font-size: 18pt; color: #000000;\">Come\u00e7ou a circular h\u00e1 pouco a primeira foto dos meninos do time de futebol que voltaram para casa.\u00a0<\/span><\/p>\n<p><span style=\"font-family: georgia, palatino, serif; font-size: 18pt; color: #000000;\">Sabemos que eles estavam perdidos, mas pelo semblante podemos ver que agora todos est\u00e3o muito bem.<\/span><\/p>\n<p><img data-recalc-dims=\"1\" decoding=\"async\" data-attachment-id=\"14604\" data-permalink=\"https:\/\/gersonguelmann.com.br\/blog\/primeira-foto-do-time-de-futebol-apos-a-volta-para-casa\/time\/\" data-orig-file=\"https:\/\/i0.wp.com\/gersonguelmann.com.br\/blog\/wp-content\/uploads\/2018\/07\/Time.jpg?fit=342%2C328&amp;ssl=1\" data-orig-size=\"342,328\" data-comments-opened=\"1\" data-image-meta=\"{&quot;aperture&quot;:&quot;0&quot;,&quot;credit&quot;:&quot;&quot;,&quot;camera&quot;:&quot;&quot;,&quot;caption&quot;:&quot;&quot;,&quot;created_timestamp&quot;:&quot;0&quot;,&quot;copyright&quot;:&quot;&quot;,&quot;focal_length&quot;:&quot;0&quot;,&quot;iso&quot;:&quot;0&quot;,&quot;shutter_speed&quot;:&quot;0&quot;,&quot;title&quot;:&quot;&quot;,&quot;orientation&quot;:&quot;0&quot;}\" data-image-title=\"Time\" data-image-description=\"\" data-image-caption=\"\" data-medium-file=\"https:\/\/i0.wp.com\/gersonguelmann.com.br\/blog\/wp-content\/uploads\/2018\/07\/Time.jpg?fit=300%2C288&amp;ssl=1\" data-large-file=\"https:\/\/i0.wp.com\/gersonguelmann.com.br\/blog\/wp-content\/uploads\/2018\/07\/Time.jpg?fit=342%2C328&amp;ssl=1\" class=\"size-medium wp-image-14604 aligncenter\" src=\"https:\/\/i0.wp.com\/gersonguelmann.com.br\/blog\/wp-content\/uploads\/2018\/07\/Time.jpg?resize=300%2C288&#038;ssl=1\" alt=\"\" width=\"300\" height=\"288\" srcset=\"https:\/\/i0.wp.com\/gersonguelmann.com.br\/blog\/wp-content\/uploads\/2018\/07\/Time.jpg?resize=300%2C288&amp;ssl=1 300w, https:\/\/i0.wp.com\/gersonguelmann.com.br\/blog\/wp-content\/uploads\/2018\/07\/Time.jpg?w=342&amp;ssl=1 342w\" sizes=\"(max-width: 300px) 100vw, 300px\" \/><\/p>\n","protected":false},"excerpt":{"rendered":"<p>Come\u00e7ou a circular h\u00e1 pouco a primeira foto dos meninos do time de futebol que voltaram para casa.\u00a0 Sabemos que eles estavam perdidos, mas pelo semblante podemos ver que agora todos est\u00e3o muito bem.<\/p>\n","protected":false},"author":5,"featured_media":14605,"comment_status":"open","ping_status":"open","sticky":false,"template":"","format":"standard","meta":{"_acf_changed":false,"jetpack_post_was_ever_published":false,"_jetpack_newsletter_access":"","_jetpack_dont_email_post_to_subs":false,"_jetpack_newsletter_tier_id":0,"_jetpack_memberships_contains_paywalled_content":false,"_jetpack_memberships_contains_paid_content":false,"footnotes":"","jetpack_publicize_message":"","jetpack_publicize_feature_enabled":true,"jetpack_social_post_already_shared":true,"jetpack_social_options":{"image_generator_settings":{"template":"highway","default_image_id":0,"font":"","enabled":false},"version":2}},"categories":[1],"tags":[],"class_list":["post-14603","post","type-post","status-publish","format-standard","has-post-thumbnail","hentry","category-sem-categoria"],"acf":[],"yoast_head":"<!-- This site is optimized with the Yoast SEO plugin v27.3 - https:\/\/yoast.com\/product\/yoast-seo-wordpress\/ -->\n<title>Primeira Foto dos Meninos do Time de Futebol Ap\u00f3s a Volta Para Casa | Blog do Guelmann<\/title>\n<meta name=\"robots\" content=\"index, follow, max-snippet:-1, max-image-preview:large, max-video-preview:-1\" \/>\n<link rel=\"canonical\" href=\"https:\/\/gersonguelmann.com.br\/blog\/primeira-foto-do-time-de-futebol-apos-a-volta-para-casa\/\" \/>\n<meta property=\"og:locale\" content=\"pt_BR\" \/>\n<meta property=\"og:type\" content=\"article\" \/>\n<meta property=\"og:title\" content=\"Primeira Foto dos Meninos do Time de Futebol Ap\u00f3s a Volta Para Casa | Blog do Guelmann\" \/>\n<meta property=\"og:description\" content=\"Come\u00e7ou a circular h\u00e1 pouco a primeira foto dos meninos do time de futebol que voltaram para casa.\u00a0 Sabemos que eles estavam perdidos, mas pelo semblante podemos ver que agora todos est\u00e3o muito bem.\" \/>\n<meta property=\"og:url\" content=\"https:\/\/gersonguelmann.com.br\/blog\/primeira-foto-do-time-de-futebol-apos-a-volta-para-casa\/\" \/>\n<meta property=\"og:site_name\" content=\"Blog do Guelmann\" \/>\n<meta property=\"article:published_time\" content=\"2018-07-12T19:29:50+00:00\" \/>\n<meta property=\"article:modified_time\" content=\"2018-07-12T19:42:32+00:00\" \/>\n<meta property=\"og:image\" content=\"https:\/\/i0.wp.com\/gersonguelmann.com.br\/blog\/wp-content\/uploads\/2018\/07\/mundo-resgate-tailandia-20180707-0026-copy.jpg?fit=1500%2C1000&ssl=1\" \/>\n\t<meta property=\"og:image:width\" content=\"1500\" \/>\n\t<meta property=\"og:image:height\" content=\"1000\" \/>\n\t<meta property=\"og:image:type\" content=\"image\/jpeg\" \/>\n<meta name=\"author\" content=\"Gerson Guelmann\" \/>\n<meta name=\"twitter:card\" content=\"summary_large_image\" \/>\n<meta name=\"twitter:label1\" content=\"Escrito por\" \/>\n\t<meta name=\"twitter:data1\" content=\"Gerson Guelmann\" \/>\n<script type=\"application\/ld+json\" class=\"yoast-schema-graph\">{\"@context\":\"https:\\\/\\\/schema.org\",\"@graph\":[{\"@type\":\"Article\",\"@id\":\"https:\\\/\\\/gersonguelmann.com.br\\\/blog\\\/primeira-foto-do-time-de-futebol-apos-a-volta-para-casa\\\/#article\",\"isPartOf\":{\"@id\":\"https:\\\/\\\/gersonguelmann.com.br\\\/blog\\\/primeira-foto-do-time-de-futebol-apos-a-volta-para-casa\\\/\"},\"author\":{\"name\":\"Gerson Guelmann\",\"@id\":\"https:\\\/\\\/gersonguelmann.com.br\\\/blog\\\/#\\\/schema\\\/person\\\/87e70e2a786888082f941a482c90569e\"},\"headline\":\"Primeira Foto dos Meninos do Time de Futebol Ap\u00f3s a Volta Para Casa\",\"datePublished\":\"2018-07-12T19:29:50+00:00\",\"dateModified\":\"2018-07-12T19:42:32+00:00\",\"mainEntityOfPage\":{\"@id\":\"https:\\\/\\\/gersonguelmann.com.br\\\/blog\\\/primeira-foto-do-time-de-futebol-apos-a-volta-para-casa\\\/\"},\"wordCount\":64,\"commentCount\":0,\"image\":{\"@id\":\"https:\\\/\\\/gersonguelmann.com.br\\\/blog\\\/primeira-foto-do-time-de-futebol-apos-a-volta-para-casa\\\/#primaryimage\"},\"thumbnailUrl\":\"https:\\\/\\\/i0.wp.com\\\/gersonguelmann.com.br\\\/blog\\\/wp-content\\\/uploads\\\/2018\\\/07\\\/mundo-resgate-tailandia-20180707-0026-copy.jpg?fit=1500%2C1000&ssl=1\",\"inLanguage\":\"pt-BR\",\"potentialAction\":[{\"@type\":\"CommentAction\",\"name\":\"Comment\",\"target\":[\"https:\\\/\\\/gersonguelmann.com.br\\\/blog\\\/primeira-foto-do-time-de-futebol-apos-a-volta-para-casa\\\/#respond\"]}]},{\"@type\":\"WebPage\",\"@id\":\"https:\\\/\\\/gersonguelmann.com.br\\\/blog\\\/primeira-foto-do-time-de-futebol-apos-a-volta-para-casa\\\/\",\"url\":\"https:\\\/\\\/gersonguelmann.com.br\\\/blog\\\/primeira-foto-do-time-de-futebol-apos-a-volta-para-casa\\\/\",\"name\":\"Primeira Foto dos Meninos do Time de Futebol Ap\u00f3s a Volta Para Casa | Blog do Guelmann\",\"isPartOf\":{\"@id\":\"https:\\\/\\\/gersonguelmann.com.br\\\/blog\\\/#website\"},\"primaryImageOfPage\":{\"@id\":\"https:\\\/\\\/gersonguelmann.com.br\\\/blog\\\/primeira-foto-do-time-de-futebol-apos-a-volta-para-casa\\\/#primaryimage\"},\"image\":{\"@id\":\"https:\\\/\\\/gersonguelmann.com.br\\\/blog\\\/primeira-foto-do-time-de-futebol-apos-a-volta-para-casa\\\/#primaryimage\"},\"thumbnailUrl\":\"https:\\\/\\\/i0.wp.com\\\/gersonguelmann.com.br\\\/blog\\\/wp-content\\\/uploads\\\/2018\\\/07\\\/mundo-resgate-tailandia-20180707-0026-copy.jpg?fit=1500%2C1000&ssl=1\",\"datePublished\":\"2018-07-12T19:29:50+00:00\",\"dateModified\":\"2018-07-12T19:42:32+00:00\",\"author\":{\"@id\":\"https:\\\/\\\/gersonguelmann.com.br\\\/blog\\\/#\\\/schema\\\/person\\\/87e70e2a786888082f941a482c90569e\"},\"inLanguage\":\"pt-BR\",\"potentialAction\":[{\"@type\":\"ReadAction\",\"target\":[\"https:\\\/\\\/gersonguelmann.com.br\\\/blog\\\/primeira-foto-do-time-de-futebol-apos-a-volta-para-casa\\\/\"]}]},{\"@type\":\"ImageObject\",\"inLanguage\":\"pt-BR\",\"@id\":\"https:\\\/\\\/gersonguelmann.com.br\\\/blog\\\/primeira-foto-do-time-de-futebol-apos-a-volta-para-casa\\\/#primaryimage\",\"url\":\"https:\\\/\\\/i0.wp.com\\\/gersonguelmann.com.br\\\/blog\\\/wp-content\\\/uploads\\\/2018\\\/07\\\/mundo-resgate-tailandia-20180707-0026-copy.jpg?fit=1500%2C1000&ssl=1\",\"contentUrl\":\"https:\\\/\\\/i0.wp.com\\\/gersonguelmann.com.br\\\/blog\\\/wp-content\\\/uploads\\\/2018\\\/07\\\/mundo-resgate-tailandia-20180707-0026-copy.jpg?fit=1500%2C1000&ssl=1\",\"width\":1500,\"height\":1000,\"caption\":\"This undated handout photo taken recently and released by the Royal Thai Navy on July 7, 2018 shows Thai Navy soldiers in the flooded Tham Luang cave during rescue operations for the 12 boys and their football team coach trapped in the cave at Khun Nam Nang Non Forest Park in the Mae Sai district of Chiang Rai province. \\\/ AFP PHOTO \\\/ ROYAL THAI NAVY \\\/ Handout \\\/ XGTY - RESTRICTED TO EDITORIAL USE - MANDATORY CREDIT \\\"AFP PHOTO \\\/ ROYAL THAI NAVY\\\" - NO MARKETING NO ADVERTISING CAMPAIGNS - DISTRIBUTED AS A SERVICE TO CLIENTS\"},{\"@type\":\"WebSite\",\"@id\":\"https:\\\/\\\/gersonguelmann.com.br\\\/blog\\\/#website\",\"url\":\"https:\\\/\\\/gersonguelmann.com.br\\\/blog\\\/\",\"name\":\"Blog do Guelmann\",\"description\":\"Pitadas da sabedoria e do humor judaicos, assuntos do momento e um pouco das hist\u00f3rias que vivi e testemunhei.\",\"potentialAction\":[{\"@type\":\"SearchAction\",\"target\":{\"@type\":\"EntryPoint\",\"urlTemplate\":\"https:\\\/\\\/gersonguelmann.com.br\\\/blog\\\/?s={search_term_string}\"},\"query-input\":{\"@type\":\"PropertyValueSpecification\",\"valueRequired\":true,\"valueName\":\"search_term_string\"}}],\"inLanguage\":\"pt-BR\"},{\"@type\":\"Person\",\"@id\":\"https:\\\/\\\/gersonguelmann.com.br\\\/blog\\\/#\\\/schema\\\/person\\\/87e70e2a786888082f941a482c90569e\",\"name\":\"Gerson Guelmann\",\"image\":{\"@type\":\"ImageObject\",\"inLanguage\":\"pt-BR\",\"@id\":\"https:\\\/\\\/i0.wp.com\\\/gersonguelmann.com.br\\\/blog\\\/wp-content\\\/uploads\\\/2021\\\/08\\\/BLOG.jpeg?fit=96%2C96&ssl=1\",\"url\":\"https:\\\/\\\/i0.wp.com\\\/gersonguelmann.com.br\\\/blog\\\/wp-content\\\/uploads\\\/2021\\\/08\\\/BLOG.jpeg?fit=96%2C96&ssl=1\",\"contentUrl\":\"https:\\\/\\\/i0.wp.com\\\/gersonguelmann.com.br\\\/blog\\\/wp-content\\\/uploads\\\/2021\\\/08\\\/BLOG.jpeg?fit=96%2C96&ssl=1\",\"caption\":\"Gerson Guelmann\"},\"description\":\"Pitadas da sabedoria e do humor judaicos, assuntos do momento e um pouco das hist\u00f3rias que vivi e testemunhei.\"}]}<\/script>\n<!-- \/ Yoast SEO plugin. -->","yoast_head_json":{"title":"Primeira Foto dos Meninos do Time de Futebol Ap\u00f3s a Volta Para Casa | Blog do Guelmann","robots":{"index":"index","follow":"follow","max-snippet":"max-snippet:-1","max-image-preview":"max-image-preview:large","max-video-preview":"max-video-preview:-1"},"canonical":"https:\/\/gersonguelmann.com.br\/blog\/primeira-foto-do-time-de-futebol-apos-a-volta-para-casa\/","og_locale":"pt_BR","og_type":"article","og_title":"Primeira Foto dos Meninos do Time de Futebol Ap\u00f3s a Volta Para Casa | Blog do Guelmann","og_description":"Come\u00e7ou a circular h\u00e1 pouco a primeira foto dos meninos do time de futebol que voltaram para casa.\u00a0 Sabemos que eles estavam perdidos, mas pelo semblante podemos ver que agora todos est\u00e3o muito bem.","og_url":"https:\/\/gersonguelmann.com.br\/blog\/primeira-foto-do-time-de-futebol-apos-a-volta-para-casa\/","og_site_name":"Blog do Guelmann","article_published_time":"2018-07-12T19:29:50+00:00","article_modified_time":"2018-07-12T19:42:32+00:00","og_image":[{"width":1500,"height":1000,"url":"https:\/\/i0.wp.com\/gersonguelmann.com.br\/blog\/wp-content\/uploads\/2018\/07\/mundo-resgate-tailandia-20180707-0026-copy.jpg?fit=1500%2C1000&ssl=1","type":"image\/jpeg"}],"author":"Gerson Guelmann","twitter_card":"summary_large_image","twitter_misc":{"Escrito por":"Gerson Guelmann"},"schema":{"@context":"https:\/\/schema.org","@graph":[{"@type":"Article","@id":"https:\/\/gersonguelmann.com.br\/blog\/primeira-foto-do-time-de-futebol-apos-a-volta-para-casa\/#article","isPartOf":{"@id":"https:\/\/gersonguelmann.com.br\/blog\/primeira-foto-do-time-de-futebol-apos-a-volta-para-casa\/"},"author":{"name":"Gerson Guelmann","@id":"https:\/\/gersonguelmann.com.br\/blog\/#\/schema\/person\/87e70e2a786888082f941a482c90569e"},"headline":"Primeira Foto dos Meninos do Time de Futebol Ap\u00f3s a Volta Para Casa","datePublished":"2018-07-12T19:29:50+00:00","dateModified":"2018-07-12T19:42:32+00:00","mainEntityOfPage":{"@id":"https:\/\/gersonguelmann.com.br\/blog\/primeira-foto-do-time-de-futebol-apos-a-volta-para-casa\/"},"wordCount":64,"commentCount":0,"image":{"@id":"https:\/\/gersonguelmann.com.br\/blog\/primeira-foto-do-time-de-futebol-apos-a-volta-para-casa\/#primaryimage"},"thumbnailUrl":"https:\/\/i0.wp.com\/gersonguelmann.com.br\/blog\/wp-content\/uploads\/2018\/07\/mundo-resgate-tailandia-20180707-0026-copy.jpg?fit=1500%2C1000&ssl=1","inLanguage":"pt-BR","potentialAction":[{"@type":"CommentAction","name":"Comment","target":["https:\/\/gersonguelmann.com.br\/blog\/primeira-foto-do-time-de-futebol-apos-a-volta-para-casa\/#respond"]}]},{"@type":"WebPage","@id":"https:\/\/gersonguelmann.com.br\/blog\/primeira-foto-do-time-de-futebol-apos-a-volta-para-casa\/","url":"https:\/\/gersonguelmann.com.br\/blog\/primeira-foto-do-time-de-futebol-apos-a-volta-para-casa\/","name":"Primeira Foto dos Meninos do Time de Futebol Ap\u00f3s a Volta Para Casa | Blog do Guelmann","isPartOf":{"@id":"https:\/\/gersonguelmann.com.br\/blog\/#website"},"primaryImageOfPage":{"@id":"https:\/\/gersonguelmann.com.br\/blog\/primeira-foto-do-time-de-futebol-apos-a-volta-para-casa\/#primaryimage"},"image":{"@id":"https:\/\/gersonguelmann.com.br\/blog\/primeira-foto-do-time-de-futebol-apos-a-volta-para-casa\/#primaryimage"},"thumbnailUrl":"https:\/\/i0.wp.com\/gersonguelmann.com.br\/blog\/wp-content\/uploads\/2018\/07\/mundo-resgate-tailandia-20180707-0026-copy.jpg?fit=1500%2C1000&ssl=1","datePublished":"2018-07-12T19:29:50+00:00","dateModified":"2018-07-12T19:42:32+00:00","author":{"@id":"https:\/\/gersonguelmann.com.br\/blog\/#\/schema\/person\/87e70e2a786888082f941a482c90569e"},"inLanguage":"pt-BR","potentialAction":[{"@type":"ReadAction","target":["https:\/\/gersonguelmann.com.br\/blog\/primeira-foto-do-time-de-futebol-apos-a-volta-para-casa\/"]}]},{"@type":"ImageObject","inLanguage":"pt-BR","@id":"https:\/\/gersonguelmann.com.br\/blog\/primeira-foto-do-time-de-futebol-apos-a-volta-para-casa\/#primaryimage","url":"https:\/\/i0.wp.com\/gersonguelmann.com.br\/blog\/wp-content\/uploads\/2018\/07\/mundo-resgate-tailandia-20180707-0026-copy.jpg?fit=1500%2C1000&ssl=1","contentUrl":"https:\/\/i0.wp.com\/gersonguelmann.com.br\/blog\/wp-content\/uploads\/2018\/07\/mundo-resgate-tailandia-20180707-0026-copy.jpg?fit=1500%2C1000&ssl=1","width":1500,"height":1000,"caption":"This undated handout photo taken recently and released by the Royal Thai Navy on July 7, 2018 shows Thai Navy soldiers in the flooded Tham Luang cave during rescue operations for the 12 boys and their football team coach trapped in the cave at Khun Nam Nang Non Forest Park in the Mae Sai district of Chiang Rai province. \/ AFP PHOTO \/ ROYAL THAI NAVY \/ Handout \/ XGTY - RESTRICTED TO EDITORIAL USE - MANDATORY CREDIT \"AFP PHOTO \/ ROYAL THAI NAVY\" - NO MARKETING NO ADVERTISING CAMPAIGNS - DISTRIBUTED AS A SERVICE TO CLIENTS"},{"@type":"WebSite","@id":"https:\/\/gersonguelmann.com.br\/blog\/#website","url":"https:\/\/gersonguelmann.com.br\/blog\/","name":"Blog do Guelmann","description":"Pitadas da sabedoria e do humor judaicos, assuntos do momento e um pouco das hist\u00f3rias que vivi e testemunhei.","potentialAction":[{"@type":"SearchAction","target":{"@type":"EntryPoint","urlTemplate":"https:\/\/gersonguelmann.com.br\/blog\/?s={search_term_string}"},"query-input":{"@type":"PropertyValueSpecification","valueRequired":true,"valueName":"search_term_string"}}],"inLanguage":"pt-BR"},{"@type":"Person","@id":"https:\/\/gersonguelmann.com.br\/blog\/#\/schema\/person\/87e70e2a786888082f941a482c90569e","name":"Gerson Guelmann","image":{"@type":"ImageObject","inLanguage":"pt-BR","@id":"https:\/\/i0.wp.com\/gersonguelmann.com.br\/blog\/wp-content\/uploads\/2021\/08\/BLOG.jpeg?fit=96%2C96&ssl=1","url":"https:\/\/i0.wp.com\/gersonguelmann.com.br\/blog\/wp-content\/uploads\/2021\/08\/BLOG.jpeg?fit=96%2C96&ssl=1","contentUrl":"https:\/\/i0.wp.com\/gersonguelmann.com.br\/blog\/wp-content\/uploads\/2021\/08\/BLOG.jpeg?fit=96%2C96&ssl=1","caption":"Gerson Guelmann"},"description":"Pitadas da sabedoria e do humor judaicos, assuntos do momento e um pouco das hist\u00f3rias que vivi e testemunhei."}]}},"views":76,"jetpack_publicize_connections":[],"jetpack_featured_media_url":"https:\/\/i0.wp.com\/gersonguelmann.com.br\/blog\/wp-content\/uploads\/2018\/07\/mundo-resgate-tailandia-20180707-0026-copy.jpg?fit=1500%2C1000&ssl=1","jetpack_shortlink":"https:\/\/wp.me\/p96e7O-3Nx","jetpack-related-posts":[{"id":11932,"url":"https:\/\/gersonguelmann.com.br\/blog\/abuso-sexual-no-futebol-brasileiro\/","url_meta":{"origin":14603,"position":0},"title":"Abuso Sexual no Futebol Brasileiro","author":"Gerson Guelmann","date":"22 de abril de 2018","format":false,"excerpt":"Mat\u00e9ria publicada hoje no site El Pa\u00eds exp\u00f5e o problema do abuso sexual nas categorias de base do futebol brasileiro: ABUSO SEXUAL NO FUTEBOL Den\u00fancia de abuso sexual estremece o mais famoso celeiro de jogadores do Brasil \u201cNunca contei a ningu\u00e9m sobre o que aconteceu. S\u00f3 queria esquecer e continuar\u2026","rel":"","context":"Em &quot;Sem categoria&quot;","block_context":{"text":"Sem categoria","link":"https:\/\/gersonguelmann.com.br\/blog\/category\/sem-categoria\/"},"img":{"alt_text":"","src":"https:\/\/i0.wp.com\/gersonguelmann.com.br\/blog\/wp-content\/uploads\/2018\/04\/Futebol.jpg?fit=1200%2C800&ssl=1&resize=350%2C200","width":350,"height":200,"srcset":"https:\/\/i0.wp.com\/gersonguelmann.com.br\/blog\/wp-content\/uploads\/2018\/04\/Futebol.jpg?fit=1200%2C800&ssl=1&resize=350%2C200 1x, https:\/\/i0.wp.com\/gersonguelmann.com.br\/blog\/wp-content\/uploads\/2018\/04\/Futebol.jpg?fit=1200%2C800&ssl=1&resize=525%2C300 1.5x, https:\/\/i0.wp.com\/gersonguelmann.com.br\/blog\/wp-content\/uploads\/2018\/04\/Futebol.jpg?fit=1200%2C800&ssl=1&resize=700%2C400 2x, https:\/\/i0.wp.com\/gersonguelmann.com.br\/blog\/wp-content\/uploads\/2018\/04\/Futebol.jpg?fit=1200%2C800&ssl=1&resize=1050%2C600 3x"},"classes":[]},{"id":13388,"url":"https:\/\/gersonguelmann.com.br\/blog\/enquanto-isso-no-pais-do-futebol\/","url_meta":{"origin":14603,"position":1},"title":"Enquanto Isso, no Pa\u00eds do Futebol&#8230;","author":"Gerson Guelmann","date":"28 de maio de 2018","format":false,"excerpt":"O Brasil em crise, sem g\u00e1s e combust\u00edvel para o b\u00e1sico, mas \"os bonitos\" que v\u00e3o defender a honra da na\u00e7\u00e3o nos gramados da R\u00fassia viajaram com avi\u00e3o fretado, em configura\u00e7\u00e3o mais luxuosa do que a dos potentados do petr\u00f3leo do Oriente M\u00e9dio. A aeronave contratada para o voo Rio\u2026","rel":"","context":"Em &quot;Sem categoria&quot;","block_context":{"text":"Sem categoria","link":"https:\/\/gersonguelmann.com.br\/blog\/category\/sem-categoria\/"},"img":{"alt_text":"","src":"https:\/\/i0.wp.com\/gersonguelmann.com.br\/blog\/wp-content\/uploads\/2018\/05\/1-17.jpg?fit=1158%2C648&ssl=1&resize=350%2C200","width":350,"height":200,"srcset":"https:\/\/i0.wp.com\/gersonguelmann.com.br\/blog\/wp-content\/uploads\/2018\/05\/1-17.jpg?fit=1158%2C648&ssl=1&resize=350%2C200 1x, https:\/\/i0.wp.com\/gersonguelmann.com.br\/blog\/wp-content\/uploads\/2018\/05\/1-17.jpg?fit=1158%2C648&ssl=1&resize=525%2C300 1.5x, https:\/\/i0.wp.com\/gersonguelmann.com.br\/blog\/wp-content\/uploads\/2018\/05\/1-17.jpg?fit=1158%2C648&ssl=1&resize=700%2C400 2x, https:\/\/i0.wp.com\/gersonguelmann.com.br\/blog\/wp-content\/uploads\/2018\/05\/1-17.jpg?fit=1158%2C648&ssl=1&resize=1050%2C600 3x"},"classes":[]},{"id":14115,"url":"https:\/\/gersonguelmann.com.br\/blog\/so-deixaremos-de-ser-um-fracasso-depois-das-eleicoes-e-nao-apos-a-copa\/","url_meta":{"origin":14603,"position":2},"title":"S\u00f3 Deixaremos de Ser um Fracasso Depois das Elei\u00e7\u00f5es, e N\u00e3o Ap\u00f3s a Copa","author":"Gerson Guelmann","date":"19 de junho de 2018","format":false,"excerpt":"A incr\u00edvel escritora Martha Medeiros publicou mais uma de suas cr\u00f4nicas na coluna que mant\u00e9m no site Donna, cuja s\u00edntese est\u00e1 j\u00e1 no t\u00edtulo: Martha Medeiros: \u201cS\u00f3 come\u00e7aremos a deixar de ser um fracasso a partir das elei\u00e7\u00f5es, e n\u00e3o pelo resultado da Copa\u201d Ilustra\u00e7\u00e3o: Gilmar Fraga \u00a0 Postado por\u00a0Martha\u2026","rel":"","context":"Em &quot;Sem categoria&quot;","block_context":{"text":"Sem categoria","link":"https:\/\/gersonguelmann.com.br\/blog\/category\/sem-categoria\/"},"img":{"alt_text":"","src":"https:\/\/i0.wp.com\/gersonguelmann.com.br\/blog\/wp-content\/uploads\/2018\/06\/mm.jpg?fit=1024%2C678&ssl=1&resize=350%2C200","width":350,"height":200,"srcset":"https:\/\/i0.wp.com\/gersonguelmann.com.br\/blog\/wp-content\/uploads\/2018\/06\/mm.jpg?fit=1024%2C678&ssl=1&resize=350%2C200 1x, https:\/\/i0.wp.com\/gersonguelmann.com.br\/blog\/wp-content\/uploads\/2018\/06\/mm.jpg?fit=1024%2C678&ssl=1&resize=525%2C300 1.5x, https:\/\/i0.wp.com\/gersonguelmann.com.br\/blog\/wp-content\/uploads\/2018\/06\/mm.jpg?fit=1024%2C678&ssl=1&resize=700%2C400 2x"},"classes":[]},{"id":13882,"url":"https:\/\/gersonguelmann.com.br\/blog\/voce-torce-contra-a-selecao-saiba-que-nao-esta-sozinho\/","url_meta":{"origin":14603,"position":3},"title":"Voc\u00ea Torce Contra a Sele\u00e7\u00e3o? Saiba Que N\u00e3o Est\u00e1 Sozinho!","author":"Gerson Guelmann","date":"12 de junho de 2018","format":false,"excerpt":"Boa mat\u00e9ria do El Pa\u00eds, publicada ontem: COPA DO MUNDO R\u00daSSIA 2018 Por que tanta gente torce contra a sele\u00e7\u00e3o No pa\u00eds do futebol, um batalh\u00e3o promete secar o Brasil na Copa pelos mais diversos motivos, que nada t\u00eam a ver com antipatriotismo S\u00e3o Paulo\u00a012 JUN 2018 - 00:37 CEST\u2026","rel":"","context":"Em &quot;Sem categoria&quot;","block_context":{"text":"Sem categoria","link":"https:\/\/gersonguelmann.com.br\/blog\/category\/sem-categoria\/"},"img":{"alt_text":"","src":"https:\/\/i0.wp.com\/gersonguelmann.com.br\/blog\/wp-content\/uploads\/2018\/06\/Copa.jpg?fit=1200%2C747&ssl=1&resize=350%2C200","width":350,"height":200,"srcset":"https:\/\/i0.wp.com\/gersonguelmann.com.br\/blog\/wp-content\/uploads\/2018\/06\/Copa.jpg?fit=1200%2C747&ssl=1&resize=350%2C200 1x, https:\/\/i0.wp.com\/gersonguelmann.com.br\/blog\/wp-content\/uploads\/2018\/06\/Copa.jpg?fit=1200%2C747&ssl=1&resize=525%2C300 1.5x, https:\/\/i0.wp.com\/gersonguelmann.com.br\/blog\/wp-content\/uploads\/2018\/06\/Copa.jpg?fit=1200%2C747&ssl=1&resize=700%2C400 2x, https:\/\/i0.wp.com\/gersonguelmann.com.br\/blog\/wp-content\/uploads\/2018\/06\/Copa.jpg?fit=1200%2C747&ssl=1&resize=1050%2C600 3x"},"classes":[]},{"id":15028,"url":"https:\/\/gersonguelmann.com.br\/blog\/para-os-saudosistas-do-futebol\/","url_meta":{"origin":14603,"position":4},"title":"Para Os Saudosistas do Futebol","author":"Gerson Guelmann","date":"4 de novembro de 2018","format":false,"excerpt":"\"Vasculhando meus guardados\" achei uma mat\u00e9ria escrita em 19 de dezembro de 2017, tr\u00eas dias ap\u00f3s a derrota do Gr\u00eamio para o Real Madrid na final do Mundial de Clubes. O autor do texto \u00e9 o jornalista Andr\u00e9 Rocha, dono de um Blog (vou colocar o link ao final). Lendo-o\u2026","rel":"","context":"Em &quot;Sem categoria&quot;","block_context":{"text":"Sem categoria","link":"https:\/\/gersonguelmann.com.br\/blog\/category\/sem-categoria\/"},"img":{"alt_text":"","src":"https:\/\/i0.wp.com\/gersonguelmann.com.br\/blog\/wp-content\/uploads\/2018\/11\/images-300x168.jpg?resize=350%2C200&ssl=1","width":350,"height":200},"classes":[]},{"id":11290,"url":"https:\/\/gersonguelmann.com.br\/blog\/sera-que-o-brasil-esta-mudando-selecao-stf\/","url_meta":{"origin":14603,"position":5},"title":"Ser\u00e1 Que o Brasil Est\u00e1 Mudando? Sele\u00e7\u00e3o X STF","author":"Gerson Guelmann","date":"5 de abril de 2018","format":false,"excerpt":"Recolhi h\u00e1 pouco em um dos grupos de WhatsApp de que participo: \"Pela primeira vez na hist\u00f3ria do Brasil a popula\u00e7\u00e3o conhece o nome dos 11 Ministros do Supremo Tribunal Federal e n\u00e3o sabe o nome dos 11 titulares de sele\u00e7\u00e3o brasileira de futebol que ir\u00e1 disputar a Copa do\u2026","rel":"","context":"Em &quot;Sem categoria&quot;","block_context":{"text":"Sem categoria","link":"https:\/\/gersonguelmann.com.br\/blog\/category\/sem-categoria\/"},"img":{"alt_text":"","src":"https:\/\/i0.wp.com\/gersonguelmann.com.br\/blog\/wp-content\/uploads\/2018\/04\/Sele%C3%A7%C3%A3o.jpeg?fit=974%2C546&ssl=1&resize=350%2C200","width":350,"height":200,"srcset":"https:\/\/i0.wp.com\/gersonguelmann.com.br\/blog\/wp-content\/uploads\/2018\/04\/Sele%C3%A7%C3%A3o.jpeg?fit=974%2C546&ssl=1&resize=350%2C200 1x, https:\/\/i0.wp.com\/gersonguelmann.com.br\/blog\/wp-content\/uploads\/2018\/04\/Sele%C3%A7%C3%A3o.jpeg?fit=974%2C546&ssl=1&resize=525%2C300 1.5x, https:\/\/i0.wp.com\/gersonguelmann.com.br\/blog\/wp-content\/uploads\/2018\/04\/Sele%C3%A7%C3%A3o.jpeg?fit=974%2C546&ssl=1&resize=700%2C400 2x"},"classes":[]}],"jetpack_sharing_enabled":true,"post_mailing_queue_ids":[],"_links":{"self":[{"href":"https:\/\/gersonguelmann.com.br\/blog\/wp-json\/wp\/v2\/posts\/14603","targetHints":{"allow":["GET"]}}],"collection":[{"href":"https:\/\/gersonguelmann.com.br\/blog\/wp-json\/wp\/v2\/posts"}],"about":[{"href":"https:\/\/gersonguelmann.com.br\/blog\/wp-json\/wp\/v2\/types\/post"}],"author":[{"embeddable":true,"href":"https:\/\/gersonguelmann.com.br\/blog\/wp-json\/wp\/v2\/users\/5"}],"replies":[{"embeddable":true,"href":"https:\/\/gersonguelmann.com.br\/blog\/wp-json\/wp\/v2\/comments?post=14603"}],"version-history":[{"count":0,"href":"https:\/\/gersonguelmann.com.br\/blog\/wp-json\/wp\/v2\/posts\/14603\/revisions"}],"wp:featuredmedia":[{"embeddable":true,"href":"https:\/\/gersonguelmann.com.br\/blog\/wp-json\/wp\/v2\/media\/14605"}],"wp:attachment":[{"href":"https:\/\/gersonguelmann.com.br\/blog\/wp-json\/wp\/v2\/media?parent=14603"}],"wp:term":[{"taxonomy":"category","embeddable":true,"href":"https:\/\/gersonguelmann.com.br\/blog\/wp-json\/wp\/v2\/categories?post=14603"},{"taxonomy":"post_tag","embeddable":true,"href":"https:\/\/gersonguelmann.com.br\/blog\/wp-json\/wp\/v2\/tags?post=14603"}],"curies":[{"name":"wp","href":"https:\/\/api.w.org\/{rel}","templated":true}]}}