    {"id":1464,"date":"2017-09-06T16:11:41","date_gmt":"2017-09-06T19:11:41","guid":{"rendered":"https:\/\/gersonguelmann.com.br\/blog\/?p=1464"},"modified":"2017-09-06T16:15:06","modified_gmt":"2017-09-06T19:15:06","slug":"dois-momentos-que-enriqueceram-o-ja-rico-prontuario-de-geddel","status":"publish","type":"post","link":"https:\/\/gersonguelmann.com.br\/blog\/dois-momentos-que-enriqueceram-o-ja-rico-prontuario-de-geddel\/","title":{"rendered":"Dois momentos que enriqueceram o j\u00e1 rico prontu\u00e1rio de Geddel"},"content":{"rendered":"<p><span style=\"font-family: tahoma, arial, helvetica, sans-serif; font-size: 14pt; color: #000000;\">Compartilho dois v\u00eddeos extremamente enriquecedores para quem deseja conhecer o car\u00e1ter de <em>Geddel Vieira Lima<\/em>.<\/span><\/p>\n<p><span style=\"color: #000000; font-family: tahoma, arial, helvetica, sans-serif; font-size: 14pt;\"><em>Geddel<\/em> come\u00e7ou a ser investigado em janeiro \u00faltimo na opera\u00e7\u00e3o <em>&#8220;Cui Bono&#8221;<\/em>\u00a0 da <em>Pol\u00edcia Federal,<\/em> com base em informa\u00e7\u00f5es encontradas em um celular que era usado pelo deputado cassado <em>Eduardo Cunha<\/em>, atualmente condenado e preso.\u00a0<\/span><\/p>\n<p><span style=\"color: #000000; font-family: tahoma, arial, helvetica, sans-serif;\"><span style=\"font-size: 14pt;\">Mensagens indicavam que ambos obtiveram vantagens indevidas em troca da libera\u00e7\u00e3o de cr\u00e9dito da <\/span><\/span><em style=\"color: #000000; font-family: tahoma, arial, helvetica, sans-serif; font-size: 14pt;\">Caixa\u00a0<\/em><span style=\"color: #000000; font-family: tahoma, arial, helvetica, sans-serif;\"><span style=\"font-size: 18.6667px;\"><i>Econ\u00f4mica<\/i><\/span><span style=\"font-size: 14pt;\">, onde\u00a0<\/span><\/span><span style=\"font-family: tahoma, arial, helvetica, sans-serif; font-size: 14pt; color: #000000;\"><em>Geddel<\/em> foi vice-presidente de Pessoa Jur\u00eddica entre 2011 e 2013, durante o governo <em>Dilma<\/em>. <\/span><span style=\"color: #000000; font-family: tahoma, arial, helvetica, sans-serif; font-size: 14pt;\">Ele foi preso por tentar evitar a poss\u00edvel dela\u00e7\u00e3o premiada do pr\u00f3prio <em>Cunha<\/em> e do operador <em>Dilson Funaro<\/em>. <\/span><\/p>\n<p><span style=\"color: #000000; font-family: tahoma, arial, helvetica, sans-serif; font-size: 14pt;\"><strong>Ent\u00e3o como Geddel ocupou cargo de confian\u00e7a da presidente\u00a0<\/strong><\/span><span style=\"font-family: tahoma, arial, helvetica, sans-serif; font-size: 14pt; color: #000000;\"><strong>Dilma, devia lealdade a ela, certo? <\/strong><\/span><\/p>\n<p><span style=\"font-family: tahoma, arial, helvetica, sans-serif; font-size: 14pt; color: #000000;\">Segundo os crit\u00e9rios dele, n\u00e3o. Nas manifesta\u00e7\u00f5es de agosto de 2015 contra o governo dela, no Farol da Barra em Salvador, Geddel dizia estar &#8220;<em>lutando contra a corrup\u00e7\u00e3o do PT<\/em>&#8220;. <strong><a href=\"https:\/\/www.youtube.com\/watch?v=SaW-EJNWc4Y\">Assista o v\u00eddeo aqui<\/a><\/strong>.<\/span><\/p>\n<p><span style=\"color: #000000; font-family: tahoma, arial, helvetica, sans-serif; font-size: 14pt;\">E foi mais longe a desfa\u00e7atez do sujeito: em 6 de julho, ao depor\u00a0na 10\u00aa Vara da Justi\u00e7a Federal em Brasilia e ser informado de que continuaria preso, Geddel chorou e falou do zelo na preserva\u00e7\u00e3o da mem\u00f3ria do pai e na preocupa\u00e7\u00e3o com a imagem que o filho teria dele. <strong><a href=\"https:\/\/www.youtube.com\/watch?v=eleSoRVMDBs\">Clique aqui para ver<\/a><\/strong>.\u00a0<\/span><\/p>\n<p><span style=\"font-family: tahoma, arial, helvetica, sans-serif; font-size: 14pt; color: #000000;\">Precisa dizer mais alguma coisa?<\/span><\/p>\n<figure id=\"attachment_1466\" aria-describedby=\"caption-attachment-1466\" style=\"width: 300px\" class=\"wp-caption aligncenter\"><img data-recalc-dims=\"1\" fetchpriority=\"high\" decoding=\"async\" data-attachment-id=\"1466\" data-permalink=\"https:\/\/gersonguelmann.com.br\/blog\/dois-momentos-que-enriqueceram-o-ja-rico-prontuario-de-geddel\/geddel-3\/\" data-orig-file=\"https:\/\/i0.wp.com\/gersonguelmann.com.br\/blog\/wp-content\/uploads\/2017\/09\/Geddel.jpg?fit=2400%2C1600&amp;ssl=1\" data-orig-size=\"2400,1600\" data-comments-opened=\"1\" data-image-meta=\"{&quot;aperture&quot;:&quot;4&quot;,&quot;credit&quot;:&quot;LULA MARQUES&quot;,&quot;camera&quot;:&quot;Canon EOS-1D X&quot;,&quot;caption&quot;:&quot;Bras\\u00edlia- DF 15-06-2016   Presidente interino, Michel Temer, durante reuni\\u00e3o com l\\u00edderes. Foto Lula Marques\/Ag\\u00eancia PT&quot;,&quot;created_timestamp&quot;:&quot;1465986274&quot;,&quot;copyright&quot;:&quot;&quot;,&quot;focal_length&quot;:&quot;300&quot;,&quot;iso&quot;:&quot;2500&quot;,&quot;shutter_speed&quot;:&quot;0.005&quot;,&quot;title&quot;:&quot;&quot;,&quot;orientation&quot;:&quot;1&quot;}\" data-image-title=\"Geddel\" data-image-description=\"\" data-image-caption=\"&lt;p&gt;Bras\u00edlia- DF 15-06-2016   Presidente interino, Michel Temer, durante reuni\u00e3o com l\u00edderes. Foto Lula Marques\/Ag\u00eancia PT&lt;\/p&gt;\n\" data-medium-file=\"https:\/\/i0.wp.com\/gersonguelmann.com.br\/blog\/wp-content\/uploads\/2017\/09\/Geddel.jpg?fit=300%2C200&amp;ssl=1\" data-large-file=\"https:\/\/i0.wp.com\/gersonguelmann.com.br\/blog\/wp-content\/uploads\/2017\/09\/Geddel.jpg?fit=640%2C427&amp;ssl=1\" class=\"size-medium wp-image-1466\" src=\"https:\/\/i0.wp.com\/gersonguelmann.com.br\/blog\/wp-content\/uploads\/2017\/09\/Geddel.jpg?resize=300%2C200&#038;ssl=1\" alt=\"\" width=\"300\" height=\"200\" srcset=\"https:\/\/i0.wp.com\/gersonguelmann.com.br\/blog\/wp-content\/uploads\/2017\/09\/Geddel.jpg?resize=300%2C200&amp;ssl=1 300w, https:\/\/i0.wp.com\/gersonguelmann.com.br\/blog\/wp-content\/uploads\/2017\/09\/Geddel.jpg?resize=768%2C512&amp;ssl=1 768w, https:\/\/i0.wp.com\/gersonguelmann.com.br\/blog\/wp-content\/uploads\/2017\/09\/Geddel.jpg?resize=1024%2C683&amp;ssl=1 1024w, https:\/\/i0.wp.com\/gersonguelmann.com.br\/blog\/wp-content\/uploads\/2017\/09\/Geddel.jpg?resize=750%2C500&amp;ssl=1 750w, https:\/\/i0.wp.com\/gersonguelmann.com.br\/blog\/wp-content\/uploads\/2017\/09\/Geddel.jpg?w=1280&amp;ssl=1 1280w, https:\/\/i0.wp.com\/gersonguelmann.com.br\/blog\/wp-content\/uploads\/2017\/09\/Geddel.jpg?w=1920&amp;ssl=1 1920w\" sizes=\"(max-width: 300px) 100vw, 300px\" \/><figcaption id=\"caption-attachment-1466\" class=\"wp-caption-text\">Bras\u00edlia- DF 15-06-2016 Presidente interino, Michel Temer, durante reuni\u00e3o com l\u00edderes. Foto Lula Marques\/Ag\u00eancia PT<\/figcaption><\/figure>\n","protected":false},"excerpt":{"rendered":"<p>Compartilho dois v\u00eddeos extremamente enriquecedores para quem deseja conhecer o car\u00e1ter de Geddel Vieira Lima. Geddel come\u00e7ou a ser investigado em janeiro \u00faltimo na opera\u00e7\u00e3o &#8220;Cui Bono&#8221;\u00a0 da Pol\u00edcia Federal, com base em informa\u00e7\u00f5es encontradas em um celular que era usado pelo deputado cassado Eduardo Cunha, atualmente condenado e preso.\u00a0 Mensagens indicavam que ambos obtiveram [&hellip;]<\/p>\n","protected":false},"author":5,"featured_media":1466,"comment_status":"open","ping_status":"open","sticky":false,"template":"","format":"standard","meta":{"_acf_changed":false,"jetpack_post_was_ever_published":false,"_jetpack_newsletter_access":"","_jetpack_dont_email_post_to_subs":false,"_jetpack_newsletter_tier_id":0,"_jetpack_memberships_contains_paywalled_content":false,"_jetpack_memberships_contains_paid_content":false,"footnotes":"","jetpack_publicize_message":"","jetpack_publicize_feature_enabled":true,"jetpack_social_post_already_shared":true,"jetpack_social_options":{"image_generator_settings":{"template":"highway","default_image_id":0,"font":"","enabled":false},"version":2}},"categories":[1],"tags":[],"class_list":["post-1464","post","type-post","status-publish","format-standard","has-post-thumbnail","hentry","category-sem-categoria"],"acf":[],"yoast_head":"<!-- This site is optimized with the Yoast SEO plugin v27.3 - https:\/\/yoast.com\/product\/yoast-seo-wordpress\/ -->\n<title>Dois momentos que enriqueceram o j\u00e1 rico prontu\u00e1rio de Geddel | Blog do Guelmann<\/title>\n<meta name=\"robots\" content=\"index, follow, max-snippet:-1, max-image-preview:large, max-video-preview:-1\" \/>\n<link rel=\"canonical\" href=\"https:\/\/gersonguelmann.com.br\/blog\/dois-momentos-que-enriqueceram-o-ja-rico-prontuario-de-geddel\/\" \/>\n<meta property=\"og:locale\" content=\"pt_BR\" \/>\n<meta property=\"og:type\" content=\"article\" \/>\n<meta property=\"og:title\" content=\"Dois momentos que enriqueceram o j\u00e1 rico prontu\u00e1rio de Geddel | Blog do Guelmann\" \/>\n<meta property=\"og:description\" content=\"Compartilho dois v\u00eddeos extremamente enriquecedores para quem deseja conhecer o car\u00e1ter de Geddel Vieira Lima. Geddel come\u00e7ou a ser investigado em janeiro \u00faltimo na opera\u00e7\u00e3o &#8220;Cui Bono&#8221;\u00a0 da Pol\u00edcia Federal, com base em informa\u00e7\u00f5es encontradas em um celular que era usado pelo deputado cassado Eduardo Cunha, atualmente condenado e preso.\u00a0 Mensagens indicavam que ambos obtiveram [&hellip;]\" \/>\n<meta property=\"og:url\" content=\"https:\/\/gersonguelmann.com.br\/blog\/dois-momentos-que-enriqueceram-o-ja-rico-prontuario-de-geddel\/\" \/>\n<meta property=\"og:site_name\" content=\"Blog do Guelmann\" \/>\n<meta property=\"article:published_time\" content=\"2017-09-06T19:11:41+00:00\" \/>\n<meta property=\"article:modified_time\" content=\"2017-09-06T19:15:06+00:00\" \/>\n<meta property=\"og:image\" content=\"https:\/\/i0.wp.com\/gersonguelmann.com.br\/blog\/wp-content\/uploads\/2017\/09\/Geddel.jpg?fit=2400%2C1600&ssl=1\" \/>\n\t<meta property=\"og:image:width\" content=\"2400\" \/>\n\t<meta property=\"og:image:height\" content=\"1600\" \/>\n\t<meta property=\"og:image:type\" content=\"image\/jpeg\" \/>\n<meta name=\"author\" content=\"Gerson Guelmann\" \/>\n<meta name=\"twitter:card\" content=\"summary_large_image\" \/>\n<meta name=\"twitter:label1\" content=\"Escrito por\" \/>\n\t<meta name=\"twitter:data1\" content=\"Gerson Guelmann\" \/>\n\t<meta name=\"twitter:label2\" content=\"Est. tempo de leitura\" \/>\n\t<meta name=\"twitter:data2\" content=\"1 minuto\" \/>\n<script type=\"application\/ld+json\" class=\"yoast-schema-graph\">{\"@context\":\"https:\\\/\\\/schema.org\",\"@graph\":[{\"@type\":\"Article\",\"@id\":\"https:\\\/\\\/gersonguelmann.com.br\\\/blog\\\/dois-momentos-que-enriqueceram-o-ja-rico-prontuario-de-geddel\\\/#article\",\"isPartOf\":{\"@id\":\"https:\\\/\\\/gersonguelmann.com.br\\\/blog\\\/dois-momentos-que-enriqueceram-o-ja-rico-prontuario-de-geddel\\\/\"},\"author\":{\"name\":\"Gerson Guelmann\",\"@id\":\"https:\\\/\\\/gersonguelmann.com.br\\\/blog\\\/#\\\/schema\\\/person\\\/87e70e2a786888082f941a482c90569e\"},\"headline\":\"Dois momentos que enriqueceram o j\u00e1 rico prontu\u00e1rio de Geddel\",\"datePublished\":\"2017-09-06T19:11:41+00:00\",\"dateModified\":\"2017-09-06T19:15:06+00:00\",\"mainEntityOfPage\":{\"@id\":\"https:\\\/\\\/gersonguelmann.com.br\\\/blog\\\/dois-momentos-que-enriqueceram-o-ja-rico-prontuario-de-geddel\\\/\"},\"wordCount\":268,\"commentCount\":0,\"image\":{\"@id\":\"https:\\\/\\\/gersonguelmann.com.br\\\/blog\\\/dois-momentos-que-enriqueceram-o-ja-rico-prontuario-de-geddel\\\/#primaryimage\"},\"thumbnailUrl\":\"https:\\\/\\\/i0.wp.com\\\/gersonguelmann.com.br\\\/blog\\\/wp-content\\\/uploads\\\/2017\\\/09\\\/Geddel.jpg?fit=2400%2C1600&ssl=1\",\"inLanguage\":\"pt-BR\",\"potentialAction\":[{\"@type\":\"CommentAction\",\"name\":\"Comment\",\"target\":[\"https:\\\/\\\/gersonguelmann.com.br\\\/blog\\\/dois-momentos-que-enriqueceram-o-ja-rico-prontuario-de-geddel\\\/#respond\"]}]},{\"@type\":\"WebPage\",\"@id\":\"https:\\\/\\\/gersonguelmann.com.br\\\/blog\\\/dois-momentos-que-enriqueceram-o-ja-rico-prontuario-de-geddel\\\/\",\"url\":\"https:\\\/\\\/gersonguelmann.com.br\\\/blog\\\/dois-momentos-que-enriqueceram-o-ja-rico-prontuario-de-geddel\\\/\",\"name\":\"Dois momentos que enriqueceram o j\u00e1 rico prontu\u00e1rio de Geddel | Blog do Guelmann\",\"isPartOf\":{\"@id\":\"https:\\\/\\\/gersonguelmann.com.br\\\/blog\\\/#website\"},\"primaryImageOfPage\":{\"@id\":\"https:\\\/\\\/gersonguelmann.com.br\\\/blog\\\/dois-momentos-que-enriqueceram-o-ja-rico-prontuario-de-geddel\\\/#primaryimage\"},\"image\":{\"@id\":\"https:\\\/\\\/gersonguelmann.com.br\\\/blog\\\/dois-momentos-que-enriqueceram-o-ja-rico-prontuario-de-geddel\\\/#primaryimage\"},\"thumbnailUrl\":\"https:\\\/\\\/i0.wp.com\\\/gersonguelmann.com.br\\\/blog\\\/wp-content\\\/uploads\\\/2017\\\/09\\\/Geddel.jpg?fit=2400%2C1600&ssl=1\",\"datePublished\":\"2017-09-06T19:11:41+00:00\",\"dateModified\":\"2017-09-06T19:15:06+00:00\",\"author\":{\"@id\":\"https:\\\/\\\/gersonguelmann.com.br\\\/blog\\\/#\\\/schema\\\/person\\\/87e70e2a786888082f941a482c90569e\"},\"inLanguage\":\"pt-BR\",\"potentialAction\":[{\"@type\":\"ReadAction\",\"target\":[\"https:\\\/\\\/gersonguelmann.com.br\\\/blog\\\/dois-momentos-que-enriqueceram-o-ja-rico-prontuario-de-geddel\\\/\"]}]},{\"@type\":\"ImageObject\",\"inLanguage\":\"pt-BR\",\"@id\":\"https:\\\/\\\/gersonguelmann.com.br\\\/blog\\\/dois-momentos-que-enriqueceram-o-ja-rico-prontuario-de-geddel\\\/#primaryimage\",\"url\":\"https:\\\/\\\/i0.wp.com\\\/gersonguelmann.com.br\\\/blog\\\/wp-content\\\/uploads\\\/2017\\\/09\\\/Geddel.jpg?fit=2400%2C1600&ssl=1\",\"contentUrl\":\"https:\\\/\\\/i0.wp.com\\\/gersonguelmann.com.br\\\/blog\\\/wp-content\\\/uploads\\\/2017\\\/09\\\/Geddel.jpg?fit=2400%2C1600&ssl=1\",\"width\":2400,\"height\":1600,\"caption\":\"Bras\u00edlia- DF 15-06-2016 Presidente interino, Michel Temer, durante reuni\u00e3o com l\u00edderes. Foto Lula Marques\\\/Ag\u00eancia PT\"},{\"@type\":\"WebSite\",\"@id\":\"https:\\\/\\\/gersonguelmann.com.br\\\/blog\\\/#website\",\"url\":\"https:\\\/\\\/gersonguelmann.com.br\\\/blog\\\/\",\"name\":\"Blog do Guelmann\",\"description\":\"Pitadas da sabedoria e do humor judaicos, assuntos do momento e um pouco das hist\u00f3rias que vivi e testemunhei.\",\"potentialAction\":[{\"@type\":\"SearchAction\",\"target\":{\"@type\":\"EntryPoint\",\"urlTemplate\":\"https:\\\/\\\/gersonguelmann.com.br\\\/blog\\\/?s={search_term_string}\"},\"query-input\":{\"@type\":\"PropertyValueSpecification\",\"valueRequired\":true,\"valueName\":\"search_term_string\"}}],\"inLanguage\":\"pt-BR\"},{\"@type\":\"Person\",\"@id\":\"https:\\\/\\\/gersonguelmann.com.br\\\/blog\\\/#\\\/schema\\\/person\\\/87e70e2a786888082f941a482c90569e\",\"name\":\"Gerson Guelmann\",\"image\":{\"@type\":\"ImageObject\",\"inLanguage\":\"pt-BR\",\"@id\":\"https:\\\/\\\/i0.wp.com\\\/gersonguelmann.com.br\\\/blog\\\/wp-content\\\/uploads\\\/2021\\\/08\\\/BLOG.jpeg?fit=96%2C96&ssl=1\",\"url\":\"https:\\\/\\\/i0.wp.com\\\/gersonguelmann.com.br\\\/blog\\\/wp-content\\\/uploads\\\/2021\\\/08\\\/BLOG.jpeg?fit=96%2C96&ssl=1\",\"contentUrl\":\"https:\\\/\\\/i0.wp.com\\\/gersonguelmann.com.br\\\/blog\\\/wp-content\\\/uploads\\\/2021\\\/08\\\/BLOG.jpeg?fit=96%2C96&ssl=1\",\"caption\":\"Gerson Guelmann\"},\"description\":\"Pitadas da sabedoria e do humor judaicos, assuntos do momento e um pouco das hist\u00f3rias que vivi e testemunhei.\"}]}<\/script>\n<!-- \/ Yoast SEO plugin. -->","yoast_head_json":{"title":"Dois momentos que enriqueceram o j\u00e1 rico prontu\u00e1rio de Geddel | Blog do Guelmann","robots":{"index":"index","follow":"follow","max-snippet":"max-snippet:-1","max-image-preview":"max-image-preview:large","max-video-preview":"max-video-preview:-1"},"canonical":"https:\/\/gersonguelmann.com.br\/blog\/dois-momentos-que-enriqueceram-o-ja-rico-prontuario-de-geddel\/","og_locale":"pt_BR","og_type":"article","og_title":"Dois momentos que enriqueceram o j\u00e1 rico prontu\u00e1rio de Geddel | Blog do Guelmann","og_description":"Compartilho dois v\u00eddeos extremamente enriquecedores para quem deseja conhecer o car\u00e1ter de Geddel Vieira Lima. Geddel come\u00e7ou a ser investigado em janeiro \u00faltimo na opera\u00e7\u00e3o &#8220;Cui Bono&#8221;\u00a0 da Pol\u00edcia Federal, com base em informa\u00e7\u00f5es encontradas em um celular que era usado pelo deputado cassado Eduardo Cunha, atualmente condenado e preso.\u00a0 Mensagens indicavam que ambos obtiveram [&hellip;]","og_url":"https:\/\/gersonguelmann.com.br\/blog\/dois-momentos-que-enriqueceram-o-ja-rico-prontuario-de-geddel\/","og_site_name":"Blog do Guelmann","article_published_time":"2017-09-06T19:11:41+00:00","article_modified_time":"2017-09-06T19:15:06+00:00","og_image":[{"width":2400,"height":1600,"url":"https:\/\/i0.wp.com\/gersonguelmann.com.br\/blog\/wp-content\/uploads\/2017\/09\/Geddel.jpg?fit=2400%2C1600&ssl=1","type":"image\/jpeg"}],"author":"Gerson Guelmann","twitter_card":"summary_large_image","twitter_misc":{"Escrito por":"Gerson Guelmann","Est. tempo de leitura":"1 minuto"},"schema":{"@context":"https:\/\/schema.org","@graph":[{"@type":"Article","@id":"https:\/\/gersonguelmann.com.br\/blog\/dois-momentos-que-enriqueceram-o-ja-rico-prontuario-de-geddel\/#article","isPartOf":{"@id":"https:\/\/gersonguelmann.com.br\/blog\/dois-momentos-que-enriqueceram-o-ja-rico-prontuario-de-geddel\/"},"author":{"name":"Gerson Guelmann","@id":"https:\/\/gersonguelmann.com.br\/blog\/#\/schema\/person\/87e70e2a786888082f941a482c90569e"},"headline":"Dois momentos que enriqueceram o j\u00e1 rico prontu\u00e1rio de Geddel","datePublished":"2017-09-06T19:11:41+00:00","dateModified":"2017-09-06T19:15:06+00:00","mainEntityOfPage":{"@id":"https:\/\/gersonguelmann.com.br\/blog\/dois-momentos-que-enriqueceram-o-ja-rico-prontuario-de-geddel\/"},"wordCount":268,"commentCount":0,"image":{"@id":"https:\/\/gersonguelmann.com.br\/blog\/dois-momentos-que-enriqueceram-o-ja-rico-prontuario-de-geddel\/#primaryimage"},"thumbnailUrl":"https:\/\/i0.wp.com\/gersonguelmann.com.br\/blog\/wp-content\/uploads\/2017\/09\/Geddel.jpg?fit=2400%2C1600&ssl=1","inLanguage":"pt-BR","potentialAction":[{"@type":"CommentAction","name":"Comment","target":["https:\/\/gersonguelmann.com.br\/blog\/dois-momentos-que-enriqueceram-o-ja-rico-prontuario-de-geddel\/#respond"]}]},{"@type":"WebPage","@id":"https:\/\/gersonguelmann.com.br\/blog\/dois-momentos-que-enriqueceram-o-ja-rico-prontuario-de-geddel\/","url":"https:\/\/gersonguelmann.com.br\/blog\/dois-momentos-que-enriqueceram-o-ja-rico-prontuario-de-geddel\/","name":"Dois momentos que enriqueceram o j\u00e1 rico prontu\u00e1rio de Geddel | Blog do Guelmann","isPartOf":{"@id":"https:\/\/gersonguelmann.com.br\/blog\/#website"},"primaryImageOfPage":{"@id":"https:\/\/gersonguelmann.com.br\/blog\/dois-momentos-que-enriqueceram-o-ja-rico-prontuario-de-geddel\/#primaryimage"},"image":{"@id":"https:\/\/gersonguelmann.com.br\/blog\/dois-momentos-que-enriqueceram-o-ja-rico-prontuario-de-geddel\/#primaryimage"},"thumbnailUrl":"https:\/\/i0.wp.com\/gersonguelmann.com.br\/blog\/wp-content\/uploads\/2017\/09\/Geddel.jpg?fit=2400%2C1600&ssl=1","datePublished":"2017-09-06T19:11:41+00:00","dateModified":"2017-09-06T19:15:06+00:00","author":{"@id":"https:\/\/gersonguelmann.com.br\/blog\/#\/schema\/person\/87e70e2a786888082f941a482c90569e"},"inLanguage":"pt-BR","potentialAction":[{"@type":"ReadAction","target":["https:\/\/gersonguelmann.com.br\/blog\/dois-momentos-que-enriqueceram-o-ja-rico-prontuario-de-geddel\/"]}]},{"@type":"ImageObject","inLanguage":"pt-BR","@id":"https:\/\/gersonguelmann.com.br\/blog\/dois-momentos-que-enriqueceram-o-ja-rico-prontuario-de-geddel\/#primaryimage","url":"https:\/\/i0.wp.com\/gersonguelmann.com.br\/blog\/wp-content\/uploads\/2017\/09\/Geddel.jpg?fit=2400%2C1600&ssl=1","contentUrl":"https:\/\/i0.wp.com\/gersonguelmann.com.br\/blog\/wp-content\/uploads\/2017\/09\/Geddel.jpg?fit=2400%2C1600&ssl=1","width":2400,"height":1600,"caption":"Bras\u00edlia- DF 15-06-2016 Presidente interino, Michel Temer, durante reuni\u00e3o com l\u00edderes. Foto Lula Marques\/Ag\u00eancia PT"},{"@type":"WebSite","@id":"https:\/\/gersonguelmann.com.br\/blog\/#website","url":"https:\/\/gersonguelmann.com.br\/blog\/","name":"Blog do Guelmann","description":"Pitadas da sabedoria e do humor judaicos, assuntos do momento e um pouco das hist\u00f3rias que vivi e testemunhei.","potentialAction":[{"@type":"SearchAction","target":{"@type":"EntryPoint","urlTemplate":"https:\/\/gersonguelmann.com.br\/blog\/?s={search_term_string}"},"query-input":{"@type":"PropertyValueSpecification","valueRequired":true,"valueName":"search_term_string"}}],"inLanguage":"pt-BR"},{"@type":"Person","@id":"https:\/\/gersonguelmann.com.br\/blog\/#\/schema\/person\/87e70e2a786888082f941a482c90569e","name":"Gerson Guelmann","image":{"@type":"ImageObject","inLanguage":"pt-BR","@id":"https:\/\/i0.wp.com\/gersonguelmann.com.br\/blog\/wp-content\/uploads\/2021\/08\/BLOG.jpeg?fit=96%2C96&ssl=1","url":"https:\/\/i0.wp.com\/gersonguelmann.com.br\/blog\/wp-content\/uploads\/2021\/08\/BLOG.jpeg?fit=96%2C96&ssl=1","contentUrl":"https:\/\/i0.wp.com\/gersonguelmann.com.br\/blog\/wp-content\/uploads\/2021\/08\/BLOG.jpeg?fit=96%2C96&ssl=1","caption":"Gerson Guelmann"},"description":"Pitadas da sabedoria e do humor judaicos, assuntos do momento e um pouco das hist\u00f3rias que vivi e testemunhei."}]}},"views":19,"jetpack_publicize_connections":[],"jetpack_featured_media_url":"https:\/\/i0.wp.com\/gersonguelmann.com.br\/blog\/wp-content\/uploads\/2017\/09\/Geddel.jpg?fit=2400%2C1600&ssl=1","jetpack_shortlink":"https:\/\/wp.me\/p96e7O-nC","jetpack-related-posts":[{"id":12672,"url":"https:\/\/gersonguelmann.com.br\/blog\/geddel-continua-em-cana-irmao-e-mamae-viram-reus\/","url_meta":{"origin":1464,"position":0},"title":"Geddel Continua em Cana. Irm\u00e3o e Mam\u00e3e Viram R\u00e9us.","author":"Gerson Guelmann","date":"8 de maio de 2018","format":false,"excerpt":"Duas not\u00edcias boas para encerrar o dia: 1\u00aa - O irm\u00e3o e a m\u00e3e do ex-deputado e ex-ministro Geddel Viera Lima viraram r\u00e9us\u00a0por lavagem de dinheiro e associa\u00e7\u00e3o criminosa, em decis\u00e3o un\u00e2nime da 2\u00aa turma do STF; 2\u00aa - A mesma Turma negou o Habeas Corpus pedido pela defesa de\u2026","rel":"","context":"Em &quot;Sem categoria&quot;","block_context":{"text":"Sem categoria","link":"https:\/\/gersonguelmann.com.br\/blog\/category\/sem-categoria\/"},"img":{"alt_text":"","src":"https:\/\/i0.wp.com\/gersonguelmann.com.br\/blog\/wp-content\/uploads\/2018\/05\/Geddel-1.jpg?resize=350%2C200&ssl=1","width":350,"height":200},"classes":[]},{"id":1522,"url":"https:\/\/gersonguelmann.com.br\/blog\/geddel-nao-esqueca-o-papel\/","url_meta":{"origin":1464,"position":1},"title":"Geddel, N\u00e3o Esque\u00e7a o Papel","author":"Gerson Guelmann","date":"8 de setembro de 2017","format":false,"excerpt":"O sentimento que costumamos ter em rela\u00e7\u00e3o aos ladr\u00f5es do er\u00e1rio \u00e9 o de nojo, indigna\u00e7\u00e3o, desprezo, por a\u00ed. Quando al\u00e9m de canalha o sujeito \u00e9 ganancioso a ponto de guardar 51 milh\u00f5es de reais em um apartamento, sentimos um certo al\u00edvio em saber que ele foi finalmente desmascarado e\u2026","rel":"","context":"Em &quot;Sem categoria&quot;","block_context":{"text":"Sem categoria","link":"https:\/\/gersonguelmann.com.br\/blog\/category\/sem-categoria\/"},"img":{"alt_text":"","src":"https:\/\/i0.wp.com\/gersonguelmann.com.br\/blog\/wp-content\/uploads\/2017\/09\/Len%C3%A7o-de-papel.jpg?fit=1200%2C900&ssl=1&resize=350%2C200","width":350,"height":200,"srcset":"https:\/\/i0.wp.com\/gersonguelmann.com.br\/blog\/wp-content\/uploads\/2017\/09\/Len%C3%A7o-de-papel.jpg?fit=1200%2C900&ssl=1&resize=350%2C200 1x, https:\/\/i0.wp.com\/gersonguelmann.com.br\/blog\/wp-content\/uploads\/2017\/09\/Len%C3%A7o-de-papel.jpg?fit=1200%2C900&ssl=1&resize=525%2C300 1.5x, https:\/\/i0.wp.com\/gersonguelmann.com.br\/blog\/wp-content\/uploads\/2017\/09\/Len%C3%A7o-de-papel.jpg?fit=1200%2C900&ssl=1&resize=700%2C400 2x, https:\/\/i0.wp.com\/gersonguelmann.com.br\/blog\/wp-content\/uploads\/2017\/09\/Len%C3%A7o-de-papel.jpg?fit=1200%2C900&ssl=1&resize=1050%2C600 3x"},"classes":[]},{"id":12664,"url":"https:\/\/gersonguelmann.com.br\/blog\/para-geddel-nos-somos-assim\/","url_meta":{"origin":1464,"position":2},"title":"Para Geddel, N\u00f3s Somos Assim","author":"Gerson Guelmann","date":"8 de maio de 2018","format":false,"excerpt":"Neste momento a A Segunda Turma do Supremo Tribunal Federal (STF) decide se cabe \u00e0 Suprema Corte julgar o ex-ministro Geddel Vieira Lima (PMDB-BA); seu irm\u00e3o, o deputado L\u00facio Vieira Lima (PMDB-BA); e a m\u00e3e de ambos, Marluce Vieira Lima.\u00a0 Geddel \u00e9 aquele sujeito que est\u00e1\u00a0preso desde 8 de setembro\u2026","rel":"","context":"Em &quot;Sem categoria&quot;","block_context":{"text":"Sem categoria","link":"https:\/\/gersonguelmann.com.br\/blog\/category\/sem-categoria\/"},"img":{"alt_text":"","src":"https:\/\/i0.wp.com\/gersonguelmann.com.br\/blog\/wp-content\/uploads\/2018\/05\/Geddel.jpg?fit=1200%2C800&ssl=1&resize=350%2C200","width":350,"height":200,"srcset":"https:\/\/i0.wp.com\/gersonguelmann.com.br\/blog\/wp-content\/uploads\/2018\/05\/Geddel.jpg?fit=1200%2C800&ssl=1&resize=350%2C200 1x, https:\/\/i0.wp.com\/gersonguelmann.com.br\/blog\/wp-content\/uploads\/2018\/05\/Geddel.jpg?fit=1200%2C800&ssl=1&resize=525%2C300 1.5x, https:\/\/i0.wp.com\/gersonguelmann.com.br\/blog\/wp-content\/uploads\/2018\/05\/Geddel.jpg?fit=1200%2C800&ssl=1&resize=700%2C400 2x, https:\/\/i0.wp.com\/gersonguelmann.com.br\/blog\/wp-content\/uploads\/2018\/05\/Geddel.jpg?fit=1200%2C800&ssl=1&resize=1050%2C600 3x"},"classes":[]},{"id":13930,"url":"https:\/\/gersonguelmann.com.br\/blog\/a-salvador-do-menino-do-shopping-e-dos-51-milhoes-de-geddel-tem-algo-em-comum\/","url_meta":{"origin":1464,"position":3},"title":"A Salvador do Menino do Shopping e dos 51 Milh\u00f5es de Geddel T\u00eam Algo Em Comum","author":"Gerson Guelmann","date":"13 de junho de 2018","format":false,"excerpt":"Foto: Reprodu\u00e7\u00e3o Recebi ontem um v\u00eddeo que registrou incidente que aconteceu 2\u00aa feira na pra\u00e7a de alimenta\u00e7\u00e3o de um shopping em Salvador. Um rapaz tentou pagar o almo\u00e7o de menino que perambulava por l\u00e1 e foi impedido por um Seguran\u00e7a, que agiu de forma agressiva com ambos e proibiu a\u2026","rel":"","context":"Em &quot;Sem categoria&quot;","block_context":{"text":"Sem categoria","link":"https:\/\/gersonguelmann.com.br\/blog\/category\/sem-categoria\/"},"img":{"alt_text":"","src":"https:\/\/i0.wp.com\/gersonguelmann.com.br\/blog\/wp-content\/uploads\/2018\/06\/csm_seg001_ed0e474422.jpg?fit=940%2C585&ssl=1&resize=350%2C200","width":350,"height":200,"srcset":"https:\/\/i0.wp.com\/gersonguelmann.com.br\/blog\/wp-content\/uploads\/2018\/06\/csm_seg001_ed0e474422.jpg?fit=940%2C585&ssl=1&resize=350%2C200 1x, https:\/\/i0.wp.com\/gersonguelmann.com.br\/blog\/wp-content\/uploads\/2018\/06\/csm_seg001_ed0e474422.jpg?fit=940%2C585&ssl=1&resize=525%2C300 1.5x, https:\/\/i0.wp.com\/gersonguelmann.com.br\/blog\/wp-content\/uploads\/2018\/06\/csm_seg001_ed0e474422.jpg?fit=940%2C585&ssl=1&resize=700%2C400 2x"},"classes":[]},{"id":6365,"url":"https:\/\/gersonguelmann.com.br\/blog\/mega-da-virada-e-o-geddel\/","url_meta":{"origin":1464,"position":4},"title":"A Mega da Virada e o Geddel","author":"Gerson Guelmann","date":"30 de dezembro de 2017","format":false,"excerpt":"Me ocorreu hoje que o pr\u00eamio previsto para a Mega da Virada \u00e9 de apenas 5 vezes o valor encontrado no apartamento do Geddel em Salvador. Isso nos d\u00e1 a medida do tamanho do roubo que o sacripanta cometeu. N\u00e3o nos esque\u00e7amos que o dinheiro das malas \u00e9 apenas uma\u2026","rel":"","context":"Em &quot;Sem categoria&quot;","block_context":{"text":"Sem categoria","link":"https:\/\/gersonguelmann.com.br\/blog\/category\/sem-categoria\/"},"img":{"alt_text":"","src":"https:\/\/i0.wp.com\/gersonguelmann.com.br\/blog\/wp-content\/uploads\/2017\/12\/PF.jpg?fit=1200%2C647&ssl=1&resize=350%2C200","width":350,"height":200,"srcset":"https:\/\/i0.wp.com\/gersonguelmann.com.br\/blog\/wp-content\/uploads\/2017\/12\/PF.jpg?fit=1200%2C647&ssl=1&resize=350%2C200 1x, https:\/\/i0.wp.com\/gersonguelmann.com.br\/blog\/wp-content\/uploads\/2017\/12\/PF.jpg?fit=1200%2C647&ssl=1&resize=525%2C300 1.5x, https:\/\/i0.wp.com\/gersonguelmann.com.br\/blog\/wp-content\/uploads\/2017\/12\/PF.jpg?fit=1200%2C647&ssl=1&resize=700%2C400 2x, https:\/\/i0.wp.com\/gersonguelmann.com.br\/blog\/wp-content\/uploads\/2017\/12\/PF.jpg?fit=1200%2C647&ssl=1&resize=1050%2C600 3x"},"classes":[]},{"id":2346,"url":"https:\/\/gersonguelmann.com.br\/blog\/cavadores-tuneis-aprendam-com-tio-geddel-roubar-para-profissionais\/","url_meta":{"origin":1464,"position":5},"title":"Cavadores de t\u00faneis, aprendam com o tio Geddel: roubar \u00e9 para profissionais","author":"Gerson Guelmann","date":"3 de outubro de 2017","format":false,"excerpt":"A pol\u00edcia de S\u00e3o Paulo impediu ontem o que poderia ter sido o maior assalto a banco da hist\u00f3ria do pa\u00eds. A pris\u00e3o do grupo de 16 homens interrompeu a constru\u00e7\u00e3o de um t\u00fanel que j\u00e1 tinha 500 metros de extens\u00e3o. A quadrilha fez um investimento de pelo menos R$\u2026","rel":"","context":"Em &quot;Sem categoria&quot;","block_context":{"text":"Sem categoria","link":"https:\/\/gersonguelmann.com.br\/blog\/category\/sem-categoria\/"},"img":{"alt_text":"","src":"https:\/\/i0.wp.com\/gersonguelmann.com.br\/blog\/wp-content\/uploads\/2017\/10\/Tunel.jpg?resize=350%2C200&ssl=1","width":350,"height":200},"classes":[]}],"jetpack_sharing_enabled":true,"post_mailing_queue_ids":[],"_links":{"self":[{"href":"https:\/\/gersonguelmann.com.br\/blog\/wp-json\/wp\/v2\/posts\/1464","targetHints":{"allow":["GET"]}}],"collection":[{"href":"https:\/\/gersonguelmann.com.br\/blog\/wp-json\/wp\/v2\/posts"}],"about":[{"href":"https:\/\/gersonguelmann.com.br\/blog\/wp-json\/wp\/v2\/types\/post"}],"author":[{"embeddable":true,"href":"https:\/\/gersonguelmann.com.br\/blog\/wp-json\/wp\/v2\/users\/5"}],"replies":[{"embeddable":true,"href":"https:\/\/gersonguelmann.com.br\/blog\/wp-json\/wp\/v2\/comments?post=1464"}],"version-history":[{"count":0,"href":"https:\/\/gersonguelmann.com.br\/blog\/wp-json\/wp\/v2\/posts\/1464\/revisions"}],"wp:featuredmedia":[{"embeddable":true,"href":"https:\/\/gersonguelmann.com.br\/blog\/wp-json\/wp\/v2\/media\/1466"}],"wp:attachment":[{"href":"https:\/\/gersonguelmann.com.br\/blog\/wp-json\/wp\/v2\/media?parent=1464"}],"wp:term":[{"taxonomy":"category","embeddable":true,"href":"https:\/\/gersonguelmann.com.br\/blog\/wp-json\/wp\/v2\/categories?post=1464"},{"taxonomy":"post_tag","embeddable":true,"href":"https:\/\/gersonguelmann.com.br\/blog\/wp-json\/wp\/v2\/tags?post=1464"}],"curies":[{"name":"wp","href":"https:\/\/api.w.org\/{rel}","templated":true}]}}