    {"id":1485,"date":"2017-09-07T14:52:09","date_gmt":"2017-09-07T17:52:09","guid":{"rendered":"https:\/\/gersonguelmann.com.br\/blog\/?p=1485"},"modified":"2017-09-07T14:52:09","modified_gmt":"2017-09-07T17:52:09","slug":"concurso-de-startups-levara-empreendedor-brasileiro-israel","status":"publish","type":"post","link":"https:\/\/gersonguelmann.com.br\/blog\/concurso-de-startups-levara-empreendedor-brasileiro-israel\/","title":{"rendered":"Concurso de startups levar\u00e1 empreendedor brasileiro a Israel"},"content":{"rendered":"<header class=\"page-header\">\n<p class=\"page-title\"><span style=\"font-size: 14pt; color: #000000;\"><span style=\"font-family: tahoma, arial, helvetica, sans-serif;\">Encerra-se no pr\u00f3ximo dia 10 o prazo para as inscri\u00e7\u00f5es no <em>Start Jerusalem 2017<\/em>,\u00a0um concurso organizado pelo <em>Minist\u00e9rio das Rela\u00e7\u00f5es Exteriores de Israel<\/em>, pelo <em>Minist\u00e9rio das Rela\u00e7\u00f5es de Jerusal\u00e9m<\/em> e pela <em>Autoridade de Desenvolvimento de Jerusal\u00e9m<\/em>.<\/span><\/span><\/p>\n<\/header>\n<div id=\"primary\" class=\"content-area\">\n<article id=\"post-49\" class=\"post-49 post type-post status-publish format-standard hentry category-sem-categoria\">\n<div class=\"entry-content\">\n<div class=\"_n_j3\">\n<div class=\"conductorContent\">\n<div id=\"primaryContainer\" class=\"_n_e\">\n<div class=\"conductorContent\">\n<div class=\"_n_N\">\n<div class=\"_n_T\" role=\"main\">\n<div class=\"_n_T\">\n<div class=\"_n_U\">\n<div class=\"allowTextSelection\" role=\"document\">\n<div class=\"conductorContent\">\n<div class=\"_rp_f\">\n<div class=\"_rp_f allowTextSelection\">\n<div class=\"_rp_g allowTextSelection scrollContainer\" role=\"region\">\n<div role=\"list\">\n<div role=\"presentation\">\n<div class=\"_rp_a5\">\n<div class=\"_rp_P4 ms-border-color-neutralLight ShowReferenceAttachmentsLinks\">\n<div class=\"_rp_15 _rp_05\">\n<div role=\"document\">\n<div id=\"Item.MessagePartBody\" class=\"_rp_R4\">\n<div id=\"Item.MessageUniqueBody\" class=\"_rp_S4 ms-font-weight-regular ms-font-color-neutralDark rpHighlightAllClass rpHighlightBodyClass\">\n<div class=\"rps_8968\">\n<div dir=\"ltr\">\n<p><span style=\"font-size: 14pt; color: #000000;\"><span lang=\"PT-BR\" style=\"font-family: tahoma, arial, helvetica, sans-serif;\">O evento\u00a0promove a competi\u00e7\u00e3o de\u00a0startups de 30 pa\u00edses pela oportunidade de participar de uma experi\u00eancia intensa de cinco dias no incompar\u00e1vel ecossistema\u00a0de startups de Israel durante um semin\u00e1rio especial.<\/span><\/span><\/p>\n<p><span style=\"font-size: 14pt; color: #000000;\"><span lang=\"PT-BR\" style=\"font-family: tahoma, arial, helvetica, sans-serif;\">A partir do dia 4 de agosto, empreendedores brasileiros poder\u00e3o participar da <em>Start Jerusalem Brasil 2017<\/em>, junto com\u00a0os maiores empreendedores do mundo. <\/span><\/span><\/p>\n<p><span style=\"font-size: 14pt; color: #000000;\"><span lang=\"PT-BR\" style=\"font-family: tahoma, arial, helvetica, sans-serif;\">No Brasil, o concurso \u00e9 uma iniciativa do\u00a0<em>Consulado Geral de Israel em S\u00e3o Paulo<\/em>\u00a0em parceria com a\u00a0<em>Secretaria Municipal de Inova\u00e7\u00e3o e Tecnologia de S\u00e3o Paulo<\/em>.<\/span><\/span><\/p>\n<p><span style=\"font-size: 14pt; color: #000000;\"><span style=\"font-family: tahoma, arial, helvetica, sans-serif;\"><span lang=\"PT-BR\">O<\/span>(a) vencedor(a) viajar\u00e1 para\u00a0<em>Jerusal\u00e9m<\/em>, em <em>Israel<\/em>, entre 5 e 11 de novembro de 2017,\u00a0com tudo pago.<\/span><\/span><\/p>\n<p><span style=\"font-size: 14pt;\"><strong><span style=\"color: #000000;\"><span style=\"font-family: tahoma, arial, helvetica, sans-serif;\"><span lang=\"PT-BR\"><a href=\"https:\/\/docs.google.com\/document\/d\/1hXIIuZy0RCorwAF5Z_ifKVtPTSbxKBnCfEG6oVkApa4\/edit\">Para participar \u00e9 preciso baixar e preencher o formul\u00e1rio (clique aqui)<\/a>\u00a0<\/span><\/span><\/span><\/strong><\/span><\/p>\n<p><span style=\"font-size: 14pt;\"><span style=\"color: #000000;\"><span style=\"font-family: tahoma, arial, helvetica, sans-serif;\"><span lang=\"PT-BR\">e em seguida envi\u00e1-lo para o e-mail <\/span><\/span><\/span><\/span><\/p>\n<p><span style=\"font-size: 14pt;\"><span style=\"color: #000000;\"><span style=\"font-family: tahoma, arial, helvetica, sans-serif;\"><span lang=\"PT-BR\"><strong><a href=\"mailto:startjerusalembrasil@gmail.com\" target=\"_blank\" rel=\"noopener\">startjerusalembrasil@gmail.com<\/a>\u00a0<\/strong><\/span><\/span><\/span><\/span><\/p>\n<p><span style=\"font-size: 14pt; color: #000000;\"><span style=\"font-family: tahoma, arial, helvetica, sans-serif;\">com um v\u00eddeo em ingl\u00eas de at\u00e9 dois minutos\u00a0que contenha a ideia da sua startup. <\/span><\/span><\/p>\n<p><span style=\"font-size: 14pt; color: #000000;\"><span style=\"font-family: tahoma, arial, helvetica, sans-serif;\"><strong>Lembrando: as inscri\u00e7\u00f5es v\u00e3o at\u00e9 o dia\u00a0<span dir=\"RTL\" lang=\"HE\">10<\/span><\/strong><span lang=\"PT-BR\"><strong>\u00a0de setembro de 2017<\/strong>.\u00a0<\/span><\/span><\/span><\/p>\n<\/div>\n<\/div>\n<\/div>\n<\/div>\n<\/div>\n<\/div>\n<\/div>\n<\/div>\n<\/div>\n<\/div>\n<\/div>\n<\/div>\n<\/div>\n<\/div>\n<\/div>\n<\/div>\n<\/div>\n<\/div>\n<\/div>\n<\/div>\n<\/div>\n<\/div>\n<\/div>\n<\/div>\n<\/article>\n<\/div>\n<p><img data-recalc-dims=\"1\" decoding=\"async\" data-attachment-id=\"1486\" data-permalink=\"https:\/\/gersonguelmann.com.br\/blog\/concurso-de-startups-levara-empreendedor-brasileiro-israel\/startup\/\" data-orig-file=\"https:\/\/i0.wp.com\/gersonguelmann.com.br\/blog\/wp-content\/uploads\/2017\/09\/Startup.jpg?fit=763%2C340&amp;ssl=1\" data-orig-size=\"763,340\" data-comments-opened=\"1\" data-image-meta=\"{&quot;aperture&quot;:&quot;0&quot;,&quot;credit&quot;:&quot;&quot;,&quot;camera&quot;:&quot;&quot;,&quot;caption&quot;:&quot;&quot;,&quot;created_timestamp&quot;:&quot;0&quot;,&quot;copyright&quot;:&quot;&quot;,&quot;focal_length&quot;:&quot;0&quot;,&quot;iso&quot;:&quot;0&quot;,&quot;shutter_speed&quot;:&quot;0&quot;,&quot;title&quot;:&quot;&quot;,&quot;orientation&quot;:&quot;0&quot;}\" data-image-title=\"Startup\" data-image-description=\"\" data-image-caption=\"\" data-medium-file=\"https:\/\/i0.wp.com\/gersonguelmann.com.br\/blog\/wp-content\/uploads\/2017\/09\/Startup.jpg?fit=300%2C134&amp;ssl=1\" data-large-file=\"https:\/\/i0.wp.com\/gersonguelmann.com.br\/blog\/wp-content\/uploads\/2017\/09\/Startup.jpg?fit=640%2C285&amp;ssl=1\" class=\"size-medium wp-image-1486 aligncenter\" src=\"https:\/\/i0.wp.com\/gersonguelmann.com.br\/blog\/wp-content\/uploads\/2017\/09\/Startup.jpg?resize=300%2C134&#038;ssl=1\" alt=\"\" width=\"300\" height=\"134\" srcset=\"https:\/\/i0.wp.com\/gersonguelmann.com.br\/blog\/wp-content\/uploads\/2017\/09\/Startup.jpg?resize=300%2C134&amp;ssl=1 300w, https:\/\/i0.wp.com\/gersonguelmann.com.br\/blog\/wp-content\/uploads\/2017\/09\/Startup.jpg?w=763&amp;ssl=1 763w\" sizes=\"(max-width: 300px) 100vw, 300px\" \/><\/p>\n","protected":false},"excerpt":{"rendered":"<p>Encerra-se no pr\u00f3ximo dia 10 o prazo para as inscri\u00e7\u00f5es no Start Jerusalem 2017,\u00a0um concurso organizado pelo Minist\u00e9rio das Rela\u00e7\u00f5es Exteriores de Israel, pelo Minist\u00e9rio das Rela\u00e7\u00f5es de Jerusal\u00e9m e pela Autoridade de Desenvolvimento de Jerusal\u00e9m. O evento\u00a0promove a competi\u00e7\u00e3o de\u00a0startups de 30 pa\u00edses pela oportunidade de participar de uma experi\u00eancia intensa de cinco dias [&hellip;]<\/p>\n","protected":false},"author":5,"featured_media":1486,"comment_status":"open","ping_status":"open","sticky":false,"template":"","format":"standard","meta":{"_acf_changed":false,"jetpack_post_was_ever_published":false,"_jetpack_newsletter_access":"","_jetpack_dont_email_post_to_subs":false,"_jetpack_newsletter_tier_id":0,"_jetpack_memberships_contains_paywalled_content":false,"_jetpack_memberships_contains_paid_content":false,"footnotes":"","jetpack_publicize_message":"","jetpack_publicize_feature_enabled":true,"jetpack_social_post_already_shared":true,"jetpack_social_options":{"image_generator_settings":{"template":"highway","default_image_id":0,"font":"","enabled":false},"version":2}},"categories":[1],"tags":[],"class_list":["post-1485","post","type-post","status-publish","format-standard","has-post-thumbnail","hentry","category-sem-categoria"],"acf":[],"yoast_head":"<!-- This site is optimized with the Yoast SEO plugin v27.3 - https:\/\/yoast.com\/product\/yoast-seo-wordpress\/ -->\n<title>Concurso de startups levar\u00e1 empreendedor brasileiro a Israel | Blog do Guelmann<\/title>\n<meta name=\"robots\" content=\"index, follow, max-snippet:-1, max-image-preview:large, max-video-preview:-1\" \/>\n<link rel=\"canonical\" href=\"https:\/\/gersonguelmann.com.br\/blog\/concurso-de-startups-levara-empreendedor-brasileiro-israel\/\" \/>\n<meta property=\"og:locale\" content=\"pt_BR\" \/>\n<meta property=\"og:type\" content=\"article\" \/>\n<meta property=\"og:title\" content=\"Concurso de startups levar\u00e1 empreendedor brasileiro a Israel | Blog do Guelmann\" \/>\n<meta property=\"og:description\" content=\"Encerra-se no pr\u00f3ximo dia 10 o prazo para as inscri\u00e7\u00f5es no Start Jerusalem 2017,\u00a0um concurso organizado pelo Minist\u00e9rio das Rela\u00e7\u00f5es Exteriores de Israel, pelo Minist\u00e9rio das Rela\u00e7\u00f5es de Jerusal\u00e9m e pela Autoridade de Desenvolvimento de Jerusal\u00e9m. O evento\u00a0promove a competi\u00e7\u00e3o de\u00a0startups de 30 pa\u00edses pela oportunidade de participar de uma experi\u00eancia intensa de cinco dias [&hellip;]\" \/>\n<meta property=\"og:url\" content=\"https:\/\/gersonguelmann.com.br\/blog\/concurso-de-startups-levara-empreendedor-brasileiro-israel\/\" \/>\n<meta property=\"og:site_name\" content=\"Blog do Guelmann\" \/>\n<meta property=\"article:published_time\" content=\"2017-09-07T17:52:09+00:00\" \/>\n<meta property=\"og:image\" content=\"https:\/\/i0.wp.com\/gersonguelmann.com.br\/blog\/wp-content\/uploads\/2017\/09\/Startup.jpg?fit=763%2C340&ssl=1\" \/>\n\t<meta property=\"og:image:width\" content=\"763\" \/>\n\t<meta property=\"og:image:height\" content=\"340\" \/>\n\t<meta property=\"og:image:type\" content=\"image\/jpeg\" \/>\n<meta name=\"author\" content=\"Gerson Guelmann\" \/>\n<meta name=\"twitter:card\" content=\"summary_large_image\" \/>\n<meta name=\"twitter:label1\" content=\"Escrito por\" \/>\n\t<meta name=\"twitter:data1\" content=\"Gerson Guelmann\" \/>\n\t<meta name=\"twitter:label2\" content=\"Est. tempo de leitura\" \/>\n\t<meta name=\"twitter:data2\" content=\"1 minuto\" \/>\n<script type=\"application\/ld+json\" class=\"yoast-schema-graph\">{\"@context\":\"https:\\\/\\\/schema.org\",\"@graph\":[{\"@type\":\"Article\",\"@id\":\"https:\\\/\\\/gersonguelmann.com.br\\\/blog\\\/concurso-de-startups-levara-empreendedor-brasileiro-israel\\\/#article\",\"isPartOf\":{\"@id\":\"https:\\\/\\\/gersonguelmann.com.br\\\/blog\\\/concurso-de-startups-levara-empreendedor-brasileiro-israel\\\/\"},\"author\":{\"name\":\"Gerson Guelmann\",\"@id\":\"https:\\\/\\\/gersonguelmann.com.br\\\/blog\\\/#\\\/schema\\\/person\\\/87e70e2a786888082f941a482c90569e\"},\"headline\":\"Concurso de startups levar\u00e1 empreendedor brasileiro a Israel\",\"datePublished\":\"2017-09-07T17:52:09+00:00\",\"mainEntityOfPage\":{\"@id\":\"https:\\\/\\\/gersonguelmann.com.br\\\/blog\\\/concurso-de-startups-levara-empreendedor-brasileiro-israel\\\/\"},\"wordCount\":209,\"commentCount\":0,\"image\":{\"@id\":\"https:\\\/\\\/gersonguelmann.com.br\\\/blog\\\/concurso-de-startups-levara-empreendedor-brasileiro-israel\\\/#primaryimage\"},\"thumbnailUrl\":\"https:\\\/\\\/i0.wp.com\\\/gersonguelmann.com.br\\\/blog\\\/wp-content\\\/uploads\\\/2017\\\/09\\\/Startup.jpg?fit=763%2C340&ssl=1\",\"inLanguage\":\"pt-BR\",\"potentialAction\":[{\"@type\":\"CommentAction\",\"name\":\"Comment\",\"target\":[\"https:\\\/\\\/gersonguelmann.com.br\\\/blog\\\/concurso-de-startups-levara-empreendedor-brasileiro-israel\\\/#respond\"]}]},{\"@type\":\"WebPage\",\"@id\":\"https:\\\/\\\/gersonguelmann.com.br\\\/blog\\\/concurso-de-startups-levara-empreendedor-brasileiro-israel\\\/\",\"url\":\"https:\\\/\\\/gersonguelmann.com.br\\\/blog\\\/concurso-de-startups-levara-empreendedor-brasileiro-israel\\\/\",\"name\":\"Concurso de startups levar\u00e1 empreendedor brasileiro a Israel | Blog do Guelmann\",\"isPartOf\":{\"@id\":\"https:\\\/\\\/gersonguelmann.com.br\\\/blog\\\/#website\"},\"primaryImageOfPage\":{\"@id\":\"https:\\\/\\\/gersonguelmann.com.br\\\/blog\\\/concurso-de-startups-levara-empreendedor-brasileiro-israel\\\/#primaryimage\"},\"image\":{\"@id\":\"https:\\\/\\\/gersonguelmann.com.br\\\/blog\\\/concurso-de-startups-levara-empreendedor-brasileiro-israel\\\/#primaryimage\"},\"thumbnailUrl\":\"https:\\\/\\\/i0.wp.com\\\/gersonguelmann.com.br\\\/blog\\\/wp-content\\\/uploads\\\/2017\\\/09\\\/Startup.jpg?fit=763%2C340&ssl=1\",\"datePublished\":\"2017-09-07T17:52:09+00:00\",\"author\":{\"@id\":\"https:\\\/\\\/gersonguelmann.com.br\\\/blog\\\/#\\\/schema\\\/person\\\/87e70e2a786888082f941a482c90569e\"},\"inLanguage\":\"pt-BR\",\"potentialAction\":[{\"@type\":\"ReadAction\",\"target\":[\"https:\\\/\\\/gersonguelmann.com.br\\\/blog\\\/concurso-de-startups-levara-empreendedor-brasileiro-israel\\\/\"]}]},{\"@type\":\"ImageObject\",\"inLanguage\":\"pt-BR\",\"@id\":\"https:\\\/\\\/gersonguelmann.com.br\\\/blog\\\/concurso-de-startups-levara-empreendedor-brasileiro-israel\\\/#primaryimage\",\"url\":\"https:\\\/\\\/i0.wp.com\\\/gersonguelmann.com.br\\\/blog\\\/wp-content\\\/uploads\\\/2017\\\/09\\\/Startup.jpg?fit=763%2C340&ssl=1\",\"contentUrl\":\"https:\\\/\\\/i0.wp.com\\\/gersonguelmann.com.br\\\/blog\\\/wp-content\\\/uploads\\\/2017\\\/09\\\/Startup.jpg?fit=763%2C340&ssl=1\",\"width\":763,\"height\":340},{\"@type\":\"WebSite\",\"@id\":\"https:\\\/\\\/gersonguelmann.com.br\\\/blog\\\/#website\",\"url\":\"https:\\\/\\\/gersonguelmann.com.br\\\/blog\\\/\",\"name\":\"Blog do Guelmann\",\"description\":\"Pitadas da sabedoria e do humor judaicos, assuntos do momento e um pouco das hist\u00f3rias que vivi e testemunhei.\",\"potentialAction\":[{\"@type\":\"SearchAction\",\"target\":{\"@type\":\"EntryPoint\",\"urlTemplate\":\"https:\\\/\\\/gersonguelmann.com.br\\\/blog\\\/?s={search_term_string}\"},\"query-input\":{\"@type\":\"PropertyValueSpecification\",\"valueRequired\":true,\"valueName\":\"search_term_string\"}}],\"inLanguage\":\"pt-BR\"},{\"@type\":\"Person\",\"@id\":\"https:\\\/\\\/gersonguelmann.com.br\\\/blog\\\/#\\\/schema\\\/person\\\/87e70e2a786888082f941a482c90569e\",\"name\":\"Gerson Guelmann\",\"image\":{\"@type\":\"ImageObject\",\"inLanguage\":\"pt-BR\",\"@id\":\"https:\\\/\\\/i0.wp.com\\\/gersonguelmann.com.br\\\/blog\\\/wp-content\\\/uploads\\\/2021\\\/08\\\/BLOG.jpeg?fit=96%2C96&ssl=1\",\"url\":\"https:\\\/\\\/i0.wp.com\\\/gersonguelmann.com.br\\\/blog\\\/wp-content\\\/uploads\\\/2021\\\/08\\\/BLOG.jpeg?fit=96%2C96&ssl=1\",\"contentUrl\":\"https:\\\/\\\/i0.wp.com\\\/gersonguelmann.com.br\\\/blog\\\/wp-content\\\/uploads\\\/2021\\\/08\\\/BLOG.jpeg?fit=96%2C96&ssl=1\",\"caption\":\"Gerson Guelmann\"},\"description\":\"Pitadas da sabedoria e do humor judaicos, assuntos do momento e um pouco das hist\u00f3rias que vivi e testemunhei.\"}]}<\/script>\n<!-- \/ Yoast SEO plugin. -->","yoast_head_json":{"title":"Concurso de startups levar\u00e1 empreendedor brasileiro a Israel | Blog do Guelmann","robots":{"index":"index","follow":"follow","max-snippet":"max-snippet:-1","max-image-preview":"max-image-preview:large","max-video-preview":"max-video-preview:-1"},"canonical":"https:\/\/gersonguelmann.com.br\/blog\/concurso-de-startups-levara-empreendedor-brasileiro-israel\/","og_locale":"pt_BR","og_type":"article","og_title":"Concurso de startups levar\u00e1 empreendedor brasileiro a Israel | Blog do Guelmann","og_description":"Encerra-se no pr\u00f3ximo dia 10 o prazo para as inscri\u00e7\u00f5es no Start Jerusalem 2017,\u00a0um concurso organizado pelo Minist\u00e9rio das Rela\u00e7\u00f5es Exteriores de Israel, pelo Minist\u00e9rio das Rela\u00e7\u00f5es de Jerusal\u00e9m e pela Autoridade de Desenvolvimento de Jerusal\u00e9m. O evento\u00a0promove a competi\u00e7\u00e3o de\u00a0startups de 30 pa\u00edses pela oportunidade de participar de uma experi\u00eancia intensa de cinco dias [&hellip;]","og_url":"https:\/\/gersonguelmann.com.br\/blog\/concurso-de-startups-levara-empreendedor-brasileiro-israel\/","og_site_name":"Blog do Guelmann","article_published_time":"2017-09-07T17:52:09+00:00","og_image":[{"width":763,"height":340,"url":"https:\/\/i0.wp.com\/gersonguelmann.com.br\/blog\/wp-content\/uploads\/2017\/09\/Startup.jpg?fit=763%2C340&ssl=1","type":"image\/jpeg"}],"author":"Gerson Guelmann","twitter_card":"summary_large_image","twitter_misc":{"Escrito por":"Gerson Guelmann","Est. tempo de leitura":"1 minuto"},"schema":{"@context":"https:\/\/schema.org","@graph":[{"@type":"Article","@id":"https:\/\/gersonguelmann.com.br\/blog\/concurso-de-startups-levara-empreendedor-brasileiro-israel\/#article","isPartOf":{"@id":"https:\/\/gersonguelmann.com.br\/blog\/concurso-de-startups-levara-empreendedor-brasileiro-israel\/"},"author":{"name":"Gerson Guelmann","@id":"https:\/\/gersonguelmann.com.br\/blog\/#\/schema\/person\/87e70e2a786888082f941a482c90569e"},"headline":"Concurso de startups levar\u00e1 empreendedor brasileiro a Israel","datePublished":"2017-09-07T17:52:09+00:00","mainEntityOfPage":{"@id":"https:\/\/gersonguelmann.com.br\/blog\/concurso-de-startups-levara-empreendedor-brasileiro-israel\/"},"wordCount":209,"commentCount":0,"image":{"@id":"https:\/\/gersonguelmann.com.br\/blog\/concurso-de-startups-levara-empreendedor-brasileiro-israel\/#primaryimage"},"thumbnailUrl":"https:\/\/i0.wp.com\/gersonguelmann.com.br\/blog\/wp-content\/uploads\/2017\/09\/Startup.jpg?fit=763%2C340&ssl=1","inLanguage":"pt-BR","potentialAction":[{"@type":"CommentAction","name":"Comment","target":["https:\/\/gersonguelmann.com.br\/blog\/concurso-de-startups-levara-empreendedor-brasileiro-israel\/#respond"]}]},{"@type":"WebPage","@id":"https:\/\/gersonguelmann.com.br\/blog\/concurso-de-startups-levara-empreendedor-brasileiro-israel\/","url":"https:\/\/gersonguelmann.com.br\/blog\/concurso-de-startups-levara-empreendedor-brasileiro-israel\/","name":"Concurso de startups levar\u00e1 empreendedor brasileiro a Israel | Blog do Guelmann","isPartOf":{"@id":"https:\/\/gersonguelmann.com.br\/blog\/#website"},"primaryImageOfPage":{"@id":"https:\/\/gersonguelmann.com.br\/blog\/concurso-de-startups-levara-empreendedor-brasileiro-israel\/#primaryimage"},"image":{"@id":"https:\/\/gersonguelmann.com.br\/blog\/concurso-de-startups-levara-empreendedor-brasileiro-israel\/#primaryimage"},"thumbnailUrl":"https:\/\/i0.wp.com\/gersonguelmann.com.br\/blog\/wp-content\/uploads\/2017\/09\/Startup.jpg?fit=763%2C340&ssl=1","datePublished":"2017-09-07T17:52:09+00:00","author":{"@id":"https:\/\/gersonguelmann.com.br\/blog\/#\/schema\/person\/87e70e2a786888082f941a482c90569e"},"inLanguage":"pt-BR","potentialAction":[{"@type":"ReadAction","target":["https:\/\/gersonguelmann.com.br\/blog\/concurso-de-startups-levara-empreendedor-brasileiro-israel\/"]}]},{"@type":"ImageObject","inLanguage":"pt-BR","@id":"https:\/\/gersonguelmann.com.br\/blog\/concurso-de-startups-levara-empreendedor-brasileiro-israel\/#primaryimage","url":"https:\/\/i0.wp.com\/gersonguelmann.com.br\/blog\/wp-content\/uploads\/2017\/09\/Startup.jpg?fit=763%2C340&ssl=1","contentUrl":"https:\/\/i0.wp.com\/gersonguelmann.com.br\/blog\/wp-content\/uploads\/2017\/09\/Startup.jpg?fit=763%2C340&ssl=1","width":763,"height":340},{"@type":"WebSite","@id":"https:\/\/gersonguelmann.com.br\/blog\/#website","url":"https:\/\/gersonguelmann.com.br\/blog\/","name":"Blog do Guelmann","description":"Pitadas da sabedoria e do humor judaicos, assuntos do momento e um pouco das hist\u00f3rias que vivi e testemunhei.","potentialAction":[{"@type":"SearchAction","target":{"@type":"EntryPoint","urlTemplate":"https:\/\/gersonguelmann.com.br\/blog\/?s={search_term_string}"},"query-input":{"@type":"PropertyValueSpecification","valueRequired":true,"valueName":"search_term_string"}}],"inLanguage":"pt-BR"},{"@type":"Person","@id":"https:\/\/gersonguelmann.com.br\/blog\/#\/schema\/person\/87e70e2a786888082f941a482c90569e","name":"Gerson Guelmann","image":{"@type":"ImageObject","inLanguage":"pt-BR","@id":"https:\/\/i0.wp.com\/gersonguelmann.com.br\/blog\/wp-content\/uploads\/2021\/08\/BLOG.jpeg?fit=96%2C96&ssl=1","url":"https:\/\/i0.wp.com\/gersonguelmann.com.br\/blog\/wp-content\/uploads\/2021\/08\/BLOG.jpeg?fit=96%2C96&ssl=1","contentUrl":"https:\/\/i0.wp.com\/gersonguelmann.com.br\/blog\/wp-content\/uploads\/2021\/08\/BLOG.jpeg?fit=96%2C96&ssl=1","caption":"Gerson Guelmann"},"description":"Pitadas da sabedoria e do humor judaicos, assuntos do momento e um pouco das hist\u00f3rias que vivi e testemunhei."}]}},"views":29,"jetpack_publicize_connections":[],"jetpack_featured_media_url":"https:\/\/i0.wp.com\/gersonguelmann.com.br\/blog\/wp-content\/uploads\/2017\/09\/Startup.jpg?fit=763%2C340&ssl=1","jetpack_shortlink":"https:\/\/wp.me\/p96e7O-nX","jetpack-related-posts":[{"id":21754,"url":"https:\/\/gersonguelmann.com.br\/blog\/em-israel-a-pergunta-o-que-os-brasileiros-vieram-fazer-aqui\/","url_meta":{"origin":1485,"position":0},"title":"Em Israel, a Pergunta: O Que Os Brasileiros Vieram Fazer Aqui?","author":"Gerson Guelmann","date":"13 de mar\u00e7o de 2021","format":false,"excerpt":"Voc\u00ea j\u00e1 teve ter ouvido falar em \"manobra diversionista\". Diversionismo, segundo o dicion\u00e1rio que consultei, \u00e9 \"uma manobra ou estrat\u00e9gia usada para desviar a aten\u00e7\u00e3o do que est\u00e1 em discuss\u00e3o, geralmente em contextos pol\u00edticos; aquilo que serve para enganar ou esconder = cortina de fuma\u00e7a\" (*) Essa foi a palavra\u2026","rel":"","context":"Em &quot;Sem categoria&quot;","block_context":{"text":"Sem categoria","link":"https:\/\/gersonguelmann.com.br\/blog\/category\/sem-categoria\/"},"img":{"alt_text":"","src":"https:\/\/i0.wp.com\/gersonguelmann.com.br\/blog\/wp-content\/uploads\/2021\/03\/AnyConv.com__DK.jpeg?fit=1024%2C638&ssl=1&resize=350%2C200","width":350,"height":200,"srcset":"https:\/\/i0.wp.com\/gersonguelmann.com.br\/blog\/wp-content\/uploads\/2021\/03\/AnyConv.com__DK.jpeg?fit=1024%2C638&ssl=1&resize=350%2C200 1x, https:\/\/i0.wp.com\/gersonguelmann.com.br\/blog\/wp-content\/uploads\/2021\/03\/AnyConv.com__DK.jpeg?fit=1024%2C638&ssl=1&resize=525%2C300 1.5x, https:\/\/i0.wp.com\/gersonguelmann.com.br\/blog\/wp-content\/uploads\/2021\/03\/AnyConv.com__DK.jpeg?fit=1024%2C638&ssl=1&resize=700%2C400 2x"},"classes":[]},{"id":15954,"url":"https:\/\/gersonguelmann.com.br\/blog\/israel-na-lua-assista-o-lancamento-do-foguete\/","url_meta":{"origin":1485,"position":1},"title":"Israel na Lua &#8211; Assista o Lan\u00e7amento do Foguete","author":"Gerson Guelmann","date":"21 de fevereiro de 2019","format":false,"excerpt":"As\u00a022h45 de hoje, hor\u00e1rio de Bras\u00edlia (03h45 em Jerusal\u00e9m) um foguete Falcon 9 ser\u00e1 lan\u00e7ado em Cabo Canaveral com uma nave de constru\u00e7\u00e3o israelense. Batizada de Beresheet, o nome em hebraico do livro G\u00eanesis da B\u00edblia, a sonda foi constru\u00edda pela empresa SpaceIL de\u00a0Israel, com investimentos liderados pelo bilion\u00e1rio sul-africano\u2026","rel":"","context":"Em &quot;Sem categoria&quot;","block_context":{"text":"Sem categoria","link":"https:\/\/gersonguelmann.com.br\/blog\/category\/sem-categoria\/"},"img":{"alt_text":"","src":"https:\/\/i0.wp.com\/gersonguelmann.com.br\/blog\/wp-content\/uploads\/2019\/02\/Beresheet.jpg?fit=620%2C620&ssl=1&resize=350%2C200","width":350,"height":200,"srcset":"https:\/\/i0.wp.com\/gersonguelmann.com.br\/blog\/wp-content\/uploads\/2019\/02\/Beresheet.jpg?fit=620%2C620&ssl=1&resize=350%2C200 1x, https:\/\/i0.wp.com\/gersonguelmann.com.br\/blog\/wp-content\/uploads\/2019\/02\/Beresheet.jpg?fit=620%2C620&ssl=1&resize=525%2C300 1.5x"},"classes":[]},{"id":17599,"url":"https:\/\/gersonguelmann.com.br\/blog\/para-analisar-embaixadores-brasileiros-nos-eua-nos-ultimos-30-anos\/","url_meta":{"origin":1485,"position":2},"title":"Para Analisar: Embaixadores Brasileiros nos EUA nos \u00daltimos 30 Anos","author":"Gerson Guelmann","date":"19 de julho de 2019","format":false,"excerpt":"Em meio \u00e0 celeuma criada pela indica\u00e7\u00e3o do filho do Presidente Bolsonaro para a Embaixada do Brasil junto ao governo norte-americano, recebi a lista dos diplomatas que ocuparam aquele cargo nos \u00faltimos 30 anos. N\u00e3o est\u00e1 em discuss\u00e3o a linha ideol\u00f3gica dos Embaixadores mencionados, sendo natural supor que eles fossem\u2026","rel":"","context":"Em &quot;Sem categoria&quot;","block_context":{"text":"Sem categoria","link":"https:\/\/gersonguelmann.com.br\/blog\/category\/sem-categoria\/"},"img":{"alt_text":"","src":"https:\/\/i0.wp.com\/gersonguelmann.com.br\/blog\/wp-content\/uploads\/2019\/07\/Embaixada.jpg?fit=1200%2C803&ssl=1&resize=350%2C200","width":350,"height":200,"srcset":"https:\/\/i0.wp.com\/gersonguelmann.com.br\/blog\/wp-content\/uploads\/2019\/07\/Embaixada.jpg?fit=1200%2C803&ssl=1&resize=350%2C200 1x, https:\/\/i0.wp.com\/gersonguelmann.com.br\/blog\/wp-content\/uploads\/2019\/07\/Embaixada.jpg?fit=1200%2C803&ssl=1&resize=525%2C300 1.5x, https:\/\/i0.wp.com\/gersonguelmann.com.br\/blog\/wp-content\/uploads\/2019\/07\/Embaixada.jpg?fit=1200%2C803&ssl=1&resize=700%2C400 2x, https:\/\/i0.wp.com\/gersonguelmann.com.br\/blog\/wp-content\/uploads\/2019\/07\/Embaixada.jpg?fit=1200%2C803&ssl=1&resize=1050%2C600 3x"},"classes":[]},{"id":22183,"url":"https:\/\/gersonguelmann.com.br\/blog\/se-eu-esquecer-de-ti-jerusalem\/","url_meta":{"origin":1485,"position":3},"title":"Se Eu Esquecer de Ti Jerusal\u00e9m","author":"Gerson Guelmann","date":"12 de maio de 2021","format":false,"excerpt":"Foto: Toa Heftiba - Unsplash \"Se eu me esquecer de ti, \u00f3 Jerusal\u00e9m, que minha m\u00e3o direita perca sua destreza; e que minha l\u00edngua fique grudada ao c\u00e9u da boca se n\u00e3o me lembrar de ti, se n\u00e3o fizer de Jerusal\u00e9m minha maior alegria\". Salmos 137:5-6 Estes tem sido dias\u2026","rel":"","context":"Em &quot;Sem categoria&quot;","block_context":{"text":"Sem categoria","link":"https:\/\/gersonguelmann.com.br\/blog\/category\/sem-categoria\/"},"img":{"alt_text":"","src":"https:\/\/i0.wp.com\/gersonguelmann.com.br\/blog\/wp-content\/uploads\/2021\/05\/JERUSALEM-scaled.jpg?fit=800%2C1200&ssl=1&resize=350%2C200","width":350,"height":200,"srcset":"https:\/\/i0.wp.com\/gersonguelmann.com.br\/blog\/wp-content\/uploads\/2021\/05\/JERUSALEM-scaled.jpg?fit=800%2C1200&ssl=1&resize=350%2C200 1x, https:\/\/i0.wp.com\/gersonguelmann.com.br\/blog\/wp-content\/uploads\/2021\/05\/JERUSALEM-scaled.jpg?fit=800%2C1200&ssl=1&resize=525%2C300 1.5x, https:\/\/i0.wp.com\/gersonguelmann.com.br\/blog\/wp-content\/uploads\/2021\/05\/JERUSALEM-scaled.jpg?fit=800%2C1200&ssl=1&resize=700%2C400 2x"},"classes":[]},{"id":13094,"url":"https:\/\/gersonguelmann.com.br\/blog\/paraguai-e-o-terceiro-pais-a-inaugurar-embaixada-em-jerusalem\/","url_meta":{"origin":1485,"position":4},"title":"Paraguai \u00e9 o Terceiro Pa\u00eds a Inaugurar Embaixada em Jerusal\u00e9m","author":"Gerson Guelmann","date":"21 de maio de 2018","format":false,"excerpt":"Da revista VEJA, publicado h\u00e1 pouco: \u00a0 O presidente paraguaio Horacio Cartes cumprimenta o primeiro-ministro israelense Benjamin Netanyahu durante uma reuni\u00e3o no gabinete do primeiro-ministro em Jerusal\u00e9m, ap\u00f3s a cerim\u00f4nia de inaugura\u00e7\u00e3o da embaixada do Paraguai na capital de Israel - 21\/05\/2018\u00a0(Sebastian Scheiner\/Pool\/Reuters) \u00a0 Mundo Presidente do Paraguai inaugura embaixada\u2026","rel":"","context":"Em &quot;Sem categoria&quot;","block_context":{"text":"Sem categoria","link":"https:\/\/gersonguelmann.com.br\/blog\/category\/sem-categoria\/"},"img":{"alt_text":"","src":"https:\/\/i0.wp.com\/gersonguelmann.com.br\/blog\/wp-content\/uploads\/2018\/05\/mundo-embaixada-paraguaia-jerusalem.jpg?fit=680%2C453&ssl=1&resize=350%2C200","width":350,"height":200,"srcset":"https:\/\/i0.wp.com\/gersonguelmann.com.br\/blog\/wp-content\/uploads\/2018\/05\/mundo-embaixada-paraguaia-jerusalem.jpg?fit=680%2C453&ssl=1&resize=350%2C200 1x, https:\/\/i0.wp.com\/gersonguelmann.com.br\/blog\/wp-content\/uploads\/2018\/05\/mundo-embaixada-paraguaia-jerusalem.jpg?fit=680%2C453&ssl=1&resize=525%2C300 1.5x"},"classes":[]},{"id":14381,"url":"https:\/\/gersonguelmann.com.br\/blog\/israel-trata-sirios-feridos-a-midia-mal-intencionada-ignora\/","url_meta":{"origin":1485,"position":5},"title":"Israel Trata S\u00edrios Feridos. A M\u00eddia Mal Intencionada Ignora.","author":"Gerson Guelmann","date":"30 de junho de 2018","format":false,"excerpt":"N\u00e3o \u00e9 a primeira que fugitivos da vizinha S\u00edria s\u00e3o acolhidos em Israel para tratamento m\u00e9dico. Tamb\u00e9m \u00e9 absolutamente previs\u00edvel que isso continuar\u00e1 acontecendo, na medida em que o d\u00e9spota Bashar Hafez\u00a0al-Assad, apoiado pelo Ir\u00e3, continue executando o genoc\u00eddio contra seu pr\u00f3prio povo. O jornal\u00a0The Jerusalem Post publicou hoje mat\u00e9ria\u2026","rel":"","context":"Em &quot;Sem categoria&quot;","block_context":{"text":"Sem categoria","link":"https:\/\/gersonguelmann.com.br\/blog\/category\/sem-categoria\/"},"img":{"alt_text":"","src":"https:\/\/i0.wp.com\/gersonguelmann.com.br\/blog\/wp-content\/uploads\/2018\/06\/download-9.jpg?resize=350%2C200&ssl=1","width":350,"height":200},"classes":[]}],"jetpack_sharing_enabled":true,"post_mailing_queue_ids":[],"_links":{"self":[{"href":"https:\/\/gersonguelmann.com.br\/blog\/wp-json\/wp\/v2\/posts\/1485","targetHints":{"allow":["GET"]}}],"collection":[{"href":"https:\/\/gersonguelmann.com.br\/blog\/wp-json\/wp\/v2\/posts"}],"about":[{"href":"https:\/\/gersonguelmann.com.br\/blog\/wp-json\/wp\/v2\/types\/post"}],"author":[{"embeddable":true,"href":"https:\/\/gersonguelmann.com.br\/blog\/wp-json\/wp\/v2\/users\/5"}],"replies":[{"embeddable":true,"href":"https:\/\/gersonguelmann.com.br\/blog\/wp-json\/wp\/v2\/comments?post=1485"}],"version-history":[{"count":0,"href":"https:\/\/gersonguelmann.com.br\/blog\/wp-json\/wp\/v2\/posts\/1485\/revisions"}],"wp:featuredmedia":[{"embeddable":true,"href":"https:\/\/gersonguelmann.com.br\/blog\/wp-json\/wp\/v2\/media\/1486"}],"wp:attachment":[{"href":"https:\/\/gersonguelmann.com.br\/blog\/wp-json\/wp\/v2\/media?parent=1485"}],"wp:term":[{"taxonomy":"category","embeddable":true,"href":"https:\/\/gersonguelmann.com.br\/blog\/wp-json\/wp\/v2\/categories?post=1485"},{"taxonomy":"post_tag","embeddable":true,"href":"https:\/\/gersonguelmann.com.br\/blog\/wp-json\/wp\/v2\/tags?post=1485"}],"curies":[{"name":"wp","href":"https:\/\/api.w.org\/{rel}","templated":true}]}}