    {"id":1522,"date":"2017-09-08T14:47:17","date_gmt":"2017-09-08T17:47:17","guid":{"rendered":"https:\/\/gersonguelmann.com.br\/blog\/?p=1522"},"modified":"2017-09-08T14:53:19","modified_gmt":"2017-09-08T17:53:19","slug":"geddel-nao-esqueca-o-papel","status":"publish","type":"post","link":"https:\/\/gersonguelmann.com.br\/blog\/geddel-nao-esqueca-o-papel\/","title":{"rendered":"Geddel, N\u00e3o Esque\u00e7a o Papel"},"content":{"rendered":"<p>O sentimento que costumamos ter em rela\u00e7\u00e3o aos ladr\u00f5es do er\u00e1rio \u00e9 o de nojo, indigna\u00e7\u00e3o, desprezo, por a\u00ed.<\/p>\n<p>Quando al\u00e9m de canalha o sujeito \u00e9 ganancioso a ponto de guardar 51 milh\u00f5es de reais em um apartamento, sentimos um certo al\u00edvio em saber que ele foi finalmente desmascarado e chegamos a rir do idiota, n\u00e3o?<\/p>\n<p>Neste momento o Geddel est\u00e1 a caminho da Pris\u00e3o da Papuda. Ironicamente no avi\u00e3o da Pol\u00edcia Federal est\u00e1 indo a grana que ele tirou da sa\u00fade e da educa\u00e7\u00e3o dos Brasileiros.<\/p>\n<p>Ent\u00e3o, como ele j\u00e1 chorou quando foi preso a primeira vez e agora ter\u00e1 muito mais motivos para chorar, resta esperar que n\u00e3o tenha esquecido de levar um bom estoque de len\u00e7os de papel.<\/p>\n<p><img data-recalc-dims=\"1\" fetchpriority=\"high\" decoding=\"async\" data-attachment-id=\"1523\" data-permalink=\"https:\/\/gersonguelmann.com.br\/blog\/geddel-nao-esqueca-o-papel\/lenco-de-papel\/\" data-orig-file=\"https:\/\/i0.wp.com\/gersonguelmann.com.br\/blog\/wp-content\/uploads\/2017\/09\/Len%C3%A7o-de-papel.jpg?fit=4000%2C3000&amp;ssl=1\" data-orig-size=\"4000,3000\" data-comments-opened=\"1\" data-image-meta=\"{&quot;aperture&quot;:&quot;0&quot;,&quot;credit&quot;:&quot;&quot;,&quot;camera&quot;:&quot;&quot;,&quot;caption&quot;:&quot;&quot;,&quot;created_timestamp&quot;:&quot;0&quot;,&quot;copyright&quot;:&quot;&quot;,&quot;focal_length&quot;:&quot;0&quot;,&quot;iso&quot;:&quot;0&quot;,&quot;shutter_speed&quot;:&quot;0&quot;,&quot;title&quot;:&quot;&quot;,&quot;orientation&quot;:&quot;0&quot;}\" data-image-title=\"Len\u00e7o de papel\" data-image-description=\"\" data-image-caption=\"\" data-medium-file=\"https:\/\/i0.wp.com\/gersonguelmann.com.br\/blog\/wp-content\/uploads\/2017\/09\/Len%C3%A7o-de-papel.jpg?fit=300%2C225&amp;ssl=1\" data-large-file=\"https:\/\/i0.wp.com\/gersonguelmann.com.br\/blog\/wp-content\/uploads\/2017\/09\/Len%C3%A7o-de-papel.jpg?fit=640%2C480&amp;ssl=1\" class=\"size-medium wp-image-1523 aligncenter\" src=\"https:\/\/i0.wp.com\/gersonguelmann.com.br\/blog\/wp-content\/uploads\/2017\/09\/Len%C3%A7o-de-papel.jpg?resize=300%2C225&#038;ssl=1\" alt=\"\" width=\"300\" height=\"225\" srcset=\"https:\/\/i0.wp.com\/gersonguelmann.com.br\/blog\/wp-content\/uploads\/2017\/09\/Len%C3%A7o-de-papel.jpg?resize=300%2C225&amp;ssl=1 300w, https:\/\/i0.wp.com\/gersonguelmann.com.br\/blog\/wp-content\/uploads\/2017\/09\/Len%C3%A7o-de-papel.jpg?resize=768%2C576&amp;ssl=1 768w, https:\/\/i0.wp.com\/gersonguelmann.com.br\/blog\/wp-content\/uploads\/2017\/09\/Len%C3%A7o-de-papel.jpg?resize=1024%2C768&amp;ssl=1 1024w, https:\/\/i0.wp.com\/gersonguelmann.com.br\/blog\/wp-content\/uploads\/2017\/09\/Len%C3%A7o-de-papel.jpg?w=1280&amp;ssl=1 1280w, https:\/\/i0.wp.com\/gersonguelmann.com.br\/blog\/wp-content\/uploads\/2017\/09\/Len%C3%A7o-de-papel.jpg?w=1920&amp;ssl=1 1920w\" sizes=\"(max-width: 300px) 100vw, 300px\" \/><\/p>\n","protected":false},"excerpt":{"rendered":"<p>O sentimento que costumamos ter em rela\u00e7\u00e3o aos ladr\u00f5es do er\u00e1rio \u00e9 o de nojo, indigna\u00e7\u00e3o, desprezo, por a\u00ed. Quando al\u00e9m de canalha o sujeito \u00e9 ganancioso a ponto de guardar 51 milh\u00f5es de reais em um apartamento, sentimos um certo al\u00edvio em saber que ele foi finalmente desmascarado e chegamos a rir do idiota, [&hellip;]<\/p>\n","protected":false},"author":5,"featured_media":1523,"comment_status":"open","ping_status":"open","sticky":false,"template":"","format":"standard","meta":{"_acf_changed":false,"jetpack_post_was_ever_published":false,"_jetpack_newsletter_access":"","_jetpack_dont_email_post_to_subs":false,"_jetpack_newsletter_tier_id":0,"_jetpack_memberships_contains_paywalled_content":false,"_jetpack_memberships_contains_paid_content":false,"footnotes":"","jetpack_publicize_message":"","jetpack_publicize_feature_enabled":true,"jetpack_social_post_already_shared":true,"jetpack_social_options":{"image_generator_settings":{"template":"highway","default_image_id":0,"font":"","enabled":false},"version":2}},"categories":[1],"tags":[],"class_list":["post-1522","post","type-post","status-publish","format-standard","has-post-thumbnail","hentry","category-sem-categoria"],"acf":[],"yoast_head":"<!-- This site is optimized with the Yoast SEO plugin v27.3 - https:\/\/yoast.com\/product\/yoast-seo-wordpress\/ -->\n<title>Geddel, N\u00e3o Esque\u00e7a o Papel | Blog do Guelmann<\/title>\n<meta name=\"robots\" content=\"index, follow, max-snippet:-1, max-image-preview:large, max-video-preview:-1\" \/>\n<link rel=\"canonical\" href=\"https:\/\/gersonguelmann.com.br\/blog\/geddel-nao-esqueca-o-papel\/\" \/>\n<meta property=\"og:locale\" content=\"pt_BR\" \/>\n<meta property=\"og:type\" content=\"article\" \/>\n<meta property=\"og:title\" content=\"Geddel, N\u00e3o Esque\u00e7a o Papel | Blog do Guelmann\" \/>\n<meta property=\"og:description\" content=\"O sentimento que costumamos ter em rela\u00e7\u00e3o aos ladr\u00f5es do er\u00e1rio \u00e9 o de nojo, indigna\u00e7\u00e3o, desprezo, por a\u00ed. Quando al\u00e9m de canalha o sujeito \u00e9 ganancioso a ponto de guardar 51 milh\u00f5es de reais em um apartamento, sentimos um certo al\u00edvio em saber que ele foi finalmente desmascarado e chegamos a rir do idiota, [&hellip;]\" \/>\n<meta property=\"og:url\" content=\"https:\/\/gersonguelmann.com.br\/blog\/geddel-nao-esqueca-o-papel\/\" \/>\n<meta property=\"og:site_name\" content=\"Blog do Guelmann\" \/>\n<meta property=\"article:published_time\" content=\"2017-09-08T17:47:17+00:00\" \/>\n<meta property=\"article:modified_time\" content=\"2017-09-08T17:53:19+00:00\" \/>\n<meta property=\"og:image\" content=\"https:\/\/gersonguelmann.com.br\/blog\/wp-content\/uploads\/2017\/09\/Len\u00e7o-de-papel-1024x768.jpg\" \/>\n\t<meta property=\"og:image:width\" content=\"1024\" \/>\n\t<meta property=\"og:image:height\" content=\"768\" \/>\n\t<meta property=\"og:image:type\" content=\"image\/jpeg\" \/>\n<meta name=\"author\" content=\"Gerson Guelmann\" \/>\n<meta name=\"twitter:card\" content=\"summary_large_image\" \/>\n<meta name=\"twitter:label1\" content=\"Escrito por\" \/>\n\t<meta name=\"twitter:data1\" content=\"Gerson Guelmann\" \/>\n\t<meta name=\"twitter:label2\" content=\"Est. tempo de leitura\" \/>\n\t<meta name=\"twitter:data2\" content=\"1 minuto\" \/>\n<script type=\"application\/ld+json\" class=\"yoast-schema-graph\">{\"@context\":\"https:\\\/\\\/schema.org\",\"@graph\":[{\"@type\":\"Article\",\"@id\":\"https:\\\/\\\/gersonguelmann.com.br\\\/blog\\\/geddel-nao-esqueca-o-papel\\\/#article\",\"isPartOf\":{\"@id\":\"https:\\\/\\\/gersonguelmann.com.br\\\/blog\\\/geddel-nao-esqueca-o-papel\\\/\"},\"author\":{\"name\":\"Gerson Guelmann\",\"@id\":\"https:\\\/\\\/gersonguelmann.com.br\\\/blog\\\/#\\\/schema\\\/person\\\/87e70e2a786888082f941a482c90569e\"},\"headline\":\"Geddel, N\u00e3o Esque\u00e7a o Papel\",\"datePublished\":\"2017-09-08T17:47:17+00:00\",\"dateModified\":\"2017-09-08T17:53:19+00:00\",\"mainEntityOfPage\":{\"@id\":\"https:\\\/\\\/gersonguelmann.com.br\\\/blog\\\/geddel-nao-esqueca-o-papel\\\/\"},\"wordCount\":141,\"commentCount\":0,\"image\":{\"@id\":\"https:\\\/\\\/gersonguelmann.com.br\\\/blog\\\/geddel-nao-esqueca-o-papel\\\/#primaryimage\"},\"thumbnailUrl\":\"https:\\\/\\\/i0.wp.com\\\/gersonguelmann.com.br\\\/blog\\\/wp-content\\\/uploads\\\/2017\\\/09\\\/Len%C3%A7o-de-papel.jpg?fit=4000%2C3000&ssl=1\",\"inLanguage\":\"pt-BR\",\"potentialAction\":[{\"@type\":\"CommentAction\",\"name\":\"Comment\",\"target\":[\"https:\\\/\\\/gersonguelmann.com.br\\\/blog\\\/geddel-nao-esqueca-o-papel\\\/#respond\"]}]},{\"@type\":\"WebPage\",\"@id\":\"https:\\\/\\\/gersonguelmann.com.br\\\/blog\\\/geddel-nao-esqueca-o-papel\\\/\",\"url\":\"https:\\\/\\\/gersonguelmann.com.br\\\/blog\\\/geddel-nao-esqueca-o-papel\\\/\",\"name\":\"Geddel, N\u00e3o Esque\u00e7a o Papel | Blog do Guelmann\",\"isPartOf\":{\"@id\":\"https:\\\/\\\/gersonguelmann.com.br\\\/blog\\\/#website\"},\"primaryImageOfPage\":{\"@id\":\"https:\\\/\\\/gersonguelmann.com.br\\\/blog\\\/geddel-nao-esqueca-o-papel\\\/#primaryimage\"},\"image\":{\"@id\":\"https:\\\/\\\/gersonguelmann.com.br\\\/blog\\\/geddel-nao-esqueca-o-papel\\\/#primaryimage\"},\"thumbnailUrl\":\"https:\\\/\\\/i0.wp.com\\\/gersonguelmann.com.br\\\/blog\\\/wp-content\\\/uploads\\\/2017\\\/09\\\/Len%C3%A7o-de-papel.jpg?fit=4000%2C3000&ssl=1\",\"datePublished\":\"2017-09-08T17:47:17+00:00\",\"dateModified\":\"2017-09-08T17:53:19+00:00\",\"author\":{\"@id\":\"https:\\\/\\\/gersonguelmann.com.br\\\/blog\\\/#\\\/schema\\\/person\\\/87e70e2a786888082f941a482c90569e\"},\"inLanguage\":\"pt-BR\",\"potentialAction\":[{\"@type\":\"ReadAction\",\"target\":[\"https:\\\/\\\/gersonguelmann.com.br\\\/blog\\\/geddel-nao-esqueca-o-papel\\\/\"]}]},{\"@type\":\"ImageObject\",\"inLanguage\":\"pt-BR\",\"@id\":\"https:\\\/\\\/gersonguelmann.com.br\\\/blog\\\/geddel-nao-esqueca-o-papel\\\/#primaryimage\",\"url\":\"https:\\\/\\\/i0.wp.com\\\/gersonguelmann.com.br\\\/blog\\\/wp-content\\\/uploads\\\/2017\\\/09\\\/Len%C3%A7o-de-papel.jpg?fit=4000%2C3000&ssl=1\",\"contentUrl\":\"https:\\\/\\\/i0.wp.com\\\/gersonguelmann.com.br\\\/blog\\\/wp-content\\\/uploads\\\/2017\\\/09\\\/Len%C3%A7o-de-papel.jpg?fit=4000%2C3000&ssl=1\",\"width\":4000,\"height\":3000},{\"@type\":\"WebSite\",\"@id\":\"https:\\\/\\\/gersonguelmann.com.br\\\/blog\\\/#website\",\"url\":\"https:\\\/\\\/gersonguelmann.com.br\\\/blog\\\/\",\"name\":\"Blog do Guelmann\",\"description\":\"Pitadas da sabedoria e do humor judaicos, assuntos do momento e um pouco das hist\u00f3rias que vivi e testemunhei.\",\"potentialAction\":[{\"@type\":\"SearchAction\",\"target\":{\"@type\":\"EntryPoint\",\"urlTemplate\":\"https:\\\/\\\/gersonguelmann.com.br\\\/blog\\\/?s={search_term_string}\"},\"query-input\":{\"@type\":\"PropertyValueSpecification\",\"valueRequired\":true,\"valueName\":\"search_term_string\"}}],\"inLanguage\":\"pt-BR\"},{\"@type\":\"Person\",\"@id\":\"https:\\\/\\\/gersonguelmann.com.br\\\/blog\\\/#\\\/schema\\\/person\\\/87e70e2a786888082f941a482c90569e\",\"name\":\"Gerson Guelmann\",\"image\":{\"@type\":\"ImageObject\",\"inLanguage\":\"pt-BR\",\"@id\":\"https:\\\/\\\/i0.wp.com\\\/gersonguelmann.com.br\\\/blog\\\/wp-content\\\/uploads\\\/2021\\\/08\\\/BLOG.jpeg?fit=96%2C96&ssl=1\",\"url\":\"https:\\\/\\\/i0.wp.com\\\/gersonguelmann.com.br\\\/blog\\\/wp-content\\\/uploads\\\/2021\\\/08\\\/BLOG.jpeg?fit=96%2C96&ssl=1\",\"contentUrl\":\"https:\\\/\\\/i0.wp.com\\\/gersonguelmann.com.br\\\/blog\\\/wp-content\\\/uploads\\\/2021\\\/08\\\/BLOG.jpeg?fit=96%2C96&ssl=1\",\"caption\":\"Gerson Guelmann\"},\"description\":\"Pitadas da sabedoria e do humor judaicos, assuntos do momento e um pouco das hist\u00f3rias que vivi e testemunhei.\"}]}<\/script>\n<!-- \/ Yoast SEO plugin. -->","yoast_head_json":{"title":"Geddel, N\u00e3o Esque\u00e7a o Papel | Blog do Guelmann","robots":{"index":"index","follow":"follow","max-snippet":"max-snippet:-1","max-image-preview":"max-image-preview:large","max-video-preview":"max-video-preview:-1"},"canonical":"https:\/\/gersonguelmann.com.br\/blog\/geddel-nao-esqueca-o-papel\/","og_locale":"pt_BR","og_type":"article","og_title":"Geddel, N\u00e3o Esque\u00e7a o Papel | Blog do Guelmann","og_description":"O sentimento que costumamos ter em rela\u00e7\u00e3o aos ladr\u00f5es do er\u00e1rio \u00e9 o de nojo, indigna\u00e7\u00e3o, desprezo, por a\u00ed. Quando al\u00e9m de canalha o sujeito \u00e9 ganancioso a ponto de guardar 51 milh\u00f5es de reais em um apartamento, sentimos um certo al\u00edvio em saber que ele foi finalmente desmascarado e chegamos a rir do idiota, [&hellip;]","og_url":"https:\/\/gersonguelmann.com.br\/blog\/geddel-nao-esqueca-o-papel\/","og_site_name":"Blog do Guelmann","article_published_time":"2017-09-08T17:47:17+00:00","article_modified_time":"2017-09-08T17:53:19+00:00","og_image":[{"width":1024,"height":768,"url":"https:\/\/gersonguelmann.com.br\/blog\/wp-content\/uploads\/2017\/09\/Len\u00e7o-de-papel-1024x768.jpg","type":"image\/jpeg"}],"author":"Gerson Guelmann","twitter_card":"summary_large_image","twitter_misc":{"Escrito por":"Gerson Guelmann","Est. tempo de leitura":"1 minuto"},"schema":{"@context":"https:\/\/schema.org","@graph":[{"@type":"Article","@id":"https:\/\/gersonguelmann.com.br\/blog\/geddel-nao-esqueca-o-papel\/#article","isPartOf":{"@id":"https:\/\/gersonguelmann.com.br\/blog\/geddel-nao-esqueca-o-papel\/"},"author":{"name":"Gerson Guelmann","@id":"https:\/\/gersonguelmann.com.br\/blog\/#\/schema\/person\/87e70e2a786888082f941a482c90569e"},"headline":"Geddel, N\u00e3o Esque\u00e7a o Papel","datePublished":"2017-09-08T17:47:17+00:00","dateModified":"2017-09-08T17:53:19+00:00","mainEntityOfPage":{"@id":"https:\/\/gersonguelmann.com.br\/blog\/geddel-nao-esqueca-o-papel\/"},"wordCount":141,"commentCount":0,"image":{"@id":"https:\/\/gersonguelmann.com.br\/blog\/geddel-nao-esqueca-o-papel\/#primaryimage"},"thumbnailUrl":"https:\/\/i0.wp.com\/gersonguelmann.com.br\/blog\/wp-content\/uploads\/2017\/09\/Len%C3%A7o-de-papel.jpg?fit=4000%2C3000&ssl=1","inLanguage":"pt-BR","potentialAction":[{"@type":"CommentAction","name":"Comment","target":["https:\/\/gersonguelmann.com.br\/blog\/geddel-nao-esqueca-o-papel\/#respond"]}]},{"@type":"WebPage","@id":"https:\/\/gersonguelmann.com.br\/blog\/geddel-nao-esqueca-o-papel\/","url":"https:\/\/gersonguelmann.com.br\/blog\/geddel-nao-esqueca-o-papel\/","name":"Geddel, N\u00e3o Esque\u00e7a o Papel | Blog do Guelmann","isPartOf":{"@id":"https:\/\/gersonguelmann.com.br\/blog\/#website"},"primaryImageOfPage":{"@id":"https:\/\/gersonguelmann.com.br\/blog\/geddel-nao-esqueca-o-papel\/#primaryimage"},"image":{"@id":"https:\/\/gersonguelmann.com.br\/blog\/geddel-nao-esqueca-o-papel\/#primaryimage"},"thumbnailUrl":"https:\/\/i0.wp.com\/gersonguelmann.com.br\/blog\/wp-content\/uploads\/2017\/09\/Len%C3%A7o-de-papel.jpg?fit=4000%2C3000&ssl=1","datePublished":"2017-09-08T17:47:17+00:00","dateModified":"2017-09-08T17:53:19+00:00","author":{"@id":"https:\/\/gersonguelmann.com.br\/blog\/#\/schema\/person\/87e70e2a786888082f941a482c90569e"},"inLanguage":"pt-BR","potentialAction":[{"@type":"ReadAction","target":["https:\/\/gersonguelmann.com.br\/blog\/geddel-nao-esqueca-o-papel\/"]}]},{"@type":"ImageObject","inLanguage":"pt-BR","@id":"https:\/\/gersonguelmann.com.br\/blog\/geddel-nao-esqueca-o-papel\/#primaryimage","url":"https:\/\/i0.wp.com\/gersonguelmann.com.br\/blog\/wp-content\/uploads\/2017\/09\/Len%C3%A7o-de-papel.jpg?fit=4000%2C3000&ssl=1","contentUrl":"https:\/\/i0.wp.com\/gersonguelmann.com.br\/blog\/wp-content\/uploads\/2017\/09\/Len%C3%A7o-de-papel.jpg?fit=4000%2C3000&ssl=1","width":4000,"height":3000},{"@type":"WebSite","@id":"https:\/\/gersonguelmann.com.br\/blog\/#website","url":"https:\/\/gersonguelmann.com.br\/blog\/","name":"Blog do Guelmann","description":"Pitadas da sabedoria e do humor judaicos, assuntos do momento e um pouco das hist\u00f3rias que vivi e testemunhei.","potentialAction":[{"@type":"SearchAction","target":{"@type":"EntryPoint","urlTemplate":"https:\/\/gersonguelmann.com.br\/blog\/?s={search_term_string}"},"query-input":{"@type":"PropertyValueSpecification","valueRequired":true,"valueName":"search_term_string"}}],"inLanguage":"pt-BR"},{"@type":"Person","@id":"https:\/\/gersonguelmann.com.br\/blog\/#\/schema\/person\/87e70e2a786888082f941a482c90569e","name":"Gerson Guelmann","image":{"@type":"ImageObject","inLanguage":"pt-BR","@id":"https:\/\/i0.wp.com\/gersonguelmann.com.br\/blog\/wp-content\/uploads\/2021\/08\/BLOG.jpeg?fit=96%2C96&ssl=1","url":"https:\/\/i0.wp.com\/gersonguelmann.com.br\/blog\/wp-content\/uploads\/2021\/08\/BLOG.jpeg?fit=96%2C96&ssl=1","contentUrl":"https:\/\/i0.wp.com\/gersonguelmann.com.br\/blog\/wp-content\/uploads\/2021\/08\/BLOG.jpeg?fit=96%2C96&ssl=1","caption":"Gerson Guelmann"},"description":"Pitadas da sabedoria e do humor judaicos, assuntos do momento e um pouco das hist\u00f3rias que vivi e testemunhei."}]}},"views":30,"jetpack_publicize_connections":[],"jetpack_featured_media_url":"https:\/\/i0.wp.com\/gersonguelmann.com.br\/blog\/wp-content\/uploads\/2017\/09\/Len%C3%A7o-de-papel.jpg?fit=4000%2C3000&ssl=1","jetpack_shortlink":"https:\/\/wp.me\/p96e7O-oy","jetpack-related-posts":[{"id":6365,"url":"https:\/\/gersonguelmann.com.br\/blog\/mega-da-virada-e-o-geddel\/","url_meta":{"origin":1522,"position":0},"title":"A Mega da Virada e o Geddel","author":"Gerson Guelmann","date":"30 de dezembro de 2017","format":false,"excerpt":"Me ocorreu hoje que o pr\u00eamio previsto para a Mega da Virada \u00e9 de apenas 5 vezes o valor encontrado no apartamento do Geddel em Salvador. Isso nos d\u00e1 a medida do tamanho do roubo que o sacripanta cometeu. N\u00e3o nos esque\u00e7amos que o dinheiro das malas \u00e9 apenas uma\u2026","rel":"","context":"Em &quot;Sem categoria&quot;","block_context":{"text":"Sem categoria","link":"https:\/\/gersonguelmann.com.br\/blog\/category\/sem-categoria\/"},"img":{"alt_text":"","src":"https:\/\/i0.wp.com\/gersonguelmann.com.br\/blog\/wp-content\/uploads\/2017\/12\/PF.jpg?fit=1200%2C647&ssl=1&resize=350%2C200","width":350,"height":200,"srcset":"https:\/\/i0.wp.com\/gersonguelmann.com.br\/blog\/wp-content\/uploads\/2017\/12\/PF.jpg?fit=1200%2C647&ssl=1&resize=350%2C200 1x, https:\/\/i0.wp.com\/gersonguelmann.com.br\/blog\/wp-content\/uploads\/2017\/12\/PF.jpg?fit=1200%2C647&ssl=1&resize=525%2C300 1.5x, https:\/\/i0.wp.com\/gersonguelmann.com.br\/blog\/wp-content\/uploads\/2017\/12\/PF.jpg?fit=1200%2C647&ssl=1&resize=700%2C400 2x, https:\/\/i0.wp.com\/gersonguelmann.com.br\/blog\/wp-content\/uploads\/2017\/12\/PF.jpg?fit=1200%2C647&ssl=1&resize=1050%2C600 3x"},"classes":[]},{"id":1464,"url":"https:\/\/gersonguelmann.com.br\/blog\/dois-momentos-que-enriqueceram-o-ja-rico-prontuario-de-geddel\/","url_meta":{"origin":1522,"position":1},"title":"Dois momentos que enriqueceram o j\u00e1 rico prontu\u00e1rio de Geddel","author":"Gerson Guelmann","date":"6 de setembro de 2017","format":false,"excerpt":"Compartilho dois v\u00eddeos extremamente enriquecedores para quem deseja conhecer o car\u00e1ter de Geddel Vieira Lima. Geddel come\u00e7ou a ser investigado em janeiro \u00faltimo na opera\u00e7\u00e3o \"Cui Bono\"\u00a0 da Pol\u00edcia Federal, com base em informa\u00e7\u00f5es encontradas em um celular que era usado pelo deputado cassado Eduardo Cunha, atualmente condenado e preso.\u00a0\u2026","rel":"","context":"Em &quot;Sem categoria&quot;","block_context":{"text":"Sem categoria","link":"https:\/\/gersonguelmann.com.br\/blog\/category\/sem-categoria\/"},"img":{"alt_text":"","src":"https:\/\/i0.wp.com\/gersonguelmann.com.br\/blog\/wp-content\/uploads\/2017\/09\/Geddel.jpg?fit=1200%2C800&ssl=1&resize=350%2C200","width":350,"height":200,"srcset":"https:\/\/i0.wp.com\/gersonguelmann.com.br\/blog\/wp-content\/uploads\/2017\/09\/Geddel.jpg?fit=1200%2C800&ssl=1&resize=350%2C200 1x, https:\/\/i0.wp.com\/gersonguelmann.com.br\/blog\/wp-content\/uploads\/2017\/09\/Geddel.jpg?fit=1200%2C800&ssl=1&resize=525%2C300 1.5x, https:\/\/i0.wp.com\/gersonguelmann.com.br\/blog\/wp-content\/uploads\/2017\/09\/Geddel.jpg?fit=1200%2C800&ssl=1&resize=700%2C400 2x, https:\/\/i0.wp.com\/gersonguelmann.com.br\/blog\/wp-content\/uploads\/2017\/09\/Geddel.jpg?fit=1200%2C800&ssl=1&resize=1050%2C600 3x"},"classes":[]},{"id":13269,"url":"https:\/\/gersonguelmann.com.br\/blog\/moro-nega-pedido-do-pt-e-diz-que-lula-tem-fotos-com-aecio-e-geddel\/","url_meta":{"origin":1522,"position":2},"title":"Moro Nega Pedido do PT e  Diz Que Lula Tem Fotos Com A\u00e9cio e Geddel","author":"Gerson Guelmann","date":"24 de maio de 2018","format":false,"excerpt":"Do site do UOL: Do UOL, em S\u00e3o Paulo 24\/05\/2018 - 20h11 > Atualizada 24\/05\/2018 - 20h37 Moro (\u00e0 dir.) tirou foto com Doria em evento em Nova Iorque Em despacho publicado nesta quinta (24), o juiz federal Sergio Moro negou um pedido realizado pela defesa do ex-presidente Luiz In\u00e1cio\u2026","rel":"","context":"Em &quot;Sem categoria&quot;","block_context":{"text":"Sem categoria","link":"https:\/\/gersonguelmann.com.br\/blog\/category\/sem-categoria\/"},"img":{"alt_text":"","src":"https:\/\/i0.wp.com\/gersonguelmann.com.br\/blog\/wp-content\/uploads\/2018\/05\/noite-de-gala.jpg?fit=615%2C300&ssl=1&resize=350%2C200","width":350,"height":200,"srcset":"https:\/\/i0.wp.com\/gersonguelmann.com.br\/blog\/wp-content\/uploads\/2018\/05\/noite-de-gala.jpg?fit=615%2C300&ssl=1&resize=350%2C200 1x, https:\/\/i0.wp.com\/gersonguelmann.com.br\/blog\/wp-content\/uploads\/2018\/05\/noite-de-gala.jpg?fit=615%2C300&ssl=1&resize=525%2C300 1.5x"},"classes":[]},{"id":14088,"url":"https:\/\/gersonguelmann.com.br\/blog\/na-papuda-enquanto-o-brasil-empatava\/","url_meta":{"origin":1522,"position":3},"title":"Na Papuda, Enquanto o Brasil Empatava&#8230;","author":"Gerson Guelmann","date":"18 de junho de 2018","format":false,"excerpt":"No pres\u00eddio da Papuda, em Brasilia, ontem, a Pol\u00edcia Civil do Distrito Federal fez uma inspe\u00e7\u00e3o na cela ocupada pelo ex-senador Luiz Estev\u00e3o e pelo ex-ministro Jos\u00e9 Dirceu. De acordo com as not\u00edcias o mandado concedido pela Justi\u00e7a tamb\u00e9m permitiu que a cela onde est\u00e1 o ex-ministro Geddel Lima fosse\u2026","rel":"","context":"Em &quot;Sem categoria&quot;","block_context":{"text":"Sem categoria","link":"https:\/\/gersonguelmann.com.br\/blog\/category\/sem-categoria\/"},"img":{"alt_text":"","src":"https:\/\/i0.wp.com\/gersonguelmann.com.br\/blog\/wp-content\/uploads\/2018\/06\/Papuda.jpg?fit=1200%2C675&ssl=1&resize=350%2C200","width":350,"height":200,"srcset":"https:\/\/i0.wp.com\/gersonguelmann.com.br\/blog\/wp-content\/uploads\/2018\/06\/Papuda.jpg?fit=1200%2C675&ssl=1&resize=350%2C200 1x, https:\/\/i0.wp.com\/gersonguelmann.com.br\/blog\/wp-content\/uploads\/2018\/06\/Papuda.jpg?fit=1200%2C675&ssl=1&resize=525%2C300 1.5x, https:\/\/i0.wp.com\/gersonguelmann.com.br\/blog\/wp-content\/uploads\/2018\/06\/Papuda.jpg?fit=1200%2C675&ssl=1&resize=700%2C400 2x, https:\/\/i0.wp.com\/gersonguelmann.com.br\/blog\/wp-content\/uploads\/2018\/06\/Papuda.jpg?fit=1200%2C675&ssl=1&resize=1050%2C600 3x"},"classes":[]},{"id":13930,"url":"https:\/\/gersonguelmann.com.br\/blog\/a-salvador-do-menino-do-shopping-e-dos-51-milhoes-de-geddel-tem-algo-em-comum\/","url_meta":{"origin":1522,"position":4},"title":"A Salvador do Menino do Shopping e dos 51 Milh\u00f5es de Geddel T\u00eam Algo Em Comum","author":"Gerson Guelmann","date":"13 de junho de 2018","format":false,"excerpt":"Foto: Reprodu\u00e7\u00e3o Recebi ontem um v\u00eddeo que registrou incidente que aconteceu 2\u00aa feira na pra\u00e7a de alimenta\u00e7\u00e3o de um shopping em Salvador. Um rapaz tentou pagar o almo\u00e7o de menino que perambulava por l\u00e1 e foi impedido por um Seguran\u00e7a, que agiu de forma agressiva com ambos e proibiu a\u2026","rel":"","context":"Em &quot;Sem categoria&quot;","block_context":{"text":"Sem categoria","link":"https:\/\/gersonguelmann.com.br\/blog\/category\/sem-categoria\/"},"img":{"alt_text":"","src":"https:\/\/i0.wp.com\/gersonguelmann.com.br\/blog\/wp-content\/uploads\/2018\/06\/csm_seg001_ed0e474422.jpg?fit=940%2C585&ssl=1&resize=350%2C200","width":350,"height":200,"srcset":"https:\/\/i0.wp.com\/gersonguelmann.com.br\/blog\/wp-content\/uploads\/2018\/06\/csm_seg001_ed0e474422.jpg?fit=940%2C585&ssl=1&resize=350%2C200 1x, https:\/\/i0.wp.com\/gersonguelmann.com.br\/blog\/wp-content\/uploads\/2018\/06\/csm_seg001_ed0e474422.jpg?fit=940%2C585&ssl=1&resize=525%2C300 1.5x, https:\/\/i0.wp.com\/gersonguelmann.com.br\/blog\/wp-content\/uploads\/2018\/06\/csm_seg001_ed0e474422.jpg?fit=940%2C585&ssl=1&resize=700%2C400 2x"},"classes":[]},{"id":12746,"url":"https:\/\/gersonguelmann.com.br\/blog\/o-irmao-do-geddel-sumiu-imagine-se-estivesse-com-a-grana\/","url_meta":{"origin":1522,"position":5},"title":"O Irm\u00e3o do Geddel Sumiu. Imagine Se Estivesse Com a Grana&#8230;","author":"Gerson Guelmann","date":"10 de maio de 2018","format":false,"excerpt":"A Isto\u00c9 informa: BRASIL Irm\u00e3o de Geddel \u2018some\u2019 e Conselho de \u00c9tica o notifica pelo Di\u00e1rio Oficial O \u201csumi\u00e7o\u201d do deputado L\u00facio Vieira Lima (MDB-BA) obrigou o Conselho de \u00c9tica da C\u00e2mara a notific\u00e1-lo por meio dos di\u00e1rios oficiais da Uni\u00e3o e da C\u00e2mara sobre o processo em que responde\u2026","rel":"","context":"Em &quot;Sem categoria&quot;","block_context":{"text":"Sem categoria","link":"https:\/\/gersonguelmann.com.br\/blog\/category\/sem-categoria\/"},"img":{"alt_text":"","src":"https:\/\/i0.wp.com\/gersonguelmann.com.br\/blog\/wp-content\/uploads\/2018\/05\/LVL.jpg?fit=868%2C644&ssl=1&resize=350%2C200","width":350,"height":200,"srcset":"https:\/\/i0.wp.com\/gersonguelmann.com.br\/blog\/wp-content\/uploads\/2018\/05\/LVL.jpg?fit=868%2C644&ssl=1&resize=350%2C200 1x, https:\/\/i0.wp.com\/gersonguelmann.com.br\/blog\/wp-content\/uploads\/2018\/05\/LVL.jpg?fit=868%2C644&ssl=1&resize=525%2C300 1.5x, https:\/\/i0.wp.com\/gersonguelmann.com.br\/blog\/wp-content\/uploads\/2018\/05\/LVL.jpg?fit=868%2C644&ssl=1&resize=700%2C400 2x"},"classes":[]}],"jetpack_sharing_enabled":true,"post_mailing_queue_ids":[],"_links":{"self":[{"href":"https:\/\/gersonguelmann.com.br\/blog\/wp-json\/wp\/v2\/posts\/1522","targetHints":{"allow":["GET"]}}],"collection":[{"href":"https:\/\/gersonguelmann.com.br\/blog\/wp-json\/wp\/v2\/posts"}],"about":[{"href":"https:\/\/gersonguelmann.com.br\/blog\/wp-json\/wp\/v2\/types\/post"}],"author":[{"embeddable":true,"href":"https:\/\/gersonguelmann.com.br\/blog\/wp-json\/wp\/v2\/users\/5"}],"replies":[{"embeddable":true,"href":"https:\/\/gersonguelmann.com.br\/blog\/wp-json\/wp\/v2\/comments?post=1522"}],"version-history":[{"count":0,"href":"https:\/\/gersonguelmann.com.br\/blog\/wp-json\/wp\/v2\/posts\/1522\/revisions"}],"wp:featuredmedia":[{"embeddable":true,"href":"https:\/\/gersonguelmann.com.br\/blog\/wp-json\/wp\/v2\/media\/1523"}],"wp:attachment":[{"href":"https:\/\/gersonguelmann.com.br\/blog\/wp-json\/wp\/v2\/media?parent=1522"}],"wp:term":[{"taxonomy":"category","embeddable":true,"href":"https:\/\/gersonguelmann.com.br\/blog\/wp-json\/wp\/v2\/categories?post=1522"},{"taxonomy":"post_tag","embeddable":true,"href":"https:\/\/gersonguelmann.com.br\/blog\/wp-json\/wp\/v2\/tags?post=1522"}],"curies":[{"name":"wp","href":"https:\/\/api.w.org\/{rel}","templated":true}]}}