    {"id":1526,"date":"2017-09-08T15:15:55","date_gmt":"2017-09-08T18:15:55","guid":{"rendered":"https:\/\/gersonguelmann.com.br\/blog\/?p=1526"},"modified":"2017-09-08T15:15:55","modified_gmt":"2017-09-08T18:15:55","slug":"urgente-ajude-salvar-uma-vida","status":"publish","type":"post","link":"https:\/\/gersonguelmann.com.br\/blog\/urgente-ajude-salvar-uma-vida\/","title":{"rendered":"URGENTE &#8211; Ajude a Salvar uma Vida"},"content":{"rendered":"<p><span style=\"font-family: tahoma, arial, helvetica, sans-serif; font-size: 14pt; color: #000000;\">Compartilho pedido de doa\u00e7\u00e3o de sangue em car\u00e1ter de urg\u00eancia. Em raz\u00e3o do feriado prolongado aqui em Curitiba, \u00e9 importante repassar ao maior n\u00b0 de pessoas:<\/span><\/p>\n<p><span style=\"font-size: 14pt;\"><em><span style=\"font-family: tahoma, arial, helvetica, sans-serif; color: #000000;\">&#8220;O nome da pessoa \u00e9 <strong>Renata Pastro<\/strong> e est\u00e1 internada no <strong>Hospital Nossa Senhora das Gra\u00e7as<\/strong> aqui em Curitiba.<\/span><\/em><\/span><br \/>\n<span style=\"font-size: 14pt;\"><em><span style=\"font-family: tahoma, arial, helvetica, sans-serif; color: #000000;\">Ela descobriu a leucemia em Janeiro\/17, j\u00e1 fez qu\u00edmio mas a leucemia voltou com tudo e agora fez uma infec\u00e7\u00e3o f\u00fangica.<\/span><\/em><\/span><br \/>\n<span style=\"font-size: 14pt;\"><em><span style=\"font-family: tahoma, arial, helvetica, sans-serif; color: #000000;\">Est\u00e1 precisando de muito sangue para receber granul\u00f3citos.<\/span><\/em><\/span><br \/>\n<span style=\"font-size: 14pt;\"><em><span style=\"font-family: tahoma, arial, helvetica, sans-serif; color: #000000;\">Pe\u00e7o que divulguem em seus grupos. Quem puder ajudar precisa ligar para o banco de sangue para tomar um medicamento pr\u00e9vio\u00a0\u00a0\u00a0\u00a0 <\/span><\/em><\/span><br \/>\n<span style=\"font-size: 14pt;\"><em><span style=\"font-family: tahoma, arial, helvetica, sans-serif; color: #000000;\">Os n\u00fameros s\u00e3o <strong>(41)3240-6519 e 3240-6578<\/strong> &#8211; falar com <strong>Leonardo<\/strong> e informar que \u00e9 para <strong>Renata<\/strong>.<\/span><\/em><\/span><br \/>\n<span style=\"font-size: 14pt;\"><em><span style=\"font-family: tahoma, arial, helvetica, sans-serif; color: #000000;\">Por favor vamos compartilhar e ajudar!&#8221;<\/span><\/em><\/span><\/p>\n<p><img data-recalc-dims=\"1\" fetchpriority=\"high\" decoding=\"async\" data-attachment-id=\"1527\" data-permalink=\"https:\/\/gersonguelmann.com.br\/blog\/urgente-ajude-salvar-uma-vida\/doacao\/\" data-orig-file=\"https:\/\/i0.wp.com\/gersonguelmann.com.br\/blog\/wp-content\/uploads\/2017\/09\/Doa%C3%A7%C3%A3o.png?fit=251%2C201&amp;ssl=1\" data-orig-size=\"251,201\" data-comments-opened=\"1\" data-image-meta=\"{&quot;aperture&quot;:&quot;0&quot;,&quot;credit&quot;:&quot;&quot;,&quot;camera&quot;:&quot;&quot;,&quot;caption&quot;:&quot;&quot;,&quot;created_timestamp&quot;:&quot;0&quot;,&quot;copyright&quot;:&quot;&quot;,&quot;focal_length&quot;:&quot;0&quot;,&quot;iso&quot;:&quot;0&quot;,&quot;shutter_speed&quot;:&quot;0&quot;,&quot;title&quot;:&quot;&quot;,&quot;orientation&quot;:&quot;0&quot;}\" data-image-title=\"Doa\u00e7\u00e3o\" data-image-description=\"\" data-image-caption=\"\" data-medium-file=\"https:\/\/i0.wp.com\/gersonguelmann.com.br\/blog\/wp-content\/uploads\/2017\/09\/Doa%C3%A7%C3%A3o.png?fit=251%2C201&amp;ssl=1\" data-large-file=\"https:\/\/i0.wp.com\/gersonguelmann.com.br\/blog\/wp-content\/uploads\/2017\/09\/Doa%C3%A7%C3%A3o.png?fit=251%2C201&amp;ssl=1\" class=\"size-full wp-image-1527 aligncenter\" src=\"https:\/\/i0.wp.com\/gersonguelmann.com.br\/blog\/wp-content\/uploads\/2017\/09\/Doa%C3%A7%C3%A3o.png?resize=251%2C201&#038;ssl=1\" alt=\"\" width=\"251\" height=\"201\" srcset=\"https:\/\/i0.wp.com\/gersonguelmann.com.br\/blog\/wp-content\/uploads\/2017\/09\/Doa%C3%A7%C3%A3o.png?w=251&amp;ssl=1 251w, https:\/\/i0.wp.com\/gersonguelmann.com.br\/blog\/wp-content\/uploads\/2017\/09\/Doa%C3%A7%C3%A3o.png?resize=250%2C201&amp;ssl=1 250w\" sizes=\"(max-width: 251px) 100vw, 251px\" \/><\/p>\n","protected":false},"excerpt":{"rendered":"<p>Compartilho pedido de doa\u00e7\u00e3o de sangue em car\u00e1ter de urg\u00eancia. Em raz\u00e3o do feriado prolongado aqui em Curitiba, \u00e9 importante repassar ao maior n\u00b0 de pessoas: &#8220;O nome da pessoa \u00e9 Renata Pastro e est\u00e1 internada no Hospital Nossa Senhora das Gra\u00e7as aqui em Curitiba. Ela descobriu a leucemia em Janeiro\/17, j\u00e1 fez qu\u00edmio mas [&hellip;]<\/p>\n","protected":false},"author":5,"featured_media":1527,"comment_status":"open","ping_status":"open","sticky":false,"template":"","format":"standard","meta":{"_acf_changed":false,"jetpack_post_was_ever_published":false,"_jetpack_newsletter_access":"","_jetpack_dont_email_post_to_subs":false,"_jetpack_newsletter_tier_id":0,"_jetpack_memberships_contains_paywalled_content":false,"_jetpack_memberships_contains_paid_content":false,"footnotes":"","jetpack_publicize_message":"","jetpack_publicize_feature_enabled":true,"jetpack_social_post_already_shared":true,"jetpack_social_options":{"image_generator_settings":{"template":"highway","default_image_id":0,"font":"","enabled":false},"version":2}},"categories":[1],"tags":[],"class_list":["post-1526","post","type-post","status-publish","format-standard","has-post-thumbnail","hentry","category-sem-categoria"],"acf":[],"yoast_head":"<!-- This site is optimized with the Yoast SEO plugin v27.3 - https:\/\/yoast.com\/product\/yoast-seo-wordpress\/ -->\n<title>URGENTE - Ajude a Salvar uma Vida | Blog do Guelmann<\/title>\n<meta name=\"robots\" content=\"index, follow, max-snippet:-1, max-image-preview:large, max-video-preview:-1\" \/>\n<link rel=\"canonical\" href=\"https:\/\/gersonguelmann.com.br\/blog\/urgente-ajude-salvar-uma-vida\/\" \/>\n<meta property=\"og:locale\" content=\"pt_BR\" \/>\n<meta property=\"og:type\" content=\"article\" \/>\n<meta property=\"og:title\" content=\"URGENTE - Ajude a Salvar uma Vida | Blog do Guelmann\" \/>\n<meta property=\"og:description\" content=\"Compartilho pedido de doa\u00e7\u00e3o de sangue em car\u00e1ter de urg\u00eancia. Em raz\u00e3o do feriado prolongado aqui em Curitiba, \u00e9 importante repassar ao maior n\u00b0 de pessoas: &#8220;O nome da pessoa \u00e9 Renata Pastro e est\u00e1 internada no Hospital Nossa Senhora das Gra\u00e7as aqui em Curitiba. Ela descobriu a leucemia em Janeiro\/17, j\u00e1 fez qu\u00edmio mas [&hellip;]\" \/>\n<meta property=\"og:url\" content=\"https:\/\/gersonguelmann.com.br\/blog\/urgente-ajude-salvar-uma-vida\/\" \/>\n<meta property=\"og:site_name\" content=\"Blog do Guelmann\" \/>\n<meta property=\"article:published_time\" content=\"2017-09-08T18:15:55+00:00\" \/>\n<meta property=\"og:image\" content=\"https:\/\/i0.wp.com\/gersonguelmann.com.br\/blog\/wp-content\/uploads\/2017\/09\/Doa\u00e7\u00e3o.png?fit=251%2C201&ssl=1\" \/>\n\t<meta property=\"og:image:width\" content=\"251\" \/>\n\t<meta property=\"og:image:height\" content=\"201\" \/>\n\t<meta property=\"og:image:type\" content=\"image\/png\" \/>\n<meta name=\"author\" content=\"Gerson Guelmann\" \/>\n<meta name=\"twitter:card\" content=\"summary_large_image\" \/>\n<meta name=\"twitter:label1\" content=\"Escrito por\" \/>\n\t<meta name=\"twitter:data1\" content=\"Gerson Guelmann\" \/>\n\t<meta name=\"twitter:label2\" content=\"Est. tempo de leitura\" \/>\n\t<meta name=\"twitter:data2\" content=\"1 minuto\" \/>\n<script type=\"application\/ld+json\" class=\"yoast-schema-graph\">{\"@context\":\"https:\\\/\\\/schema.org\",\"@graph\":[{\"@type\":\"Article\",\"@id\":\"https:\\\/\\\/gersonguelmann.com.br\\\/blog\\\/urgente-ajude-salvar-uma-vida\\\/#article\",\"isPartOf\":{\"@id\":\"https:\\\/\\\/gersonguelmann.com.br\\\/blog\\\/urgente-ajude-salvar-uma-vida\\\/\"},\"author\":{\"name\":\"Gerson Guelmann\",\"@id\":\"https:\\\/\\\/gersonguelmann.com.br\\\/blog\\\/#\\\/schema\\\/person\\\/87e70e2a786888082f941a482c90569e\"},\"headline\":\"URGENTE &#8211; Ajude a Salvar uma Vida\",\"datePublished\":\"2017-09-08T18:15:55+00:00\",\"mainEntityOfPage\":{\"@id\":\"https:\\\/\\\/gersonguelmann.com.br\\\/blog\\\/urgente-ajude-salvar-uma-vida\\\/\"},\"wordCount\":134,\"commentCount\":0,\"image\":{\"@id\":\"https:\\\/\\\/gersonguelmann.com.br\\\/blog\\\/urgente-ajude-salvar-uma-vida\\\/#primaryimage\"},\"thumbnailUrl\":\"https:\\\/\\\/i0.wp.com\\\/gersonguelmann.com.br\\\/blog\\\/wp-content\\\/uploads\\\/2017\\\/09\\\/Doa%C3%A7%C3%A3o.png?fit=251%2C201&ssl=1\",\"inLanguage\":\"pt-BR\",\"potentialAction\":[{\"@type\":\"CommentAction\",\"name\":\"Comment\",\"target\":[\"https:\\\/\\\/gersonguelmann.com.br\\\/blog\\\/urgente-ajude-salvar-uma-vida\\\/#respond\"]}]},{\"@type\":\"WebPage\",\"@id\":\"https:\\\/\\\/gersonguelmann.com.br\\\/blog\\\/urgente-ajude-salvar-uma-vida\\\/\",\"url\":\"https:\\\/\\\/gersonguelmann.com.br\\\/blog\\\/urgente-ajude-salvar-uma-vida\\\/\",\"name\":\"URGENTE - Ajude a Salvar uma Vida | Blog do Guelmann\",\"isPartOf\":{\"@id\":\"https:\\\/\\\/gersonguelmann.com.br\\\/blog\\\/#website\"},\"primaryImageOfPage\":{\"@id\":\"https:\\\/\\\/gersonguelmann.com.br\\\/blog\\\/urgente-ajude-salvar-uma-vida\\\/#primaryimage\"},\"image\":{\"@id\":\"https:\\\/\\\/gersonguelmann.com.br\\\/blog\\\/urgente-ajude-salvar-uma-vida\\\/#primaryimage\"},\"thumbnailUrl\":\"https:\\\/\\\/i0.wp.com\\\/gersonguelmann.com.br\\\/blog\\\/wp-content\\\/uploads\\\/2017\\\/09\\\/Doa%C3%A7%C3%A3o.png?fit=251%2C201&ssl=1\",\"datePublished\":\"2017-09-08T18:15:55+00:00\",\"author\":{\"@id\":\"https:\\\/\\\/gersonguelmann.com.br\\\/blog\\\/#\\\/schema\\\/person\\\/87e70e2a786888082f941a482c90569e\"},\"inLanguage\":\"pt-BR\",\"potentialAction\":[{\"@type\":\"ReadAction\",\"target\":[\"https:\\\/\\\/gersonguelmann.com.br\\\/blog\\\/urgente-ajude-salvar-uma-vida\\\/\"]}]},{\"@type\":\"ImageObject\",\"inLanguage\":\"pt-BR\",\"@id\":\"https:\\\/\\\/gersonguelmann.com.br\\\/blog\\\/urgente-ajude-salvar-uma-vida\\\/#primaryimage\",\"url\":\"https:\\\/\\\/i0.wp.com\\\/gersonguelmann.com.br\\\/blog\\\/wp-content\\\/uploads\\\/2017\\\/09\\\/Doa%C3%A7%C3%A3o.png?fit=251%2C201&ssl=1\",\"contentUrl\":\"https:\\\/\\\/i0.wp.com\\\/gersonguelmann.com.br\\\/blog\\\/wp-content\\\/uploads\\\/2017\\\/09\\\/Doa%C3%A7%C3%A3o.png?fit=251%2C201&ssl=1\",\"width\":251,\"height\":201},{\"@type\":\"WebSite\",\"@id\":\"https:\\\/\\\/gersonguelmann.com.br\\\/blog\\\/#website\",\"url\":\"https:\\\/\\\/gersonguelmann.com.br\\\/blog\\\/\",\"name\":\"Blog do Guelmann\",\"description\":\"Pitadas da sabedoria e do humor judaicos, assuntos do momento e um pouco das hist\u00f3rias que vivi e testemunhei.\",\"potentialAction\":[{\"@type\":\"SearchAction\",\"target\":{\"@type\":\"EntryPoint\",\"urlTemplate\":\"https:\\\/\\\/gersonguelmann.com.br\\\/blog\\\/?s={search_term_string}\"},\"query-input\":{\"@type\":\"PropertyValueSpecification\",\"valueRequired\":true,\"valueName\":\"search_term_string\"}}],\"inLanguage\":\"pt-BR\"},{\"@type\":\"Person\",\"@id\":\"https:\\\/\\\/gersonguelmann.com.br\\\/blog\\\/#\\\/schema\\\/person\\\/87e70e2a786888082f941a482c90569e\",\"name\":\"Gerson Guelmann\",\"image\":{\"@type\":\"ImageObject\",\"inLanguage\":\"pt-BR\",\"@id\":\"https:\\\/\\\/i0.wp.com\\\/gersonguelmann.com.br\\\/blog\\\/wp-content\\\/uploads\\\/2021\\\/08\\\/BLOG.jpeg?fit=96%2C96&ssl=1\",\"url\":\"https:\\\/\\\/i0.wp.com\\\/gersonguelmann.com.br\\\/blog\\\/wp-content\\\/uploads\\\/2021\\\/08\\\/BLOG.jpeg?fit=96%2C96&ssl=1\",\"contentUrl\":\"https:\\\/\\\/i0.wp.com\\\/gersonguelmann.com.br\\\/blog\\\/wp-content\\\/uploads\\\/2021\\\/08\\\/BLOG.jpeg?fit=96%2C96&ssl=1\",\"caption\":\"Gerson Guelmann\"},\"description\":\"Pitadas da sabedoria e do humor judaicos, assuntos do momento e um pouco das hist\u00f3rias que vivi e testemunhei.\"}]}<\/script>\n<!-- \/ Yoast SEO plugin. -->","yoast_head_json":{"title":"URGENTE - Ajude a Salvar uma Vida | Blog do Guelmann","robots":{"index":"index","follow":"follow","max-snippet":"max-snippet:-1","max-image-preview":"max-image-preview:large","max-video-preview":"max-video-preview:-1"},"canonical":"https:\/\/gersonguelmann.com.br\/blog\/urgente-ajude-salvar-uma-vida\/","og_locale":"pt_BR","og_type":"article","og_title":"URGENTE - Ajude a Salvar uma Vida | Blog do Guelmann","og_description":"Compartilho pedido de doa\u00e7\u00e3o de sangue em car\u00e1ter de urg\u00eancia. Em raz\u00e3o do feriado prolongado aqui em Curitiba, \u00e9 importante repassar ao maior n\u00b0 de pessoas: &#8220;O nome da pessoa \u00e9 Renata Pastro e est\u00e1 internada no Hospital Nossa Senhora das Gra\u00e7as aqui em Curitiba. Ela descobriu a leucemia em Janeiro\/17, j\u00e1 fez qu\u00edmio mas [&hellip;]","og_url":"https:\/\/gersonguelmann.com.br\/blog\/urgente-ajude-salvar-uma-vida\/","og_site_name":"Blog do Guelmann","article_published_time":"2017-09-08T18:15:55+00:00","og_image":[{"width":251,"height":201,"url":"https:\/\/i0.wp.com\/gersonguelmann.com.br\/blog\/wp-content\/uploads\/2017\/09\/Doa\u00e7\u00e3o.png?fit=251%2C201&ssl=1","type":"image\/png"}],"author":"Gerson Guelmann","twitter_card":"summary_large_image","twitter_misc":{"Escrito por":"Gerson Guelmann","Est. tempo de leitura":"1 minuto"},"schema":{"@context":"https:\/\/schema.org","@graph":[{"@type":"Article","@id":"https:\/\/gersonguelmann.com.br\/blog\/urgente-ajude-salvar-uma-vida\/#article","isPartOf":{"@id":"https:\/\/gersonguelmann.com.br\/blog\/urgente-ajude-salvar-uma-vida\/"},"author":{"name":"Gerson Guelmann","@id":"https:\/\/gersonguelmann.com.br\/blog\/#\/schema\/person\/87e70e2a786888082f941a482c90569e"},"headline":"URGENTE &#8211; Ajude a Salvar uma Vida","datePublished":"2017-09-08T18:15:55+00:00","mainEntityOfPage":{"@id":"https:\/\/gersonguelmann.com.br\/blog\/urgente-ajude-salvar-uma-vida\/"},"wordCount":134,"commentCount":0,"image":{"@id":"https:\/\/gersonguelmann.com.br\/blog\/urgente-ajude-salvar-uma-vida\/#primaryimage"},"thumbnailUrl":"https:\/\/i0.wp.com\/gersonguelmann.com.br\/blog\/wp-content\/uploads\/2017\/09\/Doa%C3%A7%C3%A3o.png?fit=251%2C201&ssl=1","inLanguage":"pt-BR","potentialAction":[{"@type":"CommentAction","name":"Comment","target":["https:\/\/gersonguelmann.com.br\/blog\/urgente-ajude-salvar-uma-vida\/#respond"]}]},{"@type":"WebPage","@id":"https:\/\/gersonguelmann.com.br\/blog\/urgente-ajude-salvar-uma-vida\/","url":"https:\/\/gersonguelmann.com.br\/blog\/urgente-ajude-salvar-uma-vida\/","name":"URGENTE - Ajude a Salvar uma Vida | Blog do Guelmann","isPartOf":{"@id":"https:\/\/gersonguelmann.com.br\/blog\/#website"},"primaryImageOfPage":{"@id":"https:\/\/gersonguelmann.com.br\/blog\/urgente-ajude-salvar-uma-vida\/#primaryimage"},"image":{"@id":"https:\/\/gersonguelmann.com.br\/blog\/urgente-ajude-salvar-uma-vida\/#primaryimage"},"thumbnailUrl":"https:\/\/i0.wp.com\/gersonguelmann.com.br\/blog\/wp-content\/uploads\/2017\/09\/Doa%C3%A7%C3%A3o.png?fit=251%2C201&ssl=1","datePublished":"2017-09-08T18:15:55+00:00","author":{"@id":"https:\/\/gersonguelmann.com.br\/blog\/#\/schema\/person\/87e70e2a786888082f941a482c90569e"},"inLanguage":"pt-BR","potentialAction":[{"@type":"ReadAction","target":["https:\/\/gersonguelmann.com.br\/blog\/urgente-ajude-salvar-uma-vida\/"]}]},{"@type":"ImageObject","inLanguage":"pt-BR","@id":"https:\/\/gersonguelmann.com.br\/blog\/urgente-ajude-salvar-uma-vida\/#primaryimage","url":"https:\/\/i0.wp.com\/gersonguelmann.com.br\/blog\/wp-content\/uploads\/2017\/09\/Doa%C3%A7%C3%A3o.png?fit=251%2C201&ssl=1","contentUrl":"https:\/\/i0.wp.com\/gersonguelmann.com.br\/blog\/wp-content\/uploads\/2017\/09\/Doa%C3%A7%C3%A3o.png?fit=251%2C201&ssl=1","width":251,"height":201},{"@type":"WebSite","@id":"https:\/\/gersonguelmann.com.br\/blog\/#website","url":"https:\/\/gersonguelmann.com.br\/blog\/","name":"Blog do Guelmann","description":"Pitadas da sabedoria e do humor judaicos, assuntos do momento e um pouco das hist\u00f3rias que vivi e testemunhei.","potentialAction":[{"@type":"SearchAction","target":{"@type":"EntryPoint","urlTemplate":"https:\/\/gersonguelmann.com.br\/blog\/?s={search_term_string}"},"query-input":{"@type":"PropertyValueSpecification","valueRequired":true,"valueName":"search_term_string"}}],"inLanguage":"pt-BR"},{"@type":"Person","@id":"https:\/\/gersonguelmann.com.br\/blog\/#\/schema\/person\/87e70e2a786888082f941a482c90569e","name":"Gerson Guelmann","image":{"@type":"ImageObject","inLanguage":"pt-BR","@id":"https:\/\/i0.wp.com\/gersonguelmann.com.br\/blog\/wp-content\/uploads\/2021\/08\/BLOG.jpeg?fit=96%2C96&ssl=1","url":"https:\/\/i0.wp.com\/gersonguelmann.com.br\/blog\/wp-content\/uploads\/2021\/08\/BLOG.jpeg?fit=96%2C96&ssl=1","contentUrl":"https:\/\/i0.wp.com\/gersonguelmann.com.br\/blog\/wp-content\/uploads\/2021\/08\/BLOG.jpeg?fit=96%2C96&ssl=1","caption":"Gerson Guelmann"},"description":"Pitadas da sabedoria e do humor judaicos, assuntos do momento e um pouco das hist\u00f3rias que vivi e testemunhei."}]}},"views":37,"jetpack_publicize_connections":[],"jetpack_featured_media_url":"https:\/\/i0.wp.com\/gersonguelmann.com.br\/blog\/wp-content\/uploads\/2017\/09\/Doa%C3%A7%C3%A3o.png?fit=251%2C201&ssl=1","jetpack_shortlink":"https:\/\/wp.me\/p96e7O-oC","jetpack-related-posts":[{"id":8766,"url":"https:\/\/gersonguelmann.com.br\/blog\/eduarda-precisa-de-sangue-compartilhe-por-favor\/","url_meta":{"origin":1526,"position":0},"title":"A Eduarda Precisa de Sangue! Compartilhe, Por Favor!","author":"Gerson Guelmann","date":"18 de fevereiro de 2018","format":false,"excerpt":"A pequena\u00a0Eduarda Bittencourt \u00e9 de Joinville e fez um transplante de medula dia 07\/02 no Hospital Pequeno Pr\u00edncipe aqui em Curitiba. Infelizmente surgiram complica\u00e7\u00f5es no tratamento e ela est\u00e1 necessitando urgentemente de doadores de sangue dos tipos A- e O-. A Eduarda corre risco de vida, pois n\u00e3o tem defesa\u2026","rel":"","context":"Em &quot;Sem categoria&quot;","block_context":{"text":"Sem categoria","link":"https:\/\/gersonguelmann.com.br\/blog\/category\/sem-categoria\/"},"img":{"alt_text":"","src":"https:\/\/i0.wp.com\/gersonguelmann.com.br\/blog\/wp-content\/uploads\/2018\/02\/Eduarda-1.png?fit=905%2C1200&ssl=1&resize=350%2C200","width":350,"height":200,"srcset":"https:\/\/i0.wp.com\/gersonguelmann.com.br\/blog\/wp-content\/uploads\/2018\/02\/Eduarda-1.png?fit=905%2C1200&ssl=1&resize=350%2C200 1x, https:\/\/i0.wp.com\/gersonguelmann.com.br\/blog\/wp-content\/uploads\/2018\/02\/Eduarda-1.png?fit=905%2C1200&ssl=1&resize=525%2C300 1.5x, https:\/\/i0.wp.com\/gersonguelmann.com.br\/blog\/wp-content\/uploads\/2018\/02\/Eduarda-1.png?fit=905%2C1200&ssl=1&resize=700%2C400 2x"},"classes":[]},{"id":14935,"url":"https:\/\/gersonguelmann.com.br\/blog\/inacreditavel-em-curitiba-menina-de-10-anos-foi-esfaqueada-em-roubo-de-celular\/","url_meta":{"origin":1526,"position":1},"title":"Inacredit\u00e1vel: em Curitiba Menina de 10 Anos Foi Esfaqueada em Roubo de Celular","author":"Gerson Guelmann","date":"30 de outubro de 2018","format":false,"excerpt":"Sinal dos tempos, ou melhor dos tristes tempos que vivemos... Aqui em Curitiba uma crian\u00e7a, uma menina de apenas 10 anos, foi esfaqueada ap\u00f3s esconder o celular durante um assalto. Leia a mat\u00e9ria publicada no G1\/Paran\u00e1: Sophia e amiga faziam um piquenique em frente a um sal\u00e3o de beleza quando\u2026","rel":"","context":"Em &quot;Sem categoria&quot;","block_context":{"text":"Sem categoria","link":"https:\/\/gersonguelmann.com.br\/blog\/category\/sem-categoria\/"},"img":{"alt_text":"","src":"https:\/\/i0.wp.com\/gersonguelmann.com.br\/blog\/wp-content\/uploads\/2018\/10\/sophia-e-amiga-faziam-um-piquenique-em-frente-a-um-salao-de-beleza-quando-o-assaltante-deu-as-facadas-na-menina.jpg?fit=1200%2C650&ssl=1&resize=350%2C200","width":350,"height":200,"srcset":"https:\/\/i0.wp.com\/gersonguelmann.com.br\/blog\/wp-content\/uploads\/2018\/10\/sophia-e-amiga-faziam-um-piquenique-em-frente-a-um-salao-de-beleza-quando-o-assaltante-deu-as-facadas-na-menina.jpg?fit=1200%2C650&ssl=1&resize=350%2C200 1x, https:\/\/i0.wp.com\/gersonguelmann.com.br\/blog\/wp-content\/uploads\/2018\/10\/sophia-e-amiga-faziam-um-piquenique-em-frente-a-um-salao-de-beleza-quando-o-assaltante-deu-as-facadas-na-menina.jpg?fit=1200%2C650&ssl=1&resize=525%2C300 1.5x, https:\/\/i0.wp.com\/gersonguelmann.com.br\/blog\/wp-content\/uploads\/2018\/10\/sophia-e-amiga-faziam-um-piquenique-em-frente-a-um-salao-de-beleza-quando-o-assaltante-deu-as-facadas-na-menina.jpg?fit=1200%2C650&ssl=1&resize=700%2C400 2x, https:\/\/i0.wp.com\/gersonguelmann.com.br\/blog\/wp-content\/uploads\/2018\/10\/sophia-e-amiga-faziam-um-piquenique-em-frente-a-um-salao-de-beleza-quando-o-assaltante-deu-as-facadas-na-menina.jpg?fit=1200%2C650&ssl=1&resize=1050%2C600 3x"},"classes":[]},{"id":6527,"url":"https:\/\/gersonguelmann.com.br\/blog\/chocolate-sonho-pesadelo\/","url_meta":{"origin":1526,"position":2},"title":"Chocolate, Sonho ou Pesadelo?","author":"Gerson Guelmann","date":"5 de janeiro de 2018","format":false,"excerpt":"Ontem, aqui em Curitiba, uma senhora de 70 anos ficou presa numa ag\u00eancia da Caixa Econ\u00f4mica Federal por duas horas, at\u00e9 ser resgatada pelos Bombeiros. Ela estava no caixa autom\u00e1tico e n\u00e3o observou o hor\u00e1rio de fechamento da ag\u00eancia, quando as portas baixaram automaticamente. O incidente me fez lembrar de\u2026","rel":"","context":"Em &quot;Sem categoria&quot;","block_context":{"text":"Sem categoria","link":"https:\/\/gersonguelmann.com.br\/blog\/category\/sem-categoria\/"},"img":{"alt_text":"","src":"https:\/\/i0.wp.com\/gersonguelmann.com.br\/blog\/wp-content\/uploads\/2018\/01\/CEF.jpg?resize=350%2C200&ssl=1","width":350,"height":200},"classes":[]},{"id":10844,"url":"https:\/\/gersonguelmann.com.br\/blog\/o-eduardo-cunha-esta-com-o-bumbum-dolorido\/","url_meta":{"origin":1526,"position":3},"title":"O Eduardo Cunha Est\u00e1 Com o Bumbum Dolorido","author":"Gerson Guelmann","date":"26 de mar\u00e7o de 2018","format":false,"excerpt":"O\u00a0indefect\u00edvel Eduardo Cunha, ora hospedado no Complexo M\u00e9dico Penal de Pinhais, aqui pertinho de Curitiba, reclamou de maus tratos ao juiz Sergio Moro. Como ele \u00e9 r\u00e9u em diversos processos, al\u00e9m do qual resultou na pena que j\u00e1 est\u00e1 cumprindo, de vez em quando \u00e9 preciso que seja trazido \u00e0\u2026","rel":"","context":"Em &quot;Sem categoria&quot;","block_context":{"text":"Sem categoria","link":"https:\/\/gersonguelmann.com.br\/blog\/category\/sem-categoria\/"},"img":{"alt_text":"","src":"https:\/\/i0.wp.com\/gersonguelmann.com.br\/blog\/wp-content\/uploads\/2018\/03\/Limousine.jpg?fit=1024%2C768&ssl=1&resize=350%2C200","width":350,"height":200,"srcset":"https:\/\/i0.wp.com\/gersonguelmann.com.br\/blog\/wp-content\/uploads\/2018\/03\/Limousine.jpg?fit=1024%2C768&ssl=1&resize=350%2C200 1x, https:\/\/i0.wp.com\/gersonguelmann.com.br\/blog\/wp-content\/uploads\/2018\/03\/Limousine.jpg?fit=1024%2C768&ssl=1&resize=525%2C300 1.5x, https:\/\/i0.wp.com\/gersonguelmann.com.br\/blog\/wp-content\/uploads\/2018\/03\/Limousine.jpg?fit=1024%2C768&ssl=1&resize=700%2C400 2x"},"classes":[]},{"id":25997,"url":"https:\/\/gersonguelmann.com.br\/blog\/jaime-lerner-uma-divida-de-1450-dias-comeca-a-ser-quitada\/","url_meta":{"origin":1526,"position":4},"title":"Jaime Lerner: Uma D\u00edvida de 1450 Dias Come\u00e7a a Ser Quitada","author":"Gerson Guelmann","date":"19 de maio de 2025","format":false,"excerpt":"Na \u00faltima sexta-feira, 1450 dias ap\u00f3s o falecimento de Jaime Lerner, Curitiba deu um passo simb\u00f3lico \u2014 e necess\u00e1rio \u2014 para reconhecer a import\u00e2ncia de quem protagonizou a maior transforma\u00e7\u00e3o urban\u00edstica de sua hist\u00f3ria. Por defer\u00eancia do Prefeito Municipal de Curitiba, Eduardo Pimentel Slaviero, tive a honra de acompanhar a\u2026","rel":"","context":"Em &quot;Sem categoria&quot;","block_context":{"text":"Sem categoria","link":"https:\/\/gersonguelmann.com.br\/blog\/category\/sem-categoria\/"},"img":{"alt_text":"","src":"https:\/\/i0.wp.com\/gersonguelmann.com.br\/blog\/wp-content\/uploads\/2025\/05\/PREFEITO-160525-1.jpg?fit=600%2C411&ssl=1&resize=350%2C200","width":350,"height":200,"srcset":"https:\/\/i0.wp.com\/gersonguelmann.com.br\/blog\/wp-content\/uploads\/2025\/05\/PREFEITO-160525-1.jpg?fit=600%2C411&ssl=1&resize=350%2C200 1x, https:\/\/i0.wp.com\/gersonguelmann.com.br\/blog\/wp-content\/uploads\/2025\/05\/PREFEITO-160525-1.jpg?fit=600%2C411&ssl=1&resize=525%2C300 1.5x"},"classes":[]},{"id":22352,"url":"https:\/\/gersonguelmann.com.br\/blog\/lembranca-de-uma-noite-muito-fria-em-curitiba\/","url_meta":{"origin":1526,"position":5},"title":"Lembran\u00e7a de Uma Noite Muito Fria em Curitiba","author":"Gerson Guelmann","date":"24 de julho de 2021","format":false,"excerpt":"O Facebook da Rosane Cardoso, minha mulher, lembrou hoje postagem que ela fez h\u00e1 exatos 8 anos. Na noite de 24\/07\/2013 as equipes da FAS - Funda\u00e7\u00e3o de A\u00e7\u00e3o Social de Curitiba e do IPCC - Instituto Pr\u00f3-Cidadania de Curitiba, organizaram uma a\u00e7\u00e3o de arrecada\u00e7\u00e3o de roupas para fazer frente\u2026","rel":"","context":"Em &quot;Sem categoria&quot;","block_context":{"text":"Sem categoria","link":"https:\/\/gersonguelmann.com.br\/blog\/category\/sem-categoria\/"},"img":{"alt_text":"","src":"https:\/\/i0.wp.com\/gersonguelmann.com.br\/blog\/wp-content\/uploads\/2021\/07\/240713.jpeg?fit=1080%2C810&ssl=1&resize=350%2C200","width":350,"height":200,"srcset":"https:\/\/i0.wp.com\/gersonguelmann.com.br\/blog\/wp-content\/uploads\/2021\/07\/240713.jpeg?fit=1080%2C810&ssl=1&resize=350%2C200 1x, https:\/\/i0.wp.com\/gersonguelmann.com.br\/blog\/wp-content\/uploads\/2021\/07\/240713.jpeg?fit=1080%2C810&ssl=1&resize=525%2C300 1.5x, https:\/\/i0.wp.com\/gersonguelmann.com.br\/blog\/wp-content\/uploads\/2021\/07\/240713.jpeg?fit=1080%2C810&ssl=1&resize=700%2C400 2x, https:\/\/i0.wp.com\/gersonguelmann.com.br\/blog\/wp-content\/uploads\/2021\/07\/240713.jpeg?fit=1080%2C810&ssl=1&resize=1050%2C600 3x"},"classes":[]}],"jetpack_sharing_enabled":true,"post_mailing_queue_ids":[],"_links":{"self":[{"href":"https:\/\/gersonguelmann.com.br\/blog\/wp-json\/wp\/v2\/posts\/1526","targetHints":{"allow":["GET"]}}],"collection":[{"href":"https:\/\/gersonguelmann.com.br\/blog\/wp-json\/wp\/v2\/posts"}],"about":[{"href":"https:\/\/gersonguelmann.com.br\/blog\/wp-json\/wp\/v2\/types\/post"}],"author":[{"embeddable":true,"href":"https:\/\/gersonguelmann.com.br\/blog\/wp-json\/wp\/v2\/users\/5"}],"replies":[{"embeddable":true,"href":"https:\/\/gersonguelmann.com.br\/blog\/wp-json\/wp\/v2\/comments?post=1526"}],"version-history":[{"count":0,"href":"https:\/\/gersonguelmann.com.br\/blog\/wp-json\/wp\/v2\/posts\/1526\/revisions"}],"wp:featuredmedia":[{"embeddable":true,"href":"https:\/\/gersonguelmann.com.br\/blog\/wp-json\/wp\/v2\/media\/1527"}],"wp:attachment":[{"href":"https:\/\/gersonguelmann.com.br\/blog\/wp-json\/wp\/v2\/media?parent=1526"}],"wp:term":[{"taxonomy":"category","embeddable":true,"href":"https:\/\/gersonguelmann.com.br\/blog\/wp-json\/wp\/v2\/categories?post=1526"},{"taxonomy":"post_tag","embeddable":true,"href":"https:\/\/gersonguelmann.com.br\/blog\/wp-json\/wp\/v2\/tags?post=1526"}],"curies":[{"name":"wp","href":"https:\/\/api.w.org\/{rel}","templated":true}]}}