    {"id":1536,"date":"2017-09-09T11:30:25","date_gmt":"2017-09-09T14:30:25","guid":{"rendered":"https:\/\/gersonguelmann.com.br\/blog\/?p=1536"},"modified":"2017-09-08T19:48:23","modified_gmt":"2017-09-08T22:48:23","slug":"porque-hoje-e-sabado-2","status":"publish","type":"post","link":"https:\/\/gersonguelmann.com.br\/blog\/porque-hoje-e-sabado-2\/","title":{"rendered":"Porque Hoje \u00e9 S\u00e1bado"},"content":{"rendered":"<p><span style=\"font-family: tahoma, arial, helvetica, sans-serif; font-size: 14pt; color: #000000;\">A sugest\u00e3o de hoje \u00e9 visitar o lugar chamado <em>Porto Brazos<\/em>. Para quem ficou em <em>Curitiba<\/em> no feriad\u00e3o e quer fazer um passeio no contra fluxo dos que sa\u00edram da cidade, \u00e9 uma \u00f3tima pedida.<\/span><\/p>\n<p><span style=\"font-family: tahoma, arial, helvetica, sans-serif; font-size: 14pt; color: #000000;\">Estive l\u00e1 ha alguns anos, achei o lugar bonito e acredito que de l\u00e1 para c\u00e1 esteja ainda melhor.<\/span><\/p>\n<p><span style=\"font-family: tahoma, arial, helvetica, sans-serif; font-size: 14pt; color: #000000;\">\u00c9 um empreendimento voltado ao cultivo de amora e \u00e0 produ\u00e7\u00e3o de bebidas e doces \u00e0 base da fruta.\u00a0<\/span><\/p>\n<p><span style=\"font-family: tahoma, arial, helvetica, sans-serif; font-size: 14pt; color: #000000;\">Eles tamb\u00e9m cultivam lavanda, o que aumenta mais a beleza do lugar. <em>Porto Brazos<\/em> fica a 110km do <em>Parque Barigui<\/em> e bem ao lado do <em>&#8220;Buraco do Padre&#8221;<\/em>, que tamb\u00e9m vale a pena conhecer.<\/span><\/p>\n<p>&nbsp;<\/p>\n<p><span style=\"font-size: 14pt;\"><em><span style=\"font-family: tahoma, arial, helvetica, sans-serif; color: #000000;\">Servi\u00e7o:<\/span><\/em><\/span><\/p>\n<p><span style=\"font-size: 14pt;\"><em><span style=\"font-family: tahoma, arial, helvetica, sans-serif; color: #000000;\">Porto Brazos<\/span><\/em><\/span><br \/>\n<span style=\"font-size: 14pt;\"><em><span style=\"font-family: tahoma, arial, helvetica, sans-serif; color: #000000;\">PR 513 &#8211; Km 14, Estrada do Buraco do Padre, 700 metros &#8211; Zona Rural, Ponta Grossa\/PR &#8211; Fone: (42) 3243-6005 | WhatsApp: (42) 99901-4468 | (42) 99978-8271<\/span><\/em><\/span><br \/>\n<span style=\"font-size: 14pt;\"><em><span style=\"font-family: tahoma, arial, helvetica, sans-serif; color: #000000;\"><a href=\"http:\/\/www.portobrazos.com\/\"><strong>Para acessar o site, clique aqui<\/strong><\/a><\/span><\/em><\/span><\/p>\n<p><a href=\"http:\/\/www.portobrazos.com\/\"><img data-recalc-dims=\"1\" fetchpriority=\"high\" decoding=\"async\" data-attachment-id=\"1537\" data-permalink=\"https:\/\/gersonguelmann.com.br\/blog\/porque-hoje-e-sabado-2\/pb-2\/\" data-orig-file=\"https:\/\/i0.wp.com\/gersonguelmann.com.br\/blog\/wp-content\/uploads\/2017\/09\/PB-1.jpg?fit=1440%2C810&amp;ssl=1\" data-orig-size=\"1440,810\" data-comments-opened=\"1\" data-image-meta=\"{&quot;aperture&quot;:&quot;0&quot;,&quot;credit&quot;:&quot;&quot;,&quot;camera&quot;:&quot;&quot;,&quot;caption&quot;:&quot;&quot;,&quot;created_timestamp&quot;:&quot;0&quot;,&quot;copyright&quot;:&quot;&quot;,&quot;focal_length&quot;:&quot;0&quot;,&quot;iso&quot;:&quot;0&quot;,&quot;shutter_speed&quot;:&quot;0&quot;,&quot;title&quot;:&quot;&quot;,&quot;orientation&quot;:&quot;0&quot;}\" data-image-title=\"PB\" data-image-description=\"\" data-image-caption=\"\" data-medium-file=\"https:\/\/i0.wp.com\/gersonguelmann.com.br\/blog\/wp-content\/uploads\/2017\/09\/PB-1.jpg?fit=300%2C169&amp;ssl=1\" data-large-file=\"https:\/\/i0.wp.com\/gersonguelmann.com.br\/blog\/wp-content\/uploads\/2017\/09\/PB-1.jpg?fit=640%2C360&amp;ssl=1\" class=\"size-medium wp-image-1537 aligncenter\" src=\"https:\/\/i0.wp.com\/gersonguelmann.com.br\/blog\/wp-content\/uploads\/2017\/09\/PB-1.jpg?resize=300%2C169&#038;ssl=1\" alt=\"\" width=\"300\" height=\"169\" srcset=\"https:\/\/i0.wp.com\/gersonguelmann.com.br\/blog\/wp-content\/uploads\/2017\/09\/PB-1.jpg?resize=300%2C169&amp;ssl=1 300w, https:\/\/i0.wp.com\/gersonguelmann.com.br\/blog\/wp-content\/uploads\/2017\/09\/PB-1.jpg?resize=768%2C432&amp;ssl=1 768w, https:\/\/i0.wp.com\/gersonguelmann.com.br\/blog\/wp-content\/uploads\/2017\/09\/PB-1.jpg?resize=1024%2C576&amp;ssl=1 1024w, https:\/\/i0.wp.com\/gersonguelmann.com.br\/blog\/wp-content\/uploads\/2017\/09\/PB-1.jpg?w=1440&amp;ssl=1 1440w, https:\/\/i0.wp.com\/gersonguelmann.com.br\/blog\/wp-content\/uploads\/2017\/09\/PB-1.jpg?w=1280&amp;ssl=1 1280w\" sizes=\"(max-width: 300px) 100vw, 300px\" \/><\/a><\/p>\n","protected":false},"excerpt":{"rendered":"<p>A sugest\u00e3o de hoje \u00e9 visitar o lugar chamado Porto Brazos. Para quem ficou em Curitiba no feriad\u00e3o e quer fazer um passeio no contra fluxo dos que sa\u00edram da cidade, \u00e9 uma \u00f3tima pedida. Estive l\u00e1 ha alguns anos, achei o lugar bonito e acredito que de l\u00e1 para c\u00e1 esteja ainda melhor. \u00c9 [&hellip;]<\/p>\n","protected":false},"author":5,"featured_media":1537,"comment_status":"open","ping_status":"open","sticky":false,"template":"","format":"standard","meta":{"_acf_changed":false,"jetpack_post_was_ever_published":false,"_jetpack_newsletter_access":"","_jetpack_dont_email_post_to_subs":false,"_jetpack_newsletter_tier_id":0,"_jetpack_memberships_contains_paywalled_content":false,"_jetpack_memberships_contains_paid_content":false,"footnotes":"","jetpack_publicize_message":"","jetpack_publicize_feature_enabled":true,"jetpack_social_post_already_shared":true,"jetpack_social_options":{"image_generator_settings":{"template":"highway","default_image_id":0,"font":"","enabled":false},"version":2}},"categories":[1],"tags":[],"class_list":["post-1536","post","type-post","status-publish","format-standard","has-post-thumbnail","hentry","category-sem-categoria"],"acf":[],"yoast_head":"<!-- This site is optimized with the Yoast SEO plugin v27.3 - https:\/\/yoast.com\/product\/yoast-seo-wordpress\/ -->\n<title>Porque Hoje \u00e9 S\u00e1bado | Blog do Guelmann<\/title>\n<meta name=\"robots\" content=\"index, follow, max-snippet:-1, max-image-preview:large, max-video-preview:-1\" \/>\n<link rel=\"canonical\" href=\"https:\/\/gersonguelmann.com.br\/blog\/porque-hoje-e-sabado-2\/\" \/>\n<meta property=\"og:locale\" content=\"pt_BR\" \/>\n<meta property=\"og:type\" content=\"article\" \/>\n<meta property=\"og:title\" content=\"Porque Hoje \u00e9 S\u00e1bado | Blog do Guelmann\" \/>\n<meta property=\"og:description\" content=\"A sugest\u00e3o de hoje \u00e9 visitar o lugar chamado Porto Brazos. Para quem ficou em Curitiba no feriad\u00e3o e quer fazer um passeio no contra fluxo dos que sa\u00edram da cidade, \u00e9 uma \u00f3tima pedida. Estive l\u00e1 ha alguns anos, achei o lugar bonito e acredito que de l\u00e1 para c\u00e1 esteja ainda melhor. \u00c9 [&hellip;]\" \/>\n<meta property=\"og:url\" content=\"https:\/\/gersonguelmann.com.br\/blog\/porque-hoje-e-sabado-2\/\" \/>\n<meta property=\"og:site_name\" content=\"Blog do Guelmann\" \/>\n<meta property=\"article:published_time\" content=\"2017-09-09T14:30:25+00:00\" \/>\n<meta property=\"og:image\" content=\"https:\/\/i0.wp.com\/gersonguelmann.com.br\/blog\/wp-content\/uploads\/2017\/09\/PB-1.jpg?fit=1440%2C810&ssl=1\" \/>\n\t<meta property=\"og:image:width\" content=\"1440\" \/>\n\t<meta property=\"og:image:height\" content=\"810\" \/>\n\t<meta property=\"og:image:type\" content=\"image\/jpeg\" \/>\n<meta name=\"author\" content=\"Gerson Guelmann\" \/>\n<meta name=\"twitter:card\" content=\"summary_large_image\" \/>\n<meta name=\"twitter:label1\" content=\"Escrito por\" \/>\n\t<meta name=\"twitter:data1\" content=\"Gerson Guelmann\" \/>\n\t<meta name=\"twitter:label2\" content=\"Est. tempo de leitura\" \/>\n\t<meta name=\"twitter:data2\" content=\"1 minuto\" \/>\n<script type=\"application\/ld+json\" class=\"yoast-schema-graph\">{\"@context\":\"https:\\\/\\\/schema.org\",\"@graph\":[{\"@type\":\"Article\",\"@id\":\"https:\\\/\\\/gersonguelmann.com.br\\\/blog\\\/porque-hoje-e-sabado-2\\\/#article\",\"isPartOf\":{\"@id\":\"https:\\\/\\\/gersonguelmann.com.br\\\/blog\\\/porque-hoje-e-sabado-2\\\/\"},\"author\":{\"name\":\"Gerson Guelmann\",\"@id\":\"https:\\\/\\\/gersonguelmann.com.br\\\/blog\\\/#\\\/schema\\\/person\\\/87e70e2a786888082f941a482c90569e\"},\"headline\":\"Porque Hoje \u00e9 S\u00e1bado\",\"datePublished\":\"2017-09-09T14:30:25+00:00\",\"mainEntityOfPage\":{\"@id\":\"https:\\\/\\\/gersonguelmann.com.br\\\/blog\\\/porque-hoje-e-sabado-2\\\/\"},\"wordCount\":144,\"commentCount\":0,\"image\":{\"@id\":\"https:\\\/\\\/gersonguelmann.com.br\\\/blog\\\/porque-hoje-e-sabado-2\\\/#primaryimage\"},\"thumbnailUrl\":\"https:\\\/\\\/i0.wp.com\\\/gersonguelmann.com.br\\\/blog\\\/wp-content\\\/uploads\\\/2017\\\/09\\\/PB-1.jpg?fit=1440%2C810&ssl=1\",\"inLanguage\":\"pt-BR\",\"potentialAction\":[{\"@type\":\"CommentAction\",\"name\":\"Comment\",\"target\":[\"https:\\\/\\\/gersonguelmann.com.br\\\/blog\\\/porque-hoje-e-sabado-2\\\/#respond\"]}]},{\"@type\":\"WebPage\",\"@id\":\"https:\\\/\\\/gersonguelmann.com.br\\\/blog\\\/porque-hoje-e-sabado-2\\\/\",\"url\":\"https:\\\/\\\/gersonguelmann.com.br\\\/blog\\\/porque-hoje-e-sabado-2\\\/\",\"name\":\"Porque Hoje \u00e9 S\u00e1bado | Blog do Guelmann\",\"isPartOf\":{\"@id\":\"https:\\\/\\\/gersonguelmann.com.br\\\/blog\\\/#website\"},\"primaryImageOfPage\":{\"@id\":\"https:\\\/\\\/gersonguelmann.com.br\\\/blog\\\/porque-hoje-e-sabado-2\\\/#primaryimage\"},\"image\":{\"@id\":\"https:\\\/\\\/gersonguelmann.com.br\\\/blog\\\/porque-hoje-e-sabado-2\\\/#primaryimage\"},\"thumbnailUrl\":\"https:\\\/\\\/i0.wp.com\\\/gersonguelmann.com.br\\\/blog\\\/wp-content\\\/uploads\\\/2017\\\/09\\\/PB-1.jpg?fit=1440%2C810&ssl=1\",\"datePublished\":\"2017-09-09T14:30:25+00:00\",\"author\":{\"@id\":\"https:\\\/\\\/gersonguelmann.com.br\\\/blog\\\/#\\\/schema\\\/person\\\/87e70e2a786888082f941a482c90569e\"},\"inLanguage\":\"pt-BR\",\"potentialAction\":[{\"@type\":\"ReadAction\",\"target\":[\"https:\\\/\\\/gersonguelmann.com.br\\\/blog\\\/porque-hoje-e-sabado-2\\\/\"]}]},{\"@type\":\"ImageObject\",\"inLanguage\":\"pt-BR\",\"@id\":\"https:\\\/\\\/gersonguelmann.com.br\\\/blog\\\/porque-hoje-e-sabado-2\\\/#primaryimage\",\"url\":\"https:\\\/\\\/i0.wp.com\\\/gersonguelmann.com.br\\\/blog\\\/wp-content\\\/uploads\\\/2017\\\/09\\\/PB-1.jpg?fit=1440%2C810&ssl=1\",\"contentUrl\":\"https:\\\/\\\/i0.wp.com\\\/gersonguelmann.com.br\\\/blog\\\/wp-content\\\/uploads\\\/2017\\\/09\\\/PB-1.jpg?fit=1440%2C810&ssl=1\",\"width\":1440,\"height\":810},{\"@type\":\"WebSite\",\"@id\":\"https:\\\/\\\/gersonguelmann.com.br\\\/blog\\\/#website\",\"url\":\"https:\\\/\\\/gersonguelmann.com.br\\\/blog\\\/\",\"name\":\"Blog do Guelmann\",\"description\":\"Pitadas da sabedoria e do humor judaicos, assuntos do momento e um pouco das hist\u00f3rias que vivi e testemunhei.\",\"potentialAction\":[{\"@type\":\"SearchAction\",\"target\":{\"@type\":\"EntryPoint\",\"urlTemplate\":\"https:\\\/\\\/gersonguelmann.com.br\\\/blog\\\/?s={search_term_string}\"},\"query-input\":{\"@type\":\"PropertyValueSpecification\",\"valueRequired\":true,\"valueName\":\"search_term_string\"}}],\"inLanguage\":\"pt-BR\"},{\"@type\":\"Person\",\"@id\":\"https:\\\/\\\/gersonguelmann.com.br\\\/blog\\\/#\\\/schema\\\/person\\\/87e70e2a786888082f941a482c90569e\",\"name\":\"Gerson Guelmann\",\"image\":{\"@type\":\"ImageObject\",\"inLanguage\":\"pt-BR\",\"@id\":\"https:\\\/\\\/i0.wp.com\\\/gersonguelmann.com.br\\\/blog\\\/wp-content\\\/uploads\\\/2021\\\/08\\\/BLOG.jpeg?fit=96%2C96&ssl=1\",\"url\":\"https:\\\/\\\/i0.wp.com\\\/gersonguelmann.com.br\\\/blog\\\/wp-content\\\/uploads\\\/2021\\\/08\\\/BLOG.jpeg?fit=96%2C96&ssl=1\",\"contentUrl\":\"https:\\\/\\\/i0.wp.com\\\/gersonguelmann.com.br\\\/blog\\\/wp-content\\\/uploads\\\/2021\\\/08\\\/BLOG.jpeg?fit=96%2C96&ssl=1\",\"caption\":\"Gerson Guelmann\"},\"description\":\"Pitadas da sabedoria e do humor judaicos, assuntos do momento e um pouco das hist\u00f3rias que vivi e testemunhei.\"}]}<\/script>\n<!-- \/ Yoast SEO plugin. -->","yoast_head_json":{"title":"Porque Hoje \u00e9 S\u00e1bado | Blog do Guelmann","robots":{"index":"index","follow":"follow","max-snippet":"max-snippet:-1","max-image-preview":"max-image-preview:large","max-video-preview":"max-video-preview:-1"},"canonical":"https:\/\/gersonguelmann.com.br\/blog\/porque-hoje-e-sabado-2\/","og_locale":"pt_BR","og_type":"article","og_title":"Porque Hoje \u00e9 S\u00e1bado | Blog do Guelmann","og_description":"A sugest\u00e3o de hoje \u00e9 visitar o lugar chamado Porto Brazos. Para quem ficou em Curitiba no feriad\u00e3o e quer fazer um passeio no contra fluxo dos que sa\u00edram da cidade, \u00e9 uma \u00f3tima pedida. Estive l\u00e1 ha alguns anos, achei o lugar bonito e acredito que de l\u00e1 para c\u00e1 esteja ainda melhor. \u00c9 [&hellip;]","og_url":"https:\/\/gersonguelmann.com.br\/blog\/porque-hoje-e-sabado-2\/","og_site_name":"Blog do Guelmann","article_published_time":"2017-09-09T14:30:25+00:00","og_image":[{"width":1440,"height":810,"url":"https:\/\/i0.wp.com\/gersonguelmann.com.br\/blog\/wp-content\/uploads\/2017\/09\/PB-1.jpg?fit=1440%2C810&ssl=1","type":"image\/jpeg"}],"author":"Gerson Guelmann","twitter_card":"summary_large_image","twitter_misc":{"Escrito por":"Gerson Guelmann","Est. tempo de leitura":"1 minuto"},"schema":{"@context":"https:\/\/schema.org","@graph":[{"@type":"Article","@id":"https:\/\/gersonguelmann.com.br\/blog\/porque-hoje-e-sabado-2\/#article","isPartOf":{"@id":"https:\/\/gersonguelmann.com.br\/blog\/porque-hoje-e-sabado-2\/"},"author":{"name":"Gerson Guelmann","@id":"https:\/\/gersonguelmann.com.br\/blog\/#\/schema\/person\/87e70e2a786888082f941a482c90569e"},"headline":"Porque Hoje \u00e9 S\u00e1bado","datePublished":"2017-09-09T14:30:25+00:00","mainEntityOfPage":{"@id":"https:\/\/gersonguelmann.com.br\/blog\/porque-hoje-e-sabado-2\/"},"wordCount":144,"commentCount":0,"image":{"@id":"https:\/\/gersonguelmann.com.br\/blog\/porque-hoje-e-sabado-2\/#primaryimage"},"thumbnailUrl":"https:\/\/i0.wp.com\/gersonguelmann.com.br\/blog\/wp-content\/uploads\/2017\/09\/PB-1.jpg?fit=1440%2C810&ssl=1","inLanguage":"pt-BR","potentialAction":[{"@type":"CommentAction","name":"Comment","target":["https:\/\/gersonguelmann.com.br\/blog\/porque-hoje-e-sabado-2\/#respond"]}]},{"@type":"WebPage","@id":"https:\/\/gersonguelmann.com.br\/blog\/porque-hoje-e-sabado-2\/","url":"https:\/\/gersonguelmann.com.br\/blog\/porque-hoje-e-sabado-2\/","name":"Porque Hoje \u00e9 S\u00e1bado | Blog do Guelmann","isPartOf":{"@id":"https:\/\/gersonguelmann.com.br\/blog\/#website"},"primaryImageOfPage":{"@id":"https:\/\/gersonguelmann.com.br\/blog\/porque-hoje-e-sabado-2\/#primaryimage"},"image":{"@id":"https:\/\/gersonguelmann.com.br\/blog\/porque-hoje-e-sabado-2\/#primaryimage"},"thumbnailUrl":"https:\/\/i0.wp.com\/gersonguelmann.com.br\/blog\/wp-content\/uploads\/2017\/09\/PB-1.jpg?fit=1440%2C810&ssl=1","datePublished":"2017-09-09T14:30:25+00:00","author":{"@id":"https:\/\/gersonguelmann.com.br\/blog\/#\/schema\/person\/87e70e2a786888082f941a482c90569e"},"inLanguage":"pt-BR","potentialAction":[{"@type":"ReadAction","target":["https:\/\/gersonguelmann.com.br\/blog\/porque-hoje-e-sabado-2\/"]}]},{"@type":"ImageObject","inLanguage":"pt-BR","@id":"https:\/\/gersonguelmann.com.br\/blog\/porque-hoje-e-sabado-2\/#primaryimage","url":"https:\/\/i0.wp.com\/gersonguelmann.com.br\/blog\/wp-content\/uploads\/2017\/09\/PB-1.jpg?fit=1440%2C810&ssl=1","contentUrl":"https:\/\/i0.wp.com\/gersonguelmann.com.br\/blog\/wp-content\/uploads\/2017\/09\/PB-1.jpg?fit=1440%2C810&ssl=1","width":1440,"height":810},{"@type":"WebSite","@id":"https:\/\/gersonguelmann.com.br\/blog\/#website","url":"https:\/\/gersonguelmann.com.br\/blog\/","name":"Blog do Guelmann","description":"Pitadas da sabedoria e do humor judaicos, assuntos do momento e um pouco das hist\u00f3rias que vivi e testemunhei.","potentialAction":[{"@type":"SearchAction","target":{"@type":"EntryPoint","urlTemplate":"https:\/\/gersonguelmann.com.br\/blog\/?s={search_term_string}"},"query-input":{"@type":"PropertyValueSpecification","valueRequired":true,"valueName":"search_term_string"}}],"inLanguage":"pt-BR"},{"@type":"Person","@id":"https:\/\/gersonguelmann.com.br\/blog\/#\/schema\/person\/87e70e2a786888082f941a482c90569e","name":"Gerson Guelmann","image":{"@type":"ImageObject","inLanguage":"pt-BR","@id":"https:\/\/i0.wp.com\/gersonguelmann.com.br\/blog\/wp-content\/uploads\/2021\/08\/BLOG.jpeg?fit=96%2C96&ssl=1","url":"https:\/\/i0.wp.com\/gersonguelmann.com.br\/blog\/wp-content\/uploads\/2021\/08\/BLOG.jpeg?fit=96%2C96&ssl=1","contentUrl":"https:\/\/i0.wp.com\/gersonguelmann.com.br\/blog\/wp-content\/uploads\/2021\/08\/BLOG.jpeg?fit=96%2C96&ssl=1","caption":"Gerson Guelmann"},"description":"Pitadas da sabedoria e do humor judaicos, assuntos do momento e um pouco das hist\u00f3rias que vivi e testemunhei."}]}},"views":47,"jetpack_publicize_connections":[],"jetpack_featured_media_url":"https:\/\/i0.wp.com\/gersonguelmann.com.br\/blog\/wp-content\/uploads\/2017\/09\/PB-1.jpg?fit=1440%2C810&ssl=1","jetpack_shortlink":"https:\/\/wp.me\/p96e7O-oM","jetpack-related-posts":[{"id":13258,"url":"https:\/\/gersonguelmann.com.br\/blog\/a-humanidade-e-israel-por-cintia-moscovich\/","url_meta":{"origin":1536,"position":0},"title":"A Humanidade e Israel, Por C\u00edntia Moscovich (*)","author":"Gerson Guelmann","date":"24 de maio de 2018","format":false,"excerpt":"Devidamente autorizada pela autora, transcrevo o artigo de C\u00edntia Moscovich e publicado em sua coluna do jornal Zero Hora na \u00faltima segunda-feira. \"Na semana que passou, quando da transfer\u00eancia da embaixada americana para Jerusal\u00e9m, a Faixa de Gaza fervilhou: embates de \u00e1rabes-palestinos, comandados pelo governo do Hamas, e o ex\u00e9rcito\u2026","rel":"","context":"Em &quot;Sem categoria&quot;","block_context":{"text":"Sem categoria","link":"https:\/\/gersonguelmann.com.br\/blog\/category\/sem-categoria\/"},"img":{"alt_text":"","src":"https:\/\/i0.wp.com\/gersonguelmann.com.br\/blog\/wp-content\/uploads\/2018\/05\/new-country-890x400.jpg?fit=890%2C400&ssl=1&resize=350%2C200","width":350,"height":200,"srcset":"https:\/\/i0.wp.com\/gersonguelmann.com.br\/blog\/wp-content\/uploads\/2018\/05\/new-country-890x400.jpg?fit=890%2C400&ssl=1&resize=350%2C200 1x, https:\/\/i0.wp.com\/gersonguelmann.com.br\/blog\/wp-content\/uploads\/2018\/05\/new-country-890x400.jpg?fit=890%2C400&ssl=1&resize=525%2C300 1.5x, https:\/\/i0.wp.com\/gersonguelmann.com.br\/blog\/wp-content\/uploads\/2018\/05\/new-country-890x400.jpg?fit=890%2C400&ssl=1&resize=700%2C400 2x"},"classes":[]},{"id":18385,"url":"https:\/\/gersonguelmann.com.br\/blog\/curitibanices-reflexoes-sobre-o-cotidiano-em-uma-cidade-grande\/","url_meta":{"origin":1536,"position":1},"title":"Curitibanices &#8211; Reflex\u00f5es Sobre o Cotidiano em Uma Cidade Grande","author":"Gerson Guelmann","date":"11 de setembro de 2019","format":false,"excerpt":"Certas coisas s\u00f3 acontecem em Curitiba, mesmo. H\u00e1 poucos meses postei aqui sobre o h\u00e1bito que os nativos t\u00eam de andar com guarda-chuvas embaixo das marquises, deixando os pobres \"desapetrechados\" (como dizia Odorico Paragua\u00e7u) \u00e0 merc\u00ea de agress\u00f5es fortuitas. Hoje acrescento outras experi\u00eancias t\u00edpicas da nossa Capital: * Numa tarde\u2026","rel":"","context":"Em &quot;Sem categoria&quot;","block_context":{"text":"Sem categoria","link":"https:\/\/gersonguelmann.com.br\/blog\/category\/sem-categoria\/"},"img":{"alt_text":"","src":"https:\/\/i0.wp.com\/gersonguelmann.com.br\/blog\/wp-content\/uploads\/2019\/09\/Idoso.jpg?fit=861%2C1200&ssl=1&resize=350%2C200","width":350,"height":200,"srcset":"https:\/\/i0.wp.com\/gersonguelmann.com.br\/blog\/wp-content\/uploads\/2019\/09\/Idoso.jpg?fit=861%2C1200&ssl=1&resize=350%2C200 1x, https:\/\/i0.wp.com\/gersonguelmann.com.br\/blog\/wp-content\/uploads\/2019\/09\/Idoso.jpg?fit=861%2C1200&ssl=1&resize=525%2C300 1.5x, https:\/\/i0.wp.com\/gersonguelmann.com.br\/blog\/wp-content\/uploads\/2019\/09\/Idoso.jpg?fit=861%2C1200&ssl=1&resize=700%2C400 2x"},"classes":[]},{"id":17971,"url":"https:\/\/gersonguelmann.com.br\/blog\/jaime-lerner-recebe-homenagem-pelo-projeto-da-orla-do-guaiba\/","url_meta":{"origin":1536,"position":2},"title":"Jaime Lerner Recebe Homenagem Pelo Projeto da Orla do Gua\u00edba","author":"Gerson Guelmann","date":"10 de agosto de 2019","format":false,"excerpt":"Transcrevo, com grande alegria e imensa satisfa\u00e7\u00e3o, mat\u00e9ria publicada ontem no site da C\u00e2mara Municipal de Porto Alegre: SESS\u00c3O SOLENE Jaime Lerner recebe Trof\u00e9u C\u00e2mara Municipal Homenagem foi prestada pela C\u00e2mara Municipal na noite desta sexta-feira 09\/08\/2019 19:13 O curitibano Jaime Lerner, arquiteto e urbanista respons\u00e1vel pelo projeto da Orla\u2026","rel":"","context":"Em &quot;Sem categoria&quot;","block_context":{"text":"Sem categoria","link":"https:\/\/gersonguelmann.com.br\/blog\/category\/sem-categoria\/"},"img":{"alt_text":"","src":"https:\/\/i0.wp.com\/gersonguelmann.com.br\/blog\/wp-content\/uploads\/2019\/08\/JL.jpg?fit=676%2C450&ssl=1&resize=350%2C200","width":350,"height":200,"srcset":"https:\/\/i0.wp.com\/gersonguelmann.com.br\/blog\/wp-content\/uploads\/2019\/08\/JL.jpg?fit=676%2C450&ssl=1&resize=350%2C200 1x, https:\/\/i0.wp.com\/gersonguelmann.com.br\/blog\/wp-content\/uploads\/2019\/08\/JL.jpg?fit=676%2C450&ssl=1&resize=525%2C300 1.5x"},"classes":[]},{"id":25078,"url":"https:\/\/gersonguelmann.com.br\/blog\/uma-pausa-para-a-memoria-quando-o-humor-da-lugar-a-lembranca\/","url_meta":{"origin":1536,"position":3},"title":"Uma Pausa para a Mem\u00f3ria: Quando o Humor d\u00e1 Lugar \u00e0 Lembran\u00e7a","author":"Gerson Guelmann","date":"7 de fevereiro de 2025","format":false,"excerpt":"Todos sabem que o humor \u00e9 um grande aliado da vida, mas h\u00e1 ocasi\u00f5es em que ele se recolhe, respeitosamente, diante da mem\u00f3ria. Hoje, 7 de fevereiro, pe\u00e7o desculpas aos meus queridos leitores: n\u00e3o consigo publicar humor. Nesse dia, h\u00e1 exatamente 60 anos, em um domingo de 1965, perdi meus\u2026","rel":"","context":"Em &quot;Sem categoria&quot;","block_context":{"text":"Sem categoria","link":"https:\/\/gersonguelmann.com.br\/blog\/category\/sem-categoria\/"},"img":{"alt_text":"","src":"https:\/\/i0.wp.com\/gersonguelmann.com.br\/blog\/wp-content\/uploads\/2025\/02\/ULTMA-FOTO-1.png?fit=402%2C600&ssl=1&resize=350%2C200","width":350,"height":200},"classes":[]},{"id":8067,"url":"https:\/\/gersonguelmann.com.br\/blog\/aarao-frida-e-um-show-imperdivel\/","url_meta":{"origin":1536,"position":4},"title":"Aar\u00e3o, Frida e Um Show Imperd\u00edvel","author":"Gerson Guelmann","date":"16 de janeiro de 2021","format":false,"excerpt":"Aar\u00e3o e Frida sa\u00edram para ver \u201cO Violinista no Telhado\u201d no teatro. Era uma \u00fanica apresenta\u00e7\u00e3o, aguardada pela comunidade judaica da cidade h\u00e1 muito tempo. Todos os ingressos foram vendidos com anteced\u00eancia e o casal, por ter comprado\u00a0 logo que as vendas come\u00e7aram, conseguiu lugares na primeira fila. O teatro\u2026","rel":"","context":"Em &quot;Sem categoria&quot;","block_context":{"text":"Sem categoria","link":"https:\/\/gersonguelmann.com.br\/blog\/category\/sem-categoria\/"},"img":{"alt_text":"","src":"https:\/\/i0.wp.com\/gersonguelmann.com.br\/blog\/wp-content\/uploads\/2018\/02\/Chagall.jpg?resize=350%2C200&ssl=1","width":350,"height":200},"classes":[]},{"id":19043,"url":"https:\/\/gersonguelmann.com.br\/blog\/porque-os-judeus-sao-ricos\/","url_meta":{"origin":1536,"position":5},"title":"Porque os Judeus S\u00e3o Ricos?","author":"Gerson Guelmann","date":"31 de outubro de 2019","format":false,"excerpt":"Somente hoje tomei conhecimento de artigo escrito pelo Gilberto Dimenstein e publicado pela Folha de S\u00e3o Paulo em 26 de janeiro de 1997.\u00a0\u00a0 Como certamente muita gente tamb\u00e9m desconhece o texto, achei oportuno compartilhar: S\u00e3o Paulo, domingo, 26 de janeiro de 1997 O segredo da riqueza dos judeus GILBERTO DIMENSTEIN\u2026","rel":"","context":"Em &quot;Sem categoria&quot;","block_context":{"text":"Sem categoria","link":"https:\/\/gersonguelmann.com.br\/blog\/category\/sem-categoria\/"},"img":{"alt_text":"","src":"https:\/\/i0.wp.com\/gersonguelmann.com.br\/blog\/wp-content\/uploads\/2019\/10\/Educa%C3%A7%C3%A3o.jpg?fit=750%2C500&ssl=1&resize=350%2C200","width":350,"height":200,"srcset":"https:\/\/i0.wp.com\/gersonguelmann.com.br\/blog\/wp-content\/uploads\/2019\/10\/Educa%C3%A7%C3%A3o.jpg?fit=750%2C500&ssl=1&resize=350%2C200 1x, https:\/\/i0.wp.com\/gersonguelmann.com.br\/blog\/wp-content\/uploads\/2019\/10\/Educa%C3%A7%C3%A3o.jpg?fit=750%2C500&ssl=1&resize=525%2C300 1.5x, https:\/\/i0.wp.com\/gersonguelmann.com.br\/blog\/wp-content\/uploads\/2019\/10\/Educa%C3%A7%C3%A3o.jpg?fit=750%2C500&ssl=1&resize=700%2C400 2x"},"classes":[]}],"jetpack_sharing_enabled":true,"post_mailing_queue_ids":[],"_links":{"self":[{"href":"https:\/\/gersonguelmann.com.br\/blog\/wp-json\/wp\/v2\/posts\/1536","targetHints":{"allow":["GET"]}}],"collection":[{"href":"https:\/\/gersonguelmann.com.br\/blog\/wp-json\/wp\/v2\/posts"}],"about":[{"href":"https:\/\/gersonguelmann.com.br\/blog\/wp-json\/wp\/v2\/types\/post"}],"author":[{"embeddable":true,"href":"https:\/\/gersonguelmann.com.br\/blog\/wp-json\/wp\/v2\/users\/5"}],"replies":[{"embeddable":true,"href":"https:\/\/gersonguelmann.com.br\/blog\/wp-json\/wp\/v2\/comments?post=1536"}],"version-history":[{"count":0,"href":"https:\/\/gersonguelmann.com.br\/blog\/wp-json\/wp\/v2\/posts\/1536\/revisions"}],"wp:featuredmedia":[{"embeddable":true,"href":"https:\/\/gersonguelmann.com.br\/blog\/wp-json\/wp\/v2\/media\/1537"}],"wp:attachment":[{"href":"https:\/\/gersonguelmann.com.br\/blog\/wp-json\/wp\/v2\/media?parent=1536"}],"wp:term":[{"taxonomy":"category","embeddable":true,"href":"https:\/\/gersonguelmann.com.br\/blog\/wp-json\/wp\/v2\/categories?post=1536"},{"taxonomy":"post_tag","embeddable":true,"href":"https:\/\/gersonguelmann.com.br\/blog\/wp-json\/wp\/v2\/tags?post=1536"}],"curies":[{"name":"wp","href":"https:\/\/api.w.org\/{rel}","templated":true}]}}