    {"id":16542,"date":"2025-10-20T17:53:05","date_gmt":"2025-10-20T20:53:05","guid":{"rendered":"https:\/\/gersonguelmann.com.br\/blog\/?p=16542"},"modified":"2025-10-21T15:04:15","modified_gmt":"2025-10-21T18:04:15","slug":"o-que-e-melhor-contratar-profissionais-ou-estagiarios","status":"publish","type":"post","link":"https:\/\/gersonguelmann.com.br\/blog\/o-que-e-melhor-contratar-profissionais-ou-estagiarios\/","title":{"rendered":"Humor e Criatividade no Dilema: Contratar Profissionais ou Estagi\u00e1rios?"},"content":{"rendered":"<p style=\"text-align: center;\" data-start=\"232\" data-end=\"477\"><img data-recalc-dims=\"1\" decoding=\"async\" class=\"attachment-266x266 size-266x266 aligncenter\" src=\"https:\/\/i0.wp.com\/gersonguelmann.com.br\/blog\/wp-content\/uploads\/2025\/10\/HojePR-11.jpg?resize=266%2C178&#038;ssl=1\" sizes=\"(max-width: 266px) 100vw, 266px\" srcset=\"https:\/\/i0.wp.com\/gersonguelmann.com.br\/blog\/wp-content\/uploads\/2025\/10\/HojePR-11.jpg?w=600&amp;ssl=1 600w, https:\/\/i0.wp.com\/gersonguelmann.com.br\/blog\/wp-content\/uploads\/2025\/10\/HojePR-11.jpg?resize=300%2C201&amp;ssl=1 300w\" alt=\"\" width=\"266\" height=\"178\" \/><a href=\"https:\/\/www.pexels.com\/pt-br\/foto\/acordo-contrato-advogado-cliente-8112172\/\"><span style=\"color: #0000ff; font-size: 18pt;\"><em><strong>Foto: Pexels<\/strong><\/em><\/span><\/a><\/p>\n<p data-start=\"232\" data-end=\"477\"><span style=\"color: #000000; font-family: tahoma, arial, helvetica, sans-serif; font-size: 18pt;\">A contrata\u00e7\u00e3o de novos colaboradores para uma empresa &#8211; especialmente as de m\u00e9dio e grande porte &#8211; \u00e9 sempre objeto de an\u00e1lise cuidadosa dos executivos, que eventualmente podem se defrontar com o dilema: <strong data-start=\"435\" data-end=\"475\">trazer profissionais ou estagi\u00e1rios?<\/strong><\/span><\/p>\n<p data-start=\"479\" data-end=\"789\"><span style=\"color: #000000; font-family: tahoma, arial, helvetica, sans-serif; font-size: 18pt;\">N\u00e3o h\u00e1 uma resposta \u00fanica para essa quest\u00e3o. Contratar um profissional experiente \u00e9 como escalar um jogador de elite para o seu time. Eles trazem bagagem: anos de pr\u00e1tica, conhecimento consolidado e, dependendo da \u00e1rea de atua\u00e7\u00e3o, at\u00e9 mesmo uma rede de contatos que pode abrir portas e atrair novos clientes.<\/span><\/p>\n<p data-start=\"791\" data-end=\"1042\"><span style=\"color: #000000; font-family: tahoma, arial, helvetica, sans-serif; font-size: 18pt;\">No ambiente corporativo, isso se traduz em efici\u00eancia, capacidade de resolver problemas complexos e menor necessidade de supervis\u00e3o. D\u00e1 para dizer, sem medo de errar, que &#8211; mesmo que seja para uma \u00fanica vaga &#8211; esse \u00e9 o sonho de todo chefe ou patr\u00e3o.<\/span><\/p>\n<p data-start=\"1044\" data-end=\"1312\"><span style=\"color: #000000; font-family: tahoma, arial, helvetica, sans-serif; font-size: 18pt;\">Mas h\u00e1 um \u201cpor\u00e9m\u201d: um profissional experiente costuma representar um custo financeiro maior e, \u00e0s vezes, menor abertura a inova\u00e7\u00f5es. E tamb\u00e9m \u00e9 verdade que eles n\u00e3o t\u00eam o que sobra nos estagi\u00e1rios: o brilho nos olhos de quem est\u00e1 come\u00e7ando e quer conquistar o mundo.<\/span><\/p>\n<p data-start=\"1314\" data-end=\"1521\"><span style=\"color: #000000; font-family: tahoma, arial, helvetica, sans-serif; font-size: 18pt;\">Os estagi\u00e1rios trazem ideias frescas, desprovidas dos v\u00edcios de quem est\u00e1 h\u00e1 anos no mercado. S\u00e3o nativos digitais, adapt\u00e1veis e, frequentemente, mais abertos a experimentar novas ferramentas e abordagens.<\/span><\/p>\n<p data-start=\"1523\" data-end=\"1760\"><span style=\"color: #000000; font-family: tahoma, arial, helvetica, sans-serif; font-size: 18pt;\">Esse dilema foi muito bem ilustrado em uma esp\u00e9cie de \u201cexperimento\u201d feito h\u00e1 alguns anos. Imagine a seguinte cena: tr\u00eas jogadores profissionais de futebol, confiantes e experientes, enfrentando um time de&#8230; <strong data-start=\"1731\" data-end=\"1748\">100 crian\u00e7as!<\/strong> Sim, cem!<\/span><\/p>\n<p data-start=\"1762\" data-end=\"2007\"><span style=\"color: #000000; font-family: tahoma, arial, helvetica, sans-serif; font-size: 18pt;\">Esse foi o cen\u00e1rio de um v\u00eddeo hil\u00e1rio exibido originalmente pela TV japonesa em 2018, protagonizado pelo time Kiukugen. A partida, que na \u00e9poca viralizou nas redes sociais, continua sendo usada como uma met\u00e1fora divertida para essa discuss\u00e3o.<\/span><\/p>\n<p data-start=\"2009\" data-end=\"2236\"><span style=\"color: #000000; font-family: tahoma, arial, helvetica, sans-serif; font-size: 18pt;\">No v\u00eddeo, as crian\u00e7as, com seu esquema t\u00e1tico ca\u00f3tico (e hil\u00e1rio) de \u201c30-30-30-10\u201d, correm, chutam e se jogam com uma energia inesgot\u00e1vel, enquanto os profissionais tentam, com t\u00e9cnica e estrat\u00e9gia, manter o controle do jogo.<\/span><\/p>\n<p data-start=\"2238\" data-end=\"2362\"><span style=\"color: #000000; font-family: tahoma, arial, helvetica, sans-serif; font-size: 18pt;\">A cena \u00e9 uma analogia perfeita para o dilema enfrentado por quem precisa montar uma equipe: <strong data-start=\"2330\" data-end=\"2360\">experi\u00eancia ou entusiasmo?<\/strong><\/span><\/p>\n<p data-start=\"2364\" data-end=\"2468\"><span style=\"color: #000000; font-family: tahoma, arial, helvetica, sans-serif; font-size: 18pt;\">Sem d\u00favida, \u00e9 uma forma bem divertida de refletir sobre isso. Assista e tire suas pr\u00f3prias conclus\u00f5es!<\/span><\/p>\n<p style=\"text-align: center;\"><span style=\"font-size: 18pt;\"><strong><a href=\"https:\/\/www.youtube.com\/watch?v=XjWDiCe35-o\">https:\/\/www.youtube.com\/watch?v=XjWDiCe35-o\u00a0<\/a><\/strong><\/span><\/p>\n","protected":false},"excerpt":{"rendered":"<p>Foto: Pexels A contrata\u00e7\u00e3o de novos colaboradores para uma empresa &#8211; especialmente as de m\u00e9dio e grande porte &#8211; \u00e9 sempre objeto de an\u00e1lise cuidadosa dos executivos, que eventualmente podem se defrontar com o dilema: trazer profissionais ou estagi\u00e1rios? N\u00e3o h\u00e1 uma resposta \u00fanica para essa quest\u00e3o. Contratar um profissional experiente \u00e9 como escalar um [&hellip;]<\/p>\n","protected":false},"author":5,"featured_media":26402,"comment_status":"open","ping_status":"open","sticky":false,"template":"","format":"standard","meta":{"_acf_changed":false,"jetpack_post_was_ever_published":false,"_jetpack_newsletter_access":"","_jetpack_dont_email_post_to_subs":false,"_jetpack_newsletter_tier_id":0,"_jetpack_memberships_contains_paywalled_content":false,"_jetpack_memberships_contains_paid_content":false,"footnotes":"","jetpack_publicize_message":"","jetpack_publicize_feature_enabled":true,"jetpack_social_post_already_shared":true,"jetpack_social_options":{"image_generator_settings":{"template":"highway","default_image_id":0,"font":"","enabled":false},"version":2}},"categories":[1],"tags":[],"class_list":["post-16542","post","type-post","status-publish","format-standard","has-post-thumbnail","hentry","category-sem-categoria"],"acf":[],"yoast_head":"<!-- This site is optimized with the Yoast SEO plugin v27.3 - https:\/\/yoast.com\/product\/yoast-seo-wordpress\/ -->\n<title>Humor e Criatividade no Dilema: Contratar Profissionais ou Estagi\u00e1rios? | Blog do Guelmann<\/title>\n<meta name=\"robots\" content=\"index, follow, max-snippet:-1, max-image-preview:large, max-video-preview:-1\" \/>\n<link rel=\"canonical\" href=\"https:\/\/gersonguelmann.com.br\/blog\/o-que-e-melhor-contratar-profissionais-ou-estagiarios\/\" \/>\n<meta property=\"og:locale\" content=\"pt_BR\" \/>\n<meta property=\"og:type\" content=\"article\" \/>\n<meta property=\"og:title\" content=\"Humor e Criatividade no Dilema: Contratar Profissionais ou Estagi\u00e1rios? | Blog do Guelmann\" \/>\n<meta property=\"og:description\" content=\"Foto: Pexels A contrata\u00e7\u00e3o de novos colaboradores para uma empresa &#8211; especialmente as de m\u00e9dio e grande porte &#8211; \u00e9 sempre objeto de an\u00e1lise cuidadosa dos executivos, que eventualmente podem se defrontar com o dilema: trazer profissionais ou estagi\u00e1rios? N\u00e3o h\u00e1 uma resposta \u00fanica para essa quest\u00e3o. Contratar um profissional experiente \u00e9 como escalar um [&hellip;]\" \/>\n<meta property=\"og:url\" content=\"https:\/\/gersonguelmann.com.br\/blog\/o-que-e-melhor-contratar-profissionais-ou-estagiarios\/\" \/>\n<meta property=\"og:site_name\" content=\"Blog do Guelmann\" \/>\n<meta property=\"article:published_time\" content=\"2025-10-20T20:53:05+00:00\" \/>\n<meta property=\"article:modified_time\" content=\"2025-10-21T18:04:15+00:00\" \/>\n<meta property=\"og:image\" content=\"https:\/\/gersonguelmann.com.br\/blog\/wp-content\/uploads\/2025\/10\/HojePR-11.jpg\" \/>\n\t<meta property=\"og:image:width\" content=\"600\" \/>\n\t<meta property=\"og:image:height\" content=\"401\" \/>\n\t<meta property=\"og:image:type\" content=\"image\/jpeg\" \/>\n<meta name=\"author\" content=\"Gerson Guelmann\" \/>\n<meta name=\"twitter:card\" content=\"summary_large_image\" \/>\n<meta name=\"twitter:label1\" content=\"Escrito por\" \/>\n\t<meta name=\"twitter:data1\" content=\"Gerson Guelmann\" \/>\n\t<meta name=\"twitter:label2\" content=\"Est. tempo de leitura\" \/>\n\t<meta name=\"twitter:data2\" content=\"3 minutos\" \/>\n<script type=\"application\/ld+json\" class=\"yoast-schema-graph\">{\"@context\":\"https:\\\/\\\/schema.org\",\"@graph\":[{\"@type\":\"Article\",\"@id\":\"https:\\\/\\\/gersonguelmann.com.br\\\/blog\\\/o-que-e-melhor-contratar-profissionais-ou-estagiarios\\\/#article\",\"isPartOf\":{\"@id\":\"https:\\\/\\\/gersonguelmann.com.br\\\/blog\\\/o-que-e-melhor-contratar-profissionais-ou-estagiarios\\\/\"},\"author\":{\"name\":\"Gerson Guelmann\",\"@id\":\"https:\\\/\\\/gersonguelmann.com.br\\\/blog\\\/#\\\/schema\\\/person\\\/87e70e2a786888082f941a482c90569e\"},\"headline\":\"Humor e Criatividade no Dilema: Contratar Profissionais ou Estagi\u00e1rios?\",\"datePublished\":\"2025-10-20T20:53:05+00:00\",\"dateModified\":\"2025-10-21T18:04:15+00:00\",\"mainEntityOfPage\":{\"@id\":\"https:\\\/\\\/gersonguelmann.com.br\\\/blog\\\/o-que-e-melhor-contratar-profissionais-ou-estagiarios\\\/\"},\"wordCount\":407,\"commentCount\":0,\"image\":{\"@id\":\"https:\\\/\\\/gersonguelmann.com.br\\\/blog\\\/o-que-e-melhor-contratar-profissionais-ou-estagiarios\\\/#primaryimage\"},\"thumbnailUrl\":\"https:\\\/\\\/i0.wp.com\\\/gersonguelmann.com.br\\\/blog\\\/wp-content\\\/uploads\\\/2025\\\/10\\\/HojePR-11.jpg?fit=600%2C401&ssl=1\",\"inLanguage\":\"pt-BR\",\"potentialAction\":[{\"@type\":\"CommentAction\",\"name\":\"Comment\",\"target\":[\"https:\\\/\\\/gersonguelmann.com.br\\\/blog\\\/o-que-e-melhor-contratar-profissionais-ou-estagiarios\\\/#respond\"]}]},{\"@type\":\"WebPage\",\"@id\":\"https:\\\/\\\/gersonguelmann.com.br\\\/blog\\\/o-que-e-melhor-contratar-profissionais-ou-estagiarios\\\/\",\"url\":\"https:\\\/\\\/gersonguelmann.com.br\\\/blog\\\/o-que-e-melhor-contratar-profissionais-ou-estagiarios\\\/\",\"name\":\"Humor e Criatividade no Dilema: Contratar Profissionais ou Estagi\u00e1rios? | Blog do Guelmann\",\"isPartOf\":{\"@id\":\"https:\\\/\\\/gersonguelmann.com.br\\\/blog\\\/#website\"},\"primaryImageOfPage\":{\"@id\":\"https:\\\/\\\/gersonguelmann.com.br\\\/blog\\\/o-que-e-melhor-contratar-profissionais-ou-estagiarios\\\/#primaryimage\"},\"image\":{\"@id\":\"https:\\\/\\\/gersonguelmann.com.br\\\/blog\\\/o-que-e-melhor-contratar-profissionais-ou-estagiarios\\\/#primaryimage\"},\"thumbnailUrl\":\"https:\\\/\\\/i0.wp.com\\\/gersonguelmann.com.br\\\/blog\\\/wp-content\\\/uploads\\\/2025\\\/10\\\/HojePR-11.jpg?fit=600%2C401&ssl=1\",\"datePublished\":\"2025-10-20T20:53:05+00:00\",\"dateModified\":\"2025-10-21T18:04:15+00:00\",\"author\":{\"@id\":\"https:\\\/\\\/gersonguelmann.com.br\\\/blog\\\/#\\\/schema\\\/person\\\/87e70e2a786888082f941a482c90569e\"},\"inLanguage\":\"pt-BR\",\"potentialAction\":[{\"@type\":\"ReadAction\",\"target\":[\"https:\\\/\\\/gersonguelmann.com.br\\\/blog\\\/o-que-e-melhor-contratar-profissionais-ou-estagiarios\\\/\"]}]},{\"@type\":\"ImageObject\",\"inLanguage\":\"pt-BR\",\"@id\":\"https:\\\/\\\/gersonguelmann.com.br\\\/blog\\\/o-que-e-melhor-contratar-profissionais-ou-estagiarios\\\/#primaryimage\",\"url\":\"https:\\\/\\\/i0.wp.com\\\/gersonguelmann.com.br\\\/blog\\\/wp-content\\\/uploads\\\/2025\\\/10\\\/HojePR-11.jpg?fit=600%2C401&ssl=1\",\"contentUrl\":\"https:\\\/\\\/i0.wp.com\\\/gersonguelmann.com.br\\\/blog\\\/wp-content\\\/uploads\\\/2025\\\/10\\\/HojePR-11.jpg?fit=600%2C401&ssl=1\",\"width\":600,\"height\":401},{\"@type\":\"WebSite\",\"@id\":\"https:\\\/\\\/gersonguelmann.com.br\\\/blog\\\/#website\",\"url\":\"https:\\\/\\\/gersonguelmann.com.br\\\/blog\\\/\",\"name\":\"Blog do Guelmann\",\"description\":\"Pitadas da sabedoria e do humor judaicos, assuntos do momento e um pouco das hist\u00f3rias que vivi e testemunhei.\",\"potentialAction\":[{\"@type\":\"SearchAction\",\"target\":{\"@type\":\"EntryPoint\",\"urlTemplate\":\"https:\\\/\\\/gersonguelmann.com.br\\\/blog\\\/?s={search_term_string}\"},\"query-input\":{\"@type\":\"PropertyValueSpecification\",\"valueRequired\":true,\"valueName\":\"search_term_string\"}}],\"inLanguage\":\"pt-BR\"},{\"@type\":\"Person\",\"@id\":\"https:\\\/\\\/gersonguelmann.com.br\\\/blog\\\/#\\\/schema\\\/person\\\/87e70e2a786888082f941a482c90569e\",\"name\":\"Gerson Guelmann\",\"image\":{\"@type\":\"ImageObject\",\"inLanguage\":\"pt-BR\",\"@id\":\"https:\\\/\\\/i0.wp.com\\\/gersonguelmann.com.br\\\/blog\\\/wp-content\\\/uploads\\\/2021\\\/08\\\/BLOG.jpeg?fit=96%2C96&ssl=1\",\"url\":\"https:\\\/\\\/i0.wp.com\\\/gersonguelmann.com.br\\\/blog\\\/wp-content\\\/uploads\\\/2021\\\/08\\\/BLOG.jpeg?fit=96%2C96&ssl=1\",\"contentUrl\":\"https:\\\/\\\/i0.wp.com\\\/gersonguelmann.com.br\\\/blog\\\/wp-content\\\/uploads\\\/2021\\\/08\\\/BLOG.jpeg?fit=96%2C96&ssl=1\",\"caption\":\"Gerson Guelmann\"},\"description\":\"Pitadas da sabedoria e do humor judaicos, assuntos do momento e um pouco das hist\u00f3rias que vivi e testemunhei.\"}]}<\/script>\n<!-- \/ Yoast SEO plugin. -->","yoast_head_json":{"title":"Humor e Criatividade no Dilema: Contratar Profissionais ou Estagi\u00e1rios? | Blog do Guelmann","robots":{"index":"index","follow":"follow","max-snippet":"max-snippet:-1","max-image-preview":"max-image-preview:large","max-video-preview":"max-video-preview:-1"},"canonical":"https:\/\/gersonguelmann.com.br\/blog\/o-que-e-melhor-contratar-profissionais-ou-estagiarios\/","og_locale":"pt_BR","og_type":"article","og_title":"Humor e Criatividade no Dilema: Contratar Profissionais ou Estagi\u00e1rios? | Blog do Guelmann","og_description":"Foto: Pexels A contrata\u00e7\u00e3o de novos colaboradores para uma empresa &#8211; especialmente as de m\u00e9dio e grande porte &#8211; \u00e9 sempre objeto de an\u00e1lise cuidadosa dos executivos, que eventualmente podem se defrontar com o dilema: trazer profissionais ou estagi\u00e1rios? N\u00e3o h\u00e1 uma resposta \u00fanica para essa quest\u00e3o. Contratar um profissional experiente \u00e9 como escalar um [&hellip;]","og_url":"https:\/\/gersonguelmann.com.br\/blog\/o-que-e-melhor-contratar-profissionais-ou-estagiarios\/","og_site_name":"Blog do Guelmann","article_published_time":"2025-10-20T20:53:05+00:00","article_modified_time":"2025-10-21T18:04:15+00:00","og_image":[{"width":600,"height":401,"url":"https:\/\/gersonguelmann.com.br\/blog\/wp-content\/uploads\/2025\/10\/HojePR-11.jpg","type":"image\/jpeg"}],"author":"Gerson Guelmann","twitter_card":"summary_large_image","twitter_misc":{"Escrito por":"Gerson Guelmann","Est. tempo de leitura":"3 minutos"},"schema":{"@context":"https:\/\/schema.org","@graph":[{"@type":"Article","@id":"https:\/\/gersonguelmann.com.br\/blog\/o-que-e-melhor-contratar-profissionais-ou-estagiarios\/#article","isPartOf":{"@id":"https:\/\/gersonguelmann.com.br\/blog\/o-que-e-melhor-contratar-profissionais-ou-estagiarios\/"},"author":{"name":"Gerson Guelmann","@id":"https:\/\/gersonguelmann.com.br\/blog\/#\/schema\/person\/87e70e2a786888082f941a482c90569e"},"headline":"Humor e Criatividade no Dilema: Contratar Profissionais ou Estagi\u00e1rios?","datePublished":"2025-10-20T20:53:05+00:00","dateModified":"2025-10-21T18:04:15+00:00","mainEntityOfPage":{"@id":"https:\/\/gersonguelmann.com.br\/blog\/o-que-e-melhor-contratar-profissionais-ou-estagiarios\/"},"wordCount":407,"commentCount":0,"image":{"@id":"https:\/\/gersonguelmann.com.br\/blog\/o-que-e-melhor-contratar-profissionais-ou-estagiarios\/#primaryimage"},"thumbnailUrl":"https:\/\/i0.wp.com\/gersonguelmann.com.br\/blog\/wp-content\/uploads\/2025\/10\/HojePR-11.jpg?fit=600%2C401&ssl=1","inLanguage":"pt-BR","potentialAction":[{"@type":"CommentAction","name":"Comment","target":["https:\/\/gersonguelmann.com.br\/blog\/o-que-e-melhor-contratar-profissionais-ou-estagiarios\/#respond"]}]},{"@type":"WebPage","@id":"https:\/\/gersonguelmann.com.br\/blog\/o-que-e-melhor-contratar-profissionais-ou-estagiarios\/","url":"https:\/\/gersonguelmann.com.br\/blog\/o-que-e-melhor-contratar-profissionais-ou-estagiarios\/","name":"Humor e Criatividade no Dilema: Contratar Profissionais ou Estagi\u00e1rios? | Blog do Guelmann","isPartOf":{"@id":"https:\/\/gersonguelmann.com.br\/blog\/#website"},"primaryImageOfPage":{"@id":"https:\/\/gersonguelmann.com.br\/blog\/o-que-e-melhor-contratar-profissionais-ou-estagiarios\/#primaryimage"},"image":{"@id":"https:\/\/gersonguelmann.com.br\/blog\/o-que-e-melhor-contratar-profissionais-ou-estagiarios\/#primaryimage"},"thumbnailUrl":"https:\/\/i0.wp.com\/gersonguelmann.com.br\/blog\/wp-content\/uploads\/2025\/10\/HojePR-11.jpg?fit=600%2C401&ssl=1","datePublished":"2025-10-20T20:53:05+00:00","dateModified":"2025-10-21T18:04:15+00:00","author":{"@id":"https:\/\/gersonguelmann.com.br\/blog\/#\/schema\/person\/87e70e2a786888082f941a482c90569e"},"inLanguage":"pt-BR","potentialAction":[{"@type":"ReadAction","target":["https:\/\/gersonguelmann.com.br\/blog\/o-que-e-melhor-contratar-profissionais-ou-estagiarios\/"]}]},{"@type":"ImageObject","inLanguage":"pt-BR","@id":"https:\/\/gersonguelmann.com.br\/blog\/o-que-e-melhor-contratar-profissionais-ou-estagiarios\/#primaryimage","url":"https:\/\/i0.wp.com\/gersonguelmann.com.br\/blog\/wp-content\/uploads\/2025\/10\/HojePR-11.jpg?fit=600%2C401&ssl=1","contentUrl":"https:\/\/i0.wp.com\/gersonguelmann.com.br\/blog\/wp-content\/uploads\/2025\/10\/HojePR-11.jpg?fit=600%2C401&ssl=1","width":600,"height":401},{"@type":"WebSite","@id":"https:\/\/gersonguelmann.com.br\/blog\/#website","url":"https:\/\/gersonguelmann.com.br\/blog\/","name":"Blog do Guelmann","description":"Pitadas da sabedoria e do humor judaicos, assuntos do momento e um pouco das hist\u00f3rias que vivi e testemunhei.","potentialAction":[{"@type":"SearchAction","target":{"@type":"EntryPoint","urlTemplate":"https:\/\/gersonguelmann.com.br\/blog\/?s={search_term_string}"},"query-input":{"@type":"PropertyValueSpecification","valueRequired":true,"valueName":"search_term_string"}}],"inLanguage":"pt-BR"},{"@type":"Person","@id":"https:\/\/gersonguelmann.com.br\/blog\/#\/schema\/person\/87e70e2a786888082f941a482c90569e","name":"Gerson Guelmann","image":{"@type":"ImageObject","inLanguage":"pt-BR","@id":"https:\/\/i0.wp.com\/gersonguelmann.com.br\/blog\/wp-content\/uploads\/2021\/08\/BLOG.jpeg?fit=96%2C96&ssl=1","url":"https:\/\/i0.wp.com\/gersonguelmann.com.br\/blog\/wp-content\/uploads\/2021\/08\/BLOG.jpeg?fit=96%2C96&ssl=1","contentUrl":"https:\/\/i0.wp.com\/gersonguelmann.com.br\/blog\/wp-content\/uploads\/2021\/08\/BLOG.jpeg?fit=96%2C96&ssl=1","caption":"Gerson Guelmann"},"description":"Pitadas da sabedoria e do humor judaicos, assuntos do momento e um pouco das hist\u00f3rias que vivi e testemunhei."}]}},"views":69,"jetpack_publicize_connections":[],"jetpack_featured_media_url":"https:\/\/i0.wp.com\/gersonguelmann.com.br\/blog\/wp-content\/uploads\/2025\/10\/HojePR-11.jpg?fit=600%2C401&ssl=1","jetpack_shortlink":"https:\/\/wp.me\/p96e7O-4iO","jetpack-related-posts":[{"id":2150,"url":"https:\/\/gersonguelmann.com.br\/blog\/brasileiros-e-seus-micos-internacionais\/","url_meta":{"origin":16542,"position":0},"title":"Brasileiros e seus Micos Internacionais","author":"Gerson Guelmann","date":"28 de setembro de 2017","format":false,"excerpt":"Um casal de namorados brasileiros, fazendo interc\u00e2mbio em Dublin, na Irlanda, foi passear em Paris. No momento da compra das passagens, a mo\u00e7a usou um aplicativo de tradutor online para portugu\u00eas de Portugal, que para \"last name\" - sobrenome, em ingl\u00eas - apresentou o equivalente \"apelido\". Como sabemos, no Brasil\u2026","rel":"","context":"Em &quot;Sem categoria&quot;","block_context":{"text":"Sem categoria","link":"https:\/\/gersonguelmann.com.br\/blog\/category\/sem-categoria\/"},"img":{"alt_text":"","src":"https:\/\/i0.wp.com\/gersonguelmann.com.br\/blog\/wp-content\/uploads\/2017\/09\/Essa-gente-vota-1.jpg?fit=640%2C574&ssl=1&resize=350%2C200","width":350,"height":200,"srcset":"https:\/\/i0.wp.com\/gersonguelmann.com.br\/blog\/wp-content\/uploads\/2017\/09\/Essa-gente-vota-1.jpg?fit=640%2C574&ssl=1&resize=350%2C200 1x, https:\/\/i0.wp.com\/gersonguelmann.com.br\/blog\/wp-content\/uploads\/2017\/09\/Essa-gente-vota-1.jpg?fit=640%2C574&ssl=1&resize=525%2C300 1.5x"},"classes":[]},{"id":23215,"url":"https:\/\/gersonguelmann.com.br\/blog\/a-sabedoria-rabinica-e-a-heranca-da-pecadora\/","url_meta":{"origin":16542,"position":1},"title":"A Sabedoria Rab\u00ednica e a Heran\u00e7a da Pecadora","author":"Gerson Guelmann","date":"16 de agosto de 2023","format":false,"excerpt":"R\u00fagele, a \u00fanica prostituta de Zbazynieck, um pequeno vilarejo no sul da Pol\u00f4nia, adoeceu com uma febre estranha e morreu poucos dias depois. Ap\u00f3s o enterro o Prefeito abriu o testamento, j\u00e1 sabendo que ela n\u00e3o tinha nenhum parente, e ficou surpreso ao descobrir que a prostituta havia deixado v\u00e1rios\u2026","rel":"","context":"Em &quot;Sem categoria&quot;","block_context":{"text":"Sem categoria","link":"https:\/\/gersonguelmann.com.br\/blog\/category\/sem-categoria\/"},"img":{"alt_text":"","src":"https:\/\/i0.wp.com\/gersonguelmann.com.br\/blog\/wp-content\/uploads\/2023\/08\/HojePR-4.jpg?fit=590%2C317&ssl=1&resize=350%2C200","width":350,"height":200,"srcset":"https:\/\/i0.wp.com\/gersonguelmann.com.br\/blog\/wp-content\/uploads\/2023\/08\/HojePR-4.jpg?fit=590%2C317&ssl=1&resize=350%2C200 1x, https:\/\/i0.wp.com\/gersonguelmann.com.br\/blog\/wp-content\/uploads\/2023\/08\/HojePR-4.jpg?fit=590%2C317&ssl=1&resize=525%2C300 1.5x"},"classes":[]},{"id":13416,"url":"https:\/\/gersonguelmann.com.br\/blog\/para-empregos-ou-para-viver-a-vida-pense-fora-da-caixa\/","url_meta":{"origin":16542,"position":2},"title":"Para Empregos ou Para Viver a Vida, Pense Fora da Caixa","author":"Gerson Guelmann","date":"28 de julho de 2025","format":false,"excerpt":"Foto: Pexels \"Pensar fora da caixa\" \u2014 essa express\u00e3o t\u00e3o repetida significa mais do que ser criativo: \u00e9 enxergar o que os outros n\u00e3o veem, considerar solu\u00e7\u00f5es que escapam do \u00f3bvio, muitas vezes com uma simplicidade desconcertante. Em tempos em que tantos seguem manuais, tutoriais e f\u00f3rmulas prontas para quase\u2026","rel":"","context":"Em &quot;Sem categoria&quot;","block_context":{"text":"Sem categoria","link":"https:\/\/gersonguelmann.com.br\/blog\/category\/sem-categoria\/"},"img":{"alt_text":"","src":"https:\/\/i0.wp.com\/gersonguelmann.com.br\/blog\/wp-content\/uploads\/2025\/07\/2807-5.jpg?fit=600%2C450&ssl=1&resize=350%2C200","width":350,"height":200,"srcset":"https:\/\/i0.wp.com\/gersonguelmann.com.br\/blog\/wp-content\/uploads\/2025\/07\/2807-5.jpg?fit=600%2C450&ssl=1&resize=350%2C200 1x, https:\/\/i0.wp.com\/gersonguelmann.com.br\/blog\/wp-content\/uploads\/2025\/07\/2807-5.jpg?fit=600%2C450&ssl=1&resize=525%2C300 1.5x"},"classes":[]},{"id":20990,"url":"https:\/\/gersonguelmann.com.br\/blog\/corrigindo-velhos-ditados\/","url_meta":{"origin":16542,"position":3},"title":"Corrigindo Velhos Ditados&#8230;","author":"Gerson Guelmann","date":"21 de janeiro de 2021","format":false,"excerpt":"J\u00e1 tinha lido esse texto tempos atr\u00e1s, mas agora apareceu novamente e decidi compartilhar. \u00c9 uma explica\u00e7\u00e3o do Prof. Pasquale Cipro Neto acerca daqueles ditados que falamos desde crian\u00e7as, muitos dos quais n\u00e3o fazem sentido: * HOJE \u00c9 DOMINGO, P\u00c9 DE CACHIMBO... E eu ficava imaginando como seria um p\u00e9\u2026","rel":"","context":"Em &quot;Sem categoria&quot;","block_context":{"text":"Sem categoria","link":"https:\/\/gersonguelmann.com.br\/blog\/category\/sem-categoria\/"},"img":{"alt_text":"","src":"https:\/\/i0.wp.com\/gersonguelmann.com.br\/blog\/wp-content\/uploads\/2021\/01\/joshua-bartell-N3nFwJkR9jE-unsplash-scaled.jpg?fit=1200%2C800&ssl=1&resize=350%2C200","width":350,"height":200,"srcset":"https:\/\/i0.wp.com\/gersonguelmann.com.br\/blog\/wp-content\/uploads\/2021\/01\/joshua-bartell-N3nFwJkR9jE-unsplash-scaled.jpg?fit=1200%2C800&ssl=1&resize=350%2C200 1x, https:\/\/i0.wp.com\/gersonguelmann.com.br\/blog\/wp-content\/uploads\/2021\/01\/joshua-bartell-N3nFwJkR9jE-unsplash-scaled.jpg?fit=1200%2C800&ssl=1&resize=525%2C300 1.5x, https:\/\/i0.wp.com\/gersonguelmann.com.br\/blog\/wp-content\/uploads\/2021\/01\/joshua-bartell-N3nFwJkR9jE-unsplash-scaled.jpg?fit=1200%2C800&ssl=1&resize=700%2C400 2x, https:\/\/i0.wp.com\/gersonguelmann.com.br\/blog\/wp-content\/uploads\/2021\/01\/joshua-bartell-N3nFwJkR9jE-unsplash-scaled.jpg?fit=1200%2C800&ssl=1&resize=1050%2C600 3x"},"classes":[]},{"id":18676,"url":"https:\/\/gersonguelmann.com.br\/blog\/o-que-e-mais-facil-frequentar-bar-ou-academia\/","url_meta":{"origin":16542,"position":4},"title":"O Que \u00e9 Mais F\u00e1cil Frequentar: Bar ou Academia?","author":"Gerson Guelmann","date":"17 de junho de 2024","format":false,"excerpt":"Estranhou a pergunta? Consegue responder de bate-pronto? De minha parte, mesmo sendo um quase-abst\u00eamio e sem jamais ter entrado em uma academia, decidi compartilhar um elenco de justificativas que certamente servir\u00e1 para a maior parte dos meus amigos (n\u00e3o que eles necessitem delas, reconhe\u00e7o). Assim, \"na franqueza\", como se diz,\u2026","rel":"","context":"Em &quot;Sem categoria&quot;","block_context":{"text":"Sem categoria","link":"https:\/\/gersonguelmann.com.br\/blog\/category\/sem-categoria\/"},"img":{"alt_text":"","src":"https:\/\/i0.wp.com\/gersonguelmann.com.br\/blog\/wp-content\/uploads\/2024\/06\/HojePR-7-scaled.jpg?fit=1200%2C800&ssl=1&resize=350%2C200","width":350,"height":200,"srcset":"https:\/\/i0.wp.com\/gersonguelmann.com.br\/blog\/wp-content\/uploads\/2024\/06\/HojePR-7-scaled.jpg?fit=1200%2C800&ssl=1&resize=350%2C200 1x, https:\/\/i0.wp.com\/gersonguelmann.com.br\/blog\/wp-content\/uploads\/2024\/06\/HojePR-7-scaled.jpg?fit=1200%2C800&ssl=1&resize=525%2C300 1.5x, https:\/\/i0.wp.com\/gersonguelmann.com.br\/blog\/wp-content\/uploads\/2024\/06\/HojePR-7-scaled.jpg?fit=1200%2C800&ssl=1&resize=700%2C400 2x, https:\/\/i0.wp.com\/gersonguelmann.com.br\/blog\/wp-content\/uploads\/2024\/06\/HojePR-7-scaled.jpg?fit=1200%2C800&ssl=1&resize=1050%2C600 3x"},"classes":[]},{"id":23396,"url":"https:\/\/gersonguelmann.com.br\/blog\/minha-ultima-sessao-de-terapia-com-freud\/","url_meta":{"origin":16542,"position":5},"title":"Minha \u00daltima Sess\u00e3o de Terapia com Freud","author":"Gerson Guelmann","date":"29 de abril de 2024","format":false,"excerpt":"O Odilon Wagner, que est\u00e1 fazendo enorme sucesso com a pe\u00e7a \u201cA \u00daltima Sess\u00e3o de Freud\u201d, esteve em Curitiba neste \u00faltimo final de semana. A pe\u00e7a, considerada o maior sucesso do teatro brasileiro desde 2022, tinha tr\u00eas sess\u00f5es programadas, mas os ingressos se esgotaram e foram feitas mais duas extras,\u2026","rel":"","context":"Em &quot;Sem categoria&quot;","block_context":{"text":"Sem categoria","link":"https:\/\/gersonguelmann.com.br\/blog\/category\/sem-categoria\/"},"img":{"alt_text":"","src":"https:\/\/i0.wp.com\/gersonguelmann.com.br\/blog\/wp-content\/uploads\/2024\/04\/FREUD.jpg?fit=900%2C1200&ssl=1&resize=350%2C200","width":350,"height":200,"srcset":"https:\/\/i0.wp.com\/gersonguelmann.com.br\/blog\/wp-content\/uploads\/2024\/04\/FREUD.jpg?fit=900%2C1200&ssl=1&resize=350%2C200 1x, https:\/\/i0.wp.com\/gersonguelmann.com.br\/blog\/wp-content\/uploads\/2024\/04\/FREUD.jpg?fit=900%2C1200&ssl=1&resize=525%2C300 1.5x, https:\/\/i0.wp.com\/gersonguelmann.com.br\/blog\/wp-content\/uploads\/2024\/04\/FREUD.jpg?fit=900%2C1200&ssl=1&resize=700%2C400 2x"},"classes":[]}],"jetpack_sharing_enabled":true,"post_mailing_queue_ids":[],"_links":{"self":[{"href":"https:\/\/gersonguelmann.com.br\/blog\/wp-json\/wp\/v2\/posts\/16542","targetHints":{"allow":["GET"]}}],"collection":[{"href":"https:\/\/gersonguelmann.com.br\/blog\/wp-json\/wp\/v2\/posts"}],"about":[{"href":"https:\/\/gersonguelmann.com.br\/blog\/wp-json\/wp\/v2\/types\/post"}],"author":[{"embeddable":true,"href":"https:\/\/gersonguelmann.com.br\/blog\/wp-json\/wp\/v2\/users\/5"}],"replies":[{"embeddable":true,"href":"https:\/\/gersonguelmann.com.br\/blog\/wp-json\/wp\/v2\/comments?post=16542"}],"version-history":[{"count":0,"href":"https:\/\/gersonguelmann.com.br\/blog\/wp-json\/wp\/v2\/posts\/16542\/revisions"}],"wp:featuredmedia":[{"embeddable":true,"href":"https:\/\/gersonguelmann.com.br\/blog\/wp-json\/wp\/v2\/media\/26402"}],"wp:attachment":[{"href":"https:\/\/gersonguelmann.com.br\/blog\/wp-json\/wp\/v2\/media?parent=16542"}],"wp:term":[{"taxonomy":"category","embeddable":true,"href":"https:\/\/gersonguelmann.com.br\/blog\/wp-json\/wp\/v2\/categories?post=16542"},{"taxonomy":"post_tag","embeddable":true,"href":"https:\/\/gersonguelmann.com.br\/blog\/wp-json\/wp\/v2\/tags?post=16542"}],"curies":[{"name":"wp","href":"https:\/\/api.w.org\/{rel}","templated":true}]}}