    {"id":16598,"date":"2025-05-12T19:32:13","date_gmt":"2025-05-12T22:32:13","guid":{"rendered":"https:\/\/gersonguelmann.com.br\/blog\/?p=16598"},"modified":"2025-05-13T18:28:44","modified_gmt":"2025-05-13T21:28:44","slug":"como-as-criancas-enxergam-as-maes","status":"publish","type":"post","link":"https:\/\/gersonguelmann.com.br\/blog\/como-as-criancas-enxergam-as-maes\/","title":{"rendered":"Como as Crian\u00e7as Enxergam as M\u00e3es"},"content":{"rendered":"<div class=\"flex basis-auto flex-col -mb-(--composer-overlap-px) [--composer-overlap-px:24px] grow overflow-hidden\">\n<div class=\"relative h-full\">\n<div class=\"flex h-full flex-col overflow-y-auto [scrollbar-gutter:stable_both-edges] @[84rem]\/thread:pt-(--header-height)\">\n<div class=\"@thread-xl\/thread:pt-header-height mt-1.5 flex flex-col text-sm pb-25\">\n<article class=\"text-token-text-primary w-full\" dir=\"auto\" data-testid=\"conversation-turn-16\" data-scroll-anchor=\"false\">\n<div class=\"text-base my-auto mx-auto py-5 [--thread-content-margin:--spacing(4)] @[37rem]:[--thread-content-margin:--spacing(6)] @[72rem]:[--thread-content-margin:--spacing(16)] px-(--thread-content-margin)\">\n<div class=\"[--thread-content-max-width:32rem] @[34rem]:[--thread-content-max-width:40rem] @[64rem]:[--thread-content-max-width:48rem] mx-auto flex max-w-(--thread-content-max-width) flex-1 text-base gap-4 md:gap-5 lg:gap-6 group\/turn-messages focus-visible:outline-hidden\" tabindex=\"-1\">\n<div class=\"group\/conversation-turn relative flex w-full min-w-0 flex-col agent-turn\">\n<div class=\"relative flex-col gap-1 md:gap-3\">\n<div class=\"flex max-w-full flex-col grow\">\n<div class=\"min-h-8 text-message relative flex w-full flex-col items-end gap-2 text-start break-words whitespace-normal [.text-message+&amp;]:mt-5\" dir=\"auto\" data-message-author-role=\"assistant\" data-message-id=\"302478f7-4fcf-4ed6-91ee-0ca51d7b3c21\" data-message-model-slug=\"gpt-4o\">\n<div class=\"flex w-full flex-col gap-1 empty:hidden first:pt-[3px]\">\n<div class=\"markdown prose dark:prose-invert w-full break-words light\">\n<p data-start=\"221\" data-end=\"535\"><span style=\"color: #000000; font-family: tahoma, arial, helvetica, sans-serif; font-size: 18pt;\">O Dia das M\u00e3es \u00e9 comemorado em diversas partes do mundo, mas n\u00e3o h\u00e1 uma data \u00fanica e universal para a celebra\u00e7\u00e3o. Al\u00e9m do Brasil, pa\u00edses como Estados Unidos, Alemanha, Austr\u00e1lia, Canad\u00e1, Jap\u00e3o, It\u00e1lia e Uruguai adotam o segundo domingo de maio. J\u00e1 Portugal, Espanha, Hungria e Litu\u00e2nia optam pelo primeiro domingo.<\/span><\/p>\n<p data-start=\"537\" data-end=\"862\"><span style=\"color: #000000; font-family: tahoma, arial, helvetica, sans-serif; font-size: 18pt;\">Lembrando dessa data t\u00e3o especial, comemorada ontem, resolvi reproduzir publica\u00e7\u00e3o que fiz no blog h\u00e1 seis anos, baseada no resultado de pesquisa feita na Espanha com crian\u00e7as do ensino fundamental, entre 7 e 8 anos. Elas tiveram que responder a algumas perguntas sobre suas m\u00e3es, e as respostas foram absolutamente maravilhosas.<\/span><\/p>\n<p data-start=\"864\" data-end=\"1269\"><span style=\"color: #000000; font-family: tahoma, arial, helvetica, sans-serif; font-size: 18pt;\">E como a mem\u00f3ria \u00e9 um novelo de fio \u2014 basta puxar uma ponta e as lembran\u00e7as v\u00eam se desenrolando \u2014, lembrei do famoso pediatra, escritor, dramaturgo e cronista <strong data-start=\"1042\" data-end=\"1057\">Pedro Bloch<\/strong>, nascido na Ucr\u00e2nia, naturalizado brasileiro\u00a0 e falecido no Rio de Janeiro, em 2004. Ele ficou conhecido pela sensibilidade com que registrava o universo infantil. No consult\u00f3rio, percebeu que as crian\u00e7as diziam coisas inesperadas, como:<br \/>\n<\/span><span style=\"color: #000000; font-family: tahoma, arial, helvetica, sans-serif; font-size: 18pt;\">\u2014 Voc\u00ea sabe quem foi Jesus Cristo?<\/span><br data-start=\"1305\" data-end=\"1308\" \/><span style=\"color: #000000; font-family: tahoma, arial, helvetica, sans-serif; font-size: 18pt;\">\u2014 Claro. Foi o inventor do Natal.<\/span><\/p>\n<p data-start=\"1343\" data-end=\"1452\"><span style=\"color: #000000; font-family: tahoma, arial, helvetica, sans-serif; font-size: 18pt;\">\u2014 Onde fica o cora\u00e7\u00e3o?<\/span><br data-start=\"1365\" data-end=\"1368\" \/><span style=\"color: #000000; font-family: tahoma, arial, helvetica, sans-serif; font-size: 18pt;\">\u2014 No meio do peito\u2026 mas \u00e0s vezes escorrega pra barriga quando a gente est\u00e1 com medo.<\/span><\/p>\n<p data-start=\"1454\" data-end=\"1540\"><span style=\"color: #000000; font-family: tahoma, arial, helvetica, sans-serif; font-size: 18pt;\">\u2014 E o que \u00e9 o amor?<\/span><br data-start=\"1473\" data-end=\"1476\" \/><span style=\"color: #000000; font-family: tahoma, arial, helvetica, sans-serif; font-size: 18pt;\">\u2014 \u00c9 quando a gente gosta da gente mesmo\u2026 e da professora tamb\u00e9m.<\/span><\/p>\n<p data-start=\"1542\" data-end=\"1622\"><span style=\"color: #000000; font-family: tahoma, arial, helvetica, sans-serif; font-size: 18pt;\">\u2014 Voc\u00ea sabe o que \u00e9 uma mentira?<\/span><br data-start=\"1574\" data-end=\"1577\" \/><span style=\"color: #000000; font-family: tahoma, arial, helvetica, sans-serif; font-size: 18pt;\">\u2014 Sei. \u00c9 uma verdade que n\u00e3o aconteceu ainda.<\/span><\/p>\n<p data-start=\"1624\" data-end=\"1682\"><span style=\"color: #000000; font-family: tahoma, arial, helvetica, sans-serif; font-size: 18pt;\">\u2014 Voc\u00ea reza antes de dormir?<\/span><br data-start=\"1652\" data-end=\"1655\" \/><span style=\"color: #000000; font-family: tahoma, arial, helvetica, sans-serif; font-size: 18pt;\">\u2014 S\u00f3 quando estou sem sono.<\/span><\/p>\n<hr data-start=\"1684\" data-end=\"1687\" \/>\n<p data-start=\"1689\" data-end=\"1731\"><span style=\"color: #000000; font-family: tahoma, arial, helvetica, sans-serif; font-size: 18pt;\">Mas vamos \u00e0 pesquisa feita na Espanha:<\/span><\/p>\n<p data-start=\"1733\" data-end=\"1766\"><span style=\"color: #000000; font-family: tahoma, arial, helvetica, sans-serif; font-size: 18pt;\"><strong data-start=\"1733\" data-end=\"1764\">QUEM \u00c9 O CHEFE DA SUA CASA?<\/strong><\/span><\/p>\n<ol data-start=\"1767\" data-end=\"2032\">\n<li data-start=\"1767\" data-end=\"1854\">\n<p data-start=\"1770\" data-end=\"1854\"><span style=\"color: #000000; font-family: tahoma, arial, helvetica, sans-serif; font-size: 18pt;\">\u00a0Minha m\u00e3e n\u00e3o quer ser a chefe, mas tem que ser porque meu pai \u00e9 muito brincalh\u00e3o.<\/span><\/p>\n<\/li>\n<li data-start=\"1855\" data-end=\"1950\">\n<p data-start=\"1858\" data-end=\"1950\"><span style=\"color: #000000; font-family: tahoma, arial, helvetica, sans-serif; font-size: 18pt;\">\u00a0Minha m\u00e3e. D\u00e1 pra ver quando ela checa meu quarto. Ela vasculha at\u00e9 embaixo da minha cama.<\/span><\/p>\n<\/li>\n<li data-start=\"1951\" data-end=\"2032\">\n<p data-start=\"1954\" data-end=\"2032\"><span style=\"color: #000000; font-family: tahoma, arial, helvetica, sans-serif; font-size: 18pt;\">\u00a0Acho que a minha m\u00e3e, porque ela tem muito mais coisas a fazer do que meu pai.<\/span><\/p>\n<\/li>\n<\/ol>\n<p data-start=\"2034\" data-end=\"2072\"><span style=\"color: #000000; font-family: tahoma, arial, helvetica, sans-serif; font-size: 18pt;\"><strong data-start=\"2034\" data-end=\"2070\">POR QUE DEUS FEZ O DIA DAS M\u00c3ES?<\/strong><\/span><\/p>\n<ol data-start=\"2073\" data-end=\"2221\">\n<li data-start=\"2073\" data-end=\"2140\">\n<p data-start=\"2076\" data-end=\"2140\"><span style=\"color: #000000; font-family: tahoma, arial, helvetica, sans-serif; font-size: 18pt;\">\u00a0Porque ela \u00e9 a \u00fanica que sabe onde est\u00e3o as coisas l\u00e1 em casa.<\/span><\/p>\n<\/li>\n<li data-start=\"2141\" data-end=\"2180\">\n<p data-start=\"2144\" data-end=\"2180\"><span style=\"color: #000000; font-family: tahoma, arial, helvetica, sans-serif; font-size: 18pt;\">\u00a0Principalmente para limpar a casa.<\/span><\/p>\n<\/li>\n<li data-start=\"2181\" data-end=\"2221\">\n<p data-start=\"2184\" data-end=\"2221\"><span style=\"color: #000000; font-family: tahoma, arial, helvetica, sans-serif; font-size: 18pt;\">\u00a0Para nos ajudar no dia do nascimento.<\/span><\/p>\n<\/li>\n<\/ol>\n<p data-start=\"2223\" data-end=\"2251\"><span style=\"color: #000000; font-family: tahoma, arial, helvetica, sans-serif; font-size: 18pt;\"><strong data-start=\"2223\" data-end=\"2249\">COMO DEUS FEZ AS M\u00c3ES?<\/strong><\/span><\/p>\n<ol data-start=\"2252\" data-end=\"2549\">\n<li data-start=\"2252\" data-end=\"2308\">\n<p data-start=\"2255\" data-end=\"2308\"><span style=\"color: #000000; font-family: tahoma, arial, helvetica, sans-serif; font-size: 18pt;\">\u00a0Usou terra, assim como para todas as outras coisas. <\/span><span style=\"color: #000000; font-family: tahoma, arial, helvetica, sans-serif; font-size: 18pt;\">Com m\u00e1gica, superpoderes, e misturou tudo muito bem.<\/span><\/p>\n<\/li>\n<li data-start=\"2367\" data-end=\"2438\">\n<p data-start=\"2370\" data-end=\"2438\"><span style=\"color: #000000; font-family: tahoma, arial, helvetica, sans-serif; font-size: 18pt;\">\u00a0Deus fez minha m\u00e3e assim como me fez, s\u00f3 que usou peda\u00e7os maiores.<\/span><\/p>\n<\/li>\n<li data-start=\"2439\" data-end=\"2549\">\n<p data-start=\"2442\" data-end=\"2549\"><span style=\"color: #000000; font-family: tahoma, arial, helvetica, sans-serif; font-size: 18pt;\">\u00a0Acho que ele demorou muito tempo para faz\u00ea-las, porque meu pai disse que as mulheres s\u00e3o muito complicadas.<\/span><\/p>\n<\/li>\n<\/ol>\n<p data-start=\"2551\" data-end=\"2583\"><span style=\"color: #000000; font-family: tahoma, arial, helvetica, sans-serif; font-size: 18pt;\"><strong data-start=\"2551\" data-end=\"2581\">QUE INGREDIENTES ELE USOU?<\/strong><\/span><\/p>\n<ol data-start=\"2584\" data-end=\"2692\">\n<li data-start=\"2584\" data-end=\"2661\">\n<p data-start=\"2587\" data-end=\"2661\"><span style=\"color: #000000; font-family: tahoma, arial, helvetica, sans-serif; font-size: 18pt;\">\u00a0Nuvem, cabelo de anjo, tudo de bom que h\u00e1 no mundo\u2026 e uma pitada de mal.<\/span><\/p>\n<\/li>\n<li data-start=\"2662\" data-end=\"2692\">\n<p data-start=\"2665\" data-end=\"2692\"><span style=\"color: #000000; font-family: tahoma, arial, helvetica, sans-serif; font-size: 18pt;\">\u00a0Acho que com muitas flores.<\/span><\/p>\n<\/li>\n<\/ol>\n<p data-start=\"2694\" data-end=\"2740\"><span style=\"color: #000000; font-family: tahoma, arial, helvetica, sans-serif; font-size: 18pt;\"><strong data-start=\"2694\" data-end=\"2738\">POR QUE DEUS TE DEU SUA M\u00c3E E N\u00c3O OUTRA?<\/strong><\/span><\/p>\n<ol data-start=\"2741\" data-end=\"2873\">\n<li data-start=\"2741\" data-end=\"2768\">\n<p data-start=\"2744\" data-end=\"2768\"><span style=\"color: #000000; font-family: tahoma, arial, helvetica, sans-serif; font-size: 18pt;\">\u00a0Porque somos parentes.<\/span><\/p>\n<\/li>\n<li data-start=\"2769\" data-end=\"2840\">\n<p data-start=\"2772\" data-end=\"2840\"><span style=\"color: #000000; font-family: tahoma, arial, helvetica, sans-serif; font-size: 18pt;\">\u00a0Porque Deus sabia que ela seria mais minha m\u00e3e do que outras m\u00e3es.<\/span><\/p>\n<\/li>\n<li data-start=\"2841\" data-end=\"2873\">\n<p data-start=\"2844\" data-end=\"2873\"><span style=\"color: #000000; font-family: tahoma, arial, helvetica, sans-serif; font-size: 18pt;\">\u00a0Porque somos muito parecidos.<\/span><\/p>\n<\/li>\n<\/ol>\n<p data-start=\"2875\" data-end=\"2945\"><span style=\"color: #000000; font-family: tahoma, arial, helvetica, sans-serif; font-size: 18pt;\"><strong data-start=\"2875\" data-end=\"2943\">O QUE SUA M\u00c3E PRECISAVA SABER DO SEU PAI ANTES DE CASAR COM ELE?<\/strong><\/span><\/p>\n<ol data-start=\"2946\" data-end=\"3052\">\n<li data-start=\"2946\" data-end=\"2960\">\n<p data-start=\"2949\" data-end=\"2960\"><span style=\"color: #000000; font-family: tahoma, arial, helvetica, sans-serif; font-size: 18pt;\">\u00a0Seu nome.<\/span><\/p>\n<\/li>\n<li data-start=\"2961\" data-end=\"2997\">\n<p data-start=\"2964\" data-end=\"2997\"><span style=\"color: #000000; font-family: tahoma, arial, helvetica, sans-serif; font-size: 18pt;\">\u00a0Se ele queria se casar com ela.<\/span><\/p>\n<\/li>\n<li data-start=\"2998\" data-end=\"3052\">\n<p data-start=\"3001\" data-end=\"3052\"><span style=\"color: #000000; font-family: tahoma, arial, helvetica, sans-serif; font-size: 18pt;\">\u00a0Bom\u2026 se ele trabalha e se gosta de sair \u00e0s compras.<\/span><\/p>\n<\/li>\n<\/ol>\n<p data-start=\"3054\" data-end=\"3097\"><span style=\"color: #000000; font-family: tahoma, arial, helvetica, sans-serif; font-size: 18pt;\"><strong data-start=\"3054\" data-end=\"3095\">POR QUE SUA M\u00c3E SE CASOU COM SEU PAI?<\/strong><\/span><\/p>\n<ol data-start=\"3098\" data-end=\"3297\">\n<li data-start=\"3098\" data-end=\"3150\">\n<p data-start=\"3101\" data-end=\"3150\"><span style=\"color: #000000; font-family: tahoma, arial, helvetica, sans-serif; font-size: 18pt;\">\u00a0Porque meu pai faz o melhor espaguete do mundo.<\/span><\/p>\n<\/li>\n<li data-start=\"3151\" data-end=\"3188\">\n<p data-start=\"3154\" data-end=\"3188\"><span style=\"color: #000000; font-family: tahoma, arial, helvetica, sans-serif; font-size: 18pt;\">\u00a0Porque ela estava ficando velha.<\/span><\/p>\n<\/li>\n<li data-start=\"3189\" data-end=\"3258\">\n<p data-start=\"3192\" data-end=\"3258\"><span style=\"color: #000000; font-family: tahoma, arial, helvetica, sans-serif; font-size: 18pt;\">\u00a0Minha av\u00f3 disse que foi porque ela n\u00e3o usou a cabe\u00e7a pra pensar.<\/span><\/p>\n<\/li>\n<li data-start=\"3259\" data-end=\"3297\">\n<p data-start=\"3262\" data-end=\"3297\"><span style=\"color: #000000; font-family: tahoma, arial, helvetica, sans-serif; font-size: 18pt;\">\u00a0Para poder ser a m\u00e3e da minha casa.<\/span><\/p>\n<\/li>\n<\/ol>\n<p data-start=\"3299\" data-end=\"3350\"><span style=\"color: #000000; font-family: tahoma, arial, helvetica, sans-serif; font-size: 18pt;\"><strong data-start=\"3299\" data-end=\"3348\">QUAL A DIFEREN\u00c7A ENTRE AS MAM\u00c3ES E OS PAPAIS?<\/strong><\/span><\/p>\n<ol data-start=\"3351\" data-end=\"3709\">\n<li data-start=\"3351\" data-end=\"3428\">\n<p data-start=\"3354\" data-end=\"3428\"><span style=\"color: #000000; font-family: tahoma, arial, helvetica, sans-serif; font-size: 18pt;\">\u00a0As mam\u00e3es trabalham no trabalho e em casa; os papais s\u00f3 v\u00e3o ao trabalho.<\/span><\/p>\n<\/li>\n<li data-start=\"3429\" data-end=\"3489\">\n<p data-start=\"3432\" data-end=\"3489\"><span style=\"color: #000000; font-family: tahoma, arial, helvetica, sans-serif; font-size: 18pt;\">\u00a0As m\u00e3es sabem falar com as professoras sem assust\u00e1-las.<\/span><\/p>\n<\/li>\n<li data-start=\"3490\" data-end=\"3641\">\n<p data-start=\"3493\" data-end=\"3641\"><span style=\"color: #000000; font-family: tahoma, arial, helvetica, sans-serif; font-size: 18pt;\">\u00a0Os papais s\u00e3o mais altos e fortes, mas as mam\u00e3es t\u00eam o verdadeiro poder, porque voc\u00ea tem de pedir pra elas quando quer dormir na casa de um amigo.<\/span><\/p>\n<\/li>\n<li data-start=\"3642\" data-end=\"3709\">\n<p data-start=\"3645\" data-end=\"3709\"><span style=\"color: #000000; font-family: tahoma, arial, helvetica, sans-serif; font-size: 18pt;\">\u00a0As m\u00e3es s\u00e3o m\u00e1gicas porque fazem voc\u00ea se sentir bem sem rem\u00e9dio.<\/span><\/p>\n<\/li>\n<\/ol>\n<p data-start=\"3711\" data-end=\"3750\"><span style=\"color: #000000; font-family: tahoma, arial, helvetica, sans-serif; font-size: 18pt;\"><strong data-start=\"3711\" data-end=\"3748\">O QUE SUA M\u00c3E FAZ NO TEMPO LIVRE?<\/strong><\/span><\/p>\n<ol data-start=\"3751\" data-end=\"3851\">\n<li data-start=\"3751\" data-end=\"3781\">\n<p data-start=\"3754\" data-end=\"3781\"><span style=\"color: #000000; font-family: tahoma, arial, helvetica, sans-serif; font-size: 18pt;\">\u00a0M\u00e3es n\u00e3o t\u00eam tempo livre.<\/span><\/p>\n<\/li>\n<li data-start=\"3782\" data-end=\"3828\">\n<p data-start=\"3785\" data-end=\"3828\"><span style=\"color: #000000; font-family: tahoma, arial, helvetica, sans-serif; font-size: 18pt;\">\u00a0Se olhar bem, pagam contas todos os dias.<\/span><\/p>\n<\/li>\n<li data-start=\"3829\" data-end=\"3851\">\n<p data-start=\"3832\" data-end=\"3851\"><span style=\"color: #000000; font-family: tahoma, arial, helvetica, sans-serif; font-size: 18pt;\">\u00a0Acho que\u2026 trabalha.<\/span><\/p>\n<\/li>\n<\/ol>\n<p data-start=\"3853\" data-end=\"3888\"><span style=\"color: #000000; font-family: tahoma, arial, helvetica, sans-serif; font-size: 18pt;\"><strong data-start=\"3853\" data-end=\"3886\">O QUE FARIA SUA M\u00c3E PERFEITA?<\/strong><\/span><\/p>\n<ol data-start=\"3889\" data-end=\"4064\">\n<li data-start=\"3889\" data-end=\"3962\">\n<p data-start=\"3892\" data-end=\"3962\"><span style=\"color: #000000; font-family: tahoma, arial, helvetica, sans-serif; font-size: 18pt;\">\u00a0Por dentro ela \u00e9 perfeita. Por fora, acho que uma cirurgia pl\u00e1stica.<\/span><\/p>\n<\/li>\n<li data-start=\"3963\" data-end=\"4029\">\n<p data-start=\"3966\" data-end=\"4029\"><span style=\"color: #000000; font-family: tahoma, arial, helvetica, sans-serif; font-size: 18pt;\">\u00a0Que n\u00e3o brigasse tanto comigo e me deixasse assistir mais TV.<\/span><\/p>\n<\/li>\n<li data-start=\"4030\" data-end=\"4064\">\n<p data-start=\"4033\" data-end=\"4064\"><span style=\"color: #000000; font-family: tahoma, arial, helvetica, sans-serif; font-size: 18pt;\">\u00a0Que ela soubesse jogar futebol.<\/span><\/p>\n<\/li>\n<\/ol>\n<p data-start=\"4066\" data-end=\"4123\"><span style=\"color: #000000; font-family: tahoma, arial, helvetica, sans-serif; font-size: 18pt;\"><strong data-start=\"4066\" data-end=\"4121\">SE VOC\u00ca PUDESSE MUDAR ALGO EM SUA M\u00c3E, O QUE SERIA?<\/strong><\/span><\/p>\n<ol data-start=\"4124\" data-end=\"4378\">\n<li data-start=\"4124\" data-end=\"4204\">\n<p data-start=\"4127\" data-end=\"4204\"><span style=\"color: #000000; font-family: tahoma, arial, helvetica, sans-serif; font-size: 18pt;\">\u00a0Ela tem essa mania de sempre me pedir pra limpar o quarto. Isso eu tiraria.<\/span><\/p>\n<\/li>\n<li data-start=\"4205\" data-end=\"4297\">\n<p data-start=\"4208\" data-end=\"4297\"><span style=\"color: #000000; font-family: tahoma, arial, helvetica, sans-serif; font-size: 18pt;\">\u00a0Eu a faria mais inteligente, assim ela saberia que meu irm\u00e3o aprontou primeiro, n\u00e3o eu!<\/span><\/p>\n<\/li>\n<li data-start=\"4298\" data-end=\"4378\">\n<p data-start=\"4301\" data-end=\"4378\"><span style=\"color: #000000; font-family: tahoma, arial, helvetica, sans-serif; font-size: 18pt;\">\u00a0Eu queria que desaparecessem os olhos invis\u00edveis que ela tem atr\u00e1s da cabe\u00e7a\u2026<\/span><\/p>\n<\/li>\n<\/ol>\n<p data-start=\"4406\" data-end=\"4692\"><span style=\"color: #000000; font-family: tahoma, arial, helvetica, sans-serif; font-size: 18pt;\">No Dia das M\u00e3es, sempre, talvez a melhor homenagem n\u00e3o esteja em flores ou presentes, mas exercitar o olhar doce e sincero da crian\u00e7a que a gente ainda guarda\u00a0 \u2014 e que tantas vezes nos ensina mais do que imaginamos. Porque, como dizia Pedro Bloch: <em data-start=\"4629\" data-end=\"4692\">&#8220;A alma da crian\u00e7a fala mais alto do que a boca dos adultos.&#8221;<\/em><\/span><\/p>\n<p style=\"text-align: center;\" data-start=\"4406\" data-end=\"4692\"><img data-recalc-dims=\"1\" fetchpriority=\"high\" decoding=\"async\" data-attachment-id=\"25282\" data-permalink=\"https:\/\/gersonguelmann.com.br\/blog\/como-as-criancas-enxergam-as-maes\/hojepr-392\/\" data-orig-file=\"https:\/\/i0.wp.com\/gersonguelmann.com.br\/blog\/wp-content\/uploads\/2025\/05\/HojePR-11.jpg?fit=600%2C400&amp;ssl=1\" data-orig-size=\"600,400\" data-comments-opened=\"1\" data-image-meta=\"{&quot;aperture&quot;:&quot;5.6&quot;,&quot;credit&quot;:&quot;&quot;,&quot;camera&quot;:&quot;Canon EOS 5D Mark IV&quot;,&quot;caption&quot;:&quot;&quot;,&quot;created_timestamp&quot;:&quot;1654887479&quot;,&quot;copyright&quot;:&quot;&quot;,&quot;focal_length&quot;:&quot;50&quot;,&quot;iso&quot;:&quot;200&quot;,&quot;shutter_speed&quot;:&quot;0.004&quot;,&quot;title&quot;:&quot;&quot;,&quot;orientation&quot;:&quot;1&quot;}\" data-image-title=\"HojePR\" data-image-description=\"\" data-image-caption=\"\" data-medium-file=\"https:\/\/i0.wp.com\/gersonguelmann.com.br\/blog\/wp-content\/uploads\/2025\/05\/HojePR-11.jpg?fit=300%2C200&amp;ssl=1\" data-large-file=\"https:\/\/i0.wp.com\/gersonguelmann.com.br\/blog\/wp-content\/uploads\/2025\/05\/HojePR-11.jpg?fit=600%2C400&amp;ssl=1\" class=\"alignnone size-full wp-image-25282\" src=\"https:\/\/i0.wp.com\/gersonguelmann.com.br\/blog\/wp-content\/uploads\/2025\/05\/HojePR-11.jpg?resize=600%2C400&#038;ssl=1\" alt=\"\" width=\"600\" height=\"400\" srcset=\"https:\/\/i0.wp.com\/gersonguelmann.com.br\/blog\/wp-content\/uploads\/2025\/05\/HojePR-11.jpg?w=600&amp;ssl=1 600w, https:\/\/i0.wp.com\/gersonguelmann.com.br\/blog\/wp-content\/uploads\/2025\/05\/HojePR-11.jpg?resize=300%2C200&amp;ssl=1 300w\" sizes=\"(max-width: 600px) 100vw, 600px\" \/><\/p>\n<\/div>\n<\/div>\n<\/div>\n<\/div>\n<\/div>\n<\/div>\n<\/div>\n<\/div>\n<\/article>\n<\/div>\n<\/div>\n<\/div>\n<\/div>\n<p style=\"text-align: center;\"><a href=\"https:\/\/br.freepik.com\/search?format=search&amp;last_filter=selection&amp;last_value=1&amp;query=Crianca+Saindo+Sala+Aula&amp;selection=1\"><span style=\"color: #0000ff; font-size: 14pt;\"><em><strong>Foto: Freepik<\/strong><\/em><\/span><\/a><\/p>\n<p style=\"text-align: center;\">\n","protected":false},"excerpt":{"rendered":"<p>O Dia das M\u00e3es \u00e9 comemorado em diversas partes do mundo, mas n\u00e3o h\u00e1 uma data \u00fanica e universal para a celebra\u00e7\u00e3o. Al\u00e9m do Brasil, pa\u00edses como Estados Unidos, Alemanha, Austr\u00e1lia, Canad\u00e1, Jap\u00e3o, It\u00e1lia e Uruguai adotam o segundo domingo de maio. J\u00e1 Portugal, Espanha, Hungria e Litu\u00e2nia optam pelo primeiro domingo. Lembrando dessa data [&hellip;]<\/p>\n","protected":false},"author":5,"featured_media":25281,"comment_status":"open","ping_status":"open","sticky":false,"template":"","format":"standard","meta":{"_acf_changed":false,"jetpack_post_was_ever_published":false,"_jetpack_newsletter_access":"","_jetpack_dont_email_post_to_subs":false,"_jetpack_newsletter_tier_id":0,"_jetpack_memberships_contains_paywalled_content":false,"_jetpack_memberships_contains_paid_content":false,"footnotes":"","jetpack_publicize_message":"","jetpack_publicize_feature_enabled":true,"jetpack_social_post_already_shared":true,"jetpack_social_options":{"image_generator_settings":{"template":"highway","default_image_id":0,"font":"","enabled":false},"version":2}},"categories":[1],"tags":[],"class_list":["post-16598","post","type-post","status-publish","format-standard","has-post-thumbnail","hentry","category-sem-categoria"],"acf":[],"yoast_head":"<!-- This site is optimized with the Yoast SEO plugin v27.3 - https:\/\/yoast.com\/product\/yoast-seo-wordpress\/ -->\n<title>Como as Crian\u00e7as Enxergam as M\u00e3es | Blog do Guelmann<\/title>\n<meta name=\"robots\" content=\"index, follow, max-snippet:-1, max-image-preview:large, max-video-preview:-1\" \/>\n<link rel=\"canonical\" href=\"https:\/\/gersonguelmann.com.br\/blog\/como-as-criancas-enxergam-as-maes\/\" \/>\n<meta property=\"og:locale\" content=\"pt_BR\" \/>\n<meta property=\"og:type\" content=\"article\" \/>\n<meta property=\"og:title\" content=\"Como as Crian\u00e7as Enxergam as M\u00e3es | Blog do Guelmann\" \/>\n<meta property=\"og:description\" content=\"O Dia das M\u00e3es \u00e9 comemorado em diversas partes do mundo, mas n\u00e3o h\u00e1 uma data \u00fanica e universal para a celebra\u00e7\u00e3o. Al\u00e9m do Brasil, pa\u00edses como Estados Unidos, Alemanha, Austr\u00e1lia, Canad\u00e1, Jap\u00e3o, It\u00e1lia e Uruguai adotam o segundo domingo de maio. J\u00e1 Portugal, Espanha, Hungria e Litu\u00e2nia optam pelo primeiro domingo. Lembrando dessa data [&hellip;]\" \/>\n<meta property=\"og:url\" content=\"https:\/\/gersonguelmann.com.br\/blog\/como-as-criancas-enxergam-as-maes\/\" \/>\n<meta property=\"og:site_name\" content=\"Blog do Guelmann\" \/>\n<meta property=\"article:published_time\" content=\"2025-05-12T22:32:13+00:00\" \/>\n<meta property=\"article:modified_time\" content=\"2025-05-13T21:28:44+00:00\" \/>\n<meta property=\"og:image\" content=\"https:\/\/gersonguelmann.com.br\/blog\/wp-content\/uploads\/2025\/05\/HojePR-10.jpg\" \/>\n\t<meta property=\"og:image:width\" content=\"600\" \/>\n\t<meta property=\"og:image:height\" content=\"400\" \/>\n\t<meta property=\"og:image:type\" content=\"image\/jpeg\" \/>\n<meta name=\"author\" content=\"Gerson Guelmann\" \/>\n<meta name=\"twitter:card\" content=\"summary_large_image\" \/>\n<meta name=\"twitter:label1\" content=\"Escrito por\" \/>\n\t<meta name=\"twitter:data1\" content=\"Gerson Guelmann\" \/>\n\t<meta name=\"twitter:label2\" content=\"Est. tempo de leitura\" \/>\n\t<meta name=\"twitter:data2\" content=\"5 minutos\" \/>\n<script type=\"application\/ld+json\" class=\"yoast-schema-graph\">{\"@context\":\"https:\\\/\\\/schema.org\",\"@graph\":[{\"@type\":\"Article\",\"@id\":\"https:\\\/\\\/gersonguelmann.com.br\\\/blog\\\/como-as-criancas-enxergam-as-maes\\\/#article\",\"isPartOf\":{\"@id\":\"https:\\\/\\\/gersonguelmann.com.br\\\/blog\\\/como-as-criancas-enxergam-as-maes\\\/\"},\"author\":{\"name\":\"Gerson Guelmann\",\"@id\":\"https:\\\/\\\/gersonguelmann.com.br\\\/blog\\\/#\\\/schema\\\/person\\\/87e70e2a786888082f941a482c90569e\"},\"headline\":\"Como as Crian\u00e7as Enxergam as M\u00e3es\",\"datePublished\":\"2025-05-12T22:32:13+00:00\",\"dateModified\":\"2025-05-13T21:28:44+00:00\",\"mainEntityOfPage\":{\"@id\":\"https:\\\/\\\/gersonguelmann.com.br\\\/blog\\\/como-as-criancas-enxergam-as-maes\\\/\"},\"wordCount\":838,\"commentCount\":2,\"image\":{\"@id\":\"https:\\\/\\\/gersonguelmann.com.br\\\/blog\\\/como-as-criancas-enxergam-as-maes\\\/#primaryimage\"},\"thumbnailUrl\":\"https:\\\/\\\/i0.wp.com\\\/gersonguelmann.com.br\\\/blog\\\/wp-content\\\/uploads\\\/2025\\\/05\\\/HojePR-10.jpg?fit=600%2C400&ssl=1\",\"inLanguage\":\"pt-BR\",\"potentialAction\":[{\"@type\":\"CommentAction\",\"name\":\"Comment\",\"target\":[\"https:\\\/\\\/gersonguelmann.com.br\\\/blog\\\/como-as-criancas-enxergam-as-maes\\\/#respond\"]}]},{\"@type\":\"WebPage\",\"@id\":\"https:\\\/\\\/gersonguelmann.com.br\\\/blog\\\/como-as-criancas-enxergam-as-maes\\\/\",\"url\":\"https:\\\/\\\/gersonguelmann.com.br\\\/blog\\\/como-as-criancas-enxergam-as-maes\\\/\",\"name\":\"Como as Crian\u00e7as Enxergam as M\u00e3es | Blog do Guelmann\",\"isPartOf\":{\"@id\":\"https:\\\/\\\/gersonguelmann.com.br\\\/blog\\\/#website\"},\"primaryImageOfPage\":{\"@id\":\"https:\\\/\\\/gersonguelmann.com.br\\\/blog\\\/como-as-criancas-enxergam-as-maes\\\/#primaryimage\"},\"image\":{\"@id\":\"https:\\\/\\\/gersonguelmann.com.br\\\/blog\\\/como-as-criancas-enxergam-as-maes\\\/#primaryimage\"},\"thumbnailUrl\":\"https:\\\/\\\/i0.wp.com\\\/gersonguelmann.com.br\\\/blog\\\/wp-content\\\/uploads\\\/2025\\\/05\\\/HojePR-10.jpg?fit=600%2C400&ssl=1\",\"datePublished\":\"2025-05-12T22:32:13+00:00\",\"dateModified\":\"2025-05-13T21:28:44+00:00\",\"author\":{\"@id\":\"https:\\\/\\\/gersonguelmann.com.br\\\/blog\\\/#\\\/schema\\\/person\\\/87e70e2a786888082f941a482c90569e\"},\"inLanguage\":\"pt-BR\",\"potentialAction\":[{\"@type\":\"ReadAction\",\"target\":[\"https:\\\/\\\/gersonguelmann.com.br\\\/blog\\\/como-as-criancas-enxergam-as-maes\\\/\"]}]},{\"@type\":\"ImageObject\",\"inLanguage\":\"pt-BR\",\"@id\":\"https:\\\/\\\/gersonguelmann.com.br\\\/blog\\\/como-as-criancas-enxergam-as-maes\\\/#primaryimage\",\"url\":\"https:\\\/\\\/i0.wp.com\\\/gersonguelmann.com.br\\\/blog\\\/wp-content\\\/uploads\\\/2025\\\/05\\\/HojePR-10.jpg?fit=600%2C400&ssl=1\",\"contentUrl\":\"https:\\\/\\\/i0.wp.com\\\/gersonguelmann.com.br\\\/blog\\\/wp-content\\\/uploads\\\/2025\\\/05\\\/HojePR-10.jpg?fit=600%2C400&ssl=1\",\"width\":600,\"height\":400},{\"@type\":\"WebSite\",\"@id\":\"https:\\\/\\\/gersonguelmann.com.br\\\/blog\\\/#website\",\"url\":\"https:\\\/\\\/gersonguelmann.com.br\\\/blog\\\/\",\"name\":\"Blog do Guelmann\",\"description\":\"Pitadas da sabedoria e do humor judaicos, assuntos do momento e um pouco das hist\u00f3rias que vivi e testemunhei.\",\"potentialAction\":[{\"@type\":\"SearchAction\",\"target\":{\"@type\":\"EntryPoint\",\"urlTemplate\":\"https:\\\/\\\/gersonguelmann.com.br\\\/blog\\\/?s={search_term_string}\"},\"query-input\":{\"@type\":\"PropertyValueSpecification\",\"valueRequired\":true,\"valueName\":\"search_term_string\"}}],\"inLanguage\":\"pt-BR\"},{\"@type\":\"Person\",\"@id\":\"https:\\\/\\\/gersonguelmann.com.br\\\/blog\\\/#\\\/schema\\\/person\\\/87e70e2a786888082f941a482c90569e\",\"name\":\"Gerson Guelmann\",\"image\":{\"@type\":\"ImageObject\",\"inLanguage\":\"pt-BR\",\"@id\":\"https:\\\/\\\/i0.wp.com\\\/gersonguelmann.com.br\\\/blog\\\/wp-content\\\/uploads\\\/2021\\\/08\\\/BLOG.jpeg?fit=96%2C96&ssl=1\",\"url\":\"https:\\\/\\\/i0.wp.com\\\/gersonguelmann.com.br\\\/blog\\\/wp-content\\\/uploads\\\/2021\\\/08\\\/BLOG.jpeg?fit=96%2C96&ssl=1\",\"contentUrl\":\"https:\\\/\\\/i0.wp.com\\\/gersonguelmann.com.br\\\/blog\\\/wp-content\\\/uploads\\\/2021\\\/08\\\/BLOG.jpeg?fit=96%2C96&ssl=1\",\"caption\":\"Gerson Guelmann\"},\"description\":\"Pitadas da sabedoria e do humor judaicos, assuntos do momento e um pouco das hist\u00f3rias que vivi e testemunhei.\"}]}<\/script>\n<!-- \/ Yoast SEO plugin. -->","yoast_head_json":{"title":"Como as Crian\u00e7as Enxergam as M\u00e3es | Blog do Guelmann","robots":{"index":"index","follow":"follow","max-snippet":"max-snippet:-1","max-image-preview":"max-image-preview:large","max-video-preview":"max-video-preview:-1"},"canonical":"https:\/\/gersonguelmann.com.br\/blog\/como-as-criancas-enxergam-as-maes\/","og_locale":"pt_BR","og_type":"article","og_title":"Como as Crian\u00e7as Enxergam as M\u00e3es | Blog do Guelmann","og_description":"O Dia das M\u00e3es \u00e9 comemorado em diversas partes do mundo, mas n\u00e3o h\u00e1 uma data \u00fanica e universal para a celebra\u00e7\u00e3o. Al\u00e9m do Brasil, pa\u00edses como Estados Unidos, Alemanha, Austr\u00e1lia, Canad\u00e1, Jap\u00e3o, It\u00e1lia e Uruguai adotam o segundo domingo de maio. J\u00e1 Portugal, Espanha, Hungria e Litu\u00e2nia optam pelo primeiro domingo. Lembrando dessa data [&hellip;]","og_url":"https:\/\/gersonguelmann.com.br\/blog\/como-as-criancas-enxergam-as-maes\/","og_site_name":"Blog do Guelmann","article_published_time":"2025-05-12T22:32:13+00:00","article_modified_time":"2025-05-13T21:28:44+00:00","og_image":[{"width":600,"height":400,"url":"https:\/\/gersonguelmann.com.br\/blog\/wp-content\/uploads\/2025\/05\/HojePR-10.jpg","type":"image\/jpeg"}],"author":"Gerson Guelmann","twitter_card":"summary_large_image","twitter_misc":{"Escrito por":"Gerson Guelmann","Est. tempo de leitura":"5 minutos"},"schema":{"@context":"https:\/\/schema.org","@graph":[{"@type":"Article","@id":"https:\/\/gersonguelmann.com.br\/blog\/como-as-criancas-enxergam-as-maes\/#article","isPartOf":{"@id":"https:\/\/gersonguelmann.com.br\/blog\/como-as-criancas-enxergam-as-maes\/"},"author":{"name":"Gerson Guelmann","@id":"https:\/\/gersonguelmann.com.br\/blog\/#\/schema\/person\/87e70e2a786888082f941a482c90569e"},"headline":"Como as Crian\u00e7as Enxergam as M\u00e3es","datePublished":"2025-05-12T22:32:13+00:00","dateModified":"2025-05-13T21:28:44+00:00","mainEntityOfPage":{"@id":"https:\/\/gersonguelmann.com.br\/blog\/como-as-criancas-enxergam-as-maes\/"},"wordCount":838,"commentCount":2,"image":{"@id":"https:\/\/gersonguelmann.com.br\/blog\/como-as-criancas-enxergam-as-maes\/#primaryimage"},"thumbnailUrl":"https:\/\/i0.wp.com\/gersonguelmann.com.br\/blog\/wp-content\/uploads\/2025\/05\/HojePR-10.jpg?fit=600%2C400&ssl=1","inLanguage":"pt-BR","potentialAction":[{"@type":"CommentAction","name":"Comment","target":["https:\/\/gersonguelmann.com.br\/blog\/como-as-criancas-enxergam-as-maes\/#respond"]}]},{"@type":"WebPage","@id":"https:\/\/gersonguelmann.com.br\/blog\/como-as-criancas-enxergam-as-maes\/","url":"https:\/\/gersonguelmann.com.br\/blog\/como-as-criancas-enxergam-as-maes\/","name":"Como as Crian\u00e7as Enxergam as M\u00e3es | Blog do Guelmann","isPartOf":{"@id":"https:\/\/gersonguelmann.com.br\/blog\/#website"},"primaryImageOfPage":{"@id":"https:\/\/gersonguelmann.com.br\/blog\/como-as-criancas-enxergam-as-maes\/#primaryimage"},"image":{"@id":"https:\/\/gersonguelmann.com.br\/blog\/como-as-criancas-enxergam-as-maes\/#primaryimage"},"thumbnailUrl":"https:\/\/i0.wp.com\/gersonguelmann.com.br\/blog\/wp-content\/uploads\/2025\/05\/HojePR-10.jpg?fit=600%2C400&ssl=1","datePublished":"2025-05-12T22:32:13+00:00","dateModified":"2025-05-13T21:28:44+00:00","author":{"@id":"https:\/\/gersonguelmann.com.br\/blog\/#\/schema\/person\/87e70e2a786888082f941a482c90569e"},"inLanguage":"pt-BR","potentialAction":[{"@type":"ReadAction","target":["https:\/\/gersonguelmann.com.br\/blog\/como-as-criancas-enxergam-as-maes\/"]}]},{"@type":"ImageObject","inLanguage":"pt-BR","@id":"https:\/\/gersonguelmann.com.br\/blog\/como-as-criancas-enxergam-as-maes\/#primaryimage","url":"https:\/\/i0.wp.com\/gersonguelmann.com.br\/blog\/wp-content\/uploads\/2025\/05\/HojePR-10.jpg?fit=600%2C400&ssl=1","contentUrl":"https:\/\/i0.wp.com\/gersonguelmann.com.br\/blog\/wp-content\/uploads\/2025\/05\/HojePR-10.jpg?fit=600%2C400&ssl=1","width":600,"height":400},{"@type":"WebSite","@id":"https:\/\/gersonguelmann.com.br\/blog\/#website","url":"https:\/\/gersonguelmann.com.br\/blog\/","name":"Blog do Guelmann","description":"Pitadas da sabedoria e do humor judaicos, assuntos do momento e um pouco das hist\u00f3rias que vivi e testemunhei.","potentialAction":[{"@type":"SearchAction","target":{"@type":"EntryPoint","urlTemplate":"https:\/\/gersonguelmann.com.br\/blog\/?s={search_term_string}"},"query-input":{"@type":"PropertyValueSpecification","valueRequired":true,"valueName":"search_term_string"}}],"inLanguage":"pt-BR"},{"@type":"Person","@id":"https:\/\/gersonguelmann.com.br\/blog\/#\/schema\/person\/87e70e2a786888082f941a482c90569e","name":"Gerson Guelmann","image":{"@type":"ImageObject","inLanguage":"pt-BR","@id":"https:\/\/i0.wp.com\/gersonguelmann.com.br\/blog\/wp-content\/uploads\/2021\/08\/BLOG.jpeg?fit=96%2C96&ssl=1","url":"https:\/\/i0.wp.com\/gersonguelmann.com.br\/blog\/wp-content\/uploads\/2021\/08\/BLOG.jpeg?fit=96%2C96&ssl=1","contentUrl":"https:\/\/i0.wp.com\/gersonguelmann.com.br\/blog\/wp-content\/uploads\/2021\/08\/BLOG.jpeg?fit=96%2C96&ssl=1","caption":"Gerson Guelmann"},"description":"Pitadas da sabedoria e do humor judaicos, assuntos do momento e um pouco das hist\u00f3rias que vivi e testemunhei."}]}},"views":110,"jetpack_publicize_connections":[],"jetpack_featured_media_url":"https:\/\/i0.wp.com\/gersonguelmann.com.br\/blog\/wp-content\/uploads\/2025\/05\/HojePR-10.jpg?fit=600%2C400&ssl=1","jetpack_shortlink":"https:\/\/wp.me\/p96e7O-4jI","jetpack-related-posts":[{"id":22844,"url":"https:\/\/gersonguelmann.com.br\/blog\/como-as-criancas-judias-enxergam-suas-maes\/","url_meta":{"origin":16598,"position":0},"title":"Como as Crian\u00e7as Judias Enxergam Suas M\u00e3es","author":"Gerson Guelmann","date":"8 de maio de 2022","format":false,"excerpt":"As crian\u00e7as do 2\u00ba ano do ensino b\u00e1sico de uma escola judaica foram convidadas a responder \u00e0 algumas quest\u00f5es sobre as m\u00e3es. As melhores respostas foram selecionadas: 1. Porque D'us fez as m\u00e3es? A - Ela \u00e9 a \u00fanica que sabe onde est\u00e1 a fita adesiva; B - Principalmente para\u2026","rel":"","context":"Em &quot;Sem categoria&quot;","block_context":{"text":"Sem categoria","link":"https:\/\/gersonguelmann.com.br\/blog\/category\/sem-categoria\/"},"img":{"alt_text":"","src":"https:\/\/i0.wp.com\/gersonguelmann.com.br\/blog\/wp-content\/uploads\/2022\/05\/ESCOLA.jpg?fit=1200%2C900&ssl=1&resize=350%2C200","width":350,"height":200,"srcset":"https:\/\/i0.wp.com\/gersonguelmann.com.br\/blog\/wp-content\/uploads\/2022\/05\/ESCOLA.jpg?fit=1200%2C900&ssl=1&resize=350%2C200 1x, https:\/\/i0.wp.com\/gersonguelmann.com.br\/blog\/wp-content\/uploads\/2022\/05\/ESCOLA.jpg?fit=1200%2C900&ssl=1&resize=525%2C300 1.5x, https:\/\/i0.wp.com\/gersonguelmann.com.br\/blog\/wp-content\/uploads\/2022\/05\/ESCOLA.jpg?fit=1200%2C900&ssl=1&resize=700%2C400 2x, https:\/\/i0.wp.com\/gersonguelmann.com.br\/blog\/wp-content\/uploads\/2022\/05\/ESCOLA.jpg?fit=1200%2C900&ssl=1&resize=1050%2C600 3x"},"classes":[]},{"id":4248,"url":"https:\/\/gersonguelmann.com.br\/blog\/a-que-ponto-chegamos-professora-cmei-ameacava-criancas\/","url_meta":{"origin":16598,"position":1},"title":"A Que Ponto Chegamos: Professora de CMEI Amea\u00e7ava Crian\u00e7as","author":"Gerson Guelmann","date":"9 de novembro de 2017","format":false,"excerpt":"\u00c9 isso mesmo. Em Maring\u00e1 (PR), professora de um Centro\u00a0Municipal de Educa\u00e7\u00e3o Infantil (CMEI) foi afastada de suas fun\u00e7\u00f5es ap\u00f3s den\u00fancias de maus tratos contra crian\u00e7as. Alunos com idades entre 4 e 5 anos relataram aos pais que a professora colocava a cabe\u00e7a das crian\u00e7as dentro do vaso sanit\u00e1rio quando\u2026","rel":"","context":"Em &quot;Sem categoria&quot;","block_context":{"text":"Sem categoria","link":"https:\/\/gersonguelmann.com.br\/blog\/category\/sem-categoria\/"},"img":{"alt_text":"","src":"https:\/\/i0.wp.com\/gersonguelmann.com.br\/blog\/wp-content\/uploads\/2017\/11\/Privada.jpg?resize=350%2C200&ssl=1","width":350,"height":200},"classes":[]},{"id":3912,"url":"https:\/\/gersonguelmann.com.br\/blog\/conheca-david-deutchman-vovo-uti-bebes\/","url_meta":{"origin":16598,"position":2},"title":"Conhe\u00e7a David Deutchman, o Vov\u00f4 da UTI dos Beb\u00eas","author":"Gerson Guelmann","date":"2 de novembro de 2017","format":false,"excerpt":"https:\/\/www.youtube.com\/watch?v=t2oqOdzX85Q&feature=youtu.be David Deutchman de Atlanta (USA), depois de se aposentar como executivo de marketing internacional em 2000, tornou-se professor convidado nas universidades Georgia Tech e Emory. \u00a0 Como isso n\u00e3o preenchia suficientemente seu tempo, um dia, voltando de uma sess\u00e3o de reabilita\u00e7\u00e3o de uma les\u00e3o na perna, ele parou no\u2026","rel":"","context":"Em &quot;Sem categoria&quot;","block_context":{"text":"Sem categoria","link":"https:\/\/gersonguelmann.com.br\/blog\/category\/sem-categoria\/"},"img":{"alt_text":"","src":"https:\/\/i0.wp.com\/gersonguelmann.com.br\/blog\/wp-content\/uploads\/2017\/11\/UTI.png?fit=570%2C646&ssl=1&resize=350%2C200","width":350,"height":200,"srcset":"https:\/\/i0.wp.com\/gersonguelmann.com.br\/blog\/wp-content\/uploads\/2017\/11\/UTI.png?fit=570%2C646&ssl=1&resize=350%2C200 1x, https:\/\/i0.wp.com\/gersonguelmann.com.br\/blog\/wp-content\/uploads\/2017\/11\/UTI.png?fit=570%2C646&ssl=1&resize=525%2C300 1.5x"},"classes":[]},{"id":488,"url":"https:\/\/gersonguelmann.com.br\/blog\/enquanto-isso-no-servico-de-aconselhamento-de-maes-judias\/","url_meta":{"origin":16598,"position":3},"title":"Enquanto Isso, no Servi\u00e7o de Aconselhamento de M\u00e3es Judias&#8230;","author":"Gerson Guelmann","date":"20 de abril de 2022","format":false,"excerpt":"Hoje responderemos a pergunta da pessoa que se identifica como \u201cM\u00e3e Angustiada de Boston\u201d: \u201cMeu filho tem 50 anos e nunca se casou. Ele \u00e9 muito liberal e um m\u00eas atr\u00e1s conheceu uma mulher divorciada com 11 filhos de um casamento anterior. Vejam bem, n\u00e3o estou dizendo que \u00e9 muito,\u2026","rel":"","context":"Em &quot;Sem categoria&quot;","block_context":{"text":"Sem categoria","link":"https:\/\/gersonguelmann.com.br\/blog\/category\/sem-categoria\/"},"img":{"alt_text":"","src":"https:\/\/i0.wp.com\/gersonguelmann.com.br\/blog\/wp-content\/uploads\/2017\/07\/old-worried-woman.jpg?fit=960%2C720&ssl=1&resize=350%2C200","width":350,"height":200,"srcset":"https:\/\/i0.wp.com\/gersonguelmann.com.br\/blog\/wp-content\/uploads\/2017\/07\/old-worried-woman.jpg?fit=960%2C720&ssl=1&resize=350%2C200 1x, https:\/\/i0.wp.com\/gersonguelmann.com.br\/blog\/wp-content\/uploads\/2017\/07\/old-worried-woman.jpg?fit=960%2C720&ssl=1&resize=525%2C300 1.5x, https:\/\/i0.wp.com\/gersonguelmann.com.br\/blog\/wp-content\/uploads\/2017\/07\/old-worried-woman.jpg?fit=960%2C720&ssl=1&resize=700%2C400 2x"},"classes":[]},{"id":3779,"url":"https:\/\/gersonguelmann.com.br\/blog\/as-maes-judias-nao-se-contentam-com-pouco\/","url_meta":{"origin":16598,"position":4},"title":"As M\u00e3es Judias N\u00e3o se Contentam Com Pouco&#8230;","author":"Gerson Guelmann","date":"20 de julho de 2019","format":false,"excerpt":"Nada poderia ser mais t\u00edpico do que a conversa de uma m\u00e3e judia com o filho que acabou de entrar na Faculdade de Medicina: - \"Como assim? O que voc\u00ea quer dizer com isso? Voc\u00ea acha que depois de tudo o que fiz, pedir um Pr\u00eamio Nobel \u00e9 muito?\"","rel":"","context":"Em &quot;Sem categoria&quot;","block_context":{"text":"Sem categoria","link":"https:\/\/gersonguelmann.com.br\/blog\/category\/sem-categoria\/"},"img":{"alt_text":"","src":"https:\/\/i0.wp.com\/gersonguelmann.com.br\/blog\/wp-content\/uploads\/2017\/10\/M%C3%A3e-Nobel.jpg?fit=960%2C640&ssl=1&resize=350%2C200","width":350,"height":200,"srcset":"https:\/\/i0.wp.com\/gersonguelmann.com.br\/blog\/wp-content\/uploads\/2017\/10\/M%C3%A3e-Nobel.jpg?fit=960%2C640&ssl=1&resize=350%2C200 1x, https:\/\/i0.wp.com\/gersonguelmann.com.br\/blog\/wp-content\/uploads\/2017\/10\/M%C3%A3e-Nobel.jpg?fit=960%2C640&ssl=1&resize=525%2C300 1.5x, https:\/\/i0.wp.com\/gersonguelmann.com.br\/blog\/wp-content\/uploads\/2017\/10\/M%C3%A3e-Nobel.jpg?fit=960%2C640&ssl=1&resize=700%2C400 2x"},"classes":[]},{"id":1257,"url":"https:\/\/gersonguelmann.com.br\/blog\/quatro-maes-e-seus-filhos\/","url_meta":{"origin":16598,"position":5},"title":"Quatro M\u00e3es e Seus Filhos","author":"Gerson Guelmann","date":"29 de agosto de 2017","format":false,"excerpt":"Quatro mulheres, antigas colegas de escola, encontram-se depois de muitos anos e conversam sobre os filhos. A primeira, cat\u00f3lica, diz: - \u201cMeu filho \u00e9 Padre. Quando ele entra em uma sala, todos se dirigem a ele como \u2018Prezado Padre John\u2019.\u201d A segunda, tamb\u00e9m cat\u00f3lica, fala: - \u201cMeu filho \u00e9 Bispo.\u2026","rel":"","context":"Em &quot;Sem categoria&quot;","block_context":{"text":"Sem categoria","link":"https:\/\/gersonguelmann.com.br\/blog\/category\/sem-categoria\/"},"img":{"alt_text":"","src":"https:\/\/i0.wp.com\/gersonguelmann.com.br\/blog\/wp-content\/uploads\/2017\/08\/Religioso.jpg?fit=960%2C640&ssl=1&resize=350%2C200","width":350,"height":200,"srcset":"https:\/\/i0.wp.com\/gersonguelmann.com.br\/blog\/wp-content\/uploads\/2017\/08\/Religioso.jpg?fit=960%2C640&ssl=1&resize=350%2C200 1x, https:\/\/i0.wp.com\/gersonguelmann.com.br\/blog\/wp-content\/uploads\/2017\/08\/Religioso.jpg?fit=960%2C640&ssl=1&resize=525%2C300 1.5x, https:\/\/i0.wp.com\/gersonguelmann.com.br\/blog\/wp-content\/uploads\/2017\/08\/Religioso.jpg?fit=960%2C640&ssl=1&resize=700%2C400 2x"},"classes":[]}],"jetpack_sharing_enabled":true,"post_mailing_queue_ids":[],"_links":{"self":[{"href":"https:\/\/gersonguelmann.com.br\/blog\/wp-json\/wp\/v2\/posts\/16598","targetHints":{"allow":["GET"]}}],"collection":[{"href":"https:\/\/gersonguelmann.com.br\/blog\/wp-json\/wp\/v2\/posts"}],"about":[{"href":"https:\/\/gersonguelmann.com.br\/blog\/wp-json\/wp\/v2\/types\/post"}],"author":[{"embeddable":true,"href":"https:\/\/gersonguelmann.com.br\/blog\/wp-json\/wp\/v2\/users\/5"}],"replies":[{"embeddable":true,"href":"https:\/\/gersonguelmann.com.br\/blog\/wp-json\/wp\/v2\/comments?post=16598"}],"version-history":[{"count":0,"href":"https:\/\/gersonguelmann.com.br\/blog\/wp-json\/wp\/v2\/posts\/16598\/revisions"}],"wp:featuredmedia":[{"embeddable":true,"href":"https:\/\/gersonguelmann.com.br\/blog\/wp-json\/wp\/v2\/media\/25281"}],"wp:attachment":[{"href":"https:\/\/gersonguelmann.com.br\/blog\/wp-json\/wp\/v2\/media?parent=16598"}],"wp:term":[{"taxonomy":"category","embeddable":true,"href":"https:\/\/gersonguelmann.com.br\/blog\/wp-json\/wp\/v2\/categories?post=16598"},{"taxonomy":"post_tag","embeddable":true,"href":"https:\/\/gersonguelmann.com.br\/blog\/wp-json\/wp\/v2\/tags?post=16598"}],"curies":[{"name":"wp","href":"https:\/\/api.w.org\/{rel}","templated":true}]}}