    {"id":17327,"date":"2019-07-04T20:27:45","date_gmt":"2019-07-04T23:27:45","guid":{"rendered":"https:\/\/gersonguelmann.com.br\/blog\/?p=17327"},"modified":"2019-07-04T20:28:59","modified_gmt":"2019-07-04T23:28:59","slug":"voce-que-bebe-vinho-entende-de-garrafas-tambem","status":"publish","type":"post","link":"https:\/\/gersonguelmann.com.br\/blog\/voce-que-bebe-vinho-entende-de-garrafas-tambem\/","title":{"rendered":"Voc\u00ea Que Bebe Vinho, Entende de Garrafas Tamb\u00e9m?"},"content":{"rendered":"<p><span style=\"color: #000000; font-family: georgia, palatino, serif; font-size: 18pt;\">H\u00e1 poucos dias recebi texto com a explica\u00e7\u00e3o sobre o fato de a maioria das garrafas serem de 750 ml. <\/span><\/p>\n<p><span style=\"color: #000000; font-family: georgia, palatino, serif; font-size: 18pt;\">O texto era redigido em portugu\u00eas de Portugal e, como de h\u00e1bito, fui em busca da autoria ou do lugar onde foi publicado. N\u00e3o encontrei, mas achei um texto mais completo, que compartilho com os Amigos:<\/span><\/p>\n<p><img decoding=\"async\" class=\"aligncenter\" src=\"https:\/\/blog.grandcru.com.br\/wp-content\/themes\/grandcru\/images\/logo-grand-cru.svg?x36977\" alt=\"Logo Grand Cru\" width=\"333\" height=\"69\" \/><\/p>\n<p class=\"title\"><span style=\"font-size: 24pt; color: #000000;\"><strong>5 fatos que voc\u00ea n\u00e3o sabia sobre garrafas de vinho<\/strong><\/span><\/p>\n<div class=\"margin-bottom-20\"><i class=\"fa fa-calendar icon-calendar\"><\/i>\u00a0<strong>Publicado em 09\/05\/2016<\/strong><\/div>\n<div class=\"body\">\n<p><span style=\"font-size: 18pt;\"><strong><span style=\"color: #000000;\">J\u00e1 se perguntou por que as garrafas de vinho t\u00eam como tamanho padr\u00e3o 750 mL, e n\u00e3o um\u00a0litro? Ou qual a raz\u00e3o dos diferentes formatos (Bordeaux, Borgonha, Als\u00e1cia\u2026)? Entenda essa e outras curiosidades\u00a0sobre os diferentes\u00a0tamanhos de garrafas.<\/span><\/strong><\/span><\/p>\n<p><span style=\"color: #000000; font-size: 14pt;\"><strong>1)\u00a0Por que as garrafas de vinho t\u00eam formatos diferentes?<\/strong><\/span><\/p>\n<p style=\"text-align: center;\"><img data-recalc-dims=\"1\" fetchpriority=\"high\" decoding=\"async\" data-attachment-id=\"17329\" data-permalink=\"https:\/\/gersonguelmann.com.br\/blog\/voce-que-bebe-vinho-entende-de-garrafas-tambem\/1-55\/\" data-orig-file=\"https:\/\/i0.wp.com\/gersonguelmann.com.br\/blog\/wp-content\/uploads\/2019\/07\/1.jpg?fit=625%2C452&amp;ssl=1\" data-orig-size=\"625,452\" data-comments-opened=\"1\" data-image-meta=\"{&quot;aperture&quot;:&quot;0&quot;,&quot;credit&quot;:&quot;&quot;,&quot;camera&quot;:&quot;&quot;,&quot;caption&quot;:&quot;&quot;,&quot;created_timestamp&quot;:&quot;0&quot;,&quot;copyright&quot;:&quot;&quot;,&quot;focal_length&quot;:&quot;0&quot;,&quot;iso&quot;:&quot;0&quot;,&quot;shutter_speed&quot;:&quot;0&quot;,&quot;title&quot;:&quot;&quot;,&quot;orientation&quot;:&quot;0&quot;}\" data-image-title=\"1\" data-image-description=\"\" data-image-caption=\"\" data-medium-file=\"https:\/\/i0.wp.com\/gersonguelmann.com.br\/blog\/wp-content\/uploads\/2019\/07\/1.jpg?fit=300%2C217&amp;ssl=1\" data-large-file=\"https:\/\/i0.wp.com\/gersonguelmann.com.br\/blog\/wp-content\/uploads\/2019\/07\/1.jpg?fit=625%2C452&amp;ssl=1\" class=\"alignnone size-medium wp-image-17329\" src=\"https:\/\/i0.wp.com\/gersonguelmann.com.br\/blog\/wp-content\/uploads\/2019\/07\/1.jpg?resize=300%2C217&#038;ssl=1\" alt=\"\" width=\"300\" height=\"217\" srcset=\"https:\/\/i0.wp.com\/gersonguelmann.com.br\/blog\/wp-content\/uploads\/2019\/07\/1.jpg?resize=300%2C217&amp;ssl=1 300w, https:\/\/i0.wp.com\/gersonguelmann.com.br\/blog\/wp-content\/uploads\/2019\/07\/1.jpg?w=625&amp;ssl=1 625w\" sizes=\"(max-width: 300px) 100vw, 300px\" \/><\/p>\n<p><span style=\"color: #000000; font-size: 14pt;\">O formato das garrafas de vinho pode variar de acordo com a regi\u00e3o ou com a uva \u2013 e existem motivos l\u00f3gicos para cada formato. Entenda a origem de cada formato de garrafa abaixo:<\/span><\/p>\n<h4><span style=\"color: #000000; font-size: 14pt;\"><strong>A) Borgonha<\/strong><\/span><\/h4>\n<p><span style=\"color: #000000; font-size: 14pt;\">A garrafa que tem ombros t\u00eanues e corpo mais largo \u00e9 conhecida por acondicionar Pinots do mundo todo \u2013 e n\u00e3o s\u00f3 na Borgonha. Isso acontece justamente por serem vinhos menos t\u00e2nicos e encorpados, que acumulam menos res\u00edduos s\u00f3lidos com o envelhecimento.<\/span><\/p>\n<h4><span style=\"color: #000000; font-size: 14pt;\"><strong>B) Bordeaux<\/strong><\/span><\/h4>\n<p><span style=\"color: #000000; font-size: 14pt;\">Com ombros mais marcados e corpo reto, a garrafa Bordeaux \u00e9 mais indicada para os vinhos de longa guarda, pois facilita o ac\u00famulo de res\u00edduos s\u00f3lidos na regi\u00e3o do ombro da garrafa. Al\u00e9m disso, ret\u00e9m os res\u00edduos na hora de servir o vinho em ta\u00e7a.<\/span><\/p>\n<h4><span style=\"color: #000000; font-size: 14pt;\"><strong>C) Champagne<\/strong><\/span><\/h4>\n<p><span style=\"color: #000000; font-size: 14pt;\">O formato \u00e9 praticamente o mesmo da garrafa Borgonha, com a diferen\u00e7a que o vidro \u00e9 mais espesso, de modo que seja mais resistente \u00e0 press\u00e3o do g\u00e1s. \u00c9 o formato padr\u00e3o de garrafas de espumante.<\/span><\/p>\n<h4><span style=\"color: #000000; font-size: 14pt;\"><strong>D) Als\u00e1cia<\/strong><\/span><\/h4>\n<p><span style=\"color: #000000; font-size: 14pt;\">Garrafas alongados com ombros muito sutilmente delineados. Al\u00e9m dos vinhos da Als\u00e1cia, \u00e9 comum encontrar Rieslings da Alemanha e de outras partes do mundo com esse formato.<\/span><\/p>\n<h3><span style=\"color: #000000; font-size: 14pt;\"><strong>2) Por que o tamanho padr\u00e3o de garrafas de vinho \u00e9 750 mL, e n\u00e3o um litro?<\/strong><\/span><\/h3>\n<p><span style=\"color: #000000; font-size: 14pt;\">A gigantesca maioria das garrafas de vinho \u00e9\u00a0fabricada no tamanho padr\u00e3o de 750 mL\u00a0\u2013 n\u00e3o nos outros 13 tamanhos existentes. Mas acredite, elas podem variar\u00a0de 187 mL at\u00e9 30 litros.\u00a0Existem muitas lendas sobre o porqu\u00ea do padr\u00e3o ser 750 mL, mas o mais aceito \u00e9 que o tamanho\u00a0foi definido numa \u00e9poca em que os vinhos de Bordeaux eram comercializados pelos ingleses na pr\u00f3pria barrica (ainda n\u00e3o eram vendidos\u00a0na\u00a0garrafa!). Al\u00e9m de\u00a0eles n\u00e3o utilizarem o mesmo sistema m\u00e9trico da Fran\u00e7a (um gal\u00e3o correspondia a 4,5 L), as barricas bordalesas tinham\u00a0desde aquela \u00e9poca 225 litros, o que resulta em um total de 300 garrafas de 750 mL.<\/span><\/p>\n<h3><span style=\"color: #000000; font-size: 14pt;\"><strong>3) Qual a diferen\u00e7a entre garrafas brancas e verdes?<\/strong><\/span><\/h3>\n<p><span style=\"color: #000000; font-size: 14pt;\">Embora \u00a0a maioria das garrafas de vinhos tintos seja verde e as de vinho branco e ros\u00e9 seja transparente, a\u00a0cor pode variar de acordo com as tradi\u00e7\u00f5es de cada regi\u00e3o (as do Reno, regi\u00e3o da Alemanha, por exemplo, s\u00e3o marrons). Mas isso \u00e9 exce\u00e7\u00e3o. Verde porque impede o contato direto da luz com\u00a0o vinho (manter a dist\u00e2ncia da ilumina\u00e7\u00e3o, natural ou\u00a0artificial, \u00e9 um dos princ\u00edpios do bom acondicionamento da bebida se quiser preservar a qualidade dela por anos).\u00a0Os vinhos acondicionados em garrafas transparentes \u2013 brancos e em ros\u00e9s, em sua maioria \u2013 s\u00e3o feitos para consumo r\u00e1pido, por isso a quest\u00e3o do contato com a luz n\u00e3o \u00e9 t\u00e3o relevante. \u00c9 comum encontrar alguns brancos\u00a0em garrafas verdes, e isso pode ser um indicativo\u00a0sobre o potencial de guarda do vinho.<\/span><\/p>\n<h3><span style=\"color: #000000; font-size: 14pt;\"><strong>4)\u00a0Para que serve\u00a0o buraco no fundo das garrafas de vinho?<\/strong><\/span><\/h3>\n<p><span style=\"color: #000000; font-size: 14pt;\">\u00c9\u2026 O buraco no fundo da garrafa, definitivamente, n\u00e3o deveria ser utilizada\u00a0para ajudar na hora de servir o vinho em ta\u00e7a.\u00a0Apesar de\u00a0muitos o utilizarem com essa finalidade, foi criado para ajudar a empilhar as garrafas em um cont\u00eainer e facilitar o transporte da bebida por longas dist\u00e2ncia.<\/span><\/p>\n<h3><span style=\"color: #000000; font-size: 14pt;\"><strong>5) Existem garrafas de 30 litros de vinho? Quais s\u00e3o todos os tamanho de garrafas de vinho?<\/strong><\/span><\/h3>\n<p style=\"text-align: center;\"><img data-recalc-dims=\"1\" decoding=\"async\" data-attachment-id=\"17330\" data-permalink=\"https:\/\/gersonguelmann.com.br\/blog\/voce-que-bebe-vinho-entende-de-garrafas-tambem\/2-44\/\" data-orig-file=\"https:\/\/i0.wp.com\/gersonguelmann.com.br\/blog\/wp-content\/uploads\/2019\/07\/2.jpg?fit=625%2C439&amp;ssl=1\" data-orig-size=\"625,439\" data-comments-opened=\"1\" data-image-meta=\"{&quot;aperture&quot;:&quot;0&quot;,&quot;credit&quot;:&quot;&quot;,&quot;camera&quot;:&quot;&quot;,&quot;caption&quot;:&quot;&quot;,&quot;created_timestamp&quot;:&quot;0&quot;,&quot;copyright&quot;:&quot;&quot;,&quot;focal_length&quot;:&quot;0&quot;,&quot;iso&quot;:&quot;0&quot;,&quot;shutter_speed&quot;:&quot;0&quot;,&quot;title&quot;:&quot;&quot;,&quot;orientation&quot;:&quot;0&quot;}\" data-image-title=\"2\" data-image-description=\"\" data-image-caption=\"\" data-medium-file=\"https:\/\/i0.wp.com\/gersonguelmann.com.br\/blog\/wp-content\/uploads\/2019\/07\/2.jpg?fit=300%2C211&amp;ssl=1\" data-large-file=\"https:\/\/i0.wp.com\/gersonguelmann.com.br\/blog\/wp-content\/uploads\/2019\/07\/2.jpg?fit=625%2C439&amp;ssl=1\" class=\"alignnone size-medium wp-image-17330\" src=\"https:\/\/i0.wp.com\/gersonguelmann.com.br\/blog\/wp-content\/uploads\/2019\/07\/2.jpg?resize=300%2C211&#038;ssl=1\" alt=\"\" width=\"300\" height=\"211\" srcset=\"https:\/\/i0.wp.com\/gersonguelmann.com.br\/blog\/wp-content\/uploads\/2019\/07\/2.jpg?resize=300%2C211&amp;ssl=1 300w, https:\/\/i0.wp.com\/gersonguelmann.com.br\/blog\/wp-content\/uploads\/2019\/07\/2.jpg?w=625&amp;ssl=1 625w\" sizes=\"(max-width: 300px) 100vw, 300px\" \/><\/p>\n<p><span style=\"color: #000000; font-size: 14pt;\">Sim, existem garrafas de vinho com 30 litros de capacidade. E elas s\u00e3o rar\u00edssimas. A maioria das garrafas \u00e9 feita em tamanho de 750 mL. Em outros tamanho, \u00e9 mais comum encontrar 375 mL ou 1,5 L. Os tamanhos\u00a0menores surgiram para\u00a0evitar a oxida\u00e7\u00e3o\u00a0de um vinho para consumidores que\u00a0n\u00e3o v\u00e3o\u00a0acabar com uma garrafa. J\u00e1 as de tamanhos grandes s\u00e3o mais comuns em festas e celebra\u00e7\u00f5es (n\u00e3o \u00e0 toa, \u00e9 mais comum encontrar Champagnes em tamanhos maiores do que vinhos de outras regi\u00f5es).<\/span><\/p>\n<p><span style=\"color: #000000; font-size: 14pt;\">Confira abaixo uma lista com os diferentes tamanhos de garrafas de vinho (e quantas ta\u00e7as de vinho cada garrafa serve!):<\/span><\/p>\n<p><span style=\"color: #000000; font-size: 14pt;\"><strong>Um quarto:<\/strong>\u00a0187 mL (serve 1,25 ta\u00e7a)<\/span><\/p>\n<p><span style=\"color: #000000; font-size: 14pt;\"><strong>Meia garrafa:<\/strong>\u00a0375 mL (serve 2,5 ta\u00e7as)<\/span><\/p>\n<p><span style=\"color: #000000; font-size: 14pt;\"><strong>Sobremesa:<\/strong>\u00a0500 mL (serve 3,3 ta\u00e7as)<\/span><\/p>\n<p><span style=\"color: #000000; font-size: 14pt;\"><strong>Garrafa:<\/strong>\u00a0750 mL (serve 5 ta\u00e7as)<\/span><\/p>\n<p><span style=\"color: #000000; font-size: 14pt;\"><strong>Magnum:<\/strong>\u00a01,5 L (serve 10 ta\u00e7as)<\/span><\/p>\n<p><span style=\"color: #000000; font-size: 14pt;\"><strong>Jeroboam (Jerobo\u00e3o):\u00a0<\/strong>3 L (serve cerca 20\u00a0ta\u00e7as)<\/span><\/p>\n<p><span style=\"color: #000000; font-size: 14pt;\"><strong>R\u00e9hobam (Robo\u00e3o):<\/strong>\u00a04,5 L (serve 30\u00a0ta\u00e7as)<\/span><\/p>\n<p><span style=\"color: #000000; font-size: 14pt;\"><strong>Imperial ou Matusal\u00e9m:<\/strong>\u00a06 L (serve 40\u00a0ta\u00e7as)<\/span><\/p>\n<p><span style=\"color: #000000; font-size: 14pt;\"><strong>Salmanazar ou Mordecai:<\/strong>\u00a09 L (serve 60 ta\u00e7as)<\/span><\/p>\n<p><span style=\"color: #000000; font-size: 14pt;\"><strong>Baltazar:<\/strong>\u00a012 L (serve 80\u00a0ta\u00e7as)<\/span><\/p>\n<p><span style=\"color: #000000; font-size: 14pt;\"><strong>Nebuchodonosur:<\/strong>\u00a016 L (serve 100\u00a0ta\u00e7as)<\/span><\/p>\n<p><span style=\"color: #000000; font-size: 14pt;\"><strong>Melchior:<\/strong>\u00a018 L (serve 120\u00a0ta\u00e7as)<\/span><\/p>\n<p><span style=\"color: #000000; font-size: 14pt;\"><strong>Salom\u00e3o:<\/strong>\u00a020 L (serve 133 ta\u00e7as)<\/span><\/p>\n<p><span style=\"color: #000000; font-size: 14pt;\"><strong>Melquisedeque:<\/strong>\u00a030 L (serve 200 ta\u00e7as)<\/span><\/p>\n<p><span style=\"font-family: georgia, palatino, serif; font-size: 18pt; color: #000000;\">A mat\u00e9ria no site Grand Cru pode ser lida <span style=\"color: #0000ff;\"><a style=\"color: #0000ff;\" href=\"https:\/\/blog.grandcru.com.br\/os-diferentes-tamanhos-de-garrafa\/\"><em><strong>aqui<\/strong><\/em><\/a><\/span>.<\/span><\/p>\n<p style=\"text-align: center;\"><img data-recalc-dims=\"1\" loading=\"lazy\" decoding=\"async\" data-attachment-id=\"17331\" data-permalink=\"https:\/\/gersonguelmann.com.br\/blog\/voce-que-bebe-vinho-entende-de-garrafas-tambem\/wine-bottles\/\" data-orig-file=\"https:\/\/i0.wp.com\/gersonguelmann.com.br\/blog\/wp-content\/uploads\/2019\/07\/wine-bottles.jpg?fit=911%2C1300&amp;ssl=1\" data-orig-size=\"911,1300\" data-comments-opened=\"1\" data-image-meta=\"{&quot;aperture&quot;:&quot;0&quot;,&quot;credit&quot;:&quot;&quot;,&quot;camera&quot;:&quot;&quot;,&quot;caption&quot;:&quot;&quot;,&quot;created_timestamp&quot;:&quot;0&quot;,&quot;copyright&quot;:&quot;&quot;,&quot;focal_length&quot;:&quot;0&quot;,&quot;iso&quot;:&quot;0&quot;,&quot;shutter_speed&quot;:&quot;0&quot;,&quot;title&quot;:&quot;&quot;,&quot;orientation&quot;:&quot;0&quot;}\" data-image-title=\"wine bottles\" data-image-description=\"\" data-image-caption=\"\" data-medium-file=\"https:\/\/i0.wp.com\/gersonguelmann.com.br\/blog\/wp-content\/uploads\/2019\/07\/wine-bottles.jpg?fit=210%2C300&amp;ssl=1\" data-large-file=\"https:\/\/i0.wp.com\/gersonguelmann.com.br\/blog\/wp-content\/uploads\/2019\/07\/wine-bottles.jpg?fit=640%2C913&amp;ssl=1\" class=\"alignnone size-medium wp-image-17331\" src=\"https:\/\/i0.wp.com\/gersonguelmann.com.br\/blog\/wp-content\/uploads\/2019\/07\/wine-bottles.jpg?resize=210%2C300&#038;ssl=1\" alt=\"\" width=\"210\" height=\"300\" srcset=\"https:\/\/i0.wp.com\/gersonguelmann.com.br\/blog\/wp-content\/uploads\/2019\/07\/wine-bottles.jpg?resize=210%2C300&amp;ssl=1 210w, https:\/\/i0.wp.com\/gersonguelmann.com.br\/blog\/wp-content\/uploads\/2019\/07\/wine-bottles.jpg?resize=768%2C1096&amp;ssl=1 768w, https:\/\/i0.wp.com\/gersonguelmann.com.br\/blog\/wp-content\/uploads\/2019\/07\/wine-bottles.jpg?resize=718%2C1024&amp;ssl=1 718w, https:\/\/i0.wp.com\/gersonguelmann.com.br\/blog\/wp-content\/uploads\/2019\/07\/wine-bottles.jpg?w=911&amp;ssl=1 911w\" sizes=\"(max-width: 210px) 100vw, 210px\" \/><\/p>\n<\/div>\n","protected":false},"excerpt":{"rendered":"<p>H\u00e1 poucos dias recebi texto com a explica\u00e7\u00e3o sobre o fato de a maioria das garrafas serem de 750 ml. O texto era redigido em portugu\u00eas de Portugal e, como de h\u00e1bito, fui em busca da autoria ou do lugar onde foi publicado. N\u00e3o encontrei, mas achei um texto mais completo, que compartilho com os [&hellip;]<\/p>\n","protected":false},"author":5,"featured_media":17331,"comment_status":"open","ping_status":"open","sticky":false,"template":"","format":"standard","meta":{"_acf_changed":false,"jetpack_post_was_ever_published":false,"_jetpack_newsletter_access":"","_jetpack_dont_email_post_to_subs":false,"_jetpack_newsletter_tier_id":0,"_jetpack_memberships_contains_paywalled_content":false,"_jetpack_memberships_contains_paid_content":false,"footnotes":"","jetpack_publicize_message":"","jetpack_publicize_feature_enabled":true,"jetpack_social_post_already_shared":true,"jetpack_social_options":{"image_generator_settings":{"template":"highway","default_image_id":0,"font":"","enabled":false},"version":2}},"categories":[1],"tags":[],"class_list":["post-17327","post","type-post","status-publish","format-standard","has-post-thumbnail","hentry","category-sem-categoria"],"acf":[],"yoast_head":"<!-- This site is optimized with the Yoast SEO plugin v27.3 - https:\/\/yoast.com\/product\/yoast-seo-wordpress\/ -->\n<title>Voc\u00ea Que Bebe Vinho, Entende de Garrafas Tamb\u00e9m? | Blog do Guelmann<\/title>\n<meta name=\"robots\" content=\"index, follow, max-snippet:-1, max-image-preview:large, max-video-preview:-1\" \/>\n<link rel=\"canonical\" href=\"https:\/\/gersonguelmann.com.br\/blog\/voce-que-bebe-vinho-entende-de-garrafas-tambem\/\" \/>\n<meta property=\"og:locale\" content=\"pt_BR\" \/>\n<meta property=\"og:type\" content=\"article\" \/>\n<meta property=\"og:title\" content=\"Voc\u00ea Que Bebe Vinho, Entende de Garrafas Tamb\u00e9m? | Blog do Guelmann\" \/>\n<meta property=\"og:description\" content=\"H\u00e1 poucos dias recebi texto com a explica\u00e7\u00e3o sobre o fato de a maioria das garrafas serem de 750 ml. O texto era redigido em portugu\u00eas de Portugal e, como de h\u00e1bito, fui em busca da autoria ou do lugar onde foi publicado. N\u00e3o encontrei, mas achei um texto mais completo, que compartilho com os [&hellip;]\" \/>\n<meta property=\"og:url\" content=\"https:\/\/gersonguelmann.com.br\/blog\/voce-que-bebe-vinho-entende-de-garrafas-tambem\/\" \/>\n<meta property=\"og:site_name\" content=\"Blog do Guelmann\" \/>\n<meta property=\"article:published_time\" content=\"2019-07-04T23:27:45+00:00\" \/>\n<meta property=\"article:modified_time\" content=\"2019-07-04T23:28:59+00:00\" \/>\n<meta property=\"og:image\" content=\"https:\/\/gersonguelmann.com.br\/blog\/wp-content\/uploads\/2019\/07\/wine-bottles.jpg\" \/>\n\t<meta property=\"og:image:width\" content=\"911\" \/>\n\t<meta property=\"og:image:height\" content=\"1300\" \/>\n\t<meta property=\"og:image:type\" content=\"image\/jpeg\" \/>\n<meta name=\"author\" content=\"Gerson Guelmann\" \/>\n<meta name=\"twitter:card\" content=\"summary_large_image\" \/>\n<meta name=\"twitter:label1\" content=\"Escrito por\" \/>\n\t<meta name=\"twitter:data1\" content=\"Gerson Guelmann\" \/>\n\t<meta name=\"twitter:label2\" content=\"Est. tempo de leitura\" \/>\n\t<meta name=\"twitter:data2\" content=\"4 minutos\" \/>\n<script type=\"application\/ld+json\" class=\"yoast-schema-graph\">{\"@context\":\"https:\\\/\\\/schema.org\",\"@graph\":[{\"@type\":\"Article\",\"@id\":\"https:\\\/\\\/gersonguelmann.com.br\\\/blog\\\/voce-que-bebe-vinho-entende-de-garrafas-tambem\\\/#article\",\"isPartOf\":{\"@id\":\"https:\\\/\\\/gersonguelmann.com.br\\\/blog\\\/voce-que-bebe-vinho-entende-de-garrafas-tambem\\\/\"},\"author\":{\"name\":\"Gerson Guelmann\",\"@id\":\"https:\\\/\\\/gersonguelmann.com.br\\\/blog\\\/#\\\/schema\\\/person\\\/87e70e2a786888082f941a482c90569e\"},\"headline\":\"Voc\u00ea Que Bebe Vinho, Entende de Garrafas Tamb\u00e9m?\",\"datePublished\":\"2019-07-04T23:27:45+00:00\",\"dateModified\":\"2019-07-04T23:28:59+00:00\",\"mainEntityOfPage\":{\"@id\":\"https:\\\/\\\/gersonguelmann.com.br\\\/blog\\\/voce-que-bebe-vinho-entende-de-garrafas-tambem\\\/\"},\"wordCount\":901,\"commentCount\":0,\"image\":{\"@id\":\"https:\\\/\\\/gersonguelmann.com.br\\\/blog\\\/voce-que-bebe-vinho-entende-de-garrafas-tambem\\\/#primaryimage\"},\"thumbnailUrl\":\"https:\\\/\\\/i0.wp.com\\\/gersonguelmann.com.br\\\/blog\\\/wp-content\\\/uploads\\\/2019\\\/07\\\/wine-bottles.jpg?fit=911%2C1300&ssl=1\",\"inLanguage\":\"pt-BR\",\"potentialAction\":[{\"@type\":\"CommentAction\",\"name\":\"Comment\",\"target\":[\"https:\\\/\\\/gersonguelmann.com.br\\\/blog\\\/voce-que-bebe-vinho-entende-de-garrafas-tambem\\\/#respond\"]}]},{\"@type\":\"WebPage\",\"@id\":\"https:\\\/\\\/gersonguelmann.com.br\\\/blog\\\/voce-que-bebe-vinho-entende-de-garrafas-tambem\\\/\",\"url\":\"https:\\\/\\\/gersonguelmann.com.br\\\/blog\\\/voce-que-bebe-vinho-entende-de-garrafas-tambem\\\/\",\"name\":\"Voc\u00ea Que Bebe Vinho, Entende de Garrafas Tamb\u00e9m? | Blog do Guelmann\",\"isPartOf\":{\"@id\":\"https:\\\/\\\/gersonguelmann.com.br\\\/blog\\\/#website\"},\"primaryImageOfPage\":{\"@id\":\"https:\\\/\\\/gersonguelmann.com.br\\\/blog\\\/voce-que-bebe-vinho-entende-de-garrafas-tambem\\\/#primaryimage\"},\"image\":{\"@id\":\"https:\\\/\\\/gersonguelmann.com.br\\\/blog\\\/voce-que-bebe-vinho-entende-de-garrafas-tambem\\\/#primaryimage\"},\"thumbnailUrl\":\"https:\\\/\\\/i0.wp.com\\\/gersonguelmann.com.br\\\/blog\\\/wp-content\\\/uploads\\\/2019\\\/07\\\/wine-bottles.jpg?fit=911%2C1300&ssl=1\",\"datePublished\":\"2019-07-04T23:27:45+00:00\",\"dateModified\":\"2019-07-04T23:28:59+00:00\",\"author\":{\"@id\":\"https:\\\/\\\/gersonguelmann.com.br\\\/blog\\\/#\\\/schema\\\/person\\\/87e70e2a786888082f941a482c90569e\"},\"inLanguage\":\"pt-BR\",\"potentialAction\":[{\"@type\":\"ReadAction\",\"target\":[\"https:\\\/\\\/gersonguelmann.com.br\\\/blog\\\/voce-que-bebe-vinho-entende-de-garrafas-tambem\\\/\"]}]},{\"@type\":\"ImageObject\",\"inLanguage\":\"pt-BR\",\"@id\":\"https:\\\/\\\/gersonguelmann.com.br\\\/blog\\\/voce-que-bebe-vinho-entende-de-garrafas-tambem\\\/#primaryimage\",\"url\":\"https:\\\/\\\/i0.wp.com\\\/gersonguelmann.com.br\\\/blog\\\/wp-content\\\/uploads\\\/2019\\\/07\\\/wine-bottles.jpg?fit=911%2C1300&ssl=1\",\"contentUrl\":\"https:\\\/\\\/i0.wp.com\\\/gersonguelmann.com.br\\\/blog\\\/wp-content\\\/uploads\\\/2019\\\/07\\\/wine-bottles.jpg?fit=911%2C1300&ssl=1\",\"width\":911,\"height\":1300},{\"@type\":\"WebSite\",\"@id\":\"https:\\\/\\\/gersonguelmann.com.br\\\/blog\\\/#website\",\"url\":\"https:\\\/\\\/gersonguelmann.com.br\\\/blog\\\/\",\"name\":\"Blog do Guelmann\",\"description\":\"Pitadas da sabedoria e do humor judaicos, assuntos do momento e um pouco das hist\u00f3rias que vivi e testemunhei.\",\"potentialAction\":[{\"@type\":\"SearchAction\",\"target\":{\"@type\":\"EntryPoint\",\"urlTemplate\":\"https:\\\/\\\/gersonguelmann.com.br\\\/blog\\\/?s={search_term_string}\"},\"query-input\":{\"@type\":\"PropertyValueSpecification\",\"valueRequired\":true,\"valueName\":\"search_term_string\"}}],\"inLanguage\":\"pt-BR\"},{\"@type\":\"Person\",\"@id\":\"https:\\\/\\\/gersonguelmann.com.br\\\/blog\\\/#\\\/schema\\\/person\\\/87e70e2a786888082f941a482c90569e\",\"name\":\"Gerson Guelmann\",\"image\":{\"@type\":\"ImageObject\",\"inLanguage\":\"pt-BR\",\"@id\":\"https:\\\/\\\/i0.wp.com\\\/gersonguelmann.com.br\\\/blog\\\/wp-content\\\/uploads\\\/2021\\\/08\\\/BLOG.jpeg?fit=96%2C96&ssl=1\",\"url\":\"https:\\\/\\\/i0.wp.com\\\/gersonguelmann.com.br\\\/blog\\\/wp-content\\\/uploads\\\/2021\\\/08\\\/BLOG.jpeg?fit=96%2C96&ssl=1\",\"contentUrl\":\"https:\\\/\\\/i0.wp.com\\\/gersonguelmann.com.br\\\/blog\\\/wp-content\\\/uploads\\\/2021\\\/08\\\/BLOG.jpeg?fit=96%2C96&ssl=1\",\"caption\":\"Gerson Guelmann\"},\"description\":\"Pitadas da sabedoria e do humor judaicos, assuntos do momento e um pouco das hist\u00f3rias que vivi e testemunhei.\"}]}<\/script>\n<!-- \/ Yoast SEO plugin. -->","yoast_head_json":{"title":"Voc\u00ea Que Bebe Vinho, Entende de Garrafas Tamb\u00e9m? | Blog do Guelmann","robots":{"index":"index","follow":"follow","max-snippet":"max-snippet:-1","max-image-preview":"max-image-preview:large","max-video-preview":"max-video-preview:-1"},"canonical":"https:\/\/gersonguelmann.com.br\/blog\/voce-que-bebe-vinho-entende-de-garrafas-tambem\/","og_locale":"pt_BR","og_type":"article","og_title":"Voc\u00ea Que Bebe Vinho, Entende de Garrafas Tamb\u00e9m? | Blog do Guelmann","og_description":"H\u00e1 poucos dias recebi texto com a explica\u00e7\u00e3o sobre o fato de a maioria das garrafas serem de 750 ml. O texto era redigido em portugu\u00eas de Portugal e, como de h\u00e1bito, fui em busca da autoria ou do lugar onde foi publicado. N\u00e3o encontrei, mas achei um texto mais completo, que compartilho com os [&hellip;]","og_url":"https:\/\/gersonguelmann.com.br\/blog\/voce-que-bebe-vinho-entende-de-garrafas-tambem\/","og_site_name":"Blog do Guelmann","article_published_time":"2019-07-04T23:27:45+00:00","article_modified_time":"2019-07-04T23:28:59+00:00","og_image":[{"width":911,"height":1300,"url":"https:\/\/gersonguelmann.com.br\/blog\/wp-content\/uploads\/2019\/07\/wine-bottles.jpg","type":"image\/jpeg"}],"author":"Gerson Guelmann","twitter_card":"summary_large_image","twitter_misc":{"Escrito por":"Gerson Guelmann","Est. tempo de leitura":"4 minutos"},"schema":{"@context":"https:\/\/schema.org","@graph":[{"@type":"Article","@id":"https:\/\/gersonguelmann.com.br\/blog\/voce-que-bebe-vinho-entende-de-garrafas-tambem\/#article","isPartOf":{"@id":"https:\/\/gersonguelmann.com.br\/blog\/voce-que-bebe-vinho-entende-de-garrafas-tambem\/"},"author":{"name":"Gerson Guelmann","@id":"https:\/\/gersonguelmann.com.br\/blog\/#\/schema\/person\/87e70e2a786888082f941a482c90569e"},"headline":"Voc\u00ea Que Bebe Vinho, Entende de Garrafas Tamb\u00e9m?","datePublished":"2019-07-04T23:27:45+00:00","dateModified":"2019-07-04T23:28:59+00:00","mainEntityOfPage":{"@id":"https:\/\/gersonguelmann.com.br\/blog\/voce-que-bebe-vinho-entende-de-garrafas-tambem\/"},"wordCount":901,"commentCount":0,"image":{"@id":"https:\/\/gersonguelmann.com.br\/blog\/voce-que-bebe-vinho-entende-de-garrafas-tambem\/#primaryimage"},"thumbnailUrl":"https:\/\/i0.wp.com\/gersonguelmann.com.br\/blog\/wp-content\/uploads\/2019\/07\/wine-bottles.jpg?fit=911%2C1300&ssl=1","inLanguage":"pt-BR","potentialAction":[{"@type":"CommentAction","name":"Comment","target":["https:\/\/gersonguelmann.com.br\/blog\/voce-que-bebe-vinho-entende-de-garrafas-tambem\/#respond"]}]},{"@type":"WebPage","@id":"https:\/\/gersonguelmann.com.br\/blog\/voce-que-bebe-vinho-entende-de-garrafas-tambem\/","url":"https:\/\/gersonguelmann.com.br\/blog\/voce-que-bebe-vinho-entende-de-garrafas-tambem\/","name":"Voc\u00ea Que Bebe Vinho, Entende de Garrafas Tamb\u00e9m? | Blog do Guelmann","isPartOf":{"@id":"https:\/\/gersonguelmann.com.br\/blog\/#website"},"primaryImageOfPage":{"@id":"https:\/\/gersonguelmann.com.br\/blog\/voce-que-bebe-vinho-entende-de-garrafas-tambem\/#primaryimage"},"image":{"@id":"https:\/\/gersonguelmann.com.br\/blog\/voce-que-bebe-vinho-entende-de-garrafas-tambem\/#primaryimage"},"thumbnailUrl":"https:\/\/i0.wp.com\/gersonguelmann.com.br\/blog\/wp-content\/uploads\/2019\/07\/wine-bottles.jpg?fit=911%2C1300&ssl=1","datePublished":"2019-07-04T23:27:45+00:00","dateModified":"2019-07-04T23:28:59+00:00","author":{"@id":"https:\/\/gersonguelmann.com.br\/blog\/#\/schema\/person\/87e70e2a786888082f941a482c90569e"},"inLanguage":"pt-BR","potentialAction":[{"@type":"ReadAction","target":["https:\/\/gersonguelmann.com.br\/blog\/voce-que-bebe-vinho-entende-de-garrafas-tambem\/"]}]},{"@type":"ImageObject","inLanguage":"pt-BR","@id":"https:\/\/gersonguelmann.com.br\/blog\/voce-que-bebe-vinho-entende-de-garrafas-tambem\/#primaryimage","url":"https:\/\/i0.wp.com\/gersonguelmann.com.br\/blog\/wp-content\/uploads\/2019\/07\/wine-bottles.jpg?fit=911%2C1300&ssl=1","contentUrl":"https:\/\/i0.wp.com\/gersonguelmann.com.br\/blog\/wp-content\/uploads\/2019\/07\/wine-bottles.jpg?fit=911%2C1300&ssl=1","width":911,"height":1300},{"@type":"WebSite","@id":"https:\/\/gersonguelmann.com.br\/blog\/#website","url":"https:\/\/gersonguelmann.com.br\/blog\/","name":"Blog do Guelmann","description":"Pitadas da sabedoria e do humor judaicos, assuntos do momento e um pouco das hist\u00f3rias que vivi e testemunhei.","potentialAction":[{"@type":"SearchAction","target":{"@type":"EntryPoint","urlTemplate":"https:\/\/gersonguelmann.com.br\/blog\/?s={search_term_string}"},"query-input":{"@type":"PropertyValueSpecification","valueRequired":true,"valueName":"search_term_string"}}],"inLanguage":"pt-BR"},{"@type":"Person","@id":"https:\/\/gersonguelmann.com.br\/blog\/#\/schema\/person\/87e70e2a786888082f941a482c90569e","name":"Gerson Guelmann","image":{"@type":"ImageObject","inLanguage":"pt-BR","@id":"https:\/\/i0.wp.com\/gersonguelmann.com.br\/blog\/wp-content\/uploads\/2021\/08\/BLOG.jpeg?fit=96%2C96&ssl=1","url":"https:\/\/i0.wp.com\/gersonguelmann.com.br\/blog\/wp-content\/uploads\/2021\/08\/BLOG.jpeg?fit=96%2C96&ssl=1","contentUrl":"https:\/\/i0.wp.com\/gersonguelmann.com.br\/blog\/wp-content\/uploads\/2021\/08\/BLOG.jpeg?fit=96%2C96&ssl=1","caption":"Gerson Guelmann"},"description":"Pitadas da sabedoria e do humor judaicos, assuntos do momento e um pouco das hist\u00f3rias que vivi e testemunhei."}]}},"views":49,"jetpack_publicize_connections":[],"jetpack_featured_media_url":"https:\/\/i0.wp.com\/gersonguelmann.com.br\/blog\/wp-content\/uploads\/2019\/07\/wine-bottles.jpg?fit=911%2C1300&ssl=1","jetpack_shortlink":"https:\/\/wp.me\/p96e7O-4vt","jetpack-related-posts":[{"id":14789,"url":"https:\/\/gersonguelmann.com.br\/blog\/o-melhor-espumante-da-america-latina-e-brasileiro\/","url_meta":{"origin":17327,"position":0},"title":"O Melhor Espumante da Am\u00e9rica Latina \u00e9 Brasileiro","author":"Gerson Guelmann","date":"19 de outubro de 2018","format":false,"excerpt":"A not\u00edcia \u00e9 de tr\u00eas meses atr\u00e1s, mas vale publicar. Saiu no G1\/Economia em 10\/7\/2018: Concurso mais importante da Am\u00e9rica Latina premia espumante brasileiro Refer\u00eancia dos vinhos da Am\u00e9rica Latina no mundo, o concurso premiou amostras de vinhos tintos e brancos, espumantes, destilados e piscos. Por France Presse 10\/07\/2018 11h54\u00a0\u00a0Atualizado\u2026","rel":"","context":"Em &quot;Sem categoria&quot;","block_context":{"text":"Sem categoria","link":"https:\/\/gersonguelmann.com.br\/blog\/category\/sem-categoria\/"},"img":{"alt_text":"","src":"https:\/\/i0.wp.com\/gersonguelmann.com.br\/blog\/wp-content\/uploads\/2018\/10\/Garibaldi.jpg?fit=1000%2C1000&ssl=1&resize=350%2C200","width":350,"height":200,"srcset":"https:\/\/i0.wp.com\/gersonguelmann.com.br\/blog\/wp-content\/uploads\/2018\/10\/Garibaldi.jpg?fit=1000%2C1000&ssl=1&resize=350%2C200 1x, https:\/\/i0.wp.com\/gersonguelmann.com.br\/blog\/wp-content\/uploads\/2018\/10\/Garibaldi.jpg?fit=1000%2C1000&ssl=1&resize=525%2C300 1.5x, https:\/\/i0.wp.com\/gersonguelmann.com.br\/blog\/wp-content\/uploads\/2018\/10\/Garibaldi.jpg?fit=1000%2C1000&ssl=1&resize=700%2C400 2x"},"classes":[]},{"id":10198,"url":"https:\/\/gersonguelmann.com.br\/blog\/a-cerveja-causa-de-briga-familiar\/","url_meta":{"origin":17327,"position":1},"title":"A Cerveja, Causa de Briga Familiar","author":"Gerson Guelmann","date":"16 de mar\u00e7o de 2018","format":false,"excerpt":"Um b\u00eabado acordou uma manh\u00e3 profundamente arrependido depois de uma briga feia com a esposa na noite anterior. Chegando na cozinha notou com consterna\u00e7\u00e3o as garrafas vazias de cerveja que causaram a discuss\u00e3o. Arrependido com o que tinha feito, pegou as garrafas e come\u00e7ou a jog\u00e1-las na parede. Atirou a\u2026","rel":"","context":"Em &quot;Sem categoria&quot;","block_context":{"text":"Sem categoria","link":"https:\/\/gersonguelmann.com.br\/blog\/category\/sem-categoria\/"},"img":{"alt_text":"","src":"https:\/\/i0.wp.com\/gersonguelmann.com.br\/blog\/wp-content\/uploads\/2018\/03\/Cerveja.jpg?fit=1200%2C900&ssl=1&resize=350%2C200","width":350,"height":200,"srcset":"https:\/\/i0.wp.com\/gersonguelmann.com.br\/blog\/wp-content\/uploads\/2018\/03\/Cerveja.jpg?fit=1200%2C900&ssl=1&resize=350%2C200 1x, https:\/\/i0.wp.com\/gersonguelmann.com.br\/blog\/wp-content\/uploads\/2018\/03\/Cerveja.jpg?fit=1200%2C900&ssl=1&resize=525%2C300 1.5x, https:\/\/i0.wp.com\/gersonguelmann.com.br\/blog\/wp-content\/uploads\/2018\/03\/Cerveja.jpg?fit=1200%2C900&ssl=1&resize=700%2C400 2x, https:\/\/i0.wp.com\/gersonguelmann.com.br\/blog\/wp-content\/uploads\/2018\/03\/Cerveja.jpg?fit=1200%2C900&ssl=1&resize=1050%2C600 3x"},"classes":[]},{"id":16462,"url":"https:\/\/gersonguelmann.com.br\/blog\/sabe-onde-tem-lagosta-no-cardapio-no-stf\/","url_meta":{"origin":17327,"position":2},"title":"Sabe Onde Tem Lagosta no Card\u00e1pio? No STF.","author":"Gerson Guelmann","date":"26 de abril de 2019","format":false,"excerpt":"O t\u00edtulo da postagem n\u00e3o faz justi\u00e7a \u00e0 reportagem publicada hoje pelo site Terra. Digo isso porque na realidade tem lagosta e muito mais. Voc\u00ea ler\u00e1 na mat\u00e9ria o que est\u00e1 previsto no preg\u00e3o eletr\u00f4nico que nossa mais alta c\u00f4rte est\u00e1 divulgando e de quebra saber\u00e1 como foi a reforma\u2026","rel":"","context":"Em &quot;Sem categoria&quot;","block_context":{"text":"Sem categoria","link":"https:\/\/gersonguelmann.com.br\/blog\/category\/sem-categoria\/"},"img":{"alt_text":"","src":"https:\/\/i0.wp.com\/gersonguelmann.com.br\/blog\/wp-content\/uploads\/2019\/04\/Banquete.jpg?fit=960%2C355&ssl=1&resize=350%2C200","width":350,"height":200,"srcset":"https:\/\/i0.wp.com\/gersonguelmann.com.br\/blog\/wp-content\/uploads\/2019\/04\/Banquete.jpg?fit=960%2C355&ssl=1&resize=350%2C200 1x, https:\/\/i0.wp.com\/gersonguelmann.com.br\/blog\/wp-content\/uploads\/2019\/04\/Banquete.jpg?fit=960%2C355&ssl=1&resize=525%2C300 1.5x, https:\/\/i0.wp.com\/gersonguelmann.com.br\/blog\/wp-content\/uploads\/2019\/04\/Banquete.jpg?fit=960%2C355&ssl=1&resize=700%2C400 2x"},"classes":[]},{"id":18527,"url":"https:\/\/gersonguelmann.com.br\/blog\/mais-um-texto-do-verissimo-que-nao-e-do-verissimo\/","url_meta":{"origin":17327,"position":3},"title":"Mais Um Texto do Ver\u00edssimo Que N\u00e3o \u00e9 do Ver\u00edssimo","author":"Gerson Guelmann","date":"19 de setembro de 2019","format":false,"excerpt":"Provavelmente Luis Fernando Ver\u00edssimo e Clarice Lispector s\u00e3o os escritores brasileiros aos quais mais s\u00e3o atribu\u00eddos textos falsos nas correntes que circulam na web. No caso de Ver\u00edssimo ele mesmo acaba fazendo o desmentido, mas quando a autoria \u00e9 dada como sendo de Clarice Lispector, s\u00f3 mesmo os estudiosos da\u2026","rel":"","context":"Em &quot;Sem categoria&quot;","block_context":{"text":"Sem categoria","link":"https:\/\/gersonguelmann.com.br\/blog\/category\/sem-categoria\/"},"img":{"alt_text":"","src":"https:\/\/i0.wp.com\/gersonguelmann.com.br\/blog\/wp-content\/uploads\/2019\/09\/Vinho.jpg?fit=960%2C640&ssl=1&resize=350%2C200","width":350,"height":200,"srcset":"https:\/\/i0.wp.com\/gersonguelmann.com.br\/blog\/wp-content\/uploads\/2019\/09\/Vinho.jpg?fit=960%2C640&ssl=1&resize=350%2C200 1x, https:\/\/i0.wp.com\/gersonguelmann.com.br\/blog\/wp-content\/uploads\/2019\/09\/Vinho.jpg?fit=960%2C640&ssl=1&resize=525%2C300 1.5x, https:\/\/i0.wp.com\/gersonguelmann.com.br\/blog\/wp-content\/uploads\/2019\/09\/Vinho.jpg?fit=960%2C640&ssl=1&resize=700%2C400 2x"},"classes":[]},{"id":14099,"url":"https:\/\/gersonguelmann.com.br\/blog\/para-quem-gosta-e-entende-de-vinho-e-para-quem-bebe-mesmo-sem-entender\/","url_meta":{"origin":17327,"position":4},"title":"Para Quem Gosta e Entende de Vinho. E Para Quem Bebe, Mesmo Sem Entender","author":"Gerson Guelmann","date":"15 de setembro de 2025","format":false,"excerpt":"Recuperei um artigo interessante que reproduzi no meu blog h\u00e1 alguns anos, destinado aos apreciadores de vinhos. Ele serve tanto aos que n\u00e3o passariam vergonha em uma degusta\u00e7\u00e3o \u00e0s cegas quanto aos que gostam e usufruem da bebida mesmo sem reunir muito conhecimento \u2014 aqueles que nunca se debru\u00e7aram sobre\u2026","rel":"","context":"Em &quot;Sem categoria&quot;","block_context":{"text":"Sem categoria","link":"https:\/\/gersonguelmann.com.br\/blog\/category\/sem-categoria\/"},"img":{"alt_text":"","src":"https:\/\/i0.wp.com\/gersonguelmann.com.br\/blog\/wp-content\/uploads\/2025\/09\/HojePR-7-scaled.jpg?fit=1200%2C800&ssl=1&resize=350%2C200","width":350,"height":200,"srcset":"https:\/\/i0.wp.com\/gersonguelmann.com.br\/blog\/wp-content\/uploads\/2025\/09\/HojePR-7-scaled.jpg?fit=1200%2C800&ssl=1&resize=350%2C200 1x, https:\/\/i0.wp.com\/gersonguelmann.com.br\/blog\/wp-content\/uploads\/2025\/09\/HojePR-7-scaled.jpg?fit=1200%2C800&ssl=1&resize=525%2C300 1.5x, https:\/\/i0.wp.com\/gersonguelmann.com.br\/blog\/wp-content\/uploads\/2025\/09\/HojePR-7-scaled.jpg?fit=1200%2C800&ssl=1&resize=700%2C400 2x, https:\/\/i0.wp.com\/gersonguelmann.com.br\/blog\/wp-content\/uploads\/2025\/09\/HojePR-7-scaled.jpg?fit=1200%2C800&ssl=1&resize=1050%2C600 3x"},"classes":[]},{"id":19048,"url":"https:\/\/gersonguelmann.com.br\/blog\/para-fazer-os-apreciadores-de-heineken-chorar\/","url_meta":{"origin":17327,"position":5},"title":"Para Fazer os Apreciadores de Heineken Chorar","author":"Gerson Guelmann","date":"1 de novembro de 2019","format":false,"excerpt":"Um v\u00eddeo muito interessante que recebi hoje mostra parte do processo de produ\u00e7\u00e3o da cerveja Heineken em uma unidade em Amsterdam (presumivelmente a matriz da empresa). O foco do v\u00eddeo \u00e9 a fabrica\u00e7\u00e3o das garrafas long neck, o envazamento e o controle de qualidade da impress\u00e3o do r\u00f3tulo, tudo feito\u2026","rel":"","context":"Em &quot;Sem categoria&quot;","block_context":{"text":"Sem categoria","link":"https:\/\/gersonguelmann.com.br\/blog\/category\/sem-categoria\/"},"img":{"alt_text":"","src":"https:\/\/i0.wp.com\/gersonguelmann.com.br\/blog\/wp-content\/uploads\/2019\/11\/Heineken.jpeg?fit=1200%2C800&ssl=1&resize=350%2C200","width":350,"height":200,"srcset":"https:\/\/i0.wp.com\/gersonguelmann.com.br\/blog\/wp-content\/uploads\/2019\/11\/Heineken.jpeg?fit=1200%2C800&ssl=1&resize=350%2C200 1x, https:\/\/i0.wp.com\/gersonguelmann.com.br\/blog\/wp-content\/uploads\/2019\/11\/Heineken.jpeg?fit=1200%2C800&ssl=1&resize=525%2C300 1.5x, https:\/\/i0.wp.com\/gersonguelmann.com.br\/blog\/wp-content\/uploads\/2019\/11\/Heineken.jpeg?fit=1200%2C800&ssl=1&resize=700%2C400 2x, https:\/\/i0.wp.com\/gersonguelmann.com.br\/blog\/wp-content\/uploads\/2019\/11\/Heineken.jpeg?fit=1200%2C800&ssl=1&resize=1050%2C600 3x"},"classes":[]}],"jetpack_sharing_enabled":true,"post_mailing_queue_ids":[],"_links":{"self":[{"href":"https:\/\/gersonguelmann.com.br\/blog\/wp-json\/wp\/v2\/posts\/17327","targetHints":{"allow":["GET"]}}],"collection":[{"href":"https:\/\/gersonguelmann.com.br\/blog\/wp-json\/wp\/v2\/posts"}],"about":[{"href":"https:\/\/gersonguelmann.com.br\/blog\/wp-json\/wp\/v2\/types\/post"}],"author":[{"embeddable":true,"href":"https:\/\/gersonguelmann.com.br\/blog\/wp-json\/wp\/v2\/users\/5"}],"replies":[{"embeddable":true,"href":"https:\/\/gersonguelmann.com.br\/blog\/wp-json\/wp\/v2\/comments?post=17327"}],"version-history":[{"count":0,"href":"https:\/\/gersonguelmann.com.br\/blog\/wp-json\/wp\/v2\/posts\/17327\/revisions"}],"wp:featuredmedia":[{"embeddable":true,"href":"https:\/\/gersonguelmann.com.br\/blog\/wp-json\/wp\/v2\/media\/17331"}],"wp:attachment":[{"href":"https:\/\/gersonguelmann.com.br\/blog\/wp-json\/wp\/v2\/media?parent=17327"}],"wp:term":[{"taxonomy":"category","embeddable":true,"href":"https:\/\/gersonguelmann.com.br\/blog\/wp-json\/wp\/v2\/categories?post=17327"},{"taxonomy":"post_tag","embeddable":true,"href":"https:\/\/gersonguelmann.com.br\/blog\/wp-json\/wp\/v2\/tags?post=17327"}],"curies":[{"name":"wp","href":"https:\/\/api.w.org\/{rel}","templated":true}]}}